{"id":293804,"date":"2023-12-23T16:20:41","date_gmt":"2023-12-23T12:20:41","guid":{"rendered":"https:\/\/www.meydan.tv\/?p=293804"},"modified":"2023-12-24T18:44:50","modified_gmt":"2023-12-24T14:44:50","slug":"nergiz-mukafati-jurnalist-sevinc-vaqifqizina-verildi","status":"publish","type":"post","link":"https:\/\/www.meydan.tv\/az\/article\/nergiz-mukafati-jurnalist-sevinc-vaqifqizina-verildi\/","title":{"rendered":"\u201dN\u0259rgiz\u201d m\u00fckafat\u0131 jurnalist Sevinc Vaqifq\u0131z\u0131na verildi"},"content":{"rendered":"\n<figure class=\"wp-block-embed is-type-video is-provider-youtube wp-block-embed-youtube wp-embed-aspect-16-9 wp-has-aspect-ratio\"><div class=\"wp-block-embed__wrapper\">\n<iframe title=\"H\u0259bsd\u0259 olan ba\u015f redaktor Sevinc Vaqifq\u0131z\u0131 m\u00fckafata layiq g\u00f6r\u00fcl\u00fcb\" width=\"1200\" height=\"675\" data-src=\"https:\/\/www.youtube.com\/embed\/NyyrwBS4feE?feature=oembed\" frameborder=\"0\" allow=\"accelerometer; autoplay; clipboard-write; encrypted-media; gyroscope; picture-in-picture; web-share\" allowfullscreen src=\"data:image\/svg+xml;base64,PHN2ZyB3aWR0aD0iMSIgaGVpZ2h0PSIxIiB4bWxucz0iaHR0cDovL3d3dy53My5vcmcvMjAwMC9zdmciPjwvc3ZnPg==\" class=\"lazyload\" data-load-mode=\"1\"><\/iframe>\n<\/div><\/figure>\n\n\n\n<p><em><strong>M\u00fckafat jurnalistin anas\u0131na t\u0259qdim olundu<\/strong><\/em><\/p>\n\n\n\n<p>M\u0259rhum ictimai f\u0259al N\u0259rgiz Yaqublunun ad\u0131na t\u0259sis edil\u0259n m\u00fckafat 2023-c\u00fc ild\u0259 jurnalist Sevinc Vaqifq\u0131z\u0131na (Abbasova) verilib.<\/p>\n\n\n\n<p>&nbsp;Haz\u0131rda h\u0259bsd\u0259 olan jurnalist Sevinc Vaqifq\u0131z\u0131 \u201cAbzasMedia\u201dn\u0131n ba\u015f redaktorudur. O, qa\u00e7aqmal\u00e7\u0131l\u0131qda ittiham edilir. \u00d6z\u00fc is\u0259 h\u0259bsinin s\u0131rf korrupsiya ara\u015fd\u0131rmalar\u0131 il\u0259 ba\u011fl\u0131 oldu\u011funu bildirib. \u0130ttiham olundu\u011fu madd\u0259 il\u0259 o, 5 ild\u0259n 8 il\u0259d\u0259k azadl\u0131qdan m\u0259hrum edil\u0259 bil\u0259r.<\/p>\n\n\n\n<p>&nbsp;M\u00fckafat\u0131n Sevinc Vaqifq\u0131z\u0131na verilm\u0259si bu g\u00fcn, dekabr\u0131n 23-d\u0259 M\u00fcsavat Partiyas\u0131n\u0131n q\u0259rargah\u0131nda ke\u00e7iril\u0259n m\u0259rasimd\u0259 a\u00e7\u0131qlan\u0131b. M\u00fckafat Sevinc Vaqifq\u0131z\u0131n\u0131n anas\u0131na t\u0259qdim edilib.<\/p>\n\n\n\n<p>&nbsp; \u201cN\u0259rgiz\u201d m\u00fckafat\u0131 2015-ci ild\u0259 hepatit x\u0259st\u0259liyind\u0259n v\u0259fat etmi\u015f g\u0259nc ictimai f\u0259al N\u0259rgiz Yaqublunun xatir\u0259sin\u0259 t\u0259sis edilib.<\/p>\n\n\n\n<p>M\u00fckafat 2016-c\u0131 ild\u0259n b\u0259ri h\u0259bsd\u0259 olan bir s\u0131ra ictimai f\u0259ala verilib.<\/p>\n\n\n\n<p>&nbsp;\u201cAbzasMedia\u201d il\u0259 ba\u011fl\u0131 cinay\u0259t i\u015fi \u00fczr\u0259 \u00f6nc\u0259 noyabr\u0131n 20-d\u0259 s\u0259h\u0259r saat 5 rad\u0259l\u0259rind\u0259 n\u0259\u015frin direktoru \u00dclvi H\u0259s\u0259nli saxlan\u0131l\u0131b. H\u0259min g\u00fcn onun evind\u0259 v\u0259 \u201cAbzasMedia\u201d-n\u0131n ofisind\u0259 axtar\u0131\u015flar apar\u0131l\u0131b v\u0259 ofisd\u0259n 40 min avro pul tap\u0131ld\u0131\u011f\u0131 iddia edilib. Ard\u0131ndan noyabr\u0131n 20-d\u0259 direktor m\u00fcavini M\u0259h\u0259mm\u0259d Kekalov, 21-n\u0259 ke\u00e7\u0259n gec\u0259 xaricd\u0259n qay\u0131danda hava liman\u0131nda t\u0259yyar\u0259nin i\u00e7ind\u0259 Sevinc Vaqifq\u0131z\u0131 saxlan\u0131l\u0131b. Bir m\u00fcdd\u0259t sonra jurnalist N\u0259rgiz Absalamova, ard\u0131nca da dekabr\u0131n 13-d\u0259 Hafiz Babal\u0131 tutulub. Onlar\u0131n ham\u0131s\u0131na Cinay\u0259t M\u0259c\u0259ll\u0259sinin 206.3.2 (\u00f6nc\u0259d\u0259n \u0259lbir bir qrup \u015f\u0259xs t\u0259r\u0259find\u0259n qa\u00e7aqmal\u00e7\u0131l\u0131q) madd\u0259si il\u0259 ittiham verilib. Bu madd\u0259nin sanksiyas\u0131nda 5 ild\u0259n 8 il\u0259d\u0259k h\u0259bs c\u0259zas\u0131 n\u0259z\u0259rd\u0259 tutulub. Adlar\u0131 \u00e7\u0259kil\u0259n \u015f\u0259xsl\u0259rin he\u00e7 biri \u00f6z\u00fcn\u00fc t\u0259qsirli bilmir. \u00dclvi H\u0259s\u0259nli \u201cAbzasMedia\u201d-n\u0131n ofisind\u0259 pul olmad\u0131\u011f\u0131n\u0131, oradan tap\u0131ld\u0131\u011f\u0131 iddia ed\u0259n 40 min avronu polisl\u0259rin \u00f6zl\u0259rinin oraya atd\u0131\u011f\u0131n\u0131 b\u0259yan edib.<\/p>\n","protected":false},"excerpt":{"rendered":"<p>M\u00fckafat jurnalistin anas\u0131na t\u0259qdim olundu M\u0259rhum ictimai f\u0259al N\u0259rgiz Yaqublunun &#8230; <\/p>\n<p class=\"read-more-container\"><a title=\"\u201dN\u0259rgiz\u201d m\u00fckafat\u0131 jurnalist Sevinc Vaqifq\u0131z\u0131na verildi\" class=\"read-more button\" href=\"https:\/\/www.meydan.tv\/az\/article\/nergiz-mukafati-jurnalist-sevinc-vaqifqizina-verildi\/#more-293804\" aria-label=\"Read more about \u201dN\u0259rgiz\u201d m\u00fckafat\u0131 jurnalist Sevinc Vaqifq\u0131z\u0131na verildi\">Davam\u0131<\/a><\/p>\n","protected":false},"author":13,"featured_media":293805,"comment_status":"closed","ping_status":"closed","sticky":false,"template":"","format":"standard","meta":{"_acf_changed":false,"_sitemap_exclude":false,"_sitemap_priority":"","_sitemap_frequency":"","footnotes":""},"categories":[59,79,63,56],"tags":[],"class_list":["post-293804","post","type-post","status-publish","format-standard","has-post-thumbnail","hentry","category-siyaset","category-featured","category-video-2","category-xeberler","infinite-scroll-item","generate-columns","tablet-grid-50","mobile-grid-100","grid-parent","grid-33","no-featured-image-padding"],"acf":[],"yoast_head":"<!-- This site is optimized with the Yoast SEO plugin v27.4 - https:\/\/yoast.com\/product\/yoast-seo-wordpress\/ -->\n<title>\u201dN\u0259rgiz\u201d m\u00fckafat\u0131 jurnalist Sevinc Vaqifq\u0131z\u0131na verildi - MEYDAN.TV<\/title>\n<meta name=\"robots\" content=\"index, follow, max-snippet:-1, max-image-preview:large, max-video-preview:-1\" \/>\n<link rel=\"canonical\" href=\"https:\/\/www.meydan.tv\/az\/article\/nergiz-mukafati-jurnalist-sevinc-vaqifqizina-verildi\/\" \/>\n<meta property=\"og:locale\" content=\"az_AZ\" \/>\n<meta property=\"og:type\" content=\"article\" \/>\n<meta property=\"og:title\" content=\"\u201dN\u0259rgiz\u201d m\u00fckafat\u0131 jurnalist Sevinc Vaqifq\u0131z\u0131na verildi - MEYDAN.TV\" \/>\n<meta property=\"og:description\" content=\"M\u00fckafat jurnalistin anas\u0131na t\u0259qdim olundu M\u0259rhum ictimai f\u0259al N\u0259rgiz Yaqublunun ... Davam\u0131\" \/>\n<meta property=\"og:url\" content=\"https:\/\/www.meydan.tv\/az\/article\/nergiz-mukafati-jurnalist-sevinc-vaqifqizina-verildi\/\" \/>\n<meta property=\"og:site_name\" content=\"MEYDAN.TV\" \/>\n<meta property=\"article:published_time\" content=\"2023-12-23T12:20:41+00:00\" \/>\n<meta property=\"article:modified_time\" content=\"2023-12-24T14:44:50+00:00\" \/>\n<meta property=\"og:image\" content=\"https:\/\/www.meydan.tv\/wp-content\/uploads\/img_5361.jpg\" \/>\n\t<meta property=\"og:image:width\" content=\"2048\" \/>\n\t<meta property=\"og:image:height\" content=\"1536\" \/>\n\t<meta property=\"og:image:type\" content=\"image\/jpeg\" \/>\n<meta name=\"author\" content=\"meri\" \/>\n<meta name=\"twitter:card\" content=\"summary_large_image\" \/>\n<script type=\"application\/ld+json\" class=\"yoast-schema-graph\">{\"@context\":\"https:\\\/\\\/schema.org\",\"@graph\":[{\"@type\":\"Article\",\"@id\":\"https:\\\/\\\/www.meydan.tv\\\/az\\\/article\\\/nergiz-mukafati-jurnalist-sevinc-vaqifqizina-verildi\\\/#article\",\"isPartOf\":{\"@id\":\"https:\\\/\\\/www.meydan.tv\\\/az\\\/article\\\/nergiz-mukafati-jurnalist-sevinc-vaqifqizina-verildi\\\/\"},\"author\":{\"name\":\"meri\",\"@id\":\"https:\\\/\\\/www.meydan.tv\\\/az\\\/#\\\/schema\\\/person\\\/f5399057f0b7fa223fa6c9b7c3321968\"},\"headline\":\"\u201dN\u0259rgiz\u201d m\u00fckafat\u0131 jurnalist Sevinc Vaqifq\u0131z\u0131na verildi\",\"datePublished\":\"2023-12-23T12:20:41+00:00\",\"dateModified\":\"2023-12-24T14:44:50+00:00\",\"mainEntityOfPage\":{\"@id\":\"https:\\\/\\\/www.meydan.tv\\\/az\\\/article\\\/nergiz-mukafati-jurnalist-sevinc-vaqifqizina-verildi\\\/\"},\"wordCount\":393,\"publisher\":{\"@id\":\"https:\\\/\\\/www.meydan.tv\\\/az\\\/#organization\"},\"image\":{\"@id\":\"https:\\\/\\\/www.meydan.tv\\\/az\\\/article\\\/nergiz-mukafati-jurnalist-sevinc-vaqifqizina-verildi\\\/#primaryimage\"},\"thumbnailUrl\":\"https:\\\/\\\/www.meydan.tv\\\/wp-content\\\/uploads\\\/img_5361.jpg\",\"articleSection\":[\"Siyas\u0259t\",\"T\u00f6vsiy\u0259\",\"Video\",\"X\u0259b\u0259rl\u0259r\"],\"inLanguage\":\"az\"},{\"@type\":\"WebPage\",\"@id\":\"https:\\\/\\\/www.meydan.tv\\\/az\\\/article\\\/nergiz-mukafati-jurnalist-sevinc-vaqifqizina-verildi\\\/\",\"url\":\"https:\\\/\\\/www.meydan.tv\\\/az\\\/article\\\/nergiz-mukafati-jurnalist-sevinc-vaqifqizina-verildi\\\/\",\"name\":\"\u201dN\u0259rgiz\u201d m\u00fckafat\u0131 jurnalist Sevinc Vaqifq\u0131z\u0131na verildi - MEYDAN.TV\",\"isPartOf\":{\"@id\":\"https:\\\/\\\/www.meydan.tv\\\/az\\\/#website\"},\"primaryImageOfPage\":{\"@id\":\"https:\\\/\\\/www.meydan.tv\\\/az\\\/article\\\/nergiz-mukafati-jurnalist-sevinc-vaqifqizina-verildi\\\/#primaryimage\"},\"image\":{\"@id\":\"https:\\\/\\\/www.meydan.tv\\\/az\\\/article\\\/nergiz-mukafati-jurnalist-sevinc-vaqifqizina-verildi\\\/#primaryimage\"},\"thumbnailUrl\":\"https:\\\/\\\/www.meydan.tv\\\/wp-content\\\/uploads\\\/img_5361.jpg\",\"datePublished\":\"2023-12-23T12:20:41+00:00\",\"dateModified\":\"2023-12-24T14:44:50+00:00\",\"breadcrumb\":{\"@id\":\"https:\\\/\\\/www.meydan.tv\\\/az\\\/article\\\/nergiz-mukafati-jurnalist-sevinc-vaqifqizina-verildi\\\/#breadcrumb\"},\"inLanguage\":\"az\",\"potentialAction\":[{\"@type\":\"ReadAction\",\"target\":[\"https:\\\/\\\/www.meydan.tv\\\/az\\\/article\\\/nergiz-mukafati-jurnalist-sevinc-vaqifqizina-verildi\\\/\"]}]},{\"@type\":\"ImageObject\",\"inLanguage\":\"az\",\"@id\":\"https:\\\/\\\/www.meydan.tv\\\/az\\\/article\\\/nergiz-mukafati-jurnalist-sevinc-vaqifqizina-verildi\\\/#primaryimage\",\"url\":\"https:\\\/\\\/www.meydan.tv\\\/wp-content\\\/uploads\\\/img_5361.jpg\",\"contentUrl\":\"https:\\\/\\\/www.meydan.tv\\\/wp-content\\\/uploads\\\/img_5361.jpg\",\"width\":2048,\"height\":1536,\"caption\":\"Foto: Nigar H\u0259zinindi\"},{\"@type\":\"BreadcrumbList\",\"@id\":\"https:\\\/\\\/www.meydan.tv\\\/az\\\/article\\\/nergiz-mukafati-jurnalist-sevinc-vaqifqizina-verildi\\\/#breadcrumb\",\"itemListElement\":[{\"@type\":\"ListItem\",\"position\":1,\"name\":\"Ana s\u0259hif\u0259\",\"item\":\"https:\\\/\\\/www.meydan.tv\\\/az\\\/\"},{\"@type\":\"ListItem\",\"position\":2,\"name\":\"Siyas\u0259t\",\"item\":\"https:\\\/\\\/www.meydan.tv\\\/az\\\/section\\\/siyaset\\\/\"},{\"@type\":\"ListItem\",\"position\":3,\"name\":\"\u201dN\u0259rgiz\u201d m\u00fckafat\u0131 jurnalist Sevinc Vaqifq\u0131z\u0131na verildi\"}]},{\"@type\":\"WebSite\",\"@id\":\"https:\\\/\\\/www.meydan.tv\\\/az\\\/#website\",\"url\":\"https:\\\/\\\/www.meydan.tv\\\/az\\\/\",\"name\":\"MEYDAN.TV\",\"description\":\"Meydan TV Az\u0259rbaycan\u0131n media m\u0259kan\u0131ndak\u0131 alternativ s\u0259sidir\",\"publisher\":{\"@id\":\"https:\\\/\\\/www.meydan.tv\\\/az\\\/#organization\"},\"potentialAction\":[{\"@type\":\"SearchAction\",\"target\":{\"@type\":\"EntryPoint\",\"urlTemplate\":\"https:\\\/\\\/www.meydan.tv\\\/az\\\/?s={search_term_string}\"},\"query-input\":{\"@type\":\"PropertyValueSpecification\",\"valueRequired\":true,\"valueName\":\"search_term_string\"}}],\"inLanguage\":\"az\"},{\"@type\":\"Organization\",\"@id\":\"https:\\\/\\\/www.meydan.tv\\\/az\\\/#organization\",\"name\":\"Meydan TV\",\"url\":\"https:\\\/\\\/www.meydan.tv\\\/az\\\/\",\"logo\":{\"@type\":\"ImageObject\",\"inLanguage\":\"az\",\"@id\":\"https:\\\/\\\/www.meydan.tv\\\/az\\\/#\\\/schema\\\/logo\\\/image\\\/\",\"url\":\"https:\\\/\\\/www.meydan.tv\\\/wp-content\\\/uploads\\\/2021\\\/07\\\/meydan-logo.svg\",\"contentUrl\":\"https:\\\/\\\/www.meydan.tv\\\/wp-content\\\/uploads\\\/2021\\\/07\\\/meydan-logo.svg\",\"width\":195,\"height\":46,\"caption\":\"Meydan TV\"},\"image\":{\"@id\":\"https:\\\/\\\/www.meydan.tv\\\/az\\\/#\\\/schema\\\/logo\\\/image\\\/\"}},{\"@type\":\"Person\",\"@id\":\"https:\\\/\\\/www.meydan.tv\\\/az\\\/#\\\/schema\\\/person\\\/f5399057f0b7fa223fa6c9b7c3321968\",\"name\":\"meri\"}]}<\/script>\n<!-- \/ Yoast SEO plugin. -->","yoast_head_json":{"title":"\u201dN\u0259rgiz\u201d m\u00fckafat\u0131 jurnalist Sevinc Vaqifq\u0131z\u0131na verildi - MEYDAN.TV","robots":{"index":"index","follow":"follow","max-snippet":"max-snippet:-1","max-image-preview":"max-image-preview:large","max-video-preview":"max-video-preview:-1"},"canonical":"https:\/\/www.meydan.tv\/az\/article\/nergiz-mukafati-jurnalist-sevinc-vaqifqizina-verildi\/","og_locale":"az_AZ","og_type":"article","og_title":"\u201dN\u0259rgiz\u201d m\u00fckafat\u0131 jurnalist Sevinc Vaqifq\u0131z\u0131na verildi - MEYDAN.TV","og_description":"M\u00fckafat jurnalistin anas\u0131na t\u0259qdim olundu M\u0259rhum ictimai f\u0259al N\u0259rgiz Yaqublunun ... Davam\u0131","og_url":"https:\/\/www.meydan.tv\/az\/article\/nergiz-mukafati-jurnalist-sevinc-vaqifqizina-verildi\/","og_site_name":"MEYDAN.TV","article_published_time":"2023-12-23T12:20:41+00:00","article_modified_time":"2023-12-24T14:44:50+00:00","og_image":[{"width":2048,"height":1536,"url":"https:\/\/www.meydan.tv\/wp-content\/uploads\/img_5361.jpg","type":"image\/jpeg"}],"author":"meri","twitter_card":"summary_large_image","schema":{"@context":"https:\/\/schema.org","@graph":[{"@type":"Article","@id":"https:\/\/www.meydan.tv\/az\/article\/nergiz-mukafati-jurnalist-sevinc-vaqifqizina-verildi\/#article","isPartOf":{"@id":"https:\/\/www.meydan.tv\/az\/article\/nergiz-mukafati-jurnalist-sevinc-vaqifqizina-verildi\/"},"author":{"name":"meri","@id":"https:\/\/www.meydan.tv\/az\/#\/schema\/person\/f5399057f0b7fa223fa6c9b7c3321968"},"headline":"\u201dN\u0259rgiz\u201d m\u00fckafat\u0131 jurnalist Sevinc Vaqifq\u0131z\u0131na verildi","datePublished":"2023-12-23T12:20:41+00:00","dateModified":"2023-12-24T14:44:50+00:00","mainEntityOfPage":{"@id":"https:\/\/www.meydan.tv\/az\/article\/nergiz-mukafati-jurnalist-sevinc-vaqifqizina-verildi\/"},"wordCount":393,"publisher":{"@id":"https:\/\/www.meydan.tv\/az\/#organization"},"image":{"@id":"https:\/\/www.meydan.tv\/az\/article\/nergiz-mukafati-jurnalist-sevinc-vaqifqizina-verildi\/#primaryimage"},"thumbnailUrl":"https:\/\/www.meydan.tv\/wp-content\/uploads\/img_5361.jpg","articleSection":["Siyas\u0259t","T\u00f6vsiy\u0259","Video","X\u0259b\u0259rl\u0259r"],"inLanguage":"az"},{"@type":"WebPage","@id":"https:\/\/www.meydan.tv\/az\/article\/nergiz-mukafati-jurnalist-sevinc-vaqifqizina-verildi\/","url":"https:\/\/www.meydan.tv\/az\/article\/nergiz-mukafati-jurnalist-sevinc-vaqifqizina-verildi\/","name":"\u201dN\u0259rgiz\u201d m\u00fckafat\u0131 jurnalist Sevinc Vaqifq\u0131z\u0131na verildi - MEYDAN.TV","isPartOf":{"@id":"https:\/\/www.meydan.tv\/az\/#website"},"primaryImageOfPage":{"@id":"https:\/\/www.meydan.tv\/az\/article\/nergiz-mukafati-jurnalist-sevinc-vaqifqizina-verildi\/#primaryimage"},"image":{"@id":"https:\/\/www.meydan.tv\/az\/article\/nergiz-mukafati-jurnalist-sevinc-vaqifqizina-verildi\/#primaryimage"},"thumbnailUrl":"https:\/\/www.meydan.tv\/wp-content\/uploads\/img_5361.jpg","datePublished":"2023-12-23T12:20:41+00:00","dateModified":"2023-12-24T14:44:50+00:00","breadcrumb":{"@id":"https:\/\/www.meydan.tv\/az\/article\/nergiz-mukafati-jurnalist-sevinc-vaqifqizina-verildi\/#breadcrumb"},"inLanguage":"az","potentialAction":[{"@type":"ReadAction","target":["https:\/\/www.meydan.tv\/az\/article\/nergiz-mukafati-jurnalist-sevinc-vaqifqizina-verildi\/"]}]},{"@type":"ImageObject","inLanguage":"az","@id":"https:\/\/www.meydan.tv\/az\/article\/nergiz-mukafati-jurnalist-sevinc-vaqifqizina-verildi\/#primaryimage","url":"https:\/\/www.meydan.tv\/wp-content\/uploads\/img_5361.jpg","contentUrl":"https:\/\/www.meydan.tv\/wp-content\/uploads\/img_5361.jpg","width":2048,"height":1536,"caption":"Foto: Nigar H\u0259zinindi"},{"@type":"BreadcrumbList","@id":"https:\/\/www.meydan.tv\/az\/article\/nergiz-mukafati-jurnalist-sevinc-vaqifqizina-verildi\/#breadcrumb","itemListElement":[{"@type":"ListItem","position":1,"name":"Ana s\u0259hif\u0259","item":"https:\/\/www.meydan.tv\/az\/"},{"@type":"ListItem","position":2,"name":"Siyas\u0259t","item":"https:\/\/www.meydan.tv\/az\/section\/siyaset\/"},{"@type":"ListItem","position":3,"name":"\u201dN\u0259rgiz\u201d m\u00fckafat\u0131 jurnalist Sevinc Vaqifq\u0131z\u0131na verildi"}]},{"@type":"WebSite","@id":"https:\/\/www.meydan.tv\/az\/#website","url":"https:\/\/www.meydan.tv\/az\/","name":"MEYDAN.TV","description":"Meydan TV Az\u0259rbaycan\u0131n media m\u0259kan\u0131ndak\u0131 alternativ s\u0259sidir","publisher":{"@id":"https:\/\/www.meydan.tv\/az\/#organization"},"potentialAction":[{"@type":"SearchAction","target":{"@type":"EntryPoint","urlTemplate":"https:\/\/www.meydan.tv\/az\/?s={search_term_string}"},"query-input":{"@type":"PropertyValueSpecification","valueRequired":true,"valueName":"search_term_string"}}],"inLanguage":"az"},{"@type":"Organization","@id":"https:\/\/www.meydan.tv\/az\/#organization","name":"Meydan TV","url":"https:\/\/www.meydan.tv\/az\/","logo":{"@type":"ImageObject","inLanguage":"az","@id":"https:\/\/www.meydan.tv\/az\/#\/schema\/logo\/image\/","url":"https:\/\/www.meydan.tv\/wp-content\/uploads\/2021\/07\/meydan-logo.svg","contentUrl":"https:\/\/www.meydan.tv\/wp-content\/uploads\/2021\/07\/meydan-logo.svg","width":195,"height":46,"caption":"Meydan TV"},"image":{"@id":"https:\/\/www.meydan.tv\/az\/#\/schema\/logo\/image\/"}},{"@type":"Person","@id":"https:\/\/www.meydan.tv\/az\/#\/schema\/person\/f5399057f0b7fa223fa6c9b7c3321968","name":"meri"}]}},"_links":{"self":[{"href":"https:\/\/www.meydan.tv\/az\/wp-json\/wp\/v2\/posts\/293804","targetHints":{"allow":["GET"]}}],"collection":[{"href":"https:\/\/www.meydan.tv\/az\/wp-json\/wp\/v2\/posts"}],"about":[{"href":"https:\/\/www.meydan.tv\/az\/wp-json\/wp\/v2\/types\/post"}],"author":[{"embeddable":true,"href":"https:\/\/www.meydan.tv\/az\/wp-json\/wp\/v2\/users\/13"}],"replies":[{"embeddable":true,"href":"https:\/\/www.meydan.tv\/az\/wp-json\/wp\/v2\/comments?post=293804"}],"version-history":[{"count":2,"href":"https:\/\/www.meydan.tv\/az\/wp-json\/wp\/v2\/posts\/293804\/revisions"}],"predecessor-version":[{"id":293877,"href":"https:\/\/www.meydan.tv\/az\/wp-json\/wp\/v2\/posts\/293804\/revisions\/293877"}],"wp:featuredmedia":[{"embeddable":true,"href":"https:\/\/www.meydan.tv\/az\/wp-json\/wp\/v2\/media\/293805"}],"wp:attachment":[{"href":"https:\/\/www.meydan.tv\/az\/wp-json\/wp\/v2\/media?parent=293804"}],"wp:term":[{"taxonomy":"category","embeddable":true,"href":"https:\/\/www.meydan.tv\/az\/wp-json\/wp\/v2\/categories?post=293804"},{"taxonomy":"post_tag","embeddable":true,"href":"https:\/\/www.meydan.tv\/az\/wp-json\/wp\/v2\/tags?post=293804"}],"curies":[{"name":"wp","href":"https:\/\/api.w.org\/{rel}","templated":true}]}}