{"id":293775,"date":"2023-12-22T23:07:12","date_gmt":"2023-12-22T19:07:12","guid":{"rendered":"https:\/\/www.meydan.tv\/?p=293775"},"modified":"2023-12-23T10:10:28","modified_gmt":"2023-12-23T06:10:28","slug":"oglum-serlendiyine-leke-ile-yasamaq-istemediyine-gore-tecridxanada-intihara-cehd-eleyib","status":"publish","type":"post","link":"https:\/\/www.meydan.tv\/az\/article\/oglum-serlendiyine-leke-ile-yasamaq-istemediyine-gore-tecridxanada-intihara-cehd-eleyib\/","title":{"rendered":"\u201cO\u011flum \u015f\u0259rl\u0259ndiyin\u0259, l\u0259k\u0259 il\u0259 ya\u015famaq ist\u0259m\u0259diyin\u0259 g\u00f6r\u0259 t\u0259cridxanada intihara c\u0259hd el\u0259yib\u201d"},"content":{"rendered":"\n<p><\/p>\n\n\n\n<p><strong><em>G\u0259nc\u0259 sakini: \u201cM\u0259nim balama n\u0259s\u0259 olsa, onlar\u0131n he\u00e7 birind\u0259n \u0259l \u00e7\u0259k\u0259n deyil\u0259m. \u0130ll\u0259rdir z\u00fclm el\u0259yirl\u0259r biz\u0259&#8230;\u201d<\/em><\/strong><\/p>\n\n\n\n<p>Son bir il \u0259rzind\u0259 narkotik ittiham\u0131yla h\u0259bs olunan dini inancl\u0131lardan biri &#8211; G\u0259nc\u0259 sakini \u015eahin Verdiyevin t\u0259cridxanada intihara c\u0259hd etdiyi bildirilir. Bu bar\u0259d\u0259 Meydan TV-y\u0259 dan\u0131\u015fan anas\u0131 Seminar\u0259 C\u0259f\u0259rova deyir ki, hadis\u0259 dekabr\u0131n 22-d\u0259 s\u0259h\u0259r G\u0259nc\u0259d\u0259ki 2 sayl\u0131q istintaq t\u0259cridxanas\u0131nda ba\u015f verib.<\/p>\n\n\n\n<p><em>\u201cN\u0259 yax\u015f\u0131 ki, ip q\u0131r\u0131l\u0131b, yer\u0259 d\u00fc\u015f\u0259nd\u0259 stul a\u015f\u0131b, s\u0259s\u0259 kameradak\u0131 o biri dustaqlar oyan\u0131b. D\u0259rhal t\u0259cridxanadak\u0131 \u0259m\u0259kda\u015flar, r\u0259hb\u0259rlik x\u0259b\u0259r tutub. Ona \u0259riz\u0259 yazd\u0131r\u0131blar ki, t\u00fcrm\u0259d\u0259ki \u015f\u0259raitd\u0259n, \u0259m\u0259kda\u015flar\u0131n r\u0259ftar\u0131ndan naraz\u0131l\u0131\u011f\u0131 yoxdur. Bu yolla \u00f6zl\u0259rini s\u0131\u011fortalay\u0131rlar ki, sabah bir \u015fey olsa, onlar m\u0259suliyy\u0259t da\u015f\u0131mas\u0131n\u201d,<\/em> &#8211; Seminar\u0259 C\u0259f\u0259rova bildirib.<\/p>\n\n\n<div class=\"wp-block-image\">\n<figure class=\"alignright size-full\"><img decoding=\"async\" width=\"300\" height=\"168\" data-src=\"https:\/\/www.meydan.tv\/wp-content\/uploads\/photo-2023-12-22-20-07-42.jpg\" alt=\"\" class=\"wp-image-293780 lazyload\" src=\"data:image\/svg+xml;base64,PHN2ZyB3aWR0aD0iMSIgaGVpZ2h0PSIxIiB4bWxucz0iaHR0cDovL3d3dy53My5vcmcvMjAwMC9zdmciPjwvc3ZnPg==\" style=\"--smush-placeholder-width: 300px; --smush-placeholder-aspect-ratio: 300\/168;\" \/><figcaption class=\"wp-element-caption\">\u015eahin Verdiyev.<\/figcaption><\/figure>\n<\/div>\n\n\n<p>Anan\u0131n s\u00f6zl\u0259rin\u0259 g\u00f6r\u0259, o\u011flunun ba\u015f\u0131na g\u0259l\u0259nl\u0259rd\u0259n el\u0259 onun \u00f6z\u00fcn\u00fcn telefon z\u0259ngind\u0259n sonra x\u0259b\u0259r tutub. Dekabr\u0131n 22-d\u0259 s\u0259h\u0259r saat 7 rad\u0259l\u0259rind\u0259 o, ail\u0259siyl\u0259 telefonla \u0259laq\u0259 saxlay\u0131b v\u0259 ba\u015f ver\u0259nl\u0259ri dan\u0131\u015f\u0131b.<\/p>\n\n\n\n<p>Seminar\u0259 C\u0259f\u0259rova deyir ki, o\u011flu intihar ed\u0259c\u0259yini \u00f6nc\u0259d\u0259n onlara da demi\u015fdi. Bu \u00fczd\u0259n onlar da narahat idil\u0259r:<\/p>\n\n\n\n<p><em>\u201cG\u0259nc\u0259 \u015f\u0259h\u0259r Ba\u015f Polis \u0130dar\u0259sinin i\u015f\u00e7il\u0259ri \u2013 Ramin, \u015eahin, Zaur v\u0259 dig\u0259rl\u0259ri onu narkotikl\u0259 \u015f\u0259rl\u0259yibl\u0259r, ona i\u015fg\u0259nc\u0259 veribl\u0259r. O\u011flum he\u00e7 bir g\u00fcnah\u0131 olmadan 9 aydan \u00e7oxdur ki, h\u0259bsd\u0259dir. Bel\u0259 z\u00fclm olmaz ki, bunlar camaat\u0131n ba\u015f\u0131na g\u0259tirirl\u0259r. \u015eahin deyirdi ki, m\u0259n bu l\u0259k\u0259 il\u0259 ya\u015faya bilm\u0259r\u0259m. Ona g\u00f6r\u0259 bir h\u0259ft\u0259 idi ki, G\u0259nc\u0259d\u0259 istintaq t\u0259cridxanas\u0131n\u0131n qap\u0131s\u0131nda yat\u0131rd\u0131m. Yalvar\u0131rd\u0131m ki, bu u\u015fa\u011f\u0131 n\u0259zar\u0259td\u0259 saxlay\u0131n, deyirs\u0259, intihar el\u0259y\u0259r. \u018fh\u0259miyy\u0259t verm\u0259dil\u0259r, n\u0259tic\u0259si d\u0259 bu oldu. Bu g\u00fcn x\u0259b\u0259ri alandan d\u0259rhal sonra getmi\u015f\u0259m, \u015eahin adl\u0131 r\u0259is m\u00fcavini m\u0259ni h\u0259d\u0259l\u0259yir. Deyir ki, \u201cbel\u0259 gets\u0259, onun \u0259l-qolunu ba\u011flay\u0131b, \u201ckarsa\u201d salaca\u011fam\u201d. M\u0259nim balama n\u0259s\u0259 olsa, onlar\u0131n he\u00e7 birind\u0259n \u0259l \u00e7\u0259k\u0259n deyil\u0259m. \u0130ll\u0259rdir z\u00fclm el\u0259yirl\u0259r biz\u0259&#8230;\u201d.<\/em><\/p>\n\n\n\n<p>1993-c\u00fc il t\u0259v\u0259ll\u00fcdl\u00fc \u015eahin Verdiyev 2018-ci ilin iyulunda G\u0259nc\u0259d\u0259 icra ba\u015f\u00e7\u0131s\u0131 Elmar V\u0259liyev\u0259 qar\u015f\u0131 sui-q\u0259sdd\u0259n sonra h\u0259bs olunmu\u015fdu. H\u0259min vaxt tutulan onlarla yerli sakin kimi, ona da k\u00fctl\u0259vi i\u011fti\u015fa\u015flarda i\u015ftirak, polis\u0259 qar\u015f\u0131 zorak\u0131l\u0131q ittihamlar\u0131 verilmi\u015fdi. O, 2019-cu ilin sentyabr\u0131nda \u015f\u0259rti c\u0259za il\u0259 h\u0259bsd\u0259n burax\u0131lm\u0131\u015fd\u0131.<\/p>\n\n\n\n<p>Anas\u0131 deyir ki, o zaman m\u0259ruz qald\u0131\u011f\u0131 i\u015fg\u0259nc\u0259l\u0259r n\u0259tic\u0259sind\u0259 \u015eahin Verdiyevin s\u0259hh\u0259tind\u0259 ciddi probleml\u0259r yaran\u0131b: <em>\u201cO vaxt h\u0259bsd\u0259 oldu\u011fu d\u00f6vrd\u0259 insult ke\u00e7irmi\u015fdi, b\u0259d\u0259ninin bir t\u0259r\u0259fi iflic olmu\u015fdu. A\u011f\u0131r nevroloji x\u0259st\u0259liyi yarand\u0131, ne\u00e7\u0259 d\u0259f\u0259 m\u00fcalic\u0259 el\u0259tdirmi\u015fik. S\u0259n\u0259dl\u0259r d\u0259 var. Tez-tez yadda\u015f\u0131 itir. Bel\u0259 bir adam\u0131 yenid\u0259n \u015f\u0259rl\u0259yib h\u0259bs el\u0259m\u0259k, i\u015fg\u0259nc\u0259 verm\u0259k insanl\u0131\u011fa s\u0131\u011fm\u0131r\u201d.<\/em><\/p>\n\n\n<div class=\"wp-block-image\">\n<figure class=\"alignleft size-large is-resized\"><img decoding=\"async\" width=\"309\" height=\"821\" data-src=\"https:\/\/www.meydan.tv\/wp-content\/uploads\/photo-2023-12-22-18-52-04-309x821.jpg\" alt=\"\" class=\"wp-image-293777 lazyload\" style=\"--smush-placeholder-width: 309px; --smush-placeholder-aspect-ratio: 309\/821;width:229px;height:auto\" src=\"data:image\/svg+xml;base64,PHN2ZyB3aWR0aD0iMSIgaGVpZ2h0PSIxIiB4bWxucz0iaHR0cDovL3d3dy53My5vcmcvMjAwMC9zdmciPjwvc3ZnPg==\" \/><figcaption class=\"wp-element-caption\">Seminar\u0259 C\u0259f\u0259rova. Fotolar: Meydan TV<\/figcaption><\/figure>\n<\/div>\n\n\n<p>Seminar\u0259 C\u0259f\u0259rova o\u011flunun ekspertizadan ke\u00e7irilm\u0259sini t\u0259l\u0259b edir. Deyir ki, istintaq t\u0259cridxanas\u0131n\u0131n r\u0259hb\u0259rliyi intihara c\u0259hd fakt\u0131n\u0131 \u00f6rt-basd\u0131r el\u0259m\u0259y\u0259 \u00e7al\u0131\u015f\u0131r:<\/p>\n\n\n\n<p><em>\u201cR\u0259is m\u00fcavini m\u0259n\u0259 deyir ki, el\u0259 \u015fey olmay\u0131b. M\u0259n d\u0259 t\u0259l\u0259b el\u0259yir\u0259m ki, d\u0259rhal ekspertiza ke\u00e7irilsin, \u015eahinin boynundak\u0131 izl\u0259r qeyd\u0259 al\u0131ns\u0131n\u201d.<\/em><\/p>\n\n\n\n<p>Cinay\u0259t M\u0259c\u0259ll\u0259sinin 234.4.3 (sat\u0131\u015f m\u0259qs\u0259dil\u0259 k\u00fclli miqdarda narkotik \u0259ld\u0259 etm\u0259, da\u015f\u0131ma, saxlama) madd\u0259sil\u0259 ittiham olunan \u015eahin Verdiyevin i\u015fin\u0259 haz\u0131rda G\u0259nc\u0259 A\u011f\u0131r Cinay\u0259tl\u0259r M\u0259hk\u0259m\u0259sind\u0259 bax\u0131l\u0131r. Bu i\u015f Dada\u015f \u0130manovun s\u0259drlik etdiyi hakiml\u0259r kollegiyas\u0131n\u0131n icraat\u0131ndad\u0131r.<\/p>\n\n\n\n<p>Anas\u0131 deyir ki, \u0259ll\u0259rind\u0259 \u015eahin Verdiyevin \u015f\u0259rl\u0259ndiyini t\u0259sdiql\u0259y\u0259n videog\u00f6r\u00fcnt\u00fc var. V\u0259kil h\u0259min videonu m\u0259hk\u0259m\u0259y\u0259 d\u0259 t\u0259qdim edib:<em> \u201cM\u0259hk\u0259m\u0259ni t\u0259xir\u0259 sala-sala gedirl\u0259r\u201d.<\/em><\/p>\n\n\n\n<p>Penitensiar Xidm\u0259t is\u0259 \u015eahin Verdiyevin intihara c\u0259hd etm\u0259si bar\u0259d\u0259 m\u0259lumat\u0131 t\u0259kzib edib. Seminar\u0259 C\u0259f\u0259rovan\u0131n s\u0259sl\u0259ndirdiyi iddia il\u0259 \u0259laq\u0259dar Meydan TV-nin sor\u011fusuna Penitensiar Xidm\u0259tin ictimaiyy\u0259tl\u0259 \u0259laq\u0259l\u0259r \u015f\u00f6b\u0259sind\u0259n cavab olaraq bildirilib ki, bel\u0259 bir hadis\u0259 ba\u015f verm\u0259yib.<\/p>\n\n\n\n<p>\u201cM\u00fcdafi\u0259 X\u0259tti\u201d insan haqlar\u0131 t\u0259\u015fkilat\u0131n\u0131n m\u0259lumat\u0131na g\u00f6r\u0259, son bir il \u0259rzind\u0259 Az\u0259rbaycanda y\u00fczl\u0259rl\u0259 dini inancl\u0131 f\u0259al narkotik ittiham\u0131yla h\u0259bs olunub. H\u0259bs olunanlar ittiham\u0131 q\u0259bul etmir, narkotikl\u0259 \u015f\u0259rl\u0259ndikl\u0259rini bildirirl\u0259r.<\/p>\n\n\n\n<p>Daxili \u0130\u015fl\u0259r Nazirliyinin m\u0259tbuat xidm\u0259ti is\u0259 h\u0259bs olunanlar\u0131n \u015f\u0259rl\u0259nm\u0259si, i\u015fg\u0259nc\u0259y\u0259 m\u0259ruz qalmas\u0131 haqda deyil\u0259nl\u0259ri t\u0259kzib edib. Bu qurumdan Meydan TV-y\u0259 bildirilib ki, h\u0259bs olunanlar konkret faktlar \u0259sas\u0131nda saxlan\u0131blar.<\/p>\n","protected":false},"excerpt":{"rendered":"<p>G\u0259nc\u0259 sakini: \u201cM\u0259nim balama n\u0259s\u0259 olsa, onlar\u0131n he\u00e7 birind\u0259n \u0259l &#8230; <\/p>\n<p class=\"read-more-container\"><a title=\"\u201cO\u011flum \u015f\u0259rl\u0259ndiyin\u0259, l\u0259k\u0259 il\u0259 ya\u015famaq ist\u0259m\u0259diyin\u0259 g\u00f6r\u0259 t\u0259cridxanada intihara c\u0259hd el\u0259yib\u201d\" class=\"read-more button\" href=\"https:\/\/www.meydan.tv\/az\/article\/oglum-serlendiyine-leke-ile-yasamaq-istemediyine-gore-tecridxanada-intihara-cehd-eleyib\/#more-293775\" aria-label=\"Read more about \u201cO\u011flum \u015f\u0259rl\u0259ndiyin\u0259, l\u0259k\u0259 il\u0259 ya\u015famaq ist\u0259m\u0259diyin\u0259 g\u00f6r\u0259 t\u0259cridxanada intihara c\u0259hd el\u0259yib\u201d\">Davam\u0131<\/a><\/p>\n","protected":false},"author":8,"featured_media":211098,"comment_status":"closed","ping_status":"closed","sticky":false,"template":"","format":"standard","meta":{"_acf_changed":false,"_sitemap_exclude":false,"_sitemap_priority":"","_sitemap_frequency":"","footnotes":""},"categories":[60,56],"tags":[],"class_list":["post-293775","post","type-post","status-publish","format-standard","has-post-thumbnail","hentry","category-bolge","category-xeberler","infinite-scroll-item","generate-columns","tablet-grid-50","mobile-grid-100","grid-parent","grid-33","no-featured-image-padding"],"acf":[],"yoast_head":"<!-- This site is optimized with the Yoast SEO plugin v27.4 - https:\/\/yoast.com\/product\/yoast-seo-wordpress\/ -->\n<title>\u201cO\u011flum \u015f\u0259rl\u0259ndiyin\u0259, l\u0259k\u0259 il\u0259 ya\u015famaq ist\u0259m\u0259diyin\u0259 g\u00f6r\u0259 t\u0259cridxanada intihara c\u0259hd el\u0259yib\u201d - MEYDAN.TV<\/title>\n<meta name=\"robots\" content=\"index, follow, max-snippet:-1, max-image-preview:large, max-video-preview:-1\" \/>\n<link rel=\"canonical\" href=\"https:\/\/www.meydan.tv\/az\/article\/oglum-serlendiyine-leke-ile-yasamaq-istemediyine-gore-tecridxanada-intihara-cehd-eleyib\/\" \/>\n<meta property=\"og:locale\" content=\"az_AZ\" \/>\n<meta property=\"og:type\" content=\"article\" \/>\n<meta property=\"og:title\" content=\"\u201cO\u011flum \u015f\u0259rl\u0259ndiyin\u0259, l\u0259k\u0259 il\u0259 ya\u015famaq ist\u0259m\u0259diyin\u0259 g\u00f6r\u0259 t\u0259cridxanada intihara c\u0259hd el\u0259yib\u201d - MEYDAN.TV\" \/>\n<meta property=\"og:description\" content=\"G\u0259nc\u0259 sakini: \u201cM\u0259nim balama n\u0259s\u0259 olsa, onlar\u0131n he\u00e7 birind\u0259n \u0259l ... Davam\u0131\" \/>\n<meta property=\"og:url\" content=\"https:\/\/www.meydan.tv\/az\/article\/oglum-serlendiyine-leke-ile-yasamaq-istemediyine-gore-tecridxanada-intihara-cehd-eleyib\/\" \/>\n<meta property=\"og:site_name\" content=\"MEYDAN.TV\" \/>\n<meta property=\"article:published_time\" content=\"2023-12-22T19:07:12+00:00\" \/>\n<meta property=\"article:modified_time\" content=\"2023-12-23T06:10:28+00:00\" \/>\n<meta property=\"og:image\" content=\"https:\/\/www.meydan.tv\/wp-content\/uploads\/image_from_ios_10_t6fgcxo-scaled-e1664353406977.jpg\" \/>\n\t<meta property=\"og:image:width\" content=\"2560\" \/>\n\t<meta property=\"og:image:height\" content=\"1523\" \/>\n\t<meta property=\"og:image:type\" content=\"image\/jpeg\" \/>\n<meta name=\"author\" content=\"elli\" \/>\n<meta name=\"twitter:card\" content=\"summary_large_image\" \/>\n<meta name=\"twitter:creator\" content=\"@elli\" \/>\n<script type=\"application\/ld+json\" class=\"yoast-schema-graph\">{\"@context\":\"https:\\\/\\\/schema.org\",\"@graph\":[{\"@type\":\"Article\",\"@id\":\"https:\\\/\\\/www.meydan.tv\\\/az\\\/article\\\/oglum-serlendiyine-leke-ile-yasamaq-istemediyine-gore-tecridxanada-intihara-cehd-eleyib\\\/#article\",\"isPartOf\":{\"@id\":\"https:\\\/\\\/www.meydan.tv\\\/az\\\/article\\\/oglum-serlendiyine-leke-ile-yasamaq-istemediyine-gore-tecridxanada-intihara-cehd-eleyib\\\/\"},\"author\":{\"name\":\"elli\",\"@id\":\"https:\\\/\\\/www.meydan.tv\\\/az\\\/#\\\/schema\\\/person\\\/9cdbecf90d17180ce1dfbd95b08dcf47\"},\"headline\":\"\u201cO\u011flum \u015f\u0259rl\u0259ndiyin\u0259, l\u0259k\u0259 il\u0259 ya\u015famaq ist\u0259m\u0259diyin\u0259 g\u00f6r\u0259 t\u0259cridxanada intihara c\u0259hd el\u0259yib\u201d\",\"datePublished\":\"2023-12-22T19:07:12+00:00\",\"dateModified\":\"2023-12-23T06:10:28+00:00\",\"mainEntityOfPage\":{\"@id\":\"https:\\\/\\\/www.meydan.tv\\\/az\\\/article\\\/oglum-serlendiyine-leke-ile-yasamaq-istemediyine-gore-tecridxanada-intihara-cehd-eleyib\\\/\"},\"wordCount\":941,\"publisher\":{\"@id\":\"https:\\\/\\\/www.meydan.tv\\\/az\\\/#organization\"},\"image\":{\"@id\":\"https:\\\/\\\/www.meydan.tv\\\/az\\\/article\\\/oglum-serlendiyine-leke-ile-yasamaq-istemediyine-gore-tecridxanada-intihara-cehd-eleyib\\\/#primaryimage\"},\"thumbnailUrl\":\"https:\\\/\\\/www.meydan.tv\\\/wp-content\\\/uploads\\\/image_from_ios_10_t6fgcxo-scaled-e1664353406977.jpg\",\"articleSection\":[\"B\u00f6lg\u0259\",\"X\u0259b\u0259rl\u0259r\"],\"inLanguage\":\"az\"},{\"@type\":\"WebPage\",\"@id\":\"https:\\\/\\\/www.meydan.tv\\\/az\\\/article\\\/oglum-serlendiyine-leke-ile-yasamaq-istemediyine-gore-tecridxanada-intihara-cehd-eleyib\\\/\",\"url\":\"https:\\\/\\\/www.meydan.tv\\\/az\\\/article\\\/oglum-serlendiyine-leke-ile-yasamaq-istemediyine-gore-tecridxanada-intihara-cehd-eleyib\\\/\",\"name\":\"\u201cO\u011flum \u015f\u0259rl\u0259ndiyin\u0259, l\u0259k\u0259 il\u0259 ya\u015famaq ist\u0259m\u0259diyin\u0259 g\u00f6r\u0259 t\u0259cridxanada intihara c\u0259hd el\u0259yib\u201d - MEYDAN.TV\",\"isPartOf\":{\"@id\":\"https:\\\/\\\/www.meydan.tv\\\/az\\\/#website\"},\"primaryImageOfPage\":{\"@id\":\"https:\\\/\\\/www.meydan.tv\\\/az\\\/article\\\/oglum-serlendiyine-leke-ile-yasamaq-istemediyine-gore-tecridxanada-intihara-cehd-eleyib\\\/#primaryimage\"},\"image\":{\"@id\":\"https:\\\/\\\/www.meydan.tv\\\/az\\\/article\\\/oglum-serlendiyine-leke-ile-yasamaq-istemediyine-gore-tecridxanada-intihara-cehd-eleyib\\\/#primaryimage\"},\"thumbnailUrl\":\"https:\\\/\\\/www.meydan.tv\\\/wp-content\\\/uploads\\\/image_from_ios_10_t6fgcxo-scaled-e1664353406977.jpg\",\"datePublished\":\"2023-12-22T19:07:12+00:00\",\"dateModified\":\"2023-12-23T06:10:28+00:00\",\"breadcrumb\":{\"@id\":\"https:\\\/\\\/www.meydan.tv\\\/az\\\/article\\\/oglum-serlendiyine-leke-ile-yasamaq-istemediyine-gore-tecridxanada-intihara-cehd-eleyib\\\/#breadcrumb\"},\"inLanguage\":\"az\",\"potentialAction\":[{\"@type\":\"ReadAction\",\"target\":[\"https:\\\/\\\/www.meydan.tv\\\/az\\\/article\\\/oglum-serlendiyine-leke-ile-yasamaq-istemediyine-gore-tecridxanada-intihara-cehd-eleyib\\\/\"]}]},{\"@type\":\"ImageObject\",\"inLanguage\":\"az\",\"@id\":\"https:\\\/\\\/www.meydan.tv\\\/az\\\/article\\\/oglum-serlendiyine-leke-ile-yasamaq-istemediyine-gore-tecridxanada-intihara-cehd-eleyib\\\/#primaryimage\",\"url\":\"https:\\\/\\\/www.meydan.tv\\\/wp-content\\\/uploads\\\/image_from_ios_10_t6fgcxo-scaled-e1664353406977.jpg\",\"contentUrl\":\"https:\\\/\\\/www.meydan.tv\\\/wp-content\\\/uploads\\\/image_from_ios_10_t6fgcxo-scaled-e1664353406977.jpg\",\"width\":2560,\"height\":1523,\"caption\":\"\u0130ll\u00fcstrasiya: Meydan TV\"},{\"@type\":\"BreadcrumbList\",\"@id\":\"https:\\\/\\\/www.meydan.tv\\\/az\\\/article\\\/oglum-serlendiyine-leke-ile-yasamaq-istemediyine-gore-tecridxanada-intihara-cehd-eleyib\\\/#breadcrumb\",\"itemListElement\":[{\"@type\":\"ListItem\",\"position\":1,\"name\":\"Ana s\u0259hif\u0259\",\"item\":\"https:\\\/\\\/www.meydan.tv\\\/az\\\/\"},{\"@type\":\"ListItem\",\"position\":2,\"name\":\"B\u00f6lg\u0259\",\"item\":\"https:\\\/\\\/www.meydan.tv\\\/az\\\/section\\\/bolge\\\/\"},{\"@type\":\"ListItem\",\"position\":3,\"name\":\"\u201cO\u011flum \u015f\u0259rl\u0259ndiyin\u0259, l\u0259k\u0259 il\u0259 ya\u015famaq ist\u0259m\u0259diyin\u0259 g\u00f6r\u0259 t\u0259cridxanada intihara c\u0259hd el\u0259yib\u201d\"}]},{\"@type\":\"WebSite\",\"@id\":\"https:\\\/\\\/www.meydan.tv\\\/az\\\/#website\",\"url\":\"https:\\\/\\\/www.meydan.tv\\\/az\\\/\",\"name\":\"MEYDAN.TV\",\"description\":\"Meydan TV Az\u0259rbaycan\u0131n media m\u0259kan\u0131ndak\u0131 alternativ s\u0259sidir\",\"publisher\":{\"@id\":\"https:\\\/\\\/www.meydan.tv\\\/az\\\/#organization\"},\"potentialAction\":[{\"@type\":\"SearchAction\",\"target\":{\"@type\":\"EntryPoint\",\"urlTemplate\":\"https:\\\/\\\/www.meydan.tv\\\/az\\\/?s={search_term_string}\"},\"query-input\":{\"@type\":\"PropertyValueSpecification\",\"valueRequired\":true,\"valueName\":\"search_term_string\"}}],\"inLanguage\":\"az\"},{\"@type\":\"Organization\",\"@id\":\"https:\\\/\\\/www.meydan.tv\\\/az\\\/#organization\",\"name\":\"Meydan TV\",\"url\":\"https:\\\/\\\/www.meydan.tv\\\/az\\\/\",\"logo\":{\"@type\":\"ImageObject\",\"inLanguage\":\"az\",\"@id\":\"https:\\\/\\\/www.meydan.tv\\\/az\\\/#\\\/schema\\\/logo\\\/image\\\/\",\"url\":\"https:\\\/\\\/www.meydan.tv\\\/wp-content\\\/uploads\\\/2021\\\/07\\\/meydan-logo.svg\",\"contentUrl\":\"https:\\\/\\\/www.meydan.tv\\\/wp-content\\\/uploads\\\/2021\\\/07\\\/meydan-logo.svg\",\"width\":195,\"height\":46,\"caption\":\"Meydan TV\"},\"image\":{\"@id\":\"https:\\\/\\\/www.meydan.tv\\\/az\\\/#\\\/schema\\\/logo\\\/image\\\/\"}},{\"@type\":\"Person\",\"@id\":\"https:\\\/\\\/www.meydan.tv\\\/az\\\/#\\\/schema\\\/person\\\/9cdbecf90d17180ce1dfbd95b08dcf47\",\"name\":\"elli\",\"sameAs\":[\"https:\\\/\\\/x.com\\\/elli\"]}]}<\/script>\n<!-- \/ Yoast SEO plugin. -->","yoast_head_json":{"title":"\u201cO\u011flum \u015f\u0259rl\u0259ndiyin\u0259, l\u0259k\u0259 il\u0259 ya\u015famaq ist\u0259m\u0259diyin\u0259 g\u00f6r\u0259 t\u0259cridxanada intihara c\u0259hd el\u0259yib\u201d - MEYDAN.TV","robots":{"index":"index","follow":"follow","max-snippet":"max-snippet:-1","max-image-preview":"max-image-preview:large","max-video-preview":"max-video-preview:-1"},"canonical":"https:\/\/www.meydan.tv\/az\/article\/oglum-serlendiyine-leke-ile-yasamaq-istemediyine-gore-tecridxanada-intihara-cehd-eleyib\/","og_locale":"az_AZ","og_type":"article","og_title":"\u201cO\u011flum \u015f\u0259rl\u0259ndiyin\u0259, l\u0259k\u0259 il\u0259 ya\u015famaq ist\u0259m\u0259diyin\u0259 g\u00f6r\u0259 t\u0259cridxanada intihara c\u0259hd el\u0259yib\u201d - MEYDAN.TV","og_description":"G\u0259nc\u0259 sakini: \u201cM\u0259nim balama n\u0259s\u0259 olsa, onlar\u0131n he\u00e7 birind\u0259n \u0259l ... Davam\u0131","og_url":"https:\/\/www.meydan.tv\/az\/article\/oglum-serlendiyine-leke-ile-yasamaq-istemediyine-gore-tecridxanada-intihara-cehd-eleyib\/","og_site_name":"MEYDAN.TV","article_published_time":"2023-12-22T19:07:12+00:00","article_modified_time":"2023-12-23T06:10:28+00:00","og_image":[{"width":2560,"height":1523,"url":"https:\/\/www.meydan.tv\/wp-content\/uploads\/image_from_ios_10_t6fgcxo-scaled-e1664353406977.jpg","type":"image\/jpeg"}],"author":"elli","twitter_card":"summary_large_image","twitter_creator":"@elli","schema":{"@context":"https:\/\/schema.org","@graph":[{"@type":"Article","@id":"https:\/\/www.meydan.tv\/az\/article\/oglum-serlendiyine-leke-ile-yasamaq-istemediyine-gore-tecridxanada-intihara-cehd-eleyib\/#article","isPartOf":{"@id":"https:\/\/www.meydan.tv\/az\/article\/oglum-serlendiyine-leke-ile-yasamaq-istemediyine-gore-tecridxanada-intihara-cehd-eleyib\/"},"author":{"name":"elli","@id":"https:\/\/www.meydan.tv\/az\/#\/schema\/person\/9cdbecf90d17180ce1dfbd95b08dcf47"},"headline":"\u201cO\u011flum \u015f\u0259rl\u0259ndiyin\u0259, l\u0259k\u0259 il\u0259 ya\u015famaq ist\u0259m\u0259diyin\u0259 g\u00f6r\u0259 t\u0259cridxanada intihara c\u0259hd el\u0259yib\u201d","datePublished":"2023-12-22T19:07:12+00:00","dateModified":"2023-12-23T06:10:28+00:00","mainEntityOfPage":{"@id":"https:\/\/www.meydan.tv\/az\/article\/oglum-serlendiyine-leke-ile-yasamaq-istemediyine-gore-tecridxanada-intihara-cehd-eleyib\/"},"wordCount":941,"publisher":{"@id":"https:\/\/www.meydan.tv\/az\/#organization"},"image":{"@id":"https:\/\/www.meydan.tv\/az\/article\/oglum-serlendiyine-leke-ile-yasamaq-istemediyine-gore-tecridxanada-intihara-cehd-eleyib\/#primaryimage"},"thumbnailUrl":"https:\/\/www.meydan.tv\/wp-content\/uploads\/image_from_ios_10_t6fgcxo-scaled-e1664353406977.jpg","articleSection":["B\u00f6lg\u0259","X\u0259b\u0259rl\u0259r"],"inLanguage":"az"},{"@type":"WebPage","@id":"https:\/\/www.meydan.tv\/az\/article\/oglum-serlendiyine-leke-ile-yasamaq-istemediyine-gore-tecridxanada-intihara-cehd-eleyib\/","url":"https:\/\/www.meydan.tv\/az\/article\/oglum-serlendiyine-leke-ile-yasamaq-istemediyine-gore-tecridxanada-intihara-cehd-eleyib\/","name":"\u201cO\u011flum \u015f\u0259rl\u0259ndiyin\u0259, l\u0259k\u0259 il\u0259 ya\u015famaq ist\u0259m\u0259diyin\u0259 g\u00f6r\u0259 t\u0259cridxanada intihara c\u0259hd el\u0259yib\u201d - MEYDAN.TV","isPartOf":{"@id":"https:\/\/www.meydan.tv\/az\/#website"},"primaryImageOfPage":{"@id":"https:\/\/www.meydan.tv\/az\/article\/oglum-serlendiyine-leke-ile-yasamaq-istemediyine-gore-tecridxanada-intihara-cehd-eleyib\/#primaryimage"},"image":{"@id":"https:\/\/www.meydan.tv\/az\/article\/oglum-serlendiyine-leke-ile-yasamaq-istemediyine-gore-tecridxanada-intihara-cehd-eleyib\/#primaryimage"},"thumbnailUrl":"https:\/\/www.meydan.tv\/wp-content\/uploads\/image_from_ios_10_t6fgcxo-scaled-e1664353406977.jpg","datePublished":"2023-12-22T19:07:12+00:00","dateModified":"2023-12-23T06:10:28+00:00","breadcrumb":{"@id":"https:\/\/www.meydan.tv\/az\/article\/oglum-serlendiyine-leke-ile-yasamaq-istemediyine-gore-tecridxanada-intihara-cehd-eleyib\/#breadcrumb"},"inLanguage":"az","potentialAction":[{"@type":"ReadAction","target":["https:\/\/www.meydan.tv\/az\/article\/oglum-serlendiyine-leke-ile-yasamaq-istemediyine-gore-tecridxanada-intihara-cehd-eleyib\/"]}]},{"@type":"ImageObject","inLanguage":"az","@id":"https:\/\/www.meydan.tv\/az\/article\/oglum-serlendiyine-leke-ile-yasamaq-istemediyine-gore-tecridxanada-intihara-cehd-eleyib\/#primaryimage","url":"https:\/\/www.meydan.tv\/wp-content\/uploads\/image_from_ios_10_t6fgcxo-scaled-e1664353406977.jpg","contentUrl":"https:\/\/www.meydan.tv\/wp-content\/uploads\/image_from_ios_10_t6fgcxo-scaled-e1664353406977.jpg","width":2560,"height":1523,"caption":"\u0130ll\u00fcstrasiya: Meydan TV"},{"@type":"BreadcrumbList","@id":"https:\/\/www.meydan.tv\/az\/article\/oglum-serlendiyine-leke-ile-yasamaq-istemediyine-gore-tecridxanada-intihara-cehd-eleyib\/#breadcrumb","itemListElement":[{"@type":"ListItem","position":1,"name":"Ana s\u0259hif\u0259","item":"https:\/\/www.meydan.tv\/az\/"},{"@type":"ListItem","position":2,"name":"B\u00f6lg\u0259","item":"https:\/\/www.meydan.tv\/az\/section\/bolge\/"},{"@type":"ListItem","position":3,"name":"\u201cO\u011flum \u015f\u0259rl\u0259ndiyin\u0259, l\u0259k\u0259 il\u0259 ya\u015famaq ist\u0259m\u0259diyin\u0259 g\u00f6r\u0259 t\u0259cridxanada intihara c\u0259hd el\u0259yib\u201d"}]},{"@type":"WebSite","@id":"https:\/\/www.meydan.tv\/az\/#website","url":"https:\/\/www.meydan.tv\/az\/","name":"MEYDAN.TV","description":"Meydan TV Az\u0259rbaycan\u0131n media m\u0259kan\u0131ndak\u0131 alternativ s\u0259sidir","publisher":{"@id":"https:\/\/www.meydan.tv\/az\/#organization"},"potentialAction":[{"@type":"SearchAction","target":{"@type":"EntryPoint","urlTemplate":"https:\/\/www.meydan.tv\/az\/?s={search_term_string}"},"query-input":{"@type":"PropertyValueSpecification","valueRequired":true,"valueName":"search_term_string"}}],"inLanguage":"az"},{"@type":"Organization","@id":"https:\/\/www.meydan.tv\/az\/#organization","name":"Meydan TV","url":"https:\/\/www.meydan.tv\/az\/","logo":{"@type":"ImageObject","inLanguage":"az","@id":"https:\/\/www.meydan.tv\/az\/#\/schema\/logo\/image\/","url":"https:\/\/www.meydan.tv\/wp-content\/uploads\/2021\/07\/meydan-logo.svg","contentUrl":"https:\/\/www.meydan.tv\/wp-content\/uploads\/2021\/07\/meydan-logo.svg","width":195,"height":46,"caption":"Meydan TV"},"image":{"@id":"https:\/\/www.meydan.tv\/az\/#\/schema\/logo\/image\/"}},{"@type":"Person","@id":"https:\/\/www.meydan.tv\/az\/#\/schema\/person\/9cdbecf90d17180ce1dfbd95b08dcf47","name":"elli","sameAs":["https:\/\/x.com\/elli"]}]}},"_links":{"self":[{"href":"https:\/\/www.meydan.tv\/az\/wp-json\/wp\/v2\/posts\/293775","targetHints":{"allow":["GET"]}}],"collection":[{"href":"https:\/\/www.meydan.tv\/az\/wp-json\/wp\/v2\/posts"}],"about":[{"href":"https:\/\/www.meydan.tv\/az\/wp-json\/wp\/v2\/types\/post"}],"author":[{"embeddable":true,"href":"https:\/\/www.meydan.tv\/az\/wp-json\/wp\/v2\/users\/8"}],"replies":[{"embeddable":true,"href":"https:\/\/www.meydan.tv\/az\/wp-json\/wp\/v2\/comments?post=293775"}],"version-history":[{"count":3,"href":"https:\/\/www.meydan.tv\/az\/wp-json\/wp\/v2\/posts\/293775\/revisions"}],"predecessor-version":[{"id":293784,"href":"https:\/\/www.meydan.tv\/az\/wp-json\/wp\/v2\/posts\/293775\/revisions\/293784"}],"wp:featuredmedia":[{"embeddable":true,"href":"https:\/\/www.meydan.tv\/az\/wp-json\/wp\/v2\/media\/211098"}],"wp:attachment":[{"href":"https:\/\/www.meydan.tv\/az\/wp-json\/wp\/v2\/media?parent=293775"}],"wp:term":[{"taxonomy":"category","embeddable":true,"href":"https:\/\/www.meydan.tv\/az\/wp-json\/wp\/v2\/categories?post=293775"},{"taxonomy":"post_tag","embeddable":true,"href":"https:\/\/www.meydan.tv\/az\/wp-json\/wp\/v2\/tags?post=293775"}],"curies":[{"name":"wp","href":"https:\/\/api.w.org\/{rel}","templated":true}]}}