{"id":293759,"date":"2023-12-22T18:32:17","date_gmt":"2023-12-22T14:32:17","guid":{"rendered":"https:\/\/www.meydan.tv\/?p=293759"},"modified":"2023-12-22T18:32:20","modified_gmt":"2023-12-22T14:32:20","slug":"astara-sakin-bildirir-ki-o-adina-olan-pay-torpagindan-istifade-ede-bilmir","status":"publish","type":"post","link":"https:\/\/www.meydan.tv\/az\/article\/astara-sakin-bildirir-ki-o-adina-olan-pay-torpagindan-istifade-ede-bilmir\/","title":{"rendered":"Astara sakini bildirir ki, o, ad\u0131na olan pay torpa\u011f\u0131ndan istifad\u0259 ed\u0259 bilmir"},"content":{"rendered":"\n<figure class=\"wp-block-embed is-type-video is-provider-youtube wp-block-embed-youtube wp-embed-aspect-16-9 wp-has-aspect-ratio\"><div class=\"wp-block-embed__wrapper\">\n<iframe title=\"Astara\u0335: Sakin bildirir ki, o, ad\u0131na olan pay torpa\u011f\u0131ndan istifad\u0259 ed\u0259 bilmir\" width=\"1200\" height=\"675\" data-src=\"https:\/\/www.youtube.com\/embed\/gjEPwWYTgF0?feature=oembed\" frameborder=\"0\" allow=\"accelerometer; autoplay; clipboard-write; encrypted-media; gyroscope; picture-in-picture; web-share\" allowfullscreen src=\"data:image\/svg+xml;base64,PHN2ZyB3aWR0aD0iMSIgaGVpZ2h0PSIxIiB4bWxucz0iaHR0cDovL3d3dy53My5vcmcvMjAwMC9zdmciPjwvc3ZnPg==\" class=\"lazyload\" data-load-mode=\"1\"><\/iframe>\n<\/div><\/figure>\n\n\n\n<p><\/p>\n\n\n\n<p>Astaran\u0131n S\u0259liv\u0259 k\u0259ndind\u0259 ya\u015fayan bu ail\u0259 i\u015fsizlikd\u0259n, evl\u0259rinin \u015f\u0259raitsizliyind\u0259n v\u0259 u\u015faqlar\u0131n\u0131 b\u00f6y\u00fcd\u0259 bilm\u0259m\u0259kd\u0259n \u015fikay\u0259t\u00e7idir. \u015eikay\u0259t\u00e7il\u0259r bildirir ki, q\u0131sa bir m\u00fcdd\u0259t \u00fcnvanl\u0131 d\u00f6vl\u0259t sosial yard\u0131m\u0131 alsalar da, sonradan bu m\u00fcavin\u0259t d\u0259 k\u0259silib. <\/p>\n\n\n\n<p>N\u00f6vb\u0259ti m\u00fcraci\u0259tl\u0259rin\u0259 d\u0259 yard\u0131mdan imtina cavab\u0131 g\u0259lib. <\/p>\n\n\n\n<p>D\u00f6vl\u0259t Sosial M\u00fcdafi\u0259 Fondundan Meydan TV-y\u0259 bildiribl\u0259r ki, B\u0259yl\u0259r \u0130brahimovun ad\u0131na pay torpa\u011f\u0131 olsa da, o, m\u0259cburi sosial s\u0131\u011forta \u00f6d\u0259ni\u015fl\u0259rini d\u00fczg\u00fcn aparmad\u0131\u011f\u0131na g\u00f6r\u0259, Ayt\u0259kin M\u0259mm\u0259dova is\u0259 i\u015fsiz oldu\u011funa g\u00f6r\u0259 onlar\u0131n \u00fcnvanl\u0131 d\u00f6vl\u0259t sosial yard\u0131m\u0131 il\u0259 ba\u011fl\u0131 m\u00fcraci\u0259tin\u0259 imtina cavab\u0131 verilib. <\/p>\n\n\n\n<p>B\u0259yl\u0259r \u0130brahimov bildirir ki, o, ad\u0131na olan pay torpa\u011f\u0131ndan istifad\u0259 ed\u0259 bilmir. <\/p>\n\n\n\n<p>Astara Rayon \u0130cra Hakimiyy\u0259tind\u0259n Meydan TV-y\u0259 bildiribl\u0259r ki, v\u0259t\u0259nda\u015flar i\u015fl\u0259 t\u0259min olunmaq \u00fc\u00e7\u00fcn quruma yox, M\u0259\u015f\u011fulluq idar\u0259sin\u0259 m\u00fcraci\u0259t etm\u0259lidirl\u0259r.<a href=\"https:\/\/www.youtube.com\/@MeydanTelevision\"><\/a><\/p>\n","protected":false},"excerpt":{"rendered":"<p>Astaran\u0131n S\u0259liv\u0259 k\u0259ndind\u0259 ya\u015fayan bu ail\u0259 i\u015fsizlikd\u0259n, evl\u0259rinin \u015f\u0259raitsizliyind\u0259n v\u0259 &#8230; <\/p>\n<p class=\"read-more-container\"><a title=\"Astara sakini bildirir ki, o, ad\u0131na olan pay torpa\u011f\u0131ndan istifad\u0259 ed\u0259 bilmir\" class=\"read-more button\" href=\"https:\/\/www.meydan.tv\/az\/article\/astara-sakin-bildirir-ki-o-adina-olan-pay-torpagindan-istifade-ede-bilmir\/#more-293759\" aria-label=\"Read more about Astara sakini bildirir ki, o, ad\u0131na olan pay torpa\u011f\u0131ndan istifad\u0259 ed\u0259 bilmir\">Davam\u0131<\/a><\/p>\n","protected":false},"author":12,"featured_media":293760,"comment_status":"closed","ping_status":"closed","sticky":false,"template":"","format":"standard","meta":{"_acf_changed":false,"_sitemap_exclude":false,"_sitemap_priority":"","_sitemap_frequency":"","footnotes":""},"categories":[60,63],"tags":[],"class_list":["post-293759","post","type-post","status-publish","format-standard","has-post-thumbnail","hentry","category-bolge","category-video-2","infinite-scroll-item","generate-columns","tablet-grid-50","mobile-grid-100","grid-parent","grid-33","no-featured-image-padding"],"acf":[],"yoast_head":"<!-- This site is optimized with the Yoast SEO plugin v27.4 - https:\/\/yoast.com\/product\/yoast-seo-wordpress\/ -->\n<title>Astara sakini bildirir ki, o, ad\u0131na olan pay torpa\u011f\u0131ndan istifad\u0259 ed\u0259 bilmir - MEYDAN.TV<\/title>\n<meta name=\"robots\" content=\"index, follow, max-snippet:-1, max-image-preview:large, max-video-preview:-1\" \/>\n<link rel=\"canonical\" href=\"https:\/\/www.meydan.tv\/az\/article\/astara-sakin-bildirir-ki-o-adina-olan-pay-torpagindan-istifade-ede-bilmir\/\" \/>\n<meta property=\"og:locale\" content=\"az_AZ\" \/>\n<meta property=\"og:type\" content=\"article\" \/>\n<meta property=\"og:title\" content=\"Astara sakini bildirir ki, o, ad\u0131na olan pay torpa\u011f\u0131ndan istifad\u0259 ed\u0259 bilmir - MEYDAN.TV\" \/>\n<meta property=\"og:description\" content=\"Astaran\u0131n S\u0259liv\u0259 k\u0259ndind\u0259 ya\u015fayan bu ail\u0259 i\u015fsizlikd\u0259n, evl\u0259rinin \u015f\u0259raitsizliyind\u0259n v\u0259 ... Davam\u0131\" \/>\n<meta property=\"og:url\" content=\"https:\/\/www.meydan.tv\/az\/article\/astara-sakin-bildirir-ki-o-adina-olan-pay-torpagindan-istifade-ede-bilmir\/\" \/>\n<meta property=\"og:site_name\" content=\"MEYDAN.TV\" \/>\n<meta property=\"article:published_time\" content=\"2023-12-22T14:32:17+00:00\" \/>\n<meta property=\"article:modified_time\" content=\"2023-12-22T14:32:20+00:00\" \/>\n<meta property=\"og:image\" content=\"https:\/\/www.meydan.tv\/wp-content\/uploads\/screenshot-2023-12-21-at-19.46.43.png\" \/>\n\t<meta property=\"og:image:width\" content=\"1580\" \/>\n\t<meta property=\"og:image:height\" content=\"848\" \/>\n\t<meta property=\"og:image:type\" content=\"image\/png\" \/>\n<meta name=\"author\" content=\"aleks\" \/>\n<meta name=\"twitter:card\" content=\"summary_large_image\" \/>\n<script type=\"application\/ld+json\" class=\"yoast-schema-graph\">{\"@context\":\"https:\\\/\\\/schema.org\",\"@graph\":[{\"@type\":\"Article\",\"@id\":\"https:\\\/\\\/www.meydan.tv\\\/az\\\/article\\\/astara-sakin-bildirir-ki-o-adina-olan-pay-torpagindan-istifade-ede-bilmir\\\/#article\",\"isPartOf\":{\"@id\":\"https:\\\/\\\/www.meydan.tv\\\/az\\\/article\\\/astara-sakin-bildirir-ki-o-adina-olan-pay-torpagindan-istifade-ede-bilmir\\\/\"},\"author\":{\"name\":\"aleks\",\"@id\":\"https:\\\/\\\/www.meydan.tv\\\/az\\\/#\\\/schema\\\/person\\\/476e9360e593fa131d5d71d51866f8da\"},\"headline\":\"Astara sakini bildirir ki, o, ad\u0131na olan pay torpa\u011f\u0131ndan istifad\u0259 ed\u0259 bilmir\",\"datePublished\":\"2023-12-22T14:32:17+00:00\",\"dateModified\":\"2023-12-22T14:32:20+00:00\",\"mainEntityOfPage\":{\"@id\":\"https:\\\/\\\/www.meydan.tv\\\/az\\\/article\\\/astara-sakin-bildirir-ki-o-adina-olan-pay-torpagindan-istifade-ede-bilmir\\\/\"},\"wordCount\":214,\"publisher\":{\"@id\":\"https:\\\/\\\/www.meydan.tv\\\/az\\\/#organization\"},\"image\":{\"@id\":\"https:\\\/\\\/www.meydan.tv\\\/az\\\/article\\\/astara-sakin-bildirir-ki-o-adina-olan-pay-torpagindan-istifade-ede-bilmir\\\/#primaryimage\"},\"thumbnailUrl\":\"https:\\\/\\\/www.meydan.tv\\\/wp-content\\\/uploads\\\/screenshot-2023-12-21-at-19.46.43.png\",\"articleSection\":[\"B\u00f6lg\u0259\",\"Video\"],\"inLanguage\":\"az\"},{\"@type\":\"WebPage\",\"@id\":\"https:\\\/\\\/www.meydan.tv\\\/az\\\/article\\\/astara-sakin-bildirir-ki-o-adina-olan-pay-torpagindan-istifade-ede-bilmir\\\/\",\"url\":\"https:\\\/\\\/www.meydan.tv\\\/az\\\/article\\\/astara-sakin-bildirir-ki-o-adina-olan-pay-torpagindan-istifade-ede-bilmir\\\/\",\"name\":\"Astara sakini bildirir ki, o, ad\u0131na olan pay torpa\u011f\u0131ndan istifad\u0259 ed\u0259 bilmir - MEYDAN.TV\",\"isPartOf\":{\"@id\":\"https:\\\/\\\/www.meydan.tv\\\/az\\\/#website\"},\"primaryImageOfPage\":{\"@id\":\"https:\\\/\\\/www.meydan.tv\\\/az\\\/article\\\/astara-sakin-bildirir-ki-o-adina-olan-pay-torpagindan-istifade-ede-bilmir\\\/#primaryimage\"},\"image\":{\"@id\":\"https:\\\/\\\/www.meydan.tv\\\/az\\\/article\\\/astara-sakin-bildirir-ki-o-adina-olan-pay-torpagindan-istifade-ede-bilmir\\\/#primaryimage\"},\"thumbnailUrl\":\"https:\\\/\\\/www.meydan.tv\\\/wp-content\\\/uploads\\\/screenshot-2023-12-21-at-19.46.43.png\",\"datePublished\":\"2023-12-22T14:32:17+00:00\",\"dateModified\":\"2023-12-22T14:32:20+00:00\",\"breadcrumb\":{\"@id\":\"https:\\\/\\\/www.meydan.tv\\\/az\\\/article\\\/astara-sakin-bildirir-ki-o-adina-olan-pay-torpagindan-istifade-ede-bilmir\\\/#breadcrumb\"},\"inLanguage\":\"az\",\"potentialAction\":[{\"@type\":\"ReadAction\",\"target\":[\"https:\\\/\\\/www.meydan.tv\\\/az\\\/article\\\/astara-sakin-bildirir-ki-o-adina-olan-pay-torpagindan-istifade-ede-bilmir\\\/\"]}]},{\"@type\":\"ImageObject\",\"inLanguage\":\"az\",\"@id\":\"https:\\\/\\\/www.meydan.tv\\\/az\\\/article\\\/astara-sakin-bildirir-ki-o-adina-olan-pay-torpagindan-istifade-ede-bilmir\\\/#primaryimage\",\"url\":\"https:\\\/\\\/www.meydan.tv\\\/wp-content\\\/uploads\\\/screenshot-2023-12-21-at-19.46.43.png\",\"contentUrl\":\"https:\\\/\\\/www.meydan.tv\\\/wp-content\\\/uploads\\\/screenshot-2023-12-21-at-19.46.43.png\",\"width\":1580,\"height\":848},{\"@type\":\"BreadcrumbList\",\"@id\":\"https:\\\/\\\/www.meydan.tv\\\/az\\\/article\\\/astara-sakin-bildirir-ki-o-adina-olan-pay-torpagindan-istifade-ede-bilmir\\\/#breadcrumb\",\"itemListElement\":[{\"@type\":\"ListItem\",\"position\":1,\"name\":\"Ana s\u0259hif\u0259\",\"item\":\"https:\\\/\\\/www.meydan.tv\\\/az\\\/\"},{\"@type\":\"ListItem\",\"position\":2,\"name\":\"Video\",\"item\":\"https:\\\/\\\/www.meydan.tv\\\/az\\\/section\\\/video-2\\\/\"},{\"@type\":\"ListItem\",\"position\":3,\"name\":\"Astara sakini bildirir ki, o, ad\u0131na olan pay torpa\u011f\u0131ndan istifad\u0259 ed\u0259 bilmir\"}]},{\"@type\":\"WebSite\",\"@id\":\"https:\\\/\\\/www.meydan.tv\\\/az\\\/#website\",\"url\":\"https:\\\/\\\/www.meydan.tv\\\/az\\\/\",\"name\":\"MEYDAN.TV\",\"description\":\"Meydan TV Az\u0259rbaycan\u0131n media m\u0259kan\u0131ndak\u0131 alternativ s\u0259sidir\",\"publisher\":{\"@id\":\"https:\\\/\\\/www.meydan.tv\\\/az\\\/#organization\"},\"potentialAction\":[{\"@type\":\"SearchAction\",\"target\":{\"@type\":\"EntryPoint\",\"urlTemplate\":\"https:\\\/\\\/www.meydan.tv\\\/az\\\/?s={search_term_string}\"},\"query-input\":{\"@type\":\"PropertyValueSpecification\",\"valueRequired\":true,\"valueName\":\"search_term_string\"}}],\"inLanguage\":\"az\"},{\"@type\":\"Organization\",\"@id\":\"https:\\\/\\\/www.meydan.tv\\\/az\\\/#organization\",\"name\":\"Meydan TV\",\"url\":\"https:\\\/\\\/www.meydan.tv\\\/az\\\/\",\"logo\":{\"@type\":\"ImageObject\",\"inLanguage\":\"az\",\"@id\":\"https:\\\/\\\/www.meydan.tv\\\/az\\\/#\\\/schema\\\/logo\\\/image\\\/\",\"url\":\"https:\\\/\\\/www.meydan.tv\\\/wp-content\\\/uploads\\\/2021\\\/07\\\/meydan-logo.svg\",\"contentUrl\":\"https:\\\/\\\/www.meydan.tv\\\/wp-content\\\/uploads\\\/2021\\\/07\\\/meydan-logo.svg\",\"width\":195,\"height\":46,\"caption\":\"Meydan TV\"},\"image\":{\"@id\":\"https:\\\/\\\/www.meydan.tv\\\/az\\\/#\\\/schema\\\/logo\\\/image\\\/\"}},{\"@type\":\"Person\",\"@id\":\"https:\\\/\\\/www.meydan.tv\\\/az\\\/#\\\/schema\\\/person\\\/476e9360e593fa131d5d71d51866f8da\",\"name\":\"aleks\"}]}<\/script>\n<!-- \/ Yoast SEO plugin. -->","yoast_head_json":{"title":"Astara sakini bildirir ki, o, ad\u0131na olan pay torpa\u011f\u0131ndan istifad\u0259 ed\u0259 bilmir - MEYDAN.TV","robots":{"index":"index","follow":"follow","max-snippet":"max-snippet:-1","max-image-preview":"max-image-preview:large","max-video-preview":"max-video-preview:-1"},"canonical":"https:\/\/www.meydan.tv\/az\/article\/astara-sakin-bildirir-ki-o-adina-olan-pay-torpagindan-istifade-ede-bilmir\/","og_locale":"az_AZ","og_type":"article","og_title":"Astara sakini bildirir ki, o, ad\u0131na olan pay torpa\u011f\u0131ndan istifad\u0259 ed\u0259 bilmir - MEYDAN.TV","og_description":"Astaran\u0131n S\u0259liv\u0259 k\u0259ndind\u0259 ya\u015fayan bu ail\u0259 i\u015fsizlikd\u0259n, evl\u0259rinin \u015f\u0259raitsizliyind\u0259n v\u0259 ... Davam\u0131","og_url":"https:\/\/www.meydan.tv\/az\/article\/astara-sakin-bildirir-ki-o-adina-olan-pay-torpagindan-istifade-ede-bilmir\/","og_site_name":"MEYDAN.TV","article_published_time":"2023-12-22T14:32:17+00:00","article_modified_time":"2023-12-22T14:32:20+00:00","og_image":[{"width":1580,"height":848,"url":"https:\/\/www.meydan.tv\/wp-content\/uploads\/screenshot-2023-12-21-at-19.46.43.png","type":"image\/png"}],"author":"aleks","twitter_card":"summary_large_image","schema":{"@context":"https:\/\/schema.org","@graph":[{"@type":"Article","@id":"https:\/\/www.meydan.tv\/az\/article\/astara-sakin-bildirir-ki-o-adina-olan-pay-torpagindan-istifade-ede-bilmir\/#article","isPartOf":{"@id":"https:\/\/www.meydan.tv\/az\/article\/astara-sakin-bildirir-ki-o-adina-olan-pay-torpagindan-istifade-ede-bilmir\/"},"author":{"name":"aleks","@id":"https:\/\/www.meydan.tv\/az\/#\/schema\/person\/476e9360e593fa131d5d71d51866f8da"},"headline":"Astara sakini bildirir ki, o, ad\u0131na olan pay torpa\u011f\u0131ndan istifad\u0259 ed\u0259 bilmir","datePublished":"2023-12-22T14:32:17+00:00","dateModified":"2023-12-22T14:32:20+00:00","mainEntityOfPage":{"@id":"https:\/\/www.meydan.tv\/az\/article\/astara-sakin-bildirir-ki-o-adina-olan-pay-torpagindan-istifade-ede-bilmir\/"},"wordCount":214,"publisher":{"@id":"https:\/\/www.meydan.tv\/az\/#organization"},"image":{"@id":"https:\/\/www.meydan.tv\/az\/article\/astara-sakin-bildirir-ki-o-adina-olan-pay-torpagindan-istifade-ede-bilmir\/#primaryimage"},"thumbnailUrl":"https:\/\/www.meydan.tv\/wp-content\/uploads\/screenshot-2023-12-21-at-19.46.43.png","articleSection":["B\u00f6lg\u0259","Video"],"inLanguage":"az"},{"@type":"WebPage","@id":"https:\/\/www.meydan.tv\/az\/article\/astara-sakin-bildirir-ki-o-adina-olan-pay-torpagindan-istifade-ede-bilmir\/","url":"https:\/\/www.meydan.tv\/az\/article\/astara-sakin-bildirir-ki-o-adina-olan-pay-torpagindan-istifade-ede-bilmir\/","name":"Astara sakini bildirir ki, o, ad\u0131na olan pay torpa\u011f\u0131ndan istifad\u0259 ed\u0259 bilmir - MEYDAN.TV","isPartOf":{"@id":"https:\/\/www.meydan.tv\/az\/#website"},"primaryImageOfPage":{"@id":"https:\/\/www.meydan.tv\/az\/article\/astara-sakin-bildirir-ki-o-adina-olan-pay-torpagindan-istifade-ede-bilmir\/#primaryimage"},"image":{"@id":"https:\/\/www.meydan.tv\/az\/article\/astara-sakin-bildirir-ki-o-adina-olan-pay-torpagindan-istifade-ede-bilmir\/#primaryimage"},"thumbnailUrl":"https:\/\/www.meydan.tv\/wp-content\/uploads\/screenshot-2023-12-21-at-19.46.43.png","datePublished":"2023-12-22T14:32:17+00:00","dateModified":"2023-12-22T14:32:20+00:00","breadcrumb":{"@id":"https:\/\/www.meydan.tv\/az\/article\/astara-sakin-bildirir-ki-o-adina-olan-pay-torpagindan-istifade-ede-bilmir\/#breadcrumb"},"inLanguage":"az","potentialAction":[{"@type":"ReadAction","target":["https:\/\/www.meydan.tv\/az\/article\/astara-sakin-bildirir-ki-o-adina-olan-pay-torpagindan-istifade-ede-bilmir\/"]}]},{"@type":"ImageObject","inLanguage":"az","@id":"https:\/\/www.meydan.tv\/az\/article\/astara-sakin-bildirir-ki-o-adina-olan-pay-torpagindan-istifade-ede-bilmir\/#primaryimage","url":"https:\/\/www.meydan.tv\/wp-content\/uploads\/screenshot-2023-12-21-at-19.46.43.png","contentUrl":"https:\/\/www.meydan.tv\/wp-content\/uploads\/screenshot-2023-12-21-at-19.46.43.png","width":1580,"height":848},{"@type":"BreadcrumbList","@id":"https:\/\/www.meydan.tv\/az\/article\/astara-sakin-bildirir-ki-o-adina-olan-pay-torpagindan-istifade-ede-bilmir\/#breadcrumb","itemListElement":[{"@type":"ListItem","position":1,"name":"Ana s\u0259hif\u0259","item":"https:\/\/www.meydan.tv\/az\/"},{"@type":"ListItem","position":2,"name":"Video","item":"https:\/\/www.meydan.tv\/az\/section\/video-2\/"},{"@type":"ListItem","position":3,"name":"Astara sakini bildirir ki, o, ad\u0131na olan pay torpa\u011f\u0131ndan istifad\u0259 ed\u0259 bilmir"}]},{"@type":"WebSite","@id":"https:\/\/www.meydan.tv\/az\/#website","url":"https:\/\/www.meydan.tv\/az\/","name":"MEYDAN.TV","description":"Meydan TV Az\u0259rbaycan\u0131n media m\u0259kan\u0131ndak\u0131 alternativ s\u0259sidir","publisher":{"@id":"https:\/\/www.meydan.tv\/az\/#organization"},"potentialAction":[{"@type":"SearchAction","target":{"@type":"EntryPoint","urlTemplate":"https:\/\/www.meydan.tv\/az\/?s={search_term_string}"},"query-input":{"@type":"PropertyValueSpecification","valueRequired":true,"valueName":"search_term_string"}}],"inLanguage":"az"},{"@type":"Organization","@id":"https:\/\/www.meydan.tv\/az\/#organization","name":"Meydan TV","url":"https:\/\/www.meydan.tv\/az\/","logo":{"@type":"ImageObject","inLanguage":"az","@id":"https:\/\/www.meydan.tv\/az\/#\/schema\/logo\/image\/","url":"https:\/\/www.meydan.tv\/wp-content\/uploads\/2021\/07\/meydan-logo.svg","contentUrl":"https:\/\/www.meydan.tv\/wp-content\/uploads\/2021\/07\/meydan-logo.svg","width":195,"height":46,"caption":"Meydan TV"},"image":{"@id":"https:\/\/www.meydan.tv\/az\/#\/schema\/logo\/image\/"}},{"@type":"Person","@id":"https:\/\/www.meydan.tv\/az\/#\/schema\/person\/476e9360e593fa131d5d71d51866f8da","name":"aleks"}]}},"_links":{"self":[{"href":"https:\/\/www.meydan.tv\/az\/wp-json\/wp\/v2\/posts\/293759","targetHints":{"allow":["GET"]}}],"collection":[{"href":"https:\/\/www.meydan.tv\/az\/wp-json\/wp\/v2\/posts"}],"about":[{"href":"https:\/\/www.meydan.tv\/az\/wp-json\/wp\/v2\/types\/post"}],"author":[{"embeddable":true,"href":"https:\/\/www.meydan.tv\/az\/wp-json\/wp\/v2\/users\/12"}],"replies":[{"embeddable":true,"href":"https:\/\/www.meydan.tv\/az\/wp-json\/wp\/v2\/comments?post=293759"}],"version-history":[{"count":4,"href":"https:\/\/www.meydan.tv\/az\/wp-json\/wp\/v2\/posts\/293759\/revisions"}],"predecessor-version":[{"id":293767,"href":"https:\/\/www.meydan.tv\/az\/wp-json\/wp\/v2\/posts\/293759\/revisions\/293767"}],"wp:featuredmedia":[{"embeddable":true,"href":"https:\/\/www.meydan.tv\/az\/wp-json\/wp\/v2\/media\/293760"}],"wp:attachment":[{"href":"https:\/\/www.meydan.tv\/az\/wp-json\/wp\/v2\/media?parent=293759"}],"wp:term":[{"taxonomy":"category","embeddable":true,"href":"https:\/\/www.meydan.tv\/az\/wp-json\/wp\/v2\/categories?post=293759"},{"taxonomy":"post_tag","embeddable":true,"href":"https:\/\/www.meydan.tv\/az\/wp-json\/wp\/v2\/tags?post=293759"}],"curies":[{"name":"wp","href":"https:\/\/api.w.org\/{rel}","templated":true}]}}