{"id":293742,"date":"2023-12-22T16:36:07","date_gmt":"2023-12-22T12:36:07","guid":{"rendered":"https:\/\/www.meydan.tv\/?p=293742"},"modified":"2023-12-22T16:36:11","modified_gmt":"2023-12-22T12:36:11","slug":"ermenistan-azerbaycan-munaqisesinden-behs-eden-film-oskarda","status":"publish","type":"post","link":"https:\/\/www.meydan.tv\/az\/article\/ermenistan-azerbaycan-munaqisesinden-behs-eden-film-oskarda\/","title":{"rendered":"Erm\u0259nistan-Az\u0259rbaycan m\u00fcnaqi\u015f\u0259sind\u0259n b\u0259hs ed\u0259n film \u201cOskar\u201dda"},"content":{"rendered":"\n<p><\/p>\n\n\n\n<p><strong><em>Filmd\u0259 iddia olunur ki, Baqramyan Az\u0259rbaycanda etnik t\u0259qibl\u0259r\u0259 m\u0259ruz qal\u0131b<\/em><\/strong><\/p>\n\n\n\n<p>Amerikan\u0131n H\u0259r\u0259k\u0259tli \u015e\u0259kil S\u0259n\u0259tl\u0259ri v\u0259 Elml\u0259ri Akademiyas\u0131 10 kateqoriya \u00fczr\u0259 \u201cOskar\u201d film m\u00fckafatlar\u0131na namiz\u0259dl\u0259rin q\u0131sa siyah\u0131s\u0131n\u0131 <a href=\"https:\/\/www.oscars.org\/sites\/oscars\/files\/96th_oscarsr_shortlists_in_10_award_categories_announced.pdf\">a\u00e7\u0131qlay\u0131b.<\/a><\/p>\n\n\n\n<p>\u201c\u018fn yax\u015f\u0131 xarici b\u0259dii film\u201d, \u201c\u018fn yax\u015f\u0131 s\u0259n\u0259dli film\u201d, \u201c\u018fn yax\u015f\u0131 musiqi\u201d, \u201c\u018fn yax\u015f\u0131 q\u0131sametrajl\u0131 s\u0259n\u0259dli film\u201d, \u201c\u018fn yax\u015f\u0131 makiyaj v\u0259 sa\u00e7 d\u00fcz\u00fcm\u00fc\u201d, \u201c\u018fn yax\u015f\u0131 mahn\u0131\u201d, \u201c\u018fn yax\u015f\u0131 q\u0131sametrajl\u0131 animasiya\u201d, \u201c\u018fn yax\u015f\u0131 q\u0131sametrajl\u0131 film\u201d, \u201c\u018fn yax\u015f\u0131 s\u0259s\u201d, \u201c\u018fn yax\u015f\u0131 vizual effektl\u0259r\u201d nominasiyalar\u0131nda filml\u0259rin siyah\u0131s\u0131 t\u0259qdim olunub.<\/p>\n\n\n\n<p>Siyah\u0131ya Rusiyan\u0131n Ukraynada ke\u00e7irdiyi h\u0259rbi \u0259m\u0259liyyatlardan b\u0259hs ed\u0259n film d\u0259 sal\u0131n\u0131b.<\/p>\n\n\n\n<p>Rejissor Mstislav \u00c7ernovun Rusiyan\u0131n Ukraynaya h\u0259rbi m\u00fcdaxil\u0259sinin ilk g\u00fcnl\u0259rind\u0259n b\u0259hs ed\u0259n \u201cMariupolda 20 g\u00fcn\u201d s\u0259n\u0259dli filmi iki kateqoriya -\u201c\u018fn yax\u015f\u0131 s\u0259n\u0259dli film\u201d v\u0259 \u201c\u018fn yax\u015f\u0131 xarici film\u201d nominasiyalar\u0131nda siyah\u0131ya d\u00fc\u015f\u00fcb.<\/p>\n\n\n\n<p>\u201c<strong>Mariupolda 20 g\u00fcn\u201d<\/strong> m\u00fcharib\u0259nin ilk g\u00fcnl\u0259rinin s\u0259n\u0259dli xronikas\u0131d\u0131r.<\/p>\n\n\n\n<p>Rejissor Mstislav \u00c7ernov, fotoqraf Yevgeni Maloletka v\u0259 prod\u00fcser Vasilisa Stepanenkonun daxil oldu\u011fu \u201cAssociated Press\u201din m\u00fcxbirl\u0259rind\u0259n ibar\u0259t qrup 20 g\u00fcn \u0259rzind\u0259 Mariupolda ba\u015f ver\u0259n h\u0259rbi \u0259m\u0259liyyatlar\u0131 lent\u0259 al\u0131blar.<\/p>\n\n\n\n<p>\u0130srail-F\u0259l\u0259stin m\u00fcnaqi\u015f\u0259si fonunda is\u0259 rejissor Ayelet Menaheminin filmi siyah\u0131ya sal\u0131nmay\u0131b.<\/p>\n\n\n\n<p>S\u00f6hb\u0259t \u0130srailin \u201cYeddi nem\u0259t\u201d (\u201cSeven Blessings\u201d- \u201cSheva Berachot\u201d) filmind\u0259n gedir. Bu film \u201c\u018fn yax\u015f\u0131 xarici film\u201d kateqoriyas\u0131nda q\u0131sa siyah\u0131ya daxil edilm\u0259yib.<\/p>\n\n\n\n<p>\u201c<strong>Yeddi nem\u0259t\u201d \u2013<\/strong> rejissor Ayelet Menahemi t\u0259r\u0259find\u0259n 2023-c\u00fc ild\u0259 \u00e7\u0259kilmi\u015f \u0130srail komediya-dram filmidir.<\/p>\n\n\n\n<p>Dig\u0259r siyasi motivli film is\u0259 Erm\u0259nistan-Az\u0259rbaycan m\u00fcnqaqi\u015f\u0259sini \u00f6z\u00fcnd\u0259 \u0259ks etdirir.<\/p>\n\n\n\n<p>\u201cThe Last Repair Shop\u201d (rejissorlar Ben Prauduft v\u0259 Kris Bauersin) q\u0131sametrajl\u0131 s\u0259n\u0259dli filminin q\u0259hr\u0259man\u0131 erm\u0259ni \u0259slilli Stiv Baqramyand\u0131r.<\/p>\n\n\n\n<p>Filmd\u0259 iddia olunur ki, Baqramyan 1980-ci ill\u0259rd\u0259 Az\u0259rbaycanda etnik t\u0259qibl\u0259r\u0259 m\u0259ruz qal\u0131b.<\/p>\n\n\n\n<p><strong>\u201cThe Last Repair Shop\u201d<\/strong> \u201c\u018fn yax\u015f\u0131 q\u0131sametrajl\u0131 s\u0259n\u0259dli film\u201d nominasiyas\u0131nda q\u0131sa siyah\u0131ya d\u00fc\u015f\u00fcb.<\/p>\n\n\n\n<p>Film bu kateqoriya \u00fczr\u0259 t\u0259qdim olunmu\u015f 114 film aras\u0131ndan se\u00e7ilib.<\/p>\n\n\n\n<p>Az\u0259rbaycan da 2007-ci ild\u0259n \u201cXarici dild\u0259 \u0259n yax\u015f\u0131 film\u201d \u00fczr\u0259 \u201cOskar\u201d m\u00fckafat\u0131na filml\u0259rini t\u0259qdim edir.<\/p>\n\n\n\n<p>Bu, Az\u0259rbaycan Respublikas\u0131 Kinematoqrafiya \u0130ttifaq\u0131n\u0131n (ARK\u0130) \u201cOskar\u201d komit\u0259si t\u0259r\u0259find\u0259n h\u0259yata ke\u00e7irilir.<\/p>\n\n\n\n<p>\u0130ndiy\u0259d\u0259k \u201cQafqaz\u201d (\u201cCaucasia\u201d) \u2013 rejissor F\u0259rid H\u00fcmb\u0259tov (2007), \u201cQala\u201d (\u201cFortress\u201d) \u2013 rejissor \u015eamil N\u0259c\u0259fzad\u0259 (2008), \u201cSah\u0259\u201d (\u201cThe Precinct\u201d) rejissor \u0130lqar Safat (2010), \u201cButa\u201d (\u201cButa\u201d) \u2013 rejissor \u0130qlar N\u0259c\u0259f (2012), \u201c\u00c7\u00f6l\u00e7\u00fc\u201d (\u201cSteppe Man\u201d) \u2013 rejissor \u015eamil \u018fliyev (2013), \u201cNabat\u201d (\u201cNabat\u201d) \u2013 rejissor: El\u00e7in Musao\u011flu (2014), \u201cNar ba\u011f\u0131\u201d (\u201cPomegranate Orchard\u201d)\u2013 rejissor \u0130lqar N\u0259c\u0259f (2017), \u201cDaxild\u0259ki ada\u201d (\u201cThe Island within\u201d) &#8211; rejissor R\u00fcf\u0259t H\u0259s\u0259nov (2021), \u201cYaradanlar\u201d (\u201cCreators\u201d) &#8211; rejissor \u015eamil \u018fliyev (2022) filml\u0259ri \u201cOskar\u201da t\u0259qdim olunsa da, namiz\u0259dlikl\u0259ri ir\u0259li s\u00fcr\u00fclm\u0259yib.<\/p>\n\n\n\n<p>Bu il is\u0259 \u201cXarici dild\u0259 \u0259n yax\u015f\u0131 film\u201d nominasiyas\u0131nda \u201cOskar\u201da \u00fcmumiyy\u0259tl\u0259, he\u00e7 bir film t\u0259qdim olunmay\u0131b.<\/p>\n\n\n\n<p>\u201cOskar\u201d komit\u0259sinin katibi, kinorejissor \u015eamil \u018fliyev Meydan TV-y\u0259 deyir ki, film istehsalat\u0131 dayan\u0131b.<\/p>\n\n\n\n<p>He\u00e7 bir studiya \u201cOskar\u201da uy\u011fun parametrl\u0259rd\u0259 film \u00e7\u0259km\u0259yib.<\/p>\n\n\n\n<p>Uy\u011fun parametrli filml\u0259rin d\u0259 \u201cOskar\u201d\u0131n \u015f\u0259rtl\u0259rin\u0259 g\u00f6r\u0259 prokat\u0131 t\u0259\u015fkil edilm\u0259yib.<\/p>\n\n\n\n<p><em>\u201c\u201cOskar\u201d el\u0259-bel\u0259 t\u0259dbir deyil ki, ora n\u0259 film g\u0259ldi, g\u00f6nd\u0259r\u0259s\u0259n. \u00d6t\u0259n il \u0259rzind\u0259 film \u00e7\u0259kili\u015fl\u0259ri dayand\u0131. He\u00e7 bir studiya, he\u00e7 bir prod\u00fcser m\u0259rk\u0259zi film t\u0259qdim etm\u0259di. Prod\u00fcserl\u0259r \u00f6zl\u0259ri bel\u0259 q\u0259rara g\u0259libl\u0259r ki, \u201cOskar\u201da tutarl\u0131, layiq film yox imi\u015f. Ora t\u0259qim edil\u0259c\u0259k film m\u00fc\u0259yy\u0259n m\u00fcdd\u0259td\u0259 prokatda olmal\u0131 idi. Ke\u00e7\u0259n ill\u0259rd\u0259 istehsalat\u0131 bitmi\u015f filml\u0259rin prokat\u0131 laz\u0131mi s\u0259viyy\u0259d\u0259 olmam\u0131\u015fd\u0131. B\u0259zi filml\u0259r veril\u0259 bil\u0259rdi. Amma h\u0259min filml\u0259rin d\u0259 prokata \u00e7\u0131xmalar\u0131nda m\u00fc\u0259yy\u0259n probleml\u0259r yarand\u0131. Ke\u00e7\u0259n ilin avqustun sonuna q\u0259d\u0259r, filml\u0259r prokata \u00e7\u0131xmal\u0131 idi\u201d<\/em>.<\/p>\n\n\n\n<p>Katib hesab edir ki, ba\u015f ver\u0259nl\u0259r Kino Agentliyinin yaranmas\u0131 il\u0259 \u0259laq\u0259dard\u0131r.<\/p>\n\n\n\n<p>O deyir ki, M\u0259d\u0259niyy\u0259t Nazirliyind\u0259 m\u00fc\u0259yy\u0259n struktur d\u0259yi\u015fikliyi ba\u015f verdiyi \u00fc\u00e7\u00fcn film istehsalat\u0131 dayan\u0131b.<\/p>\n\n\n\n<p>Sevda Sultanova daha \u00f6nc\u0259 m\u00f6vzu il\u0259 \u0259laq\u0259dar demi\u015fdi ki, Amerikan\u0131n H\u0259r\u0259k\u0259tli \u015e\u0259kil S\u0259n\u0259tl\u0259ri v\u0259 Elml\u0259ri Akademiyas\u0131na sanball\u0131 film g\u00f6nd\u0259rm\u0259k \u00fc\u00e7\u00fcn Az\u0259rbaycanda il \u0259rzind\u0259 he\u00e7 olmasa 20-30 film <a href=\"https:\/\/storage.googleapis.com\/qurium\/www.meydan.tv\/az-article-kinotenqidci-medeniyyet-nazirliyinin-sifarisi-ile-3-4-film-cekmekle-kino-inkisaf-etmeyecek.html\">\u00e7\u0259kilm\u0259lidir.<\/a><\/p>\n\n\n\n<p>\u0130ki il \u00f6nc\u0259y\u0259 q\u0259d\u0259r d\u00f6vl\u0259t b\u00fcdc\u0259sind\u0259n ayr\u0131lan v\u0259saitl\u0259 4-5 film istehsalata burax\u0131l\u0131rd\u0131.<\/p>\n\n\n\n<p>2023-c\u00fc ild\u0259 d\u00f6vl\u0259t sifari\u015fi il\u0259 bir film d\u0259 olsun istehsalata burax\u0131lmay\u0131b.<\/p>\n","protected":false},"excerpt":{"rendered":"<p>Filmd\u0259 iddia olunur ki, Baqramyan Az\u0259rbaycanda etnik t\u0259qibl\u0259r\u0259 m\u0259ruz qal\u0131b &#8230; <\/p>\n<p class=\"read-more-container\"><a title=\"Erm\u0259nistan-Az\u0259rbaycan m\u00fcnaqi\u015f\u0259sind\u0259n b\u0259hs ed\u0259n film \u201cOskar\u201dda\" class=\"read-more button\" href=\"https:\/\/www.meydan.tv\/az\/article\/ermenistan-azerbaycan-munaqisesinden-behs-eden-film-oskarda\/#more-293742\" aria-label=\"Read more about Erm\u0259nistan-Az\u0259rbaycan m\u00fcnaqi\u015f\u0259sind\u0259n b\u0259hs ed\u0259n film \u201cOskar\u201dda\">Davam\u0131<\/a><\/p>\n","protected":false},"author":8,"featured_media":157781,"comment_status":"closed","ping_status":"closed","sticky":false,"template":"","format":"standard","meta":{"_acf_changed":false,"_sitemap_exclude":false,"_sitemap_priority":"","_sitemap_frequency":"","footnotes":""},"categories":[52,56],"tags":[],"class_list":["post-293742","post","type-post","status-publish","format-standard","has-post-thumbnail","hentry","category-medeniyyet","category-xeberler","infinite-scroll-item","generate-columns","tablet-grid-50","mobile-grid-100","grid-parent","grid-33","no-featured-image-padding"],"acf":[],"yoast_head":"<!-- This site is optimized with the Yoast SEO plugin v27.4 - https:\/\/yoast.com\/product\/yoast-seo-wordpress\/ -->\n<title>Erm\u0259nistan-Az\u0259rbaycan m\u00fcnaqi\u015f\u0259sind\u0259n b\u0259hs ed\u0259n film \u201cOskar\u201dda - MEYDAN.TV<\/title>\n<meta name=\"robots\" content=\"index, follow, max-snippet:-1, max-image-preview:large, max-video-preview:-1\" \/>\n<link rel=\"canonical\" href=\"https:\/\/www.meydan.tv\/az\/article\/ermenistan-azerbaycan-munaqisesinden-behs-eden-film-oskarda\/\" \/>\n<meta property=\"og:locale\" content=\"az_AZ\" \/>\n<meta property=\"og:type\" content=\"article\" \/>\n<meta property=\"og:title\" content=\"Erm\u0259nistan-Az\u0259rbaycan m\u00fcnaqi\u015f\u0259sind\u0259n b\u0259hs ed\u0259n film \u201cOskar\u201dda - MEYDAN.TV\" \/>\n<meta property=\"og:description\" content=\"Filmd\u0259 iddia olunur ki, Baqramyan Az\u0259rbaycanda etnik t\u0259qibl\u0259r\u0259 m\u0259ruz qal\u0131b ... Davam\u0131\" \/>\n<meta property=\"og:url\" content=\"https:\/\/www.meydan.tv\/az\/article\/ermenistan-azerbaycan-munaqisesinden-behs-eden-film-oskarda\/\" \/>\n<meta property=\"og:site_name\" content=\"MEYDAN.TV\" \/>\n<meta property=\"article:published_time\" content=\"2023-12-22T12:36:07+00:00\" \/>\n<meta property=\"article:modified_time\" content=\"2023-12-22T12:36:11+00:00\" \/>\n<meta property=\"og:image\" content=\"https:\/\/www.meydan.tv\/wp-content\/uploads\/bffea81f-c4d2-46f5-ba00-8e77a6b84f35-e1678703888203.jpeg\" \/>\n\t<meta property=\"og:image:width\" content=\"1920\" \/>\n\t<meta property=\"og:image:height\" content=\"955\" \/>\n\t<meta property=\"og:image:type\" content=\"image\/jpeg\" \/>\n<meta name=\"author\" content=\"elli\" \/>\n<meta name=\"twitter:card\" content=\"summary_large_image\" \/>\n<meta name=\"twitter:creator\" content=\"@elli\" \/>\n<script type=\"application\/ld+json\" class=\"yoast-schema-graph\">{\"@context\":\"https:\\\/\\\/schema.org\",\"@graph\":[{\"@type\":\"Article\",\"@id\":\"https:\\\/\\\/www.meydan.tv\\\/az\\\/article\\\/ermenistan-azerbaycan-munaqisesinden-behs-eden-film-oskarda\\\/#article\",\"isPartOf\":{\"@id\":\"https:\\\/\\\/www.meydan.tv\\\/az\\\/article\\\/ermenistan-azerbaycan-munaqisesinden-behs-eden-film-oskarda\\\/\"},\"author\":{\"name\":\"elli\",\"@id\":\"https:\\\/\\\/www.meydan.tv\\\/az\\\/#\\\/schema\\\/person\\\/9cdbecf90d17180ce1dfbd95b08dcf47\"},\"headline\":\"Erm\u0259nistan-Az\u0259rbaycan m\u00fcnaqi\u015f\u0259sind\u0259n b\u0259hs ed\u0259n film \u201cOskar\u201dda\",\"datePublished\":\"2023-12-22T12:36:07+00:00\",\"dateModified\":\"2023-12-22T12:36:11+00:00\",\"mainEntityOfPage\":{\"@id\":\"https:\\\/\\\/www.meydan.tv\\\/az\\\/article\\\/ermenistan-azerbaycan-munaqisesinden-behs-eden-film-oskarda\\\/\"},\"wordCount\":844,\"publisher\":{\"@id\":\"https:\\\/\\\/www.meydan.tv\\\/az\\\/#organization\"},\"image\":{\"@id\":\"https:\\\/\\\/www.meydan.tv\\\/az\\\/article\\\/ermenistan-azerbaycan-munaqisesinden-behs-eden-film-oskarda\\\/#primaryimage\"},\"thumbnailUrl\":\"https:\\\/\\\/www.meydan.tv\\\/wp-content\\\/uploads\\\/bffea81f-c4d2-46f5-ba00-8e77a6b84f35-e1678703888203.jpeg\",\"articleSection\":[\"M\u0259d\u0259niyy\u0259t\",\"X\u0259b\u0259rl\u0259r\"],\"inLanguage\":\"az\"},{\"@type\":\"WebPage\",\"@id\":\"https:\\\/\\\/www.meydan.tv\\\/az\\\/article\\\/ermenistan-azerbaycan-munaqisesinden-behs-eden-film-oskarda\\\/\",\"url\":\"https:\\\/\\\/www.meydan.tv\\\/az\\\/article\\\/ermenistan-azerbaycan-munaqisesinden-behs-eden-film-oskarda\\\/\",\"name\":\"Erm\u0259nistan-Az\u0259rbaycan m\u00fcnaqi\u015f\u0259sind\u0259n b\u0259hs ed\u0259n film \u201cOskar\u201dda - MEYDAN.TV\",\"isPartOf\":{\"@id\":\"https:\\\/\\\/www.meydan.tv\\\/az\\\/#website\"},\"primaryImageOfPage\":{\"@id\":\"https:\\\/\\\/www.meydan.tv\\\/az\\\/article\\\/ermenistan-azerbaycan-munaqisesinden-behs-eden-film-oskarda\\\/#primaryimage\"},\"image\":{\"@id\":\"https:\\\/\\\/www.meydan.tv\\\/az\\\/article\\\/ermenistan-azerbaycan-munaqisesinden-behs-eden-film-oskarda\\\/#primaryimage\"},\"thumbnailUrl\":\"https:\\\/\\\/www.meydan.tv\\\/wp-content\\\/uploads\\\/bffea81f-c4d2-46f5-ba00-8e77a6b84f35-e1678703888203.jpeg\",\"datePublished\":\"2023-12-22T12:36:07+00:00\",\"dateModified\":\"2023-12-22T12:36:11+00:00\",\"breadcrumb\":{\"@id\":\"https:\\\/\\\/www.meydan.tv\\\/az\\\/article\\\/ermenistan-azerbaycan-munaqisesinden-behs-eden-film-oskarda\\\/#breadcrumb\"},\"inLanguage\":\"az\",\"potentialAction\":[{\"@type\":\"ReadAction\",\"target\":[\"https:\\\/\\\/www.meydan.tv\\\/az\\\/article\\\/ermenistan-azerbaycan-munaqisesinden-behs-eden-film-oskarda\\\/\"]}]},{\"@type\":\"ImageObject\",\"inLanguage\":\"az\",\"@id\":\"https:\\\/\\\/www.meydan.tv\\\/az\\\/article\\\/ermenistan-azerbaycan-munaqisesinden-behs-eden-film-oskarda\\\/#primaryimage\",\"url\":\"https:\\\/\\\/www.meydan.tv\\\/wp-content\\\/uploads\\\/bffea81f-c4d2-46f5-ba00-8e77a6b84f35-e1678703888203.jpeg\",\"contentUrl\":\"https:\\\/\\\/www.meydan.tv\\\/wp-content\\\/uploads\\\/bffea81f-c4d2-46f5-ba00-8e77a6b84f35-e1678703888203.jpeg\",\"width\":1920,\"height\":955,\"caption\":\"Foto: Oscar\"},{\"@type\":\"BreadcrumbList\",\"@id\":\"https:\\\/\\\/www.meydan.tv\\\/az\\\/article\\\/ermenistan-azerbaycan-munaqisesinden-behs-eden-film-oskarda\\\/#breadcrumb\",\"itemListElement\":[{\"@type\":\"ListItem\",\"position\":1,\"name\":\"Ana s\u0259hif\u0259\",\"item\":\"https:\\\/\\\/www.meydan.tv\\\/az\\\/\"},{\"@type\":\"ListItem\",\"position\":2,\"name\":\"M\u0259d\u0259niyy\u0259t\",\"item\":\"https:\\\/\\\/www.meydan.tv\\\/az\\\/section\\\/medeniyyet\\\/\"},{\"@type\":\"ListItem\",\"position\":3,\"name\":\"Erm\u0259nistan-Az\u0259rbaycan m\u00fcnaqi\u015f\u0259sind\u0259n b\u0259hs ed\u0259n film \u201cOskar\u201dda\"}]},{\"@type\":\"WebSite\",\"@id\":\"https:\\\/\\\/www.meydan.tv\\\/az\\\/#website\",\"url\":\"https:\\\/\\\/www.meydan.tv\\\/az\\\/\",\"name\":\"MEYDAN.TV\",\"description\":\"Meydan TV Az\u0259rbaycan\u0131n media m\u0259kan\u0131ndak\u0131 alternativ s\u0259sidir\",\"publisher\":{\"@id\":\"https:\\\/\\\/www.meydan.tv\\\/az\\\/#organization\"},\"potentialAction\":[{\"@type\":\"SearchAction\",\"target\":{\"@type\":\"EntryPoint\",\"urlTemplate\":\"https:\\\/\\\/www.meydan.tv\\\/az\\\/?s={search_term_string}\"},\"query-input\":{\"@type\":\"PropertyValueSpecification\",\"valueRequired\":true,\"valueName\":\"search_term_string\"}}],\"inLanguage\":\"az\"},{\"@type\":\"Organization\",\"@id\":\"https:\\\/\\\/www.meydan.tv\\\/az\\\/#organization\",\"name\":\"Meydan TV\",\"url\":\"https:\\\/\\\/www.meydan.tv\\\/az\\\/\",\"logo\":{\"@type\":\"ImageObject\",\"inLanguage\":\"az\",\"@id\":\"https:\\\/\\\/www.meydan.tv\\\/az\\\/#\\\/schema\\\/logo\\\/image\\\/\",\"url\":\"https:\\\/\\\/www.meydan.tv\\\/wp-content\\\/uploads\\\/2021\\\/07\\\/meydan-logo.svg\",\"contentUrl\":\"https:\\\/\\\/www.meydan.tv\\\/wp-content\\\/uploads\\\/2021\\\/07\\\/meydan-logo.svg\",\"width\":195,\"height\":46,\"caption\":\"Meydan TV\"},\"image\":{\"@id\":\"https:\\\/\\\/www.meydan.tv\\\/az\\\/#\\\/schema\\\/logo\\\/image\\\/\"}},{\"@type\":\"Person\",\"@id\":\"https:\\\/\\\/www.meydan.tv\\\/az\\\/#\\\/schema\\\/person\\\/9cdbecf90d17180ce1dfbd95b08dcf47\",\"name\":\"elli\",\"sameAs\":[\"https:\\\/\\\/x.com\\\/elli\"]}]}<\/script>\n<!-- \/ Yoast SEO plugin. -->","yoast_head_json":{"title":"Erm\u0259nistan-Az\u0259rbaycan m\u00fcnaqi\u015f\u0259sind\u0259n b\u0259hs ed\u0259n film \u201cOskar\u201dda - MEYDAN.TV","robots":{"index":"index","follow":"follow","max-snippet":"max-snippet:-1","max-image-preview":"max-image-preview:large","max-video-preview":"max-video-preview:-1"},"canonical":"https:\/\/www.meydan.tv\/az\/article\/ermenistan-azerbaycan-munaqisesinden-behs-eden-film-oskarda\/","og_locale":"az_AZ","og_type":"article","og_title":"Erm\u0259nistan-Az\u0259rbaycan m\u00fcnaqi\u015f\u0259sind\u0259n b\u0259hs ed\u0259n film \u201cOskar\u201dda - MEYDAN.TV","og_description":"Filmd\u0259 iddia olunur ki, Baqramyan Az\u0259rbaycanda etnik t\u0259qibl\u0259r\u0259 m\u0259ruz qal\u0131b ... Davam\u0131","og_url":"https:\/\/www.meydan.tv\/az\/article\/ermenistan-azerbaycan-munaqisesinden-behs-eden-film-oskarda\/","og_site_name":"MEYDAN.TV","article_published_time":"2023-12-22T12:36:07+00:00","article_modified_time":"2023-12-22T12:36:11+00:00","og_image":[{"width":1920,"height":955,"url":"https:\/\/www.meydan.tv\/wp-content\/uploads\/bffea81f-c4d2-46f5-ba00-8e77a6b84f35-e1678703888203.jpeg","type":"image\/jpeg"}],"author":"elli","twitter_card":"summary_large_image","twitter_creator":"@elli","schema":{"@context":"https:\/\/schema.org","@graph":[{"@type":"Article","@id":"https:\/\/www.meydan.tv\/az\/article\/ermenistan-azerbaycan-munaqisesinden-behs-eden-film-oskarda\/#article","isPartOf":{"@id":"https:\/\/www.meydan.tv\/az\/article\/ermenistan-azerbaycan-munaqisesinden-behs-eden-film-oskarda\/"},"author":{"name":"elli","@id":"https:\/\/www.meydan.tv\/az\/#\/schema\/person\/9cdbecf90d17180ce1dfbd95b08dcf47"},"headline":"Erm\u0259nistan-Az\u0259rbaycan m\u00fcnaqi\u015f\u0259sind\u0259n b\u0259hs ed\u0259n film \u201cOskar\u201dda","datePublished":"2023-12-22T12:36:07+00:00","dateModified":"2023-12-22T12:36:11+00:00","mainEntityOfPage":{"@id":"https:\/\/www.meydan.tv\/az\/article\/ermenistan-azerbaycan-munaqisesinden-behs-eden-film-oskarda\/"},"wordCount":844,"publisher":{"@id":"https:\/\/www.meydan.tv\/az\/#organization"},"image":{"@id":"https:\/\/www.meydan.tv\/az\/article\/ermenistan-azerbaycan-munaqisesinden-behs-eden-film-oskarda\/#primaryimage"},"thumbnailUrl":"https:\/\/www.meydan.tv\/wp-content\/uploads\/bffea81f-c4d2-46f5-ba00-8e77a6b84f35-e1678703888203.jpeg","articleSection":["M\u0259d\u0259niyy\u0259t","X\u0259b\u0259rl\u0259r"],"inLanguage":"az"},{"@type":"WebPage","@id":"https:\/\/www.meydan.tv\/az\/article\/ermenistan-azerbaycan-munaqisesinden-behs-eden-film-oskarda\/","url":"https:\/\/www.meydan.tv\/az\/article\/ermenistan-azerbaycan-munaqisesinden-behs-eden-film-oskarda\/","name":"Erm\u0259nistan-Az\u0259rbaycan m\u00fcnaqi\u015f\u0259sind\u0259n b\u0259hs ed\u0259n film \u201cOskar\u201dda - MEYDAN.TV","isPartOf":{"@id":"https:\/\/www.meydan.tv\/az\/#website"},"primaryImageOfPage":{"@id":"https:\/\/www.meydan.tv\/az\/article\/ermenistan-azerbaycan-munaqisesinden-behs-eden-film-oskarda\/#primaryimage"},"image":{"@id":"https:\/\/www.meydan.tv\/az\/article\/ermenistan-azerbaycan-munaqisesinden-behs-eden-film-oskarda\/#primaryimage"},"thumbnailUrl":"https:\/\/www.meydan.tv\/wp-content\/uploads\/bffea81f-c4d2-46f5-ba00-8e77a6b84f35-e1678703888203.jpeg","datePublished":"2023-12-22T12:36:07+00:00","dateModified":"2023-12-22T12:36:11+00:00","breadcrumb":{"@id":"https:\/\/www.meydan.tv\/az\/article\/ermenistan-azerbaycan-munaqisesinden-behs-eden-film-oskarda\/#breadcrumb"},"inLanguage":"az","potentialAction":[{"@type":"ReadAction","target":["https:\/\/www.meydan.tv\/az\/article\/ermenistan-azerbaycan-munaqisesinden-behs-eden-film-oskarda\/"]}]},{"@type":"ImageObject","inLanguage":"az","@id":"https:\/\/www.meydan.tv\/az\/article\/ermenistan-azerbaycan-munaqisesinden-behs-eden-film-oskarda\/#primaryimage","url":"https:\/\/www.meydan.tv\/wp-content\/uploads\/bffea81f-c4d2-46f5-ba00-8e77a6b84f35-e1678703888203.jpeg","contentUrl":"https:\/\/www.meydan.tv\/wp-content\/uploads\/bffea81f-c4d2-46f5-ba00-8e77a6b84f35-e1678703888203.jpeg","width":1920,"height":955,"caption":"Foto: Oscar"},{"@type":"BreadcrumbList","@id":"https:\/\/www.meydan.tv\/az\/article\/ermenistan-azerbaycan-munaqisesinden-behs-eden-film-oskarda\/#breadcrumb","itemListElement":[{"@type":"ListItem","position":1,"name":"Ana s\u0259hif\u0259","item":"https:\/\/www.meydan.tv\/az\/"},{"@type":"ListItem","position":2,"name":"M\u0259d\u0259niyy\u0259t","item":"https:\/\/www.meydan.tv\/az\/section\/medeniyyet\/"},{"@type":"ListItem","position":3,"name":"Erm\u0259nistan-Az\u0259rbaycan m\u00fcnaqi\u015f\u0259sind\u0259n b\u0259hs ed\u0259n film \u201cOskar\u201dda"}]},{"@type":"WebSite","@id":"https:\/\/www.meydan.tv\/az\/#website","url":"https:\/\/www.meydan.tv\/az\/","name":"MEYDAN.TV","description":"Meydan TV Az\u0259rbaycan\u0131n media m\u0259kan\u0131ndak\u0131 alternativ s\u0259sidir","publisher":{"@id":"https:\/\/www.meydan.tv\/az\/#organization"},"potentialAction":[{"@type":"SearchAction","target":{"@type":"EntryPoint","urlTemplate":"https:\/\/www.meydan.tv\/az\/?s={search_term_string}"},"query-input":{"@type":"PropertyValueSpecification","valueRequired":true,"valueName":"search_term_string"}}],"inLanguage":"az"},{"@type":"Organization","@id":"https:\/\/www.meydan.tv\/az\/#organization","name":"Meydan TV","url":"https:\/\/www.meydan.tv\/az\/","logo":{"@type":"ImageObject","inLanguage":"az","@id":"https:\/\/www.meydan.tv\/az\/#\/schema\/logo\/image\/","url":"https:\/\/www.meydan.tv\/wp-content\/uploads\/2021\/07\/meydan-logo.svg","contentUrl":"https:\/\/www.meydan.tv\/wp-content\/uploads\/2021\/07\/meydan-logo.svg","width":195,"height":46,"caption":"Meydan TV"},"image":{"@id":"https:\/\/www.meydan.tv\/az\/#\/schema\/logo\/image\/"}},{"@type":"Person","@id":"https:\/\/www.meydan.tv\/az\/#\/schema\/person\/9cdbecf90d17180ce1dfbd95b08dcf47","name":"elli","sameAs":["https:\/\/x.com\/elli"]}]}},"_links":{"self":[{"href":"https:\/\/www.meydan.tv\/az\/wp-json\/wp\/v2\/posts\/293742","targetHints":{"allow":["GET"]}}],"collection":[{"href":"https:\/\/www.meydan.tv\/az\/wp-json\/wp\/v2\/posts"}],"about":[{"href":"https:\/\/www.meydan.tv\/az\/wp-json\/wp\/v2\/types\/post"}],"author":[{"embeddable":true,"href":"https:\/\/www.meydan.tv\/az\/wp-json\/wp\/v2\/users\/8"}],"replies":[{"embeddable":true,"href":"https:\/\/www.meydan.tv\/az\/wp-json\/wp\/v2\/comments?post=293742"}],"version-history":[{"count":3,"href":"https:\/\/www.meydan.tv\/az\/wp-json\/wp\/v2\/posts\/293742\/revisions"}],"predecessor-version":[{"id":293747,"href":"https:\/\/www.meydan.tv\/az\/wp-json\/wp\/v2\/posts\/293742\/revisions\/293747"}],"wp:featuredmedia":[{"embeddable":true,"href":"https:\/\/www.meydan.tv\/az\/wp-json\/wp\/v2\/media\/157781"}],"wp:attachment":[{"href":"https:\/\/www.meydan.tv\/az\/wp-json\/wp\/v2\/media?parent=293742"}],"wp:term":[{"taxonomy":"category","embeddable":true,"href":"https:\/\/www.meydan.tv\/az\/wp-json\/wp\/v2\/categories?post=293742"},{"taxonomy":"post_tag","embeddable":true,"href":"https:\/\/www.meydan.tv\/az\/wp-json\/wp\/v2\/tags?post=293742"}],"curies":[{"name":"wp","href":"https:\/\/api.w.org\/{rel}","templated":true}]}}