{"id":293677,"date":"2023-12-21T18:32:00","date_gmt":"2023-12-21T14:32:00","guid":{"rendered":"https:\/\/www.meydan.tv\/?p=293677"},"modified":"2023-12-21T18:32:06","modified_gmt":"2023-12-21T14:32:06","slug":"qarabagin-berpasina-ayrilan-budcenin-yarisi-turkiye-sirketlerine-verilib","status":"publish","type":"post","link":"https:\/\/www.meydan.tv\/az\/article\/qarabagin-berpasina-ayrilan-budcenin-yarisi-turkiye-sirketlerine-verilib\/","title":{"rendered":"Qaraba\u011f\u0131n b\u0259rpas\u0131na ayr\u0131lan b\u00fcdc\u0259nin yar\u0131s\u0131 T\u00fcrkiy\u0259 \u015firk\u0259tl\u0259rin\u0259 verilib"},"content":{"rendered":"\n<p><\/p>\n\n\n\n<p><em><strong>Mikay\u0131l Cabbarov: \u201cSon \u00fc\u00e7 ild\u0259 Az\u0259rbaycan\u0131n s\u0259rmay\u0259 resurslar\u0131n\u0131n b\u00f6y\u00fck hiss\u0259si i\u015f\u011faldan azad olunmu\u015f \u0259razil\u0259rin b\u0259rpas\u0131na y\u00f6n\u0259lib\u201d<\/strong><\/em><\/p>\n\n\n\n<p>Qaraba\u011f\u0131n b\u0259rpas\u0131na d\u00f6vl\u0259t b\u00fcdc\u0259sind\u0259n 7 milyard dollardan \u00e7ox v\u0259sait ayr\u0131l\u0131b. Bu v\u0259saitin 3,4 milyard\u0131 i\u015f g\u00f6rm\u0259si \u00fc\u00e7\u00fcn T\u00fcrkiy\u0259 \u015firk\u0259tl\u0259rin\u0259 verilib.<\/p>\n\n\n\n<p>\u0130qtisadiyyat naziri Mikay\u0131l Cabbarov <a href=\"https:\/\/apa.az\/infrastructure\/qarabagin-berpasi-ucun-turkiye-sirketleri-ile-baglanan-muqavilelerin-deyeri-34-mlrd-dollara-catib-805127\">bel\u0259<\/a>&nbsp;deyib.<\/p>\n\n\n\n<p>Onun s\u00f6zl\u0259rin\u0259 g\u00f6r\u0259, son \u00fc\u00e7 ild\u0259 Az\u0259rbaycan\u0131n s\u0259rmay\u0259 resurslar\u0131n\u0131n b\u00f6y\u00fck hiss\u0259si i\u015f\u011faldan azad olunmu\u015f \u0259razil\u0259rin b\u0259rpas\u0131na y\u00f6n\u0259lib.<\/p>\n\n\n\n<p>Qaraba\u011f\u0131n b\u0259rpas\u0131ndan bundan \u00f6nc\u0259 Ba\u015f nazir \u018fli \u018fs\u0259dov da <a href=\"https:\/\/www.meydan.tv\/az\/article\/bas-nazir-qarabag-ve-serqi-zengezur-iqtisadi-rayonuna-ayrilan-vesaitden-danisdi\/\">dan\u0131\u015fm\u0131\u015fd\u0131<\/a>.\u00a0 Demi\u015fdi ki, m\u00fcharib\u0259d\u0259n sonrak\u0131 \u00fc\u00e7 il m\u00fcdd\u0259tind\u0259 Qaraba\u011f v\u0259 \u015e\u0259rqi Z\u0259ng\u0259zur iqtisadi rayonundak\u0131 b\u0259rpa-quruculuq i\u015fl\u0259rin\u0259 d\u00f6vl\u0259t b\u00fcdc\u0259sind\u0259n 12 milyard manat ayr\u0131l\u0131b.<\/p>\n\n\n\n<p>2024-c\u00fc ilin d\u00f6vl\u0259t b\u00fcdc\u0259sind\u0259 is\u0259 4 milyard manat v\u0259sait n\u0259z\u0259rd\u0259 tutulub.<\/p>\n\n\n\n<p>Onun s\u00f6zl\u0259rin\u0259 g\u00f6r\u0259, \u201cB\u00f6y\u00fck Qay\u0131d\u0131\u015fa dair I D\u00f6vl\u0259t Proqram\u0131\u201dn\u0131n icras\u0131 \u00fc\u00e7\u00fcn sonrak\u0131 ill\u0259rd\u0259 14,5 milyard manat v\u0259sait n\u0259z\u0259r\u0259 al\u0131nmaqla 2022-2026-c\u0131 ill\u0259rd\u0259 \u00fcmumilikd\u0259 t\u0259qrib\u0259n 30,5 milyard manat m\u0259bl\u0259\u011find\u0259 v\u0259sait t\u0259l\u0259b olunur.<\/p>\n\n\n\n<p><em>\u201c2026-c\u0131 il\u0259d\u0259k 34,500 ail\u0259nin v\u0259 ya 140 min v\u0259t\u0259nda\u015f\u0131n k\u00f6\u00e7\u00fcr\u00fclm\u0259si n\u0259z\u0259rd\u0259 tutulub. Qaraba\u011f iqtisadi rayonunun \u0259razil\u0259ri \u2013 Xank\u0259ndi, A\u011fd\u0259r\u0259, Xocal\u0131, Xocav\u0259nd v\u0259 b\u00fct\u00f6vl\u00fckd\u0259 i\u015f\u011faldan azad olunmu\u015f rayon v\u0259 \u015f\u0259h\u0259rl\u0259rin yerli x\u0259rcl\u0259ri \u00fczr\u0259 b\u00fcdc\u0259d\u0259 50 milyon manatdan art\u0131q v\u0259sait n\u0259z\u0259rd\u0259 tutulub\u201d.<\/em><\/p>\n\n\n\n<p>M\u00fcdafi\u0259 v\u0259 milli t\u0259hl\u00fck\u0259sizlik x\u0259rcl\u0259rin\u0259 g\u0259linc\u0259, \u018fli \u018fs\u0259dov bildirib ki, bunun \u00fc\u00e7\u00fcn 2024-c\u00fc ilin d\u00f6vl\u0259t b\u00fcdc\u0259si x\u0259rcl\u0259rinin 17,5 faizi h\u0259cmind\u0259 v\u0259 ya 6,4 milyard manatdan art\u0131q v\u0259sait n\u0259z\u0259rd\u0259 tutulub. Bu r\u0259q\u0259m 2023-c\u00fc il\u0259 baxanda 366 milyon manat v\u0259 ya 6 faiz \u00e7oxdur.<\/p>\n\n\n<div class=\"wp-block-image\">\n<figure class=\"alignleft size-large is-resized\"><img decoding=\"async\" width=\"1184\" height=\"821\" data-src=\"https:\/\/www.meydan.tv\/wp-content\/uploads\/656ef83c946f4-1184x821.jpg\" alt=\"\" class=\"wp-image-292209 lazyload\" style=\"--smush-placeholder-width: 1184px; --smush-placeholder-aspect-ratio: 1184\/821;width:371px;height:auto\" src=\"data:image\/svg+xml;base64,PHN2ZyB3aWR0aD0iMSIgaGVpZ2h0PSIxIiB4bWxucz0iaHR0cDovL3d3dy53My5vcmcvMjAwMC9zdmciPjwvc3ZnPg==\" \/><figcaption class=\"wp-element-caption\">\u018fli \u018fs\u0259dov. Foto: &#8220;nk.gov.az&#8221;<\/figcaption><\/figure>\n<\/div>\n\n\n<p>1988-ci ild\u0259 ba\u015flayan Qaraba\u011f m\u00fcnaqi\u015f\u0259si Az\u0259rbaycan v\u0259 Erm\u0259nistan aras\u0131nda silahl\u0131 toqqu\u015fmalara s\u0259b\u0259b olub. Birinci Qaraba\u011f m\u00fcharib\u0259si zaman\u0131 Az\u0259rbaycan \u0259traf 7 rayona v\u0259 Da\u011fl\u0131q Qaraba\u011fa n\u0259zar\u0259ti itirib. 2020-ci ilin sentyabr\u0131nda ba\u015flayan v\u0259 44 g\u00fcn \u00e7\u0259k\u0259n \u0130kinci Qaraba\u011f m\u00fcharib\u0259si zaman\u0131 Az\u0259rbaycan h\u0259min 7 rayona, Qaraba\u011f\u0131n is\u0259 bir hiss\u0259sin\u0259 n\u0259zar\u0259tini b\u0259rpa edib. Az\u0259rbaycan, Rusiya v\u0259 Erm\u0259nistan aras\u0131nda raz\u0131la\u015fma il\u0259 La\u00e7\u0131n d\u0259hlizin\u0259 v\u0259 Qaraba\u011fda t\u0259mas x\u0259ttin\u0259 Rusiya h\u0259rb\u00e7il\u0259ri yerl\u0259\u015fdirilib. Bu il sentyabr\u0131n 19-20-d\u0259 is\u0259 Bak\u0131 Qaraba\u011fda \u201clokal anti-terror t\u0259dbirl\u0259ri\u201d elan edib. Yerevan bunu \u201cetnik t\u0259mizl\u0259nm\u0259\u201d v\u0259 \u201ct\u0259cav\u00fcz\u201d adland\u0131r\u0131b.<\/p>\n\n\n\n<p>Sentyabr\u0131n 20-d\u0259 Qaraba\u011f separat\u00e7\u0131lar\u0131 Bak\u0131n\u0131n \u015f\u0259rtl\u0259rin\u0259 raz\u0131la\u015fd\u0131qlar\u0131n\u0131 bildiribl\u0259r. Daha sonra Qaraba\u011fdan Erm\u0259nistana \u0259hali k\u00f6\u00e7\u00fc ba\u015flay\u0131b. Sentyabr\u0131n 28-d\u0259 tan\u0131nmayan qurum f\u0259aliyy\u0259tini dayand\u0131raca\u011f\u0131n\u0131 elan edib. Separat\u00e7\u0131 qurumun bir \u00e7ox liderl\u0259ri saxlanaraq Bak\u0131ya g\u0259tirilib.<\/p>\n","protected":false},"excerpt":{"rendered":"<p>Mikay\u0131l Cabbarov: \u201cSon \u00fc\u00e7 ild\u0259 Az\u0259rbaycan\u0131n s\u0259rmay\u0259 resurslar\u0131n\u0131n b\u00f6y\u00fck hiss\u0259si &#8230; <\/p>\n<p class=\"read-more-container\"><a title=\"Qaraba\u011f\u0131n b\u0259rpas\u0131na ayr\u0131lan b\u00fcdc\u0259nin yar\u0131s\u0131 T\u00fcrkiy\u0259 \u015firk\u0259tl\u0259rin\u0259 verilib\" class=\"read-more button\" href=\"https:\/\/www.meydan.tv\/az\/article\/qarabagin-berpasina-ayrilan-budcenin-yarisi-turkiye-sirketlerine-verilib\/#more-293677\" aria-label=\"Read more about Qaraba\u011f\u0131n b\u0259rpas\u0131na ayr\u0131lan b\u00fcdc\u0259nin yar\u0131s\u0131 T\u00fcrkiy\u0259 \u015firk\u0259tl\u0259rin\u0259 verilib\">Davam\u0131<\/a><\/p>\n","protected":false},"author":8,"featured_media":271920,"comment_status":"closed","ping_status":"closed","sticky":false,"template":"","format":"standard","meta":{"_acf_changed":false,"_sitemap_exclude":false,"_sitemap_priority":"","_sitemap_frequency":"","footnotes":""},"categories":[53,56],"tags":[],"class_list":["post-293677","post","type-post","status-publish","format-standard","has-post-thumbnail","hentry","category-iqtisadiyyat","category-xeberler","infinite-scroll-item","generate-columns","tablet-grid-50","mobile-grid-100","grid-parent","grid-33","no-featured-image-padding"],"acf":[],"yoast_head":"<!-- This site is optimized with the Yoast SEO plugin v27.4 - https:\/\/yoast.com\/product\/yoast-seo-wordpress\/ -->\n<title>Qaraba\u011f\u0131n b\u0259rpas\u0131na ayr\u0131lan b\u00fcdc\u0259nin yar\u0131s\u0131 T\u00fcrkiy\u0259 \u015firk\u0259tl\u0259rin\u0259 verilib - MEYDAN.TV<\/title>\n<meta name=\"robots\" content=\"index, follow, max-snippet:-1, max-image-preview:large, max-video-preview:-1\" \/>\n<link rel=\"canonical\" href=\"https:\/\/www.meydan.tv\/az\/article\/qarabagin-berpasina-ayrilan-budcenin-yarisi-turkiye-sirketlerine-verilib\/\" \/>\n<meta property=\"og:locale\" content=\"az_AZ\" \/>\n<meta property=\"og:type\" content=\"article\" \/>\n<meta property=\"og:title\" content=\"Qaraba\u011f\u0131n b\u0259rpas\u0131na ayr\u0131lan b\u00fcdc\u0259nin yar\u0131s\u0131 T\u00fcrkiy\u0259 \u015firk\u0259tl\u0259rin\u0259 verilib - MEYDAN.TV\" \/>\n<meta property=\"og:description\" content=\"Mikay\u0131l Cabbarov: \u201cSon \u00fc\u00e7 ild\u0259 Az\u0259rbaycan\u0131n s\u0259rmay\u0259 resurslar\u0131n\u0131n b\u00f6y\u00fck hiss\u0259si ... Davam\u0131\" \/>\n<meta property=\"og:url\" content=\"https:\/\/www.meydan.tv\/az\/article\/qarabagin-berpasina-ayrilan-budcenin-yarisi-turkiye-sirketlerine-verilib\/\" \/>\n<meta property=\"og:site_name\" content=\"MEYDAN.TV\" \/>\n<meta property=\"article:published_time\" content=\"2023-12-21T14:32:00+00:00\" \/>\n<meta property=\"article:modified_time\" content=\"2023-12-21T14:32:06+00:00\" \/>\n<meta property=\"og:image\" content=\"https:\/\/www.meydan.tv\/wp-content\/uploads\/462694-1.jpg\" \/>\n\t<meta property=\"og:image:width\" content=\"1200\" \/>\n\t<meta property=\"og:image:height\" content=\"675\" \/>\n\t<meta property=\"og:image:type\" content=\"image\/jpeg\" \/>\n<meta name=\"author\" content=\"elli\" \/>\n<meta name=\"twitter:card\" content=\"summary_large_image\" \/>\n<meta name=\"twitter:creator\" content=\"@elli\" \/>\n<script type=\"application\/ld+json\" class=\"yoast-schema-graph\">{\"@context\":\"https:\\\/\\\/schema.org\",\"@graph\":[{\"@type\":\"Article\",\"@id\":\"https:\\\/\\\/www.meydan.tv\\\/az\\\/article\\\/qarabagin-berpasina-ayrilan-budcenin-yarisi-turkiye-sirketlerine-verilib\\\/#article\",\"isPartOf\":{\"@id\":\"https:\\\/\\\/www.meydan.tv\\\/az\\\/article\\\/qarabagin-berpasina-ayrilan-budcenin-yarisi-turkiye-sirketlerine-verilib\\\/\"},\"author\":{\"name\":\"elli\",\"@id\":\"https:\\\/\\\/www.meydan.tv\\\/az\\\/#\\\/schema\\\/person\\\/9cdbecf90d17180ce1dfbd95b08dcf47\"},\"headline\":\"Qaraba\u011f\u0131n b\u0259rpas\u0131na ayr\u0131lan b\u00fcdc\u0259nin yar\u0131s\u0131 T\u00fcrkiy\u0259 \u015firk\u0259tl\u0259rin\u0259 verilib\",\"datePublished\":\"2023-12-21T14:32:00+00:00\",\"dateModified\":\"2023-12-21T14:32:06+00:00\",\"mainEntityOfPage\":{\"@id\":\"https:\\\/\\\/www.meydan.tv\\\/az\\\/article\\\/qarabagin-berpasina-ayrilan-budcenin-yarisi-turkiye-sirketlerine-verilib\\\/\"},\"wordCount\":569,\"publisher\":{\"@id\":\"https:\\\/\\\/www.meydan.tv\\\/az\\\/#organization\"},\"image\":{\"@id\":\"https:\\\/\\\/www.meydan.tv\\\/az\\\/article\\\/qarabagin-berpasina-ayrilan-budcenin-yarisi-turkiye-sirketlerine-verilib\\\/#primaryimage\"},\"thumbnailUrl\":\"https:\\\/\\\/www.meydan.tv\\\/wp-content\\\/uploads\\\/462694-1.jpg\",\"articleSection\":[\"\u0130qtisadiyyat\",\"X\u0259b\u0259rl\u0259r\"],\"inLanguage\":\"az\"},{\"@type\":\"WebPage\",\"@id\":\"https:\\\/\\\/www.meydan.tv\\\/az\\\/article\\\/qarabagin-berpasina-ayrilan-budcenin-yarisi-turkiye-sirketlerine-verilib\\\/\",\"url\":\"https:\\\/\\\/www.meydan.tv\\\/az\\\/article\\\/qarabagin-berpasina-ayrilan-budcenin-yarisi-turkiye-sirketlerine-verilib\\\/\",\"name\":\"Qaraba\u011f\u0131n b\u0259rpas\u0131na ayr\u0131lan b\u00fcdc\u0259nin yar\u0131s\u0131 T\u00fcrkiy\u0259 \u015firk\u0259tl\u0259rin\u0259 verilib - MEYDAN.TV\",\"isPartOf\":{\"@id\":\"https:\\\/\\\/www.meydan.tv\\\/az\\\/#website\"},\"primaryImageOfPage\":{\"@id\":\"https:\\\/\\\/www.meydan.tv\\\/az\\\/article\\\/qarabagin-berpasina-ayrilan-budcenin-yarisi-turkiye-sirketlerine-verilib\\\/#primaryimage\"},\"image\":{\"@id\":\"https:\\\/\\\/www.meydan.tv\\\/az\\\/article\\\/qarabagin-berpasina-ayrilan-budcenin-yarisi-turkiye-sirketlerine-verilib\\\/#primaryimage\"},\"thumbnailUrl\":\"https:\\\/\\\/www.meydan.tv\\\/wp-content\\\/uploads\\\/462694-1.jpg\",\"datePublished\":\"2023-12-21T14:32:00+00:00\",\"dateModified\":\"2023-12-21T14:32:06+00:00\",\"breadcrumb\":{\"@id\":\"https:\\\/\\\/www.meydan.tv\\\/az\\\/article\\\/qarabagin-berpasina-ayrilan-budcenin-yarisi-turkiye-sirketlerine-verilib\\\/#breadcrumb\"},\"inLanguage\":\"az\",\"potentialAction\":[{\"@type\":\"ReadAction\",\"target\":[\"https:\\\/\\\/www.meydan.tv\\\/az\\\/article\\\/qarabagin-berpasina-ayrilan-budcenin-yarisi-turkiye-sirketlerine-verilib\\\/\"]}]},{\"@type\":\"ImageObject\",\"inLanguage\":\"az\",\"@id\":\"https:\\\/\\\/www.meydan.tv\\\/az\\\/article\\\/qarabagin-berpasina-ayrilan-budcenin-yarisi-turkiye-sirketlerine-verilib\\\/#primaryimage\",\"url\":\"https:\\\/\\\/www.meydan.tv\\\/wp-content\\\/uploads\\\/462694-1.jpg\",\"contentUrl\":\"https:\\\/\\\/www.meydan.tv\\\/wp-content\\\/uploads\\\/462694-1.jpg\",\"width\":1200,\"height\":675,\"caption\":\"\u0130\u015f\u011faldan azad olunmu\u015f \u0259razil\u0259r. Foto: AAYDA\"},{\"@type\":\"BreadcrumbList\",\"@id\":\"https:\\\/\\\/www.meydan.tv\\\/az\\\/article\\\/qarabagin-berpasina-ayrilan-budcenin-yarisi-turkiye-sirketlerine-verilib\\\/#breadcrumb\",\"itemListElement\":[{\"@type\":\"ListItem\",\"position\":1,\"name\":\"Ana s\u0259hif\u0259\",\"item\":\"https:\\\/\\\/www.meydan.tv\\\/az\\\/\"},{\"@type\":\"ListItem\",\"position\":2,\"name\":\"\u0130qtisadiyyat\",\"item\":\"https:\\\/\\\/www.meydan.tv\\\/az\\\/section\\\/iqtisadiyyat\\\/\"},{\"@type\":\"ListItem\",\"position\":3,\"name\":\"Qaraba\u011f\u0131n b\u0259rpas\u0131na ayr\u0131lan b\u00fcdc\u0259nin yar\u0131s\u0131 T\u00fcrkiy\u0259 \u015firk\u0259tl\u0259rin\u0259 verilib\"}]},{\"@type\":\"WebSite\",\"@id\":\"https:\\\/\\\/www.meydan.tv\\\/az\\\/#website\",\"url\":\"https:\\\/\\\/www.meydan.tv\\\/az\\\/\",\"name\":\"MEYDAN.TV\",\"description\":\"Meydan TV Az\u0259rbaycan\u0131n media m\u0259kan\u0131ndak\u0131 alternativ s\u0259sidir\",\"publisher\":{\"@id\":\"https:\\\/\\\/www.meydan.tv\\\/az\\\/#organization\"},\"potentialAction\":[{\"@type\":\"SearchAction\",\"target\":{\"@type\":\"EntryPoint\",\"urlTemplate\":\"https:\\\/\\\/www.meydan.tv\\\/az\\\/?s={search_term_string}\"},\"query-input\":{\"@type\":\"PropertyValueSpecification\",\"valueRequired\":true,\"valueName\":\"search_term_string\"}}],\"inLanguage\":\"az\"},{\"@type\":\"Organization\",\"@id\":\"https:\\\/\\\/www.meydan.tv\\\/az\\\/#organization\",\"name\":\"Meydan TV\",\"url\":\"https:\\\/\\\/www.meydan.tv\\\/az\\\/\",\"logo\":{\"@type\":\"ImageObject\",\"inLanguage\":\"az\",\"@id\":\"https:\\\/\\\/www.meydan.tv\\\/az\\\/#\\\/schema\\\/logo\\\/image\\\/\",\"url\":\"https:\\\/\\\/www.meydan.tv\\\/wp-content\\\/uploads\\\/2021\\\/07\\\/meydan-logo.svg\",\"contentUrl\":\"https:\\\/\\\/www.meydan.tv\\\/wp-content\\\/uploads\\\/2021\\\/07\\\/meydan-logo.svg\",\"width\":195,\"height\":46,\"caption\":\"Meydan TV\"},\"image\":{\"@id\":\"https:\\\/\\\/www.meydan.tv\\\/az\\\/#\\\/schema\\\/logo\\\/image\\\/\"}},{\"@type\":\"Person\",\"@id\":\"https:\\\/\\\/www.meydan.tv\\\/az\\\/#\\\/schema\\\/person\\\/9cdbecf90d17180ce1dfbd95b08dcf47\",\"name\":\"elli\",\"sameAs\":[\"https:\\\/\\\/x.com\\\/elli\"]}]}<\/script>\n<!-- \/ Yoast SEO plugin. -->","yoast_head_json":{"title":"Qaraba\u011f\u0131n b\u0259rpas\u0131na ayr\u0131lan b\u00fcdc\u0259nin yar\u0131s\u0131 T\u00fcrkiy\u0259 \u015firk\u0259tl\u0259rin\u0259 verilib - MEYDAN.TV","robots":{"index":"index","follow":"follow","max-snippet":"max-snippet:-1","max-image-preview":"max-image-preview:large","max-video-preview":"max-video-preview:-1"},"canonical":"https:\/\/www.meydan.tv\/az\/article\/qarabagin-berpasina-ayrilan-budcenin-yarisi-turkiye-sirketlerine-verilib\/","og_locale":"az_AZ","og_type":"article","og_title":"Qaraba\u011f\u0131n b\u0259rpas\u0131na ayr\u0131lan b\u00fcdc\u0259nin yar\u0131s\u0131 T\u00fcrkiy\u0259 \u015firk\u0259tl\u0259rin\u0259 verilib - MEYDAN.TV","og_description":"Mikay\u0131l Cabbarov: \u201cSon \u00fc\u00e7 ild\u0259 Az\u0259rbaycan\u0131n s\u0259rmay\u0259 resurslar\u0131n\u0131n b\u00f6y\u00fck hiss\u0259si ... Davam\u0131","og_url":"https:\/\/www.meydan.tv\/az\/article\/qarabagin-berpasina-ayrilan-budcenin-yarisi-turkiye-sirketlerine-verilib\/","og_site_name":"MEYDAN.TV","article_published_time":"2023-12-21T14:32:00+00:00","article_modified_time":"2023-12-21T14:32:06+00:00","og_image":[{"width":1200,"height":675,"url":"https:\/\/www.meydan.tv\/wp-content\/uploads\/462694-1.jpg","type":"image\/jpeg"}],"author":"elli","twitter_card":"summary_large_image","twitter_creator":"@elli","schema":{"@context":"https:\/\/schema.org","@graph":[{"@type":"Article","@id":"https:\/\/www.meydan.tv\/az\/article\/qarabagin-berpasina-ayrilan-budcenin-yarisi-turkiye-sirketlerine-verilib\/#article","isPartOf":{"@id":"https:\/\/www.meydan.tv\/az\/article\/qarabagin-berpasina-ayrilan-budcenin-yarisi-turkiye-sirketlerine-verilib\/"},"author":{"name":"elli","@id":"https:\/\/www.meydan.tv\/az\/#\/schema\/person\/9cdbecf90d17180ce1dfbd95b08dcf47"},"headline":"Qaraba\u011f\u0131n b\u0259rpas\u0131na ayr\u0131lan b\u00fcdc\u0259nin yar\u0131s\u0131 T\u00fcrkiy\u0259 \u015firk\u0259tl\u0259rin\u0259 verilib","datePublished":"2023-12-21T14:32:00+00:00","dateModified":"2023-12-21T14:32:06+00:00","mainEntityOfPage":{"@id":"https:\/\/www.meydan.tv\/az\/article\/qarabagin-berpasina-ayrilan-budcenin-yarisi-turkiye-sirketlerine-verilib\/"},"wordCount":569,"publisher":{"@id":"https:\/\/www.meydan.tv\/az\/#organization"},"image":{"@id":"https:\/\/www.meydan.tv\/az\/article\/qarabagin-berpasina-ayrilan-budcenin-yarisi-turkiye-sirketlerine-verilib\/#primaryimage"},"thumbnailUrl":"https:\/\/www.meydan.tv\/wp-content\/uploads\/462694-1.jpg","articleSection":["\u0130qtisadiyyat","X\u0259b\u0259rl\u0259r"],"inLanguage":"az"},{"@type":"WebPage","@id":"https:\/\/www.meydan.tv\/az\/article\/qarabagin-berpasina-ayrilan-budcenin-yarisi-turkiye-sirketlerine-verilib\/","url":"https:\/\/www.meydan.tv\/az\/article\/qarabagin-berpasina-ayrilan-budcenin-yarisi-turkiye-sirketlerine-verilib\/","name":"Qaraba\u011f\u0131n b\u0259rpas\u0131na ayr\u0131lan b\u00fcdc\u0259nin yar\u0131s\u0131 T\u00fcrkiy\u0259 \u015firk\u0259tl\u0259rin\u0259 verilib - MEYDAN.TV","isPartOf":{"@id":"https:\/\/www.meydan.tv\/az\/#website"},"primaryImageOfPage":{"@id":"https:\/\/www.meydan.tv\/az\/article\/qarabagin-berpasina-ayrilan-budcenin-yarisi-turkiye-sirketlerine-verilib\/#primaryimage"},"image":{"@id":"https:\/\/www.meydan.tv\/az\/article\/qarabagin-berpasina-ayrilan-budcenin-yarisi-turkiye-sirketlerine-verilib\/#primaryimage"},"thumbnailUrl":"https:\/\/www.meydan.tv\/wp-content\/uploads\/462694-1.jpg","datePublished":"2023-12-21T14:32:00+00:00","dateModified":"2023-12-21T14:32:06+00:00","breadcrumb":{"@id":"https:\/\/www.meydan.tv\/az\/article\/qarabagin-berpasina-ayrilan-budcenin-yarisi-turkiye-sirketlerine-verilib\/#breadcrumb"},"inLanguage":"az","potentialAction":[{"@type":"ReadAction","target":["https:\/\/www.meydan.tv\/az\/article\/qarabagin-berpasina-ayrilan-budcenin-yarisi-turkiye-sirketlerine-verilib\/"]}]},{"@type":"ImageObject","inLanguage":"az","@id":"https:\/\/www.meydan.tv\/az\/article\/qarabagin-berpasina-ayrilan-budcenin-yarisi-turkiye-sirketlerine-verilib\/#primaryimage","url":"https:\/\/www.meydan.tv\/wp-content\/uploads\/462694-1.jpg","contentUrl":"https:\/\/www.meydan.tv\/wp-content\/uploads\/462694-1.jpg","width":1200,"height":675,"caption":"\u0130\u015f\u011faldan azad olunmu\u015f \u0259razil\u0259r. Foto: AAYDA"},{"@type":"BreadcrumbList","@id":"https:\/\/www.meydan.tv\/az\/article\/qarabagin-berpasina-ayrilan-budcenin-yarisi-turkiye-sirketlerine-verilib\/#breadcrumb","itemListElement":[{"@type":"ListItem","position":1,"name":"Ana s\u0259hif\u0259","item":"https:\/\/www.meydan.tv\/az\/"},{"@type":"ListItem","position":2,"name":"\u0130qtisadiyyat","item":"https:\/\/www.meydan.tv\/az\/section\/iqtisadiyyat\/"},{"@type":"ListItem","position":3,"name":"Qaraba\u011f\u0131n b\u0259rpas\u0131na ayr\u0131lan b\u00fcdc\u0259nin yar\u0131s\u0131 T\u00fcrkiy\u0259 \u015firk\u0259tl\u0259rin\u0259 verilib"}]},{"@type":"WebSite","@id":"https:\/\/www.meydan.tv\/az\/#website","url":"https:\/\/www.meydan.tv\/az\/","name":"MEYDAN.TV","description":"Meydan TV Az\u0259rbaycan\u0131n media m\u0259kan\u0131ndak\u0131 alternativ s\u0259sidir","publisher":{"@id":"https:\/\/www.meydan.tv\/az\/#organization"},"potentialAction":[{"@type":"SearchAction","target":{"@type":"EntryPoint","urlTemplate":"https:\/\/www.meydan.tv\/az\/?s={search_term_string}"},"query-input":{"@type":"PropertyValueSpecification","valueRequired":true,"valueName":"search_term_string"}}],"inLanguage":"az"},{"@type":"Organization","@id":"https:\/\/www.meydan.tv\/az\/#organization","name":"Meydan TV","url":"https:\/\/www.meydan.tv\/az\/","logo":{"@type":"ImageObject","inLanguage":"az","@id":"https:\/\/www.meydan.tv\/az\/#\/schema\/logo\/image\/","url":"https:\/\/www.meydan.tv\/wp-content\/uploads\/2021\/07\/meydan-logo.svg","contentUrl":"https:\/\/www.meydan.tv\/wp-content\/uploads\/2021\/07\/meydan-logo.svg","width":195,"height":46,"caption":"Meydan TV"},"image":{"@id":"https:\/\/www.meydan.tv\/az\/#\/schema\/logo\/image\/"}},{"@type":"Person","@id":"https:\/\/www.meydan.tv\/az\/#\/schema\/person\/9cdbecf90d17180ce1dfbd95b08dcf47","name":"elli","sameAs":["https:\/\/x.com\/elli"]}]}},"_links":{"self":[{"href":"https:\/\/www.meydan.tv\/az\/wp-json\/wp\/v2\/posts\/293677","targetHints":{"allow":["GET"]}}],"collection":[{"href":"https:\/\/www.meydan.tv\/az\/wp-json\/wp\/v2\/posts"}],"about":[{"href":"https:\/\/www.meydan.tv\/az\/wp-json\/wp\/v2\/types\/post"}],"author":[{"embeddable":true,"href":"https:\/\/www.meydan.tv\/az\/wp-json\/wp\/v2\/users\/8"}],"replies":[{"embeddable":true,"href":"https:\/\/www.meydan.tv\/az\/wp-json\/wp\/v2\/comments?post=293677"}],"version-history":[{"count":3,"href":"https:\/\/www.meydan.tv\/az\/wp-json\/wp\/v2\/posts\/293677\/revisions"}],"predecessor-version":[{"id":293682,"href":"https:\/\/www.meydan.tv\/az\/wp-json\/wp\/v2\/posts\/293677\/revisions\/293682"}],"wp:featuredmedia":[{"embeddable":true,"href":"https:\/\/www.meydan.tv\/az\/wp-json\/wp\/v2\/media\/271920"}],"wp:attachment":[{"href":"https:\/\/www.meydan.tv\/az\/wp-json\/wp\/v2\/media?parent=293677"}],"wp:term":[{"taxonomy":"category","embeddable":true,"href":"https:\/\/www.meydan.tv\/az\/wp-json\/wp\/v2\/categories?post=293677"},{"taxonomy":"post_tag","embeddable":true,"href":"https:\/\/www.meydan.tv\/az\/wp-json\/wp\/v2\/tags?post=293677"}],"curies":[{"name":"wp","href":"https:\/\/api.w.org\/{rel}","templated":true}]}}