{"id":293671,"date":"2023-12-21T18:23:11","date_gmt":"2023-12-21T14:23:11","guid":{"rendered":"https:\/\/www.meydan.tv\/?p=293671"},"modified":"2023-12-21T18:43:26","modified_gmt":"2023-12-21T14:43:26","slug":"ictimai-fealin-anasini-polise-aparmaqla-hedelendiyi-bildirilir","status":"publish","type":"post","link":"https:\/\/www.meydan.tv\/az\/article\/ictimai-fealin-anasini-polise-aparmaqla-hedelendiyi-bildirilir\/","title":{"rendered":"\u0130ctimai f\u0259al\u0131n anas\u0131n\u0131 polis\u0259 aparmaqla h\u0259d\u0259l\u0259ndiyi bildirilir"},"content":{"rendered":"\n<p><\/p>\n\n\n\n<p><em><strong>Anas\u0131: \u201cM\u00f6hy\u0259ddin Orucovun h\u0259bsind\u0259n 10 g\u00fcn\u0259 yax\u0131n vaxt ke\u00e7m\u0259sin\u0259 baxmayaraq, h\u0259l\u0259 d\u0259 ail\u0259 \u00fczvl\u0259ril\u0259 \u0259laq\u0259 saxlama\u011fa imkan verilm\u0259yib\u201d<\/strong><\/em><\/p>\n\n\n\n<p>H\u0259bsd\u0259 olan ictimai f\u0259al M\u00f6hy\u0259ddin Orucovun anas\u0131 deyir ki, zorak\u0131l\u0131q v\u0259 t\u0259hdid yoluyla o\u011flunu ona aidiyy\u0259ti olmayan narkotiki \u00fcz\u0259rin\u0259 g\u00f6t\u00fcrm\u0259y\u0259 m\u0259cbur edibl\u0259r. T\u0259ran\u0259 Orucovan\u0131n s\u00f6zl\u0259rin\u0259 g\u00f6r\u0259, M\u00f6hy\u0259ddini d\u00f6y\u00fcbl\u0259r, t\u0259hqir edibl\u0259r. Buna baxmayaraq, yen\u0259 d\u0259 etiraf ifad\u0259si ala bilm\u0259y\u0259nd\u0259 anas\u0131n\u0131 polis idar\u0259sin\u0259 g\u0259tirm\u0259kl\u0259 h\u0259d\u0259l\u0259yibl\u0259r.<\/p>\n\n\n\n<p>23 ya\u015fl\u0131 M.Orucov dekabr\u0131n 13-d\u0259 saxlan\u0131l\u0131b. Ona qar\u015f\u0131 Cinay\u0259t M\u0259c\u0259ll\u0259sinin 234.4.3-c\u00fc (sat\u0131\u015f m\u0259qs\u0259dil\u0259 k\u00fclli miqdarda narkotik \u0259ld\u0259 etm\u0259, da\u015f\u0131ma, saxlama) madd\u0259sil\u0259 ittiham ir\u0259li s\u00fcr\u00fcl\u00fcb. \u0130ddia olunur ki, saxlan\u0131landa g\u0259nc f\u0259al\u0131n cibind\u0259n narkotik tap\u0131l\u0131b. Bu madd\u0259d\u0259 5 ild\u0259n 12 il\u0259 q\u0259d\u0259r azadl\u0131qdan m\u0259hrumetm\u0259 c\u0259zas\u0131 n\u0259z\u0259rd\u0259 tutulub.<\/p>\n\n\n\n<p>T\u0259ran\u0259 Orucova is\u0259 deyir ki, yaland\u0131r, o\u011flunu \u015f\u0259rl\u0259yibl\u0259r. S\u0259b\u0259b is\u0259 t\u0259xmin\u0259n bir ay \u00f6nc\u0259 30 sutkal\u0131q inzibati h\u0259bs olunanda ona veril\u0259n i\u015fg\u0259nc\u0259l\u0259ri h\u0259bsd\u0259n \u00e7\u0131xandan sonra ictimail\u0259\u015fdirm\u0259sidir.<\/p>\n\n\n<div class=\"wp-block-image\">\n<figure class=\"aligncenter size-full\"><img decoding=\"async\" width=\"1200\" height=\"800\" data-src=\"https:\/\/www.meydan.tv\/wp-content\/uploads\/img_0032.jpg\" alt=\"\" class=\"wp-image-293685 lazyload\" src=\"data:image\/svg+xml;base64,PHN2ZyB3aWR0aD0iMSIgaGVpZ2h0PSIxIiB4bWxucz0iaHR0cDovL3d3dy53My5vcmcvMjAwMC9zdmciPjwvc3ZnPg==\" style=\"--smush-placeholder-width: 1200px; --smush-placeholder-aspect-ratio: 1200\/800;\" \/><figcaption class=\"wp-element-caption\">T\u0259ran\u0259 Orucova. Foto: \u00dclviyy\u0259 \u018fli<\/figcaption><\/figure>\n<\/div>\n\n\n<p>Anas\u0131 \u0259lav\u0259 edib ki, M\u00f6hy\u0259ddin Orucovun h\u0259bsind\u0259n 10 g\u00fcn\u0259 yax\u0131n vaxt ke\u00e7m\u0259sin\u0259 baxmayaraq, h\u0259l\u0259 d\u0259 ona ail\u0259 \u00fczvl\u0259ril\u0259 \u0259laq\u0259 saxlama\u011fa imkan verilm\u0259yib. O\u011flunu yaln\u0131z dekabr\u0131n 15-d\u0259 h\u0259bs q\u0259timkan t\u0259dbiri se\u00e7il\u0259nd\u0259n sonra apar\u0131lark\u0259n g\u00f6r\u0259 bilib.<\/p>\n\n\n\n<p>Daxili \u0130\u015fl\u0259r Nazirliyinin m\u0259tbuat xidm\u0259ti m\u0259s\u0259l\u0259y\u0259 m\u00fcnasib\u0259t bildirm\u0259yib.<\/p>\n\n\n\n<p>M.Orucov oktyabr\u0131n 18-d\u0259 saxlan\u0131lm\u0131\u015f, ona x\u0131rda xuliqanl\u0131q v\u0259 polis\u0259 m\u00fcqavim\u0259t ittiham\u0131yla 30 sutka inzibati h\u0259bs c\u0259zas\u0131 verilmi\u015fdi. Suraxan\u0131 Rayon M\u0259hk\u0259m\u0259sinin q\u0259rar\u0131nda iddia olunub ki, o, k\u00fc\u00e7\u0259d\u0259 s\u00f6y\u00fc\u015f s\u00f6y\u00fcb, polisl\u0259r onu intizama d\u0259v\u0259t ets\u0259l\u0259r d\u0259, tabe olmay\u0131b. Bu s\u0259b\u0259bd\u0259n saxlan\u0131l\u0131b v\u0259 32-ci b\u00f6lm\u0259y\u0259 g\u0259tirilib.<\/p>\n\n\n\n<p>Yax\u0131nlar\u0131 is\u0259 bildirirdi ki, onu k\u00fc\u00e7\u0259d\u0259 saxlamay\u0131blar, z\u0259ng edib 32-ci polis b\u00f6lm\u0259sin\u0259 \u00e7a\u011f\u0131r\u0131blar. H\u0259min \u00e7a\u011f\u0131r\u0131\u015f \u0259sas\u0131nda da o, b\u00f6lm\u0259y\u0259 gedib:<\/p>\n\n\n\n<p><em>\u201cSosial \u015f\u0259b\u0259k\u0259d\u0259ki s\u0259hif\u0259sind\u0259 Prezidenti t\u0259nqid edib, ona g\u00f6r\u0259 \u00e7a\u011f\u0131r\u0131blar. A\u00e7\u0131q \u015f\u0259kild\u0259 dedil\u0259r. M\u00f6hy\u0259ddin d\u0259 getdi. O ged\u0259n, bir d\u0259 burax\u0131lmad\u0131. S\u0259h\u0259ri g\u00fcn e\u015fitdik ki, haqq\u0131nda h\u0259bs q\u0259rar\u0131 \u00e7\u0131xar\u0131l\u0131b\u201d.<\/em><\/p>\n\n\n\n<p>Orucov inzibati h\u0259bsd\u0259n burax\u0131landan sonra m\u00fcsahib\u0259 ver\u0259r\u0259k, 32-ci polis b\u00f6lm\u0259sind\u0259 qeyri-insani r\u0259ftara m\u0259ruz qald\u0131\u011f\u0131n\u0131 bildirib. Bu m\u00fcsahib\u0259d\u0259n bir ne\u00e7\u0259 g\u00fcn sonra is\u0259 o, yenid\u0259n saxlan\u0131l\u0131b.<\/p>\n\n\n\n<p>T\u0259ran\u0259 Orucova deyir ki, o\u011flu dekabr\u0131n 13-d\u0259 saxlansa da, ail\u0259y\u0259 bu bar\u0259d\u0259 he\u00e7 bir m\u0259lumat verilm\u0259yib. Onlar d\u0259f\u0259l\u0259rl\u0259 Daxili \u0130\u015fl\u0259r Nazirliyinin 102 xidm\u0259tin\u0259 z\u0259ng edib, M\u00f6hy\u0259ddin Orucovu axtar\u0131blar:<\/p>\n\n\n<div class=\"wp-block-image\">\n<figure class=\"alignright size-large is-resized\"><img decoding=\"async\" width=\"1200\" height=\"675\" data-src=\"https:\/\/www.meydan.tv\/wp-content\/uploads\/32-2-1200x675.jpg\" alt=\"\" class=\"wp-image-293672 lazyload\" style=\"--smush-placeholder-width: 1200px; --smush-placeholder-aspect-ratio: 1200\/675;width:434px;height:auto\" src=\"data:image\/svg+xml;base64,PHN2ZyB3aWR0aD0iMSIgaGVpZ2h0PSIxIiB4bWxucz0iaHR0cDovL3d3dy53My5vcmcvMjAwMC9zdmciPjwvc3ZnPg==\" \/><figcaption class=\"wp-element-caption\">32-ci Polis B\u00f6lm\u0259si. Foto: D\u0130N<\/figcaption><\/figure>\n<\/div>\n\n\n<p><em>\u201cGec\u0259 \u00f6yr\u0259ndik ki, Suraxan\u0131 Rayon Polis \u0130dar\u0259sind\u0259dir. Bir n\u0259f\u0259r m\u00fclki geyimd\u0259 d\u00fc\u015f\u00fcb dedi ki, narkotikl\u0259 i\u015f ba\u015flan\u0131b\u201d.<\/em><\/p>\n\n\n\n<p>\u201cM\u00fcdafi\u0259 X\u0259tti\u201d insan haqlar\u0131 t\u0259\u015fkilat\u0131n\u0131n icra\u00e7\u0131 direktoru R\u00fcf\u0259t S\u0259f\u0259rov deyir ki, Az\u0259rbaycanda ictimai-siyasi f\u0259allar\u0131n \u015f\u0259rl\u0259nm\u0259si art\u0131q s\u0131radan x\u0259b\u0259r\u0259 \u00e7evrilib. Onun s\u00f6zl\u0259rin\u0259 g\u00f6r\u0259, az qala, h\u0259r g\u00fcn bel\u0259 hallar ya\u015fan\u0131r.<\/p>\n\n\n\n<p><em>\u201c\u0130nsanlar\u0131 \u015f\u0259rl\u0259m\u0259kd\u0259n \u0259lav\u0259 ana-bac\u0131lar\u0131yla h\u0259d\u0259l\u0259m\u0259k art\u0131q bir ba\u015fqa m\u0259rh\u0259l\u0259dir. Biz nec\u0259 c\u0259miyy\u0259tik, bu, nec\u0259 idar\u0259etm\u0259dir? Ham\u0131n\u0131n evind\u0259 anas\u0131, bac\u0131s\u0131, h\u0259yat yolda\u015f\u0131 var. Biz n\u0259 g\u00fcn\u0259 qalm\u0131\u015f\u0131q ki, insanlar\u0131 bununla t\u0259hdid edirik? Bel\u0259 h\u0259r\u0259k\u0259tl\u0259r\u0259 ad verm\u0259k, s\u00f6z tapmaq olmur\u201d,<\/em> &#8211; h\u00fcquq m\u00fcdafi\u0259\u00e7isi bildirib.<\/p>\n\n\n\n<p>R\u00fcf\u0259t S\u0259f\u0259rov bununla \u0259laq\u0259dar Daxili i\u015fl\u0259r naziri Vilay\u0259t Eyvazova v\u0259 Bak\u0131 \u015e\u0259h\u0259r Ba\u015f Polis \u0130dar\u0259sinin r\u0259hb\u0259rliyin\u0259 m\u00fcraci\u0259t edib:<\/p>\n\n\n\n<p><em>\u201cT\u0259ran\u0259 xan\u0131m m\u0259n\u0259 M\u00f6hy\u0259ddinin anas\u0131yla t\u0259hdid olunmas\u0131 bar\u0259d\u0259 m\u0259lumat ver\u0259nd\u0259n sonra h\u0259m Daxili \u0130\u015fl\u0259r Nazirliyinin, h\u0259m d\u0259 Bak\u0131 \u015e\u0259h\u0259r Ba\u015f Polis \u0130dar\u0259sinin r\u0259hb\u0259rliyin\u0259 m\u00fcraci\u0259t etm\u0259k q\u0259rar\u0131na g\u0259ldim. M\u0259n xahi\u015f edir\u0259m, bu c\u00fcr d\u0259y\u0259rl\u0259ri \u00e7eyn\u0259y\u0259n polis \u0259m\u0259kda\u015flar\u0131n\u0131n kim oldu\u011fu m\u00fc\u0259yy\u0259nl\u0259\u015fdirilsin v\u0259 c\u0259zaland\u0131r\u0131ls\u0131n. Bu \u00f6lk\u0259ni bel\u0259 v\u0259ziyy\u0259t\u0259 salmaq, b\u00fct\u00fcn d\u0259y\u0259rl\u0259ri tapdamaq olmaz\u201d.<\/em><\/p>\n\n\n<div class=\"wp-block-image\">\n<figure class=\"alignleft size-full is-resized\"><img decoding=\"async\" width=\"1136\" height=\"638\" data-src=\"https:\/\/www.meydan.tv\/wp-content\/uploads\/25690.jpg\" alt=\"R\u00fcf\u0259t S\u0259f\u0259rov\" class=\"wp-image-67241 lazyload\" style=\"--smush-placeholder-width: 1136px; --smush-placeholder-aspect-ratio: 1136\/638;width:417px;height:auto\" src=\"data:image\/svg+xml;base64,PHN2ZyB3aWR0aD0iMSIgaGVpZ2h0PSIxIiB4bWxucz0iaHR0cDovL3d3dy53My5vcmcvMjAwMC9zdmciPjwvc3ZnPg==\" \/><figcaption class=\"wp-element-caption\">Foto: R\u00fcf\u0259t S\u0259f\u0259rovun \u015f\u0259xsi arxivind\u0259n<\/figcaption><\/figure>\n<\/div>\n\n\n<p>23 ya\u015fl\u0131 M.Orucov Suraxan\u0131 rayonu, 32-ci polis b\u00f6lm\u0259sind\u0259 m\u0259ruz qald\u0131\u011f\u0131 i\u015fg\u0259nc\u0259l\u0259rd\u0259n dan\u0131\u015fark\u0259n bildirmi\u015fdi ki, onu gec\u0259d\u0259n s\u0259h\u0259r\u0259 q\u0259d\u0259r b\u00f6lm\u0259nin h\u0259y\u0259tind\u0259 skamyada qandallay\u0131b saxlay\u0131blar:<\/p>\n\n\n\n<p><em>\u201cBir az ke\u00e7di, yen\u0259 hal\u0131m pisl\u0259\u015fdi. Bir y\u0131\u011f\u0131n polis \u00e7\u00f6l\u0259 \u00e7\u0131xd\u0131. Biri dedi, \u201cartistlik edir\u201d, biri dedi, \u201cqoy \u00f6ls\u00fcn\u201d. G\u00f6rd\u00fcl\u0259r ki, v\u0259ziyy\u0259tim ciddidir, \u00fcr\u0259yim gedir. Tez krandan su doldurub verdil\u0259r. Dedim, ayaqyoluna getm\u0259k ist\u0259yir\u0259m, qoymad\u0131lar. Saatlarla s\u0131x\u0131\u015f\u0131b qald\u0131m. Bir mayor g\u0259ldi, dedi ki, \u201cs\u0259n bunlar\u0131 yaz\u0131b, h\u0259l\u0259 bir tualet d\u0259 ist\u0259yirs\u0259n? Utanm\u0131rsan, vuraram a\u011fz\u0131n\u0131n \u00fcst\u00fcnd\u0259n\u201d. O v\u0259ziyy\u0259td\u0259 soyuqda saatlarla qald\u0131m, ax\u0131rda g\u00f6rd\u00fcm \u00f6l\u00fcr\u0259m, m\u0259cbur olub ayaqyolu kimi butulkadan istifad\u0259 el\u0259dim\u201d.<\/em><\/p>\n\n\n\n<p>S\u0259h\u0259r\u0259 yax\u0131n saat 5-6 rad\u0259l\u0259rind\u0259 b\u00f6lm\u0259nin i\u00e7in\u0259 apar\u0131ld\u0131\u011f\u0131n\u0131 dey\u0259n g\u0259nc f\u0259al\u0131n s\u00f6zl\u0259rin\u0259 g\u00f6r\u0259, ondan \u201c\u0130nstagram\u201d hesab\u0131n\u0131 ist\u0259yibl\u0259r. O is\u0259 verm\u0259k ist\u0259m\u0259y\u0259nd\u0259 d\u00f6ym\u0259y\u0259, t\u0259hqir etm\u0259y\u0259 ba\u015flay\u0131blar. Bu \u00fczd\u0259n m\u0259cbur qal\u0131b, sosial \u015f\u0259b\u0259k\u0259 hesab\u0131n\u0131 da, \u015fifr\u0259sini d\u0259 verib:<\/p>\n\n\n\n<p><em>\u201cSonra dedil\u0259r ki, r\u0259isin yan\u0131na apar\u0131rlar. M\u00fclki formada olan, \u201cr\u0259is\u201d adland\u0131rd\u0131qlar\u0131 \u015f\u0259xs durdu aya\u011fa ki, \u201c\u0259\u0259\u0259, \u015firk\u0259td\u0259n niy\u0259 \u015fikay\u0259t el\u0259mis\u0259n? \u00dc\u00e7 ki\u015fi, \u00fc\u00e7\u00fcn\u00fcz d\u0259 oran\u0131n \u00e7\u00f6r\u0259yini yeyib, suyunu i\u00e7irsiniz\u201d. Ba\u015flad\u0131 s\u00f6ym\u0259y\u0259, dedi ki, \u201csizi ail\u0259likc\u0259 \u00f6lk\u0259d\u0259n s\u00fcrg\u00fcn el\u0259m\u0259k laz\u0131md\u0131r\u201d. Bunlar\u0131 da s\u00f6y\u00fc\u015fl\u00fc formada deyirdi. M\u0259ni g\u0259tir\u0259nd\u0259 dedi ki, buna niy\u0259 dubinka soxmam\u0131s\u0131z? Ba\u015flad\u0131 \u015fill\u0259, yumruqla d\u00f6ym\u0259y\u0259. D\u00f6y\u0259nd\u0259n sonra yen\u0259 a\u011f\u0131r s\u00f6y\u00fc\u015fl\u0259r\u0259 ke\u00e7di, onda dedim, \u201cnormal dan\u0131\u015f, ail\u0259mi qar\u0131\u015fd\u0131rma\u201d. Otaqda olan polis\u0259 dedi ki, \u201cbuna \u201cpolis\u0259 m\u00fcqavim\u0259t\u201d yaz\u201d.<\/em><\/p>\n","protected":false},"excerpt":{"rendered":"<p>Anas\u0131: \u201cM\u00f6hy\u0259ddin Orucovun h\u0259bsind\u0259n 10 g\u00fcn\u0259 yax\u0131n vaxt ke\u00e7m\u0259sin\u0259 baxmayaraq, &#8230; <\/p>\n<p class=\"read-more-container\"><a title=\"\u0130ctimai f\u0259al\u0131n anas\u0131n\u0131 polis\u0259 aparmaqla h\u0259d\u0259l\u0259ndiyi bildirilir\" class=\"read-more button\" href=\"https:\/\/www.meydan.tv\/az\/article\/ictimai-fealin-anasini-polise-aparmaqla-hedelendiyi-bildirilir\/#more-293671\" aria-label=\"Read more about \u0130ctimai f\u0259al\u0131n anas\u0131n\u0131 polis\u0259 aparmaqla h\u0259d\u0259l\u0259ndiyi bildirilir\">Davam\u0131<\/a><\/p>\n","protected":false},"author":8,"featured_media":292820,"comment_status":"closed","ping_status":"closed","sticky":false,"template":"","format":"standard","meta":{"_acf_changed":false,"_sitemap_exclude":false,"_sitemap_priority":"","_sitemap_frequency":"","footnotes":""},"categories":[59,79,56],"tags":[],"class_list":["post-293671","post","type-post","status-publish","format-standard","has-post-thumbnail","hentry","category-siyaset","category-featured","category-xeberler","infinite-scroll-item","generate-columns","tablet-grid-50","mobile-grid-100","grid-parent","grid-33","no-featured-image-padding"],"acf":[],"yoast_head":"<!-- This site is optimized with the Yoast SEO plugin v27.4 - https:\/\/yoast.com\/product\/yoast-seo-wordpress\/ -->\n<title>\u0130ctimai f\u0259al\u0131n anas\u0131n\u0131 polis\u0259 aparmaqla h\u0259d\u0259l\u0259ndiyi bildirilir - MEYDAN.TV<\/title>\n<meta name=\"robots\" content=\"index, follow, max-snippet:-1, max-image-preview:large, max-video-preview:-1\" \/>\n<link rel=\"canonical\" href=\"https:\/\/www.meydan.tv\/az\/article\/ictimai-fealin-anasini-polise-aparmaqla-hedelendiyi-bildirilir\/\" \/>\n<meta property=\"og:locale\" content=\"az_AZ\" \/>\n<meta property=\"og:type\" content=\"article\" \/>\n<meta property=\"og:title\" content=\"\u0130ctimai f\u0259al\u0131n anas\u0131n\u0131 polis\u0259 aparmaqla h\u0259d\u0259l\u0259ndiyi bildirilir - MEYDAN.TV\" \/>\n<meta property=\"og:description\" content=\"Anas\u0131: \u201cM\u00f6hy\u0259ddin Orucovun h\u0259bsind\u0259n 10 g\u00fcn\u0259 yax\u0131n vaxt ke\u00e7m\u0259sin\u0259 baxmayaraq, ... Davam\u0131\" \/>\n<meta property=\"og:url\" content=\"https:\/\/www.meydan.tv\/az\/article\/ictimai-fealin-anasini-polise-aparmaqla-hedelendiyi-bildirilir\/\" \/>\n<meta property=\"og:site_name\" content=\"MEYDAN.TV\" \/>\n<meta property=\"article:published_time\" content=\"2023-12-21T14:23:11+00:00\" \/>\n<meta property=\"article:modified_time\" content=\"2023-12-21T14:43:26+00:00\" \/>\n<meta property=\"og:image\" content=\"https:\/\/www.meydan.tv\/wp-content\/uploads\/screenshot-2023-12-13-at-16.52.30.png\" \/>\n\t<meta property=\"og:image:width\" content=\"1872\" \/>\n\t<meta property=\"og:image:height\" content=\"964\" \/>\n\t<meta property=\"og:image:type\" content=\"image\/png\" \/>\n<meta name=\"author\" content=\"elli\" \/>\n<meta name=\"twitter:card\" content=\"summary_large_image\" \/>\n<meta name=\"twitter:creator\" content=\"@elli\" \/>\n<script type=\"application\/ld+json\" class=\"yoast-schema-graph\">{\"@context\":\"https:\\\/\\\/schema.org\",\"@graph\":[{\"@type\":\"Article\",\"@id\":\"https:\\\/\\\/www.meydan.tv\\\/az\\\/article\\\/ictimai-fealin-anasini-polise-aparmaqla-hedelendiyi-bildirilir\\\/#article\",\"isPartOf\":{\"@id\":\"https:\\\/\\\/www.meydan.tv\\\/az\\\/article\\\/ictimai-fealin-anasini-polise-aparmaqla-hedelendiyi-bildirilir\\\/\"},\"author\":{\"name\":\"elli\",\"@id\":\"https:\\\/\\\/www.meydan.tv\\\/az\\\/#\\\/schema\\\/person\\\/9cdbecf90d17180ce1dfbd95b08dcf47\"},\"headline\":\"\u0130ctimai f\u0259al\u0131n anas\u0131n\u0131 polis\u0259 aparmaqla h\u0259d\u0259l\u0259ndiyi bildirilir\",\"datePublished\":\"2023-12-21T14:23:11+00:00\",\"dateModified\":\"2023-12-21T14:43:26+00:00\",\"mainEntityOfPage\":{\"@id\":\"https:\\\/\\\/www.meydan.tv\\\/az\\\/article\\\/ictimai-fealin-anasini-polise-aparmaqla-hedelendiyi-bildirilir\\\/\"},\"wordCount\":1238,\"publisher\":{\"@id\":\"https:\\\/\\\/www.meydan.tv\\\/az\\\/#organization\"},\"image\":{\"@id\":\"https:\\\/\\\/www.meydan.tv\\\/az\\\/article\\\/ictimai-fealin-anasini-polise-aparmaqla-hedelendiyi-bildirilir\\\/#primaryimage\"},\"thumbnailUrl\":\"https:\\\/\\\/www.meydan.tv\\\/wp-content\\\/uploads\\\/screenshot-2023-12-13-at-16.52.30.png\",\"articleSection\":[\"Siyas\u0259t\",\"T\u00f6vsiy\u0259\",\"X\u0259b\u0259rl\u0259r\"],\"inLanguage\":\"az\"},{\"@type\":\"WebPage\",\"@id\":\"https:\\\/\\\/www.meydan.tv\\\/az\\\/article\\\/ictimai-fealin-anasini-polise-aparmaqla-hedelendiyi-bildirilir\\\/\",\"url\":\"https:\\\/\\\/www.meydan.tv\\\/az\\\/article\\\/ictimai-fealin-anasini-polise-aparmaqla-hedelendiyi-bildirilir\\\/\",\"name\":\"\u0130ctimai f\u0259al\u0131n anas\u0131n\u0131 polis\u0259 aparmaqla h\u0259d\u0259l\u0259ndiyi bildirilir - MEYDAN.TV\",\"isPartOf\":{\"@id\":\"https:\\\/\\\/www.meydan.tv\\\/az\\\/#website\"},\"primaryImageOfPage\":{\"@id\":\"https:\\\/\\\/www.meydan.tv\\\/az\\\/article\\\/ictimai-fealin-anasini-polise-aparmaqla-hedelendiyi-bildirilir\\\/#primaryimage\"},\"image\":{\"@id\":\"https:\\\/\\\/www.meydan.tv\\\/az\\\/article\\\/ictimai-fealin-anasini-polise-aparmaqla-hedelendiyi-bildirilir\\\/#primaryimage\"},\"thumbnailUrl\":\"https:\\\/\\\/www.meydan.tv\\\/wp-content\\\/uploads\\\/screenshot-2023-12-13-at-16.52.30.png\",\"datePublished\":\"2023-12-21T14:23:11+00:00\",\"dateModified\":\"2023-12-21T14:43:26+00:00\",\"breadcrumb\":{\"@id\":\"https:\\\/\\\/www.meydan.tv\\\/az\\\/article\\\/ictimai-fealin-anasini-polise-aparmaqla-hedelendiyi-bildirilir\\\/#breadcrumb\"},\"inLanguage\":\"az\",\"potentialAction\":[{\"@type\":\"ReadAction\",\"target\":[\"https:\\\/\\\/www.meydan.tv\\\/az\\\/article\\\/ictimai-fealin-anasini-polise-aparmaqla-hedelendiyi-bildirilir\\\/\"]}]},{\"@type\":\"ImageObject\",\"inLanguage\":\"az\",\"@id\":\"https:\\\/\\\/www.meydan.tv\\\/az\\\/article\\\/ictimai-fealin-anasini-polise-aparmaqla-hedelendiyi-bildirilir\\\/#primaryimage\",\"url\":\"https:\\\/\\\/www.meydan.tv\\\/wp-content\\\/uploads\\\/screenshot-2023-12-13-at-16.52.30.png\",\"contentUrl\":\"https:\\\/\\\/www.meydan.tv\\\/wp-content\\\/uploads\\\/screenshot-2023-12-13-at-16.52.30.png\",\"width\":1872,\"height\":964,\"caption\":\"M\u00f6hy\u0259ddin Orucov, Foto: \u015f\u0259xsi facebook s\u0259hif\u0259si\"},{\"@type\":\"BreadcrumbList\",\"@id\":\"https:\\\/\\\/www.meydan.tv\\\/az\\\/article\\\/ictimai-fealin-anasini-polise-aparmaqla-hedelendiyi-bildirilir\\\/#breadcrumb\",\"itemListElement\":[{\"@type\":\"ListItem\",\"position\":1,\"name\":\"Ana s\u0259hif\u0259\",\"item\":\"https:\\\/\\\/www.meydan.tv\\\/az\\\/\"},{\"@type\":\"ListItem\",\"position\":2,\"name\":\"Siyas\u0259t\",\"item\":\"https:\\\/\\\/www.meydan.tv\\\/az\\\/section\\\/siyaset\\\/\"},{\"@type\":\"ListItem\",\"position\":3,\"name\":\"\u0130ctimai f\u0259al\u0131n anas\u0131n\u0131 polis\u0259 aparmaqla h\u0259d\u0259l\u0259ndiyi bildirilir\"}]},{\"@type\":\"WebSite\",\"@id\":\"https:\\\/\\\/www.meydan.tv\\\/az\\\/#website\",\"url\":\"https:\\\/\\\/www.meydan.tv\\\/az\\\/\",\"name\":\"MEYDAN.TV\",\"description\":\"Meydan TV Az\u0259rbaycan\u0131n media m\u0259kan\u0131ndak\u0131 alternativ s\u0259sidir\",\"publisher\":{\"@id\":\"https:\\\/\\\/www.meydan.tv\\\/az\\\/#organization\"},\"potentialAction\":[{\"@type\":\"SearchAction\",\"target\":{\"@type\":\"EntryPoint\",\"urlTemplate\":\"https:\\\/\\\/www.meydan.tv\\\/az\\\/?s={search_term_string}\"},\"query-input\":{\"@type\":\"PropertyValueSpecification\",\"valueRequired\":true,\"valueName\":\"search_term_string\"}}],\"inLanguage\":\"az\"},{\"@type\":\"Organization\",\"@id\":\"https:\\\/\\\/www.meydan.tv\\\/az\\\/#organization\",\"name\":\"Meydan TV\",\"url\":\"https:\\\/\\\/www.meydan.tv\\\/az\\\/\",\"logo\":{\"@type\":\"ImageObject\",\"inLanguage\":\"az\",\"@id\":\"https:\\\/\\\/www.meydan.tv\\\/az\\\/#\\\/schema\\\/logo\\\/image\\\/\",\"url\":\"https:\\\/\\\/www.meydan.tv\\\/wp-content\\\/uploads\\\/2021\\\/07\\\/meydan-logo.svg\",\"contentUrl\":\"https:\\\/\\\/www.meydan.tv\\\/wp-content\\\/uploads\\\/2021\\\/07\\\/meydan-logo.svg\",\"width\":195,\"height\":46,\"caption\":\"Meydan TV\"},\"image\":{\"@id\":\"https:\\\/\\\/www.meydan.tv\\\/az\\\/#\\\/schema\\\/logo\\\/image\\\/\"}},{\"@type\":\"Person\",\"@id\":\"https:\\\/\\\/www.meydan.tv\\\/az\\\/#\\\/schema\\\/person\\\/9cdbecf90d17180ce1dfbd95b08dcf47\",\"name\":\"elli\",\"sameAs\":[\"https:\\\/\\\/x.com\\\/elli\"]}]}<\/script>\n<!-- \/ Yoast SEO plugin. -->","yoast_head_json":{"title":"\u0130ctimai f\u0259al\u0131n anas\u0131n\u0131 polis\u0259 aparmaqla h\u0259d\u0259l\u0259ndiyi bildirilir - MEYDAN.TV","robots":{"index":"index","follow":"follow","max-snippet":"max-snippet:-1","max-image-preview":"max-image-preview:large","max-video-preview":"max-video-preview:-1"},"canonical":"https:\/\/www.meydan.tv\/az\/article\/ictimai-fealin-anasini-polise-aparmaqla-hedelendiyi-bildirilir\/","og_locale":"az_AZ","og_type":"article","og_title":"\u0130ctimai f\u0259al\u0131n anas\u0131n\u0131 polis\u0259 aparmaqla h\u0259d\u0259l\u0259ndiyi bildirilir - MEYDAN.TV","og_description":"Anas\u0131: \u201cM\u00f6hy\u0259ddin Orucovun h\u0259bsind\u0259n 10 g\u00fcn\u0259 yax\u0131n vaxt ke\u00e7m\u0259sin\u0259 baxmayaraq, ... Davam\u0131","og_url":"https:\/\/www.meydan.tv\/az\/article\/ictimai-fealin-anasini-polise-aparmaqla-hedelendiyi-bildirilir\/","og_site_name":"MEYDAN.TV","article_published_time":"2023-12-21T14:23:11+00:00","article_modified_time":"2023-12-21T14:43:26+00:00","og_image":[{"width":1872,"height":964,"url":"https:\/\/www.meydan.tv\/wp-content\/uploads\/screenshot-2023-12-13-at-16.52.30.png","type":"image\/png"}],"author":"elli","twitter_card":"summary_large_image","twitter_creator":"@elli","schema":{"@context":"https:\/\/schema.org","@graph":[{"@type":"Article","@id":"https:\/\/www.meydan.tv\/az\/article\/ictimai-fealin-anasini-polise-aparmaqla-hedelendiyi-bildirilir\/#article","isPartOf":{"@id":"https:\/\/www.meydan.tv\/az\/article\/ictimai-fealin-anasini-polise-aparmaqla-hedelendiyi-bildirilir\/"},"author":{"name":"elli","@id":"https:\/\/www.meydan.tv\/az\/#\/schema\/person\/9cdbecf90d17180ce1dfbd95b08dcf47"},"headline":"\u0130ctimai f\u0259al\u0131n anas\u0131n\u0131 polis\u0259 aparmaqla h\u0259d\u0259l\u0259ndiyi bildirilir","datePublished":"2023-12-21T14:23:11+00:00","dateModified":"2023-12-21T14:43:26+00:00","mainEntityOfPage":{"@id":"https:\/\/www.meydan.tv\/az\/article\/ictimai-fealin-anasini-polise-aparmaqla-hedelendiyi-bildirilir\/"},"wordCount":1238,"publisher":{"@id":"https:\/\/www.meydan.tv\/az\/#organization"},"image":{"@id":"https:\/\/www.meydan.tv\/az\/article\/ictimai-fealin-anasini-polise-aparmaqla-hedelendiyi-bildirilir\/#primaryimage"},"thumbnailUrl":"https:\/\/www.meydan.tv\/wp-content\/uploads\/screenshot-2023-12-13-at-16.52.30.png","articleSection":["Siyas\u0259t","T\u00f6vsiy\u0259","X\u0259b\u0259rl\u0259r"],"inLanguage":"az"},{"@type":"WebPage","@id":"https:\/\/www.meydan.tv\/az\/article\/ictimai-fealin-anasini-polise-aparmaqla-hedelendiyi-bildirilir\/","url":"https:\/\/www.meydan.tv\/az\/article\/ictimai-fealin-anasini-polise-aparmaqla-hedelendiyi-bildirilir\/","name":"\u0130ctimai f\u0259al\u0131n anas\u0131n\u0131 polis\u0259 aparmaqla h\u0259d\u0259l\u0259ndiyi bildirilir - MEYDAN.TV","isPartOf":{"@id":"https:\/\/www.meydan.tv\/az\/#website"},"primaryImageOfPage":{"@id":"https:\/\/www.meydan.tv\/az\/article\/ictimai-fealin-anasini-polise-aparmaqla-hedelendiyi-bildirilir\/#primaryimage"},"image":{"@id":"https:\/\/www.meydan.tv\/az\/article\/ictimai-fealin-anasini-polise-aparmaqla-hedelendiyi-bildirilir\/#primaryimage"},"thumbnailUrl":"https:\/\/www.meydan.tv\/wp-content\/uploads\/screenshot-2023-12-13-at-16.52.30.png","datePublished":"2023-12-21T14:23:11+00:00","dateModified":"2023-12-21T14:43:26+00:00","breadcrumb":{"@id":"https:\/\/www.meydan.tv\/az\/article\/ictimai-fealin-anasini-polise-aparmaqla-hedelendiyi-bildirilir\/#breadcrumb"},"inLanguage":"az","potentialAction":[{"@type":"ReadAction","target":["https:\/\/www.meydan.tv\/az\/article\/ictimai-fealin-anasini-polise-aparmaqla-hedelendiyi-bildirilir\/"]}]},{"@type":"ImageObject","inLanguage":"az","@id":"https:\/\/www.meydan.tv\/az\/article\/ictimai-fealin-anasini-polise-aparmaqla-hedelendiyi-bildirilir\/#primaryimage","url":"https:\/\/www.meydan.tv\/wp-content\/uploads\/screenshot-2023-12-13-at-16.52.30.png","contentUrl":"https:\/\/www.meydan.tv\/wp-content\/uploads\/screenshot-2023-12-13-at-16.52.30.png","width":1872,"height":964,"caption":"M\u00f6hy\u0259ddin Orucov, Foto: \u015f\u0259xsi facebook s\u0259hif\u0259si"},{"@type":"BreadcrumbList","@id":"https:\/\/www.meydan.tv\/az\/article\/ictimai-fealin-anasini-polise-aparmaqla-hedelendiyi-bildirilir\/#breadcrumb","itemListElement":[{"@type":"ListItem","position":1,"name":"Ana s\u0259hif\u0259","item":"https:\/\/www.meydan.tv\/az\/"},{"@type":"ListItem","position":2,"name":"Siyas\u0259t","item":"https:\/\/www.meydan.tv\/az\/section\/siyaset\/"},{"@type":"ListItem","position":3,"name":"\u0130ctimai f\u0259al\u0131n anas\u0131n\u0131 polis\u0259 aparmaqla h\u0259d\u0259l\u0259ndiyi bildirilir"}]},{"@type":"WebSite","@id":"https:\/\/www.meydan.tv\/az\/#website","url":"https:\/\/www.meydan.tv\/az\/","name":"MEYDAN.TV","description":"Meydan TV Az\u0259rbaycan\u0131n media m\u0259kan\u0131ndak\u0131 alternativ s\u0259sidir","publisher":{"@id":"https:\/\/www.meydan.tv\/az\/#organization"},"potentialAction":[{"@type":"SearchAction","target":{"@type":"EntryPoint","urlTemplate":"https:\/\/www.meydan.tv\/az\/?s={search_term_string}"},"query-input":{"@type":"PropertyValueSpecification","valueRequired":true,"valueName":"search_term_string"}}],"inLanguage":"az"},{"@type":"Organization","@id":"https:\/\/www.meydan.tv\/az\/#organization","name":"Meydan TV","url":"https:\/\/www.meydan.tv\/az\/","logo":{"@type":"ImageObject","inLanguage":"az","@id":"https:\/\/www.meydan.tv\/az\/#\/schema\/logo\/image\/","url":"https:\/\/www.meydan.tv\/wp-content\/uploads\/2021\/07\/meydan-logo.svg","contentUrl":"https:\/\/www.meydan.tv\/wp-content\/uploads\/2021\/07\/meydan-logo.svg","width":195,"height":46,"caption":"Meydan TV"},"image":{"@id":"https:\/\/www.meydan.tv\/az\/#\/schema\/logo\/image\/"}},{"@type":"Person","@id":"https:\/\/www.meydan.tv\/az\/#\/schema\/person\/9cdbecf90d17180ce1dfbd95b08dcf47","name":"elli","sameAs":["https:\/\/x.com\/elli"]}]}},"_links":{"self":[{"href":"https:\/\/www.meydan.tv\/az\/wp-json\/wp\/v2\/posts\/293671","targetHints":{"allow":["GET"]}}],"collection":[{"href":"https:\/\/www.meydan.tv\/az\/wp-json\/wp\/v2\/posts"}],"about":[{"href":"https:\/\/www.meydan.tv\/az\/wp-json\/wp\/v2\/types\/post"}],"author":[{"embeddable":true,"href":"https:\/\/www.meydan.tv\/az\/wp-json\/wp\/v2\/users\/8"}],"replies":[{"embeddable":true,"href":"https:\/\/www.meydan.tv\/az\/wp-json\/wp\/v2\/comments?post=293671"}],"version-history":[{"count":5,"href":"https:\/\/www.meydan.tv\/az\/wp-json\/wp\/v2\/posts\/293671\/revisions"}],"predecessor-version":[{"id":293688,"href":"https:\/\/www.meydan.tv\/az\/wp-json\/wp\/v2\/posts\/293671\/revisions\/293688"}],"wp:featuredmedia":[{"embeddable":true,"href":"https:\/\/www.meydan.tv\/az\/wp-json\/wp\/v2\/media\/292820"}],"wp:attachment":[{"href":"https:\/\/www.meydan.tv\/az\/wp-json\/wp\/v2\/media?parent=293671"}],"wp:term":[{"taxonomy":"category","embeddable":true,"href":"https:\/\/www.meydan.tv\/az\/wp-json\/wp\/v2\/categories?post=293671"},{"taxonomy":"post_tag","embeddable":true,"href":"https:\/\/www.meydan.tv\/az\/wp-json\/wp\/v2\/tags?post=293671"}],"curies":[{"name":"wp","href":"https:\/\/api.w.org\/{rel}","templated":true}]}}