{"id":293659,"date":"2023-12-21T16:25:08","date_gmt":"2023-12-21T12:25:08","guid":{"rendered":"https:\/\/www.meydan.tv\/?p=293659"},"modified":"2023-12-21T16:25:14","modified_gmt":"2023-12-21T12:25:14","slug":"azerbaycan-kino-sahesinde-yeyintiler-qanunda-bosluq-yoxsa-qeyri-pesekarliq","status":"publish","type":"post","link":"https:\/\/www.meydan.tv\/az\/article\/azerbaycan-kino-sahesinde-yeyintiler-qanunda-bosluq-yoxsa-qeyri-pesekarliq\/","title":{"rendered":"Az\u0259rbaycan kino sah\u0259sind\u0259 yeyintil\u0259r: qanunda bo\u015fluq, yoxsa qeyri-pe\u015f\u0259karl\u0131q?.."},"content":{"rendered":"\n<p><\/p>\n\n\n\n<p><strong><em>\u201cBa\u015f ver\u0259nl\u0259r konkret olaraq qeyri-pe\u015f\u0259karl\u0131q v\u0259 vicdans\u0131zl\u0131qd\u0131r\u201d<\/em><\/strong><\/p>\n\n\n\n<p>Hesablama Palatas\u0131n\u0131n kino sah\u0259si il\u0259 ba\u011fl\u0131 apard\u0131\u011f\u0131 n\u00f6vb\u0259ti yoxlamalar\u0131n hesabat\u0131 m\u00fczakir\u0259l\u0259r\u0259 s\u0259b\u0259b olub.<\/p>\n\n\n\n<p>Palatan\u0131n dekabr\u0131n 20-d\u0259 yayd\u0131\u011f\u0131 m\u0259lumatda bildirilir ki, M\u0259d\u0259niyy\u0259t Nazirliyind\u0259,&nbsp; Az\u0259rbaycan Respublikas\u0131 Kino Agentliyind\u0259 (ARKA), C\u0259f\u0259r Cabbarl\u0131 ad\u0131na \u201cAz\u0259rbaycanfilm\u201d, \u201cSalnam\u0259\u201d v\u0259 \u201cFilming Azerbaijan\u201d kinostudiyalar\u0131nda v\u0259 D\u00f6vl\u0259t Film Fondunda yoxlamalar apar\u0131l\u0131b v\u0259 ciddi maliyy\u0259 pozuntular\u0131 <a href=\"https:\/\/sai.gov.az\/audit\/146\">a\u015fkarlan\u0131b.<\/a><\/p>\n\n\n\n<p>Palatan\u0131n \u00f6t\u0259nilki hesabat\u0131nda da M\u0259d\u0259niyy\u0259t Nazirliyind\u0259 ciddi maliyy\u0259 pozuntular\u0131 oldu\u011fu <a href=\"https:\/\/storage.googleapis.com\/qurium\/www.meydan.tv\/az-article-dovlet-sifarisi-ile-film-cekenler-pullari-nece-xercleyib.html\">bildirilirdi.<\/a><\/p>\n\n\n\n<p>T\u00f6vsiy\u0259 olunurdu ki, n\u00f6qsana yol ver\u0259n m\u0259sul \u015f\u0259xsl\u0259r m\u0259suliyy\u0259t\u0259 c\u0259lb olunsunlar.<\/p>\n\n\n\n<p>Palatan\u0131n builki m\u0259lumat\u0131nda o da qeyd olunur ki, \u00f6t\u0259n il \u00fc\u00e7\u00fcn diqq\u0259t\u0259 \u00e7atd\u0131r\u0131lan qanun pozuntular\u0131 h\u0259l\u0259 d\u0259 h\u0259llini tapmay\u0131b.<\/p>\n\n\n\n<p>M\u0259hz bunun n\u0259tic\u0259sidir ki, a\u015fkarlanan hallarda cinay\u0259t t\u0259rkibi \u0259lam\u0259tl\u0259rinin olma ehtimal\u0131 diqq\u0259t\u0259 al\u0131naraq, m\u00fcvafiq materiallar Ba\u015f Prokurorlu\u011fa g\u00f6nd\u0259rilib.<\/p>\n\n\n\n<figure class=\"wp-block-image size-large\"><img decoding=\"async\" width=\"1200\" height=\"668\" data-src=\"https:\/\/www.meydan.tv\/wp-content\/uploads\/screenshot-at-aug-10-14-51-49-1200x668.png\" alt=\"\" class=\"wp-image-252941 lazyload\" src=\"data:image\/svg+xml;base64,PHN2ZyB3aWR0aD0iMSIgaGVpZ2h0PSIxIiB4bWxucz0iaHR0cDovL3d3dy53My5vcmcvMjAwMC9zdmciPjwvc3ZnPg==\" style=\"--smush-placeholder-width: 1200px; --smush-placeholder-aspect-ratio: 1200\/668;\" \/><figcaption class=\"wp-element-caption\">Ba\u015f Prokurorluq. Foto: Meydan TV<\/figcaption><\/figure>\n\n\n\n<p>Son bir ne\u00e7\u0259 ild\u0259 M\u0259d\u0259niyy\u0259t Nazirliyind\u0259 iki nazir d\u0259yi\u015fib.<\/p>\n\n\n\n<p>Eyni zamanda, struktur d\u0259yi\u015fikliyi d\u0259 olub.<\/p>\n\n\n\n<p>Maliyy\u0259 yeyintil\u0259ri il\u0259 ba\u011fl\u0131 h\u0259bsl\u0259r ba\u015f verib.<\/p>\n\n\n\n<p>Ke\u00e7iril\u0259n film m\u00fcsabiq\u0259l\u0259rinin qalibl\u0259rinin pul m\u00fckafatlar\u0131 \u00f6d\u0259nilm\u0259yib.<\/p>\n\n\n\n<p>Son iki ild\u0259 d\u00f6vl\u0259t b\u00fcdc\u0259sind\u0259n maliyy\u0259l\u0259\u015f\u0259n bir d\u0259n\u0259 d\u0259 olsun tammetrajl\u0131 b\u0259dii film \u00e7\u0259kilm\u0259yib.<\/p>\n\n\n\n<p>Bu v\u0259 dig\u0259r hallar kino ictimaiyy\u0259ti aras\u0131nda naraz\u0131l\u0131qlara s\u0259b\u0259b olub.<\/p>\n\n\n\n<p>Kino m\u00fct\u0259x\u0259ssisl\u0259ri hesab edirl\u0259r ki, Az\u0259rbaycan kinosunun probleminin k\u00f6k\u00fcnd\u0259 1998-ci ild\u0259 q\u0259bul olunmu\u015f k\u00f6hn\u0259 kino qanunun yenil\u0259nm\u0259m\u0259si dayan\u0131r.<\/p>\n\n\n\n<p>M\u0259d\u0259niyy\u0259t v\u0259 Kinematoqrafiya haqq\u0131nda qanun layih\u0259l\u0259rinin, Kinematoqrafiyan\u0131n inki\u015faf konsepsiyas\u0131n\u0131n m\u00fc\u0259llifi, h\u00fcquq\u015f\u00fcnas, Rejissorlar Gildiyas\u0131n\u0131n s\u0259dri Fikrin Bekta\u015fi Meydan TV-y\u0259 deyir ki, Az\u0259rbaycan kinosundak\u0131 b\u00fct\u00fcn\u00a0 probleml\u0259rin k\u00f6k\u00fcnd\u0259 qanunvericilik islahatlar\u0131n\u0131n olmamas\u0131 dayan\u0131r.<\/p>\n\n\n\n<p><strong>\u00c7\u0131x\u0131\u015f yolu n\u0259d\u0259dir?<\/strong><\/p>\n\n\n\n<p><em>\u201cQanunvericilik bo\u015fluqlar\u0131, faktiki olaraq h\u00fcquqi biliyi az olan kino cami\u0259si \u00fc\u00e7\u00fcn bir t\u0259l\u0259, yoxlay\u0131c\u0131 t\u0259\u015fkilatlar \u00fc\u00e7\u00fcn is\u0259 t\u0259sir mexanizmidir. M\u00fcasir kino istehsal\u0131n\u0131n standartlar\u0131 m\u00f6vcud qanunvericiliy\u0259 uy\u011funla\u015fd\u0131r\u0131lmay\u0131b. N\u0259tic\u0259d\u0259 kino v\u0259 m\u0259d\u0259niyy\u0259t uduzur\u201d, &#8211;<\/em> Fikrin Bekta\u015fi deyir.<\/p>\n\n\n\n<p>Onun s\u00f6zl\u0259rin\u0259 g\u00f6r\u0259, k\u00f6hn\u0259 qanun kino sah\u0259sind\u0259 inhisar\u00e7\u0131l\u0131q yarad\u0131b, \u00f6z\u0259l sektorun v\u0259 \u00f6z\u0259l prod\u00fcser \u015firk\u0259tl\u0259rinin yaranmas\u0131 v\u0259 inki\u015faf\u0131n\u0131 l\u0259ngidib:<\/p>\n\n\n<div class=\"wp-block-image\">\n<figure class=\"alignleft size-full is-resized\"><img decoding=\"async\" width=\"1200\" height=\"800\" data-src=\"https:\/\/www.meydan.tv\/wp-content\/uploads\/fikrin_bektashi.jpg\" alt=\"\" class=\"wp-image-242690 lazyload\" style=\"--smush-placeholder-width: 1200px; --smush-placeholder-aspect-ratio: 1200\/800;width:400px;height:auto\" src=\"data:image\/svg+xml;base64,PHN2ZyB3aWR0aD0iMSIgaGVpZ2h0PSIxIiB4bWxucz0iaHR0cDovL3d3dy53My5vcmcvMjAwMC9zdmciPjwvc3ZnPg==\" \/><figcaption class=\"wp-element-caption\">Fikrin Bekta\u015fi, Foto: Arxiv<\/figcaption><\/figure>\n<\/div>\n\n\n<p>\u201c<em>2010-cu ild\u0259 \u201cKinematoqrafiya haqq\u0131nda\u201d Qanun layih\u0259sini yaz\u0131b, M\u0259d\u0259niyy\u0259t Nazirliyin\u0259 g\u00f6nd\u0259rdim. Nazirliyin Kino \u015f\u00f6b\u0259si bir \u00e7ox t\u0259klifi layih\u0259d\u0259n \u00e7\u0131xard\u0131, sonda is\u0259 \u00fcmumiyy\u0259tl\u0259 qanunvericiliyin t\u0259kmill\u0259\u015fdirilm\u0259si prosesini dayand\u0131rd\u0131. Yazd\u0131\u011f\u0131m qanun layih\u0259sind\u0259 yenilikl\u0259r \u00e7oxdur. Layih\u0259 haz\u0131rda Milli M\u0259clisd\u0259dir. Amma daha m\u00fcasir t\u0259l\u0259bl\u0259r\u0259 cavab verm\u0259si \u00fc\u00e7\u00fcn qanun layih\u0259sin\u0259 bir \u00e7ox t\u0259klifl\u0259rim var ki, filmin istehsal\u0131 v\u0259 distribusiyas\u0131n\u0131 tam \u0259hat\u0259 ed\u0259n mexanizml\u0259ri \u00f6z\u00fcnd\u0259 ehtiva edir\u201d.<\/em><\/p>\n\n\n\n<p>Milli M\u0259clisin M\u0259d\u0259niyy\u0259t komit\u0259sinin s\u0259dri Fazil Mustafa is\u0259 problemin qanunvericilikl\u0259 bilavasit\u0259 \u0259laq\u0259l\u0259ndirm\u0259yi do\u011fru hesab etmir:<\/p>\n\n\n\n<p>\u201c<em>Bu, s\u0259hl\u0259nkarl\u0131qla, eyni zamanda qeyri-pe\u015f\u0259karl\u0131qla ba\u011fl\u0131 olan m\u0259s\u0259l\u0259dir. Qanunvericilikl\u0259 ba\u011fl\u0131 hans\u0131sa m\u0259s\u0259l\u0259 olanda, qanunda \u0259lav\u0259 v\u0259 d\u00fcz\u0259li\u015fl\u0259r ed\u0259r\u0259k ger\u00e7\u0259kl\u0259\u015fdiririk\u201d.<\/em><\/p>\n\n\n<div class=\"wp-block-image\">\n<figure class=\"alignright size-full is-resized\"><img decoding=\"async\" width=\"1200\" height=\"555\" data-src=\"https:\/\/www.meydan.tv\/wp-content\/uploads\/fazil_mustafa_2504-e1680029419145.jpg\" alt=\"Deputat Fazil Mustafa\" class=\"wp-image-131519 lazyload\" style=\"--smush-placeholder-width: 1200px; --smush-placeholder-aspect-ratio: 1200\/555;width:433px;height:auto\" src=\"data:image\/svg+xml;base64,PHN2ZyB3aWR0aD0iMSIgaGVpZ2h0PSIxIiB4bWxucz0iaHR0cDovL3d3dy53My5vcmcvMjAwMC9zdmciPjwvc3ZnPg==\" \/><figcaption class=\"wp-element-caption\">Foto: Meydan TV<\/figcaption><\/figure>\n<\/div>\n\n\n<p>Hesablama Palatas\u0131n\u0131n Kollegiya iclas\u0131nda i\u015ftirak ed\u0259n deputat deyir ki, toplant\u0131da kino sah\u0259sind\u0259 olan n\u00f6qsanlar, ayr\u0131lan v\u0259saitl\u0259rin m\u00fc\u0259yy\u0259n d\u0259r\u0259c\u0259d\u0259 s\u0259m\u0259r\u0259siz x\u0259rcl\u0259nm\u0259si v\u0259 ba\u015fqa m\u0259s\u0259l\u0259l\u0259r ekspertl\u0259r, auditl\u0259r t\u0259r\u0259find\u0259n a\u00e7\u0131q \u015f\u0259kild\u0259 ortaya qoyulub:<\/p>\n\n\n\n<p>\u201c<em>Hesablama Palatas\u0131 da g\u00f6st\u0259rdi ki, t\u00f6r\u0259dil\u0259n \u0259m\u0259l subyektiv amill\u0259rl\u0259 ba\u011fl\u0131 m\u0259s\u0259l\u0259l\u0259rdir. Fikrimc\u0259, obyektiv yana\u015fmad\u0131r. Bunu h\u00fcquq-m\u00fchafiz\u0259 orqanlar\u0131 da ara\u015fd\u0131racaq\u201d.<\/em><\/p>\n\n\n\n<p><strong>\u201cKino qanunu yenil\u0259nm\u0259lidir\u201d<\/strong><\/p>\n\n\n\n<p>Bununla bel\u0259, komit\u0259 s\u0259dri hesab edir ki, \u201cKinematoqrafiya haqq\u0131nda\u201d Qanun yenil\u0259nm\u0259lidir:<\/p>\n\n\n\n<p><em>\u201cOtuz il\u0259 texnologiyada xeyli d\u0259yi\u015fiklikl\u0259r olub. M\u00fc\u0259yy\u0259n terminoloji bax\u0131mdan da m\u00fc\u0259yy\u0259n yenilikl\u0259r ortaya \u00e7\u0131x\u0131b. Bu qanun layih\u0259si bizd\u0259 layih\u0259 formas\u0131nda i\u015fl\u0259nilib. Ora yeni m\u00fcdd\u0259alar n\u0259z\u0259rd\u0259 tutulub. Yax\u0131n aylarda biz m\u00fctl\u0259q dinl\u0259m\u0259 ke\u00e7irm\u0259yi n\u0259z\u0259rd\u0259 tuturuq. \u00c7\u00fcnki m\u00fctl\u0259q bu istiqam\u0259td\u0259 add\u0131mlar at\u0131lmal\u0131d\u0131r\u201d.<\/em><\/p>\n\n\n<div class=\"wp-block-image\">\n<figure class=\"aligncenter size-full\"><img decoding=\"async\" width=\"1200\" height=\"666\" data-src=\"https:\/\/www.meydan.tv\/wp-content\/uploads\/shutterstock_641835628-e1640022402421.jpg\" alt=\"\" class=\"wp-image-229203 lazyload\" src=\"data:image\/svg+xml;base64,PHN2ZyB3aWR0aD0iMSIgaGVpZ2h0PSIxIiB4bWxucz0iaHR0cDovL3d3dy53My5vcmcvMjAwMC9zdmciPjwvc3ZnPg==\" style=\"--smush-placeholder-width: 1200px; --smush-placeholder-aspect-ratio: 1200\/666;\" \/><figcaption class=\"wp-element-caption\">Milli M\u0259clis, Foto: By aquatarkus\/Shutterstock<\/figcaption><\/figure>\n<\/div>\n\n\n<p><em>\u201c\u0130ctimai dinl\u0259m\u0259d\u0259n sonra b\u00fct\u00fcn t\u0259r\u0259fl\u0259rin &#8211; m\u00fct\u0259x\u0259ssisl\u0259rin, v\u0259t\u0259nda\u015f c\u0259miyy\u0259ti institutunun fikirl\u0259rini ald\u0131qdan sonra bir daha m\u00fck\u0259mm\u0259l qanun layih\u0259si haz\u0131rlay\u0131b, ortaya qoya bil\u0259c\u0259yik. Bu istiqam\u0259td\u0259 i\u015f gedir\u201d<\/em>, &#8211; dey\u0259 o qeyd edib.<\/p>\n\n\n\n<p><strong>\u201cQ\u00fcvv\u0259d\u0259 olan qanunla da yax\u015f\u0131 i\u015f ortaya qoymaq olar\u201d<\/strong><\/p>\n\n\n\n<p>Az\u0259rbaycan Kinematoqraf\u00e7\u0131lar \u0130ttifaq\u0131n\u0131n (AK\u0130) katibi, rejissor v\u0259 prod\u00fcser \u018fli \u0130sa Cabbarov is\u0259 hesab edir ki, Hesablama Palatas\u0131n\u0131n s\u0259n\u0259dind\u0259 g\u00f6st\u0259ril\u0259n pozuntular qanun bo\u015fluqlar\u0131 v\u0259 yaxud standartlarla ba\u011fl\u0131 deyil:<\/p>\n\n\n\n<figure class=\"wp-block-image size-full\"><img decoding=\"async\" width=\"1200\" height=\"800\" data-src=\"https:\/\/www.meydan.tv\/wp-content\/uploads\/398189845_735922308577775_7864337001593710936_n.jpg\" alt=\"\" class=\"wp-image-289734 lazyload\" src=\"data:image\/svg+xml;base64,PHN2ZyB3aWR0aD0iMSIgaGVpZ2h0PSIxIiB4bWxucz0iaHR0cDovL3d3dy53My5vcmcvMjAwMC9zdmciPjwvc3ZnPg==\" style=\"--smush-placeholder-width: 1200px; --smush-placeholder-aspect-ratio: 1200\/800;\" \/><figcaption class=\"wp-element-caption\">Foto: Az\u0259rbaycan Kinematoqraf\u00e7\u0131lar \u0130ttifaq\u0131 (AK\u0130)<\/figcaption><\/figure>\n\n\n\n<p>\u201c<em>Bu, daha \u00e7ox konkret insanlar\u0131n \u0259m\u0259ll\u0259ri il\u0259 \u0259laq\u0259lidir. T\u0259bii ki, h\u0259r bir qanunun daha kamil formas\u0131 ola bil\u0259r. Lakin q\u00fcvv\u0259d\u0259 olan kino qanunu, normativl\u0259r \u00e7ox effektiv v\u0259 yax\u015f\u0131 i\u015f ortaya qoyma\u011fa imkan verir. Ba\u015f ver\u0259nl\u0259r konkret olaraq qeyri-pe\u015f\u0259karl\u0131q v\u0259 vicdans\u0131zl\u0131qd\u0131r. Kinomuzun n\u00fcfuzuna z\u0259r\u0259rdir, x\u0259l\u0259ldir\u201d.<\/em><\/p>\n","protected":false},"excerpt":{"rendered":"<p>\u201cBa\u015f ver\u0259nl\u0259r konkret olaraq qeyri-pe\u015f\u0259karl\u0131q v\u0259 vicdans\u0131zl\u0131qd\u0131r\u201d Hesablama Palatas\u0131n\u0131n kino &#8230; <\/p>\n<p class=\"read-more-container\"><a title=\"Az\u0259rbaycan kino sah\u0259sind\u0259 yeyintil\u0259r: qanunda bo\u015fluq, yoxsa qeyri-pe\u015f\u0259karl\u0131q?..\" class=\"read-more button\" href=\"https:\/\/www.meydan.tv\/az\/article\/azerbaycan-kino-sahesinde-yeyintiler-qanunda-bosluq-yoxsa-qeyri-pesekarliq\/#more-293659\" aria-label=\"Read more about Az\u0259rbaycan kino sah\u0259sind\u0259 yeyintil\u0259r: qanunda bo\u015fluq, yoxsa qeyri-pe\u015f\u0259karl\u0131q?..\">Davam\u0131<\/a><\/p>\n","protected":false},"author":8,"featured_media":247331,"comment_status":"closed","ping_status":"closed","sticky":false,"template":"","format":"standard","meta":{"_acf_changed":false,"_sitemap_exclude":false,"_sitemap_priority":"","_sitemap_frequency":"","footnotes":""},"categories":[52,79,56],"tags":[],"class_list":["post-293659","post","type-post","status-publish","format-standard","has-post-thumbnail","hentry","category-medeniyyet","category-featured","category-xeberler","infinite-scroll-item","generate-columns","tablet-grid-50","mobile-grid-100","grid-parent","grid-33","no-featured-image-padding"],"acf":[],"yoast_head":"<!-- This site is optimized with the Yoast SEO plugin v27.4 - https:\/\/yoast.com\/product\/yoast-seo-wordpress\/ -->\n<title>Az\u0259rbaycan kino sah\u0259sind\u0259 yeyintil\u0259r: qanunda bo\u015fluq, yoxsa qeyri-pe\u015f\u0259karl\u0131q?.. - MEYDAN.TV<\/title>\n<meta name=\"robots\" content=\"index, follow, max-snippet:-1, max-image-preview:large, max-video-preview:-1\" \/>\n<link rel=\"canonical\" href=\"https:\/\/www.meydan.tv\/az\/article\/azerbaycan-kino-sahesinde-yeyintiler-qanunda-bosluq-yoxsa-qeyri-pesekarliq\/\" \/>\n<meta property=\"og:locale\" content=\"az_AZ\" \/>\n<meta property=\"og:type\" content=\"article\" \/>\n<meta property=\"og:title\" content=\"Az\u0259rbaycan kino sah\u0259sind\u0259 yeyintil\u0259r: qanunda bo\u015fluq, yoxsa qeyri-pe\u015f\u0259karl\u0131q?.. - MEYDAN.TV\" \/>\n<meta property=\"og:description\" content=\"\u201cBa\u015f ver\u0259nl\u0259r konkret olaraq qeyri-pe\u015f\u0259karl\u0131q v\u0259 vicdans\u0131zl\u0131qd\u0131r\u201d Hesablama Palatas\u0131n\u0131n kino ... Davam\u0131\" \/>\n<meta property=\"og:url\" content=\"https:\/\/www.meydan.tv\/az\/article\/azerbaycan-kino-sahesinde-yeyintiler-qanunda-bosluq-yoxsa-qeyri-pesekarliq\/\" \/>\n<meta property=\"og:site_name\" content=\"MEYDAN.TV\" \/>\n<meta property=\"article:published_time\" content=\"2023-12-21T12:25:08+00:00\" \/>\n<meta property=\"article:modified_time\" content=\"2023-12-21T12:25:14+00:00\" \/>\n<meta property=\"og:image\" content=\"https:\/\/www.meydan.tv\/wp-content\/uploads\/kino_budget-scaled-e1668775699603.jpg\" \/>\n\t<meta property=\"og:image:width\" content=\"2560\" \/>\n\t<meta property=\"og:image:height\" content=\"1222\" \/>\n\t<meta property=\"og:image:type\" content=\"image\/jpeg\" \/>\n<meta name=\"author\" content=\"elli\" \/>\n<meta name=\"twitter:card\" content=\"summary_large_image\" \/>\n<meta name=\"twitter:creator\" content=\"@elli\" \/>\n<script type=\"application\/ld+json\" class=\"yoast-schema-graph\">{\"@context\":\"https:\\\/\\\/schema.org\",\"@graph\":[{\"@type\":\"Article\",\"@id\":\"https:\\\/\\\/www.meydan.tv\\\/az\\\/article\\\/azerbaycan-kino-sahesinde-yeyintiler-qanunda-bosluq-yoxsa-qeyri-pesekarliq\\\/#article\",\"isPartOf\":{\"@id\":\"https:\\\/\\\/www.meydan.tv\\\/az\\\/article\\\/azerbaycan-kino-sahesinde-yeyintiler-qanunda-bosluq-yoxsa-qeyri-pesekarliq\\\/\"},\"author\":{\"name\":\"elli\",\"@id\":\"https:\\\/\\\/www.meydan.tv\\\/az\\\/#\\\/schema\\\/person\\\/9cdbecf90d17180ce1dfbd95b08dcf47\"},\"headline\":\"Az\u0259rbaycan kino sah\u0259sind\u0259 yeyintil\u0259r: qanunda bo\u015fluq, yoxsa qeyri-pe\u015f\u0259karl\u0131q?..\",\"datePublished\":\"2023-12-21T12:25:08+00:00\",\"dateModified\":\"2023-12-21T12:25:14+00:00\",\"mainEntityOfPage\":{\"@id\":\"https:\\\/\\\/www.meydan.tv\\\/az\\\/article\\\/azerbaycan-kino-sahesinde-yeyintiler-qanunda-bosluq-yoxsa-qeyri-pesekarliq\\\/\"},\"wordCount\":1034,\"publisher\":{\"@id\":\"https:\\\/\\\/www.meydan.tv\\\/az\\\/#organization\"},\"image\":{\"@id\":\"https:\\\/\\\/www.meydan.tv\\\/az\\\/article\\\/azerbaycan-kino-sahesinde-yeyintiler-qanunda-bosluq-yoxsa-qeyri-pesekarliq\\\/#primaryimage\"},\"thumbnailUrl\":\"https:\\\/\\\/www.meydan.tv\\\/wp-content\\\/uploads\\\/kino_budget-scaled-e1668775699603.jpg\",\"articleSection\":[\"M\u0259d\u0259niyy\u0259t\",\"T\u00f6vsiy\u0259\",\"X\u0259b\u0259rl\u0259r\"],\"inLanguage\":\"az\"},{\"@type\":\"WebPage\",\"@id\":\"https:\\\/\\\/www.meydan.tv\\\/az\\\/article\\\/azerbaycan-kino-sahesinde-yeyintiler-qanunda-bosluq-yoxsa-qeyri-pesekarliq\\\/\",\"url\":\"https:\\\/\\\/www.meydan.tv\\\/az\\\/article\\\/azerbaycan-kino-sahesinde-yeyintiler-qanunda-bosluq-yoxsa-qeyri-pesekarliq\\\/\",\"name\":\"Az\u0259rbaycan kino sah\u0259sind\u0259 yeyintil\u0259r: qanunda bo\u015fluq, yoxsa qeyri-pe\u015f\u0259karl\u0131q?.. - MEYDAN.TV\",\"isPartOf\":{\"@id\":\"https:\\\/\\\/www.meydan.tv\\\/az\\\/#website\"},\"primaryImageOfPage\":{\"@id\":\"https:\\\/\\\/www.meydan.tv\\\/az\\\/article\\\/azerbaycan-kino-sahesinde-yeyintiler-qanunda-bosluq-yoxsa-qeyri-pesekarliq\\\/#primaryimage\"},\"image\":{\"@id\":\"https:\\\/\\\/www.meydan.tv\\\/az\\\/article\\\/azerbaycan-kino-sahesinde-yeyintiler-qanunda-bosluq-yoxsa-qeyri-pesekarliq\\\/#primaryimage\"},\"thumbnailUrl\":\"https:\\\/\\\/www.meydan.tv\\\/wp-content\\\/uploads\\\/kino_budget-scaled-e1668775699603.jpg\",\"datePublished\":\"2023-12-21T12:25:08+00:00\",\"dateModified\":\"2023-12-21T12:25:14+00:00\",\"breadcrumb\":{\"@id\":\"https:\\\/\\\/www.meydan.tv\\\/az\\\/article\\\/azerbaycan-kino-sahesinde-yeyintiler-qanunda-bosluq-yoxsa-qeyri-pesekarliq\\\/#breadcrumb\"},\"inLanguage\":\"az\",\"potentialAction\":[{\"@type\":\"ReadAction\",\"target\":[\"https:\\\/\\\/www.meydan.tv\\\/az\\\/article\\\/azerbaycan-kino-sahesinde-yeyintiler-qanunda-bosluq-yoxsa-qeyri-pesekarliq\\\/\"]}]},{\"@type\":\"ImageObject\",\"inLanguage\":\"az\",\"@id\":\"https:\\\/\\\/www.meydan.tv\\\/az\\\/article\\\/azerbaycan-kino-sahesinde-yeyintiler-qanunda-bosluq-yoxsa-qeyri-pesekarliq\\\/#primaryimage\",\"url\":\"https:\\\/\\\/www.meydan.tv\\\/wp-content\\\/uploads\\\/kino_budget-scaled-e1668775699603.jpg\",\"contentUrl\":\"https:\\\/\\\/www.meydan.tv\\\/wp-content\\\/uploads\\\/kino_budget-scaled-e1668775699603.jpg\",\"width\":2560,\"height\":1222,\"caption\":\"Illustration: Meydan TV.\"},{\"@type\":\"BreadcrumbList\",\"@id\":\"https:\\\/\\\/www.meydan.tv\\\/az\\\/article\\\/azerbaycan-kino-sahesinde-yeyintiler-qanunda-bosluq-yoxsa-qeyri-pesekarliq\\\/#breadcrumb\",\"itemListElement\":[{\"@type\":\"ListItem\",\"position\":1,\"name\":\"Ana s\u0259hif\u0259\",\"item\":\"https:\\\/\\\/www.meydan.tv\\\/az\\\/\"},{\"@type\":\"ListItem\",\"position\":2,\"name\":\"M\u0259d\u0259niyy\u0259t\",\"item\":\"https:\\\/\\\/www.meydan.tv\\\/az\\\/section\\\/medeniyyet\\\/\"},{\"@type\":\"ListItem\",\"position\":3,\"name\":\"Az\u0259rbaycan kino sah\u0259sind\u0259 yeyintil\u0259r: qanunda bo\u015fluq, yoxsa qeyri-pe\u015f\u0259karl\u0131q?..\"}]},{\"@type\":\"WebSite\",\"@id\":\"https:\\\/\\\/www.meydan.tv\\\/az\\\/#website\",\"url\":\"https:\\\/\\\/www.meydan.tv\\\/az\\\/\",\"name\":\"MEYDAN.TV\",\"description\":\"Meydan TV Az\u0259rbaycan\u0131n media m\u0259kan\u0131ndak\u0131 alternativ s\u0259sidir\",\"publisher\":{\"@id\":\"https:\\\/\\\/www.meydan.tv\\\/az\\\/#organization\"},\"potentialAction\":[{\"@type\":\"SearchAction\",\"target\":{\"@type\":\"EntryPoint\",\"urlTemplate\":\"https:\\\/\\\/www.meydan.tv\\\/az\\\/?s={search_term_string}\"},\"query-input\":{\"@type\":\"PropertyValueSpecification\",\"valueRequired\":true,\"valueName\":\"search_term_string\"}}],\"inLanguage\":\"az\"},{\"@type\":\"Organization\",\"@id\":\"https:\\\/\\\/www.meydan.tv\\\/az\\\/#organization\",\"name\":\"Meydan TV\",\"url\":\"https:\\\/\\\/www.meydan.tv\\\/az\\\/\",\"logo\":{\"@type\":\"ImageObject\",\"inLanguage\":\"az\",\"@id\":\"https:\\\/\\\/www.meydan.tv\\\/az\\\/#\\\/schema\\\/logo\\\/image\\\/\",\"url\":\"https:\\\/\\\/www.meydan.tv\\\/wp-content\\\/uploads\\\/2021\\\/07\\\/meydan-logo.svg\",\"contentUrl\":\"https:\\\/\\\/www.meydan.tv\\\/wp-content\\\/uploads\\\/2021\\\/07\\\/meydan-logo.svg\",\"width\":195,\"height\":46,\"caption\":\"Meydan TV\"},\"image\":{\"@id\":\"https:\\\/\\\/www.meydan.tv\\\/az\\\/#\\\/schema\\\/logo\\\/image\\\/\"}},{\"@type\":\"Person\",\"@id\":\"https:\\\/\\\/www.meydan.tv\\\/az\\\/#\\\/schema\\\/person\\\/9cdbecf90d17180ce1dfbd95b08dcf47\",\"name\":\"elli\",\"sameAs\":[\"https:\\\/\\\/x.com\\\/elli\"]}]}<\/script>\n<!-- \/ Yoast SEO plugin. -->","yoast_head_json":{"title":"Az\u0259rbaycan kino sah\u0259sind\u0259 yeyintil\u0259r: qanunda bo\u015fluq, yoxsa qeyri-pe\u015f\u0259karl\u0131q?.. - MEYDAN.TV","robots":{"index":"index","follow":"follow","max-snippet":"max-snippet:-1","max-image-preview":"max-image-preview:large","max-video-preview":"max-video-preview:-1"},"canonical":"https:\/\/www.meydan.tv\/az\/article\/azerbaycan-kino-sahesinde-yeyintiler-qanunda-bosluq-yoxsa-qeyri-pesekarliq\/","og_locale":"az_AZ","og_type":"article","og_title":"Az\u0259rbaycan kino sah\u0259sind\u0259 yeyintil\u0259r: qanunda bo\u015fluq, yoxsa qeyri-pe\u015f\u0259karl\u0131q?.. - MEYDAN.TV","og_description":"\u201cBa\u015f ver\u0259nl\u0259r konkret olaraq qeyri-pe\u015f\u0259karl\u0131q v\u0259 vicdans\u0131zl\u0131qd\u0131r\u201d Hesablama Palatas\u0131n\u0131n kino ... Davam\u0131","og_url":"https:\/\/www.meydan.tv\/az\/article\/azerbaycan-kino-sahesinde-yeyintiler-qanunda-bosluq-yoxsa-qeyri-pesekarliq\/","og_site_name":"MEYDAN.TV","article_published_time":"2023-12-21T12:25:08+00:00","article_modified_time":"2023-12-21T12:25:14+00:00","og_image":[{"width":2560,"height":1222,"url":"https:\/\/www.meydan.tv\/wp-content\/uploads\/kino_budget-scaled-e1668775699603.jpg","type":"image\/jpeg"}],"author":"elli","twitter_card":"summary_large_image","twitter_creator":"@elli","schema":{"@context":"https:\/\/schema.org","@graph":[{"@type":"Article","@id":"https:\/\/www.meydan.tv\/az\/article\/azerbaycan-kino-sahesinde-yeyintiler-qanunda-bosluq-yoxsa-qeyri-pesekarliq\/#article","isPartOf":{"@id":"https:\/\/www.meydan.tv\/az\/article\/azerbaycan-kino-sahesinde-yeyintiler-qanunda-bosluq-yoxsa-qeyri-pesekarliq\/"},"author":{"name":"elli","@id":"https:\/\/www.meydan.tv\/az\/#\/schema\/person\/9cdbecf90d17180ce1dfbd95b08dcf47"},"headline":"Az\u0259rbaycan kino sah\u0259sind\u0259 yeyintil\u0259r: qanunda bo\u015fluq, yoxsa qeyri-pe\u015f\u0259karl\u0131q?..","datePublished":"2023-12-21T12:25:08+00:00","dateModified":"2023-12-21T12:25:14+00:00","mainEntityOfPage":{"@id":"https:\/\/www.meydan.tv\/az\/article\/azerbaycan-kino-sahesinde-yeyintiler-qanunda-bosluq-yoxsa-qeyri-pesekarliq\/"},"wordCount":1034,"publisher":{"@id":"https:\/\/www.meydan.tv\/az\/#organization"},"image":{"@id":"https:\/\/www.meydan.tv\/az\/article\/azerbaycan-kino-sahesinde-yeyintiler-qanunda-bosluq-yoxsa-qeyri-pesekarliq\/#primaryimage"},"thumbnailUrl":"https:\/\/www.meydan.tv\/wp-content\/uploads\/kino_budget-scaled-e1668775699603.jpg","articleSection":["M\u0259d\u0259niyy\u0259t","T\u00f6vsiy\u0259","X\u0259b\u0259rl\u0259r"],"inLanguage":"az"},{"@type":"WebPage","@id":"https:\/\/www.meydan.tv\/az\/article\/azerbaycan-kino-sahesinde-yeyintiler-qanunda-bosluq-yoxsa-qeyri-pesekarliq\/","url":"https:\/\/www.meydan.tv\/az\/article\/azerbaycan-kino-sahesinde-yeyintiler-qanunda-bosluq-yoxsa-qeyri-pesekarliq\/","name":"Az\u0259rbaycan kino sah\u0259sind\u0259 yeyintil\u0259r: qanunda bo\u015fluq, yoxsa qeyri-pe\u015f\u0259karl\u0131q?.. - MEYDAN.TV","isPartOf":{"@id":"https:\/\/www.meydan.tv\/az\/#website"},"primaryImageOfPage":{"@id":"https:\/\/www.meydan.tv\/az\/article\/azerbaycan-kino-sahesinde-yeyintiler-qanunda-bosluq-yoxsa-qeyri-pesekarliq\/#primaryimage"},"image":{"@id":"https:\/\/www.meydan.tv\/az\/article\/azerbaycan-kino-sahesinde-yeyintiler-qanunda-bosluq-yoxsa-qeyri-pesekarliq\/#primaryimage"},"thumbnailUrl":"https:\/\/www.meydan.tv\/wp-content\/uploads\/kino_budget-scaled-e1668775699603.jpg","datePublished":"2023-12-21T12:25:08+00:00","dateModified":"2023-12-21T12:25:14+00:00","breadcrumb":{"@id":"https:\/\/www.meydan.tv\/az\/article\/azerbaycan-kino-sahesinde-yeyintiler-qanunda-bosluq-yoxsa-qeyri-pesekarliq\/#breadcrumb"},"inLanguage":"az","potentialAction":[{"@type":"ReadAction","target":["https:\/\/www.meydan.tv\/az\/article\/azerbaycan-kino-sahesinde-yeyintiler-qanunda-bosluq-yoxsa-qeyri-pesekarliq\/"]}]},{"@type":"ImageObject","inLanguage":"az","@id":"https:\/\/www.meydan.tv\/az\/article\/azerbaycan-kino-sahesinde-yeyintiler-qanunda-bosluq-yoxsa-qeyri-pesekarliq\/#primaryimage","url":"https:\/\/www.meydan.tv\/wp-content\/uploads\/kino_budget-scaled-e1668775699603.jpg","contentUrl":"https:\/\/www.meydan.tv\/wp-content\/uploads\/kino_budget-scaled-e1668775699603.jpg","width":2560,"height":1222,"caption":"Illustration: Meydan TV."},{"@type":"BreadcrumbList","@id":"https:\/\/www.meydan.tv\/az\/article\/azerbaycan-kino-sahesinde-yeyintiler-qanunda-bosluq-yoxsa-qeyri-pesekarliq\/#breadcrumb","itemListElement":[{"@type":"ListItem","position":1,"name":"Ana s\u0259hif\u0259","item":"https:\/\/www.meydan.tv\/az\/"},{"@type":"ListItem","position":2,"name":"M\u0259d\u0259niyy\u0259t","item":"https:\/\/www.meydan.tv\/az\/section\/medeniyyet\/"},{"@type":"ListItem","position":3,"name":"Az\u0259rbaycan kino sah\u0259sind\u0259 yeyintil\u0259r: qanunda bo\u015fluq, yoxsa qeyri-pe\u015f\u0259karl\u0131q?.."}]},{"@type":"WebSite","@id":"https:\/\/www.meydan.tv\/az\/#website","url":"https:\/\/www.meydan.tv\/az\/","name":"MEYDAN.TV","description":"Meydan TV Az\u0259rbaycan\u0131n media m\u0259kan\u0131ndak\u0131 alternativ s\u0259sidir","publisher":{"@id":"https:\/\/www.meydan.tv\/az\/#organization"},"potentialAction":[{"@type":"SearchAction","target":{"@type":"EntryPoint","urlTemplate":"https:\/\/www.meydan.tv\/az\/?s={search_term_string}"},"query-input":{"@type":"PropertyValueSpecification","valueRequired":true,"valueName":"search_term_string"}}],"inLanguage":"az"},{"@type":"Organization","@id":"https:\/\/www.meydan.tv\/az\/#organization","name":"Meydan TV","url":"https:\/\/www.meydan.tv\/az\/","logo":{"@type":"ImageObject","inLanguage":"az","@id":"https:\/\/www.meydan.tv\/az\/#\/schema\/logo\/image\/","url":"https:\/\/www.meydan.tv\/wp-content\/uploads\/2021\/07\/meydan-logo.svg","contentUrl":"https:\/\/www.meydan.tv\/wp-content\/uploads\/2021\/07\/meydan-logo.svg","width":195,"height":46,"caption":"Meydan TV"},"image":{"@id":"https:\/\/www.meydan.tv\/az\/#\/schema\/logo\/image\/"}},{"@type":"Person","@id":"https:\/\/www.meydan.tv\/az\/#\/schema\/person\/9cdbecf90d17180ce1dfbd95b08dcf47","name":"elli","sameAs":["https:\/\/x.com\/elli"]}]}},"_links":{"self":[{"href":"https:\/\/www.meydan.tv\/az\/wp-json\/wp\/v2\/posts\/293659","targetHints":{"allow":["GET"]}}],"collection":[{"href":"https:\/\/www.meydan.tv\/az\/wp-json\/wp\/v2\/posts"}],"about":[{"href":"https:\/\/www.meydan.tv\/az\/wp-json\/wp\/v2\/types\/post"}],"author":[{"embeddable":true,"href":"https:\/\/www.meydan.tv\/az\/wp-json\/wp\/v2\/users\/8"}],"replies":[{"embeddable":true,"href":"https:\/\/www.meydan.tv\/az\/wp-json\/wp\/v2\/comments?post=293659"}],"version-history":[{"count":3,"href":"https:\/\/www.meydan.tv\/az\/wp-json\/wp\/v2\/posts\/293659\/revisions"}],"predecessor-version":[{"id":293663,"href":"https:\/\/www.meydan.tv\/az\/wp-json\/wp\/v2\/posts\/293659\/revisions\/293663"}],"wp:featuredmedia":[{"embeddable":true,"href":"https:\/\/www.meydan.tv\/az\/wp-json\/wp\/v2\/media\/247331"}],"wp:attachment":[{"href":"https:\/\/www.meydan.tv\/az\/wp-json\/wp\/v2\/media?parent=293659"}],"wp:term":[{"taxonomy":"category","embeddable":true,"href":"https:\/\/www.meydan.tv\/az\/wp-json\/wp\/v2\/categories?post=293659"},{"taxonomy":"post_tag","embeddable":true,"href":"https:\/\/www.meydan.tv\/az\/wp-json\/wp\/v2\/tags?post=293659"}],"curies":[{"name":"wp","href":"https:\/\/api.w.org\/{rel}","templated":true}]}}