{"id":293555,"date":"2023-12-21T00:34:21","date_gmt":"2023-12-20T20:34:21","guid":{"rendered":"https:\/\/www.meydan.tv\/?p=293555"},"modified":"2023-12-21T11:22:38","modified_gmt":"2023-12-21T07:22:38","slug":"sevinc-vaqifqizi-bu-hakimiyyet-oz-vetendaslarina-qarsi-leyaqetli-davranmir","status":"publish","type":"post","link":"https:\/\/www.meydan.tv\/az\/article\/sevinc-vaqifqizi-bu-hakimiyyet-oz-vetendaslarina-qarsi-leyaqetli-davranmir\/","title":{"rendered":"Sevinc Vaqifq\u0131z\u0131: \u201cBu hakimiyy\u0259t \u00f6z v\u0259t\u0259nda\u015flar\u0131na qar\u015f\u0131 l\u0259yaq\u0259tli davranm\u0131r\u201d"},"content":{"rendered":"\n<p><\/p>\n\n\n\n<p><em><strong>\u201cAbzasMedia\u201d i\u015fin\u0259 g\u00f6r\u0259 bank hesablar\u0131na blok qoyulan \u015f\u0259xsl\u0259rin \u015fikay\u0259ti t\u0259min edilm\u0259yib<\/strong><\/em><\/p>\n\n\n\n<p>\u201cAbzasMedia\u201d il\u0259 ba\u011fl\u0131 h\u0259bs olunanlar \u2013 direktoru \u00dclvi H\u0259s\u0259nli, ba\u015f redaktoru Sevinc Vaqifq\u0131z\u0131 (Abbasova), jurnalistl\u0259r N\u0259rgiz Absalamova v\u0259 Hafiz Babal\u0131n\u0131n \u00f6zl\u0259ril\u0259 yana\u015f\u0131, onlar\u0131n yax\u0131nlar\u0131n\u0131n v\u0259 bu cinay\u0259t i\u015fi \u00fczr\u0259 \u015fahid qismind\u0259 dindirilmi\u015f \u015f\u0259xsl\u0259rin d\u0259 bank hesablar\u0131n\u0131n, \u0259mlaklar\u0131n\u0131n \u00fcz\u0259rin\u0259 h\u0259bs qoyulub, \u00f6lk\u0259d\u0259n \u00e7\u0131x\u0131\u015f\u0131 m\u0259hdudla\u015fd\u0131r\u0131l\u0131b. H\u0259m\u00e7inin onlar\u0131n vergi od\u0259ni\u015fl\u0259ri v\u0259 pay sahibliyi bar\u0259d\u0259 m\u0259lumatlar\u0131n Bak\u0131 \u015e\u0259h\u0259r Ba\u015f Polis \u0130dar\u0259sin\u0259 t\u0259qdim edilm\u0259si haqda q\u0259rar q\u0259bul edilib.<\/p>\n\n\n\n<p>\u0130stintaq orqan\u0131n\u0131n v\u0259sat\u0259ti \u0259sas\u0131nda bu q\u0259rarlar noyabr\u0131n sonunda X\u0259tai Rayon M\u0259hk\u0259m\u0259sind\u0259 \u00e7\u0131xar\u0131l\u0131b. Adlar\u0131 ke\u00e7\u0259n \u015f\u0259xsl\u0259r h\u0259min q\u0259rarlardan apelyasiya \u015fikay\u0259ti veribl\u0259r. S\u00f6z\u00fcged\u0259n \u015fikay\u0259tl\u0259r\u0259 dekabr\u0131n 20-d\u0259 Bak\u0131 Apelyasiya M\u0259hk\u0259m\u0259sind\u0259 bax\u0131l\u0131b. M\u0259hk\u0259m\u0259 iclaslar\u0131nda h\u0259bsd\u0259 olan jurnalistl\u0259rin \u00f6zl\u0259ri d\u0259 i\u015ftirak edib.<\/p>\n\n\n\n<p>M\u0259hk\u0259m\u0259 iclaslar\u0131nda h\u0259m \u015fikay\u0259t\u00e7il\u0259r, h\u0259m d\u0259 v\u0259kill\u0259r \u00e7\u0131x\u0131\u015f ed\u0259r\u0259k bildiribl\u0259r ki, X\u0259tai Rayon M\u0259hk\u0259m\u0259sinin q\u0259rarlar\u0131 qanunsuz v\u0259 \u0259sass\u0131zd\u0131r.<\/p>\n\n\n\n<p>Sevinc Vaqifq\u0131z\u0131n\u0131n anas\u0131 Ofelya M\u0259h\u0259rr\u0259mova bildirib ki, onun s\u0259hh\u0259tind\u0259 ciddi probleml\u0259r var, \u00fcr\u0259k x\u0259st\u0259sidir. Bu s\u0259b\u0259bd\u0259n ikinci qrup \u0259lil kimi pensiya al\u0131r. Lakin onun pensiya kart\u0131na he\u00e7 bir \u0259sas olmadan blok qoyulub: <\/p>\n\n\n<div class=\"wp-block-image\">\n<figure class=\"aligncenter size-full\"><img decoding=\"async\" data-src=\"https:\/\/www.meydan.tv\/wp-content\/uploads\/ofeliya-abbasova-e1702735654234.jpg\" alt=\"\" class=\"wp-image-293124 lazyload\" src=\"data:image\/svg+xml;base64,PHN2ZyB3aWR0aD0iMSIgaGVpZ2h0PSIxIiB4bWxucz0iaHR0cDovL3d3dy53My5vcmcvMjAwMC9zdmciPjwvc3ZnPg==\" style=\"--smush-placeholder-width: 1200px; --smush-placeholder-aspect-ratio: 1200\/652;\" \/><figcaption class=\"wp-element-caption\">Ofelya M\u0259h\u0259rr\u0259mova. Foto: screenshot<\/figcaption><\/figure>\n<\/div>\n\n\n<p><em>\u201cM\u0259n h\u0259yat yolda\u015f\u0131m\u0131 da itirmi\u015f\u0259m, x\u0259st\u0259 adamam. Pensiya kart\u0131ma blok qoyanlar fikirl\u0259\u015fmirl\u0259r ki, bu adam nec\u0259 dolanmal\u0131d\u0131r?\u201d<\/em>.<\/p>\n\n\n\n<p>\u0130qtisad\u00e7\u0131 To\u011frul V\u0259liyev deyib ki, o, m\u00fcqavil\u0259 \u0259sas\u0131nda i\u015fl\u0259yir v\u0259 bank hesab\u0131na r\u0259smi qaydada maa\u015f k\u00f6\u00e7\u00fcr\u00fcl\u00fcr. Lakin onun maa\u015f kart\u0131 bloklan\u0131b.<\/p>\n\n\n\n<p>Hafiz Babal\u0131 deyib ki, g\u00f6rm\u0259 problemiyl\u0259 \u0259laq\u0259dar \u00fc\u00e7\u00fcnc\u00fc qrup \u0259lil kimi uzun ill\u0259rdir pensiya al\u0131rd\u0131. H\u0259l\u0259 h\u0259bs olunmam\u0131\u015fdan \u0259vv\u0259l ona m\u0259lum olub ki, pensiya kart\u0131 bloklan\u0131b.<\/p>\n\n\n\n<p>Hafiz Babal\u0131 Prezident \u0130lham \u018fliyevin ail\u0259 \u00fczvl\u0259rinin biznesi, D\u00f6vl\u0259t T\u0259hl\u00fck\u0259sizliyi Xidm\u0259tinin r\u0259isi \u018fli Na\u011f\u0131yevin \u0259mlaklar\u0131 bar\u0259d\u0259 ara\u015fd\u0131rmalar\u0131na g\u00f6r\u0259 c\u0259zaland\u0131r\u0131ld\u0131\u011f\u0131n\u0131 bildirib. Jurnalist \u0259lav\u0259 edib ki, polisl\u0259r evind\u0259 axtar\u0131\u015f aparark\u0259n m\u00fcxt\u0259lif \u015firk\u0259tl\u0259rd\u0259 pay sahibliyini t\u0259sdiql\u0259y\u0259n s\u0259hml\u0259rini d\u0259 g\u00f6t\u00fcr\u00fcbl\u0259r.<\/p>\n\n\n<div class=\"wp-block-image\">\n<figure class=\"aligncenter size-full\"><img decoding=\"async\" width=\"1200\" height=\"598\" data-src=\"https:\/\/www.meydan.tv\/wp-content\/uploads\/img_0714-e1702546447622.jpg\" alt=\"\" class=\"wp-image-292834 lazyload\" src=\"data:image\/svg+xml;base64,PHN2ZyB3aWR0aD0iMSIgaGVpZ2h0PSIxIiB4bWxucz0iaHR0cDovL3d3dy53My5vcmcvMjAwMC9zdmciPjwvc3ZnPg==\" style=\"--smush-placeholder-width: 1200px; --smush-placeholder-aspect-ratio: 1200\/598;\" \/><figcaption class=\"wp-element-caption\">Hafiz Babal\u0131. Foto: Meydan TV<\/figcaption><\/figure>\n<\/div>\n\n\n<p>Sevinc Vaqifq\u0131z\u0131 v\u0259 \u00dclvi H\u0259s\u0259nli d\u0259 hakimiyy\u0259tin korrupsiyas\u0131n\u0131 if\u015fa etdikl\u0259rini vur\u011fulay\u0131blar.<\/p>\n\n\n\n<p>\u201c<em>Bu hakimiyy\u0259t \u00f6z v\u0259t\u0259nda\u015flar\u0131na qar\u015f\u0131 l\u0259yaq\u0259tli davranm\u0131r. \u00d6d\u0259nil\u0259n vergil\u0259r hesab\u0131na polisl\u0259r\u0259 maa\u015f verirl\u0259r, onlar da insanlara z\u00fclm el\u0259yirl\u0259r. Hakiml\u0259r\u0259 pul verirl\u0259r, onlar da sifari\u015fli, saxta q\u0259rarlar \u00e7\u0131xar\u0131rlar\u201d, &#8211; <\/em>Sevinc Vaqifq\u0131z\u0131 bildirib.<\/p>\n\n\n\n<p>Hakiml\u0259r tez-tez m\u00fcdaxil\u0259 ed\u0259r\u0259k, jurnalistl\u0259rin \u00e7\u0131x\u0131\u015flar\u0131n\u0131 k\u0259sm\u0259y\u0259 \u00e7al\u0131\u015f\u0131b.<\/p>\n\n\n\n<p>\u201c<em>B\u0259s biz s\u00f6z\u00fcm\u00fcz\u00fc harda dem\u0259liyik?\u201d<\/em>, &#8211; \u00dclvi H\u0259s\u0259nli etiraz edib.<\/p>\n\n\n<div class=\"wp-block-image\">\n<figure class=\"aligncenter size-full\"><img decoding=\"async\" data-src=\"https:\/\/www.meydan.tv\/wp-content\/uploads\/img_0637_720-e1701080445417.jpg\" alt=\"\" class=\"wp-image-291528 lazyload\" src=\"data:image\/svg+xml;base64,PHN2ZyB3aWR0aD0iMSIgaGVpZ2h0PSIxIiB4bWxucz0iaHR0cDovL3d3dy53My5vcmcvMjAwMC9zdmciPjwvc3ZnPg==\" style=\"--smush-placeholder-width: 720px; --smush-placeholder-aspect-ratio: 720\/384;\" \/><figcaption class=\"wp-element-caption\">\u00dclvi H\u0259s\u0259nli. Foto: Meydan TV<\/figcaption><\/figure>\n<\/div>\n\n\n<p>V\u0259kill\u0259r d\u0259 X\u0259tai Rayon M\u0259hk\u0259m\u0259sind\u0259 \u00e7\u0131xar\u0131lm\u0131\u015f m\u0259hdudla\u015fd\u0131r\u0131c\u0131 q\u0259rarlar\u0131n qanunsuz oldu\u011funu bildiribl\u0259r. M\u00fcdafi\u0259\u00e7il\u0259r deyib ki, bu q\u0259rarlarla ba\u011fl\u0131 he\u00e7 bir \u0259sasland\u0131rma yoxdur, sad\u0259c\u0259, m\u00fcxt\u0259lif adamlar\u0131n \u0259mlaklar\u0131n\u0131n, bank hesablar\u0131n\u0131n \u00fcz\u0259rin\u0259 h\u0259bs qoyuldu\u011fu g\u00f6st\u0259rilib. Halbuki, qanunvericilik m\u00fctl\u0259q bel\u0259 q\u0259rarlar\u0131n z\u0259ruriliyinin \u0259sasland\u0131r\u0131lmas\u0131n\u0131 t\u0259l\u0259b edir.<\/p>\n\n\n\n<p>\u201cAbzasMedia\u201d i\u015fi \u00fczr\u0259 h\u0259bs olunanlar, onlar\u0131n yax\u0131nlar\u0131, bu i\u015fin istintaq\u0131na \u015fahid qismind\u0259 c\u0259lb olunanlar X\u0259tai Rayon M\u0259hk\u0259m\u0259sinin onlar haqq\u0131nda q\u0259rarlar\u0131n\u0131n l\u0259\u011fvini ist\u0259yibl\u0259r. Lakin bu \u015fikay\u0259tl\u0259r \u00fczr\u0259 ke\u00e7iril\u0259n 3 m\u0259hk\u0259m\u0259 prosesinin he\u00e7 birind\u0259 apelyasiya \u015fikay\u0259ti t\u0259min edilm\u0259yib.<\/p>\n\n\n\n<p>V\u0259kil Zibeyd\u0259 Sad\u0131qova Meydan TV-y\u0259 bildirib ki, bu c\u00fcr m\u0259s\u0259l\u0259l\u0259rl\u0259 ba\u011fl\u0131 apelyasiya m\u0259hk\u0259m\u0259si \u015fikay\u0259t \u00fc\u00e7\u00fcn sonuncu instansiyad\u0131r. Y\u0259ni bu i\u015fl\u0259rd\u0259n Ali M\u0259hk\u0259m\u0259y\u0259 \u015fikay\u0259t n\u0259z\u0259rd\u0259 tutulmay\u0131b. \u00d6lk\u0259daxili h\u00fcquqi m\u00fcdafi\u0259 vasit\u0259l\u0259ri t\u00fck\u0259ndiyin\u0259 g\u00f6r\u0259 Bak\u0131 Apelyasiya M\u0259hk\u0259m\u0259sinin q\u0259rar\u0131n\u0131 alandan sonra Avropa M\u0259hk\u0259m\u0259sin\u0259 \u015fikay\u0259t g\u00f6nd\u0259ril\u0259c\u0259k.<\/p>\n\n\n<div class=\"wp-block-image\">\n<figure class=\"aligncenter size-full\"><img decoding=\"async\" width=\"1200\" height=\"522\" data-src=\"https:\/\/www.meydan.tv\/wp-content\/uploads\/untitled-design-165-e1690393674486.jpg\" alt=\"\" class=\"wp-image-280760 lazyload\" src=\"data:image\/svg+xml;base64,PHN2ZyB3aWR0aD0iMSIgaGVpZ2h0PSIxIiB4bWxucz0iaHR0cDovL3d3dy53My5vcmcvMjAwMC9zdmciPjwvc3ZnPg==\" style=\"--smush-placeholder-width: 1200px; --smush-placeholder-aspect-ratio: 1200\/522;\" \/><figcaption class=\"wp-element-caption\">Zibeyd\u0259 Sad\u0131qova. Foto: &#8220;\u018fkin\u00e7i&#8221;<\/figcaption><\/figure>\n<\/div>\n\n\n<p>\u201c<em>Yaln\u0131z yet\u0259rinc\u0259 \u0259sasl\u0131 \u015f\u00fcbh\u0259l\u0259r olanda hans\u0131sa bank hesab\u0131 \u00fcz\u0259rin\u0259 h\u0259bs qoyula bil\u0259r. Pensiya kartlar\u0131na d\u00f6vl\u0259t b\u00fcdc\u0259sind\u0259n pul k\u00f6\u00e7\u00fcr\u00fcl\u00fcr. Pulun m\u0259nb\u0259yi m\u0259lumdur. Buna niy\u0259 h\u0259bs qoyulmal\u0131d\u0131r? El\u0259c\u0259 d\u0259 dig\u0259r q\u0259rarlar\u0131 \u0259sass\u0131z hesab edirik\u201d,<\/em> &#8211; v\u0259kil \u0259lav\u0259 edib.<\/p>\n\n\n\n<p>Sevinc Vaqifq\u0131z\u0131n\u0131n anas\u0131 Ofelya M\u0259h\u0259rr\u0259mova il\u0259 yana\u015f\u0131, \u00dclvi H\u0259s\u0259nlinin anas\u0131 Esvira Musayevan\u0131n da pensiya kart\u0131 bloklan\u0131b. H\u0259m\u00e7inin \u00dclvi H\u0259s\u0259nlinin bac\u0131s\u0131 S\u0259daq\u0259t H\u0259s\u0259novan\u0131n, iqtisad\u00e7\u0131 To\u011frul V\u0259liyevin maa\u015f kartlar\u0131na da blok qoyulub.<\/p>\n\n\n\n<p>Adlar\u0131 \u00e7\u0259kil\u0259n \u015f\u0259xsl\u0259r bu q\u0259rarlar \u00fcz\u00fcnd\u0259n maliyy\u0259 \u00e7\u0259tinliyil\u0259 \u00fczl\u0259\u015fdikl\u0259rini bildirirl\u0259r.<\/p>\n\n\n\n<p>\u201cAbzasMedia\u201d il\u0259 ba\u011fl\u0131 h\u0259bsl\u0259r noyabr\u0131n 20-d\u0259n ba\u015flay\u0131b. N\u0259\u015frin direktoru \u00dclvi H\u0259s\u0259nli il\u0259 ba\u015flayan h\u0259bs dal\u011fas\u0131 direktor m\u00fcavini M\u0259h\u0259mm\u0259d Kekalov, ba\u015f redaktor Sevinc Vaqifq\u0131z\u0131, jurnalistl\u0259r N\u0259rgiz Absalamova v\u0259 Hafiz Babal\u0131 il\u0259 davam edib. Onlara qar\u015f\u0131 Cinay\u0259t M\u0259c\u0259ll\u0259sinin 206.3.2 (qa\u00e7aqmal\u00e7\u0131l\u0131q &#8211; qabaqcadan \u0259lbir olan bir qrup \u015f\u0259xs t\u0259r\u0259find\u0259n t\u00f6r\u0259dildikd\u0259) madd\u0259sil\u0259 ittiham ir\u0259li s\u00fcr\u00fcl\u00fcb.<\/p>\n\n\n\n<p>Jurnalistl\u0259r bu ittihamlar\u0131n absurd oldu\u011funu bildirib, \u201cAbzasMedia\u201dn\u0131n korrupsiya ara\u015fd\u0131rmalar\u0131na g\u00f6r\u0259 c\u0259zaland\u0131r\u0131ld\u0131qlar\u0131n\u0131 bildiribl\u0259r.<\/p>\n","protected":false},"excerpt":{"rendered":"<p>\u201cAbzasMedia\u201d i\u015fin\u0259 g\u00f6r\u0259 bank hesablar\u0131na blok qoyulan \u015f\u0259xsl\u0259rin \u015fikay\u0259ti t\u0259min &#8230; <\/p>\n<p class=\"read-more-container\"><a title=\"Sevinc Vaqifq\u0131z\u0131: \u201cBu hakimiyy\u0259t \u00f6z v\u0259t\u0259nda\u015flar\u0131na qar\u015f\u0131 l\u0259yaq\u0259tli davranm\u0131r\u201d\" class=\"read-more button\" href=\"https:\/\/www.meydan.tv\/az\/article\/sevinc-vaqifqizi-bu-hakimiyyet-oz-vetendaslarina-qarsi-leyaqetli-davranmir\/#more-293555\" aria-label=\"Read more about Sevinc Vaqifq\u0131z\u0131: \u201cBu hakimiyy\u0259t \u00f6z v\u0259t\u0259nda\u015flar\u0131na qar\u015f\u0131 l\u0259yaq\u0259tli davranm\u0131r\u201d\">Davam\u0131<\/a><\/p>\n","protected":false},"author":8,"featured_media":291524,"comment_status":"closed","ping_status":"closed","sticky":false,"template":"","format":"standard","meta":{"_acf_changed":false,"_sitemap_exclude":false,"_sitemap_priority":"","_sitemap_frequency":"","footnotes":""},"categories":[59,79,56],"tags":[],"class_list":["post-293555","post","type-post","status-publish","format-standard","has-post-thumbnail","hentry","category-siyaset","category-featured","category-xeberler","infinite-scroll-item","generate-columns","tablet-grid-50","mobile-grid-100","grid-parent","grid-33","no-featured-image-padding"],"acf":[],"yoast_head":"<!-- This site is optimized with the Yoast SEO plugin v27.4 - https:\/\/yoast.com\/product\/yoast-seo-wordpress\/ -->\n<title>Sevinc Vaqifq\u0131z\u0131: \u201cBu hakimiyy\u0259t \u00f6z v\u0259t\u0259nda\u015flar\u0131na qar\u015f\u0131 l\u0259yaq\u0259tli davranm\u0131r\u201d - MEYDAN.TV<\/title>\n<meta name=\"robots\" content=\"index, follow, max-snippet:-1, max-image-preview:large, max-video-preview:-1\" \/>\n<link rel=\"canonical\" href=\"https:\/\/www.meydan.tv\/az\/article\/sevinc-vaqifqizi-bu-hakimiyyet-oz-vetendaslarina-qarsi-leyaqetli-davranmir\/\" \/>\n<meta property=\"og:locale\" content=\"az_AZ\" \/>\n<meta property=\"og:type\" content=\"article\" \/>\n<meta property=\"og:title\" content=\"Sevinc Vaqifq\u0131z\u0131: \u201cBu hakimiyy\u0259t \u00f6z v\u0259t\u0259nda\u015flar\u0131na qar\u015f\u0131 l\u0259yaq\u0259tli davranm\u0131r\u201d - MEYDAN.TV\" \/>\n<meta property=\"og:description\" content=\"\u201cAbzasMedia\u201d i\u015fin\u0259 g\u00f6r\u0259 bank hesablar\u0131na blok qoyulan \u015f\u0259xsl\u0259rin \u015fikay\u0259ti t\u0259min ... Davam\u0131\" \/>\n<meta property=\"og:url\" content=\"https:\/\/www.meydan.tv\/az\/article\/sevinc-vaqifqizi-bu-hakimiyyet-oz-vetendaslarina-qarsi-leyaqetli-davranmir\/\" \/>\n<meta property=\"og:site_name\" content=\"MEYDAN.TV\" \/>\n<meta property=\"article:published_time\" content=\"2023-12-20T20:34:21+00:00\" \/>\n<meta property=\"article:modified_time\" content=\"2023-12-21T07:22:38+00:00\" \/>\n<meta property=\"og:image\" content=\"https:\/\/www.meydan.tv\/wp-content\/uploads\/img_0633-scaled-e1703104450403.jpg\" \/>\n\t<meta property=\"og:image:width\" content=\"2560\" \/>\n\t<meta property=\"og:image:height\" content=\"1582\" \/>\n\t<meta property=\"og:image:type\" content=\"image\/jpeg\" \/>\n<meta name=\"author\" content=\"elli\" \/>\n<meta name=\"twitter:card\" content=\"summary_large_image\" \/>\n<meta name=\"twitter:creator\" content=\"@elli\" \/>\n<script type=\"application\/ld+json\" class=\"yoast-schema-graph\">{\"@context\":\"https:\\\/\\\/schema.org\",\"@graph\":[{\"@type\":\"Article\",\"@id\":\"https:\\\/\\\/www.meydan.tv\\\/az\\\/article\\\/sevinc-vaqifqizi-bu-hakimiyyet-oz-vetendaslarina-qarsi-leyaqetli-davranmir\\\/#article\",\"isPartOf\":{\"@id\":\"https:\\\/\\\/www.meydan.tv\\\/az\\\/article\\\/sevinc-vaqifqizi-bu-hakimiyyet-oz-vetendaslarina-qarsi-leyaqetli-davranmir\\\/\"},\"author\":{\"name\":\"elli\",\"@id\":\"https:\\\/\\\/www.meydan.tv\\\/az\\\/#\\\/schema\\\/person\\\/9cdbecf90d17180ce1dfbd95b08dcf47\"},\"headline\":\"Sevinc Vaqifq\u0131z\u0131: \u201cBu hakimiyy\u0259t \u00f6z v\u0259t\u0259nda\u015flar\u0131na qar\u015f\u0131 l\u0259yaq\u0259tli davranm\u0131r\u201d\",\"datePublished\":\"2023-12-20T20:34:21+00:00\",\"dateModified\":\"2023-12-21T07:22:38+00:00\",\"mainEntityOfPage\":{\"@id\":\"https:\\\/\\\/www.meydan.tv\\\/az\\\/article\\\/sevinc-vaqifqizi-bu-hakimiyyet-oz-vetendaslarina-qarsi-leyaqetli-davranmir\\\/\"},\"wordCount\":1084,\"publisher\":{\"@id\":\"https:\\\/\\\/www.meydan.tv\\\/az\\\/#organization\"},\"image\":{\"@id\":\"https:\\\/\\\/www.meydan.tv\\\/az\\\/article\\\/sevinc-vaqifqizi-bu-hakimiyyet-oz-vetendaslarina-qarsi-leyaqetli-davranmir\\\/#primaryimage\"},\"thumbnailUrl\":\"https:\\\/\\\/www.meydan.tv\\\/wp-content\\\/uploads\\\/img_0633-scaled-e1703104450403.jpg\",\"articleSection\":[\"Siyas\u0259t\",\"T\u00f6vsiy\u0259\",\"X\u0259b\u0259rl\u0259r\"],\"inLanguage\":\"az\"},{\"@type\":\"WebPage\",\"@id\":\"https:\\\/\\\/www.meydan.tv\\\/az\\\/article\\\/sevinc-vaqifqizi-bu-hakimiyyet-oz-vetendaslarina-qarsi-leyaqetli-davranmir\\\/\",\"url\":\"https:\\\/\\\/www.meydan.tv\\\/az\\\/article\\\/sevinc-vaqifqizi-bu-hakimiyyet-oz-vetendaslarina-qarsi-leyaqetli-davranmir\\\/\",\"name\":\"Sevinc Vaqifq\u0131z\u0131: \u201cBu hakimiyy\u0259t \u00f6z v\u0259t\u0259nda\u015flar\u0131na qar\u015f\u0131 l\u0259yaq\u0259tli davranm\u0131r\u201d - MEYDAN.TV\",\"isPartOf\":{\"@id\":\"https:\\\/\\\/www.meydan.tv\\\/az\\\/#website\"},\"primaryImageOfPage\":{\"@id\":\"https:\\\/\\\/www.meydan.tv\\\/az\\\/article\\\/sevinc-vaqifqizi-bu-hakimiyyet-oz-vetendaslarina-qarsi-leyaqetli-davranmir\\\/#primaryimage\"},\"image\":{\"@id\":\"https:\\\/\\\/www.meydan.tv\\\/az\\\/article\\\/sevinc-vaqifqizi-bu-hakimiyyet-oz-vetendaslarina-qarsi-leyaqetli-davranmir\\\/#primaryimage\"},\"thumbnailUrl\":\"https:\\\/\\\/www.meydan.tv\\\/wp-content\\\/uploads\\\/img_0633-scaled-e1703104450403.jpg\",\"datePublished\":\"2023-12-20T20:34:21+00:00\",\"dateModified\":\"2023-12-21T07:22:38+00:00\",\"breadcrumb\":{\"@id\":\"https:\\\/\\\/www.meydan.tv\\\/az\\\/article\\\/sevinc-vaqifqizi-bu-hakimiyyet-oz-vetendaslarina-qarsi-leyaqetli-davranmir\\\/#breadcrumb\"},\"inLanguage\":\"az\",\"potentialAction\":[{\"@type\":\"ReadAction\",\"target\":[\"https:\\\/\\\/www.meydan.tv\\\/az\\\/article\\\/sevinc-vaqifqizi-bu-hakimiyyet-oz-vetendaslarina-qarsi-leyaqetli-davranmir\\\/\"]}]},{\"@type\":\"ImageObject\",\"inLanguage\":\"az\",\"@id\":\"https:\\\/\\\/www.meydan.tv\\\/az\\\/article\\\/sevinc-vaqifqizi-bu-hakimiyyet-oz-vetendaslarina-qarsi-leyaqetli-davranmir\\\/#primaryimage\",\"url\":\"https:\\\/\\\/www.meydan.tv\\\/wp-content\\\/uploads\\\/img_0633-scaled-e1703104450403.jpg\",\"contentUrl\":\"https:\\\/\\\/www.meydan.tv\\\/wp-content\\\/uploads\\\/img_0633-scaled-e1703104450403.jpg\",\"width\":2560,\"height\":1582,\"caption\":\"Sevinc Vaqifq\u0131z\u0131. Foto: Meydan TV\"},{\"@type\":\"BreadcrumbList\",\"@id\":\"https:\\\/\\\/www.meydan.tv\\\/az\\\/article\\\/sevinc-vaqifqizi-bu-hakimiyyet-oz-vetendaslarina-qarsi-leyaqetli-davranmir\\\/#breadcrumb\",\"itemListElement\":[{\"@type\":\"ListItem\",\"position\":1,\"name\":\"Ana s\u0259hif\u0259\",\"item\":\"https:\\\/\\\/www.meydan.tv\\\/az\\\/\"},{\"@type\":\"ListItem\",\"position\":2,\"name\":\"Siyas\u0259t\",\"item\":\"https:\\\/\\\/www.meydan.tv\\\/az\\\/section\\\/siyaset\\\/\"},{\"@type\":\"ListItem\",\"position\":3,\"name\":\"Sevinc Vaqifq\u0131z\u0131: \u201cBu hakimiyy\u0259t \u00f6z v\u0259t\u0259nda\u015flar\u0131na qar\u015f\u0131 l\u0259yaq\u0259tli davranm\u0131r\u201d\"}]},{\"@type\":\"WebSite\",\"@id\":\"https:\\\/\\\/www.meydan.tv\\\/az\\\/#website\",\"url\":\"https:\\\/\\\/www.meydan.tv\\\/az\\\/\",\"name\":\"MEYDAN.TV\",\"description\":\"Meydan TV Az\u0259rbaycan\u0131n media m\u0259kan\u0131ndak\u0131 alternativ s\u0259sidir\",\"publisher\":{\"@id\":\"https:\\\/\\\/www.meydan.tv\\\/az\\\/#organization\"},\"potentialAction\":[{\"@type\":\"SearchAction\",\"target\":{\"@type\":\"EntryPoint\",\"urlTemplate\":\"https:\\\/\\\/www.meydan.tv\\\/az\\\/?s={search_term_string}\"},\"query-input\":{\"@type\":\"PropertyValueSpecification\",\"valueRequired\":true,\"valueName\":\"search_term_string\"}}],\"inLanguage\":\"az\"},{\"@type\":\"Organization\",\"@id\":\"https:\\\/\\\/www.meydan.tv\\\/az\\\/#organization\",\"name\":\"Meydan TV\",\"url\":\"https:\\\/\\\/www.meydan.tv\\\/az\\\/\",\"logo\":{\"@type\":\"ImageObject\",\"inLanguage\":\"az\",\"@id\":\"https:\\\/\\\/www.meydan.tv\\\/az\\\/#\\\/schema\\\/logo\\\/image\\\/\",\"url\":\"https:\\\/\\\/www.meydan.tv\\\/wp-content\\\/uploads\\\/2021\\\/07\\\/meydan-logo.svg\",\"contentUrl\":\"https:\\\/\\\/www.meydan.tv\\\/wp-content\\\/uploads\\\/2021\\\/07\\\/meydan-logo.svg\",\"width\":195,\"height\":46,\"caption\":\"Meydan TV\"},\"image\":{\"@id\":\"https:\\\/\\\/www.meydan.tv\\\/az\\\/#\\\/schema\\\/logo\\\/image\\\/\"}},{\"@type\":\"Person\",\"@id\":\"https:\\\/\\\/www.meydan.tv\\\/az\\\/#\\\/schema\\\/person\\\/9cdbecf90d17180ce1dfbd95b08dcf47\",\"name\":\"elli\",\"sameAs\":[\"https:\\\/\\\/x.com\\\/elli\"]}]}<\/script>\n<!-- \/ Yoast SEO plugin. -->","yoast_head_json":{"title":"Sevinc Vaqifq\u0131z\u0131: \u201cBu hakimiyy\u0259t \u00f6z v\u0259t\u0259nda\u015flar\u0131na qar\u015f\u0131 l\u0259yaq\u0259tli davranm\u0131r\u201d - MEYDAN.TV","robots":{"index":"index","follow":"follow","max-snippet":"max-snippet:-1","max-image-preview":"max-image-preview:large","max-video-preview":"max-video-preview:-1"},"canonical":"https:\/\/www.meydan.tv\/az\/article\/sevinc-vaqifqizi-bu-hakimiyyet-oz-vetendaslarina-qarsi-leyaqetli-davranmir\/","og_locale":"az_AZ","og_type":"article","og_title":"Sevinc Vaqifq\u0131z\u0131: \u201cBu hakimiyy\u0259t \u00f6z v\u0259t\u0259nda\u015flar\u0131na qar\u015f\u0131 l\u0259yaq\u0259tli davranm\u0131r\u201d - MEYDAN.TV","og_description":"\u201cAbzasMedia\u201d i\u015fin\u0259 g\u00f6r\u0259 bank hesablar\u0131na blok qoyulan \u015f\u0259xsl\u0259rin \u015fikay\u0259ti t\u0259min ... Davam\u0131","og_url":"https:\/\/www.meydan.tv\/az\/article\/sevinc-vaqifqizi-bu-hakimiyyet-oz-vetendaslarina-qarsi-leyaqetli-davranmir\/","og_site_name":"MEYDAN.TV","article_published_time":"2023-12-20T20:34:21+00:00","article_modified_time":"2023-12-21T07:22:38+00:00","og_image":[{"width":2560,"height":1582,"url":"https:\/\/www.meydan.tv\/wp-content\/uploads\/img_0633-scaled-e1703104450403.jpg","type":"image\/jpeg"}],"author":"elli","twitter_card":"summary_large_image","twitter_creator":"@elli","schema":{"@context":"https:\/\/schema.org","@graph":[{"@type":"Article","@id":"https:\/\/www.meydan.tv\/az\/article\/sevinc-vaqifqizi-bu-hakimiyyet-oz-vetendaslarina-qarsi-leyaqetli-davranmir\/#article","isPartOf":{"@id":"https:\/\/www.meydan.tv\/az\/article\/sevinc-vaqifqizi-bu-hakimiyyet-oz-vetendaslarina-qarsi-leyaqetli-davranmir\/"},"author":{"name":"elli","@id":"https:\/\/www.meydan.tv\/az\/#\/schema\/person\/9cdbecf90d17180ce1dfbd95b08dcf47"},"headline":"Sevinc Vaqifq\u0131z\u0131: \u201cBu hakimiyy\u0259t \u00f6z v\u0259t\u0259nda\u015flar\u0131na qar\u015f\u0131 l\u0259yaq\u0259tli davranm\u0131r\u201d","datePublished":"2023-12-20T20:34:21+00:00","dateModified":"2023-12-21T07:22:38+00:00","mainEntityOfPage":{"@id":"https:\/\/www.meydan.tv\/az\/article\/sevinc-vaqifqizi-bu-hakimiyyet-oz-vetendaslarina-qarsi-leyaqetli-davranmir\/"},"wordCount":1084,"publisher":{"@id":"https:\/\/www.meydan.tv\/az\/#organization"},"image":{"@id":"https:\/\/www.meydan.tv\/az\/article\/sevinc-vaqifqizi-bu-hakimiyyet-oz-vetendaslarina-qarsi-leyaqetli-davranmir\/#primaryimage"},"thumbnailUrl":"https:\/\/www.meydan.tv\/wp-content\/uploads\/img_0633-scaled-e1703104450403.jpg","articleSection":["Siyas\u0259t","T\u00f6vsiy\u0259","X\u0259b\u0259rl\u0259r"],"inLanguage":"az"},{"@type":"WebPage","@id":"https:\/\/www.meydan.tv\/az\/article\/sevinc-vaqifqizi-bu-hakimiyyet-oz-vetendaslarina-qarsi-leyaqetli-davranmir\/","url":"https:\/\/www.meydan.tv\/az\/article\/sevinc-vaqifqizi-bu-hakimiyyet-oz-vetendaslarina-qarsi-leyaqetli-davranmir\/","name":"Sevinc Vaqifq\u0131z\u0131: \u201cBu hakimiyy\u0259t \u00f6z v\u0259t\u0259nda\u015flar\u0131na qar\u015f\u0131 l\u0259yaq\u0259tli davranm\u0131r\u201d - MEYDAN.TV","isPartOf":{"@id":"https:\/\/www.meydan.tv\/az\/#website"},"primaryImageOfPage":{"@id":"https:\/\/www.meydan.tv\/az\/article\/sevinc-vaqifqizi-bu-hakimiyyet-oz-vetendaslarina-qarsi-leyaqetli-davranmir\/#primaryimage"},"image":{"@id":"https:\/\/www.meydan.tv\/az\/article\/sevinc-vaqifqizi-bu-hakimiyyet-oz-vetendaslarina-qarsi-leyaqetli-davranmir\/#primaryimage"},"thumbnailUrl":"https:\/\/www.meydan.tv\/wp-content\/uploads\/img_0633-scaled-e1703104450403.jpg","datePublished":"2023-12-20T20:34:21+00:00","dateModified":"2023-12-21T07:22:38+00:00","breadcrumb":{"@id":"https:\/\/www.meydan.tv\/az\/article\/sevinc-vaqifqizi-bu-hakimiyyet-oz-vetendaslarina-qarsi-leyaqetli-davranmir\/#breadcrumb"},"inLanguage":"az","potentialAction":[{"@type":"ReadAction","target":["https:\/\/www.meydan.tv\/az\/article\/sevinc-vaqifqizi-bu-hakimiyyet-oz-vetendaslarina-qarsi-leyaqetli-davranmir\/"]}]},{"@type":"ImageObject","inLanguage":"az","@id":"https:\/\/www.meydan.tv\/az\/article\/sevinc-vaqifqizi-bu-hakimiyyet-oz-vetendaslarina-qarsi-leyaqetli-davranmir\/#primaryimage","url":"https:\/\/www.meydan.tv\/wp-content\/uploads\/img_0633-scaled-e1703104450403.jpg","contentUrl":"https:\/\/www.meydan.tv\/wp-content\/uploads\/img_0633-scaled-e1703104450403.jpg","width":2560,"height":1582,"caption":"Sevinc Vaqifq\u0131z\u0131. Foto: Meydan TV"},{"@type":"BreadcrumbList","@id":"https:\/\/www.meydan.tv\/az\/article\/sevinc-vaqifqizi-bu-hakimiyyet-oz-vetendaslarina-qarsi-leyaqetli-davranmir\/#breadcrumb","itemListElement":[{"@type":"ListItem","position":1,"name":"Ana s\u0259hif\u0259","item":"https:\/\/www.meydan.tv\/az\/"},{"@type":"ListItem","position":2,"name":"Siyas\u0259t","item":"https:\/\/www.meydan.tv\/az\/section\/siyaset\/"},{"@type":"ListItem","position":3,"name":"Sevinc Vaqifq\u0131z\u0131: \u201cBu hakimiyy\u0259t \u00f6z v\u0259t\u0259nda\u015flar\u0131na qar\u015f\u0131 l\u0259yaq\u0259tli davranm\u0131r\u201d"}]},{"@type":"WebSite","@id":"https:\/\/www.meydan.tv\/az\/#website","url":"https:\/\/www.meydan.tv\/az\/","name":"MEYDAN.TV","description":"Meydan TV Az\u0259rbaycan\u0131n media m\u0259kan\u0131ndak\u0131 alternativ s\u0259sidir","publisher":{"@id":"https:\/\/www.meydan.tv\/az\/#organization"},"potentialAction":[{"@type":"SearchAction","target":{"@type":"EntryPoint","urlTemplate":"https:\/\/www.meydan.tv\/az\/?s={search_term_string}"},"query-input":{"@type":"PropertyValueSpecification","valueRequired":true,"valueName":"search_term_string"}}],"inLanguage":"az"},{"@type":"Organization","@id":"https:\/\/www.meydan.tv\/az\/#organization","name":"Meydan TV","url":"https:\/\/www.meydan.tv\/az\/","logo":{"@type":"ImageObject","inLanguage":"az","@id":"https:\/\/www.meydan.tv\/az\/#\/schema\/logo\/image\/","url":"https:\/\/www.meydan.tv\/wp-content\/uploads\/2021\/07\/meydan-logo.svg","contentUrl":"https:\/\/www.meydan.tv\/wp-content\/uploads\/2021\/07\/meydan-logo.svg","width":195,"height":46,"caption":"Meydan TV"},"image":{"@id":"https:\/\/www.meydan.tv\/az\/#\/schema\/logo\/image\/"}},{"@type":"Person","@id":"https:\/\/www.meydan.tv\/az\/#\/schema\/person\/9cdbecf90d17180ce1dfbd95b08dcf47","name":"elli","sameAs":["https:\/\/x.com\/elli"]}]}},"_links":{"self":[{"href":"https:\/\/www.meydan.tv\/az\/wp-json\/wp\/v2\/posts\/293555","targetHints":{"allow":["GET"]}}],"collection":[{"href":"https:\/\/www.meydan.tv\/az\/wp-json\/wp\/v2\/posts"}],"about":[{"href":"https:\/\/www.meydan.tv\/az\/wp-json\/wp\/v2\/types\/post"}],"author":[{"embeddable":true,"href":"https:\/\/www.meydan.tv\/az\/wp-json\/wp\/v2\/users\/8"}],"replies":[{"embeddable":true,"href":"https:\/\/www.meydan.tv\/az\/wp-json\/wp\/v2\/comments?post=293555"}],"version-history":[{"count":3,"href":"https:\/\/www.meydan.tv\/az\/wp-json\/wp\/v2\/posts\/293555\/revisions"}],"predecessor-version":[{"id":293558,"href":"https:\/\/www.meydan.tv\/az\/wp-json\/wp\/v2\/posts\/293555\/revisions\/293558"}],"wp:featuredmedia":[{"embeddable":true,"href":"https:\/\/www.meydan.tv\/az\/wp-json\/wp\/v2\/media\/291524"}],"wp:attachment":[{"href":"https:\/\/www.meydan.tv\/az\/wp-json\/wp\/v2\/media?parent=293555"}],"wp:term":[{"taxonomy":"category","embeddable":true,"href":"https:\/\/www.meydan.tv\/az\/wp-json\/wp\/v2\/categories?post=293555"},{"taxonomy":"post_tag","embeddable":true,"href":"https:\/\/www.meydan.tv\/az\/wp-json\/wp\/v2\/tags?post=293555"}],"curies":[{"name":"wp","href":"https:\/\/api.w.org\/{rel}","templated":true}]}}