{"id":293550,"date":"2023-12-20T21:12:01","date_gmt":"2023-12-20T17:12:01","guid":{"rendered":"https:\/\/www.meydan.tv\/?p=293550"},"modified":"2023-12-20T23:24:34","modified_gmt":"2023-12-20T19:24:34","slug":"mastagadaki-psixiatriya-xestexanasinin-sobe-mudirine-8-il-3-ay-hebs-cezasi-verildi","status":"publish","type":"post","link":"https:\/\/www.meydan.tv\/az\/article\/mastagadaki-psixiatriya-xestexanasinin-sobe-mudirine-8-il-3-ay-hebs-cezasi-verildi\/","title":{"rendered":"Ma\u015fta\u011fadak\u0131 psixiatriya x\u0259st\u0259xanas\u0131n\u0131n \u015f\u00f6b\u0259 m\u00fcdirin\u0259 8 il 3 ay h\u0259bs c\u0259zas\u0131 verildi"},"content":{"rendered":"\n<p><\/p>\n\n\n\n<p><strong><em>H\u00fcseyn Seyidov ifad\u0259sind\u0259 haqs\u0131z c\u0259zaland\u0131r\u0131ld\u0131\u011f\u0131n\u0131 bildirib<\/em><\/strong><\/p>\n\n\n\n<p>Ma\u015fta\u011fadak\u0131 1 sayl\u0131 Respublika Psixiatriya X\u0259st\u0259xanas\u0131n\u0131n ke\u00e7mi\u015f \u015f\u00f6b\u0259 m\u00fcdiri H\u00fcseyn Seyidov 8 il 3 ay azadl\u0131qdan m\u0259hrum edilib. Dekabr\u0131n 20-d\u0259 Bak\u0131 A\u011f\u0131r Cinay\u0259tl\u0259r M\u0259hk\u0259m\u0259sind\u0259 ona h\u00f6km oxunub.<\/p>\n\n\n\n<p>Hakim Azad M\u0259cidovun s\u0259drliyil\u0259 \u00e7\u0131xar\u0131lan h\u00f6km\u0259 \u0259sas\u0259n, H\u00fcseyn Seyidov r\u00fc\u015fv\u0259t almaqda t\u0259qsirli bilinib.<\/p>\n\n\n\n<p>H\u00fcseyn Seyidovla ba\u011fl\u0131 cinay\u0259t i\u015finin materiallar\u0131nda iddia olunur ki, o, bir s\u0131ra hallarda psixiatriya x\u0259st\u0259xanas\u0131nda m\u00fcalic\u0259 olunmadan tibbi s\u0259n\u0259dl\u0259rd\u0259n \u00e7\u0131xar\u0131\u015f almaq ist\u0259y\u0259nl\u0259r\u0259 r\u00fc\u015fv\u0259tl\u0259 s\u0259n\u0259d verib.<\/p>\n\n\n\n<p>Amma 55 ya\u015fl\u0131 h\u0259kim bu bar\u0259d\u0259 yaz\u0131lanlar\u0131n b\u00f6htan oldu\u011funu deyir. Ke\u00e7mi\u015f \u015f\u00f6b\u0259 m\u00fcdiri m\u0259hk\u0259m\u0259d\u0259 ifad\u0259sind\u0259 haqs\u0131z c\u0259zaland\u0131r\u0131ld\u0131\u011f\u0131n\u0131 bildirib.<\/p>\n\n\n\n<p>\u0130ddia olunur ki, H\u00fcseyn Seyidov b\u0259z\u0259n ald\u0131\u011f\u0131 puldan uzun m\u00fcdd\u0259t Respublika Psixiatriya X\u0259st\u0259xanas\u0131n\u0131n ba\u015f h\u0259kimi olmu\u015f, 2023-c\u00fc ilin aprelind\u0259 bu v\u0259zif\u0259d\u0259n azad edil\u0259n A\u011fah\u0259s\u0259n R\u0259sulova da verib. Buna g\u00f6r\u0259 ke\u00e7mi\u015f ba\u015f h\u0259kim d\u0259 onun m\u0259hk\u0259m\u0259sin\u0259 \u00e7a\u011f\u0131r\u0131l\u0131b, \u015fahid qismind\u0259 dindirilmi\u015fdi.<\/p>\n\n\n\n<p>A\u011fah\u0259s\u0259n R\u0259sulov m\u0259hk\u0259m\u0259d\u0259 ifad\u0259sind\u0259 ke\u00e7mi\u015f \u015f\u00f6b\u0259 m\u00fcdirinin kimd\u0259ns\u0259 pul t\u0259l\u0259b etm\u0259si v\u0259 ya almas\u0131 haqda he\u00e7 vaxt \u015fikay\u0259t e\u015fitm\u0259diyini bildirib. Deyib ki, H\u00fcseyn Seyidovdan kimins\u0259 naraz\u0131l\u0131\u011f\u0131 olmay\u0131b. \u0130st\u0259r x\u0259st\u0259l\u0259rin \u00f6zl\u0259ri d\u0259, ist\u0259rs\u0259 d\u0259 yax\u0131nlar\u0131n\u0131n onunla m\u00fcnasib\u0259tl\u0259ri yax\u015f\u0131 olub.<\/p>\n\n\n\n<p>Lakin ke\u00e7mi\u015f ba\u015f h\u0259kimin istintaqa ifad\u0259sind\u0259 yaz\u0131l\u0131b ki, H\u00fcseyn Seyidov ald\u0131\u011f\u0131 puldan, h\u0259tta bir d\u0259f\u0259 onun \u00f6z\u00fcn\u0259 d\u0259 150 manat vermi\u015fdi.<\/p>\n\n\n\n<p>A\u011fah\u0259s\u0259n R\u0259sulov m\u0259hk\u0259m\u0259d\u0259 h\u0259min ifad\u0259ni t\u0259sdiql\u0259m\u0259yib: <em>\u201cM\u0259n\u0259 m\u00fcst\u0259ntiq bir ka\u011f\u0131za qol \u00e7\u0259kdirdi. M\u0259n\u0259 n\u0259 ifad\u0259 oxunub, n\u0259 d\u0259 el\u0259 bir s\u00f6z demi\u015f\u0259m\u2026\u201d.<\/em><\/p>\n\n\n\n<p>H\u00fcseyn Seyidov 2023-c\u00fc ilin fevral\u0131nda v\u0259zif\u0259 s\u0259lahiyy\u0259tl\u0259rind\u0259n sui-istifad\u0259, r\u00fc\u015fv\u0259t alma v\u0259 v\u0259zif\u0259 saxtakarl\u0131\u011f\u0131 ittihamlar\u0131yla h\u0259bs olunub.<\/p>\n\n\n\n<p>Bundan az sonra ba\u015f h\u0259kim A\u011fah\u0259s\u0259n R\u0259sulov da v\u0259zif\u0259sind\u0259n azad edilib. Onun v\u0259zif\u0259sini itirm\u0259si u\u015faq evind\u0259n \u015fikay\u0259t\u00e7i olan yeniyetm\u0259nin Respublika Psixiatriya X\u0259st\u0259xanas\u0131na yerl\u0259\u015fdirilm\u0259siyl\u0259 ba\u011fl\u0131 qalmaqaldan az sonra ba\u015f verib. O zaman ba\u015f h\u0259kim olan A\u011fah\u0259s\u0259n R\u0259sulov mediaya m\u00fcsahib\u0259sind\u0259 bildirmi\u015fdi ki, yeniyetm\u0259nin psixi problemi yoxdur v\u0259 o internata qaytar\u0131lmal\u0131d\u0131r.<\/p>\n\n\n\n<p>Ke\u00e7mi\u015f ba\u015f h\u0259kimin i\u015fd\u0259n azad edilm\u0259si onun bu a\u00e7\u0131qlamas\u0131yla \u0259laq\u0259l\u0259ndirils\u0259 d\u0259, S\u0259hiyy\u0259 Nazirliyind\u0259n bildirilmi\u015fdi ki, o, ya\u015f h\u0259ddi il\u0259 \u0259laq\u0259dar i\u015fd\u0259n \u00e7\u0131xar\u0131l\u0131b.<\/p>\n","protected":false},"excerpt":{"rendered":"<p>H\u00fcseyn Seyidov ifad\u0259sind\u0259 haqs\u0131z c\u0259zaland\u0131r\u0131ld\u0131\u011f\u0131n\u0131 bildirib Ma\u015fta\u011fadak\u0131 1 sayl\u0131 Respublika &#8230; <\/p>\n<p class=\"read-more-container\"><a title=\"Ma\u015fta\u011fadak\u0131 psixiatriya x\u0259st\u0259xanas\u0131n\u0131n \u015f\u00f6b\u0259 m\u00fcdirin\u0259 8 il 3 ay h\u0259bs c\u0259zas\u0131 verildi\" class=\"read-more button\" href=\"https:\/\/www.meydan.tv\/az\/article\/mastagadaki-psixiatriya-xestexanasinin-sobe-mudirine-8-il-3-ay-hebs-cezasi-verildi\/#more-293550\" aria-label=\"Read more about Ma\u015fta\u011fadak\u0131 psixiatriya x\u0259st\u0259xanas\u0131n\u0131n \u015f\u00f6b\u0259 m\u00fcdirin\u0259 8 il 3 ay h\u0259bs c\u0259zas\u0131 verildi\">Davam\u0131<\/a><\/p>\n","protected":false},"author":8,"featured_media":210852,"comment_status":"closed","ping_status":"closed","sticky":false,"template":"","format":"standard","meta":{"_acf_changed":false,"_sitemap_exclude":false,"_sitemap_priority":"","_sitemap_frequency":"","footnotes":""},"categories":[62,56],"tags":[],"class_list":["post-293550","post","type-post","status-publish","format-standard","has-post-thumbnail","hentry","category-sosial","category-xeberler","infinite-scroll-item","generate-columns","tablet-grid-50","mobile-grid-100","grid-parent","grid-33","no-featured-image-padding"],"acf":[],"yoast_head":"<!-- This site is optimized with the Yoast SEO plugin v27.5 - https:\/\/yoast.com\/product\/yoast-seo-wordpress\/ -->\n<title>Ma\u015fta\u011fadak\u0131 psixiatriya x\u0259st\u0259xanas\u0131n\u0131n \u015f\u00f6b\u0259 m\u00fcdirin\u0259 8 il 3 ay h\u0259bs c\u0259zas\u0131 verildi - MEYDAN.TV<\/title>\n<meta name=\"robots\" content=\"index, follow, max-snippet:-1, max-image-preview:large, max-video-preview:-1\" \/>\n<link rel=\"canonical\" href=\"https:\/\/www.meydan.tv\/az\/article\/mastagadaki-psixiatriya-xestexanasinin-sobe-mudirine-8-il-3-ay-hebs-cezasi-verildi\/\" \/>\n<meta property=\"og:locale\" content=\"az_AZ\" \/>\n<meta property=\"og:type\" content=\"article\" \/>\n<meta property=\"og:title\" content=\"Ma\u015fta\u011fadak\u0131 psixiatriya x\u0259st\u0259xanas\u0131n\u0131n \u015f\u00f6b\u0259 m\u00fcdirin\u0259 8 il 3 ay h\u0259bs c\u0259zas\u0131 verildi - MEYDAN.TV\" \/>\n<meta property=\"og:description\" content=\"H\u00fcseyn Seyidov ifad\u0259sind\u0259 haqs\u0131z c\u0259zaland\u0131r\u0131ld\u0131\u011f\u0131n\u0131 bildirib Ma\u015fta\u011fadak\u0131 1 sayl\u0131 Respublika ... Davam\u0131\" \/>\n<meta property=\"og:url\" content=\"https:\/\/www.meydan.tv\/az\/article\/mastagadaki-psixiatriya-xestexanasinin-sobe-mudirine-8-il-3-ay-hebs-cezasi-verildi\/\" \/>\n<meta property=\"og:site_name\" content=\"MEYDAN.TV\" \/>\n<meta property=\"article:published_time\" content=\"2023-12-20T17:12:01+00:00\" \/>\n<meta property=\"article:modified_time\" content=\"2023-12-20T19:24:34+00:00\" \/>\n<meta property=\"og:image\" content=\"https:\/\/www.meydan.tv\/wp-content\/uploads\/mehkeme19_wxnshvn-scaled.jpg\" \/>\n\t<meta property=\"og:image:width\" content=\"2560\" \/>\n\t<meta property=\"og:image:height\" content=\"1440\" \/>\n\t<meta property=\"og:image:type\" content=\"image\/jpeg\" \/>\n<meta name=\"author\" content=\"elli\" \/>\n<meta name=\"twitter:card\" content=\"summary_large_image\" \/>\n<meta name=\"twitter:creator\" content=\"@elli\" \/>\n<script type=\"application\/ld+json\" class=\"yoast-schema-graph\">{\"@context\":\"https:\\\/\\\/schema.org\",\"@graph\":[{\"@type\":\"Article\",\"@id\":\"https:\\\/\\\/www.meydan.tv\\\/az\\\/article\\\/mastagadaki-psixiatriya-xestexanasinin-sobe-mudirine-8-il-3-ay-hebs-cezasi-verildi\\\/#article\",\"isPartOf\":{\"@id\":\"https:\\\/\\\/www.meydan.tv\\\/az\\\/article\\\/mastagadaki-psixiatriya-xestexanasinin-sobe-mudirine-8-il-3-ay-hebs-cezasi-verildi\\\/\"},\"author\":{\"name\":\"elli\",\"@id\":\"https:\\\/\\\/www.meydan.tv\\\/az\\\/#\\\/schema\\\/person\\\/9cdbecf90d17180ce1dfbd95b08dcf47\"},\"headline\":\"Ma\u015fta\u011fadak\u0131 psixiatriya x\u0259st\u0259xanas\u0131n\u0131n \u015f\u00f6b\u0259 m\u00fcdirin\u0259 8 il 3 ay h\u0259bs c\u0259zas\u0131 verildi\",\"datePublished\":\"2023-12-20T17:12:01+00:00\",\"dateModified\":\"2023-12-20T19:24:34+00:00\",\"mainEntityOfPage\":{\"@id\":\"https:\\\/\\\/www.meydan.tv\\\/az\\\/article\\\/mastagadaki-psixiatriya-xestexanasinin-sobe-mudirine-8-il-3-ay-hebs-cezasi-verildi\\\/\"},\"wordCount\":536,\"publisher\":{\"@id\":\"https:\\\/\\\/www.meydan.tv\\\/az\\\/#organization\"},\"image\":{\"@id\":\"https:\\\/\\\/www.meydan.tv\\\/az\\\/article\\\/mastagadaki-psixiatriya-xestexanasinin-sobe-mudirine-8-il-3-ay-hebs-cezasi-verildi\\\/#primaryimage\"},\"thumbnailUrl\":\"https:\\\/\\\/www.meydan.tv\\\/wp-content\\\/uploads\\\/mehkeme19_wxnshvn-scaled.jpg\",\"articleSection\":[\"Sosial\",\"X\u0259b\u0259rl\u0259r\"],\"inLanguage\":\"az\"},{\"@type\":\"WebPage\",\"@id\":\"https:\\\/\\\/www.meydan.tv\\\/az\\\/article\\\/mastagadaki-psixiatriya-xestexanasinin-sobe-mudirine-8-il-3-ay-hebs-cezasi-verildi\\\/\",\"url\":\"https:\\\/\\\/www.meydan.tv\\\/az\\\/article\\\/mastagadaki-psixiatriya-xestexanasinin-sobe-mudirine-8-il-3-ay-hebs-cezasi-verildi\\\/\",\"name\":\"Ma\u015fta\u011fadak\u0131 psixiatriya x\u0259st\u0259xanas\u0131n\u0131n \u015f\u00f6b\u0259 m\u00fcdirin\u0259 8 il 3 ay h\u0259bs c\u0259zas\u0131 verildi - MEYDAN.TV\",\"isPartOf\":{\"@id\":\"https:\\\/\\\/www.meydan.tv\\\/az\\\/#website\"},\"primaryImageOfPage\":{\"@id\":\"https:\\\/\\\/www.meydan.tv\\\/az\\\/article\\\/mastagadaki-psixiatriya-xestexanasinin-sobe-mudirine-8-il-3-ay-hebs-cezasi-verildi\\\/#primaryimage\"},\"image\":{\"@id\":\"https:\\\/\\\/www.meydan.tv\\\/az\\\/article\\\/mastagadaki-psixiatriya-xestexanasinin-sobe-mudirine-8-il-3-ay-hebs-cezasi-verildi\\\/#primaryimage\"},\"thumbnailUrl\":\"https:\\\/\\\/www.meydan.tv\\\/wp-content\\\/uploads\\\/mehkeme19_wxnshvn-scaled.jpg\",\"datePublished\":\"2023-12-20T17:12:01+00:00\",\"dateModified\":\"2023-12-20T19:24:34+00:00\",\"breadcrumb\":{\"@id\":\"https:\\\/\\\/www.meydan.tv\\\/az\\\/article\\\/mastagadaki-psixiatriya-xestexanasinin-sobe-mudirine-8-il-3-ay-hebs-cezasi-verildi\\\/#breadcrumb\"},\"inLanguage\":\"az\",\"potentialAction\":[{\"@type\":\"ReadAction\",\"target\":[\"https:\\\/\\\/www.meydan.tv\\\/az\\\/article\\\/mastagadaki-psixiatriya-xestexanasinin-sobe-mudirine-8-il-3-ay-hebs-cezasi-verildi\\\/\"]}]},{\"@type\":\"ImageObject\",\"inLanguage\":\"az\",\"@id\":\"https:\\\/\\\/www.meydan.tv\\\/az\\\/article\\\/mastagadaki-psixiatriya-xestexanasinin-sobe-mudirine-8-il-3-ay-hebs-cezasi-verildi\\\/#primaryimage\",\"url\":\"https:\\\/\\\/www.meydan.tv\\\/wp-content\\\/uploads\\\/mehkeme19_wxnshvn-scaled.jpg\",\"contentUrl\":\"https:\\\/\\\/www.meydan.tv\\\/wp-content\\\/uploads\\\/mehkeme19_wxnshvn-scaled.jpg\",\"width\":2560,\"height\":1440,\"caption\":\"Foto: Meydan TV\"},{\"@type\":\"BreadcrumbList\",\"@id\":\"https:\\\/\\\/www.meydan.tv\\\/az\\\/article\\\/mastagadaki-psixiatriya-xestexanasinin-sobe-mudirine-8-il-3-ay-hebs-cezasi-verildi\\\/#breadcrumb\",\"itemListElement\":[{\"@type\":\"ListItem\",\"position\":1,\"name\":\"Ana s\u0259hif\u0259\",\"item\":\"https:\\\/\\\/www.meydan.tv\\\/az\\\/\"},{\"@type\":\"ListItem\",\"position\":2,\"name\":\"Sosial\",\"item\":\"https:\\\/\\\/www.meydan.tv\\\/az\\\/section\\\/sosial\\\/\"},{\"@type\":\"ListItem\",\"position\":3,\"name\":\"Ma\u015fta\u011fadak\u0131 psixiatriya x\u0259st\u0259xanas\u0131n\u0131n \u015f\u00f6b\u0259 m\u00fcdirin\u0259 8 il 3 ay h\u0259bs c\u0259zas\u0131 verildi\"}]},{\"@type\":\"WebSite\",\"@id\":\"https:\\\/\\\/www.meydan.tv\\\/az\\\/#website\",\"url\":\"https:\\\/\\\/www.meydan.tv\\\/az\\\/\",\"name\":\"MEYDAN.TV\",\"description\":\"Meydan TV Az\u0259rbaycan\u0131n media m\u0259kan\u0131ndak\u0131 alternativ s\u0259sidir\",\"publisher\":{\"@id\":\"https:\\\/\\\/www.meydan.tv\\\/az\\\/#organization\"},\"potentialAction\":[{\"@type\":\"SearchAction\",\"target\":{\"@type\":\"EntryPoint\",\"urlTemplate\":\"https:\\\/\\\/www.meydan.tv\\\/az\\\/?s={search_term_string}\"},\"query-input\":{\"@type\":\"PropertyValueSpecification\",\"valueRequired\":true,\"valueName\":\"search_term_string\"}}],\"inLanguage\":\"az\"},{\"@type\":\"Organization\",\"@id\":\"https:\\\/\\\/www.meydan.tv\\\/az\\\/#organization\",\"name\":\"Meydan TV\",\"url\":\"https:\\\/\\\/www.meydan.tv\\\/az\\\/\",\"logo\":{\"@type\":\"ImageObject\",\"inLanguage\":\"az\",\"@id\":\"https:\\\/\\\/www.meydan.tv\\\/az\\\/#\\\/schema\\\/logo\\\/image\\\/\",\"url\":\"https:\\\/\\\/www.meydan.tv\\\/wp-content\\\/uploads\\\/2021\\\/07\\\/meydan-logo.svg\",\"contentUrl\":\"https:\\\/\\\/www.meydan.tv\\\/wp-content\\\/uploads\\\/2021\\\/07\\\/meydan-logo.svg\",\"width\":195,\"height\":46,\"caption\":\"Meydan TV\"},\"image\":{\"@id\":\"https:\\\/\\\/www.meydan.tv\\\/az\\\/#\\\/schema\\\/logo\\\/image\\\/\"}},{\"@type\":\"Person\",\"@id\":\"https:\\\/\\\/www.meydan.tv\\\/az\\\/#\\\/schema\\\/person\\\/9cdbecf90d17180ce1dfbd95b08dcf47\",\"name\":\"elli\",\"sameAs\":[\"https:\\\/\\\/x.com\\\/elli\"]}]}<\/script>\n<!-- \/ Yoast SEO plugin. -->","yoast_head_json":{"title":"Ma\u015fta\u011fadak\u0131 psixiatriya x\u0259st\u0259xanas\u0131n\u0131n \u015f\u00f6b\u0259 m\u00fcdirin\u0259 8 il 3 ay h\u0259bs c\u0259zas\u0131 verildi - MEYDAN.TV","robots":{"index":"index","follow":"follow","max-snippet":"max-snippet:-1","max-image-preview":"max-image-preview:large","max-video-preview":"max-video-preview:-1"},"canonical":"https:\/\/www.meydan.tv\/az\/article\/mastagadaki-psixiatriya-xestexanasinin-sobe-mudirine-8-il-3-ay-hebs-cezasi-verildi\/","og_locale":"az_AZ","og_type":"article","og_title":"Ma\u015fta\u011fadak\u0131 psixiatriya x\u0259st\u0259xanas\u0131n\u0131n \u015f\u00f6b\u0259 m\u00fcdirin\u0259 8 il 3 ay h\u0259bs c\u0259zas\u0131 verildi - MEYDAN.TV","og_description":"H\u00fcseyn Seyidov ifad\u0259sind\u0259 haqs\u0131z c\u0259zaland\u0131r\u0131ld\u0131\u011f\u0131n\u0131 bildirib Ma\u015fta\u011fadak\u0131 1 sayl\u0131 Respublika ... Davam\u0131","og_url":"https:\/\/www.meydan.tv\/az\/article\/mastagadaki-psixiatriya-xestexanasinin-sobe-mudirine-8-il-3-ay-hebs-cezasi-verildi\/","og_site_name":"MEYDAN.TV","article_published_time":"2023-12-20T17:12:01+00:00","article_modified_time":"2023-12-20T19:24:34+00:00","og_image":[{"width":2560,"height":1440,"url":"https:\/\/www.meydan.tv\/wp-content\/uploads\/mehkeme19_wxnshvn-scaled.jpg","type":"image\/jpeg"}],"author":"elli","twitter_card":"summary_large_image","twitter_creator":"@elli","schema":{"@context":"https:\/\/schema.org","@graph":[{"@type":"Article","@id":"https:\/\/www.meydan.tv\/az\/article\/mastagadaki-psixiatriya-xestexanasinin-sobe-mudirine-8-il-3-ay-hebs-cezasi-verildi\/#article","isPartOf":{"@id":"https:\/\/www.meydan.tv\/az\/article\/mastagadaki-psixiatriya-xestexanasinin-sobe-mudirine-8-il-3-ay-hebs-cezasi-verildi\/"},"author":{"name":"elli","@id":"https:\/\/www.meydan.tv\/az\/#\/schema\/person\/9cdbecf90d17180ce1dfbd95b08dcf47"},"headline":"Ma\u015fta\u011fadak\u0131 psixiatriya x\u0259st\u0259xanas\u0131n\u0131n \u015f\u00f6b\u0259 m\u00fcdirin\u0259 8 il 3 ay h\u0259bs c\u0259zas\u0131 verildi","datePublished":"2023-12-20T17:12:01+00:00","dateModified":"2023-12-20T19:24:34+00:00","mainEntityOfPage":{"@id":"https:\/\/www.meydan.tv\/az\/article\/mastagadaki-psixiatriya-xestexanasinin-sobe-mudirine-8-il-3-ay-hebs-cezasi-verildi\/"},"wordCount":536,"publisher":{"@id":"https:\/\/www.meydan.tv\/az\/#organization"},"image":{"@id":"https:\/\/www.meydan.tv\/az\/article\/mastagadaki-psixiatriya-xestexanasinin-sobe-mudirine-8-il-3-ay-hebs-cezasi-verildi\/#primaryimage"},"thumbnailUrl":"https:\/\/www.meydan.tv\/wp-content\/uploads\/mehkeme19_wxnshvn-scaled.jpg","articleSection":["Sosial","X\u0259b\u0259rl\u0259r"],"inLanguage":"az"},{"@type":"WebPage","@id":"https:\/\/www.meydan.tv\/az\/article\/mastagadaki-psixiatriya-xestexanasinin-sobe-mudirine-8-il-3-ay-hebs-cezasi-verildi\/","url":"https:\/\/www.meydan.tv\/az\/article\/mastagadaki-psixiatriya-xestexanasinin-sobe-mudirine-8-il-3-ay-hebs-cezasi-verildi\/","name":"Ma\u015fta\u011fadak\u0131 psixiatriya x\u0259st\u0259xanas\u0131n\u0131n \u015f\u00f6b\u0259 m\u00fcdirin\u0259 8 il 3 ay h\u0259bs c\u0259zas\u0131 verildi - MEYDAN.TV","isPartOf":{"@id":"https:\/\/www.meydan.tv\/az\/#website"},"primaryImageOfPage":{"@id":"https:\/\/www.meydan.tv\/az\/article\/mastagadaki-psixiatriya-xestexanasinin-sobe-mudirine-8-il-3-ay-hebs-cezasi-verildi\/#primaryimage"},"image":{"@id":"https:\/\/www.meydan.tv\/az\/article\/mastagadaki-psixiatriya-xestexanasinin-sobe-mudirine-8-il-3-ay-hebs-cezasi-verildi\/#primaryimage"},"thumbnailUrl":"https:\/\/www.meydan.tv\/wp-content\/uploads\/mehkeme19_wxnshvn-scaled.jpg","datePublished":"2023-12-20T17:12:01+00:00","dateModified":"2023-12-20T19:24:34+00:00","breadcrumb":{"@id":"https:\/\/www.meydan.tv\/az\/article\/mastagadaki-psixiatriya-xestexanasinin-sobe-mudirine-8-il-3-ay-hebs-cezasi-verildi\/#breadcrumb"},"inLanguage":"az","potentialAction":[{"@type":"ReadAction","target":["https:\/\/www.meydan.tv\/az\/article\/mastagadaki-psixiatriya-xestexanasinin-sobe-mudirine-8-il-3-ay-hebs-cezasi-verildi\/"]}]},{"@type":"ImageObject","inLanguage":"az","@id":"https:\/\/www.meydan.tv\/az\/article\/mastagadaki-psixiatriya-xestexanasinin-sobe-mudirine-8-il-3-ay-hebs-cezasi-verildi\/#primaryimage","url":"https:\/\/www.meydan.tv\/wp-content\/uploads\/mehkeme19_wxnshvn-scaled.jpg","contentUrl":"https:\/\/www.meydan.tv\/wp-content\/uploads\/mehkeme19_wxnshvn-scaled.jpg","width":2560,"height":1440,"caption":"Foto: Meydan TV"},{"@type":"BreadcrumbList","@id":"https:\/\/www.meydan.tv\/az\/article\/mastagadaki-psixiatriya-xestexanasinin-sobe-mudirine-8-il-3-ay-hebs-cezasi-verildi\/#breadcrumb","itemListElement":[{"@type":"ListItem","position":1,"name":"Ana s\u0259hif\u0259","item":"https:\/\/www.meydan.tv\/az\/"},{"@type":"ListItem","position":2,"name":"Sosial","item":"https:\/\/www.meydan.tv\/az\/section\/sosial\/"},{"@type":"ListItem","position":3,"name":"Ma\u015fta\u011fadak\u0131 psixiatriya x\u0259st\u0259xanas\u0131n\u0131n \u015f\u00f6b\u0259 m\u00fcdirin\u0259 8 il 3 ay h\u0259bs c\u0259zas\u0131 verildi"}]},{"@type":"WebSite","@id":"https:\/\/www.meydan.tv\/az\/#website","url":"https:\/\/www.meydan.tv\/az\/","name":"MEYDAN.TV","description":"Meydan TV Az\u0259rbaycan\u0131n media m\u0259kan\u0131ndak\u0131 alternativ s\u0259sidir","publisher":{"@id":"https:\/\/www.meydan.tv\/az\/#organization"},"potentialAction":[{"@type":"SearchAction","target":{"@type":"EntryPoint","urlTemplate":"https:\/\/www.meydan.tv\/az\/?s={search_term_string}"},"query-input":{"@type":"PropertyValueSpecification","valueRequired":true,"valueName":"search_term_string"}}],"inLanguage":"az"},{"@type":"Organization","@id":"https:\/\/www.meydan.tv\/az\/#organization","name":"Meydan TV","url":"https:\/\/www.meydan.tv\/az\/","logo":{"@type":"ImageObject","inLanguage":"az","@id":"https:\/\/www.meydan.tv\/az\/#\/schema\/logo\/image\/","url":"https:\/\/www.meydan.tv\/wp-content\/uploads\/2021\/07\/meydan-logo.svg","contentUrl":"https:\/\/www.meydan.tv\/wp-content\/uploads\/2021\/07\/meydan-logo.svg","width":195,"height":46,"caption":"Meydan TV"},"image":{"@id":"https:\/\/www.meydan.tv\/az\/#\/schema\/logo\/image\/"}},{"@type":"Person","@id":"https:\/\/www.meydan.tv\/az\/#\/schema\/person\/9cdbecf90d17180ce1dfbd95b08dcf47","name":"elli","sameAs":["https:\/\/x.com\/elli"]}]}},"_links":{"self":[{"href":"https:\/\/www.meydan.tv\/az\/wp-json\/wp\/v2\/posts\/293550","targetHints":{"allow":["GET"]}}],"collection":[{"href":"https:\/\/www.meydan.tv\/az\/wp-json\/wp\/v2\/posts"}],"about":[{"href":"https:\/\/www.meydan.tv\/az\/wp-json\/wp\/v2\/types\/post"}],"author":[{"embeddable":true,"href":"https:\/\/www.meydan.tv\/az\/wp-json\/wp\/v2\/users\/8"}],"replies":[{"embeddable":true,"href":"https:\/\/www.meydan.tv\/az\/wp-json\/wp\/v2\/comments?post=293550"}],"version-history":[{"count":3,"href":"https:\/\/www.meydan.tv\/az\/wp-json\/wp\/v2\/posts\/293550\/revisions"}],"predecessor-version":[{"id":293554,"href":"https:\/\/www.meydan.tv\/az\/wp-json\/wp\/v2\/posts\/293550\/revisions\/293554"}],"wp:featuredmedia":[{"embeddable":true,"href":"https:\/\/www.meydan.tv\/az\/wp-json\/wp\/v2\/media\/210852"}],"wp:attachment":[{"href":"https:\/\/www.meydan.tv\/az\/wp-json\/wp\/v2\/media?parent=293550"}],"wp:term":[{"taxonomy":"category","embeddable":true,"href":"https:\/\/www.meydan.tv\/az\/wp-json\/wp\/v2\/categories?post=293550"},{"taxonomy":"post_tag","embeddable":true,"href":"https:\/\/www.meydan.tv\/az\/wp-json\/wp\/v2\/tags?post=293550"}],"curies":[{"name":"wp","href":"https:\/\/api.w.org\/{rel}","templated":true}]}}