{"id":293545,"date":"2023-12-20T19:59:21","date_gmt":"2023-12-20T15:59:21","guid":{"rendered":"https:\/\/www.meydan.tv\/?p=293545"},"modified":"2023-12-20T19:59:25","modified_gmt":"2023-12-20T15:59:25","slug":"nazirlik-ve-agentlikde-yoxlama-senedler-prokurorluga-gonderilib","status":"publish","type":"post","link":"https:\/\/www.meydan.tv\/az\/article\/nazirlik-ve-agentlikde-yoxlama-senedler-prokurorluga-gonderilib\/","title":{"rendered":"Nazirlik v\u0259 Agentlikd\u0259 yoxlama: s\u0259n\u0259dl\u0259r prokurorlu\u011fa g\u00f6nd\u0259rilib"},"content":{"rendered":"\n<p><\/p>\n\n\n\n<p><strong><em>Hesablama Palatas\u0131: &#8220;D\u00f6vl\u0259t \u0259mlak\u0131 s\u0259m\u0259r\u0259li istifad\u0259 edilm\u0259yib, hesabatl\u0131l\u0131qda n\u00f6qsanlara yol verilib&#8221;<\/em><\/strong><\/p>\n\n\n\n<p>Hesablama Palatas\u0131 M\u0259d\u0259niyy\u0259t Nazirliyind\u0259 v\u0259 onun qurumlar\u0131nda yoxlamalar apar\u0131b.<\/p>\n\n\n\n<p>Bu bar\u0259d\u0259 Palatan\u0131n m\u0259lumat\u0131nda <a href=\"https:\/\/sai.gov.az\/audit\/146\">bildirilir<\/a>.<\/p>\n\n\n\n<p>M\u0259lumata g\u00f6r\u0259, audit 2022-ci ili v\u0259 2023-c\u00fc ilin 1 avqust tarixin\u0259 q\u0259d\u0259r olan d\u00f6vr\u00fc \u0259hat\u0259 edib.<\/p>\n\n\n\n<p>Yoxlaman\u0131n m\u0259qs\u0259di M\u0259d\u0259niyy\u0259t Nazirliyin\u0259 v\u0259 Az\u0259rbaycan Respublikas\u0131 Kino Agentliyin\u0259 (ARKA), el\u0259c\u0259 d\u0259 kinostudiyalara ayr\u0131lan d\u00f6vl\u0259t v\u0259saitinin h\u00fcquqi aktlara uy\u011funlu\u011funun qiym\u0259tl\u0259ndirilm\u0259si olub.<\/p>\n\n\n\n<p>Audit nazirlik, Agentlikd\u0259n \u0259lav\u0259 olaraq C\u0259f\u0259r Cabbarl\u0131 ad\u0131na \u201cAz\u0259rbaycanfilm\u201d, \u201cSalnam\u0259\u201d v\u0259 \u201cFilming Azerbaijan\u201d kino studiyalar\u0131n\u0131, el\u0259c\u0259 d\u0259, Az\u0259rbaycan D\u00f6vl\u0259t Film Fondunu \u0259hat\u0259 edib.<\/p>\n\n\n\n<p>Auditl\u0259 \u00fcmumilikd\u0259 10,7 milyon manat v\u0259sait \u0259hat\u0259 edilib.<\/p>\n\n\n\n<p>Hesablama Palatas\u0131n\u0131n \u0259vv\u0259lki ill\u0259rd\u0259 h\u0259yata ke\u00e7irdiyi audit eyni predmet m\u0259s\u0259l\u0259l\u0259ri \u0259hat\u0259 edib.<\/p>\n\n\n\n<p>Audit zaman\u0131 \u00f6t\u0259nilki n\u00f6qsanlar\u0131n h\u0259l\u0259 d\u0259 aradan qald\u0131r\u0131lmad\u0131\u011f\u0131 m\u00fc\u0259yy\u0259n olunub.<\/p>\n\n\n\n<p>Kinematoqrafiya sah\u0259sind\u0259 h\u00fcquqi aktlar\u0131n t\u0259kmill\u0259\u015fdirilm\u0259m\u0259si \u00f6t\u0259n d\u00f6vr \u0259rzind\u0259 d\u0259 d\u00f6vl\u0259t sifari\u015finin \u0259hat\u0259 dair\u0259sinin v\u0259 filml\u0259rin bu dair\u0259y\u0259 uy\u011funlu\u011funun qiym\u0259tl\u0259ndirilm\u0259si, h\u0259m\u00e7inin m\u00fcsabiq\u0259l\u0259rin \u0259dal\u0259tlilik v\u0259 \u015f\u0259ffafl\u0131q prinsipl\u0259rin\u0259 uy\u011fun ke\u00e7irilm\u0259si imkanlar\u0131n\u0131 m\u0259hdudla\u015fd\u0131r\u0131b.<\/p>\n\n\n\n<p>\u018fvv\u0259lki auditl\u0259 m\u00fc\u0259yy\u0259n edildiyi kimi, cari auditd\u0259 d\u0259 d\u00f6vl\u0259t v\u0259saitl\u0259rin\u0259 t\u0259l\u0259bat v\u0259 icra g\u00f6st\u0259ricil\u0259ri aras\u0131nda k\u0259skin f\u0259rql\u0259r olub.<\/p>\n\n\n\n<p>Filml\u0259rin istehsal\u0131nda ilkin olaraq \u00f6z\u0259l studiyalar\u0131n i\u015ftirak\u0131 proqnozla\u015fd\u0131r\u0131lmasa da, il \u0259rzind\u0259 bu studiyalara 9 film il\u0259 ba\u011fl\u0131 v\u0259sait \u00f6d\u0259nilib, icra zaman\u0131 ilkin n\u0259z\u0259rd\u0259 tutulandan 2,7 d\u0259f\u0259 az sayda b\u0259dii film \u00e7\u0259kilib.<\/p>\n\n\n\n<p>Bir&nbsp; film\u0259 proqnozla\u015fd\u0131r\u0131lm\u0131\u015f m\u0259bl\u0259\u011fd\u0259n 34,8% daha \u00e7ox v\u0259sait s\u0259rf edilib.<\/p>\n\n\n\n<p>Cari auditl\u0259 ke\u00e7irilmi\u015f m\u00fcsabiq\u0259l\u0259rin n\u0259tic\u0259si kimi se\u00e7ilmi\u015f layih\u0259 v\u0259 ssenaril\u0259r \u00fczr\u0259 m\u00fcqavil\u0259l\u0259rin bir \u00e7ox hallarda ba\u011flan\u0131lmad\u0131\u011f\u0131, n\u00f6vb\u0259ti ill\u0259rd\u0259 is\u0259 yenid\u0259n analoji m\u00fcsabiq\u0259l\u0259rin ke\u00e7irildiyi m\u00fc\u0259yy\u0259n olunub.<\/p>\n\n\n\n<p>2015-2020-ci ill\u0259rd\u0259 282,5 min manat m\u0259bl\u0259\u011find\u0259 sat\u0131n al\u0131nm\u0131\u015f 20 ssenari \u00fczr\u0259 film istehsal edilm\u0259yib.<\/p>\n\n\n\n<p>2022-ci ili \u0259hat\u0259 ed\u0259n m\u00fcsabiq\u0259 gecikdirm\u0259l\u0259rl\u0259 icra olunmay\u0131b.<\/p>\n\n\n\n<p>2023-c\u00fc ild\u0259 is\u0259 auditin \u0259hat\u0259 etdiyi d\u00f6vr\u00fcn sonunad\u0259k m\u00fcqavil\u0259l\u0259r ba\u011flanmay\u0131b v\u0259 layih\u0259l\u0259rin icras\u0131 t\u0259min olunmay\u0131b.<\/p>\n\n\n\n<p>V\u0259saitin icra s\u0259viyy\u0259sinin a\u015fa\u011f\u0131 olmas\u0131 da m\u0259hz bu amill\u0259rl\u0259 ba\u011fl\u0131 olub.<\/p>\n\n\n\n<p>Auditin \u0259hat\u0259 etdiyi ill\u0259rd\u0259 m\u00fcsabiq\u0259l\u0259rd\u0259 i\u015ftirak etm\u0259y\u0259n filml\u0259r d\u0259 maliyy\u0259l\u0259\u015fdirilib.<\/p>\n\n\n\n<p>\u0130ki d\u00f6vl\u0259t studiyas\u0131na 922,1 manat, dig\u0259r studiyalar \u00fczr\u0259 6 film\u0259 3,5 milyon manat b\u00fcdc\u0259 v\u0259saiti \u0259vv\u0259lki ill\u0259rd\u0259 m\u00fcsabiq\u0259d\u0259nk\u0259nar layih\u0259l\u0259r \u00fczr\u0259 y\u00f6n\u0259ldilib.<\/p>\n\n\n\n<p>Se\u00e7ilmi\u015f ssenaril\u0259r \u00fczr\u0259 \u00e7\u0259kilm\u0259sin\u0259 q\u0259rar verilmi\u015f b\u0259zi filml\u0259r m\u00fcxt\u0259lif s\u0259b\u0259bl\u0259rd\u0259n konservasiya edilib ki, bu da maliyy\u0259l\u0259\u015fdirilmi\u015f hiss\u0259 \u00fczr\u0259 v\u0259saitin s\u0259m\u0259r\u0259siz x\u0259rcl\u0259nm\u0259sin\u0259 yol a\u00e7\u0131b.<\/p>\n\n\n<div class=\"wp-block-image\">\n<figure class=\"alignleft size-full is-resized\"><img decoding=\"async\" width=\"813\" height=\"480\" data-src=\"https:\/\/www.meydan.tv\/wp-content\/uploads\/unnamed_bexrwtg.png\" alt=\"M\u0259d\u0259niyy\u0259t Nazirliyi\" class=\"wp-image-155112 lazyload\" style=\"--smush-placeholder-width: 813px; --smush-placeholder-aspect-ratio: 813\/480;width:415px;height:auto\" src=\"data:image\/svg+xml;base64,PHN2ZyB3aWR0aD0iMSIgaGVpZ2h0PSIxIiB4bWxucz0iaHR0cDovL3d3dy53My5vcmcvMjAwMC9zdmciPjwvc3ZnPg==\" \/><figcaption class=\"wp-element-caption\">Foto: M\u0259d\u0259niyy\u0259t Nazirliyi<\/figcaption><\/figure>\n<\/div>\n\n\n<p>Bu hallar\u0131n b\u0259zil\u0259ri \u00fczr\u0259, \u00fcmumiyy\u0259tl\u0259, filmin istehsal\u0131n\u0131n ba\u015flan\u0131lmas\u0131 bar\u0259d\u0259 m\u00fcvafiq \u0259mr verilm\u0259yib, h\u0259m\u00e7inin film istehsal\u0131 i\u015fl\u0259rinin m\u00fcv\u0259qq\u0259ti dayand\u0131r\u0131lmas\u0131 v\u0259 ya xitam verilm\u0259si m\u00fcvafiq \u0259mrl\u0259 r\u0259smil\u0259\u015fdirilm\u0259yib.<\/p>\n\n\n\n<p>2022-ci ild\u0259 C\u0259f\u0259r Cabbarl\u0131 ad\u0131na \u201cAz\u0259rbaycanfilm\u201d kinostudiyas\u0131 il\u0259 ba\u011flanm\u0131\u015f 3, \u201cSalnam\u0259\u201d studiyas\u0131 il\u0259 ba\u011flanm\u0131\u015f 1 m\u00fcqavil\u0259nin icras\u0131 ba\u015fa \u00e7atd\u0131r\u0131lmay\u0131b. H\u0259min m\u00fcqavil\u0259l\u0259r \u00fczr\u0259 304,7 min manat v\u0259sait \u00f6d\u0259nilib.<\/p>\n\n\n\n<p>\u018fvv\u0259lki auditd\u0259 oldu\u011fu kimi, bu auditl\u0259 d\u0259 bir s\u0131ra hallarda ba\u011flan\u0131lm\u0131\u015f m\u00fcqavil\u0259l\u0259rin icra m\u00fcdd\u0259ti bitdikd\u0259n sonra, filmin ba\u015fa \u00e7atd\u0131r\u0131lmamas\u0131 s\u0259b\u0259bind\u0259n bir s\u0131ra hallarda \u0259lav\u0259l\u0259r edilm\u0259kl\u0259 m\u00fcqavil\u0259nin icra m\u00fcdd\u0259tinin uzad\u0131ld\u0131\u011f\u0131, b\u0259zi hallarda bel\u0259 uzad\u0131lmaya r\u0259\u011fm\u0259n istehsal\u0131n ba\u015fa \u00e7atd\u0131r\u0131lmad\u0131\u011f\u0131, auditin \u0259hat\u0259 etdiyi d\u00f6vrd\u0259 bu hallar\u0131n 3 milyon manata yax\u0131n v\u0259saiti \u0259hat\u0259 etdiyi m\u00fc\u0259yy\u0259n olunub.<\/p>\n\n\n\n<p>\u00dcmumiyy\u0259tl\u0259, h\u0259m \u00f6t\u0259n, h\u0259m d\u0259 cari auditin n\u0259tic\u0259l\u0259rin\u0259 \u0259saslanaraq filml\u0259rin d\u00f6vl\u0259t kinostudiyalar\u0131nda istehsal\u0131n\u0131n t\u0259min edilm\u0259sind\u0259 \u0259sas m\u0259qs\u0259din h\u0259min kinostudiyalar\u0131n saxlan\u0131lma m\u0259qs\u0259di da\u015f\u0131d\u0131\u011f\u0131n\u0131, filml\u0259rin d\u0259y\u0259rinin bu m\u0259qs\u0259d \u00fczr\u0259 m\u00fc\u0259yy\u0259nl\u0259\u015fdirildiyini qeyd etm\u0259k olar.<\/p>\n\n\n\n<p>D\u00f6vl\u0259t v\u0259 \u00f6z\u0259l studiyalarda 2022-2023-c\u00fc ill\u0259rd\u0259 istehsal olunan filml\u0259rin m\u00fcqavil\u0259 \u00fczr\u0259 qeyd olunmu\u015f parametrl\u0259rinin (h\u0259cmi, n\u00f6v\u00fc, format\u0131) D\u00f6vl\u0259t Film Fonduna t\u0259hvil verilmi\u015f g\u00f6st\u0259ricil\u0259ri il\u0259 m\u00fcqayis\u0259si bu ya dig\u0259r istiqam\u0259td\u0259 f\u0259rql\u0259rin oldu\u011funu g\u00f6st\u0259rib.<\/p>\n\n\n\n<p>D\u00f6vl\u0259t sifari\u015fl\u0259rinin yerin\u0259 yetirilm\u0259m\u0259si s\u0259b\u0259bind\u0259n bir s\u0131ra hallarda kinostudiyalarla ba\u011flan\u0131lm\u0131\u015f m\u00fcqavil\u0259 \u00e7\u0259r\u00e7iv\u0259sind\u0259 filml\u0259rin istehsal\u0131na ayr\u0131lm\u0131\u015f v\u0259saitin icra prosesind\u0259 t\u0259yinat\u0131n\u0131n d\u0259yi\u015fdirilm\u0259si hallar\u0131na yol verilmi\u015f, b\u0259zi hallarda is\u0259 m\u00fc\u015ft\u0259r\u0259k maliyy\u0259l\u0259\u015fm\u0259 \u00fczr\u0259 \u00f6hd\u0259likl\u0259r yerin\u0259 yetirilm\u0259yib ki, bu m\u0259qamlar da filml\u0259rin ilkin d\u0259y\u0259rinin art\u0131q m\u00fc\u0259yy\u0259nl\u0259\u015fdirildiyini qeyd etm\u0259k imkan\u0131 verir.<\/p>\n\n\n\n<p>H\u0259m\u00e7inin ba\u011flan\u0131lm\u0131\u015f m\u00fcqavil\u0259nin \u015f\u0259rtl\u0259ri pozularaq \u00e7\u0259kilmi\u015f filmin m\u00fcst\u0259sna yay\u0131m h\u00fcququnun M\u0259d\u0259niyy\u0259t Nazirliyinin raz\u0131l\u0131\u011f\u0131 al\u0131nmadan \u00fc\u00e7\u00fcnc\u00fc \u015f\u0259xs\u0259 verilm\u0259si hal\u0131 da m\u00fc\u0259yy\u0259n olunub.<\/p>\n\n\n\n<p>Nazirlik t\u0259r\u0259find\u0259n t\u0259dbirl\u0259rin ke\u00e7irilm\u0259si il\u0259 ba\u011fl\u0131 sat\u0131nalmalarda ehtimal olunan qiym\u0259tin bir \u00e7ox hallarda m\u00fc\u0259yy\u0259nl\u0259\u015fdirilm\u0259m\u0259si eyni xidm\u0259t \u00fczr\u0259 f\u0259rqli qiym\u0259tl\u0259rin formala\u015fmas\u0131na s\u0259b\u0259b olub, el\u0259c\u0259 d\u0259 m\u00fcqavil\u0259l\u0259rin d\u00fczg\u00fcn t\u0259rtib edilm\u0259m\u0259si v\u0259 q\u00fcvv\u0259d\u0259 olan normalara \u0259m\u0259l olunmamas\u0131 art\u0131q x\u0259rcl\u0259r\u0259 yol a\u00e7\u0131b.<\/p>\n\n\n\n<p>B\u0259zi hallarda t\u0259sdiqedici s\u0259n\u0259dl\u0259rin al\u0131nmamas\u0131 v\u0259sait-n\u0259tic\u0259 uy\u011funlu\u011funun \u0259dal\u0259tli m\u00fc\u0259yy\u0259nl\u0259\u015fdirilm\u0259sin\u0259 \u015f\u0259rait yaratmay\u0131b, bir s\u0131ra hallarda t\u0259dbirl\u0259rin v\u0259 m\u00fcqavil\u0259l\u0259rin m\u00fcdd\u0259tl\u0259rinin uy\u011funla\u015fd\u0131r\u0131lmamas\u0131 xidm\u0259tin d\u0259y\u0259rinin daha uzun m\u00fcdd\u0259t \u00fc\u00e7\u00fcn \u00f6d\u0259nilm\u0259si il\u0259 art\u0131q v\u0259sait icras\u0131na s\u0259b\u0259b olub.<\/p>\n\n\n\n<p>D\u00f6vl\u0259t b\u00fcdc\u0259sind\u0259n filml\u0259rin \u00e7\u0259kilm\u0259si v\u0259 t\u0259dbirl\u0259rin ke\u00e7irilm\u0259si \u00fc\u00e7\u00fcn ayr\u0131lm\u0131\u015f v\u0259sait hesab\u0131na xarici \u00f6lk\u0259l\u0259rd\u0259 v\u0259 respublika daxilind\u0259 ke\u00e7iril\u0259n kino t\u0259dbirl\u0259rind\u0259 i\u015ftirak etm\u0259k \u00fc\u00e7\u00fcn b\u0259zi hallarda x\u0259rcl\u0259r t\u0259krar maliyy\u0259l\u0259\u015fdirilib.<\/p>\n\n\n\n<p>H\u0259m\u00e7inin xarici \u00f6lk\u0259l\u0259rd\u0259 f\u0259aliyy\u0259t g\u00f6st\u0259r\u0259n rejissorlar\u0131n d\u00f6vl\u0259t sifari\u015fi il\u0259 \u00e7\u0259kilm\u0259y\u0259n filml\u0259rinin festivallarda i\u015ftirak\u0131n\u0131n maliyy\u0259l\u0259\u015fdirilm\u0259sin\u0259 v\u0259sait \u00f6d\u0259nildiyi m\u00fc\u0259yy\u0259n olunub.<\/p>\n\n\n\n<p>D\u00f6vl\u0259t sifari\u015fi il\u0259 \u00e7\u0259kilmi\u015f filml\u0259rd\u0259n \u0259ld\u0259 edilmi\u015f g\u0259lirl\u0259rin kinostudiyalar\u0131n daxilolmalar\u0131nda ki\u00e7ik paya malik olmas\u0131, h\u0259m\u00e7inin filml\u0259rin gecikdirm\u0259l\u0259rl\u0259 ba\u015fa \u00e7atd\u0131r\u0131lmas\u0131 v\u0259 ya konservasiya edilm\u0259si kino istehsal\u0131 \u00fczr\u0259 f\u0259aliyy\u0259tin m\u00fcasir \u00e7a\u011f\u0131r\u0131\u015flara uy\u011funla\u015fmad\u0131\u011f\u0131 n\u0259tic\u0259sini formala\u015fd\u0131r\u0131b.<\/p>\n\n\n\n<p>\u201cAz\u0259rbaycanfilm\u201d kinostudiyas\u0131na filml\u0259rin n\u00fcmayi\u015f h\u00fcququna g\u00f6r\u0259 v\u0259sait \u0259sas\u0259n sovetl\u0259r d\u00f6vr\u00fcnd\u0259 istehsal edil\u0259n filml\u0259rin n\u00fcmayi\u015find\u0259n daxil olub.<\/p>\n\n\n\n<p>D\u00f6vl\u0259t sifari\u015fi il\u0259 istehsal olunan filml\u0259rin n\u00fcmayi\u015fi il\u0259 ba\u011fl\u0131 M\u0259d\u0259niyy\u0259t Nazirliyinin tabeliyind\u0259 olan \u201cNizami\u201d Kino M\u0259rk\u0259zind\u0259 2022-ci ild\u0259 c\u0259mi 8, 2023-c\u00fc ilin yanvar-iyul aylar\u0131nda is\u0259 c\u0259mi 14 milli film n\u00fcmayi\u015f etdirilib.<\/p>\n\n\n\n<p>Bu filml\u0259rin ham\u0131s\u0131 \u00f6z\u0259l kinostudiyalar\u0131n istehsal\u0131d\u0131r.<\/p>\n\n\n\n<p>D\u00f6vl\u0259t sifari\u015fi \u0259sas\u0131nda 2022-2023-c\u00fc ill\u0259rd\u0259 istehsal\u0131 ba\u015fa \u00e7atd\u0131r\u0131lm\u0131\u015f 15 b\u0259dii, s\u0259n\u0259dli v\u0259 animasiya filmi beyn\u0259lxalq festivallarda i\u015ftirak etm\u0259yib.<\/p>\n\n\n\n<p>5 film is\u0259 m\u00fcxt\u0259lif festivallarda i\u015ftirak ed\u0259r\u0259k 1 v\u0259 ya daha \u00e7ox m\u00fckafata layiq g\u00f6r\u00fcl\u00fcb.<\/p>\n\n\n\n<p>\u00d6t\u0259n auditd\u0259 oldu\u011fu kimi, cari auditl\u0259 d\u0259 m\u00fc\u0259llif qonorarlar\u0131 v\u0259 sair \u00f6d\u0259ni\u015fl\u0259ri t\u0259nziml\u0259y\u0259n h\u00fcquqi aktlar\u0131n uzun ill\u0259r \u0259vv\u0259l q\u0259bul olunmas\u0131 v\u0259 yenil\u0259nm\u0259m\u0259sinin bir s\u0131ra art\u0131q v\u0259 d\u00fczg\u00fcn olmayan \u00f6d\u0259ni\u015fl\u0259r\u0259 s\u0259b\u0259b oldu\u011fu m\u00fc\u0259yy\u0259nl\u0259\u015fdirilib.<\/p>\n\n\n\n<p>El\u0259c\u0259 d\u0259, bu aktlarda yarad\u0131c\u0131 hey\u0259t \u00fczr\u0259 t\u0259rkibin konkret m\u00fc\u0259yy\u0259nl\u0259\u015fdirilm\u0259m\u0259si dig\u0259r k\u00f6m\u0259k\u00e7i hey\u0259t kimi ayr\u0131-ayr\u0131 \u015f\u0259xsl\u0259rl\u0259 m\u00fcqavil\u0259l\u0259rin ba\u011flanmas\u0131na da \u015f\u0259rait yarad\u0131b ki, n\u0259tic\u0259d\u0259 d\u00f6vl\u0259t v\u0259saitl\u0259rinin t\u0259yinat\u0131 \u00fczr\u0259 v\u0259 d\u00fczg\u00fcn istifad\u0259sind\u0259 riskl\u0259r formala\u015f\u0131b.<\/p>\n\n\n\n<p>B\u0259zi hallarda filml\u0259rin \u00e7\u0259kili\u015find\u0259 i\u015ftirak ed\u0259n dig\u0259r icra\u00e7\u0131lar t\u0259r\u0259find\u0259n hesabatl\u0131l\u0131\u011f\u0131n t\u0259min edilm\u0259m\u0259si m\u0259qs\u0259d-n\u0259tic\u0259 uy\u011funlu\u011funun qiym\u0259tl\u0259ndirilm\u0259si imkanlar\u0131n\u0131 m\u0259hdudla\u015fd\u0131rm\u0131\u015f, eyni i\u015fl\u0259r \u00fczr\u0259 t\u0259krar \u00f6d\u0259m\u0259l\u0259rin apar\u0131lmas\u0131 v\u0259 filml\u0259rin tam d\u00f6vl\u0259t b\u00fcdc\u0259si v\u0259saiti hesab\u0131na maliyy\u0259l\u0259\u015fdirilm\u0259si il\u0259 n\u0259tic\u0259l\u0259nib.<\/p>\n\n\n\n<p>Vergi qanunvericiliyinin t\u0259l\u0259bl\u0259rinin g\u00f6zl\u0259nilm\u0259m\u0259si d\u00f6vl\u0259t b\u00fcdc\u0259sinin g\u0259lirl\u0259ri il\u0259 ba\u011fl\u0131 \u00f6hd\u0259liyin tam yerin\u0259 yetirilm\u0259m\u0259si il\u0259 n\u0259tic\u0259l\u0259nmi\u015f, el\u0259c\u0259 d\u0259 film istehsal\u0131 il\u0259 ba\u011fl\u0131 ba\u011flanan m\u00fclki-h\u00fcquqi m\u00fcqavil\u0259l\u0259r \u00fczr\u0259 \u00f6d\u0259m\u0259l\u0259rin t\u0259sdiq olunmu\u015f haqlara uy\u011fun n\u0259z\u0259rd\u0259 tutulmamas\u0131 v\u0259 ayl\u0131q \u00f6d\u0259ni\u015f haqq\u0131 n\u0259z\u0259rd\u0259 tutulmayan istiqam\u0259tl\u0259r\u0259 v\u0259sait \u00f6d\u0259nilm\u0259si m\u0259qs\u0259dli ay\u0131rmalara \u0259lav\u0259 t\u0259l\u0259bat formala\u015f\u0131b.<\/p>\n\n\n\n<p>Kinostudiyalar\u0131n z\u0259ruri v\u0259 m\u00fcasir avadanl\u0131qlarla t\u0259chiz olunmamas\u0131 film istehsal\u0131n\u0131n keyfiyy\u0259tin\u0259 t\u0259sir ed\u0259n \u0259sas amill\u0259rd\u0259n biri olub.<\/p>\n\n\n\n<p>Bu m\u00fc\u0259ssis\u0259l\u0259r t\u0259r\u0259find\u0259n d\u00f6vl\u0259t \u0259mlak\u0131ndan s\u0259m\u0259r\u0259li istifad\u0259 edilm\u0259yib v\u0259 hesabatl\u0131l\u0131qda n\u00f6qsanlara yol verilib, m\u00fchasibat u\u00e7otunun m\u00fcvafiq qaydada apar\u0131lmas\u0131 t\u0259min olunmay\u0131b.<\/p>\n\n\n\n<p>Q\u0259bul edilmi\u015f Kollegiya q\u0259rar\u0131nda kinostudiyalar \u00fczr\u0259 hesablanmam\u0131\u015f v\u0259 u\u00e7ota al\u0131nmam\u0131\u015f vergi v\u0259 sosial \u00f6d\u0259ni\u015fl\u0259rin d\u0259qiql\u0259\u015fdirilmi\u015f vergi b\u0259yannam\u0259sin\u0259 daxil edil\u0259r\u0259k \u015f\u0259xsi hesablara i\u015fl\u0259nilm\u0259si, b\u0259zi istiqam\u0259tl\u0259r \u00fczr\u0259 art\u0131q \u00f6d\u0259nilmi\u015f v\u0259 hesabda qalm\u0131\u015f v\u0259saitl\u0259rin b\u0259rpas\u0131, avadanl\u0131qlar\u0131n u\u00e7ota al\u0131nmas\u0131 n\u0259z\u0259r\u0259 al\u0131nm\u0131\u015f, a\u015fkar edilmi\u015f h\u00fcquqpozmalarda cinay\u0259t t\u0259rkibi \u0259lam\u0259tl\u0259rinin olma ehtimal\u0131 diqq\u0259t\u0259 al\u0131naraq m\u00fcvafiq materiallar Ba\u015f Prokurorlu\u011funa g\u00f6nd\u0259rilib.<\/p>\n\n\n\n<p>Hesablama Palatas\u0131n\u0131n \u00f6t\u0259nilki hesabat\u0131nda da M\u0259d\u0259niyy\u0259t Nazirliyind\u0259 2020-2022-ci ill\u0259ri \u0259hat\u0259 ed\u0259n yoxlamalar zaman\u0131 maliyy\u0259 pozuntular\u0131n\u0131n a\u015fkarland\u0131\u011f\u0131 <a href=\"https:\/\/storage.googleapis.com\/qurium\/www.meydan.tv\/az-article-dovlet-sifarisi-ile-film-cekenler-pullari-nece-xercleyib.html\">bildirilirdi<\/a>.<\/p>\n\n\n\n<p>Palata t\u00f6vsiy\u0259 edirdi ki, n\u00f6qsana yol ver\u0259n m\u0259sul \u015f\u0259xsl\u0259r m\u0259suliyy\u0259t\u0259 c\u0259lb olunsunlar.<\/p>\n\n\n\n<p>Hesabatdan bir h\u0259ft\u0259 sonra, 2022-ci il noyabr\u0131n 1-d\u0259 D\u00f6vl\u0259t T\u0259hl\u00fck\u0259sizliyi Xidm\u0259ti (DTX) M\u0259d\u0259niyy\u0259t Nazirliyind\u0259 x\u00fcsusi \u0259m\u0259liyyat ke\u00e7irdi.<\/p>\n\n\n\n<p>\u018fm\u0259liyyat zaman\u0131 m\u0259d\u0259niyy\u0259t nazirinin sabiq birinci m\u00fcavini, Elnur \u018fliyev, nazirliyinin T\u0259chizat v\u0259 \u018fmlak \u015e\u00f6b\u0259sinin m\u00fcdiri \u0130lkin N\u0259sibov saxlan\u0131ld\u0131.<\/p>\n\n\n\n<p>Onlara Cinay\u0259t M\u0259c\u0259ll\u0259sinin 179.4 (x\u00fcsusil\u0259 k\u00fclli miqdarda m\u0259nims\u0259m\u0259), 308-ci (v\u0259zif\u0259 s\u0259lahiyy\u0259tl\u0259rind\u0259n sui istifad\u0259) madd\u0259l\u0259ril\u0259 ittiham ir\u0259li s\u00fcr\u00fcl\u00fcb.<\/p>\n\n\n\n<p>2022-ci il dekabr\u0131n 22-d\u0259 is\u0259 Prezident \u0130lham \u018fliyev Anar K\u0259rimovu m\u0259d\u0259niyy\u0259t naziri v\u0259zif\u0259sind\u0259n \u00e7\u0131xar\u0131b, yerin\u0259 Adil K\u0259rimlini qoyub.<\/p>\n\n\n\n<p>Anar K\u0259rimovun v\u0259zif\u0259sind\u0259n azad edilm\u0259sin\u0259 s\u0259b\u0259b kimi M\u0259d\u0259niyy\u0259t Nazirliyind\u0259 ba\u015f ver\u0259n korrupsiya hallar\u0131n\u0131n oldu\u011fu iddia edilib.<\/p>\n","protected":false},"excerpt":{"rendered":"<p>Hesablama Palatas\u0131: &#8220;D\u00f6vl\u0259t \u0259mlak\u0131 s\u0259m\u0259r\u0259li istifad\u0259 edilm\u0259yib, hesabatl\u0131l\u0131qda n\u00f6qsanlara yol &#8230; <\/p>\n<p class=\"read-more-container\"><a title=\"Nazirlik v\u0259 Agentlikd\u0259 yoxlama: s\u0259n\u0259dl\u0259r prokurorlu\u011fa g\u00f6nd\u0259rilib\" class=\"read-more button\" href=\"https:\/\/www.meydan.tv\/az\/article\/nazirlik-ve-agentlikde-yoxlama-senedler-prokurorluga-gonderilib\/#more-293545\" aria-label=\"Read more about Nazirlik v\u0259 Agentlikd\u0259 yoxlama: s\u0259n\u0259dl\u0259r prokurorlu\u011fa g\u00f6nd\u0259rilib\">Davam\u0131<\/a><\/p>\n","protected":false},"author":21,"featured_media":103779,"comment_status":"closed","ping_status":"closed","sticky":false,"template":"","format":"standard","meta":{"_acf_changed":false,"_sitemap_exclude":false,"_sitemap_priority":"","_sitemap_frequency":"","footnotes":""},"categories":[52,56],"tags":[],"class_list":["post-293545","post","type-post","status-publish","format-standard","has-post-thumbnail","hentry","category-medeniyyet","category-xeberler","infinite-scroll-item","generate-columns","tablet-grid-50","mobile-grid-100","grid-parent","grid-33","no-featured-image-padding"],"acf":[],"yoast_head":"<!-- This site is optimized with the Yoast SEO plugin v27.4 - https:\/\/yoast.com\/product\/yoast-seo-wordpress\/ -->\n<title>Nazirlik v\u0259 Agentlikd\u0259 yoxlama: s\u0259n\u0259dl\u0259r prokurorlu\u011fa g\u00f6nd\u0259rilib - MEYDAN.TV<\/title>\n<meta name=\"robots\" content=\"index, follow, max-snippet:-1, max-image-preview:large, max-video-preview:-1\" \/>\n<link rel=\"canonical\" href=\"https:\/\/www.meydan.tv\/az\/article\/nazirlik-ve-agentlikde-yoxlama-senedler-prokurorluga-gonderilib\/\" \/>\n<meta property=\"og:locale\" content=\"az_AZ\" \/>\n<meta property=\"og:type\" content=\"article\" \/>\n<meta property=\"og:title\" content=\"Nazirlik v\u0259 Agentlikd\u0259 yoxlama: s\u0259n\u0259dl\u0259r prokurorlu\u011fa g\u00f6nd\u0259rilib - MEYDAN.TV\" \/>\n<meta property=\"og:description\" content=\"Hesablama Palatas\u0131: &#8220;D\u00f6vl\u0259t \u0259mlak\u0131 s\u0259m\u0259r\u0259li istifad\u0259 edilm\u0259yib, hesabatl\u0131l\u0131qda n\u00f6qsanlara yol ... Davam\u0131\" \/>\n<meta property=\"og:url\" content=\"https:\/\/www.meydan.tv\/az\/article\/nazirlik-ve-agentlikde-yoxlama-senedler-prokurorluga-gonderilib\/\" \/>\n<meta property=\"og:site_name\" content=\"MEYDAN.TV\" \/>\n<meta property=\"article:published_time\" content=\"2023-12-20T15:59:21+00:00\" \/>\n<meta property=\"article:modified_time\" content=\"2023-12-20T15:59:25+00:00\" \/>\n<meta property=\"og:image\" content=\"https:\/\/www.meydan.tv\/wp-content\/uploads\/41153.jpg\" \/>\n\t<meta property=\"og:image:width\" content=\"1000\" \/>\n\t<meta property=\"og:image:height\" content=\"541\" \/>\n\t<meta property=\"og:image:type\" content=\"image\/jpeg\" \/>\n<meta name=\"author\" content=\"mahmud\" \/>\n<meta name=\"twitter:card\" content=\"summary_large_image\" \/>\n<script type=\"application\/ld+json\" class=\"yoast-schema-graph\">{\"@context\":\"https:\\\/\\\/schema.org\",\"@graph\":[{\"@type\":\"Article\",\"@id\":\"https:\\\/\\\/www.meydan.tv\\\/az\\\/article\\\/nazirlik-ve-agentlikde-yoxlama-senedler-prokurorluga-gonderilib\\\/#article\",\"isPartOf\":{\"@id\":\"https:\\\/\\\/www.meydan.tv\\\/az\\\/article\\\/nazirlik-ve-agentlikde-yoxlama-senedler-prokurorluga-gonderilib\\\/\"},\"author\":{\"name\":\"mahmud\",\"@id\":\"https:\\\/\\\/www.meydan.tv\\\/az\\\/#\\\/schema\\\/person\\\/09863e516102a829e72bedcf3f84c6b0\"},\"headline\":\"Nazirlik v\u0259 Agentlikd\u0259 yoxlama: s\u0259n\u0259dl\u0259r prokurorlu\u011fa g\u00f6nd\u0259rilib\",\"datePublished\":\"2023-12-20T15:59:21+00:00\",\"dateModified\":\"2023-12-20T15:59:25+00:00\",\"mainEntityOfPage\":{\"@id\":\"https:\\\/\\\/www.meydan.tv\\\/az\\\/article\\\/nazirlik-ve-agentlikde-yoxlama-senedler-prokurorluga-gonderilib\\\/\"},\"wordCount\":2147,\"publisher\":{\"@id\":\"https:\\\/\\\/www.meydan.tv\\\/az\\\/#organization\"},\"image\":{\"@id\":\"https:\\\/\\\/www.meydan.tv\\\/az\\\/article\\\/nazirlik-ve-agentlikde-yoxlama-senedler-prokurorluga-gonderilib\\\/#primaryimage\"},\"thumbnailUrl\":\"https:\\\/\\\/www.meydan.tv\\\/wp-content\\\/uploads\\\/41153.jpg\",\"articleSection\":[\"M\u0259d\u0259niyy\u0259t\",\"X\u0259b\u0259rl\u0259r\"],\"inLanguage\":\"az\"},{\"@type\":\"WebPage\",\"@id\":\"https:\\\/\\\/www.meydan.tv\\\/az\\\/article\\\/nazirlik-ve-agentlikde-yoxlama-senedler-prokurorluga-gonderilib\\\/\",\"url\":\"https:\\\/\\\/www.meydan.tv\\\/az\\\/article\\\/nazirlik-ve-agentlikde-yoxlama-senedler-prokurorluga-gonderilib\\\/\",\"name\":\"Nazirlik v\u0259 Agentlikd\u0259 yoxlama: s\u0259n\u0259dl\u0259r prokurorlu\u011fa g\u00f6nd\u0259rilib - MEYDAN.TV\",\"isPartOf\":{\"@id\":\"https:\\\/\\\/www.meydan.tv\\\/az\\\/#website\"},\"primaryImageOfPage\":{\"@id\":\"https:\\\/\\\/www.meydan.tv\\\/az\\\/article\\\/nazirlik-ve-agentlikde-yoxlama-senedler-prokurorluga-gonderilib\\\/#primaryimage\"},\"image\":{\"@id\":\"https:\\\/\\\/www.meydan.tv\\\/az\\\/article\\\/nazirlik-ve-agentlikde-yoxlama-senedler-prokurorluga-gonderilib\\\/#primaryimage\"},\"thumbnailUrl\":\"https:\\\/\\\/www.meydan.tv\\\/wp-content\\\/uploads\\\/41153.jpg\",\"datePublished\":\"2023-12-20T15:59:21+00:00\",\"dateModified\":\"2023-12-20T15:59:25+00:00\",\"breadcrumb\":{\"@id\":\"https:\\\/\\\/www.meydan.tv\\\/az\\\/article\\\/nazirlik-ve-agentlikde-yoxlama-senedler-prokurorluga-gonderilib\\\/#breadcrumb\"},\"inLanguage\":\"az\",\"potentialAction\":[{\"@type\":\"ReadAction\",\"target\":[\"https:\\\/\\\/www.meydan.tv\\\/az\\\/article\\\/nazirlik-ve-agentlikde-yoxlama-senedler-prokurorluga-gonderilib\\\/\"]}]},{\"@type\":\"ImageObject\",\"inLanguage\":\"az\",\"@id\":\"https:\\\/\\\/www.meydan.tv\\\/az\\\/article\\\/nazirlik-ve-agentlikde-yoxlama-senedler-prokurorluga-gonderilib\\\/#primaryimage\",\"url\":\"https:\\\/\\\/www.meydan.tv\\\/wp-content\\\/uploads\\\/41153.jpg\",\"contentUrl\":\"https:\\\/\\\/www.meydan.tv\\\/wp-content\\\/uploads\\\/41153.jpg\",\"width\":1000,\"height\":541,\"caption\":\"Foto: Hesablama Palatas\u0131\"},{\"@type\":\"BreadcrumbList\",\"@id\":\"https:\\\/\\\/www.meydan.tv\\\/az\\\/article\\\/nazirlik-ve-agentlikde-yoxlama-senedler-prokurorluga-gonderilib\\\/#breadcrumb\",\"itemListElement\":[{\"@type\":\"ListItem\",\"position\":1,\"name\":\"Ana s\u0259hif\u0259\",\"item\":\"https:\\\/\\\/www.meydan.tv\\\/az\\\/\"},{\"@type\":\"ListItem\",\"position\":2,\"name\":\"M\u0259d\u0259niyy\u0259t\",\"item\":\"https:\\\/\\\/www.meydan.tv\\\/az\\\/section\\\/medeniyyet\\\/\"},{\"@type\":\"ListItem\",\"position\":3,\"name\":\"Nazirlik v\u0259 Agentlikd\u0259 yoxlama: s\u0259n\u0259dl\u0259r prokurorlu\u011fa g\u00f6nd\u0259rilib\"}]},{\"@type\":\"WebSite\",\"@id\":\"https:\\\/\\\/www.meydan.tv\\\/az\\\/#website\",\"url\":\"https:\\\/\\\/www.meydan.tv\\\/az\\\/\",\"name\":\"MEYDAN.TV\",\"description\":\"Meydan TV Az\u0259rbaycan\u0131n media m\u0259kan\u0131ndak\u0131 alternativ s\u0259sidir\",\"publisher\":{\"@id\":\"https:\\\/\\\/www.meydan.tv\\\/az\\\/#organization\"},\"potentialAction\":[{\"@type\":\"SearchAction\",\"target\":{\"@type\":\"EntryPoint\",\"urlTemplate\":\"https:\\\/\\\/www.meydan.tv\\\/az\\\/?s={search_term_string}\"},\"query-input\":{\"@type\":\"PropertyValueSpecification\",\"valueRequired\":true,\"valueName\":\"search_term_string\"}}],\"inLanguage\":\"az\"},{\"@type\":\"Organization\",\"@id\":\"https:\\\/\\\/www.meydan.tv\\\/az\\\/#organization\",\"name\":\"Meydan TV\",\"url\":\"https:\\\/\\\/www.meydan.tv\\\/az\\\/\",\"logo\":{\"@type\":\"ImageObject\",\"inLanguage\":\"az\",\"@id\":\"https:\\\/\\\/www.meydan.tv\\\/az\\\/#\\\/schema\\\/logo\\\/image\\\/\",\"url\":\"https:\\\/\\\/www.meydan.tv\\\/wp-content\\\/uploads\\\/2021\\\/07\\\/meydan-logo.svg\",\"contentUrl\":\"https:\\\/\\\/www.meydan.tv\\\/wp-content\\\/uploads\\\/2021\\\/07\\\/meydan-logo.svg\",\"width\":195,\"height\":46,\"caption\":\"Meydan TV\"},\"image\":{\"@id\":\"https:\\\/\\\/www.meydan.tv\\\/az\\\/#\\\/schema\\\/logo\\\/image\\\/\"}},{\"@type\":\"Person\",\"@id\":\"https:\\\/\\\/www.meydan.tv\\\/az\\\/#\\\/schema\\\/person\\\/09863e516102a829e72bedcf3f84c6b0\",\"name\":\"mahmud\"}]}<\/script>\n<!-- \/ Yoast SEO plugin. -->","yoast_head_json":{"title":"Nazirlik v\u0259 Agentlikd\u0259 yoxlama: s\u0259n\u0259dl\u0259r prokurorlu\u011fa g\u00f6nd\u0259rilib - MEYDAN.TV","robots":{"index":"index","follow":"follow","max-snippet":"max-snippet:-1","max-image-preview":"max-image-preview:large","max-video-preview":"max-video-preview:-1"},"canonical":"https:\/\/www.meydan.tv\/az\/article\/nazirlik-ve-agentlikde-yoxlama-senedler-prokurorluga-gonderilib\/","og_locale":"az_AZ","og_type":"article","og_title":"Nazirlik v\u0259 Agentlikd\u0259 yoxlama: s\u0259n\u0259dl\u0259r prokurorlu\u011fa g\u00f6nd\u0259rilib - MEYDAN.TV","og_description":"Hesablama Palatas\u0131: &#8220;D\u00f6vl\u0259t \u0259mlak\u0131 s\u0259m\u0259r\u0259li istifad\u0259 edilm\u0259yib, hesabatl\u0131l\u0131qda n\u00f6qsanlara yol ... Davam\u0131","og_url":"https:\/\/www.meydan.tv\/az\/article\/nazirlik-ve-agentlikde-yoxlama-senedler-prokurorluga-gonderilib\/","og_site_name":"MEYDAN.TV","article_published_time":"2023-12-20T15:59:21+00:00","article_modified_time":"2023-12-20T15:59:25+00:00","og_image":[{"width":1000,"height":541,"url":"https:\/\/www.meydan.tv\/wp-content\/uploads\/41153.jpg","type":"image\/jpeg"}],"author":"mahmud","twitter_card":"summary_large_image","schema":{"@context":"https:\/\/schema.org","@graph":[{"@type":"Article","@id":"https:\/\/www.meydan.tv\/az\/article\/nazirlik-ve-agentlikde-yoxlama-senedler-prokurorluga-gonderilib\/#article","isPartOf":{"@id":"https:\/\/www.meydan.tv\/az\/article\/nazirlik-ve-agentlikde-yoxlama-senedler-prokurorluga-gonderilib\/"},"author":{"name":"mahmud","@id":"https:\/\/www.meydan.tv\/az\/#\/schema\/person\/09863e516102a829e72bedcf3f84c6b0"},"headline":"Nazirlik v\u0259 Agentlikd\u0259 yoxlama: s\u0259n\u0259dl\u0259r prokurorlu\u011fa g\u00f6nd\u0259rilib","datePublished":"2023-12-20T15:59:21+00:00","dateModified":"2023-12-20T15:59:25+00:00","mainEntityOfPage":{"@id":"https:\/\/www.meydan.tv\/az\/article\/nazirlik-ve-agentlikde-yoxlama-senedler-prokurorluga-gonderilib\/"},"wordCount":2147,"publisher":{"@id":"https:\/\/www.meydan.tv\/az\/#organization"},"image":{"@id":"https:\/\/www.meydan.tv\/az\/article\/nazirlik-ve-agentlikde-yoxlama-senedler-prokurorluga-gonderilib\/#primaryimage"},"thumbnailUrl":"https:\/\/www.meydan.tv\/wp-content\/uploads\/41153.jpg","articleSection":["M\u0259d\u0259niyy\u0259t","X\u0259b\u0259rl\u0259r"],"inLanguage":"az"},{"@type":"WebPage","@id":"https:\/\/www.meydan.tv\/az\/article\/nazirlik-ve-agentlikde-yoxlama-senedler-prokurorluga-gonderilib\/","url":"https:\/\/www.meydan.tv\/az\/article\/nazirlik-ve-agentlikde-yoxlama-senedler-prokurorluga-gonderilib\/","name":"Nazirlik v\u0259 Agentlikd\u0259 yoxlama: s\u0259n\u0259dl\u0259r prokurorlu\u011fa g\u00f6nd\u0259rilib - MEYDAN.TV","isPartOf":{"@id":"https:\/\/www.meydan.tv\/az\/#website"},"primaryImageOfPage":{"@id":"https:\/\/www.meydan.tv\/az\/article\/nazirlik-ve-agentlikde-yoxlama-senedler-prokurorluga-gonderilib\/#primaryimage"},"image":{"@id":"https:\/\/www.meydan.tv\/az\/article\/nazirlik-ve-agentlikde-yoxlama-senedler-prokurorluga-gonderilib\/#primaryimage"},"thumbnailUrl":"https:\/\/www.meydan.tv\/wp-content\/uploads\/41153.jpg","datePublished":"2023-12-20T15:59:21+00:00","dateModified":"2023-12-20T15:59:25+00:00","breadcrumb":{"@id":"https:\/\/www.meydan.tv\/az\/article\/nazirlik-ve-agentlikde-yoxlama-senedler-prokurorluga-gonderilib\/#breadcrumb"},"inLanguage":"az","potentialAction":[{"@type":"ReadAction","target":["https:\/\/www.meydan.tv\/az\/article\/nazirlik-ve-agentlikde-yoxlama-senedler-prokurorluga-gonderilib\/"]}]},{"@type":"ImageObject","inLanguage":"az","@id":"https:\/\/www.meydan.tv\/az\/article\/nazirlik-ve-agentlikde-yoxlama-senedler-prokurorluga-gonderilib\/#primaryimage","url":"https:\/\/www.meydan.tv\/wp-content\/uploads\/41153.jpg","contentUrl":"https:\/\/www.meydan.tv\/wp-content\/uploads\/41153.jpg","width":1000,"height":541,"caption":"Foto: Hesablama Palatas\u0131"},{"@type":"BreadcrumbList","@id":"https:\/\/www.meydan.tv\/az\/article\/nazirlik-ve-agentlikde-yoxlama-senedler-prokurorluga-gonderilib\/#breadcrumb","itemListElement":[{"@type":"ListItem","position":1,"name":"Ana s\u0259hif\u0259","item":"https:\/\/www.meydan.tv\/az\/"},{"@type":"ListItem","position":2,"name":"M\u0259d\u0259niyy\u0259t","item":"https:\/\/www.meydan.tv\/az\/section\/medeniyyet\/"},{"@type":"ListItem","position":3,"name":"Nazirlik v\u0259 Agentlikd\u0259 yoxlama: s\u0259n\u0259dl\u0259r prokurorlu\u011fa g\u00f6nd\u0259rilib"}]},{"@type":"WebSite","@id":"https:\/\/www.meydan.tv\/az\/#website","url":"https:\/\/www.meydan.tv\/az\/","name":"MEYDAN.TV","description":"Meydan TV Az\u0259rbaycan\u0131n media m\u0259kan\u0131ndak\u0131 alternativ s\u0259sidir","publisher":{"@id":"https:\/\/www.meydan.tv\/az\/#organization"},"potentialAction":[{"@type":"SearchAction","target":{"@type":"EntryPoint","urlTemplate":"https:\/\/www.meydan.tv\/az\/?s={search_term_string}"},"query-input":{"@type":"PropertyValueSpecification","valueRequired":true,"valueName":"search_term_string"}}],"inLanguage":"az"},{"@type":"Organization","@id":"https:\/\/www.meydan.tv\/az\/#organization","name":"Meydan TV","url":"https:\/\/www.meydan.tv\/az\/","logo":{"@type":"ImageObject","inLanguage":"az","@id":"https:\/\/www.meydan.tv\/az\/#\/schema\/logo\/image\/","url":"https:\/\/www.meydan.tv\/wp-content\/uploads\/2021\/07\/meydan-logo.svg","contentUrl":"https:\/\/www.meydan.tv\/wp-content\/uploads\/2021\/07\/meydan-logo.svg","width":195,"height":46,"caption":"Meydan TV"},"image":{"@id":"https:\/\/www.meydan.tv\/az\/#\/schema\/logo\/image\/"}},{"@type":"Person","@id":"https:\/\/www.meydan.tv\/az\/#\/schema\/person\/09863e516102a829e72bedcf3f84c6b0","name":"mahmud"}]}},"_links":{"self":[{"href":"https:\/\/www.meydan.tv\/az\/wp-json\/wp\/v2\/posts\/293545","targetHints":{"allow":["GET"]}}],"collection":[{"href":"https:\/\/www.meydan.tv\/az\/wp-json\/wp\/v2\/posts"}],"about":[{"href":"https:\/\/www.meydan.tv\/az\/wp-json\/wp\/v2\/types\/post"}],"author":[{"embeddable":true,"href":"https:\/\/www.meydan.tv\/az\/wp-json\/wp\/v2\/users\/21"}],"replies":[{"embeddable":true,"href":"https:\/\/www.meydan.tv\/az\/wp-json\/wp\/v2\/comments?post=293545"}],"version-history":[{"count":1,"href":"https:\/\/www.meydan.tv\/az\/wp-json\/wp\/v2\/posts\/293545\/revisions"}],"predecessor-version":[{"id":293546,"href":"https:\/\/www.meydan.tv\/az\/wp-json\/wp\/v2\/posts\/293545\/revisions\/293546"}],"wp:featuredmedia":[{"embeddable":true,"href":"https:\/\/www.meydan.tv\/az\/wp-json\/wp\/v2\/media\/103779"}],"wp:attachment":[{"href":"https:\/\/www.meydan.tv\/az\/wp-json\/wp\/v2\/media?parent=293545"}],"wp:term":[{"taxonomy":"category","embeddable":true,"href":"https:\/\/www.meydan.tv\/az\/wp-json\/wp\/v2\/categories?post=293545"},{"taxonomy":"post_tag","embeddable":true,"href":"https:\/\/www.meydan.tv\/az\/wp-json\/wp\/v2\/tags?post=293545"}],"curies":[{"name":"wp","href":"https:\/\/api.w.org\/{rel}","templated":true}]}}