{"id":293506,"date":"2023-12-20T15:58:53","date_gmt":"2023-12-20T11:58:53","guid":{"rendered":"https:\/\/www.meydan.tv\/?p=293506"},"modified":"2023-12-20T15:58:59","modified_gmt":"2023-12-20T11:58:59","slug":"azerbaycan-kinosu-2023-senzurali-festival-qeyri-seffaf-musabiqe","status":"publish","type":"post","link":"https:\/\/www.meydan.tv\/az\/article\/azerbaycan-kinosu-2023-senzurali-festival-qeyri-seffaf-musabiqe\/","title":{"rendered":"Az\u0259rbaycan kinosu-2023: senzural\u0131 festival, qeyri-\u015f\u0259ffaf m\u00fcsabiq\u0259&#8230;"},"content":{"rendered":"\n<p><\/p>\n\n\n\n<p><strong><em>\u0130nc\u0259s\u0259n\u0259t xadiml\u0259ri g\u00f6r\u00fcl\u0259n i\u015fl\u0259r v\u0259 probleml\u0259rdan dan\u0131\u015f\u0131blar<\/em><\/strong><\/p>\n\n\n\n<p>2023-c\u00fc il yekunla\u015fmaq \u00fczr\u0259dir.<\/p>\n\n\n\n<p><em>B\u0259s bu il m\u0259d\u0259niyy\u0259tin m\u00fcxt\u0259lif sah\u0259l\u0259ri hans\u0131 hadis\u0259l\u0259r v\u0259 yenilikl\u0259rl\u0259 yadda qald\u0131?<\/em><\/p>\n\n\n\n<p>\u0130lk olaraq kinodan ba\u015flay\u0131r\u0131q, \u00e7\u00fcnki m\u0259d\u0259niyy\u0259tin dig\u0259r sah\u0259l\u0259rind\u0259n f\u0259rqli olaraq kino daim ictimaiyy\u0259tin, median\u0131n, kino t\u0259nqid\u00e7il\u0259rinin, bir s\u00f6zl\u0259, ham\u0131n\u0131n diqq\u0259t m\u0259rk\u0259zind\u0259dir.<\/p>\n\n\n\n<p>Kino\u015f\u00fcnaslar ilin yekunu il\u0259 \u0259laq\u0259dar fikir v\u0259 \u015f\u0259rhl\u0259rini Meydan TV il\u0259 b\u00f6l\u00fc\u015f\u00fcbl\u0259r.<\/p>\n\n\n\n<p><strong><em>\u201c<\/em>Bu il kinoda m\u00fch\u00fcm hadis\u0259l\u0259r ba\u015f verdi\u201d<\/strong><\/p>\n\n\n\n<p>Prod\u00fcserl\u0259r Gildiyas\u0131n\u0131n s\u0259dri, m\u0259d\u0259niyy\u0259t sah\u0259si \u00fczr\u0259 ekspert Fikrin Bekta\u015fi deyir ki, 2023-c\u00fc ild\u0259 kino sah\u0259sind\u0259 bir \u00e7ox m\u00fch\u00fcm hadis\u0259l\u0259r ba\u015f verdi:<\/p>\n\n\n\n<p><em>\u201cBunlar\u0131n aras\u0131nda Kino Forumunu qeyd etm\u0259k olar, hans\u0131 ki d\u00f6vl\u0259t v\u0259 \u00f6z\u0259l qurumlar\u0131, yarad\u0131c\u0131 insanlar\u0131 v\u0259 ictimai birlikl\u0259rin n\u00fcmay\u0259nd\u0259l\u0259rini bir araya g\u0259tirdi, m\u00f6vcud probleml\u0259rin s\u0259sl\u0259ndirilm\u0259sin\u0259 \u015f\u0259rait yaratd\u0131. \u201cQorqud Ata\u201d T\u00fcrk D\u00fcnyas\u0131 Film Festival\u0131 da \u00f6n\u0259mli t\u0259dbirl\u0259rd\u0259n idi\u201d.<\/em><\/p>\n\n\n\n<p><strong><em>M\u0259d\u0259niyy\u0259t Nazirliyinin kinoya biznes yana\u015fmas\u0131&#8230;<\/em><\/strong><\/p>\n\n\n\n<p>Fikrin Bekta\u015fi bildirib ki, 2023-c\u00fc ild\u0259 M\u0259d\u0259niyy\u0259t Nazirliyi kino sah\u0259sin\u0259 h\u0259m d\u0259 f\u0259rqli m\u00fcnasib\u0259t s\u0259rgil\u0259yib.<\/p>\n\n\n\n<p>Onun s\u00f6zl\u0259rin\u0259 g\u00f6r\u0259, nazirlik kino sah\u0259sinin biznes\u0259 \u00e7evrilm\u0259si kimi daha geni\u015f yana\u015fma ortaya qoyub:<\/p>\n\n\n<div class=\"wp-block-image\">\n<figure class=\"aligncenter size-full\"><img decoding=\"async\" width=\"1200\" height=\"800\" data-src=\"https:\/\/www.meydan.tv\/wp-content\/uploads\/404880540_746710214165651_7347772121823599357_n.jpg\" alt=\"\" class=\"wp-image-291351 lazyload\" src=\"data:image\/svg+xml;base64,PHN2ZyB3aWR0aD0iMSIgaGVpZ2h0PSIxIiB4bWxucz0iaHR0cDovL3d3dy53My5vcmcvMjAwMC9zdmciPjwvc3ZnPg==\" style=\"--smush-placeholder-width: 1200px; --smush-placeholder-aspect-ratio: 1200\/800;\" \/><figcaption class=\"wp-element-caption\">Foto: M\u0259d\u0259niyy\u0259t Nazirliyi<\/figcaption><\/figure>\n<\/div>\n\n\n<p><em>\u201cKino s\u0259nayesi art\u0131q yarad\u0131c\u0131 s\u0259nayenin ayr\u0131lmaz hiss\u0259si kimi d\u0259y\u0259rl\u0259ndirildi. Bu sah\u0259nin yana\u015f\u0131 s\u0259nayel\u0259rin inki\u015faf\u0131na d\u0259st\u0259k olmaq potensial\u0131 da qiym\u0259tl\u0259ndirildi. Prod\u00fcserl\u0259r Gildiyas\u0131n\u0131n r\u0259hb\u0259rliyind\u0259 d\u0259 d\u0259yi\u015fiklik oldu. Bu il m\u0259n s\u0259dr se\u00e7ildim v\u0259 M\u0259d\u0259niyy\u0259t Nazirliyinin d\u0259st\u0259yi il\u0259 \u201cProd\u00fcserl\u0259rin inki\u015faf proqram\u0131\u201dna start verildi v\u0259 ilin ax\u0131r\u0131nda onun n\u0259tic\u0259l\u0259rinin t\u0259qdimat\u0131n\u0131 etm\u0259yi planla\u015fd\u0131r\u0131r\u0131q\u201d.<\/em><\/p>\n\n\n\n<p>Gildiya s\u0259dri deyir ki, layih\u0259 \u00e7\u0259r\u00e7iv\u0259sind\u0259 30 n\u0259f\u0259r beyn\u0259lxalq t\u0259lim\u00e7i t\u0259r\u0259find\u0259n prod\u00fcserliyin \u0259saslar\u0131 bar\u0259d\u0259 bilik al\u0131blar.<\/p>\n\n\n\n<p>O h\u0259m\u00e7inin qeyd edib ki, haz\u0131rda 12 film layih\u0259si \u0259traf\u0131nda da i\u015f gedir:<\/p>\n\n\n\n<p><em>\u201cBu layih\u0259l\u0259r beyn\u0259lxalq ekspertl\u0259rin r\u0259yin\u0259 g\u00f6r\u0259, Avropa kino standartlar\u0131na cavab verir. Prod\u00fcserl\u0259r bu layih\u0259ni pit\u00e7inq\u0259 t\u0259qdim ed\u0259c\u0259k v\u0259 u\u011furlu layih\u0259l\u0259r Nazirlik t\u0259r\u0259find\u0259n m\u00fckafat alacaqlar\u201d.<\/em><\/p>\n\n\n\n<p>Ekspert\u0259 g\u00f6r\u0259, bu ilin yaddaqalan kino hadis\u0259l\u0259ri s\u0131ras\u0131nda Az\u0259rbaycan Respubliks\u0131 Kino Agentliyinin (ARKA) ke\u00e7irdiyi kino m\u00fcsabiq\u0259si d\u0259 var.<\/p>\n\n\n\n<p>O,\u00a0hesab edir ki, bu il iki kino ittifaq\u0131n\u0131n birl\u0259\u015fm\u0259sinin m\u00fczakir\u0259si d\u0259 \u00f6n\u0259mli kino <a href=\"https:\/\/storage.googleapis.com\/qurium\/www.meydan.tv\/az-article-eli-isa-cabbarov-sedrin-kim-olacagini-muzakire-etmek-hele-tezdir.html\">hadis\u0259sidir.<\/a><\/p>\n\n\n\n<p><strong><em>\u201cH\u0259l\u0259 d\u0259 bir \u00e7ox islahatlara ehtiyac var\u201d<\/em><\/strong><\/p>\n\n\n\n<p>Fikrin Bekta\u015fi deyir ki, bu il kinematoqrafiyada xeyli u\u011furlu i\u015fl\u0259r g\u00f6r\u00fcls\u0259 d\u0259, kinonun inki\u015faf\u0131 il\u0259 ba\u011fl\u0131 h\u0259l\u0259 d\u0259 bir \u00e7ox islahatlara ehtiyac var:<\/p>\n\n\n\n<p>\u201c<em>Qanunvericilik islahatlar\u0131na ehtiyac var. Yeni kino qanunun q\u0259bul edilm\u0259si, d\u00f6vl\u0259tin t\u0259nziml\u0259m\u0259 v\u0259 proteksionist siyas\u0259ti il\u0259 ba\u011fl\u0131 m\u0259s\u0259l\u0259l\u0259rl\u0259 ba\u011fl\u0131 m\u00fcdd\u0259alar\u0131n qanunvericilikd\u0259 \u0259ks olunmas\u0131, ARKA t\u0259r\u0259find\u0259n ke\u00e7iril\u0259n m\u00fcsabiq\u0259l\u0259rin qaydalar\u0131n\u0131n t\u0259kmill\u0259\u015fdirilm\u0259si, x\u00fcsusil\u0259 beyn\u0259lxalq v\u0259 yerli birg\u0259 istehsal layih\u0259l\u0259rin\u0259 yana\u015fman\u0131n v\u0259 se\u00e7im meyarlar\u0131n\u0131n f\u0259rqli olmas\u0131, film komissiya sisteminin qurulmas\u0131 v\u0259 xarici film istehsal\u00e7\u0131lar\u0131n\u0131n x\u0259rcl\u0259diyi v\u0259saitin bir qisminin geriy\u0259 qaytar\u0131lmas\u0131 m\u0259s\u0259l\u0259si il\u0259 ba\u011fl\u0131 m\u00fc\u0259yy\u0259n i\u015fl\u0259rin apar\u0131lmas\u0131na ehtiyac duyulur\u201d.<\/em><\/p>\n\n\n<div class=\"wp-block-image\">\n<figure class=\"alignleft size-full is-resized\"><img decoding=\"async\" width=\"1200\" height=\"800\" data-src=\"https:\/\/www.meydan.tv\/wp-content\/uploads\/fikrin_bektashi.jpg\" alt=\"\" class=\"wp-image-242690 lazyload\" style=\"--smush-placeholder-width: 1200px; --smush-placeholder-aspect-ratio: 1200\/800;width:370px;height:auto\" src=\"data:image\/svg+xml;base64,PHN2ZyB3aWR0aD0iMSIgaGVpZ2h0PSIxIiB4bWxucz0iaHR0cDovL3d3dy53My5vcmcvMjAwMC9zdmciPjwvc3ZnPg==\" \/><figcaption class=\"wp-element-caption\">Fikrin Bekta\u015fi, Foto: Arxiv<\/figcaption><\/figure>\n<\/div>\n\n\n<p>Ekspert deyir ki, h\u0259m\u00e7inin kadr islahatlar\u0131 da z\u0259ruridir:<\/p>\n\n\n\n<p>\u201c<em>Burada h\u0259m d\u00f6vl\u0259t qullu\u011fu sah\u0259sind\u0259 \u00e7al\u0131\u015fmaq ist\u0259y\u0259nl\u0259rin bilik-bacar\u0131qlar\u0131n\u0131n art\u0131r\u0131lmas\u0131, h\u0259m kino sah\u0259sind\u0259 i\u015fl\u0259y\u0259n prod\u00fcserl\u0259r, ssenari m\u00fc\u0259llifl\u0259ri, filmin yarad\u0131c\u0131 hey\u0259ti, texniki v\u0259 yard\u0131m\u00e7\u0131 hey\u0259ti il\u0259 ba\u011fl\u0131 geni\u015f t\u0259liml\u0259r t\u0259\u015fkil olunmal\u0131d\u0131r\u201d.<\/em><\/p>\n\n\n\n<p>Bekta\u015fi hesab edir ki, kino sah\u0259sind\u0259 beyn\u0259lxalq \u0259m\u0259kda\u015fl\u0131qlar da geni\u015fl\u0259ndirilm\u0259lidir:<\/p>\n\n\n\n<p>\u201c<em>Festivallarda i\u015ftirak v\u0259 pavilyonlar\u0131n qurulmas\u0131, birg\u0259 istehsal\u0131n qurulmas\u0131, beyn\u0259lxalq platformalara qo\u015fulmalar, distrib\u00fctor v\u0259 sat\u0131\u015f \u015f\u0259b\u0259k\u0259l\u0259ri il\u0259 \u0259m\u0259kda\u015fl\u0131\u011f\u0131n qurulmas\u0131 \u00e7ox vacibdir. H\u0259m\u00e7inin struktur islahatlar\u0131na da ehtiyac var. ARKA-n\u0131n v\u0259 onun tabeliyind\u0259 olan qurumlar\u0131n idar\u0259etm\u0259sinin, t\u0259\u015fkilati strukturlar\u0131n\u0131n t\u0259kmill\u0259\u015fdirilm\u0259sin\u0259 ehtiyac duyulur\u201d.<\/em><\/p>\n\n\n\n<p><strong><em>\u201cKino sah\u0259sind\u0259 l\u0259ng d\u0259 olsa, m\u00fc\u0259yy\u0259n bir proses gedir\u201d<\/em><\/strong><\/p>\n\n\n\n<p>Kinot\u0259nqid\u00e7i Sevda Sultanova deyir ki, bu il M\u0259d\u0259niyy\u0259t Nazirliyinin yeni r\u0259hb\u0259riyinin t\u0259\u015f\u0259bb\u00fcs\u00fc il\u0259 demokratik \u015f\u0259rtl\u0259rd\u0259 kinoforum ke\u00e7irilib.<\/p>\n\n\n\n<p>Onun fikrinc\u0259, kinonun vacib probleml\u0259rind\u0259n dan\u0131\u015f\u0131l\u0131b v\u0259 praktik t\u0259klifl\u0259r verilib:<\/p>\n\n\n\n<p><em>\u201cBununla bel\u0259, 2023-c\u00fc ild\u0259 d\u0259 d\u00f6vl\u0259tin maliyy\u0259 d\u0259st\u0259yi il\u0259 filml\u0259r istehsal olunmad\u0131. \u00dcmumilikd\u0259, \u00f6lk\u0259d\u0259 kino sah\u0259sind\u0259 l\u0259ng d\u0259 olsa, m\u00fc\u0259yy\u0259n bir proses gedir. M\u0259s\u0259l\u0259n, La\u00e7\u0131nda \u201cHo\u00e7azfilm\u201d yarad\u0131c\u0131l\u0131q studiyas\u0131n\u0131n a\u00e7\u0131l\u0131\u015f\u0131 oldu. \u0130kinci Qaraba\u011f m\u00fcharib\u0259sind\u0259 vuru\u015fmu\u015f qazinin postm\u00fcharib\u0259 d\u00f6vr\u00fcn\u0259 adaptasiyas\u0131ndan b\u0259hs olunan, \u00f6z\u0259l maliyy\u0259 il\u0259 \u00e7\u0259kilimi\u015f \u201cM\u0259n burdayam, ilahi\u201d adl\u0131 tammetraj b\u0259dii filmi ekranlara \u00e7\u0131xd\u0131\u201d.<\/em><\/p>\n\n\n<div class=\"wp-block-image\">\n<figure class=\"alignright size-large is-resized\"><img decoding=\"async\" width=\"1152\" height=\"821\" data-src=\"https:\/\/www.meydan.tv\/wp-content\/uploads\/seva-1152x821.jpg\" alt=\"\" class=\"wp-image-226742 lazyload\" style=\"--smush-placeholder-width: 1152px; --smush-placeholder-aspect-ratio: 1152\/821;width:340px;height:auto\" src=\"data:image\/svg+xml;base64,PHN2ZyB3aWR0aD0iMSIgaGVpZ2h0PSIxIiB4bWxucz0iaHR0cDovL3d3dy53My5vcmcvMjAwMC9zdmciPjwvc3ZnPg==\" \/><figcaption class=\"wp-element-caption\">Sevda Sultanova, Foto: Kulis.az<\/figcaption><\/figure>\n<\/div>\n\n\n<p>\u201c<em>Paytaxtda pis-yax\u015f\u0131 bir ne\u00e7\u0259 beyn\u0259lxalq festival oldu. Az\u0259rbaycan Kinematoqraf\u00e7\u0131lar \u0130ttifaq\u0131 (AK\u0130) ard\u0131c\u0131l yerli yeni filml\u0259rin bax\u0131\u015flar\u0131n\u0131 t\u0259\u015fkil etdi. Pol\u015fa v\u0259 \u0130sve\u00e7 kino g\u00fcnl\u0259rini, m\u00fcxt\u0259lif t\u0259liml\u0259r h\u0259yata ke\u00e7irdi. Nazirliyin sabiq r\u0259hb\u0259rliyi d\u00f6vr\u00fcnd\u0259 istehsal olunmu\u015f \u201cM\u0259ry\u0259m\u201d b\u0259dii filmi n\u0259hay\u0259t, n\u00fcmayi\u015f olundu. \u201cTokio\u201d Film Festival\u0131nda rejissor Hilal Baydarovun \u201cQu\u015flara x\u00fctb\u0259\u201d filminin d\u00fcnya premyeras\u0131 oldu. \u201cFokus\u201d jurnal\u0131n\u0131n 12-ci say\u0131n\u0131n burax\u0131lmas\u0131 v\u0259 Nadir B\u0259d\u0259lovun \u201cKino g\u00f6zl\u0259 s\u00f6z aras\u0131nda\u201d kitab\u0131n\u0131n yay\u0131mlanmas\u0131 da kinoprosesinin m\u00fch\u00fcm hiss\u0259sidir\u201d, &#8211; <\/em>Sultanova qeyd edib.<\/p>\n\n\n\n<p>Kinot\u0259nqid\u00e7i deyir ki, \u00fcmumilikd\u0259 g\u00f6t\u00fcr\u0259nd\u0259, bu il 125 ya\u015f\u0131 tamam olmu\u015f milli kino \u00fc\u00e7\u00fcn s\u00f6n\u00fck ke\u00e7ib:<\/p>\n\n\n\n<p>&#8220;<em>D\u00f6vl\u0259t b\u00fcdc\u0259si il\u0259 b\u0259dii filml\u0259r \u00e7\u0259kilm\u0259s\u0259 d\u0259, kommersiya kinosu sah\u0259sind\u0259 davaml\u0131 olaraq yeni i\u015fl\u0259r \u0259rs\u0259y\u0259 g\u0259tirilib. M\u0259nim yad\u0131mda qalanlardan biri rejissor Valeh \u018fhm\u0259dovun \u201cEvd\u0259 qalm\u0131\u015f\u201d romantik komediyas\u0131 idi. Bu film Az\u0259rbaycanda komediya filml\u0259rin\u0259 m\u00fc\u0259yy\u0259n m\u0259nada yeni bir keyfiyy\u0259t g\u0259tirdi&#8221;<\/em>.<\/p>\n\n\n\n<p><strong><em>\u201cM\u0259d\u0259niyy\u0259t Nazirliyinin senzura biab\u0131r\u00e7\u0131l\u0131\u011f\u0131\u201d<\/em><\/strong><\/p>\n\n\n\n<p>Rejissor Elvin Ad\u0131g\u00f6z\u0259l\u0259 g\u00f6r\u0259, 2023-c\u00fc il kino sah\u0259sind\u0259 qeyri-\u015f\u0259ffaf ke\u00e7iril\u0259n film festival\u0131 v\u0259 m\u00fcsabiq\u0259 il\u0259 yadda qalacaq:<\/p>\n\n\n\n<p>\u201c<em>Bu il ke\u00e7iril\u0259n \u201cDokuBaku\u201d film festival\u0131nda M\u0259d\u0259niyy\u0259t Nazirliyinin, ARKA-n\u0131n m\u0259murlar\u0131 t\u0259r\u0259find\u0259n senzura biab\u0131r\u00e7\u0131l\u0131\u011f\u0131 <a href=\"https:\/\/www.youtube.com\/watch?v=V9kvX6CYkUQ&amp;t=3s\">oldu. <\/a><\/em><\/p>\n\n\n\n<p><em>ARKA-n\u0131n elan etdiyi film m\u00fcsabiq\u0259sind\u0259 d\u0259 xeyli pozuntular ba\u015f <a href=\"https:\/\/storage.googleapis.com\/qurium\/www.meydan.tv\/az-article-arka-qalibleri-elan-edib-pulun-nece-kocuruleceyi-bilinmir.html\">verdi.<\/a> Bir daha s\u00fcbut olundu ki, M\u0259d\u0259niyy\u0259t Nazirinin d\u0259yi\u015fm\u0259si n\u0259tic\u0259sind\u0259 \u00f6lk\u0259d\u0259 yenil\u0259nmi\u015f kino qanunu olmas\u0131 \u00fc\u00e7\u00fcn m\u00fcbariz\u0259 apar\u0131lmad\u0131\u201d<\/em>.<\/p>\n\n\n<div class=\"wp-block-image\">\n<figure class=\"alignleft size-large is-resized\"><img decoding=\"async\" width=\"859\" height=\"821\" data-src=\"https:\/\/www.meydan.tv\/wp-content\/uploads\/126169066_3587604237969038_4608204005760211673_n-859x821.jpg\" alt=\"\" class=\"wp-image-289585 lazyload\" style=\"--smush-placeholder-width: 859px; --smush-placeholder-aspect-ratio: 859\/821;width:291px;height:auto\" src=\"data:image\/svg+xml;base64,PHN2ZyB3aWR0aD0iMSIgaGVpZ2h0PSIxIiB4bWxucz0iaHR0cDovL3d3dy53My5vcmcvMjAwMC9zdmciPjwvc3ZnPg==\" \/><figcaption class=\"wp-element-caption\">Elvin Ad\u0131g\u00f6z\u0259l, Foto: Facebook<\/figcaption><\/figure>\n<\/div>\n\n\n<p>Rejissor deyir ki, festivaldak\u0131 filml\u0259r\u0259 senzuran\u0131n t\u0259tbiqi, h\u0259m\u00e7inin ARKA-n\u0131n ke\u00e7irdiyi m\u00fcsabiq\u0259d\u0259 ba\u015f ver\u0259nl\u0259r\u0259 Az\u0259rbaycan Kinematoqraf\u00e7\u0131lar \u0130ttifaq\u0131n\u0131n (AK\u0130) s\u0259ssiz qalmas\u0131 do\u011fru q\u0259rar deyil:<\/p>\n\n\n\n<p>\u201c<em>AK\u0130 kino adamlar\u0131n\u0131n s\u00f6z\u00fcn\u00fc dem\u0259si \u00fc\u00e7\u00fcn he\u00e7 bir i\u015f g\u00f6rm\u0259di. H\u0259tta m\u00fcsabiq\u0259 \u0259traf\u0131nda ba\u015f ver\u0259nl\u0259r\u0259 d\u0259 m\u00fcnasib\u0259t bildirm\u0259di. Kinostudiyan\u0131n f\u0259aliyy\u0259ti is\u0259 tamamil\u0259 dondurulma\u011fa, arenda xarakterli bir binaya \u00e7evrilm\u0259si ba\u015f verdi. Bel\u0259likl\u0259, 2023-c\u00fc ild\u0259 kino \u00fc\u00e7\u00fcn \u00e7al\u0131\u015fan h\u0259qiqi s\u0259n\u0259t adamlar\u0131 yen\u0259 d\u0259 bu \u00f6lk\u0259d\u0259 s\u00fcr\u00fcn\u0259r\u0259k m\u00fcbariz\u0259 aparma\u011fa davam etm\u0259y\u0259 m\u0259hkum olundu\u201d.<\/em><\/p>\n\n\n\n<p><strong><em>\u201cDaha bir il bo\u015f ke\u00e7di\u201d<\/em><\/strong><\/p>\n\n\n\n<p>Az\u0259rbaycan kinosunda son bir il \u0259rzind\u0259 ba\u015f ver\u0259nl\u0259r kinot\u0259nqid\u00e7i Hac\u0131 S\u0259f\u0259rovda m\u00fc\u0259yy\u0259n suallar yarad\u0131b.<\/p>\n\n\n\n<p>O hesab edir ki, ARKA \u201cDokuBaku\u201d s\u0259n\u0259dli filml\u0259r festival\u0131na senzura t\u0259tbiq etm\u0259kl\u0259, t\u0259dbirin beyn\u0259lxalq n\u00fcfuzuna x\u0259l\u0259l g\u0259tirib:<\/p>\n\n\n\n<p>\u201c<em>H\u0259min prosesd\u0259 ARKA m\u0259suliyy\u0259ti \u00f6z\u00fc \u00fcz\u0259rind\u0259n atd\u0131, sanki he\u00e7 bel\u0259 bir olay ba\u015f verm\u0259yibmi\u015f kimi dan\u0131\u015fd\u0131lar. Dig\u0259r t\u0259r\u0259fd\u0259n is\u0259 daha sonra onlar\u0131n 5.5 milyon manatl\u0131q bir m\u00fcsabiq\u0259si oldu. H\u0259min m\u00fcsabiq\u0259d\u0259 d\u0259 ortaya \u00e7\u0131xan m\u0259nz\u0259r\u0259 \u00e7ox da yax\u015f\u0131 olmad\u0131. M\u00fcsabiq\u0259nin qeyri-\u015f\u0259faf ke\u00e7irlm\u0259si il\u0259 \u0259laq\u0259dar s\u00f6z-s\u00f6hb\u0259t, qalmaqallar <a href=\"https:\/\/storage.googleapis.com\/qurium\/www.meydan.tv\/az-article-kino-agentliyinin-kecirdiyi-film-layiheleri-musabiqesinde-naraziliq.html\">yarand\u0131.<\/a> Naraz\u0131 insanlar oldu\u201d.<\/em><\/p>\n\n\n<div class=\"wp-block-image\">\n<figure class=\"alignright size-large is-resized\"><img decoding=\"async\" width=\"1200\" height=\"677\" data-src=\"https:\/\/www.meydan.tv\/wp-content\/uploads\/screenshot-2022-10-19-at-13.38.35-1200x677.png\" alt=\"\" class=\"wp-image-258708 lazyload\" style=\"--smush-placeholder-width: 1200px; --smush-placeholder-aspect-ratio: 1200\/677;width:396px;height:auto\" src=\"data:image\/svg+xml;base64,PHN2ZyB3aWR0aD0iMSIgaGVpZ2h0PSIxIiB4bWxucz0iaHR0cDovL3d3dy53My5vcmcvMjAwMC9zdmciPjwvc3ZnPg==\" \/><figcaption class=\"wp-element-caption\">Hac\u0131 S\u0259f\u0259rov<\/figcaption><\/figure>\n<\/div>\n\n\n<p>\u201c<em>B\u0259zi filml\u0259rin birba\u015fa Ekspert \u015euras\u0131 t\u0259r\u0259find\u0259n se\u00e7ilm\u0259si v\u0259 j\u00fcril\u0259rin se\u00e7imi olmamas\u0131na baxmayaraq, birba\u015fa qalib kimi elan edilm\u0259si ciddi naraz\u0131l\u0131qlar yaratd\u0131. Bu il h\u0259m d\u0259 onunla yadda qald\u0131 ki, d\u00f6vl\u0259t t\u0259r\u0259find\u0259n maliyy\u0259l\u0259\u015f\u0259n bir d\u0259n\u0259 d\u0259 olsun tammetrajl\u0131, b\u0259dii film istehsalata burax\u0131lmad\u0131. Daha bir il bo\u015f ke\u00e7di. T\u00fcrk d\u00fcnyas\u0131n\u0131n m\u00fch\u00fcm festival\u0131 olan Qorqud Ata festival\u0131 ke\u00e7irildi. C\u0259miyy\u0259td\u0259 el\u0259 d\u0259 qar\u015f\u0131l\u0131\u011f\u0131 olmad\u0131. Festival sad\u0259c\u0259, ki\u00e7ik bir \u00e7evr\u0259, inc\u0259s\u0259n\u0259tl\u0259 maraqlanan insanlar \u00fc\u00e7\u00fcn m\u0259hdudla\u015fd\u0131. Halbuki, bu festival \u00fc\u00e7\u00fcn kifay\u0259t q\u0259d\u0259r b\u00fcdc\u0259 ayr\u0131lm\u0131\u015fd\u0131. Daha yax\u015f\u0131 t\u0259bli\u011f oluna bil\u0259rdi, daha \u00e7ox insana \u00e7ata bil\u0259rdil\u0259r. H\u0259min festival\u0131n t\u0259\u015fkilat\u00e7\u0131l\u0131\u011f\u0131n\u0131 u\u011fursuz saymaq olar. 2024-c\u00fc il\u0259 neqativ notlarla daxil oluruq. G\u00f6r\u0259k, 2024-c\u00fc ild\u0259 n\u0259 olacaq?\u201d, &#8211; <\/em>dey\u0259 Hac\u0131 S\u0259f\u0259rov vur\u011fulay\u0131b.<\/p>\n","protected":false},"excerpt":{"rendered":"<p>\u0130nc\u0259s\u0259n\u0259t xadiml\u0259ri g\u00f6r\u00fcl\u0259n i\u015fl\u0259r v\u0259 probleml\u0259rdan dan\u0131\u015f\u0131blar 2023-c\u00fc il yekunla\u015fmaq &#8230; <\/p>\n<p class=\"read-more-container\"><a title=\"Az\u0259rbaycan kinosu-2023: senzural\u0131 festival, qeyri-\u015f\u0259ffaf m\u00fcsabiq\u0259&#8230;\" class=\"read-more button\" href=\"https:\/\/www.meydan.tv\/az\/article\/azerbaycan-kinosu-2023-senzurali-festival-qeyri-seffaf-musabiqe\/#more-293506\" aria-label=\"Read more about Az\u0259rbaycan kinosu-2023: senzural\u0131 festival, qeyri-\u015f\u0259ffaf m\u00fcsabiq\u0259&#8230;\">Davam\u0131<\/a><\/p>\n","protected":false},"author":8,"featured_media":242701,"comment_status":"closed","ping_status":"closed","sticky":false,"template":"","format":"standard","meta":{"_acf_changed":false,"_sitemap_exclude":false,"_sitemap_priority":"","_sitemap_frequency":"","footnotes":""},"categories":[52,56],"tags":[],"class_list":["post-293506","post","type-post","status-publish","format-standard","has-post-thumbnail","hentry","category-medeniyyet","category-xeberler","infinite-scroll-item","generate-columns","tablet-grid-50","mobile-grid-100","grid-parent","grid-33","no-featured-image-padding"],"acf":[],"yoast_head":"<!-- This site is optimized with the Yoast SEO plugin v27.4 - https:\/\/yoast.com\/product\/yoast-seo-wordpress\/ -->\n<title>Az\u0259rbaycan kinosu-2023: senzural\u0131 festival, qeyri-\u015f\u0259ffaf m\u00fcsabiq\u0259... - MEYDAN.TV<\/title>\n<meta name=\"robots\" content=\"index, follow, max-snippet:-1, max-image-preview:large, max-video-preview:-1\" \/>\n<link rel=\"canonical\" href=\"https:\/\/www.meydan.tv\/az\/article\/azerbaycan-kinosu-2023-senzurali-festival-qeyri-seffaf-musabiqe\/\" \/>\n<meta property=\"og:locale\" content=\"az_AZ\" \/>\n<meta property=\"og:type\" content=\"article\" \/>\n<meta property=\"og:title\" content=\"Az\u0259rbaycan kinosu-2023: senzural\u0131 festival, qeyri-\u015f\u0259ffaf m\u00fcsabiq\u0259... - MEYDAN.TV\" \/>\n<meta property=\"og:description\" content=\"\u0130nc\u0259s\u0259n\u0259t xadiml\u0259ri g\u00f6r\u00fcl\u0259n i\u015fl\u0259r v\u0259 probleml\u0259rdan dan\u0131\u015f\u0131blar 2023-c\u00fc il yekunla\u015fmaq ... Davam\u0131\" \/>\n<meta property=\"og:url\" content=\"https:\/\/www.meydan.tv\/az\/article\/azerbaycan-kinosu-2023-senzurali-festival-qeyri-seffaf-musabiqe\/\" \/>\n<meta property=\"og:site_name\" content=\"MEYDAN.TV\" \/>\n<meta property=\"article:published_time\" content=\"2023-12-20T11:58:53+00:00\" \/>\n<meta property=\"article:modified_time\" content=\"2023-12-20T11:58:59+00:00\" \/>\n<meta property=\"og:image\" content=\"https:\/\/www.meydan.tv\/wp-content\/uploads\/shutterstock_1914661585.jpg\" \/>\n\t<meta property=\"og:image:width\" content=\"1200\" \/>\n\t<meta property=\"og:image:height\" content=\"794\" \/>\n\t<meta property=\"og:image:type\" content=\"image\/jpeg\" \/>\n<meta name=\"author\" content=\"elli\" \/>\n<meta name=\"twitter:card\" content=\"summary_large_image\" \/>\n<meta name=\"twitter:creator\" content=\"@elli\" \/>\n<script type=\"application\/ld+json\" class=\"yoast-schema-graph\">{\"@context\":\"https:\\\/\\\/schema.org\",\"@graph\":[{\"@type\":\"Article\",\"@id\":\"https:\\\/\\\/www.meydan.tv\\\/az\\\/article\\\/azerbaycan-kinosu-2023-senzurali-festival-qeyri-seffaf-musabiqe\\\/#article\",\"isPartOf\":{\"@id\":\"https:\\\/\\\/www.meydan.tv\\\/az\\\/article\\\/azerbaycan-kinosu-2023-senzurali-festival-qeyri-seffaf-musabiqe\\\/\"},\"author\":{\"name\":\"elli\",\"@id\":\"https:\\\/\\\/www.meydan.tv\\\/az\\\/#\\\/schema\\\/person\\\/9cdbecf90d17180ce1dfbd95b08dcf47\"},\"headline\":\"Az\u0259rbaycan kinosu-2023: senzural\u0131 festival, qeyri-\u015f\u0259ffaf m\u00fcsabiq\u0259&#8230;\",\"datePublished\":\"2023-12-20T11:58:53+00:00\",\"dateModified\":\"2023-12-20T11:58:59+00:00\",\"mainEntityOfPage\":{\"@id\":\"https:\\\/\\\/www.meydan.tv\\\/az\\\/article\\\/azerbaycan-kinosu-2023-senzurali-festival-qeyri-seffaf-musabiqe\\\/\"},\"wordCount\":1751,\"publisher\":{\"@id\":\"https:\\\/\\\/www.meydan.tv\\\/az\\\/#organization\"},\"image\":{\"@id\":\"https:\\\/\\\/www.meydan.tv\\\/az\\\/article\\\/azerbaycan-kinosu-2023-senzurali-festival-qeyri-seffaf-musabiqe\\\/#primaryimage\"},\"thumbnailUrl\":\"https:\\\/\\\/www.meydan.tv\\\/wp-content\\\/uploads\\\/shutterstock_1914661585.jpg\",\"articleSection\":[\"M\u0259d\u0259niyy\u0259t\",\"X\u0259b\u0259rl\u0259r\"],\"inLanguage\":\"az\"},{\"@type\":\"WebPage\",\"@id\":\"https:\\\/\\\/www.meydan.tv\\\/az\\\/article\\\/azerbaycan-kinosu-2023-senzurali-festival-qeyri-seffaf-musabiqe\\\/\",\"url\":\"https:\\\/\\\/www.meydan.tv\\\/az\\\/article\\\/azerbaycan-kinosu-2023-senzurali-festival-qeyri-seffaf-musabiqe\\\/\",\"name\":\"Az\u0259rbaycan kinosu-2023: senzural\u0131 festival, qeyri-\u015f\u0259ffaf m\u00fcsabiq\u0259... - MEYDAN.TV\",\"isPartOf\":{\"@id\":\"https:\\\/\\\/www.meydan.tv\\\/az\\\/#website\"},\"primaryImageOfPage\":{\"@id\":\"https:\\\/\\\/www.meydan.tv\\\/az\\\/article\\\/azerbaycan-kinosu-2023-senzurali-festival-qeyri-seffaf-musabiqe\\\/#primaryimage\"},\"image\":{\"@id\":\"https:\\\/\\\/www.meydan.tv\\\/az\\\/article\\\/azerbaycan-kinosu-2023-senzurali-festival-qeyri-seffaf-musabiqe\\\/#primaryimage\"},\"thumbnailUrl\":\"https:\\\/\\\/www.meydan.tv\\\/wp-content\\\/uploads\\\/shutterstock_1914661585.jpg\",\"datePublished\":\"2023-12-20T11:58:53+00:00\",\"dateModified\":\"2023-12-20T11:58:59+00:00\",\"breadcrumb\":{\"@id\":\"https:\\\/\\\/www.meydan.tv\\\/az\\\/article\\\/azerbaycan-kinosu-2023-senzurali-festival-qeyri-seffaf-musabiqe\\\/#breadcrumb\"},\"inLanguage\":\"az\",\"potentialAction\":[{\"@type\":\"ReadAction\",\"target\":[\"https:\\\/\\\/www.meydan.tv\\\/az\\\/article\\\/azerbaycan-kinosu-2023-senzurali-festival-qeyri-seffaf-musabiqe\\\/\"]}]},{\"@type\":\"ImageObject\",\"inLanguage\":\"az\",\"@id\":\"https:\\\/\\\/www.meydan.tv\\\/az\\\/article\\\/azerbaycan-kinosu-2023-senzurali-festival-qeyri-seffaf-musabiqe\\\/#primaryimage\",\"url\":\"https:\\\/\\\/www.meydan.tv\\\/wp-content\\\/uploads\\\/shutterstock_1914661585.jpg\",\"contentUrl\":\"https:\\\/\\\/www.meydan.tv\\\/wp-content\\\/uploads\\\/shutterstock_1914661585.jpg\",\"width\":1200,\"height\":794,\"caption\":\"Az\u0259rbaycan kinosu. Foto: natatravel\\\/shutterstock\"},{\"@type\":\"BreadcrumbList\",\"@id\":\"https:\\\/\\\/www.meydan.tv\\\/az\\\/article\\\/azerbaycan-kinosu-2023-senzurali-festival-qeyri-seffaf-musabiqe\\\/#breadcrumb\",\"itemListElement\":[{\"@type\":\"ListItem\",\"position\":1,\"name\":\"Ana s\u0259hif\u0259\",\"item\":\"https:\\\/\\\/www.meydan.tv\\\/az\\\/\"},{\"@type\":\"ListItem\",\"position\":2,\"name\":\"M\u0259d\u0259niyy\u0259t\",\"item\":\"https:\\\/\\\/www.meydan.tv\\\/az\\\/section\\\/medeniyyet\\\/\"},{\"@type\":\"ListItem\",\"position\":3,\"name\":\"Az\u0259rbaycan kinosu-2023: senzural\u0131 festival, qeyri-\u015f\u0259ffaf m\u00fcsabiq\u0259&#8230;\"}]},{\"@type\":\"WebSite\",\"@id\":\"https:\\\/\\\/www.meydan.tv\\\/az\\\/#website\",\"url\":\"https:\\\/\\\/www.meydan.tv\\\/az\\\/\",\"name\":\"MEYDAN.TV\",\"description\":\"Meydan TV Az\u0259rbaycan\u0131n media m\u0259kan\u0131ndak\u0131 alternativ s\u0259sidir\",\"publisher\":{\"@id\":\"https:\\\/\\\/www.meydan.tv\\\/az\\\/#organization\"},\"potentialAction\":[{\"@type\":\"SearchAction\",\"target\":{\"@type\":\"EntryPoint\",\"urlTemplate\":\"https:\\\/\\\/www.meydan.tv\\\/az\\\/?s={search_term_string}\"},\"query-input\":{\"@type\":\"PropertyValueSpecification\",\"valueRequired\":true,\"valueName\":\"search_term_string\"}}],\"inLanguage\":\"az\"},{\"@type\":\"Organization\",\"@id\":\"https:\\\/\\\/www.meydan.tv\\\/az\\\/#organization\",\"name\":\"Meydan TV\",\"url\":\"https:\\\/\\\/www.meydan.tv\\\/az\\\/\",\"logo\":{\"@type\":\"ImageObject\",\"inLanguage\":\"az\",\"@id\":\"https:\\\/\\\/www.meydan.tv\\\/az\\\/#\\\/schema\\\/logo\\\/image\\\/\",\"url\":\"https:\\\/\\\/www.meydan.tv\\\/wp-content\\\/uploads\\\/2021\\\/07\\\/meydan-logo.svg\",\"contentUrl\":\"https:\\\/\\\/www.meydan.tv\\\/wp-content\\\/uploads\\\/2021\\\/07\\\/meydan-logo.svg\",\"width\":195,\"height\":46,\"caption\":\"Meydan TV\"},\"image\":{\"@id\":\"https:\\\/\\\/www.meydan.tv\\\/az\\\/#\\\/schema\\\/logo\\\/image\\\/\"}},{\"@type\":\"Person\",\"@id\":\"https:\\\/\\\/www.meydan.tv\\\/az\\\/#\\\/schema\\\/person\\\/9cdbecf90d17180ce1dfbd95b08dcf47\",\"name\":\"elli\",\"sameAs\":[\"https:\\\/\\\/x.com\\\/elli\"]}]}<\/script>\n<!-- \/ Yoast SEO plugin. -->","yoast_head_json":{"title":"Az\u0259rbaycan kinosu-2023: senzural\u0131 festival, qeyri-\u015f\u0259ffaf m\u00fcsabiq\u0259... - MEYDAN.TV","robots":{"index":"index","follow":"follow","max-snippet":"max-snippet:-1","max-image-preview":"max-image-preview:large","max-video-preview":"max-video-preview:-1"},"canonical":"https:\/\/www.meydan.tv\/az\/article\/azerbaycan-kinosu-2023-senzurali-festival-qeyri-seffaf-musabiqe\/","og_locale":"az_AZ","og_type":"article","og_title":"Az\u0259rbaycan kinosu-2023: senzural\u0131 festival, qeyri-\u015f\u0259ffaf m\u00fcsabiq\u0259... - MEYDAN.TV","og_description":"\u0130nc\u0259s\u0259n\u0259t xadiml\u0259ri g\u00f6r\u00fcl\u0259n i\u015fl\u0259r v\u0259 probleml\u0259rdan dan\u0131\u015f\u0131blar 2023-c\u00fc il yekunla\u015fmaq ... Davam\u0131","og_url":"https:\/\/www.meydan.tv\/az\/article\/azerbaycan-kinosu-2023-senzurali-festival-qeyri-seffaf-musabiqe\/","og_site_name":"MEYDAN.TV","article_published_time":"2023-12-20T11:58:53+00:00","article_modified_time":"2023-12-20T11:58:59+00:00","og_image":[{"width":1200,"height":794,"url":"https:\/\/www.meydan.tv\/wp-content\/uploads\/shutterstock_1914661585.jpg","type":"image\/jpeg"}],"author":"elli","twitter_card":"summary_large_image","twitter_creator":"@elli","schema":{"@context":"https:\/\/schema.org","@graph":[{"@type":"Article","@id":"https:\/\/www.meydan.tv\/az\/article\/azerbaycan-kinosu-2023-senzurali-festival-qeyri-seffaf-musabiqe\/#article","isPartOf":{"@id":"https:\/\/www.meydan.tv\/az\/article\/azerbaycan-kinosu-2023-senzurali-festival-qeyri-seffaf-musabiqe\/"},"author":{"name":"elli","@id":"https:\/\/www.meydan.tv\/az\/#\/schema\/person\/9cdbecf90d17180ce1dfbd95b08dcf47"},"headline":"Az\u0259rbaycan kinosu-2023: senzural\u0131 festival, qeyri-\u015f\u0259ffaf m\u00fcsabiq\u0259&#8230;","datePublished":"2023-12-20T11:58:53+00:00","dateModified":"2023-12-20T11:58:59+00:00","mainEntityOfPage":{"@id":"https:\/\/www.meydan.tv\/az\/article\/azerbaycan-kinosu-2023-senzurali-festival-qeyri-seffaf-musabiqe\/"},"wordCount":1751,"publisher":{"@id":"https:\/\/www.meydan.tv\/az\/#organization"},"image":{"@id":"https:\/\/www.meydan.tv\/az\/article\/azerbaycan-kinosu-2023-senzurali-festival-qeyri-seffaf-musabiqe\/#primaryimage"},"thumbnailUrl":"https:\/\/www.meydan.tv\/wp-content\/uploads\/shutterstock_1914661585.jpg","articleSection":["M\u0259d\u0259niyy\u0259t","X\u0259b\u0259rl\u0259r"],"inLanguage":"az"},{"@type":"WebPage","@id":"https:\/\/www.meydan.tv\/az\/article\/azerbaycan-kinosu-2023-senzurali-festival-qeyri-seffaf-musabiqe\/","url":"https:\/\/www.meydan.tv\/az\/article\/azerbaycan-kinosu-2023-senzurali-festival-qeyri-seffaf-musabiqe\/","name":"Az\u0259rbaycan kinosu-2023: senzural\u0131 festival, qeyri-\u015f\u0259ffaf m\u00fcsabiq\u0259... - MEYDAN.TV","isPartOf":{"@id":"https:\/\/www.meydan.tv\/az\/#website"},"primaryImageOfPage":{"@id":"https:\/\/www.meydan.tv\/az\/article\/azerbaycan-kinosu-2023-senzurali-festival-qeyri-seffaf-musabiqe\/#primaryimage"},"image":{"@id":"https:\/\/www.meydan.tv\/az\/article\/azerbaycan-kinosu-2023-senzurali-festival-qeyri-seffaf-musabiqe\/#primaryimage"},"thumbnailUrl":"https:\/\/www.meydan.tv\/wp-content\/uploads\/shutterstock_1914661585.jpg","datePublished":"2023-12-20T11:58:53+00:00","dateModified":"2023-12-20T11:58:59+00:00","breadcrumb":{"@id":"https:\/\/www.meydan.tv\/az\/article\/azerbaycan-kinosu-2023-senzurali-festival-qeyri-seffaf-musabiqe\/#breadcrumb"},"inLanguage":"az","potentialAction":[{"@type":"ReadAction","target":["https:\/\/www.meydan.tv\/az\/article\/azerbaycan-kinosu-2023-senzurali-festival-qeyri-seffaf-musabiqe\/"]}]},{"@type":"ImageObject","inLanguage":"az","@id":"https:\/\/www.meydan.tv\/az\/article\/azerbaycan-kinosu-2023-senzurali-festival-qeyri-seffaf-musabiqe\/#primaryimage","url":"https:\/\/www.meydan.tv\/wp-content\/uploads\/shutterstock_1914661585.jpg","contentUrl":"https:\/\/www.meydan.tv\/wp-content\/uploads\/shutterstock_1914661585.jpg","width":1200,"height":794,"caption":"Az\u0259rbaycan kinosu. Foto: natatravel\/shutterstock"},{"@type":"BreadcrumbList","@id":"https:\/\/www.meydan.tv\/az\/article\/azerbaycan-kinosu-2023-senzurali-festival-qeyri-seffaf-musabiqe\/#breadcrumb","itemListElement":[{"@type":"ListItem","position":1,"name":"Ana s\u0259hif\u0259","item":"https:\/\/www.meydan.tv\/az\/"},{"@type":"ListItem","position":2,"name":"M\u0259d\u0259niyy\u0259t","item":"https:\/\/www.meydan.tv\/az\/section\/medeniyyet\/"},{"@type":"ListItem","position":3,"name":"Az\u0259rbaycan kinosu-2023: senzural\u0131 festival, qeyri-\u015f\u0259ffaf m\u00fcsabiq\u0259&#8230;"}]},{"@type":"WebSite","@id":"https:\/\/www.meydan.tv\/az\/#website","url":"https:\/\/www.meydan.tv\/az\/","name":"MEYDAN.TV","description":"Meydan TV Az\u0259rbaycan\u0131n media m\u0259kan\u0131ndak\u0131 alternativ s\u0259sidir","publisher":{"@id":"https:\/\/www.meydan.tv\/az\/#organization"},"potentialAction":[{"@type":"SearchAction","target":{"@type":"EntryPoint","urlTemplate":"https:\/\/www.meydan.tv\/az\/?s={search_term_string}"},"query-input":{"@type":"PropertyValueSpecification","valueRequired":true,"valueName":"search_term_string"}}],"inLanguage":"az"},{"@type":"Organization","@id":"https:\/\/www.meydan.tv\/az\/#organization","name":"Meydan TV","url":"https:\/\/www.meydan.tv\/az\/","logo":{"@type":"ImageObject","inLanguage":"az","@id":"https:\/\/www.meydan.tv\/az\/#\/schema\/logo\/image\/","url":"https:\/\/www.meydan.tv\/wp-content\/uploads\/2021\/07\/meydan-logo.svg","contentUrl":"https:\/\/www.meydan.tv\/wp-content\/uploads\/2021\/07\/meydan-logo.svg","width":195,"height":46,"caption":"Meydan TV"},"image":{"@id":"https:\/\/www.meydan.tv\/az\/#\/schema\/logo\/image\/"}},{"@type":"Person","@id":"https:\/\/www.meydan.tv\/az\/#\/schema\/person\/9cdbecf90d17180ce1dfbd95b08dcf47","name":"elli","sameAs":["https:\/\/x.com\/elli"]}]}},"_links":{"self":[{"href":"https:\/\/www.meydan.tv\/az\/wp-json\/wp\/v2\/posts\/293506","targetHints":{"allow":["GET"]}}],"collection":[{"href":"https:\/\/www.meydan.tv\/az\/wp-json\/wp\/v2\/posts"}],"about":[{"href":"https:\/\/www.meydan.tv\/az\/wp-json\/wp\/v2\/types\/post"}],"author":[{"embeddable":true,"href":"https:\/\/www.meydan.tv\/az\/wp-json\/wp\/v2\/users\/8"}],"replies":[{"embeddable":true,"href":"https:\/\/www.meydan.tv\/az\/wp-json\/wp\/v2\/comments?post=293506"}],"version-history":[{"count":3,"href":"https:\/\/www.meydan.tv\/az\/wp-json\/wp\/v2\/posts\/293506\/revisions"}],"predecessor-version":[{"id":293509,"href":"https:\/\/www.meydan.tv\/az\/wp-json\/wp\/v2\/posts\/293506\/revisions\/293509"}],"wp:featuredmedia":[{"embeddable":true,"href":"https:\/\/www.meydan.tv\/az\/wp-json\/wp\/v2\/media\/242701"}],"wp:attachment":[{"href":"https:\/\/www.meydan.tv\/az\/wp-json\/wp\/v2\/media?parent=293506"}],"wp:term":[{"taxonomy":"category","embeddable":true,"href":"https:\/\/www.meydan.tv\/az\/wp-json\/wp\/v2\/categories?post=293506"},{"taxonomy":"post_tag","embeddable":true,"href":"https:\/\/www.meydan.tv\/az\/wp-json\/wp\/v2\/tags?post=293506"}],"curies":[{"name":"wp","href":"https:\/\/api.w.org\/{rel}","templated":true}]}}