{"id":293494,"date":"2023-12-20T14:50:37","date_gmt":"2023-12-20T10:50:37","guid":{"rendered":"https:\/\/www.meydan.tv\/?p=293494"},"modified":"2023-12-20T15:09:40","modified_gmt":"2023-12-20T11:09:40","slug":"mezahir-penahov-isgaldan-azad-olunmus-erazilerde-26-menteqe-uzre-23-minden-artiq-secici-ses-vere-bilecek","status":"publish","type":"post","link":"https:\/\/www.meydan.tv\/az\/article\/mezahir-penahov-isgaldan-azad-olunmus-erazilerde-26-menteqe-uzre-23-minden-artiq-secici-ses-vere-bilecek\/","title":{"rendered":"M\u0259zahir P\u0259nahov: &#8220;Azad edilmi\u015f \u0259razil\u0259rd\u0259 23 mind\u0259n art\u0131q se\u00e7ici s\u0259s ver\u0259c\u0259k&#8221;"},"content":{"rendered":"\n<p><\/p>\n\n\n\n<p><strong><em>&#8220;H\u0259r m\u0259nt\u0259q\u0259y\u0259 800-900 se\u00e7ici d\u00fc\u015f\u00fcr&#8221;<\/em><\/strong><\/p>\n\n\n\n<p>N\u00f6vb\u0259d\u0259nk\u0259nar Prezident se\u00e7kil\u0259ri il\u0259 ba\u011fl\u0131 azad edilmi\u015f \u0259razil\u0259rd\u0259 s\u0259s ver\u0259c\u0259k se\u00e7icil\u0259rin say\u0131 a\u00e7\u0131qlan\u0131b.<\/p>\n\n\n\n<p>Bu bar\u0259d\u0259 M\u0259rk\u0259zi Se\u00e7ki Komissiyas\u0131n\u0131n (MSK) s\u0259dri M\u0259zahir P\u0259nahov jurnalistl\u0259r\u0259 a\u00e7\u0131qlamas\u0131nda deyib.<\/p>\n\n\n\n<p>MSK s\u0259dri bildirib ki, art\u0131q indiy\u0259d\u0259k azad olunmu\u015f \u0259razil\u0259rd\u0259 26 se\u00e7ki m\u0259nt\u0259q\u0259si yarad\u0131l\u0131b:<\/p>\n\n\n\n<p><em>\u201cAzad olunmu\u015f \u0259razil\u0259rd\u0259 t\u0259xmin\u0259n 23 min\u0259 yax\u0131n se\u00e7ici s\u0259s ver\u0259c\u0259k. H\u0259r m\u0259nt\u0259q\u0259y\u0259 800-900 se\u00e7ici d\u00fc\u015f\u00fcr. Bu, kifay\u0259t q\u0259d\u0259r yax\u015f\u0131 r\u0259q\u0259mdir\u201d<\/em>.<\/p>\n\n\n\n<p>2024-c\u00fc ilin fevral\u0131n 7-d\u0259 Az\u0259rbaycanda n\u00f6vb\u0259d\u0259nk\u0259nar Prezident se\u00e7kil\u0259ri ke\u00e7iril\u0259c\u0259k.<\/p>\n\n\n\n<p>\u0130lham \u018fliyev dekabr\u0131n 7-d\u0259 bununla ba\u011fl\u0131 s\u0259r\u0259ncam imzalay\u0131b.<\/p>\n\n\n\n<p>Bu g\u00fcn\u0259 q\u0259d\u0259r \u00f6lk\u0259 ba\u015f\u00e7\u0131s\u0131 <a href=\"https:\/\/storage.googleapis.com\/qurium\/www.meydan.tv\/az-article-yap-namizedini-resmen-aciqladi.html\">\u0130lham \u018fliyev<\/a>, B\u00f6y\u00fck Qurulu\u015f Partiyas\u0131n\u0131n ba\u015fqan\u0131 <a href=\"https:\/\/storage.googleapis.com\/qurium\/www.meydan.tv\/az-article-fazil-mustafa-da-prezidentliye-namized-olacaq.html\">Fazil Mustafa<\/a>, Sosial T\u0259dqiqatlar M\u0259rk\u0259zinin (STM) s\u0259dri, deputat <a href=\"https:\/\/storage.googleapis.com\/qurium\/www.meydan.tv\/az-article-zahid-oruc-da-prezidentliye-namized-olacaq.html\">Zahid Oruc<\/a>, B\u00f6y\u00fck Az\u0259rbaycan Partiyas\u0131n\u0131n s\u0259dri <a href=\"https:\/\/storage.googleapis.com\/qurium\/www.meydan.tv\/az-article-elsad-musayev-de-prezident-olmaq-isteyir.html\">El\u015fad Musayev<\/a>, B\u00fct\u00f6v Az\u0259rbaycan Xalq C\u0259bh\u0259si Partiyas\u0131n\u0131n s\u0259dri (BAXCP), deputat <a href=\"https:\/\/d9mc3ts4czbpr.cloudfront.net\/az\/article\/qudret-hesenquliyev-yene-namized-olacaq\/\">Q\u00fcdr\u0259t H\u0259s\u0259nquliyev<\/a>, Milli C\u0259bh\u0259 Partiyas\u0131n\u0131n (MCP) s\u0259dri <a href=\"https:\/\/storage.googleapis.com\/qurium\/www.meydan.tv\/az-article-razi-nurullayev-de-namizedliyini-ireli-surub.html\">Razi Nurullayev<\/a> v\u0259<a href=\"https:\/\/d9mc3ts4czbpr.cloudfront.net\/az\/article\/fealiyyetini-dayandiran-partiyanin-sedri-prezidentliye-namized-olacaq\/\"> Fuad \u018fliyev<\/a> namiz\u0259dlikl\u0259rini ir\u0259li s\u00fcr\u00fcbl\u0259r.<\/p>\n\n\n\n<p><a href=\"https:\/\/storage.googleapis.com\/qurium\/www.meydan.tv\/az-article-axcp-de-seckide-istirak-etmeyecek.html\">AXCP<\/a> v\u0259 <a href=\"https:\/\/storage.googleapis.com\/qurium\/www.meydan.tv\/az-article-musavat-novbedenkenar-seckide-istirakdan-imtina-edib.html\">M\u00fcsavat<\/a> is\u0259 se\u00e7kil\u0259ri boykot ed\u0259c\u0259kl\u0259rini a\u00e7\u0131qlay\u0131blar.<\/p>\n\n\n\n<p>\u00dcmid v\u0259 Haqq \u018fdal\u0259t partiyalar\u0131 se\u00e7kid\u0259 \u0130lham \u018fliyevi d\u0259st\u0259kl\u0259y\u0259c\u0259kl\u0259rini <a href=\"https:\/\/storage.googleapis.com\/qurium\/www.meydan.tv\/az-article-umid-ve-haqq-edalet-partiyalari-ilham-eliyevi-destekleyecek.html\">bildiribl\u0259r.<\/a><\/p>\n\n\n\n<p>Az\u0259rbaycanda sonuncu d\u0259f\u0259 Prezident se\u00e7kil\u0259ri 2018-ci il aprelin 11-d\u0259 ke\u00e7irilib.<\/p>\n\n\n\n<p>H\u0259min se\u00e7kil\u0259r d\u0259 n\u00f6vb\u0259d\u0259nk\u0259nar olub.<\/p>\n\n\n\n<p>\u0130lham \u018fliyev 20 ildir ki, Prezident v\u0259zif\u0259sini icra edir.<\/p>\n","protected":false},"excerpt":{"rendered":"<p>&#8220;H\u0259r m\u0259nt\u0259q\u0259y\u0259 800-900 se\u00e7ici d\u00fc\u015f\u00fcr&#8221; N\u00f6vb\u0259d\u0259nk\u0259nar Prezident se\u00e7kil\u0259ri il\u0259 ba\u011fl\u0131 &#8230; <\/p>\n<p class=\"read-more-container\"><a title=\"M\u0259zahir P\u0259nahov: &#8220;Azad edilmi\u015f \u0259razil\u0259rd\u0259 23 mind\u0259n art\u0131q se\u00e7ici s\u0259s ver\u0259c\u0259k&#8221;\" class=\"read-more button\" href=\"https:\/\/www.meydan.tv\/az\/article\/mezahir-penahov-isgaldan-azad-olunmus-erazilerde-26-menteqe-uzre-23-minden-artiq-secici-ses-vere-bilecek\/#more-293494\" aria-label=\"Read more about M\u0259zahir P\u0259nahov: &#8220;Azad edilmi\u015f \u0259razil\u0259rd\u0259 23 mind\u0259n art\u0131q se\u00e7ici s\u0259s ver\u0259c\u0259k&#8221;\">Davam\u0131<\/a><\/p>\n","protected":false},"author":8,"featured_media":293282,"comment_status":"closed","ping_status":"closed","sticky":false,"template":"","format":"standard","meta":{"_acf_changed":false,"_sitemap_exclude":false,"_sitemap_priority":"","_sitemap_frequency":"","footnotes":""},"categories":[129,59,56],"tags":[],"class_list":["post-293494","post","type-post","status-publish","format-standard","has-post-thumbnail","hentry","category-sechki-2024","category-siyaset","category-xeberler","infinite-scroll-item","generate-columns","tablet-grid-50","mobile-grid-100","grid-parent","grid-33","no-featured-image-padding"],"acf":[],"yoast_head":"<!-- This site is optimized with the Yoast SEO plugin v27.4 - https:\/\/yoast.com\/product\/yoast-seo-wordpress\/ -->\n<title>M\u0259zahir P\u0259nahov: &quot;Azad edilmi\u015f \u0259razil\u0259rd\u0259 23 mind\u0259n art\u0131q se\u00e7ici s\u0259s ver\u0259c\u0259k&quot; - MEYDAN.TV<\/title>\n<meta name=\"robots\" content=\"index, follow, max-snippet:-1, max-image-preview:large, max-video-preview:-1\" \/>\n<link rel=\"canonical\" href=\"https:\/\/www.meydan.tv\/az\/article\/mezahir-penahov-isgaldan-azad-olunmus-erazilerde-26-menteqe-uzre-23-minden-artiq-secici-ses-vere-bilecek\/\" \/>\n<meta property=\"og:locale\" content=\"az_AZ\" \/>\n<meta property=\"og:type\" content=\"article\" \/>\n<meta property=\"og:title\" content=\"M\u0259zahir P\u0259nahov: &quot;Azad edilmi\u015f \u0259razil\u0259rd\u0259 23 mind\u0259n art\u0131q se\u00e7ici s\u0259s ver\u0259c\u0259k&quot; - MEYDAN.TV\" \/>\n<meta property=\"og:description\" content=\"&#8220;H\u0259r m\u0259nt\u0259q\u0259y\u0259 800-900 se\u00e7ici d\u00fc\u015f\u00fcr&#8221; N\u00f6vb\u0259d\u0259nk\u0259nar Prezident se\u00e7kil\u0259ri il\u0259 ba\u011fl\u0131 ... Davam\u0131\" \/>\n<meta property=\"og:url\" content=\"https:\/\/www.meydan.tv\/az\/article\/mezahir-penahov-isgaldan-azad-olunmus-erazilerde-26-menteqe-uzre-23-minden-artiq-secici-ses-vere-bilecek\/\" \/>\n<meta property=\"og:site_name\" content=\"MEYDAN.TV\" \/>\n<meta property=\"article:published_time\" content=\"2023-12-20T10:50:37+00:00\" \/>\n<meta property=\"article:modified_time\" content=\"2023-12-20T11:09:40+00:00\" \/>\n<meta property=\"og:image\" content=\"https:\/\/www.meydan.tv\/wp-content\/uploads\/jpgl7146.jpg\" \/>\n\t<meta property=\"og:image:width\" content=\"1200\" \/>\n\t<meta property=\"og:image:height\" content=\"800\" \/>\n\t<meta property=\"og:image:type\" content=\"image\/jpeg\" \/>\n<meta name=\"author\" content=\"elli\" \/>\n<meta name=\"twitter:card\" content=\"summary_large_image\" \/>\n<meta name=\"twitter:creator\" content=\"@elli\" \/>\n<script type=\"application\/ld+json\" class=\"yoast-schema-graph\">{\"@context\":\"https:\\\/\\\/schema.org\",\"@graph\":[{\"@type\":\"Article\",\"@id\":\"https:\\\/\\\/www.meydan.tv\\\/az\\\/article\\\/mezahir-penahov-isgaldan-azad-olunmus-erazilerde-26-menteqe-uzre-23-minden-artiq-secici-ses-vere-bilecek\\\/#article\",\"isPartOf\":{\"@id\":\"https:\\\/\\\/www.meydan.tv\\\/az\\\/article\\\/mezahir-penahov-isgaldan-azad-olunmus-erazilerde-26-menteqe-uzre-23-minden-artiq-secici-ses-vere-bilecek\\\/\"},\"author\":{\"name\":\"elli\",\"@id\":\"https:\\\/\\\/www.meydan.tv\\\/az\\\/#\\\/schema\\\/person\\\/9cdbecf90d17180ce1dfbd95b08dcf47\"},\"headline\":\"M\u0259zahir P\u0259nahov: &#8220;Azad edilmi\u015f \u0259razil\u0259rd\u0259 23 mind\u0259n art\u0131q se\u00e7ici s\u0259s ver\u0259c\u0259k&#8221;\",\"datePublished\":\"2023-12-20T10:50:37+00:00\",\"dateModified\":\"2023-12-20T11:09:40+00:00\",\"mainEntityOfPage\":{\"@id\":\"https:\\\/\\\/www.meydan.tv\\\/az\\\/article\\\/mezahir-penahov-isgaldan-azad-olunmus-erazilerde-26-menteqe-uzre-23-minden-artiq-secici-ses-vere-bilecek\\\/\"},\"wordCount\":340,\"publisher\":{\"@id\":\"https:\\\/\\\/www.meydan.tv\\\/az\\\/#organization\"},\"image\":{\"@id\":\"https:\\\/\\\/www.meydan.tv\\\/az\\\/article\\\/mezahir-penahov-isgaldan-azad-olunmus-erazilerde-26-menteqe-uzre-23-minden-artiq-secici-ses-vere-bilecek\\\/#primaryimage\"},\"thumbnailUrl\":\"https:\\\/\\\/www.meydan.tv\\\/wp-content\\\/uploads\\\/jpgl7146.jpg\",\"articleSection\":[\"Se\u00e7ki 2024\",\"Siyas\u0259t\",\"X\u0259b\u0259rl\u0259r\"],\"inLanguage\":\"az\"},{\"@type\":\"WebPage\",\"@id\":\"https:\\\/\\\/www.meydan.tv\\\/az\\\/article\\\/mezahir-penahov-isgaldan-azad-olunmus-erazilerde-26-menteqe-uzre-23-minden-artiq-secici-ses-vere-bilecek\\\/\",\"url\":\"https:\\\/\\\/www.meydan.tv\\\/az\\\/article\\\/mezahir-penahov-isgaldan-azad-olunmus-erazilerde-26-menteqe-uzre-23-minden-artiq-secici-ses-vere-bilecek\\\/\",\"name\":\"M\u0259zahir P\u0259nahov: \\\"Azad edilmi\u015f \u0259razil\u0259rd\u0259 23 mind\u0259n art\u0131q se\u00e7ici s\u0259s ver\u0259c\u0259k\\\" - MEYDAN.TV\",\"isPartOf\":{\"@id\":\"https:\\\/\\\/www.meydan.tv\\\/az\\\/#website\"},\"primaryImageOfPage\":{\"@id\":\"https:\\\/\\\/www.meydan.tv\\\/az\\\/article\\\/mezahir-penahov-isgaldan-azad-olunmus-erazilerde-26-menteqe-uzre-23-minden-artiq-secici-ses-vere-bilecek\\\/#primaryimage\"},\"image\":{\"@id\":\"https:\\\/\\\/www.meydan.tv\\\/az\\\/article\\\/mezahir-penahov-isgaldan-azad-olunmus-erazilerde-26-menteqe-uzre-23-minden-artiq-secici-ses-vere-bilecek\\\/#primaryimage\"},\"thumbnailUrl\":\"https:\\\/\\\/www.meydan.tv\\\/wp-content\\\/uploads\\\/jpgl7146.jpg\",\"datePublished\":\"2023-12-20T10:50:37+00:00\",\"dateModified\":\"2023-12-20T11:09:40+00:00\",\"breadcrumb\":{\"@id\":\"https:\\\/\\\/www.meydan.tv\\\/az\\\/article\\\/mezahir-penahov-isgaldan-azad-olunmus-erazilerde-26-menteqe-uzre-23-minden-artiq-secici-ses-vere-bilecek\\\/#breadcrumb\"},\"inLanguage\":\"az\",\"potentialAction\":[{\"@type\":\"ReadAction\",\"target\":[\"https:\\\/\\\/www.meydan.tv\\\/az\\\/article\\\/mezahir-penahov-isgaldan-azad-olunmus-erazilerde-26-menteqe-uzre-23-minden-artiq-secici-ses-vere-bilecek\\\/\"]}]},{\"@type\":\"ImageObject\",\"inLanguage\":\"az\",\"@id\":\"https:\\\/\\\/www.meydan.tv\\\/az\\\/article\\\/mezahir-penahov-isgaldan-azad-olunmus-erazilerde-26-menteqe-uzre-23-minden-artiq-secici-ses-vere-bilecek\\\/#primaryimage\",\"url\":\"https:\\\/\\\/www.meydan.tv\\\/wp-content\\\/uploads\\\/jpgl7146.jpg\",\"contentUrl\":\"https:\\\/\\\/www.meydan.tv\\\/wp-content\\\/uploads\\\/jpgl7146.jpg\",\"width\":1200,\"height\":800,\"caption\":\"M\u0259rk\u0259zi Se\u00e7ki Komissiyas\u0131 (MSK). Foto: Az\u0259rtac\"},{\"@type\":\"BreadcrumbList\",\"@id\":\"https:\\\/\\\/www.meydan.tv\\\/az\\\/article\\\/mezahir-penahov-isgaldan-azad-olunmus-erazilerde-26-menteqe-uzre-23-minden-artiq-secici-ses-vere-bilecek\\\/#breadcrumb\",\"itemListElement\":[{\"@type\":\"ListItem\",\"position\":1,\"name\":\"Ana s\u0259hif\u0259\",\"item\":\"https:\\\/\\\/www.meydan.tv\\\/az\\\/\"},{\"@type\":\"ListItem\",\"position\":2,\"name\":\"Siyas\u0259t\",\"item\":\"https:\\\/\\\/www.meydan.tv\\\/az\\\/section\\\/siyaset\\\/\"},{\"@type\":\"ListItem\",\"position\":3,\"name\":\"M\u0259zahir P\u0259nahov: &#8220;Azad edilmi\u015f \u0259razil\u0259rd\u0259 23 mind\u0259n art\u0131q se\u00e7ici s\u0259s ver\u0259c\u0259k&#8221;\"}]},{\"@type\":\"WebSite\",\"@id\":\"https:\\\/\\\/www.meydan.tv\\\/az\\\/#website\",\"url\":\"https:\\\/\\\/www.meydan.tv\\\/az\\\/\",\"name\":\"MEYDAN.TV\",\"description\":\"Meydan TV Az\u0259rbaycan\u0131n media m\u0259kan\u0131ndak\u0131 alternativ s\u0259sidir\",\"publisher\":{\"@id\":\"https:\\\/\\\/www.meydan.tv\\\/az\\\/#organization\"},\"potentialAction\":[{\"@type\":\"SearchAction\",\"target\":{\"@type\":\"EntryPoint\",\"urlTemplate\":\"https:\\\/\\\/www.meydan.tv\\\/az\\\/?s={search_term_string}\"},\"query-input\":{\"@type\":\"PropertyValueSpecification\",\"valueRequired\":true,\"valueName\":\"search_term_string\"}}],\"inLanguage\":\"az\"},{\"@type\":\"Organization\",\"@id\":\"https:\\\/\\\/www.meydan.tv\\\/az\\\/#organization\",\"name\":\"Meydan TV\",\"url\":\"https:\\\/\\\/www.meydan.tv\\\/az\\\/\",\"logo\":{\"@type\":\"ImageObject\",\"inLanguage\":\"az\",\"@id\":\"https:\\\/\\\/www.meydan.tv\\\/az\\\/#\\\/schema\\\/logo\\\/image\\\/\",\"url\":\"https:\\\/\\\/www.meydan.tv\\\/wp-content\\\/uploads\\\/2021\\\/07\\\/meydan-logo.svg\",\"contentUrl\":\"https:\\\/\\\/www.meydan.tv\\\/wp-content\\\/uploads\\\/2021\\\/07\\\/meydan-logo.svg\",\"width\":195,\"height\":46,\"caption\":\"Meydan TV\"},\"image\":{\"@id\":\"https:\\\/\\\/www.meydan.tv\\\/az\\\/#\\\/schema\\\/logo\\\/image\\\/\"}},{\"@type\":\"Person\",\"@id\":\"https:\\\/\\\/www.meydan.tv\\\/az\\\/#\\\/schema\\\/person\\\/9cdbecf90d17180ce1dfbd95b08dcf47\",\"name\":\"elli\",\"sameAs\":[\"https:\\\/\\\/x.com\\\/elli\"]}]}<\/script>\n<!-- \/ Yoast SEO plugin. -->","yoast_head_json":{"title":"M\u0259zahir P\u0259nahov: \"Azad edilmi\u015f \u0259razil\u0259rd\u0259 23 mind\u0259n art\u0131q se\u00e7ici s\u0259s ver\u0259c\u0259k\" - MEYDAN.TV","robots":{"index":"index","follow":"follow","max-snippet":"max-snippet:-1","max-image-preview":"max-image-preview:large","max-video-preview":"max-video-preview:-1"},"canonical":"https:\/\/www.meydan.tv\/az\/article\/mezahir-penahov-isgaldan-azad-olunmus-erazilerde-26-menteqe-uzre-23-minden-artiq-secici-ses-vere-bilecek\/","og_locale":"az_AZ","og_type":"article","og_title":"M\u0259zahir P\u0259nahov: \"Azad edilmi\u015f \u0259razil\u0259rd\u0259 23 mind\u0259n art\u0131q se\u00e7ici s\u0259s ver\u0259c\u0259k\" - MEYDAN.TV","og_description":"&#8220;H\u0259r m\u0259nt\u0259q\u0259y\u0259 800-900 se\u00e7ici d\u00fc\u015f\u00fcr&#8221; N\u00f6vb\u0259d\u0259nk\u0259nar Prezident se\u00e7kil\u0259ri il\u0259 ba\u011fl\u0131 ... Davam\u0131","og_url":"https:\/\/www.meydan.tv\/az\/article\/mezahir-penahov-isgaldan-azad-olunmus-erazilerde-26-menteqe-uzre-23-minden-artiq-secici-ses-vere-bilecek\/","og_site_name":"MEYDAN.TV","article_published_time":"2023-12-20T10:50:37+00:00","article_modified_time":"2023-12-20T11:09:40+00:00","og_image":[{"width":1200,"height":800,"url":"https:\/\/www.meydan.tv\/wp-content\/uploads\/jpgl7146.jpg","type":"image\/jpeg"}],"author":"elli","twitter_card":"summary_large_image","twitter_creator":"@elli","schema":{"@context":"https:\/\/schema.org","@graph":[{"@type":"Article","@id":"https:\/\/www.meydan.tv\/az\/article\/mezahir-penahov-isgaldan-azad-olunmus-erazilerde-26-menteqe-uzre-23-minden-artiq-secici-ses-vere-bilecek\/#article","isPartOf":{"@id":"https:\/\/www.meydan.tv\/az\/article\/mezahir-penahov-isgaldan-azad-olunmus-erazilerde-26-menteqe-uzre-23-minden-artiq-secici-ses-vere-bilecek\/"},"author":{"name":"elli","@id":"https:\/\/www.meydan.tv\/az\/#\/schema\/person\/9cdbecf90d17180ce1dfbd95b08dcf47"},"headline":"M\u0259zahir P\u0259nahov: &#8220;Azad edilmi\u015f \u0259razil\u0259rd\u0259 23 mind\u0259n art\u0131q se\u00e7ici s\u0259s ver\u0259c\u0259k&#8221;","datePublished":"2023-12-20T10:50:37+00:00","dateModified":"2023-12-20T11:09:40+00:00","mainEntityOfPage":{"@id":"https:\/\/www.meydan.tv\/az\/article\/mezahir-penahov-isgaldan-azad-olunmus-erazilerde-26-menteqe-uzre-23-minden-artiq-secici-ses-vere-bilecek\/"},"wordCount":340,"publisher":{"@id":"https:\/\/www.meydan.tv\/az\/#organization"},"image":{"@id":"https:\/\/www.meydan.tv\/az\/article\/mezahir-penahov-isgaldan-azad-olunmus-erazilerde-26-menteqe-uzre-23-minden-artiq-secici-ses-vere-bilecek\/#primaryimage"},"thumbnailUrl":"https:\/\/www.meydan.tv\/wp-content\/uploads\/jpgl7146.jpg","articleSection":["Se\u00e7ki 2024","Siyas\u0259t","X\u0259b\u0259rl\u0259r"],"inLanguage":"az"},{"@type":"WebPage","@id":"https:\/\/www.meydan.tv\/az\/article\/mezahir-penahov-isgaldan-azad-olunmus-erazilerde-26-menteqe-uzre-23-minden-artiq-secici-ses-vere-bilecek\/","url":"https:\/\/www.meydan.tv\/az\/article\/mezahir-penahov-isgaldan-azad-olunmus-erazilerde-26-menteqe-uzre-23-minden-artiq-secici-ses-vere-bilecek\/","name":"M\u0259zahir P\u0259nahov: \"Azad edilmi\u015f \u0259razil\u0259rd\u0259 23 mind\u0259n art\u0131q se\u00e7ici s\u0259s ver\u0259c\u0259k\" - MEYDAN.TV","isPartOf":{"@id":"https:\/\/www.meydan.tv\/az\/#website"},"primaryImageOfPage":{"@id":"https:\/\/www.meydan.tv\/az\/article\/mezahir-penahov-isgaldan-azad-olunmus-erazilerde-26-menteqe-uzre-23-minden-artiq-secici-ses-vere-bilecek\/#primaryimage"},"image":{"@id":"https:\/\/www.meydan.tv\/az\/article\/mezahir-penahov-isgaldan-azad-olunmus-erazilerde-26-menteqe-uzre-23-minden-artiq-secici-ses-vere-bilecek\/#primaryimage"},"thumbnailUrl":"https:\/\/www.meydan.tv\/wp-content\/uploads\/jpgl7146.jpg","datePublished":"2023-12-20T10:50:37+00:00","dateModified":"2023-12-20T11:09:40+00:00","breadcrumb":{"@id":"https:\/\/www.meydan.tv\/az\/article\/mezahir-penahov-isgaldan-azad-olunmus-erazilerde-26-menteqe-uzre-23-minden-artiq-secici-ses-vere-bilecek\/#breadcrumb"},"inLanguage":"az","potentialAction":[{"@type":"ReadAction","target":["https:\/\/www.meydan.tv\/az\/article\/mezahir-penahov-isgaldan-azad-olunmus-erazilerde-26-menteqe-uzre-23-minden-artiq-secici-ses-vere-bilecek\/"]}]},{"@type":"ImageObject","inLanguage":"az","@id":"https:\/\/www.meydan.tv\/az\/article\/mezahir-penahov-isgaldan-azad-olunmus-erazilerde-26-menteqe-uzre-23-minden-artiq-secici-ses-vere-bilecek\/#primaryimage","url":"https:\/\/www.meydan.tv\/wp-content\/uploads\/jpgl7146.jpg","contentUrl":"https:\/\/www.meydan.tv\/wp-content\/uploads\/jpgl7146.jpg","width":1200,"height":800,"caption":"M\u0259rk\u0259zi Se\u00e7ki Komissiyas\u0131 (MSK). Foto: Az\u0259rtac"},{"@type":"BreadcrumbList","@id":"https:\/\/www.meydan.tv\/az\/article\/mezahir-penahov-isgaldan-azad-olunmus-erazilerde-26-menteqe-uzre-23-minden-artiq-secici-ses-vere-bilecek\/#breadcrumb","itemListElement":[{"@type":"ListItem","position":1,"name":"Ana s\u0259hif\u0259","item":"https:\/\/www.meydan.tv\/az\/"},{"@type":"ListItem","position":2,"name":"Siyas\u0259t","item":"https:\/\/www.meydan.tv\/az\/section\/siyaset\/"},{"@type":"ListItem","position":3,"name":"M\u0259zahir P\u0259nahov: &#8220;Azad edilmi\u015f \u0259razil\u0259rd\u0259 23 mind\u0259n art\u0131q se\u00e7ici s\u0259s ver\u0259c\u0259k&#8221;"}]},{"@type":"WebSite","@id":"https:\/\/www.meydan.tv\/az\/#website","url":"https:\/\/www.meydan.tv\/az\/","name":"MEYDAN.TV","description":"Meydan TV Az\u0259rbaycan\u0131n media m\u0259kan\u0131ndak\u0131 alternativ s\u0259sidir","publisher":{"@id":"https:\/\/www.meydan.tv\/az\/#organization"},"potentialAction":[{"@type":"SearchAction","target":{"@type":"EntryPoint","urlTemplate":"https:\/\/www.meydan.tv\/az\/?s={search_term_string}"},"query-input":{"@type":"PropertyValueSpecification","valueRequired":true,"valueName":"search_term_string"}}],"inLanguage":"az"},{"@type":"Organization","@id":"https:\/\/www.meydan.tv\/az\/#organization","name":"Meydan TV","url":"https:\/\/www.meydan.tv\/az\/","logo":{"@type":"ImageObject","inLanguage":"az","@id":"https:\/\/www.meydan.tv\/az\/#\/schema\/logo\/image\/","url":"https:\/\/www.meydan.tv\/wp-content\/uploads\/2021\/07\/meydan-logo.svg","contentUrl":"https:\/\/www.meydan.tv\/wp-content\/uploads\/2021\/07\/meydan-logo.svg","width":195,"height":46,"caption":"Meydan TV"},"image":{"@id":"https:\/\/www.meydan.tv\/az\/#\/schema\/logo\/image\/"}},{"@type":"Person","@id":"https:\/\/www.meydan.tv\/az\/#\/schema\/person\/9cdbecf90d17180ce1dfbd95b08dcf47","name":"elli","sameAs":["https:\/\/x.com\/elli"]}]}},"_links":{"self":[{"href":"https:\/\/www.meydan.tv\/az\/wp-json\/wp\/v2\/posts\/293494","targetHints":{"allow":["GET"]}}],"collection":[{"href":"https:\/\/www.meydan.tv\/az\/wp-json\/wp\/v2\/posts"}],"about":[{"href":"https:\/\/www.meydan.tv\/az\/wp-json\/wp\/v2\/types\/post"}],"author":[{"embeddable":true,"href":"https:\/\/www.meydan.tv\/az\/wp-json\/wp\/v2\/users\/8"}],"replies":[{"embeddable":true,"href":"https:\/\/www.meydan.tv\/az\/wp-json\/wp\/v2\/comments?post=293494"}],"version-history":[{"count":5,"href":"https:\/\/www.meydan.tv\/az\/wp-json\/wp\/v2\/posts\/293494\/revisions"}],"predecessor-version":[{"id":293502,"href":"https:\/\/www.meydan.tv\/az\/wp-json\/wp\/v2\/posts\/293494\/revisions\/293502"}],"wp:featuredmedia":[{"embeddable":true,"href":"https:\/\/www.meydan.tv\/az\/wp-json\/wp\/v2\/media\/293282"}],"wp:attachment":[{"href":"https:\/\/www.meydan.tv\/az\/wp-json\/wp\/v2\/media?parent=293494"}],"wp:term":[{"taxonomy":"category","embeddable":true,"href":"https:\/\/www.meydan.tv\/az\/wp-json\/wp\/v2\/categories?post=293494"},{"taxonomy":"post_tag","embeddable":true,"href":"https:\/\/www.meydan.tv\/az\/wp-json\/wp\/v2\/tags?post=293494"}],"curies":[{"name":"wp","href":"https:\/\/api.w.org\/{rel}","templated":true}]}}