{"id":293488,"date":"2023-12-20T13:59:00","date_gmt":"2023-12-20T09:59:00","guid":{"rendered":"https:\/\/www.meydan.tv\/?p=293488"},"modified":"2023-12-20T13:59:06","modified_gmt":"2023-12-20T09:59:06","slug":"din-teleb-etdi-mehkeme-kanal-13-un-bloklanmasina-qerar-verdi","status":"publish","type":"post","link":"https:\/\/www.meydan.tv\/az\/article\/din-teleb-etdi-mehkeme-kanal-13-un-bloklanmasina-qerar-verdi\/","title":{"rendered":"D\u0130N t\u0259l\u0259b etdi, m\u0259hk\u0259m\u0259 \u201cKanal 13\u201d-\u00fcn bloklanmas\u0131na q\u0259rar verdi"},"content":{"rendered":"\n<p><\/p>\n\n\n\n<p><strong><em>B\u0259hruz Bayramov apelyasiya \u015fikay\u0259ti ver\u0259c\u0259kl\u0259rini deyir<\/em><\/strong><\/p>\n\n\n\n<p>\u201cKanal 13\u201d internet televiziyas\u0131n\u0131n t\u0259sis\u00e7isi v\u0259 ba\u015f redaktoru \u018fziz Orucovun h\u0259bsind\u0259n sonra Daxili \u0130\u015fl\u0259r Nazirliyi onun r\u0259hb\u0259rlik etdiyi media orqan\u0131na giri\u015fin bloklanmas\u0131 m\u0259s\u0259l\u0259sini qald\u0131r\u0131b. Bu m\u0259qs\u0259dl\u0259 d\u0259 dekabr\u0131n 1-d\u0259 R\u0259q\u0259msal \u0130nki\u015faf v\u0259 N\u0259qliyyat Nazirliyin\u0259 m\u0259ktub g\u00f6nd\u0259rib.<\/p>\n\n\n\n<p>Meydan TV-nin \u0259ld\u0259 etdiyi m\u0259lumata g\u00f6r\u0259, m\u0259ktubda yaz\u0131l\u0131b ki, S\u0259bail Rayon Polis \u0130dar\u0259sind\u0259 istintaq\u0131 ged\u0259n cinay\u0259t i\u015fi \u00fczr\u0259 \u018fziz Orucov t\u0259qsirl\u0259ndiril\u0259n \u015f\u0259xsdir v\u0259 onun r\u0259hb\u0259rlik etdiyi internet resursunun bloklanmas\u0131 z\u0259ruridir. D\u0130N bu t\u0259l\u0259bi \u0259sasland\u0131rark\u0259n g\u00f6st\u0259rib ki, bu media orqan\u0131 Media Reyestrin\u0259 daxil edilm\u0259yib. \u0130ddia olunub ki, \u201cKanal 13\u201dd\u0259 m\u00fct\u0259madi \u201cK\u00fctl\u0259vi \u0130nformasiya vasit\u0259l\u0259ri haqq\u0131nda\u201d v\u0259 \u201cMedia haqq\u0131nda\u201d qanunlar\u0131n t\u0259l\u0259bl\u0259ri pozulub, m\u0259murlar haqq\u0131nda h\u0259qiq\u0259t\u0259 uy\u011fun olmayan, onlar\u0131 n\u00fcfuzdan salan, \u015f\u0259xsi h\u0259yatla\u0131na aid materiallar yay\u0131l\u0131b:<\/p>\n\n\n\n<p><em>\u201cN\u0259tic\u0259d\u0259 h\u0259min x\u0259b\u0259r portal\u0131n\u0131n f\u0259aliyy\u0259ti insanlar aras\u0131nda m\u0259tbuata v\u0259 jurnalist pe\u015f\u0259sin\u0259 qar\u015f\u0131 inams\u0131zl\u0131q yarad\u0131b. Uzun m\u00fcdd\u0259t v\u0259t\u0259nda\u015f c\u0259miyy\u0259tini d\u0259qiq v\u0259 q\u0259r\u0259zsiz informasiya il\u0259 t\u0259min etm\u0259k qabiliyy\u0259tin\u0259 m\u0259nfi t\u0259sir g\u00f6st\u0259rib&#8230;\u201d.<\/em><\/p>\n\n\n\n<p>R\u0259q\u0259msal \u0130nki\u015faf v\u0259 N\u0259qliyyat Nazirliyi d\u0259 bu m\u0259ktub \u0259sas\u0131nda \u201cKanal 13\u201d\u00fcn bloklanmas\u0131 t\u0259l\u0259biyl\u0259 m\u0259hk\u0259m\u0259d\u0259 iddia qald\u0131r\u0131b. \u0130ddiaya S\u0259bail Rayon M\u0259hk\u0259m\u0259sind\u0259 bax\u0131l\u0131b.<\/p>\n\n\n<div class=\"wp-block-image\">\n<figure class=\"aligncenter size-large\"><img decoding=\"async\" width=\"1200\" height=\"675\" data-src=\"https:\/\/www.meydan.tv\/wp-content\/uploads\/screenshot_2020-11-17-09-14-32-1200x675.png\" alt=\"\" class=\"wp-image-246574 lazyload\" src=\"data:image\/svg+xml;base64,PHN2ZyB3aWR0aD0iMSIgaGVpZ2h0PSIxIiB4bWxucz0iaHR0cDovL3d3dy53My5vcmcvMjAwMC9zdmciPjwvc3ZnPg==\" style=\"--smush-placeholder-width: 1200px; --smush-placeholder-aspect-ratio: 1200\/675;\" \/><figcaption class=\"wp-element-caption\">S\u0259bail Rayon M\u0259hk\u0259m\u0259si.\n\nM\u0259nb\u0259: Meydan TV<\/figcaption><\/figure>\n<\/div>\n\n\n<p>Meydan TV-nin m\u0259lumat\u0131na g\u00f6r\u0259, bu m\u0259s\u0259l\u0259 il\u0259 ba\u011fl\u0131 yaln\u0131z bir iclas ke\u00e7irilib. Dekabr\u0131n 11-d\u0259 ke\u00e7iril\u0259n h\u0259min iclasda da yaln\u0131z R\u0259q\u0259msal \u0130nki\u015faf v\u0259 N\u0259qliyyat Nazirliyinin n\u00fcmay\u0259nd\u0259si i\u015ftirak edib. Bloklanmas\u0131 t\u0259l\u0259b edil\u0259n media orqan\u0131 bu i\u015fd\u0259 maraql\u0131 t\u0259r\u0259f olsa da, m\u0259hk\u0259m\u0259 prosesi \u018fziz Orucovun \u00f6z\u00fc v\u0259 ya \u201cKanal 13\u201d\u00fcn ba\u015fqa bir n\u00fcmay\u0259nd\u0259sinin i\u015ftirak\u0131 olmadan ke\u00e7irilib. Bir ne\u00e7\u0259 d\u0259qiq\u0259lik m\u0259hk\u0259m\u0259 prosesinin sonunda da hakim \u0130lkin R\u00fcst\u0259mli iddian\u0131 t\u0259min edib v\u0259 bloklanma q\u0259rar\u0131 verib.<\/p>\n\n\n\n<p>\u018fziz Orucovun v\u0259kili B\u0259hruz Bayramov Meydan TV-y\u0259 bildirib ki, n\u0259 nazirliyin iddias\u0131, n\u0259 d\u0259 m\u0259hk\u0259m\u0259 prosesinin ke\u00e7irilm\u0259si bar\u0259d\u0259 onlara m\u0259lumat verilib:<\/p>\n\n\n\n<p>\u201c<em>Biz\u0259 he\u00e7 bir m\u0259lumat verilm\u0259yib. Halbuki, verilm\u0259liydi v\u0259 biz i\u015ftirak edib, \u00f6z m\u00f6vqeyimizi bildirm\u0259liydik. Maraqlar\u0131na toxunulan fiziki v\u0259 ya h\u00fcquqi \u015f\u0259xsin m\u0259hk\u0259m\u0259d\u0259 i\u015ftirak\u0131 t\u0259min olunmal\u0131yd\u0131. Y\u0259qin ki, dey\u0259c\u0259kl\u0259r \u201cx\u0259b\u0259r vermi\u015fdik\u201d. Nec\u0259 x\u0259b\u0259r verilmi\u015fdi, s\u00fcbut olmal\u0131d\u0131r\u201d.<\/em><\/p>\n\n\n<div class=\"wp-block-image\">\n<figure class=\"alignleft size-full is-resized\"><img decoding=\"async\" width=\"650\" height=\"366\" data-src=\"https:\/\/www.meydan.tv\/wp-content\/uploads\/44353.jpg\" alt=\"B\u0259hruz Bayramov\" class=\"wp-image-111476 lazyload\" style=\"--smush-placeholder-width: 650px; --smush-placeholder-aspect-ratio: 650\/366;width:423px;height:auto\" src=\"data:image\/svg+xml;base64,PHN2ZyB3aWR0aD0iMSIgaGVpZ2h0PSIxIiB4bWxucz0iaHR0cDovL3d3dy53My5vcmcvMjAwMC9zdmciPjwvc3ZnPg==\" \/><figcaption class=\"wp-element-caption\">Foto: B\u0259hruz Bayramovun \u015f\u0259xsi arxivind\u0259n <\/figcaption><\/figure>\n<\/div>\n\n\n<p>B\u0259hruz Bayramov \u0259lav\u0259 edib ki, q\u0259rardan apelyasiya \u015fikay\u0259ti ver\u0259c\u0259k.<\/p>\n\n\n\n<p>\u018fziz Orucov noyabr\u0131n 27-d\u0259 saxlan\u0131l\u0131b, ert\u0259si g\u00fcn S\u0259bail Rayon M\u0259hk\u0259m\u0259sind\u0259 onun bar\u0259sind\u0259 ilkin istintaq d\u00f6vr\u00fc \u00fc\u00e7\u00fcn 3 ayl\u0131q h\u0259bs q\u0259timkan t\u0259dbiri se\u00e7ilib. Onun evind\u0259 v\u0259 kanal\u0131n ofisind\u0259 axtar\u0131\u015f apar\u0131l\u0131b.<\/p>\n\n\n\n<p>\u201cKanal 13\u201d r\u0259hb\u0259rin\u0259 qar\u015f\u0131 Cinay\u0259t M\u0259c\u0259ll\u0259sinin 188.2 (M\u00fclkiyy\u0259t, istifad\u0259 v\u0259 ya icar\u0259 h\u00fcququ olmadan torpaq sah\u0259si \u00fcz\u0259rind\u0259 \u00f6zba\u015f\u0131na tikinti v\u0259 ya qura\u015fd\u0131rma i\u015fl\u0259ri aparma) madd\u0259sil\u0259 ittiham ir\u0259li s\u00fcr\u00fcl\u00fcb.<\/p>\n\n\n\n<p>\u0130ttihamda g\u00f6st\u0259rilib ki, o, S\u0259bail rayonu \u0259razisind\u0259 tikinti \u00fc\u00e7\u00fcn d\u00f6vl\u0259t orqanlar\u0131n\u0131n icaz\u0259si olmadan ev in\u015fa etdirib.<\/p>\n\n\n\n<p>Dekabr\u0131n 19-da \u018fziz Orucova Cinay\u0259t M\u0259c\u0259ll\u0259sinin 206.3.2 (qa\u00e7aqmal\u00e7\u0131l\u0131q &#8211; qabaqcadan \u0259lbir olan bir qrup \u015f\u0259xs t\u0259r\u0259find\u0259n t\u00f6r\u0259dildikd\u0259) madd\u0259sil\u0259 \u0259lav\u0259 ittiham verilib.<\/p>\n\n\n\n<p>Haz\u0131rda onun ittiham olundu\u011fu madd\u0259l\u0259rd\u0259 8 il\u0259 q\u0259d\u0259r azadl\u0131qdan m\u0259hrumetm\u0259 c\u0259zas\u0131 n\u0259z\u0259rd\u0259 tutulub.<\/p>\n\n\n\n<p>\u018fziz Orucov is\u0259 bu ittihamlar\u0131n absurd oldu\u011funu bildirib, h\u0259bsini r\u0259hb\u0259rlik etdiyi kanal\u0131n f\u0259aliyy\u0259til\u0259 \u0259laq\u0259l\u0259ndirib. O vur\u011fulay\u0131b ki, jurnalist f\u0259aliyy\u0259tin\u0259 g\u00f6r\u0259 c\u0259zaland\u0131r\u0131l\u0131b.<\/p>\n\n\n<div class=\"wp-block-image\">\n<figure class=\"alignright size-large is-resized\"><img decoding=\"async\" width=\"1200\" height=\"514\" data-src=\"https:\/\/www.meydan.tv\/wp-content\/uploads\/img_0647-scaled-e1702980164171-1200x514.jpg\" alt=\"\u018fziz Orucov, foto: Meydan Tv\" class=\"wp-image-291585 lazyload\" style=\"--smush-placeholder-width: 1200px; --smush-placeholder-aspect-ratio: 1200\/514;width:432px;height:auto\" src=\"data:image\/svg+xml;base64,PHN2ZyB3aWR0aD0iMSIgaGVpZ2h0PSIxIiB4bWxucz0iaHR0cDovL3d3dy53My5vcmcvMjAwMC9zdmciPjwvc3ZnPg==\" \/><figcaption class=\"wp-element-caption\">\u018fziz Orucov, foto: Meydan Tv<\/figcaption><\/figure>\n<\/div>\n\n\n<p>El\u0259 v\u0259kili d\u0259 bu ittiham\u0131 \u0259sass\u0131z say\u0131r. Deyir ki, Bak\u0131da v\u0259 Ab\u015feron yar\u0131madas\u0131nda t\u0259xmin\u0259n 500 min, \u018fziz Orucovun ev tikdiyi \u0259razid\u0259 2000-\u0259 yax\u0131n tikili var. H\u0259min evl\u0259rin d\u0259 icaz\u0259 s\u0259n\u0259dl\u0259ri yoxdur.<\/p>\n\n\n\n<p><em>\u201cO zaman h\u0259min evl\u0259rd\u0259 ya\u015fayan y\u00fczminl\u0259rl\u0259 adam h\u0259bs olunmal\u0131d\u0131r? 1 il 7 ay \u0259rzind\u0259 tikinti ged\u0259n vaxtda b\u0259l\u0259diyy\u0259, d\u00f6vl\u0259t orqanlar\u0131 hara bax\u0131rd\u0131?\u201d.<\/em><\/p>\n\n\n\n<p>Son bir ay \u0259rzind\u0259 Az\u0259rbaycanda \u00e7oxsayl\u0131 jurnalistl\u0259r h\u0259bs olunub. Onlar\u0131n aras\u0131nda korrupsiya ara\u015fd\u0131rmalar\u0131yla tan\u0131nan \u201cAbzasMedia\u201d n\u0259\u015frinin direktoru \u00dclvi H\u0259s\u0259nli v\u0259 ba\u015f redaktoru Sevinc Vaqifq\u0131z\u0131, sayt\u0131n layih\u0259 r\u0259hb\u0259ri M\u0259h\u0259mm\u0259d Kekalov, ara\u015fd\u0131rma\u00e7\u0131 jurnalist Hafiz Babal\u0131, jurnalist N\u0259rgiz Absalamova, bir s\u0131ra internet televiziyalar\u0131n\u0131n \u0259m\u0259kda\u015f\u0131 olan reportyor Teymur K\u0259rimov, \u201cKanal 13\u201d\u00fcn apar\u0131c\u0131s\u0131 R\u00fcf\u0259t Muradl\u0131 da var. Jurnalistl\u0259rl\u0259 yana\u015f\u0131, Milli \u015euran\u0131n v\u0259 M\u00fcsavat partiyas\u0131n\u0131n \u00fczv\u00fc Tofiq Yaqublu, ictimai f\u0259al M\u00f6hy\u0259ddin Orucov da son bir h\u0259ft\u0259 \u0259rzind\u0259 h\u0259bs olunanlardand\u0131r.<\/p>\n\n\n\n<p>Az\u0259rbaycanda 2017-ci ild\u0259 \u201c\u0130nformasiya, informasiyala\u015fd\u0131rma v\u0259 informasiyan\u0131n m\u00fchafiz\u0259si haqq\u0131nda\u201d qanunun q\u0259bulundan d\u0259rhal sonra \u00f6lk\u0259d\u0259 t\u0259nqid\u00e7i media orqanlar\u0131n\u0131n internet resurslar\u0131n\u0131n bloklanmas\u0131na ba\u015flan\u0131l\u0131b. H\u0259min media orqanlar\u0131nda \u201cyay\u0131lmas\u0131 qada\u011fan edil\u0259n m\u0259lumatlar\u0131n yay\u0131mland\u0131\u011f\u0131n\u0131\u201d iddia ed\u0259r\u0259k, m\u0259hk\u0259m\u0259y\u0259 m\u00fcraci\u0259t olunub. M\u0259hk\u0259m\u0259l\u0259r d\u0259 bu iddialar\u0131 t\u0259min edib.<\/p>\n\n\n\n<p>2017-ci ild\u0259 Az\u0259rbaycanda bloklanan ilk 5 sayt Meydan TV, \u201cAzadl\u0131q\u201d q\u0259zeti, Azadl\u0131q radiosu, Turan TV v\u0259 \u201cAz\u0259rbaycan saat\u0131\u201d olub.<\/p>\n\n\n\n<p>Saytlar\u0131n bloklanmas\u0131 bar\u0259d\u0259 yerli m\u0259hk\u0259m\u0259l\u0259rin verdiyi q\u0259rarlardan Avropa M\u0259hk\u0259m\u0259sin\u0259 \u015fikay\u0259t edilib. H\u0259min \u015fikay\u0259tl\u0259r haz\u0131rda Avropa M\u0259hk\u0259m\u0259sind\u0259 ara\u015fd\u0131r\u0131l\u0131r.<\/p>\n","protected":false},"excerpt":{"rendered":"<p>B\u0259hruz Bayramov apelyasiya \u015fikay\u0259ti ver\u0259c\u0259kl\u0259rini deyir \u201cKanal 13\u201d internet televiziyas\u0131n\u0131n &#8230; <\/p>\n<p class=\"read-more-container\"><a title=\"D\u0130N t\u0259l\u0259b etdi, m\u0259hk\u0259m\u0259 \u201cKanal 13\u201d-\u00fcn bloklanmas\u0131na q\u0259rar verdi\" class=\"read-more button\" href=\"https:\/\/www.meydan.tv\/az\/article\/din-teleb-etdi-mehkeme-kanal-13-un-bloklanmasina-qerar-verdi\/#more-293488\" aria-label=\"Read more about D\u0130N t\u0259l\u0259b etdi, m\u0259hk\u0259m\u0259 \u201cKanal 13\u201d-\u00fcn bloklanmas\u0131na q\u0259rar verdi\">Davam\u0131<\/a><\/p>\n","protected":false},"author":8,"featured_media":238602,"comment_status":"closed","ping_status":"closed","sticky":false,"template":"","format":"standard","meta":{"_acf_changed":false,"_sitemap_exclude":false,"_sitemap_priority":"","_sitemap_frequency":"","footnotes":""},"categories":[59,79,56],"tags":[],"class_list":["post-293488","post","type-post","status-publish","format-standard","has-post-thumbnail","hentry","category-siyaset","category-featured","category-xeberler","infinite-scroll-item","generate-columns","tablet-grid-50","mobile-grid-100","grid-parent","grid-33","no-featured-image-padding"],"acf":[],"yoast_head":"<!-- This site is optimized with the Yoast SEO plugin v27.4 - https:\/\/yoast.com\/product\/yoast-seo-wordpress\/ -->\n<title>D\u0130N t\u0259l\u0259b etdi, m\u0259hk\u0259m\u0259 \u201cKanal 13\u201d-\u00fcn bloklanmas\u0131na q\u0259rar verdi - MEYDAN.TV<\/title>\n<meta name=\"robots\" content=\"index, follow, max-snippet:-1, max-image-preview:large, max-video-preview:-1\" \/>\n<link rel=\"canonical\" href=\"https:\/\/www.meydan.tv\/az\/article\/din-teleb-etdi-mehkeme-kanal-13-un-bloklanmasina-qerar-verdi\/\" \/>\n<meta property=\"og:locale\" content=\"az_AZ\" \/>\n<meta property=\"og:type\" content=\"article\" \/>\n<meta property=\"og:title\" content=\"D\u0130N t\u0259l\u0259b etdi, m\u0259hk\u0259m\u0259 \u201cKanal 13\u201d-\u00fcn bloklanmas\u0131na q\u0259rar verdi - MEYDAN.TV\" \/>\n<meta property=\"og:description\" content=\"B\u0259hruz Bayramov apelyasiya \u015fikay\u0259ti ver\u0259c\u0259kl\u0259rini deyir \u201cKanal 13\u201d internet televiziyas\u0131n\u0131n ... Davam\u0131\" \/>\n<meta property=\"og:url\" content=\"https:\/\/www.meydan.tv\/az\/article\/din-teleb-etdi-mehkeme-kanal-13-un-bloklanmasina-qerar-verdi\/\" \/>\n<meta property=\"og:site_name\" content=\"MEYDAN.TV\" \/>\n<meta property=\"article:published_time\" content=\"2023-12-20T09:59:00+00:00\" \/>\n<meta property=\"article:modified_time\" content=\"2023-12-20T09:59:06+00:00\" \/>\n<meta property=\"og:image\" content=\"https:\/\/www.meydan.tv\/wp-content\/uploads\/blok-1.png\" \/>\n\t<meta property=\"og:image:width\" content=\"1614\" \/>\n\t<meta property=\"og:image:height\" content=\"900\" \/>\n\t<meta property=\"og:image:type\" content=\"image\/png\" \/>\n<meta name=\"author\" content=\"elli\" \/>\n<meta name=\"twitter:card\" content=\"summary_large_image\" \/>\n<meta name=\"twitter:creator\" content=\"@elli\" \/>\n<script type=\"application\/ld+json\" class=\"yoast-schema-graph\">{\"@context\":\"https:\\\/\\\/schema.org\",\"@graph\":[{\"@type\":\"Article\",\"@id\":\"https:\\\/\\\/www.meydan.tv\\\/az\\\/article\\\/din-teleb-etdi-mehkeme-kanal-13-un-bloklanmasina-qerar-verdi\\\/#article\",\"isPartOf\":{\"@id\":\"https:\\\/\\\/www.meydan.tv\\\/az\\\/article\\\/din-teleb-etdi-mehkeme-kanal-13-un-bloklanmasina-qerar-verdi\\\/\"},\"author\":{\"name\":\"elli\",\"@id\":\"https:\\\/\\\/www.meydan.tv\\\/az\\\/#\\\/schema\\\/person\\\/9cdbecf90d17180ce1dfbd95b08dcf47\"},\"headline\":\"D\u0130N t\u0259l\u0259b etdi, m\u0259hk\u0259m\u0259 \u201cKanal 13\u201d-\u00fcn bloklanmas\u0131na q\u0259rar verdi\",\"datePublished\":\"2023-12-20T09:59:00+00:00\",\"dateModified\":\"2023-12-20T09:59:06+00:00\",\"mainEntityOfPage\":{\"@id\":\"https:\\\/\\\/www.meydan.tv\\\/az\\\/article\\\/din-teleb-etdi-mehkeme-kanal-13-un-bloklanmasina-qerar-verdi\\\/\"},\"wordCount\":1101,\"publisher\":{\"@id\":\"https:\\\/\\\/www.meydan.tv\\\/az\\\/#organization\"},\"image\":{\"@id\":\"https:\\\/\\\/www.meydan.tv\\\/az\\\/article\\\/din-teleb-etdi-mehkeme-kanal-13-un-bloklanmasina-qerar-verdi\\\/#primaryimage\"},\"thumbnailUrl\":\"https:\\\/\\\/www.meydan.tv\\\/wp-content\\\/uploads\\\/blok-1.png\",\"articleSection\":[\"Siyas\u0259t\",\"T\u00f6vsiy\u0259\",\"X\u0259b\u0259rl\u0259r\"],\"inLanguage\":\"az\"},{\"@type\":\"WebPage\",\"@id\":\"https:\\\/\\\/www.meydan.tv\\\/az\\\/article\\\/din-teleb-etdi-mehkeme-kanal-13-un-bloklanmasina-qerar-verdi\\\/\",\"url\":\"https:\\\/\\\/www.meydan.tv\\\/az\\\/article\\\/din-teleb-etdi-mehkeme-kanal-13-un-bloklanmasina-qerar-verdi\\\/\",\"name\":\"D\u0130N t\u0259l\u0259b etdi, m\u0259hk\u0259m\u0259 \u201cKanal 13\u201d-\u00fcn bloklanmas\u0131na q\u0259rar verdi - MEYDAN.TV\",\"isPartOf\":{\"@id\":\"https:\\\/\\\/www.meydan.tv\\\/az\\\/#website\"},\"primaryImageOfPage\":{\"@id\":\"https:\\\/\\\/www.meydan.tv\\\/az\\\/article\\\/din-teleb-etdi-mehkeme-kanal-13-un-bloklanmasina-qerar-verdi\\\/#primaryimage\"},\"image\":{\"@id\":\"https:\\\/\\\/www.meydan.tv\\\/az\\\/article\\\/din-teleb-etdi-mehkeme-kanal-13-un-bloklanmasina-qerar-verdi\\\/#primaryimage\"},\"thumbnailUrl\":\"https:\\\/\\\/www.meydan.tv\\\/wp-content\\\/uploads\\\/blok-1.png\",\"datePublished\":\"2023-12-20T09:59:00+00:00\",\"dateModified\":\"2023-12-20T09:59:06+00:00\",\"breadcrumb\":{\"@id\":\"https:\\\/\\\/www.meydan.tv\\\/az\\\/article\\\/din-teleb-etdi-mehkeme-kanal-13-un-bloklanmasina-qerar-verdi\\\/#breadcrumb\"},\"inLanguage\":\"az\",\"potentialAction\":[{\"@type\":\"ReadAction\",\"target\":[\"https:\\\/\\\/www.meydan.tv\\\/az\\\/article\\\/din-teleb-etdi-mehkeme-kanal-13-un-bloklanmasina-qerar-verdi\\\/\"]}]},{\"@type\":\"ImageObject\",\"inLanguage\":\"az\",\"@id\":\"https:\\\/\\\/www.meydan.tv\\\/az\\\/article\\\/din-teleb-etdi-mehkeme-kanal-13-un-bloklanmasina-qerar-verdi\\\/#primaryimage\",\"url\":\"https:\\\/\\\/www.meydan.tv\\\/wp-content\\\/uploads\\\/blok-1.png\",\"contentUrl\":\"https:\\\/\\\/www.meydan.tv\\\/wp-content\\\/uploads\\\/blok-1.png\",\"width\":1614,\"height\":900,\"caption\":\"Foto: arxiv\"},{\"@type\":\"BreadcrumbList\",\"@id\":\"https:\\\/\\\/www.meydan.tv\\\/az\\\/article\\\/din-teleb-etdi-mehkeme-kanal-13-un-bloklanmasina-qerar-verdi\\\/#breadcrumb\",\"itemListElement\":[{\"@type\":\"ListItem\",\"position\":1,\"name\":\"Ana s\u0259hif\u0259\",\"item\":\"https:\\\/\\\/www.meydan.tv\\\/az\\\/\"},{\"@type\":\"ListItem\",\"position\":2,\"name\":\"Siyas\u0259t\",\"item\":\"https:\\\/\\\/www.meydan.tv\\\/az\\\/section\\\/siyaset\\\/\"},{\"@type\":\"ListItem\",\"position\":3,\"name\":\"D\u0130N t\u0259l\u0259b etdi, m\u0259hk\u0259m\u0259 \u201cKanal 13\u201d-\u00fcn bloklanmas\u0131na q\u0259rar verdi\"}]},{\"@type\":\"WebSite\",\"@id\":\"https:\\\/\\\/www.meydan.tv\\\/az\\\/#website\",\"url\":\"https:\\\/\\\/www.meydan.tv\\\/az\\\/\",\"name\":\"MEYDAN.TV\",\"description\":\"Meydan TV Az\u0259rbaycan\u0131n media m\u0259kan\u0131ndak\u0131 alternativ s\u0259sidir\",\"publisher\":{\"@id\":\"https:\\\/\\\/www.meydan.tv\\\/az\\\/#organization\"},\"potentialAction\":[{\"@type\":\"SearchAction\",\"target\":{\"@type\":\"EntryPoint\",\"urlTemplate\":\"https:\\\/\\\/www.meydan.tv\\\/az\\\/?s={search_term_string}\"},\"query-input\":{\"@type\":\"PropertyValueSpecification\",\"valueRequired\":true,\"valueName\":\"search_term_string\"}}],\"inLanguage\":\"az\"},{\"@type\":\"Organization\",\"@id\":\"https:\\\/\\\/www.meydan.tv\\\/az\\\/#organization\",\"name\":\"Meydan TV\",\"url\":\"https:\\\/\\\/www.meydan.tv\\\/az\\\/\",\"logo\":{\"@type\":\"ImageObject\",\"inLanguage\":\"az\",\"@id\":\"https:\\\/\\\/www.meydan.tv\\\/az\\\/#\\\/schema\\\/logo\\\/image\\\/\",\"url\":\"https:\\\/\\\/www.meydan.tv\\\/wp-content\\\/uploads\\\/2021\\\/07\\\/meydan-logo.svg\",\"contentUrl\":\"https:\\\/\\\/www.meydan.tv\\\/wp-content\\\/uploads\\\/2021\\\/07\\\/meydan-logo.svg\",\"width\":195,\"height\":46,\"caption\":\"Meydan TV\"},\"image\":{\"@id\":\"https:\\\/\\\/www.meydan.tv\\\/az\\\/#\\\/schema\\\/logo\\\/image\\\/\"}},{\"@type\":\"Person\",\"@id\":\"https:\\\/\\\/www.meydan.tv\\\/az\\\/#\\\/schema\\\/person\\\/9cdbecf90d17180ce1dfbd95b08dcf47\",\"name\":\"elli\",\"sameAs\":[\"https:\\\/\\\/x.com\\\/elli\"]}]}<\/script>\n<!-- \/ Yoast SEO plugin. -->","yoast_head_json":{"title":"D\u0130N t\u0259l\u0259b etdi, m\u0259hk\u0259m\u0259 \u201cKanal 13\u201d-\u00fcn bloklanmas\u0131na q\u0259rar verdi - MEYDAN.TV","robots":{"index":"index","follow":"follow","max-snippet":"max-snippet:-1","max-image-preview":"max-image-preview:large","max-video-preview":"max-video-preview:-1"},"canonical":"https:\/\/www.meydan.tv\/az\/article\/din-teleb-etdi-mehkeme-kanal-13-un-bloklanmasina-qerar-verdi\/","og_locale":"az_AZ","og_type":"article","og_title":"D\u0130N t\u0259l\u0259b etdi, m\u0259hk\u0259m\u0259 \u201cKanal 13\u201d-\u00fcn bloklanmas\u0131na q\u0259rar verdi - MEYDAN.TV","og_description":"B\u0259hruz Bayramov apelyasiya \u015fikay\u0259ti ver\u0259c\u0259kl\u0259rini deyir \u201cKanal 13\u201d internet televiziyas\u0131n\u0131n ... Davam\u0131","og_url":"https:\/\/www.meydan.tv\/az\/article\/din-teleb-etdi-mehkeme-kanal-13-un-bloklanmasina-qerar-verdi\/","og_site_name":"MEYDAN.TV","article_published_time":"2023-12-20T09:59:00+00:00","article_modified_time":"2023-12-20T09:59:06+00:00","og_image":[{"width":1614,"height":900,"url":"https:\/\/www.meydan.tv\/wp-content\/uploads\/blok-1.png","type":"image\/png"}],"author":"elli","twitter_card":"summary_large_image","twitter_creator":"@elli","schema":{"@context":"https:\/\/schema.org","@graph":[{"@type":"Article","@id":"https:\/\/www.meydan.tv\/az\/article\/din-teleb-etdi-mehkeme-kanal-13-un-bloklanmasina-qerar-verdi\/#article","isPartOf":{"@id":"https:\/\/www.meydan.tv\/az\/article\/din-teleb-etdi-mehkeme-kanal-13-un-bloklanmasina-qerar-verdi\/"},"author":{"name":"elli","@id":"https:\/\/www.meydan.tv\/az\/#\/schema\/person\/9cdbecf90d17180ce1dfbd95b08dcf47"},"headline":"D\u0130N t\u0259l\u0259b etdi, m\u0259hk\u0259m\u0259 \u201cKanal 13\u201d-\u00fcn bloklanmas\u0131na q\u0259rar verdi","datePublished":"2023-12-20T09:59:00+00:00","dateModified":"2023-12-20T09:59:06+00:00","mainEntityOfPage":{"@id":"https:\/\/www.meydan.tv\/az\/article\/din-teleb-etdi-mehkeme-kanal-13-un-bloklanmasina-qerar-verdi\/"},"wordCount":1101,"publisher":{"@id":"https:\/\/www.meydan.tv\/az\/#organization"},"image":{"@id":"https:\/\/www.meydan.tv\/az\/article\/din-teleb-etdi-mehkeme-kanal-13-un-bloklanmasina-qerar-verdi\/#primaryimage"},"thumbnailUrl":"https:\/\/www.meydan.tv\/wp-content\/uploads\/blok-1.png","articleSection":["Siyas\u0259t","T\u00f6vsiy\u0259","X\u0259b\u0259rl\u0259r"],"inLanguage":"az"},{"@type":"WebPage","@id":"https:\/\/www.meydan.tv\/az\/article\/din-teleb-etdi-mehkeme-kanal-13-un-bloklanmasina-qerar-verdi\/","url":"https:\/\/www.meydan.tv\/az\/article\/din-teleb-etdi-mehkeme-kanal-13-un-bloklanmasina-qerar-verdi\/","name":"D\u0130N t\u0259l\u0259b etdi, m\u0259hk\u0259m\u0259 \u201cKanal 13\u201d-\u00fcn bloklanmas\u0131na q\u0259rar verdi - MEYDAN.TV","isPartOf":{"@id":"https:\/\/www.meydan.tv\/az\/#website"},"primaryImageOfPage":{"@id":"https:\/\/www.meydan.tv\/az\/article\/din-teleb-etdi-mehkeme-kanal-13-un-bloklanmasina-qerar-verdi\/#primaryimage"},"image":{"@id":"https:\/\/www.meydan.tv\/az\/article\/din-teleb-etdi-mehkeme-kanal-13-un-bloklanmasina-qerar-verdi\/#primaryimage"},"thumbnailUrl":"https:\/\/www.meydan.tv\/wp-content\/uploads\/blok-1.png","datePublished":"2023-12-20T09:59:00+00:00","dateModified":"2023-12-20T09:59:06+00:00","breadcrumb":{"@id":"https:\/\/www.meydan.tv\/az\/article\/din-teleb-etdi-mehkeme-kanal-13-un-bloklanmasina-qerar-verdi\/#breadcrumb"},"inLanguage":"az","potentialAction":[{"@type":"ReadAction","target":["https:\/\/www.meydan.tv\/az\/article\/din-teleb-etdi-mehkeme-kanal-13-un-bloklanmasina-qerar-verdi\/"]}]},{"@type":"ImageObject","inLanguage":"az","@id":"https:\/\/www.meydan.tv\/az\/article\/din-teleb-etdi-mehkeme-kanal-13-un-bloklanmasina-qerar-verdi\/#primaryimage","url":"https:\/\/www.meydan.tv\/wp-content\/uploads\/blok-1.png","contentUrl":"https:\/\/www.meydan.tv\/wp-content\/uploads\/blok-1.png","width":1614,"height":900,"caption":"Foto: arxiv"},{"@type":"BreadcrumbList","@id":"https:\/\/www.meydan.tv\/az\/article\/din-teleb-etdi-mehkeme-kanal-13-un-bloklanmasina-qerar-verdi\/#breadcrumb","itemListElement":[{"@type":"ListItem","position":1,"name":"Ana s\u0259hif\u0259","item":"https:\/\/www.meydan.tv\/az\/"},{"@type":"ListItem","position":2,"name":"Siyas\u0259t","item":"https:\/\/www.meydan.tv\/az\/section\/siyaset\/"},{"@type":"ListItem","position":3,"name":"D\u0130N t\u0259l\u0259b etdi, m\u0259hk\u0259m\u0259 \u201cKanal 13\u201d-\u00fcn bloklanmas\u0131na q\u0259rar verdi"}]},{"@type":"WebSite","@id":"https:\/\/www.meydan.tv\/az\/#website","url":"https:\/\/www.meydan.tv\/az\/","name":"MEYDAN.TV","description":"Meydan TV Az\u0259rbaycan\u0131n media m\u0259kan\u0131ndak\u0131 alternativ s\u0259sidir","publisher":{"@id":"https:\/\/www.meydan.tv\/az\/#organization"},"potentialAction":[{"@type":"SearchAction","target":{"@type":"EntryPoint","urlTemplate":"https:\/\/www.meydan.tv\/az\/?s={search_term_string}"},"query-input":{"@type":"PropertyValueSpecification","valueRequired":true,"valueName":"search_term_string"}}],"inLanguage":"az"},{"@type":"Organization","@id":"https:\/\/www.meydan.tv\/az\/#organization","name":"Meydan TV","url":"https:\/\/www.meydan.tv\/az\/","logo":{"@type":"ImageObject","inLanguage":"az","@id":"https:\/\/www.meydan.tv\/az\/#\/schema\/logo\/image\/","url":"https:\/\/www.meydan.tv\/wp-content\/uploads\/2021\/07\/meydan-logo.svg","contentUrl":"https:\/\/www.meydan.tv\/wp-content\/uploads\/2021\/07\/meydan-logo.svg","width":195,"height":46,"caption":"Meydan TV"},"image":{"@id":"https:\/\/www.meydan.tv\/az\/#\/schema\/logo\/image\/"}},{"@type":"Person","@id":"https:\/\/www.meydan.tv\/az\/#\/schema\/person\/9cdbecf90d17180ce1dfbd95b08dcf47","name":"elli","sameAs":["https:\/\/x.com\/elli"]}]}},"_links":{"self":[{"href":"https:\/\/www.meydan.tv\/az\/wp-json\/wp\/v2\/posts\/293488","targetHints":{"allow":["GET"]}}],"collection":[{"href":"https:\/\/www.meydan.tv\/az\/wp-json\/wp\/v2\/posts"}],"about":[{"href":"https:\/\/www.meydan.tv\/az\/wp-json\/wp\/v2\/types\/post"}],"author":[{"embeddable":true,"href":"https:\/\/www.meydan.tv\/az\/wp-json\/wp\/v2\/users\/8"}],"replies":[{"embeddable":true,"href":"https:\/\/www.meydan.tv\/az\/wp-json\/wp\/v2\/comments?post=293488"}],"version-history":[{"count":3,"href":"https:\/\/www.meydan.tv\/az\/wp-json\/wp\/v2\/posts\/293488\/revisions"}],"predecessor-version":[{"id":293493,"href":"https:\/\/www.meydan.tv\/az\/wp-json\/wp\/v2\/posts\/293488\/revisions\/293493"}],"wp:featuredmedia":[{"embeddable":true,"href":"https:\/\/www.meydan.tv\/az\/wp-json\/wp\/v2\/media\/238602"}],"wp:attachment":[{"href":"https:\/\/www.meydan.tv\/az\/wp-json\/wp\/v2\/media?parent=293488"}],"wp:term":[{"taxonomy":"category","embeddable":true,"href":"https:\/\/www.meydan.tv\/az\/wp-json\/wp\/v2\/categories?post=293488"},{"taxonomy":"post_tag","embeddable":true,"href":"https:\/\/www.meydan.tv\/az\/wp-json\/wp\/v2\/tags?post=293488"}],"curies":[{"name":"wp","href":"https:\/\/api.w.org\/{rel}","templated":true}]}}