{"id":293458,"date":"2023-12-20T13:30:22","date_gmt":"2023-12-20T09:30:22","guid":{"rendered":"https:\/\/www.meydan.tv\/?p=293458"},"modified":"2023-12-20T13:42:17","modified_gmt":"2023-12-20T09:42:17","slug":"ekofeal-agaclarin-kutlevi-qirilmasi-ile-bagli-arasdirma-aparilmasini-isteyir","status":"publish","type":"post","link":"https:\/\/www.meydan.tv\/az\/article\/ekofeal-agaclarin-kutlevi-qirilmasi-ile-bagli-arasdirma-aparilmasini-isteyir\/","title":{"rendered":"Ekof\u0259al a\u011faclar\u0131n k\u00fctl\u0259vi q\u0131r\u0131lmas\u0131 il\u0259 ba\u011fl\u0131 ara\u015fd\u0131rma apar\u0131lmas\u0131n\u0131 ist\u0259yir"},"content":{"rendered":"\n<p><\/p>\n\n\n\n<p><strong><em>M\u0259h\u0259mm\u0259d Ad\u0131yev nazirliyin m\u00fct\u0259x\u0259ssisl\u0259ri il\u0259 birg\u0259 h\u00fcquq-m\u00fchafiz\u0259 orqanlar\u0131n\u0131n da yoxlamalara qat\u0131lmas\u0131n\u0131 vacib say\u0131r<\/em><\/strong><\/p>\n\n\n\n<p>\u201c<em>Yard\u0131ml\u0131 rayonunun K\u00fcr\u0259k\u00e7i, Da\u011f\u00fcz\u00fc, Pe\u015ft\u0259s\u0259r k\u0259nd \u0259razil\u0259rind\u0259ki me\u015f\u0259l\u0259rd\u0259 a\u011faclar m\u0259hv edilir\u201d.<\/em><\/p>\n\n\n\n<p>Bunu Meydan TV-y\u0259 ekof\u0259al M\u0259h\u0259mm\u0259d Ad\u0131yev deyib.<\/p>\n\n\n\n<p>M\u0259h\u0259mm\u0259d Ad\u0131yev ali t\u0259hsilli ekoloqdur, bu sah\u0259d\u0259 \u00e7al\u0131\u015f\u0131r. Deyir ki, d\u0259f\u0259l\u0259rl\u0259 m\u00fcraci\u0259t etm\u0259sin\u0259 baxmayaraq a\u011faclar\u0131n q\u0131r\u0131lmas\u0131n\u0131n qar\u015f\u0131s\u0131n\u0131n al\u0131nmas\u0131 \u00fc\u00e7\u00fcn i\u015fl\u0259r g\u00f6r\u00fclm\u00fcr, \u0259ksin\u0259 onun \u00f6z\u00fcn\u00fc bir m\u00fcdd\u0259tlik i\u015fd\u0259n k\u0259narla\u015fd\u0131r\u0131blar. Sonradan f\u0259hl\u0259 kimi i\u015f\u0259 b\u0259rpa oluna bilib. \u0130\u015fd\u0259n \u00e7\u0131xar\u0131lmas\u0131 t\u0259hl\u00fck\u0259sin\u0259 baxmayaraq me\u015f\u0259l\u0259rin m\u0259hv olunmas\u0131na g\u00f6z yumanlar\u0131n c\u0259zaland\u0131r\u0131lmas\u0131n\u0131 ist\u0259yir.<\/p>\n\n\n<div class=\"wp-block-image\">\n<figure class=\"aligncenter size-large\"><img decoding=\"async\" width=\"1200\" height=\"540\" data-src=\"https:\/\/www.meydan.tv\/wp-content\/uploads\/photo-2023-12-05-10-16-12-1200x540.jpg\" alt=\"\" class=\"wp-image-293475 lazyload\" src=\"data:image\/svg+xml;base64,PHN2ZyB3aWR0aD0iMSIgaGVpZ2h0PSIxIiB4bWxucz0iaHR0cDovL3d3dy53My5vcmcvMjAwMC9zdmciPjwvc3ZnPg==\" style=\"--smush-placeholder-width: 1200px; --smush-placeholder-aspect-ratio: 1200\/540;\" \/><\/figure>\n<\/div>\n\n\n<p><em>\u201cHaz\u0131rda Ekologiya v\u0259 T\u0259bii S\u0259rv\u0259tl\u0259r Nazirliyinin 11 sayl\u0131 regional me\u015f\u0259 t\u0259s\u0259rr\u00fcfat\u0131 birliyind\u0259 f\u0259hl\u0259 kimi \u00e7al\u0131\u015f\u0131ram. A\u011faclar\u0131n m\u0259hv edilm\u0259si il\u0259 ba\u011fl\u0131 nazirliy\u0259, o c\u00fcml\u0259d\u0259n aidiyyat\u0131 orqanlara m\u00fcraci\u0259tl\u0259r etmi\u015f\u0259m. Sosial \u015f\u0259b\u0259k\u0259l\u0259rd\u0259 bununla ba\u011fl\u0131 video g\u00f6r\u00fcnt\u00fcl\u0259r\u0259 minl\u0259rl\u0259 bax\u0131\u015f var\u201d<\/em>,-M.Ad\u0131yev bildirib.<\/p>\n\n\n\n<p>\u015eikay\u0259t\u00e7i s\u00f6yl\u0259yib ki, ona susmas\u0131 il\u0259 ba\u011fl\u0131 t\u0259klifl\u0259r d\u0259 olub, lakin faktlar\u0131n ciddi ara\u015fd\u0131r\u0131lmas\u0131n\u0131 t\u0259l\u0259b edib:<\/p>\n\n\n<div class=\"wp-block-image\">\n<figure class=\"aligncenter size-large\"><img decoding=\"async\" width=\"1200\" height=\"540\" data-src=\"https:\/\/www.meydan.tv\/wp-content\/uploads\/photo-2023-12-05-10-16-13-1200x540.jpg\" alt=\"\" class=\"wp-image-293469 lazyload\" src=\"data:image\/svg+xml;base64,PHN2ZyB3aWR0aD0iMSIgaGVpZ2h0PSIxIiB4bWxucz0iaHR0cDovL3d3dy53My5vcmcvMjAwMC9zdmciPjwvc3ZnPg==\" style=\"--smush-placeholder-width: 1200px; --smush-placeholder-aspect-ratio: 1200\/540;\" \/><\/figure>\n<\/div>\n\n\n<p><em>\u201cT\u0259xmin\u0259n 15-20 g\u00fcnd\u00fcr \u0259sas\u0259n pal\u0131d a\u011faclar\u0131 k\u00fctl\u0259vi q\u0131r\u0131l\u0131b, Masall\u0131 v\u0259 Bak\u0131dak\u0131 sexl\u0259r\u0259 sat\u0131l\u0131r. Siyah\u0131 tutmu\u015fam, sa\u011flam a\u011falar\u0131n q\u0131r\u0131ld\u0131\u011f\u0131n\u0131 s\u00fcbut ed\u0259 bil\u0259r\u0259m. Ekologiya v\u0259 T\u0259bii S\u0259rv\u0259tl\u0259r Nazirliyi fakt\u0131 ara\u015fd\u0131rma\u011fa ba\u015flay\u0131b, lakin \u00e7ox da \u00fcmidli deyil\u0259m\u201d.<\/em><\/p>\n\n\n\n<p>Ekof\u0259al nazir Muxtar Babayevd\u0259n yoxlamalar\u0131 n\u0259zar\u0259t\u0259 g\u00f6t\u00fcrm\u0259yi, h\u0259m\u00e7inin nazirliyin m\u00fct\u0259x\u0259ssisl\u0259ri il\u0259 birg\u0259 h\u00fcquq-m\u00fchafiz\u0259 orqanlar\u0131n\u0131n da yoxlamalara qat\u0131lmas\u0131n\u0131 ist\u0259yib:<\/p>\n\n\n<div class=\"wp-block-image\">\n<figure class=\"aligncenter size-full\"><img decoding=\"async\" width=\"1200\" height=\"675\" data-src=\"https:\/\/www.meydan.tv\/wp-content\/uploads\/aqa.jpg\" alt=\"\" class=\"wp-image-293484 lazyload\" src=\"data:image\/svg+xml;base64,PHN2ZyB3aWR0aD0iMSIgaGVpZ2h0PSIxIiB4bWxucz0iaHR0cDovL3d3dy53My5vcmcvMjAwMC9zdmciPjwvc3ZnPg==\" style=\"--smush-placeholder-width: 1200px; --smush-placeholder-aspect-ratio: 1200\/675;\" \/><\/figure>\n<\/div>\n\n\n<p><em>\u201c\u018fks halda m\u00fc\u0259yy\u0259n fasil\u0259l\u0259rl\u0259 a\u011faclar\u0131n q\u0131r\u0131lmas\u0131 davam etdiril\u0259c\u0259k\u201d.<\/em><\/p>\n\n\n\n<p>Ekologiya v\u0259 T\u0259bii S\u0259rv\u0259tl\u0259r Nazirliyind\u0259n me\u015f\u0259l\u0259rin bil\u0259r\u0259kd\u0259n m\u0259hv edilm\u0259si il\u0259 ba\u011fl\u0131 suallar\u0131 cavabland\u0131rmay\u0131blar. Bununla bel\u0259 qaynar x\u0259tt xidm\u0259tind\u0259n m\u00fcraci\u0259tin qeydiyyata al\u0131nd\u0131\u011f\u0131n\u0131 deyibl\u0259r.<\/p>\n\n\n<div class=\"wp-block-image\">\n<figure class=\"aligncenter size-large\"><img decoding=\"async\" width=\"1200\" height=\"540\" data-src=\"https:\/\/www.meydan.tv\/wp-content\/uploads\/photo-2023-12-05-10-16-13-1-1200x540.jpg\" alt=\"\" class=\"wp-image-293466 lazyload\" src=\"data:image\/svg+xml;base64,PHN2ZyB3aWR0aD0iMSIgaGVpZ2h0PSIxIiB4bWxucz0iaHR0cDovL3d3dy53My5vcmcvMjAwMC9zdmciPjwvc3ZnPg==\" style=\"--smush-placeholder-width: 1200px; --smush-placeholder-aspect-ratio: 1200\/540;\" \/><\/figure>\n<\/div>\n\n\n<p>D\u0130N M\u0259tbuat xdm\u0259tinin L\u0259nk\u0259ran regional qrupunun ba\u015f inspektoru M\u0259h\u0259mm\u0259d Rzayev Meydan TV-y\u0259 bildirib ki, M.Ad\u0131yev polis\u0259 m\u00fcraci\u0259t etm\u0259yib. H\u0259min m\u0259s\u0259l\u0259 Ekologiya v\u0259 T\u0259bii S\u0259rv\u0259tl\u0259r Nazirliyinin \u0259m\u0259kda\u015flar\u0131 t\u0259r\u0259find\u0259n ara\u015fd\u0131r\u0131l\u0131r.<\/p>\n","protected":false},"excerpt":{"rendered":"<p>M\u0259h\u0259mm\u0259d Ad\u0131yev nazirliyin m\u00fct\u0259x\u0259ssisl\u0259ri il\u0259 birg\u0259 h\u00fcquq-m\u00fchafiz\u0259 orqanlar\u0131n\u0131n da yoxlamalara &#8230; <\/p>\n<p class=\"read-more-container\"><a title=\"Ekof\u0259al a\u011faclar\u0131n k\u00fctl\u0259vi q\u0131r\u0131lmas\u0131 il\u0259 ba\u011fl\u0131 ara\u015fd\u0131rma apar\u0131lmas\u0131n\u0131 ist\u0259yir\" class=\"read-more button\" href=\"https:\/\/www.meydan.tv\/az\/article\/ekofeal-agaclarin-kutlevi-qirilmasi-ile-bagli-arasdirma-aparilmasini-isteyir\/#more-293458\" aria-label=\"Read more about Ekof\u0259al a\u011faclar\u0131n k\u00fctl\u0259vi q\u0131r\u0131lmas\u0131 il\u0259 ba\u011fl\u0131 ara\u015fd\u0131rma apar\u0131lmas\u0131n\u0131 ist\u0259yir\">Davam\u0131<\/a><\/p>\n","protected":false},"author":8,"featured_media":293463,"comment_status":"closed","ping_status":"closed","sticky":false,"template":"","format":"standard","meta":{"_acf_changed":false,"_sitemap_exclude":false,"_sitemap_priority":"","_sitemap_frequency":"","footnotes":""},"categories":[62,79,56],"tags":[],"class_list":["post-293458","post","type-post","status-publish","format-standard","has-post-thumbnail","hentry","category-sosial","category-featured","category-xeberler","infinite-scroll-item","generate-columns","tablet-grid-50","mobile-grid-100","grid-parent","grid-33","no-featured-image-padding"],"acf":[],"yoast_head":"<!-- This site is optimized with the Yoast SEO plugin v27.5 - https:\/\/yoast.com\/product\/yoast-seo-wordpress\/ -->\n<title>Ekof\u0259al a\u011faclar\u0131n k\u00fctl\u0259vi q\u0131r\u0131lmas\u0131 il\u0259 ba\u011fl\u0131 ara\u015fd\u0131rma apar\u0131lmas\u0131n\u0131 ist\u0259yir - MEYDAN.TV<\/title>\n<meta name=\"robots\" content=\"index, follow, max-snippet:-1, max-image-preview:large, max-video-preview:-1\" \/>\n<link rel=\"canonical\" href=\"https:\/\/www.meydan.tv\/az\/article\/ekofeal-agaclarin-kutlevi-qirilmasi-ile-bagli-arasdirma-aparilmasini-isteyir\/\" \/>\n<meta property=\"og:locale\" content=\"az_AZ\" \/>\n<meta property=\"og:type\" content=\"article\" \/>\n<meta property=\"og:title\" content=\"Ekof\u0259al a\u011faclar\u0131n k\u00fctl\u0259vi q\u0131r\u0131lmas\u0131 il\u0259 ba\u011fl\u0131 ara\u015fd\u0131rma apar\u0131lmas\u0131n\u0131 ist\u0259yir - MEYDAN.TV\" \/>\n<meta property=\"og:description\" content=\"M\u0259h\u0259mm\u0259d Ad\u0131yev nazirliyin m\u00fct\u0259x\u0259ssisl\u0259ri il\u0259 birg\u0259 h\u00fcquq-m\u00fchafiz\u0259 orqanlar\u0131n\u0131n da yoxlamalara ... Davam\u0131\" \/>\n<meta property=\"og:url\" content=\"https:\/\/www.meydan.tv\/az\/article\/ekofeal-agaclarin-kutlevi-qirilmasi-ile-bagli-arasdirma-aparilmasini-isteyir\/\" \/>\n<meta property=\"og:site_name\" content=\"MEYDAN.TV\" \/>\n<meta property=\"article:published_time\" content=\"2023-12-20T09:30:22+00:00\" \/>\n<meta property=\"article:modified_time\" content=\"2023-12-20T09:42:17+00:00\" \/>\n<meta property=\"og:image\" content=\"https:\/\/www.meydan.tv\/wp-content\/uploads\/aqac.jpg\" \/>\n\t<meta property=\"og:image:width\" content=\"1920\" \/>\n\t<meta property=\"og:image:height\" content=\"1080\" \/>\n\t<meta property=\"og:image:type\" content=\"image\/jpeg\" \/>\n<meta name=\"author\" content=\"elli\" \/>\n<meta name=\"twitter:card\" content=\"summary_large_image\" \/>\n<meta name=\"twitter:creator\" content=\"@elli\" \/>\n<script type=\"application\/ld+json\" class=\"yoast-schema-graph\">{\"@context\":\"https:\\\/\\\/schema.org\",\"@graph\":[{\"@type\":\"Article\",\"@id\":\"https:\\\/\\\/www.meydan.tv\\\/az\\\/article\\\/ekofeal-agaclarin-kutlevi-qirilmasi-ile-bagli-arasdirma-aparilmasini-isteyir\\\/#article\",\"isPartOf\":{\"@id\":\"https:\\\/\\\/www.meydan.tv\\\/az\\\/article\\\/ekofeal-agaclarin-kutlevi-qirilmasi-ile-bagli-arasdirma-aparilmasini-isteyir\\\/\"},\"author\":{\"name\":\"elli\",\"@id\":\"https:\\\/\\\/www.meydan.tv\\\/az\\\/#\\\/schema\\\/person\\\/9cdbecf90d17180ce1dfbd95b08dcf47\"},\"headline\":\"Ekof\u0259al a\u011faclar\u0131n k\u00fctl\u0259vi q\u0131r\u0131lmas\u0131 il\u0259 ba\u011fl\u0131 ara\u015fd\u0131rma apar\u0131lmas\u0131n\u0131 ist\u0259yir\",\"datePublished\":\"2023-12-20T09:30:22+00:00\",\"dateModified\":\"2023-12-20T09:42:17+00:00\",\"mainEntityOfPage\":{\"@id\":\"https:\\\/\\\/www.meydan.tv\\\/az\\\/article\\\/ekofeal-agaclarin-kutlevi-qirilmasi-ile-bagli-arasdirma-aparilmasini-isteyir\\\/\"},\"wordCount\":517,\"publisher\":{\"@id\":\"https:\\\/\\\/www.meydan.tv\\\/az\\\/#organization\"},\"image\":{\"@id\":\"https:\\\/\\\/www.meydan.tv\\\/az\\\/article\\\/ekofeal-agaclarin-kutlevi-qirilmasi-ile-bagli-arasdirma-aparilmasini-isteyir\\\/#primaryimage\"},\"thumbnailUrl\":\"https:\\\/\\\/www.meydan.tv\\\/wp-content\\\/uploads\\\/aqac.jpg\",\"articleSection\":[\"Sosial\",\"T\u00f6vsiy\u0259\",\"X\u0259b\u0259rl\u0259r\"],\"inLanguage\":\"az\"},{\"@type\":\"WebPage\",\"@id\":\"https:\\\/\\\/www.meydan.tv\\\/az\\\/article\\\/ekofeal-agaclarin-kutlevi-qirilmasi-ile-bagli-arasdirma-aparilmasini-isteyir\\\/\",\"url\":\"https:\\\/\\\/www.meydan.tv\\\/az\\\/article\\\/ekofeal-agaclarin-kutlevi-qirilmasi-ile-bagli-arasdirma-aparilmasini-isteyir\\\/\",\"name\":\"Ekof\u0259al a\u011faclar\u0131n k\u00fctl\u0259vi q\u0131r\u0131lmas\u0131 il\u0259 ba\u011fl\u0131 ara\u015fd\u0131rma apar\u0131lmas\u0131n\u0131 ist\u0259yir - MEYDAN.TV\",\"isPartOf\":{\"@id\":\"https:\\\/\\\/www.meydan.tv\\\/az\\\/#website\"},\"primaryImageOfPage\":{\"@id\":\"https:\\\/\\\/www.meydan.tv\\\/az\\\/article\\\/ekofeal-agaclarin-kutlevi-qirilmasi-ile-bagli-arasdirma-aparilmasini-isteyir\\\/#primaryimage\"},\"image\":{\"@id\":\"https:\\\/\\\/www.meydan.tv\\\/az\\\/article\\\/ekofeal-agaclarin-kutlevi-qirilmasi-ile-bagli-arasdirma-aparilmasini-isteyir\\\/#primaryimage\"},\"thumbnailUrl\":\"https:\\\/\\\/www.meydan.tv\\\/wp-content\\\/uploads\\\/aqac.jpg\",\"datePublished\":\"2023-12-20T09:30:22+00:00\",\"dateModified\":\"2023-12-20T09:42:17+00:00\",\"breadcrumb\":{\"@id\":\"https:\\\/\\\/www.meydan.tv\\\/az\\\/article\\\/ekofeal-agaclarin-kutlevi-qirilmasi-ile-bagli-arasdirma-aparilmasini-isteyir\\\/#breadcrumb\"},\"inLanguage\":\"az\",\"potentialAction\":[{\"@type\":\"ReadAction\",\"target\":[\"https:\\\/\\\/www.meydan.tv\\\/az\\\/article\\\/ekofeal-agaclarin-kutlevi-qirilmasi-ile-bagli-arasdirma-aparilmasini-isteyir\\\/\"]}]},{\"@type\":\"ImageObject\",\"inLanguage\":\"az\",\"@id\":\"https:\\\/\\\/www.meydan.tv\\\/az\\\/article\\\/ekofeal-agaclarin-kutlevi-qirilmasi-ile-bagli-arasdirma-aparilmasini-isteyir\\\/#primaryimage\",\"url\":\"https:\\\/\\\/www.meydan.tv\\\/wp-content\\\/uploads\\\/aqac.jpg\",\"contentUrl\":\"https:\\\/\\\/www.meydan.tv\\\/wp-content\\\/uploads\\\/aqac.jpg\",\"width\":1920,\"height\":1080,\"caption\":\"Fotolar: Meydan TV\"},{\"@type\":\"BreadcrumbList\",\"@id\":\"https:\\\/\\\/www.meydan.tv\\\/az\\\/article\\\/ekofeal-agaclarin-kutlevi-qirilmasi-ile-bagli-arasdirma-aparilmasini-isteyir\\\/#breadcrumb\",\"itemListElement\":[{\"@type\":\"ListItem\",\"position\":1,\"name\":\"Ana s\u0259hif\u0259\",\"item\":\"https:\\\/\\\/www.meydan.tv\\\/az\\\/\"},{\"@type\":\"ListItem\",\"position\":2,\"name\":\"Sosial\",\"item\":\"https:\\\/\\\/www.meydan.tv\\\/az\\\/section\\\/sosial\\\/\"},{\"@type\":\"ListItem\",\"position\":3,\"name\":\"Ekof\u0259al a\u011faclar\u0131n k\u00fctl\u0259vi q\u0131r\u0131lmas\u0131 il\u0259 ba\u011fl\u0131 ara\u015fd\u0131rma apar\u0131lmas\u0131n\u0131 ist\u0259yir\"}]},{\"@type\":\"WebSite\",\"@id\":\"https:\\\/\\\/www.meydan.tv\\\/az\\\/#website\",\"url\":\"https:\\\/\\\/www.meydan.tv\\\/az\\\/\",\"name\":\"MEYDAN.TV\",\"description\":\"Meydan TV Az\u0259rbaycan\u0131n media m\u0259kan\u0131ndak\u0131 alternativ s\u0259sidir\",\"publisher\":{\"@id\":\"https:\\\/\\\/www.meydan.tv\\\/az\\\/#organization\"},\"potentialAction\":[{\"@type\":\"SearchAction\",\"target\":{\"@type\":\"EntryPoint\",\"urlTemplate\":\"https:\\\/\\\/www.meydan.tv\\\/az\\\/?s={search_term_string}\"},\"query-input\":{\"@type\":\"PropertyValueSpecification\",\"valueRequired\":true,\"valueName\":\"search_term_string\"}}],\"inLanguage\":\"az\"},{\"@type\":\"Organization\",\"@id\":\"https:\\\/\\\/www.meydan.tv\\\/az\\\/#organization\",\"name\":\"Meydan TV\",\"url\":\"https:\\\/\\\/www.meydan.tv\\\/az\\\/\",\"logo\":{\"@type\":\"ImageObject\",\"inLanguage\":\"az\",\"@id\":\"https:\\\/\\\/www.meydan.tv\\\/az\\\/#\\\/schema\\\/logo\\\/image\\\/\",\"url\":\"https:\\\/\\\/www.meydan.tv\\\/wp-content\\\/uploads\\\/2021\\\/07\\\/meydan-logo.svg\",\"contentUrl\":\"https:\\\/\\\/www.meydan.tv\\\/wp-content\\\/uploads\\\/2021\\\/07\\\/meydan-logo.svg\",\"width\":195,\"height\":46,\"caption\":\"Meydan TV\"},\"image\":{\"@id\":\"https:\\\/\\\/www.meydan.tv\\\/az\\\/#\\\/schema\\\/logo\\\/image\\\/\"}},{\"@type\":\"Person\",\"@id\":\"https:\\\/\\\/www.meydan.tv\\\/az\\\/#\\\/schema\\\/person\\\/9cdbecf90d17180ce1dfbd95b08dcf47\",\"name\":\"elli\",\"sameAs\":[\"https:\\\/\\\/x.com\\\/elli\"]}]}<\/script>\n<!-- \/ Yoast SEO plugin. -->","yoast_head_json":{"title":"Ekof\u0259al a\u011faclar\u0131n k\u00fctl\u0259vi q\u0131r\u0131lmas\u0131 il\u0259 ba\u011fl\u0131 ara\u015fd\u0131rma apar\u0131lmas\u0131n\u0131 ist\u0259yir - MEYDAN.TV","robots":{"index":"index","follow":"follow","max-snippet":"max-snippet:-1","max-image-preview":"max-image-preview:large","max-video-preview":"max-video-preview:-1"},"canonical":"https:\/\/www.meydan.tv\/az\/article\/ekofeal-agaclarin-kutlevi-qirilmasi-ile-bagli-arasdirma-aparilmasini-isteyir\/","og_locale":"az_AZ","og_type":"article","og_title":"Ekof\u0259al a\u011faclar\u0131n k\u00fctl\u0259vi q\u0131r\u0131lmas\u0131 il\u0259 ba\u011fl\u0131 ara\u015fd\u0131rma apar\u0131lmas\u0131n\u0131 ist\u0259yir - MEYDAN.TV","og_description":"M\u0259h\u0259mm\u0259d Ad\u0131yev nazirliyin m\u00fct\u0259x\u0259ssisl\u0259ri il\u0259 birg\u0259 h\u00fcquq-m\u00fchafiz\u0259 orqanlar\u0131n\u0131n da yoxlamalara ... Davam\u0131","og_url":"https:\/\/www.meydan.tv\/az\/article\/ekofeal-agaclarin-kutlevi-qirilmasi-ile-bagli-arasdirma-aparilmasini-isteyir\/","og_site_name":"MEYDAN.TV","article_published_time":"2023-12-20T09:30:22+00:00","article_modified_time":"2023-12-20T09:42:17+00:00","og_image":[{"width":1920,"height":1080,"url":"https:\/\/www.meydan.tv\/wp-content\/uploads\/aqac.jpg","type":"image\/jpeg"}],"author":"elli","twitter_card":"summary_large_image","twitter_creator":"@elli","schema":{"@context":"https:\/\/schema.org","@graph":[{"@type":"Article","@id":"https:\/\/www.meydan.tv\/az\/article\/ekofeal-agaclarin-kutlevi-qirilmasi-ile-bagli-arasdirma-aparilmasini-isteyir\/#article","isPartOf":{"@id":"https:\/\/www.meydan.tv\/az\/article\/ekofeal-agaclarin-kutlevi-qirilmasi-ile-bagli-arasdirma-aparilmasini-isteyir\/"},"author":{"name":"elli","@id":"https:\/\/www.meydan.tv\/az\/#\/schema\/person\/9cdbecf90d17180ce1dfbd95b08dcf47"},"headline":"Ekof\u0259al a\u011faclar\u0131n k\u00fctl\u0259vi q\u0131r\u0131lmas\u0131 il\u0259 ba\u011fl\u0131 ara\u015fd\u0131rma apar\u0131lmas\u0131n\u0131 ist\u0259yir","datePublished":"2023-12-20T09:30:22+00:00","dateModified":"2023-12-20T09:42:17+00:00","mainEntityOfPage":{"@id":"https:\/\/www.meydan.tv\/az\/article\/ekofeal-agaclarin-kutlevi-qirilmasi-ile-bagli-arasdirma-aparilmasini-isteyir\/"},"wordCount":517,"publisher":{"@id":"https:\/\/www.meydan.tv\/az\/#organization"},"image":{"@id":"https:\/\/www.meydan.tv\/az\/article\/ekofeal-agaclarin-kutlevi-qirilmasi-ile-bagli-arasdirma-aparilmasini-isteyir\/#primaryimage"},"thumbnailUrl":"https:\/\/www.meydan.tv\/wp-content\/uploads\/aqac.jpg","articleSection":["Sosial","T\u00f6vsiy\u0259","X\u0259b\u0259rl\u0259r"],"inLanguage":"az"},{"@type":"WebPage","@id":"https:\/\/www.meydan.tv\/az\/article\/ekofeal-agaclarin-kutlevi-qirilmasi-ile-bagli-arasdirma-aparilmasini-isteyir\/","url":"https:\/\/www.meydan.tv\/az\/article\/ekofeal-agaclarin-kutlevi-qirilmasi-ile-bagli-arasdirma-aparilmasini-isteyir\/","name":"Ekof\u0259al a\u011faclar\u0131n k\u00fctl\u0259vi q\u0131r\u0131lmas\u0131 il\u0259 ba\u011fl\u0131 ara\u015fd\u0131rma apar\u0131lmas\u0131n\u0131 ist\u0259yir - MEYDAN.TV","isPartOf":{"@id":"https:\/\/www.meydan.tv\/az\/#website"},"primaryImageOfPage":{"@id":"https:\/\/www.meydan.tv\/az\/article\/ekofeal-agaclarin-kutlevi-qirilmasi-ile-bagli-arasdirma-aparilmasini-isteyir\/#primaryimage"},"image":{"@id":"https:\/\/www.meydan.tv\/az\/article\/ekofeal-agaclarin-kutlevi-qirilmasi-ile-bagli-arasdirma-aparilmasini-isteyir\/#primaryimage"},"thumbnailUrl":"https:\/\/www.meydan.tv\/wp-content\/uploads\/aqac.jpg","datePublished":"2023-12-20T09:30:22+00:00","dateModified":"2023-12-20T09:42:17+00:00","breadcrumb":{"@id":"https:\/\/www.meydan.tv\/az\/article\/ekofeal-agaclarin-kutlevi-qirilmasi-ile-bagli-arasdirma-aparilmasini-isteyir\/#breadcrumb"},"inLanguage":"az","potentialAction":[{"@type":"ReadAction","target":["https:\/\/www.meydan.tv\/az\/article\/ekofeal-agaclarin-kutlevi-qirilmasi-ile-bagli-arasdirma-aparilmasini-isteyir\/"]}]},{"@type":"ImageObject","inLanguage":"az","@id":"https:\/\/www.meydan.tv\/az\/article\/ekofeal-agaclarin-kutlevi-qirilmasi-ile-bagli-arasdirma-aparilmasini-isteyir\/#primaryimage","url":"https:\/\/www.meydan.tv\/wp-content\/uploads\/aqac.jpg","contentUrl":"https:\/\/www.meydan.tv\/wp-content\/uploads\/aqac.jpg","width":1920,"height":1080,"caption":"Fotolar: Meydan TV"},{"@type":"BreadcrumbList","@id":"https:\/\/www.meydan.tv\/az\/article\/ekofeal-agaclarin-kutlevi-qirilmasi-ile-bagli-arasdirma-aparilmasini-isteyir\/#breadcrumb","itemListElement":[{"@type":"ListItem","position":1,"name":"Ana s\u0259hif\u0259","item":"https:\/\/www.meydan.tv\/az\/"},{"@type":"ListItem","position":2,"name":"Sosial","item":"https:\/\/www.meydan.tv\/az\/section\/sosial\/"},{"@type":"ListItem","position":3,"name":"Ekof\u0259al a\u011faclar\u0131n k\u00fctl\u0259vi q\u0131r\u0131lmas\u0131 il\u0259 ba\u011fl\u0131 ara\u015fd\u0131rma apar\u0131lmas\u0131n\u0131 ist\u0259yir"}]},{"@type":"WebSite","@id":"https:\/\/www.meydan.tv\/az\/#website","url":"https:\/\/www.meydan.tv\/az\/","name":"MEYDAN.TV","description":"Meydan TV Az\u0259rbaycan\u0131n media m\u0259kan\u0131ndak\u0131 alternativ s\u0259sidir","publisher":{"@id":"https:\/\/www.meydan.tv\/az\/#organization"},"potentialAction":[{"@type":"SearchAction","target":{"@type":"EntryPoint","urlTemplate":"https:\/\/www.meydan.tv\/az\/?s={search_term_string}"},"query-input":{"@type":"PropertyValueSpecification","valueRequired":true,"valueName":"search_term_string"}}],"inLanguage":"az"},{"@type":"Organization","@id":"https:\/\/www.meydan.tv\/az\/#organization","name":"Meydan TV","url":"https:\/\/www.meydan.tv\/az\/","logo":{"@type":"ImageObject","inLanguage":"az","@id":"https:\/\/www.meydan.tv\/az\/#\/schema\/logo\/image\/","url":"https:\/\/www.meydan.tv\/wp-content\/uploads\/2021\/07\/meydan-logo.svg","contentUrl":"https:\/\/www.meydan.tv\/wp-content\/uploads\/2021\/07\/meydan-logo.svg","width":195,"height":46,"caption":"Meydan TV"},"image":{"@id":"https:\/\/www.meydan.tv\/az\/#\/schema\/logo\/image\/"}},{"@type":"Person","@id":"https:\/\/www.meydan.tv\/az\/#\/schema\/person\/9cdbecf90d17180ce1dfbd95b08dcf47","name":"elli","sameAs":["https:\/\/x.com\/elli"]}]}},"_links":{"self":[{"href":"https:\/\/www.meydan.tv\/az\/wp-json\/wp\/v2\/posts\/293458","targetHints":{"allow":["GET"]}}],"collection":[{"href":"https:\/\/www.meydan.tv\/az\/wp-json\/wp\/v2\/posts"}],"about":[{"href":"https:\/\/www.meydan.tv\/az\/wp-json\/wp\/v2\/types\/post"}],"author":[{"embeddable":true,"href":"https:\/\/www.meydan.tv\/az\/wp-json\/wp\/v2\/users\/8"}],"replies":[{"embeddable":true,"href":"https:\/\/www.meydan.tv\/az\/wp-json\/wp\/v2\/comments?post=293458"}],"version-history":[{"count":4,"href":"https:\/\/www.meydan.tv\/az\/wp-json\/wp\/v2\/posts\/293458\/revisions"}],"predecessor-version":[{"id":293487,"href":"https:\/\/www.meydan.tv\/az\/wp-json\/wp\/v2\/posts\/293458\/revisions\/293487"}],"wp:featuredmedia":[{"embeddable":true,"href":"https:\/\/www.meydan.tv\/az\/wp-json\/wp\/v2\/media\/293463"}],"wp:attachment":[{"href":"https:\/\/www.meydan.tv\/az\/wp-json\/wp\/v2\/media?parent=293458"}],"wp:term":[{"taxonomy":"category","embeddable":true,"href":"https:\/\/www.meydan.tv\/az\/wp-json\/wp\/v2\/categories?post=293458"},{"taxonomy":"post_tag","embeddable":true,"href":"https:\/\/www.meydan.tv\/az\/wp-json\/wp\/v2\/tags?post=293458"}],"curies":[{"name":"wp","href":"https:\/\/api.w.org\/{rel}","templated":true}]}}