{"id":293432,"date":"2023-12-19T16:29:30","date_gmt":"2023-12-19T12:29:30","guid":{"rendered":"https:\/\/www.meydan.tv\/?p=293432"},"modified":"2023-12-19T16:29:33","modified_gmt":"2023-12-19T12:29:33","slug":"aki-is-adamlarini-kinoya-celb-etmek-isteyir","status":"publish","type":"post","link":"https:\/\/www.meydan.tv\/az\/article\/aki-is-adamlarini-kinoya-celb-etmek-isteyir\/","title":{"rendered":"AK\u0130 i\u015f adamlar\u0131n\u0131 kinoya c\u0259lb etm\u0259k ist\u0259yir"},"content":{"rendered":"\n<p><\/p>\n\n\n\n<p><strong><em>\u018fli \u0130sa Cabbarov: &#8220;M\u0259qs\u0259d rejissorlar\u0131n maliyy\u0259 problemini h\u0259ll etm\u0259kdir&#8221;<\/em><\/strong><\/p>\n\n\n\n<p>Kinematoqrafiya kifay\u0259t q\u0259d\u0259r bahal\u0131 bir sah\u0259dir.<\/p>\n\n\n\n<p>H\u0259r il d\u00fcnyan\u0131n bir \u00e7ox yerl\u0259rind\u0259 keyfiyy\u0259tli v\u0259 \u0259lb\u0259tt\u0259 ki, g\u0259lir g\u0259tir\u0259n bu sah\u0259y\u0259 milyonlar, b\u0259z\u0259n is\u0259 milyardlar x\u0259rcl\u0259nir.<\/p>\n\n\n\n<p>D\u00fcnyada kino sah\u0259sin\u0259 b\u00f6y\u00fck v\u0259saitl\u0259rin s\u0259rf olundu\u011fu bir d\u00f6vrd\u0259 Az\u0259rbaycanda bu sah\u0259d\u0259 v\u0259ziyy\u0259t \u00fcr\u0259ka\u00e7an deyil.<\/p>\n\n\n\n<p>Kino \u00e7\u0259km\u0259k ist\u0259y\u0259n, \u0259lind\u0259 haz\u0131r ssenarisi olan rejissorlar maliyy\u0259 tapmaqda ciddi probleml\u0259rl\u0259 \u00fczl\u0259\u015firl\u0259r.<\/p>\n\n\n\n<p>Az\u0259rbaycan Kinematoqraf\u00e7\u0131lar \u0130ttifaq\u0131n\u0131n (AK\u0130) katibi, rejissor \u018fli \u0130sa Cabbarov Meydan TV-y\u0259 deyir ki, bu problemi aradan qald\u0131rmaq \u00fc\u00e7\u00fcn i\u015f adamlar\u0131n\u0131 kinematoqrafiyaya c\u0259lb etm\u0259k m\u00fctl\u0259qdir.<\/p>\n\n\n\n<p>Onun fikrinc\u0259, i\u015f adamlar\u0131 kinoya kifay\u0259t q\u0259d\u0259r yat\u0131r\u0131m ets\u0259l\u0259r, rejissorlar\u0131n maliyy\u0259 tapmaq problemi h\u0259ll olunacaq v\u0259 n\u0259tic\u0259d\u0259 m\u00fcst\u0259qil filml\u0259rin say\u0131 da artacaq.<\/p>\n\n\n\n<p>Katib deyir ki, AK\u0130 bu m\u0259qs\u0259dl\u0259 g\u0259l\u0259n aylarda \u201cAz\u0259rbaycan kinosu v\u0259 Biznes\u201d adl\u0131 forum ke\u00e7ir\u0259c\u0259k.<\/p>\n\n\n\n<p>Forumun ke\u00e7irilm\u0259sind\u0259 d\u0259 m\u0259qs\u0259d m\u0259hz i\u015f adamlar\u0131n\u0131n kinoya yat\u0131r\u0131m qoyma\u011fa c\u0259lb edilm\u0259si m\u0259s\u0259l\u0259sidir.<\/p>\n\n\n\n<p>\u201c<em>Kino v\u0259 biznes aras\u0131nda k\u00f6rp\u00fc yaratmaq \u00fc\u00e7\u00fcn bu iki c\u0259bh\u0259ni bir-biri il\u0259 tan\u0131\u015f etm\u0259liyik. Kinomuzla biznesin \u0259laq\u0259si g\u00fcnd\u0259lik i\u015f rejimind\u0259 olmal\u0131d\u0131r. Kinematoqraf\u00e7\u0131larla i\u015f adamlar\u0131n\u0131 tan\u0131\u015f etm\u0259k laz\u0131md\u0131r. Onlar\u0131n bir-biri il\u0259 \u0259laq\u0259sini qurma\u011fa yard\u0131m\u00e7\u0131 olmaq g\u0259r\u0259kdir. \u0130\u015f adamlar\u0131 m\u0259lumatlanmal\u0131d\u0131r ki, Az\u0259rbaycan kinosu v\u0259 pe\u015f\u0259kar kadrlar var. M\u00fc\u0259yy\u0259n s\u0259viyy\u0259d\u0259 Az\u0259rbaycan filml\u0259ri \u00e7\u0259kil\u0259 bil\u0259r\u201d, <\/em>&#8211; \u018fli \u0130sa Cabbarov deyir.<\/p>\n\n\n\n<p>Onun s\u00f6zl\u0259rin\u0259 g\u00f6r\u0259, bu i\u015fd\u0259 ictimai t\u0259\u015fkilatlarla yana\u015f\u0131, r\u0259smi d\u00f6vl\u0259t qurumlar\u0131 da i\u015ftirak etm\u0259lidir:<\/p>\n\n\n\n<p>\u201c<em>Bu k\u00f6rp\u00fc \u00fc\u00e7\u00fcn vasit\u0259\u00e7iliyi, ictimai t\u0259\u015fkilatlarla yana\u015f\u0131, r\u0259smi strukturlar\u0131n etm\u0259si daha effektli olar. \u0130\u015f adamlar\u0131n\u0131 birl\u0259\u015fdir\u0259n ictimai t\u0259\u015fkilatlar da bu i\u015fin \u00f6n\u00fcnd\u0259 olmal\u0131d\u0131r. M\u0259d\u0259niyy\u0259t Nazirliyi il\u0259 yana\u015f\u0131, \u0130qtisadiyyat Nazirliyi d\u0259 d\u0259st\u0259k ola bil\u0259r. Bu i\u015fl\u0259r \u0130qtisadiyyat Nazirliyi il\u0259 birg\u0259 ke\u00e7irils\u0259, daha yax\u015f\u0131 n\u0259tic\u0259 ver\u0259r&#8221;.<\/em><\/p>\n\n\n\n<p><em>&#8220;Stimulla\u015fd\u0131rmaq laz\u0131md\u0131r ki, iqtisadiyyat\u0131m\u0131z\u0131n m\u00fcxt\u0259lif sah\u0259l\u0259rin\u0259 yat\u0131r\u0131m etdikl\u0259ri kimi bunu kinoya da t\u0259tbiq etsinl\u0259r. \u0130\u015f adamlar\u0131n\u0131n, kinematoqrafiyaya pul yat\u0131ran insanlar\u0131n vergid\u0259n azad olunmas\u0131 da zamanla g\u00fcnd\u0259m\u0259 g\u0259l\u0259 bil\u0259r\u201d<\/em>, &#8211; dey\u0259 o qeyd edib.<\/p>\n\n\n\n<p>\u018fli \u0130sa Cabbarov bildirib ki, forumun ke\u00e7irilm\u0259si il\u0259 \u0259laq\u0259dar h\u0259r iki nazirliy\u0259 m\u00fcraci\u0259t olunacaq.<\/p>\n\n\n\n<p>Onun s\u00f6zl\u0259rin\u0259 g\u00f6r\u0259, kinematoqraf\u00e7\u0131larla i\u015f adamlar\u0131 aras\u0131nda i\u015fbirliyini qurmaq \u00fc\u00e7\u00fcn AK\u0130 t\u0259kc\u0259 forum yox, ki\u00e7ik platformalar da istifad\u0259 ed\u0259c\u0259k.<\/p>\n\n\n\n<p>Bu m\u0259qs\u0259dl\u0259 m\u00fct\u0259madi \u201cbusiness lunch\u201d v\u0259 \u201cbusiness-to-business\u201d formatl\u0131 g\u00f6r\u00fc\u015fl\u0259rin ke\u00e7irilm\u0259si planla\u015fd\u0131r\u0131l\u0131r.<\/p>\n","protected":false},"excerpt":{"rendered":"<p>\u018fli \u0130sa Cabbarov: &#8220;M\u0259qs\u0259d rejissorlar\u0131n maliyy\u0259 problemini h\u0259ll etm\u0259kdir&#8221; Kinematoqrafiya &#8230; <\/p>\n<p class=\"read-more-container\"><a title=\"AK\u0130 i\u015f adamlar\u0131n\u0131 kinoya c\u0259lb etm\u0259k ist\u0259yir\" class=\"read-more button\" href=\"https:\/\/www.meydan.tv\/az\/article\/aki-is-adamlarini-kinoya-celb-etmek-isteyir\/#more-293432\" aria-label=\"Read more about AK\u0130 i\u015f adamlar\u0131n\u0131 kinoya c\u0259lb etm\u0259k ist\u0259yir\">Davam\u0131<\/a><\/p>\n","protected":false},"author":8,"featured_media":289734,"comment_status":"closed","ping_status":"closed","sticky":false,"template":"","format":"standard","meta":{"_acf_changed":false,"_sitemap_exclude":false,"_sitemap_priority":"","_sitemap_frequency":"","footnotes":""},"categories":[52,56],"tags":[],"class_list":["post-293432","post","type-post","status-publish","format-standard","has-post-thumbnail","hentry","category-medeniyyet","category-xeberler","infinite-scroll-item","generate-columns","tablet-grid-50","mobile-grid-100","grid-parent","grid-33","no-featured-image-padding"],"acf":[],"yoast_head":"<!-- This site is optimized with the Yoast SEO plugin v27.4 - https:\/\/yoast.com\/product\/yoast-seo-wordpress\/ -->\n<title>AK\u0130 i\u015f adamlar\u0131n\u0131 kinoya c\u0259lb etm\u0259k ist\u0259yir - MEYDAN.TV<\/title>\n<meta name=\"robots\" content=\"index, follow, max-snippet:-1, max-image-preview:large, max-video-preview:-1\" \/>\n<link rel=\"canonical\" href=\"https:\/\/www.meydan.tv\/az\/article\/aki-is-adamlarini-kinoya-celb-etmek-isteyir\/\" \/>\n<meta property=\"og:locale\" content=\"az_AZ\" \/>\n<meta property=\"og:type\" content=\"article\" \/>\n<meta property=\"og:title\" content=\"AK\u0130 i\u015f adamlar\u0131n\u0131 kinoya c\u0259lb etm\u0259k ist\u0259yir - MEYDAN.TV\" \/>\n<meta property=\"og:description\" content=\"\u018fli \u0130sa Cabbarov: &#8220;M\u0259qs\u0259d rejissorlar\u0131n maliyy\u0259 problemini h\u0259ll etm\u0259kdir&#8221; Kinematoqrafiya ... Davam\u0131\" \/>\n<meta property=\"og:url\" content=\"https:\/\/www.meydan.tv\/az\/article\/aki-is-adamlarini-kinoya-celb-etmek-isteyir\/\" \/>\n<meta property=\"og:site_name\" content=\"MEYDAN.TV\" \/>\n<meta property=\"article:published_time\" content=\"2023-12-19T12:29:30+00:00\" \/>\n<meta property=\"article:modified_time\" content=\"2023-12-19T12:29:33+00:00\" \/>\n<meta property=\"og:image\" content=\"https:\/\/www.meydan.tv\/wp-content\/uploads\/398189845_735922308577775_7864337001593710936_n.jpg\" \/>\n\t<meta property=\"og:image:width\" content=\"1200\" \/>\n\t<meta property=\"og:image:height\" content=\"800\" \/>\n\t<meta property=\"og:image:type\" content=\"image\/jpeg\" \/>\n<meta name=\"author\" content=\"elli\" \/>\n<meta name=\"twitter:card\" content=\"summary_large_image\" \/>\n<meta name=\"twitter:creator\" content=\"@elli\" \/>\n<script type=\"application\/ld+json\" class=\"yoast-schema-graph\">{\"@context\":\"https:\\\/\\\/schema.org\",\"@graph\":[{\"@type\":\"Article\",\"@id\":\"https:\\\/\\\/www.meydan.tv\\\/az\\\/article\\\/aki-is-adamlarini-kinoya-celb-etmek-isteyir\\\/#article\",\"isPartOf\":{\"@id\":\"https:\\\/\\\/www.meydan.tv\\\/az\\\/article\\\/aki-is-adamlarini-kinoya-celb-etmek-isteyir\\\/\"},\"author\":{\"name\":\"elli\",\"@id\":\"https:\\\/\\\/www.meydan.tv\\\/az\\\/#\\\/schema\\\/person\\\/9cdbecf90d17180ce1dfbd95b08dcf47\"},\"headline\":\"AK\u0130 i\u015f adamlar\u0131n\u0131 kinoya c\u0259lb etm\u0259k ist\u0259yir\",\"datePublished\":\"2023-12-19T12:29:30+00:00\",\"dateModified\":\"2023-12-19T12:29:33+00:00\",\"mainEntityOfPage\":{\"@id\":\"https:\\\/\\\/www.meydan.tv\\\/az\\\/article\\\/aki-is-adamlarini-kinoya-celb-etmek-isteyir\\\/\"},\"wordCount\":549,\"publisher\":{\"@id\":\"https:\\\/\\\/www.meydan.tv\\\/az\\\/#organization\"},\"image\":{\"@id\":\"https:\\\/\\\/www.meydan.tv\\\/az\\\/article\\\/aki-is-adamlarini-kinoya-celb-etmek-isteyir\\\/#primaryimage\"},\"thumbnailUrl\":\"https:\\\/\\\/www.meydan.tv\\\/wp-content\\\/uploads\\\/398189845_735922308577775_7864337001593710936_n.jpg\",\"articleSection\":[\"M\u0259d\u0259niyy\u0259t\",\"X\u0259b\u0259rl\u0259r\"],\"inLanguage\":\"az\"},{\"@type\":\"WebPage\",\"@id\":\"https:\\\/\\\/www.meydan.tv\\\/az\\\/article\\\/aki-is-adamlarini-kinoya-celb-etmek-isteyir\\\/\",\"url\":\"https:\\\/\\\/www.meydan.tv\\\/az\\\/article\\\/aki-is-adamlarini-kinoya-celb-etmek-isteyir\\\/\",\"name\":\"AK\u0130 i\u015f adamlar\u0131n\u0131 kinoya c\u0259lb etm\u0259k ist\u0259yir - MEYDAN.TV\",\"isPartOf\":{\"@id\":\"https:\\\/\\\/www.meydan.tv\\\/az\\\/#website\"},\"primaryImageOfPage\":{\"@id\":\"https:\\\/\\\/www.meydan.tv\\\/az\\\/article\\\/aki-is-adamlarini-kinoya-celb-etmek-isteyir\\\/#primaryimage\"},\"image\":{\"@id\":\"https:\\\/\\\/www.meydan.tv\\\/az\\\/article\\\/aki-is-adamlarini-kinoya-celb-etmek-isteyir\\\/#primaryimage\"},\"thumbnailUrl\":\"https:\\\/\\\/www.meydan.tv\\\/wp-content\\\/uploads\\\/398189845_735922308577775_7864337001593710936_n.jpg\",\"datePublished\":\"2023-12-19T12:29:30+00:00\",\"dateModified\":\"2023-12-19T12:29:33+00:00\",\"breadcrumb\":{\"@id\":\"https:\\\/\\\/www.meydan.tv\\\/az\\\/article\\\/aki-is-adamlarini-kinoya-celb-etmek-isteyir\\\/#breadcrumb\"},\"inLanguage\":\"az\",\"potentialAction\":[{\"@type\":\"ReadAction\",\"target\":[\"https:\\\/\\\/www.meydan.tv\\\/az\\\/article\\\/aki-is-adamlarini-kinoya-celb-etmek-isteyir\\\/\"]}]},{\"@type\":\"ImageObject\",\"inLanguage\":\"az\",\"@id\":\"https:\\\/\\\/www.meydan.tv\\\/az\\\/article\\\/aki-is-adamlarini-kinoya-celb-etmek-isteyir\\\/#primaryimage\",\"url\":\"https:\\\/\\\/www.meydan.tv\\\/wp-content\\\/uploads\\\/398189845_735922308577775_7864337001593710936_n.jpg\",\"contentUrl\":\"https:\\\/\\\/www.meydan.tv\\\/wp-content\\\/uploads\\\/398189845_735922308577775_7864337001593710936_n.jpg\",\"width\":1200,\"height\":800,\"caption\":\"Foto: Az\u0259rbaycan Kinematoqraf\u00e7\u0131lar \u0130ttifaq\u0131 (AK\u0130)\"},{\"@type\":\"BreadcrumbList\",\"@id\":\"https:\\\/\\\/www.meydan.tv\\\/az\\\/article\\\/aki-is-adamlarini-kinoya-celb-etmek-isteyir\\\/#breadcrumb\",\"itemListElement\":[{\"@type\":\"ListItem\",\"position\":1,\"name\":\"Ana s\u0259hif\u0259\",\"item\":\"https:\\\/\\\/www.meydan.tv\\\/az\\\/\"},{\"@type\":\"ListItem\",\"position\":2,\"name\":\"M\u0259d\u0259niyy\u0259t\",\"item\":\"https:\\\/\\\/www.meydan.tv\\\/az\\\/section\\\/medeniyyet\\\/\"},{\"@type\":\"ListItem\",\"position\":3,\"name\":\"AK\u0130 i\u015f adamlar\u0131n\u0131 kinoya c\u0259lb etm\u0259k ist\u0259yir\"}]},{\"@type\":\"WebSite\",\"@id\":\"https:\\\/\\\/www.meydan.tv\\\/az\\\/#website\",\"url\":\"https:\\\/\\\/www.meydan.tv\\\/az\\\/\",\"name\":\"MEYDAN.TV\",\"description\":\"Meydan TV Az\u0259rbaycan\u0131n media m\u0259kan\u0131ndak\u0131 alternativ s\u0259sidir\",\"publisher\":{\"@id\":\"https:\\\/\\\/www.meydan.tv\\\/az\\\/#organization\"},\"potentialAction\":[{\"@type\":\"SearchAction\",\"target\":{\"@type\":\"EntryPoint\",\"urlTemplate\":\"https:\\\/\\\/www.meydan.tv\\\/az\\\/?s={search_term_string}\"},\"query-input\":{\"@type\":\"PropertyValueSpecification\",\"valueRequired\":true,\"valueName\":\"search_term_string\"}}],\"inLanguage\":\"az\"},{\"@type\":\"Organization\",\"@id\":\"https:\\\/\\\/www.meydan.tv\\\/az\\\/#organization\",\"name\":\"Meydan TV\",\"url\":\"https:\\\/\\\/www.meydan.tv\\\/az\\\/\",\"logo\":{\"@type\":\"ImageObject\",\"inLanguage\":\"az\",\"@id\":\"https:\\\/\\\/www.meydan.tv\\\/az\\\/#\\\/schema\\\/logo\\\/image\\\/\",\"url\":\"https:\\\/\\\/www.meydan.tv\\\/wp-content\\\/uploads\\\/2021\\\/07\\\/meydan-logo.svg\",\"contentUrl\":\"https:\\\/\\\/www.meydan.tv\\\/wp-content\\\/uploads\\\/2021\\\/07\\\/meydan-logo.svg\",\"width\":195,\"height\":46,\"caption\":\"Meydan TV\"},\"image\":{\"@id\":\"https:\\\/\\\/www.meydan.tv\\\/az\\\/#\\\/schema\\\/logo\\\/image\\\/\"}},{\"@type\":\"Person\",\"@id\":\"https:\\\/\\\/www.meydan.tv\\\/az\\\/#\\\/schema\\\/person\\\/9cdbecf90d17180ce1dfbd95b08dcf47\",\"name\":\"elli\",\"sameAs\":[\"https:\\\/\\\/x.com\\\/elli\"]}]}<\/script>\n<!-- \/ Yoast SEO plugin. -->","yoast_head_json":{"title":"AK\u0130 i\u015f adamlar\u0131n\u0131 kinoya c\u0259lb etm\u0259k ist\u0259yir - MEYDAN.TV","robots":{"index":"index","follow":"follow","max-snippet":"max-snippet:-1","max-image-preview":"max-image-preview:large","max-video-preview":"max-video-preview:-1"},"canonical":"https:\/\/www.meydan.tv\/az\/article\/aki-is-adamlarini-kinoya-celb-etmek-isteyir\/","og_locale":"az_AZ","og_type":"article","og_title":"AK\u0130 i\u015f adamlar\u0131n\u0131 kinoya c\u0259lb etm\u0259k ist\u0259yir - MEYDAN.TV","og_description":"\u018fli \u0130sa Cabbarov: &#8220;M\u0259qs\u0259d rejissorlar\u0131n maliyy\u0259 problemini h\u0259ll etm\u0259kdir&#8221; Kinematoqrafiya ... Davam\u0131","og_url":"https:\/\/www.meydan.tv\/az\/article\/aki-is-adamlarini-kinoya-celb-etmek-isteyir\/","og_site_name":"MEYDAN.TV","article_published_time":"2023-12-19T12:29:30+00:00","article_modified_time":"2023-12-19T12:29:33+00:00","og_image":[{"width":1200,"height":800,"url":"https:\/\/www.meydan.tv\/wp-content\/uploads\/398189845_735922308577775_7864337001593710936_n.jpg","type":"image\/jpeg"}],"author":"elli","twitter_card":"summary_large_image","twitter_creator":"@elli","schema":{"@context":"https:\/\/schema.org","@graph":[{"@type":"Article","@id":"https:\/\/www.meydan.tv\/az\/article\/aki-is-adamlarini-kinoya-celb-etmek-isteyir\/#article","isPartOf":{"@id":"https:\/\/www.meydan.tv\/az\/article\/aki-is-adamlarini-kinoya-celb-etmek-isteyir\/"},"author":{"name":"elli","@id":"https:\/\/www.meydan.tv\/az\/#\/schema\/person\/9cdbecf90d17180ce1dfbd95b08dcf47"},"headline":"AK\u0130 i\u015f adamlar\u0131n\u0131 kinoya c\u0259lb etm\u0259k ist\u0259yir","datePublished":"2023-12-19T12:29:30+00:00","dateModified":"2023-12-19T12:29:33+00:00","mainEntityOfPage":{"@id":"https:\/\/www.meydan.tv\/az\/article\/aki-is-adamlarini-kinoya-celb-etmek-isteyir\/"},"wordCount":549,"publisher":{"@id":"https:\/\/www.meydan.tv\/az\/#organization"},"image":{"@id":"https:\/\/www.meydan.tv\/az\/article\/aki-is-adamlarini-kinoya-celb-etmek-isteyir\/#primaryimage"},"thumbnailUrl":"https:\/\/www.meydan.tv\/wp-content\/uploads\/398189845_735922308577775_7864337001593710936_n.jpg","articleSection":["M\u0259d\u0259niyy\u0259t","X\u0259b\u0259rl\u0259r"],"inLanguage":"az"},{"@type":"WebPage","@id":"https:\/\/www.meydan.tv\/az\/article\/aki-is-adamlarini-kinoya-celb-etmek-isteyir\/","url":"https:\/\/www.meydan.tv\/az\/article\/aki-is-adamlarini-kinoya-celb-etmek-isteyir\/","name":"AK\u0130 i\u015f adamlar\u0131n\u0131 kinoya c\u0259lb etm\u0259k ist\u0259yir - MEYDAN.TV","isPartOf":{"@id":"https:\/\/www.meydan.tv\/az\/#website"},"primaryImageOfPage":{"@id":"https:\/\/www.meydan.tv\/az\/article\/aki-is-adamlarini-kinoya-celb-etmek-isteyir\/#primaryimage"},"image":{"@id":"https:\/\/www.meydan.tv\/az\/article\/aki-is-adamlarini-kinoya-celb-etmek-isteyir\/#primaryimage"},"thumbnailUrl":"https:\/\/www.meydan.tv\/wp-content\/uploads\/398189845_735922308577775_7864337001593710936_n.jpg","datePublished":"2023-12-19T12:29:30+00:00","dateModified":"2023-12-19T12:29:33+00:00","breadcrumb":{"@id":"https:\/\/www.meydan.tv\/az\/article\/aki-is-adamlarini-kinoya-celb-etmek-isteyir\/#breadcrumb"},"inLanguage":"az","potentialAction":[{"@type":"ReadAction","target":["https:\/\/www.meydan.tv\/az\/article\/aki-is-adamlarini-kinoya-celb-etmek-isteyir\/"]}]},{"@type":"ImageObject","inLanguage":"az","@id":"https:\/\/www.meydan.tv\/az\/article\/aki-is-adamlarini-kinoya-celb-etmek-isteyir\/#primaryimage","url":"https:\/\/www.meydan.tv\/wp-content\/uploads\/398189845_735922308577775_7864337001593710936_n.jpg","contentUrl":"https:\/\/www.meydan.tv\/wp-content\/uploads\/398189845_735922308577775_7864337001593710936_n.jpg","width":1200,"height":800,"caption":"Foto: Az\u0259rbaycan Kinematoqraf\u00e7\u0131lar \u0130ttifaq\u0131 (AK\u0130)"},{"@type":"BreadcrumbList","@id":"https:\/\/www.meydan.tv\/az\/article\/aki-is-adamlarini-kinoya-celb-etmek-isteyir\/#breadcrumb","itemListElement":[{"@type":"ListItem","position":1,"name":"Ana s\u0259hif\u0259","item":"https:\/\/www.meydan.tv\/az\/"},{"@type":"ListItem","position":2,"name":"M\u0259d\u0259niyy\u0259t","item":"https:\/\/www.meydan.tv\/az\/section\/medeniyyet\/"},{"@type":"ListItem","position":3,"name":"AK\u0130 i\u015f adamlar\u0131n\u0131 kinoya c\u0259lb etm\u0259k ist\u0259yir"}]},{"@type":"WebSite","@id":"https:\/\/www.meydan.tv\/az\/#website","url":"https:\/\/www.meydan.tv\/az\/","name":"MEYDAN.TV","description":"Meydan TV Az\u0259rbaycan\u0131n media m\u0259kan\u0131ndak\u0131 alternativ s\u0259sidir","publisher":{"@id":"https:\/\/www.meydan.tv\/az\/#organization"},"potentialAction":[{"@type":"SearchAction","target":{"@type":"EntryPoint","urlTemplate":"https:\/\/www.meydan.tv\/az\/?s={search_term_string}"},"query-input":{"@type":"PropertyValueSpecification","valueRequired":true,"valueName":"search_term_string"}}],"inLanguage":"az"},{"@type":"Organization","@id":"https:\/\/www.meydan.tv\/az\/#organization","name":"Meydan TV","url":"https:\/\/www.meydan.tv\/az\/","logo":{"@type":"ImageObject","inLanguage":"az","@id":"https:\/\/www.meydan.tv\/az\/#\/schema\/logo\/image\/","url":"https:\/\/www.meydan.tv\/wp-content\/uploads\/2021\/07\/meydan-logo.svg","contentUrl":"https:\/\/www.meydan.tv\/wp-content\/uploads\/2021\/07\/meydan-logo.svg","width":195,"height":46,"caption":"Meydan TV"},"image":{"@id":"https:\/\/www.meydan.tv\/az\/#\/schema\/logo\/image\/"}},{"@type":"Person","@id":"https:\/\/www.meydan.tv\/az\/#\/schema\/person\/9cdbecf90d17180ce1dfbd95b08dcf47","name":"elli","sameAs":["https:\/\/x.com\/elli"]}]}},"_links":{"self":[{"href":"https:\/\/www.meydan.tv\/az\/wp-json\/wp\/v2\/posts\/293432","targetHints":{"allow":["GET"]}}],"collection":[{"href":"https:\/\/www.meydan.tv\/az\/wp-json\/wp\/v2\/posts"}],"about":[{"href":"https:\/\/www.meydan.tv\/az\/wp-json\/wp\/v2\/types\/post"}],"author":[{"embeddable":true,"href":"https:\/\/www.meydan.tv\/az\/wp-json\/wp\/v2\/users\/8"}],"replies":[{"embeddable":true,"href":"https:\/\/www.meydan.tv\/az\/wp-json\/wp\/v2\/comments?post=293432"}],"version-history":[{"count":3,"href":"https:\/\/www.meydan.tv\/az\/wp-json\/wp\/v2\/posts\/293432\/revisions"}],"predecessor-version":[{"id":293437,"href":"https:\/\/www.meydan.tv\/az\/wp-json\/wp\/v2\/posts\/293432\/revisions\/293437"}],"wp:featuredmedia":[{"embeddable":true,"href":"https:\/\/www.meydan.tv\/az\/wp-json\/wp\/v2\/media\/289734"}],"wp:attachment":[{"href":"https:\/\/www.meydan.tv\/az\/wp-json\/wp\/v2\/media?parent=293432"}],"wp:term":[{"taxonomy":"category","embeddable":true,"href":"https:\/\/www.meydan.tv\/az\/wp-json\/wp\/v2\/categories?post=293432"},{"taxonomy":"post_tag","embeddable":true,"href":"https:\/\/www.meydan.tv\/az\/wp-json\/wp\/v2\/tags?post=293432"}],"curies":[{"name":"wp","href":"https:\/\/api.w.org\/{rel}","templated":true}]}}