{"id":293409,"date":"2023-12-19T14:11:24","date_gmt":"2023-12-19T10:11:24","guid":{"rendered":"https:\/\/www.meydan.tv\/?p=293409"},"modified":"2023-12-19T14:19:36","modified_gmt":"2023-12-19T10:19:36","slug":"eziz-orucova-da-qacaqmalciliq-ittihaminin-verildiyi-bildirilir","status":"publish","type":"post","link":"https:\/\/www.meydan.tv\/az\/article\/eziz-orucova-da-qacaqmalciliq-ittihaminin-verildiyi-bildirilir\/","title":{"rendered":"\u018fziz Orucova da qa\u00e7aqmal\u00e7\u0131l\u0131q ittiham\u0131n\u0131n verildiyi bildirilir"},"content":{"rendered":"\n<p><\/p>\n\n\n\n<p><strong><em>\u0130\u015fl\u0259 ba\u011fl\u0131 dindirilm\u0259l\u0259r apar\u0131l\u0131r<\/em><\/strong><\/p>\n\n\n\n<p>\u201cKanal 13\u201d internet televiziyas\u0131n\u0131n icra\u00e7\u0131 direktoru, bir aya yax\u0131nd\u0131r ki, h\u0259bsd\u0259 olan \u018fziz Orucova \u0259lav\u0259 ittiham\u0131n verildiyi bildirilir.<\/p>\n\n\n\n<p>Meydan TV-nin \u0259ld\u0259 etdiyi m\u0259lumata g\u00f6r\u0259, \u018fziz Orucova Cinay\u0259t M\u0259c\u0259ll\u0259sinin 206.3.2 (qa\u00e7aqmal\u00e7\u0131l\u0131q &#8211; qabaqcadan \u0259lbir olan bir qrup \u015f\u0259xs t\u0259r\u0259find\u0259n t\u00f6r\u0259dildikd\u0259) madd\u0259sil\u0259 \u0259lav\u0259 ittiham verilib.<\/p>\n\n\n\n<p>Bu madd\u0259d\u0259 5 ild\u0259n 8 il\u0259 q\u0259d\u0259r azadl\u0131qdan m\u0259hrumetm\u0259 c\u0259zas\u0131 n\u0259z\u0259rd\u0259 tutulub.<\/p>\n\n\n\n<p>Jurnalistin Almaniyada ya\u015fayan qarda\u015f\u0131, \u201cKanal 13\u201d\u00fcn t\u0259sis\u00e7isi Anar Orucov da bel\u0259 bir ittiham\u0131n veril\u0259 bil\u0259c\u0259yini qeyd etmi\u015fdi.<\/p>\n\n\n\n<p><em>\u201cBu d\u0259qiql\u0259rd\u0259 S\u0259bail Rayon Polis idar\u0259sind\u0259 \u018fziz Orucova qar\u015f\u0131 yeni ittiham ir\u0259li s\u00fcr\u00fcl\u00fcr. Cinay\u0259t M\u0259c\u0259ll\u0259sinin 206.2-ci madd\u0259sinin verilm\u0259si \u00fc\u00e7\u00fcn haz\u0131rl\u0131qlar g\u00f6r\u00fcl\u00fcr, dindirilm\u0259l\u0259r apar\u0131l\u0131r\u201d, <\/em>&#8211; Anar Orucovun s\u00f6zl\u0259ridir.<\/p>\n\n\n\n<p>V\u0259kili B\u0259hruz Bayramov is\u0259 Meydan TV-y\u0259 deyib ki, haz\u0131rda \u018fziz Orucovun i\u015fi \u00fczr\u0259 istintaq h\u0259r\u0259k\u0259tl\u0259ri ke\u00e7irilir:<\/p>\n\n\n\n<p><em>\u201cHaz\u0131rda m\u0259n d\u0259 istintaqdayam&#8230;\u201d<\/em>.<\/p>\n\n\n\n<p>\u018fziz Orucov noyabr\u0131n 27-d\u0259 saxlan\u0131l\u0131b, ert\u0259si g\u00fcn S\u0259bail Rayon M\u0259hk\u0259m\u0259sind\u0259 onun bar\u0259sind\u0259 ilkin istintaq d\u00f6vr\u00fc \u00fc\u00e7\u00fcn 3 ayl\u0131q h\u0259bs q\u0259timkan t\u0259dbiri se\u00e7ilib.<\/p>\n\n\n\n<p>\u0130nternet televiziyas\u0131n\u0131n icra\u00e7\u0131 direktoruna qar\u015f\u0131 Cinay\u0259t M\u0259c\u0259ll\u0259sinin 188.2 (M\u00fclkiyy\u0259t, istifad\u0259 v\u0259 ya icar\u0259 h\u00fcququ olmadan torpaq sah\u0259si \u00fcz\u0259rind\u0259 \u00f6zba\u015f\u0131na tikinti v\u0259 ya qura\u015fd\u0131rma i\u015fl\u0259ri aparma) madd\u0259sil\u0259 ittiham verilib.<\/p>\n\n\n\n<p>\u0130ttihamda g\u00f6st\u0259rilib ki, o, S\u0259bail rayonu \u0259razisind\u0259 tikinti \u00fc\u00e7\u00fcn d\u00f6vl\u0259t orqanlar\u0131n\u0131n icaz\u0259si olmadan ev in\u015fa etdirib.<\/p>\n\n\n\n<p>\u018fziz Orucov is\u0259 bu ittiham\u0131n absurd oldu\u011funu bildirib, h\u0259bsini r\u0259hb\u0259rlik etdiyi kanal\u0131n f\u0259aliyy\u0259til\u0259 \u0259laq\u0259l\u0259ndirib.<\/p>\n\n\n\n<p>O vur\u011fulay\u0131b ki, jurnalist f\u0259aliyy\u0259tin\u0259 g\u00f6r\u0259 c\u0259zaland\u0131r\u0131l\u0131b.<\/p>\n\n\n\n<p>El\u0259 v\u0259kili B\u0259hruz Bayramov da bu ittiham\u0131 \u0259sass\u0131z say\u0131r.<\/p>\n\n\n<div class=\"wp-block-image\">\n<figure class=\"alignleft size-full is-resized\"><img decoding=\"async\" width=\"650\" height=\"366\" data-src=\"https:\/\/www.meydan.tv\/wp-content\/uploads\/44353.jpg\" alt=\"B\u0259hruz Bayramov\" class=\"wp-image-111476 lazyload\" style=\"--smush-placeholder-width: 650px; --smush-placeholder-aspect-ratio: 650\/366;width:393px;height:auto\" src=\"data:image\/svg+xml;base64,PHN2ZyB3aWR0aD0iMSIgaGVpZ2h0PSIxIiB4bWxucz0iaHR0cDovL3d3dy53My5vcmcvMjAwMC9zdmciPjwvc3ZnPg==\" \/><figcaption class=\"wp-element-caption\">Foto: B\u0259hruz Bayramovun \u015f\u0259xsi arxivind\u0259n <\/figcaption><\/figure>\n<\/div>\n\n\n<p>Onun s\u00f6zl\u0259rin\u0259 g\u00f6r\u0259, \u018fziz Orucovun ev tikdiyi \u0259razid\u0259 2000-\u0259 yax\u0131n tikili var. H\u0259min evl\u0259rin d\u0259 icaz\u0259 s\u0259n\u0259dl\u0259ri yoxdur:<\/p>\n\n\n\n<p>\u201c<em>Bak\u0131da v\u0259 Ab\u015feron yar\u0131madas\u0131nda icaz\u0259siz tikilmi\u015f 500 min\u0259 yax\u0131n ev var. O zaman h\u0259min evl\u0259rd\u0259 ya\u015fayan y\u00fczminl\u0259rl\u0259 adam h\u0259bs olunmal\u0131d\u0131r? 1 il 7 ay \u0259rzind\u0259 tikinti ged\u0259n vaxtda b\u0259l\u0259diyy\u0259, d\u00f6vl\u0259t orqanlar\u0131 hara bax\u0131rd\u0131? Lap tutaq ki, qanunsuz ev tikm\u0259y\u0259 g\u00f6r\u0259 saxlan\u0131l\u0131r. O zaman evind\u0259 sanki terror\u00e7uymu\u015f kimi axtar\u0131\u015f axtar\u0131\u015f n\u0259 idi?\u201d.<\/em><\/p>\n\n\n\n<p>\u0130ddia olunur ki, ev tikil\u0259n \u0259razid\u0259 ya\u015fayan \u015f\u0259xsl\u0259r \u018fziz Orucovdan \u015fikay\u0259t\u00e7i olub.<\/p>\n\n\n\n<p>\u201c<em>B\u0259s o adamlar\u0131n ev tikm\u0259k \u00fc\u00e7\u00fcn icaz\u0259si olubmu? Onlar da s\u0259n\u0259dsiz evl\u0259rd\u0259 ya\u015fay\u0131rsa, m\u00fclkiyy\u0259t h\u00fcquqlar\u0131n\u0131 t\u0259sdiql\u0259y\u0259n \u00e7\u0131xar\u0131\u015f yoxdursa, hans\u0131 \u0259sasla bu adamlar\u0131n \u015fikay\u0259tl\u0259ri q\u0259bul olunur?\u201d, <\/em>&#8211; v\u0259kil \u0259lav\u0259 edib.<\/p>\n\n\n\n<p>Noyabr\u0131n 27-d\u0259 ax\u015fam saat 18.00 rad\u0259l\u0259rind\u0259 \u018fziz Orucovun ya\u015fad\u0131\u011f\u0131 evd\u0259, ard\u0131nca da \u201cKanal 13\u201d\u00fcn ofisind\u0259 axtar\u0131\u015f apar\u0131l\u0131b.<\/p>\n\n\n\n<p>\u018fziz Orucov 2017-ci ilin may\u0131nda \u0259vv\u0259lc\u0259 30 g\u00fcn inzibati h\u0259bs c\u0259zas\u0131 alm\u0131\u015fd\u0131.<\/p>\n\n\n\n<p>Bu c\u0259za bitdiyi g\u00fcn &#8211; iyunun 1-d\u0259 onun bar\u0259sind\u0259 cinay\u0259t i\u015fi ba\u015flanm\u0131\u015f, Cinay\u0259t M\u0259c\u0259ll\u0259sinin 192 (qanunsuz sahibkarl\u0131q) v\u0259 308-ci (v\u0259zif\u0259 s\u0259lahiyy\u0259tl\u0259rind\u0259n sui-istifad\u0259) madd\u0259l\u0259ri il\u0259 ittiham ir\u0259li s\u00fcr\u00fclm\u00fc\u015fd\u00fc.<\/p>\n\n\n\n<p>Ona bu ittihamlarla 6 il azadl\u0131qdan m\u0259hrumetm\u0259 c\u0259zas\u0131 verils\u0259 d\u0259, Ali M\u0259hk\u0259m\u0259nin q\u0259rar\u0131yla 2018-ci ilin aprelind\u0259 \u015f\u0259rti c\u0259za il\u0259 h\u0259bsd\u0259n burax\u0131l\u0131b.<\/p>\n\n\n\n<p>O zaman da \u018fziz Orucov ittihamlar\u0131 q\u0259bul etmir, r\u0259hb\u0259rlik etdiyi internet televiziyas\u0131n\u0131n t\u0259nqid\u00e7i f\u0259aliyy\u0259tin\u0259 g\u00f6r\u0259 c\u0259zaland\u0131r\u0131ld\u0131\u011f\u0131n\u0131 bildirirdi.<\/p>\n\n\n\n<p>Son bir ay \u0259rzind\u0259 Az\u0259rbaycanda \u00e7oxsayl\u0131 jurnalistl\u0259r h\u0259bs olunub. Onlar\u0131n aras\u0131nda korrupsiya ara\u015fd\u0131rmalar\u0131yla tan\u0131nan \u201cAbzasMedia\u201dn\u0131n direktoru \u00dclvi H\u0259s\u0259nli v\u0259 ba\u015f redaktoru Sevinc Vaqifq\u0131z\u0131, sayt\u0131n layih\u0259 r\u0259hb\u0259ri M\u0259h\u0259mm\u0259d Kekalov, ara\u015fd\u0131rma\u00e7\u0131 jurnalist Hafiz Babal\u0131, jurnalist N\u0259rgiz Absalamova, bir s\u0131ra internet televiziyalar\u0131 il\u0259 \u0259m\u0259kda\u015fl\u0131q ed\u0259n reportyor Teymur K\u0259rimov, \u201cKanal 13\u201d\u00fcn apar\u0131c\u0131s\u0131 R\u00fcf\u0259t Muradl\u0131 da var.<\/p>\n\n\n\n<p>Jurnalistl\u0259rl\u0259 yana\u015f\u0131, Milli \u015euran\u0131n v\u0259 M\u00fcsavat Partiyas\u0131n\u0131n \u00fczv\u00fc Tofiq Yaqublu, ictimai f\u0259al M\u00f6hy\u0259ddin Orucov da son bir h\u0259ft\u0259 \u0259rzind\u0259 h\u0259bs olunanlardand\u0131r.<\/p>\n\n\n\n<p>\u00dclvi H\u0259s\u0259nli, Sevinc Vaqifq\u0131z\u0131, M\u0259h\u0259mm\u0259d Kekalov, N\u0259rgiz Absalamova v\u0259 Hafiz Babal\u0131 eyni cinay\u0259t i\u015fi \u00fczr\u0259 h\u0259bs edilib v\u0259 onlara qa\u00e7aqmal\u00e7\u0131l\u0131q ittiham\u0131 verilib. Teymur K\u0259rimov h\u0259d\u0259-qorxu il\u0259 pul t\u0259l\u0259b etm\u0259kd\u0259 t\u0259qsirl\u0259ndirilir.<\/p>\n\n\n\n<p>R\u00fcf\u0259t Muradl\u0131 is\u0259 polis\u0259 m\u00fcqavim\u0259t ittiham\u0131yla c\u0259zaland\u0131r\u0131l\u0131b.<\/p>\n\n\n\n<p>Jurnalistl\u0259rin ham\u0131s\u0131 bu ittihamlar\u0131 r\u0259dd edir, sifari\u015fl\u0259 h\u0259bs olunduqlar\u0131n\u0131 deyirl\u0259r.<\/p>\n","protected":false},"excerpt":{"rendered":"<p>\u0130\u015fl\u0259 ba\u011fl\u0131 dindirilm\u0259l\u0259r apar\u0131l\u0131r \u201cKanal 13\u201d internet televiziyas\u0131n\u0131n icra\u00e7\u0131 direktoru, &#8230; <\/p>\n<p class=\"read-more-container\"><a title=\"\u018fziz Orucova da qa\u00e7aqmal\u00e7\u0131l\u0131q ittiham\u0131n\u0131n verildiyi bildirilir\" class=\"read-more button\" href=\"https:\/\/www.meydan.tv\/az\/article\/eziz-orucova-da-qacaqmalciliq-ittihaminin-verildiyi-bildirilir\/#more-293409\" aria-label=\"Read more about \u018fziz Orucova da qa\u00e7aqmal\u00e7\u0131l\u0131q ittiham\u0131n\u0131n verildiyi bildirilir\">Davam\u0131<\/a><\/p>\n","protected":false},"author":8,"featured_media":291585,"comment_status":"closed","ping_status":"closed","sticky":false,"template":"","format":"standard","meta":{"_acf_changed":false,"_sitemap_exclude":false,"_sitemap_priority":"","_sitemap_frequency":"","footnotes":""},"categories":[59,79,56],"tags":[],"class_list":["post-293409","post","type-post","status-publish","format-standard","has-post-thumbnail","hentry","category-siyaset","category-featured","category-xeberler","infinite-scroll-item","generate-columns","tablet-grid-50","mobile-grid-100","grid-parent","grid-33","no-featured-image-padding"],"acf":[],"yoast_head":"<!-- This site is optimized with the Yoast SEO plugin v27.4 - https:\/\/yoast.com\/product\/yoast-seo-wordpress\/ -->\n<title>\u018fziz Orucova da qa\u00e7aqmal\u00e7\u0131l\u0131q ittiham\u0131n\u0131n verildiyi bildirilir - MEYDAN.TV<\/title>\n<meta name=\"robots\" content=\"index, follow, max-snippet:-1, max-image-preview:large, max-video-preview:-1\" \/>\n<link rel=\"canonical\" href=\"https:\/\/www.meydan.tv\/az\/article\/eziz-orucova-da-qacaqmalciliq-ittihaminin-verildiyi-bildirilir\/\" \/>\n<meta property=\"og:locale\" content=\"az_AZ\" \/>\n<meta property=\"og:type\" content=\"article\" \/>\n<meta property=\"og:title\" content=\"\u018fziz Orucova da qa\u00e7aqmal\u00e7\u0131l\u0131q ittiham\u0131n\u0131n verildiyi bildirilir - MEYDAN.TV\" \/>\n<meta property=\"og:description\" content=\"\u0130\u015fl\u0259 ba\u011fl\u0131 dindirilm\u0259l\u0259r apar\u0131l\u0131r \u201cKanal 13\u201d internet televiziyas\u0131n\u0131n icra\u00e7\u0131 direktoru, ... Davam\u0131\" \/>\n<meta property=\"og:url\" content=\"https:\/\/www.meydan.tv\/az\/article\/eziz-orucova-da-qacaqmalciliq-ittihaminin-verildiyi-bildirilir\/\" \/>\n<meta property=\"og:site_name\" content=\"MEYDAN.TV\" \/>\n<meta property=\"article:published_time\" content=\"2023-12-19T10:11:24+00:00\" \/>\n<meta property=\"article:modified_time\" content=\"2023-12-19T10:19:36+00:00\" \/>\n<meta property=\"og:image\" content=\"https:\/\/www.meydan.tv\/wp-content\/uploads\/img_0647-scaled-e1702980164171.jpg\" \/>\n\t<meta property=\"og:image:width\" content=\"2560\" \/>\n\t<meta property=\"og:image:height\" content=\"1096\" \/>\n\t<meta property=\"og:image:type\" content=\"image\/jpeg\" \/>\n<meta name=\"author\" content=\"elli\" \/>\n<meta name=\"twitter:card\" content=\"summary_large_image\" \/>\n<meta name=\"twitter:creator\" content=\"@elli\" \/>\n<script type=\"application\/ld+json\" class=\"yoast-schema-graph\">{\"@context\":\"https:\\\/\\\/schema.org\",\"@graph\":[{\"@type\":\"Article\",\"@id\":\"https:\\\/\\\/www.meydan.tv\\\/az\\\/article\\\/eziz-orucova-da-qacaqmalciliq-ittihaminin-verildiyi-bildirilir\\\/#article\",\"isPartOf\":{\"@id\":\"https:\\\/\\\/www.meydan.tv\\\/az\\\/article\\\/eziz-orucova-da-qacaqmalciliq-ittihaminin-verildiyi-bildirilir\\\/\"},\"author\":{\"name\":\"elli\",\"@id\":\"https:\\\/\\\/www.meydan.tv\\\/az\\\/#\\\/schema\\\/person\\\/9cdbecf90d17180ce1dfbd95b08dcf47\"},\"headline\":\"\u018fziz Orucova da qa\u00e7aqmal\u00e7\u0131l\u0131q ittiham\u0131n\u0131n verildiyi bildirilir\",\"datePublished\":\"2023-12-19T10:11:24+00:00\",\"dateModified\":\"2023-12-19T10:19:36+00:00\",\"mainEntityOfPage\":{\"@id\":\"https:\\\/\\\/www.meydan.tv\\\/az\\\/article\\\/eziz-orucova-da-qacaqmalciliq-ittihaminin-verildiyi-bildirilir\\\/\"},\"wordCount\":896,\"publisher\":{\"@id\":\"https:\\\/\\\/www.meydan.tv\\\/az\\\/#organization\"},\"image\":{\"@id\":\"https:\\\/\\\/www.meydan.tv\\\/az\\\/article\\\/eziz-orucova-da-qacaqmalciliq-ittihaminin-verildiyi-bildirilir\\\/#primaryimage\"},\"thumbnailUrl\":\"https:\\\/\\\/www.meydan.tv\\\/wp-content\\\/uploads\\\/img_0647-scaled-e1702980164171.jpg\",\"articleSection\":[\"Siyas\u0259t\",\"T\u00f6vsiy\u0259\",\"X\u0259b\u0259rl\u0259r\"],\"inLanguage\":\"az\"},{\"@type\":\"WebPage\",\"@id\":\"https:\\\/\\\/www.meydan.tv\\\/az\\\/article\\\/eziz-orucova-da-qacaqmalciliq-ittihaminin-verildiyi-bildirilir\\\/\",\"url\":\"https:\\\/\\\/www.meydan.tv\\\/az\\\/article\\\/eziz-orucova-da-qacaqmalciliq-ittihaminin-verildiyi-bildirilir\\\/\",\"name\":\"\u018fziz Orucova da qa\u00e7aqmal\u00e7\u0131l\u0131q ittiham\u0131n\u0131n verildiyi bildirilir - MEYDAN.TV\",\"isPartOf\":{\"@id\":\"https:\\\/\\\/www.meydan.tv\\\/az\\\/#website\"},\"primaryImageOfPage\":{\"@id\":\"https:\\\/\\\/www.meydan.tv\\\/az\\\/article\\\/eziz-orucova-da-qacaqmalciliq-ittihaminin-verildiyi-bildirilir\\\/#primaryimage\"},\"image\":{\"@id\":\"https:\\\/\\\/www.meydan.tv\\\/az\\\/article\\\/eziz-orucova-da-qacaqmalciliq-ittihaminin-verildiyi-bildirilir\\\/#primaryimage\"},\"thumbnailUrl\":\"https:\\\/\\\/www.meydan.tv\\\/wp-content\\\/uploads\\\/img_0647-scaled-e1702980164171.jpg\",\"datePublished\":\"2023-12-19T10:11:24+00:00\",\"dateModified\":\"2023-12-19T10:19:36+00:00\",\"breadcrumb\":{\"@id\":\"https:\\\/\\\/www.meydan.tv\\\/az\\\/article\\\/eziz-orucova-da-qacaqmalciliq-ittihaminin-verildiyi-bildirilir\\\/#breadcrumb\"},\"inLanguage\":\"az\",\"potentialAction\":[{\"@type\":\"ReadAction\",\"target\":[\"https:\\\/\\\/www.meydan.tv\\\/az\\\/article\\\/eziz-orucova-da-qacaqmalciliq-ittihaminin-verildiyi-bildirilir\\\/\"]}]},{\"@type\":\"ImageObject\",\"inLanguage\":\"az\",\"@id\":\"https:\\\/\\\/www.meydan.tv\\\/az\\\/article\\\/eziz-orucova-da-qacaqmalciliq-ittihaminin-verildiyi-bildirilir\\\/#primaryimage\",\"url\":\"https:\\\/\\\/www.meydan.tv\\\/wp-content\\\/uploads\\\/img_0647-scaled-e1702980164171.jpg\",\"contentUrl\":\"https:\\\/\\\/www.meydan.tv\\\/wp-content\\\/uploads\\\/img_0647-scaled-e1702980164171.jpg\",\"width\":2560,\"height\":1096,\"caption\":\"\u018fziz Orucov. Foto: Meydan TV\"},{\"@type\":\"BreadcrumbList\",\"@id\":\"https:\\\/\\\/www.meydan.tv\\\/az\\\/article\\\/eziz-orucova-da-qacaqmalciliq-ittihaminin-verildiyi-bildirilir\\\/#breadcrumb\",\"itemListElement\":[{\"@type\":\"ListItem\",\"position\":1,\"name\":\"Ana s\u0259hif\u0259\",\"item\":\"https:\\\/\\\/www.meydan.tv\\\/az\\\/\"},{\"@type\":\"ListItem\",\"position\":2,\"name\":\"Siyas\u0259t\",\"item\":\"https:\\\/\\\/www.meydan.tv\\\/az\\\/section\\\/siyaset\\\/\"},{\"@type\":\"ListItem\",\"position\":3,\"name\":\"\u018fziz Orucova da qa\u00e7aqmal\u00e7\u0131l\u0131q ittiham\u0131n\u0131n verildiyi bildirilir\"}]},{\"@type\":\"WebSite\",\"@id\":\"https:\\\/\\\/www.meydan.tv\\\/az\\\/#website\",\"url\":\"https:\\\/\\\/www.meydan.tv\\\/az\\\/\",\"name\":\"MEYDAN.TV\",\"description\":\"Meydan TV Az\u0259rbaycan\u0131n media m\u0259kan\u0131ndak\u0131 alternativ s\u0259sidir\",\"publisher\":{\"@id\":\"https:\\\/\\\/www.meydan.tv\\\/az\\\/#organization\"},\"potentialAction\":[{\"@type\":\"SearchAction\",\"target\":{\"@type\":\"EntryPoint\",\"urlTemplate\":\"https:\\\/\\\/www.meydan.tv\\\/az\\\/?s={search_term_string}\"},\"query-input\":{\"@type\":\"PropertyValueSpecification\",\"valueRequired\":true,\"valueName\":\"search_term_string\"}}],\"inLanguage\":\"az\"},{\"@type\":\"Organization\",\"@id\":\"https:\\\/\\\/www.meydan.tv\\\/az\\\/#organization\",\"name\":\"Meydan TV\",\"url\":\"https:\\\/\\\/www.meydan.tv\\\/az\\\/\",\"logo\":{\"@type\":\"ImageObject\",\"inLanguage\":\"az\",\"@id\":\"https:\\\/\\\/www.meydan.tv\\\/az\\\/#\\\/schema\\\/logo\\\/image\\\/\",\"url\":\"https:\\\/\\\/www.meydan.tv\\\/wp-content\\\/uploads\\\/2021\\\/07\\\/meydan-logo.svg\",\"contentUrl\":\"https:\\\/\\\/www.meydan.tv\\\/wp-content\\\/uploads\\\/2021\\\/07\\\/meydan-logo.svg\",\"width\":195,\"height\":46,\"caption\":\"Meydan TV\"},\"image\":{\"@id\":\"https:\\\/\\\/www.meydan.tv\\\/az\\\/#\\\/schema\\\/logo\\\/image\\\/\"}},{\"@type\":\"Person\",\"@id\":\"https:\\\/\\\/www.meydan.tv\\\/az\\\/#\\\/schema\\\/person\\\/9cdbecf90d17180ce1dfbd95b08dcf47\",\"name\":\"elli\",\"sameAs\":[\"https:\\\/\\\/x.com\\\/elli\"]}]}<\/script>\n<!-- \/ Yoast SEO plugin. -->","yoast_head_json":{"title":"\u018fziz Orucova da qa\u00e7aqmal\u00e7\u0131l\u0131q ittiham\u0131n\u0131n verildiyi bildirilir - MEYDAN.TV","robots":{"index":"index","follow":"follow","max-snippet":"max-snippet:-1","max-image-preview":"max-image-preview:large","max-video-preview":"max-video-preview:-1"},"canonical":"https:\/\/www.meydan.tv\/az\/article\/eziz-orucova-da-qacaqmalciliq-ittihaminin-verildiyi-bildirilir\/","og_locale":"az_AZ","og_type":"article","og_title":"\u018fziz Orucova da qa\u00e7aqmal\u00e7\u0131l\u0131q ittiham\u0131n\u0131n verildiyi bildirilir - MEYDAN.TV","og_description":"\u0130\u015fl\u0259 ba\u011fl\u0131 dindirilm\u0259l\u0259r apar\u0131l\u0131r \u201cKanal 13\u201d internet televiziyas\u0131n\u0131n icra\u00e7\u0131 direktoru, ... Davam\u0131","og_url":"https:\/\/www.meydan.tv\/az\/article\/eziz-orucova-da-qacaqmalciliq-ittihaminin-verildiyi-bildirilir\/","og_site_name":"MEYDAN.TV","article_published_time":"2023-12-19T10:11:24+00:00","article_modified_time":"2023-12-19T10:19:36+00:00","og_image":[{"width":2560,"height":1096,"url":"https:\/\/www.meydan.tv\/wp-content\/uploads\/img_0647-scaled-e1702980164171.jpg","type":"image\/jpeg"}],"author":"elli","twitter_card":"summary_large_image","twitter_creator":"@elli","schema":{"@context":"https:\/\/schema.org","@graph":[{"@type":"Article","@id":"https:\/\/www.meydan.tv\/az\/article\/eziz-orucova-da-qacaqmalciliq-ittihaminin-verildiyi-bildirilir\/#article","isPartOf":{"@id":"https:\/\/www.meydan.tv\/az\/article\/eziz-orucova-da-qacaqmalciliq-ittihaminin-verildiyi-bildirilir\/"},"author":{"name":"elli","@id":"https:\/\/www.meydan.tv\/az\/#\/schema\/person\/9cdbecf90d17180ce1dfbd95b08dcf47"},"headline":"\u018fziz Orucova da qa\u00e7aqmal\u00e7\u0131l\u0131q ittiham\u0131n\u0131n verildiyi bildirilir","datePublished":"2023-12-19T10:11:24+00:00","dateModified":"2023-12-19T10:19:36+00:00","mainEntityOfPage":{"@id":"https:\/\/www.meydan.tv\/az\/article\/eziz-orucova-da-qacaqmalciliq-ittihaminin-verildiyi-bildirilir\/"},"wordCount":896,"publisher":{"@id":"https:\/\/www.meydan.tv\/az\/#organization"},"image":{"@id":"https:\/\/www.meydan.tv\/az\/article\/eziz-orucova-da-qacaqmalciliq-ittihaminin-verildiyi-bildirilir\/#primaryimage"},"thumbnailUrl":"https:\/\/www.meydan.tv\/wp-content\/uploads\/img_0647-scaled-e1702980164171.jpg","articleSection":["Siyas\u0259t","T\u00f6vsiy\u0259","X\u0259b\u0259rl\u0259r"],"inLanguage":"az"},{"@type":"WebPage","@id":"https:\/\/www.meydan.tv\/az\/article\/eziz-orucova-da-qacaqmalciliq-ittihaminin-verildiyi-bildirilir\/","url":"https:\/\/www.meydan.tv\/az\/article\/eziz-orucova-da-qacaqmalciliq-ittihaminin-verildiyi-bildirilir\/","name":"\u018fziz Orucova da qa\u00e7aqmal\u00e7\u0131l\u0131q ittiham\u0131n\u0131n verildiyi bildirilir - MEYDAN.TV","isPartOf":{"@id":"https:\/\/www.meydan.tv\/az\/#website"},"primaryImageOfPage":{"@id":"https:\/\/www.meydan.tv\/az\/article\/eziz-orucova-da-qacaqmalciliq-ittihaminin-verildiyi-bildirilir\/#primaryimage"},"image":{"@id":"https:\/\/www.meydan.tv\/az\/article\/eziz-orucova-da-qacaqmalciliq-ittihaminin-verildiyi-bildirilir\/#primaryimage"},"thumbnailUrl":"https:\/\/www.meydan.tv\/wp-content\/uploads\/img_0647-scaled-e1702980164171.jpg","datePublished":"2023-12-19T10:11:24+00:00","dateModified":"2023-12-19T10:19:36+00:00","breadcrumb":{"@id":"https:\/\/www.meydan.tv\/az\/article\/eziz-orucova-da-qacaqmalciliq-ittihaminin-verildiyi-bildirilir\/#breadcrumb"},"inLanguage":"az","potentialAction":[{"@type":"ReadAction","target":["https:\/\/www.meydan.tv\/az\/article\/eziz-orucova-da-qacaqmalciliq-ittihaminin-verildiyi-bildirilir\/"]}]},{"@type":"ImageObject","inLanguage":"az","@id":"https:\/\/www.meydan.tv\/az\/article\/eziz-orucova-da-qacaqmalciliq-ittihaminin-verildiyi-bildirilir\/#primaryimage","url":"https:\/\/www.meydan.tv\/wp-content\/uploads\/img_0647-scaled-e1702980164171.jpg","contentUrl":"https:\/\/www.meydan.tv\/wp-content\/uploads\/img_0647-scaled-e1702980164171.jpg","width":2560,"height":1096,"caption":"\u018fziz Orucov. Foto: Meydan TV"},{"@type":"BreadcrumbList","@id":"https:\/\/www.meydan.tv\/az\/article\/eziz-orucova-da-qacaqmalciliq-ittihaminin-verildiyi-bildirilir\/#breadcrumb","itemListElement":[{"@type":"ListItem","position":1,"name":"Ana s\u0259hif\u0259","item":"https:\/\/www.meydan.tv\/az\/"},{"@type":"ListItem","position":2,"name":"Siyas\u0259t","item":"https:\/\/www.meydan.tv\/az\/section\/siyaset\/"},{"@type":"ListItem","position":3,"name":"\u018fziz Orucova da qa\u00e7aqmal\u00e7\u0131l\u0131q ittiham\u0131n\u0131n verildiyi bildirilir"}]},{"@type":"WebSite","@id":"https:\/\/www.meydan.tv\/az\/#website","url":"https:\/\/www.meydan.tv\/az\/","name":"MEYDAN.TV","description":"Meydan TV Az\u0259rbaycan\u0131n media m\u0259kan\u0131ndak\u0131 alternativ s\u0259sidir","publisher":{"@id":"https:\/\/www.meydan.tv\/az\/#organization"},"potentialAction":[{"@type":"SearchAction","target":{"@type":"EntryPoint","urlTemplate":"https:\/\/www.meydan.tv\/az\/?s={search_term_string}"},"query-input":{"@type":"PropertyValueSpecification","valueRequired":true,"valueName":"search_term_string"}}],"inLanguage":"az"},{"@type":"Organization","@id":"https:\/\/www.meydan.tv\/az\/#organization","name":"Meydan TV","url":"https:\/\/www.meydan.tv\/az\/","logo":{"@type":"ImageObject","inLanguage":"az","@id":"https:\/\/www.meydan.tv\/az\/#\/schema\/logo\/image\/","url":"https:\/\/www.meydan.tv\/wp-content\/uploads\/2021\/07\/meydan-logo.svg","contentUrl":"https:\/\/www.meydan.tv\/wp-content\/uploads\/2021\/07\/meydan-logo.svg","width":195,"height":46,"caption":"Meydan TV"},"image":{"@id":"https:\/\/www.meydan.tv\/az\/#\/schema\/logo\/image\/"}},{"@type":"Person","@id":"https:\/\/www.meydan.tv\/az\/#\/schema\/person\/9cdbecf90d17180ce1dfbd95b08dcf47","name":"elli","sameAs":["https:\/\/x.com\/elli"]}]}},"_links":{"self":[{"href":"https:\/\/www.meydan.tv\/az\/wp-json\/wp\/v2\/posts\/293409","targetHints":{"allow":["GET"]}}],"collection":[{"href":"https:\/\/www.meydan.tv\/az\/wp-json\/wp\/v2\/posts"}],"about":[{"href":"https:\/\/www.meydan.tv\/az\/wp-json\/wp\/v2\/types\/post"}],"author":[{"embeddable":true,"href":"https:\/\/www.meydan.tv\/az\/wp-json\/wp\/v2\/users\/8"}],"replies":[{"embeddable":true,"href":"https:\/\/www.meydan.tv\/az\/wp-json\/wp\/v2\/comments?post=293409"}],"version-history":[{"count":4,"href":"https:\/\/www.meydan.tv\/az\/wp-json\/wp\/v2\/posts\/293409\/revisions"}],"predecessor-version":[{"id":293416,"href":"https:\/\/www.meydan.tv\/az\/wp-json\/wp\/v2\/posts\/293409\/revisions\/293416"}],"wp:featuredmedia":[{"embeddable":true,"href":"https:\/\/www.meydan.tv\/az\/wp-json\/wp\/v2\/media\/291585"}],"wp:attachment":[{"href":"https:\/\/www.meydan.tv\/az\/wp-json\/wp\/v2\/media?parent=293409"}],"wp:term":[{"taxonomy":"category","embeddable":true,"href":"https:\/\/www.meydan.tv\/az\/wp-json\/wp\/v2\/categories?post=293409"},{"taxonomy":"post_tag","embeddable":true,"href":"https:\/\/www.meydan.tv\/az\/wp-json\/wp\/v2\/tags?post=293409"}],"curies":[{"name":"wp","href":"https:\/\/api.w.org\/{rel}","templated":true}]}}