{"id":293386,"date":"2023-12-18T23:46:06","date_gmt":"2023-12-18T19:46:06","guid":{"rendered":"https:\/\/www.meydan.tv\/?p=293386"},"modified":"2023-12-18T23:46:08","modified_gmt":"2023-12-18T19:46:08","slug":"tek-adama-deyil-huquqa-itaet-edirik","status":"publish","type":"post","link":"https:\/\/www.meydan.tv\/az\/article\/tek-adama-deyil-huquqa-itaet-edirik\/","title":{"rendered":"\u201cT\u0259k adama deyil, h\u00fcquqa ita\u0259t edirik\u201d"},"content":{"rendered":"\n<figure class=\"wp-block-embed is-type-video is-provider-youtube wp-block-embed-youtube wp-embed-aspect-16-9 wp-has-aspect-ratio\"><div class=\"wp-block-embed__wrapper\">\n<iframe title=\"\u201cT\u0259k adama deyil, h\u00fcquqa ita\u0259t edirik\u201d\" width=\"1200\" height=\"675\" data-src=\"https:\/\/www.youtube.com\/embed\/xXr0Ywh5OT8?feature=oembed\" frameborder=\"0\" allow=\"accelerometer; autoplay; clipboard-write; encrypted-media; gyroscope; picture-in-picture; web-share\" allowfullscreen src=\"data:image\/svg+xml;base64,PHN2ZyB3aWR0aD0iMSIgaGVpZ2h0PSIxIiB4bWxucz0iaHR0cDovL3d3dy53My5vcmcvMjAwMC9zdmciPjwvc3ZnPg==\" class=\"lazyload\" data-load-mode=\"1\"><\/iframe>\n<\/div><\/figure>\n\n\n\n<p><\/p>\n\n\n\n<p>\u2018\u2019T\u0259k adama deyil, h\u00fcquqa ita\u0259t edirik\u2019\u2019 sloqan\u0131 il\u0259 yaranan III Respublika Platformas\u0131 dekabr\u0131n 18-d\u0259 m\u0259tbuat konfrans\u0131 ke\u00e7irib. 7 n\u0259f\u0259r Qurucu Hey\u0259td\u0259n ibar\u0259t Platforman\u0131n m\u0259qs\u0259di respublika\u00e7\u0131 prinsipl\u0259rin\u0259 s\u00f6yk\u0259n\u0259n bir sistem yaratmaqd\u0131r. Platforma hesab edir ki, m\u0259rk\u0259zi h\u00f6kum\u0259tl\u0259 yerli h\u00f6kum\u0259tl\u0259r aras\u0131nda g\u00fcc balans\u0131 pozulub. <\/p>\n\n\n\n<p>Platforma \u00fczvl\u0259ri 10 konseptual s\u0259n\u0259d t\u0259qdim edibl\u0259r. Bunlar siyasi sivil azadl\u0131qlar\u0131, ayr\u0131se\u00e7kilik v\u0259 nepotizml\u0259 m\u00fcbariz\u0259 aparma\u011f\u0131, ordu quruculu\u011funda, \u0259dal\u0259t m\u00fchakim\u0259sind\u0259 d\u0259yi\u015fiklikl\u0259ri \u00f6z\u00fcnd\u0259 birl\u0259\u015fdirir. H\u0259m\u00e7inin Platforma \u00fczvl\u0259ri yeni konstitusiya s\u0259n\u0259dinin q\u0259bul olunmas\u0131n\u0131 t\u0259klif edirl\u0259r. N\u00f6vb\u0259d\u0259nk\u0259nar Prezident se\u00e7kil\u0259rinin a\u00e7\u0131qlanmas\u0131 il\u0259 eyni g\u00fcnd\u0259 elan olunan III Respublika Platformas\u0131 bunun t\u0259sad\u00fcf oldu\u011funu, se\u00e7kil\u0259rd\u0259 i\u015ftirak etm\u0259y\u0259c\u0259kl\u0259rini a\u00e7\u0131qlay\u0131blar.<\/p>\n","protected":false},"excerpt":{"rendered":"<p>\u2018\u2019T\u0259k adama deyil, h\u00fcquqa ita\u0259t edirik\u2019\u2019 sloqan\u0131 il\u0259 yaranan III &#8230; <\/p>\n<p class=\"read-more-container\"><a title=\"\u201cT\u0259k adama deyil, h\u00fcquqa ita\u0259t edirik\u201d\" class=\"read-more button\" href=\"https:\/\/www.meydan.tv\/az\/article\/tek-adama-deyil-huquqa-itaet-edirik\/#more-293386\" aria-label=\"Read more about \u201cT\u0259k adama deyil, h\u00fcquqa ita\u0259t edirik\u201d\">Davam\u0131<\/a><\/p>\n","protected":false},"author":12,"featured_media":293387,"comment_status":"closed","ping_status":"closed","sticky":false,"template":"","format":"standard","meta":{"_acf_changed":false,"_sitemap_exclude":false,"_sitemap_priority":"","_sitemap_frequency":"","footnotes":""},"categories":[59,63,56],"tags":[],"class_list":["post-293386","post","type-post","status-publish","format-standard","has-post-thumbnail","hentry","category-siyaset","category-video-2","category-xeberler","infinite-scroll-item","generate-columns","tablet-grid-50","mobile-grid-100","grid-parent","grid-33","no-featured-image-padding"],"acf":[],"yoast_head":"<!-- This site is optimized with the Yoast SEO plugin v27.4 - https:\/\/yoast.com\/product\/yoast-seo-wordpress\/ -->\n<title>\u201cT\u0259k adama deyil, h\u00fcquqa ita\u0259t edirik\u201d - MEYDAN.TV<\/title>\n<meta name=\"robots\" content=\"index, follow, max-snippet:-1, max-image-preview:large, max-video-preview:-1\" \/>\n<link rel=\"canonical\" href=\"https:\/\/www.meydan.tv\/az\/article\/tek-adama-deyil-huquqa-itaet-edirik\/\" \/>\n<meta property=\"og:locale\" content=\"az_AZ\" \/>\n<meta property=\"og:type\" content=\"article\" \/>\n<meta property=\"og:title\" content=\"\u201cT\u0259k adama deyil, h\u00fcquqa ita\u0259t edirik\u201d - MEYDAN.TV\" \/>\n<meta property=\"og:description\" content=\"\u2018\u2019T\u0259k adama deyil, h\u00fcquqa ita\u0259t edirik\u2019\u2019 sloqan\u0131 il\u0259 yaranan III ... Davam\u0131\" \/>\n<meta property=\"og:url\" content=\"https:\/\/www.meydan.tv\/az\/article\/tek-adama-deyil-huquqa-itaet-edirik\/\" \/>\n<meta property=\"og:site_name\" content=\"MEYDAN.TV\" \/>\n<meta property=\"article:published_time\" content=\"2023-12-18T19:46:06+00:00\" \/>\n<meta property=\"article:modified_time\" content=\"2023-12-18T19:46:08+00:00\" \/>\n<meta property=\"og:image\" content=\"https:\/\/www.meydan.tv\/wp-content\/uploads\/reportaj-cover-3-4.png\" \/>\n\t<meta property=\"og:image:width\" content=\"1280\" \/>\n\t<meta property=\"og:image:height\" content=\"720\" \/>\n\t<meta property=\"og:image:type\" content=\"image\/png\" \/>\n<meta name=\"author\" content=\"aleks\" \/>\n<meta name=\"twitter:card\" content=\"summary_large_image\" \/>\n<script type=\"application\/ld+json\" class=\"yoast-schema-graph\">{\"@context\":\"https:\\\/\\\/schema.org\",\"@graph\":[{\"@type\":\"Article\",\"@id\":\"https:\\\/\\\/www.meydan.tv\\\/az\\\/article\\\/tek-adama-deyil-huquqa-itaet-edirik\\\/#article\",\"isPartOf\":{\"@id\":\"https:\\\/\\\/www.meydan.tv\\\/az\\\/article\\\/tek-adama-deyil-huquqa-itaet-edirik\\\/\"},\"author\":{\"name\":\"aleks\",\"@id\":\"https:\\\/\\\/www.meydan.tv\\\/az\\\/#\\\/schema\\\/person\\\/476e9360e593fa131d5d71d51866f8da\"},\"headline\":\"\u201cT\u0259k adama deyil, h\u00fcquqa ita\u0259t edirik\u201d\",\"datePublished\":\"2023-12-18T19:46:06+00:00\",\"dateModified\":\"2023-12-18T19:46:08+00:00\",\"mainEntityOfPage\":{\"@id\":\"https:\\\/\\\/www.meydan.tv\\\/az\\\/article\\\/tek-adama-deyil-huquqa-itaet-edirik\\\/\"},\"wordCount\":182,\"publisher\":{\"@id\":\"https:\\\/\\\/www.meydan.tv\\\/az\\\/#organization\"},\"image\":{\"@id\":\"https:\\\/\\\/www.meydan.tv\\\/az\\\/article\\\/tek-adama-deyil-huquqa-itaet-edirik\\\/#primaryimage\"},\"thumbnailUrl\":\"https:\\\/\\\/www.meydan.tv\\\/wp-content\\\/uploads\\\/reportaj-cover-3-4.png\",\"articleSection\":[\"Siyas\u0259t\",\"Video\",\"X\u0259b\u0259rl\u0259r\"],\"inLanguage\":\"az\"},{\"@type\":\"WebPage\",\"@id\":\"https:\\\/\\\/www.meydan.tv\\\/az\\\/article\\\/tek-adama-deyil-huquqa-itaet-edirik\\\/\",\"url\":\"https:\\\/\\\/www.meydan.tv\\\/az\\\/article\\\/tek-adama-deyil-huquqa-itaet-edirik\\\/\",\"name\":\"\u201cT\u0259k adama deyil, h\u00fcquqa ita\u0259t edirik\u201d - MEYDAN.TV\",\"isPartOf\":{\"@id\":\"https:\\\/\\\/www.meydan.tv\\\/az\\\/#website\"},\"primaryImageOfPage\":{\"@id\":\"https:\\\/\\\/www.meydan.tv\\\/az\\\/article\\\/tek-adama-deyil-huquqa-itaet-edirik\\\/#primaryimage\"},\"image\":{\"@id\":\"https:\\\/\\\/www.meydan.tv\\\/az\\\/article\\\/tek-adama-deyil-huquqa-itaet-edirik\\\/#primaryimage\"},\"thumbnailUrl\":\"https:\\\/\\\/www.meydan.tv\\\/wp-content\\\/uploads\\\/reportaj-cover-3-4.png\",\"datePublished\":\"2023-12-18T19:46:06+00:00\",\"dateModified\":\"2023-12-18T19:46:08+00:00\",\"breadcrumb\":{\"@id\":\"https:\\\/\\\/www.meydan.tv\\\/az\\\/article\\\/tek-adama-deyil-huquqa-itaet-edirik\\\/#breadcrumb\"},\"inLanguage\":\"az\",\"potentialAction\":[{\"@type\":\"ReadAction\",\"target\":[\"https:\\\/\\\/www.meydan.tv\\\/az\\\/article\\\/tek-adama-deyil-huquqa-itaet-edirik\\\/\"]}]},{\"@type\":\"ImageObject\",\"inLanguage\":\"az\",\"@id\":\"https:\\\/\\\/www.meydan.tv\\\/az\\\/article\\\/tek-adama-deyil-huquqa-itaet-edirik\\\/#primaryimage\",\"url\":\"https:\\\/\\\/www.meydan.tv\\\/wp-content\\\/uploads\\\/reportaj-cover-3-4.png\",\"contentUrl\":\"https:\\\/\\\/www.meydan.tv\\\/wp-content\\\/uploads\\\/reportaj-cover-3-4.png\",\"width\":1280,\"height\":720},{\"@type\":\"BreadcrumbList\",\"@id\":\"https:\\\/\\\/www.meydan.tv\\\/az\\\/article\\\/tek-adama-deyil-huquqa-itaet-edirik\\\/#breadcrumb\",\"itemListElement\":[{\"@type\":\"ListItem\",\"position\":1,\"name\":\"Ana s\u0259hif\u0259\",\"item\":\"https:\\\/\\\/www.meydan.tv\\\/az\\\/\"},{\"@type\":\"ListItem\",\"position\":2,\"name\":\"Video\",\"item\":\"https:\\\/\\\/www.meydan.tv\\\/az\\\/section\\\/video-2\\\/\"},{\"@type\":\"ListItem\",\"position\":3,\"name\":\"\u201cT\u0259k adama deyil, h\u00fcquqa ita\u0259t edirik\u201d\"}]},{\"@type\":\"WebSite\",\"@id\":\"https:\\\/\\\/www.meydan.tv\\\/az\\\/#website\",\"url\":\"https:\\\/\\\/www.meydan.tv\\\/az\\\/\",\"name\":\"MEYDAN.TV\",\"description\":\"Meydan TV Az\u0259rbaycan\u0131n media m\u0259kan\u0131ndak\u0131 alternativ s\u0259sidir\",\"publisher\":{\"@id\":\"https:\\\/\\\/www.meydan.tv\\\/az\\\/#organization\"},\"potentialAction\":[{\"@type\":\"SearchAction\",\"target\":{\"@type\":\"EntryPoint\",\"urlTemplate\":\"https:\\\/\\\/www.meydan.tv\\\/az\\\/?s={search_term_string}\"},\"query-input\":{\"@type\":\"PropertyValueSpecification\",\"valueRequired\":true,\"valueName\":\"search_term_string\"}}],\"inLanguage\":\"az\"},{\"@type\":\"Organization\",\"@id\":\"https:\\\/\\\/www.meydan.tv\\\/az\\\/#organization\",\"name\":\"Meydan TV\",\"url\":\"https:\\\/\\\/www.meydan.tv\\\/az\\\/\",\"logo\":{\"@type\":\"ImageObject\",\"inLanguage\":\"az\",\"@id\":\"https:\\\/\\\/www.meydan.tv\\\/az\\\/#\\\/schema\\\/logo\\\/image\\\/\",\"url\":\"https:\\\/\\\/www.meydan.tv\\\/wp-content\\\/uploads\\\/2021\\\/07\\\/meydan-logo.svg\",\"contentUrl\":\"https:\\\/\\\/www.meydan.tv\\\/wp-content\\\/uploads\\\/2021\\\/07\\\/meydan-logo.svg\",\"width\":195,\"height\":46,\"caption\":\"Meydan TV\"},\"image\":{\"@id\":\"https:\\\/\\\/www.meydan.tv\\\/az\\\/#\\\/schema\\\/logo\\\/image\\\/\"}},{\"@type\":\"Person\",\"@id\":\"https:\\\/\\\/www.meydan.tv\\\/az\\\/#\\\/schema\\\/person\\\/476e9360e593fa131d5d71d51866f8da\",\"name\":\"aleks\"}]}<\/script>\n<!-- \/ Yoast SEO plugin. -->","yoast_head_json":{"title":"\u201cT\u0259k adama deyil, h\u00fcquqa ita\u0259t edirik\u201d - MEYDAN.TV","robots":{"index":"index","follow":"follow","max-snippet":"max-snippet:-1","max-image-preview":"max-image-preview:large","max-video-preview":"max-video-preview:-1"},"canonical":"https:\/\/www.meydan.tv\/az\/article\/tek-adama-deyil-huquqa-itaet-edirik\/","og_locale":"az_AZ","og_type":"article","og_title":"\u201cT\u0259k adama deyil, h\u00fcquqa ita\u0259t edirik\u201d - MEYDAN.TV","og_description":"\u2018\u2019T\u0259k adama deyil, h\u00fcquqa ita\u0259t edirik\u2019\u2019 sloqan\u0131 il\u0259 yaranan III ... Davam\u0131","og_url":"https:\/\/www.meydan.tv\/az\/article\/tek-adama-deyil-huquqa-itaet-edirik\/","og_site_name":"MEYDAN.TV","article_published_time":"2023-12-18T19:46:06+00:00","article_modified_time":"2023-12-18T19:46:08+00:00","og_image":[{"width":1280,"height":720,"url":"https:\/\/www.meydan.tv\/wp-content\/uploads\/reportaj-cover-3-4.png","type":"image\/png"}],"author":"aleks","twitter_card":"summary_large_image","schema":{"@context":"https:\/\/schema.org","@graph":[{"@type":"Article","@id":"https:\/\/www.meydan.tv\/az\/article\/tek-adama-deyil-huquqa-itaet-edirik\/#article","isPartOf":{"@id":"https:\/\/www.meydan.tv\/az\/article\/tek-adama-deyil-huquqa-itaet-edirik\/"},"author":{"name":"aleks","@id":"https:\/\/www.meydan.tv\/az\/#\/schema\/person\/476e9360e593fa131d5d71d51866f8da"},"headline":"\u201cT\u0259k adama deyil, h\u00fcquqa ita\u0259t edirik\u201d","datePublished":"2023-12-18T19:46:06+00:00","dateModified":"2023-12-18T19:46:08+00:00","mainEntityOfPage":{"@id":"https:\/\/www.meydan.tv\/az\/article\/tek-adama-deyil-huquqa-itaet-edirik\/"},"wordCount":182,"publisher":{"@id":"https:\/\/www.meydan.tv\/az\/#organization"},"image":{"@id":"https:\/\/www.meydan.tv\/az\/article\/tek-adama-deyil-huquqa-itaet-edirik\/#primaryimage"},"thumbnailUrl":"https:\/\/www.meydan.tv\/wp-content\/uploads\/reportaj-cover-3-4.png","articleSection":["Siyas\u0259t","Video","X\u0259b\u0259rl\u0259r"],"inLanguage":"az"},{"@type":"WebPage","@id":"https:\/\/www.meydan.tv\/az\/article\/tek-adama-deyil-huquqa-itaet-edirik\/","url":"https:\/\/www.meydan.tv\/az\/article\/tek-adama-deyil-huquqa-itaet-edirik\/","name":"\u201cT\u0259k adama deyil, h\u00fcquqa ita\u0259t edirik\u201d - MEYDAN.TV","isPartOf":{"@id":"https:\/\/www.meydan.tv\/az\/#website"},"primaryImageOfPage":{"@id":"https:\/\/www.meydan.tv\/az\/article\/tek-adama-deyil-huquqa-itaet-edirik\/#primaryimage"},"image":{"@id":"https:\/\/www.meydan.tv\/az\/article\/tek-adama-deyil-huquqa-itaet-edirik\/#primaryimage"},"thumbnailUrl":"https:\/\/www.meydan.tv\/wp-content\/uploads\/reportaj-cover-3-4.png","datePublished":"2023-12-18T19:46:06+00:00","dateModified":"2023-12-18T19:46:08+00:00","breadcrumb":{"@id":"https:\/\/www.meydan.tv\/az\/article\/tek-adama-deyil-huquqa-itaet-edirik\/#breadcrumb"},"inLanguage":"az","potentialAction":[{"@type":"ReadAction","target":["https:\/\/www.meydan.tv\/az\/article\/tek-adama-deyil-huquqa-itaet-edirik\/"]}]},{"@type":"ImageObject","inLanguage":"az","@id":"https:\/\/www.meydan.tv\/az\/article\/tek-adama-deyil-huquqa-itaet-edirik\/#primaryimage","url":"https:\/\/www.meydan.tv\/wp-content\/uploads\/reportaj-cover-3-4.png","contentUrl":"https:\/\/www.meydan.tv\/wp-content\/uploads\/reportaj-cover-3-4.png","width":1280,"height":720},{"@type":"BreadcrumbList","@id":"https:\/\/www.meydan.tv\/az\/article\/tek-adama-deyil-huquqa-itaet-edirik\/#breadcrumb","itemListElement":[{"@type":"ListItem","position":1,"name":"Ana s\u0259hif\u0259","item":"https:\/\/www.meydan.tv\/az\/"},{"@type":"ListItem","position":2,"name":"Video","item":"https:\/\/www.meydan.tv\/az\/section\/video-2\/"},{"@type":"ListItem","position":3,"name":"\u201cT\u0259k adama deyil, h\u00fcquqa ita\u0259t edirik\u201d"}]},{"@type":"WebSite","@id":"https:\/\/www.meydan.tv\/az\/#website","url":"https:\/\/www.meydan.tv\/az\/","name":"MEYDAN.TV","description":"Meydan TV Az\u0259rbaycan\u0131n media m\u0259kan\u0131ndak\u0131 alternativ s\u0259sidir","publisher":{"@id":"https:\/\/www.meydan.tv\/az\/#organization"},"potentialAction":[{"@type":"SearchAction","target":{"@type":"EntryPoint","urlTemplate":"https:\/\/www.meydan.tv\/az\/?s={search_term_string}"},"query-input":{"@type":"PropertyValueSpecification","valueRequired":true,"valueName":"search_term_string"}}],"inLanguage":"az"},{"@type":"Organization","@id":"https:\/\/www.meydan.tv\/az\/#organization","name":"Meydan TV","url":"https:\/\/www.meydan.tv\/az\/","logo":{"@type":"ImageObject","inLanguage":"az","@id":"https:\/\/www.meydan.tv\/az\/#\/schema\/logo\/image\/","url":"https:\/\/www.meydan.tv\/wp-content\/uploads\/2021\/07\/meydan-logo.svg","contentUrl":"https:\/\/www.meydan.tv\/wp-content\/uploads\/2021\/07\/meydan-logo.svg","width":195,"height":46,"caption":"Meydan TV"},"image":{"@id":"https:\/\/www.meydan.tv\/az\/#\/schema\/logo\/image\/"}},{"@type":"Person","@id":"https:\/\/www.meydan.tv\/az\/#\/schema\/person\/476e9360e593fa131d5d71d51866f8da","name":"aleks"}]}},"_links":{"self":[{"href":"https:\/\/www.meydan.tv\/az\/wp-json\/wp\/v2\/posts\/293386","targetHints":{"allow":["GET"]}}],"collection":[{"href":"https:\/\/www.meydan.tv\/az\/wp-json\/wp\/v2\/posts"}],"about":[{"href":"https:\/\/www.meydan.tv\/az\/wp-json\/wp\/v2\/types\/post"}],"author":[{"embeddable":true,"href":"https:\/\/www.meydan.tv\/az\/wp-json\/wp\/v2\/users\/12"}],"replies":[{"embeddable":true,"href":"https:\/\/www.meydan.tv\/az\/wp-json\/wp\/v2\/comments?post=293386"}],"version-history":[{"count":5,"href":"https:\/\/www.meydan.tv\/az\/wp-json\/wp\/v2\/posts\/293386\/revisions"}],"predecessor-version":[{"id":293396,"href":"https:\/\/www.meydan.tv\/az\/wp-json\/wp\/v2\/posts\/293386\/revisions\/293396"}],"wp:featuredmedia":[{"embeddable":true,"href":"https:\/\/www.meydan.tv\/az\/wp-json\/wp\/v2\/media\/293387"}],"wp:attachment":[{"href":"https:\/\/www.meydan.tv\/az\/wp-json\/wp\/v2\/media?parent=293386"}],"wp:term":[{"taxonomy":"category","embeddable":true,"href":"https:\/\/www.meydan.tv\/az\/wp-json\/wp\/v2\/categories?post=293386"},{"taxonomy":"post_tag","embeddable":true,"href":"https:\/\/www.meydan.tv\/az\/wp-json\/wp\/v2\/tags?post=293386"}],"curies":[{"name":"wp","href":"https:\/\/api.w.org\/{rel}","templated":true}]}}