{"id":293366,"date":"2023-12-18T19:33:53","date_gmt":"2023-12-18T15:33:53","guid":{"rendered":"https:\/\/www.meydan.tv\/?p=293366"},"modified":"2023-12-18T19:33:58","modified_gmt":"2023-12-18T15:33:58","slug":"natiq-ceferli-istenilen-halda-insanlari-seckilere-cagiracagiq","status":"publish","type":"post","link":"https:\/\/www.meydan.tv\/az\/article\/natiq-ceferli-istenilen-halda-insanlari-seckilere-cagiracagiq\/","title":{"rendered":"Natiq C\u0259f\u0259rli: &#8220;\u0130st\u0259nil\u0259n halda insanlar\u0131 se\u00e7kil\u0259r\u0259 \u00e7a\u011f\u0131raca\u011f\u0131q&#8221;"},"content":{"rendered":"\n<p><\/p>\n\n\n\n<p><strong><em>REAL h\u0259l\u0259 namiz\u0259dini m\u00fc\u0259yy\u0259nl\u0259\u015fdirm\u0259yib<\/em><\/strong><\/p>\n\n\n\n<p>REAL Partiyas\u0131 g\u0259l\u0259n il fevral\u0131n 7-d\u0259 ke\u00e7iril\u0259c\u0259k n\u00f6vb\u0259d\u0259nk\u0259nar Prezident se\u00e7kil\u0259rind\u0259 namiz\u0259dini h\u0259l\u0259 m\u00fc\u0259yy\u0259nl\u0259\u015fdirm\u0259yib.<\/p>\n\n\n\n<p>Partiyan\u0131n Siyasi Komit\u0259si dekabr\u0131n 16-da toplansa da, vahid m\u00f6vqey\u0259 g\u0259l\u0259 bilm\u0259yibl\u0259r.<\/p>\n\n\n\n<p>Bu bar\u0259d\u0259 Meydan TV-y\u0259 REAL Partiyas\u0131n\u0131n funksioneri Natiq C\u0259f\u0259rli dan\u0131\u015f\u0131b.<\/p>\n\n\n\n<p>Onun s\u00f6zl\u0259rin\u0259 g\u00f6r\u0259, son iclasda se\u00e7kid\u0259 i\u015ftirak\u0131n formalar\u0131na m\u00fcnasib\u0259td\u0259 s\u0259sl\u0259r b\u00f6l\u00fcn\u00fcb:<\/p>\n\n\n\n<p><em>&#8220;Amma bel\u0259 q\u0259rara g\u0259ldik ki, parlament se\u00e7kil\u0259rin\u0259 haz\u0131rl\u0131q kimi m\u00fc\u015fahid\u0259\u00e7ilik institutu geni\u015fl\u0259ndirilsin. \u018fn gec 8-10 aydan sonra parlament se\u00e7kil\u0259ri ke\u00e7iril\u0259c\u0259k, ona g\u00f6r\u0259 d\u0259 m\u00fc\u015fahid\u0259\u00e7ilikl\u0259 ba\u011fl\u0131 q\u0259rar q\u0259bul olundu&#8221;.<\/em><\/p>\n\n\n<div class=\"wp-block-image\">\n<figure class=\"alignright size-large is-resized\"><img decoding=\"async\" width=\"1200\" height=\"696\" data-src=\"https:\/\/www.meydan.tv\/wp-content\/uploads\/image_from_ios_178-scaled-e1648798569981-1200x696.jpg\" alt=\"Natiq C\u0259f\u0259rli\" class=\"wp-image-210013 lazyload\" style=\"--smush-placeholder-width: 1200px; --smush-placeholder-aspect-ratio: 1200\/696;width:427px;height:auto\" src=\"data:image\/svg+xml;base64,PHN2ZyB3aWR0aD0iMSIgaGVpZ2h0PSIxIiB4bWxucz0iaHR0cDovL3d3dy53My5vcmcvMjAwMC9zdmciPjwvc3ZnPg==\" \/><figcaption class=\"wp-element-caption\">Natiq C\u0259f\u0259rli, Foto: Meydan TV<\/figcaption><\/figure>\n<\/div>\n\n\n<p>Natiq C\u0259f\u0259rli deyib ki, partiyan\u0131n \u00f6z namiz\u0259di, yaxud hans\u0131sa formada i\u015ftirakla ba\u011fl\u0131 yekun q\u0259rar\u0131 bu g\u00fcnl\u0259rd\u0259 veril\u0259c\u0259k:<\/p>\n\n\n\n<p><em>&#8220;\u0130st\u0259nil\u0259n halda insanlar\u0131 se\u00e7kil\u0259r\u0259 \u00e7a\u011f\u0131raca\u011f\u0131q. \u0130nsanlar m\u0259nt\u0259q\u0259l\u0259r\u0259 g\u0259lib s\u0259sl\u0259rin\u0259 sahib \u00e7\u0131xs\u0131nlar&#8221;.<\/em><\/p>\n\n\n\n<p>2024-c\u00fc ilin fevral\u0131n 7-d\u0259 Az\u0259rbaycanda n\u00f6vb\u0259d\u0259nk\u0259nar Prezident se\u00e7kil\u0259ri ke\u00e7iril\u0259c\u0259k.<\/p>\n\n\n\n<p>\u0130lham \u018fliyev dekabr\u0131n 7-d\u0259 bununla ba\u011fl\u0131 s\u0259r\u0259ncam imzalay\u0131b.<\/p>\n\n\n\n<p>Bu g\u00fcn\u0259 q\u0259d\u0259r \u00f6lk\u0259 ba\u015f\u00e7\u0131s\u0131<a href=\"https:\/\/storage.googleapis.com\/qurium\/www.meydan.tv\/az-article-yap-namizedini-resmen-aciqladi.html\"> \u0130lham \u018fliyev<\/a>, B\u00f6y\u00fck Qurulu\u015f Partiyas\u0131n\u0131n ba\u015fqan\u0131 <a href=\"https:\/\/storage.googleapis.com\/qurium\/www.meydan.tv\/az-article-fazil-mustafa-da-prezidentliye-namized-olacaq.html\">Fazil Mustaf<\/a>a, Sosial T\u0259dqiqatlar M\u0259rk\u0259zinin (STM) s\u0259dri, deputat <a href=\"https:\/\/storage.googleapis.com\/qurium\/www.meydan.tv\/az-article-zahid-oruc-da-prezidentliye-namized-olacaq.html\">Zahid Oruc<\/a>, B\u00f6y\u00fck Az\u0259rbaycan Partiyas\u0131n\u0131n s\u0259dri <a href=\"https:\/\/storage.googleapis.com\/qurium\/www.meydan.tv\/az-article-elsad-musayev-de-prezident-olmaq-isteyir.html\">El\u015fad Musayev<\/a>, B\u00fct\u00f6v Az\u0259rbaycan Xalq C\u0259bh\u0259si Partiyas\u0131n\u0131n s\u0259dri (BAXCP), deputat <a href=\"https:\/\/d9mc3ts4czbpr.cloudfront.net\/az\/article\/qudret-hesenquliyev-yene-namized-olacaq\/\">Q\u00fcdr\u0259t H\u0259s\u0259nquliyev<\/a>, Milli C\u0259bh\u0259 Partiyas\u0131n\u0131n (MCP) s\u0259dri <a href=\"https:\/\/storage.googleapis.com\/qurium\/www.meydan.tv\/az-article-razi-nurullayev-de-namizedliyini-ireli-surub.html\">Razi Nurullaye<\/a>v v\u0259 <a href=\"https:\/\/d9mc3ts4czbpr.cloudfront.net\/az\/article\/fealiyyetini-dayandiran-partiyanin-sedri-prezidentliye-namized-olacaq\/\">Fuad \u018fliyev<\/a> namiz\u0259dlikl\u0259rini ir\u0259li s\u00fcr\u00fcbl\u0259r.<\/p>\n\n\n\n<p><a href=\"https:\/\/storage.googleapis.com\/qurium\/www.meydan.tv\/az-article-axcp-de-seckide-istirak-etmeyecek.html\">AXCP<\/a> v\u0259 <a href=\"https:\/\/storage.googleapis.com\/qurium\/www.meydan.tv\/az-article-musavat-novbedenkenar-seckide-istirakdan-imtina-edib.html\">M\u00fcsavat<\/a> is\u0259 se\u00e7kil\u0259ri boykot ed\u0259c\u0259kl\u0259rini a\u00e7\u0131qlay\u0131blar.<\/p>\n\n\n\n<p>\u00dcmid v\u0259 Haqq \u018fdal\u0259t partiyalar\u0131 se\u00e7kid\u0259 \u0130lham \u018fliyevi d\u0259st\u0259kl\u0259y\u0259c\u0259kl\u0259rini <a href=\"https:\/\/storage.googleapis.com\/qurium\/www.meydan.tv\/az-article-umid-ve-haqq-edalet-partiyalari-ilham-eliyevi-destekleyecek.html\">bildiribl\u0259r.<\/a><\/p>\n\n\n\n<p>Az\u0259rbaycanda sonuncu d\u0259f\u0259 Prezident se\u00e7kil\u0259ri 2018-ci il aprelin 11-d\u0259 ke\u00e7irilib.<\/p>\n\n\n\n<p>H\u0259min se\u00e7kil\u0259r d\u0259 n\u00f6vb\u0259d\u0259nk\u0259nar olub.<\/p>\n\n\n\n<p>\u0130lham \u018fliyev 20 ildir ki, Prezident v\u0259zif\u0259sini icra edir.<\/p>\n","protected":false},"excerpt":{"rendered":"<p>REAL h\u0259l\u0259 namiz\u0259dini m\u00fc\u0259yy\u0259nl\u0259\u015fdirm\u0259yib REAL Partiyas\u0131 g\u0259l\u0259n il fevral\u0131n 7-d\u0259 &#8230; <\/p>\n<p class=\"read-more-container\"><a title=\"Natiq C\u0259f\u0259rli: &#8220;\u0130st\u0259nil\u0259n halda insanlar\u0131 se\u00e7kil\u0259r\u0259 \u00e7a\u011f\u0131raca\u011f\u0131q&#8221;\" class=\"read-more button\" href=\"https:\/\/www.meydan.tv\/az\/article\/natiq-ceferli-istenilen-halda-insanlari-seckilere-cagiracagiq\/#more-293366\" aria-label=\"Read more about Natiq C\u0259f\u0259rli: &#8220;\u0130st\u0259nil\u0259n halda insanlar\u0131 se\u00e7kil\u0259r\u0259 \u00e7a\u011f\u0131raca\u011f\u0131q&#8221;\">Davam\u0131<\/a><\/p>\n","protected":false},"author":8,"featured_media":137211,"comment_status":"closed","ping_status":"closed","sticky":false,"template":"","format":"standard","meta":{"_acf_changed":false,"_sitemap_exclude":false,"_sitemap_priority":"","_sitemap_frequency":"","footnotes":""},"categories":[129,59,56],"tags":[],"class_list":["post-293366","post","type-post","status-publish","format-standard","has-post-thumbnail","hentry","category-sechki-2024","category-siyaset","category-xeberler","infinite-scroll-item","generate-columns","tablet-grid-50","mobile-grid-100","grid-parent","grid-33","no-featured-image-padding"],"acf":[],"yoast_head":"<!-- This site is optimized with the Yoast SEO plugin v27.4 - https:\/\/yoast.com\/product\/yoast-seo-wordpress\/ -->\n<title>Natiq C\u0259f\u0259rli: &quot;\u0130st\u0259nil\u0259n halda insanlar\u0131 se\u00e7kil\u0259r\u0259 \u00e7a\u011f\u0131raca\u011f\u0131q&quot; - MEYDAN.TV<\/title>\n<meta name=\"robots\" content=\"index, follow, max-snippet:-1, max-image-preview:large, max-video-preview:-1\" \/>\n<link rel=\"canonical\" href=\"https:\/\/www.meydan.tv\/az\/article\/natiq-ceferli-istenilen-halda-insanlari-seckilere-cagiracagiq\/\" \/>\n<meta property=\"og:locale\" content=\"az_AZ\" \/>\n<meta property=\"og:type\" content=\"article\" \/>\n<meta property=\"og:title\" content=\"Natiq C\u0259f\u0259rli: &quot;\u0130st\u0259nil\u0259n halda insanlar\u0131 se\u00e7kil\u0259r\u0259 \u00e7a\u011f\u0131raca\u011f\u0131q&quot; - MEYDAN.TV\" \/>\n<meta property=\"og:description\" content=\"REAL h\u0259l\u0259 namiz\u0259dini m\u00fc\u0259yy\u0259nl\u0259\u015fdirm\u0259yib REAL Partiyas\u0131 g\u0259l\u0259n il fevral\u0131n 7-d\u0259 ... Davam\u0131\" \/>\n<meta property=\"og:url\" content=\"https:\/\/www.meydan.tv\/az\/article\/natiq-ceferli-istenilen-halda-insanlari-seckilere-cagiracagiq\/\" \/>\n<meta property=\"og:site_name\" content=\"MEYDAN.TV\" \/>\n<meta property=\"article:published_time\" content=\"2023-12-18T15:33:53+00:00\" \/>\n<meta property=\"article:modified_time\" content=\"2023-12-18T15:33:58+00:00\" \/>\n<meta property=\"og:image\" content=\"https:\/\/www.meydan.tv\/wp-content\/uploads\/5d3d21ce-201b-4aec-b74e-5cd54b5a58fa-scaled.jpg\" \/>\n\t<meta property=\"og:image:width\" content=\"2560\" \/>\n\t<meta property=\"og:image:height\" content=\"1707\" \/>\n\t<meta property=\"og:image:type\" content=\"image\/jpeg\" \/>\n<meta name=\"author\" content=\"elli\" \/>\n<meta name=\"twitter:card\" content=\"summary_large_image\" \/>\n<meta name=\"twitter:creator\" content=\"@elli\" \/>\n<script type=\"application\/ld+json\" class=\"yoast-schema-graph\">{\"@context\":\"https:\\\/\\\/schema.org\",\"@graph\":[{\"@type\":\"Article\",\"@id\":\"https:\\\/\\\/www.meydan.tv\\\/az\\\/article\\\/natiq-ceferli-istenilen-halda-insanlari-seckilere-cagiracagiq\\\/#article\",\"isPartOf\":{\"@id\":\"https:\\\/\\\/www.meydan.tv\\\/az\\\/article\\\/natiq-ceferli-istenilen-halda-insanlari-seckilere-cagiracagiq\\\/\"},\"author\":{\"name\":\"elli\",\"@id\":\"https:\\\/\\\/www.meydan.tv\\\/az\\\/#\\\/schema\\\/person\\\/9cdbecf90d17180ce1dfbd95b08dcf47\"},\"headline\":\"Natiq C\u0259f\u0259rli: &#8220;\u0130st\u0259nil\u0259n halda insanlar\u0131 se\u00e7kil\u0259r\u0259 \u00e7a\u011f\u0131raca\u011f\u0131q&#8221;\",\"datePublished\":\"2023-12-18T15:33:53+00:00\",\"dateModified\":\"2023-12-18T15:33:58+00:00\",\"mainEntityOfPage\":{\"@id\":\"https:\\\/\\\/www.meydan.tv\\\/az\\\/article\\\/natiq-ceferli-istenilen-halda-insanlari-seckilere-cagiracagiq\\\/\"},\"wordCount\":422,\"publisher\":{\"@id\":\"https:\\\/\\\/www.meydan.tv\\\/az\\\/#organization\"},\"image\":{\"@id\":\"https:\\\/\\\/www.meydan.tv\\\/az\\\/article\\\/natiq-ceferli-istenilen-halda-insanlari-seckilere-cagiracagiq\\\/#primaryimage\"},\"thumbnailUrl\":\"https:\\\/\\\/www.meydan.tv\\\/wp-content\\\/uploads\\\/5d3d21ce-201b-4aec-b74e-5cd54b5a58fa-scaled.jpg\",\"articleSection\":[\"Se\u00e7ki 2024\",\"Siyas\u0259t\",\"X\u0259b\u0259rl\u0259r\"],\"inLanguage\":\"az\"},{\"@type\":\"WebPage\",\"@id\":\"https:\\\/\\\/www.meydan.tv\\\/az\\\/article\\\/natiq-ceferli-istenilen-halda-insanlari-seckilere-cagiracagiq\\\/\",\"url\":\"https:\\\/\\\/www.meydan.tv\\\/az\\\/article\\\/natiq-ceferli-istenilen-halda-insanlari-seckilere-cagiracagiq\\\/\",\"name\":\"Natiq C\u0259f\u0259rli: \\\"\u0130st\u0259nil\u0259n halda insanlar\u0131 se\u00e7kil\u0259r\u0259 \u00e7a\u011f\u0131raca\u011f\u0131q\\\" - MEYDAN.TV\",\"isPartOf\":{\"@id\":\"https:\\\/\\\/www.meydan.tv\\\/az\\\/#website\"},\"primaryImageOfPage\":{\"@id\":\"https:\\\/\\\/www.meydan.tv\\\/az\\\/article\\\/natiq-ceferli-istenilen-halda-insanlari-seckilere-cagiracagiq\\\/#primaryimage\"},\"image\":{\"@id\":\"https:\\\/\\\/www.meydan.tv\\\/az\\\/article\\\/natiq-ceferli-istenilen-halda-insanlari-seckilere-cagiracagiq\\\/#primaryimage\"},\"thumbnailUrl\":\"https:\\\/\\\/www.meydan.tv\\\/wp-content\\\/uploads\\\/5d3d21ce-201b-4aec-b74e-5cd54b5a58fa-scaled.jpg\",\"datePublished\":\"2023-12-18T15:33:53+00:00\",\"dateModified\":\"2023-12-18T15:33:58+00:00\",\"breadcrumb\":{\"@id\":\"https:\\\/\\\/www.meydan.tv\\\/az\\\/article\\\/natiq-ceferli-istenilen-halda-insanlari-seckilere-cagiracagiq\\\/#breadcrumb\"},\"inLanguage\":\"az\",\"potentialAction\":[{\"@type\":\"ReadAction\",\"target\":[\"https:\\\/\\\/www.meydan.tv\\\/az\\\/article\\\/natiq-ceferli-istenilen-halda-insanlari-seckilere-cagiracagiq\\\/\"]}]},{\"@type\":\"ImageObject\",\"inLanguage\":\"az\",\"@id\":\"https:\\\/\\\/www.meydan.tv\\\/az\\\/article\\\/natiq-ceferli-istenilen-halda-insanlari-seckilere-cagiracagiq\\\/#primaryimage\",\"url\":\"https:\\\/\\\/www.meydan.tv\\\/wp-content\\\/uploads\\\/5d3d21ce-201b-4aec-b74e-5cd54b5a58fa-scaled.jpg\",\"contentUrl\":\"https:\\\/\\\/www.meydan.tv\\\/wp-content\\\/uploads\\\/5d3d21ce-201b-4aec-b74e-5cd54b5a58fa-scaled.jpg\",\"width\":2560,\"height\":1707,\"caption\":\"Foto: Meydan TV\"},{\"@type\":\"BreadcrumbList\",\"@id\":\"https:\\\/\\\/www.meydan.tv\\\/az\\\/article\\\/natiq-ceferli-istenilen-halda-insanlari-seckilere-cagiracagiq\\\/#breadcrumb\",\"itemListElement\":[{\"@type\":\"ListItem\",\"position\":1,\"name\":\"Ana s\u0259hif\u0259\",\"item\":\"https:\\\/\\\/www.meydan.tv\\\/az\\\/\"},{\"@type\":\"ListItem\",\"position\":2,\"name\":\"Siyas\u0259t\",\"item\":\"https:\\\/\\\/www.meydan.tv\\\/az\\\/section\\\/siyaset\\\/\"},{\"@type\":\"ListItem\",\"position\":3,\"name\":\"Natiq C\u0259f\u0259rli: &#8220;\u0130st\u0259nil\u0259n halda insanlar\u0131 se\u00e7kil\u0259r\u0259 \u00e7a\u011f\u0131raca\u011f\u0131q&#8221;\"}]},{\"@type\":\"WebSite\",\"@id\":\"https:\\\/\\\/www.meydan.tv\\\/az\\\/#website\",\"url\":\"https:\\\/\\\/www.meydan.tv\\\/az\\\/\",\"name\":\"MEYDAN.TV\",\"description\":\"Meydan TV Az\u0259rbaycan\u0131n media m\u0259kan\u0131ndak\u0131 alternativ s\u0259sidir\",\"publisher\":{\"@id\":\"https:\\\/\\\/www.meydan.tv\\\/az\\\/#organization\"},\"potentialAction\":[{\"@type\":\"SearchAction\",\"target\":{\"@type\":\"EntryPoint\",\"urlTemplate\":\"https:\\\/\\\/www.meydan.tv\\\/az\\\/?s={search_term_string}\"},\"query-input\":{\"@type\":\"PropertyValueSpecification\",\"valueRequired\":true,\"valueName\":\"search_term_string\"}}],\"inLanguage\":\"az\"},{\"@type\":\"Organization\",\"@id\":\"https:\\\/\\\/www.meydan.tv\\\/az\\\/#organization\",\"name\":\"Meydan TV\",\"url\":\"https:\\\/\\\/www.meydan.tv\\\/az\\\/\",\"logo\":{\"@type\":\"ImageObject\",\"inLanguage\":\"az\",\"@id\":\"https:\\\/\\\/www.meydan.tv\\\/az\\\/#\\\/schema\\\/logo\\\/image\\\/\",\"url\":\"https:\\\/\\\/www.meydan.tv\\\/wp-content\\\/uploads\\\/2021\\\/07\\\/meydan-logo.svg\",\"contentUrl\":\"https:\\\/\\\/www.meydan.tv\\\/wp-content\\\/uploads\\\/2021\\\/07\\\/meydan-logo.svg\",\"width\":195,\"height\":46,\"caption\":\"Meydan TV\"},\"image\":{\"@id\":\"https:\\\/\\\/www.meydan.tv\\\/az\\\/#\\\/schema\\\/logo\\\/image\\\/\"}},{\"@type\":\"Person\",\"@id\":\"https:\\\/\\\/www.meydan.tv\\\/az\\\/#\\\/schema\\\/person\\\/9cdbecf90d17180ce1dfbd95b08dcf47\",\"name\":\"elli\",\"sameAs\":[\"https:\\\/\\\/x.com\\\/elli\"]}]}<\/script>\n<!-- \/ Yoast SEO plugin. -->","yoast_head_json":{"title":"Natiq C\u0259f\u0259rli: \"\u0130st\u0259nil\u0259n halda insanlar\u0131 se\u00e7kil\u0259r\u0259 \u00e7a\u011f\u0131raca\u011f\u0131q\" - MEYDAN.TV","robots":{"index":"index","follow":"follow","max-snippet":"max-snippet:-1","max-image-preview":"max-image-preview:large","max-video-preview":"max-video-preview:-1"},"canonical":"https:\/\/www.meydan.tv\/az\/article\/natiq-ceferli-istenilen-halda-insanlari-seckilere-cagiracagiq\/","og_locale":"az_AZ","og_type":"article","og_title":"Natiq C\u0259f\u0259rli: \"\u0130st\u0259nil\u0259n halda insanlar\u0131 se\u00e7kil\u0259r\u0259 \u00e7a\u011f\u0131raca\u011f\u0131q\" - MEYDAN.TV","og_description":"REAL h\u0259l\u0259 namiz\u0259dini m\u00fc\u0259yy\u0259nl\u0259\u015fdirm\u0259yib REAL Partiyas\u0131 g\u0259l\u0259n il fevral\u0131n 7-d\u0259 ... Davam\u0131","og_url":"https:\/\/www.meydan.tv\/az\/article\/natiq-ceferli-istenilen-halda-insanlari-seckilere-cagiracagiq\/","og_site_name":"MEYDAN.TV","article_published_time":"2023-12-18T15:33:53+00:00","article_modified_time":"2023-12-18T15:33:58+00:00","og_image":[{"width":2560,"height":1707,"url":"https:\/\/www.meydan.tv\/wp-content\/uploads\/5d3d21ce-201b-4aec-b74e-5cd54b5a58fa-scaled.jpg","type":"image\/jpeg"}],"author":"elli","twitter_card":"summary_large_image","twitter_creator":"@elli","schema":{"@context":"https:\/\/schema.org","@graph":[{"@type":"Article","@id":"https:\/\/www.meydan.tv\/az\/article\/natiq-ceferli-istenilen-halda-insanlari-seckilere-cagiracagiq\/#article","isPartOf":{"@id":"https:\/\/www.meydan.tv\/az\/article\/natiq-ceferli-istenilen-halda-insanlari-seckilere-cagiracagiq\/"},"author":{"name":"elli","@id":"https:\/\/www.meydan.tv\/az\/#\/schema\/person\/9cdbecf90d17180ce1dfbd95b08dcf47"},"headline":"Natiq C\u0259f\u0259rli: &#8220;\u0130st\u0259nil\u0259n halda insanlar\u0131 se\u00e7kil\u0259r\u0259 \u00e7a\u011f\u0131raca\u011f\u0131q&#8221;","datePublished":"2023-12-18T15:33:53+00:00","dateModified":"2023-12-18T15:33:58+00:00","mainEntityOfPage":{"@id":"https:\/\/www.meydan.tv\/az\/article\/natiq-ceferli-istenilen-halda-insanlari-seckilere-cagiracagiq\/"},"wordCount":422,"publisher":{"@id":"https:\/\/www.meydan.tv\/az\/#organization"},"image":{"@id":"https:\/\/www.meydan.tv\/az\/article\/natiq-ceferli-istenilen-halda-insanlari-seckilere-cagiracagiq\/#primaryimage"},"thumbnailUrl":"https:\/\/www.meydan.tv\/wp-content\/uploads\/5d3d21ce-201b-4aec-b74e-5cd54b5a58fa-scaled.jpg","articleSection":["Se\u00e7ki 2024","Siyas\u0259t","X\u0259b\u0259rl\u0259r"],"inLanguage":"az"},{"@type":"WebPage","@id":"https:\/\/www.meydan.tv\/az\/article\/natiq-ceferli-istenilen-halda-insanlari-seckilere-cagiracagiq\/","url":"https:\/\/www.meydan.tv\/az\/article\/natiq-ceferli-istenilen-halda-insanlari-seckilere-cagiracagiq\/","name":"Natiq C\u0259f\u0259rli: \"\u0130st\u0259nil\u0259n halda insanlar\u0131 se\u00e7kil\u0259r\u0259 \u00e7a\u011f\u0131raca\u011f\u0131q\" - MEYDAN.TV","isPartOf":{"@id":"https:\/\/www.meydan.tv\/az\/#website"},"primaryImageOfPage":{"@id":"https:\/\/www.meydan.tv\/az\/article\/natiq-ceferli-istenilen-halda-insanlari-seckilere-cagiracagiq\/#primaryimage"},"image":{"@id":"https:\/\/www.meydan.tv\/az\/article\/natiq-ceferli-istenilen-halda-insanlari-seckilere-cagiracagiq\/#primaryimage"},"thumbnailUrl":"https:\/\/www.meydan.tv\/wp-content\/uploads\/5d3d21ce-201b-4aec-b74e-5cd54b5a58fa-scaled.jpg","datePublished":"2023-12-18T15:33:53+00:00","dateModified":"2023-12-18T15:33:58+00:00","breadcrumb":{"@id":"https:\/\/www.meydan.tv\/az\/article\/natiq-ceferli-istenilen-halda-insanlari-seckilere-cagiracagiq\/#breadcrumb"},"inLanguage":"az","potentialAction":[{"@type":"ReadAction","target":["https:\/\/www.meydan.tv\/az\/article\/natiq-ceferli-istenilen-halda-insanlari-seckilere-cagiracagiq\/"]}]},{"@type":"ImageObject","inLanguage":"az","@id":"https:\/\/www.meydan.tv\/az\/article\/natiq-ceferli-istenilen-halda-insanlari-seckilere-cagiracagiq\/#primaryimage","url":"https:\/\/www.meydan.tv\/wp-content\/uploads\/5d3d21ce-201b-4aec-b74e-5cd54b5a58fa-scaled.jpg","contentUrl":"https:\/\/www.meydan.tv\/wp-content\/uploads\/5d3d21ce-201b-4aec-b74e-5cd54b5a58fa-scaled.jpg","width":2560,"height":1707,"caption":"Foto: Meydan TV"},{"@type":"BreadcrumbList","@id":"https:\/\/www.meydan.tv\/az\/article\/natiq-ceferli-istenilen-halda-insanlari-seckilere-cagiracagiq\/#breadcrumb","itemListElement":[{"@type":"ListItem","position":1,"name":"Ana s\u0259hif\u0259","item":"https:\/\/www.meydan.tv\/az\/"},{"@type":"ListItem","position":2,"name":"Siyas\u0259t","item":"https:\/\/www.meydan.tv\/az\/section\/siyaset\/"},{"@type":"ListItem","position":3,"name":"Natiq C\u0259f\u0259rli: &#8220;\u0130st\u0259nil\u0259n halda insanlar\u0131 se\u00e7kil\u0259r\u0259 \u00e7a\u011f\u0131raca\u011f\u0131q&#8221;"}]},{"@type":"WebSite","@id":"https:\/\/www.meydan.tv\/az\/#website","url":"https:\/\/www.meydan.tv\/az\/","name":"MEYDAN.TV","description":"Meydan TV Az\u0259rbaycan\u0131n media m\u0259kan\u0131ndak\u0131 alternativ s\u0259sidir","publisher":{"@id":"https:\/\/www.meydan.tv\/az\/#organization"},"potentialAction":[{"@type":"SearchAction","target":{"@type":"EntryPoint","urlTemplate":"https:\/\/www.meydan.tv\/az\/?s={search_term_string}"},"query-input":{"@type":"PropertyValueSpecification","valueRequired":true,"valueName":"search_term_string"}}],"inLanguage":"az"},{"@type":"Organization","@id":"https:\/\/www.meydan.tv\/az\/#organization","name":"Meydan TV","url":"https:\/\/www.meydan.tv\/az\/","logo":{"@type":"ImageObject","inLanguage":"az","@id":"https:\/\/www.meydan.tv\/az\/#\/schema\/logo\/image\/","url":"https:\/\/www.meydan.tv\/wp-content\/uploads\/2021\/07\/meydan-logo.svg","contentUrl":"https:\/\/www.meydan.tv\/wp-content\/uploads\/2021\/07\/meydan-logo.svg","width":195,"height":46,"caption":"Meydan TV"},"image":{"@id":"https:\/\/www.meydan.tv\/az\/#\/schema\/logo\/image\/"}},{"@type":"Person","@id":"https:\/\/www.meydan.tv\/az\/#\/schema\/person\/9cdbecf90d17180ce1dfbd95b08dcf47","name":"elli","sameAs":["https:\/\/x.com\/elli"]}]}},"_links":{"self":[{"href":"https:\/\/www.meydan.tv\/az\/wp-json\/wp\/v2\/posts\/293366","targetHints":{"allow":["GET"]}}],"collection":[{"href":"https:\/\/www.meydan.tv\/az\/wp-json\/wp\/v2\/posts"}],"about":[{"href":"https:\/\/www.meydan.tv\/az\/wp-json\/wp\/v2\/types\/post"}],"author":[{"embeddable":true,"href":"https:\/\/www.meydan.tv\/az\/wp-json\/wp\/v2\/users\/8"}],"replies":[{"embeddable":true,"href":"https:\/\/www.meydan.tv\/az\/wp-json\/wp\/v2\/comments?post=293366"}],"version-history":[{"count":3,"href":"https:\/\/www.meydan.tv\/az\/wp-json\/wp\/v2\/posts\/293366\/revisions"}],"predecessor-version":[{"id":293372,"href":"https:\/\/www.meydan.tv\/az\/wp-json\/wp\/v2\/posts\/293366\/revisions\/293372"}],"wp:featuredmedia":[{"embeddable":true,"href":"https:\/\/www.meydan.tv\/az\/wp-json\/wp\/v2\/media\/137211"}],"wp:attachment":[{"href":"https:\/\/www.meydan.tv\/az\/wp-json\/wp\/v2\/media?parent=293366"}],"wp:term":[{"taxonomy":"category","embeddable":true,"href":"https:\/\/www.meydan.tv\/az\/wp-json\/wp\/v2\/categories?post=293366"},{"taxonomy":"post_tag","embeddable":true,"href":"https:\/\/www.meydan.tv\/az\/wp-json\/wp\/v2\/tags?post=293366"}],"curies":[{"name":"wp","href":"https:\/\/api.w.org\/{rel}","templated":true}]}}