{"id":293347,"date":"2023-12-18T18:59:22","date_gmt":"2023-12-18T14:59:22","guid":{"rendered":"https:\/\/www.meydan.tv\/?p=293347"},"modified":"2023-12-18T18:59:40","modified_gmt":"2023-12-18T14:59:40","slug":"nergiz-semedova-ii-qrupdan-imtina-etdim-ki-is-tapa-bilim","status":"publish","type":"post","link":"https:\/\/www.meydan.tv\/az\/article\/nergiz-semedova-ii-qrupdan-imtina-etdim-ki-is-tapa-bilim\/","title":{"rendered":"N\u0259rgiz S\u0259m\u0259dova: &#8220;II qrupdan imtina etdim ki, i\u015f tapa bilim&#8221;"},"content":{"rendered":"\n<p><\/p>\n\n\n\n<p><strong><em>M\u00fct\u0259x\u0259ssisl\u0259r \u0259lil \u015f\u0259xsl\u0259rin i\u015fl\u0259 t\u0259minat h\u00fcququnun pozuldu\u011funu deyirl\u0259r<\/em><\/strong><\/p>\n\n\n\n<p><em>&#8220;Orta ixtisas t\u0259hsilimi bitir\u0259nd\u0259n sonra d\u00f6rd il i\u015fsiz qald\u0131m. B\u00fct\u00fcn d\u00f6vl\u0259t qurumlar\u0131na m\u00fcraci\u0259t etdim, ancaq &#8220;i\u015f yoxdur, olanda x\u0259b\u0259r ed\u0259rik &#8221; b\u0259han\u0259si il\u0259 uzaqla\u015fd\u0131r\u0131ld\u0131m. Birba\u015fa dem\u0259s\u0259l\u0259r d\u0259, \u0259lilliyimi b\u0259han\u0259 etdikl\u0259rini hiss edirdim. Fiziki \u0259lil ola bil\u0259r\u0259m, amma m\u0259nim d\u0259 ham\u0131 kimi arzular\u0131m var, i\u015fl\u0259m\u0259k d\u0259 h\u00fcququmdur&#8221;<\/em>.<\/p>\n\n\n\n<p>29 ya\u015fl\u0131 N\u0259rgiz S\u0259m\u0259dova bir ya\u015f\u0131nda yoxlan\u0131\u015f edilm\u0259d\u0259n vurulan&nbsp; peyv\u0259ndd\u0259n iflic olub.<\/p>\n\n\n\n<p>Uzunm\u00fcdd\u0259tli bahal\u0131 m\u00fcalic\u0259l\u0259r ayaqlar\u0131ndak\u0131 problemi aradan qald\u0131rsa da, sol qolunun iflici h\u0259l\u0259 d\u0259 ona sevdiyi i\u015fi g\u00f6rm\u0259kd\u0259 \u00e7\u0259tinlik yarad\u0131r.<\/p>\n\n\n\n<p>Muzey i\u015fi v\u0259 Abid\u0259l\u0259rin M\u00fchafiz\u0259si ixtisas\u0131 \u00fczr\u0259 orta ixtisas t\u0259hsili olsa da, uy\u011fun i\u015f tapa bilm\u0259yib.<\/p>\n\n\n<div class=\"wp-block-image\">\n<figure class=\"aligncenter size-large\"><img decoding=\"async\" width=\"1200\" height=\"675\" data-src=\"https:\/\/www.meydan.tv\/wp-content\/uploads\/img-20231211-wa0228-1200x675.jpg\" alt=\"\" class=\"wp-image-293358 lazyload\" src=\"data:image\/svg+xml;base64,PHN2ZyB3aWR0aD0iMSIgaGVpZ2h0PSIxIiB4bWxucz0iaHR0cDovL3d3dy53My5vcmcvMjAwMC9zdmciPjwvc3ZnPg==\" style=\"--smush-placeholder-width: 1200px; --smush-placeholder-aspect-ratio: 1200\/675;\" \/><figcaption class=\"wp-element-caption\">N\u0259rgiz S\u0259m\u0259dova. <\/figcaption><\/figure>\n<\/div>\n\n\n<p>\u018flilliyini \u0259sas g\u0259tirib i\u015fl\u0259 t\u0259min etm\u0259kd\u0259n imtina edibl\u0259r. M\u0259hz buna g\u00f6r\u0259 6 il \u00f6nc\u0259 \u0259lillik qrupunu k\u00f6n\u00fcll\u00fc olaraq II qrupdan III qrupa d\u0259yi\u015fdirib.<\/p>\n\n\n\n<p>Haz\u0131rda &#8220;Dost \u0130\u015f&#8221; m\u0259rk\u0259zind\u0259 yarad\u0131c\u0131l\u0131q &#8211; \u0259l i\u015fl\u0259ri il\u0259 m\u0259\u015f\u011ful olur:<\/p>\n\n\n\n<p>&#8220;<em>\u018flil olsam da, \u00f6z\u00fcm\u0259 inaml\u0131yam. \u0130nadla 2017-ci ild\u0259 \u00f6z \u0259riz\u0259ml\u0259 II qrupdan imtina etdim ki, i\u015f tapa bilim. \u0130mtinadan sonra \u00f6nc\u0259 rayon G\u0259ncl\u0259r evind\u0259 i\u015f\u0259 d\u00fcz\u0259ldim. \u0130lk maa\u015f\u0131m \u0259lli manat idi, onu da 3-4 aydan bir al\u0131rd\u0131m. Evd\u0259n veril\u0259n yol pulu v\u0259 bu maa\u015fla qa\u015f\u0131qla r\u0259ngli muncuqlar, par\u00e7a ald\u0131m v\u0259 evd\u0259n gizli i\u015fd\u0259 \u0259l i\u015fl\u0259ri \u00fcz\u0259rind\u0259 \u00e7al\u0131\u015fma\u011fa ba\u015flad\u0131m. H\u0259m ail\u0259m istedad\u0131ma inanm\u0131rd\u0131 ki, bacarmazsan, h\u0259m d\u0259 s\u0259hh\u0259timl\u0259 dolay\u0131 sol \u0259limi i\u015fl\u0259d\u0259 bilmirdim. Qorxurdular ki, yenid\u0259n iflic olaram. H\u0259tta qoluma g\u00f6r\u0259 valideynl\u0259rim r\u0259qs\u0259, \u015fahmata bel\u0259 getm\u0259y\u0259 icaz\u0259 verm\u0259di ki, bacarmazsan&#8221;.<\/em><\/p>\n\n\n\n<figure class=\"wp-block-image size-large\"><img decoding=\"async\" width=\"1200\" height=\"675\" data-src=\"https:\/\/www.meydan.tv\/wp-content\/uploads\/img-20231211-wa0218-1200x675.jpg\" alt=\"\" class=\"wp-image-293355 lazyload\" src=\"data:image\/svg+xml;base64,PHN2ZyB3aWR0aD0iMSIgaGVpZ2h0PSIxIiB4bWxucz0iaHR0cDovL3d3dy53My5vcmcvMjAwMC9zdmciPjwvc3ZnPg==\" style=\"--smush-placeholder-width: 1200px; --smush-placeholder-aspect-ratio: 1200\/675;\" \/><\/figure>\n\n\n\n<p>&#8220;<em>Orta m\u0259kt\u0259bd\u0259 t\u0259hsil alanda \u0259m\u0259k t\u0259limi d\u0259rsind\u0259 f\u0259rql\u0259nirdim. Muncuqla m\u00fcxt\u0259lif i\u015fl\u0259r haz\u0131rlamaq 2017-ci ilin yay\u0131nda t\u0259sad\u00fcfi al\u0131nd\u0131. \u0130lk b\u00f6y\u00fck i\u015fimi 20 g\u00fcn\u0259\u00a0bitir\u0259nd\u0259 t\u0259\u0259cc\u00fcbl\u0259ndil\u0259r ki, bunu nec\u0259 bacard\u0131m. H\u0259tta bu ill\u0259r \u0259rzind\u0259 gizlin t\u0259lim v\u0259 layih\u0259l\u0259rd\u0259 i\u015ftirak edib \u00f6z\u00fcm\u00fc inki\u015faf etdirirdim. Bunun \u00fc\u00e7\u00fcn insanlardan n\u0259 q\u0259d\u0259r xahi\u015fl\u0259rim olub. Haz\u0131rda\u00a0 minimum \u0259m\u0259khaqq\u0131 al\u0131ram ki,\u00a0maa\u015f\u0131n \u00e7ox hiss\u0259sini \u0259l i\u015fl\u0259rimin l\u0259vazimatlar\u0131na x\u0259rcl\u0259yir\u0259m. \u00c7ox i\u015fl\u0259y\u0259 bilmir\u0259m, \u00e7\u00fcnki tonus qolumda ciddi problem yarad\u0131r. Ancaq aya 3-4 i\u015f \u00fcz\u0259rind\u0259 \u00e7al\u0131\u015f\u0131b haz\u0131r ed\u0259 bilir\u0259m&#8221;, &#8211;<\/em> N\u0259rgiz bel\u0259 deyir.<\/p>\n\n\n\n<p><strong><em>&#8220;\u0130\u015fim\u0259, istedad\u0131ma \u00e7ox mane\u0259l\u0259r oldu&#8221;<\/em><\/strong><\/p>\n\n\n\n<p>Onun s\u00f6zl\u0259rin\u0259 g\u00f6r\u0259, \u0259n uzun i\u015fi 20 g\u00fcn, \u0259n q\u0131sa i\u015fi 7 saat \u00e7\u0259kib. \u018fn baha \u0259l i\u015fini 100 manata sat\u0131b.<\/p>\n\n\n\n<p>Qira\u0259t qabiliyy\u0259ti d\u0259 var ki, \u00f6lk\u0259d\u0259 v\u0259 b\u00f6lg\u0259l\u0259rd\u0259 ke\u00e7iril\u0259n s\u0259rgi, yarmarkalarda, inkl\u00fcziv yarad\u0131c\u0131l\u0131q&nbsp; m\u0259rk\u0259zinin t\u0259lim v\u0259 m\u00fcsabiq\u0259l\u0259rind\u0259 i\u015ftirak edib.<\/p>\n\n\n\n<p>Orada \u0259l i\u015fl\u0259rini, istedad\u0131n\u0131 n\u00fcmayi\u015f etdirib, qalib olaraq m\u00fc\u0259yy\u0259n avadanl\u0131qlarla da t\u0259min edilib.<\/p>\n\n\n<div class=\"wp-block-image\">\n<figure class=\"aligncenter size-large\"><img decoding=\"async\" width=\"1200\" height=\"675\" data-src=\"https:\/\/www.meydan.tv\/wp-content\/uploads\/img-20231211-wa0267-1200x675.jpg\" alt=\"\" class=\"wp-image-293322 lazyload\" src=\"data:image\/svg+xml;base64,PHN2ZyB3aWR0aD0iMSIgaGVpZ2h0PSIxIiB4bWxucz0iaHR0cDovL3d3dy53My5vcmcvMjAwMC9zdmciPjwvc3ZnPg==\" style=\"--smush-placeholder-width: 1200px; --smush-placeholder-aspect-ratio: 1200\/675;\" \/><\/figure>\n<\/div>\n\n\n<p>N\u0259rgiz S\u0259m\u0259dova deyir ki, muncuqlar\u0131 layih\u0259l\u0259rd\u0259n pulsuz \u0259ld\u0259 ets\u0259 d\u0259, par\u00e7a v\u0259 \u00e7\u0259r\u00e7iv\u0259l\u0259ri almal\u0131 olur. O, tullant\u0131lardan da maraql\u0131 \u0259l i\u015fl\u0259ri haz\u0131rlay\u0131r. Orta \u00f6l\u00e7\u00fcl\u00fc i\u015fl\u0259ri 50\u00a0manata, iri \u00f6l\u00e7\u00fcl\u00fc i\u015fl\u0259ri 100-150 manatad\u0131r.<\/p>\n\n\n\n<p>Amma indi \u0259ng\u0259ll\u0259ri v\u0259 \u00e7\u0259tinlikl\u0259ri \u00e7oxdur. \u00c7\u00fcnki t\u0259k fiziki \u0259ng\u0259lli oldu\u011fu&nbsp; \u00fc\u00e7\u00fcn deyil, u\u011fursuz ail\u0259 h\u0259yat\u0131 da ona \u00e7\u0259tinlikl\u0259r yarad\u0131r:<\/p>\n\n\n\n<p>&#8220;<em>Ail\u0259 h\u0259yat\u0131m da \u0259lilliyim\u0259 g\u00f6r\u0259 al\u0131nmad\u0131. 26 ya\u015f\u0131nda ail\u0259 qurdum, 5 ay sonra ayr\u0131lmal\u0131 oldum. \u00d6z\u00fcm kimi bir \u015f\u0259xsl\u0259 ail\u0259 qursam da, anla\u015fa bilm\u0259dik. \u0130\u015fim\u0259, istedad\u0131ma \u00e7ox mane\u0259l\u0259r oldu. \u018fl i\u015fl\u0259rim, d\u00fcnyag\u00f6r\u00fc\u015f\u00fcm, arzular\u0131m onlar\u0131 qorxutdu. Tamamil\u0259 ev\u0259 qapad\u0131lm\u0131\u015fd\u0131m. Evd\u0259 gizlic\u0259 \u0259l i\u015fl\u0259ri haz\u0131rlay\u0131rd\u0131m. Ayr\u0131landan sonra k\u00f6n\u00fcll\u00fc f\u0259aliyy\u0259tl\u0259 \u00f6zg\u00fcv\u0259nim geri d\u00f6nd\u00fc. Ancaq mentalitet, \u0259lillik, ayr\u0131lm\u0131\u015f qad\u0131n q\u0131snamas\u0131 ail\u0259min d\u0259 qada\u011falar qoymas\u0131na s\u0259b\u0259b olur. Zamanla \u0259zmim, \u00f6yr\u0259nm\u0259k amac\u0131m, \u0259l i\u015fl\u0259rim, qazanc\u0131m ail\u0259min d\u0259 m\u0259n\u0259 inam\u0131n\u0131 art\u0131r\u0131r&#8221;.<\/em><\/p>\n\n\n<div class=\"wp-block-image\">\n<figure class=\"aligncenter size-large\"><img decoding=\"async\" width=\"1200\" height=\"675\" data-src=\"https:\/\/www.meydan.tv\/wp-content\/uploads\/img-20231211-wa0200-1200x675.jpg\" alt=\"\" class=\"wp-image-293334 lazyload\" src=\"data:image\/svg+xml;base64,PHN2ZyB3aWR0aD0iMSIgaGVpZ2h0PSIxIiB4bWxucz0iaHR0cDovL3d3dy53My5vcmcvMjAwMC9zdmciPjwvc3ZnPg==\" style=\"--smush-placeholder-width: 1200px; --smush-placeholder-aspect-ratio: 1200\/675;\" \/><\/figure>\n<\/div>\n\n\n<p>O, h\u0259l\u0259 d\u0259 mane\u0259l\u0259rin oldu\u011funu deyir. Ail\u0259si h\u0259tta onun ali t\u0259hsil almaq arzusunu da ger\u00e7\u0259kl\u0259\u015fdirm\u0259y\u0259 imkan verm\u0259yib:<\/p>\n\n\n\n<p>&#8220;<em>Bir m\u00fcsabiq\u0259d\u0259 i\u015ftirak edib se\u00e7ildim. T\u00fcrkiy\u0259y\u0259 getm\u0259li idim, ail\u0259m qoymad\u0131. Ali t\u0259hsil \u00fc\u00e7\u00fcn s\u0259n\u0259dl\u0259rimi verdim, L\u0259nk\u0259ran D\u00f6vl\u0259t Universitetinin dizayner fakult\u0259sin\u0259 q\u0259bul oldum. Ail\u0259m yen\u0259 icaz\u0259 verm\u0259di. H\u0259tta \u00f6z h\u0259yat\u0131mdan b\u0259hs ed\u0259n &#8220;\u00d6m\u00fcr yolu&#8221; adl\u0131&nbsp; hekay\u0259l\u0259r toplusu&nbsp; yazd\u0131m, \u00e7apa g\u00f6nd\u0259rmi\u015f\u0259m. Yax\u0131n zamanda \u00e7ap olunacaq. F\u0259rqli istedadlar\u0131m\u0131 \u00fcz\u0259 \u00e7\u0131xarma\u011fa \u00e7al\u0131\u015f\u0131ram&#8221;.<\/em><\/p>\n\n\n\n<p><strong><em>&#8220;Qad\u0131nlara mane olmaq yox, k\u00f6m\u0259k etm\u0259k laz\u0131md\u0131r&#8221;<\/em><\/strong><\/p>\n\n\n\n<p>N\u0259rgizin g\u00f6rd\u00fcy\u00fc i\u015fl\u0259r is\u0259 bel\u0259dir: \u00f6nc\u0259 r\u0259sml\u0259r par\u00e7a \u00fcz\u0259rin\u0259 h\u0259kk olunur, ard\u0131nca r\u0259ngli muncuqlar iyn\u0259 il\u0259 cizgil\u0259r \u00fcz\u0259rind\u0259 d\u00fcz\u00fcl\u00fcr v\u0259 bel\u0259c\u0259 bir m\u00fcdd\u0259td\u0259n sonra \u00e7\u0259r\u00e7iv\u0259d\u0259 hans\u0131sa bir \u0259s\u0259r haz\u0131r olur. B\u00fct\u00fcn bu inc\u0259likl\u0259ri is\u0259 sa\u011f qolu il\u0259 h\u0259yata ke\u00e7irir.<\/p>\n\n\n<div class=\"wp-block-image\">\n<figure class=\"aligncenter size-large\"><img decoding=\"async\" width=\"1200\" height=\"675\" data-src=\"https:\/\/www.meydan.tv\/wp-content\/uploads\/img-20231211-wa0268-1200x675.jpg\" alt=\"\" class=\"wp-image-293325 lazyload\" src=\"data:image\/svg+xml;base64,PHN2ZyB3aWR0aD0iMSIgaGVpZ2h0PSIxIiB4bWxucz0iaHR0cDovL3d3dy53My5vcmcvMjAwMC9zdmciPjwvc3ZnPg==\" style=\"--smush-placeholder-width: 1200px; --smush-placeholder-aspect-ratio: 1200\/675;\" \/><\/figure>\n<\/div>\n\n\n<p>Dediyin\u0259 g\u00f6r\u0259, 105 \u0259s\u0259r haz\u0131rlay\u0131b ki, \u00e7oxu muncuqla haz\u0131rlanan \u0259l i\u015fl\u0259ridir. Bu is\u0259 s\u0259br v\u0259 diqq\u0259t t\u0259l\u0259b edir. Amma h\u0259d\u0259fl\u0259ri d\u0259 b\u00f6y\u00fckd\u00fcr:<\/p>\n\n\n\n<p>&#8220;<em>D\u0259rzi kimi bir ay da \u00f6z\u00fcm\u00fc s\u0131nad\u0131m, h\u0259tta ma\u015f\u0131nla da t\u0259min olunmu\u015fam. Pe\u015f\u0259kar d\u0259rzi sirl\u0259rin\u0259 yiy\u0259l\u0259nm\u0259k, dizayn verm\u0259k ist\u0259yir\u0259m. G\u0259l\u0259c\u0259k h\u0259d\u0259fl\u0259rim\u00a0 ali t\u0259hsil almaq, \u0259l i\u015fl\u0259rimi art\u0131rmaq, t\u0259kmill\u0259\u015fm\u0259k, \u00f6z bisnesimi qurmaq v\u0259 \u0130nkluziv Yarad\u0131c\u0131l\u0131q M\u0259rk\u0259zi a\u00e7maqd\u0131r. \u00d6z\u00fcm kimi v\u0259 m\u0259nd\u0259n \u00e7\u0259tin, k\u00f6m\u0259ksiz durumda olan qad\u0131nlar\u0131, x\u00fcsusil\u0259 \u0259lil qad\u0131nlar\u0131 bu m\u0259rk\u0259z\u0259 c\u0259lb etm\u0259k, onlara d\u0259st\u0259k olmaqd\u0131r. Qad\u0131nlara mane olmaq yox, k\u00f6m\u0259k etm\u0259k laz\u0131md\u0131r. M\u0259nim kimi qorxa-qorxa i\u015fl\u0259m\u0259sinl\u0259r, se\u00e7ildiyi layih\u0259l\u0259rd\u0259n, t\u0259liml\u0259rd\u0259n geri qalmas\u0131nlar&#8221;.<\/em><\/p>\n\n\n<div class=\"wp-block-image\">\n<figure class=\"aligncenter size-large\"><img decoding=\"async\" width=\"1200\" height=\"675\" data-src=\"https:\/\/www.meydan.tv\/wp-content\/uploads\/img-20231211-wa0173-1200x675.jpg\" alt=\"\" class=\"wp-image-293337 lazyload\" src=\"data:image\/svg+xml;base64,PHN2ZyB3aWR0aD0iMSIgaGVpZ2h0PSIxIiB4bWxucz0iaHR0cDovL3d3dy53My5vcmcvMjAwMC9zdmciPjwvc3ZnPg==\" style=\"--smush-placeholder-width: 1200px; --smush-placeholder-aspect-ratio: 1200\/675;\" \/><\/figure>\n<\/div>\n\n\n<p><em>&#8220;Ali t\u0259hsil almaq \u015fans\u0131m\u0131 bir d\u0259f\u0259 \u0259limd\u0259n ald\u0131lar. Bu d\u0259f\u0259 m\u0259n bunu qazanmaq ist\u0259yir\u0259m v\u0259 bu il s\u0259n\u0259dl\u0259rimi yenid\u0259n ver\u0259c\u0259y\u0259m. G\u0259l\u0259c\u0259k butik v\u0259 inkl\u00fcziv m\u0259rk\u0259zim \u00fc\u00e7\u00fcn ali t\u0259hsilim vacibdir. Bir portetim vard\u0131 ki, ona muncuq tapa bilm\u0259dim. Sifari\u015fl\u0259 Moskvadan g\u0259tirdil\u0259r, bir qa\u015f\u0131\u011f\u0131 150 manata idi. \u018fs\u0259r haz\u0131r olanda se\u00e7ilirdi. D\u00fc\u015f\u00fcnd\u00fcm ki, pe\u015f\u0259kar i\u015f se\u00e7ildiyi kimi, t\u0259hsilli, inki\u015faf etmi\u015f insan da daim se\u00e7ilir. Dem\u0259k, inki\u015fafa do\u011fru m\u00fctl\u0259q d\u0259yi\u015fm\u0259k laz\u0131md\u0131r. Bu da t\u0259hsild\u0259n v\u0259 d\u0259st\u0259kd\u0259n\u00a0ke\u00e7ir. O d\u0259st\u0259yi biz qad\u0131nlara\u00a0ail\u0259 v\u0259 d\u00f6vl\u0259t verm\u0259lidir&#8221; <\/em>, &#8211; dey\u0259 N\u0259rgiz S\u0259m\u0259dova qeyd edir.<\/p>\n\n\n\n<p>\u00d6lk\u0259d\u0259 \u0259lil \u015f\u0259xsl\u0259rin i\u015f problemi uzun m\u00fcdd\u0259tdir ki, m\u00f6vcuddur.<\/p>\n\n\n\n<p>\u018fn son statistik m\u0259lumata g\u00f6r\u0259, \u00f6lk\u0259d\u0259 502.056 \u0259lilliyi olan \u015f\u0259xsd\u0259n 216.870 n\u0259f\u0259ri qad\u0131nd\u0131r. \u00d6lk\u0259d\u0259 \u0259lilliy\u0259 g\u00f6r\u0259 \u0259m\u0259k pensiyas\u0131 alanlar\u0131n 50.2 faizini qad\u0131nlar t\u0259\u015fkil edir.<\/p>\n\n\n<div class=\"wp-block-image\">\n<figure class=\"aligncenter size-large\"><img decoding=\"async\" width=\"1200\" height=\"675\" data-src=\"https:\/\/www.meydan.tv\/wp-content\/uploads\/img-20231211-wa0229-1200x675.jpg\" alt=\"\" class=\"wp-image-293328 lazyload\" src=\"data:image\/svg+xml;base64,PHN2ZyB3aWR0aD0iMSIgaGVpZ2h0PSIxIiB4bWxucz0iaHR0cDovL3d3dy53My5vcmcvMjAwMC9zdmciPjwvc3ZnPg==\" style=\"--smush-placeholder-width: 1200px; --smush-placeholder-aspect-ratio: 1200\/675;\" \/><\/figure>\n<\/div>\n\n\n<p>D\u00f6vl\u0259t M\u0259\u015f\u011fulluq Agentliyinin m\u0259lumat\u0131na g\u00f6r\u0259, son alt\u0131 ild\u0259 6635 n\u0259f\u0259r \u0259lil \u015f\u0259xs kvota \u00fczr\u0259 i\u015fl\u0259 t\u0259min olunub.<\/p>\n\n\n\n<p>D\u00f6vl\u0259t M\u0259\u015f\u011fulluq Agentliyind\u0259n bildirilir ki,\u00a0 sosial c\u0259h\u0259td\u0259n h\u0259ssas, zorak\u0131l\u0131\u011fa m\u0259ruz qalm\u0131\u015f\u00a0 \u0259lilliyi olan \u015f\u0259xsl\u0259rin, x\u00fcsusil\u0259 qad\u0131nlar\u0131n i\u015f yerl\u0259ri il\u0259 t\u0259min olunmas\u0131, g\u0259lir \u0259ld\u0259 etm\u0259k imkanlar\u0131n\u0131n yarad\u0131lmas\u0131 istiqam\u0259tind\u0259 beyn\u0259lxalq t\u0259\u015fkilatlar\u0131n d\u0259st\u0259yi il\u0259 bir s\u0131ra layih\u0259l\u0259r h\u0259yata ke\u00e7irilib v\u0259 ke\u00e7irilm\u0259kd\u0259dir. Ancaq h\u0259min layih\u0259l\u0259rin n\u0259tic\u0259l\u0259rin\u0259\u00a0v\u0259 son statistik m\u0259lumatlara n\u0259z\u0259r salanda layih\u0259l\u0259rin az sayda \u0259lil qad\u0131nlar\u0131 \u0259hat\u0259 etdiyini g\u00f6rm\u0259k olur.<\/p>\n\n\n<div class=\"wp-block-image\">\n<figure class=\"aligncenter size-large\"><img decoding=\"async\" width=\"1200\" height=\"675\" data-src=\"https:\/\/www.meydan.tv\/wp-content\/uploads\/img-20231211-wa0156-1200x675.jpg\" alt=\"\" class=\"wp-image-293341 lazyload\" src=\"data:image\/svg+xml;base64,PHN2ZyB3aWR0aD0iMSIgaGVpZ2h0PSIxIiB4bWxucz0iaHR0cDovL3d3dy53My5vcmcvMjAwMC9zdmciPjwvc3ZnPg==\" style=\"--smush-placeholder-width: 1200px; --smush-placeholder-aspect-ratio: 1200\/675;\" \/><\/figure>\n<\/div>\n\n\n<p>Qurumdan qeyd edirl\u0259r ki, son be\u015f ild\u0259 3710 n\u0259f\u0259r \u0259lilliyi olan qad\u0131n i\u015fl\u0259 t\u0259min edilib, onun da 80%-i regionlar\u0131n pay\u0131na d\u00fc\u015f\u00fcb. Pe\u015f\u0259 haz\u0131rl\u0131\u011f\u0131 kurslar\u0131nda is\u0259 \u00fcst\u00fcnl\u00fck&nbsp; paytaxtda ya\u015fayan \u0259lil qad\u0131nlara&nbsp; verilib:<\/p>\n\n\n\n<p>&#8220;<em>T\u0259kc\u0259 bu ilin ilk 9 ay\u0131 \u0259rzind\u0259 1710 n\u0259f\u0259r \u0259lilliyi olan qad\u0131n i\u015fl\u0259 t\u0259min edilib. Son 5 ild\u0259 \u201cM\u0259\u015f\u011fulluq haqq\u0131nda\u201d Qanunda n\u0259z\u0259rd\u0259 tutulan kvota \u00fczr\u0259 662 n\u0259f\u0259r \u0259lilliyi olan qad\u0131n i\u015fl\u0259 t\u0259min olunub. Onlar\u0131n 479 n\u0259f\u0259ri bu ilin pay\u0131na d\u00fc\u015f\u00fcr. Kvota \u00fczr\u0259 i\u015fl\u0259 t\u0259min olunan \u0259lilliyi olan qad\u0131nlar\u0131n 48 faizi Bak\u0131n\u0131n, qalan\u0131 is\u0259 regionlar\u0131n pay\u0131na d\u00fc\u015f\u00fcr. \u018flilliyi olan qad\u0131nlar \u00d6z\u00fcn\u00fcm\u0259\u015f\u011fulluq proqram\u0131n\u0131n icras\u0131nda da \u00f6z\u00fcn\u0259m\u0259xsus yer tutur&#8221;.<\/em><\/p>\n\n\n<div class=\"wp-block-image\">\n<figure class=\"aligncenter size-large\"><img decoding=\"async\" width=\"1200\" height=\"675\" data-src=\"https:\/\/www.meydan.tv\/wp-content\/uploads\/img-20231211-wa0110-1200x675.jpg\" alt=\"\" class=\"wp-image-293319 lazyload\" src=\"data:image\/svg+xml;base64,PHN2ZyB3aWR0aD0iMSIgaGVpZ2h0PSIxIiB4bWxucz0iaHR0cDovL3d3dy53My5vcmcvMjAwMC9zdmciPjwvc3ZnPg==\" style=\"--smush-placeholder-width: 1200px; --smush-placeholder-aspect-ratio: 1200\/675;\" \/><\/figure>\n<\/div>\n\n\n<p><em>&#8220;Son 5 ild\u0259 1505 n\u0259f\u0259r \u0259lilliyi olan qad\u0131n \u00f6z\u00fcn\u00fcm\u0259\u015f\u011fulluq proqram\u0131na c\u0259lb edilmi\u015f v\u0259 m\u00fcraci\u0259t etdikl\u0259ri z\u0259rfl\u0259r \u00fczr\u0259 aktivl\u0259rl\u0259 t\u0259min olunub. Onlar\u0131n t\u0259xmin\u0259n 10 faizini paytaxtda ya\u015fayanlar, 90 faizini is\u0259 regionda ya\u015fayanlar t\u0259\u015fkil edir. 2023-c\u00fc ilin ilk 11 ay\u0131 \u0259rzind\u0259 bu kateqoriyadan olan 203 n\u0259f\u0259r \u00d6z\u00fcn\u00fcm\u0259\u015f\u011fulluq proqram\u0131 \u00e7\u0259r\u00e7iv\u0259sind\u0259 aktivl\u0259rl\u0259 t\u0259min olunub. \u018flilliyi olan qad\u0131nlara m\u00fcvafiq bilik v\u0259 bacar\u0131q verm\u0259kl\u0259 \u0259m\u0259k bazar\u0131na uy\u011fun kadr&nbsp; haz\u0131rlamaq m\u0259qs\u0259dil\u0259 son 3 ild\u0259 233 n\u0259f\u0259r \u0259lilliyi olan qad\u0131n D\u00f6vl\u0259t M\u0259\u015f\u011fulluq Agentliyi t\u0259r\u0259find\u0259n \u00f6d\u0259ni\u015fsiz pe\u015f\u0259 haz\u0131rl\u0131\u011f\u0131 kurslar\u0131na c\u0259lb edilib. T\u0259kc\u0259 bu il pe\u015f\u0259 kurslar\u0131na c\u0259lb edil\u0259nl\u0259rin say\u0131 130 n\u0259f\u0259rdir. Onlar\u0131n 45 faizi paytaxt Bak\u0131n\u0131n pay\u0131na d\u00fc\u015f\u00fcr&#8221;, <\/em>&#8211; dey\u0259 qurumdan Meydan TV-nin sor\u011fusuna veril\u0259n cavabda vur\u011fulan\u0131r.<\/p>\n\n\n<div class=\"wp-block-image\">\n<figure class=\"alignleft size-full is-resized\"><img decoding=\"async\" width=\"1200\" height=\"471\" data-src=\"https:\/\/www.meydan.tv\/wp-content\/uploads\/dovlet_mesgulluq_agentliyi_logo.png\" alt=\"\" class=\"wp-image-272597 lazyload\" style=\"--smush-placeholder-width: 1200px; --smush-placeholder-aspect-ratio: 1200\/471;width:415px;height:auto\" src=\"data:image\/svg+xml;base64,PHN2ZyB3aWR0aD0iMSIgaGVpZ2h0PSIxIiB4bWxucz0iaHR0cDovL3d3dy53My5vcmcvMjAwMC9zdmciPjwvc3ZnPg==\" \/><figcaption class=\"wp-element-caption\">D\u00f6vl\u0259t M\u0259\u015f\u011fulluq Xidm\u0259ti<\/figcaption><\/figure>\n<\/div>\n\n\n<p>M\u00fct\u0259x\u0259ssisl\u0259r d\u0259 bu statistik\u00a0 g\u00f6st\u0259ricinin \u00f6lk\u0259d\u0259 \u0259lil \u015f\u0259xsl\u0259rin, x\u00fcsusil\u0259 qad\u0131nlar\u0131n say nisb\u0259tin\u0259 m\u00fcqayis\u0259d\u0259 az oldu\u011funu bildirir.<\/p>\n\n\n\n<p><strong><em>&#8220;\u018flill\u0259rin birm\u0259nal\u0131 a\u011f\u0131r t\u0259hl\u00fck\u0259li v\u0259 z\u0259r\u0259rli i\u015f\u0259 c\u0259lb edilm\u0259si is\u0259 qada\u011fand\u0131r&#8221;<\/em><\/strong><\/p>\n\n\n\n<p>H\u00fcquq\u015f\u00fcnas Az\u0259r Quliyev Meydan TV-y\u0259 deyib ki, \u018fm\u0259k M\u0259c\u0259ll\u0259sind\u0259 \u0259lil v\u0259 m\u0259hdud \u0259m\u0259k qabiliyy\u0259tli \u015f\u0259xsl\u0259r \u00fc\u00e7\u00fcn g\u00fcz\u0259\u015ft v\u0259 t\u0259minatlar n\u0259z\u0259rd\u0259 tutulsa da, bir \u00e7ox \u0259lil \u015f\u0259xsl\u0259rin \u0259m\u0259k h\u00fcquqlar\u0131 ciddi \u015f\u0259kild\u0259 pozulur:<\/p>\n\n\n\n<p>&#8220;<em>Birincisi, bu imtiyazlar v\u0259 \u0259lav\u0259 t\u0259minatlar ayr\u0131se\u00e7kilik hesab edilmir. \u018flilliyi olan \u015f\u0259xsl\u0259r dig\u0259r \u015f\u0259xsl\u0259rl\u0259 b\u0259rab\u0259r \u0259m\u0259k f\u0259aliyy\u0259ti il\u0259 m\u0259\u015f\u011ful ola bil\u0259r. \u0130\u015f\u00e7il\u0259rin say\u0131 100-d\u0259n \u00e7ox olan idar\u0259 v\u0259 m\u00fc\u0259ssis\u0259l\u0259rd\u0259 i\u015f\u00e7il\u0259rin orta illik siyah\u0131s\u0131n\u0131n 2.5 faizi \u0259lilliyi olan \u015f\u0259xsl\u0259r olmal\u0131d\u0131r. Onlara \u0259m\u0259k m\u0259zuniyy\u0259ti 42 t\u0259qvim g\u00fcn\u00fc verilm\u0259lidir. Gec\u0259 vaxt\u0131 i\u015fl\u0259r\u0259 \u00f6z\u00fcn\u00fcn v\u0259 aidiyy\u0259ti qurumun yaz\u0131l\u0131 raz\u0131l\u0131\u011f\u0131 oldu\u011fu t\u0259qdird\u0259 c\u0259lb edil\u0259 bil\u0259r. Pe\u015f\u0259l\u0259ri v\u0259 pe\u015f\u0259karl\u0131q s\u0259viyy\u0259l\u0259ri eyni olduqda \u0259lil olan \u015f\u0259xsl\u0259r i\u015fd\u0259 saxlan\u0131lmal\u0131d\u0131r&#8221;.<\/em><\/p>\n\n\n<div class=\"wp-block-image\">\n<figure class=\"alignright size-large is-resized\"><img decoding=\"async\" width=\"1200\" height=\"675\" data-src=\"https:\/\/www.meydan.tv\/wp-content\/uploads\/3--1200x675.jpg\" alt=\"\" class=\"wp-image-292513 lazyload\" style=\"--smush-placeholder-width: 1200px; --smush-placeholder-aspect-ratio: 1200\/675;width:315px;height:auto\" src=\"data:image\/svg+xml;base64,PHN2ZyB3aWR0aD0iMSIgaGVpZ2h0PSIxIiB4bWxucz0iaHR0cDovL3d3dy53My5vcmcvMjAwMC9zdmciPjwvc3ZnPg==\" \/><figcaption class=\"wp-element-caption\">Az\u0259r Quliyev <\/figcaption><\/figure>\n<\/div>\n\n\n<p>&#8220;<em>Sa\u011flaml\u0131qlar\u0131, bilik v\u0259 bacar\u0131qlar\u0131 imkan verildiyi t\u0259qdird\u0259 \u0259lill\u0259r v\u0259zif\u0259d\u0259 ir\u0259li \u00e7\u0259kil\u0259 v\u0259 ba\u015fqa i\u015fl\u0259 t\u0259min oluna bil\u0259r. \u018flill\u0259rin birm\u0259nal\u0131 a\u011f\u0131r t\u0259hl\u00fck\u0259li v\u0259 z\u0259r\u0259rli i\u015f\u0259 c\u0259lb edilm\u0259si is\u0259 qada\u011fand\u0131r. Bu t\u0259l\u0259bl\u0259ri pozan, onlar \u00fc\u00e7\u00fcn g\u00fcz\u0259\u015ft v\u0259 t\u0259minatlar\u0131 t\u0259min etm\u0259y\u0259n i\u015f\u0259g\u00f6t\u00fcr\u0259nl\u0259r: maddi, m\u0259n\u0259vi, inzibati v\u0259 cinay\u0259t m\u0259suliyy\u0259ti da\u015f\u0131y\u0131r. &#8220;\u018flilliyi olan \u015f\u0259xsl\u0259rin h\u00fcquqlar\u0131 haqq\u0131nda&#8221; Qanunda i\u015f yerl\u0259rinin ay\u0131rmama\u011fa v\u0259 yenil\u0259rini t\u0259\u015fkil etm\u0259m\u0259y\u0259 g\u00f6r\u0259 300 manatdan 500 manatad\u0259k c\u0259rim\u0259 var. Ancaq buna r\u0259\u011fm\u0259n \u00e7ox \u0259lil \u015f\u0259xs i\u015f tapmaqda, i\u015fl\u0259 t\u0259minatda \u00e7\u0259tinlikl\u0259r ya\u015fay\u0131r&#8221;, &#8211; <\/em>h\u00fcquq\u015f\u00fcnas qeyd edib.<\/p>\n\n\n\n<p><strong><em>&#8220;Qanunla h\u0259r 25 i\u015f\u00e7id\u0259n biri \u0259lil \u015f\u0259xs olmal\u0131d\u0131r&#8221;<\/em><\/strong><\/p>\n\n\n\n<p>Sosioloq \u018fhm\u0259d R\u0259hmanov is\u0259 deyir ki, son on ild\u0259 \u0259m\u0259k qanunvericiliyind\u0259 edil\u0259n\u00a0\u00e7oxsayl\u0131 d\u0259yi\u015fiklik \u0259lill\u0259rin h\u00fcquqlar\u0131n\u0131n m\u00fcdafi\u0259sin\u0259 xidm\u0259t etmir.<\/p>\n\n\n<div class=\"wp-block-image\">\n<figure class=\"aligncenter size-large\"><img decoding=\"async\" width=\"1200\" height=\"675\" data-src=\"https:\/\/www.meydan.tv\/wp-content\/uploads\/img-20231211-wa0123-1200x675.jpg\" alt=\"\" class=\"wp-image-293316 lazyload\" src=\"data:image\/svg+xml;base64,PHN2ZyB3aWR0aD0iMSIgaGVpZ2h0PSIxIiB4bWxucz0iaHR0cDovL3d3dy53My5vcmcvMjAwMC9zdmciPjwvc3ZnPg==\" style=\"--smush-placeholder-width: 1200px; --smush-placeholder-aspect-ratio: 1200\/675;\" \/><\/figure>\n<\/div>\n\n\n<p>Onun s\u00f6zl\u0259rin\u0259 g\u00f6r\u0259, \u0259lill\u0259rin i\u015fl\u0259 t\u0259minat\u0131 v\u0259 m\u00fc\u0259ssis\u0259l\u0259rd\u0259 i\u015f yerl\u0259rinin \u015f\u0259raiti il\u0259 ba\u011fl\u0131 monitorinq apar\u0131lm\u0131r, h\u0259r hans\u0131 bir m\u00fc\u0259ssis\u0259nin kvota ay\u0131rmad\u0131\u011f\u0131na g\u00f6r\u0259 c\u0259zaland\u0131r\u0131lmas\u0131na rast g\u0259linmir:<\/p>\n\n\n\n<p><em>&#8220;\u018flilliyin h\u00fcquqlar\u0131n\u0131n m\u00fcdafi\u0259si m\u0259s\u0259l\u0259sind\u0259 m\u0259\u015f\u011ful olan bir qurum yoxdur. \u018fvv\u0259ll\u0259r \u018fm\u0259k&nbsp; M\u00fcf\u0259tti\u015fliyi n\u0259zar\u0259t ed\u0259n qurum kimi son 3-4 ild\u0259 i\u015f yerl\u0259rind\u0259 monitorinq aparmay\u0131b.&nbsp; Prezident q\u0259rar\u0131n\u0131 \u0259sas g\u0259tirib deyirl\u0259r ki, yersiz yoxlamalara icaz\u0259 yoxdur. Buna g\u00f6r\u0259 i\u015f yerl\u0259rind\u0259 \u0259lil \u015f\u0259xsl\u0259rin i\u015fl\u0259 t\u0259minat\u0131, onlara i\u015f yerl\u0259rinin ayr\u0131lmas\u0131 kimi h\u00fcquqlar\u0131 pozulur. Ya \u0259lilliyi olan \u015f\u0259xsl\u0259rin i\u015fl\u0259 t\u0259minat\u0131 hans\u0131 v\u0259ziyy\u0259td\u0259 olmas\u0131 v\u0259 \u0259lil&nbsp; v\u0259t\u0259nda\u015f\u0131n m\u00fcraci\u0259ti il\u0259 yoxlamalar olmal\u0131d\u0131r ki, m\u00fc\u0259ssis\u0259l\u0259rd\u0259 v\u0259ziyy\u0259ti bil\u0259k.&nbsp; He\u00e7 bir orqan yoxdur ki, bunu yoxlas\u0131n&#8221;.<\/em><\/p>\n\n\n<div class=\"wp-block-image\">\n<figure class=\"alignleft size-large is-resized\"><img decoding=\"async\" width=\"1200\" height=\"675\" data-src=\"https:\/\/www.meydan.tv\/wp-content\/uploads\/4-4-1200x675.jpg\" alt=\"\" class=\"wp-image-292516 lazyload\" style=\"--smush-placeholder-width: 1200px; --smush-placeholder-aspect-ratio: 1200\/675;width:379px;height:auto\" src=\"data:image\/svg+xml;base64,PHN2ZyB3aWR0aD0iMSIgaGVpZ2h0PSIxIiB4bWxucz0iaHR0cDovL3d3dy53My5vcmcvMjAwMC9zdmciPjwvc3ZnPg==\" \/><figcaption class=\"wp-element-caption\">\u018fhm\u0259d R\u0259hmanov<\/figcaption><\/figure>\n<\/div>\n\n\n<p>Sosioloqun fikrinc\u0259, \u0259vv\u0259l\u0259r bu i\u015f\u0259 D\u00f6vl\u0259t \u018fm\u0259k M\u00fcf\u0259tti\u015fliyi v\u0259 H\u0259mkarlar Komit\u0259si birg\u0259 n\u0259zar\u0259t edib:<\/p>\n\n\n\n<p>&#8220;<em>H\u0259mkarlar Komit\u0259si indi &#8220;g\u00f6nd\u0259ri\u015f&#8221; alveri il\u0259 m\u0259\u015f\u011fuldur. Son alt\u0131 ayda &#8220;Az\u0259riqaz&#8221; \u0130stehsalat Birliyind\u0259n 8 n\u0259f\u0259r \u0259lil \u015f\u0259xs i\u015fd\u0259n qeyri-qanuni azad olunub. M\u0259hz \u0259lilliyin\u0259 g\u00f6r\u0259. S\u0259n\u0259dl\u0259rin\u0259 d\u0259 el\u0259 yaz\u0131blar. Bu i\u015f\u00e7il\u0259r ill\u0259rl\u0259 H\u0259mkarlar Komit\u0259sin\u0259 pul \u00f6d\u0259yir, \u018fm\u0259k M\u00fcf\u0259tti\u015fliyind\u0259 qeydiyyatdad\u0131rlar. \u018fvv\u0259ll\u0259r \u0259lill\u0259rin i\u015fl\u0259 ba\u011fl\u0131 kvotas\u0131\u00a0 vard\u0131. H\u0259r bir idar\u0259y\u0259 \u0259lil \u015f\u0259xsl\u0259rin d\u0259 i\u015f\u0259 c\u0259lb olunmas\u0131 \u00fc\u00e7\u00fcn o kvota t\u0259tbiq olunmal\u0131d\u0131r. Qanunla h\u0259r 25 i\u015f\u00e7id\u0259n biri \u0259lil \u015f\u0259xs olmal\u0131d\u0131r. M\u00fc\u0259ssis\u0259 bunu t\u0259min etmirs\u0259, orta \u0259m\u0259khaqq\u0131n\u0131n iki misli q\u0259d\u0259r, \u0259lilliyi olan \u015f\u0259xsin i\u015fd\u0259n k\u0259narla\u015fd\u0131r\u0131lmas\u0131na g\u00f6r\u0259 is\u0259 orta \u0259m\u0259khaqq\u0131n\u0131n d\u00f6rd misli q\u0259d\u0259r c\u0259rim\u0259 t\u0259tbiq olunmal\u0131d\u0131r. \u00dcst\u0259lik, illik m\u00fc\u0259ssis\u0259d\u0259 o i\u015f yeri t\u0259min olunmad\u0131\u011f\u0131na g\u00f6r\u0259, y\u0259ni bo\u015f qald\u0131\u011f\u0131 \u00fc\u00e7\u00fcn m\u00fc\u0259ssis\u0259 r\u0259hb\u0259rin\u0259 c\u0259rim\u0259 t\u0259tbiq olunmal\u0131d\u0131r. Amma bu c\u0259za qanunvericilikd\u0259 ixtisara sal\u0131n\u0131b&#8221;.<\/em><\/p>\n\n\n\n<p><strong><em>&#8220;&#8221;<\/em>\u018fm\u0259k qabiliyy\u0259tini itirib&#8221; ad\u0131 il\u0259 i\u015fd\u0259n \u00e7\u0131xar\u0131rlar&#8221;<\/strong><\/p>\n\n\n\n<p>Sosioloq&nbsp; \u018fm\u0259k v\u0259 \u018fhalinin Sosial M\u00fcdafi\u0259si Nazirliyin\u0259 irad v\u0259 t\u0259klifl\u0259rini bildirs\u0259 d\u0259, nazirlik m\u00fc\u0259ssis\u0259y\u0259 c\u0259rim\u0259 t\u0259tbiq edilm\u0259sini uy\u011fun saymay\u0131b:<\/p>\n\n\n<div class=\"wp-block-image\">\n<figure class=\"aligncenter size-large\"><img decoding=\"async\" width=\"1200\" height=\"675\" data-src=\"https:\/\/www.meydan.tv\/wp-content\/uploads\/img-20231211-wa0207-1200x675.jpg\" alt=\"\" class=\"wp-image-293331 lazyload\" src=\"data:image\/svg+xml;base64,PHN2ZyB3aWR0aD0iMSIgaGVpZ2h0PSIxIiB4bWxucz0iaHR0cDovL3d3dy53My5vcmcvMjAwMC9zdmciPjwvc3ZnPg==\" style=\"--smush-placeholder-width: 1200px; --smush-placeholder-aspect-ratio: 1200\/675;\" \/><\/figure>\n<\/div>\n\n\n<p>&#8220;<em>Deyirl\u0259r ki, y\u00fcks\u0259k m\u0259bl\u0259\u011fd\u0259 c\u0259rim\u0259 il\u0259 m\u00fc\u0259ssis\u0259l\u0259r iflas ed\u0259 bil\u0259r. M\u00fc\u0259ssis\u0259 d\u0259 ba\u011flananda i\u015f\u00e7il\u0259rin ham\u0131s\u0131 i\u015fsiz qal\u0131r. Bu, m\u0259ntiqli \u00e7\u0131x\u0131\u015f yolu deyil. Bu, \u0259slind\u0259 \u0259lilliyi olan \u015f\u0259xsl\u0259r\u0259 sui q\u0259sddir. M\u00fctl\u0259q monitorinql\u0259r ke\u00e7irilm\u0259si v\u0259 m\u00fc\u0259ssis\u0259l\u0259rd\u0259 \u0259lil \u015f\u0259xsl\u0259rin i\u015f \u015f\u0259raiti, t\u0259minat\u0131, i\u015f yerl\u0259ri, i\u015fd\u0259n \u00e7\u0131xar\u0131lanlar\u0131n h\u00fcquqi s\u0259b\u0259bi ara\u015fd\u0131r\u0131lmal\u0131d\u0131r. Monitorinq v\u0259 c\u0259za yoxdur dey\u0259 \u0259lil \u015f\u0259xsl\u0259rin i\u015fl\u0259 t\u0259minat h\u00fcququ ciddi pozulur. \u00c7oxunu &#8220;yoxlama yoxdur&#8221; dey\u0259 m\u00fc\u0259yy\u0259n m\u00fcdd\u0259td\u0259n sonra &#8220;\u0259m\u0259k qabiliyy\u0259tini itirib&#8221; ad\u0131 il\u0259 i\u015fd\u0259n \u00e7\u0131xar\u0131rlar. Amma s\u0259n\u0259di a\u00e7anda bax\u0131rsan ki, \u0259lil \u015f\u0259xsin\u00a0ad\u0131 bu m\u00fcdd\u0259t \u0259rzind\u0259 he\u00e7 bulletend\u0259 olmay\u0131b&#8221;.<\/em><\/p>\n\n\n<div class=\"wp-block-image\">\n<figure class=\"alignright size-large is-resized\"><img decoding=\"async\" width=\"1200\" height=\"800\" data-src=\"https:\/\/www.meydan.tv\/wp-content\/uploads\/d02c4ac5-0de1-43ad-b5f6-f77d4f063c2d-1200x800.png\" alt=\"\u018fm\u0259k v\u0259 \u018fhalinin Sosial M\u00fcdafi\u0259si Nazirliyi\" class=\"wp-image-129475 lazyload\" style=\"--smush-placeholder-width: 1200px; --smush-placeholder-aspect-ratio: 1200\/800;width:362px;height:auto\" src=\"data:image\/svg+xml;base64,PHN2ZyB3aWR0aD0iMSIgaGVpZ2h0PSIxIiB4bWxucz0iaHR0cDovL3d3dy53My5vcmcvMjAwMC9zdmciPjwvc3ZnPg==\" \/><figcaption class=\"wp-element-caption\">Foto: Meydan TV<\/figcaption><\/figure>\n<\/div>\n\n\n<p><em>&#8220;Bilirl\u0259r ki, c\u0259zas\u0131z qalacaq, ona g\u00f6r\u0259 d\u0259 \u00f6zba\u015f\u0131nal\u0131qlar edirl\u0259r. M\u0259hk\u0259m\u0259y\u0259 ver\u0259nd\u0259 d\u0259 \u0259lil \u015f\u0259xsl\u0259r s\u00fcr\u00fcnd\u00fcr\u00fcl\u00fcr. X\u00fcsusil\u0259 d\u0259 \u0259lilliyi olan qad\u0131nlar daha \u00e7ox \u0259ziyy\u0259t \u00e7\u0259kirl\u0259r. \u0130\u015f axtaran \u0259lilliyi olan \u015f\u0259xsl\u0259r, y\u0259ni qad\u0131nlar vaxtil\u0259 qad\u0131n \u0259m\u0259yinin t\u0259tbiqi qada\u011fan olundu\u011fu i\u015fl\u0259r\u0259 c\u0259lb olunur ki, bu da \u0259lilin i\u015f \u015f\u0259raitind\u0259 h\u00fcquq pozuntusudur. \u0130ndi bu qada\u011fa aradan g\u00f6t\u00fcr\u00fcl\u00fcb dey\u0259 i\u015f axtaran t\u0259r\u0259find\u0259n \u0259lil qad\u0131na imtina etsin dey\u0259 bel\u0259 a\u011f\u0131r i\u015fl\u0259r t\u0259klif olunur. Bu is\u0259 yolverilm\u0259zdir&#8221;,<\/em> &#8211; sosioloq deyir.<\/p>\n\n\n\n<p><strong><em>&#8220;<\/em>T\u0259hsil, i\u015fl\u0259 t\u0259minat h\u00fcquqlar\u0131m\u0131z ciddi \u015f\u0259kild\u0259 qorunsun&#8221;<\/strong><\/p>\n\n\n\n<p>N\u0259rgizin arzular\u0131 da b\u00f6y\u00fckd\u00fcr, ancaq \u00f6lk\u0259d\u0259 \u0259lil \u015f\u0259xsl\u0259r\u0259 m\u00fcnasib\u0259tin d\u0259yi\u015fm\u0259sini ist\u0259yir:<\/p>\n\n\n\n<p><em>&#8220;\u0130st\u0259yir\u0259m ki, \u0259lilliyin\u0259 g\u00f6r\u0259 kims\u0259, x\u00fcsusil\u0259 qad\u0131nlar i\u015fsiz qalmas\u0131n, niy\u0259 ill\u0259rl\u0259 i\u015f axtar\u0131\u015f\u0131nda olaq, niy\u0259 minumum \u0259m\u0259khaqq\u0131 olan xidm\u0259ti&nbsp; i\u015fl\u0259rd\u0259 \u00e7al\u0131\u015faq. Niy\u0259 i\u015f\u0259 g\u00f6r\u0259 \u0259llilik d\u0259r\u0259c\u0259sind\u0259n imtina edim? T\u0259hsil, i\u015fl\u0259 t\u0259minat h\u00fcquqlar\u0131m\u0131z ciddi \u015f\u0259kild\u0259 qorunsun. Arzular\u0131mza ged\u0259n yolda mentalitet v\u0259 c\u0259miyy\u0259t d\u0259 mane\u0259l\u0259r yaratmas\u0131n&#8221;.<\/em><\/p>\n","protected":false},"excerpt":{"rendered":"<p>M\u00fct\u0259x\u0259ssisl\u0259r \u0259lil \u015f\u0259xsl\u0259rin i\u015fl\u0259 t\u0259minat h\u00fcququnun pozuldu\u011funu deyirl\u0259r &#8220;Orta ixtisas &#8230; <\/p>\n<p class=\"read-more-container\"><a title=\"N\u0259rgiz S\u0259m\u0259dova: &#8220;II qrupdan imtina etdim ki, i\u015f tapa bilim&#8221;\" class=\"read-more button\" href=\"https:\/\/www.meydan.tv\/az\/article\/nergiz-semedova-ii-qrupdan-imtina-etdim-ki-is-tapa-bilim\/#more-293347\" aria-label=\"Read more about N\u0259rgiz S\u0259m\u0259dova: &#8220;II qrupdan imtina etdim ki, i\u015f tapa bilim&#8221;\">Davam\u0131<\/a><\/p>\n","protected":false},"author":8,"featured_media":293344,"comment_status":"closed","ping_status":"closed","sticky":false,"template":"","format":"standard","meta":{"_acf_changed":false,"_sitemap_exclude":false,"_sitemap_priority":"","_sitemap_frequency":"","footnotes":""},"categories":[62,56],"tags":[],"class_list":["post-293347","post","type-post","status-publish","format-standard","has-post-thumbnail","hentry","category-sosial","category-xeberler","infinite-scroll-item","generate-columns","tablet-grid-50","mobile-grid-100","grid-parent","grid-33","no-featured-image-padding"],"acf":[],"yoast_head":"<!-- This site is optimized with the Yoast SEO plugin v27.5 - https:\/\/yoast.com\/product\/yoast-seo-wordpress\/ -->\n<title>N\u0259rgiz S\u0259m\u0259dova: &quot;II qrupdan imtina etdim ki, i\u015f tapa bilim&quot; - MEYDAN.TV<\/title>\n<meta name=\"robots\" content=\"index, follow, max-snippet:-1, max-image-preview:large, max-video-preview:-1\" \/>\n<link rel=\"canonical\" href=\"https:\/\/www.meydan.tv\/az\/article\/nergiz-semedova-ii-qrupdan-imtina-etdim-ki-is-tapa-bilim\/\" \/>\n<meta property=\"og:locale\" content=\"az_AZ\" \/>\n<meta property=\"og:type\" content=\"article\" \/>\n<meta property=\"og:title\" content=\"N\u0259rgiz S\u0259m\u0259dova: &quot;II qrupdan imtina etdim ki, i\u015f tapa bilim&quot; - MEYDAN.TV\" \/>\n<meta property=\"og:description\" content=\"M\u00fct\u0259x\u0259ssisl\u0259r \u0259lil \u015f\u0259xsl\u0259rin i\u015fl\u0259 t\u0259minat h\u00fcququnun pozuldu\u011funu deyirl\u0259r &#8220;Orta ixtisas ... Davam\u0131\" \/>\n<meta property=\"og:url\" content=\"https:\/\/www.meydan.tv\/az\/article\/nergiz-semedova-ii-qrupdan-imtina-etdim-ki-is-tapa-bilim\/\" \/>\n<meta property=\"og:site_name\" content=\"MEYDAN.TV\" \/>\n<meta property=\"article:published_time\" content=\"2023-12-18T14:59:22+00:00\" \/>\n<meta property=\"article:modified_time\" content=\"2023-12-18T14:59:40+00:00\" \/>\n<meta property=\"og:image\" content=\"https:\/\/www.meydan.tv\/wp-content\/uploads\/img-20231111-wa0184.jpg\" \/>\n\t<meta property=\"og:image:width\" content=\"1280\" \/>\n\t<meta property=\"og:image:height\" content=\"720\" \/>\n\t<meta property=\"og:image:type\" content=\"image\/jpeg\" \/>\n<meta name=\"author\" content=\"elli\" \/>\n<meta name=\"twitter:card\" content=\"summary_large_image\" \/>\n<meta name=\"twitter:creator\" content=\"@elli\" \/>\n<script type=\"application\/ld+json\" class=\"yoast-schema-graph\">{\"@context\":\"https:\\\/\\\/schema.org\",\"@graph\":[{\"@type\":\"Article\",\"@id\":\"https:\\\/\\\/www.meydan.tv\\\/az\\\/article\\\/nergiz-semedova-ii-qrupdan-imtina-etdim-ki-is-tapa-bilim\\\/#article\",\"isPartOf\":{\"@id\":\"https:\\\/\\\/www.meydan.tv\\\/az\\\/article\\\/nergiz-semedova-ii-qrupdan-imtina-etdim-ki-is-tapa-bilim\\\/\"},\"author\":{\"name\":\"elli\",\"@id\":\"https:\\\/\\\/www.meydan.tv\\\/az\\\/#\\\/schema\\\/person\\\/9cdbecf90d17180ce1dfbd95b08dcf47\"},\"headline\":\"N\u0259rgiz S\u0259m\u0259dova: &#8220;II qrupdan imtina etdim ki, i\u015f tapa bilim&#8221;\",\"datePublished\":\"2023-12-18T14:59:22+00:00\",\"dateModified\":\"2023-12-18T14:59:40+00:00\",\"mainEntityOfPage\":{\"@id\":\"https:\\\/\\\/www.meydan.tv\\\/az\\\/article\\\/nergiz-semedova-ii-qrupdan-imtina-etdim-ki-is-tapa-bilim\\\/\"},\"wordCount\":3116,\"publisher\":{\"@id\":\"https:\\\/\\\/www.meydan.tv\\\/az\\\/#organization\"},\"image\":{\"@id\":\"https:\\\/\\\/www.meydan.tv\\\/az\\\/article\\\/nergiz-semedova-ii-qrupdan-imtina-etdim-ki-is-tapa-bilim\\\/#primaryimage\"},\"thumbnailUrl\":\"https:\\\/\\\/www.meydan.tv\\\/wp-content\\\/uploads\\\/img-20231111-wa0184.jpg\",\"articleSection\":[\"Sosial\",\"X\u0259b\u0259rl\u0259r\"],\"inLanguage\":\"az\"},{\"@type\":\"WebPage\",\"@id\":\"https:\\\/\\\/www.meydan.tv\\\/az\\\/article\\\/nergiz-semedova-ii-qrupdan-imtina-etdim-ki-is-tapa-bilim\\\/\",\"url\":\"https:\\\/\\\/www.meydan.tv\\\/az\\\/article\\\/nergiz-semedova-ii-qrupdan-imtina-etdim-ki-is-tapa-bilim\\\/\",\"name\":\"N\u0259rgiz S\u0259m\u0259dova: \\\"II qrupdan imtina etdim ki, i\u015f tapa bilim\\\" - MEYDAN.TV\",\"isPartOf\":{\"@id\":\"https:\\\/\\\/www.meydan.tv\\\/az\\\/#website\"},\"primaryImageOfPage\":{\"@id\":\"https:\\\/\\\/www.meydan.tv\\\/az\\\/article\\\/nergiz-semedova-ii-qrupdan-imtina-etdim-ki-is-tapa-bilim\\\/#primaryimage\"},\"image\":{\"@id\":\"https:\\\/\\\/www.meydan.tv\\\/az\\\/article\\\/nergiz-semedova-ii-qrupdan-imtina-etdim-ki-is-tapa-bilim\\\/#primaryimage\"},\"thumbnailUrl\":\"https:\\\/\\\/www.meydan.tv\\\/wp-content\\\/uploads\\\/img-20231111-wa0184.jpg\",\"datePublished\":\"2023-12-18T14:59:22+00:00\",\"dateModified\":\"2023-12-18T14:59:40+00:00\",\"breadcrumb\":{\"@id\":\"https:\\\/\\\/www.meydan.tv\\\/az\\\/article\\\/nergiz-semedova-ii-qrupdan-imtina-etdim-ki-is-tapa-bilim\\\/#breadcrumb\"},\"inLanguage\":\"az\",\"potentialAction\":[{\"@type\":\"ReadAction\",\"target\":[\"https:\\\/\\\/www.meydan.tv\\\/az\\\/article\\\/nergiz-semedova-ii-qrupdan-imtina-etdim-ki-is-tapa-bilim\\\/\"]}]},{\"@type\":\"ImageObject\",\"inLanguage\":\"az\",\"@id\":\"https:\\\/\\\/www.meydan.tv\\\/az\\\/article\\\/nergiz-semedova-ii-qrupdan-imtina-etdim-ki-is-tapa-bilim\\\/#primaryimage\",\"url\":\"https:\\\/\\\/www.meydan.tv\\\/wp-content\\\/uploads\\\/img-20231111-wa0184.jpg\",\"contentUrl\":\"https:\\\/\\\/www.meydan.tv\\\/wp-content\\\/uploads\\\/img-20231111-wa0184.jpg\",\"width\":1280,\"height\":720,\"caption\":\"Fotolar: Meydan TV\"},{\"@type\":\"BreadcrumbList\",\"@id\":\"https:\\\/\\\/www.meydan.tv\\\/az\\\/article\\\/nergiz-semedova-ii-qrupdan-imtina-etdim-ki-is-tapa-bilim\\\/#breadcrumb\",\"itemListElement\":[{\"@type\":\"ListItem\",\"position\":1,\"name\":\"Ana s\u0259hif\u0259\",\"item\":\"https:\\\/\\\/www.meydan.tv\\\/az\\\/\"},{\"@type\":\"ListItem\",\"position\":2,\"name\":\"Sosial\",\"item\":\"https:\\\/\\\/www.meydan.tv\\\/az\\\/section\\\/sosial\\\/\"},{\"@type\":\"ListItem\",\"position\":3,\"name\":\"N\u0259rgiz S\u0259m\u0259dova: &#8220;II qrupdan imtina etdim ki, i\u015f tapa bilim&#8221;\"}]},{\"@type\":\"WebSite\",\"@id\":\"https:\\\/\\\/www.meydan.tv\\\/az\\\/#website\",\"url\":\"https:\\\/\\\/www.meydan.tv\\\/az\\\/\",\"name\":\"MEYDAN.TV\",\"description\":\"Meydan TV Az\u0259rbaycan\u0131n media m\u0259kan\u0131ndak\u0131 alternativ s\u0259sidir\",\"publisher\":{\"@id\":\"https:\\\/\\\/www.meydan.tv\\\/az\\\/#organization\"},\"potentialAction\":[{\"@type\":\"SearchAction\",\"target\":{\"@type\":\"EntryPoint\",\"urlTemplate\":\"https:\\\/\\\/www.meydan.tv\\\/az\\\/?s={search_term_string}\"},\"query-input\":{\"@type\":\"PropertyValueSpecification\",\"valueRequired\":true,\"valueName\":\"search_term_string\"}}],\"inLanguage\":\"az\"},{\"@type\":\"Organization\",\"@id\":\"https:\\\/\\\/www.meydan.tv\\\/az\\\/#organization\",\"name\":\"Meydan TV\",\"url\":\"https:\\\/\\\/www.meydan.tv\\\/az\\\/\",\"logo\":{\"@type\":\"ImageObject\",\"inLanguage\":\"az\",\"@id\":\"https:\\\/\\\/www.meydan.tv\\\/az\\\/#\\\/schema\\\/logo\\\/image\\\/\",\"url\":\"https:\\\/\\\/www.meydan.tv\\\/wp-content\\\/uploads\\\/2021\\\/07\\\/meydan-logo.svg\",\"contentUrl\":\"https:\\\/\\\/www.meydan.tv\\\/wp-content\\\/uploads\\\/2021\\\/07\\\/meydan-logo.svg\",\"width\":195,\"height\":46,\"caption\":\"Meydan TV\"},\"image\":{\"@id\":\"https:\\\/\\\/www.meydan.tv\\\/az\\\/#\\\/schema\\\/logo\\\/image\\\/\"}},{\"@type\":\"Person\",\"@id\":\"https:\\\/\\\/www.meydan.tv\\\/az\\\/#\\\/schema\\\/person\\\/9cdbecf90d17180ce1dfbd95b08dcf47\",\"name\":\"elli\",\"sameAs\":[\"https:\\\/\\\/x.com\\\/elli\"]}]}<\/script>\n<!-- \/ Yoast SEO plugin. -->","yoast_head_json":{"title":"N\u0259rgiz S\u0259m\u0259dova: \"II qrupdan imtina etdim ki, i\u015f tapa bilim\" - MEYDAN.TV","robots":{"index":"index","follow":"follow","max-snippet":"max-snippet:-1","max-image-preview":"max-image-preview:large","max-video-preview":"max-video-preview:-1"},"canonical":"https:\/\/www.meydan.tv\/az\/article\/nergiz-semedova-ii-qrupdan-imtina-etdim-ki-is-tapa-bilim\/","og_locale":"az_AZ","og_type":"article","og_title":"N\u0259rgiz S\u0259m\u0259dova: \"II qrupdan imtina etdim ki, i\u015f tapa bilim\" - MEYDAN.TV","og_description":"M\u00fct\u0259x\u0259ssisl\u0259r \u0259lil \u015f\u0259xsl\u0259rin i\u015fl\u0259 t\u0259minat h\u00fcququnun pozuldu\u011funu deyirl\u0259r &#8220;Orta ixtisas ... Davam\u0131","og_url":"https:\/\/www.meydan.tv\/az\/article\/nergiz-semedova-ii-qrupdan-imtina-etdim-ki-is-tapa-bilim\/","og_site_name":"MEYDAN.TV","article_published_time":"2023-12-18T14:59:22+00:00","article_modified_time":"2023-12-18T14:59:40+00:00","og_image":[{"width":1280,"height":720,"url":"https:\/\/www.meydan.tv\/wp-content\/uploads\/img-20231111-wa0184.jpg","type":"image\/jpeg"}],"author":"elli","twitter_card":"summary_large_image","twitter_creator":"@elli","schema":{"@context":"https:\/\/schema.org","@graph":[{"@type":"Article","@id":"https:\/\/www.meydan.tv\/az\/article\/nergiz-semedova-ii-qrupdan-imtina-etdim-ki-is-tapa-bilim\/#article","isPartOf":{"@id":"https:\/\/www.meydan.tv\/az\/article\/nergiz-semedova-ii-qrupdan-imtina-etdim-ki-is-tapa-bilim\/"},"author":{"name":"elli","@id":"https:\/\/www.meydan.tv\/az\/#\/schema\/person\/9cdbecf90d17180ce1dfbd95b08dcf47"},"headline":"N\u0259rgiz S\u0259m\u0259dova: &#8220;II qrupdan imtina etdim ki, i\u015f tapa bilim&#8221;","datePublished":"2023-12-18T14:59:22+00:00","dateModified":"2023-12-18T14:59:40+00:00","mainEntityOfPage":{"@id":"https:\/\/www.meydan.tv\/az\/article\/nergiz-semedova-ii-qrupdan-imtina-etdim-ki-is-tapa-bilim\/"},"wordCount":3116,"publisher":{"@id":"https:\/\/www.meydan.tv\/az\/#organization"},"image":{"@id":"https:\/\/www.meydan.tv\/az\/article\/nergiz-semedova-ii-qrupdan-imtina-etdim-ki-is-tapa-bilim\/#primaryimage"},"thumbnailUrl":"https:\/\/www.meydan.tv\/wp-content\/uploads\/img-20231111-wa0184.jpg","articleSection":["Sosial","X\u0259b\u0259rl\u0259r"],"inLanguage":"az"},{"@type":"WebPage","@id":"https:\/\/www.meydan.tv\/az\/article\/nergiz-semedova-ii-qrupdan-imtina-etdim-ki-is-tapa-bilim\/","url":"https:\/\/www.meydan.tv\/az\/article\/nergiz-semedova-ii-qrupdan-imtina-etdim-ki-is-tapa-bilim\/","name":"N\u0259rgiz S\u0259m\u0259dova: \"II qrupdan imtina etdim ki, i\u015f tapa bilim\" - MEYDAN.TV","isPartOf":{"@id":"https:\/\/www.meydan.tv\/az\/#website"},"primaryImageOfPage":{"@id":"https:\/\/www.meydan.tv\/az\/article\/nergiz-semedova-ii-qrupdan-imtina-etdim-ki-is-tapa-bilim\/#primaryimage"},"image":{"@id":"https:\/\/www.meydan.tv\/az\/article\/nergiz-semedova-ii-qrupdan-imtina-etdim-ki-is-tapa-bilim\/#primaryimage"},"thumbnailUrl":"https:\/\/www.meydan.tv\/wp-content\/uploads\/img-20231111-wa0184.jpg","datePublished":"2023-12-18T14:59:22+00:00","dateModified":"2023-12-18T14:59:40+00:00","breadcrumb":{"@id":"https:\/\/www.meydan.tv\/az\/article\/nergiz-semedova-ii-qrupdan-imtina-etdim-ki-is-tapa-bilim\/#breadcrumb"},"inLanguage":"az","potentialAction":[{"@type":"ReadAction","target":["https:\/\/www.meydan.tv\/az\/article\/nergiz-semedova-ii-qrupdan-imtina-etdim-ki-is-tapa-bilim\/"]}]},{"@type":"ImageObject","inLanguage":"az","@id":"https:\/\/www.meydan.tv\/az\/article\/nergiz-semedova-ii-qrupdan-imtina-etdim-ki-is-tapa-bilim\/#primaryimage","url":"https:\/\/www.meydan.tv\/wp-content\/uploads\/img-20231111-wa0184.jpg","contentUrl":"https:\/\/www.meydan.tv\/wp-content\/uploads\/img-20231111-wa0184.jpg","width":1280,"height":720,"caption":"Fotolar: Meydan TV"},{"@type":"BreadcrumbList","@id":"https:\/\/www.meydan.tv\/az\/article\/nergiz-semedova-ii-qrupdan-imtina-etdim-ki-is-tapa-bilim\/#breadcrumb","itemListElement":[{"@type":"ListItem","position":1,"name":"Ana s\u0259hif\u0259","item":"https:\/\/www.meydan.tv\/az\/"},{"@type":"ListItem","position":2,"name":"Sosial","item":"https:\/\/www.meydan.tv\/az\/section\/sosial\/"},{"@type":"ListItem","position":3,"name":"N\u0259rgiz S\u0259m\u0259dova: &#8220;II qrupdan imtina etdim ki, i\u015f tapa bilim&#8221;"}]},{"@type":"WebSite","@id":"https:\/\/www.meydan.tv\/az\/#website","url":"https:\/\/www.meydan.tv\/az\/","name":"MEYDAN.TV","description":"Meydan TV Az\u0259rbaycan\u0131n media m\u0259kan\u0131ndak\u0131 alternativ s\u0259sidir","publisher":{"@id":"https:\/\/www.meydan.tv\/az\/#organization"},"potentialAction":[{"@type":"SearchAction","target":{"@type":"EntryPoint","urlTemplate":"https:\/\/www.meydan.tv\/az\/?s={search_term_string}"},"query-input":{"@type":"PropertyValueSpecification","valueRequired":true,"valueName":"search_term_string"}}],"inLanguage":"az"},{"@type":"Organization","@id":"https:\/\/www.meydan.tv\/az\/#organization","name":"Meydan TV","url":"https:\/\/www.meydan.tv\/az\/","logo":{"@type":"ImageObject","inLanguage":"az","@id":"https:\/\/www.meydan.tv\/az\/#\/schema\/logo\/image\/","url":"https:\/\/www.meydan.tv\/wp-content\/uploads\/2021\/07\/meydan-logo.svg","contentUrl":"https:\/\/www.meydan.tv\/wp-content\/uploads\/2021\/07\/meydan-logo.svg","width":195,"height":46,"caption":"Meydan TV"},"image":{"@id":"https:\/\/www.meydan.tv\/az\/#\/schema\/logo\/image\/"}},{"@type":"Person","@id":"https:\/\/www.meydan.tv\/az\/#\/schema\/person\/9cdbecf90d17180ce1dfbd95b08dcf47","name":"elli","sameAs":["https:\/\/x.com\/elli"]}]}},"_links":{"self":[{"href":"https:\/\/www.meydan.tv\/az\/wp-json\/wp\/v2\/posts\/293347","targetHints":{"allow":["GET"]}}],"collection":[{"href":"https:\/\/www.meydan.tv\/az\/wp-json\/wp\/v2\/posts"}],"about":[{"href":"https:\/\/www.meydan.tv\/az\/wp-json\/wp\/v2\/types\/post"}],"author":[{"embeddable":true,"href":"https:\/\/www.meydan.tv\/az\/wp-json\/wp\/v2\/users\/8"}],"replies":[{"embeddable":true,"href":"https:\/\/www.meydan.tv\/az\/wp-json\/wp\/v2\/comments?post=293347"}],"version-history":[{"count":3,"href":"https:\/\/www.meydan.tv\/az\/wp-json\/wp\/v2\/posts\/293347\/revisions"}],"predecessor-version":[{"id":293365,"href":"https:\/\/www.meydan.tv\/az\/wp-json\/wp\/v2\/posts\/293347\/revisions\/293365"}],"wp:featuredmedia":[{"embeddable":true,"href":"https:\/\/www.meydan.tv\/az\/wp-json\/wp\/v2\/media\/293344"}],"wp:attachment":[{"href":"https:\/\/www.meydan.tv\/az\/wp-json\/wp\/v2\/media?parent=293347"}],"wp:term":[{"taxonomy":"category","embeddable":true,"href":"https:\/\/www.meydan.tv\/az\/wp-json\/wp\/v2\/categories?post=293347"},{"taxonomy":"post_tag","embeddable":true,"href":"https:\/\/www.meydan.tv\/az\/wp-json\/wp\/v2\/tags?post=293347"}],"curies":[{"name":"wp","href":"https:\/\/api.w.org\/{rel}","templated":true}]}}