{"id":293268,"date":"2023-12-18T14:45:00","date_gmt":"2023-12-18T10:45:00","guid":{"rendered":"https:\/\/www.meydan.tv\/?p=293268"},"modified":"2023-12-18T14:45:06","modified_gmt":"2023-12-18T10:45:06","slug":"xacmaz-sakini-isden-niye-cixarildigini-bilmediyini-deyir","status":"publish","type":"post","link":"https:\/\/www.meydan.tv\/az\/article\/xacmaz-sakini-isden-niye-cixarildigini-bilmediyini-deyir\/","title":{"rendered":"Xa\u00e7maz sakini i\u015fd\u0259n niy\u0259 \u00e7\u0131xar\u0131ld\u0131\u011f\u0131n\u0131 bilm\u0259diyini deyir"},"content":{"rendered":"\n<p><\/p>\n\n\n\n<p><em><strong>Qazi atas\u0131:\u201cPsixi pozuntusu olan o\u011fluma nec\u0259 ba\u015fa sal\u0131m ki, s\u0259nin g\u00fcnd\u0259lik \u00e7\u0259kdiyin siqareti alma\u011fa imkan\u0131m \u00e7atm\u0131r?\u201d<\/strong><\/em><\/p>\n\n\n\n<p>Xa\u00e7maz\u0131n Sayad k\u0259nd sakini H\u0259zi Axundov \u201cXa\u00e7maz Aqropark\u201ddan qanunsuz olaraq i\u015fd\u0259n azad edildiyini deyir.<\/p>\n\n\n\n<p>Meydan TV-y\u0259 m\u00fcraci\u0259t ed\u0259n H\u0259zi Axundov bildirib ki, ail\u0259d\u0259 yegan\u0259 i\u015fl\u0259y\u0259n odur. O\u011flu \u00dcmid Axundov Qaraba\u011f M\u00fcharib\u0259sind\u0259 d\u00f6y\u00fc\u015fl\u0259r zaman\u0131 yaralan\u0131b, qapal\u0131 k\u0259ll\u0259-beyin travmas\u0131 n\u0259tic\u0259sind\u0259 \u00fcst\u0259lik \u0259s\u0259b x\u0259st\u0259liyin\u0259 tutulub. Ma\u015fta\u011fa q\u0259s\u0259b\u0259sind\u0259 yerl\u0259\u015f\u0259n Ruhi-\u0259s\u0259b X\u0259st\u0259xanas\u0131nda m\u00fcalic\u0259 al\u0131b, haz\u0131rda m\u00fcalic\u0259si m\u00fcxt\u0259lif x\u0259st\u0259xanalarda davam etdirilir. Onun dolan\u0131\u015f\u0131\u011f\u0131n\u0131, ehtiyaclar\u0131n\u0131 da H\u0259zi Axundov \u00f6d\u0259yir. Bu s\u0259b\u0259bd\u0259n i\u015fsiz qald\u0131\u011f\u0131 \u00fc\u00e7\u00fcn \u00e7ar\u0259siz v\u0259ziyy\u0259td\u0259dir.<\/p>\n\n\n<div class=\"wp-block-image\">\n<figure class=\"aligncenter size-large\"><img decoding=\"async\" width=\"1200\" height=\"675\" data-src=\"https:\/\/www.meydan.tv\/wp-content\/uploads\/xasmac-1200x675.jpg\" alt=\"\" class=\"wp-image-293272 lazyload\" src=\"data:image\/svg+xml;base64,PHN2ZyB3aWR0aD0iMSIgaGVpZ2h0PSIxIiB4bWxucz0iaHR0cDovL3d3dy53My5vcmcvMjAwMC9zdmciPjwvc3ZnPg==\" style=\"--smush-placeholder-width: 1200px; --smush-placeholder-aspect-ratio: 1200\/675;\" \/><figcaption class=\"wp-element-caption\">H\u0259zi v\u0259 \u00dclvi Axundovlar. <\/figcaption><\/figure>\n<\/div>\n\n\n<p>\u201cXa\u00e7maz Aqropark\u201d 2021-ci ild\u0259n f\u0259aliyy\u0259t\u0259 ba\u015flay\u0131b. Axundov bildirib ki, m\u00fc\u0259ssis\u0259 \u0259vv\u0259ll\u0259r \u201cReal \u0130nki\u015faf\u201d MMC ad\u0131 il\u0259 f\u0259aliyy\u0259t g\u00f6st\u0259rib.<\/p>\n\n\n\n<p><em>\u201c2017-ci ild\u0259n MMC-nin ba\u015f m\u00fchasibi kimi \u00e7al\u0131\u015fm\u0131\u015fam. Aqropark yarad\u0131landan sonra m\u00fchafiz\u0259 xidm\u0259tinin r\u0259hb\u0259ri v\u0259zif\u0259sin\u0259 ke\u00e7irildim. 21 aydan sonra, bu ilin avqustun 4-d\u0259 m\u00fcqavil\u0259 m\u00fcdd\u0259tinin bitm\u0259si s\u0259b\u0259bi il\u0259 i\u015fd\u0259n azad edildim. R\u0259hb\u0259rlik dedi ki, m\u00fcqavil\u0259nin m\u00fcdd\u0259tini uzatmaq ist\u0259mirl\u0259r\u201d,<\/em>-\u015fikay\u0259t\u00e7i deyib.<\/p>\n\n\n\n<p>H.Axundovun s\u00f6zl\u0259rin\u0259 g\u00f6r\u0259, aqropark\u0131n insan resurslar\u0131 \u015f\u00f6b\u0259si il\u0259, el\u0259c\u0259 d\u0259 r\u0259hb\u0259rlikl\u0259 g\u00f6r\u00fc\u015f\u00fcb. Ona m\u00fcqavil\u0259nin uzad\u0131lmamas\u0131n\u0131n s\u0259b\u0259bl\u0259rini izah etm\u0259yibl\u0259r:<\/p>\n\n\n\n<p><em>\u201cAqropark k\u0259ndimizd\u0259 yerl\u0259\u015fir, bu bax\u0131mdan gedi\u015f-g\u0259li\u015f \u00fc\u00e7\u00fcn \u0259lveri\u015flidir. \u0130kincisi, evimd\u0259 \u0259s\u0259b x\u0259st\u0259si olan qazi var. Do\u011frudur, d\u00f6vl\u0259t onun m\u00fcalic\u0259sini t\u0259min edir. Lakin t\u0259k m\u00fcalic\u0259 il\u0259 i\u015f yekunla\u015fm\u0131r, onun yem\u0259k v\u0259 dig\u0259r x\u0259rcl\u0259ri qar\u015f\u0131lanmal\u0131d\u0131r. H\u0259yat yolda\u015f\u0131m v\u0259 x\u0259st\u0259 anam da himay\u0259md\u0259dir. Kreditl\u0259rim var, \u00f6d\u0259y\u0259 bilmir\u0259m\u201d.<\/em><\/p>\n\n\n\n<p>H.Axundov deyir ki, o\u011flunun v\u0259 ail\u0259sinin v\u0259ziyy\u0259ti il\u0259 ba\u011fl\u0131 aqropark\u0131n r\u0259hb\u0259rliyin\u0259 m\u0259lumat verib. Ona bildiribl\u0259r ki, o\u011flu d\u00f6vl\u0259t \u00fc\u00e7\u00fcn d\u00f6y\u00fc\u015f\u00fcb, t\u0259l\u0259bini d\u0259 konkret olaraq d\u00f6vl\u0259t\u0259 y\u00f6n\u0259ltm\u0259lidir.<\/p>\n\n\n<div class=\"wp-block-image\">\n<figure class=\"aligncenter size-large\"><img decoding=\"async\" width=\"1200\" height=\"675\" data-src=\"https:\/\/www.meydan.tv\/wp-content\/uploads\/sened-5-1200x675.jpg\" alt=\"\" class=\"wp-image-293269 lazyload\" src=\"data:image\/svg+xml;base64,PHN2ZyB3aWR0aD0iMSIgaGVpZ2h0PSIxIiB4bWxucz0iaHR0cDovL3d3dy53My5vcmcvMjAwMC9zdmciPjwvc3ZnPg==\" style=\"--smush-placeholder-width: 1200px; --smush-placeholder-aspect-ratio: 1200\/675;\" \/><figcaption class=\"wp-element-caption\">Foto: Meydan TV<\/figcaption><\/figure>\n<\/div>\n\n\n<p><em>\u201c51 ya\u015f\u0131ndayam, bu ya\u015fdan sonra i\u015f tapmaq \u00e7\u0259tindir. M\u0259n\u0259 t\u0259klif edirl\u0259r ki, 10 kilometr uzaqda yerl\u0259\u015f\u0259n sah\u0259d\u0259 qar\u011fa qovum, ayl\u0131q m\u0259vacibi 350 manatd\u0131r. 30 il ba\u015f m\u00fchasib i\u015fl\u0259mi\u015f\u0259m, i\u015fimd\u0259 pe\u015f\u0259karam. \u00d6z k\u0259ndimd\u0259 i\u015f yoxdur, amma k\u0259nardan i\u015f\u00e7i g\u0259tirilir. Haz\u0131rda g\u00fcn\u0259muzd mal-qaraya baxmaqla dolan\u0131ram. Psixi pozuntusu olan u\u015fa\u011fa nec\u0259 ba\u015fa sal\u0131m ki, s\u0259nin g\u00fcnd\u0259lik \u00e7\u0259kdiyin siqareti alma\u011fa imkan\u0131m \u00e7atm\u0131r?\u201d,<\/em>-Axundov deyib.<\/p>\n\n\n\n<p>\u015eikay\u0259t\u00e7i hesab edir ki, b\u00f6lg\u0259l\u0259rd\u0259 ba\u015f ver\u0259nl\u0259rd\u0259n \u00f6lk\u0259 ba\u015f\u00e7\u0131s\u0131n\u0131n, Birinci vitse-prezidentin m\u0259lumat\u0131 yoxdur. \u018fmindir ki, Prezident bils\u0259 qazi atas\u0131n\u0131n bir \u00e7\u00f6r\u0259y\u0259 m\u00f6htac qoyanlara qar\u015f\u0131 t\u0259dbir g\u00f6r\u0259r.<\/p>\n\n\n\n<p>\u201cXa\u00e7maz Aqropark\u201d\u0131n insan resurslar\u0131 \u015f\u00f6b\u0259sinin r\u0259hb\u0259ri Eldar K\u0259r\u0259mov Meydan TV-y\u0259 deyib ki, H\u0259zi&nbsp; Axundova i\u015fd\u0259n \u00e7\u0131xar\u0131lma s\u0259b\u0259bl\u0259ri izah edilib.&nbsp; Eldar K\u0259r\u0259mov suallar\u0131 cavabland\u0131rmaqdan imtina edib.<\/p>\n","protected":false},"excerpt":{"rendered":"<p>Qazi atas\u0131:\u201cPsixi pozuntusu olan o\u011fluma nec\u0259 ba\u015fa sal\u0131m ki, s\u0259nin &#8230; <\/p>\n<p class=\"read-more-container\"><a title=\"Xa\u00e7maz sakini i\u015fd\u0259n niy\u0259 \u00e7\u0131xar\u0131ld\u0131\u011f\u0131n\u0131 bilm\u0259diyini deyir\" class=\"read-more button\" href=\"https:\/\/www.meydan.tv\/az\/article\/xacmaz-sakini-isden-niye-cixarildigini-bilmediyini-deyir\/#more-293268\" aria-label=\"Read more about Xa\u00e7maz sakini i\u015fd\u0259n niy\u0259 \u00e7\u0131xar\u0131ld\u0131\u011f\u0131n\u0131 bilm\u0259diyini deyir\">Davam\u0131<\/a><\/p>\n","protected":false},"author":8,"featured_media":293275,"comment_status":"closed","ping_status":"closed","sticky":false,"template":"","format":"standard","meta":{"_acf_changed":false,"_sitemap_exclude":false,"_sitemap_priority":"","_sitemap_frequency":"","footnotes":""},"categories":[60,56],"tags":[],"class_list":["post-293268","post","type-post","status-publish","format-standard","has-post-thumbnail","hentry","category-bolge","category-xeberler","infinite-scroll-item","generate-columns","tablet-grid-50","mobile-grid-100","grid-parent","grid-33","no-featured-image-padding"],"acf":[],"yoast_head":"<!-- This site is optimized with the Yoast SEO plugin v27.4 - https:\/\/yoast.com\/product\/yoast-seo-wordpress\/ -->\n<title>Xa\u00e7maz sakini i\u015fd\u0259n niy\u0259 \u00e7\u0131xar\u0131ld\u0131\u011f\u0131n\u0131 bilm\u0259diyini deyir - MEYDAN.TV<\/title>\n<meta name=\"robots\" content=\"index, follow, max-snippet:-1, max-image-preview:large, max-video-preview:-1\" \/>\n<link rel=\"canonical\" href=\"https:\/\/www.meydan.tv\/az\/article\/xacmaz-sakini-isden-niye-cixarildigini-bilmediyini-deyir\/\" \/>\n<meta property=\"og:locale\" content=\"az_AZ\" \/>\n<meta property=\"og:type\" content=\"article\" \/>\n<meta property=\"og:title\" content=\"Xa\u00e7maz sakini i\u015fd\u0259n niy\u0259 \u00e7\u0131xar\u0131ld\u0131\u011f\u0131n\u0131 bilm\u0259diyini deyir - MEYDAN.TV\" \/>\n<meta property=\"og:description\" content=\"Qazi atas\u0131:\u201cPsixi pozuntusu olan o\u011fluma nec\u0259 ba\u015fa sal\u0131m ki, s\u0259nin ... Davam\u0131\" \/>\n<meta property=\"og:url\" content=\"https:\/\/www.meydan.tv\/az\/article\/xacmaz-sakini-isden-niye-cixarildigini-bilmediyini-deyir\/\" \/>\n<meta property=\"og:site_name\" content=\"MEYDAN.TV\" \/>\n<meta property=\"article:published_time\" content=\"2023-12-18T10:45:00+00:00\" \/>\n<meta property=\"article:modified_time\" content=\"2023-12-18T10:45:06+00:00\" \/>\n<meta property=\"og:image\" content=\"https:\/\/www.meydan.tv\/wp-content\/uploads\/fed1.jpg\" \/>\n\t<meta property=\"og:image:width\" content=\"1200\" \/>\n\t<meta property=\"og:image:height\" content=\"675\" \/>\n\t<meta property=\"og:image:type\" content=\"image\/jpeg\" \/>\n<meta name=\"author\" content=\"elli\" \/>\n<meta name=\"twitter:card\" content=\"summary_large_image\" \/>\n<meta name=\"twitter:creator\" content=\"@elli\" \/>\n<script type=\"application\/ld+json\" class=\"yoast-schema-graph\">{\"@context\":\"https:\\\/\\\/schema.org\",\"@graph\":[{\"@type\":\"Article\",\"@id\":\"https:\\\/\\\/www.meydan.tv\\\/az\\\/article\\\/xacmaz-sakini-isden-niye-cixarildigini-bilmediyini-deyir\\\/#article\",\"isPartOf\":{\"@id\":\"https:\\\/\\\/www.meydan.tv\\\/az\\\/article\\\/xacmaz-sakini-isden-niye-cixarildigini-bilmediyini-deyir\\\/\"},\"author\":{\"name\":\"elli\",\"@id\":\"https:\\\/\\\/www.meydan.tv\\\/az\\\/#\\\/schema\\\/person\\\/9cdbecf90d17180ce1dfbd95b08dcf47\"},\"headline\":\"Xa\u00e7maz sakini i\u015fd\u0259n niy\u0259 \u00e7\u0131xar\u0131ld\u0131\u011f\u0131n\u0131 bilm\u0259diyini deyir\",\"datePublished\":\"2023-12-18T10:45:00+00:00\",\"dateModified\":\"2023-12-18T10:45:06+00:00\",\"mainEntityOfPage\":{\"@id\":\"https:\\\/\\\/www.meydan.tv\\\/az\\\/article\\\/xacmaz-sakini-isden-niye-cixarildigini-bilmediyini-deyir\\\/\"},\"wordCount\":626,\"publisher\":{\"@id\":\"https:\\\/\\\/www.meydan.tv\\\/az\\\/#organization\"},\"image\":{\"@id\":\"https:\\\/\\\/www.meydan.tv\\\/az\\\/article\\\/xacmaz-sakini-isden-niye-cixarildigini-bilmediyini-deyir\\\/#primaryimage\"},\"thumbnailUrl\":\"https:\\\/\\\/www.meydan.tv\\\/wp-content\\\/uploads\\\/fed1.jpg\",\"articleSection\":[\"B\u00f6lg\u0259\",\"X\u0259b\u0259rl\u0259r\"],\"inLanguage\":\"az\"},{\"@type\":\"WebPage\",\"@id\":\"https:\\\/\\\/www.meydan.tv\\\/az\\\/article\\\/xacmaz-sakini-isden-niye-cixarildigini-bilmediyini-deyir\\\/\",\"url\":\"https:\\\/\\\/www.meydan.tv\\\/az\\\/article\\\/xacmaz-sakini-isden-niye-cixarildigini-bilmediyini-deyir\\\/\",\"name\":\"Xa\u00e7maz sakini i\u015fd\u0259n niy\u0259 \u00e7\u0131xar\u0131ld\u0131\u011f\u0131n\u0131 bilm\u0259diyini deyir - MEYDAN.TV\",\"isPartOf\":{\"@id\":\"https:\\\/\\\/www.meydan.tv\\\/az\\\/#website\"},\"primaryImageOfPage\":{\"@id\":\"https:\\\/\\\/www.meydan.tv\\\/az\\\/article\\\/xacmaz-sakini-isden-niye-cixarildigini-bilmediyini-deyir\\\/#primaryimage\"},\"image\":{\"@id\":\"https:\\\/\\\/www.meydan.tv\\\/az\\\/article\\\/xacmaz-sakini-isden-niye-cixarildigini-bilmediyini-deyir\\\/#primaryimage\"},\"thumbnailUrl\":\"https:\\\/\\\/www.meydan.tv\\\/wp-content\\\/uploads\\\/fed1.jpg\",\"datePublished\":\"2023-12-18T10:45:00+00:00\",\"dateModified\":\"2023-12-18T10:45:06+00:00\",\"breadcrumb\":{\"@id\":\"https:\\\/\\\/www.meydan.tv\\\/az\\\/article\\\/xacmaz-sakini-isden-niye-cixarildigini-bilmediyini-deyir\\\/#breadcrumb\"},\"inLanguage\":\"az\",\"potentialAction\":[{\"@type\":\"ReadAction\",\"target\":[\"https:\\\/\\\/www.meydan.tv\\\/az\\\/article\\\/xacmaz-sakini-isden-niye-cixarildigini-bilmediyini-deyir\\\/\"]}]},{\"@type\":\"ImageObject\",\"inLanguage\":\"az\",\"@id\":\"https:\\\/\\\/www.meydan.tv\\\/az\\\/article\\\/xacmaz-sakini-isden-niye-cixarildigini-bilmediyini-deyir\\\/#primaryimage\",\"url\":\"https:\\\/\\\/www.meydan.tv\\\/wp-content\\\/uploads\\\/fed1.jpg\",\"contentUrl\":\"https:\\\/\\\/www.meydan.tv\\\/wp-content\\\/uploads\\\/fed1.jpg\",\"width\":1200,\"height\":675,\"caption\":\"\u201cXa\u00e7maz Aqropark\u201d. Foto: sosial \u015f\u0259b\u0259k\u0259\"},{\"@type\":\"BreadcrumbList\",\"@id\":\"https:\\\/\\\/www.meydan.tv\\\/az\\\/article\\\/xacmaz-sakini-isden-niye-cixarildigini-bilmediyini-deyir\\\/#breadcrumb\",\"itemListElement\":[{\"@type\":\"ListItem\",\"position\":1,\"name\":\"Ana s\u0259hif\u0259\",\"item\":\"https:\\\/\\\/www.meydan.tv\\\/az\\\/\"},{\"@type\":\"ListItem\",\"position\":2,\"name\":\"B\u00f6lg\u0259\",\"item\":\"https:\\\/\\\/www.meydan.tv\\\/az\\\/section\\\/bolge\\\/\"},{\"@type\":\"ListItem\",\"position\":3,\"name\":\"Xa\u00e7maz sakini i\u015fd\u0259n niy\u0259 \u00e7\u0131xar\u0131ld\u0131\u011f\u0131n\u0131 bilm\u0259diyini deyir\"}]},{\"@type\":\"WebSite\",\"@id\":\"https:\\\/\\\/www.meydan.tv\\\/az\\\/#website\",\"url\":\"https:\\\/\\\/www.meydan.tv\\\/az\\\/\",\"name\":\"MEYDAN.TV\",\"description\":\"Meydan TV Az\u0259rbaycan\u0131n media m\u0259kan\u0131ndak\u0131 alternativ s\u0259sidir\",\"publisher\":{\"@id\":\"https:\\\/\\\/www.meydan.tv\\\/az\\\/#organization\"},\"potentialAction\":[{\"@type\":\"SearchAction\",\"target\":{\"@type\":\"EntryPoint\",\"urlTemplate\":\"https:\\\/\\\/www.meydan.tv\\\/az\\\/?s={search_term_string}\"},\"query-input\":{\"@type\":\"PropertyValueSpecification\",\"valueRequired\":true,\"valueName\":\"search_term_string\"}}],\"inLanguage\":\"az\"},{\"@type\":\"Organization\",\"@id\":\"https:\\\/\\\/www.meydan.tv\\\/az\\\/#organization\",\"name\":\"Meydan TV\",\"url\":\"https:\\\/\\\/www.meydan.tv\\\/az\\\/\",\"logo\":{\"@type\":\"ImageObject\",\"inLanguage\":\"az\",\"@id\":\"https:\\\/\\\/www.meydan.tv\\\/az\\\/#\\\/schema\\\/logo\\\/image\\\/\",\"url\":\"https:\\\/\\\/www.meydan.tv\\\/wp-content\\\/uploads\\\/2021\\\/07\\\/meydan-logo.svg\",\"contentUrl\":\"https:\\\/\\\/www.meydan.tv\\\/wp-content\\\/uploads\\\/2021\\\/07\\\/meydan-logo.svg\",\"width\":195,\"height\":46,\"caption\":\"Meydan TV\"},\"image\":{\"@id\":\"https:\\\/\\\/www.meydan.tv\\\/az\\\/#\\\/schema\\\/logo\\\/image\\\/\"}},{\"@type\":\"Person\",\"@id\":\"https:\\\/\\\/www.meydan.tv\\\/az\\\/#\\\/schema\\\/person\\\/9cdbecf90d17180ce1dfbd95b08dcf47\",\"name\":\"elli\",\"sameAs\":[\"https:\\\/\\\/x.com\\\/elli\"]}]}<\/script>\n<!-- \/ Yoast SEO plugin. -->","yoast_head_json":{"title":"Xa\u00e7maz sakini i\u015fd\u0259n niy\u0259 \u00e7\u0131xar\u0131ld\u0131\u011f\u0131n\u0131 bilm\u0259diyini deyir - MEYDAN.TV","robots":{"index":"index","follow":"follow","max-snippet":"max-snippet:-1","max-image-preview":"max-image-preview:large","max-video-preview":"max-video-preview:-1"},"canonical":"https:\/\/www.meydan.tv\/az\/article\/xacmaz-sakini-isden-niye-cixarildigini-bilmediyini-deyir\/","og_locale":"az_AZ","og_type":"article","og_title":"Xa\u00e7maz sakini i\u015fd\u0259n niy\u0259 \u00e7\u0131xar\u0131ld\u0131\u011f\u0131n\u0131 bilm\u0259diyini deyir - MEYDAN.TV","og_description":"Qazi atas\u0131:\u201cPsixi pozuntusu olan o\u011fluma nec\u0259 ba\u015fa sal\u0131m ki, s\u0259nin ... Davam\u0131","og_url":"https:\/\/www.meydan.tv\/az\/article\/xacmaz-sakini-isden-niye-cixarildigini-bilmediyini-deyir\/","og_site_name":"MEYDAN.TV","article_published_time":"2023-12-18T10:45:00+00:00","article_modified_time":"2023-12-18T10:45:06+00:00","og_image":[{"width":1200,"height":675,"url":"https:\/\/www.meydan.tv\/wp-content\/uploads\/fed1.jpg","type":"image\/jpeg"}],"author":"elli","twitter_card":"summary_large_image","twitter_creator":"@elli","schema":{"@context":"https:\/\/schema.org","@graph":[{"@type":"Article","@id":"https:\/\/www.meydan.tv\/az\/article\/xacmaz-sakini-isden-niye-cixarildigini-bilmediyini-deyir\/#article","isPartOf":{"@id":"https:\/\/www.meydan.tv\/az\/article\/xacmaz-sakini-isden-niye-cixarildigini-bilmediyini-deyir\/"},"author":{"name":"elli","@id":"https:\/\/www.meydan.tv\/az\/#\/schema\/person\/9cdbecf90d17180ce1dfbd95b08dcf47"},"headline":"Xa\u00e7maz sakini i\u015fd\u0259n niy\u0259 \u00e7\u0131xar\u0131ld\u0131\u011f\u0131n\u0131 bilm\u0259diyini deyir","datePublished":"2023-12-18T10:45:00+00:00","dateModified":"2023-12-18T10:45:06+00:00","mainEntityOfPage":{"@id":"https:\/\/www.meydan.tv\/az\/article\/xacmaz-sakini-isden-niye-cixarildigini-bilmediyini-deyir\/"},"wordCount":626,"publisher":{"@id":"https:\/\/www.meydan.tv\/az\/#organization"},"image":{"@id":"https:\/\/www.meydan.tv\/az\/article\/xacmaz-sakini-isden-niye-cixarildigini-bilmediyini-deyir\/#primaryimage"},"thumbnailUrl":"https:\/\/www.meydan.tv\/wp-content\/uploads\/fed1.jpg","articleSection":["B\u00f6lg\u0259","X\u0259b\u0259rl\u0259r"],"inLanguage":"az"},{"@type":"WebPage","@id":"https:\/\/www.meydan.tv\/az\/article\/xacmaz-sakini-isden-niye-cixarildigini-bilmediyini-deyir\/","url":"https:\/\/www.meydan.tv\/az\/article\/xacmaz-sakini-isden-niye-cixarildigini-bilmediyini-deyir\/","name":"Xa\u00e7maz sakini i\u015fd\u0259n niy\u0259 \u00e7\u0131xar\u0131ld\u0131\u011f\u0131n\u0131 bilm\u0259diyini deyir - MEYDAN.TV","isPartOf":{"@id":"https:\/\/www.meydan.tv\/az\/#website"},"primaryImageOfPage":{"@id":"https:\/\/www.meydan.tv\/az\/article\/xacmaz-sakini-isden-niye-cixarildigini-bilmediyini-deyir\/#primaryimage"},"image":{"@id":"https:\/\/www.meydan.tv\/az\/article\/xacmaz-sakini-isden-niye-cixarildigini-bilmediyini-deyir\/#primaryimage"},"thumbnailUrl":"https:\/\/www.meydan.tv\/wp-content\/uploads\/fed1.jpg","datePublished":"2023-12-18T10:45:00+00:00","dateModified":"2023-12-18T10:45:06+00:00","breadcrumb":{"@id":"https:\/\/www.meydan.tv\/az\/article\/xacmaz-sakini-isden-niye-cixarildigini-bilmediyini-deyir\/#breadcrumb"},"inLanguage":"az","potentialAction":[{"@type":"ReadAction","target":["https:\/\/www.meydan.tv\/az\/article\/xacmaz-sakini-isden-niye-cixarildigini-bilmediyini-deyir\/"]}]},{"@type":"ImageObject","inLanguage":"az","@id":"https:\/\/www.meydan.tv\/az\/article\/xacmaz-sakini-isden-niye-cixarildigini-bilmediyini-deyir\/#primaryimage","url":"https:\/\/www.meydan.tv\/wp-content\/uploads\/fed1.jpg","contentUrl":"https:\/\/www.meydan.tv\/wp-content\/uploads\/fed1.jpg","width":1200,"height":675,"caption":"\u201cXa\u00e7maz Aqropark\u201d. Foto: sosial \u015f\u0259b\u0259k\u0259"},{"@type":"BreadcrumbList","@id":"https:\/\/www.meydan.tv\/az\/article\/xacmaz-sakini-isden-niye-cixarildigini-bilmediyini-deyir\/#breadcrumb","itemListElement":[{"@type":"ListItem","position":1,"name":"Ana s\u0259hif\u0259","item":"https:\/\/www.meydan.tv\/az\/"},{"@type":"ListItem","position":2,"name":"B\u00f6lg\u0259","item":"https:\/\/www.meydan.tv\/az\/section\/bolge\/"},{"@type":"ListItem","position":3,"name":"Xa\u00e7maz sakini i\u015fd\u0259n niy\u0259 \u00e7\u0131xar\u0131ld\u0131\u011f\u0131n\u0131 bilm\u0259diyini deyir"}]},{"@type":"WebSite","@id":"https:\/\/www.meydan.tv\/az\/#website","url":"https:\/\/www.meydan.tv\/az\/","name":"MEYDAN.TV","description":"Meydan TV Az\u0259rbaycan\u0131n media m\u0259kan\u0131ndak\u0131 alternativ s\u0259sidir","publisher":{"@id":"https:\/\/www.meydan.tv\/az\/#organization"},"potentialAction":[{"@type":"SearchAction","target":{"@type":"EntryPoint","urlTemplate":"https:\/\/www.meydan.tv\/az\/?s={search_term_string}"},"query-input":{"@type":"PropertyValueSpecification","valueRequired":true,"valueName":"search_term_string"}}],"inLanguage":"az"},{"@type":"Organization","@id":"https:\/\/www.meydan.tv\/az\/#organization","name":"Meydan TV","url":"https:\/\/www.meydan.tv\/az\/","logo":{"@type":"ImageObject","inLanguage":"az","@id":"https:\/\/www.meydan.tv\/az\/#\/schema\/logo\/image\/","url":"https:\/\/www.meydan.tv\/wp-content\/uploads\/2021\/07\/meydan-logo.svg","contentUrl":"https:\/\/www.meydan.tv\/wp-content\/uploads\/2021\/07\/meydan-logo.svg","width":195,"height":46,"caption":"Meydan TV"},"image":{"@id":"https:\/\/www.meydan.tv\/az\/#\/schema\/logo\/image\/"}},{"@type":"Person","@id":"https:\/\/www.meydan.tv\/az\/#\/schema\/person\/9cdbecf90d17180ce1dfbd95b08dcf47","name":"elli","sameAs":["https:\/\/x.com\/elli"]}]}},"_links":{"self":[{"href":"https:\/\/www.meydan.tv\/az\/wp-json\/wp\/v2\/posts\/293268","targetHints":{"allow":["GET"]}}],"collection":[{"href":"https:\/\/www.meydan.tv\/az\/wp-json\/wp\/v2\/posts"}],"about":[{"href":"https:\/\/www.meydan.tv\/az\/wp-json\/wp\/v2\/types\/post"}],"author":[{"embeddable":true,"href":"https:\/\/www.meydan.tv\/az\/wp-json\/wp\/v2\/users\/8"}],"replies":[{"embeddable":true,"href":"https:\/\/www.meydan.tv\/az\/wp-json\/wp\/v2\/comments?post=293268"}],"version-history":[{"count":3,"href":"https:\/\/www.meydan.tv\/az\/wp-json\/wp\/v2\/posts\/293268\/revisions"}],"predecessor-version":[{"id":293294,"href":"https:\/\/www.meydan.tv\/az\/wp-json\/wp\/v2\/posts\/293268\/revisions\/293294"}],"wp:featuredmedia":[{"embeddable":true,"href":"https:\/\/www.meydan.tv\/az\/wp-json\/wp\/v2\/media\/293275"}],"wp:attachment":[{"href":"https:\/\/www.meydan.tv\/az\/wp-json\/wp\/v2\/media?parent=293268"}],"wp:term":[{"taxonomy":"category","embeddable":true,"href":"https:\/\/www.meydan.tv\/az\/wp-json\/wp\/v2\/categories?post=293268"},{"taxonomy":"post_tag","embeddable":true,"href":"https:\/\/www.meydan.tv\/az\/wp-json\/wp\/v2\/tags?post=293268"}],"curies":[{"name":"wp","href":"https:\/\/api.w.org\/{rel}","templated":true}]}}