{"id":293255,"date":"2023-12-18T13:57:18","date_gmt":"2023-12-18T09:57:18","guid":{"rendered":"https:\/\/www.meydan.tv\/?p=293255"},"modified":"2023-12-18T13:57:22","modified_gmt":"2023-12-18T09:57:22","slug":"umid-ve-haqq-edalet-partiyalari-ilham-eliyevi-destekleyecek","status":"publish","type":"post","link":"https:\/\/www.meydan.tv\/az\/article\/umid-ve-haqq-edalet-partiyalari-ilham-eliyevi-destekleyecek\/","title":{"rendered":"\u00dcmid v\u0259 Haqq \u018fdal\u0259t partiyalar\u0131 \u0130lham \u018fliyevi d\u0259st\u0259kl\u0259y\u0259c\u0259k"},"content":{"rendered":"\n<p><\/p>\n\n\n\n<p><strong><em>H\u0259r iki partiya b\u0259yanat yay\u0131b<\/em><\/strong><\/p>\n\n\n\n<p>\u00dcmid v\u0259 Haqq \u018fdal\u0259t partiyalar\u0131 7 fevral n\u00f6vb\u0259d\u0259nk\u0259nar Prezident se\u00e7kil\u0259rind\u0259 \u0130lham \u018fliyevin namiz\u0259dliyini d\u0259st\u0259kl\u0259y\u0259c\u0259kl\u0259r.<\/p>\n\n\n\n<p>Bu bar\u0259d\u0259 dekabr\u0131n 18-d\u0259 h\u0259r iki partiya a\u00e7\u0131qlama yay\u0131b.<\/p>\n\n\n\n<p>\u00dcmid Partiyas\u0131 bildirib ki, t\u0259\u015fkilat b\u00fct\u00fcn se\u00e7kil\u0259rd\u0259 se\u00e7ici r\u0259yin\u0259 t\u0259sir ed\u0259n siyasi instituta \u00e7evrilm\u0259k \u00fc\u00e7\u00fcn yenilikl\u0259r t\u0259tbiq edib, qanun \u00e7\u0259r\u00e7iv\u0259sind\u0259 b\u00fct\u00fcn imkanlardan yararlanma\u011fa \u00e7al\u0131\u015f\u0131b.<\/p>\n\n\n\n<p>Partiya hesab edir ki, Az\u0259rbaycan\u0131n i\u015f\u011fal olunmu\u015f \u0259razil\u0259rinin azad olunmas\u0131 v\u0259 suverenliyinin b\u0259rpas\u0131ndan ke\u00e7\u0259n 3 il  \u0130lham \u018fliyevin siyas\u0259ti v\u0259 ad\u0131 il\u0259 ba\u011fl\u0131d\u0131r:<\/p>\n\n\n<div class=\"wp-block-image\">\n<figure class=\"aligncenter size-full\"><img decoding=\"async\" width=\"1200\" height=\"732\" data-src=\"https:\/\/www.meydan.tv\/wp-content\/uploads\/emblem_of_hope_party.svg_.png\" alt=\"\" class=\"wp-image-293259 lazyload\" src=\"data:image\/svg+xml;base64,PHN2ZyB3aWR0aD0iMSIgaGVpZ2h0PSIxIiB4bWxucz0iaHR0cDovL3d3dy53My5vcmcvMjAwMC9zdmciPjwvc3ZnPg==\" style=\"--smush-placeholder-width: 1200px; --smush-placeholder-aspect-ratio: 1200\/732;\" \/><figcaption class=\"wp-element-caption\">\u00dcmid Partiyas\u0131. <\/figcaption><\/figure>\n<\/div>\n\n\n<p><em>&#8220;Baxmayaraq ki, bu g\u00fcn torpaqlar\u0131m\u0131z i\u015f\u011faldan azad edilib, d\u00f6vl\u0259t s\u0259rh\u0259dl\u0259rimiz\u0259 n\u0259zar\u0259t \u00f6z \u0259limizd\u0259dir, amma proses h\u0259l\u0259 bitm\u0259yib. M\u00fcxt\u0259lif xarici t\u0259sirl\u0259r, b\u0259z\u0259n t\u0259hdidl\u0259r, s\u00fclh m\u00fcqavil\u0259sinin ba\u011flanmamas\u0131 h\u0259l\u0259 d\u0259 narahatl\u0131q v\u0259 b\u00f6y\u00fck nigaranl\u0131q yarad\u0131r. Bel\u0259 v\u0259ziyy\u0259td\u0259 ba\u015flan\u0131lan v\u0259 u\u011furla apar\u0131lan bir siyas\u0259tin yekununa varmas\u0131 \u00fc\u00e7\u00fcn m\u00fctl\u0259q stabillik v\u0259 davaml\u0131l\u0131q, o c\u00fcml\u0259d\u0259n bu prosesi aparan Ali Ba\u015f Komandan \u0130lham \u018fliyevin \u00f6z v\u0259zif\u0259sini icra etm\u0259si \u0259n m\u0259q\u0259s\u0259d\u0259uy\u011fun hal olard\u0131&#8221;.<\/em><\/p>\n\n\n\n<p>Haqq \u018fdal\u0259t Partiyas\u0131 2022-ci il noyabr\u0131n 3-4-d\u0259 ke\u00e7iril\u0259n geni\u015ft\u0259rkibd\u0259ki y\u0131\u011f\u0131nca\u011f\u0131nda \u0130lham \u018fliyevin siyas\u0259tini daim d\u0259st\u0259kl\u0259y\u0259c\u0259yini xat\u0131rlad\u0131b.<\/p>\n\n\n\n<p>\u201c<em>Bunun davam\u0131 olaraq bug\u00fcnk\u00fc iclasda biz hakim Yeni Az\u0259rbaycan Partiyas\u0131n\u0131n qar\u015f\u0131dan g\u0259l\u0259n n\u00f6vb\u0259d\u0259nk\u0259nar Prezident se\u00e7kil\u0259rind\u0259 \u0130lham \u018fliyevin namiz\u0259dliyi il\u0259 ba\u011fl\u0131 q\u0259rar\u0131n\u0131 d\u0259st\u0259kl\u0259m\u0259liyik&#8221;, &#8211;<\/em> dey\u0259 partiya bildirib.<\/p>\n\n\n<div class=\"wp-block-image\">\n<figure class=\"aligncenter size-full\"><img decoding=\"async\" width=\"1200\" height=\"750\" data-src=\"https:\/\/www.meydan.tv\/wp-content\/uploads\/haqq-edalet-partiyasi.jpg\" alt=\"\" class=\"wp-image-293262 lazyload\" src=\"data:image\/svg+xml;base64,PHN2ZyB3aWR0aD0iMSIgaGVpZ2h0PSIxIiB4bWxucz0iaHR0cDovL3d3dy53My5vcmcvMjAwMC9zdmciPjwvc3ZnPg==\" style=\"--smush-placeholder-width: 1200px; --smush-placeholder-aspect-ratio: 1200\/750;\" \/><figcaption class=\"wp-element-caption\">Haqq \u018fdal\u0259t Partiyas\u0131<\/figcaption><\/figure>\n<\/div>\n\n\n<p>2024-c\u00fc ilin fevral\u0131n 7-d\u0259 Az\u0259rbaycanda n\u00f6vb\u0259d\u0259nk\u0259nar Prezident se\u00e7kil\u0259ri ke\u00e7iril\u0259c\u0259k.<\/p>\n\n\n\n<p>\u0130lham \u018fliyev dekabr\u0131n 7-d\u0259 bununla ba\u011fl\u0131 s\u0259r\u0259ncam imzalay\u0131b.<\/p>\n\n\n\n<p>Bu g\u00fcn\u0259 q\u0259d\u0259r \u00f6lk\u0259 ba\u015f\u00e7\u0131s\u0131 <a href=\"https:\/\/storage.googleapis.com\/qurium\/www.meydan.tv\/az-article-yap-namizedini-resmen-aciqladi.html\">\u0130lham \u018fliyev<\/a>, B\u00f6y\u00fck Qurulu\u015f Partiyas\u0131n\u0131n ba\u015fqan\u0131 <a href=\"https:\/\/storage.googleapis.com\/qurium\/www.meydan.tv\/az-article-fazil-mustafa-da-prezidentliye-namized-olacaq.html\">Fazil Mustafa<\/a>, Sosial T\u0259dqiqatlar M\u0259rk\u0259zinin (STM) s\u0259dri, deputat <a href=\"https:\/\/storage.googleapis.com\/qurium\/www.meydan.tv\/az-article-zahid-oruc-da-prezidentliye-namized-olacaq.html\">Zahid Oruc<\/a>, B\u00f6y\u00fck Az\u0259rbaycan Partiyas\u0131n\u0131n s\u0259dri <a href=\"https:\/\/storage.googleapis.com\/qurium\/www.meydan.tv\/az-article-elsad-musayev-de-prezident-olmaq-isteyir.html\">El\u015fad Musayev<\/a>, B\u00fct\u00f6v Az\u0259rbaycan Xalq C\u0259bh\u0259si Partiyas\u0131n\u0131n s\u0259dri (BAXCP), deputat <a href=\"https:\/\/d9mc3ts4czbpr.cloudfront.net\/az\/article\/qudret-hesenquliyev-yene-namized-olacaq\/\">Q\u00fcdr\u0259t H\u0259s\u0259nquliyev<\/a> v\u0259 Fuad \u018fliyev&nbsp; namiz\u0259dlikl\u0259rini ir\u0259li <a href=\"https:\/\/d9mc3ts4czbpr.cloudfront.net\/az\/article\/fealiyyetini-dayandiran-partiyanin-sedri-prezidentliye-namized-olacaq\/\">s\u00fcr\u00fcbl\u0259r<\/a>.<\/p>\n\n\n\n<p><a href=\"https:\/\/storage.googleapis.com\/qurium\/www.meydan.tv\/az-article-axcp-de-seckide-istirak-etmeyecek.html\">AXCP<\/a> v\u0259 <a href=\"https:\/\/storage.googleapis.com\/qurium\/www.meydan.tv\/az-article-musavat-novbedenkenar-seckide-istirakdan-imtina-edib.html\">M\u00fcsavat<\/a> is\u0259 se\u00e7kil\u0259ri boykot ed\u0259c\u0259kl\u0259rini a\u00e7\u0131qlay\u0131blar.<\/p>\n\n\n\n<p>Az\u0259rbaycanda sonuncu d\u0259f\u0259 Prezident se\u00e7kil\u0259ri 2018-ci il aprelin 11-d\u0259 ke\u00e7irilib.<\/p>\n\n\n\n<p>H\u0259min se\u00e7kil\u0259r d\u0259 n\u00f6vb\u0259d\u0259nk\u0259nar olub.<\/p>\n\n\n\n<p>\u0130lham \u018fliyev 20 ildir ki, Prezident v\u0259zif\u0259sini icra edir.<\/p>\n","protected":false},"excerpt":{"rendered":"<p>H\u0259r iki partiya b\u0259yanat yay\u0131b \u00dcmid v\u0259 Haqq \u018fdal\u0259t partiyalar\u0131 &#8230; <\/p>\n<p class=\"read-more-container\"><a title=\"\u00dcmid v\u0259 Haqq \u018fdal\u0259t partiyalar\u0131 \u0130lham \u018fliyevi d\u0259st\u0259kl\u0259y\u0259c\u0259k\" class=\"read-more button\" href=\"https:\/\/www.meydan.tv\/az\/article\/umid-ve-haqq-edalet-partiyalari-ilham-eliyevi-destekleyecek\/#more-293255\" aria-label=\"Read more about \u00dcmid v\u0259 Haqq \u018fdal\u0259t partiyalar\u0131 \u0130lham \u018fliyevi d\u0259st\u0259kl\u0259y\u0259c\u0259k\">Davam\u0131<\/a><\/p>\n","protected":false},"author":8,"featured_media":229141,"comment_status":"closed","ping_status":"closed","sticky":false,"template":"","format":"standard","meta":{"_acf_changed":false,"_sitemap_exclude":false,"_sitemap_priority":"","_sitemap_frequency":"","footnotes":""},"categories":[129,59,56],"tags":[],"class_list":["post-293255","post","type-post","status-publish","format-standard","has-post-thumbnail","hentry","category-sechki-2024","category-siyaset","category-xeberler","infinite-scroll-item","generate-columns","tablet-grid-50","mobile-grid-100","grid-parent","grid-33","no-featured-image-padding"],"acf":[],"yoast_head":"<!-- This site is optimized with the Yoast SEO plugin v27.4 - https:\/\/yoast.com\/product\/yoast-seo-wordpress\/ -->\n<title>\u00dcmid v\u0259 Haqq \u018fdal\u0259t partiyalar\u0131 \u0130lham \u018fliyevi d\u0259st\u0259kl\u0259y\u0259c\u0259k - MEYDAN.TV<\/title>\n<meta name=\"robots\" content=\"index, follow, max-snippet:-1, max-image-preview:large, max-video-preview:-1\" \/>\n<link rel=\"canonical\" href=\"https:\/\/www.meydan.tv\/az\/article\/umid-ve-haqq-edalet-partiyalari-ilham-eliyevi-destekleyecek\/\" \/>\n<meta property=\"og:locale\" content=\"az_AZ\" \/>\n<meta property=\"og:type\" content=\"article\" \/>\n<meta property=\"og:title\" content=\"\u00dcmid v\u0259 Haqq \u018fdal\u0259t partiyalar\u0131 \u0130lham \u018fliyevi d\u0259st\u0259kl\u0259y\u0259c\u0259k - MEYDAN.TV\" \/>\n<meta property=\"og:description\" content=\"H\u0259r iki partiya b\u0259yanat yay\u0131b \u00dcmid v\u0259 Haqq \u018fdal\u0259t partiyalar\u0131 ... Davam\u0131\" \/>\n<meta property=\"og:url\" content=\"https:\/\/www.meydan.tv\/az\/article\/umid-ve-haqq-edalet-partiyalari-ilham-eliyevi-destekleyecek\/\" \/>\n<meta property=\"og:site_name\" content=\"MEYDAN.TV\" \/>\n<meta property=\"article:published_time\" content=\"2023-12-18T09:57:18+00:00\" \/>\n<meta property=\"article:modified_time\" content=\"2023-12-18T09:57:22+00:00\" \/>\n<meta property=\"og:image\" content=\"https:\/\/www.meydan.tv\/wp-content\/uploads\/shutterstock_730195240-e1639473593416.jpg\" \/>\n\t<meta property=\"og:image:width\" content=\"1200\" \/>\n\t<meta property=\"og:image:height\" content=\"750\" \/>\n\t<meta property=\"og:image:type\" content=\"image\/jpeg\" \/>\n<meta name=\"author\" content=\"elli\" \/>\n<meta name=\"twitter:card\" content=\"summary_large_image\" \/>\n<meta name=\"twitter:creator\" content=\"@elli\" \/>\n<script type=\"application\/ld+json\" class=\"yoast-schema-graph\">{\"@context\":\"https:\\\/\\\/schema.org\",\"@graph\":[{\"@type\":\"Article\",\"@id\":\"https:\\\/\\\/www.meydan.tv\\\/az\\\/article\\\/umid-ve-haqq-edalet-partiyalari-ilham-eliyevi-destekleyecek\\\/#article\",\"isPartOf\":{\"@id\":\"https:\\\/\\\/www.meydan.tv\\\/az\\\/article\\\/umid-ve-haqq-edalet-partiyalari-ilham-eliyevi-destekleyecek\\\/\"},\"author\":{\"name\":\"elli\",\"@id\":\"https:\\\/\\\/www.meydan.tv\\\/az\\\/#\\\/schema\\\/person\\\/9cdbecf90d17180ce1dfbd95b08dcf47\"},\"headline\":\"\u00dcmid v\u0259 Haqq \u018fdal\u0259t partiyalar\u0131 \u0130lham \u018fliyevi d\u0259st\u0259kl\u0259y\u0259c\u0259k\",\"datePublished\":\"2023-12-18T09:57:18+00:00\",\"dateModified\":\"2023-12-18T09:57:22+00:00\",\"mainEntityOfPage\":{\"@id\":\"https:\\\/\\\/www.meydan.tv\\\/az\\\/article\\\/umid-ve-haqq-edalet-partiyalari-ilham-eliyevi-destekleyecek\\\/\"},\"wordCount\":512,\"publisher\":{\"@id\":\"https:\\\/\\\/www.meydan.tv\\\/az\\\/#organization\"},\"image\":{\"@id\":\"https:\\\/\\\/www.meydan.tv\\\/az\\\/article\\\/umid-ve-haqq-edalet-partiyalari-ilham-eliyevi-destekleyecek\\\/#primaryimage\"},\"thumbnailUrl\":\"https:\\\/\\\/www.meydan.tv\\\/wp-content\\\/uploads\\\/shutterstock_730195240-e1639473593416.jpg\",\"articleSection\":[\"Se\u00e7ki 2024\",\"Siyas\u0259t\",\"X\u0259b\u0259rl\u0259r\"],\"inLanguage\":\"az\"},{\"@type\":\"WebPage\",\"@id\":\"https:\\\/\\\/www.meydan.tv\\\/az\\\/article\\\/umid-ve-haqq-edalet-partiyalari-ilham-eliyevi-destekleyecek\\\/\",\"url\":\"https:\\\/\\\/www.meydan.tv\\\/az\\\/article\\\/umid-ve-haqq-edalet-partiyalari-ilham-eliyevi-destekleyecek\\\/\",\"name\":\"\u00dcmid v\u0259 Haqq \u018fdal\u0259t partiyalar\u0131 \u0130lham \u018fliyevi d\u0259st\u0259kl\u0259y\u0259c\u0259k - MEYDAN.TV\",\"isPartOf\":{\"@id\":\"https:\\\/\\\/www.meydan.tv\\\/az\\\/#website\"},\"primaryImageOfPage\":{\"@id\":\"https:\\\/\\\/www.meydan.tv\\\/az\\\/article\\\/umid-ve-haqq-edalet-partiyalari-ilham-eliyevi-destekleyecek\\\/#primaryimage\"},\"image\":{\"@id\":\"https:\\\/\\\/www.meydan.tv\\\/az\\\/article\\\/umid-ve-haqq-edalet-partiyalari-ilham-eliyevi-destekleyecek\\\/#primaryimage\"},\"thumbnailUrl\":\"https:\\\/\\\/www.meydan.tv\\\/wp-content\\\/uploads\\\/shutterstock_730195240-e1639473593416.jpg\",\"datePublished\":\"2023-12-18T09:57:18+00:00\",\"dateModified\":\"2023-12-18T09:57:22+00:00\",\"breadcrumb\":{\"@id\":\"https:\\\/\\\/www.meydan.tv\\\/az\\\/article\\\/umid-ve-haqq-edalet-partiyalari-ilham-eliyevi-destekleyecek\\\/#breadcrumb\"},\"inLanguage\":\"az\",\"potentialAction\":[{\"@type\":\"ReadAction\",\"target\":[\"https:\\\/\\\/www.meydan.tv\\\/az\\\/article\\\/umid-ve-haqq-edalet-partiyalari-ilham-eliyevi-destekleyecek\\\/\"]}]},{\"@type\":\"ImageObject\",\"inLanguage\":\"az\",\"@id\":\"https:\\\/\\\/www.meydan.tv\\\/az\\\/article\\\/umid-ve-haqq-edalet-partiyalari-ilham-eliyevi-destekleyecek\\\/#primaryimage\",\"url\":\"https:\\\/\\\/www.meydan.tv\\\/wp-content\\\/uploads\\\/shutterstock_730195240-e1639473593416.jpg\",\"contentUrl\":\"https:\\\/\\\/www.meydan.tv\\\/wp-content\\\/uploads\\\/shutterstock_730195240-e1639473593416.jpg\",\"width\":1200,\"height\":750,\"caption\":\"Az\u0259rbaycanda se\u00e7kil\u0259r, Foto: By AlexLMX\\\/Shutterstock\"},{\"@type\":\"BreadcrumbList\",\"@id\":\"https:\\\/\\\/www.meydan.tv\\\/az\\\/article\\\/umid-ve-haqq-edalet-partiyalari-ilham-eliyevi-destekleyecek\\\/#breadcrumb\",\"itemListElement\":[{\"@type\":\"ListItem\",\"position\":1,\"name\":\"Ana s\u0259hif\u0259\",\"item\":\"https:\\\/\\\/www.meydan.tv\\\/az\\\/\"},{\"@type\":\"ListItem\",\"position\":2,\"name\":\"Siyas\u0259t\",\"item\":\"https:\\\/\\\/www.meydan.tv\\\/az\\\/section\\\/siyaset\\\/\"},{\"@type\":\"ListItem\",\"position\":3,\"name\":\"\u00dcmid v\u0259 Haqq \u018fdal\u0259t partiyalar\u0131 \u0130lham \u018fliyevi d\u0259st\u0259kl\u0259y\u0259c\u0259k\"}]},{\"@type\":\"WebSite\",\"@id\":\"https:\\\/\\\/www.meydan.tv\\\/az\\\/#website\",\"url\":\"https:\\\/\\\/www.meydan.tv\\\/az\\\/\",\"name\":\"MEYDAN.TV\",\"description\":\"Meydan TV Az\u0259rbaycan\u0131n media m\u0259kan\u0131ndak\u0131 alternativ s\u0259sidir\",\"publisher\":{\"@id\":\"https:\\\/\\\/www.meydan.tv\\\/az\\\/#organization\"},\"potentialAction\":[{\"@type\":\"SearchAction\",\"target\":{\"@type\":\"EntryPoint\",\"urlTemplate\":\"https:\\\/\\\/www.meydan.tv\\\/az\\\/?s={search_term_string}\"},\"query-input\":{\"@type\":\"PropertyValueSpecification\",\"valueRequired\":true,\"valueName\":\"search_term_string\"}}],\"inLanguage\":\"az\"},{\"@type\":\"Organization\",\"@id\":\"https:\\\/\\\/www.meydan.tv\\\/az\\\/#organization\",\"name\":\"Meydan TV\",\"url\":\"https:\\\/\\\/www.meydan.tv\\\/az\\\/\",\"logo\":{\"@type\":\"ImageObject\",\"inLanguage\":\"az\",\"@id\":\"https:\\\/\\\/www.meydan.tv\\\/az\\\/#\\\/schema\\\/logo\\\/image\\\/\",\"url\":\"https:\\\/\\\/www.meydan.tv\\\/wp-content\\\/uploads\\\/2021\\\/07\\\/meydan-logo.svg\",\"contentUrl\":\"https:\\\/\\\/www.meydan.tv\\\/wp-content\\\/uploads\\\/2021\\\/07\\\/meydan-logo.svg\",\"width\":195,\"height\":46,\"caption\":\"Meydan TV\"},\"image\":{\"@id\":\"https:\\\/\\\/www.meydan.tv\\\/az\\\/#\\\/schema\\\/logo\\\/image\\\/\"}},{\"@type\":\"Person\",\"@id\":\"https:\\\/\\\/www.meydan.tv\\\/az\\\/#\\\/schema\\\/person\\\/9cdbecf90d17180ce1dfbd95b08dcf47\",\"name\":\"elli\",\"sameAs\":[\"https:\\\/\\\/x.com\\\/elli\"]}]}<\/script>\n<!-- \/ Yoast SEO plugin. -->","yoast_head_json":{"title":"\u00dcmid v\u0259 Haqq \u018fdal\u0259t partiyalar\u0131 \u0130lham \u018fliyevi d\u0259st\u0259kl\u0259y\u0259c\u0259k - MEYDAN.TV","robots":{"index":"index","follow":"follow","max-snippet":"max-snippet:-1","max-image-preview":"max-image-preview:large","max-video-preview":"max-video-preview:-1"},"canonical":"https:\/\/www.meydan.tv\/az\/article\/umid-ve-haqq-edalet-partiyalari-ilham-eliyevi-destekleyecek\/","og_locale":"az_AZ","og_type":"article","og_title":"\u00dcmid v\u0259 Haqq \u018fdal\u0259t partiyalar\u0131 \u0130lham \u018fliyevi d\u0259st\u0259kl\u0259y\u0259c\u0259k - MEYDAN.TV","og_description":"H\u0259r iki partiya b\u0259yanat yay\u0131b \u00dcmid v\u0259 Haqq \u018fdal\u0259t partiyalar\u0131 ... Davam\u0131","og_url":"https:\/\/www.meydan.tv\/az\/article\/umid-ve-haqq-edalet-partiyalari-ilham-eliyevi-destekleyecek\/","og_site_name":"MEYDAN.TV","article_published_time":"2023-12-18T09:57:18+00:00","article_modified_time":"2023-12-18T09:57:22+00:00","og_image":[{"width":1200,"height":750,"url":"https:\/\/www.meydan.tv\/wp-content\/uploads\/shutterstock_730195240-e1639473593416.jpg","type":"image\/jpeg"}],"author":"elli","twitter_card":"summary_large_image","twitter_creator":"@elli","schema":{"@context":"https:\/\/schema.org","@graph":[{"@type":"Article","@id":"https:\/\/www.meydan.tv\/az\/article\/umid-ve-haqq-edalet-partiyalari-ilham-eliyevi-destekleyecek\/#article","isPartOf":{"@id":"https:\/\/www.meydan.tv\/az\/article\/umid-ve-haqq-edalet-partiyalari-ilham-eliyevi-destekleyecek\/"},"author":{"name":"elli","@id":"https:\/\/www.meydan.tv\/az\/#\/schema\/person\/9cdbecf90d17180ce1dfbd95b08dcf47"},"headline":"\u00dcmid v\u0259 Haqq \u018fdal\u0259t partiyalar\u0131 \u0130lham \u018fliyevi d\u0259st\u0259kl\u0259y\u0259c\u0259k","datePublished":"2023-12-18T09:57:18+00:00","dateModified":"2023-12-18T09:57:22+00:00","mainEntityOfPage":{"@id":"https:\/\/www.meydan.tv\/az\/article\/umid-ve-haqq-edalet-partiyalari-ilham-eliyevi-destekleyecek\/"},"wordCount":512,"publisher":{"@id":"https:\/\/www.meydan.tv\/az\/#organization"},"image":{"@id":"https:\/\/www.meydan.tv\/az\/article\/umid-ve-haqq-edalet-partiyalari-ilham-eliyevi-destekleyecek\/#primaryimage"},"thumbnailUrl":"https:\/\/www.meydan.tv\/wp-content\/uploads\/shutterstock_730195240-e1639473593416.jpg","articleSection":["Se\u00e7ki 2024","Siyas\u0259t","X\u0259b\u0259rl\u0259r"],"inLanguage":"az"},{"@type":"WebPage","@id":"https:\/\/www.meydan.tv\/az\/article\/umid-ve-haqq-edalet-partiyalari-ilham-eliyevi-destekleyecek\/","url":"https:\/\/www.meydan.tv\/az\/article\/umid-ve-haqq-edalet-partiyalari-ilham-eliyevi-destekleyecek\/","name":"\u00dcmid v\u0259 Haqq \u018fdal\u0259t partiyalar\u0131 \u0130lham \u018fliyevi d\u0259st\u0259kl\u0259y\u0259c\u0259k - MEYDAN.TV","isPartOf":{"@id":"https:\/\/www.meydan.tv\/az\/#website"},"primaryImageOfPage":{"@id":"https:\/\/www.meydan.tv\/az\/article\/umid-ve-haqq-edalet-partiyalari-ilham-eliyevi-destekleyecek\/#primaryimage"},"image":{"@id":"https:\/\/www.meydan.tv\/az\/article\/umid-ve-haqq-edalet-partiyalari-ilham-eliyevi-destekleyecek\/#primaryimage"},"thumbnailUrl":"https:\/\/www.meydan.tv\/wp-content\/uploads\/shutterstock_730195240-e1639473593416.jpg","datePublished":"2023-12-18T09:57:18+00:00","dateModified":"2023-12-18T09:57:22+00:00","breadcrumb":{"@id":"https:\/\/www.meydan.tv\/az\/article\/umid-ve-haqq-edalet-partiyalari-ilham-eliyevi-destekleyecek\/#breadcrumb"},"inLanguage":"az","potentialAction":[{"@type":"ReadAction","target":["https:\/\/www.meydan.tv\/az\/article\/umid-ve-haqq-edalet-partiyalari-ilham-eliyevi-destekleyecek\/"]}]},{"@type":"ImageObject","inLanguage":"az","@id":"https:\/\/www.meydan.tv\/az\/article\/umid-ve-haqq-edalet-partiyalari-ilham-eliyevi-destekleyecek\/#primaryimage","url":"https:\/\/www.meydan.tv\/wp-content\/uploads\/shutterstock_730195240-e1639473593416.jpg","contentUrl":"https:\/\/www.meydan.tv\/wp-content\/uploads\/shutterstock_730195240-e1639473593416.jpg","width":1200,"height":750,"caption":"Az\u0259rbaycanda se\u00e7kil\u0259r, Foto: By AlexLMX\/Shutterstock"},{"@type":"BreadcrumbList","@id":"https:\/\/www.meydan.tv\/az\/article\/umid-ve-haqq-edalet-partiyalari-ilham-eliyevi-destekleyecek\/#breadcrumb","itemListElement":[{"@type":"ListItem","position":1,"name":"Ana s\u0259hif\u0259","item":"https:\/\/www.meydan.tv\/az\/"},{"@type":"ListItem","position":2,"name":"Siyas\u0259t","item":"https:\/\/www.meydan.tv\/az\/section\/siyaset\/"},{"@type":"ListItem","position":3,"name":"\u00dcmid v\u0259 Haqq \u018fdal\u0259t partiyalar\u0131 \u0130lham \u018fliyevi d\u0259st\u0259kl\u0259y\u0259c\u0259k"}]},{"@type":"WebSite","@id":"https:\/\/www.meydan.tv\/az\/#website","url":"https:\/\/www.meydan.tv\/az\/","name":"MEYDAN.TV","description":"Meydan TV Az\u0259rbaycan\u0131n media m\u0259kan\u0131ndak\u0131 alternativ s\u0259sidir","publisher":{"@id":"https:\/\/www.meydan.tv\/az\/#organization"},"potentialAction":[{"@type":"SearchAction","target":{"@type":"EntryPoint","urlTemplate":"https:\/\/www.meydan.tv\/az\/?s={search_term_string}"},"query-input":{"@type":"PropertyValueSpecification","valueRequired":true,"valueName":"search_term_string"}}],"inLanguage":"az"},{"@type":"Organization","@id":"https:\/\/www.meydan.tv\/az\/#organization","name":"Meydan TV","url":"https:\/\/www.meydan.tv\/az\/","logo":{"@type":"ImageObject","inLanguage":"az","@id":"https:\/\/www.meydan.tv\/az\/#\/schema\/logo\/image\/","url":"https:\/\/www.meydan.tv\/wp-content\/uploads\/2021\/07\/meydan-logo.svg","contentUrl":"https:\/\/www.meydan.tv\/wp-content\/uploads\/2021\/07\/meydan-logo.svg","width":195,"height":46,"caption":"Meydan TV"},"image":{"@id":"https:\/\/www.meydan.tv\/az\/#\/schema\/logo\/image\/"}},{"@type":"Person","@id":"https:\/\/www.meydan.tv\/az\/#\/schema\/person\/9cdbecf90d17180ce1dfbd95b08dcf47","name":"elli","sameAs":["https:\/\/x.com\/elli"]}]}},"_links":{"self":[{"href":"https:\/\/www.meydan.tv\/az\/wp-json\/wp\/v2\/posts\/293255","targetHints":{"allow":["GET"]}}],"collection":[{"href":"https:\/\/www.meydan.tv\/az\/wp-json\/wp\/v2\/posts"}],"about":[{"href":"https:\/\/www.meydan.tv\/az\/wp-json\/wp\/v2\/types\/post"}],"author":[{"embeddable":true,"href":"https:\/\/www.meydan.tv\/az\/wp-json\/wp\/v2\/users\/8"}],"replies":[{"embeddable":true,"href":"https:\/\/www.meydan.tv\/az\/wp-json\/wp\/v2\/comments?post=293255"}],"version-history":[{"count":3,"href":"https:\/\/www.meydan.tv\/az\/wp-json\/wp\/v2\/posts\/293255\/revisions"}],"predecessor-version":[{"id":293267,"href":"https:\/\/www.meydan.tv\/az\/wp-json\/wp\/v2\/posts\/293255\/revisions\/293267"}],"wp:featuredmedia":[{"embeddable":true,"href":"https:\/\/www.meydan.tv\/az\/wp-json\/wp\/v2\/media\/229141"}],"wp:attachment":[{"href":"https:\/\/www.meydan.tv\/az\/wp-json\/wp\/v2\/media?parent=293255"}],"wp:term":[{"taxonomy":"category","embeddable":true,"href":"https:\/\/www.meydan.tv\/az\/wp-json\/wp\/v2\/categories?post=293255"},{"taxonomy":"post_tag","embeddable":true,"href":"https:\/\/www.meydan.tv\/az\/wp-json\/wp\/v2\/tags?post=293255"}],"curies":[{"name":"wp","href":"https:\/\/api.w.org\/{rel}","templated":true}]}}