{"id":293171,"date":"2023-12-16T21:41:43","date_gmt":"2023-12-16T17:41:43","guid":{"rendered":"https:\/\/www.meydan.tv\/?p=293171"},"modified":"2023-12-17T15:10:31","modified_gmt":"2023-12-17T11:10:31","slug":"azer-qasimli-heqiqi-muxalifet-partiyalari-fealiyyetlerini-dondurmalidir","status":"publish","type":"post","link":"https:\/\/www.meydan.tv\/az\/article\/azer-qasimli-heqiqi-muxalifet-partiyalari-fealiyyetlerini-dondurmalidir\/","title":{"rendered":"Az\u0259r Qas\u0131ml\u0131: &#8220;H\u0259qiqi m\u00fcxalif\u0259t partiyalar\u0131 f\u0259aliyy\u0259tl\u0259rini dondurmal\u0131d\u0131r&#8221;"},"content":{"rendered":"\n<figure class=\"wp-block-embed is-type-video is-provider-youtube wp-block-embed-youtube wp-embed-aspect-16-9 wp-has-aspect-ratio\"><div class=\"wp-block-embed__wrapper\">\n<iframe title=\"Az\u0259r Qas\u0131ml\u0131: &quot;H\u0259qiqi m\u00fcxalif\u0259t partiyalar\u0131 f\u0259aliyy\u0259tl\u0259rini dondurmal\u0131d\u0131r&quot;\" width=\"1200\" height=\"675\" data-src=\"https:\/\/www.youtube.com\/embed\/D0fl81Y57ww?feature=oembed\" frameborder=\"0\" allow=\"accelerometer; autoplay; clipboard-write; encrypted-media; gyroscope; picture-in-picture; web-share\" allowfullscreen src=\"data:image\/svg+xml;base64,PHN2ZyB3aWR0aD0iMSIgaGVpZ2h0PSIxIiB4bWxucz0iaHR0cDovL3d3dy53My5vcmcvMjAwMC9zdmciPjwvc3ZnPg==\" class=\"lazyload\" data-load-mode=\"1\"><\/iframe>\n<\/div><\/figure>\n\n\n\n<p><strong>&#8220;\u0130lham \u018fliyev balansla\u015fd\u0131r\u0131lm\u0131\u015f siyas\u0259td\u0259n imtina edib&#8221;<\/strong><\/p>\n\n\n\n<p><em>Siyasi Menecment \u0130nstitutunun r\u0259hb\u0259ri Az\u0259r Qas\u0131ml\u0131 h\u0259ft\u0259nin ictimai-siyasi prosesl\u0259ri, h\u0259bsl\u0259ri v\u0259 se\u00e7ki il\u0259 ba\u011fl\u0131 yaranan suallara Meydan TV-d\u0259 ayd\u0131nl\u0131q g\u0259tirib.<\/em><\/p>\n\n\n\n<p><strong><em>&#8211; Az\u0259r b\u0259y, Az\u0259rbaycan\u0131n son 30 il\u0259 yax\u0131n siyasi tarixind\u0259 h\u0259bsl\u0259r, ad\u0259t\u0259n, se\u00e7kid\u0259n sonra olurdu, bu d\u0259f\u0259 \u0259ksin\u0259 oldu. S\u0259b\u0259bl\u0259r n\u0259dir, Rusiya-Q\u0259rb amili varm\u0131?<\/em><\/strong><\/p>\n\n\n\n<p>&#8211; Tamamil\u0259 do\u011frudur. Amma son h\u0259bsl\u0259r yaln\u0131z se\u00e7kiyl\u0259 ba\u011fl\u0131 deyil. Az\u0259rbaycanda h\u0259bsl\u0259r n\u0259 zaman olub? Birinci, Heyd\u0259r \u018fliyev hakimiyy\u0259t\u0259 g\u0259l\u0259nd\u0259n sonra, o da se\u00e7ki \u00f6nc\u0259si v\u0259 bir qismi d\u0259 se\u00e7ki sonras\u0131. H\u0259min ill\u0259rd\u0259 ilk n\u00f6vb\u0259d\u0259 siyas\u0259t\u00e7il\u0259ri h\u0259bs edirdl\u0259r. 2003-c\u00fc ild\u0259 \u0130lham \u018fliyev hakimiyy\u0259t\u0259 g\u0259l\u0259nd\u0259n sonra m\u0259hz se\u00e7kid\u0259n sonra h\u0259bsl\u0259r ba\u015flad\u0131. El\u0259 20 il \u0259vv\u0259l d\u0259 siyas\u0259t\u00e7il\u0259r h\u0259bs edilirdi. D\u00fczd\u00fcr, b\u00f6y\u00fck proses oldu\u011fundan \u00e7ox adam\u0131 h\u0259bs etmi\u015fdil\u0259r, h\u0259tta ictimaiyy\u0259td\u0259 tan\u0131nmayanlar\u0131 da. Hans\u0131 ki n\u0259 siyas\u0259t\u00e7i, n\u0259 jurnalist, n\u0259 d\u0259 v\u0259t\u0259nda\u015f c\u0259miyy\u0259tinin n\u00fcmay\u0259nd\u0259l\u0259ri idi. \u0130ndiki h\u0259bs dal\u011fas\u0131n\u0131n se\u00e7kiyl\u0259 he\u00e7 bir \u0259laq\u0259si yoxdur.<\/p>\n\n\n\n<p><strong><em>&#8211; O zaman bu h\u0259bsl\u0259rin p\u0259rd\u0259arxas\u0131 n\u0259dir?<\/em><\/strong><\/p>\n\n\n\n<p>&#8211; P\u0259rd\u0259arxas\u0131 s\u0259b\u0259bl\u0259r geopolitikdir. Az\u0259rbaycan iqtidar\u0131 \u00f6z se\u00e7imini Rusiyadan yana edib. T\u0259bii ki, bu se\u00e7im bir g\u00fcn\u0259 olmay\u0131b, t\u0259dric\u0259n buna g\u0259lib.<\/p>\n\n\n\n<p><strong><em>&#8211; Dedikl\u0259riniz informasiyalar\u0131n n\u0259tic\u0259sidir, yoxsa ehtimallard\u0131r?<\/em><\/strong><\/p>\n\n\n\n<p>&#8211; T\u0259bii ki, ehtimallard\u0131r v\u0259 gedi\u015fat\u0131 bu \u015f\u0259kild\u0259 g\u00f6r\u00fcr\u0259m. Bir m\u0259s\u0259l\u0259ni d\u0259 xat\u0131rlad\u0131m: \u0259vv\u0259lki repressiyalar dal\u011fas\u0131 2013-c\u00fc ild\u0259 olmu\u015fdu. Onda sivil toplum n\u00fcmay\u0259nd\u0259l\u0259rini, jurnalistl\u0259ri h\u0259bs edirdil\u0259r\u2026<\/p>\n\n\n\n<p><strong><em>&#8211; Daha do\u011frusu, 2011-ci ild\u0259\u2026<\/em><\/strong><\/p>\n\n\n\n<p>&#8211; B\u0259li. H\u0259min il d\u00fcnyada n\u0259 ba\u015f verdi?<\/p>\n\n\n\n<p>&#8211;&nbsp;<strong><em>&#8220;\u018fr\u0259b bahar\u0131\u2026&#8221;<\/em><\/strong><\/p>\n\n\n\n<p>&#8211; Xeyr, Az\u0259rbaycan Assosiativ Sazi\u015fi imzalay\u0131b-imzalamaq \u0259r\u0259f\u0259sind\u0259ydi. H\u0259min vaxt Q\u0259rb v\u0259 Rusiya \u0130lham \u018fliyevl\u0259 dan\u0131\u015f\u0131qlar apar\u0131rd\u0131, t\u0259zyiql\u0259r vard\u0131. 2014-c\u00fc ild\u0259 is\u0259 &#8220;Maydan h\u0259r\u0259kat\u0131&#8221; v\u0259 Kr\u0131m\u0131n i\u015f\u011fal\u0131 ba\u015f verdi.<\/p>\n\n\n\n<p><strong><em>&#8211; \u0130lham \u018fliyev bu g\u00fcnl\u0259rd\u0259 bildirdi ki, Az\u0259rbaycan Avropa Birliyin\u0259 \u00fczvl\u00fcy\u00fc h\u0259d\u0259fl\u0259m\u0259yib\u2026<\/em><\/strong><\/p>\n\n\n\n<p>&#8211; T\u0259bii ki, h\u0259d\u0259fl\u0259m\u0259yib. Amma Az\u0259rbaycan 2014-c\u00fc ild\u0259, el\u0259 indi d\u0259 \u015e\u0259rq T\u0259r\u0259fda\u015fl\u0131\u011f\u0131 Proqram\u0131n\u0131n \u00fczv\u00fcyd\u00fc. Bu proqram\u0131n sonrak\u0131 m\u0259rh\u0259l\u0259si Assosiativ Sazi\u015fin imzlanmas\u0131 idi. Az\u0259rbaycan \u015e\u0259rq T\u0259r\u0259fda\u015fl\u0131\u011f\u0131 Proqram\u0131n\u0131n \u00fczv\u00fc olmaqla ir\u0259lid\u0259 Avropa Birliyin\u0259 \u00fczvl\u00fcy\u00fc h\u0259d\u0259fl\u0259yirdi. H\u0259m\u00e7inin s\u0259n\u0259dl\u0259rind\u0259 d\u0259 bunu qeyd etmi\u015fdi.<\/p>\n\n\n\n<p><strong><em>&#8211;&nbsp; B\u0259s bu g\u00fcn Q\u0259rb t\u0259r\u0259find\u0259n r\u0259smi Bak\u0131ya \u015e\u0259rq T\u0259r\u0259fda\u015fl\u0131\u011f\u0131 Proqram\u0131 il\u0259 ba\u011fl\u0131 hans\u0131sa t\u0259zyiql\u0259r varm\u0131?<\/em><\/strong><\/p>\n\n\n\n<p>&#8211; Yox.<\/p>\n\n\n\n<p><strong><em>&#8211; O zaman n\u0259d\u0259n h\u0259bsl\u0259r\u0259 start verildi?<\/em><\/strong><\/p>\n\n\n\n<p>&#8211; \u00c7\u00fcnki hakimiyy\u0259t geopolitik se\u00e7imini edib, h\u0259bsl\u0259r bununla ba\u011fl\u0131d\u0131r. Yaln\u0131z h\u0259bsl\u0259r deyil, qanunvericiliyin m\u00fcrt\u0259cel\u0259\u015fdirilm\u0259si v\u0259 bu y\u00f6nd\u0259 at\u0131lan add\u0131mlar \u00fcmumi m\u0259nz\u0259r\u0259nin t\u0259rkib hiss\u0259siydi.<\/p>\n\n\n\n<p><strong><em>&#8211; Bel\u0259 bir m\u00fcqayis\u0259 aparaq: G\u00fcrc\u00fcstanda rusiyay\u00f6n\u00fcml\u00fc hakimiyy\u0259t olsa da, Avropa Birliyin\u0259 \u00fczvl\u00fcy\u0259 namiz\u0259d elan edildil\u0259r. B\u0259s bu m\u0259nz\u0259r\u0259ni nec\u0259 izah ed\u0259rdiniz?<\/em><\/strong><\/p>\n\n\n\n<p>&#8211; G\u00fcrc\u00fcstan se\u00e7imini \u00e7oxdan edib. Mixail Saaka\u015fvilid\u0259n sonra hakimiyy\u0259t\u0259 Bidzina \u0130vani\u015fvili g\u0259ldi, amma uzun zaman iqtidarda qalmasa da, oliqarxik sistem formala\u015fd\u0131r\u0131b v\u0259 prosesi d\u0259 \u00f6z\u00fc y\u00f6n\u0259ldir. N\u0259 q\u0259d\u0259r bel\u0259 olsa da, G\u00fcrc\u00fcstan m\u00fcxalif\u0259tinin resurslar\u0131 Az\u0259rbaycandak\u0131ndan f\u0259rql\u0259nir. H\u0259m d\u0259 G\u00fcrc\u00fcstan Q\u0259rb\u0259 do\u011fru hamarl\u0131 yol tutsa da, bu arada ziqzaqlar da olub. Amma b\u00fct\u00fcn bunlara r\u0259\u011fm\u0259n, \u00fcmumi trend Avropa Birliyin\u0259 istiqam\u0259tl\u0259nib.<\/p>\n\n\n\n<p><strong><em>&#8211; \u018fvv\u0259lki sual\u0131m\u0131 bir daha ba\u015fqa formada qoyuram: son h\u0259bsl\u0259rd\u0259 Rusiya-Q\u0259rb amili varm\u0131?<\/em><\/strong><\/p>\n\n\n\n<p>&#8211; \u018flb\u0259tt\u0259. \u0130lham \u018fliyev bu g\u00fcn\u0259 q\u0259d\u0259r balansla\u015fd\u0131r\u0131lm\u0131\u015f xarici siyas\u0259t h\u0259yata ke\u00e7irib\u2026<\/p>\n\n\n\n<p><strong><em>&#8211; Art\u0131q h\u0259min siyas\u0259td\u0259n imtina olunub?<\/em><\/strong><\/p>\n\n\n\n<p>&#8211; B\u0259li. H\u0259tta bel\u0259 dey\u0259rdim: balans siyas\u0259tini y\u00fcr\u00fcd\u0259 bilmir.<\/p>\n\n\n\n<p><strong><em>&#8211; Y\u00fcr\u00fcd\u0259 bilmir, yoxsa y\u00fcr\u00fctm\u0259k ist\u0259mir?<\/em><\/strong><\/p>\n\n\n\n<p>&#8211; Y\u00fcr\u00fcd\u0259 bilmir.<\/p>\n\n\n\n<p><strong><em>&#8211; &#8220;\u0130lham \u018fliyevin alternativi yoxdur&#8221;\u201d tezisinin tez-tez t\u0259krarland\u0131\u011f\u0131 bir vaxtda hakimiyy\u0259t niy\u0259 bu q\u0259d\u0259r s\u0259rt davran\u0131r?<\/em><\/strong><\/p>\n\n\n\n<p>&#8211; \u018fg\u0259r \u0130lham \u018fliyevin alternativi yoxdursa, t\u0259bli\u011fat\u00e7\u0131lar\u0131n\u0131n da dediyi Qaraba\u011f z\u0259f\u0259rind\u0259n sonra b\u00fct\u00fcn resurslar\u0131 \u0259lin\u0259 c\u0259ml\u0259\u015fdiribs\u0259, reytinqi y\u00fcks\u0259kdirs\u0259, legitimlik qazan\u0131bsa, o zaman n\u0259d\u0259n t\u0259l\u0259sik se\u00e7ki ke\u00e7irir? Demokratik se\u00e7kil\u0259r ist\u0259mir?<\/p>\n\n\n\n<p><strong><em>&#8211; El\u0259 m\u0259n d\u0259 o suala g\u0259lir\u0259m: n\u00f6vb\u0259d\u0259nk\u0259nar se\u00e7kil\u0259rin bel\u0259 q\u0259fil ortaya \u00e7\u0131xmas\u0131 hans\u0131 z\u0259rur\u0259td\u0259n do\u011fdu?<\/em><\/strong><\/p>\n\n\n\n<p>&#8211; Hesab edir\u0259m ki, hakimiyy\u0259t Q\u0259rbl\u0259 Rusiya aras\u0131nda s\u0131x\u0131lm\u0131\u015f v\u0259ziyy\u0259td\u0259dir. \u018fliyev vaxt qazanmaq \u00fc\u00e7\u00fcn 7 fevral n\u00f6vb\u0259d\u0259nk\u0259nar se\u00e7kil\u0259r elan edib, m\u0259n ba\u015fqa s\u0259b\u0259b g\u00f6rm\u00fcr\u0259m. Ba\u015fqa s\u0259b\u0259bl\u0259ri d\u0259 var, m\u0259s\u0259l\u0259n, Az\u0259rbaycan iqtisadiyyat\u0131n\u0131n builki g\u00f6st\u0259ricisi MDB \u00f6lk\u0259l\u0259ri aras\u0131nda \u0259n az olub: 0,5 faiz. G\u0259l\u0259n il h\u0259tta m\u0259nfiy\u0259 do\u011fru getm\u0259si g\u00f6zl\u0259nilir. H\u0259m\u00e7inin d\u0259 sadalad\u0131qlar\u0131m sosial probleml\u0259r dem\u0259kdir. \u0130kincisi, Rusiya s\u00fclhm\u0259raml\u0131lar\u0131 kontingentinin 2025-ci ild\u0259 Az\u0259rbaycandan \u00e7\u0131xar\u0131l\u0131b-\u00e7\u0131xar\u0131lmamas\u0131d\u0131r. M\u0259nc\u0259, Bak\u0131 il\u0259 Moskva aras\u0131nda anla\u015fma olub ki, s\u00fclhm\u0259raml\u0131 kontingent uzunm\u00fcdd\u0259tli qals\u0131n. Se\u00e7kil\u0259r d\u0259 2025-ci ild\u0259 olacaqd\u0131sa, bu m\u0259s\u0259l\u0259 il\u0259 ba\u011fl\u0131 suallar yaranacaqd\u0131. T\u0259bii ki, bu v\u0259 sosial probleml\u0259ri g\u00f6t\u00fcrd\u00fckd\u0259 2 il sonra legitimlik \u0259riyib ged\u0259c\u0259k. Amma bir daha t\u0259krar edir\u0259m: bunlar yan s\u0259b\u0259bl\u0259rdir, daha ciddi m\u0259qam Az\u0259rbaycan hakimiyy\u0259tinin Rusiya v\u0259 Q\u0259rb aras\u0131nda daha s\u0131x\u0131lm\u0131\u015f v\u0259ziyy\u0259td\u0259 qalmas\u0131d\u0131r.<\/p>\n\n\n\n<p><strong><em>&#8211; Ancaq siz s\u00f6hb\u0259tin \u0259vv\u0259lind\u0259 r\u0259smi Bak\u0131n\u0131n art\u0131q se\u00e7imini etdiyini s\u00f6yl\u0259diniz\u2026<\/em><\/strong><\/p>\n\n\n\n<p>&#8211; B\u0259li, se\u00e7im edib. Amma s\u0259n se\u00e7im edirs\u0259n v\u0259 1 g\u00fcn \u0259rzind\u0259 \u00f6lk\u0259d\u0259 n\u0259 q\u0259d\u0259r media varsa, qapad\u0131b jurnalistl\u0259ri d\u0259 h\u0259bs edirs\u0259n. O c\u00fcml\u0259d\u0259n, n\u0259 q\u0259d\u0259r partiya varsa, qeydiyyat\u0131n\u0131n l\u0259\u011fv edib, r\u0259hb\u0259rl\u0259rini h\u0259bsxanaya g\u00f6nd\u0259rirs\u0259n. Haz\u0131rda proses t\u0259dric\u0259n gedir.<\/p>\n\n\n\n<p><strong><em>&#8211; Y\u0259ni Az\u0259rbaycan t\u0259dric\u0259n Koreyaya \u00e7evril\u0259c\u0259k?<\/em><\/strong><\/p>\n\n\n\n<p>&#8211; Koreya bir az \u00e7\u0259tindir\u2026<\/p>\n\n\n\n<p><strong><em>&#8211; Yax\u015f\u0131, T\u00fcrkm\u0259nistan?..<\/em><\/strong><\/p>\n\n\n\n<p>&#8211; O da bir az \u00e7\u0259tindir. Koreyaya \u00e7evirm\u0259k o bax\u0131mdan \u00e7\u0259tindir ki, Az\u0259rbaycan tamamil\u0259 f\u0259rqli co\u011frafiyadad\u0131r. \u0130kincisi, ba\u015fqa mentalitd\u0259yik v\u0259 geopolitik r\u0259qab\u0259t d\u0259 o s\u0259viyy\u0259d\u0259 deyil ki, Az\u0259rbaycan\u0131 \u015eimali Koreyaya \u00e7evirsinl\u0259r. T\u00fcrkm\u0259nistana \u00e7evirm\u0259k \u00fc\u00e7\u00fcn c\u0259hd olacaq, bunu art\u0131q g\u00f6r\u00fcr\u00fck. Amma al\u0131n\u0131b-al\u0131nmamas\u0131 ba\u015fqa \u015feydir.<\/p>\n\n\n<div class=\"wp-block-image\">\n<figure class=\"aligncenter size-large\"><img decoding=\"async\" data-src=\"https:\/\/www.meydan.tv\/wp-content\/uploads\/azer-1-1200x675.jpg\" alt=\"\" class=\"wp-image-293156 lazyload\" src=\"data:image\/svg+xml;base64,PHN2ZyB3aWR0aD0iMSIgaGVpZ2h0PSIxIiB4bWxucz0iaHR0cDovL3d3dy53My5vcmcvMjAwMC9zdmciPjwvc3ZnPg==\" style=\"--smush-placeholder-width: 1200px; --smush-placeholder-aspect-ratio: 1200\/675;\" \/><figcaption class=\"wp-element-caption\">Az\u0259r Qas\u0131ml\u0131. Foto: Meydan TV<\/figcaption><\/figure>\n<\/div>\n\n\n<p>&#8211;&nbsp;<strong><em>Al\u0131nacaqm\u0131<\/em><\/strong>?<\/p>\n\n\n\n<p>&#8211; Yox, al\u0131nmayacaq. M\u0259n buna inanm\u0131ram. Yen\u0259 d\u0259 co\u011frafiya, mentalitet\u2026 bunlar m\u00fcmk\u00fcns\u00fczd\u00fcr.<\/p>\n\n\n\n<p><strong><em>&#8211; Az\u0259rbaycan D\u00f6vl\u0259t Televiziyas\u0131 t\u00fcrk seriallar\u0131n\u0131 t\u0259rc\u00fcm\u0259d\u0259 yay\u0131mlad\u0131\u011f\u0131 halda, Rusiya d\u00f6vl\u0259t ba\u015f\u00e7\u0131s\u0131 Vladimir Putinin m\u0259tbuat konfrans\u0131n\u0131 t\u0259rc\u00fcm\u0259siz yay\u0131mlay\u0131r. N\u0259dir bu q\u0259d\u0259r yax\u0131nla\u015fmaq, hans\u0131 s\u0259b\u0259bl\u0259r?..<\/em><\/strong><\/p>\n\n\n\n<p>&#8211; El\u0259 bayaqk\u0131 suala cavab olaraq s\u0259sl\u0259ndirdiyim sual\u0131n m\u0259ntiqi davam\u0131d\u0131r. Xalq\u0131 v\u0259 c\u0259miyy\u0259ti yava\u015f-yava\u015f bel\u0259 \u015feyl\u0259r\u0259 \u00f6yr\u0259\u015fdirm\u0259k ist\u0259yirl\u0259r. Budur, Putin bel\u0259 d\u0259 pis insan deyil. Vaxtil\u0259 Qorba\u00e7ov, Yeltsin Qaraba\u011f m\u0259s\u0259l\u0259sini ba\u015flad\u0131b bizim \u00fc\u00e7\u00fcn problem yaratd\u0131lar v\u0259 \u0259limizd\u0259n al\u0131b erm\u0259nil\u0259r\u0259 verdil\u0259r. Amma Putin g\u0259lib problemi h\u0259ll edir.<\/p>\n\n\n\n<p><strong><em>&#8211; Amma Az\u0259rbaycan h\u00f6kum\u0259ti Ukraynaya da d\u0259st\u0259k verir ax\u0131\u2026<\/em><\/strong><\/p>\n\n\n\n<p>&#8211; He\u00e7 bir d\u0259st\u0259k vermir, m\u0259n g\u00f6rm\u00fcr\u0259m bu d\u0259st\u0259yi, harada g\u00f6r\u00fcrs\u00fcn\u00fcz?!<\/p>\n\n\n\n<p><strong><em>&#8211; Yard\u0131m g\u00f6st\u0259rilir\u2026<\/em><\/strong><\/p>\n\n\n\n<p>&#8211; N\u0259 yard\u0131m, n\u0259 q\u0259d\u0259r yard\u0131m, 5 milyon dollarl\u0131q yard\u0131m?! Bu, bir damc\u0131d\u0131r v\u0259 g\u00f6z\u0259 k\u00fcl \u00fcf\u00fcrm\u0259kdir.<\/p>\n\n\n\n<p><strong><em>&#8211; Nec\u0259 d\u00fc\u015f\u00fcn\u00fcrs\u00fcn\u00fcz, m\u00fcxalif\u0259t niy\u0259 bu q\u0259d\u0259r sosial v\u0259 siyasi probleml\u0259rin m\u00f6vcud oldu\u011fu bir d\u00f6n\u0259md\u0259 toparlana bilmir?<\/em><\/strong><\/p>\n\n\n\n<p>&#8211; \u00c7\u00fcnki ideoloji bax\u0131mdan t\u00fck\u0259nibdir.<\/p>\n\n\n\n<p><strong><em>&#8211; Siz d\u0259 vaxtil\u0259 m\u00fcxalif\u0259t partiyas\u0131n\u0131n \u00fczv\u00fc olmusunuz da.<\/em><\/strong><\/p>\n\n\n\n<p>&#8211; N\u0259 olsun? Hans\u0131 partiyan\u0131n?<\/p>\n\n\n\n<p><strong><em>&#8211; M\u00fcsavat Partiyas\u0131n\u0131n.<\/em><\/strong><\/p>\n\n\n\n<p>&#8211; M\u0259n 1994-c\u00fc ild\u0259 M\u00fcsavat Partiyas\u0131n\u0131n \u00fczv\u00fc olmu\u015fam, 19 ya\u015f\u0131m var idi, 1998-ci ild\u0259 Az\u0259rbaycan\u0131 t\u0259rk edib xaric\u0259 getdim v\u0259 2010-cu ild\u0259 qay\u0131td\u0131m. Y\u0259ni 4 il m\u00fcsavat\u00e7\u0131 olmu\u015fam, \u00e7ox g\u0259nc idim, r\u0259hb\u0259r v\u0259zif\u0259l\u0259rd\u0259 olmam\u0131\u015fam, prosesl\u0259rin liderliyini etm\u0259mi\u015f\u0259m. Ancaq M\u00fcsavat Partiyas\u0131n\u0131n \u00fczv\u00fc olma\u011f\u0131m\u0131 m\u00fcsb\u0259t d\u0259y\u0259rl\u0259ndirir\u0259m, f\u0259xr edir\u0259m. M\u00fcsavat m\u0259kt\u0259bind\u0259n d\u0259 \u00e7ox \u015fey \u00f6yr\u0259nmi\u015f\u0259m, o da m\u0259nim ictimai-siyasi h\u0259yat\u0131mda m\u0259kt\u0259bl\u0259rd\u0259n birisi olub.<\/p>\n\n\n\n<p><strong><em>&#8211; Sual\u0131m\u0131za qay\u0131daq\u2026<\/em><\/strong><\/p>\n\n\n\n<p>&#8211; M\u00fcxalif\u0259t ideoloji olaraq t\u00fck\u0259nib, resurslar\u0131 qalmay\u0131b, \u00f6t\u0259n ill\u0259rd\u0259 \u00e7ox siyasi s\u0259hvl\u0259r edib, xalq da bunlar\u0131 g\u00f6r\u00fcb v\u0259 c\u0259miyy\u0259td\u0259 inam, cazib\u0259 qalmay\u0131b.<\/p>\n\n\n\n<p><strong><em>&#8211; Siz hakimiyy\u0259tin s\u0259rt davrand\u0131\u011f\u0131n\u0131 da n\u0259z\u0259r\u0259 al\u0131n\u2026<\/em><\/strong><\/p>\n\n\n\n<p>&#8211; T\u0259bii ki, hakimiyy\u0259t d\u0259 s\u0259rt davran\u0131b. \u0130ndi h\u0259r n\u0259dirs\u0259, budur!<\/p>\n\n\n\n<p><strong><em>&#8211; Sizc\u0259, III Respublika Platformas\u0131 v\u0259ziyy\u0259ti d\u0259yi\u015f\u0259 bil\u0259c\u0259kmi v\u0259 bu qurumdan n\u0259 g\u00f6zl\u0259yirsiniz?<\/em><\/strong><\/p>\n\n\n\n<p>&#8211; \u00c7ox direkt suald\u0131r. M\u0259n onlara ancaq u\u011furlar arzulay\u0131ram. \u00dcmid edir\u0259m ki, qar\u015f\u0131lar\u0131na qoyduqlar\u0131 planlar\u0131 h\u0259yata ke\u00e7ir\u0259 bil\u0259c\u0259kl\u0259r.<\/p>\n\n\n\n<p><strong><em>&#8211; Siz \u00f6z\u00fcn\u00fcz nec\u0259, aktiv siyas\u0259t\u0259 qay\u0131tmaq fikriniz varm\u0131?<\/em><\/strong><\/p>\n\n\n\n<p>&#8211; Vallah, Az\u0259rbaycanda siyas\u0259t varm\u0131 ki, m\u0259n d\u0259 qay\u0131d\u0131m? Siyasi f\u0259aliyy\u0259t imkanlar\u0131 varm\u0131 ki, siyas\u0259tl\u0259 m\u0259\u015f\u011ful olaq? \u00c7ox adam m\u0259ni h\u0259r zaman a\u015fa\u011f\u0131-yuxar\u0131 siyas\u0259t\u00e7i kimi t\u0259qdim edir. M\u0259n d\u0259 h\u0259r zaman deyir\u0259m ki, siyas\u0259t\u00e7i deyil\u0259m. \u0130nsanlar n\u0259d\u0259ns\u0259 m\u0259n\u0259 siyas\u0259t\u00e7i g\u00f6z\u00fcyl\u0259 bax\u0131rlar. Amma \u00f6lk\u0259d\u0259 siyas\u0259t olmad\u0131\u011f\u0131na g\u00f6r\u0259 ad\u0131m\u0131z\u0131 siyas\u0259t\u00e7i qoya bilm\u0259rik. Son d\u00f6n\u0259ml\u0259r bu fikri d\u0259 s\u0259sl\u0259ndirmi\u015f\u0259m ki, h\u0259qiqi m\u00fcxalif\u0259t partiyalar\u0131 f\u0259aliyy\u0259tl\u0259rini dondurmal\u0131d\u0131rlar.<\/p>\n\n\n\n<p><strong><em>&#8211; Niy\u0259?<\/em><\/strong><\/p>\n\n\n\n<p>&#8211; Siyas\u0259t yoxdursa, kim \u00f6z\u00fcn\u0259 siyasi partiya dey\u0259 bil\u0259r, o sad\u0259c\u0259, fasadd\u0131r. M\u0259n dondurmal\u0131d\u0131r s\u00f6yl\u0259y\u0259nd\u0259, demir\u0259m ki, partiyan\u0131 burax\u0131b evd\u0259 oturmal\u0131d\u0131rlar. S\u00f6hb\u0259t s\u0259mimi davran\u0131b h\u0259r \u015feyi oldu\u011fu kimi xalqa t\u0259qdim etm\u0259kd\u0259n gedir. Xalqla manipulyasiya edib aldatma\u011fa ehtiyac yoxdur. \u018fg\u0259r \u00f6lk\u0259d\u0259 siyas\u0259t yoxdursa, a\u00e7\u0131q \u015f\u0259kild\u0259 bunu dem\u0259k laz\u0131md\u0131r. Sad\u0259c\u0259, biz indi n\u0259 etm\u0259liyik sual\u0131n\u0131 m\u00fczakir\u0259y\u0259 \u00e7evirm\u0259k laz\u0131md\u0131r. G\u00fccl\u0259ri birl\u0259\u015fdirib prosesi hara g\u0259tirm\u0259k laz\u0131md\u0131r, m\u0259n bu haqda d\u00fc\u015f\u00fcnm\u0259yin t\u0259r\u0259fdar\u0131yam.<\/p>\n\n\n\n<p><strong><em>&#8211; O zaman bel\u0259 m\u0259ntiq \u00e7\u0131x\u0131r: 7 fevral se\u00e7kil\u0259rind\u0259 i\u015ftirak etm\u0259y\u0259 d\u0259ym\u0259z d\u0259, boykot etm\u0259lidirl\u0259r?<\/em><\/strong><\/p>\n\n\n\n<p>&#8211; Bu m\u0259s\u0259l\u0259ni d\u0259 \u0259vv\u0259lki m\u00fczakir\u0259l\u0259r \u0259snas\u0131nda d\u0259y\u0259rl\u0259ndirm\u0259k olar. Amma daha konkret olaraq m\u0259n h\u0259mi\u015f\u0259 se\u00e7kid\u0259 i\u015ftirak\u0131n t\u0259r\u0259fdar\u0131 olmu\u015fam v\u0259 proses\u0259 qat\u0131lma\u011f\u0131n \u0259leyhin\u0259 kampaniya aparmam\u0131\u015fam. Bununla bel\u0259 se\u00e7kil\u0259rd\u0259 i\u015ftirak x\u0259trin\u0259 i\u015ftirak da yanl\u0131\u015fd\u0131r. Se\u00e7kil\u0259r\u0259 qat\u0131lmaq laz\u0131md\u0131r, lakin \u0259vv\u0259lc\u0259d\u0259n haz\u0131rla\u015fmaq vacibdir. Bilm\u0259k laz\u0131m idi ki, \u0130lham \u018fliyevin Az\u0259rbaycan Konstitusiyas\u0131na uy\u011fun olaraq ist\u0259diyi zaman n\u00f6vb\u0259d\u0259nk\u0259nar se\u00e7ki elan etm\u0259k s\u0259lahiyy\u0259ti var v\u0259 bundan istifad\u0259 ed\u0259 bil\u0259r. Ona g\u00f6r\u0259 h\u0259r \u015fey\u0259 haz\u0131r olmaq vacib idi. \u0130kincisi, d\u00fczg\u00fcn strategiya qurmaq laz\u0131m idi, \u00fc\u00e7\u00fcnc\u00fcs\u00fc, b\u00fct\u00fcn resurslar\u0131, insan, intellektual resursu toparlay\u0131b birl\u0259\u015fdirib, bir c\u0259bh\u0259d\u0259 se\u00e7kiy\u0259 gedilm\u0259lidir. N\u0259hay\u0259t, do\u011fru-d\u00fcr\u00fcst namiz\u0259dl\u0259 se\u00e7kiy\u0259 qat\u0131lmaq laz\u0131m idi. Hans\u0131 ki c\u0259miyy\u0259t v\u0259 se\u00e7icil\u0259r \u00fc\u00e7\u00fcn cazib\u0259li ola bil\u0259r, \u0130lham \u018fliyevd\u0259n g\u00fccl\u00fc g\u00f6rs\u0259n\u0259 bil\u0259r. Savadl\u0131, bilikli, t\u0259rc\u00fcmeyi-hal\u0131 \u015f\u0259ffaf olan \u015f\u0259xsl\u0259 se\u00e7kiy\u0259 getm\u0259k laz\u0131md\u0131r. M\u00fcxalif\u0259t b\u00fct\u00fcn bunlar\u0131 edib se\u00e7kil\u0259r\u0259 getm\u0259lidir.<\/p>\n\n\n\n<p><strong><em>&#8211; El\u0259 potensial v\u0259 namiz\u0259d varm\u0131? Yaxud sizin a\u011fl\u0131n\u0131zda el\u0259si varm\u0131 ki, ad\u0131n\u0131 a\u00e7\u0131qlamaq ist\u0259mirsiz?<\/em><\/strong><\/p>\n\n\n\n<p>&#8211; Potensial var. M\u0259nc\u0259, namiz\u0259dl\u0259r d\u0259 var, amma ad \u00e7\u0259km\u0259yin m\u0259nas\u0131n g\u00f6rm\u00fcr\u0259m. \u00c7\u00fcnki ortada proses olmal\u0131d\u0131r ki, biz d\u0259 onun t\u0259rkib hiss\u0259si kimi bu i\u015fi g\u00f6r\u0259k.<\/p>\n","protected":false},"excerpt":{"rendered":"<p>&#8220;\u0130lham \u018fliyev balansla\u015fd\u0131r\u0131lm\u0131\u015f siyas\u0259td\u0259n imtina edib&#8221; Siyasi Menecment \u0130nstitutunun r\u0259hb\u0259ri &#8230; <\/p>\n<p class=\"read-more-container\"><a title=\"Az\u0259r Qas\u0131ml\u0131: &#8220;H\u0259qiqi m\u00fcxalif\u0259t partiyalar\u0131 f\u0259aliyy\u0259tl\u0259rini dondurmal\u0131d\u0131r&#8221;\" class=\"read-more button\" href=\"https:\/\/www.meydan.tv\/az\/article\/azer-qasimli-heqiqi-muxalifet-partiyalari-fealiyyetlerini-dondurmalidir\/#more-293171\" aria-label=\"Read more about Az\u0259r Qas\u0131ml\u0131: &#8220;H\u0259qiqi m\u00fcxalif\u0259t partiyalar\u0131 f\u0259aliyy\u0259tl\u0259rini dondurmal\u0131d\u0131r&#8221;\">Davam\u0131<\/a><\/p>\n","protected":false},"author":8,"featured_media":293172,"comment_status":"closed","ping_status":"closed","sticky":false,"template":"","format":"standard","meta":{"_acf_changed":false,"_sitemap_exclude":false,"_sitemap_priority":"","_sitemap_frequency":"","footnotes":""},"categories":[59,63,56],"tags":[],"class_list":["post-293171","post","type-post","status-publish","format-standard","has-post-thumbnail","hentry","category-siyaset","category-video-2","category-xeberler","infinite-scroll-item","generate-columns","tablet-grid-50","mobile-grid-100","grid-parent","grid-33","no-featured-image-padding"],"acf":[],"yoast_head":"<!-- This site is optimized with the Yoast SEO plugin v27.4 - https:\/\/yoast.com\/product\/yoast-seo-wordpress\/ -->\n<title>Az\u0259r Qas\u0131ml\u0131: &quot;H\u0259qiqi m\u00fcxalif\u0259t partiyalar\u0131 f\u0259aliyy\u0259tl\u0259rini dondurmal\u0131d\u0131r&quot; - MEYDAN.TV<\/title>\n<meta name=\"robots\" content=\"index, follow, max-snippet:-1, max-image-preview:large, max-video-preview:-1\" \/>\n<link rel=\"canonical\" href=\"https:\/\/www.meydan.tv\/az\/article\/azer-qasimli-heqiqi-muxalifet-partiyalari-fealiyyetlerini-dondurmalidir\/\" \/>\n<meta property=\"og:locale\" content=\"az_AZ\" \/>\n<meta property=\"og:type\" content=\"article\" \/>\n<meta property=\"og:title\" content=\"Az\u0259r Qas\u0131ml\u0131: &quot;H\u0259qiqi m\u00fcxalif\u0259t partiyalar\u0131 f\u0259aliyy\u0259tl\u0259rini dondurmal\u0131d\u0131r&quot; - MEYDAN.TV\" \/>\n<meta property=\"og:description\" content=\"&#8220;\u0130lham \u018fliyev balansla\u015fd\u0131r\u0131lm\u0131\u015f siyas\u0259td\u0259n imtina edib&#8221; Siyasi Menecment \u0130nstitutunun r\u0259hb\u0259ri ... Davam\u0131\" \/>\n<meta property=\"og:url\" content=\"https:\/\/www.meydan.tv\/az\/article\/azer-qasimli-heqiqi-muxalifet-partiyalari-fealiyyetlerini-dondurmalidir\/\" \/>\n<meta property=\"og:site_name\" content=\"MEYDAN.TV\" \/>\n<meta property=\"article:published_time\" content=\"2023-12-16T17:41:43+00:00\" \/>\n<meta property=\"article:modified_time\" content=\"2023-12-17T11:10:31+00:00\" \/>\n<meta property=\"og:image\" content=\"https:\/\/www.meydan.tv\/wp-content\/uploads\/azer2-3.jpg\" \/>\n\t<meta property=\"og:image:width\" content=\"1280\" \/>\n\t<meta property=\"og:image:height\" content=\"720\" \/>\n\t<meta property=\"og:image:type\" content=\"image\/jpeg\" \/>\n<meta name=\"author\" content=\"elli\" \/>\n<meta name=\"twitter:card\" content=\"summary_large_image\" \/>\n<meta name=\"twitter:creator\" content=\"@elli\" \/>\n<script type=\"application\/ld+json\" class=\"yoast-schema-graph\">{\"@context\":\"https:\\\/\\\/schema.org\",\"@graph\":[{\"@type\":\"Article\",\"@id\":\"https:\\\/\\\/www.meydan.tv\\\/az\\\/article\\\/azer-qasimli-heqiqi-muxalifet-partiyalari-fealiyyetlerini-dondurmalidir\\\/#article\",\"isPartOf\":{\"@id\":\"https:\\\/\\\/www.meydan.tv\\\/az\\\/article\\\/azer-qasimli-heqiqi-muxalifet-partiyalari-fealiyyetlerini-dondurmalidir\\\/\"},\"author\":{\"name\":\"elli\",\"@id\":\"https:\\\/\\\/www.meydan.tv\\\/az\\\/#\\\/schema\\\/person\\\/9cdbecf90d17180ce1dfbd95b08dcf47\"},\"headline\":\"Az\u0259r Qas\u0131ml\u0131: &#8220;H\u0259qiqi m\u00fcxalif\u0259t partiyalar\u0131 f\u0259aliyy\u0259tl\u0259rini dondurmal\u0131d\u0131r&#8221;\",\"datePublished\":\"2023-12-16T17:41:43+00:00\",\"dateModified\":\"2023-12-17T11:10:31+00:00\",\"mainEntityOfPage\":{\"@id\":\"https:\\\/\\\/www.meydan.tv\\\/az\\\/article\\\/azer-qasimli-heqiqi-muxalifet-partiyalari-fealiyyetlerini-dondurmalidir\\\/\"},\"wordCount\":2420,\"publisher\":{\"@id\":\"https:\\\/\\\/www.meydan.tv\\\/az\\\/#organization\"},\"image\":{\"@id\":\"https:\\\/\\\/www.meydan.tv\\\/az\\\/article\\\/azer-qasimli-heqiqi-muxalifet-partiyalari-fealiyyetlerini-dondurmalidir\\\/#primaryimage\"},\"thumbnailUrl\":\"https:\\\/\\\/www.meydan.tv\\\/wp-content\\\/uploads\\\/azer2-3.jpg\",\"articleSection\":[\"Siyas\u0259t\",\"Video\",\"X\u0259b\u0259rl\u0259r\"],\"inLanguage\":\"az\"},{\"@type\":\"WebPage\",\"@id\":\"https:\\\/\\\/www.meydan.tv\\\/az\\\/article\\\/azer-qasimli-heqiqi-muxalifet-partiyalari-fealiyyetlerini-dondurmalidir\\\/\",\"url\":\"https:\\\/\\\/www.meydan.tv\\\/az\\\/article\\\/azer-qasimli-heqiqi-muxalifet-partiyalari-fealiyyetlerini-dondurmalidir\\\/\",\"name\":\"Az\u0259r Qas\u0131ml\u0131: \\\"H\u0259qiqi m\u00fcxalif\u0259t partiyalar\u0131 f\u0259aliyy\u0259tl\u0259rini dondurmal\u0131d\u0131r\\\" - MEYDAN.TV\",\"isPartOf\":{\"@id\":\"https:\\\/\\\/www.meydan.tv\\\/az\\\/#website\"},\"primaryImageOfPage\":{\"@id\":\"https:\\\/\\\/www.meydan.tv\\\/az\\\/article\\\/azer-qasimli-heqiqi-muxalifet-partiyalari-fealiyyetlerini-dondurmalidir\\\/#primaryimage\"},\"image\":{\"@id\":\"https:\\\/\\\/www.meydan.tv\\\/az\\\/article\\\/azer-qasimli-heqiqi-muxalifet-partiyalari-fealiyyetlerini-dondurmalidir\\\/#primaryimage\"},\"thumbnailUrl\":\"https:\\\/\\\/www.meydan.tv\\\/wp-content\\\/uploads\\\/azer2-3.jpg\",\"datePublished\":\"2023-12-16T17:41:43+00:00\",\"dateModified\":\"2023-12-17T11:10:31+00:00\",\"breadcrumb\":{\"@id\":\"https:\\\/\\\/www.meydan.tv\\\/az\\\/article\\\/azer-qasimli-heqiqi-muxalifet-partiyalari-fealiyyetlerini-dondurmalidir\\\/#breadcrumb\"},\"inLanguage\":\"az\",\"potentialAction\":[{\"@type\":\"ReadAction\",\"target\":[\"https:\\\/\\\/www.meydan.tv\\\/az\\\/article\\\/azer-qasimli-heqiqi-muxalifet-partiyalari-fealiyyetlerini-dondurmalidir\\\/\"]}]},{\"@type\":\"ImageObject\",\"inLanguage\":\"az\",\"@id\":\"https:\\\/\\\/www.meydan.tv\\\/az\\\/article\\\/azer-qasimli-heqiqi-muxalifet-partiyalari-fealiyyetlerini-dondurmalidir\\\/#primaryimage\",\"url\":\"https:\\\/\\\/www.meydan.tv\\\/wp-content\\\/uploads\\\/azer2-3.jpg\",\"contentUrl\":\"https:\\\/\\\/www.meydan.tv\\\/wp-content\\\/uploads\\\/azer2-3.jpg\",\"width\":1280,\"height\":720,\"caption\":\"Foto: Meydan TV\"},{\"@type\":\"BreadcrumbList\",\"@id\":\"https:\\\/\\\/www.meydan.tv\\\/az\\\/article\\\/azer-qasimli-heqiqi-muxalifet-partiyalari-fealiyyetlerini-dondurmalidir\\\/#breadcrumb\",\"itemListElement\":[{\"@type\":\"ListItem\",\"position\":1,\"name\":\"Ana s\u0259hif\u0259\",\"item\":\"https:\\\/\\\/www.meydan.tv\\\/az\\\/\"},{\"@type\":\"ListItem\",\"position\":2,\"name\":\"Siyas\u0259t\",\"item\":\"https:\\\/\\\/www.meydan.tv\\\/az\\\/section\\\/siyaset\\\/\"},{\"@type\":\"ListItem\",\"position\":3,\"name\":\"Az\u0259r Qas\u0131ml\u0131: &#8220;H\u0259qiqi m\u00fcxalif\u0259t partiyalar\u0131 f\u0259aliyy\u0259tl\u0259rini dondurmal\u0131d\u0131r&#8221;\"}]},{\"@type\":\"WebSite\",\"@id\":\"https:\\\/\\\/www.meydan.tv\\\/az\\\/#website\",\"url\":\"https:\\\/\\\/www.meydan.tv\\\/az\\\/\",\"name\":\"MEYDAN.TV\",\"description\":\"Meydan TV Az\u0259rbaycan\u0131n media m\u0259kan\u0131ndak\u0131 alternativ s\u0259sidir\",\"publisher\":{\"@id\":\"https:\\\/\\\/www.meydan.tv\\\/az\\\/#organization\"},\"potentialAction\":[{\"@type\":\"SearchAction\",\"target\":{\"@type\":\"EntryPoint\",\"urlTemplate\":\"https:\\\/\\\/www.meydan.tv\\\/az\\\/?s={search_term_string}\"},\"query-input\":{\"@type\":\"PropertyValueSpecification\",\"valueRequired\":true,\"valueName\":\"search_term_string\"}}],\"inLanguage\":\"az\"},{\"@type\":\"Organization\",\"@id\":\"https:\\\/\\\/www.meydan.tv\\\/az\\\/#organization\",\"name\":\"Meydan TV\",\"url\":\"https:\\\/\\\/www.meydan.tv\\\/az\\\/\",\"logo\":{\"@type\":\"ImageObject\",\"inLanguage\":\"az\",\"@id\":\"https:\\\/\\\/www.meydan.tv\\\/az\\\/#\\\/schema\\\/logo\\\/image\\\/\",\"url\":\"https:\\\/\\\/www.meydan.tv\\\/wp-content\\\/uploads\\\/2021\\\/07\\\/meydan-logo.svg\",\"contentUrl\":\"https:\\\/\\\/www.meydan.tv\\\/wp-content\\\/uploads\\\/2021\\\/07\\\/meydan-logo.svg\",\"width\":195,\"height\":46,\"caption\":\"Meydan TV\"},\"image\":{\"@id\":\"https:\\\/\\\/www.meydan.tv\\\/az\\\/#\\\/schema\\\/logo\\\/image\\\/\"}},{\"@type\":\"Person\",\"@id\":\"https:\\\/\\\/www.meydan.tv\\\/az\\\/#\\\/schema\\\/person\\\/9cdbecf90d17180ce1dfbd95b08dcf47\",\"name\":\"elli\",\"sameAs\":[\"https:\\\/\\\/x.com\\\/elli\"]}]}<\/script>\n<!-- \/ Yoast SEO plugin. -->","yoast_head_json":{"title":"Az\u0259r Qas\u0131ml\u0131: \"H\u0259qiqi m\u00fcxalif\u0259t partiyalar\u0131 f\u0259aliyy\u0259tl\u0259rini dondurmal\u0131d\u0131r\" - MEYDAN.TV","robots":{"index":"index","follow":"follow","max-snippet":"max-snippet:-1","max-image-preview":"max-image-preview:large","max-video-preview":"max-video-preview:-1"},"canonical":"https:\/\/www.meydan.tv\/az\/article\/azer-qasimli-heqiqi-muxalifet-partiyalari-fealiyyetlerini-dondurmalidir\/","og_locale":"az_AZ","og_type":"article","og_title":"Az\u0259r Qas\u0131ml\u0131: \"H\u0259qiqi m\u00fcxalif\u0259t partiyalar\u0131 f\u0259aliyy\u0259tl\u0259rini dondurmal\u0131d\u0131r\" - MEYDAN.TV","og_description":"&#8220;\u0130lham \u018fliyev balansla\u015fd\u0131r\u0131lm\u0131\u015f siyas\u0259td\u0259n imtina edib&#8221; Siyasi Menecment \u0130nstitutunun r\u0259hb\u0259ri ... Davam\u0131","og_url":"https:\/\/www.meydan.tv\/az\/article\/azer-qasimli-heqiqi-muxalifet-partiyalari-fealiyyetlerini-dondurmalidir\/","og_site_name":"MEYDAN.TV","article_published_time":"2023-12-16T17:41:43+00:00","article_modified_time":"2023-12-17T11:10:31+00:00","og_image":[{"width":1280,"height":720,"url":"https:\/\/www.meydan.tv\/wp-content\/uploads\/azer2-3.jpg","type":"image\/jpeg"}],"author":"elli","twitter_card":"summary_large_image","twitter_creator":"@elli","schema":{"@context":"https:\/\/schema.org","@graph":[{"@type":"Article","@id":"https:\/\/www.meydan.tv\/az\/article\/azer-qasimli-heqiqi-muxalifet-partiyalari-fealiyyetlerini-dondurmalidir\/#article","isPartOf":{"@id":"https:\/\/www.meydan.tv\/az\/article\/azer-qasimli-heqiqi-muxalifet-partiyalari-fealiyyetlerini-dondurmalidir\/"},"author":{"name":"elli","@id":"https:\/\/www.meydan.tv\/az\/#\/schema\/person\/9cdbecf90d17180ce1dfbd95b08dcf47"},"headline":"Az\u0259r Qas\u0131ml\u0131: &#8220;H\u0259qiqi m\u00fcxalif\u0259t partiyalar\u0131 f\u0259aliyy\u0259tl\u0259rini dondurmal\u0131d\u0131r&#8221;","datePublished":"2023-12-16T17:41:43+00:00","dateModified":"2023-12-17T11:10:31+00:00","mainEntityOfPage":{"@id":"https:\/\/www.meydan.tv\/az\/article\/azer-qasimli-heqiqi-muxalifet-partiyalari-fealiyyetlerini-dondurmalidir\/"},"wordCount":2420,"publisher":{"@id":"https:\/\/www.meydan.tv\/az\/#organization"},"image":{"@id":"https:\/\/www.meydan.tv\/az\/article\/azer-qasimli-heqiqi-muxalifet-partiyalari-fealiyyetlerini-dondurmalidir\/#primaryimage"},"thumbnailUrl":"https:\/\/www.meydan.tv\/wp-content\/uploads\/azer2-3.jpg","articleSection":["Siyas\u0259t","Video","X\u0259b\u0259rl\u0259r"],"inLanguage":"az"},{"@type":"WebPage","@id":"https:\/\/www.meydan.tv\/az\/article\/azer-qasimli-heqiqi-muxalifet-partiyalari-fealiyyetlerini-dondurmalidir\/","url":"https:\/\/www.meydan.tv\/az\/article\/azer-qasimli-heqiqi-muxalifet-partiyalari-fealiyyetlerini-dondurmalidir\/","name":"Az\u0259r Qas\u0131ml\u0131: \"H\u0259qiqi m\u00fcxalif\u0259t partiyalar\u0131 f\u0259aliyy\u0259tl\u0259rini dondurmal\u0131d\u0131r\" - MEYDAN.TV","isPartOf":{"@id":"https:\/\/www.meydan.tv\/az\/#website"},"primaryImageOfPage":{"@id":"https:\/\/www.meydan.tv\/az\/article\/azer-qasimli-heqiqi-muxalifet-partiyalari-fealiyyetlerini-dondurmalidir\/#primaryimage"},"image":{"@id":"https:\/\/www.meydan.tv\/az\/article\/azer-qasimli-heqiqi-muxalifet-partiyalari-fealiyyetlerini-dondurmalidir\/#primaryimage"},"thumbnailUrl":"https:\/\/www.meydan.tv\/wp-content\/uploads\/azer2-3.jpg","datePublished":"2023-12-16T17:41:43+00:00","dateModified":"2023-12-17T11:10:31+00:00","breadcrumb":{"@id":"https:\/\/www.meydan.tv\/az\/article\/azer-qasimli-heqiqi-muxalifet-partiyalari-fealiyyetlerini-dondurmalidir\/#breadcrumb"},"inLanguage":"az","potentialAction":[{"@type":"ReadAction","target":["https:\/\/www.meydan.tv\/az\/article\/azer-qasimli-heqiqi-muxalifet-partiyalari-fealiyyetlerini-dondurmalidir\/"]}]},{"@type":"ImageObject","inLanguage":"az","@id":"https:\/\/www.meydan.tv\/az\/article\/azer-qasimli-heqiqi-muxalifet-partiyalari-fealiyyetlerini-dondurmalidir\/#primaryimage","url":"https:\/\/www.meydan.tv\/wp-content\/uploads\/azer2-3.jpg","contentUrl":"https:\/\/www.meydan.tv\/wp-content\/uploads\/azer2-3.jpg","width":1280,"height":720,"caption":"Foto: Meydan TV"},{"@type":"BreadcrumbList","@id":"https:\/\/www.meydan.tv\/az\/article\/azer-qasimli-heqiqi-muxalifet-partiyalari-fealiyyetlerini-dondurmalidir\/#breadcrumb","itemListElement":[{"@type":"ListItem","position":1,"name":"Ana s\u0259hif\u0259","item":"https:\/\/www.meydan.tv\/az\/"},{"@type":"ListItem","position":2,"name":"Siyas\u0259t","item":"https:\/\/www.meydan.tv\/az\/section\/siyaset\/"},{"@type":"ListItem","position":3,"name":"Az\u0259r Qas\u0131ml\u0131: &#8220;H\u0259qiqi m\u00fcxalif\u0259t partiyalar\u0131 f\u0259aliyy\u0259tl\u0259rini dondurmal\u0131d\u0131r&#8221;"}]},{"@type":"WebSite","@id":"https:\/\/www.meydan.tv\/az\/#website","url":"https:\/\/www.meydan.tv\/az\/","name":"MEYDAN.TV","description":"Meydan TV Az\u0259rbaycan\u0131n media m\u0259kan\u0131ndak\u0131 alternativ s\u0259sidir","publisher":{"@id":"https:\/\/www.meydan.tv\/az\/#organization"},"potentialAction":[{"@type":"SearchAction","target":{"@type":"EntryPoint","urlTemplate":"https:\/\/www.meydan.tv\/az\/?s={search_term_string}"},"query-input":{"@type":"PropertyValueSpecification","valueRequired":true,"valueName":"search_term_string"}}],"inLanguage":"az"},{"@type":"Organization","@id":"https:\/\/www.meydan.tv\/az\/#organization","name":"Meydan TV","url":"https:\/\/www.meydan.tv\/az\/","logo":{"@type":"ImageObject","inLanguage":"az","@id":"https:\/\/www.meydan.tv\/az\/#\/schema\/logo\/image\/","url":"https:\/\/www.meydan.tv\/wp-content\/uploads\/2021\/07\/meydan-logo.svg","contentUrl":"https:\/\/www.meydan.tv\/wp-content\/uploads\/2021\/07\/meydan-logo.svg","width":195,"height":46,"caption":"Meydan TV"},"image":{"@id":"https:\/\/www.meydan.tv\/az\/#\/schema\/logo\/image\/"}},{"@type":"Person","@id":"https:\/\/www.meydan.tv\/az\/#\/schema\/person\/9cdbecf90d17180ce1dfbd95b08dcf47","name":"elli","sameAs":["https:\/\/x.com\/elli"]}]}},"_links":{"self":[{"href":"https:\/\/www.meydan.tv\/az\/wp-json\/wp\/v2\/posts\/293171","targetHints":{"allow":["GET"]}}],"collection":[{"href":"https:\/\/www.meydan.tv\/az\/wp-json\/wp\/v2\/posts"}],"about":[{"href":"https:\/\/www.meydan.tv\/az\/wp-json\/wp\/v2\/types\/post"}],"author":[{"embeddable":true,"href":"https:\/\/www.meydan.tv\/az\/wp-json\/wp\/v2\/users\/8"}],"replies":[{"embeddable":true,"href":"https:\/\/www.meydan.tv\/az\/wp-json\/wp\/v2\/comments?post=293171"}],"version-history":[{"count":6,"href":"https:\/\/www.meydan.tv\/az\/wp-json\/wp\/v2\/posts\/293171\/revisions"}],"predecessor-version":[{"id":293205,"href":"https:\/\/www.meydan.tv\/az\/wp-json\/wp\/v2\/posts\/293171\/revisions\/293205"}],"wp:featuredmedia":[{"embeddable":true,"href":"https:\/\/www.meydan.tv\/az\/wp-json\/wp\/v2\/media\/293172"}],"wp:attachment":[{"href":"https:\/\/www.meydan.tv\/az\/wp-json\/wp\/v2\/media?parent=293171"}],"wp:term":[{"taxonomy":"category","embeddable":true,"href":"https:\/\/www.meydan.tv\/az\/wp-json\/wp\/v2\/categories?post=293171"},{"taxonomy":"post_tag","embeddable":true,"href":"https:\/\/www.meydan.tv\/az\/wp-json\/wp\/v2\/tags?post=293171"}],"curies":[{"name":"wp","href":"https:\/\/api.w.org\/{rel}","templated":true}]}}