{"id":293145,"date":"2023-12-16T20:45:46","date_gmt":"2023-12-16T16:45:46","guid":{"rendered":"https:\/\/www.meydan.tv\/?p=293145"},"modified":"2023-12-17T10:50:45","modified_gmt":"2023-12-17T06:50:45","slug":"msk-qarabagda-26-secki-menteqesinin-yaradilmasini-planlasdirir","status":"publish","type":"post","link":"https:\/\/www.meydan.tv\/az\/article\/msk-qarabagda-26-secki-menteqesinin-yaradilmasini-planlasdirir\/","title":{"rendered":"MSK Qaraba\u011fda 26 se\u00e7ki m\u0259nt\u0259q\u0259sinin yarad\u0131lmas\u0131n\u0131 planla\u015fd\u0131r\u0131r"},"content":{"rendered":"\n<p><\/p>\n\n\n\n<p><strong><em>Nax\u00e7\u0131van v\u0259 Sumqay\u0131tda da yeni m\u0259nt\u0259q\u0259l\u0259r yarad\u0131l\u0131b<\/em><\/strong><\/p>\n\n\n\n<p>Dekabr\u0131n 16-da M\u0259rk\u0259zi Se\u00e7ki Komissiyas\u0131n\u0131n (MSK) iclas\u0131 ke\u00e7irilib.<\/p>\n\n\n\n<p>Komissiyann\u0131n s\u0259dri M\u0259zahir P\u0259nahov Xank\u0259ndid\u0259, Xocal\u0131da, \u018fsg\u0259randa v\u0259 A\u011fd\u0259r\u0259d\u0259 yeni se\u00e7ki m\u0259nt\u0259q\u0259l\u0259rinin yarad\u0131laca\u011f\u0131n\u0131 bildirib.<\/p>\n\n\n\n<p>MSK s\u0259drinin m\u00fcavini R\u00f6vz\u0259t Qas\u0131mov is\u0259 i\u015f\u011faldan azad edil\u0259n \u0259razil\u0259rd\u0259 26 se\u00e7ki m\u0259nt\u0259q\u0259sinin yarad\u0131laca\u011f\u0131n\u0131 deyib:<\/p>\n\n\n\n<p><em>\u201cT\u0259xmin\u0259n azad edil\u0259n \u0259razil\u0259ri \u0259hat\u0259 ed\u0259n 9 se\u00e7ki dair\u0259sind\u0259 26 se\u00e7ki m\u0259nt\u0259q\u0259sinin yarad\u0131lmas\u0131 planla\u015fd\u0131r\u0131l\u0131r. Dig\u0259r 7 dair\u0259 \u00fczr\u0259 d\u0259 20 se\u00e7ki m\u0259nt\u0259q\u0259sinin yarad\u0131lmas\u0131na ehtiyac var. Az\u0259rbaycanda b\u0259zi se\u00e7ki dair\u0259l\u0259ri \u00fczr\u0259 yeni se\u00e7ki m\u0259nt\u0259q\u0259l\u0259ri yarad\u0131l\u0131b&#8221;.<\/em><\/p>\n\n\n<div class=\"wp-block-image\">\n<figure class=\"alignleft size-full is-resized\"><img decoding=\"async\" width=\"1000\" height=\"651\" data-src=\"https:\/\/www.meydan.tv\/wp-content\/uploads\/msk_3cr0izf.jpg\" alt=\"\u0426\u0418\u041a \u0410\u0437\u0435\u0440\u0431\u0430\u0439\u0434\u0436\u0430\u043d\u0430\" class=\"wp-image-138186 lazyload\" style=\"--smush-placeholder-width: 1000px; --smush-placeholder-aspect-ratio: 1000\/651;width:412px;height:auto\" src=\"data:image\/svg+xml;base64,PHN2ZyB3aWR0aD0iMSIgaGVpZ2h0PSIxIiB4bWxucz0iaHR0cDovL3d3dy53My5vcmcvMjAwMC9zdmciPjwvc3ZnPg==\" \/><figcaption class=\"wp-element-caption\">Foto: Meydan TV<\/figcaption><\/figure>\n<\/div>\n\n\n<p>M\u00fczakir\u0259l\u0259rd\u0259n sonra m\u0259s\u0259l\u0259 s\u0259sverm\u0259y\u0259 \u00e7\u0131xar\u0131laraq q\u0259bul olunub.<\/p>\n\n\n\n<p>Q\u0259rarla 1 sayl\u0131 \u015e\u0259rur-S\u0259d\u0259r\u0259k, 2 sayl\u0131 \u015e\u0259rur-K\u0259ng\u0259rli, 3 sayl\u0131 Bab\u0259k-\u015eahbuz-K\u0259ng\u0259rli v\u0259 47 sayl\u0131 Sumqay\u0131t-Ab\u015feron-Qarada\u011f se\u00e7ki dair\u0259l\u0259ri \u00fczr\u0259 yeni se\u00e7ki m\u0259nt\u0259q\u0259l\u0259ri d\u0259 yarad\u0131l\u0131b.<\/p>\n\n\n\n<p>2024-c\u00fc ilin fevral\u0131n 7-d\u0259 Az\u0259rbaycanda n\u00f6vb\u0259d\u0259nk\u0259nar prezident se\u00e7kil\u0259ri ke\u00e7iril\u0259c\u0259k.<\/p>\n\n\n\n<p>\u0130lham \u018fliyevin dekabr\u0131n 7-d\u0259 imzalad\u0131\u011f\u0131 s\u0259r\u0259ncamda qeyd olunub ki, M\u0259rk\u0259zi Se\u00e7ki Komissiyas\u0131 n\u00f6vb\u0259d\u0259nk\u0259nar Prezident se\u00e7kil\u0259rinin 2024-c\u00fc il fevral\u0131n 7-n\u0259 t\u0259yin olunmas\u0131n\u0131 v\u0259 Se\u00e7ki M\u0259c\u0259ll\u0259sind\u0259 m\u00fc\u0259yy\u0259n edilmi\u015f qaydada ke\u00e7irilm\u0259sini t\u0259min etm\u0259lidir.<\/p>\n\n\n\n<p>Bu g\u00fcn\u0259 q\u0259d\u0259r \u00f6lk\u0259 ba\u015f\u00e7\u0131s\u0131 <a href=\"https:\/\/www.meydan.tv\/az\/article\/yap-namizedini-resmen-aciqladi\/\">\u0130lham \u018fliyev<\/a>, B\u00f6y\u00fck Qurulu\u015f Partiyas\u0131n\u0131n ba\u015fqan\u0131 <a href=\"https:\/\/www.meydan.tv\/az\/article\/fazil-mustafa-da-prezidentliye-namized-olacaq\/\">Fazil Mustaf<\/a>a, Sosial T\u0259dqiqatlar M\u0259rk\u0259zinin (STM) s\u0259dri, deputat Zahid Oruc namiz\u0259dlikl\u0259rini ir\u0259li s\u00fcr\u00fcbl\u0259r.<\/p>\n\n\n\n<p><a href=\"https:\/\/storage.googleapis.com\/qurium\/www.meydan.tv\/az-article-axcp-de-seckide-istirak-etmeyecek.html\">AXCP<\/a> v\u0259 <a href=\"https:\/\/www.meydan.tv\/az\/article\/musavat-novbedenkenar-seckide-istirakdan-imtina-edib\/\">M\u00fcsavat<\/a> is\u0259 se\u00e7kil\u0259ri boykot ed\u0259c\u0259kl\u0259rini a\u00e7\u0131qlay\u0131b.<\/p>\n\n\n\n<p>Az\u0259rbaycanda sonuncu d\u0259f\u0259 Prezident se\u00e7kil\u0259ri 2018-ci il aprelin 11-d\u0259 ke\u00e7irilib.<\/p>\n\n\n\n<p>H\u0259min se\u00e7kil\u0259r d\u0259 n\u00f6vb\u0259d\u0259nk\u0259nar olub.<\/p>\n","protected":false},"excerpt":{"rendered":"<p>Nax\u00e7\u0131van v\u0259 Sumqay\u0131tda da yeni m\u0259nt\u0259q\u0259l\u0259r yarad\u0131l\u0131b Dekabr\u0131n 16-da M\u0259rk\u0259zi &#8230; <\/p>\n<p class=\"read-more-container\"><a title=\"MSK Qaraba\u011fda 26 se\u00e7ki m\u0259nt\u0259q\u0259sinin yarad\u0131lmas\u0131n\u0131 planla\u015fd\u0131r\u0131r\" class=\"read-more button\" href=\"https:\/\/www.meydan.tv\/az\/article\/msk-qarabagda-26-secki-menteqesinin-yaradilmasini-planlasdirir\/#more-293145\" aria-label=\"Read more about MSK Qaraba\u011fda 26 se\u00e7ki m\u0259nt\u0259q\u0259sinin yarad\u0131lmas\u0131n\u0131 planla\u015fd\u0131r\u0131r\">Davam\u0131<\/a><\/p>\n","protected":false},"author":8,"featured_media":288321,"comment_status":"closed","ping_status":"closed","sticky":false,"template":"","format":"standard","meta":{"_acf_changed":false,"_sitemap_exclude":false,"_sitemap_priority":"","_sitemap_frequency":"","footnotes":""},"categories":[129,59,56],"tags":[],"class_list":["post-293145","post","type-post","status-publish","format-standard","has-post-thumbnail","hentry","category-sechki-2024","category-siyaset","category-xeberler","infinite-scroll-item","generate-columns","tablet-grid-50","mobile-grid-100","grid-parent","grid-33","no-featured-image-padding"],"acf":[],"yoast_head":"<!-- This site is optimized with the Yoast SEO plugin v27.4 - https:\/\/yoast.com\/product\/yoast-seo-wordpress\/ -->\n<title>MSK Qaraba\u011fda 26 se\u00e7ki m\u0259nt\u0259q\u0259sinin yarad\u0131lmas\u0131n\u0131 planla\u015fd\u0131r\u0131r - MEYDAN.TV<\/title>\n<meta name=\"robots\" content=\"index, follow, max-snippet:-1, max-image-preview:large, max-video-preview:-1\" \/>\n<link rel=\"canonical\" href=\"https:\/\/www.meydan.tv\/az\/article\/msk-qarabagda-26-secki-menteqesinin-yaradilmasini-planlasdirir\/\" \/>\n<meta property=\"og:locale\" content=\"az_AZ\" \/>\n<meta property=\"og:type\" content=\"article\" \/>\n<meta property=\"og:title\" content=\"MSK Qaraba\u011fda 26 se\u00e7ki m\u0259nt\u0259q\u0259sinin yarad\u0131lmas\u0131n\u0131 planla\u015fd\u0131r\u0131r - MEYDAN.TV\" \/>\n<meta property=\"og:description\" content=\"Nax\u00e7\u0131van v\u0259 Sumqay\u0131tda da yeni m\u0259nt\u0259q\u0259l\u0259r yarad\u0131l\u0131b Dekabr\u0131n 16-da M\u0259rk\u0259zi ... Davam\u0131\" \/>\n<meta property=\"og:url\" content=\"https:\/\/www.meydan.tv\/az\/article\/msk-qarabagda-26-secki-menteqesinin-yaradilmasini-planlasdirir\/\" \/>\n<meta property=\"og:site_name\" content=\"MEYDAN.TV\" \/>\n<meta property=\"article:published_time\" content=\"2023-12-16T16:45:46+00:00\" \/>\n<meta property=\"article:modified_time\" content=\"2023-12-17T06:50:45+00:00\" \/>\n<meta property=\"og:image\" content=\"https:\/\/www.meydan.tv\/wp-content\/uploads\/shutterstock_2330340669.jpg\" \/>\n\t<meta property=\"og:image:width\" content=\"1200\" \/>\n\t<meta property=\"og:image:height\" content=\"799\" \/>\n\t<meta property=\"og:image:type\" content=\"image\/jpeg\" \/>\n<meta name=\"author\" content=\"elli\" \/>\n<meta name=\"twitter:card\" content=\"summary_large_image\" \/>\n<meta name=\"twitter:creator\" content=\"@elli\" \/>\n<script type=\"application\/ld+json\" class=\"yoast-schema-graph\">{\"@context\":\"https:\\\/\\\/schema.org\",\"@graph\":[{\"@type\":\"Article\",\"@id\":\"https:\\\/\\\/www.meydan.tv\\\/az\\\/article\\\/msk-qarabagda-26-secki-menteqesinin-yaradilmasini-planlasdirir\\\/#article\",\"isPartOf\":{\"@id\":\"https:\\\/\\\/www.meydan.tv\\\/az\\\/article\\\/msk-qarabagda-26-secki-menteqesinin-yaradilmasini-planlasdirir\\\/\"},\"author\":{\"name\":\"elli\",\"@id\":\"https:\\\/\\\/www.meydan.tv\\\/az\\\/#\\\/schema\\\/person\\\/9cdbecf90d17180ce1dfbd95b08dcf47\"},\"headline\":\"MSK Qaraba\u011fda 26 se\u00e7ki m\u0259nt\u0259q\u0259sinin yarad\u0131lmas\u0131n\u0131 planla\u015fd\u0131r\u0131r\",\"datePublished\":\"2023-12-16T16:45:46+00:00\",\"dateModified\":\"2023-12-17T06:50:45+00:00\",\"mainEntityOfPage\":{\"@id\":\"https:\\\/\\\/www.meydan.tv\\\/az\\\/article\\\/msk-qarabagda-26-secki-menteqesinin-yaradilmasini-planlasdirir\\\/\"},\"wordCount\":391,\"publisher\":{\"@id\":\"https:\\\/\\\/www.meydan.tv\\\/az\\\/#organization\"},\"image\":{\"@id\":\"https:\\\/\\\/www.meydan.tv\\\/az\\\/article\\\/msk-qarabagda-26-secki-menteqesinin-yaradilmasini-planlasdirir\\\/#primaryimage\"},\"thumbnailUrl\":\"https:\\\/\\\/www.meydan.tv\\\/wp-content\\\/uploads\\\/shutterstock_2330340669.jpg\",\"articleSection\":[\"Se\u00e7ki 2024\",\"Siyas\u0259t\",\"X\u0259b\u0259rl\u0259r\"],\"inLanguage\":\"az\"},{\"@type\":\"WebPage\",\"@id\":\"https:\\\/\\\/www.meydan.tv\\\/az\\\/article\\\/msk-qarabagda-26-secki-menteqesinin-yaradilmasini-planlasdirir\\\/\",\"url\":\"https:\\\/\\\/www.meydan.tv\\\/az\\\/article\\\/msk-qarabagda-26-secki-menteqesinin-yaradilmasini-planlasdirir\\\/\",\"name\":\"MSK Qaraba\u011fda 26 se\u00e7ki m\u0259nt\u0259q\u0259sinin yarad\u0131lmas\u0131n\u0131 planla\u015fd\u0131r\u0131r - MEYDAN.TV\",\"isPartOf\":{\"@id\":\"https:\\\/\\\/www.meydan.tv\\\/az\\\/#website\"},\"primaryImageOfPage\":{\"@id\":\"https:\\\/\\\/www.meydan.tv\\\/az\\\/article\\\/msk-qarabagda-26-secki-menteqesinin-yaradilmasini-planlasdirir\\\/#primaryimage\"},\"image\":{\"@id\":\"https:\\\/\\\/www.meydan.tv\\\/az\\\/article\\\/msk-qarabagda-26-secki-menteqesinin-yaradilmasini-planlasdirir\\\/#primaryimage\"},\"thumbnailUrl\":\"https:\\\/\\\/www.meydan.tv\\\/wp-content\\\/uploads\\\/shutterstock_2330340669.jpg\",\"datePublished\":\"2023-12-16T16:45:46+00:00\",\"dateModified\":\"2023-12-17T06:50:45+00:00\",\"breadcrumb\":{\"@id\":\"https:\\\/\\\/www.meydan.tv\\\/az\\\/article\\\/msk-qarabagda-26-secki-menteqesinin-yaradilmasini-planlasdirir\\\/#breadcrumb\"},\"inLanguage\":\"az\",\"potentialAction\":[{\"@type\":\"ReadAction\",\"target\":[\"https:\\\/\\\/www.meydan.tv\\\/az\\\/article\\\/msk-qarabagda-26-secki-menteqesinin-yaradilmasini-planlasdirir\\\/\"]}]},{\"@type\":\"ImageObject\",\"inLanguage\":\"az\",\"@id\":\"https:\\\/\\\/www.meydan.tv\\\/az\\\/article\\\/msk-qarabagda-26-secki-menteqesinin-yaradilmasini-planlasdirir\\\/#primaryimage\",\"url\":\"https:\\\/\\\/www.meydan.tv\\\/wp-content\\\/uploads\\\/shutterstock_2330340669.jpg\",\"contentUrl\":\"https:\\\/\\\/www.meydan.tv\\\/wp-content\\\/uploads\\\/shutterstock_2330340669.jpg\",\"width\":1200,\"height\":799,\"caption\":\"Az\u0259rbaycanda se\u00e7ki. Foto: Andy.LIU\\\/shutterstock\"},{\"@type\":\"BreadcrumbList\",\"@id\":\"https:\\\/\\\/www.meydan.tv\\\/az\\\/article\\\/msk-qarabagda-26-secki-menteqesinin-yaradilmasini-planlasdirir\\\/#breadcrumb\",\"itemListElement\":[{\"@type\":\"ListItem\",\"position\":1,\"name\":\"Ana s\u0259hif\u0259\",\"item\":\"https:\\\/\\\/www.meydan.tv\\\/az\\\/\"},{\"@type\":\"ListItem\",\"position\":2,\"name\":\"Siyas\u0259t\",\"item\":\"https:\\\/\\\/www.meydan.tv\\\/az\\\/section\\\/siyaset\\\/\"},{\"@type\":\"ListItem\",\"position\":3,\"name\":\"MSK Qaraba\u011fda 26 se\u00e7ki m\u0259nt\u0259q\u0259sinin yarad\u0131lmas\u0131n\u0131 planla\u015fd\u0131r\u0131r\"}]},{\"@type\":\"WebSite\",\"@id\":\"https:\\\/\\\/www.meydan.tv\\\/az\\\/#website\",\"url\":\"https:\\\/\\\/www.meydan.tv\\\/az\\\/\",\"name\":\"MEYDAN.TV\",\"description\":\"Meydan TV Az\u0259rbaycan\u0131n media m\u0259kan\u0131ndak\u0131 alternativ s\u0259sidir\",\"publisher\":{\"@id\":\"https:\\\/\\\/www.meydan.tv\\\/az\\\/#organization\"},\"potentialAction\":[{\"@type\":\"SearchAction\",\"target\":{\"@type\":\"EntryPoint\",\"urlTemplate\":\"https:\\\/\\\/www.meydan.tv\\\/az\\\/?s={search_term_string}\"},\"query-input\":{\"@type\":\"PropertyValueSpecification\",\"valueRequired\":true,\"valueName\":\"search_term_string\"}}],\"inLanguage\":\"az\"},{\"@type\":\"Organization\",\"@id\":\"https:\\\/\\\/www.meydan.tv\\\/az\\\/#organization\",\"name\":\"Meydan TV\",\"url\":\"https:\\\/\\\/www.meydan.tv\\\/az\\\/\",\"logo\":{\"@type\":\"ImageObject\",\"inLanguage\":\"az\",\"@id\":\"https:\\\/\\\/www.meydan.tv\\\/az\\\/#\\\/schema\\\/logo\\\/image\\\/\",\"url\":\"https:\\\/\\\/www.meydan.tv\\\/wp-content\\\/uploads\\\/2021\\\/07\\\/meydan-logo.svg\",\"contentUrl\":\"https:\\\/\\\/www.meydan.tv\\\/wp-content\\\/uploads\\\/2021\\\/07\\\/meydan-logo.svg\",\"width\":195,\"height\":46,\"caption\":\"Meydan TV\"},\"image\":{\"@id\":\"https:\\\/\\\/www.meydan.tv\\\/az\\\/#\\\/schema\\\/logo\\\/image\\\/\"}},{\"@type\":\"Person\",\"@id\":\"https:\\\/\\\/www.meydan.tv\\\/az\\\/#\\\/schema\\\/person\\\/9cdbecf90d17180ce1dfbd95b08dcf47\",\"name\":\"elli\",\"sameAs\":[\"https:\\\/\\\/x.com\\\/elli\"]}]}<\/script>\n<!-- \/ Yoast SEO plugin. -->","yoast_head_json":{"title":"MSK Qaraba\u011fda 26 se\u00e7ki m\u0259nt\u0259q\u0259sinin yarad\u0131lmas\u0131n\u0131 planla\u015fd\u0131r\u0131r - MEYDAN.TV","robots":{"index":"index","follow":"follow","max-snippet":"max-snippet:-1","max-image-preview":"max-image-preview:large","max-video-preview":"max-video-preview:-1"},"canonical":"https:\/\/www.meydan.tv\/az\/article\/msk-qarabagda-26-secki-menteqesinin-yaradilmasini-planlasdirir\/","og_locale":"az_AZ","og_type":"article","og_title":"MSK Qaraba\u011fda 26 se\u00e7ki m\u0259nt\u0259q\u0259sinin yarad\u0131lmas\u0131n\u0131 planla\u015fd\u0131r\u0131r - MEYDAN.TV","og_description":"Nax\u00e7\u0131van v\u0259 Sumqay\u0131tda da yeni m\u0259nt\u0259q\u0259l\u0259r yarad\u0131l\u0131b Dekabr\u0131n 16-da M\u0259rk\u0259zi ... Davam\u0131","og_url":"https:\/\/www.meydan.tv\/az\/article\/msk-qarabagda-26-secki-menteqesinin-yaradilmasini-planlasdirir\/","og_site_name":"MEYDAN.TV","article_published_time":"2023-12-16T16:45:46+00:00","article_modified_time":"2023-12-17T06:50:45+00:00","og_image":[{"width":1200,"height":799,"url":"https:\/\/www.meydan.tv\/wp-content\/uploads\/shutterstock_2330340669.jpg","type":"image\/jpeg"}],"author":"elli","twitter_card":"summary_large_image","twitter_creator":"@elli","schema":{"@context":"https:\/\/schema.org","@graph":[{"@type":"Article","@id":"https:\/\/www.meydan.tv\/az\/article\/msk-qarabagda-26-secki-menteqesinin-yaradilmasini-planlasdirir\/#article","isPartOf":{"@id":"https:\/\/www.meydan.tv\/az\/article\/msk-qarabagda-26-secki-menteqesinin-yaradilmasini-planlasdirir\/"},"author":{"name":"elli","@id":"https:\/\/www.meydan.tv\/az\/#\/schema\/person\/9cdbecf90d17180ce1dfbd95b08dcf47"},"headline":"MSK Qaraba\u011fda 26 se\u00e7ki m\u0259nt\u0259q\u0259sinin yarad\u0131lmas\u0131n\u0131 planla\u015fd\u0131r\u0131r","datePublished":"2023-12-16T16:45:46+00:00","dateModified":"2023-12-17T06:50:45+00:00","mainEntityOfPage":{"@id":"https:\/\/www.meydan.tv\/az\/article\/msk-qarabagda-26-secki-menteqesinin-yaradilmasini-planlasdirir\/"},"wordCount":391,"publisher":{"@id":"https:\/\/www.meydan.tv\/az\/#organization"},"image":{"@id":"https:\/\/www.meydan.tv\/az\/article\/msk-qarabagda-26-secki-menteqesinin-yaradilmasini-planlasdirir\/#primaryimage"},"thumbnailUrl":"https:\/\/www.meydan.tv\/wp-content\/uploads\/shutterstock_2330340669.jpg","articleSection":["Se\u00e7ki 2024","Siyas\u0259t","X\u0259b\u0259rl\u0259r"],"inLanguage":"az"},{"@type":"WebPage","@id":"https:\/\/www.meydan.tv\/az\/article\/msk-qarabagda-26-secki-menteqesinin-yaradilmasini-planlasdirir\/","url":"https:\/\/www.meydan.tv\/az\/article\/msk-qarabagda-26-secki-menteqesinin-yaradilmasini-planlasdirir\/","name":"MSK Qaraba\u011fda 26 se\u00e7ki m\u0259nt\u0259q\u0259sinin yarad\u0131lmas\u0131n\u0131 planla\u015fd\u0131r\u0131r - MEYDAN.TV","isPartOf":{"@id":"https:\/\/www.meydan.tv\/az\/#website"},"primaryImageOfPage":{"@id":"https:\/\/www.meydan.tv\/az\/article\/msk-qarabagda-26-secki-menteqesinin-yaradilmasini-planlasdirir\/#primaryimage"},"image":{"@id":"https:\/\/www.meydan.tv\/az\/article\/msk-qarabagda-26-secki-menteqesinin-yaradilmasini-planlasdirir\/#primaryimage"},"thumbnailUrl":"https:\/\/www.meydan.tv\/wp-content\/uploads\/shutterstock_2330340669.jpg","datePublished":"2023-12-16T16:45:46+00:00","dateModified":"2023-12-17T06:50:45+00:00","breadcrumb":{"@id":"https:\/\/www.meydan.tv\/az\/article\/msk-qarabagda-26-secki-menteqesinin-yaradilmasini-planlasdirir\/#breadcrumb"},"inLanguage":"az","potentialAction":[{"@type":"ReadAction","target":["https:\/\/www.meydan.tv\/az\/article\/msk-qarabagda-26-secki-menteqesinin-yaradilmasini-planlasdirir\/"]}]},{"@type":"ImageObject","inLanguage":"az","@id":"https:\/\/www.meydan.tv\/az\/article\/msk-qarabagda-26-secki-menteqesinin-yaradilmasini-planlasdirir\/#primaryimage","url":"https:\/\/www.meydan.tv\/wp-content\/uploads\/shutterstock_2330340669.jpg","contentUrl":"https:\/\/www.meydan.tv\/wp-content\/uploads\/shutterstock_2330340669.jpg","width":1200,"height":799,"caption":"Az\u0259rbaycanda se\u00e7ki. Foto: Andy.LIU\/shutterstock"},{"@type":"BreadcrumbList","@id":"https:\/\/www.meydan.tv\/az\/article\/msk-qarabagda-26-secki-menteqesinin-yaradilmasini-planlasdirir\/#breadcrumb","itemListElement":[{"@type":"ListItem","position":1,"name":"Ana s\u0259hif\u0259","item":"https:\/\/www.meydan.tv\/az\/"},{"@type":"ListItem","position":2,"name":"Siyas\u0259t","item":"https:\/\/www.meydan.tv\/az\/section\/siyaset\/"},{"@type":"ListItem","position":3,"name":"MSK Qaraba\u011fda 26 se\u00e7ki m\u0259nt\u0259q\u0259sinin yarad\u0131lmas\u0131n\u0131 planla\u015fd\u0131r\u0131r"}]},{"@type":"WebSite","@id":"https:\/\/www.meydan.tv\/az\/#website","url":"https:\/\/www.meydan.tv\/az\/","name":"MEYDAN.TV","description":"Meydan TV Az\u0259rbaycan\u0131n media m\u0259kan\u0131ndak\u0131 alternativ s\u0259sidir","publisher":{"@id":"https:\/\/www.meydan.tv\/az\/#organization"},"potentialAction":[{"@type":"SearchAction","target":{"@type":"EntryPoint","urlTemplate":"https:\/\/www.meydan.tv\/az\/?s={search_term_string}"},"query-input":{"@type":"PropertyValueSpecification","valueRequired":true,"valueName":"search_term_string"}}],"inLanguage":"az"},{"@type":"Organization","@id":"https:\/\/www.meydan.tv\/az\/#organization","name":"Meydan TV","url":"https:\/\/www.meydan.tv\/az\/","logo":{"@type":"ImageObject","inLanguage":"az","@id":"https:\/\/www.meydan.tv\/az\/#\/schema\/logo\/image\/","url":"https:\/\/www.meydan.tv\/wp-content\/uploads\/2021\/07\/meydan-logo.svg","contentUrl":"https:\/\/www.meydan.tv\/wp-content\/uploads\/2021\/07\/meydan-logo.svg","width":195,"height":46,"caption":"Meydan TV"},"image":{"@id":"https:\/\/www.meydan.tv\/az\/#\/schema\/logo\/image\/"}},{"@type":"Person","@id":"https:\/\/www.meydan.tv\/az\/#\/schema\/person\/9cdbecf90d17180ce1dfbd95b08dcf47","name":"elli","sameAs":["https:\/\/x.com\/elli"]}]}},"_links":{"self":[{"href":"https:\/\/www.meydan.tv\/az\/wp-json\/wp\/v2\/posts\/293145","targetHints":{"allow":["GET"]}}],"collection":[{"href":"https:\/\/www.meydan.tv\/az\/wp-json\/wp\/v2\/posts"}],"about":[{"href":"https:\/\/www.meydan.tv\/az\/wp-json\/wp\/v2\/types\/post"}],"author":[{"embeddable":true,"href":"https:\/\/www.meydan.tv\/az\/wp-json\/wp\/v2\/users\/8"}],"replies":[{"embeddable":true,"href":"https:\/\/www.meydan.tv\/az\/wp-json\/wp\/v2\/comments?post=293145"}],"version-history":[{"count":5,"href":"https:\/\/www.meydan.tv\/az\/wp-json\/wp\/v2\/posts\/293145\/revisions"}],"predecessor-version":[{"id":293189,"href":"https:\/\/www.meydan.tv\/az\/wp-json\/wp\/v2\/posts\/293145\/revisions\/293189"}],"wp:featuredmedia":[{"embeddable":true,"href":"https:\/\/www.meydan.tv\/az\/wp-json\/wp\/v2\/media\/288321"}],"wp:attachment":[{"href":"https:\/\/www.meydan.tv\/az\/wp-json\/wp\/v2\/media?parent=293145"}],"wp:term":[{"taxonomy":"category","embeddable":true,"href":"https:\/\/www.meydan.tv\/az\/wp-json\/wp\/v2\/categories?post=293145"},{"taxonomy":"post_tag","embeddable":true,"href":"https:\/\/www.meydan.tv\/az\/wp-json\/wp\/v2\/tags?post=293145"}],"curies":[{"name":"wp","href":"https:\/\/api.w.org\/{rel}","templated":true}]}}