{"id":293138,"date":"2023-12-16T20:46:51","date_gmt":"2023-12-16T16:46:51","guid":{"rendered":"https:\/\/www.meydan.tv\/?p=293138"},"modified":"2023-12-17T10:56:30","modified_gmt":"2023-12-17T06:56:30","slug":"zahid-oruc-da-prezidentliye-namized-olacaq","status":"publish","type":"post","link":"https:\/\/www.meydan.tv\/az\/article\/zahid-oruc-da-prezidentliye-namized-olacaq\/","title":{"rendered":"Zahid Oruc da prezidentliy\u0259 namiz\u0259d olacaq"},"content":{"rendered":"\n<p><\/p>\n\n\n\n<p><strong><em>&#8220;El\u0259 bir marafon yoxdur ki, onun h\u00fcquqi bax\u0131mdan iki qalibi olsun&#8221;<\/em><\/strong><\/p>\n\n\n\n<p>Sosial T\u0259dqiqatlar M\u0259rk\u0259zinin (STM) s\u0259dri, deputat Zahid Oruc da fevral\u0131n 7-d\u0259 ke\u00e7iril\u0259c\u0259k n\u00f6vb\u0259d\u0259nk\u0259nar Prezident se\u00e7kil\u0259rind\u0259 namiz\u0259d kimi i\u015ftirak ed\u0259c\u0259k.<\/p>\n\n\n\n<p>O, dekabr\u0131n 16-da namiz\u0259dliyini ir\u0259li s\u00fcr\u00fcb.<\/p>\n\n\n\n<p>Zahid Oruc Meydan TV-y\u0259 namiz\u0259d olaca\u011f\u0131n\u0131 t\u0259sdiql\u0259yib.<\/p>\n\n\n\n<p>Amma haz\u0131rk\u0131 hakimiyy\u0259ti d\u0259st\u0259kl\u0259y\u0259n Zahid Orucun se\u00e7kid\u0259 i\u015ftirak\u0131 bir s\u0131ra suallar da do\u011furub.<\/p>\n\n\n\n<p>Meydan TV-in &#8220;Sizin m\u0259rk\u0259z olaraq, apard\u0131\u011f\u0131n\u0131z sor\u011fularda Prezident \u0130lham \u018fliyevin reytinqinin y\u00fcks\u0259k oldu\u011fu g\u00f6st\u0259rilir v\u0259 \u00f6z\u00fcn\u00fcz d\u0259 onun siyas\u0259tini d\u0259st\u0259kl\u0259diyinizi bildirirsiniz. Bel\u0259 bir halda namiz\u0259dliyinizi ir\u0259li s\u00fcrm\u0259y\u0259 n\u0259 z\u0259rur\u0259t vard\u0131?&#8221; sual\u0131na Zahid Oruc bel\u0259 cavab verib:<\/p>\n\n\n\n<p>&#8220;<em>D\u00fcnya tarixi g\u00f6st\u0259rir ki, m\u00fcharib\u0259d\u0259n ke\u00e7\u0259n xalqlara r\u0259hb\u0259rlik ed\u0259n \u015f\u0259xsl\u0259rin reytinql\u0259ri adi meyarlarla \u00f6l\u00e7\u00fclm\u00fcr. Y\u0259ni dinc d\u00f6vrd\u0259 d\u00f6vl\u0259t ba\u015f\u00e7\u0131lar\u0131ndan t\u0259l\u0259b olunan siyasi x\u00fcsusiyy\u0259tl\u0259r m\u00fcharib\u0259 \u015f\u0259raitind\u0259 f\u00f6vq\u0259lad\u0259 d\u0259r\u0259c\u0259d\u0259 s\u0259rtl\u0259\u015fir, t\u0259l\u0259bl\u0259r k\u0259skin art\u0131r. Haz\u0131rda Yax\u0131n \u015e\u0259rqd\u0259 \u0130srail liderin\u0259 \u00f6lk\u0259daxili m\u00fcnasib\u0259t \u00e7ox pisdir, h\u0259tta m\u0259lum konstitusion islahatlar\u0131n par\u00e7alad\u0131\u011f\u0131 c\u0259miyy\u0259t d\u00f6y\u00fc\u015f meydanlar\u0131nda sakitlik yaranan kimi t\u0259krar \u0259vv\u0259lki fazaya qay\u0131d\u0131r,\u00a0 klassik sava\u015flarda d\u00f6vl\u0259t-ordu-mill\u0259t birliyind\u0259n \u00e7ox f\u0259rql\u0259nir, lakin vahid d\u00fc\u015fm\u0259n\u0259-t\u0259hl\u00fck\u0259l\u0259r\u0259 qar\u015f\u0131 m\u00fcv\u0259qq\u0259ti birl\u0259\u015fibl\u0259r&#8221;<\/em>.<\/p>\n\n\n\n<p><em>&#8220;Ba\u015fqa bir n\u00fcmun\u0259:&nbsp; Rusiya imperiyas\u0131 \u00e7ar 2-ci Nikolay\u0131n r\u0259hb\u0259rliyi alt\u0131nda sava\u015f\u0131 h\u0259m d\u0259 ona g\u00f6r\u0259 uduzdu ki, \u0259sg\u0259r v\u0259 zabitl\u0259r Ali Ba\u015f Komandana nifr\u0259t edirdil\u0259r. Sava\u015f\u0131 da hakimiyy\u0259ti d\u0259yi\u015fm\u0259yin f\u00fcrs\u0259ti v\u0259 daxili qiyam qald\u0131rma\u011f\u0131n vasit\u0259si kimi g\u00f6r\u00fcrd\u00fcl\u0259r. Ona g\u00f6r\u0259 d\u0259 imperiya \u00e7\u00f6kd\u00fc&#8221;, &#8211;<\/em> o qeyd edib.<\/p>\n\n\n\n<p>Deputat hesab edir ki, Az\u0259rbaycanda is\u0259 v\u0259ziyy\u0259t f\u0259rqli olub.<\/p>\n\n\n\n<p>Onun s\u00f6zl\u0259rin\u0259 g\u00f6r\u0259, Az\u0259rbaycan xalq\u0131 v\u0259 ordusu m\u00fcharib\u0259d\u0259 h\u0259mr\u0259ylik g\u00f6st\u0259rib, bu da \u0130lham \u018fliyevin reytinqin\u0259 t\u0259sir edib:<\/p>\n\n\n\n<p><em>\u201c\u018fg\u0259r Az\u0259rbaycan xalq\u0131 V\u0259t\u0259n m\u00fcharib\u0259sind\u0259 bir lider \u0259traf\u0131nda birl\u0259\u015fm\u0259s\u0259ydi, yaln\u0131z Silahl\u0131 q\u00fcvv\u0259l\u0259r\u0259 direktiv tap\u015f\u0131r\u0131qlarla, 30 ilin i\u015f\u011fal\u0131na qar\u015f\u0131, x\u00fcsusil\u0259 d\u0259 qlobal g\u00fccl\u0259rin himay\u0259 etdiyi bir d\u00f6vl\u0259tin \u00fcz\u0259rin\u0259 getm\u0259zdil\u0259r&#8221;.<\/em><\/p>\n\n\n\n<p>&#8220;<em>Ger\u00e7\u0259kd\u0259n d\u0259 sosial-siyasi v\u0259 etnik-milli m\u0259nsubiyy\u0259tind\u0259n as\u0131l\u0131 olmayaraq, ham\u0131 bir bayraq v\u0259 r\u0259hb\u0259rin \u0259mri alt\u0131nda birl\u0259\u015fdil\u0259r. Bu bax\u0131mdan m\u00fcharib\u0259d\u0259n sonra \u0130lham \u018fliyevin n\u00fcfuzunun qat-qat y\u00fcks\u0259ldiyi t\u0259kc\u0259 t\u0259msil etdiyim M\u0259rk\u0259zin so\u011frular\u0131nda deyil, onlarla beyn\u0259lxalq neytral sosioloji qruplar\u0131n ara\u015fd\u0131rmalar\u0131nda da t\u0259sdiq olunur. \u018flb\u0259tt\u0259, onlar bunu b\u0259z\u0259n ictimaiyy\u0259t\u0259 tam a\u00e7m\u0131rlar, lakin se\u00e7kil\u0259rin t\u0259yin olunmas\u0131na m\u00fcnasib\u0259t, g\u00f6rd\u00fcy\u00fcn\u00fcz kimi \u0259n az\u0131 neytrald\u0131r, g\u00f6zl\u0259m\u0259 m\u00f6vqeyi hakimdir, tam \u0259ksin\u0259, bir s\u0131ra Avropa \u00f6lk\u0259l\u0259rind\u0259n m\u00fc\u015fahid\u0259 missiyalar\u0131n\u0131n g\u00f6nd\u0259ril&#8217;c\u0259yin\u0259 dair m\u0259lumatlar var&#8221;, &#8211;<\/em> dey\u0259 Zahid Oruc qeyd edib.<\/p>\n\n\n\n<p>O, se\u00e7kil\u0259r\u0259 qat\u0131ld\u0131\u011f\u0131n\u0131 is\u0259 bel\u0259 \u0259sasland\u0131r\u0131b:<\/p>\n\n\n\n<p><em>&#8220;Se\u00e7kil\u0259rd\u0259 i\u015ftirak\u0131m\u0131za g\u0259linc\u0259, el\u0259 bir marafon yoxdur ki, onun h\u00fcquqi bax\u0131mdan iki qalibi olsun. Lakin siyasi v\u0259 m\u0259n\u0259vi bax\u0131mdan \u00f6lk\u0259miz tarixind\u0259 ilk d\u0259f\u0259, 7 fevralda kims\u0259 m\u0259\u011flub olmayacaq, ham\u0131 \u00f6z\u00fcn\u00fc qalib sayacaq. \u018flb\u0259tt\u0259, favoritlik d\u00fcnyada he\u00e7 bir r\u0259qib, neytral v\u0259 eyni platformada dayanan q\u00fcvv\u0259ni se\u00e7kil\u0259rd\u0259n&nbsp; k\u0259narda qalma\u011fa s\u0259b\u0259b olmamal\u0131d\u0131r. \u00c7\u00fcnki \u00f6lk\u0259mizin h\u0259yat\u0131nda yeni era ba\u015flan\u0131b. \u018fg\u0259r s\u00fclh m\u00fcqavil\u0259si d\u0259 ba\u011flansa, bu, tarixd\u0259 \u0259n uzun\u00f6m\u00fcrl\u00fc m\u00fcnaqi\u015f\u0259nin \u00e7\u00f6z\u00fclm\u0259si v\u0259 beyn\u0259lxalq t\u0259h\u00fclk\u0259silzik sistemind\u0259 g\u00f6r\u00fcnm\u0259mi\u015f hadis\u0259 v\u0259 n\u00fcmun\u0259 olacaq&#8221;.<\/em><\/p>\n\n\n\n<p>Deputat b\u00fct\u00fcn iddia\u00e7\u0131 q\u00fcvv\u0259l\u0259rin se\u00e7kil\u0259r\u0259 qo\u015fulmas\u0131n\u0131 v\u0259 bunun m\u00fcqabilind\u0259 siyasi bar\u0131\u015f\u0131n g\u00fccl\u0259nm\u0259sini, xarici m\u00fcdaxil\u0259 imkanlar\u0131n\u0131n azalmas\u0131n\u0131 ist\u0259yir.<\/p>\n\n\n\n<p>Zahid Oruc 2013-c\u00fc il Prezident se\u00e7kisind\u0259 i\u015ftirak etdiyi \u00fc\u00e7\u00fcn Ana V\u0259t\u0259n Partiyas\u0131 onu partiya s\u0131ralar\u0131ndan xaric edib.<\/p>\n\n\n\n<p>2024-c\u00fc ilin fevral\u0131n 7-d\u0259 Az\u0259rbaycanda n\u00f6vb\u0259d\u0259nk\u0259nar Prezident se\u00e7kil\u0259ri ke\u00e7iril\u0259c\u0259k.<\/p>\n\n\n\n<p>\u0130lham \u018fliyevin dekabr\u0131n 7-d\u0259 imzalad\u0131\u011f\u0131 s\u0259r\u0259ncamda qeyd olunub ki, M\u0259rk\u0259zi Se\u00e7ki Komissiyas\u0131 n\u00f6vb\u0259d\u0259nk\u0259nar Prezident se\u00e7kil\u0259rinin 2024-c\u00fc il fevral\u0131n 7-n\u0259 t\u0259yin olunmas\u0131n\u0131 v\u0259 Se\u00e7ki M\u0259c\u0259ll\u0259sind\u0259 m\u00fc\u0259yy\u0259n edilmi\u015f qaydada ke\u00e7irilm\u0259sini t\u0259min etm\u0259lidir.<\/p>\n\n\n\n<p>Bu g\u00fcn\u0259 q\u0259d\u0259r \u00f6lk\u0259 ba\u015f\u00e7\u0131s\u0131 <a href=\"https:\/\/storage.googleapis.com\/qurium\/www.meydan.tv\/az-article-yap-namizedini-resmen-aciqladi.html\">\u0130lham \u018fliyev<\/a> v\u0259 B\u00f6y\u00fck Qurulu\u015f Partiyas\u0131n\u0131n ba\u015fqan\u0131 <a href=\"https:\/\/storage.googleapis.com\/qurium\/www.meydan.tv\/az-article-fazil-mustafa-da-prezidentliye-namized-olacaq.html\">Fazil Mustafa<\/a> namiz\u0259dliyini ir\u0259li s\u00fcr\u00fcb.<\/p>\n\n\n\n<p><a href=\"https:\/\/www.meydan.tv\/az\/article\/axcp-de-seckide-istirak-etmeyecek\/\">AXCP<\/a> v\u0259 <a href=\"https:\/\/storage.googleapis.com\/qurium\/www.meydan.tv\/az-article-musavat-novbedenkenar-seckide-istirakdan-imtina-edib.html\">M\u00fcsavat<\/a> is\u0259 se\u00e7kil\u0259ri boykot ed\u0259c\u0259kl\u0259rini a\u00e7\u0131qlay\u0131b.<\/p>\n\n\n\n<p>Az\u0259rbaycanda sonuncu d\u0259f\u0259 Prezident se\u00e7kil\u0259ri 2018-ci il aprelin 11-d\u0259 ke\u00e7irilib.<\/p>\n\n\n\n<p>H\u0259min se\u00e7kil\u0259r d\u0259 n\u00f6vb\u0259d\u0259nk\u0259nar olub.<\/p>\n\n\n\n<p>\u0130lham \u018fliyev 20 ildir ki, Prezident v\u0259zif\u0259sini icra edir.<\/p>\n","protected":false},"excerpt":{"rendered":"<p>&#8220;El\u0259 bir marafon yoxdur ki, onun h\u00fcquqi bax\u0131mdan iki qalibi &#8230; <\/p>\n<p class=\"read-more-container\"><a title=\"Zahid Oruc da prezidentliy\u0259 namiz\u0259d olacaq\" class=\"read-more button\" href=\"https:\/\/www.meydan.tv\/az\/article\/zahid-oruc-da-prezidentliye-namized-olacaq\/#more-293138\" aria-label=\"Read more about Zahid Oruc da prezidentliy\u0259 namiz\u0259d olacaq\">Davam\u0131<\/a><\/p>\n","protected":false},"author":8,"featured_media":293140,"comment_status":"closed","ping_status":"closed","sticky":false,"template":"","format":"standard","meta":{"_acf_changed":false,"_sitemap_exclude":false,"_sitemap_priority":"","_sitemap_frequency":"","footnotes":""},"categories":[129,59,56],"tags":[],"class_list":["post-293138","post","type-post","status-publish","format-standard","has-post-thumbnail","hentry","category-sechki-2024","category-siyaset","category-xeberler","infinite-scroll-item","generate-columns","tablet-grid-50","mobile-grid-100","grid-parent","grid-33","no-featured-image-padding"],"acf":[],"yoast_head":"<!-- This site is optimized with the Yoast SEO plugin v27.4 - https:\/\/yoast.com\/product\/yoast-seo-wordpress\/ -->\n<title>Zahid Oruc da prezidentliy\u0259 namiz\u0259d olacaq - MEYDAN.TV<\/title>\n<meta name=\"robots\" content=\"index, follow, max-snippet:-1, max-image-preview:large, max-video-preview:-1\" \/>\n<link rel=\"canonical\" href=\"https:\/\/www.meydan.tv\/az\/article\/zahid-oruc-da-prezidentliye-namized-olacaq\/\" \/>\n<meta property=\"og:locale\" content=\"az_AZ\" \/>\n<meta property=\"og:type\" content=\"article\" \/>\n<meta property=\"og:title\" content=\"Zahid Oruc da prezidentliy\u0259 namiz\u0259d olacaq - MEYDAN.TV\" \/>\n<meta property=\"og:description\" content=\"&#8220;El\u0259 bir marafon yoxdur ki, onun h\u00fcquqi bax\u0131mdan iki qalibi ... Davam\u0131\" \/>\n<meta property=\"og:url\" content=\"https:\/\/www.meydan.tv\/az\/article\/zahid-oruc-da-prezidentliye-namized-olacaq\/\" \/>\n<meta property=\"og:site_name\" content=\"MEYDAN.TV\" \/>\n<meta property=\"article:published_time\" content=\"2023-12-16T16:46:51+00:00\" \/>\n<meta property=\"article:modified_time\" content=\"2023-12-17T06:56:30+00:00\" \/>\n<meta property=\"og:image\" content=\"https:\/\/www.meydan.tv\/wp-content\/uploads\/1-36.jpg\" \/>\n\t<meta property=\"og:image:width\" content=\"1500\" \/>\n\t<meta property=\"og:image:height\" content=\"844\" \/>\n\t<meta property=\"og:image:type\" content=\"image\/jpeg\" \/>\n<meta name=\"author\" content=\"elli\" \/>\n<meta name=\"twitter:card\" content=\"summary_large_image\" \/>\n<meta name=\"twitter:creator\" content=\"@elli\" \/>\n<script type=\"application\/ld+json\" class=\"yoast-schema-graph\">{\"@context\":\"https:\\\/\\\/schema.org\",\"@graph\":[{\"@type\":\"Article\",\"@id\":\"https:\\\/\\\/www.meydan.tv\\\/az\\\/article\\\/zahid-oruc-da-prezidentliye-namized-olacaq\\\/#article\",\"isPartOf\":{\"@id\":\"https:\\\/\\\/www.meydan.tv\\\/az\\\/article\\\/zahid-oruc-da-prezidentliye-namized-olacaq\\\/\"},\"author\":{\"name\":\"elli\",\"@id\":\"https:\\\/\\\/www.meydan.tv\\\/az\\\/#\\\/schema\\\/person\\\/9cdbecf90d17180ce1dfbd95b08dcf47\"},\"headline\":\"Zahid Oruc da prezidentliy\u0259 namiz\u0259d olacaq\",\"datePublished\":\"2023-12-16T16:46:51+00:00\",\"dateModified\":\"2023-12-17T06:56:30+00:00\",\"mainEntityOfPage\":{\"@id\":\"https:\\\/\\\/www.meydan.tv\\\/az\\\/article\\\/zahid-oruc-da-prezidentliye-namized-olacaq\\\/\"},\"wordCount\":966,\"publisher\":{\"@id\":\"https:\\\/\\\/www.meydan.tv\\\/az\\\/#organization\"},\"image\":{\"@id\":\"https:\\\/\\\/www.meydan.tv\\\/az\\\/article\\\/zahid-oruc-da-prezidentliye-namized-olacaq\\\/#primaryimage\"},\"thumbnailUrl\":\"https:\\\/\\\/www.meydan.tv\\\/wp-content\\\/uploads\\\/1-36.jpg\",\"articleSection\":[\"Se\u00e7ki 2024\",\"Siyas\u0259t\",\"X\u0259b\u0259rl\u0259r\"],\"inLanguage\":\"az\"},{\"@type\":\"WebPage\",\"@id\":\"https:\\\/\\\/www.meydan.tv\\\/az\\\/article\\\/zahid-oruc-da-prezidentliye-namized-olacaq\\\/\",\"url\":\"https:\\\/\\\/www.meydan.tv\\\/az\\\/article\\\/zahid-oruc-da-prezidentliye-namized-olacaq\\\/\",\"name\":\"Zahid Oruc da prezidentliy\u0259 namiz\u0259d olacaq - MEYDAN.TV\",\"isPartOf\":{\"@id\":\"https:\\\/\\\/www.meydan.tv\\\/az\\\/#website\"},\"primaryImageOfPage\":{\"@id\":\"https:\\\/\\\/www.meydan.tv\\\/az\\\/article\\\/zahid-oruc-da-prezidentliye-namized-olacaq\\\/#primaryimage\"},\"image\":{\"@id\":\"https:\\\/\\\/www.meydan.tv\\\/az\\\/article\\\/zahid-oruc-da-prezidentliye-namized-olacaq\\\/#primaryimage\"},\"thumbnailUrl\":\"https:\\\/\\\/www.meydan.tv\\\/wp-content\\\/uploads\\\/1-36.jpg\",\"datePublished\":\"2023-12-16T16:46:51+00:00\",\"dateModified\":\"2023-12-17T06:56:30+00:00\",\"breadcrumb\":{\"@id\":\"https:\\\/\\\/www.meydan.tv\\\/az\\\/article\\\/zahid-oruc-da-prezidentliye-namized-olacaq\\\/#breadcrumb\"},\"inLanguage\":\"az\",\"potentialAction\":[{\"@type\":\"ReadAction\",\"target\":[\"https:\\\/\\\/www.meydan.tv\\\/az\\\/article\\\/zahid-oruc-da-prezidentliye-namized-olacaq\\\/\"]}]},{\"@type\":\"ImageObject\",\"inLanguage\":\"az\",\"@id\":\"https:\\\/\\\/www.meydan.tv\\\/az\\\/article\\\/zahid-oruc-da-prezidentliye-namized-olacaq\\\/#primaryimage\",\"url\":\"https:\\\/\\\/www.meydan.tv\\\/wp-content\\\/uploads\\\/1-36.jpg\",\"contentUrl\":\"https:\\\/\\\/www.meydan.tv\\\/wp-content\\\/uploads\\\/1-36.jpg\",\"width\":1500,\"height\":844,\"caption\":\"Zahid Oruc. Foto: Meydan TV\"},{\"@type\":\"BreadcrumbList\",\"@id\":\"https:\\\/\\\/www.meydan.tv\\\/az\\\/article\\\/zahid-oruc-da-prezidentliye-namized-olacaq\\\/#breadcrumb\",\"itemListElement\":[{\"@type\":\"ListItem\",\"position\":1,\"name\":\"Ana s\u0259hif\u0259\",\"item\":\"https:\\\/\\\/www.meydan.tv\\\/az\\\/\"},{\"@type\":\"ListItem\",\"position\":2,\"name\":\"Siyas\u0259t\",\"item\":\"https:\\\/\\\/www.meydan.tv\\\/az\\\/section\\\/siyaset\\\/\"},{\"@type\":\"ListItem\",\"position\":3,\"name\":\"Zahid Oruc da prezidentliy\u0259 namiz\u0259d olacaq\"}]},{\"@type\":\"WebSite\",\"@id\":\"https:\\\/\\\/www.meydan.tv\\\/az\\\/#website\",\"url\":\"https:\\\/\\\/www.meydan.tv\\\/az\\\/\",\"name\":\"MEYDAN.TV\",\"description\":\"Meydan TV Az\u0259rbaycan\u0131n media m\u0259kan\u0131ndak\u0131 alternativ s\u0259sidir\",\"publisher\":{\"@id\":\"https:\\\/\\\/www.meydan.tv\\\/az\\\/#organization\"},\"potentialAction\":[{\"@type\":\"SearchAction\",\"target\":{\"@type\":\"EntryPoint\",\"urlTemplate\":\"https:\\\/\\\/www.meydan.tv\\\/az\\\/?s={search_term_string}\"},\"query-input\":{\"@type\":\"PropertyValueSpecification\",\"valueRequired\":true,\"valueName\":\"search_term_string\"}}],\"inLanguage\":\"az\"},{\"@type\":\"Organization\",\"@id\":\"https:\\\/\\\/www.meydan.tv\\\/az\\\/#organization\",\"name\":\"Meydan TV\",\"url\":\"https:\\\/\\\/www.meydan.tv\\\/az\\\/\",\"logo\":{\"@type\":\"ImageObject\",\"inLanguage\":\"az\",\"@id\":\"https:\\\/\\\/www.meydan.tv\\\/az\\\/#\\\/schema\\\/logo\\\/image\\\/\",\"url\":\"https:\\\/\\\/www.meydan.tv\\\/wp-content\\\/uploads\\\/2021\\\/07\\\/meydan-logo.svg\",\"contentUrl\":\"https:\\\/\\\/www.meydan.tv\\\/wp-content\\\/uploads\\\/2021\\\/07\\\/meydan-logo.svg\",\"width\":195,\"height\":46,\"caption\":\"Meydan TV\"},\"image\":{\"@id\":\"https:\\\/\\\/www.meydan.tv\\\/az\\\/#\\\/schema\\\/logo\\\/image\\\/\"}},{\"@type\":\"Person\",\"@id\":\"https:\\\/\\\/www.meydan.tv\\\/az\\\/#\\\/schema\\\/person\\\/9cdbecf90d17180ce1dfbd95b08dcf47\",\"name\":\"elli\",\"sameAs\":[\"https:\\\/\\\/x.com\\\/elli\"]}]}<\/script>\n<!-- \/ Yoast SEO plugin. -->","yoast_head_json":{"title":"Zahid Oruc da prezidentliy\u0259 namiz\u0259d olacaq - MEYDAN.TV","robots":{"index":"index","follow":"follow","max-snippet":"max-snippet:-1","max-image-preview":"max-image-preview:large","max-video-preview":"max-video-preview:-1"},"canonical":"https:\/\/www.meydan.tv\/az\/article\/zahid-oruc-da-prezidentliye-namized-olacaq\/","og_locale":"az_AZ","og_type":"article","og_title":"Zahid Oruc da prezidentliy\u0259 namiz\u0259d olacaq - MEYDAN.TV","og_description":"&#8220;El\u0259 bir marafon yoxdur ki, onun h\u00fcquqi bax\u0131mdan iki qalibi ... Davam\u0131","og_url":"https:\/\/www.meydan.tv\/az\/article\/zahid-oruc-da-prezidentliye-namized-olacaq\/","og_site_name":"MEYDAN.TV","article_published_time":"2023-12-16T16:46:51+00:00","article_modified_time":"2023-12-17T06:56:30+00:00","og_image":[{"width":1500,"height":844,"url":"https:\/\/www.meydan.tv\/wp-content\/uploads\/1-36.jpg","type":"image\/jpeg"}],"author":"elli","twitter_card":"summary_large_image","twitter_creator":"@elli","schema":{"@context":"https:\/\/schema.org","@graph":[{"@type":"Article","@id":"https:\/\/www.meydan.tv\/az\/article\/zahid-oruc-da-prezidentliye-namized-olacaq\/#article","isPartOf":{"@id":"https:\/\/www.meydan.tv\/az\/article\/zahid-oruc-da-prezidentliye-namized-olacaq\/"},"author":{"name":"elli","@id":"https:\/\/www.meydan.tv\/az\/#\/schema\/person\/9cdbecf90d17180ce1dfbd95b08dcf47"},"headline":"Zahid Oruc da prezidentliy\u0259 namiz\u0259d olacaq","datePublished":"2023-12-16T16:46:51+00:00","dateModified":"2023-12-17T06:56:30+00:00","mainEntityOfPage":{"@id":"https:\/\/www.meydan.tv\/az\/article\/zahid-oruc-da-prezidentliye-namized-olacaq\/"},"wordCount":966,"publisher":{"@id":"https:\/\/www.meydan.tv\/az\/#organization"},"image":{"@id":"https:\/\/www.meydan.tv\/az\/article\/zahid-oruc-da-prezidentliye-namized-olacaq\/#primaryimage"},"thumbnailUrl":"https:\/\/www.meydan.tv\/wp-content\/uploads\/1-36.jpg","articleSection":["Se\u00e7ki 2024","Siyas\u0259t","X\u0259b\u0259rl\u0259r"],"inLanguage":"az"},{"@type":"WebPage","@id":"https:\/\/www.meydan.tv\/az\/article\/zahid-oruc-da-prezidentliye-namized-olacaq\/","url":"https:\/\/www.meydan.tv\/az\/article\/zahid-oruc-da-prezidentliye-namized-olacaq\/","name":"Zahid Oruc da prezidentliy\u0259 namiz\u0259d olacaq - MEYDAN.TV","isPartOf":{"@id":"https:\/\/www.meydan.tv\/az\/#website"},"primaryImageOfPage":{"@id":"https:\/\/www.meydan.tv\/az\/article\/zahid-oruc-da-prezidentliye-namized-olacaq\/#primaryimage"},"image":{"@id":"https:\/\/www.meydan.tv\/az\/article\/zahid-oruc-da-prezidentliye-namized-olacaq\/#primaryimage"},"thumbnailUrl":"https:\/\/www.meydan.tv\/wp-content\/uploads\/1-36.jpg","datePublished":"2023-12-16T16:46:51+00:00","dateModified":"2023-12-17T06:56:30+00:00","breadcrumb":{"@id":"https:\/\/www.meydan.tv\/az\/article\/zahid-oruc-da-prezidentliye-namized-olacaq\/#breadcrumb"},"inLanguage":"az","potentialAction":[{"@type":"ReadAction","target":["https:\/\/www.meydan.tv\/az\/article\/zahid-oruc-da-prezidentliye-namized-olacaq\/"]}]},{"@type":"ImageObject","inLanguage":"az","@id":"https:\/\/www.meydan.tv\/az\/article\/zahid-oruc-da-prezidentliye-namized-olacaq\/#primaryimage","url":"https:\/\/www.meydan.tv\/wp-content\/uploads\/1-36.jpg","contentUrl":"https:\/\/www.meydan.tv\/wp-content\/uploads\/1-36.jpg","width":1500,"height":844,"caption":"Zahid Oruc. Foto: Meydan TV"},{"@type":"BreadcrumbList","@id":"https:\/\/www.meydan.tv\/az\/article\/zahid-oruc-da-prezidentliye-namized-olacaq\/#breadcrumb","itemListElement":[{"@type":"ListItem","position":1,"name":"Ana s\u0259hif\u0259","item":"https:\/\/www.meydan.tv\/az\/"},{"@type":"ListItem","position":2,"name":"Siyas\u0259t","item":"https:\/\/www.meydan.tv\/az\/section\/siyaset\/"},{"@type":"ListItem","position":3,"name":"Zahid Oruc da prezidentliy\u0259 namiz\u0259d olacaq"}]},{"@type":"WebSite","@id":"https:\/\/www.meydan.tv\/az\/#website","url":"https:\/\/www.meydan.tv\/az\/","name":"MEYDAN.TV","description":"Meydan TV Az\u0259rbaycan\u0131n media m\u0259kan\u0131ndak\u0131 alternativ s\u0259sidir","publisher":{"@id":"https:\/\/www.meydan.tv\/az\/#organization"},"potentialAction":[{"@type":"SearchAction","target":{"@type":"EntryPoint","urlTemplate":"https:\/\/www.meydan.tv\/az\/?s={search_term_string}"},"query-input":{"@type":"PropertyValueSpecification","valueRequired":true,"valueName":"search_term_string"}}],"inLanguage":"az"},{"@type":"Organization","@id":"https:\/\/www.meydan.tv\/az\/#organization","name":"Meydan TV","url":"https:\/\/www.meydan.tv\/az\/","logo":{"@type":"ImageObject","inLanguage":"az","@id":"https:\/\/www.meydan.tv\/az\/#\/schema\/logo\/image\/","url":"https:\/\/www.meydan.tv\/wp-content\/uploads\/2021\/07\/meydan-logo.svg","contentUrl":"https:\/\/www.meydan.tv\/wp-content\/uploads\/2021\/07\/meydan-logo.svg","width":195,"height":46,"caption":"Meydan TV"},"image":{"@id":"https:\/\/www.meydan.tv\/az\/#\/schema\/logo\/image\/"}},{"@type":"Person","@id":"https:\/\/www.meydan.tv\/az\/#\/schema\/person\/9cdbecf90d17180ce1dfbd95b08dcf47","name":"elli","sameAs":["https:\/\/x.com\/elli"]}]}},"_links":{"self":[{"href":"https:\/\/www.meydan.tv\/az\/wp-json\/wp\/v2\/posts\/293138","targetHints":{"allow":["GET"]}}],"collection":[{"href":"https:\/\/www.meydan.tv\/az\/wp-json\/wp\/v2\/posts"}],"about":[{"href":"https:\/\/www.meydan.tv\/az\/wp-json\/wp\/v2\/types\/post"}],"author":[{"embeddable":true,"href":"https:\/\/www.meydan.tv\/az\/wp-json\/wp\/v2\/users\/8"}],"replies":[{"embeddable":true,"href":"https:\/\/www.meydan.tv\/az\/wp-json\/wp\/v2\/comments?post=293138"}],"version-history":[{"count":3,"href":"https:\/\/www.meydan.tv\/az\/wp-json\/wp\/v2\/posts\/293138\/revisions"}],"predecessor-version":[{"id":293193,"href":"https:\/\/www.meydan.tv\/az\/wp-json\/wp\/v2\/posts\/293138\/revisions\/293193"}],"wp:featuredmedia":[{"embeddable":true,"href":"https:\/\/www.meydan.tv\/az\/wp-json\/wp\/v2\/media\/293140"}],"wp:attachment":[{"href":"https:\/\/www.meydan.tv\/az\/wp-json\/wp\/v2\/media?parent=293138"}],"wp:term":[{"taxonomy":"category","embeddable":true,"href":"https:\/\/www.meydan.tv\/az\/wp-json\/wp\/v2\/categories?post=293138"},{"taxonomy":"post_tag","embeddable":true,"href":"https:\/\/www.meydan.tv\/az\/wp-json\/wp\/v2\/tags?post=293138"}],"curies":[{"name":"wp","href":"https:\/\/api.w.org\/{rel}","templated":true}]}}