{"id":293096,"date":"2023-12-16T14:50:14","date_gmt":"2023-12-16T10:50:14","guid":{"rendered":"https:\/\/www.meydan.tv\/?p=293096"},"modified":"2023-12-16T19:54:07","modified_gmt":"2023-12-16T15:54:07","slug":"akif-qurbanov-biz-ikinci-oyuncuya-iddialiyiq","status":"publish","type":"post","link":"https:\/\/www.meydan.tv\/az\/article\/akif-qurbanov-biz-ikinci-oyuncuya-iddialiyiq\/","title":{"rendered":"Akif Qurbanov: \u201cBiz ikinci oyun\u00e7u olma\u011fa iddial\u0131y\u0131q\u201d"},"content":{"rendered":"\n<figure class=\"wp-block-embed is-type-video is-provider-youtube wp-block-embed-youtube wp-embed-aspect-16-9 wp-has-aspect-ratio\"><div class=\"wp-block-embed__wrapper\">\n<iframe title=\"Akif Qurbanov: \u201cBiz ikinci oyun\u00e7u olma\u011fa iddial\u0131y\u0131q\u201d\" width=\"1200\" height=\"675\" data-src=\"https:\/\/www.youtube.com\/embed\/JYn54QUfOYo?feature=oembed\" frameborder=\"0\" allow=\"accelerometer; autoplay; clipboard-write; encrypted-media; gyroscope; picture-in-picture; web-share\" allowfullscreen src=\"data:image\/svg+xml;base64,PHN2ZyB3aWR0aD0iMSIgaGVpZ2h0PSIxIiB4bWxucz0iaHR0cDovL3d3dy53My5vcmcvMjAwMC9zdmciPjwvc3ZnPg==\" class=\"lazyload\" data-load-mode=\"1\"><\/iframe>\n<\/div><\/figure>\n\n\n\n<p><strong><em>\u201c\u00dc\u00e7&nbsp;m\u0259s\u0259l\u0259d\u0259 hakimiyy\u0259td\u0259n g\u00fccl\u00fcy\u00fck\u2026\u201d<\/em><\/strong><\/p>\n\n\n\n<p><em><strong>M\u00fcsahibimiz \u201cIII Respublika\u201d Platformas\u0131n\u0131n Qurucu Hey\u0259tinin spikeri Akif Qurbanovdur.<\/strong><\/em><\/p>\n\n\n\n<p><em>&#8211; Akif b\u0259y, \u201cIII Respublika\u201d ad\u0131 alt\u0131nda siyasi arenaya g\u0259lirsiniz. Sizd\u0259n \u00f6nc\u0259&nbsp; REAL Partiyas\u0131 da \u201cRespublika\u201d d\u0259y\u0259rl\u0259rini qorumaq v\u0259 liberal ideyalarla g\u0259ldi ictimai-siyasi arenaya. \u018fvv\u0259lc\u0259 c\u0259miyy\u0259t \u00fc\u00e7\u00fcn c\u0259lbedici olsa da, hadis\u0259l\u0259rin sonrak\u0131 gedi\u015find\u0259 \u00f6z\u00fcn\u00fc do\u011frultmad\u0131\u011f\u0131n\u0131 dey\u0259nl\u0259r az olmay\u0131b. Sizin REAL Partiyas\u0131ndan f\u0259rqiniz n\u0259dir?<\/em><\/p>\n\n\n\n<p>&#8211; Biz \u00f6z\u00fcm\u00fcz\u00fc h\u0259r hans\u0131 bir partiyayla f\u0259rqimiz \u0259sas\u0131nda yox, hakimiyy\u0259tl\u0259 f\u0259rqimiz \u0259sas\u0131nda meydana \u00e7\u0131xma\u011fa q\u0259rar vermi\u015fik. \u0130ddiam\u0131z&nbsp;&#8211;&nbsp;m\u00f6vcud siyas\u0259tin alternativini t\u0259qdim ed\u0259r\u0259k siyasi arenaya \u00e7\u0131x\u0131r\u0131q. Bizi bir araya y\u0131\u011fan \u0259sas 3 prinsipi sadalamaq ist\u0259rdim.&nbsp;\u018fvv\u0259la, m\u00fczakir\u0259l\u0259rimiz 3 il\u0259 yax\u0131n davam edib. Birinci q\u0259rara g\u0259ldik ki, n\u0259 q\u0259d\u0259r eyni fikirli oldu\u011fumuzu m\u00fc\u0259yy\u0259nl\u0259\u015fdir\u0259k. Bunu da m\u00fc\u0259yy\u0259nl\u0259\u015fdirm\u0259yin \u0259sas prinsipi sad\u0259c\u0259, m\u00f6vcud sistem\u0259, hakimiyy\u0259t\u0259 qar\u015f\u0131 olmaq \u0259sas\u0131nda yox, ilk sual o idi ki, nec\u0259 Az\u0259rbaycan t\u0259s\u0259vv\u00fcr edirik. Y\u0259ni g\u0259l\u0259c\u0259y\u0259 bax\u0131\u015f\u0131m\u0131z daha \u00f6n\u0259mliydi ki, bu, bizi bir araya g\u0259tirirmi?! \u0130kinsi sual o idi ki, m\u00f6vcud Az\u0259rbaycan\u0131 nec\u0259 t\u0259s\u0259vv\u00fcr edirik, y\u0259ni t\u0259sbitimiz nec\u0259dir, fikirl\u0259rimiz \u00fcst-\u00fcst\u0259 d\u00fc\u015f\u00fcrm\u00fc, y\u0259ni ist\u0259r hakimiyy\u0259t\u0259, ist\u0259r probleml\u0259r\u0259, ist\u0259rs\u0259 d\u0259 siyasi \u015f\u0259raitd\u0259 meydana \u00e7\u0131xmaq bax\u0131m\u0131ndan. \u00dc\u00e7\u00fcnc\u00fc sual\u0131m\u0131z o idi ki, m\u00f6vcud v\u0259ziyy\u0259td\u0259 arzulad\u0131\u011f\u0131m\u0131z Az\u0259rbaycana nec\u0259 getm\u0259yi d\u00fc\u015f\u00fcn\u00fcr\u00fck. M\u0259hz bu suallar \u0259sas\u0131nda fikirimizi tamamlay\u0131b Qurulu\u015f B\u0259yannam\u0259mizi yayd\u0131q, kimlik s\u0259n\u0259dimizi m\u00fc\u0259yy\u0259nl\u0259\u015fdirdik.<\/p>\n\n\n\n<p><em>&#8211; Dem\u0259li, 7 n\u0259f\u0259r aras\u0131nda bu bar\u0259d\u0259 3 ildir m\u00fczakir\u0259l\u0259r gedirmi\u015f?<\/em><\/p>\n\n\n\n<p>&#8211; Xeyr, 7 n\u0259f\u0259r aras\u0131nda olmay\u0131b v\u0259 bu g\u00fcn d\u0259 say\u0131m\u0131z\u0131 7 deyil, 3 il \u0259vv\u0259l d\u0259 o q\u0259d\u0259r deyildi. Sad\u0259c\u0259, zaman-zaman bu m\u00fczakir\u0259d\u0259 i\u015ftirakdan vaz ke\u00e7ib q\u0259rar\u0131n\u0131 d\u0259yi\u015f\u0259nl\u0259r oldu. Qaraba\u011f sava\u015f\u0131 v\u0259 onun n\u0259tic\u0259l\u0259ri \u0259sas\u0131nda siyas\u0259t\u0259 bax\u0131\u015flar\u0131n\u0131 d\u0259yi\u015f\u0259nl\u0259r d\u0259 var idi, eyni zamanda, m\u00f6vcud m\u00fchit kontekstind\u0259 \u00f6z\u00fcn\u00fcn siyas\u0259td\u0259 i\u015ftirak edib-etm\u0259m\u0259yin\u0259 g\u00f6r\u0259 q\u0259rar\u0131n\u0131 d\u0259yi\u015f\u0259nl\u0259r oldu. Yaxud h\u0259mfikir olmad\u0131\u011f\u0131m\u0131z\u0131 a\u00e7\u0131q \u015f\u0259kild\u0259 deyib,&nbsp;dostcas\u0131na ged\u0259nl\u0259r oldu. M\u00fczakir\u0259d\u0259n \u00e7\u0259kil\u0259nl\u0259rl\u0259 yana\u015f\u0131 yeni qo\u015fulanlar da var. Bu g\u00fcn Qurucu \u00fczvl\u0259r aras\u0131nda t\u0259sis ed\u0259n 7 n\u0259f\u0259rlik.&nbsp;Qurucu Hey\u0259t se\u00e7ib onlar\u0131 ictimaiyy\u0259t\u0259 t\u0259qdim etmi\u015fik. &nbsp;<\/p>\n\n\n\n<p><em>&#8211; \u018fg\u0259r \u00f6lk\u0259d\u0259 Prezident \u00f6z s\u0259r\u0259ncam\u0131 il\u0259 h\u0259yat yolda\u015f\u0131n\u0131 I Vitse-prezident t\u0259yin edirs\u0259, siz\u0259 bel\u0259 g\u0259lmirmi respublika d\u0259y\u0259rl\u0259rind\u0259n \u00e7ox az \u015fey qal\u0131b?<\/em><\/p>\n\n\n\n<p>&#8211; El\u0259 m\u0259hz bu \u015f\u0259rtl\u0259r bizi bu proses\u0259 s\u00f6vq edib v\u0259 \u201cIII Respublika\u201c iddias\u0131yla ortaya \u00e7\u0131xma\u011fa&nbsp;s\u00f6vq edib. Biz bunu yoxdan ortaya \u00e7\u0131xartmam\u0131\u015f\u0131q, yaxud, filan ad\u0131 ist\u0259yirik dey\u0259 m\u00fc\u0259yy\u0259nl\u0259\u015fdirm\u0259mi\u015fik. M\u0259hz m\u00f6vcud olan \u015f\u0259rtl\u0259r respublika ideal\u0131m\u0131z \u0259sas\u0131nda \u201cIII Respublika\u201c ad\u0131n\u0131 qoymu\u015fuq. Art\u0131q&nbsp;\u201cIII Respublika\u201cya c\u0259hdin zaman\u0131 oldu\u011funa inanm\u0131\u015f\u0131q v\u0259 bu zaman\u0131n ba\u015flad\u0131lmas\u0131na start vermi\u015fik.&nbsp;<\/p>\n\n\n\n<p><em>&#8211; H\u00f6kum\u0259t v\u0259 yanda\u015f media Q\u0259rb\u0259, AB\u015e-a qar\u015f\u0131 ba\u015flanan t\u0259bli\u011fat kampaniyas\u0131nda Toplum&nbsp;<\/em><em>TV<\/em><em>-ni v\u0259 \u015f\u0259xs\u0259n sizin r\u0259hb\u0259rlik etdiyiniz t\u0259\u015fkilat\u0131 &#8220;AbzasMedia&#8221; il\u0259 b\u0259rab\u0259r k\u0259skin t\u0259nqid edir, ittihamlar ir\u0259li s\u00fcr\u00fcrd\u00fc. Amma az sonra ittihamlar dayand\u0131, ard\u0131nca \u201cIII Respublika\u201d Platformas\u0131 a\u00e7\u0131qland\u0131. Bunlar aras\u0131nda bir \u0259laq\u0259 varm\u0131?<\/em><\/p>\n\n\n\n<p>&#8211; Yox, he\u00e7 bir halda \u0259laq\u0259 yoxdur.&nbsp;\u201cIII Respublika\u201d&nbsp;Platforma ideyas\u0131n\u0131 3 ildir m\u00fczakir\u0259 edirik. M\u00fczakir\u0259l\u0259r 2020-ci il parlament se\u00e7kil\u0259rind\u0259n d\u0259rhal sonra ba\u015flay\u0131b.&nbsp;H\u0259min d\u00f6vrd\u0259 i\u015ftirak\u00e7\u0131l\u0131qla ba\u011fl\u0131 maraq yaranm\u0131\u015fd\u0131, amma parlamentarizm\u0259 vurulan z\u0259rb\u0259 fonunda yeni ideyan\u0131n&nbsp;ortaya&nbsp;\u00e7\u0131xmas\u0131n\u0131n zaman\u0131 g\u0259lib-g\u0259lm\u0259diyi&nbsp;il\u0259 ba\u011fl\u0131&nbsp;m\u00fczakir\u0259 ba\u015flad\u0131. Obyektiv s\u0259b\u0259bl\u0259rd\u0259n m\u00fczakir\u0259l\u0259rd\u0259 fasil\u0259l\u0259r oldu, \u0259vv\u0259la, pandemiya ba\u015f verdi, onlayn&nbsp;m\u00fczakir\u0259l\u0259ri ard\u0131c\u0131l olmasa&nbsp;da, imkan \u00e7\u0259r\u00e7iv\u0259sind\u0259 apard\u0131q. Sonra II Qaraba\u011f m\u00fcharib\u0259si ba\u015flad\u0131, sava\u015f\u0131n gedi\u015fi v\u0259 n\u0259tic\u0259l\u0259ri fonunda m\u00fczakir\u0259l\u0259ri davam etdirs\u0259k d\u0259, meydana \u00e7\u0131xmaq haqq\u0131nda g\u00f6t\u00fcr-qoy edirdik. H\u0259m proqram\u0131m\u0131z\u0131, bax\u0131\u015f\u0131m\u0131z\u0131, h\u0259m d\u0259 d\u0259yi\u015f\u0259n \u015f\u0259rtl\u0259ri n\u0259z\u0259r\u0259 alaraq prosesi apar\u0131rd\u0131q. O c\u00fcml\u0259d\u0259n, m\u00fcharib\u0259 il\u0259 ba\u011fl\u0131 konseptual \u00e7\u0259r\u00e7iv\u0259miz d\u0259 19 sentyabr \u0259m\u0259liyyat\u0131ndan sonra,&nbsp;Az\u0259rbaycan\u0131n \u0259razi b\u00fct\u00f6vl\u00fcy\u00fcn\u00fcn tamamlamas\u0131 konteksind\u0259 aradan qalxm\u0131\u015f oldu. Eyni zamanda, geopolitik \u015f\u0259rtl\u0259rin d\u0259y\u0259rl\u0259ndirilm\u0259si zaman\u0131m\u0131z\u0131 ald\u0131, Ukrayna-Rusiya m\u00fcharib\u0259si fonunda. Biz bu m\u00fcharib\u0259ni d\u0259y\u0259rl\u0259ndir\u0259r\u0259k daha q\u0259ti q\u0259na\u0259tl\u0259r \u0259sas\u0131nda meydana \u00e7\u0131xmaq ist\u0259dik. V\u0259 ilk vaxtlar oktyabr\u0131 planlay\u0131rd\u0131q, sad\u0259c\u0259, sentyabr h\u0259rbi \u0259m\u0259liyyatlar\u0131 bunu ert\u0259l\u0259m\u0259y\u0259 s\u0259b\u0259b oldu. Q\u0259rarla\u015fd\u0131rd\u0131q ki, 7 dekabrda meydana \u00e7\u0131xaq v\u0259 h\u0259min g\u00fcn d\u0259 \u0259b\u0259s deyildi. \u018fsas ideal\u0131m\u0131z respublika\u00e7\u0131l\u0131qd\u0131r, onun da \u0259lam\u0259tl\u0259rind\u0259n biri m\u0259hz parlamentarizmdir. 7 dekabrda Az\u0259rbaycanda ilk parlamentin a\u00e7\u0131l\u0131\u015f\u0131 oldu\u011funa g\u00f6r\u0259,&nbsp;bundan simvolik v\u0259 m\u0259n\u0259vi ruhlanaraq h\u0259min t\u0259qvimd\u0259 elan etdik. D\u00fc\u015f\u00fcnm\u00fcrd\u00fck ki, noyabrda haqq\u0131m\u0131zda n\u0259 yazacaqlar?! &nbsp;&nbsp;&nbsp;&nbsp;<\/p>\n\n\n\n<p><em>&#8211; Platforman\u0131n qurulu\u015f b\u0259yannam\u0259si il\u0259 tan\u0131\u015f oldum, b\u0259zi m\u0259s\u0259l\u0259l\u0259r sual do\u011furur. Birincisi, siz son 30 ilin siyasi prosesl\u0259rini ancaq Qaraba\u011f konteksind\u0259 t\u0259qdim edirsiniz.&nbsp;Bel\u0259 \u00e7\u0131x\u0131r ki, son 30 ild\u0259 iqtidar da, m\u00fcxalif\u0259t d\u0259 Qaraba\u011f dair\u0259sind\u0259n k\u0259nara \u00e7\u0131xa bilm\u0259yib. Bir az f\u0259rqli redaksiyada REAL&nbsp;da yarananda bel\u0259 deyirdi. Ancaq tam bel\u0259 deyil ax\u0131, \u00f6lk\u0259d\u0259 korrupsiya el\u0259 Qaraba\u011f boyda ictimai problem\u0259 \u00e7evrilib, azadl\u0131qlar bo\u011fulur, sizin d\u0259 i\u00e7ind\u0259 oldu\u011funuz v\u0259t\u0259nda\u015f c\u0259miyy\u0259ti &#8220;\u015fumlan\u0131r&#8221;. M\u0259s\u0259l\u0259n, hesabatlarda 2003-c\u00fc il\u0259 q\u0259d\u0259r Az\u0259rbaycan yar\u0131m-azad \u00f6lk\u0259 idi, son 20 ild\u0259 is\u0259 qeyri-azad \u00f6lk\u0259y\u0259 \u00e7evrildi&#8230; Nec\u0259 olur ki, bunlar unudulur v\u0259 son 30 il\u0259 Qaraba\u011f kontekstind\u0259 yana\u015f\u0131rs\u0131n\u0131z?<\/em><\/p>\n\n\n\n<p>&#8211; Xeyr, biz q\u0259ti \u015f\u0259kild\u0259 vur\u011fulam\u0131r\u0131q ki, siyasi opponentl\u0259r ba\u015fqa probleml\u0259ri g\u00fcnd\u0259m\u0259 g\u0259tirm\u0259yibl\u0259r. M\u0259s\u0259l\u0259nin mahiyy\u0259ti epizodiklikd\u0259 deyil. Y\u0259ni bizim vur\u011fumuz ondan ibar\u0259tdir ki, hakimiyy\u0259t m\u0259qs\u0259dli \u015f\u0259kild\u0259 demokratik islahatlar, azad c\u0259miyy\u0259tin qurulmas\u0131, korrupsiyaya qar\u015f\u0131 m\u00fcbariz\u0259, demokratik sistemin oturu\u015fmas\u0131, dayanaql\u0131 inki\u015fafla ba\u011fl\u0131&nbsp;\u0259n b\u00f6y\u00fck mane\u0259 kimi daxili v\u0259 xarici diskursda \u201cQaraba\u011f boyda d\u0259rdimiz var\u201d fikrini demokratiyaya qar\u015f\u0131 qoymu\u015fdu. T\u0259\u0259ss\u00fcf ki, bunun kontekstind\u0259 m\u00fcxalif\u0259tin m\u00fcbariz\u0259sind\u0259 ana x\u0259ttd\u0259 siyasi diskursun Qaraba\u011f kontekstind\u0259n k\u0259narda,&nbsp;dig\u0259r m\u00f6vzular\u0131n oturu\u015fmas\u0131nda n\u0259tic\u0259l\u0259r\u0259 nail olunma imkanlar\u0131 yet\u0259rli q\u0259d\u0259r olmad\u0131. Vur\u011fu ondan ibar\u0259t deyil ki, m\u00fcxalif\u0259t ba\u015fqa probleml\u0259ri qabartmay\u0131b. \u018fksin\u0259, m\u00fcxalif\u0259tin d\u0259 \u0259sas diskursunda mill\u0259t\u00e7ilik v\u0259 etatizmin \u0259sas x\u0259tt kimi ortaya qoyulmas\u0131,&nbsp;n\u0259tic\u0259&nbsp;etibaril\u0259&nbsp;\u201cQaraba\u011f boyda d\u0259rdimiz\u201din \u00f6n problem kimi olmas\u0131 hakimiyy\u0259tin sui-istifad\u0259sin\u0259 imkan tan\u0131y\u0131b.&nbsp;&nbsp;&nbsp;<\/p>\n\n\n\n<p><em>&#8211; B\u0259yannam\u0259d\u0259 yaz\u0131rs\u0131n\u0131z: ictimai r\u0259y\u0259 t\u0259lqin olunan \u0259sas arqument bu oldu ki, demokratik siyasi islahatlar\u0131n h\u0259yata ke\u00e7irilm\u0259si, s\u00f6z v\u0259 ifad\u0259 azadl\u0131\u011f\u0131n\u0131n t\u0259\u015f\u0259kk\u00fcl tapmas\u0131 Qaraba\u011f problemini ortaya \u00e7\u0131xaran separatizm meyll\u0259ri \u00fc\u00e7\u00fcn daha geni\u015f meydan a\u00e7acaq, \u00f6lk\u0259ni z\u0259ifl\u0259d\u0259c\u0259k. Siz inan\u0131rs\u0131n\u0131zm\u0131 hakimiyy\u0259t \u00f6z siyas\u0259tini Qaraba\u011f \u00fcz\u0259rind\u0259 qurub? Qaraba\u011f\u0131n d\u0259rdin<\/em><em>i<\/em><em>&nbsp;\u00e7\u0259k\u0259n hakimiyy\u0259t m\u00fcdafi\u0259 x\u0259rcl\u0259rini o\u011furlayarm\u0131?<\/em><\/p>\n\n\n\n<p>&#8211; Yox, m\u0259s\u0259l\u0259 onda deyil ki, hakimiyy\u0259t \u00f6z siyas\u0259tini Qaraba\u011f u\u011frunda qurmu\u015fdu. Hakimiyy\u0259t siyasi diskursda Qaraba\u011f\u0131 \u00f6nd\u0259 tuturdu v\u0259 avtoritarizmi g\u00fccl\u0259ndirm\u0259k x\u0259ttini \u0259sas g\u00f6t\u00fcrm\u00fc\u015fd\u00fc.<\/p>\n\n\n\n<p>&#8211;&nbsp;<em>M\u0259g\u0259r, m\u00fcxalif\u0259t avtoritarizm\u0259 qar\u015f\u0131 m\u00fcbariz\u0259 aparmay\u0131b?<\/em><\/p>\n\n\n\n<p>&#8211; M\u00fcxalif\u0259t avtoritarizm\u0259 qar\u015f\u0131 m\u00fcbariz\u0259 apar\u0131b, ax\u0131 m\u0259n ifad\u0259 etdim ki, d\u00fc\u015f\u0259rg\u0259 dig\u0259r probleml\u0259ri d\u0259 zaman-zaman qabard\u0131b.<\/p>\n\n\n\n<p>&#8211;&nbsp;<em>Ancaq b\u0259yanatda vur\u011fu daha \u00e7ox Qaraba\u011f kontekstin\u0259dir\u2026<\/em><\/p>\n\n\n\n<p>&#8211; Biz b\u0259yanatda daha \u00e7ox onu vur\u011fulay\u0131r\u0131q ki, hakimiyy\u0259tin se\u00e7diyi diskurs m\u0259hz avtoritarizmin g\u00fccl\u0259nm\u0259si \u00fc\u00e7\u00fcn \u0259sas da\u015f\u0131y\u0131b.<\/p>\n\n\n\n<p>&#8211;&nbsp;<em>Burda m\u00fcxalif\u0259t d\u0259 g\u00fcnahkard\u0131rm\u0131?<\/em><\/p>\n\n\n\n<p>&#8211; M\u0259n buna ayd\u0131nl\u0131q g\u0259tir\u0259c\u0259m. B\u00fct\u00fcn avtoritar \u00f6lk\u0259l\u0259rd\u0259 mill\u0259t\u00e7ilik, d\u00f6vl\u0259t\u00e7ilik, d\u00f6vl\u0259t t\u0259hl\u00fck\u0259y\u0259 girir, milli maraq anlay\u0131\u015f\u0131 sui-istifad\u0259 olunur. Hakimiyy\u0259tin d\u0259 \u201cAz\u0259rbaycan\u0131n Qaraba\u011f kimi d\u0259rdi var\u201d fikrini siyasi g\u00fcnd\u0259md\u0259 tutmas\u0131 dig\u0259r n\u00f6qsanlar\u0131 gizl\u0259tm\u0259k \u00fc\u00e7\u00fcn idi. Guya hakimiyy\u0259t b\u00fct\u00fcn h\u0259d\u0259fini Qaraba\u011f problemi \u00fc\u00e7\u00fcn qoyub. O bax\u0131mdan m\u00fcxalif\u0259t z\u0259lz\u0259l\u0259d\u0259n, ya v\u0259lv\u0259l\u0259d\u0259n, &#8211; bunun m\u00fcxt\u0259lif s\u0259b\u0259bl\u0259ri var, &#8211; daha \u0259sas\u0131 1992-ci ild\u0259 yet\u0259rli olmamas\u0131 idi. Bu g\u00fcn \u00f6lk\u0259d\u0259ki real m\u00fcxalif\u0259t yeni deyil, onlar 1992-1993-c\u00fc il hakimiyy\u0259tind\u0259n devrilmi\u015f \u0259sas siyasi q\u00fcvv\u0259l\u0259rdir.<\/p>\n\n\n\n<p>&#8211;&nbsp;<em>Y\u0259ni siz onlar\u0131 k\u00f6hn\u0259, \u0259n\u0259n\u0259vi m\u00fcxalif\u0259t say\u0131rs\u0131n\u0131z?<\/em><\/p>\n\n\n\n<p>&#8211; M\u0259n h\u0259r hans\u0131 tan\u0131t\u0131mdan \u00e7\u0259kinir\u0259m, \u00fcmumiyy\u0259tl\u0259, bel\u0259 yana\u015fman\u0131n t\u0259r\u0259fdar\u0131 deyil\u0259m. S\u00f6hb\u0259t ondan gedir ki, onlar Xalq H\u0259r\u0259kat\u0131ndan \u00e7\u0131xm\u0131\u015f 1992-1993-c\u00fc ill\u0259rd\u0259 hakimiyy\u0259td\u0259 olan v\u0259 Heyd\u0259r \u018fliyevin hakimiyy\u0259ti il\u0259 \u0259v\u0259z edil\u0259n siyasi qruplard\u0131r. Bu g\u00fcn d\u0259 siyasi meydanda Xalq C\u0259bh\u0259si v\u0259 M\u00fcsavat partiyalar\u0131d\u0131r ki, qeyd etdiyim ill\u0259rd\u0259 hakim partiyalar olub. Y\u0259ni m\u00fcxalif\u0259tin f\u0259aliyy\u0259ti olub, amma h\u0259m 1992-1993-c\u00fc ill\u0259r hekay\u0259sind\u0259n qalan, o siyasi diskursa ard\u0131c\u0131l olaraq sahib \u00e7\u0131xma ist\u0259kl\u0259ri, \u00f6zl\u0259rini yenil\u0259m\u0259m\u0259l\u0259ri, yeni hekay\u0259 yaratmamalar\u0131, h\u0259m\u00e7inin, f\u0259aliyy\u0259tl\u0259rind\u0259 avtorizmin qida m\u0259nb\u0259yin\u0259 \u00e7evril\u0259n, t\u0259\u0259ss\u00fcfl\u0259r ki, bil\u0259r\u0259kd\u0259n, ya bilm\u0259y\u0259r\u0259kd\u0259n mill\u0259t\u00e7ilik v\u0259 d\u00f6vl\u0259t\u00e7ilik prinsipl\u0259rinin g\u00fcnd\u0259md\u0259 tutulmas\u0131 bu tipli avtoritar hakimiyy\u0259tl\u0259r \u00fc\u00e7\u00fcn sui-istifad\u0259y\u0259 \u00e7evrilirdi. Bax\u0131n, m\u00fcxalif\u0259t deyirdi ki, hakimiyy\u0259t Qaraba\u011f problemini \u00e7\u00f6z\u0259 bilm\u0259z, anti-milli hakimiyy\u0259td\u0131r\u2026<\/p>\n\n\n\n<p><em>&#8211; Bu suallara g\u0259l\u0259c\u0259yik.&nbsp;<\/em><em>B\u0259s onda&nbsp;<\/em><em>90-c\u0131 ill\u0259rin ortalar\u0131nda Xalq C\u0259bh\u0259sind\u0259 \u201cislahat\u00e7\u0131\u201d deyil\u0259n q\u00fcvv\u0259 il\u0259 \u201cKlassikl\u0259r\u201d aras\u0131nda k\u0259skin ideya m\u00fcbariz\u0259si nec\u0259 gedirdi? Yaxud 2003-c\u00fc il se\u00e7kil\u0259rind\u0259 m\u00fcxalif\u0259tin namiz\u0259dinin se\u00e7ki platformas\u0131n\u0131 yada salaq, \u0130sa Q\u0259mb\u0259rin proqram\u0131nda yaln\u0131z Qaraba\u011f deyildi, dediyiniz m\u0259s\u0259l\u0259l\u0259r d\u0259 \u0259ks olunmu\u015fdu, avtoritarizm\u0259 qar\u015f\u0131 m\u00fcbariz\u0259, siyasi-iqtisadi islahatlar v\u0259<\/em><em>&nbsp;<\/em><em>s<\/em><em>.<\/em><em>&nbsp;N\u0259hay\u0259t, Milli \u015euran\u0131n 2013-c\u00fc il se\u00e7kil\u0259rind\u0259 g\u00f6st\u0259rdiyi performans da yaddan \u00e7\u0131xmay\u0131b. B\u00fct\u00fcn bunlar\u0131n n\u0259tic\u0259si olaraq \u00f6z\u00fcn\u00fcz d\u0259 MSK \u00fczv\u00fc kimi x\u00fcsusi r\u0259yl\u0259 \u00e7\u0131x\u0131\u015f etmisiniz. Milli \u015euran\u0131n 2013-2019-cu il mitinql\u0259ri yaln\u0131z Qaraba\u011f m\u00f6vzunda ke\u00e7irilm\u0259yib: \u0130\u015f, \u00c7\u00f6r\u0259k, Qaraba\u011f, \u201cTalana son!\u201d, \u201cKorrupsiyaya yox!\u201d, u\u015faq pulu, \u201cSiyasi m\u0259hbuslar\u0131n azadl\u0131q!\u201d, qiym\u0259t art\u0131m\u0131na v\u0259 devalvasiyaya qar\u015f\u0131, \u201cSiyasi partiyalar haqq\u0131nda\u201d qanunun \u0259leyhin\u0259 \u00e7oxlu etiraz aksiyalar\u0131 olub. El\u0259 2019-cu ilin 19 yanvar mitinqini yada salaq\u2026 Bunlar\u0131 g\u00f6rm\u0259d\u0259n h\u0259r \u015feyi Qaraba\u011fa ba\u011flamaq n\u0259 q\u0259d\u0259r do\u011frudur?<\/em><\/p>\n\n\n\n<p>&#8211; S\u00f6hb\u0259t ondan getmir ki, onlar dig\u0259r probleml\u0259ri qabartmam\u0131\u015fd\u0131lar. Probleml\u0259ri qabartmaq, \u00e7\u00f6z\u00fcm yollar\u0131 g\u00f6st\u0259rm\u0259k ba\u015fqa bir \u015feydir, amma \u00f6lk\u0259nin \u0259sas siyasi g\u00fcnd\u0259mini tutan m\u00f6vzu ba\u015fqa\u2026 Siz h\u0259r hans\u0131 problemi dan\u0131\u015fa bil\u0259rsiniz, amma o problem \u00f6lk\u0259nin g\u00fcnd\u0259min\u0259 \u00e7evrilirmi? Bu, \u00e7ox \u00f6n\u0259mlidir! Biri var hakimiyy\u0259tin add\u0131mlar\u0131na reaksiyalar verm\u0259k, m\u00fcxalif\u0259t operativ \u015f\u0259kild\u0259 reaksiyalar verib, add\u0131mlar\u0131n ziyanl\u0131 oldu\u011funu bildirib. Bir ne\u00e7\u0259 istisnalar olub, 2003, 2005 v\u0259 2013-c\u00fc ill\u0259r, dem\u0259k olar ki, m\u00fcxalif\u0259t hakimiyy\u0259tin atd\u0131\u011f\u0131 add\u0131mlara reaksiya verm\u0259k&nbsp;m\u00f6vqeyind\u0259&nbsp;g\u00f6r\u00fcn\u00fcb. Y\u0259ni h\u0259min ill\u0259rd\u0259 m\u00fcxalif\u0259t \u00f6z\u00fc daha \u00e7ox siyasi g\u00fcnd\u0259m yarad\u0131rd\u0131sa, 2013-c\u00fc ild\u0259n sonra hadis\u0259l\u0259r\u0259 daha \u00e7ox reaksiya ver\u0259n t\u0259r\u0259f kimi oldu.<\/p>\n\n\n<div class=\"wp-block-image\">\n<figure class=\"aligncenter size-large\"><img decoding=\"async\" width=\"1200\" height=\"675\" data-src=\"https:\/\/www.meydan.tv\/wp-content\/uploads\/whatsapp-image-2023-12-16-at-14.44.30_59ef27e8-1200x675.jpg\" alt=\"\" class=\"wp-image-293106 lazyload\" src=\"data:image\/svg+xml;base64,PHN2ZyB3aWR0aD0iMSIgaGVpZ2h0PSIxIiB4bWxucz0iaHR0cDovL3d3dy53My5vcmcvMjAwMC9zdmciPjwvc3ZnPg==\" style=\"--smush-placeholder-width: 1200px; --smush-placeholder-aspect-ratio: 1200\/675;\" \/><figcaption class=\"wp-element-caption\">Akif Qurbanov. Foto: Meydan TV<\/figcaption><\/figure>\n<\/div>\n\n\n<p><em>&#8211; M\u0259n sizin b\u0259yanat\u0131n \u201cPost Qaraba\u011f\u201d strategiyas\u0131 hiss\u0259sin\u0259 diqq\u0259tinizi \u00e7\u0259km\u0259k ist\u0259rdim, yaz\u0131rs\u0131n\u0131z ki, apar\u0131c\u0131 elementl\u0259ri \u00f6lk\u0259d\u0259 avtoritarizmin qidas\u0131 olan ifrat etatist siyasi t\u0259f\u0259kk\u00fcrd\u0259n imtina, \u00e7a\u011fda\u015f demokratik siyasi sistem\u0259 ke\u00e7id, ictimai idar\u0259\u00e7iliy\u0259 v\u0259 se\u00e7ki sistemin\u0259 etimad\u0131n b\u0259rpas\u0131, desentralizasiyan\u0131n t\u0259min edilm\u0259si vasit\u0259sil\u0259 b\u00f6lg\u0259l\u0259raras\u0131 inki\u015fafda k\u0259skin disbalans\u0131n aradan qald\u0131r\u0131lmas\u0131 v\u0259 b\u00f6lg\u0259l\u0259rin ya\u015fan\u0131labil\u0259n m\u0259kanlara \u00e7evrilm\u0259si, siyasi m\u0259n\u015f\u0259li g\u0259lir b\u0259rab\u0259rsizliyinin m\u0259nb\u0259l\u0259rinin v\u0259 endemik korrupsiyan\u0131n aradan qald\u0131r\u0131lmas\u0131, iqlim d\u0259yi\u015fikliyinin \u0259l\u0259lx\u00fcsus k\u0259nd t\u0259s\u0259rr\u00fcfat\u0131na vurdu\u011fu z\u0259r\u0259rin m\u00fcmk\u00fcn q\u0259d\u0259r azald\u0131lmas\u0131, keyfiyy\u0259tli h\u0259yat standart\u0131n\u0131n inki\u015faf\u0131 kimi strateji m\u0259s\u0259l\u0259l\u0259r olmal\u0131d\u0131r. B\u00fct\u00fcn bunlar\u0131 2011-ci ilin may\u0131nda Ziyal\u0131lar Forumu \u201cDemokratiyaya do\u011fru 7 add\u0131m\u201d Xartiyas\u0131nda daha geni\u015f a\u00e7\u0131b v\u0259 h\u0259r biri \u0259traf\u0131nda m\u00fczakir\u0259l\u0259r ke\u00e7irib. Siz\u0259 bel\u0259 g\u0259lmirmi yeni g\u00fcnd\u0259lik kimi t\u0259qdim etdiyiniz t\u0259klifl\u0259r bu bax\u0131mdan \u00e7oxdan k\u00f6hn\u0259lib?<\/em><\/p>\n\n\n\n<p>&#8211; Xeyr. \u00c7\u00fcnki t\u0259klifl\u0259rimiz sad\u0259c\u0259, tezisl\u0259r deyil, bunlar\u0131n arxas\u0131nda hekay\u0259 dayan\u0131r. M\u00fcxalif\u0259tin n\u0259tic\u0259 ala bilm\u0259m\u0259si, onlar\u0131n effektiv f\u0259aliyy\u0259ti v\u0259 ya m\u00f6vqel\u0259ri yax\u015f\u0131 n\u0259tic\u0259l\u0259r almaq \u00fc\u00e7\u00fcn qurulmay\u0131b. Bunun k\u00f6k\u00fcn\u0259 varmasaq, n\u0259tic\u0259l\u0259ri d\u00fczg\u00fcn qiym\u0259tl\u0259ndir\u0259 bilm\u0259y\u0259c\u0259yik.<\/p>\n\n\n\n<p>&#8211; Akif b\u0259y,&nbsp;<em>Ziyal\u0131lar Forumu bu m\u0259s\u0259l\u0259l\u0259ri 12 il \u0259vv\u0259l b\u00fct\u00fcn istiqam\u0259tl\u0259r \u00fczr\u0259 g\u00fcnd\u0259min m\u00fczakir\u0259sin\u0259 \u00e7evirib\u2026<\/em><\/p>\n\n\n\n<p>&#8211; C\u0259miyy\u0259tin q\u0259bul etdiyi m\u0259s\u0259l\u0259 var, prosesi nec\u0259 v\u0259 m\u00fcxalif\u0259ti hans\u0131 obrazda qavray\u0131b. C\u0259miyy\u0259t Xalq C\u0259bh\u0259si v\u0259 M\u00fcsavat partiyalar\u0131n\u0131 1992-1993-c\u00fc ill\u0259r obraz\u0131ndan k\u0259nar q\u0259bul ed\u0259 bilm\u0259yib. Onlar da h\u0259min ill\u0259rin diskursundan imtina etm\u0259yib. H\u0259min ill\u0259rd\u0259 n\u0259 ba\u015f verdi v\u0259 biz niy\u0259 \u201cIII Respublika\u201d ad\u0131n\u0131 qoymu\u015fuq? 1991-ci ild\u0259 M\u00fcst\u0259qillik Akt\u0131n\u0131 q\u0259bul ed\u0259nd\u0259 Xalq C\u00fcmhuriyy\u0259tinin varisi oldu\u011funu bildirdik, bu, \u00e7ox g\u00f6z\u0259l idi. Amma buna istinad&nbsp;olunsa da, onun strateji-vizioner d\u00fc\u015f\u00fcnc\u0259sini m\u0259nims\u0259m\u0259dik. Az\u0259rbaycan m\u00fcxalif\u0259ti Xalq H\u0259r\u0259kat\u0131ndan ba\u015flam\u0131\u015fd\u0131, onun da birinci istiqam\u0259ti m\u00fcst\u0259qillik u\u011frunda m\u00fcbariz\u0259siydi. D\u00fczd\u00fcr, bu, Topxana me\u015f\u0259sind\u0259, Qaraba\u011f kontekstind\u0259 ba\u015flasa da, sonradan Az\u0259rbaycan\u0131n azadl\u0131q m\u00fcbariz\u0259sin\u0259 \u00e7evrildi, ba\u015fqa \u00f6lk\u0259l\u0259rd\u0259 oldu\u011fu kimi. \u0130lk h\u0259d\u0259f m\u00fcst\u0259qilliyin v\u0259 azadl\u0131\u011f\u0131n \u0259ld\u0259 olunmas\u0131 idi. H\u0259min \u015f\u0259xsl\u0259rin Az\u0259rbaycan\u0131n m\u00fcst\u0259qilliyinin \u0259ld\u0259 olunmas\u0131nda \u00e7ox b\u00f6y\u00fck t\u00f6hf\u0259l\u0259ri var, bunu x\u00fcsusi t\u0259qdir etm\u0259k laz\u0131md\u0131r v\u0259 biz he\u00e7 bir halda bunu azaltmaq niyy\u0259tind\u0259 deyilik. \u0130kinci h\u0259d\u0259f o olmal\u0131yd\u0131 ki, 1918-ci ild\u0259 qurucu babalar\u0131m\u0131z yaln\u0131z m\u00fcst\u0259qilliy\u0259 nail olmay\u0131blar, h\u0259m d\u0259 m\u00fcs\u0259lman \u015e\u0259rqind\u0259 ilk parlament respublikas\u0131 qurublar. H\u0259min d\u00f6vr\u0259 v\u0259 onun varisliyin\u0259 iddia ed\u0259n siyasi komanda parlamentarizmi v\u0259 respublika\u00e7\u0131l\u0131q ideal\u0131n\u0131 t\u0259qdim etm\u0259di. Burada \u00e7ox fundamental \u0259saslar var, m\u0259s\u0259l\u0259nin k\u00f6k\u00fcn\u00fc a\u00e7madan m\u00f6vcud olan reall\u0131\u011f\u0131 qiym\u0259tl\u0259ndirm\u0259yimiz do\u011fru olmazd\u0131, bu, subyektiv ba\u015fa d\u00fc\u015f\u00fcl\u0259c\u0259kdi. Hesab edirik ki, 3 m\u0259s\u0259l\u0259d\u0259 hakimiyy\u0259td\u0259n g\u00fccl\u00fcy\u00fck, birincisi d\u0259y\u0259rl\u0259r, iqtidar\u0131n he\u00e7 bir d\u0259y\u0259ri v\u0259 ideal\u0131 yoxdur. \u0130kincisi, strateji yana\u015fmad\u0131r ki, hakimiyy\u0259td\u0259 o da yoxdur. \u00dc\u00e7\u00fcnc\u00fc is\u0259 siyasi idar\u0259etm\u0259d\u0259 siyasi pe\u015f\u0259karl\u0131q, m\u00f6vcud hakimiyy\u0259td\u0259 siyasi pe\u015f\u0259karl\u0131q da yoxdur.<\/p>\n\n\n\n<p>&#8211;&nbsp;<em>Ancaq 20 ild\u0259n \u00e7oxdur hakimiyy\u0259td\u0259dirl\u0259r\u2026<\/em><\/p>\n\n\n\n<p>&#8211; Ona g\u0259l\u0259c\u0259yik. Siyasi alternativin d\u0259 m\u0259hz bu 3 kontekstd\u0259 hakimiyy\u0259td\u0259n g\u00fccl\u00fc olmas\u0131 \u00f6n\u0259mlidir. Ona g\u00f6r\u0259 yenid\u0259n ideala qay\u0131d\u0131ram ki, 1992-ci ild\u0259 siyasi hakimiyy\u0259t d\u0259yi\u015fikliyin\u0259 nail olan siyasi qrup n\u0259yi etm\u0259liydi? Birinci n\u00f6vb\u0259d\u0259 sovet nomenklaturas\u0131ndan qurtulmal\u0131yd\u0131, amma bunu bacarmad\u0131. \u0130kinci, ger\u00e7\u0259k ke\u00e7id etm\u0259liydu, varisliy\u0259 iddia edirdis\u0259, parlamentarizm qurulmal\u0131yd\u0131. Amma sovet d\u00f6vr\u00fcnd\u0259n qalan qurulu\u015fu se\u00e7di, faktiki olaraq I&nbsp;katib funksiyas\u0131n\u0131 prezident \u0259v\u0259z etdi. N\u0259tic\u0259 etibaril\u0259 o varisliyin hekay\u0259sini vizion olaraq m\u0259nims\u0259dikl\u0259ri g\u00f6r\u00fcnm\u0259di.<\/p>\n\n\n\n<p><em>&#8211; \u018fslind\u0259, \u015e\u0259rqi Avropa \u00f6lk\u0259l\u0259ri d\u0259 bu m\u0259rh\u0259l\u0259ni ke\u00e7ibl\u0259r&#8230;<\/em><\/p>\n\n\n\n<p>&#8211; Xeyr. \u00dc\u00e7\u00fcnc\u00fc vacib arqument odur ki, h\u0259min hakimiyy\u0259t l\u00fcstrasiyan\u0131 t\u0259tbiq ed\u0259 bilm\u0259di. Bu is\u0259 Heyd\u0259r \u018fliyevin revan\u015fizmin\u0259 dayaq yaratd\u0131 v\u0259 o da bu c\u0259hdi realla\u015fd\u0131raraq hakimiyy\u0259t\u0259 sahib oldu.<\/p>\n\n\n\n<p>&#8211;<em>&nbsp;M\u0259s\u0259l\u0259 ondad\u0131r ki, AXC hakimiyy\u0259tinin n\u00fcmay\u0259nd\u0259l\u0259ri bizim m\u00fcsahib\u0259d\u0259 i\u015ftirak\u00e7\u0131 olmad\u0131qlar\u0131ndan dedikl\u0259rinizin detallar\u0131na vara bilm\u0259y\u0259c\u0259yik. Suala ke\u00e7\u0259k, \u0259g\u0259r hakimiyy\u0259t b\u00fct\u00fcn informasiya m\u0259kan\u0131n\u0131 inhisara g\u00f6t\u00fcr\u00fcbs\u0259, iddialar\u0131n\u0131z c\u0259miyy\u0259t\u0259 nec\u0259 \u00e7atd\u0131racaqs\u0131n\u0131z, maarifl\u0259ndirm\u0259 i\u015fini n\u0259 c\u00fcr aparacaqs\u0131n\u0131z, bu bar\u0259d\u0259 d\u00fc\u015f\u00fcnm\u00fcs\u00fcn\u00fczm\u00fc?<\/em><\/p>\n\n\n\n<p>&#8211; \u018flb\u0259tt\u0259. He\u00e7 bir halda h\u0259r \u015feyin asan oldu\u011fu iddias\u0131nda deyilik. \u00d6lk\u0259nin taleyi ondan m\u0259suliyy\u0259tli i\u015fdir v\u0259 hans\u0131 \u015f\u0259raitd\u0259 d\u0259 siyasi prosesl\u0259r\u0259 g\u0259ldiyimizin f\u0259rqind\u0259yik. H\u0259m\u00e7inin, bu \u015f\u0259raitd\u0259 n\u0259l\u0259rl\u0259 \u00fczl\u0259\u015f\u0259 bil\u0259c\u0259yimizin d\u0259 f\u0259rqind\u0259yik. Buna r\u0259\u011fm\u0259n m\u0259n\u0259vi g\u00fcc\u00fcm\u00fcz\u0259 arxalan\u0131r\u0131q, g\u00fcc\u00fcm\u00fcz is\u0259 bizim ideal\u0131m\u0131z, pe\u015f\u0259karl\u0131\u011f\u0131m\u0131z v\u0259 a\u011fl\u0131m\u0131zd\u0131r. Bayaq sadalad\u0131m, d\u0259y\u0259rl\u0259r, strateji bax\u0131\u015f, burada h\u0259m d\u0259 a\u011f\u0131l rol oynay\u0131r, n\u0259hay\u0259t, pe\u015f\u0259karl\u0131q. Biz bu g\u00fcc\u0259 s\u00f6yk\u0259n\u0259r\u0259k meydana g\u0259lmi\u015fik. 7 n\u0259f\u0259rlik Qurucu Hey\u0259t kadr resursu v\u0259 bunun \u0259sas\u0131nda insan resursu formala\u015fd\u0131racaq. Bunlar\u0131n da \u0259sas\u0131nda c\u0259miyy\u0259td\u0259 i\u015ftirak\u00e7\u0131l\u0131\u011f\u0131n \u0259hat\u0259 dair\u0259sini formala\u015fd\u0131raca\u011f\u0131q. \u00d6lk\u0259d\u0259 m\u00fcxt\u0259lif apar\u0131c\u0131 q\u00fcvv\u0259l\u0259ri i\u015ftirak prosesin\u0259 qat\u0131lacaqlar.<\/p>\n\n\n\n<p><em>&#8211; Yekun olaraq sizin b\u0259yanata qay\u0131daq.&nbsp; M\u0259nim \u00fc\u00e7\u00fcn \u0259n t\u0259\u0259cc\u00fcbl\u00fcs\u00fc \u201ciqlim d\u0259yi\u015fikliyinin \u0259l\u0259lx\u00fcsus k\u0259nd t\u0259s\u0259rr\u00fcfat\u0131na vurdu\u011fu z\u0259r\u0259r\u201d ifad\u0259si oldu. Do\u011frudanm\u0131 bel\u0259 hesab edirsiniz ki, \u00f6lk\u0259d\u0259 k\u0259nd t\u0259s\u0259rr\u00fcfat\u0131n\u0131n bu v\u0259ziyy\u0259t\u0259 d\u00fc\u015fm\u0259si iqlim d\u0259yi\u015fikliyi il\u0259 ba\u011fl\u0131d\u0131r? Ax\u0131 vaxt\u0131 il\u0259 regionlar\u0131 inki\u015faf\u0131na 70 milyard dollar v\u0259sait x\u0259rcl\u0259ndi, amma n\u0259tic\u0259 s\u0131f\u0131rd\u0131r, he\u00e7 bir rayon \u00f6z b\u00fcdc\u0259 x\u0259rcl\u0259rini qar\u015f\u0131laya bilmir. Bu iqlim d\u0259yi\u015fikliyind\u0259n daha \u00e7ox korrupsiyaya h\u0259d\u0259fl\u0259nmi\u015f \u0259rzaq, qida idxal\u0131 il\u0259 ba\u011fl\u0131 deyilmi? K\u0259nd t\u0259s\u0259rr\u00fcfat\u0131 torpaqlar\u0131 v\u0259 su h\u00f6vz\u0259l\u0259rinin v\u0259zif\u0259li \u015f\u0259xsl\u0259r t\u0259r\u0259find\u0259n \u0259l\u0259 ke\u00e7irilm\u0259si il\u0259 ba\u011fl\u0131 deyilmi? Siz m\u0259s\u0259l\u0259ni bel\u0259 qoymaqla bir k\u0259nd t\u0259s\u0259rr\u00fcfat\u0131 korrupsiyas\u0131na kreativ formada b\u0259ra\u0259t qazand\u0131rm\u0131rs\u0131n\u0131z ki?<\/em><\/p>\n\n\n\n<p>&#8211; Xeyr, q\u0259tiyy\u0259n. O konteksd\u0259n \u00e7\u0131xar\u0131lma kimi ba\u015fa d\u00fc\u015f\u00fcl\u0259c\u0259k.<\/p>\n\n\n\n<p>&#8211;&nbsp;<em>Xeyr, konteksd\u0259n \u00e7\u0131xar\u0131lmay\u0131bd\u0131r, h\u0259min ifad\u0259 b\u0259yanatda varm\u0131?<\/em><\/p>\n\n\n\n<p>&#8211; Var, amma onun konteksti var. O m\u0259nada ki, biz bunun ham\u0131s\u0131n\u0131 detall\u0131 a\u00e7aca\u011f\u0131q.<\/p>\n\n\n\n<p>&#8211;&nbsp;<em>\u0130fad\u0259 bel\u0259dir: iqlim d\u0259yi\u015fikliyinin \u0259l\u0259lx\u00fcsus k\u0259nd t\u0259s\u0259rr\u00fcfat\u0131na vurdu\u011fu z\u0259r\u0259rin m\u00fcmk\u00fcn q\u0259d\u0259r azald\u0131lmas\u0131, keyfiyy\u0259tli h\u0259yat standart\u0131n\u0131n inki\u015faf\u0131 kimi strateji m\u0259s\u0259l\u0259l\u0259r olmal\u0131d\u0131r\u2026<\/em><\/p>\n\n\n\n<p>&#8211; M\u0259n demir\u0259m siz d\u00fczg\u00fcn ifad\u0259 s\u0259sl\u0259ndirm\u0259diniz. Onun kontekstini t\u0259qdim etm\u0259k \u00e7ox \u00f6n\u0259mlidir. M\u0259n hans\u0131 i\u015fl\u0259ri g\u00f6r\u0259c\u0259yik v\u0259 hans\u0131 m\u00f6vzulara toxunaca\u011f\u0131q, onu dem\u0259k ist\u0259yir\u0259m. Biz daha detall\u0131 proqram\u0131m\u0131zda t\u0259qdim ed\u0259c\u0259yik. Y\u0259ni bizim qlobal probleml\u0259rimiz t\u0259kc\u0259 siyasi h\u00fcquqlar, insan h\u00fcquqlar\u0131, d\u00f6vl\u0259tin idar\u0259 olunmas\u0131 v\u0259.s m\u0259s\u0259l\u0259l\u0259r deyil. H\u0259m\u00e7inin, qlobal probleml\u0259r var, o c\u00fcml\u0259d\u0259n, iqlim d\u0259yi\u015fikliyidir ki, bu, t\u0259kc\u0259 Az\u0259rbaycan\u0131n yox, d\u00fcnyan\u0131n probleml\u0259rind\u0259n biridir. V\u0259 iqlim d\u0259yi\u015fikliyinin \u0259n b\u00f6y\u00fck ziyan vurdu\u011fu sah\u0259 k\u0259nd t\u0259s\u0259rr\u00fcfat\u0131d\u0131r. Ona g\u00f6r\u0259 biz h\u0259r yay n\u0259inki i\u00e7m\u0259li su, h\u0259m d\u0259 suvarma suyunun olmamas\u0131n\u0131n \u0259ziyy\u0259tini \u00e7\u0259kirik.<\/p>\n\n\n\n<p>&#8211;&nbsp;<em>Bunlar korrupsiya v\u0259 monopoliyadan ir\u0259li g\u0259lmirmi?<\/em><\/p>\n\n\n\n<p>&#8211; B\u0259li, o t\u0259r\u0259fl\u0259ri var. Vaxt\u0131nda bu sah\u0259d\u0259 t\u0259dbir g\u00f6rm\u00fcrl\u0259r, qabaqlay\u0131c\u0131 add\u0131mlar atm\u0131rlar, strateji d\u00fc\u015f\u00fcnm\u00fcrl\u0259r, bu probleml\u0259rin d\u00fcnyan\u0131 a\u011fu\u015funa ald\u0131\u011f\u0131 hissini iqnor edirl\u0259r, cari m\u0259s\u0259l\u0259l\u0259rl\u0259 m\u0259\u015f\u011fuldurlar, bunlar \u00f6z yerind\u0259. Biz dem\u0259k ist\u0259yirik ki, t\u0259kc\u0259 daxild\u0259ki m\u0259s\u0259l\u0259l\u0259rl\u0259 m\u0259\u015f\u011ful deyilik, h\u0259m d\u0259 d\u00fcnyada ba\u015f ver\u0259n probleml\u0259rd\u0259n d\u0259 x\u0259b\u0259rimiz var.<\/p>\n\n\n\n<p>&#8211;&nbsp;<em>Amma \u0259vv\u0259l evin i\u00e7ini t\u0259mizl\u0259yib, sonra k\u0259nara \u00e7\u0131xmaq laz\u0131md\u0131r da\u2026<\/em><\/p>\n\n\n\n<p>&#8211; Yox, m\u0259n bizim 3 f\u0259rqimizin oldu\u011funu dedim, onlardan ikisi d\u0259 \u00f6n\u0259mlidir. Biz t\u0259crid olunan d\u00fcnyada yox, qlobal d\u00fcnyada ya\u015fay\u0131r\u0131q. O mesaj\u0131 verm\u0259k ist\u0259yirik ki, iqlim probleml\u0259rind\u0259n d\u0259 x\u0259b\u0259rdar\u0131q. Biz cari hiss\u0259l\u0259ri, proqram tezisl\u0259ri yax\u0131n g\u00fcnl\u0259rd\u0259 geni\u015f \u015f\u0259kild\u0259 a\u00e7aca\u011f\u0131q. 3 prinsipi t\u0259qdim edirik: m\u00f6vcud v\u0259ziyy\u0259t n\u0259dir, n\u0259 t\u0259klif edirik v\u0259 nec\u0259 d\u0259yi\u015f\u0259c\u0259yik. Ola bil\u0259r t\u0259qdim etdikl\u0259rimiz n\u0259z\u0259ri kimi g\u00f6r\u00fcns\u00fcn, bel\u0259 amil ola bil\u0259r, sad\u0259c\u0259, bizim ideal\u0131m\u0131z var, alternativl\u0259r buyursunlar ideallar\u0131n\u0131 t\u0259qdim etsinl\u0259r. \u0130kincisi,&nbsp;bu ideala do\u011fru h\u0259ll yolu, konseptual bax\u0131\u015f n\u0259d\u0259n ibar\u0259tdir, bunu qoysunlar. \u00dc\u00e7\u00fcnc\u00fc,&nbsp;buna nec\u0259 nail olaca\u011f\u0131q? \u018fg\u0259r biz \u201c\u018fliyev h\u00f6kum\u0259ti pis, m\u0259n yax\u015f\u0131yam\u201d des\u0259k, he\u00e7 n\u0259yi d\u0259yi\u015fm\u0259y\u0259c\u0259yik. M\u00f6vcud v\u0259ziyy\u0259t odur ki, hakimiyy\u0259t m\u0259qs\u0259dli \u015f\u0259kild\u0259 m\u00fcxalif obraz\u0131 1992-1993-c\u00fc ild\u0259n \u00e7\u0131xartma\u011fa imkan vermir. \u00c7\u00fcnki h\u00f6kum\u0259t orda \u00fcst\u00fcnl\u00fcy\u0259 sahibdir, onu u\u011fursuzluq kimi t\u0259qdim edir. Hakimiyy\u0259t h\u0259min d\u00f6vrd\u0259n qalib \u00e7\u0131xd\u0131\u011f\u0131 \u00fc\u00e7\u00fcn \u00f6z q\u0259l\u0259b\u0259sini t\u0259qdim edir. O bax\u0131mdan biz h\u0259min v\u0259ziyy\u0259td\u0259n \u00e7\u0131xmal\u0131y\u0131q. M\u00f6vcud olan partiyalar da n\u0259tic\u0259 etibaril\u0259 hakimiyy\u0259tin yaratd\u0131\u011f\u0131 g\u00fccl\u00fc avtoritarizm fonunda m\u00fcqavim\u0259t m\u0259rk\u0259zin\u0259 \u00e7evrilib. V\u0259 bu f\u0259dakarl\u0131q prinsipin\u0259 dayan\u0131r, amma bu, yet\u0259rli deyil. Biz onlara qar\u015f\u0131 deyilik. Sad\u0259c\u0259, proses yaradan m\u0259rk\u0259z\u0259 \u00e7evrilm\u0259k ist\u0259yirik.<\/p>\n\n\n\n<p>&#8211;&nbsp;<em>Onlar proses yarada bilmirdi?<\/em><\/p>\n\n\n\n<p>&#8211; N\u0259tic\u0259 g\u00f6st\u0259rir ki, yarada bilm\u0259yibl\u0259r, m\u00fcqavim\u0259t m\u0259rk\u0259zin\u0259 \u00e7evrilibl\u0259r.<\/p>\n\n\n\n<p><em>&#8211; \u018fg\u0259r proses yarada bilmirdil\u0259r, bu q\u0259d\u0259r repressiyalar n\u0259y\u0259 g\u0259r\u0259k idi?<\/em><\/p>\n\n\n\n<p>&#8211; Dedim ax\u0131, f\u0259dakarl\u0131q hesab\u0131na m\u00fcqavim\u0259t m\u0259rk\u0259zin\u0259 \u00e7evrilibl\u0259r. Biri var hakimiyy\u0259tin siyasi add\u0131mlar\u0131na reaksiyalar verm\u0259k, biri d\u0259 var yeni diskurs yaratmaq. Hakimiyy\u0259t t\u0259k adam rejimi, h\u0259m d\u0259 t\u0259k oyun\u00e7u formala\u015fd\u0131r\u0131b. Biz ikinci oyun\u00e7uya iddial\u0131y\u0131q.&nbsp;<\/p>\n\n\n\n<p>&#8211;&nbsp;<em>Son sual, 7 fevral se\u00e7kisin\u0259 m\u00fcnasib\u0259tiniz nec\u0259 olacaq?<\/em><\/p>\n\n\n\n<p>&#8211; Biz uzun m\u00fcdd\u0259tdir haz\u0131rla\u015f\u0131r\u0131q v\u0259 h\u0259r hans\u0131 se\u00e7ki \u00fcz\u0259rind\u0259 fokuslanmam\u0131\u015f\u0131q. \u0130kinci, b\u00fct\u00fcn vasit\u0259l\u0259ri i\u015ftirak\u00e7\u0131l\u0131\u011fa y\u00f6n\u0259ld\u0259c\u0259yik. O c\u00fcml\u0259d\u0259n, se\u00e7ki al\u0259ti vacib al\u0259tl\u0259rd\u0259n biridir ki, Az\u0259rbaycanda i\u015ftirak\u00e7\u0131l\u0131q arts\u0131n. Ona g\u00f6r\u0259 d\u0259 c\u0259miyy\u0259t\u0259 \u00f6z\u00fcm\u00fcz\u00fc anlatd\u0131qdan sonra qar\u015f\u0131dak\u0131 f\u0259aliyy\u0259t plan\u0131m\u0131z\u0131 a\u00e7\u0131qlayaca\u011f\u0131q. B\u0259y\u0259ns\u0259k d\u0259, b\u0259y\u0259nm\u0259s\u0259k d\u0259, se\u00e7ki m\u00fchitinin \u00e7ox pis olmas\u0131 da, demokratik, azad se\u00e7kil\u0259rin ke\u00e7irilm\u0259sinin m\u00fcmk\u00fcn \u015f\u0259raitin olmamas\u0131n\u0131 n\u0259z\u0259r\u0259 alsaq bel\u0259, b\u00fct\u00fcn hallarda bu f\u00fcrs\u0259ti insanlarla i\u015fl\u0259m\u0259k v\u0259 i\u015ftirak\u00e7\u0131l\u0131\u011f\u0131 art\u0131rmaq \u00fc\u00e7\u00fcn f\u00f6vt\u0259 verm\u0259k ist\u0259mirik.&nbsp;V\u0259 bunu d\u0259y\u0259rl\u0259ndir\u0259r\u0259k se\u00e7kiy\u0259 m\u00fcnasib\u0259t q\u0259rar\u0131m\u0131z\u0131 a\u00e7\u0131qlayaca\u011f\u0131q.<\/p>\n","protected":false},"excerpt":{"rendered":"<p>\u201c\u00dc\u00e7&nbsp;m\u0259s\u0259l\u0259d\u0259 hakimiyy\u0259td\u0259n g\u00fccl\u00fcy\u00fck\u2026\u201d M\u00fcsahibimiz \u201cIII Respublika\u201d Platformas\u0131n\u0131n Qurucu Hey\u0259tinin spikeri &#8230; <\/p>\n<p class=\"read-more-container\"><a title=\"Akif Qurbanov: \u201cBiz ikinci oyun\u00e7u olma\u011fa iddial\u0131y\u0131q\u201d\" class=\"read-more button\" href=\"https:\/\/www.meydan.tv\/az\/article\/akif-qurbanov-biz-ikinci-oyuncuya-iddialiyiq\/#more-293096\" aria-label=\"Read more about Akif Qurbanov: \u201cBiz ikinci oyun\u00e7u olma\u011fa iddial\u0131y\u0131q\u201d\">Davam\u0131<\/a><\/p>\n","protected":false},"author":8,"featured_media":293102,"comment_status":"closed","ping_status":"closed","sticky":false,"template":"","format":"standard","meta":{"_acf_changed":false,"_sitemap_exclude":false,"_sitemap_priority":"","_sitemap_frequency":"","footnotes":""},"categories":[59,63,56],"tags":[],"class_list":["post-293096","post","type-post","status-publish","format-standard","has-post-thumbnail","hentry","category-siyaset","category-video-2","category-xeberler","infinite-scroll-item","generate-columns","tablet-grid-50","mobile-grid-100","grid-parent","grid-33","no-featured-image-padding"],"acf":[],"yoast_head":"<!-- This site is optimized with the Yoast SEO plugin v27.4 - https:\/\/yoast.com\/product\/yoast-seo-wordpress\/ -->\n<title>Akif Qurbanov: \u201cBiz ikinci oyun\u00e7u olma\u011fa iddial\u0131y\u0131q\u201d - MEYDAN.TV<\/title>\n<meta name=\"robots\" content=\"index, follow, max-snippet:-1, max-image-preview:large, max-video-preview:-1\" \/>\n<link rel=\"canonical\" href=\"https:\/\/www.meydan.tv\/az\/article\/akif-qurbanov-biz-ikinci-oyuncuya-iddialiyiq\/\" \/>\n<meta property=\"og:locale\" content=\"az_AZ\" \/>\n<meta property=\"og:type\" content=\"article\" \/>\n<meta property=\"og:title\" content=\"Akif Qurbanov: \u201cBiz ikinci oyun\u00e7u olma\u011fa iddial\u0131y\u0131q\u201d - MEYDAN.TV\" \/>\n<meta property=\"og:description\" content=\"\u201c\u00dc\u00e7&nbsp;m\u0259s\u0259l\u0259d\u0259 hakimiyy\u0259td\u0259n g\u00fccl\u00fcy\u00fck\u2026\u201d M\u00fcsahibimiz \u201cIII Respublika\u201d Platformas\u0131n\u0131n Qurucu Hey\u0259tinin spikeri ... Davam\u0131\" \/>\n<meta property=\"og:url\" content=\"https:\/\/www.meydan.tv\/az\/article\/akif-qurbanov-biz-ikinci-oyuncuya-iddialiyiq\/\" \/>\n<meta property=\"og:site_name\" content=\"MEYDAN.TV\" \/>\n<meta property=\"article:published_time\" content=\"2023-12-16T10:50:14+00:00\" \/>\n<meta property=\"article:modified_time\" content=\"2023-12-16T15:54:07+00:00\" \/>\n<meta property=\"og:image\" content=\"https:\/\/www.meydan.tv\/wp-content\/uploads\/1-35.jpg\" \/>\n\t<meta property=\"og:image:width\" content=\"1500\" \/>\n\t<meta property=\"og:image:height\" content=\"844\" \/>\n\t<meta property=\"og:image:type\" content=\"image\/jpeg\" \/>\n<meta name=\"author\" content=\"elli\" \/>\n<meta name=\"twitter:card\" content=\"summary_large_image\" \/>\n<meta name=\"twitter:creator\" content=\"@elli\" \/>\n<script type=\"application\/ld+json\" class=\"yoast-schema-graph\">{\"@context\":\"https:\\\/\\\/schema.org\",\"@graph\":[{\"@type\":\"Article\",\"@id\":\"https:\\\/\\\/www.meydan.tv\\\/az\\\/article\\\/akif-qurbanov-biz-ikinci-oyuncuya-iddialiyiq\\\/#article\",\"isPartOf\":{\"@id\":\"https:\\\/\\\/www.meydan.tv\\\/az\\\/article\\\/akif-qurbanov-biz-ikinci-oyuncuya-iddialiyiq\\\/\"},\"author\":{\"name\":\"elli\",\"@id\":\"https:\\\/\\\/www.meydan.tv\\\/az\\\/#\\\/schema\\\/person\\\/9cdbecf90d17180ce1dfbd95b08dcf47\"},\"headline\":\"Akif Qurbanov: \u201cBiz ikinci oyun\u00e7u olma\u011fa iddial\u0131y\u0131q\u201d\",\"datePublished\":\"2023-12-16T10:50:14+00:00\",\"dateModified\":\"2023-12-16T15:54:07+00:00\",\"mainEntityOfPage\":{\"@id\":\"https:\\\/\\\/www.meydan.tv\\\/az\\\/article\\\/akif-qurbanov-biz-ikinci-oyuncuya-iddialiyiq\\\/\"},\"wordCount\":4572,\"publisher\":{\"@id\":\"https:\\\/\\\/www.meydan.tv\\\/az\\\/#organization\"},\"image\":{\"@id\":\"https:\\\/\\\/www.meydan.tv\\\/az\\\/article\\\/akif-qurbanov-biz-ikinci-oyuncuya-iddialiyiq\\\/#primaryimage\"},\"thumbnailUrl\":\"https:\\\/\\\/www.meydan.tv\\\/wp-content\\\/uploads\\\/1-35.jpg\",\"articleSection\":[\"Siyas\u0259t\",\"Video\",\"X\u0259b\u0259rl\u0259r\"],\"inLanguage\":\"az\"},{\"@type\":\"WebPage\",\"@id\":\"https:\\\/\\\/www.meydan.tv\\\/az\\\/article\\\/akif-qurbanov-biz-ikinci-oyuncuya-iddialiyiq\\\/\",\"url\":\"https:\\\/\\\/www.meydan.tv\\\/az\\\/article\\\/akif-qurbanov-biz-ikinci-oyuncuya-iddialiyiq\\\/\",\"name\":\"Akif Qurbanov: \u201cBiz ikinci oyun\u00e7u olma\u011fa iddial\u0131y\u0131q\u201d - MEYDAN.TV\",\"isPartOf\":{\"@id\":\"https:\\\/\\\/www.meydan.tv\\\/az\\\/#website\"},\"primaryImageOfPage\":{\"@id\":\"https:\\\/\\\/www.meydan.tv\\\/az\\\/article\\\/akif-qurbanov-biz-ikinci-oyuncuya-iddialiyiq\\\/#primaryimage\"},\"image\":{\"@id\":\"https:\\\/\\\/www.meydan.tv\\\/az\\\/article\\\/akif-qurbanov-biz-ikinci-oyuncuya-iddialiyiq\\\/#primaryimage\"},\"thumbnailUrl\":\"https:\\\/\\\/www.meydan.tv\\\/wp-content\\\/uploads\\\/1-35.jpg\",\"datePublished\":\"2023-12-16T10:50:14+00:00\",\"dateModified\":\"2023-12-16T15:54:07+00:00\",\"breadcrumb\":{\"@id\":\"https:\\\/\\\/www.meydan.tv\\\/az\\\/article\\\/akif-qurbanov-biz-ikinci-oyuncuya-iddialiyiq\\\/#breadcrumb\"},\"inLanguage\":\"az\",\"potentialAction\":[{\"@type\":\"ReadAction\",\"target\":[\"https:\\\/\\\/www.meydan.tv\\\/az\\\/article\\\/akif-qurbanov-biz-ikinci-oyuncuya-iddialiyiq\\\/\"]}]},{\"@type\":\"ImageObject\",\"inLanguage\":\"az\",\"@id\":\"https:\\\/\\\/www.meydan.tv\\\/az\\\/article\\\/akif-qurbanov-biz-ikinci-oyuncuya-iddialiyiq\\\/#primaryimage\",\"url\":\"https:\\\/\\\/www.meydan.tv\\\/wp-content\\\/uploads\\\/1-35.jpg\",\"contentUrl\":\"https:\\\/\\\/www.meydan.tv\\\/wp-content\\\/uploads\\\/1-35.jpg\",\"width\":1500,\"height\":844,\"caption\":\"Foto: Meydan TV\"},{\"@type\":\"BreadcrumbList\",\"@id\":\"https:\\\/\\\/www.meydan.tv\\\/az\\\/article\\\/akif-qurbanov-biz-ikinci-oyuncuya-iddialiyiq\\\/#breadcrumb\",\"itemListElement\":[{\"@type\":\"ListItem\",\"position\":1,\"name\":\"Ana s\u0259hif\u0259\",\"item\":\"https:\\\/\\\/www.meydan.tv\\\/az\\\/\"},{\"@type\":\"ListItem\",\"position\":2,\"name\":\"Siyas\u0259t\",\"item\":\"https:\\\/\\\/www.meydan.tv\\\/az\\\/section\\\/siyaset\\\/\"},{\"@type\":\"ListItem\",\"position\":3,\"name\":\"Akif Qurbanov: \u201cBiz ikinci oyun\u00e7u olma\u011fa iddial\u0131y\u0131q\u201d\"}]},{\"@type\":\"WebSite\",\"@id\":\"https:\\\/\\\/www.meydan.tv\\\/az\\\/#website\",\"url\":\"https:\\\/\\\/www.meydan.tv\\\/az\\\/\",\"name\":\"MEYDAN.TV\",\"description\":\"Meydan TV Az\u0259rbaycan\u0131n media m\u0259kan\u0131ndak\u0131 alternativ s\u0259sidir\",\"publisher\":{\"@id\":\"https:\\\/\\\/www.meydan.tv\\\/az\\\/#organization\"},\"potentialAction\":[{\"@type\":\"SearchAction\",\"target\":{\"@type\":\"EntryPoint\",\"urlTemplate\":\"https:\\\/\\\/www.meydan.tv\\\/az\\\/?s={search_term_string}\"},\"query-input\":{\"@type\":\"PropertyValueSpecification\",\"valueRequired\":true,\"valueName\":\"search_term_string\"}}],\"inLanguage\":\"az\"},{\"@type\":\"Organization\",\"@id\":\"https:\\\/\\\/www.meydan.tv\\\/az\\\/#organization\",\"name\":\"Meydan TV\",\"url\":\"https:\\\/\\\/www.meydan.tv\\\/az\\\/\",\"logo\":{\"@type\":\"ImageObject\",\"inLanguage\":\"az\",\"@id\":\"https:\\\/\\\/www.meydan.tv\\\/az\\\/#\\\/schema\\\/logo\\\/image\\\/\",\"url\":\"https:\\\/\\\/www.meydan.tv\\\/wp-content\\\/uploads\\\/2021\\\/07\\\/meydan-logo.svg\",\"contentUrl\":\"https:\\\/\\\/www.meydan.tv\\\/wp-content\\\/uploads\\\/2021\\\/07\\\/meydan-logo.svg\",\"width\":195,\"height\":46,\"caption\":\"Meydan TV\"},\"image\":{\"@id\":\"https:\\\/\\\/www.meydan.tv\\\/az\\\/#\\\/schema\\\/logo\\\/image\\\/\"}},{\"@type\":\"Person\",\"@id\":\"https:\\\/\\\/www.meydan.tv\\\/az\\\/#\\\/schema\\\/person\\\/9cdbecf90d17180ce1dfbd95b08dcf47\",\"name\":\"elli\",\"sameAs\":[\"https:\\\/\\\/x.com\\\/elli\"]}]}<\/script>\n<!-- \/ Yoast SEO plugin. -->","yoast_head_json":{"title":"Akif Qurbanov: \u201cBiz ikinci oyun\u00e7u olma\u011fa iddial\u0131y\u0131q\u201d - MEYDAN.TV","robots":{"index":"index","follow":"follow","max-snippet":"max-snippet:-1","max-image-preview":"max-image-preview:large","max-video-preview":"max-video-preview:-1"},"canonical":"https:\/\/www.meydan.tv\/az\/article\/akif-qurbanov-biz-ikinci-oyuncuya-iddialiyiq\/","og_locale":"az_AZ","og_type":"article","og_title":"Akif Qurbanov: \u201cBiz ikinci oyun\u00e7u olma\u011fa iddial\u0131y\u0131q\u201d - MEYDAN.TV","og_description":"\u201c\u00dc\u00e7&nbsp;m\u0259s\u0259l\u0259d\u0259 hakimiyy\u0259td\u0259n g\u00fccl\u00fcy\u00fck\u2026\u201d M\u00fcsahibimiz \u201cIII Respublika\u201d Platformas\u0131n\u0131n Qurucu Hey\u0259tinin spikeri ... Davam\u0131","og_url":"https:\/\/www.meydan.tv\/az\/article\/akif-qurbanov-biz-ikinci-oyuncuya-iddialiyiq\/","og_site_name":"MEYDAN.TV","article_published_time":"2023-12-16T10:50:14+00:00","article_modified_time":"2023-12-16T15:54:07+00:00","og_image":[{"width":1500,"height":844,"url":"https:\/\/www.meydan.tv\/wp-content\/uploads\/1-35.jpg","type":"image\/jpeg"}],"author":"elli","twitter_card":"summary_large_image","twitter_creator":"@elli","schema":{"@context":"https:\/\/schema.org","@graph":[{"@type":"Article","@id":"https:\/\/www.meydan.tv\/az\/article\/akif-qurbanov-biz-ikinci-oyuncuya-iddialiyiq\/#article","isPartOf":{"@id":"https:\/\/www.meydan.tv\/az\/article\/akif-qurbanov-biz-ikinci-oyuncuya-iddialiyiq\/"},"author":{"name":"elli","@id":"https:\/\/www.meydan.tv\/az\/#\/schema\/person\/9cdbecf90d17180ce1dfbd95b08dcf47"},"headline":"Akif Qurbanov: \u201cBiz ikinci oyun\u00e7u olma\u011fa iddial\u0131y\u0131q\u201d","datePublished":"2023-12-16T10:50:14+00:00","dateModified":"2023-12-16T15:54:07+00:00","mainEntityOfPage":{"@id":"https:\/\/www.meydan.tv\/az\/article\/akif-qurbanov-biz-ikinci-oyuncuya-iddialiyiq\/"},"wordCount":4572,"publisher":{"@id":"https:\/\/www.meydan.tv\/az\/#organization"},"image":{"@id":"https:\/\/www.meydan.tv\/az\/article\/akif-qurbanov-biz-ikinci-oyuncuya-iddialiyiq\/#primaryimage"},"thumbnailUrl":"https:\/\/www.meydan.tv\/wp-content\/uploads\/1-35.jpg","articleSection":["Siyas\u0259t","Video","X\u0259b\u0259rl\u0259r"],"inLanguage":"az"},{"@type":"WebPage","@id":"https:\/\/www.meydan.tv\/az\/article\/akif-qurbanov-biz-ikinci-oyuncuya-iddialiyiq\/","url":"https:\/\/www.meydan.tv\/az\/article\/akif-qurbanov-biz-ikinci-oyuncuya-iddialiyiq\/","name":"Akif Qurbanov: \u201cBiz ikinci oyun\u00e7u olma\u011fa iddial\u0131y\u0131q\u201d - MEYDAN.TV","isPartOf":{"@id":"https:\/\/www.meydan.tv\/az\/#website"},"primaryImageOfPage":{"@id":"https:\/\/www.meydan.tv\/az\/article\/akif-qurbanov-biz-ikinci-oyuncuya-iddialiyiq\/#primaryimage"},"image":{"@id":"https:\/\/www.meydan.tv\/az\/article\/akif-qurbanov-biz-ikinci-oyuncuya-iddialiyiq\/#primaryimage"},"thumbnailUrl":"https:\/\/www.meydan.tv\/wp-content\/uploads\/1-35.jpg","datePublished":"2023-12-16T10:50:14+00:00","dateModified":"2023-12-16T15:54:07+00:00","breadcrumb":{"@id":"https:\/\/www.meydan.tv\/az\/article\/akif-qurbanov-biz-ikinci-oyuncuya-iddialiyiq\/#breadcrumb"},"inLanguage":"az","potentialAction":[{"@type":"ReadAction","target":["https:\/\/www.meydan.tv\/az\/article\/akif-qurbanov-biz-ikinci-oyuncuya-iddialiyiq\/"]}]},{"@type":"ImageObject","inLanguage":"az","@id":"https:\/\/www.meydan.tv\/az\/article\/akif-qurbanov-biz-ikinci-oyuncuya-iddialiyiq\/#primaryimage","url":"https:\/\/www.meydan.tv\/wp-content\/uploads\/1-35.jpg","contentUrl":"https:\/\/www.meydan.tv\/wp-content\/uploads\/1-35.jpg","width":1500,"height":844,"caption":"Foto: Meydan TV"},{"@type":"BreadcrumbList","@id":"https:\/\/www.meydan.tv\/az\/article\/akif-qurbanov-biz-ikinci-oyuncuya-iddialiyiq\/#breadcrumb","itemListElement":[{"@type":"ListItem","position":1,"name":"Ana s\u0259hif\u0259","item":"https:\/\/www.meydan.tv\/az\/"},{"@type":"ListItem","position":2,"name":"Siyas\u0259t","item":"https:\/\/www.meydan.tv\/az\/section\/siyaset\/"},{"@type":"ListItem","position":3,"name":"Akif Qurbanov: \u201cBiz ikinci oyun\u00e7u olma\u011fa iddial\u0131y\u0131q\u201d"}]},{"@type":"WebSite","@id":"https:\/\/www.meydan.tv\/az\/#website","url":"https:\/\/www.meydan.tv\/az\/","name":"MEYDAN.TV","description":"Meydan TV Az\u0259rbaycan\u0131n media m\u0259kan\u0131ndak\u0131 alternativ s\u0259sidir","publisher":{"@id":"https:\/\/www.meydan.tv\/az\/#organization"},"potentialAction":[{"@type":"SearchAction","target":{"@type":"EntryPoint","urlTemplate":"https:\/\/www.meydan.tv\/az\/?s={search_term_string}"},"query-input":{"@type":"PropertyValueSpecification","valueRequired":true,"valueName":"search_term_string"}}],"inLanguage":"az"},{"@type":"Organization","@id":"https:\/\/www.meydan.tv\/az\/#organization","name":"Meydan TV","url":"https:\/\/www.meydan.tv\/az\/","logo":{"@type":"ImageObject","inLanguage":"az","@id":"https:\/\/www.meydan.tv\/az\/#\/schema\/logo\/image\/","url":"https:\/\/www.meydan.tv\/wp-content\/uploads\/2021\/07\/meydan-logo.svg","contentUrl":"https:\/\/www.meydan.tv\/wp-content\/uploads\/2021\/07\/meydan-logo.svg","width":195,"height":46,"caption":"Meydan TV"},"image":{"@id":"https:\/\/www.meydan.tv\/az\/#\/schema\/logo\/image\/"}},{"@type":"Person","@id":"https:\/\/www.meydan.tv\/az\/#\/schema\/person\/9cdbecf90d17180ce1dfbd95b08dcf47","name":"elli","sameAs":["https:\/\/x.com\/elli"]}]}},"_links":{"self":[{"href":"https:\/\/www.meydan.tv\/az\/wp-json\/wp\/v2\/posts\/293096","targetHints":{"allow":["GET"]}}],"collection":[{"href":"https:\/\/www.meydan.tv\/az\/wp-json\/wp\/v2\/posts"}],"about":[{"href":"https:\/\/www.meydan.tv\/az\/wp-json\/wp\/v2\/types\/post"}],"author":[{"embeddable":true,"href":"https:\/\/www.meydan.tv\/az\/wp-json\/wp\/v2\/users\/8"}],"replies":[{"embeddable":true,"href":"https:\/\/www.meydan.tv\/az\/wp-json\/wp\/v2\/comments?post=293096"}],"version-history":[{"count":6,"href":"https:\/\/www.meydan.tv\/az\/wp-json\/wp\/v2\/posts\/293096\/revisions"}],"predecessor-version":[{"id":293135,"href":"https:\/\/www.meydan.tv\/az\/wp-json\/wp\/v2\/posts\/293096\/revisions\/293135"}],"wp:featuredmedia":[{"embeddable":true,"href":"https:\/\/www.meydan.tv\/az\/wp-json\/wp\/v2\/media\/293102"}],"wp:attachment":[{"href":"https:\/\/www.meydan.tv\/az\/wp-json\/wp\/v2\/media?parent=293096"}],"wp:term":[{"taxonomy":"category","embeddable":true,"href":"https:\/\/www.meydan.tv\/az\/wp-json\/wp\/v2\/categories?post=293096"},{"taxonomy":"post_tag","embeddable":true,"href":"https:\/\/www.meydan.tv\/az\/wp-json\/wp\/v2\/tags?post=293096"}],"curies":[{"name":"wp","href":"https:\/\/api.w.org\/{rel}","templated":true}]}}