{"id":293057,"date":"2023-12-15T18:54:33","date_gmt":"2023-12-15T14:54:33","guid":{"rendered":"https:\/\/www.meydan.tv\/?p=293057"},"modified":"2023-12-15T22:22:53","modified_gmt":"2023-12-15T18:22:53","slug":"tofiq-yaqublu-baresinde-hebs-qetimkan-tedbiri-secilib","status":"publish","type":"post","link":"https:\/\/www.meydan.tv\/az\/article\/tofiq-yaqublu-baresinde-hebs-qetimkan-tedbiri-secilib\/","title":{"rendered":"Tofiq Yaqublu bar\u0259sind\u0259 h\u0259bs q\u0259timkan t\u0259dbiri se\u00e7ilib"},"content":{"rendered":"\n<figure class=\"wp-block-embed is-type-video is-provider-youtube wp-block-embed-youtube wp-embed-aspect-4-3 wp-has-aspect-ratio\"><div class=\"wp-block-embed__wrapper\">\n<iframe title=\"Tofiq Yaqublu haqq\u0131nda h\u0259bs q\u0259rar\u0131 \u00e7\u0131xar\u0131l\u0131b\" width=\"1200\" height=\"900\" data-src=\"https:\/\/www.youtube.com\/embed\/pB9CtOQet8U?feature=oembed\" frameborder=\"0\" allow=\"accelerometer; autoplay; clipboard-write; encrypted-media; gyroscope; picture-in-picture; web-share\" allowfullscreen src=\"data:image\/svg+xml;base64,PHN2ZyB3aWR0aD0iMSIgaGVpZ2h0PSIxIiB4bWxucz0iaHR0cDovL3d3dy53My5vcmcvMjAwMC9zdmciPjwvc3ZnPg==\" class=\"lazyload\" data-load-mode=\"1\"><\/iframe>\n<\/div><\/figure>\n\n\n\n<p><em><strong>\u201cBu, m\u0259hk\u0259m\u0259 deyil ki\u2026\u201d<\/strong><\/em><\/p>\n\n\n\n<p>Milli \u015euran\u0131n v\u0259 M\u00fcsavat Partiyas\u0131n\u0131n \u00fczv\u00fc Tofiq Yaqublu haqq\u0131nda h\u0259bs q\u0259rar\u0131 \u00e7\u0131xar\u0131l\u0131b. <\/p>\n\n\n\n<p>Dekabr\u0131n 15-d\u0259 N\u0259rimanov Rayon M\u0259hk\u0259m\u0259sind\u0259 onun istintaq d\u00f6vr\u00fcnd\u0259 h\u0259bsd\u0259 saxlanmas\u0131 \u00fc\u00e7\u00fcn prokurorun verdiyi t\u0259qdimata bax\u0131l\u0131b. Hakim G\u00fclt\u0259kin \u018fs\u0259dova t\u0259qdimat\u0131 t\u0259min edib v\u0259 ilkin istintaq d\u00f6vr\u00fc \u00fc\u00e7\u00fcn Tofiq Yaqublu haqq\u0131nda 4 ayl\u0131q h\u0259bs q\u0259timkan t\u0259dbiri se\u00e7ilib.<\/p>\n\n\n\n<p>Cinay\u0259t M\u0259c\u0259ll\u0259sinin 178.3.2 (k\u00fclli miqdarda ziyan vurmaqla d\u0259l\u0259duzluq) v\u0259 320-ci (saxta s\u0259n\u0259d haz\u0131rlama v\u0259 ya ondan istifad\u0259) madd\u0259l\u0259ril\u0259 ittiham olunan Tofiq Yaqublu m\u0259hk\u0259m\u0259d\u0259 bu ittihamlar\u0131n saxta oldu\u011funu bildirib. Siyasi f\u0259aliyy\u0259tin\u0259 g\u00f6r\u0259 sifari\u015fl\u0259 h\u0259bs olundu\u011funu vur\u011fulayan Yaqublu t\u0259qsirsiz olmas\u0131na baxmayaraq, m\u0259hk\u0259m\u0259d\u0259n he\u00e7 bir g\u00f6zl\u0259ntisi olmad\u0131\u011f\u0131n\u0131 deyib. O bildirib ki, Az\u0259rbaycanda \u0259dal\u0259tli m\u0259hk\u0259m\u0259 yoxdur, hakiml\u0259r g\u0259l\u0259n sifari\u015fi yerin\u0259 yetirir:<\/p>\n\n\n\n<p><em>&#8220;Siz d\u0259 onlardan birisiniz. N\u0259 sifari\u015f verilibs\u0259, onu da el\u0259y\u0259c\u0259ksiniz. Bu, m\u0259hk\u0259m\u0259 deyil ki\u2026 Ona g\u00f6r\u0259 sizd\u0259n n\u0259 bir xahi\u015fim, n\u0259 d\u0259 g\u00f6zl\u0259ntim var\u2026&#8221;<\/em>.<\/p>\n\n\n\n<p>Tofiq Yaqublunun v\u0259kill\u0259ri Aqil Lay\u0131c v\u0259 Nem\u0259t K\u0259rimli bildirib ki, onu h\u0259bsd\u0259 saxlamadan da istintaq apar\u0131la bil\u0259r. Onlar vur\u011fulay\u0131b ki, Tofiq Yaqublunun istintaqdan yay\u0131nmaq niyy\u0259ti yoxdur, ya\u015fad\u0131\u011f\u0131 yer b\u0259llidir.<\/p>\n\n\n\n<p>Lakin m\u00fcst\u0259ntiq etiraz edib. Deyib ki, istintaq d\u00f6vr\u00fcnd\u0259 onun h\u0259bsd\u0259 saxlanmas\u0131 m\u0259qs\u0259d\u0259uy\u011fundur. \u00c7\u00fcnki istintaqdan yay\u0131na, dindiril\u0259c\u0259k \u015f\u0259xsl\u0259r\u0259 t\u0259sir g\u00f6st\u0259r\u0259 bil\u0259r.<br>Q\u0131sa m\u00fc\u015favir\u0259d\u0259n sonra hakim t\u0259qdimat\u0131n t\u0259min olundu\u011funu v\u0259 siyas\u0259t\u00e7i haqq\u0131nda 4 ayl\u0131q h\u0259bs q\u0259timkan t\u0259dbiri se\u00e7ildiyini a\u00e7\u0131qlay\u0131b.<\/p>\n\n\n\n<p>V\u0259kill\u0259r Meydan TV-y\u0259 bildirib ki, h\u0259bs q\u0259rar\u0131ndan apelyasiya \u015fikay\u0259ti ver\u0259c\u0259kl\u0259r.<\/p>\n\n\n\n<p>Tofiq Yaqublunun q\u0131z\u0131 Nigar H\u0259zi Meydan TV-y\u0259 dan\u0131\u015f\u0131b ki, atas\u0131 xaric\u0259 g\u00f6nd\u0259rm\u0259k ad\u0131yla pul almaqda ittiham olunur. Nigar H\u0259zi bu ittiham\u0131n yalan oldu\u011funu, Tofiq Yaqublunu \u015f\u0259rl\u0259m\u0259k m\u0259qs\u0259dil\u0259 m\u00fc\u0259yy\u0259n adamlardan istifad\u0259 edildiyini deyir:<\/p>\n\n\n\n<p><em>&#8220;Elnur Vaqifo\u011flu adl\u0131 biri var, uzun ill\u0259r \u0259rzind\u0259 zaman-zaman m\u00fcxt\u0259lif adamlara qar\u015f\u0131 cinay\u0259t i\u015fl\u0259rind\u0259 ondan istifad\u0259 olunub. \u00d6z\u00fc d\u0259 d\u0259l\u0259duzlu\u011fa g\u00f6r\u0259 m\u0259hkum edilib. \u0130ndi ondan atan\u0131 \u015f\u0259rl\u0259m\u0259k \u00fc\u00e7\u00fcn istifad\u0259 edirl\u0259r. Guya xaric\u0259 getm\u0259k ist\u0259y\u0259n biri Elnur Vaqifo\u011fluna pul verib. O da vasit\u0259\u00e7ilik edib, pulu ataya verib. Tamamil\u0259 yalan, saxta, uydurma i\u015fdir. Bel\u0259 bir \u015fey olmay\u0131b, ola da bilm\u0259zdi\u2026&#8221;<\/em>.<\/p>\n\n\n\n<p>\u0130ddia olunur ki, pul dekabr\u0131n 8-d\u0259 verilib, 11-d\u0259 is\u0259 cinay\u0259t i\u015fi ba\u015flan\u0131b. Nigar H\u0259zi deyir ki, c\u0259mi 3 g\u00fcn \u0259rzind\u0259 cinay\u0259t i\u015fi ba\u015flanmas\u0131 v\u0259 Tofiq Yaqublunun h\u0259bsi d\u0259 bunun siyasi sifari\u015fl\u0259 uydurulmu\u015f i\u015f oldu\u011funu s\u00fcbut edir.<\/p>\n\n\n\n<p>Tofiq Yaqublu siyasi f\u0259aliyy\u0259ti d\u00f6vr\u00fcnd\u0259 bir ne\u00e7\u0259 d\u0259f\u0259 inzibati v\u0259 uzunm\u00fcdd\u0259tli h\u0259bsd\u0259 olub.<\/p>\n\n\n\n<p>O, 2013-c\u00fc ild\u0259 \u0130smay\u0131ll\u0131da etirazlar\u0131n t\u0259\u015fkilind\u0259 ittiham olunaraq h\u0259bs edilib. 6 il azadl\u0131qdan m\u0259hrum edil\u0259n siyas\u0259t\u00e7i 2017-ci ild\u0259 \u0259fv s\u0259r\u0259ncam\u0131yla azadl\u0131\u011fa burax\u0131l\u0131b. <\/p>\n\n\n\n<p>O, daha sonra 2020-ci il mart\u0131n 22-d\u0259 xuliqanl\u0131q ittiham\u0131yla h\u0259bs olunub. \u0130ddia olunub ki, o, \u201c8-ci kilometr bazar\u0131\u201dn\u0131n yan\u0131nda avtomobil q\u0259zas\u0131 t\u00f6r\u0259dib, daha sonra dig\u0259r avtomobilin s\u00fcr\u00fcc\u00fcs\u00fcn\u00fc v\u0259 onun h\u0259yat yolda\u015f\u0131n\u0131 t\u0259hqir edib, onlara x\u0259sar\u0259t yetirib. Bu d\u0259f\u0259 Nizami Rayon M\u0259hk\u0259m\u0259sinin h\u00f6km\u00fcyl\u0259 4 il 3 ay azadl\u0131qdan m\u0259hrum edilib. H\u00f6kmd\u0259n d\u0259rhal sonra &#8211; 2 sentyabr 2020-ci ild\u0259 m\u0259hk\u0259m\u0259 \u0259dal\u0259tsizliyin\u0259 etiraz olaraq acl\u0131\u011fa ba\u015flad\u0131\u011f\u0131n\u0131 b\u0259yan ed\u0259n Tofiq Yaqublu bu aksiyan\u0131 17 g\u00fcn davam etdirib. Onun v\u0259ziyy\u0259ti pisl\u0259\u015fdiyin\u0259 g\u00f6r\u0259 istintaq t\u0259cridxanas\u0131ndan klinikaya k\u00f6\u00e7\u00fcr\u00fcl\u00fcb. Sentyabr\u0131n 18-d\u0259 Bak\u0131 Apelyasiya M\u0259hk\u0259m\u0259sinin q\u0259rar\u0131yla o, ev dustaql\u0131\u011f\u0131na burax\u0131l\u0131b. 2021-ci il iyulun 15-d\u0259 Bak\u0131 Apelyasiya M\u0259hk\u0259m\u0259si 4 il 3 ayl\u0131q h\u0259bs h\u00f6km\u00fcn\u00fc \u015f\u0259rti c\u0259za il\u0259 \u0259v\u0259zl\u0259yib.<\/p>\n\n\n\n<p>Tofiq Yaqublu etiraz aksiyalar\u0131nda, mitinql\u0259rd\u0259 i\u015ftirak\u0131na g\u00f6r\u0259 bir ne\u00e7\u0259 d\u0259f\u0259 inzibati qaydada 30 sutkal\u0131q h\u0259bs olunub.<\/p>\n\n\n\n<p>Bundan ba\u015fqa, o, 2021-ci il dekabr\u0131n 1-d\u0259 etiraz aksiyas\u0131nda saxlanm\u0131\u015f, h\u0259min g\u00fcn ax\u015fam saatlar\u0131nda burax\u0131lm\u0131\u015fd\u0131. F\u0259vvar\u0259l\u0259r meydan\u0131nda kameralar qar\u015f\u0131s\u0131nda saxlan\u0131lan Tofiq Yaqublu burax\u0131lark\u0259n Qarada\u011f rayonu, \u018fl\u0259t q\u0259s\u0259b\u0259sind\u0259, \u00fcz\u0259rind\u0259 a\u011f\u0131r x\u0259sar\u0259tl\u0259rl\u0259 tap\u0131lm\u0131\u015fd\u0131. <\/p>\n\n\n\n<p>Siyasi f\u0259al \u00f6nc\u0259 polis idar\u0259sind\u0259, ax\u015fam\u00fcst\u00fc is\u0259 oradan \u00e7\u0131xar\u0131laraq, \u00e7\u00f6ll\u00fck \u0259razid\u0259 d\u00f6y\u00fcl\u0259r\u0259k bu v\u0259ziyy\u0259t\u0259 sal\u0131nd\u0131\u011f\u0131n\u0131 bildirirdi. Daxili \u0130\u015fl\u0259r Nazirliyi is\u0259 onun dedikl\u0259rini t\u0259kzib edirdi. <\/p>\n\n\n\n<p>Prokurorluq da siyasi f\u0259al\u0131n \u015fikay\u0259ti \u00fczr\u0259 cinay\u0259t i\u015fi ba\u015flamaqdan imtina etdi, bel\u0259 n\u0259tic\u0259y\u0259 g\u0259ldi ki, Tofiq Yaqublu \u00f6z\u00fc \u00f6z ba\u015f\u0131n\u0131, b\u0259d\u0259nini divara, polis ma\u015f\u0131n\u0131na vuraraq, o v\u0259ziyy\u0259t\u0259 d\u00fc\u015f\u00fcb.<\/p>\n","protected":false},"excerpt":{"rendered":"<p>\u201cBu, m\u0259hk\u0259m\u0259 deyil ki\u2026\u201d Milli \u015euran\u0131n v\u0259 M\u00fcsavat Partiyas\u0131n\u0131n \u00fczv\u00fc &#8230; <\/p>\n<p class=\"read-more-container\"><a title=\"Tofiq Yaqublu bar\u0259sind\u0259 h\u0259bs q\u0259timkan t\u0259dbiri se\u00e7ilib\" class=\"read-more button\" href=\"https:\/\/www.meydan.tv\/az\/article\/tofiq-yaqublu-baresinde-hebs-qetimkan-tedbiri-secilib\/#more-293057\" aria-label=\"Read more about Tofiq Yaqublu bar\u0259sind\u0259 h\u0259bs q\u0259timkan t\u0259dbiri se\u00e7ilib\">Davam\u0131<\/a><\/p>\n","protected":false},"author":12,"featured_media":293008,"comment_status":"closed","ping_status":"closed","sticky":false,"template":"","format":"standard","meta":{"_acf_changed":false,"_sitemap_exclude":false,"_sitemap_priority":"","_sitemap_frequency":"","footnotes":""},"categories":[59,79,63,56],"tags":[],"class_list":["post-293057","post","type-post","status-publish","format-standard","has-post-thumbnail","hentry","category-siyaset","category-featured","category-video-2","category-xeberler","infinite-scroll-item","generate-columns","tablet-grid-50","mobile-grid-100","grid-parent","grid-33","no-featured-image-padding"],"acf":[],"yoast_head":"<!-- This site is optimized with the Yoast SEO plugin v27.4 - https:\/\/yoast.com\/product\/yoast-seo-wordpress\/ -->\n<title>Tofiq Yaqublu bar\u0259sind\u0259 h\u0259bs q\u0259timkan t\u0259dbiri se\u00e7ilib - MEYDAN.TV<\/title>\n<meta name=\"robots\" content=\"index, follow, max-snippet:-1, max-image-preview:large, max-video-preview:-1\" \/>\n<link rel=\"canonical\" href=\"https:\/\/www.meydan.tv\/az\/article\/tofiq-yaqublu-baresinde-hebs-qetimkan-tedbiri-secilib\/\" \/>\n<meta property=\"og:locale\" content=\"az_AZ\" \/>\n<meta property=\"og:type\" content=\"article\" \/>\n<meta property=\"og:title\" content=\"Tofiq Yaqublu bar\u0259sind\u0259 h\u0259bs q\u0259timkan t\u0259dbiri se\u00e7ilib - MEYDAN.TV\" \/>\n<meta property=\"og:description\" content=\"\u201cBu, m\u0259hk\u0259m\u0259 deyil ki\u2026\u201d Milli \u015euran\u0131n v\u0259 M\u00fcsavat Partiyas\u0131n\u0131n \u00fczv\u00fc ... Davam\u0131\" \/>\n<meta property=\"og:url\" content=\"https:\/\/www.meydan.tv\/az\/article\/tofiq-yaqublu-baresinde-hebs-qetimkan-tedbiri-secilib\/\" \/>\n<meta property=\"og:site_name\" content=\"MEYDAN.TV\" \/>\n<meta property=\"article:published_time\" content=\"2023-12-15T14:54:33+00:00\" \/>\n<meta property=\"article:modified_time\" content=\"2023-12-15T18:22:53+00:00\" \/>\n<meta property=\"og:image\" content=\"https:\/\/www.meydan.tv\/wp-content\/uploads\/img_8198-e1702652035611.jpg\" \/>\n\t<meta property=\"og:image:width\" content=\"1200\" \/>\n\t<meta property=\"og:image:height\" content=\"544\" \/>\n\t<meta property=\"og:image:type\" content=\"image\/jpeg\" \/>\n<meta name=\"author\" content=\"aleks\" \/>\n<meta name=\"twitter:card\" content=\"summary_large_image\" \/>\n<script type=\"application\/ld+json\" class=\"yoast-schema-graph\">{\"@context\":\"https:\\\/\\\/schema.org\",\"@graph\":[{\"@type\":\"Article\",\"@id\":\"https:\\\/\\\/www.meydan.tv\\\/az\\\/article\\\/tofiq-yaqublu-baresinde-hebs-qetimkan-tedbiri-secilib\\\/#article\",\"isPartOf\":{\"@id\":\"https:\\\/\\\/www.meydan.tv\\\/az\\\/article\\\/tofiq-yaqublu-baresinde-hebs-qetimkan-tedbiri-secilib\\\/\"},\"author\":{\"name\":\"aleks\",\"@id\":\"https:\\\/\\\/www.meydan.tv\\\/az\\\/#\\\/schema\\\/person\\\/476e9360e593fa131d5d71d51866f8da\"},\"headline\":\"Tofiq Yaqublu bar\u0259sind\u0259 h\u0259bs q\u0259timkan t\u0259dbiri se\u00e7ilib\",\"datePublished\":\"2023-12-15T14:54:33+00:00\",\"dateModified\":\"2023-12-15T18:22:53+00:00\",\"mainEntityOfPage\":{\"@id\":\"https:\\\/\\\/www.meydan.tv\\\/az\\\/article\\\/tofiq-yaqublu-baresinde-hebs-qetimkan-tedbiri-secilib\\\/\"},\"wordCount\":942,\"publisher\":{\"@id\":\"https:\\\/\\\/www.meydan.tv\\\/az\\\/#organization\"},\"image\":{\"@id\":\"https:\\\/\\\/www.meydan.tv\\\/az\\\/article\\\/tofiq-yaqublu-baresinde-hebs-qetimkan-tedbiri-secilib\\\/#primaryimage\"},\"thumbnailUrl\":\"https:\\\/\\\/www.meydan.tv\\\/wp-content\\\/uploads\\\/img_8198-e1702652035611.jpg\",\"articleSection\":[\"Siyas\u0259t\",\"T\u00f6vsiy\u0259\",\"Video\",\"X\u0259b\u0259rl\u0259r\"],\"inLanguage\":\"az\"},{\"@type\":\"WebPage\",\"@id\":\"https:\\\/\\\/www.meydan.tv\\\/az\\\/article\\\/tofiq-yaqublu-baresinde-hebs-qetimkan-tedbiri-secilib\\\/\",\"url\":\"https:\\\/\\\/www.meydan.tv\\\/az\\\/article\\\/tofiq-yaqublu-baresinde-hebs-qetimkan-tedbiri-secilib\\\/\",\"name\":\"Tofiq Yaqublu bar\u0259sind\u0259 h\u0259bs q\u0259timkan t\u0259dbiri se\u00e7ilib - MEYDAN.TV\",\"isPartOf\":{\"@id\":\"https:\\\/\\\/www.meydan.tv\\\/az\\\/#website\"},\"primaryImageOfPage\":{\"@id\":\"https:\\\/\\\/www.meydan.tv\\\/az\\\/article\\\/tofiq-yaqublu-baresinde-hebs-qetimkan-tedbiri-secilib\\\/#primaryimage\"},\"image\":{\"@id\":\"https:\\\/\\\/www.meydan.tv\\\/az\\\/article\\\/tofiq-yaqublu-baresinde-hebs-qetimkan-tedbiri-secilib\\\/#primaryimage\"},\"thumbnailUrl\":\"https:\\\/\\\/www.meydan.tv\\\/wp-content\\\/uploads\\\/img_8198-e1702652035611.jpg\",\"datePublished\":\"2023-12-15T14:54:33+00:00\",\"dateModified\":\"2023-12-15T18:22:53+00:00\",\"breadcrumb\":{\"@id\":\"https:\\\/\\\/www.meydan.tv\\\/az\\\/article\\\/tofiq-yaqublu-baresinde-hebs-qetimkan-tedbiri-secilib\\\/#breadcrumb\"},\"inLanguage\":\"az\",\"potentialAction\":[{\"@type\":\"ReadAction\",\"target\":[\"https:\\\/\\\/www.meydan.tv\\\/az\\\/article\\\/tofiq-yaqublu-baresinde-hebs-qetimkan-tedbiri-secilib\\\/\"]}]},{\"@type\":\"ImageObject\",\"inLanguage\":\"az\",\"@id\":\"https:\\\/\\\/www.meydan.tv\\\/az\\\/article\\\/tofiq-yaqublu-baresinde-hebs-qetimkan-tedbiri-secilib\\\/#primaryimage\",\"url\":\"https:\\\/\\\/www.meydan.tv\\\/wp-content\\\/uploads\\\/img_8198-e1702652035611.jpg\",\"contentUrl\":\"https:\\\/\\\/www.meydan.tv\\\/wp-content\\\/uploads\\\/img_8198-e1702652035611.jpg\",\"width\":1200,\"height\":544,\"caption\":\"Tofiq Yaqublu. Foto: Meydan TV\"},{\"@type\":\"BreadcrumbList\",\"@id\":\"https:\\\/\\\/www.meydan.tv\\\/az\\\/article\\\/tofiq-yaqublu-baresinde-hebs-qetimkan-tedbiri-secilib\\\/#breadcrumb\",\"itemListElement\":[{\"@type\":\"ListItem\",\"position\":1,\"name\":\"Ana s\u0259hif\u0259\",\"item\":\"https:\\\/\\\/www.meydan.tv\\\/az\\\/\"},{\"@type\":\"ListItem\",\"position\":2,\"name\":\"X\u0259b\u0259rl\u0259r\",\"item\":\"https:\\\/\\\/www.meydan.tv\\\/az\\\/section\\\/xeberler\\\/\"},{\"@type\":\"ListItem\",\"position\":3,\"name\":\"Tofiq Yaqublu bar\u0259sind\u0259 h\u0259bs q\u0259timkan t\u0259dbiri se\u00e7ilib\"}]},{\"@type\":\"WebSite\",\"@id\":\"https:\\\/\\\/www.meydan.tv\\\/az\\\/#website\",\"url\":\"https:\\\/\\\/www.meydan.tv\\\/az\\\/\",\"name\":\"MEYDAN.TV\",\"description\":\"Meydan TV Az\u0259rbaycan\u0131n media m\u0259kan\u0131ndak\u0131 alternativ s\u0259sidir\",\"publisher\":{\"@id\":\"https:\\\/\\\/www.meydan.tv\\\/az\\\/#organization\"},\"potentialAction\":[{\"@type\":\"SearchAction\",\"target\":{\"@type\":\"EntryPoint\",\"urlTemplate\":\"https:\\\/\\\/www.meydan.tv\\\/az\\\/?s={search_term_string}\"},\"query-input\":{\"@type\":\"PropertyValueSpecification\",\"valueRequired\":true,\"valueName\":\"search_term_string\"}}],\"inLanguage\":\"az\"},{\"@type\":\"Organization\",\"@id\":\"https:\\\/\\\/www.meydan.tv\\\/az\\\/#organization\",\"name\":\"Meydan TV\",\"url\":\"https:\\\/\\\/www.meydan.tv\\\/az\\\/\",\"logo\":{\"@type\":\"ImageObject\",\"inLanguage\":\"az\",\"@id\":\"https:\\\/\\\/www.meydan.tv\\\/az\\\/#\\\/schema\\\/logo\\\/image\\\/\",\"url\":\"https:\\\/\\\/www.meydan.tv\\\/wp-content\\\/uploads\\\/2021\\\/07\\\/meydan-logo.svg\",\"contentUrl\":\"https:\\\/\\\/www.meydan.tv\\\/wp-content\\\/uploads\\\/2021\\\/07\\\/meydan-logo.svg\",\"width\":195,\"height\":46,\"caption\":\"Meydan TV\"},\"image\":{\"@id\":\"https:\\\/\\\/www.meydan.tv\\\/az\\\/#\\\/schema\\\/logo\\\/image\\\/\"}},{\"@type\":\"Person\",\"@id\":\"https:\\\/\\\/www.meydan.tv\\\/az\\\/#\\\/schema\\\/person\\\/476e9360e593fa131d5d71d51866f8da\",\"name\":\"aleks\"}]}<\/script>\n<!-- \/ Yoast SEO plugin. -->","yoast_head_json":{"title":"Tofiq Yaqublu bar\u0259sind\u0259 h\u0259bs q\u0259timkan t\u0259dbiri se\u00e7ilib - MEYDAN.TV","robots":{"index":"index","follow":"follow","max-snippet":"max-snippet:-1","max-image-preview":"max-image-preview:large","max-video-preview":"max-video-preview:-1"},"canonical":"https:\/\/www.meydan.tv\/az\/article\/tofiq-yaqublu-baresinde-hebs-qetimkan-tedbiri-secilib\/","og_locale":"az_AZ","og_type":"article","og_title":"Tofiq Yaqublu bar\u0259sind\u0259 h\u0259bs q\u0259timkan t\u0259dbiri se\u00e7ilib - MEYDAN.TV","og_description":"\u201cBu, m\u0259hk\u0259m\u0259 deyil ki\u2026\u201d Milli \u015euran\u0131n v\u0259 M\u00fcsavat Partiyas\u0131n\u0131n \u00fczv\u00fc ... Davam\u0131","og_url":"https:\/\/www.meydan.tv\/az\/article\/tofiq-yaqublu-baresinde-hebs-qetimkan-tedbiri-secilib\/","og_site_name":"MEYDAN.TV","article_published_time":"2023-12-15T14:54:33+00:00","article_modified_time":"2023-12-15T18:22:53+00:00","og_image":[{"width":1200,"height":544,"url":"https:\/\/www.meydan.tv\/wp-content\/uploads\/img_8198-e1702652035611.jpg","type":"image\/jpeg"}],"author":"aleks","twitter_card":"summary_large_image","schema":{"@context":"https:\/\/schema.org","@graph":[{"@type":"Article","@id":"https:\/\/www.meydan.tv\/az\/article\/tofiq-yaqublu-baresinde-hebs-qetimkan-tedbiri-secilib\/#article","isPartOf":{"@id":"https:\/\/www.meydan.tv\/az\/article\/tofiq-yaqublu-baresinde-hebs-qetimkan-tedbiri-secilib\/"},"author":{"name":"aleks","@id":"https:\/\/www.meydan.tv\/az\/#\/schema\/person\/476e9360e593fa131d5d71d51866f8da"},"headline":"Tofiq Yaqublu bar\u0259sind\u0259 h\u0259bs q\u0259timkan t\u0259dbiri se\u00e7ilib","datePublished":"2023-12-15T14:54:33+00:00","dateModified":"2023-12-15T18:22:53+00:00","mainEntityOfPage":{"@id":"https:\/\/www.meydan.tv\/az\/article\/tofiq-yaqublu-baresinde-hebs-qetimkan-tedbiri-secilib\/"},"wordCount":942,"publisher":{"@id":"https:\/\/www.meydan.tv\/az\/#organization"},"image":{"@id":"https:\/\/www.meydan.tv\/az\/article\/tofiq-yaqublu-baresinde-hebs-qetimkan-tedbiri-secilib\/#primaryimage"},"thumbnailUrl":"https:\/\/www.meydan.tv\/wp-content\/uploads\/img_8198-e1702652035611.jpg","articleSection":["Siyas\u0259t","T\u00f6vsiy\u0259","Video","X\u0259b\u0259rl\u0259r"],"inLanguage":"az"},{"@type":"WebPage","@id":"https:\/\/www.meydan.tv\/az\/article\/tofiq-yaqublu-baresinde-hebs-qetimkan-tedbiri-secilib\/","url":"https:\/\/www.meydan.tv\/az\/article\/tofiq-yaqublu-baresinde-hebs-qetimkan-tedbiri-secilib\/","name":"Tofiq Yaqublu bar\u0259sind\u0259 h\u0259bs q\u0259timkan t\u0259dbiri se\u00e7ilib - MEYDAN.TV","isPartOf":{"@id":"https:\/\/www.meydan.tv\/az\/#website"},"primaryImageOfPage":{"@id":"https:\/\/www.meydan.tv\/az\/article\/tofiq-yaqublu-baresinde-hebs-qetimkan-tedbiri-secilib\/#primaryimage"},"image":{"@id":"https:\/\/www.meydan.tv\/az\/article\/tofiq-yaqublu-baresinde-hebs-qetimkan-tedbiri-secilib\/#primaryimage"},"thumbnailUrl":"https:\/\/www.meydan.tv\/wp-content\/uploads\/img_8198-e1702652035611.jpg","datePublished":"2023-12-15T14:54:33+00:00","dateModified":"2023-12-15T18:22:53+00:00","breadcrumb":{"@id":"https:\/\/www.meydan.tv\/az\/article\/tofiq-yaqublu-baresinde-hebs-qetimkan-tedbiri-secilib\/#breadcrumb"},"inLanguage":"az","potentialAction":[{"@type":"ReadAction","target":["https:\/\/www.meydan.tv\/az\/article\/tofiq-yaqublu-baresinde-hebs-qetimkan-tedbiri-secilib\/"]}]},{"@type":"ImageObject","inLanguage":"az","@id":"https:\/\/www.meydan.tv\/az\/article\/tofiq-yaqublu-baresinde-hebs-qetimkan-tedbiri-secilib\/#primaryimage","url":"https:\/\/www.meydan.tv\/wp-content\/uploads\/img_8198-e1702652035611.jpg","contentUrl":"https:\/\/www.meydan.tv\/wp-content\/uploads\/img_8198-e1702652035611.jpg","width":1200,"height":544,"caption":"Tofiq Yaqublu. Foto: Meydan TV"},{"@type":"BreadcrumbList","@id":"https:\/\/www.meydan.tv\/az\/article\/tofiq-yaqublu-baresinde-hebs-qetimkan-tedbiri-secilib\/#breadcrumb","itemListElement":[{"@type":"ListItem","position":1,"name":"Ana s\u0259hif\u0259","item":"https:\/\/www.meydan.tv\/az\/"},{"@type":"ListItem","position":2,"name":"X\u0259b\u0259rl\u0259r","item":"https:\/\/www.meydan.tv\/az\/section\/xeberler\/"},{"@type":"ListItem","position":3,"name":"Tofiq Yaqublu bar\u0259sind\u0259 h\u0259bs q\u0259timkan t\u0259dbiri se\u00e7ilib"}]},{"@type":"WebSite","@id":"https:\/\/www.meydan.tv\/az\/#website","url":"https:\/\/www.meydan.tv\/az\/","name":"MEYDAN.TV","description":"Meydan TV Az\u0259rbaycan\u0131n media m\u0259kan\u0131ndak\u0131 alternativ s\u0259sidir","publisher":{"@id":"https:\/\/www.meydan.tv\/az\/#organization"},"potentialAction":[{"@type":"SearchAction","target":{"@type":"EntryPoint","urlTemplate":"https:\/\/www.meydan.tv\/az\/?s={search_term_string}"},"query-input":{"@type":"PropertyValueSpecification","valueRequired":true,"valueName":"search_term_string"}}],"inLanguage":"az"},{"@type":"Organization","@id":"https:\/\/www.meydan.tv\/az\/#organization","name":"Meydan TV","url":"https:\/\/www.meydan.tv\/az\/","logo":{"@type":"ImageObject","inLanguage":"az","@id":"https:\/\/www.meydan.tv\/az\/#\/schema\/logo\/image\/","url":"https:\/\/www.meydan.tv\/wp-content\/uploads\/2021\/07\/meydan-logo.svg","contentUrl":"https:\/\/www.meydan.tv\/wp-content\/uploads\/2021\/07\/meydan-logo.svg","width":195,"height":46,"caption":"Meydan TV"},"image":{"@id":"https:\/\/www.meydan.tv\/az\/#\/schema\/logo\/image\/"}},{"@type":"Person","@id":"https:\/\/www.meydan.tv\/az\/#\/schema\/person\/476e9360e593fa131d5d71d51866f8da","name":"aleks"}]}},"_links":{"self":[{"href":"https:\/\/www.meydan.tv\/az\/wp-json\/wp\/v2\/posts\/293057","targetHints":{"allow":["GET"]}}],"collection":[{"href":"https:\/\/www.meydan.tv\/az\/wp-json\/wp\/v2\/posts"}],"about":[{"href":"https:\/\/www.meydan.tv\/az\/wp-json\/wp\/v2\/types\/post"}],"author":[{"embeddable":true,"href":"https:\/\/www.meydan.tv\/az\/wp-json\/wp\/v2\/users\/12"}],"replies":[{"embeddable":true,"href":"https:\/\/www.meydan.tv\/az\/wp-json\/wp\/v2\/comments?post=293057"}],"version-history":[{"count":4,"href":"https:\/\/www.meydan.tv\/az\/wp-json\/wp\/v2\/posts\/293057\/revisions"}],"predecessor-version":[{"id":293064,"href":"https:\/\/www.meydan.tv\/az\/wp-json\/wp\/v2\/posts\/293057\/revisions\/293064"}],"wp:featuredmedia":[{"embeddable":true,"href":"https:\/\/www.meydan.tv\/az\/wp-json\/wp\/v2\/media\/293008"}],"wp:attachment":[{"href":"https:\/\/www.meydan.tv\/az\/wp-json\/wp\/v2\/media?parent=293057"}],"wp:term":[{"taxonomy":"category","embeddable":true,"href":"https:\/\/www.meydan.tv\/az\/wp-json\/wp\/v2\/categories?post=293057"},{"taxonomy":"post_tag","embeddable":true,"href":"https:\/\/www.meydan.tv\/az\/wp-json\/wp\/v2\/tags?post=293057"}],"curies":[{"name":"wp","href":"https:\/\/api.w.org\/{rel}","templated":true}]}}