{"id":293029,"date":"2023-12-15T15:40:40","date_gmt":"2023-12-15T11:40:40","guid":{"rendered":"https:\/\/www.meydan.tv\/?p=293029"},"modified":"2023-12-15T15:40:42","modified_gmt":"2023-12-15T11:40:42","slug":"nazirin-cixisina-reaksiya-ne-qeder-ki-mekteblerde-secki-qutusu-var-tehsil-olmayacaq","status":"publish","type":"post","link":"https:\/\/www.meydan.tv\/az\/article\/nazirin-cixisina-reaksiya-ne-qeder-ki-mekteblerde-secki-qutusu-var-tehsil-olmayacaq\/","title":{"rendered":"Nazirin \u00e7\u0131x\u0131\u015f\u0131na reaksiya: &#8220;N\u0259 q\u0259d\u0259r ki m\u0259kt\u0259bl\u0259rd\u0259 se\u00e7ki qutusu var, t\u0259hsil olmayacaq&#8221;"},"content":{"rendered":"\n<p><\/p>\n\n\n\n<p><strong><em>Ekspert deyir ki, t\u0259hsil\u0259 ayr\u0131lan v\u0259sait d\u00fczg\u00fcn istifad\u0259 olunmur, yeyilir<\/em><\/strong><\/p>\n\n\n\n<p><em>\u201cM\u0259kt\u0259b art\u0131q t\u0259hsill\u0259 deyil, siyas\u0259tl\u0259 m\u0259\u015f\u011fuldur. T\u0259hsil siyas\u0259t\u0259 qo\u015fulub. N\u0259 q\u0259d\u0259r ki m\u0259kt\u0259bl\u0259rd\u0259 se\u00e7ki qutusu var, orada t\u0259hsil olmayacaq\u201d<\/em>.<\/p>\n\n\n\n<p>Bunu Meydan TV-y\u0259 t\u0259hsil eksperti Nabat\u0259li Qulamo\u011flu Elm v\u0259 t\u0259hsil naziri Emin \u018fmrullayevin Az\u0259rbaycanda t\u0259hsilin keyfiyy\u0259tinin a\u015fa\u011f\u0131 olmas\u0131 il\u0259 ba\u011fl\u0131 fikirl\u0259rini \u015f\u0259rh ed\u0259rk\u0259n deyib.<\/p>\n\n\n\n<p>Emin \u018fmrullayev bu g\u00fcn, dekabr\u0131n 15-d\u0259 m\u00fc\u0259lliml\u0259rin XVI qurultay\u0131nda bildirib ki, haz\u0131rda \u00f6lk\u0259d\u0259 bir \u015fagirdin illik t\u0259hsili \u00fc\u00e7\u00fcn 7 min manat x\u0259rcl\u0259nir. Lakin bununla bel\u0259 t\u0259hsilin keyfiyy\u0259ti a\u015fa\u011f\u0131d\u0131r.<\/p>\n\n\n\n<p><em>\u201cBu da \u00f6z\u0259l t\u0259hsil m\u00fc\u0259ssis\u0259si il\u0259 dem\u0259k olar ki, eynidir. Amma n\u0259tic\u0259 a\u015fa\u011f\u0131d\u0131r. Bak\u0131da \u0259n b\u00f6y\u00fck tutumu olan m\u0259kt\u0259bin bir \u015fagirdi \u00fc\u00e7\u00fcn bu r\u0259q\u0259m 600 manat, ucqar k\u0259ndd\u0259 30 min manatd\u0131r. Bu da paylanma bax\u0131m\u0131ndan do\u011fru deyil. D\u00f6vl\u0259t v\u0259saitind\u0259n daha s\u0259m\u0259r\u0259li, n\u0259tic\u0259y\u00f6n\u00fcml\u00fc x\u0259rcl\u0259nm\u0259si istiqam\u0259tind\u0259 rasionalla\u015fd\u0131rma t\u0259dbirl\u0259rini davam etdir\u0259c\u0259yik\u201d<\/em>, &#8211; nazir deyib.<\/p>\n\n\n\n<p>Nabat\u0259li Qulamo\u011flu deyir ki, Az\u0259rbaycanda h\u0259r il b\u00fcdc\u0259d\u0259n t\u0259hsil\u0259 ayr\u0131lan v\u0259sait d\u00fczg\u00fcn istifad\u0259 olunmur:<\/p>\n\n\n\n<p><em>\u201cH\u0259r il d\u00f6vl\u0259t b\u00fcdc\u0259sind\u0259n t\u0259hsil\u0259 4 milyard manat pul ayr\u0131l\u0131r. Bu da o dem\u0259kdir ki, bir \u015fagirdin illik t\u0259hsil haqq\u0131 3500 manat edir. Lakin bu pullar yar\u0131s\u0131 m\u0259kt\u0259b direktorlar\u0131na, t\u0259hsil nazirliyinin i\u015f\u00e7il\u0259rin\u0259, t\u0259hsil i\u015fi il\u0259 m\u0259\u015f\u011ful olan t\u0259\u015fkilatlara \u00e7at\u0131r. Qalan\u0131n\u0131 da vermirl\u0259r, ham\u0131s\u0131n\u0131 yeyirl\u0259r. Yerd\u0259 qal\u0131r, m\u00fc\u0259lliml\u0259r\u0259 veril\u0259n \u0259m\u0259khaqq\u0131. H\u0259min m\u0259bl\u0259\u011f d\u0259 normal haqq deyil, azd\u0131r\u201d<\/em>.<\/p>\n\n\n\n<p>Ekspertin fikrinc\u0259, Az\u0259rbaycan h\u00f6kum\u0259ti \u00f6lk\u0259d\u0259 t\u0259hsilin inki\u015faf\u0131nda maraql\u0131 deyil:<\/p>\n\n\n\n<p><em>\u201c\u00d6lk\u0259d\u0259 savadl\u0131, t\u0259hsilli adamlar\u0131n olmas\u0131n\u0131 ist\u0259mirl\u0259r. \u00c7\u00fcnki t\u0259hsilli, savadl\u0131 adamlar bunlardan haqq, h\u00fcquq t\u0259l\u0259b edirl\u0259r. Bir \u00f6lk\u0259d\u0259 ki \u00c7evik Polis Alay\u0131n\u0131n siravi i\u015f\u00e7isi m\u00fc\u0259llimd\u0259n \u00fc\u00e7qat yuxar\u0131 maa\u015f al\u0131rsa, t\u0259hsilin v\u0259ziyy\u0259tini t\u0259xmin etm\u0259k el\u0259 d\u0259 \u00e7\u0259tin deyil\u201d.<\/em><\/p>\n\n\n\n<p>2024-c\u00fc ild\u0259 d\u00f6vl\u0259t b\u00fcdc\u0259sind\u0259n t\u0259hsil sah\u0259sin\u0259 \u00fcmumilikd\u0259 4 549 916 090,0 manat v\u0259saitin ayr\u0131lmas\u0131 n\u0259z\u0259rd\u0259 tutulub.<\/p>\n\n\n\n<p>H\u0259min m\u0259bl\u0259\u011fd\u0259n 453 018 349,0 manat m\u0259kt\u0259b\u0259q\u0259d\u0259r t\u0259hsil\u0259, 2 371 983 758,0 manat \u00fcmumi t\u0259hsil\u0259, 77 135 017,0 manat pe\u015f\u0259 t\u0259hsilin\u0259, 101 114 397,0 manat orta ixtisas t\u0259hsilin\u0259, 134 806 154,0 manat ali t\u0259hsil\u0259, 20 727 009,0 manat \u0259lav\u0259 t\u0259hsil\u0259, 7 586 356,0 manat t\u0259hsil sah\u0259sind\u0259 t\u0259tbiqi t\u0259dqiqatlara, 1 383 545 050,0 manat is\u0259 t\u0259hsil sah\u0259sind\u0259 dig\u0259r m\u00fc\u0259ssis\u0259 v\u0259 t\u0259dbirl\u0259r\u0259 x\u0259rcl\u0259nm\u0259si proqnozla\u015fd\u0131r\u0131l\u0131b.<\/p>\n","protected":false},"excerpt":{"rendered":"<p>Ekspert deyir ki, t\u0259hsil\u0259 ayr\u0131lan v\u0259sait d\u00fczg\u00fcn istifad\u0259 olunmur, yeyilir &#8230; <\/p>\n<p class=\"read-more-container\"><a title=\"Nazirin \u00e7\u0131x\u0131\u015f\u0131na reaksiya: &#8220;N\u0259 q\u0259d\u0259r ki m\u0259kt\u0259bl\u0259rd\u0259 se\u00e7ki qutusu var, t\u0259hsil olmayacaq&#8221;\" class=\"read-more button\" href=\"https:\/\/www.meydan.tv\/az\/article\/nazirin-cixisina-reaksiya-ne-qeder-ki-mekteblerde-secki-qutusu-var-tehsil-olmayacaq\/#more-293029\" aria-label=\"Read more about Nazirin \u00e7\u0131x\u0131\u015f\u0131na reaksiya: &#8220;N\u0259 q\u0259d\u0259r ki m\u0259kt\u0259bl\u0259rd\u0259 se\u00e7ki qutusu var, t\u0259hsil olmayacaq&#8221;\">Davam\u0131<\/a><\/p>\n","protected":false},"author":21,"featured_media":119333,"comment_status":"closed","ping_status":"closed","sticky":false,"template":"","format":"standard","meta":{"_acf_changed":false,"_sitemap_exclude":false,"_sitemap_priority":"","_sitemap_frequency":"","footnotes":""},"categories":[62,56],"tags":[],"class_list":["post-293029","post","type-post","status-publish","format-standard","has-post-thumbnail","hentry","category-sosial","category-xeberler","infinite-scroll-item","generate-columns","tablet-grid-50","mobile-grid-100","grid-parent","grid-33","no-featured-image-padding"],"acf":[],"yoast_head":"<!-- This site is optimized with the Yoast SEO plugin v27.5 - https:\/\/yoast.com\/product\/yoast-seo-wordpress\/ -->\n<title>Nazirin \u00e7\u0131x\u0131\u015f\u0131na reaksiya: &quot;N\u0259 q\u0259d\u0259r ki m\u0259kt\u0259bl\u0259rd\u0259 se\u00e7ki qutusu var, t\u0259hsil olmayacaq&quot; - MEYDAN.TV<\/title>\n<meta name=\"robots\" content=\"index, follow, max-snippet:-1, max-image-preview:large, max-video-preview:-1\" \/>\n<link rel=\"canonical\" href=\"https:\/\/www.meydan.tv\/az\/article\/nazirin-cixisina-reaksiya-ne-qeder-ki-mekteblerde-secki-qutusu-var-tehsil-olmayacaq\/\" \/>\n<meta property=\"og:locale\" content=\"az_AZ\" \/>\n<meta property=\"og:type\" content=\"article\" \/>\n<meta property=\"og:title\" content=\"Nazirin \u00e7\u0131x\u0131\u015f\u0131na reaksiya: &quot;N\u0259 q\u0259d\u0259r ki m\u0259kt\u0259bl\u0259rd\u0259 se\u00e7ki qutusu var, t\u0259hsil olmayacaq&quot; - MEYDAN.TV\" \/>\n<meta property=\"og:description\" content=\"Ekspert deyir ki, t\u0259hsil\u0259 ayr\u0131lan v\u0259sait d\u00fczg\u00fcn istifad\u0259 olunmur, yeyilir ... Davam\u0131\" \/>\n<meta property=\"og:url\" content=\"https:\/\/www.meydan.tv\/az\/article\/nazirin-cixisina-reaksiya-ne-qeder-ki-mekteblerde-secki-qutusu-var-tehsil-olmayacaq\/\" \/>\n<meta property=\"og:site_name\" content=\"MEYDAN.TV\" \/>\n<meta property=\"article:published_time\" content=\"2023-12-15T11:40:40+00:00\" \/>\n<meta property=\"article:modified_time\" content=\"2023-12-15T11:40:42+00:00\" \/>\n<meta property=\"og:image\" content=\"https:\/\/www.meydan.tv\/wp-content\/uploads\/a7afbe35-212d-4b81-a747-5a7885853709-scaled.jpeg\" \/>\n\t<meta property=\"og:image:width\" content=\"2560\" \/>\n\t<meta property=\"og:image:height\" content=\"1920\" \/>\n\t<meta property=\"og:image:type\" content=\"image\/jpeg\" \/>\n<meta name=\"author\" content=\"mahmud\" \/>\n<meta name=\"twitter:card\" content=\"summary_large_image\" \/>\n<script type=\"application\/ld+json\" class=\"yoast-schema-graph\">{\"@context\":\"https:\\\/\\\/schema.org\",\"@graph\":[{\"@type\":\"Article\",\"@id\":\"https:\\\/\\\/www.meydan.tv\\\/az\\\/article\\\/nazirin-cixisina-reaksiya-ne-qeder-ki-mekteblerde-secki-qutusu-var-tehsil-olmayacaq\\\/#article\",\"isPartOf\":{\"@id\":\"https:\\\/\\\/www.meydan.tv\\\/az\\\/article\\\/nazirin-cixisina-reaksiya-ne-qeder-ki-mekteblerde-secki-qutusu-var-tehsil-olmayacaq\\\/\"},\"author\":{\"name\":\"mahmud\",\"@id\":\"https:\\\/\\\/www.meydan.tv\\\/az\\\/#\\\/schema\\\/person\\\/09863e516102a829e72bedcf3f84c6b0\"},\"headline\":\"Nazirin \u00e7\u0131x\u0131\u015f\u0131na reaksiya: &#8220;N\u0259 q\u0259d\u0259r ki m\u0259kt\u0259bl\u0259rd\u0259 se\u00e7ki qutusu var, t\u0259hsil olmayacaq&#8221;\",\"datePublished\":\"2023-12-15T11:40:40+00:00\",\"dateModified\":\"2023-12-15T11:40:42+00:00\",\"mainEntityOfPage\":{\"@id\":\"https:\\\/\\\/www.meydan.tv\\\/az\\\/article\\\/nazirin-cixisina-reaksiya-ne-qeder-ki-mekteblerde-secki-qutusu-var-tehsil-olmayacaq\\\/\"},\"wordCount\":521,\"publisher\":{\"@id\":\"https:\\\/\\\/www.meydan.tv\\\/az\\\/#organization\"},\"image\":{\"@id\":\"https:\\\/\\\/www.meydan.tv\\\/az\\\/article\\\/nazirin-cixisina-reaksiya-ne-qeder-ki-mekteblerde-secki-qutusu-var-tehsil-olmayacaq\\\/#primaryimage\"},\"thumbnailUrl\":\"https:\\\/\\\/www.meydan.tv\\\/wp-content\\\/uploads\\\/a7afbe35-212d-4b81-a747-5a7885853709-scaled.jpeg\",\"articleSection\":[\"Sosial\",\"X\u0259b\u0259rl\u0259r\"],\"inLanguage\":\"az\"},{\"@type\":\"WebPage\",\"@id\":\"https:\\\/\\\/www.meydan.tv\\\/az\\\/article\\\/nazirin-cixisina-reaksiya-ne-qeder-ki-mekteblerde-secki-qutusu-var-tehsil-olmayacaq\\\/\",\"url\":\"https:\\\/\\\/www.meydan.tv\\\/az\\\/article\\\/nazirin-cixisina-reaksiya-ne-qeder-ki-mekteblerde-secki-qutusu-var-tehsil-olmayacaq\\\/\",\"name\":\"Nazirin \u00e7\u0131x\u0131\u015f\u0131na reaksiya: \\\"N\u0259 q\u0259d\u0259r ki m\u0259kt\u0259bl\u0259rd\u0259 se\u00e7ki qutusu var, t\u0259hsil olmayacaq\\\" - MEYDAN.TV\",\"isPartOf\":{\"@id\":\"https:\\\/\\\/www.meydan.tv\\\/az\\\/#website\"},\"primaryImageOfPage\":{\"@id\":\"https:\\\/\\\/www.meydan.tv\\\/az\\\/article\\\/nazirin-cixisina-reaksiya-ne-qeder-ki-mekteblerde-secki-qutusu-var-tehsil-olmayacaq\\\/#primaryimage\"},\"image\":{\"@id\":\"https:\\\/\\\/www.meydan.tv\\\/az\\\/article\\\/nazirin-cixisina-reaksiya-ne-qeder-ki-mekteblerde-secki-qutusu-var-tehsil-olmayacaq\\\/#primaryimage\"},\"thumbnailUrl\":\"https:\\\/\\\/www.meydan.tv\\\/wp-content\\\/uploads\\\/a7afbe35-212d-4b81-a747-5a7885853709-scaled.jpeg\",\"datePublished\":\"2023-12-15T11:40:40+00:00\",\"dateModified\":\"2023-12-15T11:40:42+00:00\",\"breadcrumb\":{\"@id\":\"https:\\\/\\\/www.meydan.tv\\\/az\\\/article\\\/nazirin-cixisina-reaksiya-ne-qeder-ki-mekteblerde-secki-qutusu-var-tehsil-olmayacaq\\\/#breadcrumb\"},\"inLanguage\":\"az\",\"potentialAction\":[{\"@type\":\"ReadAction\",\"target\":[\"https:\\\/\\\/www.meydan.tv\\\/az\\\/article\\\/nazirin-cixisina-reaksiya-ne-qeder-ki-mekteblerde-secki-qutusu-var-tehsil-olmayacaq\\\/\"]}]},{\"@type\":\"ImageObject\",\"inLanguage\":\"az\",\"@id\":\"https:\\\/\\\/www.meydan.tv\\\/az\\\/article\\\/nazirin-cixisina-reaksiya-ne-qeder-ki-mekteblerde-secki-qutusu-var-tehsil-olmayacaq\\\/#primaryimage\",\"url\":\"https:\\\/\\\/www.meydan.tv\\\/wp-content\\\/uploads\\\/a7afbe35-212d-4b81-a747-5a7885853709-scaled.jpeg\",\"contentUrl\":\"https:\\\/\\\/www.meydan.tv\\\/wp-content\\\/uploads\\\/a7afbe35-212d-4b81-a747-5a7885853709-scaled.jpeg\",\"width\":2560,\"height\":1920,\"caption\":\"Foto: Meydan tv\"},{\"@type\":\"BreadcrumbList\",\"@id\":\"https:\\\/\\\/www.meydan.tv\\\/az\\\/article\\\/nazirin-cixisina-reaksiya-ne-qeder-ki-mekteblerde-secki-qutusu-var-tehsil-olmayacaq\\\/#breadcrumb\",\"itemListElement\":[{\"@type\":\"ListItem\",\"position\":1,\"name\":\"Ana s\u0259hif\u0259\",\"item\":\"https:\\\/\\\/www.meydan.tv\\\/az\\\/\"},{\"@type\":\"ListItem\",\"position\":2,\"name\":\"Sosial\",\"item\":\"https:\\\/\\\/www.meydan.tv\\\/az\\\/section\\\/sosial\\\/\"},{\"@type\":\"ListItem\",\"position\":3,\"name\":\"Nazirin \u00e7\u0131x\u0131\u015f\u0131na reaksiya: &#8220;N\u0259 q\u0259d\u0259r ki m\u0259kt\u0259bl\u0259rd\u0259 se\u00e7ki qutusu var, t\u0259hsil olmayacaq&#8221;\"}]},{\"@type\":\"WebSite\",\"@id\":\"https:\\\/\\\/www.meydan.tv\\\/az\\\/#website\",\"url\":\"https:\\\/\\\/www.meydan.tv\\\/az\\\/\",\"name\":\"MEYDAN.TV\",\"description\":\"Meydan TV Az\u0259rbaycan\u0131n media m\u0259kan\u0131ndak\u0131 alternativ s\u0259sidir\",\"publisher\":{\"@id\":\"https:\\\/\\\/www.meydan.tv\\\/az\\\/#organization\"},\"potentialAction\":[{\"@type\":\"SearchAction\",\"target\":{\"@type\":\"EntryPoint\",\"urlTemplate\":\"https:\\\/\\\/www.meydan.tv\\\/az\\\/?s={search_term_string}\"},\"query-input\":{\"@type\":\"PropertyValueSpecification\",\"valueRequired\":true,\"valueName\":\"search_term_string\"}}],\"inLanguage\":\"az\"},{\"@type\":\"Organization\",\"@id\":\"https:\\\/\\\/www.meydan.tv\\\/az\\\/#organization\",\"name\":\"Meydan TV\",\"url\":\"https:\\\/\\\/www.meydan.tv\\\/az\\\/\",\"logo\":{\"@type\":\"ImageObject\",\"inLanguage\":\"az\",\"@id\":\"https:\\\/\\\/www.meydan.tv\\\/az\\\/#\\\/schema\\\/logo\\\/image\\\/\",\"url\":\"https:\\\/\\\/www.meydan.tv\\\/wp-content\\\/uploads\\\/2021\\\/07\\\/meydan-logo.svg\",\"contentUrl\":\"https:\\\/\\\/www.meydan.tv\\\/wp-content\\\/uploads\\\/2021\\\/07\\\/meydan-logo.svg\",\"width\":195,\"height\":46,\"caption\":\"Meydan TV\"},\"image\":{\"@id\":\"https:\\\/\\\/www.meydan.tv\\\/az\\\/#\\\/schema\\\/logo\\\/image\\\/\"}},{\"@type\":\"Person\",\"@id\":\"https:\\\/\\\/www.meydan.tv\\\/az\\\/#\\\/schema\\\/person\\\/09863e516102a829e72bedcf3f84c6b0\",\"name\":\"mahmud\"}]}<\/script>\n<!-- \/ Yoast SEO plugin. -->","yoast_head_json":{"title":"Nazirin \u00e7\u0131x\u0131\u015f\u0131na reaksiya: \"N\u0259 q\u0259d\u0259r ki m\u0259kt\u0259bl\u0259rd\u0259 se\u00e7ki qutusu var, t\u0259hsil olmayacaq\" - MEYDAN.TV","robots":{"index":"index","follow":"follow","max-snippet":"max-snippet:-1","max-image-preview":"max-image-preview:large","max-video-preview":"max-video-preview:-1"},"canonical":"https:\/\/www.meydan.tv\/az\/article\/nazirin-cixisina-reaksiya-ne-qeder-ki-mekteblerde-secki-qutusu-var-tehsil-olmayacaq\/","og_locale":"az_AZ","og_type":"article","og_title":"Nazirin \u00e7\u0131x\u0131\u015f\u0131na reaksiya: \"N\u0259 q\u0259d\u0259r ki m\u0259kt\u0259bl\u0259rd\u0259 se\u00e7ki qutusu var, t\u0259hsil olmayacaq\" - MEYDAN.TV","og_description":"Ekspert deyir ki, t\u0259hsil\u0259 ayr\u0131lan v\u0259sait d\u00fczg\u00fcn istifad\u0259 olunmur, yeyilir ... Davam\u0131","og_url":"https:\/\/www.meydan.tv\/az\/article\/nazirin-cixisina-reaksiya-ne-qeder-ki-mekteblerde-secki-qutusu-var-tehsil-olmayacaq\/","og_site_name":"MEYDAN.TV","article_published_time":"2023-12-15T11:40:40+00:00","article_modified_time":"2023-12-15T11:40:42+00:00","og_image":[{"width":2560,"height":1920,"url":"https:\/\/www.meydan.tv\/wp-content\/uploads\/a7afbe35-212d-4b81-a747-5a7885853709-scaled.jpeg","type":"image\/jpeg"}],"author":"mahmud","twitter_card":"summary_large_image","schema":{"@context":"https:\/\/schema.org","@graph":[{"@type":"Article","@id":"https:\/\/www.meydan.tv\/az\/article\/nazirin-cixisina-reaksiya-ne-qeder-ki-mekteblerde-secki-qutusu-var-tehsil-olmayacaq\/#article","isPartOf":{"@id":"https:\/\/www.meydan.tv\/az\/article\/nazirin-cixisina-reaksiya-ne-qeder-ki-mekteblerde-secki-qutusu-var-tehsil-olmayacaq\/"},"author":{"name":"mahmud","@id":"https:\/\/www.meydan.tv\/az\/#\/schema\/person\/09863e516102a829e72bedcf3f84c6b0"},"headline":"Nazirin \u00e7\u0131x\u0131\u015f\u0131na reaksiya: &#8220;N\u0259 q\u0259d\u0259r ki m\u0259kt\u0259bl\u0259rd\u0259 se\u00e7ki qutusu var, t\u0259hsil olmayacaq&#8221;","datePublished":"2023-12-15T11:40:40+00:00","dateModified":"2023-12-15T11:40:42+00:00","mainEntityOfPage":{"@id":"https:\/\/www.meydan.tv\/az\/article\/nazirin-cixisina-reaksiya-ne-qeder-ki-mekteblerde-secki-qutusu-var-tehsil-olmayacaq\/"},"wordCount":521,"publisher":{"@id":"https:\/\/www.meydan.tv\/az\/#organization"},"image":{"@id":"https:\/\/www.meydan.tv\/az\/article\/nazirin-cixisina-reaksiya-ne-qeder-ki-mekteblerde-secki-qutusu-var-tehsil-olmayacaq\/#primaryimage"},"thumbnailUrl":"https:\/\/www.meydan.tv\/wp-content\/uploads\/a7afbe35-212d-4b81-a747-5a7885853709-scaled.jpeg","articleSection":["Sosial","X\u0259b\u0259rl\u0259r"],"inLanguage":"az"},{"@type":"WebPage","@id":"https:\/\/www.meydan.tv\/az\/article\/nazirin-cixisina-reaksiya-ne-qeder-ki-mekteblerde-secki-qutusu-var-tehsil-olmayacaq\/","url":"https:\/\/www.meydan.tv\/az\/article\/nazirin-cixisina-reaksiya-ne-qeder-ki-mekteblerde-secki-qutusu-var-tehsil-olmayacaq\/","name":"Nazirin \u00e7\u0131x\u0131\u015f\u0131na reaksiya: \"N\u0259 q\u0259d\u0259r ki m\u0259kt\u0259bl\u0259rd\u0259 se\u00e7ki qutusu var, t\u0259hsil olmayacaq\" - MEYDAN.TV","isPartOf":{"@id":"https:\/\/www.meydan.tv\/az\/#website"},"primaryImageOfPage":{"@id":"https:\/\/www.meydan.tv\/az\/article\/nazirin-cixisina-reaksiya-ne-qeder-ki-mekteblerde-secki-qutusu-var-tehsil-olmayacaq\/#primaryimage"},"image":{"@id":"https:\/\/www.meydan.tv\/az\/article\/nazirin-cixisina-reaksiya-ne-qeder-ki-mekteblerde-secki-qutusu-var-tehsil-olmayacaq\/#primaryimage"},"thumbnailUrl":"https:\/\/www.meydan.tv\/wp-content\/uploads\/a7afbe35-212d-4b81-a747-5a7885853709-scaled.jpeg","datePublished":"2023-12-15T11:40:40+00:00","dateModified":"2023-12-15T11:40:42+00:00","breadcrumb":{"@id":"https:\/\/www.meydan.tv\/az\/article\/nazirin-cixisina-reaksiya-ne-qeder-ki-mekteblerde-secki-qutusu-var-tehsil-olmayacaq\/#breadcrumb"},"inLanguage":"az","potentialAction":[{"@type":"ReadAction","target":["https:\/\/www.meydan.tv\/az\/article\/nazirin-cixisina-reaksiya-ne-qeder-ki-mekteblerde-secki-qutusu-var-tehsil-olmayacaq\/"]}]},{"@type":"ImageObject","inLanguage":"az","@id":"https:\/\/www.meydan.tv\/az\/article\/nazirin-cixisina-reaksiya-ne-qeder-ki-mekteblerde-secki-qutusu-var-tehsil-olmayacaq\/#primaryimage","url":"https:\/\/www.meydan.tv\/wp-content\/uploads\/a7afbe35-212d-4b81-a747-5a7885853709-scaled.jpeg","contentUrl":"https:\/\/www.meydan.tv\/wp-content\/uploads\/a7afbe35-212d-4b81-a747-5a7885853709-scaled.jpeg","width":2560,"height":1920,"caption":"Foto: Meydan tv"},{"@type":"BreadcrumbList","@id":"https:\/\/www.meydan.tv\/az\/article\/nazirin-cixisina-reaksiya-ne-qeder-ki-mekteblerde-secki-qutusu-var-tehsil-olmayacaq\/#breadcrumb","itemListElement":[{"@type":"ListItem","position":1,"name":"Ana s\u0259hif\u0259","item":"https:\/\/www.meydan.tv\/az\/"},{"@type":"ListItem","position":2,"name":"Sosial","item":"https:\/\/www.meydan.tv\/az\/section\/sosial\/"},{"@type":"ListItem","position":3,"name":"Nazirin \u00e7\u0131x\u0131\u015f\u0131na reaksiya: &#8220;N\u0259 q\u0259d\u0259r ki m\u0259kt\u0259bl\u0259rd\u0259 se\u00e7ki qutusu var, t\u0259hsil olmayacaq&#8221;"}]},{"@type":"WebSite","@id":"https:\/\/www.meydan.tv\/az\/#website","url":"https:\/\/www.meydan.tv\/az\/","name":"MEYDAN.TV","description":"Meydan TV Az\u0259rbaycan\u0131n media m\u0259kan\u0131ndak\u0131 alternativ s\u0259sidir","publisher":{"@id":"https:\/\/www.meydan.tv\/az\/#organization"},"potentialAction":[{"@type":"SearchAction","target":{"@type":"EntryPoint","urlTemplate":"https:\/\/www.meydan.tv\/az\/?s={search_term_string}"},"query-input":{"@type":"PropertyValueSpecification","valueRequired":true,"valueName":"search_term_string"}}],"inLanguage":"az"},{"@type":"Organization","@id":"https:\/\/www.meydan.tv\/az\/#organization","name":"Meydan TV","url":"https:\/\/www.meydan.tv\/az\/","logo":{"@type":"ImageObject","inLanguage":"az","@id":"https:\/\/www.meydan.tv\/az\/#\/schema\/logo\/image\/","url":"https:\/\/www.meydan.tv\/wp-content\/uploads\/2021\/07\/meydan-logo.svg","contentUrl":"https:\/\/www.meydan.tv\/wp-content\/uploads\/2021\/07\/meydan-logo.svg","width":195,"height":46,"caption":"Meydan TV"},"image":{"@id":"https:\/\/www.meydan.tv\/az\/#\/schema\/logo\/image\/"}},{"@type":"Person","@id":"https:\/\/www.meydan.tv\/az\/#\/schema\/person\/09863e516102a829e72bedcf3f84c6b0","name":"mahmud"}]}},"_links":{"self":[{"href":"https:\/\/www.meydan.tv\/az\/wp-json\/wp\/v2\/posts\/293029","targetHints":{"allow":["GET"]}}],"collection":[{"href":"https:\/\/www.meydan.tv\/az\/wp-json\/wp\/v2\/posts"}],"about":[{"href":"https:\/\/www.meydan.tv\/az\/wp-json\/wp\/v2\/types\/post"}],"author":[{"embeddable":true,"href":"https:\/\/www.meydan.tv\/az\/wp-json\/wp\/v2\/users\/21"}],"replies":[{"embeddable":true,"href":"https:\/\/www.meydan.tv\/az\/wp-json\/wp\/v2\/comments?post=293029"}],"version-history":[{"count":1,"href":"https:\/\/www.meydan.tv\/az\/wp-json\/wp\/v2\/posts\/293029\/revisions"}],"predecessor-version":[{"id":293030,"href":"https:\/\/www.meydan.tv\/az\/wp-json\/wp\/v2\/posts\/293029\/revisions\/293030"}],"wp:featuredmedia":[{"embeddable":true,"href":"https:\/\/www.meydan.tv\/az\/wp-json\/wp\/v2\/media\/119333"}],"wp:attachment":[{"href":"https:\/\/www.meydan.tv\/az\/wp-json\/wp\/v2\/media?parent=293029"}],"wp:term":[{"taxonomy":"category","embeddable":true,"href":"https:\/\/www.meydan.tv\/az\/wp-json\/wp\/v2\/categories?post=293029"},{"taxonomy":"post_tag","embeddable":true,"href":"https:\/\/www.meydan.tv\/az\/wp-json\/wp\/v2\/tags?post=293029"}],"curies":[{"name":"wp","href":"https:\/\/api.w.org\/{rel}","templated":true}]}}