{"id":293004,"date":"2023-12-15T12:20:17","date_gmt":"2023-12-15T08:20:17","guid":{"rendered":"https:\/\/www.meydan.tv\/?p=293004"},"modified":"2023-12-15T12:20:21","modified_gmt":"2023-12-15T08:20:21","slug":"yap-namizedini-resmen-aciqladi","status":"publish","type":"post","link":"https:\/\/www.meydan.tv\/az\/article\/yap-namizedini-resmen-aciqladi\/","title":{"rendered":"YAP namiz\u0259dini r\u0259sm\u0259n a\u00e7\u0131qlad\u0131"},"content":{"rendered":"\n<p><\/p>\n\n\n\n<p><strong><em>\u0130lham \u018fliyevin s\u0259lahiyy\u0259tli n\u00fcmay\u0259nd\u0259l\u0259ri d\u0259 t\u0259yin olunub<\/em><\/strong><\/p>\n\n\n\n<p>Dekabr\u0131n 15-d\u0259 hakim Yeni Az\u0259rbaycan Partiyas\u0131n\u0131n \u0130dar\u0259 Hey\u0259tinin (YAP \u0130H) iclas\u0131 ke\u00e7irilib.<\/p>\n\n\n\n<p>&#8220;Az\u0259rtac&#8221;\u0131n yayd\u0131\u011f\u0131 m\u0259lumata g\u00f6r\u0259, iclas\u0131n g\u00fcnd\u0259liyin\u0259 4 m\u0259s\u0259l\u0259 daxil edilib:<\/p>\n\n\n\n<p>&#8220;N\u00f6vb\u0259d\u0259nk\u0259nar Prezident se\u00e7kil\u0259rin\u0259 namiz\u0259din ir\u0259li s\u00fcr\u00fclm\u0259si, se\u00e7kil\u0259rl\u0259 \u0259laq\u0259dar Q\u0259rargah\u0131n yarad\u0131lmas\u0131, prezidentliy\u0259 namiz\u0259din n\u00fcmay\u0259nd\u0259l\u0259rinin se\u00e7ilm\u0259si v\u0259 t\u0259\u015fkilati m\u0259s\u0259l\u0259l\u0259r&#8221;.<\/p>\n\n\n\n<p>Bildirilir ki, \u0130dar\u0259 Hey\u0259ti \u0130lham \u018fliyevin prezidentliy\u0259 namiz\u0259dliyini ir\u0259li <a href=\"https:\/\/azertag.az\/xeber\/yeni_azerbaycan_partiyasi_novbedenkenar_prezident_sechkilerine_namizedini_ireli_surub-2851868\">s\u00fcr\u00fcb<\/a>.<\/p>\n\n\n\n<p>YAP s\u0259drinin v\u0259 Ba\u015f nazirin m\u00fcavini \u018fli \u018fhm\u0259dov bildirib ki,&nbsp; q\u0259rar t\u0259kc\u0259 YAP-\u0131n prezidentliy\u0259 namiz\u0259dinin ir\u0259li s\u00fcr\u00fclm\u0259si yox, Az\u0259rbaycan xalq\u0131n\u0131n m\u00f6vqeyi olacaq:<\/p>\n\n\n\n<p>\u201c<em>Prezident \u0130lham \u018fliyev 20 illik f\u0259aliyy\u0259ti il\u0259 Az\u0259rbaycan xalq\u0131n\u0131n arzu-ist\u0259kl\u0259rini yerin\u0259 yetirib\u201d.<\/em><\/p>\n\n\n<div class=\"wp-block-image\">\n<figure class=\"aligncenter size-full\"><img decoding=\"async\" width=\"922\" height=\"630\" data-src=\"https:\/\/www.meydan.tv\/wp-content\/uploads\/1702626207110955407_1200x630.jpg\" alt=\"\" class=\"wp-image-293001 lazyload\" src=\"data:image\/svg+xml;base64,PHN2ZyB3aWR0aD0iMSIgaGVpZ2h0PSIxIiB4bWxucz0iaHR0cDovL3d3dy53My5vcmcvMjAwMC9zdmciPjwvc3ZnPg==\" style=\"--smush-placeholder-width: 922px; --smush-placeholder-aspect-ratio: 922\/630;\" \/><figcaption class=\"wp-element-caption\">YAP \u0130dar\u0259 Hey\u0259ti. Foto: &#8220;Az\u0259rtac&#8221;<\/figcaption><\/figure>\n<\/div>\n\n\n<p>YAP s\u0259drinin m\u00fcavini \u2013 M\u0259rk\u0259zi Aparat\u0131n r\u0259hb\u0259ri Tahir Budaqov v\u0259 YAP s\u0259drinin m\u00fcavini \u018fli \u018fhm\u0259dov partiyan\u0131n n\u00f6vb\u0259d\u0259nk\u0259nar Prezident se\u00e7kil\u0259rind\u0259ki s\u0259lahiyy\u0259tli n\u00fcmay\u0259nd\u0259si t\u0259yin edilib.<\/p>\n\n\n\n<p>M\u0259rk\u0259zi Aparat\u0131n r\u0259hb\u0259rinin m\u00fcavini \u018fhliman Ta\u011f\u0131yev is\u0259 maliyy\u0259 m\u0259s\u0259l\u0259l\u0259ri \u00fczr\u0259 s\u0259lahiyy\u0259tli n\u00fcmay\u0259nd\u0259 t\u0259yin olunub.<\/p>\n\n\n\n<p>2024-c\u00fc ilin fevral\u0131n 7-d\u0259 Az\u0259rbaycanda n\u00f6vb\u0259d\u0259nk\u0259nar Prezident se\u00e7kil\u0259ri ke\u00e7iril\u0259c\u0259k.<\/p>\n\n\n\n<p>\u0130lham \u018fliyevin dekabr\u0131n 7-d\u0259 imzalad\u0131\u011f\u0131 s\u0259r\u0259ncamda qeyd olunub ki, M\u0259rk\u0259zi Se\u00e7ki Komissiyas\u0131 n\u00f6vb\u0259d\u0259nk\u0259nar Prezident se\u00e7kil\u0259rinin 2024-c\u00fc il fevral\u0131n 7-n\u0259 t\u0259yin olunmas\u0131n\u0131 v\u0259 Se\u00e7ki M\u0259c\u0259ll\u0259sind\u0259 m\u00fc\u0259yy\u0259n edilmi\u015f qaydada ke\u00e7irilm\u0259sini t\u0259min etsin.<\/p>\n\n\n\n<p>Az\u0259rbaycanda sonuncu d\u0259f\u0259 Prezident se\u00e7kil\u0259ri 2018-ci il aprelin 11-d\u0259 ke\u00e7irilib.<\/p>\n\n\n\n<p>H\u0259min se\u00e7kil\u0259r d\u0259 n\u00f6vb\u0259d\u0259nk\u0259nar ba\u015f tutub.<\/p>\n\n\n\n<p>\u0130lham \u018fliyev 20 ildir ki, prezidentdir.<\/p>\n","protected":false},"excerpt":{"rendered":"<p>\u0130lham \u018fliyevin s\u0259lahiyy\u0259tli n\u00fcmay\u0259nd\u0259l\u0259ri d\u0259 t\u0259yin olunub Dekabr\u0131n 15-d\u0259 hakim &#8230; <\/p>\n<p class=\"read-more-container\"><a title=\"YAP namiz\u0259dini r\u0259sm\u0259n a\u00e7\u0131qlad\u0131\" class=\"read-more button\" href=\"https:\/\/www.meydan.tv\/az\/article\/yap-namizedini-resmen-aciqladi\/#more-293004\" aria-label=\"Read more about YAP namiz\u0259dini r\u0259sm\u0259n a\u00e7\u0131qlad\u0131\">Davam\u0131<\/a><\/p>\n","protected":false},"author":8,"featured_media":233651,"comment_status":"closed","ping_status":"closed","sticky":false,"template":"","format":"standard","meta":{"_acf_changed":false,"_sitemap_exclude":false,"_sitemap_priority":"","_sitemap_frequency":"","footnotes":""},"categories":[129,59,56],"tags":[],"class_list":["post-293004","post","type-post","status-publish","format-standard","has-post-thumbnail","hentry","category-sechki-2024","category-siyaset","category-xeberler","infinite-scroll-item","generate-columns","tablet-grid-50","mobile-grid-100","grid-parent","grid-33","no-featured-image-padding"],"acf":[],"yoast_head":"<!-- This site is optimized with the Yoast SEO plugin v27.4 - https:\/\/yoast.com\/product\/yoast-seo-wordpress\/ -->\n<title>YAP namiz\u0259dini r\u0259sm\u0259n a\u00e7\u0131qlad\u0131 - MEYDAN.TV<\/title>\n<meta name=\"robots\" content=\"index, follow, max-snippet:-1, max-image-preview:large, max-video-preview:-1\" \/>\n<link rel=\"canonical\" href=\"https:\/\/www.meydan.tv\/az\/article\/yap-namizedini-resmen-aciqladi\/\" \/>\n<meta property=\"og:locale\" content=\"az_AZ\" \/>\n<meta property=\"og:type\" content=\"article\" \/>\n<meta property=\"og:title\" content=\"YAP namiz\u0259dini r\u0259sm\u0259n a\u00e7\u0131qlad\u0131 - MEYDAN.TV\" \/>\n<meta property=\"og:description\" content=\"\u0130lham \u018fliyevin s\u0259lahiyy\u0259tli n\u00fcmay\u0259nd\u0259l\u0259ri d\u0259 t\u0259yin olunub Dekabr\u0131n 15-d\u0259 hakim ... Davam\u0131\" \/>\n<meta property=\"og:url\" content=\"https:\/\/www.meydan.tv\/az\/article\/yap-namizedini-resmen-aciqladi\/\" \/>\n<meta property=\"og:site_name\" content=\"MEYDAN.TV\" \/>\n<meta property=\"article:published_time\" content=\"2023-12-15T08:20:17+00:00\" \/>\n<meta property=\"article:modified_time\" content=\"2023-12-15T08:20:21+00:00\" \/>\n<meta property=\"og:image\" content=\"https:\/\/www.meydan.tv\/wp-content\/uploads\/modern.az_14625398151479706942_192-1-e1643884481189.jpg\" \/>\n\t<meta property=\"og:image:width\" content=\"1167\" \/>\n\t<meta property=\"og:image:height\" content=\"703\" \/>\n\t<meta property=\"og:image:type\" content=\"image\/jpeg\" \/>\n<meta name=\"author\" content=\"elli\" \/>\n<meta name=\"twitter:card\" content=\"summary_large_image\" \/>\n<meta name=\"twitter:creator\" content=\"@elli\" \/>\n<script type=\"application\/ld+json\" class=\"yoast-schema-graph\">{\"@context\":\"https:\\\/\\\/schema.org\",\"@graph\":[{\"@type\":\"Article\",\"@id\":\"https:\\\/\\\/www.meydan.tv\\\/az\\\/article\\\/yap-namizedini-resmen-aciqladi\\\/#article\",\"isPartOf\":{\"@id\":\"https:\\\/\\\/www.meydan.tv\\\/az\\\/article\\\/yap-namizedini-resmen-aciqladi\\\/\"},\"author\":{\"name\":\"elli\",\"@id\":\"https:\\\/\\\/www.meydan.tv\\\/az\\\/#\\\/schema\\\/person\\\/9cdbecf90d17180ce1dfbd95b08dcf47\"},\"headline\":\"YAP namiz\u0259dini r\u0259sm\u0259n a\u00e7\u0131qlad\u0131\",\"datePublished\":\"2023-12-15T08:20:17+00:00\",\"dateModified\":\"2023-12-15T08:20:21+00:00\",\"mainEntityOfPage\":{\"@id\":\"https:\\\/\\\/www.meydan.tv\\\/az\\\/article\\\/yap-namizedini-resmen-aciqladi\\\/\"},\"wordCount\":365,\"publisher\":{\"@id\":\"https:\\\/\\\/www.meydan.tv\\\/az\\\/#organization\"},\"image\":{\"@id\":\"https:\\\/\\\/www.meydan.tv\\\/az\\\/article\\\/yap-namizedini-resmen-aciqladi\\\/#primaryimage\"},\"thumbnailUrl\":\"https:\\\/\\\/www.meydan.tv\\\/wp-content\\\/uploads\\\/modern.az_14625398151479706942_192-1-e1643884481189.jpg\",\"articleSection\":[\"Se\u00e7ki 2024\",\"Siyas\u0259t\",\"X\u0259b\u0259rl\u0259r\"],\"inLanguage\":\"az\"},{\"@type\":\"WebPage\",\"@id\":\"https:\\\/\\\/www.meydan.tv\\\/az\\\/article\\\/yap-namizedini-resmen-aciqladi\\\/\",\"url\":\"https:\\\/\\\/www.meydan.tv\\\/az\\\/article\\\/yap-namizedini-resmen-aciqladi\\\/\",\"name\":\"YAP namiz\u0259dini r\u0259sm\u0259n a\u00e7\u0131qlad\u0131 - MEYDAN.TV\",\"isPartOf\":{\"@id\":\"https:\\\/\\\/www.meydan.tv\\\/az\\\/#website\"},\"primaryImageOfPage\":{\"@id\":\"https:\\\/\\\/www.meydan.tv\\\/az\\\/article\\\/yap-namizedini-resmen-aciqladi\\\/#primaryimage\"},\"image\":{\"@id\":\"https:\\\/\\\/www.meydan.tv\\\/az\\\/article\\\/yap-namizedini-resmen-aciqladi\\\/#primaryimage\"},\"thumbnailUrl\":\"https:\\\/\\\/www.meydan.tv\\\/wp-content\\\/uploads\\\/modern.az_14625398151479706942_192-1-e1643884481189.jpg\",\"datePublished\":\"2023-12-15T08:20:17+00:00\",\"dateModified\":\"2023-12-15T08:20:21+00:00\",\"breadcrumb\":{\"@id\":\"https:\\\/\\\/www.meydan.tv\\\/az\\\/article\\\/yap-namizedini-resmen-aciqladi\\\/#breadcrumb\"},\"inLanguage\":\"az\",\"potentialAction\":[{\"@type\":\"ReadAction\",\"target\":[\"https:\\\/\\\/www.meydan.tv\\\/az\\\/article\\\/yap-namizedini-resmen-aciqladi\\\/\"]}]},{\"@type\":\"ImageObject\",\"inLanguage\":\"az\",\"@id\":\"https:\\\/\\\/www.meydan.tv\\\/az\\\/article\\\/yap-namizedini-resmen-aciqladi\\\/#primaryimage\",\"url\":\"https:\\\/\\\/www.meydan.tv\\\/wp-content\\\/uploads\\\/modern.az_14625398151479706942_192-1-e1643884481189.jpg\",\"contentUrl\":\"https:\\\/\\\/www.meydan.tv\\\/wp-content\\\/uploads\\\/modern.az_14625398151479706942_192-1-e1643884481189.jpg\",\"width\":1167,\"height\":703,\"caption\":\"Yeni Az\u0259rbaycan Partiyas\u0131, Foto: http:\\\/\\\/yap.org.az\\\/\"},{\"@type\":\"BreadcrumbList\",\"@id\":\"https:\\\/\\\/www.meydan.tv\\\/az\\\/article\\\/yap-namizedini-resmen-aciqladi\\\/#breadcrumb\",\"itemListElement\":[{\"@type\":\"ListItem\",\"position\":1,\"name\":\"Ana s\u0259hif\u0259\",\"item\":\"https:\\\/\\\/www.meydan.tv\\\/az\\\/\"},{\"@type\":\"ListItem\",\"position\":2,\"name\":\"Siyas\u0259t\",\"item\":\"https:\\\/\\\/www.meydan.tv\\\/az\\\/section\\\/siyaset\\\/\"},{\"@type\":\"ListItem\",\"position\":3,\"name\":\"YAP namiz\u0259dini r\u0259sm\u0259n a\u00e7\u0131qlad\u0131\"}]},{\"@type\":\"WebSite\",\"@id\":\"https:\\\/\\\/www.meydan.tv\\\/az\\\/#website\",\"url\":\"https:\\\/\\\/www.meydan.tv\\\/az\\\/\",\"name\":\"MEYDAN.TV\",\"description\":\"Meydan TV Az\u0259rbaycan\u0131n media m\u0259kan\u0131ndak\u0131 alternativ s\u0259sidir\",\"publisher\":{\"@id\":\"https:\\\/\\\/www.meydan.tv\\\/az\\\/#organization\"},\"potentialAction\":[{\"@type\":\"SearchAction\",\"target\":{\"@type\":\"EntryPoint\",\"urlTemplate\":\"https:\\\/\\\/www.meydan.tv\\\/az\\\/?s={search_term_string}\"},\"query-input\":{\"@type\":\"PropertyValueSpecification\",\"valueRequired\":true,\"valueName\":\"search_term_string\"}}],\"inLanguage\":\"az\"},{\"@type\":\"Organization\",\"@id\":\"https:\\\/\\\/www.meydan.tv\\\/az\\\/#organization\",\"name\":\"Meydan TV\",\"url\":\"https:\\\/\\\/www.meydan.tv\\\/az\\\/\",\"logo\":{\"@type\":\"ImageObject\",\"inLanguage\":\"az\",\"@id\":\"https:\\\/\\\/www.meydan.tv\\\/az\\\/#\\\/schema\\\/logo\\\/image\\\/\",\"url\":\"https:\\\/\\\/www.meydan.tv\\\/wp-content\\\/uploads\\\/2021\\\/07\\\/meydan-logo.svg\",\"contentUrl\":\"https:\\\/\\\/www.meydan.tv\\\/wp-content\\\/uploads\\\/2021\\\/07\\\/meydan-logo.svg\",\"width\":195,\"height\":46,\"caption\":\"Meydan TV\"},\"image\":{\"@id\":\"https:\\\/\\\/www.meydan.tv\\\/az\\\/#\\\/schema\\\/logo\\\/image\\\/\"}},{\"@type\":\"Person\",\"@id\":\"https:\\\/\\\/www.meydan.tv\\\/az\\\/#\\\/schema\\\/person\\\/9cdbecf90d17180ce1dfbd95b08dcf47\",\"name\":\"elli\",\"sameAs\":[\"https:\\\/\\\/x.com\\\/elli\"]}]}<\/script>\n<!-- \/ Yoast SEO plugin. -->","yoast_head_json":{"title":"YAP namiz\u0259dini r\u0259sm\u0259n a\u00e7\u0131qlad\u0131 - MEYDAN.TV","robots":{"index":"index","follow":"follow","max-snippet":"max-snippet:-1","max-image-preview":"max-image-preview:large","max-video-preview":"max-video-preview:-1"},"canonical":"https:\/\/www.meydan.tv\/az\/article\/yap-namizedini-resmen-aciqladi\/","og_locale":"az_AZ","og_type":"article","og_title":"YAP namiz\u0259dini r\u0259sm\u0259n a\u00e7\u0131qlad\u0131 - MEYDAN.TV","og_description":"\u0130lham \u018fliyevin s\u0259lahiyy\u0259tli n\u00fcmay\u0259nd\u0259l\u0259ri d\u0259 t\u0259yin olunub Dekabr\u0131n 15-d\u0259 hakim ... Davam\u0131","og_url":"https:\/\/www.meydan.tv\/az\/article\/yap-namizedini-resmen-aciqladi\/","og_site_name":"MEYDAN.TV","article_published_time":"2023-12-15T08:20:17+00:00","article_modified_time":"2023-12-15T08:20:21+00:00","og_image":[{"width":1167,"height":703,"url":"https:\/\/www.meydan.tv\/wp-content\/uploads\/modern.az_14625398151479706942_192-1-e1643884481189.jpg","type":"image\/jpeg"}],"author":"elli","twitter_card":"summary_large_image","twitter_creator":"@elli","schema":{"@context":"https:\/\/schema.org","@graph":[{"@type":"Article","@id":"https:\/\/www.meydan.tv\/az\/article\/yap-namizedini-resmen-aciqladi\/#article","isPartOf":{"@id":"https:\/\/www.meydan.tv\/az\/article\/yap-namizedini-resmen-aciqladi\/"},"author":{"name":"elli","@id":"https:\/\/www.meydan.tv\/az\/#\/schema\/person\/9cdbecf90d17180ce1dfbd95b08dcf47"},"headline":"YAP namiz\u0259dini r\u0259sm\u0259n a\u00e7\u0131qlad\u0131","datePublished":"2023-12-15T08:20:17+00:00","dateModified":"2023-12-15T08:20:21+00:00","mainEntityOfPage":{"@id":"https:\/\/www.meydan.tv\/az\/article\/yap-namizedini-resmen-aciqladi\/"},"wordCount":365,"publisher":{"@id":"https:\/\/www.meydan.tv\/az\/#organization"},"image":{"@id":"https:\/\/www.meydan.tv\/az\/article\/yap-namizedini-resmen-aciqladi\/#primaryimage"},"thumbnailUrl":"https:\/\/www.meydan.tv\/wp-content\/uploads\/modern.az_14625398151479706942_192-1-e1643884481189.jpg","articleSection":["Se\u00e7ki 2024","Siyas\u0259t","X\u0259b\u0259rl\u0259r"],"inLanguage":"az"},{"@type":"WebPage","@id":"https:\/\/www.meydan.tv\/az\/article\/yap-namizedini-resmen-aciqladi\/","url":"https:\/\/www.meydan.tv\/az\/article\/yap-namizedini-resmen-aciqladi\/","name":"YAP namiz\u0259dini r\u0259sm\u0259n a\u00e7\u0131qlad\u0131 - MEYDAN.TV","isPartOf":{"@id":"https:\/\/www.meydan.tv\/az\/#website"},"primaryImageOfPage":{"@id":"https:\/\/www.meydan.tv\/az\/article\/yap-namizedini-resmen-aciqladi\/#primaryimage"},"image":{"@id":"https:\/\/www.meydan.tv\/az\/article\/yap-namizedini-resmen-aciqladi\/#primaryimage"},"thumbnailUrl":"https:\/\/www.meydan.tv\/wp-content\/uploads\/modern.az_14625398151479706942_192-1-e1643884481189.jpg","datePublished":"2023-12-15T08:20:17+00:00","dateModified":"2023-12-15T08:20:21+00:00","breadcrumb":{"@id":"https:\/\/www.meydan.tv\/az\/article\/yap-namizedini-resmen-aciqladi\/#breadcrumb"},"inLanguage":"az","potentialAction":[{"@type":"ReadAction","target":["https:\/\/www.meydan.tv\/az\/article\/yap-namizedini-resmen-aciqladi\/"]}]},{"@type":"ImageObject","inLanguage":"az","@id":"https:\/\/www.meydan.tv\/az\/article\/yap-namizedini-resmen-aciqladi\/#primaryimage","url":"https:\/\/www.meydan.tv\/wp-content\/uploads\/modern.az_14625398151479706942_192-1-e1643884481189.jpg","contentUrl":"https:\/\/www.meydan.tv\/wp-content\/uploads\/modern.az_14625398151479706942_192-1-e1643884481189.jpg","width":1167,"height":703,"caption":"Yeni Az\u0259rbaycan Partiyas\u0131, Foto: http:\/\/yap.org.az\/"},{"@type":"BreadcrumbList","@id":"https:\/\/www.meydan.tv\/az\/article\/yap-namizedini-resmen-aciqladi\/#breadcrumb","itemListElement":[{"@type":"ListItem","position":1,"name":"Ana s\u0259hif\u0259","item":"https:\/\/www.meydan.tv\/az\/"},{"@type":"ListItem","position":2,"name":"Siyas\u0259t","item":"https:\/\/www.meydan.tv\/az\/section\/siyaset\/"},{"@type":"ListItem","position":3,"name":"YAP namiz\u0259dini r\u0259sm\u0259n a\u00e7\u0131qlad\u0131"}]},{"@type":"WebSite","@id":"https:\/\/www.meydan.tv\/az\/#website","url":"https:\/\/www.meydan.tv\/az\/","name":"MEYDAN.TV","description":"Meydan TV Az\u0259rbaycan\u0131n media m\u0259kan\u0131ndak\u0131 alternativ s\u0259sidir","publisher":{"@id":"https:\/\/www.meydan.tv\/az\/#organization"},"potentialAction":[{"@type":"SearchAction","target":{"@type":"EntryPoint","urlTemplate":"https:\/\/www.meydan.tv\/az\/?s={search_term_string}"},"query-input":{"@type":"PropertyValueSpecification","valueRequired":true,"valueName":"search_term_string"}}],"inLanguage":"az"},{"@type":"Organization","@id":"https:\/\/www.meydan.tv\/az\/#organization","name":"Meydan TV","url":"https:\/\/www.meydan.tv\/az\/","logo":{"@type":"ImageObject","inLanguage":"az","@id":"https:\/\/www.meydan.tv\/az\/#\/schema\/logo\/image\/","url":"https:\/\/www.meydan.tv\/wp-content\/uploads\/2021\/07\/meydan-logo.svg","contentUrl":"https:\/\/www.meydan.tv\/wp-content\/uploads\/2021\/07\/meydan-logo.svg","width":195,"height":46,"caption":"Meydan TV"},"image":{"@id":"https:\/\/www.meydan.tv\/az\/#\/schema\/logo\/image\/"}},{"@type":"Person","@id":"https:\/\/www.meydan.tv\/az\/#\/schema\/person\/9cdbecf90d17180ce1dfbd95b08dcf47","name":"elli","sameAs":["https:\/\/x.com\/elli"]}]}},"_links":{"self":[{"href":"https:\/\/www.meydan.tv\/az\/wp-json\/wp\/v2\/posts\/293004","targetHints":{"allow":["GET"]}}],"collection":[{"href":"https:\/\/www.meydan.tv\/az\/wp-json\/wp\/v2\/posts"}],"about":[{"href":"https:\/\/www.meydan.tv\/az\/wp-json\/wp\/v2\/types\/post"}],"author":[{"embeddable":true,"href":"https:\/\/www.meydan.tv\/az\/wp-json\/wp\/v2\/users\/8"}],"replies":[{"embeddable":true,"href":"https:\/\/www.meydan.tv\/az\/wp-json\/wp\/v2\/comments?post=293004"}],"version-history":[{"count":3,"href":"https:\/\/www.meydan.tv\/az\/wp-json\/wp\/v2\/posts\/293004\/revisions"}],"predecessor-version":[{"id":293007,"href":"https:\/\/www.meydan.tv\/az\/wp-json\/wp\/v2\/posts\/293004\/revisions\/293007"}],"wp:featuredmedia":[{"embeddable":true,"href":"https:\/\/www.meydan.tv\/az\/wp-json\/wp\/v2\/media\/233651"}],"wp:attachment":[{"href":"https:\/\/www.meydan.tv\/az\/wp-json\/wp\/v2\/media?parent=293004"}],"wp:term":[{"taxonomy":"category","embeddable":true,"href":"https:\/\/www.meydan.tv\/az\/wp-json\/wp\/v2\/categories?post=293004"},{"taxonomy":"post_tag","embeddable":true,"href":"https:\/\/www.meydan.tv\/az\/wp-json\/wp\/v2\/tags?post=293004"}],"curies":[{"name":"wp","href":"https:\/\/api.w.org\/{rel}","templated":true}]}}