{"id":292996,"date":"2023-12-15T12:10:02","date_gmt":"2023-12-15T08:10:02","guid":{"rendered":"https:\/\/www.meydan.tv\/?p=292996"},"modified":"2023-12-15T12:10:07","modified_gmt":"2023-12-15T08:10:07","slug":"huquqsunas-hafiz-babalinin-isinde-qerezsizlik-prinsipi-pozulub","status":"publish","type":"post","link":"https:\/\/www.meydan.tv\/az\/article\/huquqsunas-hafiz-babalinin-isinde-qerezsizlik-prinsipi-pozulub\/","title":{"rendered":"H\u00fcquq\u015f\u00fcnas: \u201cHafiz Babal\u0131n\u0131n i\u015find\u0259 q\u0259r\u0259zsizlik prinsipi pozulub\u201d"},"content":{"rendered":"\n<p><\/p>\n\n\n\n<p><strong><em>Jurnalist h\u0259bsind\u0259n \u00f6nc\u0259 B\u015eBP\u0130 il\u0259 ba\u011fl\u0131 ara\u015fd\u0131rma apar\u0131b<\/em><\/strong><\/p>\n\n\n\n<p><em>\u201cHafiz Babal\u0131n\u0131n m\u0259hz Bak\u0131 \u015f\u0259h\u0259r Ba\u015f Polis \u0130dar\u0259sinin (B\u015eBP\u0130) \u0259m\u0259kda\u015flar\u0131 t\u0259r\u0259find\u0259n saxlan\u0131lmas\u0131, onun evind\u0259 bu qurum t\u0259r\u0259find\u0259n axtar\u0131\u015f apar\u0131lmas\u0131 cinay\u0259t t\u0259qibinin q\u0259r\u0259zsizlik prinsipinin pozulmas\u0131d\u0131r\u201d<\/em>.<\/p>\n\n\n\n<p>H\u00fcquq\u015f\u00fcnas Xalid Ba\u011f\u0131rov bel\u0259 d\u00fc\u015f\u00fcn\u00fcr. O bildirir ki, cinay\u0259t t\u0259qibini h\u0259yata ke\u00e7ir\u0259n \u015f\u0259xsin, qurumun h\u0259min prosesin n\u0259tic\u0259sind\u0259 maraql\u0131 olmamas\u0131 vacibdir.<\/p>\n\n\n\n<p>Ba\u011f\u0131rovun s\u00f6zl\u0259rin\u0259 g\u00f6r\u0259, Hafiz Babal\u0131 i\u015find\u0259 bu norma pozulub.<\/p>\n\n\n\n<p>Hafiz Babal\u0131 dekabr\u0131n 13-d\u0259 B\u015eBP\u0130 \u0259m\u0259kda\u015flar\u0131 t\u0259r\u0259find\u0259n saxlan\u0131l\u0131b, ail\u0259sinin bildirm\u0259sin\u0259 g\u00f6r\u0259 bu qurum t\u0259r\u0259find\u0259n evl\u0259rind\u0259 axtar\u0131\u015f apar\u0131l\u0131b. Bir g\u00fcn sonra, onun \u201cAbzasMedia\u201d i\u015find\u0259 h\u0259bs olunan jurnalistl\u0259rl\u0259 eyni ittihamla, Cinay\u0259t M\u0259c\u0259ll\u0259sinin 206.3.2. (qabaqcadan \u0259lbir olan bir qrup \u015f\u0259xs t\u0259r\u0259find\u0259n qa\u00e7aqmal\u00e7\u0131l\u0131q) madd\u0259si il\u0259 t\u0259qsirl\u0259ndirildiyi a\u00e7\u0131qlan\u0131b. Sonra is\u0259 bar\u0259sind\u0259 X\u0259tai Rayon M\u0259hk\u0259m\u0259sinin q\u0259rar\u0131 il\u0259 \u00fc\u00e7 ayl\u0131q h\u0259bs q\u0259timkan t\u0259dbiri se\u00e7ilib.<\/p>\n\n\n\n<p>Ondan \u00f6nc\u0259 is\u0259 noyabr\u0131n 28-d\u0259 jurnalist B\u015eBP\u0130-d\u0259 ifad\u0259y\u0259 \u00e7a\u011f\u0131r\u0131lm\u0131\u015fd\u0131. \u201cAbzasMedia\u201d i\u015fi il\u0259 ba\u011fl\u0131 \u015fahid qismind\u0259 dindirilmi\u015fdi. \u00d6z\u00fcn\u00fcn d\u0259 dem\u0259sin\u0259 g\u00f6r\u0259, o, \u201cAbzasMedia\u201dda d\u0259rc olunan \u00e7oxsayl\u0131 ara\u015fd\u0131rmalar\u0131n m\u00fc\u0259llifidir v\u0259 bunu he\u00e7 vaxt gizl\u0259tm\u0259yib.<\/p>\n\n\n\n<p>B\u015eBP\u0130-d\u0259 ifad\u0259 ver\u0259nd\u0259n sonra Hafiz Babal\u0131 idar\u0259 il\u0259 ba\u011fl\u0131 ki\u00e7ik ara\u015fd\u0131rma aparm\u0131\u015fd\u0131. O, sosial media hesab\u0131nda payla\u015fd\u0131\u011f\u0131 m\u0259lumatlarda bildirmi\u015fdi ki, idar\u0259d\u0259 dindirilm\u0259d\u0259 olark\u0259n diqq\u0259tini \u00e7irkli p\u0259nc\u0259r\u0259l\u0259r \u00e7\u0259kib. M\u00fcst\u0259ntiqd\u0259n bu \u015f\u00fc\u015f\u0259l\u0259rin sonuncu d\u0259f\u0259 n\u0259 vaxt yuyuldu\u011funu soru\u015fub. Cavab <em>\u201cxat\u0131rlam\u0131ram\u201d<\/em>  olub:<\/p>\n\n\n\n<p>\u201c<em>Dedim, bir d\u00f6vl\u0259t sat\u0131nalmalar\u0131 portal\u0131na bax\u0131m. M\u0259lum oldu ki, B\u015eBP\u0130 avqustun 18-d\u0259 \u201cEmin v\u0259 Eynulla\u201d MMC il\u0259 Polis Ba\u015f \u0130dar\u0259nin tabe\u00e7iliyind\u0259 olan rayon polis idar\u0259, \u015f\u00f6b\u0259 v\u0259 b\u00f6lm\u0259l\u0259rinin inzibati binalar\u0131nda d\u00f6vr\u00fc olaraq bir ne\u00e7\u0259 d\u0259f\u0259 olmaqla 110.000 m\u00b2 fasad (aqlay, al\u00e7epan) v\u0259 \u015f\u00fc\u015f\u0259l\u0259rin x\u00fcsusi kimy\u0259vi madd\u0259l\u0259rl\u0259 yuyulmas\u0131 v\u0259 t\u0259mizl\u0259nm\u0259si \u00fc\u00e7\u00fcn 97.350 manat m\u0259bl\u0259\u011find\u0259 m\u00fcqavil\u0259 ba\u011flay\u0131b\u201d.<\/em><\/p>\n\n\n\n<p>Jurnalist bildirirdi ki, 2022-ci ilin may\u0131nda v\u0259 dekabr\u0131nda da B\u015eBP\u0130 eyni i\u015fl\u0259r\u0259 g\u00f6r\u0259 h\u0259min \u015firk\u0259t\u0259 49.007 v\u0259 44.206,34 manat \u00f6d\u0259yib:<\/p>\n\n\n\n<p><em>\u201cBu hesabla p\u0259nc\u0259r\u0259l\u0259r par-par par\u0131ldamal\u0131yd\u0131\u2026\u201d. <\/em><\/p>\n\n\n\n<p>Xalid Ba\u011f\u0131rov deyir ki, m\u0259hz bu materialdan sonra Hafiz Babal\u0131n\u0131n B\u015eBP\u0130 t\u0259r\u0259find\u0259n cinay\u0259t m\u0259suliyy\u0259tin\u0259 c\u0259lb edilm\u0259si cinay\u0259t t\u0259qibind\u0259 q\u0259r\u0259zsizlik prinsipinin pozulmas\u0131na i\u015far\u0259dir:<\/p>\n\n\n<div class=\"wp-block-image\">\n<figure class=\"alignleft size-full is-resized\"><img decoding=\"async\" width=\"821\" height=\"480\" data-src=\"https:\/\/www.meydan.tv\/wp-content\/uploads\/unnamed_3_smcivgz.jpg\" alt=\"Xalid Ba\u011f\u0131rov\" class=\"wp-image-137136 lazyload\" style=\"--smush-placeholder-width: 821px; --smush-placeholder-aspect-ratio: 821\/480;width:382px;height:auto\" src=\"data:image\/svg+xml;base64,PHN2ZyB3aWR0aD0iMSIgaGVpZ2h0PSIxIiB4bWxucz0iaHR0cDovL3d3dy53My5vcmcvMjAwMC9zdmciPjwvc3ZnPg==\" \/><figcaption class=\"wp-element-caption\">H\u00fcquq\u015f\u00fcnas Xalid Ba\u011f\u0131rov, Foto: arxiv<\/figcaption><\/figure>\n<\/div>\n\n\n<p><em> \u201cQ\u0259r\u0259zsizlik prinsipi iki formada olur. Birincisi, obyektiv g\u00f6st\u0259ricil\u0259rdir. Burada i\u015fi aparan \u015f\u0259xsin, qurumun n\u0259tic\u0259d\u0259 maraql\u0131 olub, olmad\u0131\u011f\u0131 g\u00f6st\u0259rilir. M\u0259s\u0259l\u0259n, i\u015fi aparan m\u00fcst\u0259ntiq i\u015fd\u0259 ad\u0131\u00e7\u0259kil\u0259n insanlardan kimins\u0259 qohumu, yax\u0131n\u0131, dostu ola bilm\u0259z. Bel\u0259 olarsa, bu i\u015fd\u0259 maraql\u0131 t\u0259r\u0259f hesab edilir v\u0259 proses\u0259 qo\u015fula bilm\u0259z\u201d. <\/em><\/p>\n\n\n\n<p>H\u00fcquq\u015f\u00fcnas \u0259lav\u0259 edir ki, bu prinsipin ikinci formas\u0131 subyektiv q\u0259r\u0259zsizlikdir. Onun s\u00f6zl\u0259rin\u0259 g\u00f6r\u0259, bu, d\u0259rin m\u0259s\u0259l\u0259dir:<\/p>\n\n\n\n<p>\u201c<em>\u0130st\u0259nil\u0259n halda, q\u0259r\u0259zsizlik prinsipi t\u0259l\u0259b edir ki, h\u0259tta s\u0259nin bu i\u015fi hans\u0131sa m\u0259s\u0259l\u0259y\u0259 g\u00f6r\u0259 etdiyin\u0259 \u015f\u00fcbh\u0259 varsa bel\u0259, i\u015fd\u0259n \u00e7\u0259kil\u0259s\u0259n. C\u0259miyy\u0259td\u0259 hans\u0131sa qurumun, \u015f\u0259xsin i\u015fi qisas\u00e7\u0131l\u0131q s\u0259b\u0259bind\u0259n apard\u0131\u011f\u0131na dair \u015f\u00fcbh\u0259 yaranmamal\u0131d\u0131r. M\u0259nc\u0259, Hafiz Babal\u0131n\u0131n bar\u0259sind\u0259 ara\u015fd\u0131rma apard\u0131\u011f\u0131 qurum t\u0259r\u0259find\u0259n h\u0259bsi q\u0259r\u0259zsizlik prinsipini pozub\u201d.<\/em><\/p>\n\n\n\n<p>Xalid Ba\u011f\u0131rovun fikrinc\u0259, indi c\u0259miyy\u0259td\u0259, insanlarda daim \u015f\u00fcbh\u0259 olacaq ki, Hafiz Babal\u0131 m\u0259hz h\u0259min ara\u015fd\u0131rmadan sonra t\u0259qsirl\u0259ndiril\u0259n \u015f\u0259xs qismind\u0259 c\u0259lb edilib, b\u0259lk\u0259 m\u0259hz buna g\u00f6r\u0259dir:<\/p>\n\n\n\n<p>\u201c<em>Cinay\u0259t prosesinin prinsipind\u0259n ir\u0259li g\u0259l\u0259r\u0259k bunu dem\u0259k m\u00fcmk\u00fcnd\u00fcr. Lakin qanunda konkret olaraq buna qada\u011fa qoyan norma yoxdur. Sad\u0259c\u0259 Hafiz Babal\u0131n\u0131n B\u015eBP\u0130 t\u0259r\u0259find\u0259n h\u0259bsi q\u0259r\u0259zsizlik m\u00f6vzusunda \u015f\u00fcbh\u0259l\u0259r olmas\u0131na \u0259sasd\u0131r\u201d.<\/em><\/p>\n\n\n\n<p>Son zamanlar h\u00f6kum\u0259tin maliyy\u0259l\u0259\u015fdirdiyi media orqanlar\u0131nda m\u00fcst\u0259qil media qurumu olan \u201cAbzasMedia\u201d il\u0259 ba\u011fl\u0131 kompromat xarakterli materiallar d\u0259rc edilir. H\u0259min materiallarda Hafiz Babal\u0131n\u0131n da ad\u0131 hallan\u0131b. <\/p>\n\n\n\n<p>\u201cAbzasMedia\u201dn\u0131n direktoru \u00dclvi H\u0259s\u0259nli v\u0259 ictimai f\u0259al M\u0259h\u0259mm\u0259d Kekalov noyabr\u0131n 20-d\u0259 saxlan\u0131l\u0131b. Sonradan \u00dclvi H\u0259s\u0259nliy\u0259 qar\u015f\u0131 Cinay\u0259t M\u0259c\u0259ll\u0259sinin 206.3.2. (qabaqcadan \u0259lbir olan bir qrup \u015f\u0259xs t\u0259r\u0259find\u0259n qa\u00e7aqmal\u00e7\u0131l\u0131q) madd\u0259si il\u0259 ittiham verilib. \u201cAbzasMedia\u201dn\u0131n ba\u015f redaktoru Sevinc Vaqifq\u0131z\u0131 is\u0259 noyabr\u0131n 21-d\u0259 Az\u0259rbaycana d\u00f6n\u0259rk\u0259n hava liman\u0131nda saxlan\u0131l\u0131b. Ona qar\u015f\u0131 da eyni ittihamla cinay\u0259t i\u015fi a\u00e7\u0131l\u0131b. Noyabr\u0131n 21-d\u0259 h\u0259r ikisi X\u0259tai Rayon M\u0259hk\u0259m\u0259sinin q\u0259rar\u0131 il\u0259 d\u00f6rd ay m\u00fcdd\u0259tin\u0259 azadl\u0131qdan m\u0259hrum edilib. Onlar h\u0259bsl\u0259rini siyasi sifari\u015f say\u0131r, ittihamlar\u0131 q\u0259bul etmirl\u0259r.<\/p>\n\n\n\n<p>M\u0259h\u0259mm\u0259d Kekalov da \u201cAbzasMedia\u201dn\u0131n direktoru \u00dclvi H\u0259s\u0259nli v\u0259 ba\u015f redaktoru Sevinc Vaqifq\u0131z\u0131yla eyni cinay\u0259t i\u015fi \u00fczr\u0259 m\u0259suliyy\u0259t\u0259 c\u0259lb olunub v\u0259 3 ay 27 g\u00fcn azadl\u0131qdan m\u0259hrum edilib. Daha sonra is\u0259 media qurumla \u0259m\u0259kda\u015fl\u0131q etmi\u015f jurnalist N\u0259rgiz Absalamova ifad\u0259 verm\u0259y\u0259 \u00e7a\u011f\u0131r\u0131l\u0131b v\u0259 saxlan\u0131l\u0131b. Ona qar\u015f\u0131 da eyni ittihamla cinay\u0259t i\u015fi a\u00e7\u0131l\u0131b v\u0259 bar\u0259sind\u0259 3 ayl\u0131q h\u0259bs q\u0259timkan t\u0259dbiri se\u00e7ilib. Sevinc Vaqifq\u0131z\u0131 v\u0259 \u00dclvi H\u0259s\u0259nlinin evind\u0259 v\u0259 \u201cAbzasMedia\u201dn\u0131n ofisind\u0259 axtar\u0131\u015f apar\u0131l\u0131b. Media qurumunun ofisind\u0259n 40 min avro tap\u0131ld\u0131\u011f\u0131 iddia edilib. Sevinc Vaqifq\u0131z\u0131 a\u00e7\u0131qlamas\u0131nda bildirib ki, ofisd\u0259 40 min avro olmas\u0131 m\u00fcmk\u00fcn deyil, oradan tapsalar, yaln\u0131z bir qazan dadl\u0131 yem\u0259k tapa bil\u0259rl\u0259r.<\/p>\n\n\n\n<p>Beyn\u0259lxalq t\u0259\u015fkilatlar Az\u0259rbaycan hakimiyy\u0259tin\u0259 m\u00fcraci\u0259t ed\u0259r\u0259k, azad mediaya qar\u015f\u0131 t\u0259zyiqi dayand\u0131rmas\u0131n\u0131 ist\u0259yibl\u0259r. Ba\u015f ver\u0259nl\u0259ri mediaya qar\u015f\u0131 \u201cqisas\u201d adland\u0131r\u0131blar.<\/p>\n","protected":false},"excerpt":{"rendered":"<p>Jurnalist h\u0259bsind\u0259n \u00f6nc\u0259 B\u015eBP\u0130 il\u0259 ba\u011fl\u0131 ara\u015fd\u0131rma apar\u0131b \u201cHafiz Babal\u0131n\u0131n &#8230; <\/p>\n<p class=\"read-more-container\"><a title=\"H\u00fcquq\u015f\u00fcnas: \u201cHafiz Babal\u0131n\u0131n i\u015find\u0259 q\u0259r\u0259zsizlik prinsipi pozulub\u201d\" class=\"read-more button\" href=\"https:\/\/www.meydan.tv\/az\/article\/huquqsunas-hafiz-babalinin-isinde-qerezsizlik-prinsipi-pozulub\/#more-292996\" aria-label=\"Read more about H\u00fcquq\u015f\u00fcnas: \u201cHafiz Babal\u0131n\u0131n i\u015find\u0259 q\u0259r\u0259zsizlik prinsipi pozulub\u201d\">Davam\u0131<\/a><\/p>\n","protected":false},"author":8,"featured_media":292834,"comment_status":"closed","ping_status":"closed","sticky":false,"template":"","format":"standard","meta":{"_acf_changed":false,"_sitemap_exclude":false,"_sitemap_priority":"","_sitemap_frequency":"","footnotes":""},"categories":[62,79,56],"tags":[],"class_list":["post-292996","post","type-post","status-publish","format-standard","has-post-thumbnail","hentry","category-sosial","category-featured","category-xeberler","infinite-scroll-item","generate-columns","tablet-grid-50","mobile-grid-100","grid-parent","grid-33","no-featured-image-padding"],"acf":[],"yoast_head":"<!-- This site is optimized with the Yoast SEO plugin v27.5 - https:\/\/yoast.com\/product\/yoast-seo-wordpress\/ -->\n<title>H\u00fcquq\u015f\u00fcnas: \u201cHafiz Babal\u0131n\u0131n i\u015find\u0259 q\u0259r\u0259zsizlik prinsipi pozulub\u201d - MEYDAN.TV<\/title>\n<meta name=\"robots\" content=\"index, follow, max-snippet:-1, max-image-preview:large, max-video-preview:-1\" \/>\n<link rel=\"canonical\" href=\"https:\/\/www.meydan.tv\/az\/article\/huquqsunas-hafiz-babalinin-isinde-qerezsizlik-prinsipi-pozulub\/\" \/>\n<meta property=\"og:locale\" content=\"az_AZ\" \/>\n<meta property=\"og:type\" content=\"article\" \/>\n<meta property=\"og:title\" content=\"H\u00fcquq\u015f\u00fcnas: \u201cHafiz Babal\u0131n\u0131n i\u015find\u0259 q\u0259r\u0259zsizlik prinsipi pozulub\u201d - MEYDAN.TV\" \/>\n<meta property=\"og:description\" content=\"Jurnalist h\u0259bsind\u0259n \u00f6nc\u0259 B\u015eBP\u0130 il\u0259 ba\u011fl\u0131 ara\u015fd\u0131rma apar\u0131b \u201cHafiz Babal\u0131n\u0131n ... Davam\u0131\" \/>\n<meta property=\"og:url\" content=\"https:\/\/www.meydan.tv\/az\/article\/huquqsunas-hafiz-babalinin-isinde-qerezsizlik-prinsipi-pozulub\/\" \/>\n<meta property=\"og:site_name\" content=\"MEYDAN.TV\" \/>\n<meta property=\"article:published_time\" content=\"2023-12-15T08:10:02+00:00\" \/>\n<meta property=\"article:modified_time\" content=\"2023-12-15T08:10:07+00:00\" \/>\n<meta property=\"og:image\" content=\"https:\/\/www.meydan.tv\/wp-content\/uploads\/img_0714-e1702546447622.jpg\" \/>\n\t<meta property=\"og:image:width\" content=\"1200\" \/>\n\t<meta property=\"og:image:height\" content=\"598\" \/>\n\t<meta property=\"og:image:type\" content=\"image\/jpeg\" \/>\n<meta name=\"author\" content=\"elli\" \/>\n<meta name=\"twitter:card\" content=\"summary_large_image\" \/>\n<meta name=\"twitter:creator\" content=\"@elli\" \/>\n<script type=\"application\/ld+json\" class=\"yoast-schema-graph\">{\"@context\":\"https:\\\/\\\/schema.org\",\"@graph\":[{\"@type\":\"Article\",\"@id\":\"https:\\\/\\\/www.meydan.tv\\\/az\\\/article\\\/huquqsunas-hafiz-babalinin-isinde-qerezsizlik-prinsipi-pozulub\\\/#article\",\"isPartOf\":{\"@id\":\"https:\\\/\\\/www.meydan.tv\\\/az\\\/article\\\/huquqsunas-hafiz-babalinin-isinde-qerezsizlik-prinsipi-pozulub\\\/\"},\"author\":{\"name\":\"elli\",\"@id\":\"https:\\\/\\\/www.meydan.tv\\\/az\\\/#\\\/schema\\\/person\\\/9cdbecf90d17180ce1dfbd95b08dcf47\"},\"headline\":\"H\u00fcquq\u015f\u00fcnas: \u201cHafiz Babal\u0131n\u0131n i\u015find\u0259 q\u0259r\u0259zsizlik prinsipi pozulub\u201d\",\"datePublished\":\"2023-12-15T08:10:02+00:00\",\"dateModified\":\"2023-12-15T08:10:07+00:00\",\"mainEntityOfPage\":{\"@id\":\"https:\\\/\\\/www.meydan.tv\\\/az\\\/article\\\/huquqsunas-hafiz-babalinin-isinde-qerezsizlik-prinsipi-pozulub\\\/\"},\"wordCount\":1145,\"publisher\":{\"@id\":\"https:\\\/\\\/www.meydan.tv\\\/az\\\/#organization\"},\"image\":{\"@id\":\"https:\\\/\\\/www.meydan.tv\\\/az\\\/article\\\/huquqsunas-hafiz-babalinin-isinde-qerezsizlik-prinsipi-pozulub\\\/#primaryimage\"},\"thumbnailUrl\":\"https:\\\/\\\/www.meydan.tv\\\/wp-content\\\/uploads\\\/img_0714-e1702546447622.jpg\",\"articleSection\":[\"Sosial\",\"T\u00f6vsiy\u0259\",\"X\u0259b\u0259rl\u0259r\"],\"inLanguage\":\"az\"},{\"@type\":\"WebPage\",\"@id\":\"https:\\\/\\\/www.meydan.tv\\\/az\\\/article\\\/huquqsunas-hafiz-babalinin-isinde-qerezsizlik-prinsipi-pozulub\\\/\",\"url\":\"https:\\\/\\\/www.meydan.tv\\\/az\\\/article\\\/huquqsunas-hafiz-babalinin-isinde-qerezsizlik-prinsipi-pozulub\\\/\",\"name\":\"H\u00fcquq\u015f\u00fcnas: \u201cHafiz Babal\u0131n\u0131n i\u015find\u0259 q\u0259r\u0259zsizlik prinsipi pozulub\u201d - MEYDAN.TV\",\"isPartOf\":{\"@id\":\"https:\\\/\\\/www.meydan.tv\\\/az\\\/#website\"},\"primaryImageOfPage\":{\"@id\":\"https:\\\/\\\/www.meydan.tv\\\/az\\\/article\\\/huquqsunas-hafiz-babalinin-isinde-qerezsizlik-prinsipi-pozulub\\\/#primaryimage\"},\"image\":{\"@id\":\"https:\\\/\\\/www.meydan.tv\\\/az\\\/article\\\/huquqsunas-hafiz-babalinin-isinde-qerezsizlik-prinsipi-pozulub\\\/#primaryimage\"},\"thumbnailUrl\":\"https:\\\/\\\/www.meydan.tv\\\/wp-content\\\/uploads\\\/img_0714-e1702546447622.jpg\",\"datePublished\":\"2023-12-15T08:10:02+00:00\",\"dateModified\":\"2023-12-15T08:10:07+00:00\",\"breadcrumb\":{\"@id\":\"https:\\\/\\\/www.meydan.tv\\\/az\\\/article\\\/huquqsunas-hafiz-babalinin-isinde-qerezsizlik-prinsipi-pozulub\\\/#breadcrumb\"},\"inLanguage\":\"az\",\"potentialAction\":[{\"@type\":\"ReadAction\",\"target\":[\"https:\\\/\\\/www.meydan.tv\\\/az\\\/article\\\/huquqsunas-hafiz-babalinin-isinde-qerezsizlik-prinsipi-pozulub\\\/\"]}]},{\"@type\":\"ImageObject\",\"inLanguage\":\"az\",\"@id\":\"https:\\\/\\\/www.meydan.tv\\\/az\\\/article\\\/huquqsunas-hafiz-babalinin-isinde-qerezsizlik-prinsipi-pozulub\\\/#primaryimage\",\"url\":\"https:\\\/\\\/www.meydan.tv\\\/wp-content\\\/uploads\\\/img_0714-e1702546447622.jpg\",\"contentUrl\":\"https:\\\/\\\/www.meydan.tv\\\/wp-content\\\/uploads\\\/img_0714-e1702546447622.jpg\",\"width\":1200,\"height\":598,\"caption\":\"Hafiz Babal\u0131. Foto: Meydan TV\"},{\"@type\":\"BreadcrumbList\",\"@id\":\"https:\\\/\\\/www.meydan.tv\\\/az\\\/article\\\/huquqsunas-hafiz-babalinin-isinde-qerezsizlik-prinsipi-pozulub\\\/#breadcrumb\",\"itemListElement\":[{\"@type\":\"ListItem\",\"position\":1,\"name\":\"Ana s\u0259hif\u0259\",\"item\":\"https:\\\/\\\/www.meydan.tv\\\/az\\\/\"},{\"@type\":\"ListItem\",\"position\":2,\"name\":\"Sosial\",\"item\":\"https:\\\/\\\/www.meydan.tv\\\/az\\\/section\\\/sosial\\\/\"},{\"@type\":\"ListItem\",\"position\":3,\"name\":\"H\u00fcquq\u015f\u00fcnas: \u201cHafiz Babal\u0131n\u0131n i\u015find\u0259 q\u0259r\u0259zsizlik prinsipi pozulub\u201d\"}]},{\"@type\":\"WebSite\",\"@id\":\"https:\\\/\\\/www.meydan.tv\\\/az\\\/#website\",\"url\":\"https:\\\/\\\/www.meydan.tv\\\/az\\\/\",\"name\":\"MEYDAN.TV\",\"description\":\"Meydan TV Az\u0259rbaycan\u0131n media m\u0259kan\u0131ndak\u0131 alternativ s\u0259sidir\",\"publisher\":{\"@id\":\"https:\\\/\\\/www.meydan.tv\\\/az\\\/#organization\"},\"potentialAction\":[{\"@type\":\"SearchAction\",\"target\":{\"@type\":\"EntryPoint\",\"urlTemplate\":\"https:\\\/\\\/www.meydan.tv\\\/az\\\/?s={search_term_string}\"},\"query-input\":{\"@type\":\"PropertyValueSpecification\",\"valueRequired\":true,\"valueName\":\"search_term_string\"}}],\"inLanguage\":\"az\"},{\"@type\":\"Organization\",\"@id\":\"https:\\\/\\\/www.meydan.tv\\\/az\\\/#organization\",\"name\":\"Meydan TV\",\"url\":\"https:\\\/\\\/www.meydan.tv\\\/az\\\/\",\"logo\":{\"@type\":\"ImageObject\",\"inLanguage\":\"az\",\"@id\":\"https:\\\/\\\/www.meydan.tv\\\/az\\\/#\\\/schema\\\/logo\\\/image\\\/\",\"url\":\"https:\\\/\\\/www.meydan.tv\\\/wp-content\\\/uploads\\\/2021\\\/07\\\/meydan-logo.svg\",\"contentUrl\":\"https:\\\/\\\/www.meydan.tv\\\/wp-content\\\/uploads\\\/2021\\\/07\\\/meydan-logo.svg\",\"width\":195,\"height\":46,\"caption\":\"Meydan TV\"},\"image\":{\"@id\":\"https:\\\/\\\/www.meydan.tv\\\/az\\\/#\\\/schema\\\/logo\\\/image\\\/\"}},{\"@type\":\"Person\",\"@id\":\"https:\\\/\\\/www.meydan.tv\\\/az\\\/#\\\/schema\\\/person\\\/9cdbecf90d17180ce1dfbd95b08dcf47\",\"name\":\"elli\",\"sameAs\":[\"https:\\\/\\\/x.com\\\/elli\"]}]}<\/script>\n<!-- \/ Yoast SEO plugin. -->","yoast_head_json":{"title":"H\u00fcquq\u015f\u00fcnas: \u201cHafiz Babal\u0131n\u0131n i\u015find\u0259 q\u0259r\u0259zsizlik prinsipi pozulub\u201d - MEYDAN.TV","robots":{"index":"index","follow":"follow","max-snippet":"max-snippet:-1","max-image-preview":"max-image-preview:large","max-video-preview":"max-video-preview:-1"},"canonical":"https:\/\/www.meydan.tv\/az\/article\/huquqsunas-hafiz-babalinin-isinde-qerezsizlik-prinsipi-pozulub\/","og_locale":"az_AZ","og_type":"article","og_title":"H\u00fcquq\u015f\u00fcnas: \u201cHafiz Babal\u0131n\u0131n i\u015find\u0259 q\u0259r\u0259zsizlik prinsipi pozulub\u201d - MEYDAN.TV","og_description":"Jurnalist h\u0259bsind\u0259n \u00f6nc\u0259 B\u015eBP\u0130 il\u0259 ba\u011fl\u0131 ara\u015fd\u0131rma apar\u0131b \u201cHafiz Babal\u0131n\u0131n ... Davam\u0131","og_url":"https:\/\/www.meydan.tv\/az\/article\/huquqsunas-hafiz-babalinin-isinde-qerezsizlik-prinsipi-pozulub\/","og_site_name":"MEYDAN.TV","article_published_time":"2023-12-15T08:10:02+00:00","article_modified_time":"2023-12-15T08:10:07+00:00","og_image":[{"width":1200,"height":598,"url":"https:\/\/www.meydan.tv\/wp-content\/uploads\/img_0714-e1702546447622.jpg","type":"image\/jpeg"}],"author":"elli","twitter_card":"summary_large_image","twitter_creator":"@elli","schema":{"@context":"https:\/\/schema.org","@graph":[{"@type":"Article","@id":"https:\/\/www.meydan.tv\/az\/article\/huquqsunas-hafiz-babalinin-isinde-qerezsizlik-prinsipi-pozulub\/#article","isPartOf":{"@id":"https:\/\/www.meydan.tv\/az\/article\/huquqsunas-hafiz-babalinin-isinde-qerezsizlik-prinsipi-pozulub\/"},"author":{"name":"elli","@id":"https:\/\/www.meydan.tv\/az\/#\/schema\/person\/9cdbecf90d17180ce1dfbd95b08dcf47"},"headline":"H\u00fcquq\u015f\u00fcnas: \u201cHafiz Babal\u0131n\u0131n i\u015find\u0259 q\u0259r\u0259zsizlik prinsipi pozulub\u201d","datePublished":"2023-12-15T08:10:02+00:00","dateModified":"2023-12-15T08:10:07+00:00","mainEntityOfPage":{"@id":"https:\/\/www.meydan.tv\/az\/article\/huquqsunas-hafiz-babalinin-isinde-qerezsizlik-prinsipi-pozulub\/"},"wordCount":1145,"publisher":{"@id":"https:\/\/www.meydan.tv\/az\/#organization"},"image":{"@id":"https:\/\/www.meydan.tv\/az\/article\/huquqsunas-hafiz-babalinin-isinde-qerezsizlik-prinsipi-pozulub\/#primaryimage"},"thumbnailUrl":"https:\/\/www.meydan.tv\/wp-content\/uploads\/img_0714-e1702546447622.jpg","articleSection":["Sosial","T\u00f6vsiy\u0259","X\u0259b\u0259rl\u0259r"],"inLanguage":"az"},{"@type":"WebPage","@id":"https:\/\/www.meydan.tv\/az\/article\/huquqsunas-hafiz-babalinin-isinde-qerezsizlik-prinsipi-pozulub\/","url":"https:\/\/www.meydan.tv\/az\/article\/huquqsunas-hafiz-babalinin-isinde-qerezsizlik-prinsipi-pozulub\/","name":"H\u00fcquq\u015f\u00fcnas: \u201cHafiz Babal\u0131n\u0131n i\u015find\u0259 q\u0259r\u0259zsizlik prinsipi pozulub\u201d - MEYDAN.TV","isPartOf":{"@id":"https:\/\/www.meydan.tv\/az\/#website"},"primaryImageOfPage":{"@id":"https:\/\/www.meydan.tv\/az\/article\/huquqsunas-hafiz-babalinin-isinde-qerezsizlik-prinsipi-pozulub\/#primaryimage"},"image":{"@id":"https:\/\/www.meydan.tv\/az\/article\/huquqsunas-hafiz-babalinin-isinde-qerezsizlik-prinsipi-pozulub\/#primaryimage"},"thumbnailUrl":"https:\/\/www.meydan.tv\/wp-content\/uploads\/img_0714-e1702546447622.jpg","datePublished":"2023-12-15T08:10:02+00:00","dateModified":"2023-12-15T08:10:07+00:00","breadcrumb":{"@id":"https:\/\/www.meydan.tv\/az\/article\/huquqsunas-hafiz-babalinin-isinde-qerezsizlik-prinsipi-pozulub\/#breadcrumb"},"inLanguage":"az","potentialAction":[{"@type":"ReadAction","target":["https:\/\/www.meydan.tv\/az\/article\/huquqsunas-hafiz-babalinin-isinde-qerezsizlik-prinsipi-pozulub\/"]}]},{"@type":"ImageObject","inLanguage":"az","@id":"https:\/\/www.meydan.tv\/az\/article\/huquqsunas-hafiz-babalinin-isinde-qerezsizlik-prinsipi-pozulub\/#primaryimage","url":"https:\/\/www.meydan.tv\/wp-content\/uploads\/img_0714-e1702546447622.jpg","contentUrl":"https:\/\/www.meydan.tv\/wp-content\/uploads\/img_0714-e1702546447622.jpg","width":1200,"height":598,"caption":"Hafiz Babal\u0131. Foto: Meydan TV"},{"@type":"BreadcrumbList","@id":"https:\/\/www.meydan.tv\/az\/article\/huquqsunas-hafiz-babalinin-isinde-qerezsizlik-prinsipi-pozulub\/#breadcrumb","itemListElement":[{"@type":"ListItem","position":1,"name":"Ana s\u0259hif\u0259","item":"https:\/\/www.meydan.tv\/az\/"},{"@type":"ListItem","position":2,"name":"Sosial","item":"https:\/\/www.meydan.tv\/az\/section\/sosial\/"},{"@type":"ListItem","position":3,"name":"H\u00fcquq\u015f\u00fcnas: \u201cHafiz Babal\u0131n\u0131n i\u015find\u0259 q\u0259r\u0259zsizlik prinsipi pozulub\u201d"}]},{"@type":"WebSite","@id":"https:\/\/www.meydan.tv\/az\/#website","url":"https:\/\/www.meydan.tv\/az\/","name":"MEYDAN.TV","description":"Meydan TV Az\u0259rbaycan\u0131n media m\u0259kan\u0131ndak\u0131 alternativ s\u0259sidir","publisher":{"@id":"https:\/\/www.meydan.tv\/az\/#organization"},"potentialAction":[{"@type":"SearchAction","target":{"@type":"EntryPoint","urlTemplate":"https:\/\/www.meydan.tv\/az\/?s={search_term_string}"},"query-input":{"@type":"PropertyValueSpecification","valueRequired":true,"valueName":"search_term_string"}}],"inLanguage":"az"},{"@type":"Organization","@id":"https:\/\/www.meydan.tv\/az\/#organization","name":"Meydan TV","url":"https:\/\/www.meydan.tv\/az\/","logo":{"@type":"ImageObject","inLanguage":"az","@id":"https:\/\/www.meydan.tv\/az\/#\/schema\/logo\/image\/","url":"https:\/\/www.meydan.tv\/wp-content\/uploads\/2021\/07\/meydan-logo.svg","contentUrl":"https:\/\/www.meydan.tv\/wp-content\/uploads\/2021\/07\/meydan-logo.svg","width":195,"height":46,"caption":"Meydan TV"},"image":{"@id":"https:\/\/www.meydan.tv\/az\/#\/schema\/logo\/image\/"}},{"@type":"Person","@id":"https:\/\/www.meydan.tv\/az\/#\/schema\/person\/9cdbecf90d17180ce1dfbd95b08dcf47","name":"elli","sameAs":["https:\/\/x.com\/elli"]}]}},"_links":{"self":[{"href":"https:\/\/www.meydan.tv\/az\/wp-json\/wp\/v2\/posts\/292996","targetHints":{"allow":["GET"]}}],"collection":[{"href":"https:\/\/www.meydan.tv\/az\/wp-json\/wp\/v2\/posts"}],"about":[{"href":"https:\/\/www.meydan.tv\/az\/wp-json\/wp\/v2\/types\/post"}],"author":[{"embeddable":true,"href":"https:\/\/www.meydan.tv\/az\/wp-json\/wp\/v2\/users\/8"}],"replies":[{"embeddable":true,"href":"https:\/\/www.meydan.tv\/az\/wp-json\/wp\/v2\/comments?post=292996"}],"version-history":[{"count":3,"href":"https:\/\/www.meydan.tv\/az\/wp-json\/wp\/v2\/posts\/292996\/revisions"}],"predecessor-version":[{"id":293000,"href":"https:\/\/www.meydan.tv\/az\/wp-json\/wp\/v2\/posts\/292996\/revisions\/293000"}],"wp:featuredmedia":[{"embeddable":true,"href":"https:\/\/www.meydan.tv\/az\/wp-json\/wp\/v2\/media\/292834"}],"wp:attachment":[{"href":"https:\/\/www.meydan.tv\/az\/wp-json\/wp\/v2\/media?parent=292996"}],"wp:term":[{"taxonomy":"category","embeddable":true,"href":"https:\/\/www.meydan.tv\/az\/wp-json\/wp\/v2\/categories?post=292996"},{"taxonomy":"post_tag","embeddable":true,"href":"https:\/\/www.meydan.tv\/az\/wp-json\/wp\/v2\/tags?post=292996"}],"curies":[{"name":"wp","href":"https:\/\/api.w.org\/{rel}","templated":true}]}}