{"id":292958,"date":"2023-12-14T19:08:15","date_gmt":"2023-12-14T15:08:15","guid":{"rendered":"https:\/\/www.meydan.tv\/?p=292958"},"modified":"2023-12-15T10:24:34","modified_gmt":"2023-12-15T06:24:34","slug":"tofiq-yaqublunun-saxlanildigi-bildirilir","status":"publish","type":"post","link":"https:\/\/www.meydan.tv\/az\/article\/tofiq-yaqublunun-saxlanildigi-bildirilir\/","title":{"rendered":"Tofiq Yaqublunun \u015f\u00fcbh\u0259li \u015f\u0259xs qismind\u0259 saxlan\u0131ld\u0131\u011f\u0131 bildirilir (Yenil\u0259nib)"},"content":{"rendered":"\n<p><\/p>\n\n\n\n<p><strong>Tofiq Yaqubluya qar\u015f\u0131 d\u0259l\u0259duzluq ittiham\u0131 ir\u0259li s\u00fcr\u00fcl\u00fcb.<\/strong><\/p>\n\n\n\n<p><strong>Bu bar\u0259d\u0259 v\u0259kili Aqil Layic Meydan TV-y\u0259 dan\u0131\u015f\u0131b.<\/strong><\/p>\n\n\n\n<p><strong>Ancaq v\u0259kil deyib ki, istintaq\u0131n detallar\u0131 haqda m\u0259lumat ver\u0259 bilm\u0259y\u0259c\u0259k:<\/strong><\/p>\n\n\n\n<p><strong><em>&#8220;\u00c7\u00fcnki istintaqda b\u0259zi \u015f\u0259xsl\u0259rin ad\u0131 ke\u00e7ir v\u0259 biz iltizam akt\u0131n\u0131 imzalam\u0131\u015f\u0131q&#8221;<\/em>.<\/strong><\/p>\n\n\n\n<p><strong>V\u0259kil qeyd edib ki, Yaqubluya Cinay\u0259t M\u0259c\u0259ll\u0259sinin 178.3.2 (k\u00fclli miqdarda ziyan vurmaqla d\u0259l\u0259duzluq), 320.1-ci (r\u0259smi s\u0259n\u0259dl\u0259ri, d\u00f6vl\u0259t t\u0259ltifl\u0259rini, m\u00f6h\u00fcrl\u0259ri, \u015ftamplar\u0131, blanklar\u0131 saxtala\u015fd\u0131rma, qanunsuz haz\u0131rlama v\u0259 ya&nbsp; satma) madd\u0259l\u0259ri il\u0259 cinay\u0259t i\u015fi a\u00e7\u0131l\u0131b:<\/strong><\/p>\n\n\n\n<p><strong><em>&#8220;Bu, d\u0259l\u0259duzluq, saxta s\u0259n\u0259dl\u0259rin haz\u0131rlanmas\u0131 v\u0259 ondan istifad\u0259 olunmas\u0131 dem\u0259kdir. Y\u0259ni bir n\u00f6v m\u00fchacir alverin\u0259 b\u0259nz\u0259r bir \u015feydir. Tofiq b\u0259y bu ittihamlar\u0131 r\u0259dd edir v\u0259 h\u0259bsini siyasi f\u0259aliyy\u0259ti il\u0259 \u0259laq\u0259l\u0259ndirir&#8221;<\/em>.<\/strong><\/p>\n\n\n\n<p><strong>Onun s\u00f6zl\u0259rin\u0259 g\u00f6r\u0259, Tofiq Yaqublu t\u0259qsirl\u0259ndiril\u0259n yox, \u015f\u00fcbh\u0259li \u015f\u0259xs qismind\u0259 saxlan\u0131l\u0131b:<\/strong><\/p>\n\n\n\n<p><strong><em>&#8220;Dekabr\u0131n 15-d\u0259 n\u00f6vb\u0259ti add\u0131mlar olacaq v\u0259 bununla ba\u011fl\u0131 ictimaiyy\u0259t\u0259 a\u00e7\u0131qlama veril\u0259c\u0259k&#8221;<\/em>.<\/strong><\/p>\n\n\n\n<p><\/p>\n\n\n\n<hr class=\"wp-block-separator has-alpha-channel-opacity\"\/>\n\n\n\n<p><\/p>\n\n\n\n<p><strong>Tofiq Yaqublunun q\u0131z\u0131 Nigar H\u0259zi deyib ki, axtar\u0131\u015f zaman\u0131 evd\u0259n guya pul a\u015fkarlan\u0131b.<\/strong><\/p>\n\n\n\n<p><strong>O, bu pulu \u0259m\u0259liyyat\u00e7\u0131lar\u0131n qoydu\u011funu bildirib: <\/strong><\/p>\n\n\n\n<p><strong>&#8220;Evimizd\u0259n pul &#8220;tap\u0131l\u0131b&#8221;. 5 min avro, 2500 manat v\u0259 n\u0259 q\u0259d\u0259rs\u0259 dollar qoyublar&#8221;.<\/strong><\/p>\n\n\n\n<p><\/p>\n\n\n\n<figure class=\"wp-block-image size-full\"><img decoding=\"async\" width=\"747\" height=\"282\" data-src=\"https:\/\/www.meydan.tv\/wp-content\/uploads\/screenshot_1-32.png\" alt=\"\" class=\"wp-image-292970 lazyload\" src=\"data:image\/svg+xml;base64,PHN2ZyB3aWR0aD0iMSIgaGVpZ2h0PSIxIiB4bWxucz0iaHR0cDovL3d3dy53My5vcmcvMjAwMC9zdmciPjwvc3ZnPg==\" style=\"--smush-placeholder-width: 747px; --smush-placeholder-aspect-ratio: 747\/282;\" \/><\/figure>\n\n\n\n<p><\/p>\n\n\n\n<hr class=\"wp-block-separator has-alpha-channel-opacity\"\/>\n\n\n\n<p><\/p>\n\n\n\n<p><strong><em>Haz\u0131rda siyas\u0259t\u00e7inin evind\u0259 axtar\u0131\u015f apar\u0131l\u0131r<\/em><\/strong><\/p>\n\n\n\n<p>Milli \u015euran\u0131n v\u0259 M\u00fcsavat Partiyas\u0131n\u0131n \u00fczv\u00fc Tofiq Yaqublunun saxlan\u0131ld\u0131\u011f\u0131 v\u0259 evind\u0259 axtar\u0131\u015f apar\u0131ld\u0131\u011f\u0131 bildirilir.<\/p>\n\n\n\n<p>Bu bar\u0259d\u0259 dekabr\u0131n 14-d\u0259 Tofiq Yaqublunun q\u0131z\u0131 Nigar H\u0259zi &#8220;Facebook&#8221; s\u0259hif\u0259sind\u0259 payla\u015f\u0131m edib.<\/p>\n\n\n\n<p>Nigar H\u0259zi atas\u0131n\u0131n N\u0259rimanov Rayon Polis \u0130dar\u0259sinin \u0259m\u0259kda\u015flar\u0131 t\u0259r\u0259find\u0259n saxlan\u0131ld\u0131\u011f\u0131n\u0131 qeyd edib.<\/p>\n\n\n\n<p>Tofiq Yaqublunun saxlan\u0131lmas\u0131n\u0131n s\u0259b\u0259bl\u0259ri h\u0259l\u0259 ki a\u00e7\u0131qlanmay\u0131b.<\/p>\n\n\n\n<p>Daxili \u0130\u015fl\u0259r Nazirliyinin m\u0259tbuat xidm\u0259tinin \u0259m\u0259kda\u015f\u0131 \u0130brahim \u018fmiraslanl\u0131 bildirib ki, Tofiq Yaqublu N\u0259rimanov Rayon Polis \u0130dar\u0259sinin \u0259m\u0259kda\u015flar\u0131 t\u0259r\u0259find\u0259n saxlan\u0131l\u0131b, haz\u0131rda ara\u015fd\u0131rma apar\u0131l\u0131r.<\/p>\n\n\n\n<figure class=\"wp-block-image size-large\"><img decoding=\"async\" width=\"1095\" height=\"821\" data-src=\"https:\/\/www.meydan.tv\/wp-content\/uploads\/img_5600-1095x821.jpg\" alt=\"\" class=\"wp-image-292955 lazyload\" src=\"data:image\/svg+xml;base64,PHN2ZyB3aWR0aD0iMSIgaGVpZ2h0PSIxIiB4bWxucz0iaHR0cDovL3d3dy53My5vcmcvMjAwMC9zdmciPjwvc3ZnPg==\" style=\"--smush-placeholder-width: 1095px; --smush-placeholder-aspect-ratio: 1095\/821;\" \/><figcaption class=\"wp-element-caption\">T.Yaqublunun evinin qar\u015f\u0131s\u0131. Foto: Meydan TV<\/figcaption><\/figure>\n\n\n\n<p>Tofiq Yaqublu 2013-c\u00fc il \u0130smay\u0131ll\u0131 hadis\u0259l\u0259rind\u0259n bir g\u00fcn sonra yanvar\u0131n 24-d\u0259 rayona s\u0259f\u0259r etdiyi \u00fc\u00e7\u00fcn h\u0259bs edilmi\u015fdi.<\/p>\n\n\n\n<p>Yanvar\u0131n 26-da Ba\u015f Prokurorluq v\u0259 Daxili \u0130\u015fl\u0259r Nazirliyinin birg\u0259 m\u0259lumat\u0131nda \u0130smay\u0131ll\u0131 hadis\u0259l\u0259rini REAl s\u0259dri \u0130lqar M\u0259mm\u0259dov v\u0259 Tofiq Yaqublunun t\u0259\u015fkil etdiyi bildirilirdi.<\/p>\n\n\n\n<p>H\u0259min il Tofiq Yaqublu \u0130smay\u0131ll\u0131 hadis\u0259l\u0259rind\u0259 ittiham edil\u0259r\u0259k 5 il m\u00fcdd\u0259tin\u0259 azadl\u0131qdan m\u0259hrum edildi.<\/p>\n\n\n\n<p>2016-c\u0131 il mart\u0131n 17-d\u0259 Prezident s\u0259r\u0259ncam\u0131 il\u0259 \u0259fv olundu.<\/p>\n\n\n\n<p>2020-ci ilin mart\u0131n 23-d\u0259 Nizami Rayon M\u0259hk\u0259m\u0259sinin q\u0259rar\u0131 il\u0259 Tofiq Yaqublu bar\u0259sind\u0259 \u00fc\u00e7 ayl\u0131q h\u0259bs q\u0259timkan t\u0259dbiri se\u00e7il\u0259r\u0259k \u015e\u00fcv\u0259lan q\u0259s\u0259b\u0259sind\u0259ki 3 sayl\u0131 \u0130stintaq T\u0259cidxanas\u0131na g\u00f6nd\u0259rildi.<\/p>\n\n\n\n<p>Sentyabr\u0131n 3-d\u0259 Nizami Rayon M\u0259hk\u0259m\u0259si Tofiq Yaqublunun 4 il 3 ay m\u00fcdd\u0259tin\u0259 azadl\u0131qdan m\u0259hrum edilm\u0259si bar\u0259d\u0259 q\u0259rar \u00e7\u0131xard\u0131.<\/p>\n\n\n\n<p>Ancaq o &#8220;\u00f6l\u00fcm acl\u0131\u011f\u0131&#8221;na ba\u015flad\u0131 v\u0259 sentyabr\u0131n 18-d\u0259 azadl\u0131\u011fa burax\u0131ld\u0131.<\/p>\n","protected":false},"excerpt":{"rendered":"<p>Tofiq Yaqubluya qar\u015f\u0131 d\u0259l\u0259duzluq ittiham\u0131 ir\u0259li s\u00fcr\u00fcl\u00fcb. Bu bar\u0259d\u0259 v\u0259kili &#8230; <\/p>\n<p class=\"read-more-container\"><a title=\"Tofiq Yaqublunun \u015f\u00fcbh\u0259li \u015f\u0259xs qismind\u0259 saxlan\u0131ld\u0131\u011f\u0131 bildirilir (Yenil\u0259nib)\" class=\"read-more button\" href=\"https:\/\/www.meydan.tv\/az\/article\/tofiq-yaqublunun-saxlanildigi-bildirilir\/#more-292958\" aria-label=\"Read more about Tofiq Yaqublunun \u015f\u00fcbh\u0259li \u015f\u0259xs qismind\u0259 saxlan\u0131ld\u0131\u011f\u0131 bildirilir (Yenil\u0259nib)\">Davam\u0131<\/a><\/p>\n","protected":false},"author":8,"featured_media":292959,"comment_status":"closed","ping_status":"closed","sticky":false,"template":"","format":"standard","meta":{"_acf_changed":false,"_sitemap_exclude":false,"_sitemap_priority":"","_sitemap_frequency":"","footnotes":""},"categories":[59,79,56],"tags":[],"class_list":["post-292958","post","type-post","status-publish","format-standard","has-post-thumbnail","hentry","category-siyaset","category-featured","category-xeberler","infinite-scroll-item","generate-columns","tablet-grid-50","mobile-grid-100","grid-parent","grid-33","no-featured-image-padding"],"acf":[],"yoast_head":"<!-- This site is optimized with the Yoast SEO plugin v27.4 - https:\/\/yoast.com\/product\/yoast-seo-wordpress\/ -->\n<title>Tofiq Yaqublunun \u015f\u00fcbh\u0259li \u015f\u0259xs qismind\u0259 saxlan\u0131ld\u0131\u011f\u0131 bildirilir (Yenil\u0259nib) - MEYDAN.TV<\/title>\n<meta name=\"robots\" content=\"index, follow, max-snippet:-1, max-image-preview:large, max-video-preview:-1\" \/>\n<link rel=\"canonical\" href=\"https:\/\/www.meydan.tv\/az\/article\/tofiq-yaqublunun-saxlanildigi-bildirilir\/\" \/>\n<meta property=\"og:locale\" content=\"az_AZ\" \/>\n<meta property=\"og:type\" content=\"article\" \/>\n<meta property=\"og:title\" content=\"Tofiq Yaqublunun \u015f\u00fcbh\u0259li \u015f\u0259xs qismind\u0259 saxlan\u0131ld\u0131\u011f\u0131 bildirilir (Yenil\u0259nib) - MEYDAN.TV\" \/>\n<meta property=\"og:description\" content=\"Tofiq Yaqubluya qar\u015f\u0131 d\u0259l\u0259duzluq ittiham\u0131 ir\u0259li s\u00fcr\u00fcl\u00fcb. Bu bar\u0259d\u0259 v\u0259kili ... Davam\u0131\" \/>\n<meta property=\"og:url\" content=\"https:\/\/www.meydan.tv\/az\/article\/tofiq-yaqublunun-saxlanildigi-bildirilir\/\" \/>\n<meta property=\"og:site_name\" content=\"MEYDAN.TV\" \/>\n<meta property=\"article:published_time\" content=\"2023-12-14T15:08:15+00:00\" \/>\n<meta property=\"article:modified_time\" content=\"2023-12-15T06:24:34+00:00\" \/>\n<meta property=\"og:image\" content=\"https:\/\/www.meydan.tv\/wp-content\/uploads\/20121630_1612278418791616_2947006184575586151_o_720.jpg\" \/>\n\t<meta property=\"og:image:width\" content=\"1200\" \/>\n\t<meta property=\"og:image:height\" content=\"675\" \/>\n\t<meta property=\"og:image:type\" content=\"image\/jpeg\" \/>\n<meta name=\"author\" content=\"elli\" \/>\n<meta name=\"twitter:card\" content=\"summary_large_image\" \/>\n<meta name=\"twitter:creator\" content=\"@elli\" \/>\n<script type=\"application\/ld+json\" class=\"yoast-schema-graph\">{\"@context\":\"https:\\\/\\\/schema.org\",\"@graph\":[{\"@type\":\"Article\",\"@id\":\"https:\\\/\\\/www.meydan.tv\\\/az\\\/article\\\/tofiq-yaqublunun-saxlanildigi-bildirilir\\\/#article\",\"isPartOf\":{\"@id\":\"https:\\\/\\\/www.meydan.tv\\\/az\\\/article\\\/tofiq-yaqublunun-saxlanildigi-bildirilir\\\/\"},\"author\":{\"name\":\"elli\",\"@id\":\"https:\\\/\\\/www.meydan.tv\\\/az\\\/#\\\/schema\\\/person\\\/9cdbecf90d17180ce1dfbd95b08dcf47\"},\"headline\":\"Tofiq Yaqublunun \u015f\u00fcbh\u0259li \u015f\u0259xs qismind\u0259 saxlan\u0131ld\u0131\u011f\u0131 bildirilir (Yenil\u0259nib)\",\"datePublished\":\"2023-12-14T15:08:15+00:00\",\"dateModified\":\"2023-12-15T06:24:34+00:00\",\"mainEntityOfPage\":{\"@id\":\"https:\\\/\\\/www.meydan.tv\\\/az\\\/article\\\/tofiq-yaqublunun-saxlanildigi-bildirilir\\\/\"},\"wordCount\":581,\"publisher\":{\"@id\":\"https:\\\/\\\/www.meydan.tv\\\/az\\\/#organization\"},\"image\":{\"@id\":\"https:\\\/\\\/www.meydan.tv\\\/az\\\/article\\\/tofiq-yaqublunun-saxlanildigi-bildirilir\\\/#primaryimage\"},\"thumbnailUrl\":\"https:\\\/\\\/www.meydan.tv\\\/wp-content\\\/uploads\\\/20121630_1612278418791616_2947006184575586151_o_720.jpg\",\"articleSection\":[\"Siyas\u0259t\",\"T\u00f6vsiy\u0259\",\"X\u0259b\u0259rl\u0259r\"],\"inLanguage\":\"az\"},{\"@type\":\"WebPage\",\"@id\":\"https:\\\/\\\/www.meydan.tv\\\/az\\\/article\\\/tofiq-yaqublunun-saxlanildigi-bildirilir\\\/\",\"url\":\"https:\\\/\\\/www.meydan.tv\\\/az\\\/article\\\/tofiq-yaqublunun-saxlanildigi-bildirilir\\\/\",\"name\":\"Tofiq Yaqublunun \u015f\u00fcbh\u0259li \u015f\u0259xs qismind\u0259 saxlan\u0131ld\u0131\u011f\u0131 bildirilir (Yenil\u0259nib) - MEYDAN.TV\",\"isPartOf\":{\"@id\":\"https:\\\/\\\/www.meydan.tv\\\/az\\\/#website\"},\"primaryImageOfPage\":{\"@id\":\"https:\\\/\\\/www.meydan.tv\\\/az\\\/article\\\/tofiq-yaqublunun-saxlanildigi-bildirilir\\\/#primaryimage\"},\"image\":{\"@id\":\"https:\\\/\\\/www.meydan.tv\\\/az\\\/article\\\/tofiq-yaqublunun-saxlanildigi-bildirilir\\\/#primaryimage\"},\"thumbnailUrl\":\"https:\\\/\\\/www.meydan.tv\\\/wp-content\\\/uploads\\\/20121630_1612278418791616_2947006184575586151_o_720.jpg\",\"datePublished\":\"2023-12-14T15:08:15+00:00\",\"dateModified\":\"2023-12-15T06:24:34+00:00\",\"breadcrumb\":{\"@id\":\"https:\\\/\\\/www.meydan.tv\\\/az\\\/article\\\/tofiq-yaqublunun-saxlanildigi-bildirilir\\\/#breadcrumb\"},\"inLanguage\":\"az\",\"potentialAction\":[{\"@type\":\"ReadAction\",\"target\":[\"https:\\\/\\\/www.meydan.tv\\\/az\\\/article\\\/tofiq-yaqublunun-saxlanildigi-bildirilir\\\/\"]}]},{\"@type\":\"ImageObject\",\"inLanguage\":\"az\",\"@id\":\"https:\\\/\\\/www.meydan.tv\\\/az\\\/article\\\/tofiq-yaqublunun-saxlanildigi-bildirilir\\\/#primaryimage\",\"url\":\"https:\\\/\\\/www.meydan.tv\\\/wp-content\\\/uploads\\\/20121630_1612278418791616_2947006184575586151_o_720.jpg\",\"contentUrl\":\"https:\\\/\\\/www.meydan.tv\\\/wp-content\\\/uploads\\\/20121630_1612278418791616_2947006184575586151_o_720.jpg\",\"width\":1200,\"height\":675,\"caption\":\"Foto: Tofiq Yaqublunun \u015f\u0259xsi arxivind\u0259n\"},{\"@type\":\"BreadcrumbList\",\"@id\":\"https:\\\/\\\/www.meydan.tv\\\/az\\\/article\\\/tofiq-yaqublunun-saxlanildigi-bildirilir\\\/#breadcrumb\",\"itemListElement\":[{\"@type\":\"ListItem\",\"position\":1,\"name\":\"Ana s\u0259hif\u0259\",\"item\":\"https:\\\/\\\/www.meydan.tv\\\/az\\\/\"},{\"@type\":\"ListItem\",\"position\":2,\"name\":\"Siyas\u0259t\",\"item\":\"https:\\\/\\\/www.meydan.tv\\\/az\\\/section\\\/siyaset\\\/\"},{\"@type\":\"ListItem\",\"position\":3,\"name\":\"Tofiq Yaqublunun \u015f\u00fcbh\u0259li \u015f\u0259xs qismind\u0259 saxlan\u0131ld\u0131\u011f\u0131 bildirilir (Yenil\u0259nib)\"}]},{\"@type\":\"WebSite\",\"@id\":\"https:\\\/\\\/www.meydan.tv\\\/az\\\/#website\",\"url\":\"https:\\\/\\\/www.meydan.tv\\\/az\\\/\",\"name\":\"MEYDAN.TV\",\"description\":\"Meydan TV Az\u0259rbaycan\u0131n media m\u0259kan\u0131ndak\u0131 alternativ s\u0259sidir\",\"publisher\":{\"@id\":\"https:\\\/\\\/www.meydan.tv\\\/az\\\/#organization\"},\"potentialAction\":[{\"@type\":\"SearchAction\",\"target\":{\"@type\":\"EntryPoint\",\"urlTemplate\":\"https:\\\/\\\/www.meydan.tv\\\/az\\\/?s={search_term_string}\"},\"query-input\":{\"@type\":\"PropertyValueSpecification\",\"valueRequired\":true,\"valueName\":\"search_term_string\"}}],\"inLanguage\":\"az\"},{\"@type\":\"Organization\",\"@id\":\"https:\\\/\\\/www.meydan.tv\\\/az\\\/#organization\",\"name\":\"Meydan TV\",\"url\":\"https:\\\/\\\/www.meydan.tv\\\/az\\\/\",\"logo\":{\"@type\":\"ImageObject\",\"inLanguage\":\"az\",\"@id\":\"https:\\\/\\\/www.meydan.tv\\\/az\\\/#\\\/schema\\\/logo\\\/image\\\/\",\"url\":\"https:\\\/\\\/www.meydan.tv\\\/wp-content\\\/uploads\\\/2021\\\/07\\\/meydan-logo.svg\",\"contentUrl\":\"https:\\\/\\\/www.meydan.tv\\\/wp-content\\\/uploads\\\/2021\\\/07\\\/meydan-logo.svg\",\"width\":195,\"height\":46,\"caption\":\"Meydan TV\"},\"image\":{\"@id\":\"https:\\\/\\\/www.meydan.tv\\\/az\\\/#\\\/schema\\\/logo\\\/image\\\/\"}},{\"@type\":\"Person\",\"@id\":\"https:\\\/\\\/www.meydan.tv\\\/az\\\/#\\\/schema\\\/person\\\/9cdbecf90d17180ce1dfbd95b08dcf47\",\"name\":\"elli\",\"sameAs\":[\"https:\\\/\\\/x.com\\\/elli\"]}]}<\/script>\n<!-- \/ Yoast SEO plugin. -->","yoast_head_json":{"title":"Tofiq Yaqublunun \u015f\u00fcbh\u0259li \u015f\u0259xs qismind\u0259 saxlan\u0131ld\u0131\u011f\u0131 bildirilir (Yenil\u0259nib) - MEYDAN.TV","robots":{"index":"index","follow":"follow","max-snippet":"max-snippet:-1","max-image-preview":"max-image-preview:large","max-video-preview":"max-video-preview:-1"},"canonical":"https:\/\/www.meydan.tv\/az\/article\/tofiq-yaqublunun-saxlanildigi-bildirilir\/","og_locale":"az_AZ","og_type":"article","og_title":"Tofiq Yaqublunun \u015f\u00fcbh\u0259li \u015f\u0259xs qismind\u0259 saxlan\u0131ld\u0131\u011f\u0131 bildirilir (Yenil\u0259nib) - MEYDAN.TV","og_description":"Tofiq Yaqubluya qar\u015f\u0131 d\u0259l\u0259duzluq ittiham\u0131 ir\u0259li s\u00fcr\u00fcl\u00fcb. Bu bar\u0259d\u0259 v\u0259kili ... Davam\u0131","og_url":"https:\/\/www.meydan.tv\/az\/article\/tofiq-yaqublunun-saxlanildigi-bildirilir\/","og_site_name":"MEYDAN.TV","article_published_time":"2023-12-14T15:08:15+00:00","article_modified_time":"2023-12-15T06:24:34+00:00","og_image":[{"width":1200,"height":675,"url":"https:\/\/www.meydan.tv\/wp-content\/uploads\/20121630_1612278418791616_2947006184575586151_o_720.jpg","type":"image\/jpeg"}],"author":"elli","twitter_card":"summary_large_image","twitter_creator":"@elli","schema":{"@context":"https:\/\/schema.org","@graph":[{"@type":"Article","@id":"https:\/\/www.meydan.tv\/az\/article\/tofiq-yaqublunun-saxlanildigi-bildirilir\/#article","isPartOf":{"@id":"https:\/\/www.meydan.tv\/az\/article\/tofiq-yaqublunun-saxlanildigi-bildirilir\/"},"author":{"name":"elli","@id":"https:\/\/www.meydan.tv\/az\/#\/schema\/person\/9cdbecf90d17180ce1dfbd95b08dcf47"},"headline":"Tofiq Yaqublunun \u015f\u00fcbh\u0259li \u015f\u0259xs qismind\u0259 saxlan\u0131ld\u0131\u011f\u0131 bildirilir (Yenil\u0259nib)","datePublished":"2023-12-14T15:08:15+00:00","dateModified":"2023-12-15T06:24:34+00:00","mainEntityOfPage":{"@id":"https:\/\/www.meydan.tv\/az\/article\/tofiq-yaqublunun-saxlanildigi-bildirilir\/"},"wordCount":581,"publisher":{"@id":"https:\/\/www.meydan.tv\/az\/#organization"},"image":{"@id":"https:\/\/www.meydan.tv\/az\/article\/tofiq-yaqublunun-saxlanildigi-bildirilir\/#primaryimage"},"thumbnailUrl":"https:\/\/www.meydan.tv\/wp-content\/uploads\/20121630_1612278418791616_2947006184575586151_o_720.jpg","articleSection":["Siyas\u0259t","T\u00f6vsiy\u0259","X\u0259b\u0259rl\u0259r"],"inLanguage":"az"},{"@type":"WebPage","@id":"https:\/\/www.meydan.tv\/az\/article\/tofiq-yaqublunun-saxlanildigi-bildirilir\/","url":"https:\/\/www.meydan.tv\/az\/article\/tofiq-yaqublunun-saxlanildigi-bildirilir\/","name":"Tofiq Yaqublunun \u015f\u00fcbh\u0259li \u015f\u0259xs qismind\u0259 saxlan\u0131ld\u0131\u011f\u0131 bildirilir (Yenil\u0259nib) - MEYDAN.TV","isPartOf":{"@id":"https:\/\/www.meydan.tv\/az\/#website"},"primaryImageOfPage":{"@id":"https:\/\/www.meydan.tv\/az\/article\/tofiq-yaqublunun-saxlanildigi-bildirilir\/#primaryimage"},"image":{"@id":"https:\/\/www.meydan.tv\/az\/article\/tofiq-yaqublunun-saxlanildigi-bildirilir\/#primaryimage"},"thumbnailUrl":"https:\/\/www.meydan.tv\/wp-content\/uploads\/20121630_1612278418791616_2947006184575586151_o_720.jpg","datePublished":"2023-12-14T15:08:15+00:00","dateModified":"2023-12-15T06:24:34+00:00","breadcrumb":{"@id":"https:\/\/www.meydan.tv\/az\/article\/tofiq-yaqublunun-saxlanildigi-bildirilir\/#breadcrumb"},"inLanguage":"az","potentialAction":[{"@type":"ReadAction","target":["https:\/\/www.meydan.tv\/az\/article\/tofiq-yaqublunun-saxlanildigi-bildirilir\/"]}]},{"@type":"ImageObject","inLanguage":"az","@id":"https:\/\/www.meydan.tv\/az\/article\/tofiq-yaqublunun-saxlanildigi-bildirilir\/#primaryimage","url":"https:\/\/www.meydan.tv\/wp-content\/uploads\/20121630_1612278418791616_2947006184575586151_o_720.jpg","contentUrl":"https:\/\/www.meydan.tv\/wp-content\/uploads\/20121630_1612278418791616_2947006184575586151_o_720.jpg","width":1200,"height":675,"caption":"Foto: Tofiq Yaqublunun \u015f\u0259xsi arxivind\u0259n"},{"@type":"BreadcrumbList","@id":"https:\/\/www.meydan.tv\/az\/article\/tofiq-yaqublunun-saxlanildigi-bildirilir\/#breadcrumb","itemListElement":[{"@type":"ListItem","position":1,"name":"Ana s\u0259hif\u0259","item":"https:\/\/www.meydan.tv\/az\/"},{"@type":"ListItem","position":2,"name":"Siyas\u0259t","item":"https:\/\/www.meydan.tv\/az\/section\/siyaset\/"},{"@type":"ListItem","position":3,"name":"Tofiq Yaqublunun \u015f\u00fcbh\u0259li \u015f\u0259xs qismind\u0259 saxlan\u0131ld\u0131\u011f\u0131 bildirilir (Yenil\u0259nib)"}]},{"@type":"WebSite","@id":"https:\/\/www.meydan.tv\/az\/#website","url":"https:\/\/www.meydan.tv\/az\/","name":"MEYDAN.TV","description":"Meydan TV Az\u0259rbaycan\u0131n media m\u0259kan\u0131ndak\u0131 alternativ s\u0259sidir","publisher":{"@id":"https:\/\/www.meydan.tv\/az\/#organization"},"potentialAction":[{"@type":"SearchAction","target":{"@type":"EntryPoint","urlTemplate":"https:\/\/www.meydan.tv\/az\/?s={search_term_string}"},"query-input":{"@type":"PropertyValueSpecification","valueRequired":true,"valueName":"search_term_string"}}],"inLanguage":"az"},{"@type":"Organization","@id":"https:\/\/www.meydan.tv\/az\/#organization","name":"Meydan TV","url":"https:\/\/www.meydan.tv\/az\/","logo":{"@type":"ImageObject","inLanguage":"az","@id":"https:\/\/www.meydan.tv\/az\/#\/schema\/logo\/image\/","url":"https:\/\/www.meydan.tv\/wp-content\/uploads\/2021\/07\/meydan-logo.svg","contentUrl":"https:\/\/www.meydan.tv\/wp-content\/uploads\/2021\/07\/meydan-logo.svg","width":195,"height":46,"caption":"Meydan TV"},"image":{"@id":"https:\/\/www.meydan.tv\/az\/#\/schema\/logo\/image\/"}},{"@type":"Person","@id":"https:\/\/www.meydan.tv\/az\/#\/schema\/person\/9cdbecf90d17180ce1dfbd95b08dcf47","name":"elli","sameAs":["https:\/\/x.com\/elli"]}]}},"_links":{"self":[{"href":"https:\/\/www.meydan.tv\/az\/wp-json\/wp\/v2\/posts\/292958","targetHints":{"allow":["GET"]}}],"collection":[{"href":"https:\/\/www.meydan.tv\/az\/wp-json\/wp\/v2\/posts"}],"about":[{"href":"https:\/\/www.meydan.tv\/az\/wp-json\/wp\/v2\/types\/post"}],"author":[{"embeddable":true,"href":"https:\/\/www.meydan.tv\/az\/wp-json\/wp\/v2\/users\/8"}],"replies":[{"embeddable":true,"href":"https:\/\/www.meydan.tv\/az\/wp-json\/wp\/v2\/comments?post=292958"}],"version-history":[{"count":7,"href":"https:\/\/www.meydan.tv\/az\/wp-json\/wp\/v2\/posts\/292958\/revisions"}],"predecessor-version":[{"id":292984,"href":"https:\/\/www.meydan.tv\/az\/wp-json\/wp\/v2\/posts\/292958\/revisions\/292984"}],"wp:featuredmedia":[{"embeddable":true,"href":"https:\/\/www.meydan.tv\/az\/wp-json\/wp\/v2\/media\/292959"}],"wp:attachment":[{"href":"https:\/\/www.meydan.tv\/az\/wp-json\/wp\/v2\/media?parent=292958"}],"wp:term":[{"taxonomy":"category","embeddable":true,"href":"https:\/\/www.meydan.tv\/az\/wp-json\/wp\/v2\/categories?post=292958"},{"taxonomy":"post_tag","embeddable":true,"href":"https:\/\/www.meydan.tv\/az\/wp-json\/wp\/v2\/tags?post=292958"}],"curies":[{"name":"wp","href":"https:\/\/api.w.org\/{rel}","templated":true}]}}