{"id":292939,"date":"2023-12-14T17:32:37","date_gmt":"2023-12-14T13:32:37","guid":{"rendered":"https:\/\/www.meydan.tv\/?p=292939"},"modified":"2023-12-15T13:29:35","modified_gmt":"2023-12-15T09:29:35","slug":"zulfiyye-qurbanova-azerbaycanda-turk-aktyorlari-haqqinda-agizdolusu-danisirlar","status":"publish","type":"post","link":"https:\/\/www.meydan.tv\/az\/article\/zulfiyye-qurbanova-azerbaycanda-turk-aktyorlari-haqqinda-agizdolusu-danisirlar\/","title":{"rendered":"Z\u00fclfiyy\u0259 Qurbanova: &#8220;Az\u0259rbaycanda t\u00fcrk aktyorlar\u0131 haqq\u0131nda a\u011f\u0131zdolusu dan\u0131\u015f\u0131rlar&#8221;"},"content":{"rendered":"\n<p><\/p>\n\n\n\n<p><strong><em>&#8220;Aktrisa olaraq, yarad\u0131c\u0131l\u0131\u011f\u0131m\u0131 siyas\u0259t\u0259 qurban verm\u0259k ist\u0259mir\u0259m&#8221;<\/em><\/strong><\/p>\n\n\n\n<p><em>Kinosev\u0259rl\u0259rin \u201cTabut\u00e7unun yell\u0259nc\u0259yi\u201d, \u201cSe\u00e7im\u201d, \u201cM\u00f6vs\u00fcm\u00fcn sonu\u201d kimi filml\u0259rd\u0259n, serial h\u0259v\u0259skarlar\u0131n\u0131n \u201cH\u0259yat, s\u0259n n\u0259 q\u0259rib\u0259s\u0259n\u201d, \u201c\u0130ki \u00f6m\u00fcr\u201d, \u201cLal\u0259li saray\u201d, \u201cAta oca\u011f\u0131\u201d, \u201c\u018fqr\u0259b m\u00f6vs\u00fcm\u00fc\u201d kimi seriallardan tan\u0131d\u0131\u011f\u0131 aktrisa Z\u00fclfiyy\u0259 Qurbanova Meydan TV-y\u0259 m\u00fcsahib\u0259 verib.<\/em><\/p>\n\n\n\n<p><em>H\u0259min m\u00fcsahib\u0259ni t\u0259qdim edirik:<\/em><\/p>\n\n\n\n<p><strong><em>&#8211; <\/em>2023-c\u00fc ild\u0259 kino v\u0259 teatrla ba\u011fl\u0131 bir s\u0131ra forum v\u0259 t\u0259dbirl\u0259r ke\u00e7irildi. Bu t\u0259dbirl\u0259r kino v\u0259 teatrda \u0259sasl\u0131 d\u0259yu\u015fiklikl\u0259r\u0259 s\u0259b\u0259b olacaqm\u0131?<\/strong><\/p>\n\n\n\n<p>&#8211; \u0130st\u0259r kino, ist\u0259rs\u0259 d\u0259 teatr t\u0259dbirl\u0259rind\u0259 \u015f\u0259xs\u0259n i\u015ftirak etdim. Hesab edir\u0259m ki, bu t\u0259dbirl\u0259r kino v\u0259 teatr sah\u0259sin\u0259 m\u00fcsb\u0259t t\u0259sir ed\u0259c\u0259k. G\u0259l\u0259n il m\u0259d\u0259ni i\u015fl\u0259rd\u0259, m\u0259d\u0259ni \u0259laq\u0259l\u0259rd\u0259 \u00f6z \u0259ksini tapacaq.<\/p>\n\n\n\n<p><strong><em>&#8211; <\/em>Az\u0259rbaycan Kinosu \u2013 125: Reall\u0131q, \u00c7a\u011f\u0131r\u0131\u015flar v\u0259 H\u0259d\u0259fl\u0259r\u201d m\u00f6vzusunda kino forumundan sonra siz aktyorlar\u0131n qonorar m\u0259s\u0259l\u0259sin\u0259 toxundunuz. Dediniz ki, bu m\u0259s\u0259l\u0259 diqq\u0259td\u0259n k\u0259narda qal\u0131b. Lakin \u00e7\u0131x\u0131\u015f\u0131n\u0131z\u0131n he\u00e7 bir n\u0259tic\u0259si olmad\u0131.<\/strong><\/p>\n\n\n\n<p>&#8211; Kino forumundan sonra aktyorlar\u0131n qonorar m\u0259s\u0259l\u0259sini d\u0259 efird\u0259 qald\u0131rd\u0131q. \u00c7ox az aktyor bu m\u0259s\u0259l\u0259d\u0259 biz\u0259 d\u0259st\u0259k oldu. Ham\u0131 k\u0259narda alq\u0131\u015flad\u0131 ki, d\u00fcz deyirs\u0259n. Amma ortal\u0131qda n\u0259s\u0259 dem\u0259k laz\u0131m olanda he\u00e7 biri s\u0259sini \u00e7\u0131xarmad\u0131. M\u0259n bu m\u0259s\u0259l\u0259 il\u0259 \u0259laq\u0259dar dan\u0131\u015fanda \u00fcmumi aktyorlar\u0131n ad\u0131ndan \u00e7\u0131x\u0131\u015f edir\u0259m. B\u0259z\u0259n el\u0259 q\u0259bul olunur ki, Z\u00fclfiyy\u0259 Qurbanova \u00f6z\u00fcnd\u0259n narahatd\u0131r. M\u0259n \u00f6z\u00fcmd\u0259n narahat deyil\u0259m. M\u0259n bu \u0259r\u0259f\u0259l\u0259rd\u0259 iki-\u00fc\u00e7 layih\u0259 g\u00f6t\u00fcrm\u00fc\u015f\u0259m. Kifay\u0259t q\u0259d\u0259r d\u0259 g\u00f6z\u0259l qonorarlara \u00e7\u0259kilir\u0259m. H\u0259r hans\u0131 bir \u00e7\u0259kili\u015fd\u0259n \u00f6nc\u0259 d\u0259 qiym\u0259timi dem\u0259yi bacar\u0131ram. T\u0259l\u0259b etm\u0259k potensial\u0131na malik adamam. \u018fks\u0259r aktyorlar is\u0259 qorxurlar, d\u00fc\u015f\u00fcn\u00fcrl\u0259r ki, qonorarlar\u0131n\u0131n art\u0131m\u0131n\u0131 t\u0259l\u0259b ets\u0259l\u0259r, onlar\u0131 \u00e7\u0259km\u0259zl\u0259r. B\u0259zi hallarda da g\u00f6r\u00fcr\u0259m ki, bunu \u00e7ox nahaq edir\u0259m. Bizim aktyorlarda birlik yoxdur. M\u0259n bunu h\u0259r zaman demi\u015f\u0259m ki, he\u00e7 bir m\u00f6vzuda birliyimiz yoxdur.<\/p>\n\n\n<div class=\"wp-block-image\">\n<figure class=\"alignright size-large is-resized\"><img decoding=\"async\" width=\"547\" height=\"821\" data-src=\"https:\/\/www.meydan.tv\/wp-content\/uploads\/z__lfiyy___qurbanova3-547x821.jpg\" alt=\"\" class=\"wp-image-293021 lazyload\" style=\"--smush-placeholder-width: 547px; --smush-placeholder-aspect-ratio: 547\/821;width:363px;height:auto\" src=\"data:image\/svg+xml;base64,PHN2ZyB3aWR0aD0iMSIgaGVpZ2h0PSIxIiB4bWxucz0iaHR0cDovL3d3dy53My5vcmcvMjAwMC9zdmciPjwvc3ZnPg==\" \/><\/figure>\n<\/div>\n\n\n<p><strong><em>&#8211; <\/em>S\u00f6hb\u0259t hans\u0131 yeni layih\u0259l\u0259rd\u0259n gedir?<\/strong><\/p>\n\n\n\n<p>-\u201cV\u0259t\u0259nda\u015f A\u201d serial\u0131na \u00e7\u0259kilmi\u015f\u0259m. G\u0259l\u0259n ilin \u0259vv\u0259lind\u0259 \u0130TV-d\u0259 yay\u0131mlanacaq. Serial\u0131n ssenarisi C\u0259f\u0259r Cabbarl\u0131n\u0131n \u201cAlmaz\u201d pyesin\u0259 xitab\u0259n yaz\u0131l\u0131b. Ssenari m\u00fc\u0259llifi Asiman A\u011fa R\u00f6v\u015f\u0259n, rejissoru Elvin R\u00fcst\u0259mzad\u0259, layih\u0259nin r\u0259hb\u0259ri is\u0259 Sevinc \u018fliyevad\u0131r. 12-14 seriya n\u0259z\u0259rd\u0259 tutulub. S\u0259ad\u0259t adl\u0131 obraz\u0131 canland\u0131rm\u0131\u015fam. S\u0259ad\u0259t ki\u00e7ik ya\u015flar\u0131ndan m\u0259kt\u0259bd\u0259n \u00e7\u0131xar\u0131laraq, zorla \u0259r\u0259 verilib. H\u0259yat\u0131 boyu \u0259zab-\u0259ziyy\u0259t i\u00e7\u0259risind\u0259 ya\u015fam\u0131\u015f bir qad\u0131nd\u0131r. Oxumasa da, t\u0259hsil alma\u011fa can at\u0131r. D\u00fcnyag\u00f6r\u00fc\u015f\u00fc, hadis\u0259l\u0259r\u0259 yana\u015fmas\u0131 bax\u0131m\u0131ndan xarakteri olan bir qad\u0131nd\u0131r. \u00c7ox maraql\u0131 bir qad\u0131n obraz\u0131d\u0131r. M\u0259n indiy\u0259 q\u0259d\u0259r bel\u0259 bir rol oynamam\u0131\u015fd\u0131m. Ba\u015fqa bir layih\u0259 il\u0259 ba\u011fl\u0131 is\u0259 m\u00fcqavil\u0259y\u0259 \u0259sas\u0259n, m\u0259lumat ver\u0259 bilm\u0259r\u0259m. Tarixi bir layih\u0259dir. \u00c7oxseriyal\u0131 b\u0259dii filmdir, y\u0259qin, g\u0259l\u0259n il efir \u00fcz\u00fc g\u00f6r\u0259c\u0259k.<\/p>\n\n\n\n<p><strong><em>&#8211; <\/em>Seriallar yarad\u0131c\u0131l\u0131\u011f\u0131n\u0131zda n\u0259 kimi rol oynay\u0131b?<\/strong><\/p>\n\n\n\n<p>&#8211; \u00c7\u0259kildiyim he\u00e7 bir serial haqq\u0131nda dey\u0259 bilm\u0259r\u0259m ki, bu m\u0259nim yarad\u0131c\u0131l\u0131\u011fma m\u0259nfi t\u0259sir g\u00f6st\u0259rdi. Ham\u0131s\u0131 t\u0259cr\u00fcb\u0259dir. Seriallar m\u0259ni k\u00fctl\u0259 aras\u0131nda tan\u0131d\u0131b. Bunu inkar el\u0259m\u0259k olmaz. 2010-2011-ci ild\u0259n, Az\u0259rbaycanda serial \u00e7\u0259kili\u015fl\u0259ri artma\u011fa ba\u015flayandan b\u0259ri, dem\u0259k olar ki, m\u00fct\u0259madi h\u0259r il bir seriala \u00e7\u0259kilir\u0259m. \u00dc\u00e7 illik, iki illik, bir illik seriallar\u0131m olub. M\u0259nfi rolum olub ki, sevilib d\u0259, s\u00f6y\u00fcl\u00fcb d\u0259&#8230; B\u00f6y\u00fckl\u00fc-balacal\u0131 b\u00fct\u00fcn rollar\u0131m\u0131 sev\u0259r\u0259k oynam\u0131\u015fam. N\u0259d\u0259ns\u0259 bizd\u0259 seriallara a\u015fa\u011f\u0131 s\u0259viyy\u0259li bir i\u015f kimi bax\u0131rlar. Serial\u0131n \u00e7\u0259kili\u015f meydan\u00e7as\u0131, b\u0259lk\u0259 d\u0259, filmd\u0259n d\u0259 \u00e7\u0259tindir. \u00c7\u00fcnki y\u00fck\u00fc \u00e7ox olur. S\u0259hn\u0259l\u0259r, efir\u0259 \u00e7atd\u0131rmaq m\u0259cburiyy\u0259ti var. Bu, aktyora fiziki, m\u0259n\u0259vi y\u00fckd\u00fcr, beyin yor\u011funlu\u011fudur.<\/p>\n\n\n\n<p><strong><em>&#8211; <\/em>Az\u0259rbaycanda s\u0259n\u0259t adamlar\u0131na m\u00fcnasib\u0259t birm\u0259nal\u0131 deyil. X\u00fcsus\u0259n d\u0259 aktrisal\u0131q s\u0259n\u0259ti il\u0259 ba\u011fl\u0131 k\u00f6hn\u0259 stereotipl\u0259r h\u0259l\u0259 d\u0259 qalmaqdad\u0131r. Bir aktrisa olaraq, c\u0259miyy\u0259td\u0259 bel\u0259 stereotipl\u0259rl\u0259 qar\u015f\u0131la\u015fm\u0131s\u0131n\u0131zm\u0131?<\/strong><\/p>\n\n\n\n<p>&#8211; Yalandan des\u0259m ki, qar\u015f\u0131la\u015fmam\u0131\u015fam, s\u0259mimi olmaram. \u00d6lk\u0259d\u0259 beyin olaraq q\u0259rib\u0259 bir tendensiya var. Aktrisa n\u0259 q\u0259d\u0259r h\u0259yat\u0131n\u0131 d\u00fczg\u00fcn ya\u015fasa da, yarad\u0131c\u0131l\u0131\u011f\u0131n\u0131 d\u00fczg\u00fcn \u015f\u0259kild\u0259 aparsa da, c\u0259miyy\u0259td\u0259 ona yana\u015fma t\u0259rzi do\u011fru olmur. Bunu verdiyin hans\u0131sa m\u00fcsahib\u0259nin \u015f\u0259rhl\u0259rind\u0259 d\u0259 g\u00f6r\u00fcrs\u0259n. D\u00fczd\u00fcr, \u00f6z\u00fcm\u0259 qar\u015f\u0131 lap d\u0259h\u015f\u0259tli d\u0259r\u0259c\u0259d\u0259 olmay\u0131b. Amma yen\u0259 d\u0259 hiss etmi\u015f\u0259m. Bunu he\u00e7 kim dana bilm\u0259z. Amma rollar\u0131mdan dolay\u0131 &#8211; \u0259rin\u0259 x\u0259yan\u0259t ed\u0259n qad\u0131n, y\u00fcng\u00fcl h\u0259yat t\u0259rzi ya\u015fayan qad\u0131n v\u0259 yaxud da ac\u0131 \u00e7\u0259k\u0259n, u\u015faqlar\u0131n\u0131 saxlayan qad\u0131n olsun \u2013 \u00f6z\u00fcm\u0259 qar\u015f\u0131 he\u00e7 bir k\u0259skin m\u00fcnasib\u0259t hiss etm\u0259mi\u015f\u0259m. Rollar\u0131ma g\u00f6r\u0259 ancaq pe\u015f\u0259kar r\u0259yl\u0259r g\u00f6rm\u00fc\u015f\u0259m. H\u0259tta pis m\u00fcnasib\u0259t olsa da bel\u0259, m\u0259n bunlar\u0131 \u00f6n\u0259ms\u0259y\u0259n adam deyil\u0259m. Kim\u0259s\u0259 yarad\u0131c\u0131l\u0131q ba\u015fa salmaq ya\u015f\u0131nda deyil\u0259m, y\u0259ni bilirs\u0259n, \u0259slind\u0259, bu, roldur v\u0259 s. Amma tama\u015fa\u00e7\u0131lar\u0131n bir qismi pe\u015f\u0259kar m\u0259nada analiz ed\u0259 bilirl\u0259r.<\/p>\n\n\n\n<p><strong><em>&#8211; <\/em>Z\u00fclfiyy\u0259 Qurbanovan\u0131 bu g\u00fcn c\u0259miyy\u0259td\u0259 daha \u00e7ox n\u0259 narahat edir?<\/strong><\/p>\n\n\n\n<p>&#8211; M\u0259ni narahat ed\u0259n m\u0259qamlar\u0131 c\u0259miyy\u0259t \u00f6z\u00fc d\u00fcz\u0259ltm\u0259lidir.<\/p>\n\n\n<div class=\"wp-block-image\">\n<figure class=\"alignleft size-large is-resized\"><img decoding=\"async\" width=\"528\" height=\"821\" data-src=\"https:\/\/www.meydan.tv\/wp-content\/uploads\/z__lfiyy___qurbanova1-528x821.jpg\" alt=\"\" class=\"wp-image-293018 lazyload\" style=\"--smush-placeholder-width: 528px; --smush-placeholder-aspect-ratio: 528\/821;width:340px;height:auto\" src=\"data:image\/svg+xml;base64,PHN2ZyB3aWR0aD0iMSIgaGVpZ2h0PSIxIiB4bWxucz0iaHR0cDovL3d3dy53My5vcmcvMjAwMC9zdmciPjwvc3ZnPg==\" \/><\/figure>\n<\/div>\n\n\n<p><strong><em>&#8211; <\/em>M\u0259s\u0259l\u0259n.<\/strong>..<\/p>\n\n\n\n<p>&#8211; \u00c7ox \u015fey. C\u0259miyy\u0259t \u00fczvl\u0259rinin aktyora, aktrisaya yana\u015fma t\u0259rzi. Bunu s\u0259n\u0259t adamlar\u0131 inkar ed\u0259 bil\u0259r. Amma m\u00fcnasib\u0259t o deyil. M\u0259s\u0259l\u0259n, uza\u011fa getm\u0259y\u0259k, T\u00fcrkiy\u0259 il\u0259 m\u00fcqayis\u0259d\u0259 eyni deyil. Biz bunu n\u0259 q\u0259d\u0259r inkar ets\u0259k d\u0259, boynumuza almasaq da, etiraflardan qa\u00e7saq da, bu h\u0259qiq\u0259t d\u0259yi\u015fmir. T\u00fcrkiy\u0259d\u0259ki kimins\u0259 \u00f6z aktyoruna m\u00fcnasib\u0259ti il\u0259 bizim c\u0259miyy\u0259t \u00fczv\u00fcn\u00fcn aktyoruna m\u00fcnasib\u0259ti aras\u0131nda yerl\u0259-g\u00f6y q\u0259d\u0259r f\u0259rq var. H\u0259tta bizd\u0259 insanlar t\u00fcrk aktyorlar\u0131na daha m\u00fcsb\u0259t yana\u015f\u0131rlar. T\u00fcrk aktyorlar\u0131 haqq\u0131nda a\u011f\u0131zdolusu dan\u0131\u015f\u0131r, t\u0259rifl\u0259r ya\u011fd\u0131r\u0131rlar. Az\u0259rbaycan aktyoruna eyni m\u00fcnasib\u0259t var? Bu s\u00f6zl\u0259rimd\u0259n sonra dey\u0259c\u0259kl\u0259r ki, eyni s\u0259viyy\u0259d\u0259 deyill\u0259r. Niy\u0259 eyni s\u0259viyy\u0259d\u0259 deyilik? S\u0259n\u0259 g\u00f6r\u0259 eyni s\u0259viyy\u0259d\u0259 deyil. S\u0259n ax\u0131 pe\u015f\u0259kar deyils\u0259n v\u0259 baxa bilmirs\u0259n. S\u0259nin \u00f6n\u00fcn\u0259 t\u00fcrk v\u0259 ya ba\u015fqa mill\u0259tin m\u0259hsulunu g\u0259tirs\u0259l\u0259r, h\u0259zm edib, yey\u0259c\u0259ks\u0259n. Az\u0259rbaycanda tama\u015fa\u00e7\u0131 bel\u0259 dey\u0259nd\u0259, onun qolundan tutub, \u00f6lk\u0259d\u0259 \u00e7\u0259kil\u0259n h\u0259r hans\u0131 bir serial v\u0259 ya film setin\u0259 apar\u0131b, salmaq laz\u0131md\u0131r. G\u00f6rs\u00fcn ki, T\u00fcrkiy\u0259d\u0259n f\u0259rqli olaraq, Az\u0259rbaycan aktyorlar\u0131 hans\u0131 \u015f\u0259rtl\u0259rd\u0259 \u00e7\u0259kilirl\u0259r.<\/p>\n\n\n\n<p><strong><em>&#8211; <\/em>Dig\u0259r \u00f6lk\u0259 aktyorlar\u0131ndan s\u00f6hb\u0259t d\u00fc\u015fm\u00fc\u015fk\u0259n, \u0259ks\u0259r s\u0259n\u0259t adamlar\u0131 \u00f6z \u00f6lk\u0259l\u0259rinin ictimai-siyasi h\u0259yat\u0131nda f\u0259al i\u015ftirak edirl\u0259r, buna bir borc, m\u0259suliyy\u0259t kimi yana\u015f\u0131rlar. Niy\u0259 az\u0259rbaycanl\u0131 s\u0259n\u0259t adamlar\u0131 bel\u0259 prosesl\u0259rd\u0259n uzaq durma\u011fa \u00e7al\u0131\u015f\u0131rlar? Siyasi v\u0259 yaxud da sosial m\u0259s\u0259l\u0259l\u0259rd\u0259 v\u0259t\u0259nda\u015f m\u00f6vqeyi s\u0259rgil\u0259mirl\u0259r, sanki qorxurlar. Bunun s\u0259b\u0259bi n\u0259dir?<\/strong><\/p>\n\n\n\n<p>&#8211; D\u00fc\u015f\u00fcnm\u00fcr\u0259m ki, qorxurlar. M\u0259s\u0259l\u0259n m\u0259n he\u00e7 bir siyasi m\u0259s\u0259l\u0259l\u0259r\u0259 qar\u0131\u015fm\u0131ram. Niy\u0259? Aktyor siyas\u0259t\u0259 qar\u0131\u015f\u0131rsa, onun yarad\u0131c\u0131l\u0131\u011f\u0131, n\u0259inki ikinci, h\u0259tta y\u00fcz\u00fcnc\u00fc plana ke\u00e7ir. O art\u0131q he\u00e7 kimin yad\u0131nda yarad\u0131c\u0131l\u0131\u011f\u0131 il\u0259 qalm\u0131r. Siyasi xarakterli \u00e7\u0131x\u0131\u015flar\u0131 il\u0259 yadda qal\u0131r v\u0259 bu, he\u00e7 kim\u0259 d\u0259 laz\u0131m olmur. H\u0259r bir sah\u0259nin \u00f6z bilicisi var. Dey\u0259c\u0259ksiniz ki, filan \u00f6lk\u0259nin prezidenti siyas\u0259t\u00e7idir. \u0130ndi biz ondan dan\u0131\u015fm\u0131r\u0131q. T\u0259k-t\u00fck istisnalar var. Aktrisa olaraq, yarad\u0131c\u0131l\u0131\u011f\u0131m\u0131 siyas\u0259t\u0259 qurban verm\u0259k, arxa plana atmaq ist\u0259mir\u0259m. M\u0259n aktrisa kimi yarad\u0131c\u0131l\u0131\u011f\u0131mla, i\u015fiml\u0259 m\u0259\u015f\u011fulam. Siyas\u0259t m\u0259nim n\u0259yim\u0259 laz\u0131md\u0131r? \u00d6lk\u0259d\u0259 bu m\u0259s\u0259l\u0259l\u0259ri h\u0259ll ed\u0259n kifay\u0259t q\u0259d\u0259r ba\u015fbil\u0259nl\u0259r var. Aktyor aktyordur, siyas\u0259t\u00e7i d\u0259 siyas\u0259t\u00e7i. H\u0259r\u0259nin \u00f6z cavabdehliyi, \u00f6hd\u0259liyi var. H\u0259r k\u0259s \u00f6hd\u0259liyini \u00e7ox g\u00f6z\u0259l bilir. Bu \u00f6hd\u0259likl\u0259r\u0259 barmaq uzatma\u011fa n\u0259 zaman\u0131m, n\u0259 d\u0259 h\u0259v\u0259sim var. Sosial probleml\u0259r\u0259 g\u0259linc\u0259, v\u0259t\u0259nda\u015f m\u00f6vqeyimi ifad\u0259 edir\u0259m. \u00d6lk\u0259d\u0259 qiym\u0259t art\u0131m\u0131 olanda zat\u0259n bununla \u0259laq\u0259dar m\u00f6vqe bildiririk. M\u0259n yen\u0259 d\u0259 deyir\u0259m: siyas\u0259t\u00e7inin, aktyorun, m\u00fc\u0259llimin ham\u0131s\u0131n\u0131n f\u0259rqli m\u00f6vqeyi var. H\u0259r k\u0259s \u00f6z\u00fc i\u015fi il\u0259 m\u0259\u015f\u011ful olsa, yax\u015f\u0131d\u0131r. X\u00fcsus\u0259n d\u0259 yarad\u0131c\u0131 adamlar&#8230;<\/p>\n","protected":false},"excerpt":{"rendered":"<p>&#8220;Aktrisa olaraq, yarad\u0131c\u0131l\u0131\u011f\u0131m\u0131 siyas\u0259t\u0259 qurban verm\u0259k ist\u0259mir\u0259m&#8221; Kinosev\u0259rl\u0259rin \u201cTabut\u00e7unun yell\u0259nc\u0259yi\u201d, &#8230; <\/p>\n<p class=\"read-more-container\"><a title=\"Z\u00fclfiyy\u0259 Qurbanova: &#8220;Az\u0259rbaycanda t\u00fcrk aktyorlar\u0131 haqq\u0131nda a\u011f\u0131zdolusu dan\u0131\u015f\u0131rlar&#8221;\" class=\"read-more button\" href=\"https:\/\/www.meydan.tv\/az\/article\/zulfiyye-qurbanova-azerbaycanda-turk-aktyorlari-haqqinda-agizdolusu-danisirlar\/#more-292939\" aria-label=\"Read more about Z\u00fclfiyy\u0259 Qurbanova: &#8220;Az\u0259rbaycanda t\u00fcrk aktyorlar\u0131 haqq\u0131nda a\u011f\u0131zdolusu dan\u0131\u015f\u0131rlar&#8221;\">Davam\u0131<\/a><\/p>\n","protected":false},"author":8,"featured_media":293015,"comment_status":"closed","ping_status":"closed","sticky":false,"template":"","format":"standard","meta":{"_acf_changed":false,"_sitemap_exclude":false,"_sitemap_priority":"","_sitemap_frequency":"","footnotes":""},"categories":[52,56],"tags":[],"class_list":["post-292939","post","type-post","status-publish","format-standard","has-post-thumbnail","hentry","category-medeniyyet","category-xeberler","infinite-scroll-item","generate-columns","tablet-grid-50","mobile-grid-100","grid-parent","grid-33","no-featured-image-padding"],"acf":[],"yoast_head":"<!-- This site is optimized with the Yoast SEO plugin v27.4 - https:\/\/yoast.com\/product\/yoast-seo-wordpress\/ -->\n<title>Z\u00fclfiyy\u0259 Qurbanova: &quot;Az\u0259rbaycanda t\u00fcrk aktyorlar\u0131 haqq\u0131nda a\u011f\u0131zdolusu dan\u0131\u015f\u0131rlar&quot; - MEYDAN.TV<\/title>\n<meta name=\"robots\" content=\"index, follow, max-snippet:-1, max-image-preview:large, max-video-preview:-1\" \/>\n<link rel=\"canonical\" href=\"https:\/\/www.meydan.tv\/az\/article\/zulfiyye-qurbanova-azerbaycanda-turk-aktyorlari-haqqinda-agizdolusu-danisirlar\/\" \/>\n<meta property=\"og:locale\" content=\"az_AZ\" \/>\n<meta property=\"og:type\" content=\"article\" \/>\n<meta property=\"og:title\" content=\"Z\u00fclfiyy\u0259 Qurbanova: &quot;Az\u0259rbaycanda t\u00fcrk aktyorlar\u0131 haqq\u0131nda a\u011f\u0131zdolusu dan\u0131\u015f\u0131rlar&quot; - MEYDAN.TV\" \/>\n<meta property=\"og:description\" content=\"&#8220;Aktrisa olaraq, yarad\u0131c\u0131l\u0131\u011f\u0131m\u0131 siyas\u0259t\u0259 qurban verm\u0259k ist\u0259mir\u0259m&#8221; Kinosev\u0259rl\u0259rin \u201cTabut\u00e7unun yell\u0259nc\u0259yi\u201d, ... Davam\u0131\" \/>\n<meta property=\"og:url\" content=\"https:\/\/www.meydan.tv\/az\/article\/zulfiyye-qurbanova-azerbaycanda-turk-aktyorlari-haqqinda-agizdolusu-danisirlar\/\" \/>\n<meta property=\"og:site_name\" content=\"MEYDAN.TV\" \/>\n<meta property=\"article:published_time\" content=\"2023-12-14T13:32:37+00:00\" \/>\n<meta property=\"article:modified_time\" content=\"2023-12-15T09:29:35+00:00\" \/>\n<meta property=\"og:image\" content=\"https:\/\/www.meydan.tv\/wp-content\/uploads\/aktr.jpg\" \/>\n\t<meta property=\"og:image:width\" content=\"1920\" \/>\n\t<meta property=\"og:image:height\" content=\"1080\" \/>\n\t<meta property=\"og:image:type\" content=\"image\/jpeg\" \/>\n<meta name=\"author\" content=\"elli\" \/>\n<meta name=\"twitter:card\" content=\"summary_large_image\" \/>\n<meta name=\"twitter:creator\" content=\"@elli\" \/>\n<script type=\"application\/ld+json\" class=\"yoast-schema-graph\">{\"@context\":\"https:\\\/\\\/schema.org\",\"@graph\":[{\"@type\":\"Article\",\"@id\":\"https:\\\/\\\/www.meydan.tv\\\/az\\\/article\\\/zulfiyye-qurbanova-azerbaycanda-turk-aktyorlari-haqqinda-agizdolusu-danisirlar\\\/#article\",\"isPartOf\":{\"@id\":\"https:\\\/\\\/www.meydan.tv\\\/az\\\/article\\\/zulfiyye-qurbanova-azerbaycanda-turk-aktyorlari-haqqinda-agizdolusu-danisirlar\\\/\"},\"author\":{\"name\":\"elli\",\"@id\":\"https:\\\/\\\/www.meydan.tv\\\/az\\\/#\\\/schema\\\/person\\\/9cdbecf90d17180ce1dfbd95b08dcf47\"},\"headline\":\"Z\u00fclfiyy\u0259 Qurbanova: &#8220;Az\u0259rbaycanda t\u00fcrk aktyorlar\u0131 haqq\u0131nda a\u011f\u0131zdolusu dan\u0131\u015f\u0131rlar&#8221;\",\"datePublished\":\"2023-12-14T13:32:37+00:00\",\"dateModified\":\"2023-12-15T09:29:35+00:00\",\"mainEntityOfPage\":{\"@id\":\"https:\\\/\\\/www.meydan.tv\\\/az\\\/article\\\/zulfiyye-qurbanova-azerbaycanda-turk-aktyorlari-haqqinda-agizdolusu-danisirlar\\\/\"},\"wordCount\":1746,\"publisher\":{\"@id\":\"https:\\\/\\\/www.meydan.tv\\\/az\\\/#organization\"},\"image\":{\"@id\":\"https:\\\/\\\/www.meydan.tv\\\/az\\\/article\\\/zulfiyye-qurbanova-azerbaycanda-turk-aktyorlari-haqqinda-agizdolusu-danisirlar\\\/#primaryimage\"},\"thumbnailUrl\":\"https:\\\/\\\/www.meydan.tv\\\/wp-content\\\/uploads\\\/aktr.jpg\",\"articleSection\":[\"M\u0259d\u0259niyy\u0259t\",\"X\u0259b\u0259rl\u0259r\"],\"inLanguage\":\"az\"},{\"@type\":\"WebPage\",\"@id\":\"https:\\\/\\\/www.meydan.tv\\\/az\\\/article\\\/zulfiyye-qurbanova-azerbaycanda-turk-aktyorlari-haqqinda-agizdolusu-danisirlar\\\/\",\"url\":\"https:\\\/\\\/www.meydan.tv\\\/az\\\/article\\\/zulfiyye-qurbanova-azerbaycanda-turk-aktyorlari-haqqinda-agizdolusu-danisirlar\\\/\",\"name\":\"Z\u00fclfiyy\u0259 Qurbanova: \\\"Az\u0259rbaycanda t\u00fcrk aktyorlar\u0131 haqq\u0131nda a\u011f\u0131zdolusu dan\u0131\u015f\u0131rlar\\\" - MEYDAN.TV\",\"isPartOf\":{\"@id\":\"https:\\\/\\\/www.meydan.tv\\\/az\\\/#website\"},\"primaryImageOfPage\":{\"@id\":\"https:\\\/\\\/www.meydan.tv\\\/az\\\/article\\\/zulfiyye-qurbanova-azerbaycanda-turk-aktyorlari-haqqinda-agizdolusu-danisirlar\\\/#primaryimage\"},\"image\":{\"@id\":\"https:\\\/\\\/www.meydan.tv\\\/az\\\/article\\\/zulfiyye-qurbanova-azerbaycanda-turk-aktyorlari-haqqinda-agizdolusu-danisirlar\\\/#primaryimage\"},\"thumbnailUrl\":\"https:\\\/\\\/www.meydan.tv\\\/wp-content\\\/uploads\\\/aktr.jpg\",\"datePublished\":\"2023-12-14T13:32:37+00:00\",\"dateModified\":\"2023-12-15T09:29:35+00:00\",\"breadcrumb\":{\"@id\":\"https:\\\/\\\/www.meydan.tv\\\/az\\\/article\\\/zulfiyye-qurbanova-azerbaycanda-turk-aktyorlari-haqqinda-agizdolusu-danisirlar\\\/#breadcrumb\"},\"inLanguage\":\"az\",\"potentialAction\":[{\"@type\":\"ReadAction\",\"target\":[\"https:\\\/\\\/www.meydan.tv\\\/az\\\/article\\\/zulfiyye-qurbanova-azerbaycanda-turk-aktyorlari-haqqinda-agizdolusu-danisirlar\\\/\"]}]},{\"@type\":\"ImageObject\",\"inLanguage\":\"az\",\"@id\":\"https:\\\/\\\/www.meydan.tv\\\/az\\\/article\\\/zulfiyye-qurbanova-azerbaycanda-turk-aktyorlari-haqqinda-agizdolusu-danisirlar\\\/#primaryimage\",\"url\":\"https:\\\/\\\/www.meydan.tv\\\/wp-content\\\/uploads\\\/aktr.jpg\",\"contentUrl\":\"https:\\\/\\\/www.meydan.tv\\\/wp-content\\\/uploads\\\/aktr.jpg\",\"width\":1920,\"height\":1080,\"caption\":\"Fotolar: Z\u00fclfiyy\u0259 Qurbanovan\u0131n \u015f\u0259xsi arxivind\u0259n\"},{\"@type\":\"BreadcrumbList\",\"@id\":\"https:\\\/\\\/www.meydan.tv\\\/az\\\/article\\\/zulfiyye-qurbanova-azerbaycanda-turk-aktyorlari-haqqinda-agizdolusu-danisirlar\\\/#breadcrumb\",\"itemListElement\":[{\"@type\":\"ListItem\",\"position\":1,\"name\":\"Ana s\u0259hif\u0259\",\"item\":\"https:\\\/\\\/www.meydan.tv\\\/az\\\/\"},{\"@type\":\"ListItem\",\"position\":2,\"name\":\"M\u0259d\u0259niyy\u0259t\",\"item\":\"https:\\\/\\\/www.meydan.tv\\\/az\\\/section\\\/medeniyyet\\\/\"},{\"@type\":\"ListItem\",\"position\":3,\"name\":\"Z\u00fclfiyy\u0259 Qurbanova: &#8220;Az\u0259rbaycanda t\u00fcrk aktyorlar\u0131 haqq\u0131nda a\u011f\u0131zdolusu dan\u0131\u015f\u0131rlar&#8221;\"}]},{\"@type\":\"WebSite\",\"@id\":\"https:\\\/\\\/www.meydan.tv\\\/az\\\/#website\",\"url\":\"https:\\\/\\\/www.meydan.tv\\\/az\\\/\",\"name\":\"MEYDAN.TV\",\"description\":\"Meydan TV Az\u0259rbaycan\u0131n media m\u0259kan\u0131ndak\u0131 alternativ s\u0259sidir\",\"publisher\":{\"@id\":\"https:\\\/\\\/www.meydan.tv\\\/az\\\/#organization\"},\"potentialAction\":[{\"@type\":\"SearchAction\",\"target\":{\"@type\":\"EntryPoint\",\"urlTemplate\":\"https:\\\/\\\/www.meydan.tv\\\/az\\\/?s={search_term_string}\"},\"query-input\":{\"@type\":\"PropertyValueSpecification\",\"valueRequired\":true,\"valueName\":\"search_term_string\"}}],\"inLanguage\":\"az\"},{\"@type\":\"Organization\",\"@id\":\"https:\\\/\\\/www.meydan.tv\\\/az\\\/#organization\",\"name\":\"Meydan TV\",\"url\":\"https:\\\/\\\/www.meydan.tv\\\/az\\\/\",\"logo\":{\"@type\":\"ImageObject\",\"inLanguage\":\"az\",\"@id\":\"https:\\\/\\\/www.meydan.tv\\\/az\\\/#\\\/schema\\\/logo\\\/image\\\/\",\"url\":\"https:\\\/\\\/www.meydan.tv\\\/wp-content\\\/uploads\\\/2021\\\/07\\\/meydan-logo.svg\",\"contentUrl\":\"https:\\\/\\\/www.meydan.tv\\\/wp-content\\\/uploads\\\/2021\\\/07\\\/meydan-logo.svg\",\"width\":195,\"height\":46,\"caption\":\"Meydan TV\"},\"image\":{\"@id\":\"https:\\\/\\\/www.meydan.tv\\\/az\\\/#\\\/schema\\\/logo\\\/image\\\/\"}},{\"@type\":\"Person\",\"@id\":\"https:\\\/\\\/www.meydan.tv\\\/az\\\/#\\\/schema\\\/person\\\/9cdbecf90d17180ce1dfbd95b08dcf47\",\"name\":\"elli\",\"sameAs\":[\"https:\\\/\\\/x.com\\\/elli\"]}]}<\/script>\n<!-- \/ Yoast SEO plugin. -->","yoast_head_json":{"title":"Z\u00fclfiyy\u0259 Qurbanova: \"Az\u0259rbaycanda t\u00fcrk aktyorlar\u0131 haqq\u0131nda a\u011f\u0131zdolusu dan\u0131\u015f\u0131rlar\" - MEYDAN.TV","robots":{"index":"index","follow":"follow","max-snippet":"max-snippet:-1","max-image-preview":"max-image-preview:large","max-video-preview":"max-video-preview:-1"},"canonical":"https:\/\/www.meydan.tv\/az\/article\/zulfiyye-qurbanova-azerbaycanda-turk-aktyorlari-haqqinda-agizdolusu-danisirlar\/","og_locale":"az_AZ","og_type":"article","og_title":"Z\u00fclfiyy\u0259 Qurbanova: \"Az\u0259rbaycanda t\u00fcrk aktyorlar\u0131 haqq\u0131nda a\u011f\u0131zdolusu dan\u0131\u015f\u0131rlar\" - MEYDAN.TV","og_description":"&#8220;Aktrisa olaraq, yarad\u0131c\u0131l\u0131\u011f\u0131m\u0131 siyas\u0259t\u0259 qurban verm\u0259k ist\u0259mir\u0259m&#8221; Kinosev\u0259rl\u0259rin \u201cTabut\u00e7unun yell\u0259nc\u0259yi\u201d, ... Davam\u0131","og_url":"https:\/\/www.meydan.tv\/az\/article\/zulfiyye-qurbanova-azerbaycanda-turk-aktyorlari-haqqinda-agizdolusu-danisirlar\/","og_site_name":"MEYDAN.TV","article_published_time":"2023-12-14T13:32:37+00:00","article_modified_time":"2023-12-15T09:29:35+00:00","og_image":[{"width":1920,"height":1080,"url":"https:\/\/www.meydan.tv\/wp-content\/uploads\/aktr.jpg","type":"image\/jpeg"}],"author":"elli","twitter_card":"summary_large_image","twitter_creator":"@elli","schema":{"@context":"https:\/\/schema.org","@graph":[{"@type":"Article","@id":"https:\/\/www.meydan.tv\/az\/article\/zulfiyye-qurbanova-azerbaycanda-turk-aktyorlari-haqqinda-agizdolusu-danisirlar\/#article","isPartOf":{"@id":"https:\/\/www.meydan.tv\/az\/article\/zulfiyye-qurbanova-azerbaycanda-turk-aktyorlari-haqqinda-agizdolusu-danisirlar\/"},"author":{"name":"elli","@id":"https:\/\/www.meydan.tv\/az\/#\/schema\/person\/9cdbecf90d17180ce1dfbd95b08dcf47"},"headline":"Z\u00fclfiyy\u0259 Qurbanova: &#8220;Az\u0259rbaycanda t\u00fcrk aktyorlar\u0131 haqq\u0131nda a\u011f\u0131zdolusu dan\u0131\u015f\u0131rlar&#8221;","datePublished":"2023-12-14T13:32:37+00:00","dateModified":"2023-12-15T09:29:35+00:00","mainEntityOfPage":{"@id":"https:\/\/www.meydan.tv\/az\/article\/zulfiyye-qurbanova-azerbaycanda-turk-aktyorlari-haqqinda-agizdolusu-danisirlar\/"},"wordCount":1746,"publisher":{"@id":"https:\/\/www.meydan.tv\/az\/#organization"},"image":{"@id":"https:\/\/www.meydan.tv\/az\/article\/zulfiyye-qurbanova-azerbaycanda-turk-aktyorlari-haqqinda-agizdolusu-danisirlar\/#primaryimage"},"thumbnailUrl":"https:\/\/www.meydan.tv\/wp-content\/uploads\/aktr.jpg","articleSection":["M\u0259d\u0259niyy\u0259t","X\u0259b\u0259rl\u0259r"],"inLanguage":"az"},{"@type":"WebPage","@id":"https:\/\/www.meydan.tv\/az\/article\/zulfiyye-qurbanova-azerbaycanda-turk-aktyorlari-haqqinda-agizdolusu-danisirlar\/","url":"https:\/\/www.meydan.tv\/az\/article\/zulfiyye-qurbanova-azerbaycanda-turk-aktyorlari-haqqinda-agizdolusu-danisirlar\/","name":"Z\u00fclfiyy\u0259 Qurbanova: \"Az\u0259rbaycanda t\u00fcrk aktyorlar\u0131 haqq\u0131nda a\u011f\u0131zdolusu dan\u0131\u015f\u0131rlar\" - MEYDAN.TV","isPartOf":{"@id":"https:\/\/www.meydan.tv\/az\/#website"},"primaryImageOfPage":{"@id":"https:\/\/www.meydan.tv\/az\/article\/zulfiyye-qurbanova-azerbaycanda-turk-aktyorlari-haqqinda-agizdolusu-danisirlar\/#primaryimage"},"image":{"@id":"https:\/\/www.meydan.tv\/az\/article\/zulfiyye-qurbanova-azerbaycanda-turk-aktyorlari-haqqinda-agizdolusu-danisirlar\/#primaryimage"},"thumbnailUrl":"https:\/\/www.meydan.tv\/wp-content\/uploads\/aktr.jpg","datePublished":"2023-12-14T13:32:37+00:00","dateModified":"2023-12-15T09:29:35+00:00","breadcrumb":{"@id":"https:\/\/www.meydan.tv\/az\/article\/zulfiyye-qurbanova-azerbaycanda-turk-aktyorlari-haqqinda-agizdolusu-danisirlar\/#breadcrumb"},"inLanguage":"az","potentialAction":[{"@type":"ReadAction","target":["https:\/\/www.meydan.tv\/az\/article\/zulfiyye-qurbanova-azerbaycanda-turk-aktyorlari-haqqinda-agizdolusu-danisirlar\/"]}]},{"@type":"ImageObject","inLanguage":"az","@id":"https:\/\/www.meydan.tv\/az\/article\/zulfiyye-qurbanova-azerbaycanda-turk-aktyorlari-haqqinda-agizdolusu-danisirlar\/#primaryimage","url":"https:\/\/www.meydan.tv\/wp-content\/uploads\/aktr.jpg","contentUrl":"https:\/\/www.meydan.tv\/wp-content\/uploads\/aktr.jpg","width":1920,"height":1080,"caption":"Fotolar: Z\u00fclfiyy\u0259 Qurbanovan\u0131n \u015f\u0259xsi arxivind\u0259n"},{"@type":"BreadcrumbList","@id":"https:\/\/www.meydan.tv\/az\/article\/zulfiyye-qurbanova-azerbaycanda-turk-aktyorlari-haqqinda-agizdolusu-danisirlar\/#breadcrumb","itemListElement":[{"@type":"ListItem","position":1,"name":"Ana s\u0259hif\u0259","item":"https:\/\/www.meydan.tv\/az\/"},{"@type":"ListItem","position":2,"name":"M\u0259d\u0259niyy\u0259t","item":"https:\/\/www.meydan.tv\/az\/section\/medeniyyet\/"},{"@type":"ListItem","position":3,"name":"Z\u00fclfiyy\u0259 Qurbanova: &#8220;Az\u0259rbaycanda t\u00fcrk aktyorlar\u0131 haqq\u0131nda a\u011f\u0131zdolusu dan\u0131\u015f\u0131rlar&#8221;"}]},{"@type":"WebSite","@id":"https:\/\/www.meydan.tv\/az\/#website","url":"https:\/\/www.meydan.tv\/az\/","name":"MEYDAN.TV","description":"Meydan TV Az\u0259rbaycan\u0131n media m\u0259kan\u0131ndak\u0131 alternativ s\u0259sidir","publisher":{"@id":"https:\/\/www.meydan.tv\/az\/#organization"},"potentialAction":[{"@type":"SearchAction","target":{"@type":"EntryPoint","urlTemplate":"https:\/\/www.meydan.tv\/az\/?s={search_term_string}"},"query-input":{"@type":"PropertyValueSpecification","valueRequired":true,"valueName":"search_term_string"}}],"inLanguage":"az"},{"@type":"Organization","@id":"https:\/\/www.meydan.tv\/az\/#organization","name":"Meydan TV","url":"https:\/\/www.meydan.tv\/az\/","logo":{"@type":"ImageObject","inLanguage":"az","@id":"https:\/\/www.meydan.tv\/az\/#\/schema\/logo\/image\/","url":"https:\/\/www.meydan.tv\/wp-content\/uploads\/2021\/07\/meydan-logo.svg","contentUrl":"https:\/\/www.meydan.tv\/wp-content\/uploads\/2021\/07\/meydan-logo.svg","width":195,"height":46,"caption":"Meydan TV"},"image":{"@id":"https:\/\/www.meydan.tv\/az\/#\/schema\/logo\/image\/"}},{"@type":"Person","@id":"https:\/\/www.meydan.tv\/az\/#\/schema\/person\/9cdbecf90d17180ce1dfbd95b08dcf47","name":"elli","sameAs":["https:\/\/x.com\/elli"]}]}},"_links":{"self":[{"href":"https:\/\/www.meydan.tv\/az\/wp-json\/wp\/v2\/posts\/292939","targetHints":{"allow":["GET"]}}],"collection":[{"href":"https:\/\/www.meydan.tv\/az\/wp-json\/wp\/v2\/posts"}],"about":[{"href":"https:\/\/www.meydan.tv\/az\/wp-json\/wp\/v2\/types\/post"}],"author":[{"embeddable":true,"href":"https:\/\/www.meydan.tv\/az\/wp-json\/wp\/v2\/users\/8"}],"replies":[{"embeddable":true,"href":"https:\/\/www.meydan.tv\/az\/wp-json\/wp\/v2\/comments?post=292939"}],"version-history":[{"count":5,"href":"https:\/\/www.meydan.tv\/az\/wp-json\/wp\/v2\/posts\/292939\/revisions"}],"predecessor-version":[{"id":293024,"href":"https:\/\/www.meydan.tv\/az\/wp-json\/wp\/v2\/posts\/292939\/revisions\/293024"}],"wp:featuredmedia":[{"embeddable":true,"href":"https:\/\/www.meydan.tv\/az\/wp-json\/wp\/v2\/media\/293015"}],"wp:attachment":[{"href":"https:\/\/www.meydan.tv\/az\/wp-json\/wp\/v2\/media?parent=292939"}],"wp:term":[{"taxonomy":"category","embeddable":true,"href":"https:\/\/www.meydan.tv\/az\/wp-json\/wp\/v2\/categories?post=292939"},{"taxonomy":"post_tag","embeddable":true,"href":"https:\/\/www.meydan.tv\/az\/wp-json\/wp\/v2\/tags?post=292939"}],"curies":[{"name":"wp","href":"https:\/\/api.w.org\/{rel}","templated":true}]}}