{"id":292922,"date":"2023-12-14T16:29:10","date_gmt":"2023-12-14T12:29:10","guid":{"rendered":"https:\/\/www.meydan.tv\/?p=292922"},"modified":"2023-12-14T16:48:30","modified_gmt":"2023-12-14T12:48:30","slug":"axcp-secki-ile-bagli-qurultayda-qerar-vereceyini-deyir","status":"publish","type":"post","link":"https:\/\/www.meydan.tv\/az\/article\/axcp-secki-ile-bagli-qurultayda-qerar-vereceyini-deyir\/","title":{"rendered":"AXCP se\u00e7ki il\u0259 ba\u011fl\u0131 qurultayda q\u0259rar ver\u0259c\u0259yini deyir"},"content":{"rendered":"\n<p><\/p>\n\n\n\n<p><strong><em>Seymur H\u0259zi: &#8220;T\u0259dbird\u0259 partiyan\u0131n proqram\u0131 q\u0259bul olunacaq&#8221;<\/em><\/strong><\/p>\n\n\n\n<p>Dekabr\u0131n 16-da Az\u0259rbaycan Xalq C\u0259bh\u0259si Partiyas\u0131n\u0131n (AXCP) VII (X) qurultay\u0131n\u0131n davam\u0131 olacaq.<\/p>\n\n\n\n<p>Bu bar\u0259d\u0259 Meydan TV-y\u0259 AXCP s\u0259drinin m\u00fcavini Seymur H\u0259zi m\u0259lumat verib.<\/p>\n\n\n\n<p>Onun s\u00f6zl\u0259rin\u0259 g\u00f6r\u0259, t\u0259dbird\u0259 partiyan\u0131n proqram\u0131 q\u0259bul olunacaq:<\/p>\n\n\n\n<p><em>&#8220;\u0130yunun 24-d\u0259 veril\u0259n q\u0259rarda biz proqram\u0131n qurultay\u0131n davam\u0131nda q\u0259bul olunaca\u011f\u0131n\u0131 qeyd etmi\u015fdik. M\u0259s\u0259l\u0259 ondad\u0131r ki, h\u0259min g\u00fcn t\u0259\u015fkilati i\u015fl\u0259ri ba\u015fa \u00e7atd\u0131rd\u0131q v\u0259 q\u0259rar q\u0259bul olundu ki, mandatlar q\u00fcvv\u0259sind\u0259 qal\u0131r, dekabr\u0131n 16-da i\u015fimizi bitir\u0259c\u0259yik&#8221;.<\/em><\/p>\n\n\n\n<p>O, dekabr\u0131n 16-da ke\u00e7iril\u0259n t\u0259dbird\u0259 se\u00e7kiy\u0259 m\u00fcnasib\u0259tin d\u0259 a\u00e7\u0131qlanaca\u011f\u0131n\u0131 bildirib.<\/p>\n\n\n\n<p>Partiyan\u0131n sonuncu qurultay\u0131 iyunun 24-d\u0259 Ma\u015fta\u011fa M\u0259d\u0259niyy\u0259t Evind\u0259 <a href=\"https:\/\/www.meydan.tv\/az\/article\/eli-kerimli-yene-axcp-nin-sedri-secildi\/\">ke\u00e7irilmi\u015fdi<\/a>.<\/p>\n\n\n\n<p>AXCP Az\u0259rbaycan Milli Azadl\u0131q H\u0259r\u0259kat\u0131n\u0131n v\u0259 1993-c\u00fc il\u0259 q\u0259d\u0259rki d\u00f6vr\u00fcn apar\u0131c\u0131 ictimai-siyasi t\u0259\u015fkilat\u0131 olan Az\u0259rbaycan Xalq C\u0259bh\u0259sinin varisidir.<\/p>\n\n\n\n<p>Partiya kimi 1995-ci ild\u0259 Az\u0259rbaycan Xalq C\u0259bh\u0259sinin bazas\u0131nda \u018fdliyy\u0259 Nazirliyi t\u0259r\u0259find\u0259n r\u0259smi qeydiyyata al\u0131n\u0131b.<\/p>\n\n\n\n<p>Partiyan\u0131n s\u0259dri \u018fb\u00fclf\u0259z El\u00e7ib\u0259y 2000-ci ild\u0259 v\u0259fat edib.<\/p>\n\n\n\n<p>El\u0259 h\u0259min ild\u0259n \u018fli K\u0259rimli Az\u0259rbaycan Xalq C\u0259bh\u0259si Partiyas\u0131n\u0131n s\u0259dridir.<\/p>\n","protected":false},"excerpt":{"rendered":"<p>Seymur H\u0259zi: &#8220;T\u0259dbird\u0259 partiyan\u0131n proqram\u0131 q\u0259bul olunacaq&#8221; Dekabr\u0131n 16-da Az\u0259rbaycan &#8230; <\/p>\n<p class=\"read-more-container\"><a title=\"AXCP se\u00e7ki il\u0259 ba\u011fl\u0131 qurultayda q\u0259rar ver\u0259c\u0259yini deyir\" class=\"read-more button\" href=\"https:\/\/www.meydan.tv\/az\/article\/axcp-secki-ile-bagli-qurultayda-qerar-vereceyini-deyir\/#more-292922\" aria-label=\"Read more about AXCP se\u00e7ki il\u0259 ba\u011fl\u0131 qurultayda q\u0259rar ver\u0259c\u0259yini deyir\">Davam\u0131<\/a><\/p>\n","protected":false},"author":8,"featured_media":278396,"comment_status":"closed","ping_status":"closed","sticky":false,"template":"","format":"standard","meta":{"_acf_changed":false,"_sitemap_exclude":false,"_sitemap_priority":"","_sitemap_frequency":"","footnotes":""},"categories":[129,59,56],"tags":[],"class_list":["post-292922","post","type-post","status-publish","format-standard","has-post-thumbnail","hentry","category-sechki-2024","category-siyaset","category-xeberler","infinite-scroll-item","generate-columns","tablet-grid-50","mobile-grid-100","grid-parent","grid-33","no-featured-image-padding"],"acf":[],"yoast_head":"<!-- This site is optimized with the Yoast SEO plugin v27.4 - https:\/\/yoast.com\/product\/yoast-seo-wordpress\/ -->\n<title>AXCP se\u00e7ki il\u0259 ba\u011fl\u0131 qurultayda q\u0259rar ver\u0259c\u0259yini deyir - MEYDAN.TV<\/title>\n<meta name=\"robots\" content=\"index, follow, max-snippet:-1, max-image-preview:large, max-video-preview:-1\" \/>\n<link rel=\"canonical\" href=\"https:\/\/www.meydan.tv\/az\/article\/axcp-secki-ile-bagli-qurultayda-qerar-vereceyini-deyir\/\" \/>\n<meta property=\"og:locale\" content=\"az_AZ\" \/>\n<meta property=\"og:type\" content=\"article\" \/>\n<meta property=\"og:title\" content=\"AXCP se\u00e7ki il\u0259 ba\u011fl\u0131 qurultayda q\u0259rar ver\u0259c\u0259yini deyir - MEYDAN.TV\" \/>\n<meta property=\"og:description\" content=\"Seymur H\u0259zi: &#8220;T\u0259dbird\u0259 partiyan\u0131n proqram\u0131 q\u0259bul olunacaq&#8221; Dekabr\u0131n 16-da Az\u0259rbaycan ... Davam\u0131\" \/>\n<meta property=\"og:url\" content=\"https:\/\/www.meydan.tv\/az\/article\/axcp-secki-ile-bagli-qurultayda-qerar-vereceyini-deyir\/\" \/>\n<meta property=\"og:site_name\" content=\"MEYDAN.TV\" \/>\n<meta property=\"article:published_time\" content=\"2023-12-14T12:29:10+00:00\" \/>\n<meta property=\"article:modified_time\" content=\"2023-12-14T12:48:30+00:00\" \/>\n<meta property=\"og:image\" content=\"https:\/\/www.meydan.tv\/wp-content\/uploads\/untitled-design-4-81.jpg\" \/>\n\t<meta property=\"og:image:width\" content=\"1200\" \/>\n\t<meta property=\"og:image:height\" content=\"800\" \/>\n\t<meta property=\"og:image:type\" content=\"image\/jpeg\" \/>\n<meta name=\"author\" content=\"elli\" \/>\n<meta name=\"twitter:card\" content=\"summary_large_image\" \/>\n<meta name=\"twitter:creator\" content=\"@elli\" \/>\n<script type=\"application\/ld+json\" class=\"yoast-schema-graph\">{\"@context\":\"https:\\\/\\\/schema.org\",\"@graph\":[{\"@type\":\"Article\",\"@id\":\"https:\\\/\\\/www.meydan.tv\\\/az\\\/article\\\/axcp-secki-ile-bagli-qurultayda-qerar-vereceyini-deyir\\\/#article\",\"isPartOf\":{\"@id\":\"https:\\\/\\\/www.meydan.tv\\\/az\\\/article\\\/axcp-secki-ile-bagli-qurultayda-qerar-vereceyini-deyir\\\/\"},\"author\":{\"name\":\"elli\",\"@id\":\"https:\\\/\\\/www.meydan.tv\\\/az\\\/#\\\/schema\\\/person\\\/9cdbecf90d17180ce1dfbd95b08dcf47\"},\"headline\":\"AXCP se\u00e7ki il\u0259 ba\u011fl\u0131 qurultayda q\u0259rar ver\u0259c\u0259yini deyir\",\"datePublished\":\"2023-12-14T12:29:10+00:00\",\"dateModified\":\"2023-12-14T12:48:30+00:00\",\"mainEntityOfPage\":{\"@id\":\"https:\\\/\\\/www.meydan.tv\\\/az\\\/article\\\/axcp-secki-ile-bagli-qurultayda-qerar-vereceyini-deyir\\\/\"},\"wordCount\":262,\"publisher\":{\"@id\":\"https:\\\/\\\/www.meydan.tv\\\/az\\\/#organization\"},\"image\":{\"@id\":\"https:\\\/\\\/www.meydan.tv\\\/az\\\/article\\\/axcp-secki-ile-bagli-qurultayda-qerar-vereceyini-deyir\\\/#primaryimage\"},\"thumbnailUrl\":\"https:\\\/\\\/www.meydan.tv\\\/wp-content\\\/uploads\\\/untitled-design-4-81.jpg\",\"articleSection\":[\"Se\u00e7ki 2024\",\"Siyas\u0259t\",\"X\u0259b\u0259rl\u0259r\"],\"inLanguage\":\"az\"},{\"@type\":\"WebPage\",\"@id\":\"https:\\\/\\\/www.meydan.tv\\\/az\\\/article\\\/axcp-secki-ile-bagli-qurultayda-qerar-vereceyini-deyir\\\/\",\"url\":\"https:\\\/\\\/www.meydan.tv\\\/az\\\/article\\\/axcp-secki-ile-bagli-qurultayda-qerar-vereceyini-deyir\\\/\",\"name\":\"AXCP se\u00e7ki il\u0259 ba\u011fl\u0131 qurultayda q\u0259rar ver\u0259c\u0259yini deyir - MEYDAN.TV\",\"isPartOf\":{\"@id\":\"https:\\\/\\\/www.meydan.tv\\\/az\\\/#website\"},\"primaryImageOfPage\":{\"@id\":\"https:\\\/\\\/www.meydan.tv\\\/az\\\/article\\\/axcp-secki-ile-bagli-qurultayda-qerar-vereceyini-deyir\\\/#primaryimage\"},\"image\":{\"@id\":\"https:\\\/\\\/www.meydan.tv\\\/az\\\/article\\\/axcp-secki-ile-bagli-qurultayda-qerar-vereceyini-deyir\\\/#primaryimage\"},\"thumbnailUrl\":\"https:\\\/\\\/www.meydan.tv\\\/wp-content\\\/uploads\\\/untitled-design-4-81.jpg\",\"datePublished\":\"2023-12-14T12:29:10+00:00\",\"dateModified\":\"2023-12-14T12:48:30+00:00\",\"breadcrumb\":{\"@id\":\"https:\\\/\\\/www.meydan.tv\\\/az\\\/article\\\/axcp-secki-ile-bagli-qurultayda-qerar-vereceyini-deyir\\\/#breadcrumb\"},\"inLanguage\":\"az\",\"potentialAction\":[{\"@type\":\"ReadAction\",\"target\":[\"https:\\\/\\\/www.meydan.tv\\\/az\\\/article\\\/axcp-secki-ile-bagli-qurultayda-qerar-vereceyini-deyir\\\/\"]}]},{\"@type\":\"ImageObject\",\"inLanguage\":\"az\",\"@id\":\"https:\\\/\\\/www.meydan.tv\\\/az\\\/article\\\/axcp-secki-ile-bagli-qurultayda-qerar-vereceyini-deyir\\\/#primaryimage\",\"url\":\"https:\\\/\\\/www.meydan.tv\\\/wp-content\\\/uploads\\\/untitled-design-4-81.jpg\",\"contentUrl\":\"https:\\\/\\\/www.meydan.tv\\\/wp-content\\\/uploads\\\/untitled-design-4-81.jpg\",\"width\":1200,\"height\":800,\"caption\":\"AXCP-in VII (X) qurultay\u0131\"},{\"@type\":\"BreadcrumbList\",\"@id\":\"https:\\\/\\\/www.meydan.tv\\\/az\\\/article\\\/axcp-secki-ile-bagli-qurultayda-qerar-vereceyini-deyir\\\/#breadcrumb\",\"itemListElement\":[{\"@type\":\"ListItem\",\"position\":1,\"name\":\"Ana s\u0259hif\u0259\",\"item\":\"https:\\\/\\\/www.meydan.tv\\\/az\\\/\"},{\"@type\":\"ListItem\",\"position\":2,\"name\":\"Siyas\u0259t\",\"item\":\"https:\\\/\\\/www.meydan.tv\\\/az\\\/section\\\/siyaset\\\/\"},{\"@type\":\"ListItem\",\"position\":3,\"name\":\"AXCP se\u00e7ki il\u0259 ba\u011fl\u0131 qurultayda q\u0259rar ver\u0259c\u0259yini deyir\"}]},{\"@type\":\"WebSite\",\"@id\":\"https:\\\/\\\/www.meydan.tv\\\/az\\\/#website\",\"url\":\"https:\\\/\\\/www.meydan.tv\\\/az\\\/\",\"name\":\"MEYDAN.TV\",\"description\":\"Meydan TV Az\u0259rbaycan\u0131n media m\u0259kan\u0131ndak\u0131 alternativ s\u0259sidir\",\"publisher\":{\"@id\":\"https:\\\/\\\/www.meydan.tv\\\/az\\\/#organization\"},\"potentialAction\":[{\"@type\":\"SearchAction\",\"target\":{\"@type\":\"EntryPoint\",\"urlTemplate\":\"https:\\\/\\\/www.meydan.tv\\\/az\\\/?s={search_term_string}\"},\"query-input\":{\"@type\":\"PropertyValueSpecification\",\"valueRequired\":true,\"valueName\":\"search_term_string\"}}],\"inLanguage\":\"az\"},{\"@type\":\"Organization\",\"@id\":\"https:\\\/\\\/www.meydan.tv\\\/az\\\/#organization\",\"name\":\"Meydan TV\",\"url\":\"https:\\\/\\\/www.meydan.tv\\\/az\\\/\",\"logo\":{\"@type\":\"ImageObject\",\"inLanguage\":\"az\",\"@id\":\"https:\\\/\\\/www.meydan.tv\\\/az\\\/#\\\/schema\\\/logo\\\/image\\\/\",\"url\":\"https:\\\/\\\/www.meydan.tv\\\/wp-content\\\/uploads\\\/2021\\\/07\\\/meydan-logo.svg\",\"contentUrl\":\"https:\\\/\\\/www.meydan.tv\\\/wp-content\\\/uploads\\\/2021\\\/07\\\/meydan-logo.svg\",\"width\":195,\"height\":46,\"caption\":\"Meydan TV\"},\"image\":{\"@id\":\"https:\\\/\\\/www.meydan.tv\\\/az\\\/#\\\/schema\\\/logo\\\/image\\\/\"}},{\"@type\":\"Person\",\"@id\":\"https:\\\/\\\/www.meydan.tv\\\/az\\\/#\\\/schema\\\/person\\\/9cdbecf90d17180ce1dfbd95b08dcf47\",\"name\":\"elli\",\"sameAs\":[\"https:\\\/\\\/x.com\\\/elli\"]}]}<\/script>\n<!-- \/ Yoast SEO plugin. -->","yoast_head_json":{"title":"AXCP se\u00e7ki il\u0259 ba\u011fl\u0131 qurultayda q\u0259rar ver\u0259c\u0259yini deyir - MEYDAN.TV","robots":{"index":"index","follow":"follow","max-snippet":"max-snippet:-1","max-image-preview":"max-image-preview:large","max-video-preview":"max-video-preview:-1"},"canonical":"https:\/\/www.meydan.tv\/az\/article\/axcp-secki-ile-bagli-qurultayda-qerar-vereceyini-deyir\/","og_locale":"az_AZ","og_type":"article","og_title":"AXCP se\u00e7ki il\u0259 ba\u011fl\u0131 qurultayda q\u0259rar ver\u0259c\u0259yini deyir - MEYDAN.TV","og_description":"Seymur H\u0259zi: &#8220;T\u0259dbird\u0259 partiyan\u0131n proqram\u0131 q\u0259bul olunacaq&#8221; Dekabr\u0131n 16-da Az\u0259rbaycan ... Davam\u0131","og_url":"https:\/\/www.meydan.tv\/az\/article\/axcp-secki-ile-bagli-qurultayda-qerar-vereceyini-deyir\/","og_site_name":"MEYDAN.TV","article_published_time":"2023-12-14T12:29:10+00:00","article_modified_time":"2023-12-14T12:48:30+00:00","og_image":[{"width":1200,"height":800,"url":"https:\/\/www.meydan.tv\/wp-content\/uploads\/untitled-design-4-81.jpg","type":"image\/jpeg"}],"author":"elli","twitter_card":"summary_large_image","twitter_creator":"@elli","schema":{"@context":"https:\/\/schema.org","@graph":[{"@type":"Article","@id":"https:\/\/www.meydan.tv\/az\/article\/axcp-secki-ile-bagli-qurultayda-qerar-vereceyini-deyir\/#article","isPartOf":{"@id":"https:\/\/www.meydan.tv\/az\/article\/axcp-secki-ile-bagli-qurultayda-qerar-vereceyini-deyir\/"},"author":{"name":"elli","@id":"https:\/\/www.meydan.tv\/az\/#\/schema\/person\/9cdbecf90d17180ce1dfbd95b08dcf47"},"headline":"AXCP se\u00e7ki il\u0259 ba\u011fl\u0131 qurultayda q\u0259rar ver\u0259c\u0259yini deyir","datePublished":"2023-12-14T12:29:10+00:00","dateModified":"2023-12-14T12:48:30+00:00","mainEntityOfPage":{"@id":"https:\/\/www.meydan.tv\/az\/article\/axcp-secki-ile-bagli-qurultayda-qerar-vereceyini-deyir\/"},"wordCount":262,"publisher":{"@id":"https:\/\/www.meydan.tv\/az\/#organization"},"image":{"@id":"https:\/\/www.meydan.tv\/az\/article\/axcp-secki-ile-bagli-qurultayda-qerar-vereceyini-deyir\/#primaryimage"},"thumbnailUrl":"https:\/\/www.meydan.tv\/wp-content\/uploads\/untitled-design-4-81.jpg","articleSection":["Se\u00e7ki 2024","Siyas\u0259t","X\u0259b\u0259rl\u0259r"],"inLanguage":"az"},{"@type":"WebPage","@id":"https:\/\/www.meydan.tv\/az\/article\/axcp-secki-ile-bagli-qurultayda-qerar-vereceyini-deyir\/","url":"https:\/\/www.meydan.tv\/az\/article\/axcp-secki-ile-bagli-qurultayda-qerar-vereceyini-deyir\/","name":"AXCP se\u00e7ki il\u0259 ba\u011fl\u0131 qurultayda q\u0259rar ver\u0259c\u0259yini deyir - MEYDAN.TV","isPartOf":{"@id":"https:\/\/www.meydan.tv\/az\/#website"},"primaryImageOfPage":{"@id":"https:\/\/www.meydan.tv\/az\/article\/axcp-secki-ile-bagli-qurultayda-qerar-vereceyini-deyir\/#primaryimage"},"image":{"@id":"https:\/\/www.meydan.tv\/az\/article\/axcp-secki-ile-bagli-qurultayda-qerar-vereceyini-deyir\/#primaryimage"},"thumbnailUrl":"https:\/\/www.meydan.tv\/wp-content\/uploads\/untitled-design-4-81.jpg","datePublished":"2023-12-14T12:29:10+00:00","dateModified":"2023-12-14T12:48:30+00:00","breadcrumb":{"@id":"https:\/\/www.meydan.tv\/az\/article\/axcp-secki-ile-bagli-qurultayda-qerar-vereceyini-deyir\/#breadcrumb"},"inLanguage":"az","potentialAction":[{"@type":"ReadAction","target":["https:\/\/www.meydan.tv\/az\/article\/axcp-secki-ile-bagli-qurultayda-qerar-vereceyini-deyir\/"]}]},{"@type":"ImageObject","inLanguage":"az","@id":"https:\/\/www.meydan.tv\/az\/article\/axcp-secki-ile-bagli-qurultayda-qerar-vereceyini-deyir\/#primaryimage","url":"https:\/\/www.meydan.tv\/wp-content\/uploads\/untitled-design-4-81.jpg","contentUrl":"https:\/\/www.meydan.tv\/wp-content\/uploads\/untitled-design-4-81.jpg","width":1200,"height":800,"caption":"AXCP-in VII (X) qurultay\u0131"},{"@type":"BreadcrumbList","@id":"https:\/\/www.meydan.tv\/az\/article\/axcp-secki-ile-bagli-qurultayda-qerar-vereceyini-deyir\/#breadcrumb","itemListElement":[{"@type":"ListItem","position":1,"name":"Ana s\u0259hif\u0259","item":"https:\/\/www.meydan.tv\/az\/"},{"@type":"ListItem","position":2,"name":"Siyas\u0259t","item":"https:\/\/www.meydan.tv\/az\/section\/siyaset\/"},{"@type":"ListItem","position":3,"name":"AXCP se\u00e7ki il\u0259 ba\u011fl\u0131 qurultayda q\u0259rar ver\u0259c\u0259yini deyir"}]},{"@type":"WebSite","@id":"https:\/\/www.meydan.tv\/az\/#website","url":"https:\/\/www.meydan.tv\/az\/","name":"MEYDAN.TV","description":"Meydan TV Az\u0259rbaycan\u0131n media m\u0259kan\u0131ndak\u0131 alternativ s\u0259sidir","publisher":{"@id":"https:\/\/www.meydan.tv\/az\/#organization"},"potentialAction":[{"@type":"SearchAction","target":{"@type":"EntryPoint","urlTemplate":"https:\/\/www.meydan.tv\/az\/?s={search_term_string}"},"query-input":{"@type":"PropertyValueSpecification","valueRequired":true,"valueName":"search_term_string"}}],"inLanguage":"az"},{"@type":"Organization","@id":"https:\/\/www.meydan.tv\/az\/#organization","name":"Meydan TV","url":"https:\/\/www.meydan.tv\/az\/","logo":{"@type":"ImageObject","inLanguage":"az","@id":"https:\/\/www.meydan.tv\/az\/#\/schema\/logo\/image\/","url":"https:\/\/www.meydan.tv\/wp-content\/uploads\/2021\/07\/meydan-logo.svg","contentUrl":"https:\/\/www.meydan.tv\/wp-content\/uploads\/2021\/07\/meydan-logo.svg","width":195,"height":46,"caption":"Meydan TV"},"image":{"@id":"https:\/\/www.meydan.tv\/az\/#\/schema\/logo\/image\/"}},{"@type":"Person","@id":"https:\/\/www.meydan.tv\/az\/#\/schema\/person\/9cdbecf90d17180ce1dfbd95b08dcf47","name":"elli","sameAs":["https:\/\/x.com\/elli"]}]}},"_links":{"self":[{"href":"https:\/\/www.meydan.tv\/az\/wp-json\/wp\/v2\/posts\/292922","targetHints":{"allow":["GET"]}}],"collection":[{"href":"https:\/\/www.meydan.tv\/az\/wp-json\/wp\/v2\/posts"}],"about":[{"href":"https:\/\/www.meydan.tv\/az\/wp-json\/wp\/v2\/types\/post"}],"author":[{"embeddable":true,"href":"https:\/\/www.meydan.tv\/az\/wp-json\/wp\/v2\/users\/8"}],"replies":[{"embeddable":true,"href":"https:\/\/www.meydan.tv\/az\/wp-json\/wp\/v2\/comments?post=292922"}],"version-history":[{"count":1,"href":"https:\/\/www.meydan.tv\/az\/wp-json\/wp\/v2\/posts\/292922\/revisions"}],"predecessor-version":[{"id":292923,"href":"https:\/\/www.meydan.tv\/az\/wp-json\/wp\/v2\/posts\/292922\/revisions\/292923"}],"wp:featuredmedia":[{"embeddable":true,"href":"https:\/\/www.meydan.tv\/az\/wp-json\/wp\/v2\/media\/278396"}],"wp:attachment":[{"href":"https:\/\/www.meydan.tv\/az\/wp-json\/wp\/v2\/media?parent=292922"}],"wp:term":[{"taxonomy":"category","embeddable":true,"href":"https:\/\/www.meydan.tv\/az\/wp-json\/wp\/v2\/categories?post=292922"},{"taxonomy":"post_tag","embeddable":true,"href":"https:\/\/www.meydan.tv\/az\/wp-json\/wp\/v2\/tags?post=292922"}],"curies":[{"name":"wp","href":"https:\/\/api.w.org\/{rel}","templated":true}]}}