{"id":292885,"date":"2023-12-14T13:37:55","date_gmt":"2023-12-14T09:37:55","guid":{"rendered":"https:\/\/www.meydan.tv\/?p=292885"},"modified":"2023-12-14T19:17:19","modified_gmt":"2023-12-14T15:17:19","slug":"hafiz-babaliya-qarsi-ireli-surulen-ittiham-belli-oldu","status":"publish","type":"post","link":"https:\/\/www.meydan.tv\/az\/article\/hafiz-babaliya-qarsi-ireli-surulen-ittiham-belli-oldu\/","title":{"rendered":"Hafiz Babal\u0131 bar\u0259sind\u0259 3 ay h\u0259bs q\u0259timkan t\u0259dbiri se\u00e7ilib (yenil\u0259nib)"},"content":{"rendered":"\n<figure class=\"wp-block-embed is-type-video is-provider-youtube wp-block-embed-youtube wp-embed-aspect-16-9 wp-has-aspect-ratio\"><div class=\"wp-block-embed__wrapper\">\n<iframe title=\"Ara\u015fd\u0131rma\u00e7\u0131 jurnalist Hafiz Babal\u0131 bar\u0259sind\u0259 3 ay h\u0259bs q\u0259timkan t\u0259dbiri se\u00e7ilib\" width=\"1200\" height=\"675\" data-src=\"https:\/\/www.youtube.com\/embed\/R8_Pwj2t1Pw?feature=oembed\" frameborder=\"0\" allow=\"accelerometer; autoplay; clipboard-write; encrypted-media; gyroscope; picture-in-picture; web-share\" allowfullscreen src=\"data:image\/svg+xml;base64,PHN2ZyB3aWR0aD0iMSIgaGVpZ2h0PSIxIiB4bWxucz0iaHR0cDovL3d3dy53My5vcmcvMjAwMC9zdmciPjwvc3ZnPg==\" class=\"lazyload\" data-load-mode=\"1\"><\/iframe>\n<\/div><\/figure>\n\n\n\n<p><strong>Ara\u015fd\u0131rma\u00e7\u0131 jurnalist Hafiz Babal\u0131 bar\u0259sind\u0259 3 ayl\u0131q h\u0259bs q\u0259timkan t\u0259dbiri se\u00e7ilib<\/strong>.<\/p>\n\n\n\n<p><strong>Q\u0259rar\u0131 X\u0259tai Rayon M\u0259hk\u0259m\u0259si \u00e7\u0131xar\u0131b.<\/strong><\/p>\n\n\n\n<p><strong>Bu bar\u0259d\u0259 m\u0259lumat\u0131 Meydan TV-nin m\u0259hk\u0259m\u0259d\u0259 olan \u0259m\u0259kda\u015f\u0131 verib.<\/strong><\/p>\n\n\n\n<p><strong>Jurnalist Hafiz Babal\u0131 &#8220;AbzasMedia&#8221; i\u015fi il\u0259 ba\u011fl\u0131 istintaqa \u015fahid qismind\u0259 c\u0259lb edilmi\u015fdi.<\/strong><\/p>\n\n\n\n<p><strong>O, h\u0259min media orqanlar\u0131nda Az\u0259rbaycan m\u0259murlar\u0131n\u0131n korrupsiya faktlar\u0131n\u0131 i\u015f\u0131qland\u0131r\u0131b.<\/strong><\/p>\n\n\n\n<p><strong>D\u00fcn\u0259n is\u0259 Hafiz Babal\u0131 Bak\u0131 Ba\u015f Polis \u0130dar\u0259sinin \u0259m\u0259kda\u015flar\u0131 t\u0259r\u0259find\u0259n saxlan\u0131l\u0131b, evind\u0259 axtar\u0131\u015f apar\u0131l\u0131b.<\/strong><\/p>\n\n\n\n<p><strong>Hafiz Babal\u0131 &#8220;AbzasMedia&#8221; i\u015fin\u0259 g\u00f6r\u0259 h\u0259bs edil\u0259n 5-ci jurnalistdir<\/strong>.<\/p>\n\n\n\n<p><\/p>\n\n\n\n<hr class=\"wp-block-separator has-alpha-channel-opacity\"\/>\n\n\n\n<p><\/p>\n\n\n\n<p><strong><em>Jurnalistin hakim qar\u015f\u0131s\u0131na \u00e7\u0131xar\u0131laca\u011f\u0131 g\u00f6zl\u0259nilir<\/em><\/strong><\/p>\n\n\n\n<p>Dekabr\u0131n 13-d\u0259 saxlan\u0131lan ara\u015fd\u0131rma\u00e7\u0131 jurnalist Hafiz Babal\u0131 \u201cAbzasMedia\u201d i\u015find\u0259 h\u0259bs olunan jurnalistl\u0259rl\u0259 eyni ittihamla, Cinay\u0259t M\u0259c\u0259ll\u0259sinin 206.3.2. (qabaqcadan \u0259lbir olan bir qrup \u015f\u0259xs t\u0259r\u0259find\u0259n qa\u00e7aqmal\u00e7\u0131l\u0131q) madd\u0259si il\u0259 t\u0259qsirl\u0259ndirilir.<\/p>\n\n\n\n<p>Yax\u0131nlar\u0131n\u0131n verdiyi m\u0259lumata g\u00f6r\u0259, dekabr\u0131n 14-d\u0259 onun X\u0259tai Rayon M\u0259hk\u0259m\u0259sind\u0259 hakim qar\u015f\u0131s\u0131na \u00e7\u0131xar\u0131laca\u011f\u0131 g\u00f6zl\u0259nilir.<\/p>\n\n\n\n<p>Dekabr\u0131n 13-d\u0259 jurnalistin ail\u0259 \u00fczvl\u0259ri bildirmi\u015fdil\u0259r ki, Bak\u0131 \u015f\u0259h\u0259r Ba\u015f Polis \u0130dar\u0259sinin (B\u015eBP\u0130) \u0259m\u0259kda\u015flar\u0131 evl\u0259rind\u0259 axtar\u0131\u015f da apar\u0131b. Bundan sonra is\u0259 Hafiz Babal\u0131 B\u015eBP\u0130-y\u0259 <a href=\"https:\/\/www.meydan.tv\/az\/article\/abzasmedia-isi-arasdirmaci-jurnalist-hafiz-babalinin-saxlanildigi-bildirilir\/\">apar\u0131l\u0131b<\/a>.<\/p>\n\n\n\n<p>Hafiz Babal\u0131 noyabr\u0131n 28-d\u0259 B\u015eBP\u0130-d\u0259 ifad\u0259y\u0259 \u00e7a\u011f\u0131r\u0131lm\u0131\u015fd\u0131. \u201cAbzasMedia\u201d i\u015fi il\u0259 ba\u011fl\u0131 \u015fahid qismind\u0259 dindirilmi\u015fdi. \u00d6z\u00fcn\u00fcn d\u0259 dem\u0259sin\u0259 g\u00f6r\u0259, o, \u201cAbzasMedia\u201dda d\u0259rc olunan \u00e7oxsayl\u0131 arasd\u0131rmalar\u0131n m\u00fc\u0259llifidir v\u0259 bunu he\u00e7 vaxt gizl\u0259tm\u0259yib.<\/p>\n\n\n\n<p>Son zamanlar h\u00f6kum\u0259tin maliyy\u0259l\u0259\u015fdirdiyi media orqanlar\u0131nda m\u00fcst\u0259qil media qurumu olan \u201cAbzasMedia\u201d il\u0259 ba\u011fl\u0131 kompromat xarakterli materiallar d\u0259rc edilir. H\u0259min materiallarda Hafiz Babal\u0131n\u0131n da ad\u0131 hallan\u0131b.<\/p>\n\n\n\n<p>\u201cAbzasMedia\u201dn\u0131n direktoru \u00dclvi H\u0259s\u0259nli v\u0259 ictimai f\u0259al M\u0259h\u0259mm\u0259d Kekalov noyabr\u0131n 20-d\u0259 saxlan\u0131l\u0131blar. Sonradan \u00dclvi H\u0259s\u0259nliy\u0259 qar\u015f\u0131 Cinay\u0259t M\u0259c\u0259ll\u0259sinin 206.3.2. (qabaqcadan \u0259lbir olan bir qrup \u015f\u0259xs t\u0259r\u0259find\u0259n qa\u00e7aqmal\u00e7\u0131l\u0131q) madd\u0259si il\u0259 ittiham verilib.<\/p>\n\n\n\n<p>\u201cAbzasMedia\u201dn\u0131n ba\u015f redaktoru Sevinc Vaqifq\u0131z\u0131 is\u0259 noyabr\u0131n 21-d\u0259 Az\u0259rbaycana d\u00f6n\u0259rk\u0259n hava liman\u0131nda saxlan\u0131l\u0131b. Ona qar\u015f\u0131 da eyni ittihamla cinay\u0259t i\u015fi a\u00e7\u0131l\u0131b. <\/p>\n\n\n\n<p>Noyabr\u0131n 21-d\u0259 h\u0259r ikisi X\u0259tai Rayon M\u0259hk\u0259m\u0259sinin q\u0259rar\u0131 il\u0259 d\u00f6rd ay m\u00fcdd\u0259tin\u0259 azadl\u0131qdan m\u0259hrum edilib. Onlar h\u0259bsl\u0259rini siyasi sifari\u015f say\u0131r, ittihamlar\u0131 q\u0259bul etmirl\u0259r.<\/p>\n\n\n\n<p>M\u0259h\u0259mm\u0259d Kekalov da \u201cAbzasMedia\u201dn\u0131n direktoru \u00dclvi H\u0259s\u0259nli v\u0259 ba\u015f redaktoru Sevinc Vaqifq\u0131z\u0131yla eyni cinay\u0259t i\u015fi \u00fczr\u0259 m\u0259suliyy\u0259t\u0259 c\u0259lb olunub v\u0259 3 ay 27 g\u00fcn azadl\u0131qdan m\u0259hrum edilib. Daha sonra is\u0259 media qurumla \u0259m\u0259kda\u015fl\u0131q etmi\u015f jurnalist N\u0259rgiz Absalamova ifad\u0259 verm\u0259y\u0259 \u00e7a\u011f\u0131r\u0131l\u0131b v\u0259 saxlan\u0131l\u0131b. Ona qar\u015f\u0131 da eyni ittihamla cinay\u0259t i\u015fi a\u00e7\u0131l\u0131b v\u0259 bar\u0259sind\u0259 3 ayl\u0131q h\u0259bs q\u0259timkan t\u0259dbiri se\u00e7ilib. Sevinc Vaqifq\u0131z\u0131 v\u0259 \u00dclvi H\u0259s\u0259nlinin evind\u0259 v\u0259 \u201cAbzasMedia\u201dn\u0131n ofisind\u0259 axtar\u0131\u015f apar\u0131l\u0131b. Median\u0131n ofisind\u0259n 40 min avro tap\u0131ld\u0131\u011f\u0131 iddia edilib. Sevinc Vaqifq\u0131z\u0131 a\u00e7\u0131qlamas\u0131nda bildirib ki, ofisd\u0259 40 min avro olmas\u0131 m\u00fcmk\u00fcn deyil, oradan tapsalar, yaln\u0131z bir qazan dadl\u0131 yem\u0259k tapa bil\u0259rl\u0259r.<\/p>\n\n\n\n<p>Beyn\u0259lxalq t\u0259\u015fkilatlar Az\u0259rbaycan hakimiyy\u0259tin\u0259 m\u00fcraci\u0259t ed\u0259r\u0259k, azad mediaya qar\u015f\u0131 t\u0259zyiqi dayand\u0131rmas\u0131n\u0131 ist\u0259yibl\u0259r. Ba\u015f ver\u0259nl\u0259ri mediaya qar\u015f\u0131 \u201cqisas\u201d adland\u0131r\u0131blar.<\/p>\n","protected":false},"excerpt":{"rendered":"<p>Ara\u015fd\u0131rma\u00e7\u0131 jurnalist Hafiz Babal\u0131 bar\u0259sind\u0259 3 ayl\u0131q h\u0259bs q\u0259timkan t\u0259dbiri &#8230; <\/p>\n<p class=\"read-more-container\"><a title=\"Hafiz Babal\u0131 bar\u0259sind\u0259 3 ay h\u0259bs q\u0259timkan t\u0259dbiri se\u00e7ilib (yenil\u0259nib)\" class=\"read-more button\" href=\"https:\/\/www.meydan.tv\/az\/article\/hafiz-babaliya-qarsi-ireli-surulen-ittiham-belli-oldu\/#more-292885\" aria-label=\"Read more about Hafiz Babal\u0131 bar\u0259sind\u0259 3 ay h\u0259bs q\u0259timkan t\u0259dbiri se\u00e7ilib (yenil\u0259nib)\">Davam\u0131<\/a><\/p>\n","protected":false},"author":8,"featured_media":292834,"comment_status":"closed","ping_status":"closed","sticky":false,"template":"","format":"standard","meta":{"_acf_changed":false,"_sitemap_exclude":false,"_sitemap_priority":"","_sitemap_frequency":"","footnotes":""},"categories":[59,79,63,56],"tags":[],"class_list":["post-292885","post","type-post","status-publish","format-standard","has-post-thumbnail","hentry","category-siyaset","category-featured","category-video-2","category-xeberler","infinite-scroll-item","generate-columns","tablet-grid-50","mobile-grid-100","grid-parent","grid-33","no-featured-image-padding"],"acf":[],"yoast_head":"<!-- This site is optimized with the Yoast SEO plugin v27.4 - https:\/\/yoast.com\/product\/yoast-seo-wordpress\/ -->\n<title>Hafiz Babal\u0131 bar\u0259sind\u0259 3 ay h\u0259bs q\u0259timkan t\u0259dbiri se\u00e7ilib (yenil\u0259nib) - MEYDAN.TV<\/title>\n<meta name=\"robots\" content=\"index, follow, max-snippet:-1, max-image-preview:large, max-video-preview:-1\" \/>\n<link rel=\"canonical\" href=\"https:\/\/www.meydan.tv\/az\/article\/hafiz-babaliya-qarsi-ireli-surulen-ittiham-belli-oldu\/\" \/>\n<meta property=\"og:locale\" content=\"az_AZ\" \/>\n<meta property=\"og:type\" content=\"article\" \/>\n<meta property=\"og:title\" content=\"Hafiz Babal\u0131 bar\u0259sind\u0259 3 ay h\u0259bs q\u0259timkan t\u0259dbiri se\u00e7ilib (yenil\u0259nib) - MEYDAN.TV\" \/>\n<meta property=\"og:description\" content=\"Ara\u015fd\u0131rma\u00e7\u0131 jurnalist Hafiz Babal\u0131 bar\u0259sind\u0259 3 ayl\u0131q h\u0259bs q\u0259timkan t\u0259dbiri ... Davam\u0131\" \/>\n<meta property=\"og:url\" content=\"https:\/\/www.meydan.tv\/az\/article\/hafiz-babaliya-qarsi-ireli-surulen-ittiham-belli-oldu\/\" \/>\n<meta property=\"og:site_name\" content=\"MEYDAN.TV\" \/>\n<meta property=\"article:published_time\" content=\"2023-12-14T09:37:55+00:00\" \/>\n<meta property=\"article:modified_time\" content=\"2023-12-14T15:17:19+00:00\" \/>\n<meta property=\"og:image\" content=\"https:\/\/www.meydan.tv\/wp-content\/uploads\/img_0714-e1702546447622.jpg\" \/>\n\t<meta property=\"og:image:width\" content=\"1200\" \/>\n\t<meta property=\"og:image:height\" content=\"598\" \/>\n\t<meta property=\"og:image:type\" content=\"image\/jpeg\" \/>\n<meta name=\"author\" content=\"elli\" \/>\n<meta name=\"twitter:card\" content=\"summary_large_image\" \/>\n<meta name=\"twitter:creator\" content=\"@elli\" \/>\n<script type=\"application\/ld+json\" class=\"yoast-schema-graph\">{\"@context\":\"https:\\\/\\\/schema.org\",\"@graph\":[{\"@type\":\"Article\",\"@id\":\"https:\\\/\\\/www.meydan.tv\\\/az\\\/article\\\/hafiz-babaliya-qarsi-ireli-surulen-ittiham-belli-oldu\\\/#article\",\"isPartOf\":{\"@id\":\"https:\\\/\\\/www.meydan.tv\\\/az\\\/article\\\/hafiz-babaliya-qarsi-ireli-surulen-ittiham-belli-oldu\\\/\"},\"author\":{\"name\":\"elli\",\"@id\":\"https:\\\/\\\/www.meydan.tv\\\/az\\\/#\\\/schema\\\/person\\\/9cdbecf90d17180ce1dfbd95b08dcf47\"},\"headline\":\"Hafiz Babal\u0131 bar\u0259sind\u0259 3 ay h\u0259bs q\u0259timkan t\u0259dbiri se\u00e7ilib (yenil\u0259nib)\",\"datePublished\":\"2023-12-14T09:37:55+00:00\",\"dateModified\":\"2023-12-14T15:17:19+00:00\",\"mainEntityOfPage\":{\"@id\":\"https:\\\/\\\/www.meydan.tv\\\/az\\\/article\\\/hafiz-babaliya-qarsi-ireli-surulen-ittiham-belli-oldu\\\/\"},\"wordCount\":669,\"publisher\":{\"@id\":\"https:\\\/\\\/www.meydan.tv\\\/az\\\/#organization\"},\"image\":{\"@id\":\"https:\\\/\\\/www.meydan.tv\\\/az\\\/article\\\/hafiz-babaliya-qarsi-ireli-surulen-ittiham-belli-oldu\\\/#primaryimage\"},\"thumbnailUrl\":\"https:\\\/\\\/www.meydan.tv\\\/wp-content\\\/uploads\\\/img_0714-e1702546447622.jpg\",\"articleSection\":[\"Siyas\u0259t\",\"T\u00f6vsiy\u0259\",\"Video\",\"X\u0259b\u0259rl\u0259r\"],\"inLanguage\":\"az\"},{\"@type\":\"WebPage\",\"@id\":\"https:\\\/\\\/www.meydan.tv\\\/az\\\/article\\\/hafiz-babaliya-qarsi-ireli-surulen-ittiham-belli-oldu\\\/\",\"url\":\"https:\\\/\\\/www.meydan.tv\\\/az\\\/article\\\/hafiz-babaliya-qarsi-ireli-surulen-ittiham-belli-oldu\\\/\",\"name\":\"Hafiz Babal\u0131 bar\u0259sind\u0259 3 ay h\u0259bs q\u0259timkan t\u0259dbiri se\u00e7ilib (yenil\u0259nib) - MEYDAN.TV\",\"isPartOf\":{\"@id\":\"https:\\\/\\\/www.meydan.tv\\\/az\\\/#website\"},\"primaryImageOfPage\":{\"@id\":\"https:\\\/\\\/www.meydan.tv\\\/az\\\/article\\\/hafiz-babaliya-qarsi-ireli-surulen-ittiham-belli-oldu\\\/#primaryimage\"},\"image\":{\"@id\":\"https:\\\/\\\/www.meydan.tv\\\/az\\\/article\\\/hafiz-babaliya-qarsi-ireli-surulen-ittiham-belli-oldu\\\/#primaryimage\"},\"thumbnailUrl\":\"https:\\\/\\\/www.meydan.tv\\\/wp-content\\\/uploads\\\/img_0714-e1702546447622.jpg\",\"datePublished\":\"2023-12-14T09:37:55+00:00\",\"dateModified\":\"2023-12-14T15:17:19+00:00\",\"breadcrumb\":{\"@id\":\"https:\\\/\\\/www.meydan.tv\\\/az\\\/article\\\/hafiz-babaliya-qarsi-ireli-surulen-ittiham-belli-oldu\\\/#breadcrumb\"},\"inLanguage\":\"az\",\"potentialAction\":[{\"@type\":\"ReadAction\",\"target\":[\"https:\\\/\\\/www.meydan.tv\\\/az\\\/article\\\/hafiz-babaliya-qarsi-ireli-surulen-ittiham-belli-oldu\\\/\"]}]},{\"@type\":\"ImageObject\",\"inLanguage\":\"az\",\"@id\":\"https:\\\/\\\/www.meydan.tv\\\/az\\\/article\\\/hafiz-babaliya-qarsi-ireli-surulen-ittiham-belli-oldu\\\/#primaryimage\",\"url\":\"https:\\\/\\\/www.meydan.tv\\\/wp-content\\\/uploads\\\/img_0714-e1702546447622.jpg\",\"contentUrl\":\"https:\\\/\\\/www.meydan.tv\\\/wp-content\\\/uploads\\\/img_0714-e1702546447622.jpg\",\"width\":1200,\"height\":598,\"caption\":\"Hafiz Babal\u0131. Foto: Meydan TV\"},{\"@type\":\"BreadcrumbList\",\"@id\":\"https:\\\/\\\/www.meydan.tv\\\/az\\\/article\\\/hafiz-babaliya-qarsi-ireli-surulen-ittiham-belli-oldu\\\/#breadcrumb\",\"itemListElement\":[{\"@type\":\"ListItem\",\"position\":1,\"name\":\"Ana s\u0259hif\u0259\",\"item\":\"https:\\\/\\\/www.meydan.tv\\\/az\\\/\"},{\"@type\":\"ListItem\",\"position\":2,\"name\":\"Siyas\u0259t\",\"item\":\"https:\\\/\\\/www.meydan.tv\\\/az\\\/section\\\/siyaset\\\/\"},{\"@type\":\"ListItem\",\"position\":3,\"name\":\"Hafiz Babal\u0131 bar\u0259sind\u0259 3 ay h\u0259bs q\u0259timkan t\u0259dbiri se\u00e7ilib (yenil\u0259nib)\"}]},{\"@type\":\"WebSite\",\"@id\":\"https:\\\/\\\/www.meydan.tv\\\/az\\\/#website\",\"url\":\"https:\\\/\\\/www.meydan.tv\\\/az\\\/\",\"name\":\"MEYDAN.TV\",\"description\":\"Meydan TV Az\u0259rbaycan\u0131n media m\u0259kan\u0131ndak\u0131 alternativ s\u0259sidir\",\"publisher\":{\"@id\":\"https:\\\/\\\/www.meydan.tv\\\/az\\\/#organization\"},\"potentialAction\":[{\"@type\":\"SearchAction\",\"target\":{\"@type\":\"EntryPoint\",\"urlTemplate\":\"https:\\\/\\\/www.meydan.tv\\\/az\\\/?s={search_term_string}\"},\"query-input\":{\"@type\":\"PropertyValueSpecification\",\"valueRequired\":true,\"valueName\":\"search_term_string\"}}],\"inLanguage\":\"az\"},{\"@type\":\"Organization\",\"@id\":\"https:\\\/\\\/www.meydan.tv\\\/az\\\/#organization\",\"name\":\"Meydan TV\",\"url\":\"https:\\\/\\\/www.meydan.tv\\\/az\\\/\",\"logo\":{\"@type\":\"ImageObject\",\"inLanguage\":\"az\",\"@id\":\"https:\\\/\\\/www.meydan.tv\\\/az\\\/#\\\/schema\\\/logo\\\/image\\\/\",\"url\":\"https:\\\/\\\/www.meydan.tv\\\/wp-content\\\/uploads\\\/2021\\\/07\\\/meydan-logo.svg\",\"contentUrl\":\"https:\\\/\\\/www.meydan.tv\\\/wp-content\\\/uploads\\\/2021\\\/07\\\/meydan-logo.svg\",\"width\":195,\"height\":46,\"caption\":\"Meydan TV\"},\"image\":{\"@id\":\"https:\\\/\\\/www.meydan.tv\\\/az\\\/#\\\/schema\\\/logo\\\/image\\\/\"}},{\"@type\":\"Person\",\"@id\":\"https:\\\/\\\/www.meydan.tv\\\/az\\\/#\\\/schema\\\/person\\\/9cdbecf90d17180ce1dfbd95b08dcf47\",\"name\":\"elli\",\"sameAs\":[\"https:\\\/\\\/x.com\\\/elli\"]}]}<\/script>\n<!-- \/ Yoast SEO plugin. -->","yoast_head_json":{"title":"Hafiz Babal\u0131 bar\u0259sind\u0259 3 ay h\u0259bs q\u0259timkan t\u0259dbiri se\u00e7ilib (yenil\u0259nib) - MEYDAN.TV","robots":{"index":"index","follow":"follow","max-snippet":"max-snippet:-1","max-image-preview":"max-image-preview:large","max-video-preview":"max-video-preview:-1"},"canonical":"https:\/\/www.meydan.tv\/az\/article\/hafiz-babaliya-qarsi-ireli-surulen-ittiham-belli-oldu\/","og_locale":"az_AZ","og_type":"article","og_title":"Hafiz Babal\u0131 bar\u0259sind\u0259 3 ay h\u0259bs q\u0259timkan t\u0259dbiri se\u00e7ilib (yenil\u0259nib) - MEYDAN.TV","og_description":"Ara\u015fd\u0131rma\u00e7\u0131 jurnalist Hafiz Babal\u0131 bar\u0259sind\u0259 3 ayl\u0131q h\u0259bs q\u0259timkan t\u0259dbiri ... Davam\u0131","og_url":"https:\/\/www.meydan.tv\/az\/article\/hafiz-babaliya-qarsi-ireli-surulen-ittiham-belli-oldu\/","og_site_name":"MEYDAN.TV","article_published_time":"2023-12-14T09:37:55+00:00","article_modified_time":"2023-12-14T15:17:19+00:00","og_image":[{"width":1200,"height":598,"url":"https:\/\/www.meydan.tv\/wp-content\/uploads\/img_0714-e1702546447622.jpg","type":"image\/jpeg"}],"author":"elli","twitter_card":"summary_large_image","twitter_creator":"@elli","schema":{"@context":"https:\/\/schema.org","@graph":[{"@type":"Article","@id":"https:\/\/www.meydan.tv\/az\/article\/hafiz-babaliya-qarsi-ireli-surulen-ittiham-belli-oldu\/#article","isPartOf":{"@id":"https:\/\/www.meydan.tv\/az\/article\/hafiz-babaliya-qarsi-ireli-surulen-ittiham-belli-oldu\/"},"author":{"name":"elli","@id":"https:\/\/www.meydan.tv\/az\/#\/schema\/person\/9cdbecf90d17180ce1dfbd95b08dcf47"},"headline":"Hafiz Babal\u0131 bar\u0259sind\u0259 3 ay h\u0259bs q\u0259timkan t\u0259dbiri se\u00e7ilib (yenil\u0259nib)","datePublished":"2023-12-14T09:37:55+00:00","dateModified":"2023-12-14T15:17:19+00:00","mainEntityOfPage":{"@id":"https:\/\/www.meydan.tv\/az\/article\/hafiz-babaliya-qarsi-ireli-surulen-ittiham-belli-oldu\/"},"wordCount":669,"publisher":{"@id":"https:\/\/www.meydan.tv\/az\/#organization"},"image":{"@id":"https:\/\/www.meydan.tv\/az\/article\/hafiz-babaliya-qarsi-ireli-surulen-ittiham-belli-oldu\/#primaryimage"},"thumbnailUrl":"https:\/\/www.meydan.tv\/wp-content\/uploads\/img_0714-e1702546447622.jpg","articleSection":["Siyas\u0259t","T\u00f6vsiy\u0259","Video","X\u0259b\u0259rl\u0259r"],"inLanguage":"az"},{"@type":"WebPage","@id":"https:\/\/www.meydan.tv\/az\/article\/hafiz-babaliya-qarsi-ireli-surulen-ittiham-belli-oldu\/","url":"https:\/\/www.meydan.tv\/az\/article\/hafiz-babaliya-qarsi-ireli-surulen-ittiham-belli-oldu\/","name":"Hafiz Babal\u0131 bar\u0259sind\u0259 3 ay h\u0259bs q\u0259timkan t\u0259dbiri se\u00e7ilib (yenil\u0259nib) - MEYDAN.TV","isPartOf":{"@id":"https:\/\/www.meydan.tv\/az\/#website"},"primaryImageOfPage":{"@id":"https:\/\/www.meydan.tv\/az\/article\/hafiz-babaliya-qarsi-ireli-surulen-ittiham-belli-oldu\/#primaryimage"},"image":{"@id":"https:\/\/www.meydan.tv\/az\/article\/hafiz-babaliya-qarsi-ireli-surulen-ittiham-belli-oldu\/#primaryimage"},"thumbnailUrl":"https:\/\/www.meydan.tv\/wp-content\/uploads\/img_0714-e1702546447622.jpg","datePublished":"2023-12-14T09:37:55+00:00","dateModified":"2023-12-14T15:17:19+00:00","breadcrumb":{"@id":"https:\/\/www.meydan.tv\/az\/article\/hafiz-babaliya-qarsi-ireli-surulen-ittiham-belli-oldu\/#breadcrumb"},"inLanguage":"az","potentialAction":[{"@type":"ReadAction","target":["https:\/\/www.meydan.tv\/az\/article\/hafiz-babaliya-qarsi-ireli-surulen-ittiham-belli-oldu\/"]}]},{"@type":"ImageObject","inLanguage":"az","@id":"https:\/\/www.meydan.tv\/az\/article\/hafiz-babaliya-qarsi-ireli-surulen-ittiham-belli-oldu\/#primaryimage","url":"https:\/\/www.meydan.tv\/wp-content\/uploads\/img_0714-e1702546447622.jpg","contentUrl":"https:\/\/www.meydan.tv\/wp-content\/uploads\/img_0714-e1702546447622.jpg","width":1200,"height":598,"caption":"Hafiz Babal\u0131. Foto: Meydan TV"},{"@type":"BreadcrumbList","@id":"https:\/\/www.meydan.tv\/az\/article\/hafiz-babaliya-qarsi-ireli-surulen-ittiham-belli-oldu\/#breadcrumb","itemListElement":[{"@type":"ListItem","position":1,"name":"Ana s\u0259hif\u0259","item":"https:\/\/www.meydan.tv\/az\/"},{"@type":"ListItem","position":2,"name":"Siyas\u0259t","item":"https:\/\/www.meydan.tv\/az\/section\/siyaset\/"},{"@type":"ListItem","position":3,"name":"Hafiz Babal\u0131 bar\u0259sind\u0259 3 ay h\u0259bs q\u0259timkan t\u0259dbiri se\u00e7ilib (yenil\u0259nib)"}]},{"@type":"WebSite","@id":"https:\/\/www.meydan.tv\/az\/#website","url":"https:\/\/www.meydan.tv\/az\/","name":"MEYDAN.TV","description":"Meydan TV Az\u0259rbaycan\u0131n media m\u0259kan\u0131ndak\u0131 alternativ s\u0259sidir","publisher":{"@id":"https:\/\/www.meydan.tv\/az\/#organization"},"potentialAction":[{"@type":"SearchAction","target":{"@type":"EntryPoint","urlTemplate":"https:\/\/www.meydan.tv\/az\/?s={search_term_string}"},"query-input":{"@type":"PropertyValueSpecification","valueRequired":true,"valueName":"search_term_string"}}],"inLanguage":"az"},{"@type":"Organization","@id":"https:\/\/www.meydan.tv\/az\/#organization","name":"Meydan TV","url":"https:\/\/www.meydan.tv\/az\/","logo":{"@type":"ImageObject","inLanguage":"az","@id":"https:\/\/www.meydan.tv\/az\/#\/schema\/logo\/image\/","url":"https:\/\/www.meydan.tv\/wp-content\/uploads\/2021\/07\/meydan-logo.svg","contentUrl":"https:\/\/www.meydan.tv\/wp-content\/uploads\/2021\/07\/meydan-logo.svg","width":195,"height":46,"caption":"Meydan TV"},"image":{"@id":"https:\/\/www.meydan.tv\/az\/#\/schema\/logo\/image\/"}},{"@type":"Person","@id":"https:\/\/www.meydan.tv\/az\/#\/schema\/person\/9cdbecf90d17180ce1dfbd95b08dcf47","name":"elli","sameAs":["https:\/\/x.com\/elli"]}]}},"_links":{"self":[{"href":"https:\/\/www.meydan.tv\/az\/wp-json\/wp\/v2\/posts\/292885","targetHints":{"allow":["GET"]}}],"collection":[{"href":"https:\/\/www.meydan.tv\/az\/wp-json\/wp\/v2\/posts"}],"about":[{"href":"https:\/\/www.meydan.tv\/az\/wp-json\/wp\/v2\/types\/post"}],"author":[{"embeddable":true,"href":"https:\/\/www.meydan.tv\/az\/wp-json\/wp\/v2\/users\/8"}],"replies":[{"embeddable":true,"href":"https:\/\/www.meydan.tv\/az\/wp-json\/wp\/v2\/comments?post=292885"}],"version-history":[{"count":8,"href":"https:\/\/www.meydan.tv\/az\/wp-json\/wp\/v2\/posts\/292885\/revisions"}],"predecessor-version":[{"id":292965,"href":"https:\/\/www.meydan.tv\/az\/wp-json\/wp\/v2\/posts\/292885\/revisions\/292965"}],"wp:featuredmedia":[{"embeddable":true,"href":"https:\/\/www.meydan.tv\/az\/wp-json\/wp\/v2\/media\/292834"}],"wp:attachment":[{"href":"https:\/\/www.meydan.tv\/az\/wp-json\/wp\/v2\/media?parent=292885"}],"wp:term":[{"taxonomy":"category","embeddable":true,"href":"https:\/\/www.meydan.tv\/az\/wp-json\/wp\/v2\/categories?post=292885"},{"taxonomy":"post_tag","embeddable":true,"href":"https:\/\/www.meydan.tv\/az\/wp-json\/wp\/v2\/tags?post=292885"}],"curies":[{"name":"wp","href":"https:\/\/api.w.org\/{rel}","templated":true}]}}