{"id":292815,"date":"2023-12-13T18:09:03","date_gmt":"2023-12-13T14:09:03","guid":{"rendered":"https:\/\/www.meydan.tv\/?p=292815"},"modified":"2023-12-13T21:07:51","modified_gmt":"2023-12-13T17:07:51","slug":"abzasmedia-isi-arasdirmaci-jurnalist-hafiz-babalinin-saxlanildigi-bildirilir","status":"publish","type":"post","link":"https:\/\/www.meydan.tv\/az\/article\/abzasmedia-isi-arasdirmaci-jurnalist-hafiz-babalinin-saxlanildigi-bildirilir\/","title":{"rendered":"\u201cAbzasMedia i\u015fi\u201d: Ara\u015fd\u0131rma\u00e7\u0131 jurnalist Hafiz Babal\u0131n\u0131n saxlan\u0131ld\u0131\u011f\u0131 bildirilir (yenil\u0259nib)"},"content":{"rendered":"\n<p><\/p>\n\n\n\n<p><\/p>\n\n\n\n<p><\/p>\n\n\n\n<p><strong>Jurnalist Hafiz Babal\u0131 \u201cAbzas Media\u201d n\u0259\u015frinin \u0259m\u0259kda\u015flar\u0131na qar\u015f\u0131 cinay\u0259t i\u015fi \u00e7\u0259r\u00e7iv\u0259sind\u0259 saxlan\u0131l\u0131b.<\/strong> <\/p>\n\n\n\n<p><strong>Bu bar\u0259d\u0259 &#8220;Turan&#8221;a Daxili \u0130\u015fl\u0259r Nazirliyinin m\u0259tbuat xidm\u0259tinin \u0259m\u0259kda\u015f\u0131 \u0130brahim \u018fmiraslanl\u0131 bildirib.<\/strong><\/p>\n\n\n\n<p><\/p>\n\n\n\n<p><\/p>\n\n\n\n<hr class=\"wp-block-separator has-alpha-channel-opacity\"\/>\n\n\n\n<p><strong><em>Onun evind\u0259 axtar\u0131\u015f apar\u0131l\u0131b<\/em><\/strong><\/p>\n\n\n\n<p>Ara\u015fd\u0131rma\u00e7\u0131 jurnalist Hafiz Babal\u0131n\u0131n saxlan\u0131ld\u0131\u011f\u0131 bildirilir. Bu bar\u0259d\u0259 onun ail\u0259 \u00fczvl\u0259ri m\u0259lumat veribl\u0259r. Bildiribl\u0259r ki, bu g\u00fcn, dekabr\u0131n 13-d\u0259 Bak\u0131 \u015f\u0259h\u0259r Ba\u015f Polis \u0130dar\u0259sinin (B\u015eBP\u0130) \u0259m\u0259kda\u015flar\u0131 evind\u0259 axtar\u0131\u015f da apar\u0131blar. Daha sonra is\u0259 Hafiz Babal\u0131 B\u015eBP\u0130-n\u0259 apar\u0131l\u0131b.<\/p>\n\n\n\n<p>Hafiz Babal\u0131 noyabr\u0131n 28-d\u0259 B\u015eBP\u0130-d\u0259 ifad\u0259y\u0259 \u00e7a\u011f\u0131r\u0131lm\u0131\u015fd\u0131. \u201cAbzasMedia\u201d i\u015fi il\u0259 ba\u011fl\u0131 \u015fahid qismind\u0259 dindirilmi\u015fdi. \u00d6z\u00fcn\u00fcn d\u0259 dem\u0259sin\u0259 g\u00f6r\u0259, o, \u201cAbzasMedia\u201dda d\u0259rc olunan \u00e7oxsayl\u0131 arasd\u0131rmalar\u0131n m\u00fc\u0259llifidir v\u0259 bunu he\u00e7 vaxt gizl\u0259tm\u0259yib. \u0130fad\u0259 ver\u0259nd\u0259n sonra B\u015eBP\u0130-d\u0259n \u00e7\u0131xan Hafiz Babal\u0131 idar\u0259 il\u0259 ba\u011fl\u0131 ki\u00e7ik ara\u015fd\u0131rma da aparm\u0131\u015fd\u0131. Sosial media hesab\u0131nda payla\u015fd\u0131\u011f\u0131 m\u0259lumatlarda bildirmi\u015fdi ki, idar\u0259d\u0259 dindirilm\u0259d\u0259 olark\u0259n diqq\u0259tini \u00e7irkli p\u0259nc\u0259r\u0259l\u0259r \u00e7\u0259kib. M\u00fcst\u0259ntiqd\u0259n bu \u015f\u00fc\u015f\u0259l\u0259rin sonuncu d\u0259f\u0259 n\u0259 vaxt yuyuldu\u011funu soru\u015fub. Cavab \u201cxat\u0131rlam\u0131ram\u201d, &#8211; olub:<\/p>\n\n\n\n<p><em>\u201cDedim, bir d\u00f6vl\u0259t sat\u0131nalmalar\u0131 portal\u0131na bax\u0131m. M\u0259lum oldu ki, B\u015eBP\u0130 avqustun 18-d\u0259 &#8220;Emin v\u0259 Eynulla&#8221; MMC il\u0259 Polis Ba\u015f \u0130dar\u0259nin tabe\u00e7iliyind\u0259 olan rayon polis idar\u0259, \u015f\u00f6b\u0259 v\u0259 b\u00f6lm\u0259l\u0259rinin inzibati binalar\u0131nda d\u00f6vr\u00fc olaraq bir ne\u00e7\u0259 d\u0259f\u0259 olmaqla 110.000 m\u00b2 fasad (aqlay, al\u00e7epan) v\u0259 \u015f\u00fc\u015f\u0259l\u0259rin x\u00fcsusi kimy\u0259vi madd\u0259l\u0259rl\u0259 yuyulmas\u0131 v\u0259 t\u0259mizl\u0259nm\u0259si \u00fc\u00e7\u00fcn 97.350 manat m\u0259bl\u0259\u011find\u0259 m\u00fcqavil\u0259 ba\u011flay\u0131b. Ke\u00e7\u0259n ilin may\u0131nda v\u0259 dekabr\u0131nda eyni i\u015fl\u0259r\u0259 g\u00f6r\u0259 h\u0259min \u015firk\u0259t\u0259 49.007 v\u0259 44.206,34 manat \u00f6d\u0259nilibmi\u015f. Bu hesabla p\u0259nc\u0259r\u0259l\u0259r par-par par\u0131ldamal\u0131yd\u0131&#8230;&#8221;.<\/em><\/p>\n\n\n\n<p>Son zamanlar h\u00f6kum\u0259tin maliyy\u0259l\u0259\u015fdirdiyi media orqanlar\u0131nda m\u00fcst\u0259qil media qurumu olan \u201cAbzasMedia\u201d il\u0259 ba\u011fl\u0131 kompromat xarakterli materiallar d\u0259rc edilir. H\u0259min materiallarda Hafiz Babal\u0131n\u0131n da ad\u0131 hallan\u0131b. <\/p>\n\n\n\n<p>\u201cAbzasMedia\u201dn\u0131n direktoru \u00dclvi H\u0259s\u0259nli v\u0259 ictimai f\u0259al M\u0259h\u0259mm\u0259d Kekalov noyabr\u0131n 20-d\u0259 saxlan\u0131l\u0131blar. Sonradan \u00dclvi H\u0259s\u0259nliy\u0259 qar\u015f\u0131 Cinay\u0259t M\u0259c\u0259ll\u0259sinin 206.3.2. (qabaqcadan \u0259lbir olan bir qrup \u015f\u0259xs t\u0259r\u0259find\u0259n qa\u00e7aqmal\u00e7\u0131l\u0131q) madd\u0259si il\u0259 ittiham verilib. <\/p>\n\n\n\n<p>\u201cAbzasMedia\u201dn\u0131n ba\u015f redaktoru Sevinc Vaqifq\u0131z\u0131 is\u0259 noyabr\u0131n 21-d\u0259 Az\u0259rbaycana d\u00f6n\u0259rk\u0259n hava liman\u0131nda saxlan\u0131l\u0131b. Ona qar\u015f\u0131 da eyni ittihamla cinay\u0259t i\u015fi a\u00e7\u0131l\u0131b. Noyabr\u0131n 21-d\u0259 h\u0259r ikisi X\u0259tai Rayon M\u0259hk\u0259m\u0259sinin q\u0259rar\u0131 il\u0259 d\u00f6rd ay m\u00fcdd\u0259tin\u0259 azadl\u0131qdan m\u0259hrum edilib. Onlar h\u0259bsl\u0259rini siyasi sifari\u015f say\u0131r, ittihamlar\u0131 q\u0259bul etmirl\u0259r. <\/p>\n\n\n\n<p>M\u0259h\u0259mm\u0259d Kekalov da \u201cAbzasMedia\u201dn\u0131n direktoru \u00dclvi H\u0259s\u0259nli v\u0259 ba\u015f redaktoru Sevinc Vaqifq\u0131z\u0131yla eyni cinay\u0259t i\u015fi \u00fczr\u0259 m\u0259suliyy\u0259t\u0259 c\u0259lb olunub v\u0259 3 ay 27 g\u00fcn azadl\u0131qdan m\u0259hrum edilib. Daha sonra is\u0259 media qurumla \u0259m\u0259kda\u015fl\u0131q etmi\u015f jurnalist N\u0259rgiz Absalamova ifad\u0259 verm\u0259y\u0259 \u00e7a\u011f\u0131r\u0131l\u0131b v\u0259 saxlan\u0131l\u0131b. Ona qar\u015f\u0131 da eyni ittihamla cinay\u0259t i\u015fi a\u00e7\u0131l\u0131b v\u0259 bar\u0259sind\u0259 3 ayl\u0131q h\u0259bs q\u0259timkan t\u0259dbiri se\u00e7ilib. Sevinc Vaqifq\u0131z\u0131 v\u0259 \u00dclvi H\u0259s\u0259nlinin evind\u0259 v\u0259 \u201cAbzasMedia\u201dn\u0131n ofisind\u0259 axtar\u0131\u015f apar\u0131l\u0131b. Median\u0131n ofisind\u0259n 40 min avro tap\u0131ld\u0131\u011f\u0131 iddia edilib. Sevinc Vaqifq\u0131z\u0131 a\u00e7\u0131qlamas\u0131nda bildirib ki, ofisd\u0259 40 min avro olmas\u0131 m\u00fcmk\u00fcn deyil, oradan tapsalar, yaln\u0131z bir qazan dadl\u0131 yem\u0259k tapa bil\u0259rl\u0259r. <\/p>\n\n\n\n<p>Beyn\u0259lxalq t\u0259\u015fkilatlar Az\u0259rbaycan hakimiyy\u0259tin\u0259 m\u00fcraci\u0259t ed\u0259r\u0259k, azad mediaya qar\u015f\u0131 t\u0259zyiqi dayand\u0131rmas\u0131n\u0131 ist\u0259yibl\u0259r. Ba\u015f ver\u0259nl\u0259ri mediaya qar\u015f\u0131 \u201cqisas\u201d adland\u0131r\u0131blar.<\/p>\n","protected":false},"excerpt":{"rendered":"<p>Jurnalist Hafiz Babal\u0131 \u201cAbzas Media\u201d n\u0259\u015frinin \u0259m\u0259kda\u015flar\u0131na qar\u015f\u0131 cinay\u0259t i\u015fi &#8230; <\/p>\n<p class=\"read-more-container\"><a title=\"\u201cAbzasMedia i\u015fi\u201d: Ara\u015fd\u0131rma\u00e7\u0131 jurnalist Hafiz Babal\u0131n\u0131n saxlan\u0131ld\u0131\u011f\u0131 bildirilir (yenil\u0259nib)\" class=\"read-more button\" href=\"https:\/\/www.meydan.tv\/az\/article\/abzasmedia-isi-arasdirmaci-jurnalist-hafiz-babalinin-saxlanildigi-bildirilir\/#more-292815\" aria-label=\"Read more about \u201cAbzasMedia i\u015fi\u201d: Ara\u015fd\u0131rma\u00e7\u0131 jurnalist Hafiz Babal\u0131n\u0131n saxlan\u0131ld\u0131\u011f\u0131 bildirilir (yenil\u0259nib)\">Davam\u0131<\/a><\/p>\n","protected":false},"author":8,"featured_media":292812,"comment_status":"closed","ping_status":"closed","sticky":false,"template":"","format":"standard","meta":{"_acf_changed":false,"_sitemap_exclude":false,"_sitemap_priority":"","_sitemap_frequency":"","footnotes":""},"categories":[59,79,56],"tags":[],"class_list":["post-292815","post","type-post","status-publish","format-standard","has-post-thumbnail","hentry","category-siyaset","category-featured","category-xeberler","infinite-scroll-item","generate-columns","tablet-grid-50","mobile-grid-100","grid-parent","grid-33","no-featured-image-padding"],"acf":[],"yoast_head":"<!-- This site is optimized with the Yoast SEO plugin v27.4 - https:\/\/yoast.com\/product\/yoast-seo-wordpress\/ -->\n<title>\u201cAbzasMedia i\u015fi\u201d: Ara\u015fd\u0131rma\u00e7\u0131 jurnalist Hafiz Babal\u0131n\u0131n saxlan\u0131ld\u0131\u011f\u0131 bildirilir (yenil\u0259nib) - MEYDAN.TV<\/title>\n<meta name=\"robots\" content=\"index, follow, max-snippet:-1, max-image-preview:large, max-video-preview:-1\" \/>\n<link rel=\"canonical\" href=\"https:\/\/www.meydan.tv\/az\/article\/abzasmedia-isi-arasdirmaci-jurnalist-hafiz-babalinin-saxlanildigi-bildirilir\/\" \/>\n<meta property=\"og:locale\" content=\"az_AZ\" \/>\n<meta property=\"og:type\" content=\"article\" \/>\n<meta property=\"og:title\" content=\"\u201cAbzasMedia i\u015fi\u201d: Ara\u015fd\u0131rma\u00e7\u0131 jurnalist Hafiz Babal\u0131n\u0131n saxlan\u0131ld\u0131\u011f\u0131 bildirilir (yenil\u0259nib) - MEYDAN.TV\" \/>\n<meta property=\"og:description\" content=\"Jurnalist Hafiz Babal\u0131 \u201cAbzas Media\u201d n\u0259\u015frinin \u0259m\u0259kda\u015flar\u0131na qar\u015f\u0131 cinay\u0259t i\u015fi ... Davam\u0131\" \/>\n<meta property=\"og:url\" content=\"https:\/\/www.meydan.tv\/az\/article\/abzasmedia-isi-arasdirmaci-jurnalist-hafiz-babalinin-saxlanildigi-bildirilir\/\" \/>\n<meta property=\"og:site_name\" content=\"MEYDAN.TV\" \/>\n<meta property=\"article:published_time\" content=\"2023-12-13T14:09:03+00:00\" \/>\n<meta property=\"article:modified_time\" content=\"2023-12-13T17:07:51+00:00\" \/>\n<meta property=\"og:image\" content=\"https:\/\/www.meydan.tv\/wp-content\/uploads\/img_8181.jpg\" \/>\n\t<meta property=\"og:image:width\" content=\"1200\" \/>\n\t<meta property=\"og:image:height\" content=\"675\" \/>\n\t<meta property=\"og:image:type\" content=\"image\/jpeg\" \/>\n<meta name=\"author\" content=\"elli\" \/>\n<meta name=\"twitter:card\" content=\"summary_large_image\" \/>\n<meta name=\"twitter:creator\" content=\"@elli\" \/>\n<script type=\"application\/ld+json\" class=\"yoast-schema-graph\">{\"@context\":\"https:\\\/\\\/schema.org\",\"@graph\":[{\"@type\":\"Article\",\"@id\":\"https:\\\/\\\/www.meydan.tv\\\/az\\\/article\\\/abzasmedia-isi-arasdirmaci-jurnalist-hafiz-babalinin-saxlanildigi-bildirilir\\\/#article\",\"isPartOf\":{\"@id\":\"https:\\\/\\\/www.meydan.tv\\\/az\\\/article\\\/abzasmedia-isi-arasdirmaci-jurnalist-hafiz-babalinin-saxlanildigi-bildirilir\\\/\"},\"author\":{\"name\":\"elli\",\"@id\":\"https:\\\/\\\/www.meydan.tv\\\/az\\\/#\\\/schema\\\/person\\\/9cdbecf90d17180ce1dfbd95b08dcf47\"},\"headline\":\"\u201cAbzasMedia i\u015fi\u201d: Ara\u015fd\u0131rma\u00e7\u0131 jurnalist Hafiz Babal\u0131n\u0131n saxlan\u0131ld\u0131\u011f\u0131 bildirilir (yenil\u0259nib)\",\"datePublished\":\"2023-12-13T14:09:03+00:00\",\"dateModified\":\"2023-12-13T17:07:51+00:00\",\"mainEntityOfPage\":{\"@id\":\"https:\\\/\\\/www.meydan.tv\\\/az\\\/article\\\/abzasmedia-isi-arasdirmaci-jurnalist-hafiz-babalinin-saxlanildigi-bildirilir\\\/\"},\"wordCount\":711,\"publisher\":{\"@id\":\"https:\\\/\\\/www.meydan.tv\\\/az\\\/#organization\"},\"image\":{\"@id\":\"https:\\\/\\\/www.meydan.tv\\\/az\\\/article\\\/abzasmedia-isi-arasdirmaci-jurnalist-hafiz-babalinin-saxlanildigi-bildirilir\\\/#primaryimage\"},\"thumbnailUrl\":\"https:\\\/\\\/www.meydan.tv\\\/wp-content\\\/uploads\\\/img_8181.jpg\",\"articleSection\":[\"Siyas\u0259t\",\"T\u00f6vsiy\u0259\",\"X\u0259b\u0259rl\u0259r\"],\"inLanguage\":\"az\"},{\"@type\":\"WebPage\",\"@id\":\"https:\\\/\\\/www.meydan.tv\\\/az\\\/article\\\/abzasmedia-isi-arasdirmaci-jurnalist-hafiz-babalinin-saxlanildigi-bildirilir\\\/\",\"url\":\"https:\\\/\\\/www.meydan.tv\\\/az\\\/article\\\/abzasmedia-isi-arasdirmaci-jurnalist-hafiz-babalinin-saxlanildigi-bildirilir\\\/\",\"name\":\"\u201cAbzasMedia i\u015fi\u201d: Ara\u015fd\u0131rma\u00e7\u0131 jurnalist Hafiz Babal\u0131n\u0131n saxlan\u0131ld\u0131\u011f\u0131 bildirilir (yenil\u0259nib) - MEYDAN.TV\",\"isPartOf\":{\"@id\":\"https:\\\/\\\/www.meydan.tv\\\/az\\\/#website\"},\"primaryImageOfPage\":{\"@id\":\"https:\\\/\\\/www.meydan.tv\\\/az\\\/article\\\/abzasmedia-isi-arasdirmaci-jurnalist-hafiz-babalinin-saxlanildigi-bildirilir\\\/#primaryimage\"},\"image\":{\"@id\":\"https:\\\/\\\/www.meydan.tv\\\/az\\\/article\\\/abzasmedia-isi-arasdirmaci-jurnalist-hafiz-babalinin-saxlanildigi-bildirilir\\\/#primaryimage\"},\"thumbnailUrl\":\"https:\\\/\\\/www.meydan.tv\\\/wp-content\\\/uploads\\\/img_8181.jpg\",\"datePublished\":\"2023-12-13T14:09:03+00:00\",\"dateModified\":\"2023-12-13T17:07:51+00:00\",\"breadcrumb\":{\"@id\":\"https:\\\/\\\/www.meydan.tv\\\/az\\\/article\\\/abzasmedia-isi-arasdirmaci-jurnalist-hafiz-babalinin-saxlanildigi-bildirilir\\\/#breadcrumb\"},\"inLanguage\":\"az\",\"potentialAction\":[{\"@type\":\"ReadAction\",\"target\":[\"https:\\\/\\\/www.meydan.tv\\\/az\\\/article\\\/abzasmedia-isi-arasdirmaci-jurnalist-hafiz-babalinin-saxlanildigi-bildirilir\\\/\"]}]},{\"@type\":\"ImageObject\",\"inLanguage\":\"az\",\"@id\":\"https:\\\/\\\/www.meydan.tv\\\/az\\\/article\\\/abzasmedia-isi-arasdirmaci-jurnalist-hafiz-babalinin-saxlanildigi-bildirilir\\\/#primaryimage\",\"url\":\"https:\\\/\\\/www.meydan.tv\\\/wp-content\\\/uploads\\\/img_8181.jpg\",\"contentUrl\":\"https:\\\/\\\/www.meydan.tv\\\/wp-content\\\/uploads\\\/img_8181.jpg\",\"width\":1200,\"height\":675,\"caption\":\"Foto: Hafiz Babal\u0131n\u0131n \u015f\u0259xsi arxivind\u0259n\"},{\"@type\":\"BreadcrumbList\",\"@id\":\"https:\\\/\\\/www.meydan.tv\\\/az\\\/article\\\/abzasmedia-isi-arasdirmaci-jurnalist-hafiz-babalinin-saxlanildigi-bildirilir\\\/#breadcrumb\",\"itemListElement\":[{\"@type\":\"ListItem\",\"position\":1,\"name\":\"Ana s\u0259hif\u0259\",\"item\":\"https:\\\/\\\/www.meydan.tv\\\/az\\\/\"},{\"@type\":\"ListItem\",\"position\":2,\"name\":\"Siyas\u0259t\",\"item\":\"https:\\\/\\\/www.meydan.tv\\\/az\\\/section\\\/siyaset\\\/\"},{\"@type\":\"ListItem\",\"position\":3,\"name\":\"\u201cAbzasMedia i\u015fi\u201d: Ara\u015fd\u0131rma\u00e7\u0131 jurnalist Hafiz Babal\u0131n\u0131n saxlan\u0131ld\u0131\u011f\u0131 bildirilir (yenil\u0259nib)\"}]},{\"@type\":\"WebSite\",\"@id\":\"https:\\\/\\\/www.meydan.tv\\\/az\\\/#website\",\"url\":\"https:\\\/\\\/www.meydan.tv\\\/az\\\/\",\"name\":\"MEYDAN.TV\",\"description\":\"Meydan TV Az\u0259rbaycan\u0131n media m\u0259kan\u0131ndak\u0131 alternativ s\u0259sidir\",\"publisher\":{\"@id\":\"https:\\\/\\\/www.meydan.tv\\\/az\\\/#organization\"},\"potentialAction\":[{\"@type\":\"SearchAction\",\"target\":{\"@type\":\"EntryPoint\",\"urlTemplate\":\"https:\\\/\\\/www.meydan.tv\\\/az\\\/?s={search_term_string}\"},\"query-input\":{\"@type\":\"PropertyValueSpecification\",\"valueRequired\":true,\"valueName\":\"search_term_string\"}}],\"inLanguage\":\"az\"},{\"@type\":\"Organization\",\"@id\":\"https:\\\/\\\/www.meydan.tv\\\/az\\\/#organization\",\"name\":\"Meydan TV\",\"url\":\"https:\\\/\\\/www.meydan.tv\\\/az\\\/\",\"logo\":{\"@type\":\"ImageObject\",\"inLanguage\":\"az\",\"@id\":\"https:\\\/\\\/www.meydan.tv\\\/az\\\/#\\\/schema\\\/logo\\\/image\\\/\",\"url\":\"https:\\\/\\\/www.meydan.tv\\\/wp-content\\\/uploads\\\/2021\\\/07\\\/meydan-logo.svg\",\"contentUrl\":\"https:\\\/\\\/www.meydan.tv\\\/wp-content\\\/uploads\\\/2021\\\/07\\\/meydan-logo.svg\",\"width\":195,\"height\":46,\"caption\":\"Meydan TV\"},\"image\":{\"@id\":\"https:\\\/\\\/www.meydan.tv\\\/az\\\/#\\\/schema\\\/logo\\\/image\\\/\"}},{\"@type\":\"Person\",\"@id\":\"https:\\\/\\\/www.meydan.tv\\\/az\\\/#\\\/schema\\\/person\\\/9cdbecf90d17180ce1dfbd95b08dcf47\",\"name\":\"elli\",\"sameAs\":[\"https:\\\/\\\/x.com\\\/elli\"]}]}<\/script>\n<!-- \/ Yoast SEO plugin. -->","yoast_head_json":{"title":"\u201cAbzasMedia i\u015fi\u201d: Ara\u015fd\u0131rma\u00e7\u0131 jurnalist Hafiz Babal\u0131n\u0131n saxlan\u0131ld\u0131\u011f\u0131 bildirilir (yenil\u0259nib) - MEYDAN.TV","robots":{"index":"index","follow":"follow","max-snippet":"max-snippet:-1","max-image-preview":"max-image-preview:large","max-video-preview":"max-video-preview:-1"},"canonical":"https:\/\/www.meydan.tv\/az\/article\/abzasmedia-isi-arasdirmaci-jurnalist-hafiz-babalinin-saxlanildigi-bildirilir\/","og_locale":"az_AZ","og_type":"article","og_title":"\u201cAbzasMedia i\u015fi\u201d: Ara\u015fd\u0131rma\u00e7\u0131 jurnalist Hafiz Babal\u0131n\u0131n saxlan\u0131ld\u0131\u011f\u0131 bildirilir (yenil\u0259nib) - MEYDAN.TV","og_description":"Jurnalist Hafiz Babal\u0131 \u201cAbzas Media\u201d n\u0259\u015frinin \u0259m\u0259kda\u015flar\u0131na qar\u015f\u0131 cinay\u0259t i\u015fi ... Davam\u0131","og_url":"https:\/\/www.meydan.tv\/az\/article\/abzasmedia-isi-arasdirmaci-jurnalist-hafiz-babalinin-saxlanildigi-bildirilir\/","og_site_name":"MEYDAN.TV","article_published_time":"2023-12-13T14:09:03+00:00","article_modified_time":"2023-12-13T17:07:51+00:00","og_image":[{"width":1200,"height":675,"url":"https:\/\/www.meydan.tv\/wp-content\/uploads\/img_8181.jpg","type":"image\/jpeg"}],"author":"elli","twitter_card":"summary_large_image","twitter_creator":"@elli","schema":{"@context":"https:\/\/schema.org","@graph":[{"@type":"Article","@id":"https:\/\/www.meydan.tv\/az\/article\/abzasmedia-isi-arasdirmaci-jurnalist-hafiz-babalinin-saxlanildigi-bildirilir\/#article","isPartOf":{"@id":"https:\/\/www.meydan.tv\/az\/article\/abzasmedia-isi-arasdirmaci-jurnalist-hafiz-babalinin-saxlanildigi-bildirilir\/"},"author":{"name":"elli","@id":"https:\/\/www.meydan.tv\/az\/#\/schema\/person\/9cdbecf90d17180ce1dfbd95b08dcf47"},"headline":"\u201cAbzasMedia i\u015fi\u201d: Ara\u015fd\u0131rma\u00e7\u0131 jurnalist Hafiz Babal\u0131n\u0131n saxlan\u0131ld\u0131\u011f\u0131 bildirilir (yenil\u0259nib)","datePublished":"2023-12-13T14:09:03+00:00","dateModified":"2023-12-13T17:07:51+00:00","mainEntityOfPage":{"@id":"https:\/\/www.meydan.tv\/az\/article\/abzasmedia-isi-arasdirmaci-jurnalist-hafiz-babalinin-saxlanildigi-bildirilir\/"},"wordCount":711,"publisher":{"@id":"https:\/\/www.meydan.tv\/az\/#organization"},"image":{"@id":"https:\/\/www.meydan.tv\/az\/article\/abzasmedia-isi-arasdirmaci-jurnalist-hafiz-babalinin-saxlanildigi-bildirilir\/#primaryimage"},"thumbnailUrl":"https:\/\/www.meydan.tv\/wp-content\/uploads\/img_8181.jpg","articleSection":["Siyas\u0259t","T\u00f6vsiy\u0259","X\u0259b\u0259rl\u0259r"],"inLanguage":"az"},{"@type":"WebPage","@id":"https:\/\/www.meydan.tv\/az\/article\/abzasmedia-isi-arasdirmaci-jurnalist-hafiz-babalinin-saxlanildigi-bildirilir\/","url":"https:\/\/www.meydan.tv\/az\/article\/abzasmedia-isi-arasdirmaci-jurnalist-hafiz-babalinin-saxlanildigi-bildirilir\/","name":"\u201cAbzasMedia i\u015fi\u201d: Ara\u015fd\u0131rma\u00e7\u0131 jurnalist Hafiz Babal\u0131n\u0131n saxlan\u0131ld\u0131\u011f\u0131 bildirilir (yenil\u0259nib) - MEYDAN.TV","isPartOf":{"@id":"https:\/\/www.meydan.tv\/az\/#website"},"primaryImageOfPage":{"@id":"https:\/\/www.meydan.tv\/az\/article\/abzasmedia-isi-arasdirmaci-jurnalist-hafiz-babalinin-saxlanildigi-bildirilir\/#primaryimage"},"image":{"@id":"https:\/\/www.meydan.tv\/az\/article\/abzasmedia-isi-arasdirmaci-jurnalist-hafiz-babalinin-saxlanildigi-bildirilir\/#primaryimage"},"thumbnailUrl":"https:\/\/www.meydan.tv\/wp-content\/uploads\/img_8181.jpg","datePublished":"2023-12-13T14:09:03+00:00","dateModified":"2023-12-13T17:07:51+00:00","breadcrumb":{"@id":"https:\/\/www.meydan.tv\/az\/article\/abzasmedia-isi-arasdirmaci-jurnalist-hafiz-babalinin-saxlanildigi-bildirilir\/#breadcrumb"},"inLanguage":"az","potentialAction":[{"@type":"ReadAction","target":["https:\/\/www.meydan.tv\/az\/article\/abzasmedia-isi-arasdirmaci-jurnalist-hafiz-babalinin-saxlanildigi-bildirilir\/"]}]},{"@type":"ImageObject","inLanguage":"az","@id":"https:\/\/www.meydan.tv\/az\/article\/abzasmedia-isi-arasdirmaci-jurnalist-hafiz-babalinin-saxlanildigi-bildirilir\/#primaryimage","url":"https:\/\/www.meydan.tv\/wp-content\/uploads\/img_8181.jpg","contentUrl":"https:\/\/www.meydan.tv\/wp-content\/uploads\/img_8181.jpg","width":1200,"height":675,"caption":"Foto: Hafiz Babal\u0131n\u0131n \u015f\u0259xsi arxivind\u0259n"},{"@type":"BreadcrumbList","@id":"https:\/\/www.meydan.tv\/az\/article\/abzasmedia-isi-arasdirmaci-jurnalist-hafiz-babalinin-saxlanildigi-bildirilir\/#breadcrumb","itemListElement":[{"@type":"ListItem","position":1,"name":"Ana s\u0259hif\u0259","item":"https:\/\/www.meydan.tv\/az\/"},{"@type":"ListItem","position":2,"name":"Siyas\u0259t","item":"https:\/\/www.meydan.tv\/az\/section\/siyaset\/"},{"@type":"ListItem","position":3,"name":"\u201cAbzasMedia i\u015fi\u201d: Ara\u015fd\u0131rma\u00e7\u0131 jurnalist Hafiz Babal\u0131n\u0131n saxlan\u0131ld\u0131\u011f\u0131 bildirilir (yenil\u0259nib)"}]},{"@type":"WebSite","@id":"https:\/\/www.meydan.tv\/az\/#website","url":"https:\/\/www.meydan.tv\/az\/","name":"MEYDAN.TV","description":"Meydan TV Az\u0259rbaycan\u0131n media m\u0259kan\u0131ndak\u0131 alternativ s\u0259sidir","publisher":{"@id":"https:\/\/www.meydan.tv\/az\/#organization"},"potentialAction":[{"@type":"SearchAction","target":{"@type":"EntryPoint","urlTemplate":"https:\/\/www.meydan.tv\/az\/?s={search_term_string}"},"query-input":{"@type":"PropertyValueSpecification","valueRequired":true,"valueName":"search_term_string"}}],"inLanguage":"az"},{"@type":"Organization","@id":"https:\/\/www.meydan.tv\/az\/#organization","name":"Meydan TV","url":"https:\/\/www.meydan.tv\/az\/","logo":{"@type":"ImageObject","inLanguage":"az","@id":"https:\/\/www.meydan.tv\/az\/#\/schema\/logo\/image\/","url":"https:\/\/www.meydan.tv\/wp-content\/uploads\/2021\/07\/meydan-logo.svg","contentUrl":"https:\/\/www.meydan.tv\/wp-content\/uploads\/2021\/07\/meydan-logo.svg","width":195,"height":46,"caption":"Meydan TV"},"image":{"@id":"https:\/\/www.meydan.tv\/az\/#\/schema\/logo\/image\/"}},{"@type":"Person","@id":"https:\/\/www.meydan.tv\/az\/#\/schema\/person\/9cdbecf90d17180ce1dfbd95b08dcf47","name":"elli","sameAs":["https:\/\/x.com\/elli"]}]}},"_links":{"self":[{"href":"https:\/\/www.meydan.tv\/az\/wp-json\/wp\/v2\/posts\/292815","targetHints":{"allow":["GET"]}}],"collection":[{"href":"https:\/\/www.meydan.tv\/az\/wp-json\/wp\/v2\/posts"}],"about":[{"href":"https:\/\/www.meydan.tv\/az\/wp-json\/wp\/v2\/types\/post"}],"author":[{"embeddable":true,"href":"https:\/\/www.meydan.tv\/az\/wp-json\/wp\/v2\/users\/8"}],"replies":[{"embeddable":true,"href":"https:\/\/www.meydan.tv\/az\/wp-json\/wp\/v2\/comments?post=292815"}],"version-history":[{"count":4,"href":"https:\/\/www.meydan.tv\/az\/wp-json\/wp\/v2\/posts\/292815\/revisions"}],"predecessor-version":[{"id":292831,"href":"https:\/\/www.meydan.tv\/az\/wp-json\/wp\/v2\/posts\/292815\/revisions\/292831"}],"wp:featuredmedia":[{"embeddable":true,"href":"https:\/\/www.meydan.tv\/az\/wp-json\/wp\/v2\/media\/292812"}],"wp:attachment":[{"href":"https:\/\/www.meydan.tv\/az\/wp-json\/wp\/v2\/media?parent=292815"}],"wp:term":[{"taxonomy":"category","embeddable":true,"href":"https:\/\/www.meydan.tv\/az\/wp-json\/wp\/v2\/categories?post=292815"},{"taxonomy":"post_tag","embeddable":true,"href":"https:\/\/www.meydan.tv\/az\/wp-json\/wp\/v2\/tags?post=292815"}],"curies":[{"name":"wp","href":"https:\/\/api.w.org\/{rel}","templated":true}]}}