{"id":292791,"date":"2023-12-13T16:21:09","date_gmt":"2023-12-13T12:21:09","guid":{"rendered":"https:\/\/www.meydan.tv\/?p=292791"},"modified":"2023-12-13T16:21:13","modified_gmt":"2023-12-13T12:21:13","slug":"fransiz-yazici-zorlamada-ittiham-olunur","status":"publish","type":"post","link":"https:\/\/www.meydan.tv\/az\/article\/fransiz-yazici-zorlamada-ittiham-olunur\/","title":{"rendered":"Frans\u0131z yaz\u0131\u00e7\u0131 zorlamada ittiham olunur"},"content":{"rendered":"\n<p><\/p>\n\n\n\n<p><strong><em>G\u0259nc bir qad\u0131n Frederik Beqbederd\u0259n polis\u0259 \u015fikay\u0259t edib<\/em><\/strong><\/p>\n\n\n\n<p>Fransa polisinin yaz\u0131\u00e7\u0131 Frederik Beqbeder\u0259 qar\u015f\u0131 zorlama ittiham\u0131 il\u0259 ilkin istintaqa ba\u015flad\u0131\u011f\u0131 bildirilir.<\/p>\n\n\n\n<p>\u201cFrance Bleu\u201dnun m\u0259lumat\u0131na g\u00f6r\u0259, dekabr\u0131n 12-d\u0259 s\u0259h\u0259r saat 9 rad\u0259l\u0259rind\u0259 58 ya\u015fl\u0131 yaz\u0131\u00e7\u0131 Pau \u015f\u0259h\u0259rinin polis b\u00f6lm\u0259sin\u0259 dindirilm\u0259k \u00fc\u00e7\u00fcn \u00e7a\u011f\u0131r\u0131l\u0131b v\u0259 bir ne\u00e7\u0259 saat <a href=\"https:\/\/www.francebleu.fr\/infos\/faits-divers-justice\/frederic-beigbeder-convoque-et-place-en-garde-a-vue-au-commissariat-de-pau-7136760\">saxlan\u0131l\u0131b.<\/a><\/p>\n\n\n\n<p>\u201cFrance Info\u201d radiosunun m\u0259lumat\u0131na g\u00f6r\u0259, 2023-c\u00fc ilin iyulunda g\u0259nc bir qad\u0131n Beqbeder\u0259 qar\u015f\u0131 polis\u0259 \u015fikay\u0259t edib.<\/p>\n\n\n\n<p>Qad\u0131n\u0131n ad\u0131 <a href=\"https:\/\/www.francetvinfo.fr\/societe\/harcelement-sexuel\/frederic-beigbeder-place-en-garde-a-vue-dans-le-cadre-d-une-enquete-preliminaire-diligentee-pour-viol_6238734.html\">a\u00e7\u0131qlanmay\u0131b.<\/a><\/p>\n\n\n\n<p>Beqbeder s\u0259kkiz saat h\u0259bsd\u0259 qal\u0131b v\u0259 ax\u015fam saatlar\u0131nda s\u0259rb\u0259st burax\u0131l\u0131b.<\/p>\n\n\n\n<p>Cinay\u0259t i\u015fl\u0259rin\u0259 n\u0259zar\u0259t ed\u0259n \u015f\u0259h\u0259r prokuroru Rodolf Jarry olay\u0131 t\u0259sdiql\u0259yib, lakin \u0259lav\u0259 \u015f\u0259rh verm\u0259kd\u0259n imtina edib.<\/p>\n\n\n\n<p>Prokuror bildirib ki, yaz\u0131\u00e7\u0131 ona qar\u015f\u0131 ir\u0259li s\u00fcr\u00fcl\u0259n ittihamlar\u0131, faktlar\u0131 m\u00fcbahis\u0259l\u0259ndirib.<\/p>\n\n\n\n<p>\u0130btidai istintaq davam edir.<\/p>\n\n\n\n<p>Frederik Beqbeder \u201cKomadak\u0131 t\u0259til\u201d (1995), \u201cM\u0259h\u0259bb\u0259t \u00fc\u00e7 il ya\u015fay\u0131r\u201d (1997), \u201cEkstaz haqq\u0131nda hekay\u0259l\u0259r\u201d (1999), \u201c99 frank\u201d (2000) romanlar\u0131n\u0131n m\u00fc\u0259llifidir.<\/p>\n\n\n\n<p>2009-cu ild\u0259 yaz\u0131\u00e7\u0131 avtobioqrafik \u201cFrans\u0131z roman\u0131\u201d na g\u00f6r\u0259 Fransan\u0131n \u201cRenaudo\u201d M\u00fckafat\u0131na layiq g\u00f6r\u00fcl\u00fcb.<\/p>\n","protected":false},"excerpt":{"rendered":"<p>G\u0259nc bir qad\u0131n Frederik Beqbederd\u0259n polis\u0259 \u015fikay\u0259t edib Fransa polisinin &#8230; <\/p>\n<p class=\"read-more-container\"><a title=\"Frans\u0131z yaz\u0131\u00e7\u0131 zorlamada ittiham olunur\" class=\"read-more button\" href=\"https:\/\/www.meydan.tv\/az\/article\/fransiz-yazici-zorlamada-ittiham-olunur\/#more-292791\" aria-label=\"Read more about Frans\u0131z yaz\u0131\u00e7\u0131 zorlamada ittiham olunur\">Davam\u0131<\/a><\/p>\n","protected":false},"author":8,"featured_media":292792,"comment_status":"closed","ping_status":"closed","sticky":false,"template":"","format":"standard","meta":{"_acf_changed":false,"_sitemap_exclude":false,"_sitemap_priority":"","_sitemap_frequency":"","footnotes":""},"categories":[52,56],"tags":[],"class_list":["post-292791","post","type-post","status-publish","format-standard","has-post-thumbnail","hentry","category-medeniyyet","category-xeberler","infinite-scroll-item","generate-columns","tablet-grid-50","mobile-grid-100","grid-parent","grid-33","no-featured-image-padding"],"acf":[],"yoast_head":"<!-- This site is optimized with the Yoast SEO plugin v27.4 - https:\/\/yoast.com\/product\/yoast-seo-wordpress\/ -->\n<title>Frans\u0131z yaz\u0131\u00e7\u0131 zorlamada ittiham olunur - MEYDAN.TV<\/title>\n<meta name=\"robots\" content=\"index, follow, max-snippet:-1, max-image-preview:large, max-video-preview:-1\" \/>\n<link rel=\"canonical\" href=\"https:\/\/www.meydan.tv\/az\/article\/fransiz-yazici-zorlamada-ittiham-olunur\/\" \/>\n<meta property=\"og:locale\" content=\"az_AZ\" \/>\n<meta property=\"og:type\" content=\"article\" \/>\n<meta property=\"og:title\" content=\"Frans\u0131z yaz\u0131\u00e7\u0131 zorlamada ittiham olunur - MEYDAN.TV\" \/>\n<meta property=\"og:description\" content=\"G\u0259nc bir qad\u0131n Frederik Beqbederd\u0259n polis\u0259 \u015fikay\u0259t edib Fransa polisinin ... Davam\u0131\" \/>\n<meta property=\"og:url\" content=\"https:\/\/www.meydan.tv\/az\/article\/fransiz-yazici-zorlamada-ittiham-olunur\/\" \/>\n<meta property=\"og:site_name\" content=\"MEYDAN.TV\" \/>\n<meta property=\"article:published_time\" content=\"2023-12-13T12:21:09+00:00\" \/>\n<meta property=\"article:modified_time\" content=\"2023-12-13T12:21:13+00:00\" \/>\n<meta property=\"og:image\" content=\"https:\/\/www.meydan.tv\/wp-content\/uploads\/2-8-e1702469842891.jpg\" \/>\n\t<meta property=\"og:image:width\" content=\"1200\" \/>\n\t<meta property=\"og:image:height\" content=\"570\" \/>\n\t<meta property=\"og:image:type\" content=\"image\/jpeg\" \/>\n<meta name=\"author\" content=\"elli\" \/>\n<meta name=\"twitter:card\" content=\"summary_large_image\" \/>\n<meta name=\"twitter:creator\" content=\"@elli\" \/>\n<script type=\"application\/ld+json\" class=\"yoast-schema-graph\">{\"@context\":\"https:\\\/\\\/schema.org\",\"@graph\":[{\"@type\":\"Article\",\"@id\":\"https:\\\/\\\/www.meydan.tv\\\/az\\\/article\\\/fransiz-yazici-zorlamada-ittiham-olunur\\\/#article\",\"isPartOf\":{\"@id\":\"https:\\\/\\\/www.meydan.tv\\\/az\\\/article\\\/fransiz-yazici-zorlamada-ittiham-olunur\\\/\"},\"author\":{\"name\":\"elli\",\"@id\":\"https:\\\/\\\/www.meydan.tv\\\/az\\\/#\\\/schema\\\/person\\\/9cdbecf90d17180ce1dfbd95b08dcf47\"},\"headline\":\"Frans\u0131z yaz\u0131\u00e7\u0131 zorlamada ittiham olunur\",\"datePublished\":\"2023-12-13T12:21:09+00:00\",\"dateModified\":\"2023-12-13T12:21:13+00:00\",\"mainEntityOfPage\":{\"@id\":\"https:\\\/\\\/www.meydan.tv\\\/az\\\/article\\\/fransiz-yazici-zorlamada-ittiham-olunur\\\/\"},\"wordCount\":217,\"publisher\":{\"@id\":\"https:\\\/\\\/www.meydan.tv\\\/az\\\/#organization\"},\"image\":{\"@id\":\"https:\\\/\\\/www.meydan.tv\\\/az\\\/article\\\/fransiz-yazici-zorlamada-ittiham-olunur\\\/#primaryimage\"},\"thumbnailUrl\":\"https:\\\/\\\/www.meydan.tv\\\/wp-content\\\/uploads\\\/2-8-e1702469842891.jpg\",\"articleSection\":[\"M\u0259d\u0259niyy\u0259t\",\"X\u0259b\u0259rl\u0259r\"],\"inLanguage\":\"az\"},{\"@type\":\"WebPage\",\"@id\":\"https:\\\/\\\/www.meydan.tv\\\/az\\\/article\\\/fransiz-yazici-zorlamada-ittiham-olunur\\\/\",\"url\":\"https:\\\/\\\/www.meydan.tv\\\/az\\\/article\\\/fransiz-yazici-zorlamada-ittiham-olunur\\\/\",\"name\":\"Frans\u0131z yaz\u0131\u00e7\u0131 zorlamada ittiham olunur - MEYDAN.TV\",\"isPartOf\":{\"@id\":\"https:\\\/\\\/www.meydan.tv\\\/az\\\/#website\"},\"primaryImageOfPage\":{\"@id\":\"https:\\\/\\\/www.meydan.tv\\\/az\\\/article\\\/fransiz-yazici-zorlamada-ittiham-olunur\\\/#primaryimage\"},\"image\":{\"@id\":\"https:\\\/\\\/www.meydan.tv\\\/az\\\/article\\\/fransiz-yazici-zorlamada-ittiham-olunur\\\/#primaryimage\"},\"thumbnailUrl\":\"https:\\\/\\\/www.meydan.tv\\\/wp-content\\\/uploads\\\/2-8-e1702469842891.jpg\",\"datePublished\":\"2023-12-13T12:21:09+00:00\",\"dateModified\":\"2023-12-13T12:21:13+00:00\",\"breadcrumb\":{\"@id\":\"https:\\\/\\\/www.meydan.tv\\\/az\\\/article\\\/fransiz-yazici-zorlamada-ittiham-olunur\\\/#breadcrumb\"},\"inLanguage\":\"az\",\"potentialAction\":[{\"@type\":\"ReadAction\",\"target\":[\"https:\\\/\\\/www.meydan.tv\\\/az\\\/article\\\/fransiz-yazici-zorlamada-ittiham-olunur\\\/\"]}]},{\"@type\":\"ImageObject\",\"inLanguage\":\"az\",\"@id\":\"https:\\\/\\\/www.meydan.tv\\\/az\\\/article\\\/fransiz-yazici-zorlamada-ittiham-olunur\\\/#primaryimage\",\"url\":\"https:\\\/\\\/www.meydan.tv\\\/wp-content\\\/uploads\\\/2-8-e1702469842891.jpg\",\"contentUrl\":\"https:\\\/\\\/www.meydan.tv\\\/wp-content\\\/uploads\\\/2-8-e1702469842891.jpg\",\"width\":1200,\"height\":570,\"caption\":\"Frederik Beqbeder. Foto: Wiki\"},{\"@type\":\"BreadcrumbList\",\"@id\":\"https:\\\/\\\/www.meydan.tv\\\/az\\\/article\\\/fransiz-yazici-zorlamada-ittiham-olunur\\\/#breadcrumb\",\"itemListElement\":[{\"@type\":\"ListItem\",\"position\":1,\"name\":\"Ana s\u0259hif\u0259\",\"item\":\"https:\\\/\\\/www.meydan.tv\\\/az\\\/\"},{\"@type\":\"ListItem\",\"position\":2,\"name\":\"M\u0259d\u0259niyy\u0259t\",\"item\":\"https:\\\/\\\/www.meydan.tv\\\/az\\\/section\\\/medeniyyet\\\/\"},{\"@type\":\"ListItem\",\"position\":3,\"name\":\"Frans\u0131z yaz\u0131\u00e7\u0131 zorlamada ittiham olunur\"}]},{\"@type\":\"WebSite\",\"@id\":\"https:\\\/\\\/www.meydan.tv\\\/az\\\/#website\",\"url\":\"https:\\\/\\\/www.meydan.tv\\\/az\\\/\",\"name\":\"MEYDAN.TV\",\"description\":\"Meydan TV Az\u0259rbaycan\u0131n media m\u0259kan\u0131ndak\u0131 alternativ s\u0259sidir\",\"publisher\":{\"@id\":\"https:\\\/\\\/www.meydan.tv\\\/az\\\/#organization\"},\"potentialAction\":[{\"@type\":\"SearchAction\",\"target\":{\"@type\":\"EntryPoint\",\"urlTemplate\":\"https:\\\/\\\/www.meydan.tv\\\/az\\\/?s={search_term_string}\"},\"query-input\":{\"@type\":\"PropertyValueSpecification\",\"valueRequired\":true,\"valueName\":\"search_term_string\"}}],\"inLanguage\":\"az\"},{\"@type\":\"Organization\",\"@id\":\"https:\\\/\\\/www.meydan.tv\\\/az\\\/#organization\",\"name\":\"Meydan TV\",\"url\":\"https:\\\/\\\/www.meydan.tv\\\/az\\\/\",\"logo\":{\"@type\":\"ImageObject\",\"inLanguage\":\"az\",\"@id\":\"https:\\\/\\\/www.meydan.tv\\\/az\\\/#\\\/schema\\\/logo\\\/image\\\/\",\"url\":\"https:\\\/\\\/www.meydan.tv\\\/wp-content\\\/uploads\\\/2021\\\/07\\\/meydan-logo.svg\",\"contentUrl\":\"https:\\\/\\\/www.meydan.tv\\\/wp-content\\\/uploads\\\/2021\\\/07\\\/meydan-logo.svg\",\"width\":195,\"height\":46,\"caption\":\"Meydan TV\"},\"image\":{\"@id\":\"https:\\\/\\\/www.meydan.tv\\\/az\\\/#\\\/schema\\\/logo\\\/image\\\/\"}},{\"@type\":\"Person\",\"@id\":\"https:\\\/\\\/www.meydan.tv\\\/az\\\/#\\\/schema\\\/person\\\/9cdbecf90d17180ce1dfbd95b08dcf47\",\"name\":\"elli\",\"sameAs\":[\"https:\\\/\\\/x.com\\\/elli\"]}]}<\/script>\n<!-- \/ Yoast SEO plugin. -->","yoast_head_json":{"title":"Frans\u0131z yaz\u0131\u00e7\u0131 zorlamada ittiham olunur - MEYDAN.TV","robots":{"index":"index","follow":"follow","max-snippet":"max-snippet:-1","max-image-preview":"max-image-preview:large","max-video-preview":"max-video-preview:-1"},"canonical":"https:\/\/www.meydan.tv\/az\/article\/fransiz-yazici-zorlamada-ittiham-olunur\/","og_locale":"az_AZ","og_type":"article","og_title":"Frans\u0131z yaz\u0131\u00e7\u0131 zorlamada ittiham olunur - MEYDAN.TV","og_description":"G\u0259nc bir qad\u0131n Frederik Beqbederd\u0259n polis\u0259 \u015fikay\u0259t edib Fransa polisinin ... Davam\u0131","og_url":"https:\/\/www.meydan.tv\/az\/article\/fransiz-yazici-zorlamada-ittiham-olunur\/","og_site_name":"MEYDAN.TV","article_published_time":"2023-12-13T12:21:09+00:00","article_modified_time":"2023-12-13T12:21:13+00:00","og_image":[{"width":1200,"height":570,"url":"https:\/\/www.meydan.tv\/wp-content\/uploads\/2-8-e1702469842891.jpg","type":"image\/jpeg"}],"author":"elli","twitter_card":"summary_large_image","twitter_creator":"@elli","schema":{"@context":"https:\/\/schema.org","@graph":[{"@type":"Article","@id":"https:\/\/www.meydan.tv\/az\/article\/fransiz-yazici-zorlamada-ittiham-olunur\/#article","isPartOf":{"@id":"https:\/\/www.meydan.tv\/az\/article\/fransiz-yazici-zorlamada-ittiham-olunur\/"},"author":{"name":"elli","@id":"https:\/\/www.meydan.tv\/az\/#\/schema\/person\/9cdbecf90d17180ce1dfbd95b08dcf47"},"headline":"Frans\u0131z yaz\u0131\u00e7\u0131 zorlamada ittiham olunur","datePublished":"2023-12-13T12:21:09+00:00","dateModified":"2023-12-13T12:21:13+00:00","mainEntityOfPage":{"@id":"https:\/\/www.meydan.tv\/az\/article\/fransiz-yazici-zorlamada-ittiham-olunur\/"},"wordCount":217,"publisher":{"@id":"https:\/\/www.meydan.tv\/az\/#organization"},"image":{"@id":"https:\/\/www.meydan.tv\/az\/article\/fransiz-yazici-zorlamada-ittiham-olunur\/#primaryimage"},"thumbnailUrl":"https:\/\/www.meydan.tv\/wp-content\/uploads\/2-8-e1702469842891.jpg","articleSection":["M\u0259d\u0259niyy\u0259t","X\u0259b\u0259rl\u0259r"],"inLanguage":"az"},{"@type":"WebPage","@id":"https:\/\/www.meydan.tv\/az\/article\/fransiz-yazici-zorlamada-ittiham-olunur\/","url":"https:\/\/www.meydan.tv\/az\/article\/fransiz-yazici-zorlamada-ittiham-olunur\/","name":"Frans\u0131z yaz\u0131\u00e7\u0131 zorlamada ittiham olunur - MEYDAN.TV","isPartOf":{"@id":"https:\/\/www.meydan.tv\/az\/#website"},"primaryImageOfPage":{"@id":"https:\/\/www.meydan.tv\/az\/article\/fransiz-yazici-zorlamada-ittiham-olunur\/#primaryimage"},"image":{"@id":"https:\/\/www.meydan.tv\/az\/article\/fransiz-yazici-zorlamada-ittiham-olunur\/#primaryimage"},"thumbnailUrl":"https:\/\/www.meydan.tv\/wp-content\/uploads\/2-8-e1702469842891.jpg","datePublished":"2023-12-13T12:21:09+00:00","dateModified":"2023-12-13T12:21:13+00:00","breadcrumb":{"@id":"https:\/\/www.meydan.tv\/az\/article\/fransiz-yazici-zorlamada-ittiham-olunur\/#breadcrumb"},"inLanguage":"az","potentialAction":[{"@type":"ReadAction","target":["https:\/\/www.meydan.tv\/az\/article\/fransiz-yazici-zorlamada-ittiham-olunur\/"]}]},{"@type":"ImageObject","inLanguage":"az","@id":"https:\/\/www.meydan.tv\/az\/article\/fransiz-yazici-zorlamada-ittiham-olunur\/#primaryimage","url":"https:\/\/www.meydan.tv\/wp-content\/uploads\/2-8-e1702469842891.jpg","contentUrl":"https:\/\/www.meydan.tv\/wp-content\/uploads\/2-8-e1702469842891.jpg","width":1200,"height":570,"caption":"Frederik Beqbeder. Foto: Wiki"},{"@type":"BreadcrumbList","@id":"https:\/\/www.meydan.tv\/az\/article\/fransiz-yazici-zorlamada-ittiham-olunur\/#breadcrumb","itemListElement":[{"@type":"ListItem","position":1,"name":"Ana s\u0259hif\u0259","item":"https:\/\/www.meydan.tv\/az\/"},{"@type":"ListItem","position":2,"name":"M\u0259d\u0259niyy\u0259t","item":"https:\/\/www.meydan.tv\/az\/section\/medeniyyet\/"},{"@type":"ListItem","position":3,"name":"Frans\u0131z yaz\u0131\u00e7\u0131 zorlamada ittiham olunur"}]},{"@type":"WebSite","@id":"https:\/\/www.meydan.tv\/az\/#website","url":"https:\/\/www.meydan.tv\/az\/","name":"MEYDAN.TV","description":"Meydan TV Az\u0259rbaycan\u0131n media m\u0259kan\u0131ndak\u0131 alternativ s\u0259sidir","publisher":{"@id":"https:\/\/www.meydan.tv\/az\/#organization"},"potentialAction":[{"@type":"SearchAction","target":{"@type":"EntryPoint","urlTemplate":"https:\/\/www.meydan.tv\/az\/?s={search_term_string}"},"query-input":{"@type":"PropertyValueSpecification","valueRequired":true,"valueName":"search_term_string"}}],"inLanguage":"az"},{"@type":"Organization","@id":"https:\/\/www.meydan.tv\/az\/#organization","name":"Meydan TV","url":"https:\/\/www.meydan.tv\/az\/","logo":{"@type":"ImageObject","inLanguage":"az","@id":"https:\/\/www.meydan.tv\/az\/#\/schema\/logo\/image\/","url":"https:\/\/www.meydan.tv\/wp-content\/uploads\/2021\/07\/meydan-logo.svg","contentUrl":"https:\/\/www.meydan.tv\/wp-content\/uploads\/2021\/07\/meydan-logo.svg","width":195,"height":46,"caption":"Meydan TV"},"image":{"@id":"https:\/\/www.meydan.tv\/az\/#\/schema\/logo\/image\/"}},{"@type":"Person","@id":"https:\/\/www.meydan.tv\/az\/#\/schema\/person\/9cdbecf90d17180ce1dfbd95b08dcf47","name":"elli","sameAs":["https:\/\/x.com\/elli"]}]}},"_links":{"self":[{"href":"https:\/\/www.meydan.tv\/az\/wp-json\/wp\/v2\/posts\/292791","targetHints":{"allow":["GET"]}}],"collection":[{"href":"https:\/\/www.meydan.tv\/az\/wp-json\/wp\/v2\/posts"}],"about":[{"href":"https:\/\/www.meydan.tv\/az\/wp-json\/wp\/v2\/types\/post"}],"author":[{"embeddable":true,"href":"https:\/\/www.meydan.tv\/az\/wp-json\/wp\/v2\/users\/8"}],"replies":[{"embeddable":true,"href":"https:\/\/www.meydan.tv\/az\/wp-json\/wp\/v2\/comments?post=292791"}],"version-history":[{"count":3,"href":"https:\/\/www.meydan.tv\/az\/wp-json\/wp\/v2\/posts\/292791\/revisions"}],"predecessor-version":[{"id":292799,"href":"https:\/\/www.meydan.tv\/az\/wp-json\/wp\/v2\/posts\/292791\/revisions\/292799"}],"wp:featuredmedia":[{"embeddable":true,"href":"https:\/\/www.meydan.tv\/az\/wp-json\/wp\/v2\/media\/292792"}],"wp:attachment":[{"href":"https:\/\/www.meydan.tv\/az\/wp-json\/wp\/v2\/media?parent=292791"}],"wp:term":[{"taxonomy":"category","embeddable":true,"href":"https:\/\/www.meydan.tv\/az\/wp-json\/wp\/v2\/categories?post=292791"},{"taxonomy":"post_tag","embeddable":true,"href":"https:\/\/www.meydan.tv\/az\/wp-json\/wp\/v2\/tags?post=292791"}],"curies":[{"name":"wp","href":"https:\/\/api.w.org\/{rel}","templated":true}]}}