{"id":292775,"date":"2023-12-13T16:03:42","date_gmt":"2023-12-13T12:03:42","guid":{"rendered":"https:\/\/www.meydan.tv\/?p=292775"},"modified":"2023-12-13T16:03:46","modified_gmt":"2023-12-13T12:03:46","slug":"baki-infrastrukturu-cop29-sammitine-hazirdirmi","status":"publish","type":"post","link":"https:\/\/www.meydan.tv\/az\/article\/baki-infrastrukturu-cop29-sammitine-hazirdirmi\/","title":{"rendered":"Bak\u0131 infrastrukturu \u201cCOP29\u201d sammitin\u0259 haz\u0131rd\u0131rm\u0131?"},"content":{"rendered":"\n<p><\/p>\n\n\n\n<p><strong><em>\u201c\u018fn \u00e7ox da otel v\u0259 hava liman\u0131 bax\u0131m\u0131ndan asan olmayaca\u011f\u0131 b\u0259llidir\u201d<\/em><\/strong><\/p>\n\n\n\n<p>\u201cBMT-nin \u0130qlim D\u0259yi\u015fikliyi \u00fczr\u0259 \u00c7\u0259r\u00e7iv\u0259 Konvensiyas\u0131\u201d \u2013 \u201cCOP29\u201d-un 2024-c\u00fc ild\u0259 Bak\u0131da ke\u00e7iril\u0259c\u0259yi art\u0131q t\u0259sdiql\u0259nib.<\/p>\n\n\n\n<p>Bu, \u00e7ox b\u00f6y\u00fck t\u0259dbirdir. M\u0259s\u0259l\u0259n, B\u018f\u018f-d\u0259 ke\u00e7iril\u0259n \u201cCOP28\u201d sammitind\u0259 90 mind\u0259n \u00e7ox n\u00fcmay\u0259nd\u0259 i\u015ftirak edib.<\/p>\n\n\n\n<p>\u0130qtisadi analizl\u0259r yayan \u201cTelegram\u201d kanal\u0131 \u201c\u00c7\u0259p\u0259ki\u201d d\u0259 qeyd edir ki, bu, Az\u0259rbaycan\u0131n m\u00fcst\u0259qillik d\u00f6vr\u00fcnd\u0259 ev sahibliyi ed\u0259c\u0259yi \u0259n b\u00f6y\u00fck t\u0259dbir ola bil\u0259r.<\/p>\n\n\n<div class=\"wp-block-image\">\n<figure class=\"aligncenter size-full\"><img decoding=\"async\" data-src=\"https:\/\/www.meydan.tv\/wp-content\/uploads\/wlur2p4w7jiodmnoqilfvzapaa.jpg\" alt=\"\" class=\"wp-image-292586 lazyload\" src=\"data:image\/svg+xml;base64,PHN2ZyB3aWR0aD0iMSIgaGVpZ2h0PSIxIiB4bWxucz0iaHR0cDovL3d3dy53My5vcmcvMjAwMC9zdmciPjwvc3ZnPg==\" style=\"--smush-placeholder-width: 1200px; --smush-placeholder-aspect-ratio: 1200\/800;\" \/><figcaption class=\"wp-element-caption\">\u201cCOP29\u201d. Foto: Reuters<\/figcaption><\/figure>\n<\/div>\n\n\n<p>Daha \u00f6nc\u0259 Az\u0259rbaycan \u201cEurovision\u201d, Avropa Olimpiya Oyunlar\u0131, \u0130slam Oyunlar\u0131na da ev sahibliyi edib.<\/p>\n\n\n\n<p><em>\u201cM\u0259s\u0259l\u0259n, Dubayda ke\u00e7iril\u0259n t\u0259dbir\u0259 d\u00fcnyan\u0131n 100-d\u0259n \u00e7ox \u00f6lk\u0259sind\u0259n 80 min insan qat\u0131l\u0131b. Texniki i\u015f\u00e7il\u0259rl\u0259 birg\u0259 t\u0259dbir i\u015ftirak\u00e7\u0131lar\u0131n\u0131n say\u0131 100 mini \u00f6t\u00fcb. Ondan \u00f6nc\u0259, 2022-ci ild\u0259 Misird\u0259 ke\u00e7iril\u0259n t\u0259dbird\u0259 50 min qonaq i\u015ftirak edib. Y\u0259ni, \u201cCOP29\u201d-la ba\u011fl\u0131 Bak\u0131ya onminl\u0259rl\u0259 insan\u0131n g\u0259li\u015fi g\u00f6zl\u0259nilir, eyni zamanda, onlarla \u00f6lk\u0259nin d\u00f6vl\u0259t v\u0259 h\u00f6kum\u0259t ba\u015f\u00e7\u0131lar\u0131\u201d.<\/em><\/p>\n\n\n\n<p><strong>B\u0259s Bak\u0131 buna haz\u0131rd\u0131rm\u0131?<\/strong><\/p>\n\n\n\n<p>\u201c\u00c7\u0259p\u0259ki\u201d yaz\u0131r ki, Bak\u0131dak\u0131 m\u00f6vcud infrastukturu ciddi s\u0131naq g\u00f6zl\u0259yir. \u018fn \u00e7ox da otel v\u0259 hava liman\u0131 bax\u0131m\u0131ndan asan olmayaca\u011f\u0131 b\u0259llidir.<\/p>\n\n\n\n<p>M\u0259s\u0259l\u0259n, D\u00f6vl\u0259t Statistika Komit\u0259sinin (DSK) 2023-c\u00fc ilin \u0259vv\u0259lind\u0259 a\u00e7\u0131qlad\u0131\u011f\u0131 g\u00f6st\u0259riciy\u0259 <a href=\"https:\/\/www.stat.gov.az\/news\/index.php?lang=az&amp;id=4798\">g\u00f6r\u0259,<\/a>\u00a0 Bak\u0131dak\u0131 b\u00fct\u00fcn otell\u0259rin bird\u0259f\u0259lik tutumu 24 min\u0259 b\u0259rab\u0259rdir. B\u00fct\u00fcn Az\u0259rbaycandak\u0131 otell\u0259rin bird\u0259f\u0259lik tutumu is\u0259 56 mindir.<\/p>\n\n\n\n<p><em>\u201cY\u0259ni, r\u0259smi r\u0259q\u0259ml\u0259rd\u0259n g\u00f6r\u00fcn\u00fcr ki, \u201cCOP29\u201d \u00fc\u00e7\u00fcn Az\u0259rbaycana g\u0259lm\u0259si g\u00f6zl\u0259nil\u0259nl\u0259rin say\u0131 n\u0259inki Bak\u0131n\u0131n, b\u00fct\u00fcn \u00f6lk\u0259nin otell\u0259rinin bird\u0259f\u0259lik tutumundan \u00e7ox ola bil\u0259r. Y\u0259qin ki, h\u00f6kum\u0259t \u201cOlimpiya k\u0259ndi\u201dni d\u0259 istifad\u0259 ed\u0259c\u0259k, amma t\u0259k o kompleks kifay\u0259t ed\u0259c\u0259kmi, suald\u0131r\u201d, &#8211;<\/em> s\u0259hif\u0259 yaz\u0131r.<\/p>\n\n\n<div class=\"wp-block-image\">\n<figure class=\"aligncenter size-full\"><img decoding=\"async\" width=\"1108\" height=\"480\" data-src=\"https:\/\/www.meydan.tv\/wp-content\/uploads\/684432_521812.jpg\" alt=\"D\u00f6vl\u0259t Statistika Komit\u0259si\" class=\"wp-image-123079 lazyload\" src=\"data:image\/svg+xml;base64,PHN2ZyB3aWR0aD0iMSIgaGVpZ2h0PSIxIiB4bWxucz0iaHR0cDovL3d3dy53My5vcmcvMjAwMC9zdmciPjwvc3ZnPg==\" style=\"--smush-placeholder-width: 1108px; --smush-placeholder-aspect-ratio: 1108\/480;\" \/><figcaption class=\"wp-element-caption\">Foto: Meydan TV<\/figcaption><\/figure>\n<\/div>\n\n\n<p>Dig\u0259r m\u0259s\u0259l\u0259y\u0259 g\u0259linc\u0259, bu, hava liman\u0131n\u0131n bir ne\u00e7\u0259 g\u00fcn\u0259 bu q\u0259d\u0259r adam\u0131 q\u0259bul m\u0259s\u0259l\u0259sidir:<\/p>\n\n\n\n<p>\u201c<em>Xat\u0131rlay\u0131rs\u0131n\u0131zsa, Bak\u0131da ke\u00e7iril\u0259n Avroliqa final\u0131nda (\u00c7elsi-Arsenal) 70 minlik stadiondan xarici azarke\u015fl\u0259r\u0259 c\u0259mi 15 min bilet ayr\u0131lm\u0131\u015fd\u0131. UEFA bunu Bak\u0131 hava liman\u0131n\u0131n logistika imkanlar\u0131 il\u0259 \u0259laq\u0259l\u0259ndirmi\u015fdi. G\u00f6r\u00fcn\u0259n odur ki, Bak\u0131 bu t\u0259dbir\u0259 \u00f6z\u00fcnd\u0259n \u00f6nc\u0259ki \u015f\u0259h\u0259rl\u0259rd\u0259ki q\u0259d\u0259r qona\u011f\u0131 q\u0259bul ed\u0259r\u0259k ev sahibliyi etm\u0259k ist\u0259yirs\u0259, \u015f\u0259h\u0259rin logistika imkanlar\u0131 ciddi art\u0131r\u0131lmal\u0131d\u0131r.<\/em><\/p>\n\n\n\n<p><em>Dig\u0259r t\u0259r\u0259fd\u0259n, bir ne\u00e7\u0259 \u00f6lk\u0259nin i\u015ftirak etdiyi ki\u00e7ik t\u0259dbirl\u0259r olduqda bel\u0259 Bak\u0131da \u0259ks\u0259r \u0259sas yollar ba\u011flan\u0131rsa, \u201cCOP29\u201d d\u00f6vr\u00fcnd\u0259 yollarda olacaqlar\u0131 d\u00fc\u015f\u00fcn\u0259nd\u0259 adam\u0131n t\u00fckl\u0259ri biz-biz olur\u201d, <\/em>&#8211; \u201c\u00c7\u0259p\u0259ki\u201d yaz\u0131r.<\/p>\n\n\n\n<p>B\u00fct\u00fcn bunlara baxmayaraq, Az\u0259rbaycan\u0131n Xarici \u0130\u015fl\u0259r Nazirliyinin s\u00f6z\u00e7\u00fcs\u00fc Ayxan Hac\u0131zad\u0259 \u201cReuters\u201d\u0259<a href=\"https:\/\/www.reuters.com\/business\/environment\/azerbaijan-says-overall-consensus-baku-hosting-cop29-2023-12-09\/\"> bildirib<\/a> ki, Bak\u0131 t\u0259dbirin ke\u00e7irilm\u0259si \u00fc\u00e7\u00fcn yax\u015f\u0131 t\u0259chiz olunub.<\/p>\n\n\n<div class=\"wp-block-image\">\n<figure class=\"aligncenter size-full\"><img decoding=\"async\" width=\"923\" height=\"630\" data-src=\"https:\/\/www.meydan.tv\/wp-content\/uploads\/16743185206339931040_1200x630.jpg\" alt=\"\" class=\"wp-image-268568 lazyload\" src=\"data:image\/svg+xml;base64,PHN2ZyB3aWR0aD0iMSIgaGVpZ2h0PSIxIiB4bWxucz0iaHR0cDovL3d3dy53My5vcmcvMjAwMC9zdmciPjwvc3ZnPg==\" style=\"--smush-placeholder-width: 923px; --smush-placeholder-aspect-ratio: 923\/630;\" \/><figcaption class=\"wp-element-caption\">Ayxan Hac\u0131zad\u0259. Foto: &#8220;azertag.az&#8221;<\/figcaption><\/figure>\n<\/div>\n\n\n<p>\u201cCOP29\u201d-a kimin ev sahibliyi ed\u0259c\u0259yi il\u0259 ba\u011fl\u0131 q\u0259rar Rusiyan\u0131n h\u0259r hans\u0131 Avropa Birliyi \u00f6lk\u0259sinin t\u0259klifin\u0259 veto qoyaca\u011f\u0131na s\u00f6z verdikd\u0259n sonra dayand\u0131r\u0131l\u0131b. A\u0130 Moskvan\u0131n Ukraynaya m\u00fcdaxil\u0259sin\u0259 g\u00f6r\u0259 ona qar\u015f\u0131 sanksiyalar t\u0259tbiq edib. Moskva bu s\u0259b\u0259bl\u0259rd\u0259n veto q\u0259rar\u0131 verib. A\u0130 \u00fczv\u00fc olmayan Az\u0259rbaycan is\u0259 t\u0259dbir\u0259 ev sahibliyi etm\u0259k \u00fc\u00e7\u00fcn \u201cCOP28\u201d dan\u0131\u015f\u0131qlar\u0131nda i\u015ftirak ed\u0259n 200-\u0259 yax\u0131n \u00f6lk\u0259nin t\u0259sdiqin\u0259 ehtiyac duyub.<\/p>\n\n\n\n<p>El\u0259 buna g\u00f6r\u0259 Az\u0259rbaycan\u0131n Ekologiya naziri Muxtar Babayev dekabr\u0131n 9-da sammit bar\u0259sind\u0259ki \u00e7\u0131x\u0131\u015f\u0131nda h\u0259min \u00f6lk\u0259l\u0259r\u0259 g\u00f6st\u0259rdikl\u0259ri d\u0259st\u0259y\u0259 g\u00f6r\u0259 \u00e7ox minn\u0259tdarl\u0131q edib.<\/p>\n\n\n\n<p>Az\u0259rbaycan\u0131n t\u0259klifi haqq\u0131nda ilk m\u0259lumat yay\u0131landan beyn\u0259lxalq al\u0259md\u0259 qlobal iqlim dan\u0131\u015f\u0131qlar\u0131n\u0131n neft hasil ed\u0259n \u00f6lk\u0259d\u0259 ke\u00e7irilm\u0259si il\u0259 ba\u011fl\u0131 narahatl\u0131qlar ifad\u0259 olunub. N\u0259tic\u0259d\u0259, Az\u0259rbaycan neft v\u0259 qaz istehsal\u00e7\u0131s\u0131 v\u0259 OPEC+ \u00fczv\u00fcd\u00fcr.<\/p>\n\n\n\n<p>Ember enerji analitik m\u0259rk\u0259zinin \u0259m\u0259kda\u015f\u0131 Ri\u00e7ard Blek \u201cX\u201d sosial media platformas\u0131nda bel\u0259 yaz\u0131b:<\/p>\n\n\n\n<p><em>\u201c\u201cCOP28\u201d-d\u0259n g\u0259l\u0259n yol, dey\u0259s\u0259n, min il \u0259vv\u0259l Marko Polonun neftin alq\u0131-satq\u0131s\u0131n\u0131 s\u0259n\u0259dl\u0259\u015fdirdiyi d\u00fcnyan\u0131n ilk \u201cneft paytaxt\u0131\u201d olan Bak\u0131ya aparacaq\u201d.<\/em><\/p>\n\n\n\n<p>X\u0130N s\u00f6z\u00e7\u00fcs\u00fc Ayxan Hac\u0131zad\u0259 bu narahatl\u0131qlar\u0131 ba\u015fa d\u00fc\u015fd\u00fcy\u00fcn\u00fc bildirib. Deyib ki, Az\u0259rbaycan\u0131n k\u00fcl\u0259k v\u0259 g\u00fcn\u0259\u015f enerjisini \u0259hat\u0259 ed\u0259n enerji m\u0259nb\u0259l\u0259rini \u015fax\u0259l\u0259ndirm\u0259k planlar\u0131 var.<\/p>\n\n\n\n<p>Ke\u00e7\u0259n il Avropa Komissiyas\u0131 Rusiyadan uzaqla\u015fma strategiyas\u0131 \u00e7\u0259r\u00e7iv\u0259sind\u0259 Az\u0259rbaycanla t\u0259bii qaz\u0131n\u0131n idxal\u0131n\u0131 iki d\u0259f\u0259 art\u0131rmaq \u00fc\u00e7\u00fcn anla\u015fma memorandumu imzalay\u0131b.<\/p>\n","protected":false},"excerpt":{"rendered":"<p>\u201c\u018fn \u00e7ox da otel v\u0259 hava liman\u0131 bax\u0131m\u0131ndan asan olmayaca\u011f\u0131 &#8230; <\/p>\n<p class=\"read-more-container\"><a title=\"Bak\u0131 infrastrukturu \u201cCOP29\u201d sammitin\u0259 haz\u0131rd\u0131rm\u0131?\" class=\"read-more button\" href=\"https:\/\/www.meydan.tv\/az\/article\/baki-infrastrukturu-cop29-sammitine-hazirdirmi\/#more-292775\" aria-label=\"Read more about Bak\u0131 infrastrukturu \u201cCOP29\u201d sammitin\u0259 haz\u0131rd\u0131rm\u0131?\">Davam\u0131<\/a><\/p>\n","protected":false},"author":8,"featured_media":292777,"comment_status":"closed","ping_status":"closed","sticky":false,"template":"","format":"standard","meta":{"_acf_changed":false,"_sitemap_exclude":false,"_sitemap_priority":"","_sitemap_frequency":"","footnotes":""},"categories":[62,79,56],"tags":[],"class_list":["post-292775","post","type-post","status-publish","format-standard","has-post-thumbnail","hentry","category-sosial","category-featured","category-xeberler","infinite-scroll-item","generate-columns","tablet-grid-50","mobile-grid-100","grid-parent","grid-33","no-featured-image-padding"],"acf":[],"yoast_head":"<!-- This site is optimized with the Yoast SEO plugin v27.5 - https:\/\/yoast.com\/product\/yoast-seo-wordpress\/ -->\n<title>Bak\u0131 infrastrukturu \u201cCOP29\u201d sammitin\u0259 haz\u0131rd\u0131rm\u0131? - MEYDAN.TV<\/title>\n<meta name=\"robots\" content=\"index, follow, max-snippet:-1, max-image-preview:large, max-video-preview:-1\" \/>\n<link rel=\"canonical\" href=\"https:\/\/www.meydan.tv\/az\/article\/baki-infrastrukturu-cop29-sammitine-hazirdirmi\/\" \/>\n<meta property=\"og:locale\" content=\"az_AZ\" \/>\n<meta property=\"og:type\" content=\"article\" \/>\n<meta property=\"og:title\" content=\"Bak\u0131 infrastrukturu \u201cCOP29\u201d sammitin\u0259 haz\u0131rd\u0131rm\u0131? - MEYDAN.TV\" \/>\n<meta property=\"og:description\" content=\"\u201c\u018fn \u00e7ox da otel v\u0259 hava liman\u0131 bax\u0131m\u0131ndan asan olmayaca\u011f\u0131 ... Davam\u0131\" \/>\n<meta property=\"og:url\" content=\"https:\/\/www.meydan.tv\/az\/article\/baki-infrastrukturu-cop29-sammitine-hazirdirmi\/\" \/>\n<meta property=\"og:site_name\" content=\"MEYDAN.TV\" \/>\n<meta property=\"article:published_time\" content=\"2023-12-13T12:03:42+00:00\" \/>\n<meta property=\"article:modified_time\" content=\"2023-12-13T12:03:46+00:00\" \/>\n<meta property=\"og:image\" content=\"https:\/\/www.meydan.tv\/wp-content\/uploads\/410629172_6703256413118778_3511958350185242924_n.jpg\" \/>\n\t<meta property=\"og:image:width\" content=\"1500\" \/>\n\t<meta property=\"og:image:height\" content=\"844\" \/>\n\t<meta property=\"og:image:type\" content=\"image\/jpeg\" \/>\n<meta name=\"author\" content=\"elli\" \/>\n<meta name=\"twitter:card\" content=\"summary_large_image\" \/>\n<meta name=\"twitter:creator\" content=\"@elli\" \/>\n<script type=\"application\/ld+json\" class=\"yoast-schema-graph\">{\"@context\":\"https:\\\/\\\/schema.org\",\"@graph\":[{\"@type\":\"Article\",\"@id\":\"https:\\\/\\\/www.meydan.tv\\\/az\\\/article\\\/baki-infrastrukturu-cop29-sammitine-hazirdirmi\\\/#article\",\"isPartOf\":{\"@id\":\"https:\\\/\\\/www.meydan.tv\\\/az\\\/article\\\/baki-infrastrukturu-cop29-sammitine-hazirdirmi\\\/\"},\"author\":{\"name\":\"elli\",\"@id\":\"https:\\\/\\\/www.meydan.tv\\\/az\\\/#\\\/schema\\\/person\\\/9cdbecf90d17180ce1dfbd95b08dcf47\"},\"headline\":\"Bak\u0131 infrastrukturu \u201cCOP29\u201d sammitin\u0259 haz\u0131rd\u0131rm\u0131?\",\"datePublished\":\"2023-12-13T12:03:42+00:00\",\"dateModified\":\"2023-12-13T12:03:46+00:00\",\"mainEntityOfPage\":{\"@id\":\"https:\\\/\\\/www.meydan.tv\\\/az\\\/article\\\/baki-infrastrukturu-cop29-sammitine-hazirdirmi\\\/\"},\"wordCount\":897,\"publisher\":{\"@id\":\"https:\\\/\\\/www.meydan.tv\\\/az\\\/#organization\"},\"image\":{\"@id\":\"https:\\\/\\\/www.meydan.tv\\\/az\\\/article\\\/baki-infrastrukturu-cop29-sammitine-hazirdirmi\\\/#primaryimage\"},\"thumbnailUrl\":\"https:\\\/\\\/www.meydan.tv\\\/wp-content\\\/uploads\\\/410629172_6703256413118778_3511958350185242924_n.jpg\",\"articleSection\":[\"Sosial\",\"T\u00f6vsiy\u0259\",\"X\u0259b\u0259rl\u0259r\"],\"inLanguage\":\"az\"},{\"@type\":\"WebPage\",\"@id\":\"https:\\\/\\\/www.meydan.tv\\\/az\\\/article\\\/baki-infrastrukturu-cop29-sammitine-hazirdirmi\\\/\",\"url\":\"https:\\\/\\\/www.meydan.tv\\\/az\\\/article\\\/baki-infrastrukturu-cop29-sammitine-hazirdirmi\\\/\",\"name\":\"Bak\u0131 infrastrukturu \u201cCOP29\u201d sammitin\u0259 haz\u0131rd\u0131rm\u0131? - MEYDAN.TV\",\"isPartOf\":{\"@id\":\"https:\\\/\\\/www.meydan.tv\\\/az\\\/#website\"},\"primaryImageOfPage\":{\"@id\":\"https:\\\/\\\/www.meydan.tv\\\/az\\\/article\\\/baki-infrastrukturu-cop29-sammitine-hazirdirmi\\\/#primaryimage\"},\"image\":{\"@id\":\"https:\\\/\\\/www.meydan.tv\\\/az\\\/article\\\/baki-infrastrukturu-cop29-sammitine-hazirdirmi\\\/#primaryimage\"},\"thumbnailUrl\":\"https:\\\/\\\/www.meydan.tv\\\/wp-content\\\/uploads\\\/410629172_6703256413118778_3511958350185242924_n.jpg\",\"datePublished\":\"2023-12-13T12:03:42+00:00\",\"dateModified\":\"2023-12-13T12:03:46+00:00\",\"breadcrumb\":{\"@id\":\"https:\\\/\\\/www.meydan.tv\\\/az\\\/article\\\/baki-infrastrukturu-cop29-sammitine-hazirdirmi\\\/#breadcrumb\"},\"inLanguage\":\"az\",\"potentialAction\":[{\"@type\":\"ReadAction\",\"target\":[\"https:\\\/\\\/www.meydan.tv\\\/az\\\/article\\\/baki-infrastrukturu-cop29-sammitine-hazirdirmi\\\/\"]}]},{\"@type\":\"ImageObject\",\"inLanguage\":\"az\",\"@id\":\"https:\\\/\\\/www.meydan.tv\\\/az\\\/article\\\/baki-infrastrukturu-cop29-sammitine-hazirdirmi\\\/#primaryimage\",\"url\":\"https:\\\/\\\/www.meydan.tv\\\/wp-content\\\/uploads\\\/410629172_6703256413118778_3511958350185242924_n.jpg\",\"contentUrl\":\"https:\\\/\\\/www.meydan.tv\\\/wp-content\\\/uploads\\\/410629172_6703256413118778_3511958350185242924_n.jpg\",\"width\":1500,\"height\":844,\"caption\":\"Foto: sosial \u015f\u0259b\u0259k\u0259\"},{\"@type\":\"BreadcrumbList\",\"@id\":\"https:\\\/\\\/www.meydan.tv\\\/az\\\/article\\\/baki-infrastrukturu-cop29-sammitine-hazirdirmi\\\/#breadcrumb\",\"itemListElement\":[{\"@type\":\"ListItem\",\"position\":1,\"name\":\"Ana s\u0259hif\u0259\",\"item\":\"https:\\\/\\\/www.meydan.tv\\\/az\\\/\"},{\"@type\":\"ListItem\",\"position\":2,\"name\":\"Sosial\",\"item\":\"https:\\\/\\\/www.meydan.tv\\\/az\\\/section\\\/sosial\\\/\"},{\"@type\":\"ListItem\",\"position\":3,\"name\":\"Bak\u0131 infrastrukturu \u201cCOP29\u201d sammitin\u0259 haz\u0131rd\u0131rm\u0131?\"}]},{\"@type\":\"WebSite\",\"@id\":\"https:\\\/\\\/www.meydan.tv\\\/az\\\/#website\",\"url\":\"https:\\\/\\\/www.meydan.tv\\\/az\\\/\",\"name\":\"MEYDAN.TV\",\"description\":\"Meydan TV Az\u0259rbaycan\u0131n media m\u0259kan\u0131ndak\u0131 alternativ s\u0259sidir\",\"publisher\":{\"@id\":\"https:\\\/\\\/www.meydan.tv\\\/az\\\/#organization\"},\"potentialAction\":[{\"@type\":\"SearchAction\",\"target\":{\"@type\":\"EntryPoint\",\"urlTemplate\":\"https:\\\/\\\/www.meydan.tv\\\/az\\\/?s={search_term_string}\"},\"query-input\":{\"@type\":\"PropertyValueSpecification\",\"valueRequired\":true,\"valueName\":\"search_term_string\"}}],\"inLanguage\":\"az\"},{\"@type\":\"Organization\",\"@id\":\"https:\\\/\\\/www.meydan.tv\\\/az\\\/#organization\",\"name\":\"Meydan TV\",\"url\":\"https:\\\/\\\/www.meydan.tv\\\/az\\\/\",\"logo\":{\"@type\":\"ImageObject\",\"inLanguage\":\"az\",\"@id\":\"https:\\\/\\\/www.meydan.tv\\\/az\\\/#\\\/schema\\\/logo\\\/image\\\/\",\"url\":\"https:\\\/\\\/www.meydan.tv\\\/wp-content\\\/uploads\\\/2021\\\/07\\\/meydan-logo.svg\",\"contentUrl\":\"https:\\\/\\\/www.meydan.tv\\\/wp-content\\\/uploads\\\/2021\\\/07\\\/meydan-logo.svg\",\"width\":195,\"height\":46,\"caption\":\"Meydan TV\"},\"image\":{\"@id\":\"https:\\\/\\\/www.meydan.tv\\\/az\\\/#\\\/schema\\\/logo\\\/image\\\/\"}},{\"@type\":\"Person\",\"@id\":\"https:\\\/\\\/www.meydan.tv\\\/az\\\/#\\\/schema\\\/person\\\/9cdbecf90d17180ce1dfbd95b08dcf47\",\"name\":\"elli\",\"sameAs\":[\"https:\\\/\\\/x.com\\\/elli\"]}]}<\/script>\n<!-- \/ Yoast SEO plugin. -->","yoast_head_json":{"title":"Bak\u0131 infrastrukturu \u201cCOP29\u201d sammitin\u0259 haz\u0131rd\u0131rm\u0131? - MEYDAN.TV","robots":{"index":"index","follow":"follow","max-snippet":"max-snippet:-1","max-image-preview":"max-image-preview:large","max-video-preview":"max-video-preview:-1"},"canonical":"https:\/\/www.meydan.tv\/az\/article\/baki-infrastrukturu-cop29-sammitine-hazirdirmi\/","og_locale":"az_AZ","og_type":"article","og_title":"Bak\u0131 infrastrukturu \u201cCOP29\u201d sammitin\u0259 haz\u0131rd\u0131rm\u0131? - MEYDAN.TV","og_description":"\u201c\u018fn \u00e7ox da otel v\u0259 hava liman\u0131 bax\u0131m\u0131ndan asan olmayaca\u011f\u0131 ... Davam\u0131","og_url":"https:\/\/www.meydan.tv\/az\/article\/baki-infrastrukturu-cop29-sammitine-hazirdirmi\/","og_site_name":"MEYDAN.TV","article_published_time":"2023-12-13T12:03:42+00:00","article_modified_time":"2023-12-13T12:03:46+00:00","og_image":[{"width":1500,"height":844,"url":"https:\/\/www.meydan.tv\/wp-content\/uploads\/410629172_6703256413118778_3511958350185242924_n.jpg","type":"image\/jpeg"}],"author":"elli","twitter_card":"summary_large_image","twitter_creator":"@elli","schema":{"@context":"https:\/\/schema.org","@graph":[{"@type":"Article","@id":"https:\/\/www.meydan.tv\/az\/article\/baki-infrastrukturu-cop29-sammitine-hazirdirmi\/#article","isPartOf":{"@id":"https:\/\/www.meydan.tv\/az\/article\/baki-infrastrukturu-cop29-sammitine-hazirdirmi\/"},"author":{"name":"elli","@id":"https:\/\/www.meydan.tv\/az\/#\/schema\/person\/9cdbecf90d17180ce1dfbd95b08dcf47"},"headline":"Bak\u0131 infrastrukturu \u201cCOP29\u201d sammitin\u0259 haz\u0131rd\u0131rm\u0131?","datePublished":"2023-12-13T12:03:42+00:00","dateModified":"2023-12-13T12:03:46+00:00","mainEntityOfPage":{"@id":"https:\/\/www.meydan.tv\/az\/article\/baki-infrastrukturu-cop29-sammitine-hazirdirmi\/"},"wordCount":897,"publisher":{"@id":"https:\/\/www.meydan.tv\/az\/#organization"},"image":{"@id":"https:\/\/www.meydan.tv\/az\/article\/baki-infrastrukturu-cop29-sammitine-hazirdirmi\/#primaryimage"},"thumbnailUrl":"https:\/\/www.meydan.tv\/wp-content\/uploads\/410629172_6703256413118778_3511958350185242924_n.jpg","articleSection":["Sosial","T\u00f6vsiy\u0259","X\u0259b\u0259rl\u0259r"],"inLanguage":"az"},{"@type":"WebPage","@id":"https:\/\/www.meydan.tv\/az\/article\/baki-infrastrukturu-cop29-sammitine-hazirdirmi\/","url":"https:\/\/www.meydan.tv\/az\/article\/baki-infrastrukturu-cop29-sammitine-hazirdirmi\/","name":"Bak\u0131 infrastrukturu \u201cCOP29\u201d sammitin\u0259 haz\u0131rd\u0131rm\u0131? - MEYDAN.TV","isPartOf":{"@id":"https:\/\/www.meydan.tv\/az\/#website"},"primaryImageOfPage":{"@id":"https:\/\/www.meydan.tv\/az\/article\/baki-infrastrukturu-cop29-sammitine-hazirdirmi\/#primaryimage"},"image":{"@id":"https:\/\/www.meydan.tv\/az\/article\/baki-infrastrukturu-cop29-sammitine-hazirdirmi\/#primaryimage"},"thumbnailUrl":"https:\/\/www.meydan.tv\/wp-content\/uploads\/410629172_6703256413118778_3511958350185242924_n.jpg","datePublished":"2023-12-13T12:03:42+00:00","dateModified":"2023-12-13T12:03:46+00:00","breadcrumb":{"@id":"https:\/\/www.meydan.tv\/az\/article\/baki-infrastrukturu-cop29-sammitine-hazirdirmi\/#breadcrumb"},"inLanguage":"az","potentialAction":[{"@type":"ReadAction","target":["https:\/\/www.meydan.tv\/az\/article\/baki-infrastrukturu-cop29-sammitine-hazirdirmi\/"]}]},{"@type":"ImageObject","inLanguage":"az","@id":"https:\/\/www.meydan.tv\/az\/article\/baki-infrastrukturu-cop29-sammitine-hazirdirmi\/#primaryimage","url":"https:\/\/www.meydan.tv\/wp-content\/uploads\/410629172_6703256413118778_3511958350185242924_n.jpg","contentUrl":"https:\/\/www.meydan.tv\/wp-content\/uploads\/410629172_6703256413118778_3511958350185242924_n.jpg","width":1500,"height":844,"caption":"Foto: sosial \u015f\u0259b\u0259k\u0259"},{"@type":"BreadcrumbList","@id":"https:\/\/www.meydan.tv\/az\/article\/baki-infrastrukturu-cop29-sammitine-hazirdirmi\/#breadcrumb","itemListElement":[{"@type":"ListItem","position":1,"name":"Ana s\u0259hif\u0259","item":"https:\/\/www.meydan.tv\/az\/"},{"@type":"ListItem","position":2,"name":"Sosial","item":"https:\/\/www.meydan.tv\/az\/section\/sosial\/"},{"@type":"ListItem","position":3,"name":"Bak\u0131 infrastrukturu \u201cCOP29\u201d sammitin\u0259 haz\u0131rd\u0131rm\u0131?"}]},{"@type":"WebSite","@id":"https:\/\/www.meydan.tv\/az\/#website","url":"https:\/\/www.meydan.tv\/az\/","name":"MEYDAN.TV","description":"Meydan TV Az\u0259rbaycan\u0131n media m\u0259kan\u0131ndak\u0131 alternativ s\u0259sidir","publisher":{"@id":"https:\/\/www.meydan.tv\/az\/#organization"},"potentialAction":[{"@type":"SearchAction","target":{"@type":"EntryPoint","urlTemplate":"https:\/\/www.meydan.tv\/az\/?s={search_term_string}"},"query-input":{"@type":"PropertyValueSpecification","valueRequired":true,"valueName":"search_term_string"}}],"inLanguage":"az"},{"@type":"Organization","@id":"https:\/\/www.meydan.tv\/az\/#organization","name":"Meydan TV","url":"https:\/\/www.meydan.tv\/az\/","logo":{"@type":"ImageObject","inLanguage":"az","@id":"https:\/\/www.meydan.tv\/az\/#\/schema\/logo\/image\/","url":"https:\/\/www.meydan.tv\/wp-content\/uploads\/2021\/07\/meydan-logo.svg","contentUrl":"https:\/\/www.meydan.tv\/wp-content\/uploads\/2021\/07\/meydan-logo.svg","width":195,"height":46,"caption":"Meydan TV"},"image":{"@id":"https:\/\/www.meydan.tv\/az\/#\/schema\/logo\/image\/"}},{"@type":"Person","@id":"https:\/\/www.meydan.tv\/az\/#\/schema\/person\/9cdbecf90d17180ce1dfbd95b08dcf47","name":"elli","sameAs":["https:\/\/x.com\/elli"]}]}},"_links":{"self":[{"href":"https:\/\/www.meydan.tv\/az\/wp-json\/wp\/v2\/posts\/292775","targetHints":{"allow":["GET"]}}],"collection":[{"href":"https:\/\/www.meydan.tv\/az\/wp-json\/wp\/v2\/posts"}],"about":[{"href":"https:\/\/www.meydan.tv\/az\/wp-json\/wp\/v2\/types\/post"}],"author":[{"embeddable":true,"href":"https:\/\/www.meydan.tv\/az\/wp-json\/wp\/v2\/users\/8"}],"replies":[{"embeddable":true,"href":"https:\/\/www.meydan.tv\/az\/wp-json\/wp\/v2\/comments?post=292775"}],"version-history":[{"count":4,"href":"https:\/\/www.meydan.tv\/az\/wp-json\/wp\/v2\/posts\/292775\/revisions"}],"predecessor-version":[{"id":292784,"href":"https:\/\/www.meydan.tv\/az\/wp-json\/wp\/v2\/posts\/292775\/revisions\/292784"}],"wp:featuredmedia":[{"embeddable":true,"href":"https:\/\/www.meydan.tv\/az\/wp-json\/wp\/v2\/media\/292777"}],"wp:attachment":[{"href":"https:\/\/www.meydan.tv\/az\/wp-json\/wp\/v2\/media?parent=292775"}],"wp:term":[{"taxonomy":"category","embeddable":true,"href":"https:\/\/www.meydan.tv\/az\/wp-json\/wp\/v2\/categories?post=292775"},{"taxonomy":"post_tag","embeddable":true,"href":"https:\/\/www.meydan.tv\/az\/wp-json\/wp\/v2\/tags?post=292775"}],"curies":[{"name":"wp","href":"https:\/\/api.w.org\/{rel}","templated":true}]}}