{"id":292749,"date":"2023-12-13T13:44:20","date_gmt":"2023-12-13T09:44:20","guid":{"rendered":"https:\/\/www.meydan.tv\/?p=292749"},"modified":"2023-12-13T13:44:23","modified_gmt":"2023-12-13T09:44:23","slug":"qarabag-universiteti-nezdinde-pese-mektebi-acilacaq","status":"publish","type":"post","link":"https:\/\/www.meydan.tv\/az\/article\/qarabag-universiteti-nezdinde-pese-mektebi-acilacaq\/","title":{"rendered":"Qaraba\u011f Universiteti n\u0259zdind\u0259 pe\u015f\u0259 m\u0259kt\u0259bi a\u00e7\u0131lacaq"},"content":{"rendered":"\n<p><\/p>\n\n\n\n<p><strong><em>Nazir deyib ki, azad olunan \u0259razil\u0259rd\u0259 8 pe\u015f\u0259 t\u0259hsil m\u00fc\u0259ssis\u0259si n\u0259z\u0259rd\u0259 tutulur<\/em><\/strong><\/p>\n\n\n\n<p>Xank\u0259ndid\u0259 yarad\u0131lan Qaraba\u011f Universitetinin n\u0259zdind\u0259 pe\u015f\u0259 t\u0259hsili m\u00fc\u0259ssis\u0259si a\u00e7\u0131lacaq.<\/p>\n\n\n\n<p>Bu bar\u0259d\u0259 Elm v\u0259 t\u0259hsil naziri Emin \u018fmrullayev \u201cG\u00fccl\u00fc iqtisadiyyat \u00fc\u00e7\u00fcn Az\u0259rbaycanda pe\u015f\u0259 t\u0259hsilinin inki\u015faf yolu: g\u0259l\u0259c\u0259y\u0259 bax\u0131\u015f\u201d adl\u0131 konfransda \u00e7\u0131x\u0131\u015f\u0131 zaman\u0131 m\u0259lumat verib.<\/p>\n\n\n\n<p><em>\u201cPlan t\u0259sdiq olunmal\u0131d\u0131r v\u0259 bundan sonra yola \u00e7\u0131x\u0131lacaq. \u00dcmumilikd\u0259 azad olunan \u0259razil\u0259rd\u0259 pe\u015f\u0259 t\u0259hsilinin \u0259hat\u0259 dair\u0259sinin geni\u015fl\u0259ndirilm\u0259si planla\u015fd\u0131r\u0131l\u0131r\u201d<\/em>, &#8211; nazir deyib.<\/p>\n\n\n\n<p>Bildirib ki, azad olunan \u0259razil\u0259rd\u0259 s\u0259kkiz pe\u015f\u0259 t\u0259hsil m\u00fc\u0259ssis\u0259sinin yenid\u0259n qurulmas\u0131 n\u0259z\u0259rd\u0259 tutulur.<\/p>\n\n\n\n<p><em>\u201cF\u00fczulid\u0259 yeni pe\u015f\u0259 t\u0259hsili m\u00fc\u0259ssis\u0259sinin b\u00fcn\u00f6vr\u0259si qoyulub, art\u0131q tikintisin\u0259 d\u0259 ba\u015flan\u0131l\u0131b, iki il sonra t\u0259l\u0259b\u0259l\u0259ri g\u00f6r\u0259c\u0259yik. \u015eu\u015fada pe\u015f\u0259 t\u0259hsil m\u00fc\u0259ssis\u0259sinin yenid\u0259n qurulmas\u0131 prosesin\u0259 d\u0259 start verilib\u201d<\/em>, &#8211; nazir s\u00f6yl\u0259yib.<\/p>\n\n\n\n<p>Elm v\u0259 t\u0259hsil nazirinin m\u00fcavini \u0130dris \u0130sayev is\u0259 jurnalistl\u0259r\u0259 a\u00e7\u0131qlamas\u0131nda deyib ki, yenid\u0259n Az\u0259rbaycan\u0131n n\u0259zar\u0259tin\u0259 ke\u00e7mi\u015f \u0259razil\u0259rd\u0259 iki ali t\u0259hsil m\u00fc\u0259ssis\u0259sinin fa\u0259liyy\u0259ti n\u0259z\u0259rd\u0259 tutulub.<\/p>\n\n\n\n<p><em>\u201c\u0130\u015f\u011faldan azad edilmi\u015f \u0259razil\u0259rd\u0259 yarad\u0131lacaq iki ali t\u0259hsil m\u00fc\u0259ssis\u0259sind\u0259n biri yerli, dig\u0259ri xarici n\u00fcfuzlu ali t\u0259hsil m\u00fc\u0259ssis\u0259sinin filial\u0131 olacaq\u201d<\/em>, &#8211; nazir m\u00fcavini deyib.<\/p>\n\n\n\n<p>O bildirib ki, h\u0259l\u0259 bu ali t\u0259hsil m\u00fc\u0259ssis\u0259l\u0259ri yarad\u0131lmay\u0131b, lakin d\u00f6vl\u0259t proqram\u0131nda m\u00fcdd\u0259t n\u0259z\u0259rd\u0259 tutulub.<\/p>\n\n\n\n<p>2023-c\u00fc il noyabr\u0131n 28-d\u0259 Prezident \u0130lham \u018fliyev Qaraba\u011fda universitet yarad\u0131lmas\u0131 il\u0259 ba\u011fl\u0131 s\u0259r\u0259ncam <a href=\"https:\/\/storage.googleapis.com\/qurium\/www.meydan.tv\/az-article-xankendide-qarabag-universiteti-yaradilir.html\">imzalay\u0131b<\/a>. <\/p>\n\n\n\n<p>S\u0259r\u0259ncama \u0259sas\u0259n, Xank\u0259ndid\u0259 Elm v\u0259 T\u0259hsil Nazirliyinin n\u0259zdind\u0259 Qaraba\u011f Universiteti yarad\u0131lacaq.<\/p>\n\n\n\n<p>Prezident Nazirl\u0259r Kabinetin\u0259 iki ay m\u00fcdd\u0259tind\u0259 universitetin nizamnam\u0259sini t\u0259sdiq etm\u0259yi tap\u015f\u0131r\u0131b.<\/p>\n\n\n\n<p>H\u0259m\u00e7inin ali t\u0259hsil m\u00fc\u0259ssis\u0259sinin f\u0259aliyy\u0259tinin maliyy\u0259l\u0259\u015fdirilm\u0259si il\u0259 ba\u011fl\u0131 z\u0259ruri t\u0259dbirl\u0259r g\u00f6r\u00fclm\u0259sin\u0259 \u2013 universitetin Xank\u0259ndid\u0259 torpaq sah\u0259si, t\u0259dris v\u0259 yataqxana binalar\u0131, idman meydan\u00e7as\u0131 v\u0259 dig\u0259r infrastruktur obyektl\u0259ri il\u0259 t\u0259minat\u0131 m\u0259s\u0259l\u0259l\u0259rini h\u0259ll edilm\u0259sin\u0259 g\u00f6st\u0259ri\u015f verib.<\/p>\n","protected":false},"excerpt":{"rendered":"<p>Nazir deyib ki, azad olunan \u0259razil\u0259rd\u0259 8 pe\u015f\u0259 t\u0259hsil m\u00fc\u0259ssis\u0259si &#8230; <\/p>\n<p class=\"read-more-container\"><a title=\"Qaraba\u011f Universiteti n\u0259zdind\u0259 pe\u015f\u0259 m\u0259kt\u0259bi a\u00e7\u0131lacaq\" class=\"read-more button\" href=\"https:\/\/www.meydan.tv\/az\/article\/qarabag-universiteti-nezdinde-pese-mektebi-acilacaq\/#more-292749\" aria-label=\"Read more about Qaraba\u011f Universiteti n\u0259zdind\u0259 pe\u015f\u0259 m\u0259kt\u0259bi a\u00e7\u0131lacaq\">Davam\u0131<\/a><\/p>\n","protected":false},"author":21,"featured_media":79564,"comment_status":"closed","ping_status":"closed","sticky":false,"template":"","format":"standard","meta":{"_acf_changed":false,"_sitemap_exclude":false,"_sitemap_priority":"","_sitemap_frequency":"","footnotes":""},"categories":[60,62,56],"tags":[],"class_list":["post-292749","post","type-post","status-publish","format-standard","has-post-thumbnail","hentry","category-bolge","category-sosial","category-xeberler","infinite-scroll-item","generate-columns","tablet-grid-50","mobile-grid-100","grid-parent","grid-33","no-featured-image-padding"],"acf":[],"yoast_head":"<!-- This site is optimized with the Yoast SEO plugin v27.5 - https:\/\/yoast.com\/product\/yoast-seo-wordpress\/ -->\n<title>Qaraba\u011f Universiteti n\u0259zdind\u0259 pe\u015f\u0259 m\u0259kt\u0259bi a\u00e7\u0131lacaq - MEYDAN.TV<\/title>\n<meta name=\"robots\" content=\"index, follow, max-snippet:-1, max-image-preview:large, max-video-preview:-1\" \/>\n<link rel=\"canonical\" href=\"https:\/\/www.meydan.tv\/az\/article\/qarabag-universiteti-nezdinde-pese-mektebi-acilacaq\/\" \/>\n<meta property=\"og:locale\" content=\"az_AZ\" \/>\n<meta property=\"og:type\" content=\"article\" \/>\n<meta property=\"og:title\" content=\"Qaraba\u011f Universiteti n\u0259zdind\u0259 pe\u015f\u0259 m\u0259kt\u0259bi a\u00e7\u0131lacaq - MEYDAN.TV\" \/>\n<meta property=\"og:description\" content=\"Nazir deyib ki, azad olunan \u0259razil\u0259rd\u0259 8 pe\u015f\u0259 t\u0259hsil m\u00fc\u0259ssis\u0259si ... Davam\u0131\" \/>\n<meta property=\"og:url\" content=\"https:\/\/www.meydan.tv\/az\/article\/qarabag-universiteti-nezdinde-pese-mektebi-acilacaq\/\" \/>\n<meta property=\"og:site_name\" content=\"MEYDAN.TV\" \/>\n<meta property=\"article:published_time\" content=\"2023-12-13T09:44:20+00:00\" \/>\n<meta property=\"article:modified_time\" content=\"2023-12-13T09:44:23+00:00\" \/>\n<meta property=\"og:image\" content=\"https:\/\/www.meydan.tv\/wp-content\/uploads\/31015.jpg\" \/>\n\t<meta property=\"og:image:width\" content=\"576\" \/>\n\t<meta property=\"og:image:height\" content=\"432\" \/>\n\t<meta property=\"og:image:type\" content=\"image\/jpeg\" \/>\n<meta name=\"author\" content=\"mahmud\" \/>\n<meta name=\"twitter:card\" content=\"summary_large_image\" \/>\n<script type=\"application\/ld+json\" class=\"yoast-schema-graph\">{\"@context\":\"https:\\\/\\\/schema.org\",\"@graph\":[{\"@type\":\"Article\",\"@id\":\"https:\\\/\\\/www.meydan.tv\\\/az\\\/article\\\/qarabag-universiteti-nezdinde-pese-mektebi-acilacaq\\\/#article\",\"isPartOf\":{\"@id\":\"https:\\\/\\\/www.meydan.tv\\\/az\\\/article\\\/qarabag-universiteti-nezdinde-pese-mektebi-acilacaq\\\/\"},\"author\":{\"name\":\"mahmud\",\"@id\":\"https:\\\/\\\/www.meydan.tv\\\/az\\\/#\\\/schema\\\/person\\\/09863e516102a829e72bedcf3f84c6b0\"},\"headline\":\"Qaraba\u011f Universiteti n\u0259zdind\u0259 pe\u015f\u0259 m\u0259kt\u0259bi a\u00e7\u0131lacaq\",\"datePublished\":\"2023-12-13T09:44:20+00:00\",\"dateModified\":\"2023-12-13T09:44:23+00:00\",\"mainEntityOfPage\":{\"@id\":\"https:\\\/\\\/www.meydan.tv\\\/az\\\/article\\\/qarabag-universiteti-nezdinde-pese-mektebi-acilacaq\\\/\"},\"wordCount\":416,\"publisher\":{\"@id\":\"https:\\\/\\\/www.meydan.tv\\\/az\\\/#organization\"},\"image\":{\"@id\":\"https:\\\/\\\/www.meydan.tv\\\/az\\\/article\\\/qarabag-universiteti-nezdinde-pese-mektebi-acilacaq\\\/#primaryimage\"},\"thumbnailUrl\":\"https:\\\/\\\/www.meydan.tv\\\/wp-content\\\/uploads\\\/31015.jpg\",\"articleSection\":[\"B\u00f6lg\u0259\",\"Sosial\",\"X\u0259b\u0259rl\u0259r\"],\"inLanguage\":\"az\"},{\"@type\":\"WebPage\",\"@id\":\"https:\\\/\\\/www.meydan.tv\\\/az\\\/article\\\/qarabag-universiteti-nezdinde-pese-mektebi-acilacaq\\\/\",\"url\":\"https:\\\/\\\/www.meydan.tv\\\/az\\\/article\\\/qarabag-universiteti-nezdinde-pese-mektebi-acilacaq\\\/\",\"name\":\"Qaraba\u011f Universiteti n\u0259zdind\u0259 pe\u015f\u0259 m\u0259kt\u0259bi a\u00e7\u0131lacaq - MEYDAN.TV\",\"isPartOf\":{\"@id\":\"https:\\\/\\\/www.meydan.tv\\\/az\\\/#website\"},\"primaryImageOfPage\":{\"@id\":\"https:\\\/\\\/www.meydan.tv\\\/az\\\/article\\\/qarabag-universiteti-nezdinde-pese-mektebi-acilacaq\\\/#primaryimage\"},\"image\":{\"@id\":\"https:\\\/\\\/www.meydan.tv\\\/az\\\/article\\\/qarabag-universiteti-nezdinde-pese-mektebi-acilacaq\\\/#primaryimage\"},\"thumbnailUrl\":\"https:\\\/\\\/www.meydan.tv\\\/wp-content\\\/uploads\\\/31015.jpg\",\"datePublished\":\"2023-12-13T09:44:20+00:00\",\"dateModified\":\"2023-12-13T09:44:23+00:00\",\"breadcrumb\":{\"@id\":\"https:\\\/\\\/www.meydan.tv\\\/az\\\/article\\\/qarabag-universiteti-nezdinde-pese-mektebi-acilacaq\\\/#breadcrumb\"},\"inLanguage\":\"az\",\"potentialAction\":[{\"@type\":\"ReadAction\",\"target\":[\"https:\\\/\\\/www.meydan.tv\\\/az\\\/article\\\/qarabag-universiteti-nezdinde-pese-mektebi-acilacaq\\\/\"]}]},{\"@type\":\"ImageObject\",\"inLanguage\":\"az\",\"@id\":\"https:\\\/\\\/www.meydan.tv\\\/az\\\/article\\\/qarabag-universiteti-nezdinde-pese-mektebi-acilacaq\\\/#primaryimage\",\"url\":\"https:\\\/\\\/www.meydan.tv\\\/wp-content\\\/uploads\\\/31015.jpg\",\"contentUrl\":\"https:\\\/\\\/www.meydan.tv\\\/wp-content\\\/uploads\\\/31015.jpg\",\"width\":576,\"height\":432,\"caption\":\"Source: arxiv\"},{\"@type\":\"BreadcrumbList\",\"@id\":\"https:\\\/\\\/www.meydan.tv\\\/az\\\/article\\\/qarabag-universiteti-nezdinde-pese-mektebi-acilacaq\\\/#breadcrumb\",\"itemListElement\":[{\"@type\":\"ListItem\",\"position\":1,\"name\":\"Ana s\u0259hif\u0259\",\"item\":\"https:\\\/\\\/www.meydan.tv\\\/az\\\/\"},{\"@type\":\"ListItem\",\"position\":2,\"name\":\"B\u00f6lg\u0259\",\"item\":\"https:\\\/\\\/www.meydan.tv\\\/az\\\/section\\\/bolge\\\/\"},{\"@type\":\"ListItem\",\"position\":3,\"name\":\"Qaraba\u011f Universiteti n\u0259zdind\u0259 pe\u015f\u0259 m\u0259kt\u0259bi a\u00e7\u0131lacaq\"}]},{\"@type\":\"WebSite\",\"@id\":\"https:\\\/\\\/www.meydan.tv\\\/az\\\/#website\",\"url\":\"https:\\\/\\\/www.meydan.tv\\\/az\\\/\",\"name\":\"MEYDAN.TV\",\"description\":\"Meydan TV Az\u0259rbaycan\u0131n media m\u0259kan\u0131ndak\u0131 alternativ s\u0259sidir\",\"publisher\":{\"@id\":\"https:\\\/\\\/www.meydan.tv\\\/az\\\/#organization\"},\"potentialAction\":[{\"@type\":\"SearchAction\",\"target\":{\"@type\":\"EntryPoint\",\"urlTemplate\":\"https:\\\/\\\/www.meydan.tv\\\/az\\\/?s={search_term_string}\"},\"query-input\":{\"@type\":\"PropertyValueSpecification\",\"valueRequired\":true,\"valueName\":\"search_term_string\"}}],\"inLanguage\":\"az\"},{\"@type\":\"Organization\",\"@id\":\"https:\\\/\\\/www.meydan.tv\\\/az\\\/#organization\",\"name\":\"Meydan TV\",\"url\":\"https:\\\/\\\/www.meydan.tv\\\/az\\\/\",\"logo\":{\"@type\":\"ImageObject\",\"inLanguage\":\"az\",\"@id\":\"https:\\\/\\\/www.meydan.tv\\\/az\\\/#\\\/schema\\\/logo\\\/image\\\/\",\"url\":\"https:\\\/\\\/www.meydan.tv\\\/wp-content\\\/uploads\\\/2021\\\/07\\\/meydan-logo.svg\",\"contentUrl\":\"https:\\\/\\\/www.meydan.tv\\\/wp-content\\\/uploads\\\/2021\\\/07\\\/meydan-logo.svg\",\"width\":195,\"height\":46,\"caption\":\"Meydan TV\"},\"image\":{\"@id\":\"https:\\\/\\\/www.meydan.tv\\\/az\\\/#\\\/schema\\\/logo\\\/image\\\/\"}},{\"@type\":\"Person\",\"@id\":\"https:\\\/\\\/www.meydan.tv\\\/az\\\/#\\\/schema\\\/person\\\/09863e516102a829e72bedcf3f84c6b0\",\"name\":\"mahmud\"}]}<\/script>\n<!-- \/ Yoast SEO plugin. -->","yoast_head_json":{"title":"Qaraba\u011f Universiteti n\u0259zdind\u0259 pe\u015f\u0259 m\u0259kt\u0259bi a\u00e7\u0131lacaq - MEYDAN.TV","robots":{"index":"index","follow":"follow","max-snippet":"max-snippet:-1","max-image-preview":"max-image-preview:large","max-video-preview":"max-video-preview:-1"},"canonical":"https:\/\/www.meydan.tv\/az\/article\/qarabag-universiteti-nezdinde-pese-mektebi-acilacaq\/","og_locale":"az_AZ","og_type":"article","og_title":"Qaraba\u011f Universiteti n\u0259zdind\u0259 pe\u015f\u0259 m\u0259kt\u0259bi a\u00e7\u0131lacaq - MEYDAN.TV","og_description":"Nazir deyib ki, azad olunan \u0259razil\u0259rd\u0259 8 pe\u015f\u0259 t\u0259hsil m\u00fc\u0259ssis\u0259si ... Davam\u0131","og_url":"https:\/\/www.meydan.tv\/az\/article\/qarabag-universiteti-nezdinde-pese-mektebi-acilacaq\/","og_site_name":"MEYDAN.TV","article_published_time":"2023-12-13T09:44:20+00:00","article_modified_time":"2023-12-13T09:44:23+00:00","og_image":[{"width":576,"height":432,"url":"https:\/\/www.meydan.tv\/wp-content\/uploads\/31015.jpg","type":"image\/jpeg"}],"author":"mahmud","twitter_card":"summary_large_image","schema":{"@context":"https:\/\/schema.org","@graph":[{"@type":"Article","@id":"https:\/\/www.meydan.tv\/az\/article\/qarabag-universiteti-nezdinde-pese-mektebi-acilacaq\/#article","isPartOf":{"@id":"https:\/\/www.meydan.tv\/az\/article\/qarabag-universiteti-nezdinde-pese-mektebi-acilacaq\/"},"author":{"name":"mahmud","@id":"https:\/\/www.meydan.tv\/az\/#\/schema\/person\/09863e516102a829e72bedcf3f84c6b0"},"headline":"Qaraba\u011f Universiteti n\u0259zdind\u0259 pe\u015f\u0259 m\u0259kt\u0259bi a\u00e7\u0131lacaq","datePublished":"2023-12-13T09:44:20+00:00","dateModified":"2023-12-13T09:44:23+00:00","mainEntityOfPage":{"@id":"https:\/\/www.meydan.tv\/az\/article\/qarabag-universiteti-nezdinde-pese-mektebi-acilacaq\/"},"wordCount":416,"publisher":{"@id":"https:\/\/www.meydan.tv\/az\/#organization"},"image":{"@id":"https:\/\/www.meydan.tv\/az\/article\/qarabag-universiteti-nezdinde-pese-mektebi-acilacaq\/#primaryimage"},"thumbnailUrl":"https:\/\/www.meydan.tv\/wp-content\/uploads\/31015.jpg","articleSection":["B\u00f6lg\u0259","Sosial","X\u0259b\u0259rl\u0259r"],"inLanguage":"az"},{"@type":"WebPage","@id":"https:\/\/www.meydan.tv\/az\/article\/qarabag-universiteti-nezdinde-pese-mektebi-acilacaq\/","url":"https:\/\/www.meydan.tv\/az\/article\/qarabag-universiteti-nezdinde-pese-mektebi-acilacaq\/","name":"Qaraba\u011f Universiteti n\u0259zdind\u0259 pe\u015f\u0259 m\u0259kt\u0259bi a\u00e7\u0131lacaq - MEYDAN.TV","isPartOf":{"@id":"https:\/\/www.meydan.tv\/az\/#website"},"primaryImageOfPage":{"@id":"https:\/\/www.meydan.tv\/az\/article\/qarabag-universiteti-nezdinde-pese-mektebi-acilacaq\/#primaryimage"},"image":{"@id":"https:\/\/www.meydan.tv\/az\/article\/qarabag-universiteti-nezdinde-pese-mektebi-acilacaq\/#primaryimage"},"thumbnailUrl":"https:\/\/www.meydan.tv\/wp-content\/uploads\/31015.jpg","datePublished":"2023-12-13T09:44:20+00:00","dateModified":"2023-12-13T09:44:23+00:00","breadcrumb":{"@id":"https:\/\/www.meydan.tv\/az\/article\/qarabag-universiteti-nezdinde-pese-mektebi-acilacaq\/#breadcrumb"},"inLanguage":"az","potentialAction":[{"@type":"ReadAction","target":["https:\/\/www.meydan.tv\/az\/article\/qarabag-universiteti-nezdinde-pese-mektebi-acilacaq\/"]}]},{"@type":"ImageObject","inLanguage":"az","@id":"https:\/\/www.meydan.tv\/az\/article\/qarabag-universiteti-nezdinde-pese-mektebi-acilacaq\/#primaryimage","url":"https:\/\/www.meydan.tv\/wp-content\/uploads\/31015.jpg","contentUrl":"https:\/\/www.meydan.tv\/wp-content\/uploads\/31015.jpg","width":576,"height":432,"caption":"Source: arxiv"},{"@type":"BreadcrumbList","@id":"https:\/\/www.meydan.tv\/az\/article\/qarabag-universiteti-nezdinde-pese-mektebi-acilacaq\/#breadcrumb","itemListElement":[{"@type":"ListItem","position":1,"name":"Ana s\u0259hif\u0259","item":"https:\/\/www.meydan.tv\/az\/"},{"@type":"ListItem","position":2,"name":"B\u00f6lg\u0259","item":"https:\/\/www.meydan.tv\/az\/section\/bolge\/"},{"@type":"ListItem","position":3,"name":"Qaraba\u011f Universiteti n\u0259zdind\u0259 pe\u015f\u0259 m\u0259kt\u0259bi a\u00e7\u0131lacaq"}]},{"@type":"WebSite","@id":"https:\/\/www.meydan.tv\/az\/#website","url":"https:\/\/www.meydan.tv\/az\/","name":"MEYDAN.TV","description":"Meydan TV Az\u0259rbaycan\u0131n media m\u0259kan\u0131ndak\u0131 alternativ s\u0259sidir","publisher":{"@id":"https:\/\/www.meydan.tv\/az\/#organization"},"potentialAction":[{"@type":"SearchAction","target":{"@type":"EntryPoint","urlTemplate":"https:\/\/www.meydan.tv\/az\/?s={search_term_string}"},"query-input":{"@type":"PropertyValueSpecification","valueRequired":true,"valueName":"search_term_string"}}],"inLanguage":"az"},{"@type":"Organization","@id":"https:\/\/www.meydan.tv\/az\/#organization","name":"Meydan TV","url":"https:\/\/www.meydan.tv\/az\/","logo":{"@type":"ImageObject","inLanguage":"az","@id":"https:\/\/www.meydan.tv\/az\/#\/schema\/logo\/image\/","url":"https:\/\/www.meydan.tv\/wp-content\/uploads\/2021\/07\/meydan-logo.svg","contentUrl":"https:\/\/www.meydan.tv\/wp-content\/uploads\/2021\/07\/meydan-logo.svg","width":195,"height":46,"caption":"Meydan TV"},"image":{"@id":"https:\/\/www.meydan.tv\/az\/#\/schema\/logo\/image\/"}},{"@type":"Person","@id":"https:\/\/www.meydan.tv\/az\/#\/schema\/person\/09863e516102a829e72bedcf3f84c6b0","name":"mahmud"}]}},"_links":{"self":[{"href":"https:\/\/www.meydan.tv\/az\/wp-json\/wp\/v2\/posts\/292749","targetHints":{"allow":["GET"]}}],"collection":[{"href":"https:\/\/www.meydan.tv\/az\/wp-json\/wp\/v2\/posts"}],"about":[{"href":"https:\/\/www.meydan.tv\/az\/wp-json\/wp\/v2\/types\/post"}],"author":[{"embeddable":true,"href":"https:\/\/www.meydan.tv\/az\/wp-json\/wp\/v2\/users\/21"}],"replies":[{"embeddable":true,"href":"https:\/\/www.meydan.tv\/az\/wp-json\/wp\/v2\/comments?post=292749"}],"version-history":[{"count":1,"href":"https:\/\/www.meydan.tv\/az\/wp-json\/wp\/v2\/posts\/292749\/revisions"}],"predecessor-version":[{"id":292750,"href":"https:\/\/www.meydan.tv\/az\/wp-json\/wp\/v2\/posts\/292749\/revisions\/292750"}],"wp:featuredmedia":[{"embeddable":true,"href":"https:\/\/www.meydan.tv\/az\/wp-json\/wp\/v2\/media\/79564"}],"wp:attachment":[{"href":"https:\/\/www.meydan.tv\/az\/wp-json\/wp\/v2\/media?parent=292749"}],"wp:term":[{"taxonomy":"category","embeddable":true,"href":"https:\/\/www.meydan.tv\/az\/wp-json\/wp\/v2\/categories?post=292749"},{"taxonomy":"post_tag","embeddable":true,"href":"https:\/\/www.meydan.tv\/az\/wp-json\/wp\/v2\/tags?post=292749"}],"curies":[{"name":"wp","href":"https:\/\/api.w.org\/{rel}","templated":true}]}}