{"id":292713,"date":"2023-12-12T21:49:11","date_gmt":"2023-12-12T17:49:11","guid":{"rendered":"https:\/\/www.meydan.tv\/?p=292713"},"modified":"2023-12-12T21:57:42","modified_gmt":"2023-12-12T17:57:42","slug":"mahir-ay-brat-leqebli-meyxanaci-serlendiyini-bandotdelde-doyulduyunu-deyir","status":"publish","type":"post","link":"https:\/\/www.meydan.tv\/az\/article\/mahir-ay-brat-leqebli-meyxanaci-serlendiyini-bandotdelde-doyulduyunu-deyir\/","title":{"rendered":"\u201cMahir ay brat\u201d l\u0259q\u0259bli meyxana\u00e7\u0131 \u015f\u0259rl\u0259ndiyini, \u201cBandotdel\u201dd\u0259 d\u00f6y\u00fcld\u00fcy\u00fcn\u00fc deyir"},"content":{"rendered":"\n<p><\/p>\n\n\n\n<p>&nbsp;<strong><em>Prokurorun \u00e7\u0131x\u0131\u015f\u0131ndan sonra ittihama m\u00fcnasib\u0259t bildir\u0259n Mahir Qon\u015fuyev deyib ki, \u00f6z\u00fcn\u00fc t\u0259qsirli bilmir v\u0259 bu d\u0259f\u0259 saxlan\u0131landa \u00fcst\u00fcnd\u0259 narkotik olmay\u0131b<\/em><\/strong><\/p>\n\n\n\n<p>Narkotik ittiham\u0131yla h\u0259bsd\u0259 olan meyxana\u00e7\u0131 Mahir Qon\u015fuyev \u00f6z\u00fcn\u00fc t\u0259qsirli bilmir. O, Bak\u0131 A\u011f\u0131r Cinay\u0259tl\u0259r M\u0259hk\u0259m\u0259sind\u0259 ifad\u0259 ver\u0259rk\u0259n bildirib ki, M\u00fct\u0259\u015f\u0259kkil Cinay\u0259tkarl\u0131\u011fa Qar\u015f\u0131 M\u00fcbariz\u0259 \u0130dar\u0259sind\u0259 (\u201cBandotdel\u201d kimi tan\u0131n\u0131r) narkotikl\u0259 \u015f\u0259rl\u0259nib.<\/p>\n\n\n\n<p>Dekabr\u0131n 12-d\u0259 Bak\u0131 A\u011f\u0131r Cinay\u0259tl\u0259r M\u0259hk\u0259m\u0259sind\u0259 hakim S\u0259buhi H\u00fcseynovun s\u0259drliyil\u0259 ke\u00e7iril\u0259n m\u0259hk\u0259m\u0259 prosesind\u0259 prokuror Orxan K\u0259ng\u0259rli ittiham akt\u0131n\u0131 elan edib.<\/p>\n\n\n\n<p>1984-c\u00fc il t\u0259v\u0259ll\u00fcdl\u00fc Mahir Qon\u015fuyev iyunun 6-dan h\u0259bsd\u0259dir. Ona qar\u015f\u0131 ittihamda g\u00f6st\u0259rilib ki, k\u00fc\u00e7\u0259d\u0259 &#8211; Bin\u0259q\u0259di rayonu, Azadl\u0131q prospekti 145 \u00fcnvan\u0131n\u0131n qar\u015f\u0131s\u0131nda saxlan\u0131l\u0131b. <\/p>\n\n\n\n<p>M\u00fct\u0259\u015f\u0259kkil Cinay\u0259tkarl\u0131\u011fa Qar\u015f\u0131 M\u00fcbariz\u0259 \u0130dar\u0259sind\u0259 \u00fcst\u00fcn\u0259 bax\u0131\u015f ke\u00e7iril\u0259nd\u0259 cibind\u0259n 3,818 qram metamfetamin (\u201cpat\u0131\u201d, \u201c\u015f\u00fc\u015f\u0259\u201d) \u00e7\u0131x\u0131b. Ona qar\u015f\u0131 Cinay\u0259t M\u0259c\u0259ll\u0259sinin 234.1-1 (sat\u0131\u015f m\u0259qs\u0259di olmadan k\u00fclli miqdarda narkotik \u0259ld\u0259 etm\u0259, da\u015f\u0131ma, saxlama) madd\u0259sil\u0259 ittiham ir\u0259li s\u00fcr\u00fcl\u00fcb.<\/p>\n\n\n\n<p>Prokuror ittiham\u0131 elan ed\u0259nd\u0259 onu da bildirib ki, Mahir Qon\u015fuyev bundan \u0259vv\u0259l m\u0259hkum edilib. O, 7 il \u00f6nc\u0259 L\u0259nk\u0259ran A\u011f\u0131r Cinay\u0259tl\u0259r M\u0259hk\u0259m\u0259sinin h\u00f6km\u00fcyl\u0259 Cinay\u0259t M\u0259c\u0259ll\u0259sinin 234.4.1 v\u0259 234.4.3-c\u00fc (bir qrup \u015f\u0259xs t\u0259r\u0259find\u0259n sat\u0131\u015f m\u0259qs\u0259dil\u0259 k\u00fclli miqdarda narkotik \u0259ld\u0259 etm\u0259, da\u015f\u0131ma, saxlama) madd\u0259l\u0259ril\u0259 t\u0259qsirli bilinib v\u0259 8 il 6 ay azadl\u0131qdan m\u0259hrum edilib. Apelyasiya m\u0259hk\u0259m\u0259si bu m\u00fcdd\u0259ti 8 il\u0259 endirib. Cinay\u0259t M\u0259c\u0259ll\u0259sin\u0259 d\u0259yi\u015fiklikl\u0259rd\u0259n sonra onun i\u015fin\u0259 yenid\u0259n bax\u0131l\u0131b v\u0259 c\u0259za 7 il\u0259 endirilib.<\/p>\n\n\n\n<p>Prokurorun \u00e7\u0131x\u0131\u015f\u0131ndan sonra ittihama m\u00fcnasib\u0259t bildir\u0259n Mahir Qon\u015fuyev deyib ki, \u00f6z\u00fcn\u00fc t\u0259qsirli bilmir v\u0259 bu d\u0259f\u0259 saxlan\u0131landa \u00fcst\u00fcnd\u0259 narkotik olmay\u0131b. O, etiraf edib ki, \u0259vv\u0259ll\u0259r narkotik istifad\u0259\u00e7isi olub. Amma \u0259vv\u0259lki h\u0259bsind\u0259n sonra narkotikd\u0259n istifad\u0259 etm\u0259yib.<\/p>\n\n\n\n<p>Onun s\u00f6zl\u0259rin\u0259 g\u00f6r\u0259, bud\u0259f\u0259ki h\u0259bsind\u0259n \u0259vv\u0259l bir ne\u00e7\u0259 d\u0259f\u0259 polis idar\u0259sin\u0259 \u00e7a\u011f\u0131r\u0131b, onunla meyxanalar\u0131yla \u0259laq\u0259dar profilaktik s\u00f6hb\u0259tl\u0259r aparm\u0131\u015fd\u0131lar. Kriminal elementl\u0259r olan meyxanalar oxumama\u011f\u0131 t\u0259l\u0259b etmi\u015fdil\u0259r.<\/p>\n\n\n\n<p>Meyxana\u00e7\u0131 deyir ki, h\u00fcquq-m\u00fchafiz\u0259 orqanlar\u0131nda \u00e7al\u0131\u015fan tan\u0131\u015flar\u0131 ona bu c\u00fcr x\u0259b\u0259rdarl\u0131qlara ciddi yana\u015fma\u011f\u0131 m\u0259sl\u0259h\u0259t g\u00f6r\u00fcrd\u00fcl\u0259r:<\/p>\n\n\n\n<p><em>\u201cM\u0259n neyl\u0259yim, \u00e7\u00f6r\u0259yim meyxanadan \u00e7\u0131x\u0131r. Ona g\u00f6r\u0259 oxuyurdum\u201d.<\/em><\/p>\n\n\n\n<p>Mahir Qon\u015fuyev nec\u0259 h\u0259bs olunmas\u0131 haqda da dan\u0131\u015f\u0131b. O bildirib ki, ittiham akt\u0131nda g\u00f6st\u0259ril\u0259n yerd\u0259 saxlanmay\u0131b. D\u0259v\u0259t ald\u0131\u011f\u0131 \u201cHollivud\u201d restoran\u0131na prod\u00fcseri il\u0259 birlikd\u0259 ged\u0259nd\u0259 liftd\u0259n \u00e7\u0131xark\u0259n h\u0259r ikisini tutublar. Onlar\u0131 \u201cBandotdel\u201d\u0259 apar\u0131blar. Sonradan prod\u00fcseri buraxsalar da, ona qar\u015f\u0131 k\u00fclli miqdarda narkotik ittiham\u0131 ir\u0259li s\u00fcr\u00fcl\u00fcb.<\/p>\n\n\n\n<p>T\u0259qsirl\u0259ndiril\u0259n meyxana\u00e7\u0131 polisl\u0259rin onu d\u00f6yd\u00fcy\u00fcn\u00fc, t\u0259hqir etdiyini, bu \u00fczd\u0259n \u00f6z\u00fcn\u0259 aidiyy\u0259ti olmayan narkotikl\u0259 ba\u011fl\u0131 etiraf ifad\u0259sin\u0259 imza atd\u0131\u011f\u0131n\u0131 bildirib: <\/p>\n\n\n\n<p><em>\u201cBa\u015f\u0131ma yumruq, k\u00fcr\u0259yim\u0259 t\u0259pikl\u0259 vururdular. El\u0259 s\u00f6y\u00fc\u015fl\u0259r s\u00f6y\u00fcrd\u00fcl\u0259r ki, m\u0259cbur olub qol \u00e7\u0259kdim. Neyl\u0259y\u0259 bil\u0259rdim?!\u201d<\/em>.<\/p>\n\n\n\n<p>Meyxana\u00e7\u0131n\u0131n m\u0259hk\u0259m\u0259si yanvar\u0131n 9-da davam ed\u0259c\u0259k.<\/p>\n\n\n\n<p>Mahir Qon\u015fuyev \u0259sas\u0259n \u201cAy brat\u201d meyxanas\u0131ndan sonra m\u0259\u015fhurla\u015fm\u0131\u015fd\u0131.<br>Meyxana\u00e7\u0131 h\u0259m\u00e7inin \u201cYoutube\u201dda \u201cMahir Ay Brat\u201d adl\u0131 s\u0259hif\u0259d\u0259 cinay\u0259tkarl\u0131\u011f\u0131, narkotik madd\u0259l\u0259rin istifad\u0259si kimi z\u0259r\u0259rli v\u0259rdi\u015fl\u0259ri t\u0259bli\u011f ed\u0259n musiqili meyxanalar payla\u015fmaqda ittiham olunurdu.<\/p>\n","protected":false},"excerpt":{"rendered":"<p>&nbsp;Prokurorun \u00e7\u0131x\u0131\u015f\u0131ndan sonra ittihama m\u00fcnasib\u0259t bildir\u0259n Mahir Qon\u015fuyev deyib ki, &#8230; <\/p>\n<p class=\"read-more-container\"><a title=\"\u201cMahir ay brat\u201d l\u0259q\u0259bli meyxana\u00e7\u0131 \u015f\u0259rl\u0259ndiyini, \u201cBandotdel\u201dd\u0259 d\u00f6y\u00fcld\u00fcy\u00fcn\u00fc deyir\" class=\"read-more button\" href=\"https:\/\/www.meydan.tv\/az\/article\/mahir-ay-brat-leqebli-meyxanaci-serlendiyini-bandotdelde-doyulduyunu-deyir\/#more-292713\" aria-label=\"Read more about \u201cMahir ay brat\u201d l\u0259q\u0259bli meyxana\u00e7\u0131 \u015f\u0259rl\u0259ndiyini, \u201cBandotdel\u201dd\u0259 d\u00f6y\u00fcld\u00fcy\u00fcn\u00fc deyir\">Davam\u0131<\/a><\/p>\n","protected":false},"author":8,"featured_media":280562,"comment_status":"closed","ping_status":"closed","sticky":false,"template":"","format":"standard","meta":{"_acf_changed":false,"_sitemap_exclude":false,"_sitemap_priority":"","_sitemap_frequency":"","footnotes":""},"categories":[62,56],"tags":[],"class_list":["post-292713","post","type-post","status-publish","format-standard","has-post-thumbnail","hentry","category-sosial","category-xeberler","infinite-scroll-item","generate-columns","tablet-grid-50","mobile-grid-100","grid-parent","grid-33","no-featured-image-padding"],"acf":[],"yoast_head":"<!-- This site is optimized with the Yoast SEO plugin v27.5 - https:\/\/yoast.com\/product\/yoast-seo-wordpress\/ -->\n<title>\u201cMahir ay brat\u201d l\u0259q\u0259bli meyxana\u00e7\u0131 \u015f\u0259rl\u0259ndiyini, \u201cBandotdel\u201dd\u0259 d\u00f6y\u00fcld\u00fcy\u00fcn\u00fc deyir - MEYDAN.TV<\/title>\n<meta name=\"robots\" content=\"index, follow, max-snippet:-1, max-image-preview:large, max-video-preview:-1\" \/>\n<link rel=\"canonical\" href=\"https:\/\/www.meydan.tv\/az\/article\/mahir-ay-brat-leqebli-meyxanaci-serlendiyini-bandotdelde-doyulduyunu-deyir\/\" \/>\n<meta property=\"og:locale\" content=\"az_AZ\" \/>\n<meta property=\"og:type\" content=\"article\" \/>\n<meta property=\"og:title\" content=\"\u201cMahir ay brat\u201d l\u0259q\u0259bli meyxana\u00e7\u0131 \u015f\u0259rl\u0259ndiyini, \u201cBandotdel\u201dd\u0259 d\u00f6y\u00fcld\u00fcy\u00fcn\u00fc deyir - MEYDAN.TV\" \/>\n<meta property=\"og:description\" content=\"&nbsp;Prokurorun \u00e7\u0131x\u0131\u015f\u0131ndan sonra ittihama m\u00fcnasib\u0259t bildir\u0259n Mahir Qon\u015fuyev deyib ki, ... Davam\u0131\" \/>\n<meta property=\"og:url\" content=\"https:\/\/www.meydan.tv\/az\/article\/mahir-ay-brat-leqebli-meyxanaci-serlendiyini-bandotdelde-doyulduyunu-deyir\/\" \/>\n<meta property=\"og:site_name\" content=\"MEYDAN.TV\" \/>\n<meta property=\"article:published_time\" content=\"2023-12-12T17:49:11+00:00\" \/>\n<meta property=\"article:modified_time\" content=\"2023-12-12T17:57:42+00:00\" \/>\n<meta property=\"og:image\" content=\"https:\/\/www.meydan.tv\/wp-content\/uploads\/untitled-design-7-43-e1690283286536.jpg\" \/>\n\t<meta property=\"og:image:width\" content=\"1200\" \/>\n\t<meta property=\"og:image:height\" content=\"600\" \/>\n\t<meta property=\"og:image:type\" content=\"image\/jpeg\" \/>\n<meta name=\"author\" content=\"elli\" \/>\n<meta name=\"twitter:card\" content=\"summary_large_image\" \/>\n<meta name=\"twitter:creator\" content=\"@elli\" \/>\n<script type=\"application\/ld+json\" class=\"yoast-schema-graph\">{\"@context\":\"https:\\\/\\\/schema.org\",\"@graph\":[{\"@type\":\"Article\",\"@id\":\"https:\\\/\\\/www.meydan.tv\\\/az\\\/article\\\/mahir-ay-brat-leqebli-meyxanaci-serlendiyini-bandotdelde-doyulduyunu-deyir\\\/#article\",\"isPartOf\":{\"@id\":\"https:\\\/\\\/www.meydan.tv\\\/az\\\/article\\\/mahir-ay-brat-leqebli-meyxanaci-serlendiyini-bandotdelde-doyulduyunu-deyir\\\/\"},\"author\":{\"name\":\"elli\",\"@id\":\"https:\\\/\\\/www.meydan.tv\\\/az\\\/#\\\/schema\\\/person\\\/9cdbecf90d17180ce1dfbd95b08dcf47\"},\"headline\":\"\u201cMahir ay brat\u201d l\u0259q\u0259bli meyxana\u00e7\u0131 \u015f\u0259rl\u0259ndiyini, \u201cBandotdel\u201dd\u0259 d\u00f6y\u00fcld\u00fcy\u00fcn\u00fc deyir\",\"datePublished\":\"2023-12-12T17:49:11+00:00\",\"dateModified\":\"2023-12-12T17:57:42+00:00\",\"mainEntityOfPage\":{\"@id\":\"https:\\\/\\\/www.meydan.tv\\\/az\\\/article\\\/mahir-ay-brat-leqebli-meyxanaci-serlendiyini-bandotdelde-doyulduyunu-deyir\\\/\"},\"wordCount\":691,\"publisher\":{\"@id\":\"https:\\\/\\\/www.meydan.tv\\\/az\\\/#organization\"},\"image\":{\"@id\":\"https:\\\/\\\/www.meydan.tv\\\/az\\\/article\\\/mahir-ay-brat-leqebli-meyxanaci-serlendiyini-bandotdelde-doyulduyunu-deyir\\\/#primaryimage\"},\"thumbnailUrl\":\"https:\\\/\\\/www.meydan.tv\\\/wp-content\\\/uploads\\\/untitled-design-7-43-e1690283286536.jpg\",\"articleSection\":[\"Sosial\",\"X\u0259b\u0259rl\u0259r\"],\"inLanguage\":\"az\"},{\"@type\":\"WebPage\",\"@id\":\"https:\\\/\\\/www.meydan.tv\\\/az\\\/article\\\/mahir-ay-brat-leqebli-meyxanaci-serlendiyini-bandotdelde-doyulduyunu-deyir\\\/\",\"url\":\"https:\\\/\\\/www.meydan.tv\\\/az\\\/article\\\/mahir-ay-brat-leqebli-meyxanaci-serlendiyini-bandotdelde-doyulduyunu-deyir\\\/\",\"name\":\"\u201cMahir ay brat\u201d l\u0259q\u0259bli meyxana\u00e7\u0131 \u015f\u0259rl\u0259ndiyini, \u201cBandotdel\u201dd\u0259 d\u00f6y\u00fcld\u00fcy\u00fcn\u00fc deyir - MEYDAN.TV\",\"isPartOf\":{\"@id\":\"https:\\\/\\\/www.meydan.tv\\\/az\\\/#website\"},\"primaryImageOfPage\":{\"@id\":\"https:\\\/\\\/www.meydan.tv\\\/az\\\/article\\\/mahir-ay-brat-leqebli-meyxanaci-serlendiyini-bandotdelde-doyulduyunu-deyir\\\/#primaryimage\"},\"image\":{\"@id\":\"https:\\\/\\\/www.meydan.tv\\\/az\\\/article\\\/mahir-ay-brat-leqebli-meyxanaci-serlendiyini-bandotdelde-doyulduyunu-deyir\\\/#primaryimage\"},\"thumbnailUrl\":\"https:\\\/\\\/www.meydan.tv\\\/wp-content\\\/uploads\\\/untitled-design-7-43-e1690283286536.jpg\",\"datePublished\":\"2023-12-12T17:49:11+00:00\",\"dateModified\":\"2023-12-12T17:57:42+00:00\",\"breadcrumb\":{\"@id\":\"https:\\\/\\\/www.meydan.tv\\\/az\\\/article\\\/mahir-ay-brat-leqebli-meyxanaci-serlendiyini-bandotdelde-doyulduyunu-deyir\\\/#breadcrumb\"},\"inLanguage\":\"az\",\"potentialAction\":[{\"@type\":\"ReadAction\",\"target\":[\"https:\\\/\\\/www.meydan.tv\\\/az\\\/article\\\/mahir-ay-brat-leqebli-meyxanaci-serlendiyini-bandotdelde-doyulduyunu-deyir\\\/\"]}]},{\"@type\":\"ImageObject\",\"inLanguage\":\"az\",\"@id\":\"https:\\\/\\\/www.meydan.tv\\\/az\\\/article\\\/mahir-ay-brat-leqebli-meyxanaci-serlendiyini-bandotdelde-doyulduyunu-deyir\\\/#primaryimage\",\"url\":\"https:\\\/\\\/www.meydan.tv\\\/wp-content\\\/uploads\\\/untitled-design-7-43-e1690283286536.jpg\",\"contentUrl\":\"https:\\\/\\\/www.meydan.tv\\\/wp-content\\\/uploads\\\/untitled-design-7-43-e1690283286536.jpg\",\"width\":1200,\"height\":600,\"caption\":\"Mahir Qon\u015fuyev. Foto: sosial \u015f\u0259b\u0259k\u0259\"},{\"@type\":\"BreadcrumbList\",\"@id\":\"https:\\\/\\\/www.meydan.tv\\\/az\\\/article\\\/mahir-ay-brat-leqebli-meyxanaci-serlendiyini-bandotdelde-doyulduyunu-deyir\\\/#breadcrumb\",\"itemListElement\":[{\"@type\":\"ListItem\",\"position\":1,\"name\":\"Ana s\u0259hif\u0259\",\"item\":\"https:\\\/\\\/www.meydan.tv\\\/az\\\/\"},{\"@type\":\"ListItem\",\"position\":2,\"name\":\"Sosial\",\"item\":\"https:\\\/\\\/www.meydan.tv\\\/az\\\/section\\\/sosial\\\/\"},{\"@type\":\"ListItem\",\"position\":3,\"name\":\"\u201cMahir ay brat\u201d l\u0259q\u0259bli meyxana\u00e7\u0131 \u015f\u0259rl\u0259ndiyini, \u201cBandotdel\u201dd\u0259 d\u00f6y\u00fcld\u00fcy\u00fcn\u00fc deyir\"}]},{\"@type\":\"WebSite\",\"@id\":\"https:\\\/\\\/www.meydan.tv\\\/az\\\/#website\",\"url\":\"https:\\\/\\\/www.meydan.tv\\\/az\\\/\",\"name\":\"MEYDAN.TV\",\"description\":\"Meydan TV Az\u0259rbaycan\u0131n media m\u0259kan\u0131ndak\u0131 alternativ s\u0259sidir\",\"publisher\":{\"@id\":\"https:\\\/\\\/www.meydan.tv\\\/az\\\/#organization\"},\"potentialAction\":[{\"@type\":\"SearchAction\",\"target\":{\"@type\":\"EntryPoint\",\"urlTemplate\":\"https:\\\/\\\/www.meydan.tv\\\/az\\\/?s={search_term_string}\"},\"query-input\":{\"@type\":\"PropertyValueSpecification\",\"valueRequired\":true,\"valueName\":\"search_term_string\"}}],\"inLanguage\":\"az\"},{\"@type\":\"Organization\",\"@id\":\"https:\\\/\\\/www.meydan.tv\\\/az\\\/#organization\",\"name\":\"Meydan TV\",\"url\":\"https:\\\/\\\/www.meydan.tv\\\/az\\\/\",\"logo\":{\"@type\":\"ImageObject\",\"inLanguage\":\"az\",\"@id\":\"https:\\\/\\\/www.meydan.tv\\\/az\\\/#\\\/schema\\\/logo\\\/image\\\/\",\"url\":\"https:\\\/\\\/www.meydan.tv\\\/wp-content\\\/uploads\\\/2021\\\/07\\\/meydan-logo.svg\",\"contentUrl\":\"https:\\\/\\\/www.meydan.tv\\\/wp-content\\\/uploads\\\/2021\\\/07\\\/meydan-logo.svg\",\"width\":195,\"height\":46,\"caption\":\"Meydan TV\"},\"image\":{\"@id\":\"https:\\\/\\\/www.meydan.tv\\\/az\\\/#\\\/schema\\\/logo\\\/image\\\/\"}},{\"@type\":\"Person\",\"@id\":\"https:\\\/\\\/www.meydan.tv\\\/az\\\/#\\\/schema\\\/person\\\/9cdbecf90d17180ce1dfbd95b08dcf47\",\"name\":\"elli\",\"sameAs\":[\"https:\\\/\\\/x.com\\\/elli\"]}]}<\/script>\n<!-- \/ Yoast SEO plugin. -->","yoast_head_json":{"title":"\u201cMahir ay brat\u201d l\u0259q\u0259bli meyxana\u00e7\u0131 \u015f\u0259rl\u0259ndiyini, \u201cBandotdel\u201dd\u0259 d\u00f6y\u00fcld\u00fcy\u00fcn\u00fc deyir - MEYDAN.TV","robots":{"index":"index","follow":"follow","max-snippet":"max-snippet:-1","max-image-preview":"max-image-preview:large","max-video-preview":"max-video-preview:-1"},"canonical":"https:\/\/www.meydan.tv\/az\/article\/mahir-ay-brat-leqebli-meyxanaci-serlendiyini-bandotdelde-doyulduyunu-deyir\/","og_locale":"az_AZ","og_type":"article","og_title":"\u201cMahir ay brat\u201d l\u0259q\u0259bli meyxana\u00e7\u0131 \u015f\u0259rl\u0259ndiyini, \u201cBandotdel\u201dd\u0259 d\u00f6y\u00fcld\u00fcy\u00fcn\u00fc deyir - MEYDAN.TV","og_description":"&nbsp;Prokurorun \u00e7\u0131x\u0131\u015f\u0131ndan sonra ittihama m\u00fcnasib\u0259t bildir\u0259n Mahir Qon\u015fuyev deyib ki, ... Davam\u0131","og_url":"https:\/\/www.meydan.tv\/az\/article\/mahir-ay-brat-leqebli-meyxanaci-serlendiyini-bandotdelde-doyulduyunu-deyir\/","og_site_name":"MEYDAN.TV","article_published_time":"2023-12-12T17:49:11+00:00","article_modified_time":"2023-12-12T17:57:42+00:00","og_image":[{"width":1200,"height":600,"url":"https:\/\/www.meydan.tv\/wp-content\/uploads\/untitled-design-7-43-e1690283286536.jpg","type":"image\/jpeg"}],"author":"elli","twitter_card":"summary_large_image","twitter_creator":"@elli","schema":{"@context":"https:\/\/schema.org","@graph":[{"@type":"Article","@id":"https:\/\/www.meydan.tv\/az\/article\/mahir-ay-brat-leqebli-meyxanaci-serlendiyini-bandotdelde-doyulduyunu-deyir\/#article","isPartOf":{"@id":"https:\/\/www.meydan.tv\/az\/article\/mahir-ay-brat-leqebli-meyxanaci-serlendiyini-bandotdelde-doyulduyunu-deyir\/"},"author":{"name":"elli","@id":"https:\/\/www.meydan.tv\/az\/#\/schema\/person\/9cdbecf90d17180ce1dfbd95b08dcf47"},"headline":"\u201cMahir ay brat\u201d l\u0259q\u0259bli meyxana\u00e7\u0131 \u015f\u0259rl\u0259ndiyini, \u201cBandotdel\u201dd\u0259 d\u00f6y\u00fcld\u00fcy\u00fcn\u00fc deyir","datePublished":"2023-12-12T17:49:11+00:00","dateModified":"2023-12-12T17:57:42+00:00","mainEntityOfPage":{"@id":"https:\/\/www.meydan.tv\/az\/article\/mahir-ay-brat-leqebli-meyxanaci-serlendiyini-bandotdelde-doyulduyunu-deyir\/"},"wordCount":691,"publisher":{"@id":"https:\/\/www.meydan.tv\/az\/#organization"},"image":{"@id":"https:\/\/www.meydan.tv\/az\/article\/mahir-ay-brat-leqebli-meyxanaci-serlendiyini-bandotdelde-doyulduyunu-deyir\/#primaryimage"},"thumbnailUrl":"https:\/\/www.meydan.tv\/wp-content\/uploads\/untitled-design-7-43-e1690283286536.jpg","articleSection":["Sosial","X\u0259b\u0259rl\u0259r"],"inLanguage":"az"},{"@type":"WebPage","@id":"https:\/\/www.meydan.tv\/az\/article\/mahir-ay-brat-leqebli-meyxanaci-serlendiyini-bandotdelde-doyulduyunu-deyir\/","url":"https:\/\/www.meydan.tv\/az\/article\/mahir-ay-brat-leqebli-meyxanaci-serlendiyini-bandotdelde-doyulduyunu-deyir\/","name":"\u201cMahir ay brat\u201d l\u0259q\u0259bli meyxana\u00e7\u0131 \u015f\u0259rl\u0259ndiyini, \u201cBandotdel\u201dd\u0259 d\u00f6y\u00fcld\u00fcy\u00fcn\u00fc deyir - MEYDAN.TV","isPartOf":{"@id":"https:\/\/www.meydan.tv\/az\/#website"},"primaryImageOfPage":{"@id":"https:\/\/www.meydan.tv\/az\/article\/mahir-ay-brat-leqebli-meyxanaci-serlendiyini-bandotdelde-doyulduyunu-deyir\/#primaryimage"},"image":{"@id":"https:\/\/www.meydan.tv\/az\/article\/mahir-ay-brat-leqebli-meyxanaci-serlendiyini-bandotdelde-doyulduyunu-deyir\/#primaryimage"},"thumbnailUrl":"https:\/\/www.meydan.tv\/wp-content\/uploads\/untitled-design-7-43-e1690283286536.jpg","datePublished":"2023-12-12T17:49:11+00:00","dateModified":"2023-12-12T17:57:42+00:00","breadcrumb":{"@id":"https:\/\/www.meydan.tv\/az\/article\/mahir-ay-brat-leqebli-meyxanaci-serlendiyini-bandotdelde-doyulduyunu-deyir\/#breadcrumb"},"inLanguage":"az","potentialAction":[{"@type":"ReadAction","target":["https:\/\/www.meydan.tv\/az\/article\/mahir-ay-brat-leqebli-meyxanaci-serlendiyini-bandotdelde-doyulduyunu-deyir\/"]}]},{"@type":"ImageObject","inLanguage":"az","@id":"https:\/\/www.meydan.tv\/az\/article\/mahir-ay-brat-leqebli-meyxanaci-serlendiyini-bandotdelde-doyulduyunu-deyir\/#primaryimage","url":"https:\/\/www.meydan.tv\/wp-content\/uploads\/untitled-design-7-43-e1690283286536.jpg","contentUrl":"https:\/\/www.meydan.tv\/wp-content\/uploads\/untitled-design-7-43-e1690283286536.jpg","width":1200,"height":600,"caption":"Mahir Qon\u015fuyev. Foto: sosial \u015f\u0259b\u0259k\u0259"},{"@type":"BreadcrumbList","@id":"https:\/\/www.meydan.tv\/az\/article\/mahir-ay-brat-leqebli-meyxanaci-serlendiyini-bandotdelde-doyulduyunu-deyir\/#breadcrumb","itemListElement":[{"@type":"ListItem","position":1,"name":"Ana s\u0259hif\u0259","item":"https:\/\/www.meydan.tv\/az\/"},{"@type":"ListItem","position":2,"name":"Sosial","item":"https:\/\/www.meydan.tv\/az\/section\/sosial\/"},{"@type":"ListItem","position":3,"name":"\u201cMahir ay brat\u201d l\u0259q\u0259bli meyxana\u00e7\u0131 \u015f\u0259rl\u0259ndiyini, \u201cBandotdel\u201dd\u0259 d\u00f6y\u00fcld\u00fcy\u00fcn\u00fc deyir"}]},{"@type":"WebSite","@id":"https:\/\/www.meydan.tv\/az\/#website","url":"https:\/\/www.meydan.tv\/az\/","name":"MEYDAN.TV","description":"Meydan TV Az\u0259rbaycan\u0131n media m\u0259kan\u0131ndak\u0131 alternativ s\u0259sidir","publisher":{"@id":"https:\/\/www.meydan.tv\/az\/#organization"},"potentialAction":[{"@type":"SearchAction","target":{"@type":"EntryPoint","urlTemplate":"https:\/\/www.meydan.tv\/az\/?s={search_term_string}"},"query-input":{"@type":"PropertyValueSpecification","valueRequired":true,"valueName":"search_term_string"}}],"inLanguage":"az"},{"@type":"Organization","@id":"https:\/\/www.meydan.tv\/az\/#organization","name":"Meydan TV","url":"https:\/\/www.meydan.tv\/az\/","logo":{"@type":"ImageObject","inLanguage":"az","@id":"https:\/\/www.meydan.tv\/az\/#\/schema\/logo\/image\/","url":"https:\/\/www.meydan.tv\/wp-content\/uploads\/2021\/07\/meydan-logo.svg","contentUrl":"https:\/\/www.meydan.tv\/wp-content\/uploads\/2021\/07\/meydan-logo.svg","width":195,"height":46,"caption":"Meydan TV"},"image":{"@id":"https:\/\/www.meydan.tv\/az\/#\/schema\/logo\/image\/"}},{"@type":"Person","@id":"https:\/\/www.meydan.tv\/az\/#\/schema\/person\/9cdbecf90d17180ce1dfbd95b08dcf47","name":"elli","sameAs":["https:\/\/x.com\/elli"]}]}},"_links":{"self":[{"href":"https:\/\/www.meydan.tv\/az\/wp-json\/wp\/v2\/posts\/292713","targetHints":{"allow":["GET"]}}],"collection":[{"href":"https:\/\/www.meydan.tv\/az\/wp-json\/wp\/v2\/posts"}],"about":[{"href":"https:\/\/www.meydan.tv\/az\/wp-json\/wp\/v2\/types\/post"}],"author":[{"embeddable":true,"href":"https:\/\/www.meydan.tv\/az\/wp-json\/wp\/v2\/users\/8"}],"replies":[{"embeddable":true,"href":"https:\/\/www.meydan.tv\/az\/wp-json\/wp\/v2\/comments?post=292713"}],"version-history":[{"count":3,"href":"https:\/\/www.meydan.tv\/az\/wp-json\/wp\/v2\/posts\/292713\/revisions"}],"predecessor-version":[{"id":292732,"href":"https:\/\/www.meydan.tv\/az\/wp-json\/wp\/v2\/posts\/292713\/revisions\/292732"}],"wp:featuredmedia":[{"embeddable":true,"href":"https:\/\/www.meydan.tv\/az\/wp-json\/wp\/v2\/media\/280562"}],"wp:attachment":[{"href":"https:\/\/www.meydan.tv\/az\/wp-json\/wp\/v2\/media?parent=292713"}],"wp:term":[{"taxonomy":"category","embeddable":true,"href":"https:\/\/www.meydan.tv\/az\/wp-json\/wp\/v2\/categories?post=292713"},{"taxonomy":"post_tag","embeddable":true,"href":"https:\/\/www.meydan.tv\/az\/wp-json\/wp\/v2\/tags?post=292713"}],"curies":[{"name":"wp","href":"https:\/\/api.w.org\/{rel}","templated":true}]}}