{"id":292711,"date":"2023-12-12T21:48:37","date_gmt":"2023-12-12T17:48:37","guid":{"rendered":"https:\/\/www.meydan.tv\/?p=292711"},"modified":"2023-12-12T23:33:40","modified_gmt":"2023-12-12T19:33:40","slug":"reportyor-teymur-kerimov-ucun-hebs-qetimkan-tedbiri-secilib","status":"publish","type":"post","link":"https:\/\/www.meydan.tv\/az\/article\/reportyor-teymur-kerimov-ucun-hebs-qetimkan-tedbiri-secilib\/","title":{"rendered":"Reportyor Teymur K\u0259rimov \u00fc\u00e7\u00fcn h\u0259bs q\u0259timkan t\u0259dbiri se\u00e7ilib"},"content":{"rendered":"\n<figure class=\"wp-block-embed is-type-video is-provider-youtube wp-block-embed-youtube wp-embed-aspect-16-9 wp-has-aspect-ratio\"><div class=\"wp-block-embed__wrapper\">\n<iframe title=\"Daha bir jurnalist bar\u0259sind\u0259 h\u0259bs q\u0259timkan t\u0259dbiri se\u00e7ildi\" width=\"1200\" height=\"675\" data-src=\"https:\/\/www.youtube.com\/embed\/_IVFJIsTmFc?feature=oembed\" frameborder=\"0\" allow=\"accelerometer; autoplay; clipboard-write; encrypted-media; gyroscope; picture-in-picture; web-share\" allowfullscreen src=\"data:image\/svg+xml;base64,PHN2ZyB3aWR0aD0iMSIgaGVpZ2h0PSIxIiB4bWxucz0iaHR0cDovL3d3dy53My5vcmcvMjAwMC9zdmciPjwvc3ZnPg==\" class=\"lazyload\" data-load-mode=\"1\"><\/iframe>\n<\/div><\/figure>\n\n\n\n<p><strong><em>Jurnalist narkotiki \u00fcz\u0259rin\u0259 g\u00f6t\u00fcrm\u0259diyi \u00fc\u00e7\u00fcn d\u00f6y\u00fcld\u00fcy\u00fcn\u00fc deyib<\/em><\/strong><\/p>\n\n\n\n<p>Dekabr\u0131n 11-d\u0259 saxlan\u0131lan reportyor, \u201cKanal 11\u201d internet televiziyas\u0131n\u0131n direktoru Teymur K\u0259rimov haqq\u0131nda ilkin istintaq d\u00f6vr\u00fc \u00fc\u00e7\u00fcn 4 ayl\u0131q h\u0259bs q\u0259timkan t\u0259dbiri se\u00e7ilib. Dekabr\u0131n 12-d\u0259 ax\u015fam saat 19.00 rad\u0259l\u0259rind\u0259 N\u0259rimanov Rayon M\u0259hk\u0259m\u0259sind\u0259 hakim Xalid\u0259 \u018flisoy jurnalist haqq\u0131nda h\u0259bs q\u0259rar\u0131 \u00e7\u0131xar\u0131b.<\/p>\n\n\n\n<p>Teymur K\u0259rimov Cinay\u0259t M\u0259c\u0259ll\u0259sinin 182.2.2 v\u0259 182.2.4-c\u00fc (h\u0259d\u0259-qorxu il\u0259 t\u0259l\u0259betm\u0259 &#8211; xeyli miqdarda \u0259mlak \u0259ld\u0259 etm\u0259k m\u0259qs\u0259dil\u0259 t\u0259krar t\u00f6r\u0259dildikd\u0259) madd\u0259l\u0259ril\u0259 ittiham olunur. \u0130ddia olunur ki, o, video-reportajlar\u0131 silm\u0259k \u00fc\u00e7\u00fcn iki n\u0259f\u0259rd\u0259n pul t\u0259l\u0259b edib.<\/p>\n\n\n\n<p>Dekabr\u0131n 12-d\u0259 N\u0259rimanov Rayon M\u0259hk\u0259m\u0259sind\u0259 jurnalistin istintaq d\u00f6vr\u00fcnd\u0259 h\u0259bsd\u0259 saxlanmas\u0131 \u00fc\u00e7\u00fcn verilmi\u015f t\u0259qdimata bax\u0131landa Teymur K\u0259rimov bildirib ki, bu ittiham tamamil\u0259 yaland\u0131r. Onun s\u00f6zl\u0259rin\u0259 g\u00f6r\u0259, M\u00fct\u0259\u015f\u0259kkil Cinay\u0259tkarl\u0131\u011fa Qar\u015f\u0131 M\u00fcbariz\u0259 \u0130dar\u0259sind\u0259 \u0259vv\u0259l onu narkotikl\u0259 \u015f\u0259rl\u0259m\u0259k ist\u0259yibl\u0259r. H\u0259tta narkotiki \u00fcz\u0259rin\u0259 g\u00f6t\u00fcrm\u0259si \u00fc\u00e7\u00fcn d\u00f6y\u00fcbl\u0259r. Lakin bunu q\u0259bul etm\u0259diyini g\u00f6r\u0259nd\u0259 \u015fantaj ittiham\u0131 ortaya \u00e7\u0131x\u0131b.<\/p>\n\n\n\n<p>Teymur K\u0259rimov deyib ki, o, he\u00e7 kimd\u0259n h\u0259d\u0259-qorxu il\u0259 pul ist\u0259m\u0259yib. H\u0259bsinin s\u0259b\u0259bi jurnalist f\u0259aliyy\u0259ti, haz\u0131rlad\u0131\u011f\u0131 video-reportajlard\u0131r. O xat\u0131rlad\u0131b ki, noyabr\u0131n 20-d\u0259n bu yana \u00f6lk\u0259d\u0259 6 jurnalist h\u0259bs olunub.<\/p>\n\n\n\n<p>Jurnalistin v\u0259kili Nem\u0259t K\u0259rimli d\u0259 m\u0259hk\u0259m\u0259d\u0259 deyib ki, onun h\u0259bsi \u00fc\u00e7\u00fcn he\u00e7 bir \u0259sas yoxdur. V\u0259kilin s\u00f6zl\u0259rin\u0259 g\u00f6r\u0259, h\u0259tta h\u0259d\u0259-qorxu il\u0259 t\u0259l\u0259betm\u0259 ittiham\u0131 varsa bel\u0259, Teymur K\u0259rimov h\u0259bsd\u0259 saxlanmadan da istintaq apar\u0131la bil\u0259r.<\/p>\n\n\n\n<p>M\u00fcst\u0259ntiq is\u0259 iddia edib ki, Teymur K\u0259rimov istintaqdan yay\u0131na, prosesin gedi\u015fin\u0259 mane ola bil\u0259r. Bu s\u0259b\u0259bd\u0259n m\u00fctl\u0259q h\u0259bsd\u0259 saxlanmal\u0131d\u0131r.<\/p>\n\n\n\n<p>Hakim Xalid\u0259 \u018flisoy q\u0131sa m\u00fc\u015favir\u0259d\u0259n sonra Teymur K\u0259rimov haqq\u0131nda t\u0259qdimat\u0131n t\u0259min olundu\u011funu, istintaq d\u00f6vr\u00fc \u00fc\u00e7\u00fcn 4 ayl\u0131q h\u0259bs q\u0259timkan t\u0259dbiri se\u00e7ildiyini elan edib.<\/p>\n\n\n\n<p>V\u0259kil Nem\u0259t K\u0259rimli Azadl\u0131qRadiosu-na bildirib ki, q\u0259rardan apelyasiya \u015fikay\u0259ti ver\u0259c\u0259k.<\/p>\n\n\n\n<p>Teymur K\u0259rimovla dekabr\u0131n 11-d\u0259 g\u00fcnorta saat 12.00 rad\u0259l\u0259rind\u0259n sonra \u0259laq\u0259 saxlamaq m\u00fcmk\u00fcn olmay\u0131b. Yax\u0131nlar\u0131n\u0131n bildirdiyin\u0259 g\u00f6r\u0259, bir sutkaya yax\u0131n m\u00fcdd\u0259td\u0259 onlara jurnalistin yeri bar\u0259d\u0259 he\u00e7 bir m\u0259lumat verilm\u0259yib. Yaln\u0131z dekabr\u0131n 12-d\u0259 Daxili \u0130\u015fl\u0259r Nazirliyinin m\u0259tbuat xidm\u0259ti onun \u015f\u00fcbh\u0259li \u015f\u0259xs qismind\u0259 saxland\u0131\u011f\u0131n\u0131 v\u0259 h\u0259d\u0259-qorxu il\u0259 t\u0259l\u0259betm\u0259d\u0259 ittiham olundu\u011funu a\u00e7\u0131qlay\u0131b.<\/p>\n\n\n\n<p>\u201cKanal 11\u201d internet televiziyas\u0131n\u0131n Teymur K\u0259rimovla ba\u011fl\u0131 yayd\u0131\u011f\u0131 b\u0259yanatda bildirilir ki, reportyor \u00e7\u0259kdiyi video-reportajlara g\u00f6r\u0259 t\u0259zyiql\u0259r\u0259 m\u0259ruz qal\u0131b. S\u00f6hb\u0259t polisl\u0259rin Qaraba\u011f qazil\u0259rin\u0259 qar\u015f\u0131 zorak\u0131l\u0131\u011f\u0131 v\u0259 onlar\u0131n buna etiraz\u0131ndan b\u0259hs ed\u0259n videodan gedir.<\/p>\n\n\n\n<p><em>\u201cTeymur K\u0259rimov bir m\u00fcdd\u0259t \u0259vv\u0259l qazil\u0259rin polisl\u0259r t\u0259r\u0259find\u0259n zorak\u0131l\u0131\u011fa m\u0259ruz qalmas\u0131 v\u0259 buna etiraz etm\u0259l\u0259rini i\u015f\u0131qland\u0131rd\u0131\u011f\u0131 \u00fc\u00e7\u00fcn h\u0259d\u0259f\u0259 g\u0259lib. Video-reportajlar\u0131n silinm\u0259si \u00fc\u00e7\u00fcn ona h\u0259d\u0259-qorxu g\u0259libl\u0259r. \u0130zahat almaq ad\u0131yla polis\u0259 d\u0259v\u0259t edilib&#8230;\u201d.<\/em><\/p>\n\n\n\n<p>Teymur K\u0259rimova ittiham veril\u0259n madd\u0259l\u0259rd\u0259 5 ild\u0259n 10 il\u0259 q\u0259d\u0259r azadl\u0131qdan m\u0259hrumetm\u0259 c\u0259zas\u0131 n\u0259z\u0259rd\u0259 tutulub.<\/p>\n\n\n\n<p>Son 3 h\u0259ft\u0259 \u0259rzind\u0259 Az\u0259rbaycanda xeyli media n\u00fcmay\u0259nd\u0259si h\u0259bs olunub. Onlar\u0131n aras\u0131nda korrupsiya ara\u015fd\u0131rmalar\u0131yla tan\u0131nan \u201cAbzasMedia\u201dn\u0131n direktoru \u00dclvi H\u0259s\u0259nli, ba\u015f redaktoru Sevinc Abbasova (Vaqifq\u0131z\u0131), layih\u0259 koordinatoru M\u0259h\u0259mm\u0259d Kekalov, jurnalist N\u0259rgiz Absalamova, \u201cKanal13\u201d internet televiziyas\u0131n\u0131n Az\u0259rbaycandak\u0131 direktoru \u018fziz Orucov, bu kanal\u0131n apar\u0131c\u0131s\u0131 R\u00fcf\u0259t Muradl\u0131 da var.<\/p>\n\n\n\n<p>\u201c<em>D\u00fc\u015f\u00fcn\u00fcr\u00fck ki, Teymur K\u0259rimov se\u00e7kiqaba\u011f\u0131 i\u015f\u0259 d\u00fc\u015f\u0259n repressiya ma\u015f\u0131n\u0131n n\u00f6vb\u0259ti qurban\u0131d\u0131r\u201d, &#8211;<\/em> \u201cKanal 11\u201din b\u0259yanat\u0131nda vur\u011fulan\u0131b.<\/p>\n","protected":false},"excerpt":{"rendered":"<p>Jurnalist narkotiki \u00fcz\u0259rin\u0259 g\u00f6t\u00fcrm\u0259diyi \u00fc\u00e7\u00fcn d\u00f6y\u00fcld\u00fcy\u00fcn\u00fc deyib Dekabr\u0131n 11-d\u0259 saxlan\u0131lan &#8230; <\/p>\n<p class=\"read-more-container\"><a title=\"Reportyor Teymur K\u0259rimov \u00fc\u00e7\u00fcn h\u0259bs q\u0259timkan t\u0259dbiri se\u00e7ilib\" class=\"read-more button\" href=\"https:\/\/www.meydan.tv\/az\/article\/reportyor-teymur-kerimov-ucun-hebs-qetimkan-tedbiri-secilib\/#more-292711\" aria-label=\"Read more about Reportyor Teymur K\u0259rimov \u00fc\u00e7\u00fcn h\u0259bs q\u0259timkan t\u0259dbiri se\u00e7ilib\">Davam\u0131<\/a><\/p>\n","protected":false},"author":8,"featured_media":292721,"comment_status":"closed","ping_status":"closed","sticky":false,"template":"","format":"standard","meta":{"_acf_changed":false,"_sitemap_exclude":false,"_sitemap_priority":"","_sitemap_frequency":"","footnotes":""},"categories":[59,79,63,56],"tags":[],"class_list":["post-292711","post","type-post","status-publish","format-standard","has-post-thumbnail","hentry","category-siyaset","category-featured","category-video-2","category-xeberler","infinite-scroll-item","generate-columns","tablet-grid-50","mobile-grid-100","grid-parent","grid-33","no-featured-image-padding"],"acf":[],"yoast_head":"<!-- This site is optimized with the Yoast SEO plugin v27.4 - https:\/\/yoast.com\/product\/yoast-seo-wordpress\/ -->\n<title>Reportyor Teymur K\u0259rimov \u00fc\u00e7\u00fcn h\u0259bs q\u0259timkan t\u0259dbiri se\u00e7ilib - MEYDAN.TV<\/title>\n<meta name=\"robots\" content=\"index, follow, max-snippet:-1, max-image-preview:large, max-video-preview:-1\" \/>\n<link rel=\"canonical\" href=\"https:\/\/www.meydan.tv\/az\/article\/reportyor-teymur-kerimov-ucun-hebs-qetimkan-tedbiri-secilib\/\" \/>\n<meta property=\"og:locale\" content=\"az_AZ\" \/>\n<meta property=\"og:type\" content=\"article\" \/>\n<meta property=\"og:title\" content=\"Reportyor Teymur K\u0259rimov \u00fc\u00e7\u00fcn h\u0259bs q\u0259timkan t\u0259dbiri se\u00e7ilib - MEYDAN.TV\" \/>\n<meta property=\"og:description\" content=\"Jurnalist narkotiki \u00fcz\u0259rin\u0259 g\u00f6t\u00fcrm\u0259diyi \u00fc\u00e7\u00fcn d\u00f6y\u00fcld\u00fcy\u00fcn\u00fc deyib Dekabr\u0131n 11-d\u0259 saxlan\u0131lan ... Davam\u0131\" \/>\n<meta property=\"og:url\" content=\"https:\/\/www.meydan.tv\/az\/article\/reportyor-teymur-kerimov-ucun-hebs-qetimkan-tedbiri-secilib\/\" \/>\n<meta property=\"og:site_name\" content=\"MEYDAN.TV\" \/>\n<meta property=\"article:published_time\" content=\"2023-12-12T17:48:37+00:00\" \/>\n<meta property=\"article:modified_time\" content=\"2023-12-12T19:33:40+00:00\" \/>\n<meta property=\"og:image\" content=\"https:\/\/www.meydan.tv\/wp-content\/uploads\/img_8170-e1702404041716.jpg\" \/>\n\t<meta property=\"og:image:width\" content=\"1200\" \/>\n\t<meta property=\"og:image:height\" content=\"700\" \/>\n\t<meta property=\"og:image:type\" content=\"image\/jpeg\" \/>\n<meta name=\"author\" content=\"elli\" \/>\n<meta name=\"twitter:card\" content=\"summary_large_image\" \/>\n<meta name=\"twitter:creator\" content=\"@elli\" \/>\n<script type=\"application\/ld+json\" class=\"yoast-schema-graph\">{\"@context\":\"https:\\\/\\\/schema.org\",\"@graph\":[{\"@type\":\"Article\",\"@id\":\"https:\\\/\\\/www.meydan.tv\\\/az\\\/article\\\/reportyor-teymur-kerimov-ucun-hebs-qetimkan-tedbiri-secilib\\\/#article\",\"isPartOf\":{\"@id\":\"https:\\\/\\\/www.meydan.tv\\\/az\\\/article\\\/reportyor-teymur-kerimov-ucun-hebs-qetimkan-tedbiri-secilib\\\/\"},\"author\":{\"name\":\"elli\",\"@id\":\"https:\\\/\\\/www.meydan.tv\\\/az\\\/#\\\/schema\\\/person\\\/9cdbecf90d17180ce1dfbd95b08dcf47\"},\"headline\":\"Reportyor Teymur K\u0259rimov \u00fc\u00e7\u00fcn h\u0259bs q\u0259timkan t\u0259dbiri se\u00e7ilib\",\"datePublished\":\"2023-12-12T17:48:37+00:00\",\"dateModified\":\"2023-12-12T19:33:40+00:00\",\"mainEntityOfPage\":{\"@id\":\"https:\\\/\\\/www.meydan.tv\\\/az\\\/article\\\/reportyor-teymur-kerimov-ucun-hebs-qetimkan-tedbiri-secilib\\\/\"},\"wordCount\":746,\"publisher\":{\"@id\":\"https:\\\/\\\/www.meydan.tv\\\/az\\\/#organization\"},\"image\":{\"@id\":\"https:\\\/\\\/www.meydan.tv\\\/az\\\/article\\\/reportyor-teymur-kerimov-ucun-hebs-qetimkan-tedbiri-secilib\\\/#primaryimage\"},\"thumbnailUrl\":\"https:\\\/\\\/www.meydan.tv\\\/wp-content\\\/uploads\\\/img_8170-e1702404041716.jpg\",\"articleSection\":[\"Siyas\u0259t\",\"T\u00f6vsiy\u0259\",\"Video\",\"X\u0259b\u0259rl\u0259r\"],\"inLanguage\":\"az\"},{\"@type\":\"WebPage\",\"@id\":\"https:\\\/\\\/www.meydan.tv\\\/az\\\/article\\\/reportyor-teymur-kerimov-ucun-hebs-qetimkan-tedbiri-secilib\\\/\",\"url\":\"https:\\\/\\\/www.meydan.tv\\\/az\\\/article\\\/reportyor-teymur-kerimov-ucun-hebs-qetimkan-tedbiri-secilib\\\/\",\"name\":\"Reportyor Teymur K\u0259rimov \u00fc\u00e7\u00fcn h\u0259bs q\u0259timkan t\u0259dbiri se\u00e7ilib - MEYDAN.TV\",\"isPartOf\":{\"@id\":\"https:\\\/\\\/www.meydan.tv\\\/az\\\/#website\"},\"primaryImageOfPage\":{\"@id\":\"https:\\\/\\\/www.meydan.tv\\\/az\\\/article\\\/reportyor-teymur-kerimov-ucun-hebs-qetimkan-tedbiri-secilib\\\/#primaryimage\"},\"image\":{\"@id\":\"https:\\\/\\\/www.meydan.tv\\\/az\\\/article\\\/reportyor-teymur-kerimov-ucun-hebs-qetimkan-tedbiri-secilib\\\/#primaryimage\"},\"thumbnailUrl\":\"https:\\\/\\\/www.meydan.tv\\\/wp-content\\\/uploads\\\/img_8170-e1702404041716.jpg\",\"datePublished\":\"2023-12-12T17:48:37+00:00\",\"dateModified\":\"2023-12-12T19:33:40+00:00\",\"breadcrumb\":{\"@id\":\"https:\\\/\\\/www.meydan.tv\\\/az\\\/article\\\/reportyor-teymur-kerimov-ucun-hebs-qetimkan-tedbiri-secilib\\\/#breadcrumb\"},\"inLanguage\":\"az\",\"potentialAction\":[{\"@type\":\"ReadAction\",\"target\":[\"https:\\\/\\\/www.meydan.tv\\\/az\\\/article\\\/reportyor-teymur-kerimov-ucun-hebs-qetimkan-tedbiri-secilib\\\/\"]}]},{\"@type\":\"ImageObject\",\"inLanguage\":\"az\",\"@id\":\"https:\\\/\\\/www.meydan.tv\\\/az\\\/article\\\/reportyor-teymur-kerimov-ucun-hebs-qetimkan-tedbiri-secilib\\\/#primaryimage\",\"url\":\"https:\\\/\\\/www.meydan.tv\\\/wp-content\\\/uploads\\\/img_8170-e1702404041716.jpg\",\"contentUrl\":\"https:\\\/\\\/www.meydan.tv\\\/wp-content\\\/uploads\\\/img_8170-e1702404041716.jpg\",\"width\":1200,\"height\":700,\"caption\":\"Foto: Teymur K\u0259rimovun \u015f\u0259xsi arxivind\u0259n\"},{\"@type\":\"BreadcrumbList\",\"@id\":\"https:\\\/\\\/www.meydan.tv\\\/az\\\/article\\\/reportyor-teymur-kerimov-ucun-hebs-qetimkan-tedbiri-secilib\\\/#breadcrumb\",\"itemListElement\":[{\"@type\":\"ListItem\",\"position\":1,\"name\":\"Ana s\u0259hif\u0259\",\"item\":\"https:\\\/\\\/www.meydan.tv\\\/az\\\/\"},{\"@type\":\"ListItem\",\"position\":2,\"name\":\"Siyas\u0259t\",\"item\":\"https:\\\/\\\/www.meydan.tv\\\/az\\\/section\\\/siyaset\\\/\"},{\"@type\":\"ListItem\",\"position\":3,\"name\":\"Reportyor Teymur K\u0259rimov \u00fc\u00e7\u00fcn h\u0259bs q\u0259timkan t\u0259dbiri se\u00e7ilib\"}]},{\"@type\":\"WebSite\",\"@id\":\"https:\\\/\\\/www.meydan.tv\\\/az\\\/#website\",\"url\":\"https:\\\/\\\/www.meydan.tv\\\/az\\\/\",\"name\":\"MEYDAN.TV\",\"description\":\"Meydan TV Az\u0259rbaycan\u0131n media m\u0259kan\u0131ndak\u0131 alternativ s\u0259sidir\",\"publisher\":{\"@id\":\"https:\\\/\\\/www.meydan.tv\\\/az\\\/#organization\"},\"potentialAction\":[{\"@type\":\"SearchAction\",\"target\":{\"@type\":\"EntryPoint\",\"urlTemplate\":\"https:\\\/\\\/www.meydan.tv\\\/az\\\/?s={search_term_string}\"},\"query-input\":{\"@type\":\"PropertyValueSpecification\",\"valueRequired\":true,\"valueName\":\"search_term_string\"}}],\"inLanguage\":\"az\"},{\"@type\":\"Organization\",\"@id\":\"https:\\\/\\\/www.meydan.tv\\\/az\\\/#organization\",\"name\":\"Meydan TV\",\"url\":\"https:\\\/\\\/www.meydan.tv\\\/az\\\/\",\"logo\":{\"@type\":\"ImageObject\",\"inLanguage\":\"az\",\"@id\":\"https:\\\/\\\/www.meydan.tv\\\/az\\\/#\\\/schema\\\/logo\\\/image\\\/\",\"url\":\"https:\\\/\\\/www.meydan.tv\\\/wp-content\\\/uploads\\\/2021\\\/07\\\/meydan-logo.svg\",\"contentUrl\":\"https:\\\/\\\/www.meydan.tv\\\/wp-content\\\/uploads\\\/2021\\\/07\\\/meydan-logo.svg\",\"width\":195,\"height\":46,\"caption\":\"Meydan TV\"},\"image\":{\"@id\":\"https:\\\/\\\/www.meydan.tv\\\/az\\\/#\\\/schema\\\/logo\\\/image\\\/\"}},{\"@type\":\"Person\",\"@id\":\"https:\\\/\\\/www.meydan.tv\\\/az\\\/#\\\/schema\\\/person\\\/9cdbecf90d17180ce1dfbd95b08dcf47\",\"name\":\"elli\",\"sameAs\":[\"https:\\\/\\\/x.com\\\/elli\"]}]}<\/script>\n<!-- \/ Yoast SEO plugin. -->","yoast_head_json":{"title":"Reportyor Teymur K\u0259rimov \u00fc\u00e7\u00fcn h\u0259bs q\u0259timkan t\u0259dbiri se\u00e7ilib - MEYDAN.TV","robots":{"index":"index","follow":"follow","max-snippet":"max-snippet:-1","max-image-preview":"max-image-preview:large","max-video-preview":"max-video-preview:-1"},"canonical":"https:\/\/www.meydan.tv\/az\/article\/reportyor-teymur-kerimov-ucun-hebs-qetimkan-tedbiri-secilib\/","og_locale":"az_AZ","og_type":"article","og_title":"Reportyor Teymur K\u0259rimov \u00fc\u00e7\u00fcn h\u0259bs q\u0259timkan t\u0259dbiri se\u00e7ilib - MEYDAN.TV","og_description":"Jurnalist narkotiki \u00fcz\u0259rin\u0259 g\u00f6t\u00fcrm\u0259diyi \u00fc\u00e7\u00fcn d\u00f6y\u00fcld\u00fcy\u00fcn\u00fc deyib Dekabr\u0131n 11-d\u0259 saxlan\u0131lan ... Davam\u0131","og_url":"https:\/\/www.meydan.tv\/az\/article\/reportyor-teymur-kerimov-ucun-hebs-qetimkan-tedbiri-secilib\/","og_site_name":"MEYDAN.TV","article_published_time":"2023-12-12T17:48:37+00:00","article_modified_time":"2023-12-12T19:33:40+00:00","og_image":[{"width":1200,"height":700,"url":"https:\/\/www.meydan.tv\/wp-content\/uploads\/img_8170-e1702404041716.jpg","type":"image\/jpeg"}],"author":"elli","twitter_card":"summary_large_image","twitter_creator":"@elli","schema":{"@context":"https:\/\/schema.org","@graph":[{"@type":"Article","@id":"https:\/\/www.meydan.tv\/az\/article\/reportyor-teymur-kerimov-ucun-hebs-qetimkan-tedbiri-secilib\/#article","isPartOf":{"@id":"https:\/\/www.meydan.tv\/az\/article\/reportyor-teymur-kerimov-ucun-hebs-qetimkan-tedbiri-secilib\/"},"author":{"name":"elli","@id":"https:\/\/www.meydan.tv\/az\/#\/schema\/person\/9cdbecf90d17180ce1dfbd95b08dcf47"},"headline":"Reportyor Teymur K\u0259rimov \u00fc\u00e7\u00fcn h\u0259bs q\u0259timkan t\u0259dbiri se\u00e7ilib","datePublished":"2023-12-12T17:48:37+00:00","dateModified":"2023-12-12T19:33:40+00:00","mainEntityOfPage":{"@id":"https:\/\/www.meydan.tv\/az\/article\/reportyor-teymur-kerimov-ucun-hebs-qetimkan-tedbiri-secilib\/"},"wordCount":746,"publisher":{"@id":"https:\/\/www.meydan.tv\/az\/#organization"},"image":{"@id":"https:\/\/www.meydan.tv\/az\/article\/reportyor-teymur-kerimov-ucun-hebs-qetimkan-tedbiri-secilib\/#primaryimage"},"thumbnailUrl":"https:\/\/www.meydan.tv\/wp-content\/uploads\/img_8170-e1702404041716.jpg","articleSection":["Siyas\u0259t","T\u00f6vsiy\u0259","Video","X\u0259b\u0259rl\u0259r"],"inLanguage":"az"},{"@type":"WebPage","@id":"https:\/\/www.meydan.tv\/az\/article\/reportyor-teymur-kerimov-ucun-hebs-qetimkan-tedbiri-secilib\/","url":"https:\/\/www.meydan.tv\/az\/article\/reportyor-teymur-kerimov-ucun-hebs-qetimkan-tedbiri-secilib\/","name":"Reportyor Teymur K\u0259rimov \u00fc\u00e7\u00fcn h\u0259bs q\u0259timkan t\u0259dbiri se\u00e7ilib - MEYDAN.TV","isPartOf":{"@id":"https:\/\/www.meydan.tv\/az\/#website"},"primaryImageOfPage":{"@id":"https:\/\/www.meydan.tv\/az\/article\/reportyor-teymur-kerimov-ucun-hebs-qetimkan-tedbiri-secilib\/#primaryimage"},"image":{"@id":"https:\/\/www.meydan.tv\/az\/article\/reportyor-teymur-kerimov-ucun-hebs-qetimkan-tedbiri-secilib\/#primaryimage"},"thumbnailUrl":"https:\/\/www.meydan.tv\/wp-content\/uploads\/img_8170-e1702404041716.jpg","datePublished":"2023-12-12T17:48:37+00:00","dateModified":"2023-12-12T19:33:40+00:00","breadcrumb":{"@id":"https:\/\/www.meydan.tv\/az\/article\/reportyor-teymur-kerimov-ucun-hebs-qetimkan-tedbiri-secilib\/#breadcrumb"},"inLanguage":"az","potentialAction":[{"@type":"ReadAction","target":["https:\/\/www.meydan.tv\/az\/article\/reportyor-teymur-kerimov-ucun-hebs-qetimkan-tedbiri-secilib\/"]}]},{"@type":"ImageObject","inLanguage":"az","@id":"https:\/\/www.meydan.tv\/az\/article\/reportyor-teymur-kerimov-ucun-hebs-qetimkan-tedbiri-secilib\/#primaryimage","url":"https:\/\/www.meydan.tv\/wp-content\/uploads\/img_8170-e1702404041716.jpg","contentUrl":"https:\/\/www.meydan.tv\/wp-content\/uploads\/img_8170-e1702404041716.jpg","width":1200,"height":700,"caption":"Foto: Teymur K\u0259rimovun \u015f\u0259xsi arxivind\u0259n"},{"@type":"BreadcrumbList","@id":"https:\/\/www.meydan.tv\/az\/article\/reportyor-teymur-kerimov-ucun-hebs-qetimkan-tedbiri-secilib\/#breadcrumb","itemListElement":[{"@type":"ListItem","position":1,"name":"Ana s\u0259hif\u0259","item":"https:\/\/www.meydan.tv\/az\/"},{"@type":"ListItem","position":2,"name":"Siyas\u0259t","item":"https:\/\/www.meydan.tv\/az\/section\/siyaset\/"},{"@type":"ListItem","position":3,"name":"Reportyor Teymur K\u0259rimov \u00fc\u00e7\u00fcn h\u0259bs q\u0259timkan t\u0259dbiri se\u00e7ilib"}]},{"@type":"WebSite","@id":"https:\/\/www.meydan.tv\/az\/#website","url":"https:\/\/www.meydan.tv\/az\/","name":"MEYDAN.TV","description":"Meydan TV Az\u0259rbaycan\u0131n media m\u0259kan\u0131ndak\u0131 alternativ s\u0259sidir","publisher":{"@id":"https:\/\/www.meydan.tv\/az\/#organization"},"potentialAction":[{"@type":"SearchAction","target":{"@type":"EntryPoint","urlTemplate":"https:\/\/www.meydan.tv\/az\/?s={search_term_string}"},"query-input":{"@type":"PropertyValueSpecification","valueRequired":true,"valueName":"search_term_string"}}],"inLanguage":"az"},{"@type":"Organization","@id":"https:\/\/www.meydan.tv\/az\/#organization","name":"Meydan TV","url":"https:\/\/www.meydan.tv\/az\/","logo":{"@type":"ImageObject","inLanguage":"az","@id":"https:\/\/www.meydan.tv\/az\/#\/schema\/logo\/image\/","url":"https:\/\/www.meydan.tv\/wp-content\/uploads\/2021\/07\/meydan-logo.svg","contentUrl":"https:\/\/www.meydan.tv\/wp-content\/uploads\/2021\/07\/meydan-logo.svg","width":195,"height":46,"caption":"Meydan TV"},"image":{"@id":"https:\/\/www.meydan.tv\/az\/#\/schema\/logo\/image\/"}},{"@type":"Person","@id":"https:\/\/www.meydan.tv\/az\/#\/schema\/person\/9cdbecf90d17180ce1dfbd95b08dcf47","name":"elli","sameAs":["https:\/\/x.com\/elli"]}]}},"_links":{"self":[{"href":"https:\/\/www.meydan.tv\/az\/wp-json\/wp\/v2\/posts\/292711","targetHints":{"allow":["GET"]}}],"collection":[{"href":"https:\/\/www.meydan.tv\/az\/wp-json\/wp\/v2\/posts"}],"about":[{"href":"https:\/\/www.meydan.tv\/az\/wp-json\/wp\/v2\/types\/post"}],"author":[{"embeddable":true,"href":"https:\/\/www.meydan.tv\/az\/wp-json\/wp\/v2\/users\/8"}],"replies":[{"embeddable":true,"href":"https:\/\/www.meydan.tv\/az\/wp-json\/wp\/v2\/comments?post=292711"}],"version-history":[{"count":5,"href":"https:\/\/www.meydan.tv\/az\/wp-json\/wp\/v2\/posts\/292711\/revisions"}],"predecessor-version":[{"id":292739,"href":"https:\/\/www.meydan.tv\/az\/wp-json\/wp\/v2\/posts\/292711\/revisions\/292739"}],"wp:featuredmedia":[{"embeddable":true,"href":"https:\/\/www.meydan.tv\/az\/wp-json\/wp\/v2\/media\/292721"}],"wp:attachment":[{"href":"https:\/\/www.meydan.tv\/az\/wp-json\/wp\/v2\/media?parent=292711"}],"wp:term":[{"taxonomy":"category","embeddable":true,"href":"https:\/\/www.meydan.tv\/az\/wp-json\/wp\/v2\/categories?post=292711"},{"taxonomy":"post_tag","embeddable":true,"href":"https:\/\/www.meydan.tv\/az\/wp-json\/wp\/v2\/tags?post=292711"}],"curies":[{"name":"wp","href":"https:\/\/api.w.org\/{rel}","templated":true}]}}