{"id":292691,"date":"2023-12-12T16:11:36","date_gmt":"2023-12-12T12:11:36","guid":{"rendered":"https:\/\/www.meydan.tv\/?p=292691"},"modified":"2023-12-13T15:19:51","modified_gmt":"2023-12-13T11:19:51","slug":"smdt-seckilerle-bagli-beyanat-yaydi-siyasi-mehbsulara-azadliq-istedi","status":"publish","type":"post","link":"https:\/\/www.meydan.tv\/az\/article\/smdt-seckilerle-bagli-beyanat-yaydi-siyasi-mehbsulara-azadliq-istedi\/","title":{"rendered":"SMDT se\u00e7kil\u0259rl\u0259 ba\u011fl\u0131 b\u0259yanat yayd\u0131, siyasi m\u0259hbuslara azadl\u0131q ist\u0259di"},"content":{"rendered":"\n<p><\/p>\n\n\n\n<p><strong><em>&#8220;Se\u00e7kil\u0259rin n\u00f6vb\u0259d\u0259nk\u0259nar qaydada ke\u00e7rilm\u0259si il\u0259 ba\u011fl\u0131 \u0259sasl\u0131 v\u0259 m\u0259ntiqli izahat verilm\u0259yib&#8221;<\/em><\/strong><\/p>\n\n\n\n<p>Se\u00e7kil\u0259rin Monitorinqi v\u0259 Demokratiyan\u0131n T\u0259drisi M\u0259rk\u0259zi (SMDT) 2024-c\u00fc ilin 7 fevral tarixind\u0259 n\u00f6vb\u0259d\u0259nk\u0259nar Prezident se\u00e7kisi t\u0259yin edilm\u0259si il\u0259 ba\u011fl\u0131 b\u0259yanat yay\u0131b.<\/p>\n\n\n\n<p>M\u0259rk\u0259z hesab edir ki, m\u00fcvafiq s\u0259r\u0259ncamda tutarl\u0131 siyasi ehtiyaclar g\u00f6st\u0259rilm\u0259yib v\u0259 c\u0259miyy\u0259td\u0259 a\u00e7\u0131q ictimai m\u00fczakir\u0259l\u0259r apar\u0131lmay\u0131b:<\/p>\n\n\n\n<p>&#8220;<em>O c\u00fcml\u0259d\u0259n, se\u00e7kinin 15 ay tez ke\u00e7irilm\u0259si siyasi partiyalar v\u0259 prezidentliy\u0259 namiz\u0259dlik iddias\u0131nda olan \u015f\u0259xsl\u0259rin i\u015ftirak\u0131n\u0131, v\u0259t\u0259nda\u015f c\u0259miyy\u0259ti qurumlar\u0131 v\u0259 beyn\u0259lxalq se\u00e7ki m\u00fc\u015fahid\u0259 t\u0259\u015fkilatlar\u0131n\u0131n haz\u0131rl\u0131\u011f\u0131n\u0131 \u00e7\u0259tinl\u0259\u015fdirib. Bununla da Az\u0259rbaycan\u0131n qo\u015fuldu\u011fu beyn\u0259lxalq s\u0259n\u0259dl\u0259rd\u0259 t\u0259sbit olunmu\u015f &#8220;se\u00e7kil\u0259rin a\u011flabatan aral\u0131qda v\u0259 m\u00fcdd\u0259td\u0259 ke\u00e7irilm\u0259sin\u0259 dair&#8221; m\u00fcdd\u0259alar&nbsp; g\u00f6zl\u0259nilm\u0259yib, se\u00e7kil\u0259rin n\u00f6vb\u0259d\u0259nk\u0259nar qaydada ke\u00e7rilm\u0259si il\u0259 ba\u011fl\u0131 \u0259sasl\u0131 v\u0259 m\u0259ntiqli izahat verilm\u0259yib&#8221;.<\/em><\/p>\n\n\n\n<p>B\u0259yanatda yada sal\u0131n\u0131b ki, n\u00f6vb\u0259d\u0259nk\u0259nar se\u00e7kinin t\u0259yin edilm\u0259si h\u00fcququ milli qanunvericliy\u0259 26 sentyabr 2016-c\u0131 ild\u0259 ke\u00e7irilmi\u015f referendumdan sonra g\u0259tirilib:<\/p>\n\n\n\n<p><em>&#8220;H\u0259min referenduma \u00e7\u0131xar\u0131lan d\u00fcz\u0259li\u015fl\u0259rl\u0259 ba\u011fl\u0131 Avropa \u015euras\u0131 Venesiya Komissiyas\u0131n\u0131n r\u0259yind\u0259 d\u0259yi\u015fiklikl\u0259rin motivl\u0259rinin ayd\u0131n olmad\u0131\u011f\u0131, referendum akt\u0131n\u0131n m\u00fczakir\u0259sin\u0259 parlamentin c\u0259lb edilm\u0259m\u0259si v\u0259 konstitusion d\u00fcz\u0259li\u015fl\u0259rin q\u00fcvv\u0259y\u0259 minm\u0259si qaydas\u0131 il\u0259 ba\u011fl\u0131 t\u0259nziml\u0259m\u0259nin olmamas\u0131 t\u0259nqid edilib&#8221;.<\/em><\/p>\n\n\n\n<p>SMDT Avropa \u015euras\u0131na \u00fczv \u00f6lk\u0259l\u0259rin t\u0259cr\u00fcb\u0259sin\u0259 istinad ed\u0259r\u0259k n\u00f6vb\u0259d\u0259nk\u0259nar se\u00e7kil\u0259rin ke\u00e7irilm\u0259si il\u0259 ba\u011fl\u0131 yet\u0259rinc\u0259 m\u00fcst\u0259sna hallar\u0131n oldu\u011funu, habel\u0259 bu s\u0259lahiyy\u0259td\u0259n istifad\u0259 h\u00fcququnun m\u00fcst\u0259sna \u015f\u0259rtl\u0259r \u00e7\u0259r\u00e7iv\u0259sind\u0259 t\u0259tbiq edildiyini vur\u011fulay\u0131b:<\/p>\n\n\n\n<p>&#8220;<em>Ancaq Az\u0259rbaycan Konstitusiyas\u0131n\u0131n 101-ci madd\u0259sinin I hiss\u0259sind\u0259 bel\u0259 m\u00fcst\u0259sna qaydalar v\u0259 \u015f\u0259rtl\u0259r g\u00f6st\u0259rilm\u0259yib, bununla da prezident\u0259 konkret v\u0259 x\u00fcsusi \u0259saslar g\u00f6st\u0259rm\u0259d\u0259n n\u00f6vb\u0259d\u0259nk\u0259nar se\u00e7kil\u0259r ke\u00e7irm\u0259k s\u0259lahiyy\u0259ti verilib. Bel\u0259likl\u0259, Konstitusiyan\u0131n 101-ci madd\u0259sinin birinci hiss\u0259si n\u00f6vb\u0259d\u0259nk\u0259nar se\u00e7kil\u0259rin elan edilm\u0259si il\u0259 ba\u011fl\u0131 m\u00fcst\u0259sna \u015f\u0259rtl\u0259r v\u0259 qaydalar\u0131 m\u00fc\u0259yy\u0259n etm\u0259diyind\u0259n bu s\u0259lahiyy\u0259tin \u00f6z\u00fc Avropa se\u00e7ki t\u0259cr\u00fcb\u0259si il\u0259 ziddiy\u0259t t\u0259\u015fkil edir&#8221;.<\/em><\/p>\n\n\n<div class=\"wp-block-image\">\n<figure class=\"alignleft size-large is-resized\"><img decoding=\"async\" width=\"1074\" height=\"821\" data-src=\"https:\/\/www.meydan.tv\/wp-content\/uploads\/sezki-1074x821.jpg\" alt=\"Se\u00e7kil\u0259rin Monitorinqi v\u0259 Demokratiyan\u0131n T\u0259drisi M\u0259rk\u0259zi\" class=\"wp-image-131151 lazyload\" style=\"--smush-placeholder-width: 1074px; --smush-placeholder-aspect-ratio: 1074\/821;width:392px;height:auto\" src=\"data:image\/svg+xml;base64,PHN2ZyB3aWR0aD0iMSIgaGVpZ2h0PSIxIiB4bWxucz0iaHR0cDovL3d3dy53My5vcmcvMjAwMC9zdmciPjwvc3ZnPg==\" \/><figcaption class=\"wp-element-caption\">Source: Foto: Meydan TV<\/figcaption><\/figure>\n<\/div>\n\n\n<p>M\u0259rk\u0259z indiki repressiya \u015f\u0259raitinin se\u00e7ki prosesind\u0259 demokratik \u015f\u0259raitin t\u0259min edilm\u0259sini \u00e7\u0259tinl\u0259\u015fdirdiyini bildirib:<\/p>\n\n\n\n<p>&#8220;<em>T\u0259\u0259ss\u00fcf ki, haz\u0131rda jurnalist, ictimai f\u0259al v\u0259 siyasi partiya t\u0259msil\u00e7il\u0259rinin oldu\u011fu 200 n\u0259f\u0259r\u0259 yax\u0131n siyasi m\u0259hbusun h\u0259bsd\u0259 saxlanmas\u0131, ifad\u0259 azadl\u0131\u011f\u0131n\u0131 m\u0259hdudla\u015fd\u0131ran add\u0131mlar, o c\u00fcml\u0259d\u0259n yeni \u201cMedia haqq\u0131nda\u201d v\u0259 \u201cSiyasi partiyalar haqq\u0131nda\u201d qanunlar, m\u00fcst\u0259qil internet TV v\u0259\u00a0 veb s\u0259hif\u0259l\u0259rin bloklanmas\u0131, sosial media f\u0259allar\u0131n\u0131n k\u00fctl\u0259vi \u015f\u0259kild\u0259 t\u0259qib edilm\u0259si n\u00f6vb\u0259d\u0259nk\u0259nar Prezident se\u00e7kisi \u0259r\u0259f\u0259sind\u0259 v\u0259t\u0259nda\u015f i\u015ftirak\u00e7\u0131l\u0131\u011f\u0131n\u0131 m\u0259hdudla\u015fd\u0131r\u0131r, se\u00e7ki prosesi il\u0259 ba\u011fl\u0131 demokratik \u015f\u0259raitin t\u0259min olunmas\u0131n\u0131 \u00e7\u0259tinl\u0259\u015fdirir. Bununla yana\u015f\u0131 v\u0259t\u0259nda\u015f c\u0259miyy\u0259ti v\u0259 h\u00fcquq m\u00fcdafi\u0259 t\u0259\u015fkilatlar\u0131na qar\u015f\u0131 davam ed\u0259n h\u00fcquqi-siyasi t\u0259zyiql\u0259r se\u00e7icil\u0259rin maarifl\u0259ndirilm\u0259si, se\u00e7ki h\u00fcquqlar\u0131n\u0131n m\u00fcdafi\u0259si v\u0259 yerli se\u00e7ki m\u00fc\u015fahid\u0259\u00e7iliyinin t\u0259\u015fkili il\u0259 ba\u011fl\u0131 \u00e7al\u0131\u015fmaq imkanlar\u0131n\u0131 t\u00fck\u0259ndirib&#8221;.<\/em><\/p>\n\n\n\n<p>SMDT h\u0259m\u00e7inin \u0259vv\u0259lki se\u00e7kil\u0259rl\u0259 ba\u011fl\u0131 AT\u018fT-in Demokratik T\u0259sisatlar v\u0259 \u0130nsan H\u00fcquqlar\u0131 B\u00fcrosunun 50-d\u0259n art\u0131q t\u00f6vsiy\u0259sinin, Avropa \u015euras\u0131 Venesiya Komissiyas\u0131n\u0131n iki r\u0259yinin v\u0259 Avropa \u0130nsan H\u00fcquqlar\u0131 M\u0259hk\u0259m\u0259sinin se\u00e7ki h\u00fcquqlar\u0131n\u0131n pozulmas\u0131 \u00fczr\u0259 50-d\u0259n art\u0131q q\u0259rar\u0131n\u0131n icra olunmad\u0131\u011f\u0131n\u0131 qeyd edib:<\/p>\n\n\n\n<p>&#8220;<em>N\u00f6vb\u0259d\u0259nk\u0259nar Prezident se\u00e7kisi \u0259r\u0259f\u0259sind\u0259 \u00f6lk\u0259d\u0259 r\u0259qab\u0259tli siyasi m\u00fchitin yarad\u0131lmas\u0131, ifad\u0259 azadl\u0131\u011f\u0131, s\u0259rb\u0259st topla\u015fmaq v\u0259 birl\u0259\u015fm\u0259k h\u00fcququnun t\u0259min olunmas\u0131, media, siyasi partiyalar v\u0259 v\u0259t\u0259nda\u015f c\u0259miyy\u0259ti institutlar\u0131na f\u0259aliyy\u0259t imkanlar\u0131n\u0131n yarad\u0131lmas\u0131 t\u0259min edilm\u0259yib. Se\u00e7ki \u0259r\u0259f\u0259sind\u0259 h\u0259ll edilm\u0259si vacib m\u0259s\u0259l\u0259l\u0259rd\u0259n biri d\u0259 se\u00e7icil\u0259rin qeydiyyat\u0131 il\u0259 ba\u011fl\u0131 bu sah\u0259d\u0259 m\u00f6vcud olan m\u00fcr\u0259kk\u0259b mexanizmin sad\u0259l\u0259\u015fdirlm\u0259si, se\u00e7icil\u0259rin say\u0131 il\u0259 ba\u011fl\u0131 h\u0259qiqi v\u0259 a\u015fkar hesablamalar\u0131n apar\u0131lmas\u0131d\u0131r. Ancaq t\u0259\u0259ss\u00fcf ki, SMDT-nin 2009-cu ild\u0259n ba\u015flayaraq D\u00f6vl\u0259t Statistika Komit\u0259sin\u0131n 18 ya\u015fdan yuxar\u0131 \u0259hali il\u0259 MSK-n\u0131n a\u00e7\u0131qlad\u0131\u011f\u0131 se\u00e7ici siyah\u0131lar\u0131 aras\u0131nda uy\u011funsuzluqla ba\u011fl\u0131 iradlar\u0131na diqq\u0259t yetirilm\u0259yib&#8221;.<\/em><\/p>\n\n\n\n<p>SMDT 7 fevral n\u00f6vb\u0259d\u0259nk\u0259nar Prezident se\u00e7kisinin azad, \u015f\u0259ffaf v\u0259 r\u0259qab\u0259tli qaydada ke\u00e7irilm\u0259si \u00fc\u00e7\u00fcn yerli v\u0259 beyn\u0259lxalq h\u00fcquq m\u00fcdafi\u0259 t\u0259\u015fkilatlar\u0131n\u0131n siyasi m\u0259hbus hesab etdiyi \u015f\u0259xsl\u0259rin azad edilm\u0259sini vacib say\u0131b:<\/p>\n\n\n\n<p>&#8220;<em>Bundan \u0259lav\u0259 siyasi partiyalara \u00f6z toplant\u0131 v\u0259 y\u0131\u011f\u0131ncaqlar\u0131n\u0131, habel\u0259 dinc etiraz aksiyalar\u0131n\u0131 ke\u00e7irm\u0259k h\u00fcquqlar\u0131 tan\u0131ns\u0131n; yerli v\u0259 beyn\u0259lxalq QHT-l\u0259rin \u00f6lk\u0259d\u0259 s\u0259rb\u0259st \u015f\u0259kild\u0259 f\u0259aliyy\u0259tini \u0259ng\u0259ll\u0259y\u0259n qanunlara demokratik d\u0259yi\u015fiklikl\u0259r edilsin, v\u0259t\u0259nda\u015f c\u0259miyy\u0259ti f\u0259allar\u0131na qar\u015f\u0131 t\u0259qibl\u0259r\u0259 son qoyulsun; jurnalistl\u0259r v\u0259 blogerl\u0259r\u0259 qar\u015f\u0131 t\u0259qibl\u0259r dayand\u0131r\u0131ls\u0131n, m\u00fcst\u0259qil v\u0259 m\u00fcxalif veb portallar\u0131n bloklanmas\u0131 t\u0259dbirl\u0259ri aradan qald\u0131r\u0131ls\u0131n; Az\u0259rbaycan hakimiyy\u0259ti AT\u018fT-in Demokratik T\u0259sisatlar v\u0259 \u0130nsan H\u00fcquqlar\u0131 B\u00fcrosu il\u0259 Avropa \u015euras\u0131 Parlament Assambleyas\u0131na m\u00fcraci\u0259t ed\u0259r\u0259k, h\u0259r iki qurumun beyn\u0259lxalq se\u00e7ki m\u00fc\u015fahid\u0259 missiyas\u0131n\u0131 \u00f6lk\u0259y\u0259 d\u0259v\u0259t el\u0259sin&#8221;<\/em>.<\/p>\n\n\n\n<p>\u00d6lk\u0259 ba\u015f\u00e7\u0131s\u0131 \u0130lham \u018fliyev dekabr\u0131n 7-d\u0259 Az\u0259rbaycanda n\u00f6vb\u0259d\u0259nk\u0259nar Prezident se\u00e7kil\u0259ri elan edilm\u0259si bar\u0259d\u0259 s\u0259r\u0259ncam<a href=\"https:\/\/storage.googleapis.com\/qurium\/www.meydan.tv\/az-article-gelen-il-novbedenkenar-prezident-seckisi-kecirilecek.html\"> imzalay\u0131b.<\/a><\/p>\n\n\n\n<p>S\u0259r\u0259ncamla 2024-c\u00fc il fevral\u0131n 7-d\u0259 Az\u0259rbaycanda n\u00f6vb\u0259d\u0259nk\u0259nar Prezident se\u00e7kil\u0259ri ke\u00e7iril\u0259c\u0259k.<\/p>\n\n\n\n<p>Bu g\u00fcn hakim Yeni Az\u0259rbaycan Partiyas\u0131 7 fevral se\u00e7kisind\u0259 haz\u0131rk\u0131 Prezident \u0130lham \u018fliyevin namiz\u0259dliyini ir\u0259li s\u00fcr\u0259c\u0259kl\u0259rini <a href=\"https:\/\/www.meydan.tv\/az\/article\/yap-yene-ilham-eliyevin-namizedliyini-ireli-sureceyini-deyir\/\">a\u00e7\u0131qlay\u0131b.<\/a><\/p>\n\n\n\n<p>\u0130lham \u018fliyev 2003-c\u00fc ild\u0259n YAP-\u0131n namiz\u0259di olaraq Az\u0259rbaycan Prezidentidir.<\/p>\n\n\n\n<p>O, 20 ildir ki, bu v\u0259zif\u0259ni icra edir.<\/p>\n","protected":false},"excerpt":{"rendered":"<p>&#8220;Se\u00e7kil\u0259rin n\u00f6vb\u0259d\u0259nk\u0259nar qaydada ke\u00e7rilm\u0259si il\u0259 ba\u011fl\u0131 \u0259sasl\u0131 v\u0259 m\u0259ntiqli izahat &#8230; <\/p>\n<p class=\"read-more-container\"><a title=\"SMDT se\u00e7kil\u0259rl\u0259 ba\u011fl\u0131 b\u0259yanat yayd\u0131, siyasi m\u0259hbuslara azadl\u0131q ist\u0259di\" class=\"read-more button\" href=\"https:\/\/www.meydan.tv\/az\/article\/smdt-seckilerle-bagli-beyanat-yaydi-siyasi-mehbsulara-azadliq-istedi\/#more-292691\" aria-label=\"Read more about SMDT se\u00e7kil\u0259rl\u0259 ba\u011fl\u0131 b\u0259yanat yayd\u0131, siyasi m\u0259hbuslara azadl\u0131q ist\u0259di\">Davam\u0131<\/a><\/p>\n","protected":false},"author":8,"featured_media":137211,"comment_status":"closed","ping_status":"closed","sticky":false,"template":"","format":"standard","meta":{"_acf_changed":false,"_sitemap_exclude":false,"_sitemap_priority":"","_sitemap_frequency":"","footnotes":""},"categories":[109,129,59,79,56],"tags":[],"class_list":["post-292691","post","type-post","status-publish","format-standard","has-post-thumbnail","hentry","category-pinned-az","category-sechki-2024","category-siyaset","category-featured","category-xeberler","infinite-scroll-item","generate-columns","tablet-grid-50","mobile-grid-100","grid-parent","grid-33","no-featured-image-padding"],"acf":[],"yoast_head":"<!-- This site is optimized with the Yoast SEO plugin v27.4 - https:\/\/yoast.com\/product\/yoast-seo-wordpress\/ -->\n<title>SMDT se\u00e7kil\u0259rl\u0259 ba\u011fl\u0131 b\u0259yanat yayd\u0131, siyasi m\u0259hbuslara azadl\u0131q ist\u0259di - MEYDAN.TV<\/title>\n<meta name=\"robots\" content=\"index, follow, max-snippet:-1, max-image-preview:large, max-video-preview:-1\" \/>\n<link rel=\"canonical\" href=\"https:\/\/www.meydan.tv\/az\/article\/smdt-seckilerle-bagli-beyanat-yaydi-siyasi-mehbsulara-azadliq-istedi\/\" \/>\n<meta property=\"og:locale\" content=\"az_AZ\" \/>\n<meta property=\"og:type\" content=\"article\" \/>\n<meta property=\"og:title\" content=\"SMDT se\u00e7kil\u0259rl\u0259 ba\u011fl\u0131 b\u0259yanat yayd\u0131, siyasi m\u0259hbuslara azadl\u0131q ist\u0259di - MEYDAN.TV\" \/>\n<meta property=\"og:description\" content=\"&#8220;Se\u00e7kil\u0259rin n\u00f6vb\u0259d\u0259nk\u0259nar qaydada ke\u00e7rilm\u0259si il\u0259 ba\u011fl\u0131 \u0259sasl\u0131 v\u0259 m\u0259ntiqli izahat ... Davam\u0131\" \/>\n<meta property=\"og:url\" content=\"https:\/\/www.meydan.tv\/az\/article\/smdt-seckilerle-bagli-beyanat-yaydi-siyasi-mehbsulara-azadliq-istedi\/\" \/>\n<meta property=\"og:site_name\" content=\"MEYDAN.TV\" \/>\n<meta property=\"article:published_time\" content=\"2023-12-12T12:11:36+00:00\" \/>\n<meta property=\"article:modified_time\" content=\"2023-12-13T11:19:51+00:00\" \/>\n<meta property=\"og:image\" content=\"https:\/\/www.meydan.tv\/wp-content\/uploads\/5d3d21ce-201b-4aec-b74e-5cd54b5a58fa-scaled.jpg\" \/>\n\t<meta property=\"og:image:width\" content=\"2560\" \/>\n\t<meta property=\"og:image:height\" content=\"1707\" \/>\n\t<meta property=\"og:image:type\" content=\"image\/jpeg\" \/>\n<meta name=\"author\" content=\"elli\" \/>\n<meta name=\"twitter:card\" content=\"summary_large_image\" \/>\n<meta name=\"twitter:creator\" content=\"@elli\" \/>\n<script type=\"application\/ld+json\" class=\"yoast-schema-graph\">{\"@context\":\"https:\\\/\\\/schema.org\",\"@graph\":[{\"@type\":\"Article\",\"@id\":\"https:\\\/\\\/www.meydan.tv\\\/az\\\/article\\\/smdt-seckilerle-bagli-beyanat-yaydi-siyasi-mehbsulara-azadliq-istedi\\\/#article\",\"isPartOf\":{\"@id\":\"https:\\\/\\\/www.meydan.tv\\\/az\\\/article\\\/smdt-seckilerle-bagli-beyanat-yaydi-siyasi-mehbsulara-azadliq-istedi\\\/\"},\"author\":{\"name\":\"elli\",\"@id\":\"https:\\\/\\\/www.meydan.tv\\\/az\\\/#\\\/schema\\\/person\\\/9cdbecf90d17180ce1dfbd95b08dcf47\"},\"headline\":\"SMDT se\u00e7kil\u0259rl\u0259 ba\u011fl\u0131 b\u0259yanat yayd\u0131, siyasi m\u0259hbuslara azadl\u0131q ist\u0259di\",\"datePublished\":\"2023-12-12T12:11:36+00:00\",\"dateModified\":\"2023-12-13T11:19:51+00:00\",\"mainEntityOfPage\":{\"@id\":\"https:\\\/\\\/www.meydan.tv\\\/az\\\/article\\\/smdt-seckilerle-bagli-beyanat-yaydi-siyasi-mehbsulara-azadliq-istedi\\\/\"},\"wordCount\":1200,\"publisher\":{\"@id\":\"https:\\\/\\\/www.meydan.tv\\\/az\\\/#organization\"},\"image\":{\"@id\":\"https:\\\/\\\/www.meydan.tv\\\/az\\\/article\\\/smdt-seckilerle-bagli-beyanat-yaydi-siyasi-mehbsulara-azadliq-istedi\\\/#primaryimage\"},\"thumbnailUrl\":\"https:\\\/\\\/www.meydan.tv\\\/wp-content\\\/uploads\\\/5d3d21ce-201b-4aec-b74e-5cd54b5a58fa-scaled.jpg\",\"articleSection\":[\"Pinned\",\"Se\u00e7ki 2024\",\"Siyas\u0259t\",\"T\u00f6vsiy\u0259\",\"X\u0259b\u0259rl\u0259r\"],\"inLanguage\":\"az\"},{\"@type\":\"WebPage\",\"@id\":\"https:\\\/\\\/www.meydan.tv\\\/az\\\/article\\\/smdt-seckilerle-bagli-beyanat-yaydi-siyasi-mehbsulara-azadliq-istedi\\\/\",\"url\":\"https:\\\/\\\/www.meydan.tv\\\/az\\\/article\\\/smdt-seckilerle-bagli-beyanat-yaydi-siyasi-mehbsulara-azadliq-istedi\\\/\",\"name\":\"SMDT se\u00e7kil\u0259rl\u0259 ba\u011fl\u0131 b\u0259yanat yayd\u0131, siyasi m\u0259hbuslara azadl\u0131q ist\u0259di - MEYDAN.TV\",\"isPartOf\":{\"@id\":\"https:\\\/\\\/www.meydan.tv\\\/az\\\/#website\"},\"primaryImageOfPage\":{\"@id\":\"https:\\\/\\\/www.meydan.tv\\\/az\\\/article\\\/smdt-seckilerle-bagli-beyanat-yaydi-siyasi-mehbsulara-azadliq-istedi\\\/#primaryimage\"},\"image\":{\"@id\":\"https:\\\/\\\/www.meydan.tv\\\/az\\\/article\\\/smdt-seckilerle-bagli-beyanat-yaydi-siyasi-mehbsulara-azadliq-istedi\\\/#primaryimage\"},\"thumbnailUrl\":\"https:\\\/\\\/www.meydan.tv\\\/wp-content\\\/uploads\\\/5d3d21ce-201b-4aec-b74e-5cd54b5a58fa-scaled.jpg\",\"datePublished\":\"2023-12-12T12:11:36+00:00\",\"dateModified\":\"2023-12-13T11:19:51+00:00\",\"breadcrumb\":{\"@id\":\"https:\\\/\\\/www.meydan.tv\\\/az\\\/article\\\/smdt-seckilerle-bagli-beyanat-yaydi-siyasi-mehbsulara-azadliq-istedi\\\/#breadcrumb\"},\"inLanguage\":\"az\",\"potentialAction\":[{\"@type\":\"ReadAction\",\"target\":[\"https:\\\/\\\/www.meydan.tv\\\/az\\\/article\\\/smdt-seckilerle-bagli-beyanat-yaydi-siyasi-mehbsulara-azadliq-istedi\\\/\"]}]},{\"@type\":\"ImageObject\",\"inLanguage\":\"az\",\"@id\":\"https:\\\/\\\/www.meydan.tv\\\/az\\\/article\\\/smdt-seckilerle-bagli-beyanat-yaydi-siyasi-mehbsulara-azadliq-istedi\\\/#primaryimage\",\"url\":\"https:\\\/\\\/www.meydan.tv\\\/wp-content\\\/uploads\\\/5d3d21ce-201b-4aec-b74e-5cd54b5a58fa-scaled.jpg\",\"contentUrl\":\"https:\\\/\\\/www.meydan.tv\\\/wp-content\\\/uploads\\\/5d3d21ce-201b-4aec-b74e-5cd54b5a58fa-scaled.jpg\",\"width\":2560,\"height\":1707,\"caption\":\"Foto: Meydan TV\"},{\"@type\":\"BreadcrumbList\",\"@id\":\"https:\\\/\\\/www.meydan.tv\\\/az\\\/article\\\/smdt-seckilerle-bagli-beyanat-yaydi-siyasi-mehbsulara-azadliq-istedi\\\/#breadcrumb\",\"itemListElement\":[{\"@type\":\"ListItem\",\"position\":1,\"name\":\"Ana s\u0259hif\u0259\",\"item\":\"https:\\\/\\\/www.meydan.tv\\\/az\\\/\"},{\"@type\":\"ListItem\",\"position\":2,\"name\":\"Siyas\u0259t\",\"item\":\"https:\\\/\\\/www.meydan.tv\\\/az\\\/section\\\/siyaset\\\/\"},{\"@type\":\"ListItem\",\"position\":3,\"name\":\"SMDT se\u00e7kil\u0259rl\u0259 ba\u011fl\u0131 b\u0259yanat yayd\u0131, siyasi m\u0259hbuslara azadl\u0131q ist\u0259di\"}]},{\"@type\":\"WebSite\",\"@id\":\"https:\\\/\\\/www.meydan.tv\\\/az\\\/#website\",\"url\":\"https:\\\/\\\/www.meydan.tv\\\/az\\\/\",\"name\":\"MEYDAN.TV\",\"description\":\"Meydan TV Az\u0259rbaycan\u0131n media m\u0259kan\u0131ndak\u0131 alternativ s\u0259sidir\",\"publisher\":{\"@id\":\"https:\\\/\\\/www.meydan.tv\\\/az\\\/#organization\"},\"potentialAction\":[{\"@type\":\"SearchAction\",\"target\":{\"@type\":\"EntryPoint\",\"urlTemplate\":\"https:\\\/\\\/www.meydan.tv\\\/az\\\/?s={search_term_string}\"},\"query-input\":{\"@type\":\"PropertyValueSpecification\",\"valueRequired\":true,\"valueName\":\"search_term_string\"}}],\"inLanguage\":\"az\"},{\"@type\":\"Organization\",\"@id\":\"https:\\\/\\\/www.meydan.tv\\\/az\\\/#organization\",\"name\":\"Meydan TV\",\"url\":\"https:\\\/\\\/www.meydan.tv\\\/az\\\/\",\"logo\":{\"@type\":\"ImageObject\",\"inLanguage\":\"az\",\"@id\":\"https:\\\/\\\/www.meydan.tv\\\/az\\\/#\\\/schema\\\/logo\\\/image\\\/\",\"url\":\"https:\\\/\\\/www.meydan.tv\\\/wp-content\\\/uploads\\\/2021\\\/07\\\/meydan-logo.svg\",\"contentUrl\":\"https:\\\/\\\/www.meydan.tv\\\/wp-content\\\/uploads\\\/2021\\\/07\\\/meydan-logo.svg\",\"width\":195,\"height\":46,\"caption\":\"Meydan TV\"},\"image\":{\"@id\":\"https:\\\/\\\/www.meydan.tv\\\/az\\\/#\\\/schema\\\/logo\\\/image\\\/\"}},{\"@type\":\"Person\",\"@id\":\"https:\\\/\\\/www.meydan.tv\\\/az\\\/#\\\/schema\\\/person\\\/9cdbecf90d17180ce1dfbd95b08dcf47\",\"name\":\"elli\",\"sameAs\":[\"https:\\\/\\\/x.com\\\/elli\"]}]}<\/script>\n<!-- \/ Yoast SEO plugin. -->","yoast_head_json":{"title":"SMDT se\u00e7kil\u0259rl\u0259 ba\u011fl\u0131 b\u0259yanat yayd\u0131, siyasi m\u0259hbuslara azadl\u0131q ist\u0259di - MEYDAN.TV","robots":{"index":"index","follow":"follow","max-snippet":"max-snippet:-1","max-image-preview":"max-image-preview:large","max-video-preview":"max-video-preview:-1"},"canonical":"https:\/\/www.meydan.tv\/az\/article\/smdt-seckilerle-bagli-beyanat-yaydi-siyasi-mehbsulara-azadliq-istedi\/","og_locale":"az_AZ","og_type":"article","og_title":"SMDT se\u00e7kil\u0259rl\u0259 ba\u011fl\u0131 b\u0259yanat yayd\u0131, siyasi m\u0259hbuslara azadl\u0131q ist\u0259di - MEYDAN.TV","og_description":"&#8220;Se\u00e7kil\u0259rin n\u00f6vb\u0259d\u0259nk\u0259nar qaydada ke\u00e7rilm\u0259si il\u0259 ba\u011fl\u0131 \u0259sasl\u0131 v\u0259 m\u0259ntiqli izahat ... Davam\u0131","og_url":"https:\/\/www.meydan.tv\/az\/article\/smdt-seckilerle-bagli-beyanat-yaydi-siyasi-mehbsulara-azadliq-istedi\/","og_site_name":"MEYDAN.TV","article_published_time":"2023-12-12T12:11:36+00:00","article_modified_time":"2023-12-13T11:19:51+00:00","og_image":[{"width":2560,"height":1707,"url":"https:\/\/www.meydan.tv\/wp-content\/uploads\/5d3d21ce-201b-4aec-b74e-5cd54b5a58fa-scaled.jpg","type":"image\/jpeg"}],"author":"elli","twitter_card":"summary_large_image","twitter_creator":"@elli","schema":{"@context":"https:\/\/schema.org","@graph":[{"@type":"Article","@id":"https:\/\/www.meydan.tv\/az\/article\/smdt-seckilerle-bagli-beyanat-yaydi-siyasi-mehbsulara-azadliq-istedi\/#article","isPartOf":{"@id":"https:\/\/www.meydan.tv\/az\/article\/smdt-seckilerle-bagli-beyanat-yaydi-siyasi-mehbsulara-azadliq-istedi\/"},"author":{"name":"elli","@id":"https:\/\/www.meydan.tv\/az\/#\/schema\/person\/9cdbecf90d17180ce1dfbd95b08dcf47"},"headline":"SMDT se\u00e7kil\u0259rl\u0259 ba\u011fl\u0131 b\u0259yanat yayd\u0131, siyasi m\u0259hbuslara azadl\u0131q ist\u0259di","datePublished":"2023-12-12T12:11:36+00:00","dateModified":"2023-12-13T11:19:51+00:00","mainEntityOfPage":{"@id":"https:\/\/www.meydan.tv\/az\/article\/smdt-seckilerle-bagli-beyanat-yaydi-siyasi-mehbsulara-azadliq-istedi\/"},"wordCount":1200,"publisher":{"@id":"https:\/\/www.meydan.tv\/az\/#organization"},"image":{"@id":"https:\/\/www.meydan.tv\/az\/article\/smdt-seckilerle-bagli-beyanat-yaydi-siyasi-mehbsulara-azadliq-istedi\/#primaryimage"},"thumbnailUrl":"https:\/\/www.meydan.tv\/wp-content\/uploads\/5d3d21ce-201b-4aec-b74e-5cd54b5a58fa-scaled.jpg","articleSection":["Pinned","Se\u00e7ki 2024","Siyas\u0259t","T\u00f6vsiy\u0259","X\u0259b\u0259rl\u0259r"],"inLanguage":"az"},{"@type":"WebPage","@id":"https:\/\/www.meydan.tv\/az\/article\/smdt-seckilerle-bagli-beyanat-yaydi-siyasi-mehbsulara-azadliq-istedi\/","url":"https:\/\/www.meydan.tv\/az\/article\/smdt-seckilerle-bagli-beyanat-yaydi-siyasi-mehbsulara-azadliq-istedi\/","name":"SMDT se\u00e7kil\u0259rl\u0259 ba\u011fl\u0131 b\u0259yanat yayd\u0131, siyasi m\u0259hbuslara azadl\u0131q ist\u0259di - MEYDAN.TV","isPartOf":{"@id":"https:\/\/www.meydan.tv\/az\/#website"},"primaryImageOfPage":{"@id":"https:\/\/www.meydan.tv\/az\/article\/smdt-seckilerle-bagli-beyanat-yaydi-siyasi-mehbsulara-azadliq-istedi\/#primaryimage"},"image":{"@id":"https:\/\/www.meydan.tv\/az\/article\/smdt-seckilerle-bagli-beyanat-yaydi-siyasi-mehbsulara-azadliq-istedi\/#primaryimage"},"thumbnailUrl":"https:\/\/www.meydan.tv\/wp-content\/uploads\/5d3d21ce-201b-4aec-b74e-5cd54b5a58fa-scaled.jpg","datePublished":"2023-12-12T12:11:36+00:00","dateModified":"2023-12-13T11:19:51+00:00","breadcrumb":{"@id":"https:\/\/www.meydan.tv\/az\/article\/smdt-seckilerle-bagli-beyanat-yaydi-siyasi-mehbsulara-azadliq-istedi\/#breadcrumb"},"inLanguage":"az","potentialAction":[{"@type":"ReadAction","target":["https:\/\/www.meydan.tv\/az\/article\/smdt-seckilerle-bagli-beyanat-yaydi-siyasi-mehbsulara-azadliq-istedi\/"]}]},{"@type":"ImageObject","inLanguage":"az","@id":"https:\/\/www.meydan.tv\/az\/article\/smdt-seckilerle-bagli-beyanat-yaydi-siyasi-mehbsulara-azadliq-istedi\/#primaryimage","url":"https:\/\/www.meydan.tv\/wp-content\/uploads\/5d3d21ce-201b-4aec-b74e-5cd54b5a58fa-scaled.jpg","contentUrl":"https:\/\/www.meydan.tv\/wp-content\/uploads\/5d3d21ce-201b-4aec-b74e-5cd54b5a58fa-scaled.jpg","width":2560,"height":1707,"caption":"Foto: Meydan TV"},{"@type":"BreadcrumbList","@id":"https:\/\/www.meydan.tv\/az\/article\/smdt-seckilerle-bagli-beyanat-yaydi-siyasi-mehbsulara-azadliq-istedi\/#breadcrumb","itemListElement":[{"@type":"ListItem","position":1,"name":"Ana s\u0259hif\u0259","item":"https:\/\/www.meydan.tv\/az\/"},{"@type":"ListItem","position":2,"name":"Siyas\u0259t","item":"https:\/\/www.meydan.tv\/az\/section\/siyaset\/"},{"@type":"ListItem","position":3,"name":"SMDT se\u00e7kil\u0259rl\u0259 ba\u011fl\u0131 b\u0259yanat yayd\u0131, siyasi m\u0259hbuslara azadl\u0131q ist\u0259di"}]},{"@type":"WebSite","@id":"https:\/\/www.meydan.tv\/az\/#website","url":"https:\/\/www.meydan.tv\/az\/","name":"MEYDAN.TV","description":"Meydan TV Az\u0259rbaycan\u0131n media m\u0259kan\u0131ndak\u0131 alternativ s\u0259sidir","publisher":{"@id":"https:\/\/www.meydan.tv\/az\/#organization"},"potentialAction":[{"@type":"SearchAction","target":{"@type":"EntryPoint","urlTemplate":"https:\/\/www.meydan.tv\/az\/?s={search_term_string}"},"query-input":{"@type":"PropertyValueSpecification","valueRequired":true,"valueName":"search_term_string"}}],"inLanguage":"az"},{"@type":"Organization","@id":"https:\/\/www.meydan.tv\/az\/#organization","name":"Meydan TV","url":"https:\/\/www.meydan.tv\/az\/","logo":{"@type":"ImageObject","inLanguage":"az","@id":"https:\/\/www.meydan.tv\/az\/#\/schema\/logo\/image\/","url":"https:\/\/www.meydan.tv\/wp-content\/uploads\/2021\/07\/meydan-logo.svg","contentUrl":"https:\/\/www.meydan.tv\/wp-content\/uploads\/2021\/07\/meydan-logo.svg","width":195,"height":46,"caption":"Meydan TV"},"image":{"@id":"https:\/\/www.meydan.tv\/az\/#\/schema\/logo\/image\/"}},{"@type":"Person","@id":"https:\/\/www.meydan.tv\/az\/#\/schema\/person\/9cdbecf90d17180ce1dfbd95b08dcf47","name":"elli","sameAs":["https:\/\/x.com\/elli"]}]}},"_links":{"self":[{"href":"https:\/\/www.meydan.tv\/az\/wp-json\/wp\/v2\/posts\/292691","targetHints":{"allow":["GET"]}}],"collection":[{"href":"https:\/\/www.meydan.tv\/az\/wp-json\/wp\/v2\/posts"}],"about":[{"href":"https:\/\/www.meydan.tv\/az\/wp-json\/wp\/v2\/types\/post"}],"author":[{"embeddable":true,"href":"https:\/\/www.meydan.tv\/az\/wp-json\/wp\/v2\/users\/8"}],"replies":[{"embeddable":true,"href":"https:\/\/www.meydan.tv\/az\/wp-json\/wp\/v2\/comments?post=292691"}],"version-history":[{"count":5,"href":"https:\/\/www.meydan.tv\/az\/wp-json\/wp\/v2\/posts\/292691\/revisions"}],"predecessor-version":[{"id":296823,"href":"https:\/\/www.meydan.tv\/az\/wp-json\/wp\/v2\/posts\/292691\/revisions\/296823"}],"wp:featuredmedia":[{"embeddable":true,"href":"https:\/\/www.meydan.tv\/az\/wp-json\/wp\/v2\/media\/137211"}],"wp:attachment":[{"href":"https:\/\/www.meydan.tv\/az\/wp-json\/wp\/v2\/media?parent=292691"}],"wp:term":[{"taxonomy":"category","embeddable":true,"href":"https:\/\/www.meydan.tv\/az\/wp-json\/wp\/v2\/categories?post=292691"},{"taxonomy":"post_tag","embeddable":true,"href":"https:\/\/www.meydan.tv\/az\/wp-json\/wp\/v2\/tags?post=292691"}],"curies":[{"name":"wp","href":"https:\/\/api.w.org\/{rel}","templated":true}]}}