{"id":292686,"date":"2023-12-12T16:05:15","date_gmt":"2023-12-12T12:05:15","guid":{"rendered":"https:\/\/www.meydan.tv\/?p=292686"},"modified":"2023-12-12T16:05:18","modified_gmt":"2023-12-12T12:05:18","slug":"gencede-fealiyyet-gosteren-sayt-rehberinin-saxlanildigi-bildirilir","status":"publish","type":"post","link":"https:\/\/www.meydan.tv\/az\/article\/gencede-fealiyyet-gosteren-sayt-rehberinin-saxlanildigi-bildirilir\/","title":{"rendered":"G\u0259nc\u0259d\u0259 f\u0259aliyy\u0259t g\u00f6st\u0259r\u0259n sayt r\u0259hb\u0259rinin saxlan\u0131ld\u0131\u011f\u0131 bildirilir"},"content":{"rendered":"\n<p><\/p>\n\n\n\n<p><strong><em>Qarda\u015f\u0131 \u018fr\u015fad \u0130brahimovun \u201cBandotdel\u201d\u0259 apar\u0131ld\u0131\u011f\u0131n\u0131 deyir<\/em><\/strong><\/p>\n\n\n\n<p>G\u0259nc\u0259d\u0259 f\u0259aliyy\u0259t g\u00f6st\u0259r\u0259n, \u201cdunyaninsesi.az\u201d sayt\u0131n\u0131n r\u0259hb\u0259ri \u018fr\u015fad \u0130brahimovun saxlan\u0131ld\u0131\u011f\u0131 bildirilir.<\/p>\n\n\n\n<p>Bu bar\u0259d\u0259 onun qarda\u015f\u0131 Turan \u0130brahimov m\u0259lumat verib.<\/p>\n\n\n\n<p>Qarda\u015f\u0131n\u0131n dediyin\u0259 g\u00f6r\u0259, M\u00fct\u0259\u015f\u0259kkil Cinay\u0259tkarl\u0131\u011fa Qar\u015f\u0131 M\u00fcbariz\u0259 \u0130dar\u0259sinin (&#8220;Bandotdel&#8221;) \u0259m\u0259kda\u015flar\u0131 \u018fr\u015fad \u0130brahimovu G\u0259nc\u0259d\u0259n Bak\u0131ya g\u0259tiribl\u0259r.<\/p>\n\n\n\n<p>Onunla yana\u015f\u0131, G\u0259nc\u0259nin Gigiyena ve Epidemiologiya M\u0259rk\u0259zinin ba\u015f h\u0259kimi H\u00fcr\u00fcy\u0259t \u0130smay\u0131lovan\u0131n da Bak\u0131ya g\u0259tirildiyi deyilir:<\/p>\n\n\n\n<p><em>\u201cOndan \u018fr\u015fad \u0130brahimovun \u0259leyhin\u0259 ifad\u0259 al\u0131blar. Qad\u0131n\u0131 m\u0259cbur edibl\u0259r ki, qarda\u015f\u0131m\u0131n 2021-ci ild\u0259 ondan 200 manat pul ald\u0131\u011f\u0131n\u0131 desin. Guya sonradan yen\u0259 qarda\u015f\u0131m ondan pul t\u0259l\u0259b edib. \u018fg\u0259r, h\u0259qiq\u0259t\u0259n, bel\u0259 bir hal olmu\u015fdusa, niy\u0259 \u015fikay\u0259t etm\u0259k \u00fc\u00e7\u00fcn 3 il g\u00f6zl\u0259yirdi? Bizd\u0259 olan m\u0259lumata g\u00f6r\u0259, qad\u0131n \u00f6z\u00fc d\u0259 Bak\u0131ya g\u0259l\u0259n\u0259 q\u0259d\u0259r n\u0259 m\u0259s\u0259l\u0259 oldu\u011funu bilm\u0259yib\u201d<\/em>.<\/p>\n\n\n\n<p>\u018fr\u015fad \u0130brahimova qar\u015f\u0131 Cinay\u0259t M\u0259c\u0259ll\u0259sinin 182.2.2 (h\u0259d\u0259-qorxu il\u0259 t\u0259l\u0259betm\u0259 &#8211; t\u0259krar t\u00f6r\u0259dildikd\u0259) madd\u0259sil\u0259 ittiham ir\u0259li s\u00fcr\u00fcl\u00fcb.<\/p>\n\n\n\n<p>Bu madd\u0259d\u0259 5 ild\u0259n 10 il\u0259 q\u0259d\u0259r azadl\u0131qdan m\u0259hrumetm\u0259 c\u0259zas\u0131 n\u0259z\u0259rd\u0259 tutulub.<\/p>\n\n\n\n<p>O, ayr\u0131-ayr\u0131 \u015f\u0259xsl\u0259r bar\u0259sind\u0259 m\u00fcxt\u0259lif r\u00fcsvayedici x\u0259b\u0259rl\u0259r yayaraq sonradan h\u0259min x\u0259b\u0259rl\u0259rin silinm\u0259si \u00fc\u00e7\u00fcn h\u0259d\u0259-qorxu yolu il\u0259 pul t\u0259l\u0259b etm\u0259kd\u0259 ittiham olunur.<\/p>\n\n\n\n<p>\u018fr\u015fad \u0130brahimovun haqq\u0131nda ilkin istintaq d\u00f6vr\u00fc \u00fc\u00e7\u00fcn 4 ayl\u0131q h\u0259bs q\u0259timkan t\u0259dbiri se\u00e7ilib.<\/p>\n\n\n\n<p>Bu q\u0259rar\u0131 N\u0259rimanov Rayon M\u0259hk\u0259m\u0259si verib.<\/p>\n\n\n\n<p>Ail\u0259 \u00fczvl\u0259ri hesab edir ki, \u018fr\u015fad \u0130brahimovun h\u0259bsinin \u0259sl s\u0259b\u0259bi r\u0259hb\u0259rlik etdiyi saytda polisl\u0259r haqq\u0131nda t\u0259nqidi materiallar\u0131n yay\u0131mlanmas\u0131d\u0131r.<\/p>\n\n\n\n<p>Yax\u0131nlar\u0131n\u0131n s\u00f6zl\u0259rin\u0259 g\u00f6r\u0259, \u018fr\u015fad \u0130brahimov polisl\u0259r haqq\u0131nda yaz\u0131lara g\u00f6r\u0259 bir ne\u00e7\u0259 d\u0259f\u0259 \u201cBandotdel\u201d\u0259 g\u0259tirilib, orada t\u0259zyiql\u0259r\u0259 m\u0259ruz qal\u0131b v\u0259 s\u00f6z\u00fcged\u0259n materiallar\u0131 saytdan silm\u0259y\u0259 m\u0259cbur edilib.&nbsp;<\/p>\n","protected":false},"excerpt":{"rendered":"<p>Qarda\u015f\u0131 \u018fr\u015fad \u0130brahimovun \u201cBandotdel\u201d\u0259 apar\u0131ld\u0131\u011f\u0131n\u0131 deyir G\u0259nc\u0259d\u0259 f\u0259aliyy\u0259t g\u00f6st\u0259r\u0259n, \u201cdunyaninsesi.az\u201d &#8230; <\/p>\n<p class=\"read-more-container\"><a title=\"G\u0259nc\u0259d\u0259 f\u0259aliyy\u0259t g\u00f6st\u0259r\u0259n sayt r\u0259hb\u0259rinin saxlan\u0131ld\u0131\u011f\u0131 bildirilir\" class=\"read-more button\" href=\"https:\/\/www.meydan.tv\/az\/article\/gencede-fealiyyet-gosteren-sayt-rehberinin-saxlanildigi-bildirilir\/#more-292686\" aria-label=\"Read more about G\u0259nc\u0259d\u0259 f\u0259aliyy\u0259t g\u00f6st\u0259r\u0259n sayt r\u0259hb\u0259rinin saxlan\u0131ld\u0131\u011f\u0131 bildirilir\">Davam\u0131<\/a><\/p>\n","protected":false},"author":8,"featured_media":292687,"comment_status":"closed","ping_status":"closed","sticky":false,"template":"","format":"standard","meta":{"_acf_changed":false,"_sitemap_exclude":false,"_sitemap_priority":"","_sitemap_frequency":"","footnotes":""},"categories":[60,56],"tags":[],"class_list":["post-292686","post","type-post","status-publish","format-standard","has-post-thumbnail","hentry","category-bolge","category-xeberler","infinite-scroll-item","generate-columns","tablet-grid-50","mobile-grid-100","grid-parent","grid-33","no-featured-image-padding"],"acf":[],"yoast_head":"<!-- This site is optimized with the Yoast SEO plugin v27.4 - https:\/\/yoast.com\/product\/yoast-seo-wordpress\/ -->\n<title>G\u0259nc\u0259d\u0259 f\u0259aliyy\u0259t g\u00f6st\u0259r\u0259n sayt r\u0259hb\u0259rinin saxlan\u0131ld\u0131\u011f\u0131 bildirilir - MEYDAN.TV<\/title>\n<meta name=\"robots\" content=\"index, follow, max-snippet:-1, max-image-preview:large, max-video-preview:-1\" \/>\n<link rel=\"canonical\" href=\"https:\/\/www.meydan.tv\/az\/article\/gencede-fealiyyet-gosteren-sayt-rehberinin-saxlanildigi-bildirilir\/\" \/>\n<meta property=\"og:locale\" content=\"az_AZ\" \/>\n<meta property=\"og:type\" content=\"article\" \/>\n<meta property=\"og:title\" content=\"G\u0259nc\u0259d\u0259 f\u0259aliyy\u0259t g\u00f6st\u0259r\u0259n sayt r\u0259hb\u0259rinin saxlan\u0131ld\u0131\u011f\u0131 bildirilir - MEYDAN.TV\" \/>\n<meta property=\"og:description\" content=\"Qarda\u015f\u0131 \u018fr\u015fad \u0130brahimovun \u201cBandotdel\u201d\u0259 apar\u0131ld\u0131\u011f\u0131n\u0131 deyir G\u0259nc\u0259d\u0259 f\u0259aliyy\u0259t g\u00f6st\u0259r\u0259n, \u201cdunyaninsesi.az\u201d ... Davam\u0131\" \/>\n<meta property=\"og:url\" content=\"https:\/\/www.meydan.tv\/az\/article\/gencede-fealiyyet-gosteren-sayt-rehberinin-saxlanildigi-bildirilir\/\" \/>\n<meta property=\"og:site_name\" content=\"MEYDAN.TV\" \/>\n<meta property=\"article:published_time\" content=\"2023-12-12T12:05:15+00:00\" \/>\n<meta property=\"article:modified_time\" content=\"2023-12-12T12:05:18+00:00\" \/>\n<meta property=\"og:image\" content=\"https:\/\/www.meydan.tv\/wp-content\/uploads\/ersad.jpg\" \/>\n\t<meta property=\"og:image:width\" content=\"1500\" \/>\n\t<meta property=\"og:image:height\" content=\"844\" \/>\n\t<meta property=\"og:image:type\" content=\"image\/jpeg\" \/>\n<meta name=\"author\" content=\"elli\" \/>\n<meta name=\"twitter:card\" content=\"summary_large_image\" \/>\n<meta name=\"twitter:creator\" content=\"@elli\" \/>\n<script type=\"application\/ld+json\" class=\"yoast-schema-graph\">{\"@context\":\"https:\\\/\\\/schema.org\",\"@graph\":[{\"@type\":\"Article\",\"@id\":\"https:\\\/\\\/www.meydan.tv\\\/az\\\/article\\\/gencede-fealiyyet-gosteren-sayt-rehberinin-saxlanildigi-bildirilir\\\/#article\",\"isPartOf\":{\"@id\":\"https:\\\/\\\/www.meydan.tv\\\/az\\\/article\\\/gencede-fealiyyet-gosteren-sayt-rehberinin-saxlanildigi-bildirilir\\\/\"},\"author\":{\"name\":\"elli\",\"@id\":\"https:\\\/\\\/www.meydan.tv\\\/az\\\/#\\\/schema\\\/person\\\/9cdbecf90d17180ce1dfbd95b08dcf47\"},\"headline\":\"G\u0259nc\u0259d\u0259 f\u0259aliyy\u0259t g\u00f6st\u0259r\u0259n sayt r\u0259hb\u0259rinin saxlan\u0131ld\u0131\u011f\u0131 bildirilir\",\"datePublished\":\"2023-12-12T12:05:15+00:00\",\"dateModified\":\"2023-12-12T12:05:18+00:00\",\"mainEntityOfPage\":{\"@id\":\"https:\\\/\\\/www.meydan.tv\\\/az\\\/article\\\/gencede-fealiyyet-gosteren-sayt-rehberinin-saxlanildigi-bildirilir\\\/\"},\"wordCount\":406,\"publisher\":{\"@id\":\"https:\\\/\\\/www.meydan.tv\\\/az\\\/#organization\"},\"image\":{\"@id\":\"https:\\\/\\\/www.meydan.tv\\\/az\\\/article\\\/gencede-fealiyyet-gosteren-sayt-rehberinin-saxlanildigi-bildirilir\\\/#primaryimage\"},\"thumbnailUrl\":\"https:\\\/\\\/www.meydan.tv\\\/wp-content\\\/uploads\\\/ersad.jpg\",\"articleSection\":[\"B\u00f6lg\u0259\",\"X\u0259b\u0259rl\u0259r\"],\"inLanguage\":\"az\"},{\"@type\":\"WebPage\",\"@id\":\"https:\\\/\\\/www.meydan.tv\\\/az\\\/article\\\/gencede-fealiyyet-gosteren-sayt-rehberinin-saxlanildigi-bildirilir\\\/\",\"url\":\"https:\\\/\\\/www.meydan.tv\\\/az\\\/article\\\/gencede-fealiyyet-gosteren-sayt-rehberinin-saxlanildigi-bildirilir\\\/\",\"name\":\"G\u0259nc\u0259d\u0259 f\u0259aliyy\u0259t g\u00f6st\u0259r\u0259n sayt r\u0259hb\u0259rinin saxlan\u0131ld\u0131\u011f\u0131 bildirilir - MEYDAN.TV\",\"isPartOf\":{\"@id\":\"https:\\\/\\\/www.meydan.tv\\\/az\\\/#website\"},\"primaryImageOfPage\":{\"@id\":\"https:\\\/\\\/www.meydan.tv\\\/az\\\/article\\\/gencede-fealiyyet-gosteren-sayt-rehberinin-saxlanildigi-bildirilir\\\/#primaryimage\"},\"image\":{\"@id\":\"https:\\\/\\\/www.meydan.tv\\\/az\\\/article\\\/gencede-fealiyyet-gosteren-sayt-rehberinin-saxlanildigi-bildirilir\\\/#primaryimage\"},\"thumbnailUrl\":\"https:\\\/\\\/www.meydan.tv\\\/wp-content\\\/uploads\\\/ersad.jpg\",\"datePublished\":\"2023-12-12T12:05:15+00:00\",\"dateModified\":\"2023-12-12T12:05:18+00:00\",\"breadcrumb\":{\"@id\":\"https:\\\/\\\/www.meydan.tv\\\/az\\\/article\\\/gencede-fealiyyet-gosteren-sayt-rehberinin-saxlanildigi-bildirilir\\\/#breadcrumb\"},\"inLanguage\":\"az\",\"potentialAction\":[{\"@type\":\"ReadAction\",\"target\":[\"https:\\\/\\\/www.meydan.tv\\\/az\\\/article\\\/gencede-fealiyyet-gosteren-sayt-rehberinin-saxlanildigi-bildirilir\\\/\"]}]},{\"@type\":\"ImageObject\",\"inLanguage\":\"az\",\"@id\":\"https:\\\/\\\/www.meydan.tv\\\/az\\\/article\\\/gencede-fealiyyet-gosteren-sayt-rehberinin-saxlanildigi-bildirilir\\\/#primaryimage\",\"url\":\"https:\\\/\\\/www.meydan.tv\\\/wp-content\\\/uploads\\\/ersad.jpg\",\"contentUrl\":\"https:\\\/\\\/www.meydan.tv\\\/wp-content\\\/uploads\\\/ersad.jpg\",\"width\":1500,\"height\":844,\"caption\":\"\u018fr\u015fad \u0130brahimov. Foto: sosial \u015f\u0259b\u0259k\u0259\"},{\"@type\":\"BreadcrumbList\",\"@id\":\"https:\\\/\\\/www.meydan.tv\\\/az\\\/article\\\/gencede-fealiyyet-gosteren-sayt-rehberinin-saxlanildigi-bildirilir\\\/#breadcrumb\",\"itemListElement\":[{\"@type\":\"ListItem\",\"position\":1,\"name\":\"Ana s\u0259hif\u0259\",\"item\":\"https:\\\/\\\/www.meydan.tv\\\/az\\\/\"},{\"@type\":\"ListItem\",\"position\":2,\"name\":\"B\u00f6lg\u0259\",\"item\":\"https:\\\/\\\/www.meydan.tv\\\/az\\\/section\\\/bolge\\\/\"},{\"@type\":\"ListItem\",\"position\":3,\"name\":\"G\u0259nc\u0259d\u0259 f\u0259aliyy\u0259t g\u00f6st\u0259r\u0259n sayt r\u0259hb\u0259rinin saxlan\u0131ld\u0131\u011f\u0131 bildirilir\"}]},{\"@type\":\"WebSite\",\"@id\":\"https:\\\/\\\/www.meydan.tv\\\/az\\\/#website\",\"url\":\"https:\\\/\\\/www.meydan.tv\\\/az\\\/\",\"name\":\"MEYDAN.TV\",\"description\":\"Meydan TV Az\u0259rbaycan\u0131n media m\u0259kan\u0131ndak\u0131 alternativ s\u0259sidir\",\"publisher\":{\"@id\":\"https:\\\/\\\/www.meydan.tv\\\/az\\\/#organization\"},\"potentialAction\":[{\"@type\":\"SearchAction\",\"target\":{\"@type\":\"EntryPoint\",\"urlTemplate\":\"https:\\\/\\\/www.meydan.tv\\\/az\\\/?s={search_term_string}\"},\"query-input\":{\"@type\":\"PropertyValueSpecification\",\"valueRequired\":true,\"valueName\":\"search_term_string\"}}],\"inLanguage\":\"az\"},{\"@type\":\"Organization\",\"@id\":\"https:\\\/\\\/www.meydan.tv\\\/az\\\/#organization\",\"name\":\"Meydan TV\",\"url\":\"https:\\\/\\\/www.meydan.tv\\\/az\\\/\",\"logo\":{\"@type\":\"ImageObject\",\"inLanguage\":\"az\",\"@id\":\"https:\\\/\\\/www.meydan.tv\\\/az\\\/#\\\/schema\\\/logo\\\/image\\\/\",\"url\":\"https:\\\/\\\/www.meydan.tv\\\/wp-content\\\/uploads\\\/2021\\\/07\\\/meydan-logo.svg\",\"contentUrl\":\"https:\\\/\\\/www.meydan.tv\\\/wp-content\\\/uploads\\\/2021\\\/07\\\/meydan-logo.svg\",\"width\":195,\"height\":46,\"caption\":\"Meydan TV\"},\"image\":{\"@id\":\"https:\\\/\\\/www.meydan.tv\\\/az\\\/#\\\/schema\\\/logo\\\/image\\\/\"}},{\"@type\":\"Person\",\"@id\":\"https:\\\/\\\/www.meydan.tv\\\/az\\\/#\\\/schema\\\/person\\\/9cdbecf90d17180ce1dfbd95b08dcf47\",\"name\":\"elli\",\"sameAs\":[\"https:\\\/\\\/x.com\\\/elli\"]}]}<\/script>\n<!-- \/ Yoast SEO plugin. -->","yoast_head_json":{"title":"G\u0259nc\u0259d\u0259 f\u0259aliyy\u0259t g\u00f6st\u0259r\u0259n sayt r\u0259hb\u0259rinin saxlan\u0131ld\u0131\u011f\u0131 bildirilir - MEYDAN.TV","robots":{"index":"index","follow":"follow","max-snippet":"max-snippet:-1","max-image-preview":"max-image-preview:large","max-video-preview":"max-video-preview:-1"},"canonical":"https:\/\/www.meydan.tv\/az\/article\/gencede-fealiyyet-gosteren-sayt-rehberinin-saxlanildigi-bildirilir\/","og_locale":"az_AZ","og_type":"article","og_title":"G\u0259nc\u0259d\u0259 f\u0259aliyy\u0259t g\u00f6st\u0259r\u0259n sayt r\u0259hb\u0259rinin saxlan\u0131ld\u0131\u011f\u0131 bildirilir - MEYDAN.TV","og_description":"Qarda\u015f\u0131 \u018fr\u015fad \u0130brahimovun \u201cBandotdel\u201d\u0259 apar\u0131ld\u0131\u011f\u0131n\u0131 deyir G\u0259nc\u0259d\u0259 f\u0259aliyy\u0259t g\u00f6st\u0259r\u0259n, \u201cdunyaninsesi.az\u201d ... Davam\u0131","og_url":"https:\/\/www.meydan.tv\/az\/article\/gencede-fealiyyet-gosteren-sayt-rehberinin-saxlanildigi-bildirilir\/","og_site_name":"MEYDAN.TV","article_published_time":"2023-12-12T12:05:15+00:00","article_modified_time":"2023-12-12T12:05:18+00:00","og_image":[{"width":1500,"height":844,"url":"https:\/\/www.meydan.tv\/wp-content\/uploads\/ersad.jpg","type":"image\/jpeg"}],"author":"elli","twitter_card":"summary_large_image","twitter_creator":"@elli","schema":{"@context":"https:\/\/schema.org","@graph":[{"@type":"Article","@id":"https:\/\/www.meydan.tv\/az\/article\/gencede-fealiyyet-gosteren-sayt-rehberinin-saxlanildigi-bildirilir\/#article","isPartOf":{"@id":"https:\/\/www.meydan.tv\/az\/article\/gencede-fealiyyet-gosteren-sayt-rehberinin-saxlanildigi-bildirilir\/"},"author":{"name":"elli","@id":"https:\/\/www.meydan.tv\/az\/#\/schema\/person\/9cdbecf90d17180ce1dfbd95b08dcf47"},"headline":"G\u0259nc\u0259d\u0259 f\u0259aliyy\u0259t g\u00f6st\u0259r\u0259n sayt r\u0259hb\u0259rinin saxlan\u0131ld\u0131\u011f\u0131 bildirilir","datePublished":"2023-12-12T12:05:15+00:00","dateModified":"2023-12-12T12:05:18+00:00","mainEntityOfPage":{"@id":"https:\/\/www.meydan.tv\/az\/article\/gencede-fealiyyet-gosteren-sayt-rehberinin-saxlanildigi-bildirilir\/"},"wordCount":406,"publisher":{"@id":"https:\/\/www.meydan.tv\/az\/#organization"},"image":{"@id":"https:\/\/www.meydan.tv\/az\/article\/gencede-fealiyyet-gosteren-sayt-rehberinin-saxlanildigi-bildirilir\/#primaryimage"},"thumbnailUrl":"https:\/\/www.meydan.tv\/wp-content\/uploads\/ersad.jpg","articleSection":["B\u00f6lg\u0259","X\u0259b\u0259rl\u0259r"],"inLanguage":"az"},{"@type":"WebPage","@id":"https:\/\/www.meydan.tv\/az\/article\/gencede-fealiyyet-gosteren-sayt-rehberinin-saxlanildigi-bildirilir\/","url":"https:\/\/www.meydan.tv\/az\/article\/gencede-fealiyyet-gosteren-sayt-rehberinin-saxlanildigi-bildirilir\/","name":"G\u0259nc\u0259d\u0259 f\u0259aliyy\u0259t g\u00f6st\u0259r\u0259n sayt r\u0259hb\u0259rinin saxlan\u0131ld\u0131\u011f\u0131 bildirilir - MEYDAN.TV","isPartOf":{"@id":"https:\/\/www.meydan.tv\/az\/#website"},"primaryImageOfPage":{"@id":"https:\/\/www.meydan.tv\/az\/article\/gencede-fealiyyet-gosteren-sayt-rehberinin-saxlanildigi-bildirilir\/#primaryimage"},"image":{"@id":"https:\/\/www.meydan.tv\/az\/article\/gencede-fealiyyet-gosteren-sayt-rehberinin-saxlanildigi-bildirilir\/#primaryimage"},"thumbnailUrl":"https:\/\/www.meydan.tv\/wp-content\/uploads\/ersad.jpg","datePublished":"2023-12-12T12:05:15+00:00","dateModified":"2023-12-12T12:05:18+00:00","breadcrumb":{"@id":"https:\/\/www.meydan.tv\/az\/article\/gencede-fealiyyet-gosteren-sayt-rehberinin-saxlanildigi-bildirilir\/#breadcrumb"},"inLanguage":"az","potentialAction":[{"@type":"ReadAction","target":["https:\/\/www.meydan.tv\/az\/article\/gencede-fealiyyet-gosteren-sayt-rehberinin-saxlanildigi-bildirilir\/"]}]},{"@type":"ImageObject","inLanguage":"az","@id":"https:\/\/www.meydan.tv\/az\/article\/gencede-fealiyyet-gosteren-sayt-rehberinin-saxlanildigi-bildirilir\/#primaryimage","url":"https:\/\/www.meydan.tv\/wp-content\/uploads\/ersad.jpg","contentUrl":"https:\/\/www.meydan.tv\/wp-content\/uploads\/ersad.jpg","width":1500,"height":844,"caption":"\u018fr\u015fad \u0130brahimov. Foto: sosial \u015f\u0259b\u0259k\u0259"},{"@type":"BreadcrumbList","@id":"https:\/\/www.meydan.tv\/az\/article\/gencede-fealiyyet-gosteren-sayt-rehberinin-saxlanildigi-bildirilir\/#breadcrumb","itemListElement":[{"@type":"ListItem","position":1,"name":"Ana s\u0259hif\u0259","item":"https:\/\/www.meydan.tv\/az\/"},{"@type":"ListItem","position":2,"name":"B\u00f6lg\u0259","item":"https:\/\/www.meydan.tv\/az\/section\/bolge\/"},{"@type":"ListItem","position":3,"name":"G\u0259nc\u0259d\u0259 f\u0259aliyy\u0259t g\u00f6st\u0259r\u0259n sayt r\u0259hb\u0259rinin saxlan\u0131ld\u0131\u011f\u0131 bildirilir"}]},{"@type":"WebSite","@id":"https:\/\/www.meydan.tv\/az\/#website","url":"https:\/\/www.meydan.tv\/az\/","name":"MEYDAN.TV","description":"Meydan TV Az\u0259rbaycan\u0131n media m\u0259kan\u0131ndak\u0131 alternativ s\u0259sidir","publisher":{"@id":"https:\/\/www.meydan.tv\/az\/#organization"},"potentialAction":[{"@type":"SearchAction","target":{"@type":"EntryPoint","urlTemplate":"https:\/\/www.meydan.tv\/az\/?s={search_term_string}"},"query-input":{"@type":"PropertyValueSpecification","valueRequired":true,"valueName":"search_term_string"}}],"inLanguage":"az"},{"@type":"Organization","@id":"https:\/\/www.meydan.tv\/az\/#organization","name":"Meydan TV","url":"https:\/\/www.meydan.tv\/az\/","logo":{"@type":"ImageObject","inLanguage":"az","@id":"https:\/\/www.meydan.tv\/az\/#\/schema\/logo\/image\/","url":"https:\/\/www.meydan.tv\/wp-content\/uploads\/2021\/07\/meydan-logo.svg","contentUrl":"https:\/\/www.meydan.tv\/wp-content\/uploads\/2021\/07\/meydan-logo.svg","width":195,"height":46,"caption":"Meydan TV"},"image":{"@id":"https:\/\/www.meydan.tv\/az\/#\/schema\/logo\/image\/"}},{"@type":"Person","@id":"https:\/\/www.meydan.tv\/az\/#\/schema\/person\/9cdbecf90d17180ce1dfbd95b08dcf47","name":"elli","sameAs":["https:\/\/x.com\/elli"]}]}},"_links":{"self":[{"href":"https:\/\/www.meydan.tv\/az\/wp-json\/wp\/v2\/posts\/292686","targetHints":{"allow":["GET"]}}],"collection":[{"href":"https:\/\/www.meydan.tv\/az\/wp-json\/wp\/v2\/posts"}],"about":[{"href":"https:\/\/www.meydan.tv\/az\/wp-json\/wp\/v2\/types\/post"}],"author":[{"embeddable":true,"href":"https:\/\/www.meydan.tv\/az\/wp-json\/wp\/v2\/users\/8"}],"replies":[{"embeddable":true,"href":"https:\/\/www.meydan.tv\/az\/wp-json\/wp\/v2\/comments?post=292686"}],"version-history":[{"count":3,"href":"https:\/\/www.meydan.tv\/az\/wp-json\/wp\/v2\/posts\/292686\/revisions"}],"predecessor-version":[{"id":292694,"href":"https:\/\/www.meydan.tv\/az\/wp-json\/wp\/v2\/posts\/292686\/revisions\/292694"}],"wp:featuredmedia":[{"embeddable":true,"href":"https:\/\/www.meydan.tv\/az\/wp-json\/wp\/v2\/media\/292687"}],"wp:attachment":[{"href":"https:\/\/www.meydan.tv\/az\/wp-json\/wp\/v2\/media?parent=292686"}],"wp:term":[{"taxonomy":"category","embeddable":true,"href":"https:\/\/www.meydan.tv\/az\/wp-json\/wp\/v2\/categories?post=292686"},{"taxonomy":"post_tag","embeddable":true,"href":"https:\/\/www.meydan.tv\/az\/wp-json\/wp\/v2\/tags?post=292686"}],"curies":[{"name":"wp","href":"https:\/\/api.w.org\/{rel}","templated":true}]}}