{"id":292675,"date":"2023-12-12T14:55:31","date_gmt":"2023-12-12T10:55:31","guid":{"rendered":"https:\/\/www.meydan.tv\/?p=292675"},"modified":"2023-12-12T14:55:34","modified_gmt":"2023-12-12T10:55:34","slug":"luvr-muzeyi-biletlerin-qiymetini-qaldiracaq","status":"publish","type":"post","link":"https:\/\/www.meydan.tv\/az\/article\/luvr-muzeyi-biletlerin-qiymetini-qaldiracaq\/","title":{"rendered":"Luvr muzeyi biletl\u0259rin qiym\u0259tini qald\u0131racaq"},"content":{"rendered":"\n<p><\/p>\n\n\n\n<p><strong><em>Qiym\u0259t art\u0131m\u0131n\u0131n elektrik enerjisinin x\u0259rcl\u0259ri il\u0259 ba\u011fl\u0131 oldu\u011fu deyilir<\/em><\/strong><\/p>\n\n\n\n<p>Parisd\u0259ki Luvr muzeyi 2024-c\u00fc il yanvar\u0131n 15-d\u0259n bilet qiym\u0259tl\u0259rini 17 avrodan 22 avroya qald\u0131raca\u011f\u0131n\u0131 <a href=\"https:\/\/presse.louvre.fr\/plus-dun-visiteur-francais-sur-deux-entre-gratuitement-au-musee-du-louvre\/\">a\u00e7\u0131qlay\u0131b.<\/a><\/p>\n\n\n\n<p>Bu, 2017-ci ild\u0259n b\u0259ri qiym\u0259tl\u0259rin birinci art\u0131m\u0131d\u0131r.<\/p>\n\n\n\n<p>Q\u0259rar\u0131 onunla \u0259laq\u0259l\u0259ndirilib ki, daha y\u00fcks\u0259k tarif muzey\u0259 elektrik enerjisin\u0259 artan x\u0259rcl\u0259rin \u00f6hd\u0259sind\u0259n g\u0259lm\u0259kd\u0259, ya\u015f\u0131 18-d\u0259k ziyar\u0259t\u00e7il\u0259r, el\u0259c\u0259 d\u0259 m\u00fc\u0259llim v\u0259 jurnalistl\u0259r kimi m\u00fc\u0259yy\u0259n insanlar\u0131n muzey\u0259 \u00f6d\u0259ni\u015fsiz giri\u015f x\u0259rcl\u0259rini qar\u015f\u0131lamaqda k\u00f6m\u0259k olacaq.<\/p>\n\n\n\n<p>Qiym\u0259t art\u0131m\u0131 2024-c\u00fc ild\u0259 Parisd\u0259 ke\u00e7iril\u0259c\u0259k Yay Olimpiya Oyunlar\u0131n\u0131n ba\u015flamas\u0131na alt\u0131 ay qalm\u0131\u015f q\u00fcvv\u0259y\u0259 min\u0259c\u0259k.<\/p>\n\n\n\n<p>A\u00e7\u0131qlamada oyunlardan b\u0259hs edilm\u0259s\u0259 d\u0259, \u015f\u0259h\u0259rin iyulun 20-d\u0259n sentyabr\u0131n 8-d\u0259k davam ed\u0259c\u0259k Olimpiadaya 10 milyondan \u00e7ox insan\u0131n qat\u0131laca\u011f\u0131 g\u00f6zl\u0259nilir.<\/p>\n\n\n\n<p>Oyunlar zaman\u0131 mal v\u0259 xidm\u0259tl\u0259r\u0259 artan t\u0259l\u0259bat\u0131n \u00f6hd\u0259sind\u0259n g\u0259lm\u0259k \u00fc\u00e7\u00fcn Parisd\u0259ki bir \u00e7ox t\u0259\u015fkilat qiym\u0259tl\u0259ri art\u0131r\u0131r.<\/p>\n\n\n\n<p>\u015e\u0259h\u0259r metro biletinin qiym\u0259tini iki qat art\u0131raraq 2,10 avrodan 4,00 avroya qald\u0131racaq, baxmayaraq ki, bu add\u0131m art\u0131q Paris \u015f\u0259h\u0259r r\u0259smil\u0259rinin reaksiyas\u0131na s\u0259b\u0259b olub.<\/p>\n\n\n\n<p>\u201cLe Monde\u201d q\u0259zeti Paris turizm b\u00fcrosunun hesabat\u0131na \u0259sas\u0259n, bildirir ki, otell\u0259rin qiym\u0259tl\u0259ri 2023-c\u00fc v\u0259 2024-c\u00fc il yay m\u00f6vs\u00fcml\u0259ri d\u00f6vr\u00fcnd\u0259 300 faiz <a href=\"https:\/\/www.lemonde.fr\/en\/sports\/article\/2023\/12\/09\/paris-2024-olympics-with-hotels-jacking-up-prices-authorities-promise-more-checks_6326331_9.html\">artacaq.<\/a><\/p>\n\n\n\n<p>Luvr Muzeyi (Mus\u00e9e du Louvre) 1793\u2013c\u00fc ild\u0259 istifad\u0259y\u0259 verilib.<\/p>\n\n\n\n<p>Muzey q\u0259dim kral saray\u0131n\u0131n binas\u0131d\u0131r (Palais du Louvre).<\/p>\n\n\n\n<p>Muzeyd\u0259 33 mind\u0259n \u00e7ox \u0259s\u0259r qorunub saxlan\u0131l\u0131r.<\/p>\n","protected":false},"excerpt":{"rendered":"<p>Qiym\u0259t art\u0131m\u0131n\u0131n elektrik enerjisinin x\u0259rcl\u0259ri il\u0259 ba\u011fl\u0131 oldu\u011fu deyilir Parisd\u0259ki &#8230; <\/p>\n<p class=\"read-more-container\"><a title=\"Luvr muzeyi biletl\u0259rin qiym\u0259tini qald\u0131racaq\" class=\"read-more button\" href=\"https:\/\/www.meydan.tv\/az\/article\/luvr-muzeyi-biletlerin-qiymetini-qaldiracaq\/#more-292675\" aria-label=\"Read more about Luvr muzeyi biletl\u0259rin qiym\u0259tini qald\u0131racaq\">Davam\u0131<\/a><\/p>\n","protected":false},"author":8,"featured_media":292676,"comment_status":"closed","ping_status":"closed","sticky":false,"template":"","format":"standard","meta":{"_acf_changed":false,"_sitemap_exclude":false,"_sitemap_priority":"","_sitemap_frequency":"","footnotes":""},"categories":[52,56],"tags":[],"class_list":["post-292675","post","type-post","status-publish","format-standard","has-post-thumbnail","hentry","category-medeniyyet","category-xeberler","infinite-scroll-item","generate-columns","tablet-grid-50","mobile-grid-100","grid-parent","grid-33","no-featured-image-padding"],"acf":[],"yoast_head":"<!-- This site is optimized with the Yoast SEO plugin v27.4 - https:\/\/yoast.com\/product\/yoast-seo-wordpress\/ -->\n<title>Luvr muzeyi biletl\u0259rin qiym\u0259tini qald\u0131racaq - MEYDAN.TV<\/title>\n<meta name=\"robots\" content=\"index, follow, max-snippet:-1, max-image-preview:large, max-video-preview:-1\" \/>\n<link rel=\"canonical\" href=\"https:\/\/www.meydan.tv\/az\/article\/luvr-muzeyi-biletlerin-qiymetini-qaldiracaq\/\" \/>\n<meta property=\"og:locale\" content=\"az_AZ\" \/>\n<meta property=\"og:type\" content=\"article\" \/>\n<meta property=\"og:title\" content=\"Luvr muzeyi biletl\u0259rin qiym\u0259tini qald\u0131racaq - MEYDAN.TV\" \/>\n<meta property=\"og:description\" content=\"Qiym\u0259t art\u0131m\u0131n\u0131n elektrik enerjisinin x\u0259rcl\u0259ri il\u0259 ba\u011fl\u0131 oldu\u011fu deyilir Parisd\u0259ki ... Davam\u0131\" \/>\n<meta property=\"og:url\" content=\"https:\/\/www.meydan.tv\/az\/article\/luvr-muzeyi-biletlerin-qiymetini-qaldiracaq\/\" \/>\n<meta property=\"og:site_name\" content=\"MEYDAN.TV\" \/>\n<meta property=\"article:published_time\" content=\"2023-12-12T10:55:31+00:00\" \/>\n<meta property=\"article:modified_time\" content=\"2023-12-12T10:55:34+00:00\" \/>\n<meta property=\"og:image\" content=\"https:\/\/www.meydan.tv\/wp-content\/uploads\/1-31.jpg\" \/>\n\t<meta property=\"og:image:width\" content=\"1500\" \/>\n\t<meta property=\"og:image:height\" content=\"844\" \/>\n\t<meta property=\"og:image:type\" content=\"image\/jpeg\" \/>\n<meta name=\"author\" content=\"elli\" \/>\n<meta name=\"twitter:card\" content=\"summary_large_image\" \/>\n<meta name=\"twitter:creator\" content=\"@elli\" \/>\n<script type=\"application\/ld+json\" class=\"yoast-schema-graph\">{\"@context\":\"https:\\\/\\\/schema.org\",\"@graph\":[{\"@type\":\"Article\",\"@id\":\"https:\\\/\\\/www.meydan.tv\\\/az\\\/article\\\/luvr-muzeyi-biletlerin-qiymetini-qaldiracaq\\\/#article\",\"isPartOf\":{\"@id\":\"https:\\\/\\\/www.meydan.tv\\\/az\\\/article\\\/luvr-muzeyi-biletlerin-qiymetini-qaldiracaq\\\/\"},\"author\":{\"name\":\"elli\",\"@id\":\"https:\\\/\\\/www.meydan.tv\\\/az\\\/#\\\/schema\\\/person\\\/9cdbecf90d17180ce1dfbd95b08dcf47\"},\"headline\":\"Luvr muzeyi biletl\u0259rin qiym\u0259tini qald\u0131racaq\",\"datePublished\":\"2023-12-12T10:55:31+00:00\",\"dateModified\":\"2023-12-12T10:55:34+00:00\",\"mainEntityOfPage\":{\"@id\":\"https:\\\/\\\/www.meydan.tv\\\/az\\\/article\\\/luvr-muzeyi-biletlerin-qiymetini-qaldiracaq\\\/\"},\"wordCount\":311,\"publisher\":{\"@id\":\"https:\\\/\\\/www.meydan.tv\\\/az\\\/#organization\"},\"image\":{\"@id\":\"https:\\\/\\\/www.meydan.tv\\\/az\\\/article\\\/luvr-muzeyi-biletlerin-qiymetini-qaldiracaq\\\/#primaryimage\"},\"thumbnailUrl\":\"https:\\\/\\\/www.meydan.tv\\\/wp-content\\\/uploads\\\/1-31.jpg\",\"articleSection\":[\"M\u0259d\u0259niyy\u0259t\",\"X\u0259b\u0259rl\u0259r\"],\"inLanguage\":\"az\"},{\"@type\":\"WebPage\",\"@id\":\"https:\\\/\\\/www.meydan.tv\\\/az\\\/article\\\/luvr-muzeyi-biletlerin-qiymetini-qaldiracaq\\\/\",\"url\":\"https:\\\/\\\/www.meydan.tv\\\/az\\\/article\\\/luvr-muzeyi-biletlerin-qiymetini-qaldiracaq\\\/\",\"name\":\"Luvr muzeyi biletl\u0259rin qiym\u0259tini qald\u0131racaq - MEYDAN.TV\",\"isPartOf\":{\"@id\":\"https:\\\/\\\/www.meydan.tv\\\/az\\\/#website\"},\"primaryImageOfPage\":{\"@id\":\"https:\\\/\\\/www.meydan.tv\\\/az\\\/article\\\/luvr-muzeyi-biletlerin-qiymetini-qaldiracaq\\\/#primaryimage\"},\"image\":{\"@id\":\"https:\\\/\\\/www.meydan.tv\\\/az\\\/article\\\/luvr-muzeyi-biletlerin-qiymetini-qaldiracaq\\\/#primaryimage\"},\"thumbnailUrl\":\"https:\\\/\\\/www.meydan.tv\\\/wp-content\\\/uploads\\\/1-31.jpg\",\"datePublished\":\"2023-12-12T10:55:31+00:00\",\"dateModified\":\"2023-12-12T10:55:34+00:00\",\"breadcrumb\":{\"@id\":\"https:\\\/\\\/www.meydan.tv\\\/az\\\/article\\\/luvr-muzeyi-biletlerin-qiymetini-qaldiracaq\\\/#breadcrumb\"},\"inLanguage\":\"az\",\"potentialAction\":[{\"@type\":\"ReadAction\",\"target\":[\"https:\\\/\\\/www.meydan.tv\\\/az\\\/article\\\/luvr-muzeyi-biletlerin-qiymetini-qaldiracaq\\\/\"]}]},{\"@type\":\"ImageObject\",\"inLanguage\":\"az\",\"@id\":\"https:\\\/\\\/www.meydan.tv\\\/az\\\/article\\\/luvr-muzeyi-biletlerin-qiymetini-qaldiracaq\\\/#primaryimage\",\"url\":\"https:\\\/\\\/www.meydan.tv\\\/wp-content\\\/uploads\\\/1-31.jpg\",\"contentUrl\":\"https:\\\/\\\/www.meydan.tv\\\/wp-content\\\/uploads\\\/1-31.jpg\",\"width\":1500,\"height\":844,\"caption\":\"Luvr muzeyi. Foto: \\\"louvre\\\"\"},{\"@type\":\"BreadcrumbList\",\"@id\":\"https:\\\/\\\/www.meydan.tv\\\/az\\\/article\\\/luvr-muzeyi-biletlerin-qiymetini-qaldiracaq\\\/#breadcrumb\",\"itemListElement\":[{\"@type\":\"ListItem\",\"position\":1,\"name\":\"Ana s\u0259hif\u0259\",\"item\":\"https:\\\/\\\/www.meydan.tv\\\/az\\\/\"},{\"@type\":\"ListItem\",\"position\":2,\"name\":\"M\u0259d\u0259niyy\u0259t\",\"item\":\"https:\\\/\\\/www.meydan.tv\\\/az\\\/section\\\/medeniyyet\\\/\"},{\"@type\":\"ListItem\",\"position\":3,\"name\":\"Luvr muzeyi biletl\u0259rin qiym\u0259tini qald\u0131racaq\"}]},{\"@type\":\"WebSite\",\"@id\":\"https:\\\/\\\/www.meydan.tv\\\/az\\\/#website\",\"url\":\"https:\\\/\\\/www.meydan.tv\\\/az\\\/\",\"name\":\"MEYDAN.TV\",\"description\":\"Meydan TV Az\u0259rbaycan\u0131n media m\u0259kan\u0131ndak\u0131 alternativ s\u0259sidir\",\"publisher\":{\"@id\":\"https:\\\/\\\/www.meydan.tv\\\/az\\\/#organization\"},\"potentialAction\":[{\"@type\":\"SearchAction\",\"target\":{\"@type\":\"EntryPoint\",\"urlTemplate\":\"https:\\\/\\\/www.meydan.tv\\\/az\\\/?s={search_term_string}\"},\"query-input\":{\"@type\":\"PropertyValueSpecification\",\"valueRequired\":true,\"valueName\":\"search_term_string\"}}],\"inLanguage\":\"az\"},{\"@type\":\"Organization\",\"@id\":\"https:\\\/\\\/www.meydan.tv\\\/az\\\/#organization\",\"name\":\"Meydan TV\",\"url\":\"https:\\\/\\\/www.meydan.tv\\\/az\\\/\",\"logo\":{\"@type\":\"ImageObject\",\"inLanguage\":\"az\",\"@id\":\"https:\\\/\\\/www.meydan.tv\\\/az\\\/#\\\/schema\\\/logo\\\/image\\\/\",\"url\":\"https:\\\/\\\/www.meydan.tv\\\/wp-content\\\/uploads\\\/2021\\\/07\\\/meydan-logo.svg\",\"contentUrl\":\"https:\\\/\\\/www.meydan.tv\\\/wp-content\\\/uploads\\\/2021\\\/07\\\/meydan-logo.svg\",\"width\":195,\"height\":46,\"caption\":\"Meydan TV\"},\"image\":{\"@id\":\"https:\\\/\\\/www.meydan.tv\\\/az\\\/#\\\/schema\\\/logo\\\/image\\\/\"}},{\"@type\":\"Person\",\"@id\":\"https:\\\/\\\/www.meydan.tv\\\/az\\\/#\\\/schema\\\/person\\\/9cdbecf90d17180ce1dfbd95b08dcf47\",\"name\":\"elli\",\"sameAs\":[\"https:\\\/\\\/x.com\\\/elli\"]}]}<\/script>\n<!-- \/ Yoast SEO plugin. -->","yoast_head_json":{"title":"Luvr muzeyi biletl\u0259rin qiym\u0259tini qald\u0131racaq - MEYDAN.TV","robots":{"index":"index","follow":"follow","max-snippet":"max-snippet:-1","max-image-preview":"max-image-preview:large","max-video-preview":"max-video-preview:-1"},"canonical":"https:\/\/www.meydan.tv\/az\/article\/luvr-muzeyi-biletlerin-qiymetini-qaldiracaq\/","og_locale":"az_AZ","og_type":"article","og_title":"Luvr muzeyi biletl\u0259rin qiym\u0259tini qald\u0131racaq - MEYDAN.TV","og_description":"Qiym\u0259t art\u0131m\u0131n\u0131n elektrik enerjisinin x\u0259rcl\u0259ri il\u0259 ba\u011fl\u0131 oldu\u011fu deyilir Parisd\u0259ki ... Davam\u0131","og_url":"https:\/\/www.meydan.tv\/az\/article\/luvr-muzeyi-biletlerin-qiymetini-qaldiracaq\/","og_site_name":"MEYDAN.TV","article_published_time":"2023-12-12T10:55:31+00:00","article_modified_time":"2023-12-12T10:55:34+00:00","og_image":[{"width":1500,"height":844,"url":"https:\/\/www.meydan.tv\/wp-content\/uploads\/1-31.jpg","type":"image\/jpeg"}],"author":"elli","twitter_card":"summary_large_image","twitter_creator":"@elli","schema":{"@context":"https:\/\/schema.org","@graph":[{"@type":"Article","@id":"https:\/\/www.meydan.tv\/az\/article\/luvr-muzeyi-biletlerin-qiymetini-qaldiracaq\/#article","isPartOf":{"@id":"https:\/\/www.meydan.tv\/az\/article\/luvr-muzeyi-biletlerin-qiymetini-qaldiracaq\/"},"author":{"name":"elli","@id":"https:\/\/www.meydan.tv\/az\/#\/schema\/person\/9cdbecf90d17180ce1dfbd95b08dcf47"},"headline":"Luvr muzeyi biletl\u0259rin qiym\u0259tini qald\u0131racaq","datePublished":"2023-12-12T10:55:31+00:00","dateModified":"2023-12-12T10:55:34+00:00","mainEntityOfPage":{"@id":"https:\/\/www.meydan.tv\/az\/article\/luvr-muzeyi-biletlerin-qiymetini-qaldiracaq\/"},"wordCount":311,"publisher":{"@id":"https:\/\/www.meydan.tv\/az\/#organization"},"image":{"@id":"https:\/\/www.meydan.tv\/az\/article\/luvr-muzeyi-biletlerin-qiymetini-qaldiracaq\/#primaryimage"},"thumbnailUrl":"https:\/\/www.meydan.tv\/wp-content\/uploads\/1-31.jpg","articleSection":["M\u0259d\u0259niyy\u0259t","X\u0259b\u0259rl\u0259r"],"inLanguage":"az"},{"@type":"WebPage","@id":"https:\/\/www.meydan.tv\/az\/article\/luvr-muzeyi-biletlerin-qiymetini-qaldiracaq\/","url":"https:\/\/www.meydan.tv\/az\/article\/luvr-muzeyi-biletlerin-qiymetini-qaldiracaq\/","name":"Luvr muzeyi biletl\u0259rin qiym\u0259tini qald\u0131racaq - MEYDAN.TV","isPartOf":{"@id":"https:\/\/www.meydan.tv\/az\/#website"},"primaryImageOfPage":{"@id":"https:\/\/www.meydan.tv\/az\/article\/luvr-muzeyi-biletlerin-qiymetini-qaldiracaq\/#primaryimage"},"image":{"@id":"https:\/\/www.meydan.tv\/az\/article\/luvr-muzeyi-biletlerin-qiymetini-qaldiracaq\/#primaryimage"},"thumbnailUrl":"https:\/\/www.meydan.tv\/wp-content\/uploads\/1-31.jpg","datePublished":"2023-12-12T10:55:31+00:00","dateModified":"2023-12-12T10:55:34+00:00","breadcrumb":{"@id":"https:\/\/www.meydan.tv\/az\/article\/luvr-muzeyi-biletlerin-qiymetini-qaldiracaq\/#breadcrumb"},"inLanguage":"az","potentialAction":[{"@type":"ReadAction","target":["https:\/\/www.meydan.tv\/az\/article\/luvr-muzeyi-biletlerin-qiymetini-qaldiracaq\/"]}]},{"@type":"ImageObject","inLanguage":"az","@id":"https:\/\/www.meydan.tv\/az\/article\/luvr-muzeyi-biletlerin-qiymetini-qaldiracaq\/#primaryimage","url":"https:\/\/www.meydan.tv\/wp-content\/uploads\/1-31.jpg","contentUrl":"https:\/\/www.meydan.tv\/wp-content\/uploads\/1-31.jpg","width":1500,"height":844,"caption":"Luvr muzeyi. Foto: \"louvre\""},{"@type":"BreadcrumbList","@id":"https:\/\/www.meydan.tv\/az\/article\/luvr-muzeyi-biletlerin-qiymetini-qaldiracaq\/#breadcrumb","itemListElement":[{"@type":"ListItem","position":1,"name":"Ana s\u0259hif\u0259","item":"https:\/\/www.meydan.tv\/az\/"},{"@type":"ListItem","position":2,"name":"M\u0259d\u0259niyy\u0259t","item":"https:\/\/www.meydan.tv\/az\/section\/medeniyyet\/"},{"@type":"ListItem","position":3,"name":"Luvr muzeyi biletl\u0259rin qiym\u0259tini qald\u0131racaq"}]},{"@type":"WebSite","@id":"https:\/\/www.meydan.tv\/az\/#website","url":"https:\/\/www.meydan.tv\/az\/","name":"MEYDAN.TV","description":"Meydan TV Az\u0259rbaycan\u0131n media m\u0259kan\u0131ndak\u0131 alternativ s\u0259sidir","publisher":{"@id":"https:\/\/www.meydan.tv\/az\/#organization"},"potentialAction":[{"@type":"SearchAction","target":{"@type":"EntryPoint","urlTemplate":"https:\/\/www.meydan.tv\/az\/?s={search_term_string}"},"query-input":{"@type":"PropertyValueSpecification","valueRequired":true,"valueName":"search_term_string"}}],"inLanguage":"az"},{"@type":"Organization","@id":"https:\/\/www.meydan.tv\/az\/#organization","name":"Meydan TV","url":"https:\/\/www.meydan.tv\/az\/","logo":{"@type":"ImageObject","inLanguage":"az","@id":"https:\/\/www.meydan.tv\/az\/#\/schema\/logo\/image\/","url":"https:\/\/www.meydan.tv\/wp-content\/uploads\/2021\/07\/meydan-logo.svg","contentUrl":"https:\/\/www.meydan.tv\/wp-content\/uploads\/2021\/07\/meydan-logo.svg","width":195,"height":46,"caption":"Meydan TV"},"image":{"@id":"https:\/\/www.meydan.tv\/az\/#\/schema\/logo\/image\/"}},{"@type":"Person","@id":"https:\/\/www.meydan.tv\/az\/#\/schema\/person\/9cdbecf90d17180ce1dfbd95b08dcf47","name":"elli","sameAs":["https:\/\/x.com\/elli"]}]}},"_links":{"self":[{"href":"https:\/\/www.meydan.tv\/az\/wp-json\/wp\/v2\/posts\/292675","targetHints":{"allow":["GET"]}}],"collection":[{"href":"https:\/\/www.meydan.tv\/az\/wp-json\/wp\/v2\/posts"}],"about":[{"href":"https:\/\/www.meydan.tv\/az\/wp-json\/wp\/v2\/types\/post"}],"author":[{"embeddable":true,"href":"https:\/\/www.meydan.tv\/az\/wp-json\/wp\/v2\/users\/8"}],"replies":[{"embeddable":true,"href":"https:\/\/www.meydan.tv\/az\/wp-json\/wp\/v2\/comments?post=292675"}],"version-history":[{"count":1,"href":"https:\/\/www.meydan.tv\/az\/wp-json\/wp\/v2\/posts\/292675\/revisions"}],"predecessor-version":[{"id":292679,"href":"https:\/\/www.meydan.tv\/az\/wp-json\/wp\/v2\/posts\/292675\/revisions\/292679"}],"wp:featuredmedia":[{"embeddable":true,"href":"https:\/\/www.meydan.tv\/az\/wp-json\/wp\/v2\/media\/292676"}],"wp:attachment":[{"href":"https:\/\/www.meydan.tv\/az\/wp-json\/wp\/v2\/media?parent=292675"}],"wp:term":[{"taxonomy":"category","embeddable":true,"href":"https:\/\/www.meydan.tv\/az\/wp-json\/wp\/v2\/categories?post=292675"},{"taxonomy":"post_tag","embeddable":true,"href":"https:\/\/www.meydan.tv\/az\/wp-json\/wp\/v2\/tags?post=292675"}],"curies":[{"name":"wp","href":"https:\/\/api.w.org\/{rel}","templated":true}]}}