{"id":292664,"date":"2023-12-12T13:57:27","date_gmt":"2023-12-12T09:57:27","guid":{"rendered":"https:\/\/www.meydan.tv\/?p=292664"},"modified":"2023-12-13T15:07:38","modified_gmt":"2023-12-13T11:07:38","slug":"azerbaycanda-prezident-seckilerinden-sonra-referendum-gozlenilir","status":"publish","type":"post","link":"https:\/\/www.meydan.tv\/az\/article\/azerbaycanda-prezident-seckilerinden-sonra-referendum-gozlenilir\/","title":{"rendered":"Az\u0259rbaycanda Prezident se\u00e7kil\u0259rind\u0259n sonra referendum olaca\u011f\u0131 deyilir\u00a0"},"content":{"rendered":"\n<p><\/p>\n\n\n\n<p><strong><em>Ekspertl\u0259r deyirl\u0259r ki, konstitusion v\u0259 siyasi islahatlara ehtiyac var<\/em><\/strong><\/p>\n\n\n\n<p>Az\u0259rbaycanda Prezident se\u00e7kil\u0259rind\u0259n sonra referendumun ke\u00e7iril\u0259c\u0259yi g\u00f6zl\u0259nilir.<\/p>\n\n\n\n<p>Bu bar\u0259d\u0259 art\u0131q Dair\u0259 Se\u00e7ki Komissiyalar\u0131na (DSK) m\u00fc\u0259yy\u0259n tap\u015f\u0131r\u0131qlar\u0131n verildiyi d\u0259 bildirilir.<\/p>\n\n\n\n<p>Ad\u0131n\u0131n a\u00e7\u0131qlanmas\u0131n\u0131 ist\u0259m\u0259y\u0259n DSK n\u00fcmay\u0259nd\u0259si Meydan TV-y\u0259 deyib ki, onlara Prezident se\u00e7kisind\u0259n sonra referendumun olaca\u011f\u0131 bar\u0259d\u0259 m\u0259lumat verilib, amma konkret tarix deyilm\u0259yib.<\/p>\n\n\n\n<p>O g\u00fcman edir ki, referendum mart-aprel aylar\u0131nda ba\u015f tuta bil\u0259r.<\/p>\n\n\n\n<p>Az\u0259rbaycanda fevral\u0131n 7-d\u0259 n\u00f6vb\u0259d\u0259nk\u0259nar Prezident se\u00e7kil\u0259ri ke\u00e7iril\u0259c\u0259k.<\/p>\n\n\n\n<p>Bir s\u0131ra partiya \u00fczvl\u0259ri v\u0259 ekspertl\u0259r d\u0259 apreld\u0259 referendumun ba\u015f tutaca\u011f\u0131n\u0131 deyirl\u0259r.<\/p>\n\n\n\n<p><strong>&#8220;Prezident se\u00e7kil\u0259rind\u0259n sonra referendumun ke\u00e7irilm\u0259si asan olacaq&#8221;<\/strong><\/p>\n\n\n\n<p>REAl Partiyas\u0131n\u0131n Siyasi Komit\u0259sinin \u00fczv\u00fc, iqtisad\u00e7\u0131 Natiq C\u0259f\u0259rli d\u0259 Meydan TV-y\u0259 deyib ki, referendum g\u00f6zl\u0259nil\u0259ndir:<\/p>\n\n\n\n<p>&#8220;<em>Bir ne\u00e7\u0259 g\u00fcnd\u00fcr ki, bununla ba\u011fl\u0131 dan\u0131\u015f\u0131r\u0131q, yaz\u0131r\u0131q. \u018flb\u0259tt\u0259, referendumun olmas\u0131 normald\u0131r. \u00c7\u00fcnki idar\u0259etm\u0259d\u0259 ciddi problem var. H\u0259m struktur, h\u0259m d\u0259 fundamental islahatlara gedilm\u0259lidir. H\u00f6kum\u0259tin s\u0259lahiyy\u0259t b\u00f6lg\u00fcs\u00fcnd\u0259 s\u0259rh\u0259dl\u0259r m\u00fc\u0259yy\u0259n olunmal\u0131d\u0131r. 14 iqtisadi \u0259razi vahidi \u00fczr\u0259 d\u0259 struktur v\u0259 s\u0259lahiyy\u0259tl\u0259r m\u00fc\u0259yy\u0259nl\u0259\u015fm\u0259lidir. Siyasi v\u0259 iqtisadi islahatlara ehtiyac var&#8221;.<\/em><\/p>\n\n\n<div class=\"wp-block-image\">\n<figure class=\"aligncenter size-large\"><img decoding=\"async\" width=\"1095\" height=\"821\" data-src=\"https:\/\/www.meydan.tv\/wp-content\/uploads\/image_from_ios_4_knvgla9-1095x821.jpg\" alt=\"se\u00e7ki qutular\u0131\" class=\"wp-image-137115 lazyload\" src=\"data:image\/svg+xml;base64,PHN2ZyB3aWR0aD0iMSIgaGVpZ2h0PSIxIiB4bWxucz0iaHR0cDovL3d3dy53My5vcmcvMjAwMC9zdmciPjwvc3ZnPg==\" style=\"--smush-placeholder-width: 1095px; --smush-placeholder-aspect-ratio: 1095\/821;\" \/><figcaption class=\"wp-element-caption\"> Foto: Meydan TV<\/figcaption><\/figure>\n<\/div>\n\n\n<p>Onun s\u00f6zl\u0259rin\u0259 g\u00f6r\u0259, n\u00f6vb\u0259d\u0259nk\u0259nar Prezident se\u00e7kil\u0259rind\u0259n sonra referendumun ke\u00e7irilm\u0259si asan olacaq:<\/p>\n\n\n\n<p>&#8220;<em>\u00c7\u00fcnki referendumun n\u0259tic\u0259l\u0259ri prezident se\u00e7kil\u0259rin\u0259 t\u0259sir etm\u0259y\u0259c\u0259k. M\u0259s\u0259l\u0259 ondad\u0131r ki, konstitusion d\u0259yi\u015fiklikl\u0259rd\u0259n sonra yeni se\u00e7ki prosesinin olmas\u0131 ehtimallar\u0131 yarana bil\u0259rdi. Amma Prezident se\u00e7kil\u0259rini \u00f6n\u0259 \u00e7\u0259km\u0259kl\u0259, bu ehtimallar s\u0131f\u0131rlan\u0131r v\u0259 konstitusion d\u0259yi\u015fiklikl\u0259r\u0259 daha rahat getm\u0259k olar&#8221;.<\/em><\/p>\n\n\n\n<p>C\u0259f\u0259rli hesab edir ki, \u00f6lk\u0259nin sosial-iqtisadi probleml\u0259rinin s\u0259b\u0259bi idar\u0259etm\u0259d\u0259n qaynaqlan\u0131r:<\/p>\n\n\n\n<p>&#8220;<em>\u0130dar\u0259etm\u0259nin \u00f6z\u00fc probleml\u0259rl\u0259 dolu oldu\u011fundan iqtisadi-sosial sah\u0259d\u0259 ir\u0259lil\u0259yi\u015fl\u0259r \u0259ld\u0259 etm\u0259k m\u00fcmk\u00fcn olmur. M\u0259s\u0259l\u0259n, Az\u0259rbaycan iqtisadiyyat\u0131 MDB m\u0259kan\u0131nda \u0259n az art\u0131m g\u00f6st\u0259rdi, 0,5 fazi \u00dcDM art\u0131m\u0131 m\u00fcst\u0259qillik tariximizd\u0259 \u0259n a\u015fa\u011f\u0131 g\u00f6st\u0259ricil\u0259rd\u0259n biridir. Dem\u0259li, \u00f6lk\u0259d\u0259ki iqtisadi probleml\u0259rin h\u0259lli iqtisadiyyatda yox, idar\u0259etm\u0259d\u0259dir. Y\u0259ni yerli \u00f6z\u00fcn\u00fc idar\u0259etm\u0259nin, icra hakimiyy\u0259ti institutlar\u0131nda, parlamentin s\u0259lahiyy\u0259tinin harada ba\u015flay\u0131b, harada bitm\u0259sind\u0259ki qeyri-m\u00fc\u0259yy\u0259nlikd\u0259dir, Nazirl\u0259r Kabinetinin laz\u0131ms\u0131z quruma \u00e7evrilm\u0259sind\u0259dir&#8221;.<\/em><\/p>\n\n\n\n<p>&#8220;<em>Bu g\u00fcn Az\u0259rbaycanda nazirl\u0259rin s\u0259lahiyy\u0259ti h\u00f6kum\u0259tin s\u0259lahiyy\u0259tind\u0259n daha \u00e7oxdur. Sadalad\u0131qlar\u0131m iqtisadi probleml\u0259rin h\u0259llind\u0259 m\u0259suliyy\u0259t v\u0259 s\u0259lahiyy\u0259t b\u00f6lg\u00fcs\u00fcnd\u0259 axsamalarla n\u0259tic\u0259l\u0259nir v\u0259 istisadiyyatdak\u0131 d\u0259rin probleml\u0259rin artmas\u0131na g\u0259tirir&#8221;,<\/em> &#8211; dey\u0259 o qeyd edib.<\/p>\n\n\n<div class=\"wp-block-image\">\n<figure class=\"alignleft size-large is-resized\"><img decoding=\"async\" data-src=\"https:\/\/www.meydan.tv\/wp-content\/uploads\/natiq_cafarli-1200x800.jpg\" alt=\"Natiq C\u0259f\u0259rli\" class=\"wp-image-209935 lazyload\" style=\"--smush-placeholder-width: 1200px; --smush-placeholder-aspect-ratio: 1200\/800;width:366px;height:auto\" src=\"data:image\/svg+xml;base64,PHN2ZyB3aWR0aD0iMSIgaGVpZ2h0PSIxIiB4bWxucz0iaHR0cDovL3d3dy53My5vcmcvMjAwMC9zdmciPjwvc3ZnPg==\" \/><figcaption class=\"wp-element-caption\">Foto: Meydan.TV<\/figcaption><\/figure>\n<\/div>\n\n\n<p>\u0130qtisad\u00e7\u0131 bildirib ki, bu g\u00fcn\u0259 q\u0259d\u0259r qeyri-neft sektoru, regionlar\u0131n sosial-iqtisadi inki\u015faf\u0131 il\u0259 ba\u011fl\u0131 4 proqram q\u0259bul edilib, 105 milyard x\u0259rcl\u0259ns\u0259 d\u0259, he\u00e7 bir ciddi ir\u0259lil\u0259yi\u015f\u0259 nail olunmay\u0131b:<\/p>\n\n\n\n<p><em>&#8220;Regionlar\u0131n n\u0259 \u00dcDM-d\u0259 pay\u0131 g\u00f6r\u00fcn\u00fcr, n\u0259 d\u0259 ixracatda paylar\u0131 art\u0131r. B\u00fct\u00fcn bunlar ona g\u0259tirib ki, h\u0259tta \u0259razi inzibati sistemind\u0259 d\u0259 probleml\u0259r var. Bundan \u0259lav\u0259, m\u00fcharib\u0259nin n\u0259tic\u0259l\u0259ri d\u0259 Konstitusiyada \u0259ks olunmal\u0131d\u0131r. \u00c7\u00fcnki m\u00fcharib\u0259d\u0259n sonra 14 iqtisadi rayon yarad\u0131ld\u0131, amma bu rayonlar\u0131n idar\u0259etm\u0259 g\u00fcc\u00fc yoxdur. Onlar\u0131 inzibati \u0259razi vahidin\u0259 \u00e7evirm\u0259k laz\u0131md\u0131r ki, f\u0259aliyy\u0259tin fraqmental v\u0259 effektiv idar\u0259etm\u0259sini t\u0259min etm\u0259k m\u00fcmk\u00fcn olsun. Dedikl\u0259rim konstitusion islahatlar olmadan m\u00fcmk\u00fcn deyil. \u018fg\u0259r h\u00f6kum\u0259t sosial-iqtisadi probleml\u0259rin h\u0259llini ist\u0259yirs\u0259, bu bar\u0259d\u0259 d\u00fc\u015f\u00fcnm\u0259lidir&#8221;.<\/em><\/p>\n\n\n\n<p><strong><em>&#8220;<\/em>Bu se\u00e7ki siyasi yar\u0131\u015f deyil, texniki prosedurdur&#8221;<\/strong><\/p>\n\n\n\n<p>&#8220;Turan&#8221; \u0130nformasiya Agentliyinin direktoru Mehman \u018fliyev d\u0259 son se\u00e7kil\u0259r v\u0259 g\u00f6zl\u0259ntil\u0259rl\u0259 ba\u011fl\u0131 analitik yaz\u0131 il\u0259 \u00e7\u0131x\u0131\u015f edib.<\/p>\n\n\n\n<p>O qeyd edib ki, m\u0259lum s\u0259r\u0259ncam m\u00f6vcud yeni reall\u0131qlarla, o c\u00fcml\u0259d\u0259n Qaraba\u011f probleminin aradan qald\u0131r\u0131lmas\u0131, daxili inzibati s\u0259rh\u0259dl\u0259rin, idar\u0259etm\u0259 sisteminin d\u0259yi\u015fdirilm\u0259si, parlament qurulu\u015funun proporsional sistemin\u0259 ke\u00e7m\u0259si, parlament \u00e7oxlu\u011fu t\u0259r\u0259find\u0259n se\u00e7il\u0259n h\u00f6kum\u0259tin statusunun art\u0131r\u0131lmas\u0131, h\u0259tta parlament idar\u0259etm\u0259 sistemin\u0259 ke\u00e7id \u00fc\u00e7\u00fcn Konstitusiyaya \u0259lav\u0259 v\u0259 d\u0259yi\u015fiklikl\u0259rl\u0259 ba\u011fl\u0131 referendumun elan\u0131n\u0131 g\u00f6zl\u0259y\u0259n c\u0259miyy\u0259ti heyr\u0259tl\u0259ndirib.<\/p>\n\n\n\n<p>\u018fliyevin fikrinc\u0259, qanunvericilik n\u00f6vb\u0259d\u0259nk\u0259nar se\u00e7kil\u0259rin ke\u00e7irilm\u0259si \u00fc\u00e7\u00fcn h\u00fcquqi \u0259sas yaratsa da, hakimiyy\u0259t onun siyasi s\u0259b\u0259bl\u0259rini m\u0259ntiqi v\u0259 \u0259sasl\u0131 \u015f\u0259kild\u0259 izah etm\u0259yib:<\/p>\n\n\n<div class=\"wp-block-image\">\n<figure class=\"alignright size-large is-resized\"><img decoding=\"async\" width=\"1200\" height=\"800\" data-src=\"https:\/\/www.meydan.tv\/wp-content\/uploads\/mehman_aliyev_6-1200x800.jpg\" alt=\"Mehman \u018fliyev\" class=\"wp-image-154314 lazyload\" style=\"--smush-placeholder-width: 1200px; --smush-placeholder-aspect-ratio: 1200\/800;width:377px;height:auto\" src=\"data:image\/svg+xml;base64,PHN2ZyB3aWR0aD0iMSIgaGVpZ2h0PSIxIiB4bWxucz0iaHR0cDovL3d3dy53My5vcmcvMjAwMC9zdmciPjwvc3ZnPg==\" \/><figcaption class=\"wp-element-caption\">Mehman \u018fliyev, Foto: Meydan TV<\/figcaption><\/figure>\n<\/div>\n\n\n<p>&#8220;<em>H\u0259r\u00e7\u0259nd 2018-ci ild\u0259 hakimiyy\u0259t \u0259n az\u0131 bir n\u00f6v n\u00f6vb\u0259d\u0259nk\u0259nar se\u00e7kil\u0259r\u0259 ehtiyac\u0131 \u0259sasland\u0131rma\u011fa \u00e7al\u0131\u015fd\u0131. Se\u00e7kil\u0259rin t\u0259xir\u0259 sal\u0131nmas\u0131n\u0131n r\u0259smi s\u0259b\u0259bl\u0259ri respublikan\u0131n 100 illiyi v\u0259 humanitar forumla \u0259laq\u0259l\u0259ndirildi&#8221;.<\/em><\/p>\n\n\n\n<p>Mehman \u018fliyev hesab edir ki, g\u0259l\u0259n il \u00f6lk\u0259 Prezident se\u00e7kil\u0259rind\u0259n sonra bir s\u0131ra \u0259lam\u0259tdar hadis\u0259l\u0259r ya\u015famal\u0131d\u0131r:<\/p>\n\n\n\n<p>&#8220;<em>\u018fliyev se\u00e7ki xatirin\u0259 se\u00e7ki ke\u00e7irmir. O, siyasi simbioz strategiyas\u0131n\u0131 r\u0259hb\u0259r tutur: g\u0259l\u0259c\u0259k ill\u0259r \u00fc\u00e7\u00fcn sistemin modernl\u0259\u015fdirilm\u0259si v\u0259 sabitliyinin m\u00f6hk\u0259ml\u0259ndirilm\u0259si. Bu davran\u0131\u015f x\u0259tti, \u015f\u00fcbh\u0259siz, qar\u015f\u0131da duran Prezident se\u00e7kil\u0259rind\u0259 d\u0259 davam ed\u0259c\u0259k v\u0259 se\u00e7ki prosesi \u00f6z\u00fc m\u00fcxt\u0259lif hakimiyy\u0259t v\u0259 m\u00fcxalif\u0259t qruplar\u0131n\u0131n siyasi yar\u0131\u015f\u0131 deyil, praktiki olaraq, texniki prosedur olacaq&#8221;.<\/em><\/p>\n\n\n\n<p><strong><em>&#8220;<\/em>\u00c7ox g\u00fcman ki, m\u00fch\u00fcm d\u0259yi\u015fiklikl\u0259r se\u00e7kil\u0259rd\u0259n sonra olacaq&#8221;<\/strong><\/p>\n\n\n\n<p>B\u00f6y\u00fck Qurulu\u015f Partiyas\u0131n\u0131n ba\u015fqan\u0131, deputat Fazil Mustafa is\u0259 Meydan TV-y\u0259 deyib ki, Az\u0259rbaycanda yeni d\u00f6vr v\u0259 reall\u0131qlar ba\u015flay\u0131b.<\/p>\n\n\n\n<p>O, konstitusion islahatlar\u0131n, proporsional se\u00e7ki sisteminin b\u0259rpa edilm\u0259sinin m\u00fcmk\u00fcn oldu\u011funu s\u00f6yl\u0259s\u0259 d\u0259, h\u0259l\u0259 g\u00fcnd\u0259likd\u0259 bu bar\u0259d\u0259 konkret t\u0259klif v\u0259 q\u0259rarlar\u0131n olmad\u0131\u011f\u0131n\u0131 vur\u011fulay\u0131b.<\/p>\n\n\n<div class=\"wp-block-image\">\n<figure class=\"alignleft size-full is-resized\"><img decoding=\"async\" width=\"1200\" height=\"800\" data-src=\"https:\/\/www.meydan.tv\/wp-content\/uploads\/untitled-design-9-1.png\" alt=\"\" class=\"wp-image-226031 lazyload\" style=\"--smush-placeholder-width: 1200px; --smush-placeholder-aspect-ratio: 1200\/800;width:365px;height:auto\" src=\"data:image\/svg+xml;base64,PHN2ZyB3aWR0aD0iMSIgaGVpZ2h0PSIxIiB4bWxucz0iaHR0cDovL3d3dy53My5vcmcvMjAwMC9zdmciPjwvc3ZnPg==\" \/><figcaption class=\"wp-element-caption\">Foto: Meydan TV<\/figcaption><\/figure>\n<\/div>\n\n\n<p>Fazil Mustafa g\u00fcman edir ki, 7 fevral se\u00e7kisind\u0259n sonra islahatlar\u0131n tamamil\u0259 ba\u015fqa istiqam\u0259td\u0259 v\u0259 daha s\u00fcr\u0259tl\u0259 ger\u00e7\u0259kl\u0259\u015fm\u0259si ba\u015f ver\u0259 bil\u0259r:<\/p>\n\n\n\n<p><em>&#8220;H\u0259m d\u0259 islahatlar ona g\u00f6r\u0259 vacibdir ki, \u0259razimiz i\u015f\u011faldan azad olunub, yeni d\u00f6vr ba\u015flay\u0131b v\u0259 bu m\u0259rh\u0259l\u0259nin ruhuna uy\u011fun d\u0259yi\u015fiklikl\u0259r vacibdir. Bu silsil\u0259ni tamamlamaq \u00f6n\u0259mlidir. \u00c7ox g\u00fcman ki, m\u00fch\u00fcm d\u0259yi\u015fiklikl\u0259r se\u00e7kil\u0259rd\u0259n sonra olacaq&#8221;.<\/em><\/p>\n","protected":false},"excerpt":{"rendered":"<p>Ekspertl\u0259r deyirl\u0259r ki, konstitusion v\u0259 siyasi islahatlara ehtiyac var Az\u0259rbaycanda &#8230; <\/p>\n<p class=\"read-more-container\"><a title=\"Az\u0259rbaycanda Prezident se\u00e7kil\u0259rind\u0259n sonra referendum olaca\u011f\u0131 deyilir\u00a0\" class=\"read-more button\" href=\"https:\/\/www.meydan.tv\/az\/article\/azerbaycanda-prezident-seckilerinden-sonra-referendum-gozlenilir\/#more-292664\" aria-label=\"Read more about Az\u0259rbaycanda Prezident se\u00e7kil\u0259rind\u0259n sonra referendum olaca\u011f\u0131 deyilir\u00a0\">Davam\u0131<\/a><\/p>\n","protected":false},"author":8,"featured_media":246367,"comment_status":"closed","ping_status":"closed","sticky":false,"template":"","format":"standard","meta":{"_acf_changed":false,"_sitemap_exclude":false,"_sitemap_priority":"","_sitemap_frequency":"","footnotes":""},"categories":[129,59,79,56],"tags":[],"class_list":["post-292664","post","type-post","status-publish","format-standard","has-post-thumbnail","hentry","category-sechki-2024","category-siyaset","category-featured","category-xeberler","infinite-scroll-item","generate-columns","tablet-grid-50","mobile-grid-100","grid-parent","grid-33","no-featured-image-padding"],"acf":[],"yoast_head":"<!-- This site is optimized with the Yoast SEO plugin v27.4 - https:\/\/yoast.com\/product\/yoast-seo-wordpress\/ -->\n<title>Az\u0259rbaycanda Prezident se\u00e7kil\u0259rind\u0259n sonra referendum olaca\u011f\u0131 deyilir\u00a0 - MEYDAN.TV<\/title>\n<meta name=\"robots\" content=\"index, follow, max-snippet:-1, max-image-preview:large, max-video-preview:-1\" \/>\n<link rel=\"canonical\" href=\"https:\/\/www.meydan.tv\/az\/article\/azerbaycanda-prezident-seckilerinden-sonra-referendum-gozlenilir\/\" \/>\n<meta property=\"og:locale\" content=\"az_AZ\" \/>\n<meta property=\"og:type\" content=\"article\" \/>\n<meta property=\"og:title\" content=\"Az\u0259rbaycanda Prezident se\u00e7kil\u0259rind\u0259n sonra referendum olaca\u011f\u0131 deyilir\u00a0 - MEYDAN.TV\" \/>\n<meta property=\"og:description\" content=\"Ekspertl\u0259r deyirl\u0259r ki, konstitusion v\u0259 siyasi islahatlara ehtiyac var Az\u0259rbaycanda ... Davam\u0131\" \/>\n<meta property=\"og:url\" content=\"https:\/\/www.meydan.tv\/az\/article\/azerbaycanda-prezident-seckilerinden-sonra-referendum-gozlenilir\/\" \/>\n<meta property=\"og:site_name\" content=\"MEYDAN.TV\" \/>\n<meta property=\"article:published_time\" content=\"2023-12-12T09:57:27+00:00\" \/>\n<meta property=\"article:modified_time\" content=\"2023-12-13T11:07:38+00:00\" \/>\n<meta property=\"og:image\" content=\"https:\/\/www.meydan.tv\/wp-content\/uploads\/shutterstock_2129355689-1-scaled.jpg\" \/>\n\t<meta property=\"og:image:width\" content=\"2560\" \/>\n\t<meta property=\"og:image:height\" content=\"1671\" \/>\n\t<meta property=\"og:image:type\" content=\"image\/jpeg\" \/>\n<meta name=\"author\" content=\"elli\" \/>\n<meta name=\"twitter:card\" content=\"summary_large_image\" \/>\n<meta name=\"twitter:creator\" content=\"@elli\" \/>\n<script type=\"application\/ld+json\" class=\"yoast-schema-graph\">{\"@context\":\"https:\\\/\\\/schema.org\",\"@graph\":[{\"@type\":\"Article\",\"@id\":\"https:\\\/\\\/www.meydan.tv\\\/az\\\/article\\\/azerbaycanda-prezident-seckilerinden-sonra-referendum-gozlenilir\\\/#article\",\"isPartOf\":{\"@id\":\"https:\\\/\\\/www.meydan.tv\\\/az\\\/article\\\/azerbaycanda-prezident-seckilerinden-sonra-referendum-gozlenilir\\\/\"},\"author\":{\"name\":\"elli\",\"@id\":\"https:\\\/\\\/www.meydan.tv\\\/az\\\/#\\\/schema\\\/person\\\/9cdbecf90d17180ce1dfbd95b08dcf47\"},\"headline\":\"Az\u0259rbaycanda Prezident se\u00e7kil\u0259rind\u0259n sonra referendum olaca\u011f\u0131 deyilir\u00a0\",\"datePublished\":\"2023-12-12T09:57:27+00:00\",\"dateModified\":\"2023-12-13T11:07:38+00:00\",\"mainEntityOfPage\":{\"@id\":\"https:\\\/\\\/www.meydan.tv\\\/az\\\/article\\\/azerbaycanda-prezident-seckilerinden-sonra-referendum-gozlenilir\\\/\"},\"wordCount\":1199,\"publisher\":{\"@id\":\"https:\\\/\\\/www.meydan.tv\\\/az\\\/#organization\"},\"image\":{\"@id\":\"https:\\\/\\\/www.meydan.tv\\\/az\\\/article\\\/azerbaycanda-prezident-seckilerinden-sonra-referendum-gozlenilir\\\/#primaryimage\"},\"thumbnailUrl\":\"https:\\\/\\\/www.meydan.tv\\\/wp-content\\\/uploads\\\/shutterstock_2129355689-1-scaled.jpg\",\"articleSection\":[\"Se\u00e7ki 2024\",\"Siyas\u0259t\",\"T\u00f6vsiy\u0259\",\"X\u0259b\u0259rl\u0259r\"],\"inLanguage\":\"az\"},{\"@type\":\"WebPage\",\"@id\":\"https:\\\/\\\/www.meydan.tv\\\/az\\\/article\\\/azerbaycanda-prezident-seckilerinden-sonra-referendum-gozlenilir\\\/\",\"url\":\"https:\\\/\\\/www.meydan.tv\\\/az\\\/article\\\/azerbaycanda-prezident-seckilerinden-sonra-referendum-gozlenilir\\\/\",\"name\":\"Az\u0259rbaycanda Prezident se\u00e7kil\u0259rind\u0259n sonra referendum olaca\u011f\u0131 deyilir\u00a0 - MEYDAN.TV\",\"isPartOf\":{\"@id\":\"https:\\\/\\\/www.meydan.tv\\\/az\\\/#website\"},\"primaryImageOfPage\":{\"@id\":\"https:\\\/\\\/www.meydan.tv\\\/az\\\/article\\\/azerbaycanda-prezident-seckilerinden-sonra-referendum-gozlenilir\\\/#primaryimage\"},\"image\":{\"@id\":\"https:\\\/\\\/www.meydan.tv\\\/az\\\/article\\\/azerbaycanda-prezident-seckilerinden-sonra-referendum-gozlenilir\\\/#primaryimage\"},\"thumbnailUrl\":\"https:\\\/\\\/www.meydan.tv\\\/wp-content\\\/uploads\\\/shutterstock_2129355689-1-scaled.jpg\",\"datePublished\":\"2023-12-12T09:57:27+00:00\",\"dateModified\":\"2023-12-13T11:07:38+00:00\",\"breadcrumb\":{\"@id\":\"https:\\\/\\\/www.meydan.tv\\\/az\\\/article\\\/azerbaycanda-prezident-seckilerinden-sonra-referendum-gozlenilir\\\/#breadcrumb\"},\"inLanguage\":\"az\",\"potentialAction\":[{\"@type\":\"ReadAction\",\"target\":[\"https:\\\/\\\/www.meydan.tv\\\/az\\\/article\\\/azerbaycanda-prezident-seckilerinden-sonra-referendum-gozlenilir\\\/\"]}]},{\"@type\":\"ImageObject\",\"inLanguage\":\"az\",\"@id\":\"https:\\\/\\\/www.meydan.tv\\\/az\\\/article\\\/azerbaycanda-prezident-seckilerinden-sonra-referendum-gozlenilir\\\/#primaryimage\",\"url\":\"https:\\\/\\\/www.meydan.tv\\\/wp-content\\\/uploads\\\/shutterstock_2129355689-1-scaled.jpg\",\"contentUrl\":\"https:\\\/\\\/www.meydan.tv\\\/wp-content\\\/uploads\\\/shutterstock_2129355689-1-scaled.jpg\",\"width\":2560,\"height\":1671,\"caption\":\"Referendum. Foto: GagoDesign\\\/shutterstock\"},{\"@type\":\"BreadcrumbList\",\"@id\":\"https:\\\/\\\/www.meydan.tv\\\/az\\\/article\\\/azerbaycanda-prezident-seckilerinden-sonra-referendum-gozlenilir\\\/#breadcrumb\",\"itemListElement\":[{\"@type\":\"ListItem\",\"position\":1,\"name\":\"Ana s\u0259hif\u0259\",\"item\":\"https:\\\/\\\/www.meydan.tv\\\/az\\\/\"},{\"@type\":\"ListItem\",\"position\":2,\"name\":\"Siyas\u0259t\",\"item\":\"https:\\\/\\\/www.meydan.tv\\\/az\\\/section\\\/siyaset\\\/\"},{\"@type\":\"ListItem\",\"position\":3,\"name\":\"Az\u0259rbaycanda Prezident se\u00e7kil\u0259rind\u0259n sonra referendum olaca\u011f\u0131 deyilir\u00a0\"}]},{\"@type\":\"WebSite\",\"@id\":\"https:\\\/\\\/www.meydan.tv\\\/az\\\/#website\",\"url\":\"https:\\\/\\\/www.meydan.tv\\\/az\\\/\",\"name\":\"MEYDAN.TV\",\"description\":\"Meydan TV Az\u0259rbaycan\u0131n media m\u0259kan\u0131ndak\u0131 alternativ s\u0259sidir\",\"publisher\":{\"@id\":\"https:\\\/\\\/www.meydan.tv\\\/az\\\/#organization\"},\"potentialAction\":[{\"@type\":\"SearchAction\",\"target\":{\"@type\":\"EntryPoint\",\"urlTemplate\":\"https:\\\/\\\/www.meydan.tv\\\/az\\\/?s={search_term_string}\"},\"query-input\":{\"@type\":\"PropertyValueSpecification\",\"valueRequired\":true,\"valueName\":\"search_term_string\"}}],\"inLanguage\":\"az\"},{\"@type\":\"Organization\",\"@id\":\"https:\\\/\\\/www.meydan.tv\\\/az\\\/#organization\",\"name\":\"Meydan TV\",\"url\":\"https:\\\/\\\/www.meydan.tv\\\/az\\\/\",\"logo\":{\"@type\":\"ImageObject\",\"inLanguage\":\"az\",\"@id\":\"https:\\\/\\\/www.meydan.tv\\\/az\\\/#\\\/schema\\\/logo\\\/image\\\/\",\"url\":\"https:\\\/\\\/www.meydan.tv\\\/wp-content\\\/uploads\\\/2021\\\/07\\\/meydan-logo.svg\",\"contentUrl\":\"https:\\\/\\\/www.meydan.tv\\\/wp-content\\\/uploads\\\/2021\\\/07\\\/meydan-logo.svg\",\"width\":195,\"height\":46,\"caption\":\"Meydan TV\"},\"image\":{\"@id\":\"https:\\\/\\\/www.meydan.tv\\\/az\\\/#\\\/schema\\\/logo\\\/image\\\/\"}},{\"@type\":\"Person\",\"@id\":\"https:\\\/\\\/www.meydan.tv\\\/az\\\/#\\\/schema\\\/person\\\/9cdbecf90d17180ce1dfbd95b08dcf47\",\"name\":\"elli\",\"sameAs\":[\"https:\\\/\\\/x.com\\\/elli\"]}]}<\/script>\n<!-- \/ Yoast SEO plugin. -->","yoast_head_json":{"title":"Az\u0259rbaycanda Prezident se\u00e7kil\u0259rind\u0259n sonra referendum olaca\u011f\u0131 deyilir\u00a0 - MEYDAN.TV","robots":{"index":"index","follow":"follow","max-snippet":"max-snippet:-1","max-image-preview":"max-image-preview:large","max-video-preview":"max-video-preview:-1"},"canonical":"https:\/\/www.meydan.tv\/az\/article\/azerbaycanda-prezident-seckilerinden-sonra-referendum-gozlenilir\/","og_locale":"az_AZ","og_type":"article","og_title":"Az\u0259rbaycanda Prezident se\u00e7kil\u0259rind\u0259n sonra referendum olaca\u011f\u0131 deyilir\u00a0 - MEYDAN.TV","og_description":"Ekspertl\u0259r deyirl\u0259r ki, konstitusion v\u0259 siyasi islahatlara ehtiyac var Az\u0259rbaycanda ... Davam\u0131","og_url":"https:\/\/www.meydan.tv\/az\/article\/azerbaycanda-prezident-seckilerinden-sonra-referendum-gozlenilir\/","og_site_name":"MEYDAN.TV","article_published_time":"2023-12-12T09:57:27+00:00","article_modified_time":"2023-12-13T11:07:38+00:00","og_image":[{"width":2560,"height":1671,"url":"https:\/\/www.meydan.tv\/wp-content\/uploads\/shutterstock_2129355689-1-scaled.jpg","type":"image\/jpeg"}],"author":"elli","twitter_card":"summary_large_image","twitter_creator":"@elli","schema":{"@context":"https:\/\/schema.org","@graph":[{"@type":"Article","@id":"https:\/\/www.meydan.tv\/az\/article\/azerbaycanda-prezident-seckilerinden-sonra-referendum-gozlenilir\/#article","isPartOf":{"@id":"https:\/\/www.meydan.tv\/az\/article\/azerbaycanda-prezident-seckilerinden-sonra-referendum-gozlenilir\/"},"author":{"name":"elli","@id":"https:\/\/www.meydan.tv\/az\/#\/schema\/person\/9cdbecf90d17180ce1dfbd95b08dcf47"},"headline":"Az\u0259rbaycanda Prezident se\u00e7kil\u0259rind\u0259n sonra referendum olaca\u011f\u0131 deyilir\u00a0","datePublished":"2023-12-12T09:57:27+00:00","dateModified":"2023-12-13T11:07:38+00:00","mainEntityOfPage":{"@id":"https:\/\/www.meydan.tv\/az\/article\/azerbaycanda-prezident-seckilerinden-sonra-referendum-gozlenilir\/"},"wordCount":1199,"publisher":{"@id":"https:\/\/www.meydan.tv\/az\/#organization"},"image":{"@id":"https:\/\/www.meydan.tv\/az\/article\/azerbaycanda-prezident-seckilerinden-sonra-referendum-gozlenilir\/#primaryimage"},"thumbnailUrl":"https:\/\/www.meydan.tv\/wp-content\/uploads\/shutterstock_2129355689-1-scaled.jpg","articleSection":["Se\u00e7ki 2024","Siyas\u0259t","T\u00f6vsiy\u0259","X\u0259b\u0259rl\u0259r"],"inLanguage":"az"},{"@type":"WebPage","@id":"https:\/\/www.meydan.tv\/az\/article\/azerbaycanda-prezident-seckilerinden-sonra-referendum-gozlenilir\/","url":"https:\/\/www.meydan.tv\/az\/article\/azerbaycanda-prezident-seckilerinden-sonra-referendum-gozlenilir\/","name":"Az\u0259rbaycanda Prezident se\u00e7kil\u0259rind\u0259n sonra referendum olaca\u011f\u0131 deyilir\u00a0 - MEYDAN.TV","isPartOf":{"@id":"https:\/\/www.meydan.tv\/az\/#website"},"primaryImageOfPage":{"@id":"https:\/\/www.meydan.tv\/az\/article\/azerbaycanda-prezident-seckilerinden-sonra-referendum-gozlenilir\/#primaryimage"},"image":{"@id":"https:\/\/www.meydan.tv\/az\/article\/azerbaycanda-prezident-seckilerinden-sonra-referendum-gozlenilir\/#primaryimage"},"thumbnailUrl":"https:\/\/www.meydan.tv\/wp-content\/uploads\/shutterstock_2129355689-1-scaled.jpg","datePublished":"2023-12-12T09:57:27+00:00","dateModified":"2023-12-13T11:07:38+00:00","breadcrumb":{"@id":"https:\/\/www.meydan.tv\/az\/article\/azerbaycanda-prezident-seckilerinden-sonra-referendum-gozlenilir\/#breadcrumb"},"inLanguage":"az","potentialAction":[{"@type":"ReadAction","target":["https:\/\/www.meydan.tv\/az\/article\/azerbaycanda-prezident-seckilerinden-sonra-referendum-gozlenilir\/"]}]},{"@type":"ImageObject","inLanguage":"az","@id":"https:\/\/www.meydan.tv\/az\/article\/azerbaycanda-prezident-seckilerinden-sonra-referendum-gozlenilir\/#primaryimage","url":"https:\/\/www.meydan.tv\/wp-content\/uploads\/shutterstock_2129355689-1-scaled.jpg","contentUrl":"https:\/\/www.meydan.tv\/wp-content\/uploads\/shutterstock_2129355689-1-scaled.jpg","width":2560,"height":1671,"caption":"Referendum. Foto: GagoDesign\/shutterstock"},{"@type":"BreadcrumbList","@id":"https:\/\/www.meydan.tv\/az\/article\/azerbaycanda-prezident-seckilerinden-sonra-referendum-gozlenilir\/#breadcrumb","itemListElement":[{"@type":"ListItem","position":1,"name":"Ana s\u0259hif\u0259","item":"https:\/\/www.meydan.tv\/az\/"},{"@type":"ListItem","position":2,"name":"Siyas\u0259t","item":"https:\/\/www.meydan.tv\/az\/section\/siyaset\/"},{"@type":"ListItem","position":3,"name":"Az\u0259rbaycanda Prezident se\u00e7kil\u0259rind\u0259n sonra referendum olaca\u011f\u0131 deyilir\u00a0"}]},{"@type":"WebSite","@id":"https:\/\/www.meydan.tv\/az\/#website","url":"https:\/\/www.meydan.tv\/az\/","name":"MEYDAN.TV","description":"Meydan TV Az\u0259rbaycan\u0131n media m\u0259kan\u0131ndak\u0131 alternativ s\u0259sidir","publisher":{"@id":"https:\/\/www.meydan.tv\/az\/#organization"},"potentialAction":[{"@type":"SearchAction","target":{"@type":"EntryPoint","urlTemplate":"https:\/\/www.meydan.tv\/az\/?s={search_term_string}"},"query-input":{"@type":"PropertyValueSpecification","valueRequired":true,"valueName":"search_term_string"}}],"inLanguage":"az"},{"@type":"Organization","@id":"https:\/\/www.meydan.tv\/az\/#organization","name":"Meydan TV","url":"https:\/\/www.meydan.tv\/az\/","logo":{"@type":"ImageObject","inLanguage":"az","@id":"https:\/\/www.meydan.tv\/az\/#\/schema\/logo\/image\/","url":"https:\/\/www.meydan.tv\/wp-content\/uploads\/2021\/07\/meydan-logo.svg","contentUrl":"https:\/\/www.meydan.tv\/wp-content\/uploads\/2021\/07\/meydan-logo.svg","width":195,"height":46,"caption":"Meydan TV"},"image":{"@id":"https:\/\/www.meydan.tv\/az\/#\/schema\/logo\/image\/"}},{"@type":"Person","@id":"https:\/\/www.meydan.tv\/az\/#\/schema\/person\/9cdbecf90d17180ce1dfbd95b08dcf47","name":"elli","sameAs":["https:\/\/x.com\/elli"]}]}},"_links":{"self":[{"href":"https:\/\/www.meydan.tv\/az\/wp-json\/wp\/v2\/posts\/292664","targetHints":{"allow":["GET"]}}],"collection":[{"href":"https:\/\/www.meydan.tv\/az\/wp-json\/wp\/v2\/posts"}],"about":[{"href":"https:\/\/www.meydan.tv\/az\/wp-json\/wp\/v2\/types\/post"}],"author":[{"embeddable":true,"href":"https:\/\/www.meydan.tv\/az\/wp-json\/wp\/v2\/users\/8"}],"replies":[{"embeddable":true,"href":"https:\/\/www.meydan.tv\/az\/wp-json\/wp\/v2\/comments?post=292664"}],"version-history":[{"count":4,"href":"https:\/\/www.meydan.tv\/az\/wp-json\/wp\/v2\/posts\/292664\/revisions"}],"predecessor-version":[{"id":292755,"href":"https:\/\/www.meydan.tv\/az\/wp-json\/wp\/v2\/posts\/292664\/revisions\/292755"}],"wp:featuredmedia":[{"embeddable":true,"href":"https:\/\/www.meydan.tv\/az\/wp-json\/wp\/v2\/media\/246367"}],"wp:attachment":[{"href":"https:\/\/www.meydan.tv\/az\/wp-json\/wp\/v2\/media?parent=292664"}],"wp:term":[{"taxonomy":"category","embeddable":true,"href":"https:\/\/www.meydan.tv\/az\/wp-json\/wp\/v2\/categories?post=292664"},{"taxonomy":"post_tag","embeddable":true,"href":"https:\/\/www.meydan.tv\/az\/wp-json\/wp\/v2\/tags?post=292664"}],"curies":[{"name":"wp","href":"https:\/\/api.w.org\/{rel}","templated":true}]}}