{"id":292649,"date":"2023-12-12T12:35:59","date_gmt":"2023-12-12T08:35:59","guid":{"rendered":"https:\/\/www.meydan.tv\/?p=292649"},"modified":"2023-12-12T13:17:07","modified_gmt":"2023-12-12T09:17:07","slug":"azerbaycanda-olke-ehalisinin-texminen-5-faizi-serhedlerin-bagli-qaldigi-dovrde-dunyaya-gelib","status":"publish","type":"post","link":"https:\/\/www.meydan.tv\/az\/article\/azerbaycanda-olke-ehalisinin-texminen-5-faizi-serhedlerin-bagli-qaldigi-dovrde-dunyaya-gelib\/","title":{"rendered":"Az\u0259rbaycanda \u00f6lk\u0259 \u0259halisinin t\u0259xmin\u0259n 5 faizi s\u0259rh\u0259dl\u0259rin ba\u011fl\u0131 qald\u0131\u011f\u0131 d\u00f6vrd\u0259 d\u00fcnyaya g\u0259lib"},"content":{"rendered":"\n<p><\/p>\n\n\n\n<p><strong><em>Ekspertl\u0259r hesab edir ki, s\u0259rh\u0259dl\u0259rin ba\u011fl\u0131 qalmas\u0131na s\u0259b\u0259b pandemiya deyil<\/em><\/strong><\/p>\n\n\n\n<p>Pandemiya s\u0259b\u0259bil\u0259 \u00f6lk\u0259 s\u0259rh\u0259dl\u0259rinin ba\u011fl\u0131 saxlan\u0131lmas\u0131na dair Nazirl\u0259r Kabinetinin q\u0259rar\u0131 art\u0131q qanunla ona veril\u0259n s\u0259lahiyy\u0259tl\u0259rd\u0259n legitim s\u0259b\u0259b olmadan sui-istifad\u0259dir.<\/p>\n\n\n\n<p>H\u00fcquq\u00e7u \u018fl\u0259sg\u0259r M\u0259mm\u0259dlinin s\u00f6zl\u0259ridir.<\/p>\n\n\n\n<p><strong>\u201cSe\u00e7kiy\u0259 k\u00fctl\u0259vi getm\u0259k<\/strong> <strong>virusun yay\u0131lmas\u0131na risk yaratm\u0131r?\u201d<\/strong><\/p>\n\n\n\n<p>H\u00fcquq\u00e7u deyir, \u0259g\u0259r h\u0259qiq\u0259t\u0259n d\u0259 Nazirl\u0259r Kabinetinin q\u0259rar\u0131na h\u00fcquqi s\u0259b\u0259b olsayd\u0131, g\u0259r\u0259k \u00f6lk\u0259d\u0259 \u0259n k\u00fctl\u0259vi t\u0259dbir olan v\u0259 5 milyondan \u00e7ox \u015f\u0259xsin eyni saatlarda s\u0259sverm\u0259y\u0259 getm\u0259sini t\u0259l\u0259b ed\u0259n Prezident se\u00e7kisi d\u0259 ke\u00e7irilm\u0259zdi.<\/p>\n\n\n<div class=\"wp-block-image\">\n<figure class=\"alignright size-full is-resized\"><img decoding=\"async\" width=\"1200\" height=\"801\" data-src=\"https:\/\/www.meydan.tv\/wp-content\/uploads\/nlq2353.jpg\" alt=\"\" class=\"wp-image-267644 lazyload\" style=\"--smush-placeholder-width: 1200px; --smush-placeholder-aspect-ratio: 1200\/801;width:370px;height:auto\" src=\"data:image\/svg+xml;base64,PHN2ZyB3aWR0aD0iMSIgaGVpZ2h0PSIxIiB4bWxucz0iaHR0cDovL3d3dy53My5vcmcvMjAwMC9zdmciPjwvc3ZnPg==\" \/><figcaption class=\"wp-element-caption\">\u018fl\u0259sg\u0259r M\u0259mm\u0259dli. Foto: Meydan TV<\/figcaption><\/figure>\n<\/div>\n\n\n<p>\u201c<em>Q\u0259rarda deyilir ki, koronavirus infeksiyas\u0131n\u0131n \u00f6lk\u0259 \u0259razisind\u0259 yay\u0131lmas\u0131n\u0131n, onun t\u00f6r\u0259d\u0259 bil\u0259c\u0259yi f\u0259sadlar\u0131n qar\u015f\u0131s\u0131n\u0131n al\u0131nmas\u0131 m\u0259qs\u0259dil\u0259 x\u00fcsusi karantin rejiminin m\u00fcdd\u0259ti uzad\u0131l\u0131r. Bel\u0259 s\u0259b\u0259b h\u0259qiq\u0259t\u0259n m\u00f6vcuddursa, se\u00e7ki d\u0259 ke\u00e7iril\u0259 bilm\u0259z. C\u0259miyy\u0259ti dolama\u011fa ehtiyac yoxdur. Pandemiya varsa, h\u0259r i\u015f v\u0259 k\u0259s \u00fc\u00e7\u00fcn var, yoxdursa he\u00e7 bir i\u015f \u00fc\u00e7\u00fcn v\u0259 h\u0259r k\u0259s \u00fc\u00e7\u00fcn yoxdur. Se\u00e7kiy\u0259 k\u00fctl\u0259vi getm\u0259k virusun yay\u0131lmas\u0131na risk yaratm\u0131r, s\u0259rh\u0259dl\u0259rd\u0259n bir-bir, n\u00f6vb\u0259li ke\u00e7m\u0259k risk yarad\u0131r?\u201d.<\/em><\/p>\n\n\n\n<p><strong>Karantin uzad\u0131ld\u0131<\/strong><\/p>\n\n\n\n<p>Ba\u015f nazir \u018fli \u018fs\u0259dov dekabr\u0131n 11-d\u0259 Az\u0259rbaycanda x\u00fcsusi karantin rejiminin uzad\u0131lmas\u0131 il\u0259 ba\u011fl\u0131 q\u0259rar <a href=\"https:\/\/nk.gov.az\/az\/senedler\/qerarlar\/azerbaycan-respublikasinin-erazisinde-xususi-karan-7580\">imzalay\u0131b.<\/a><\/p>\n\n\n\n<p>M\u0259qs\u0259d kimi koronavirus (COVID-19) infeksiyas\u0131n\u0131n \u00f6lk\u0259 \u0259razisind\u0259 yay\u0131lmas\u0131n\u0131n qar\u015f\u0131s\u0131n\u0131n al\u0131nmas\u0131 g\u00f6st\u0259rilib. \u00d6nc\u0259ki q\u0259rarda Az\u0259rbaycanda x\u00fcsusi karantin rejiminin m\u00fcdd\u0259ti 2024-c\u00fc il yanvar\u0131n 2-d\u0259k idi.<\/p>\n\n\n\n<p><strong>\u201cYar\u0131m milyon insan s\u0259rh\u0259dl\u0259rin<\/strong> <strong>ba\u011fl\u0131 oldu\u011fu zaman do\u011fulub\u201d<\/strong><\/p>\n\n\n\n<p>\u0130qtisad\u00e7\u0131 F\u0259rid Mehral\u0131zad\u0259 s\u0259rh\u0259dl\u0259rin ba\u011fl\u0131 qalmas\u0131n\u0131n m\u00fcdd\u0259tinin n\u0259 q\u0259d\u0259r \u00e7ox oldu\u011funu g\u00f6st\u0259rm\u0259k, m\u00fcdd\u0259tin uzun olmas\u0131n\u0131n f\u0259rqin\u0259 varmaq \u00fc\u00e7\u00fcn b\u0259zi hesablamalar apar\u0131b. Deyir, s\u0259rh\u0259dl\u0259rin ba\u011fl\u0131 qalmas\u0131n\u0131n 46-c\u0131 ay\u0131d\u0131r. Bu o dem\u0259kdir ki, 21-ci \u0259srin t\u0259xmin\u0259n 15 faizind\u0259 Az\u0259rbaycan\u0131n quru s\u0259rh\u0259dl\u0259ri ba\u011fl\u0131 qal\u0131b.<\/p>\n\n\n<div class=\"wp-block-image\">\n<figure class=\"alignleft size-large is-resized\"><img decoding=\"async\" data-src=\"https:\/\/www.meydan.tv\/wp-content\/uploads\/118784119_3295526013835916_6092828104091613031_n-e1640001508110-1059x821.jpg\" alt=\"\" class=\"wp-image-229778 lazyload\" style=\"--smush-placeholder-width: 1059px; --smush-placeholder-aspect-ratio: 1059\/821;width:337px;height:auto\" src=\"data:image\/svg+xml;base64,PHN2ZyB3aWR0aD0iMSIgaGVpZ2h0PSIxIiB4bWxucz0iaHR0cDovL3d3dy53My5vcmcvMjAwMC9zdmciPjwvc3ZnPg==\" \/><figcaption class=\"wp-element-caption\">F\u0259rid Mehral\u0131zad\u0259nin \u015f\u0259xsi arxivind\u0259n<\/figcaption><\/figure>\n<\/div>\n\n\n<p>\u201c<em>S\u0259rh\u0259dl\u0259rin ba\u011fl\u0131 qald\u0131\u011f\u0131 d\u00f6vr \u0259rzind\u0259 Az\u0259rbaycanda t\u0259xmin\u0259n 500 min\u0259 yax\u0131n (yar\u0131m milyon) u\u015faq do\u011fulub. Y\u0259ni, haz\u0131rki \u00f6lk\u0259 \u0259halisinin t\u0259xmin\u0259n 5 faizi s\u0259rh\u0259dl\u0259rin ba\u011fl\u0131 qald\u0131\u011f\u0131 d\u00f6vrd\u0259 d\u00fcnyaya g\u0259lib. S\u0259rh\u0259dl\u0259rin ba\u011fl\u0131 qald\u0131\u011f\u0131 d\u00f6vrd\u0259 Az\u0259rbaycanda t\u0259xmin\u0259n 270 min insan v\u0259fat edib. Bu d\u00f6vr \u0259rzind\u0259 Az\u0259rbaycanda t\u0259xmin\u0259n 400 min insan nikaha daxil olub\u201d.<\/em><\/p>\n\n\n\n<p><strong>\u201cS\u0259rh\u0259dl\u0259rin ba\u011fl\u0131 qald\u0131\u011f\u0131 h\u0259r<\/strong> <strong>g\u00fcn insanlara maddi v\u0259 m\u0259n\u0259vi z\u0259r\u0259r vurur\u201d<\/strong><\/p>\n\n\n\n<p>\u0130qtisad\u00e7\u0131 \u0259lav\u0259 edir, deyir, h\u0259min 46 ay \u0259rzind\u0259 Az\u0259rbaycanda t\u0259xmin\u0259n 130 min insan bo\u015fan\u0131b:<\/p>\n\n\n\n<p>\u201c<em>Siyah\u0131n\u0131 uzatmaq olar, amma ist\u0259nil\u0259n halda d\u00f6rd il \u00e7ox b\u00f6y\u00fck zamand\u0131r. Bir \u00f6lk\u0259nin s\u0259rh\u0259dinin he\u00e7 bir rasional s\u0259b\u0259b olmadan d\u00f6rd il ba\u011fl\u0131 qalmas\u0131 \u00e7ox absurddur. H\u0259l\u0259 bunun insanlara vurdu\u011fu maddi v\u0259 m\u0259n\u0259vi ziyan da var. M\u0259cbur bahal\u0131 u\u00e7u\u015f biletl\u0259rinin al\u0131nmas\u0131, xaricd\u0259ki yax\u0131nlar\u0131n\u0131 g\u00f6r\u0259 bilm\u0259m\u0259k, s\u0259rh\u0259dyan\u0131 \u0259razil\u0259rd\u0259 ki\u00e7ik biznesl\u0259 m\u0259\u015f\u011ful olanlar\u0131n itirdiyi qazanc\u0131 v\u0259 s. d\u0259 \u00fcst\u00fcn\u0259 g\u0259lins\u0259, bu q\u0259rar\u0131n uzad\u0131lmas\u0131n\u0131n insanlara vurdu\u011fu maddi v\u0259 m\u0259n\u0259vi z\u0259r\u0259ri anlamaq \u00e7\u0259tin olmaz\u201d.<\/em><\/p>\n\n\n\n<p><strong>\u201c2019-cu<\/strong> <strong>ilin 8 ay\u0131nda 1 milyon insan t\u0259kc\u0259 G\u00fcrc\u00fcstana gedib\u201d<\/strong><\/p>\n\n\n\n<p>S\u0259yah\u0259t blogeri Az\u0259r \u0130smay\u0131l deyir ki, art\u0131q b\u00fct\u00fcn ehtimallar \u00f6z\u00fcn\u00fc do\u011frultmay\u0131b. D\u00fc\u015f\u00fcn\u00fcr ki, s\u0259rh\u0259dl\u0259rin ba\u011fl\u0131 qalmas\u0131n\u0131n haz\u0131rda yaln\u0131z iqtisadi s\u0259b\u0259bi ola bil\u0259r. \u00d6lk\u0259d\u0259n valyutan\u0131n \u00e7\u0131xmas\u0131n\u0131n qar\u015f\u0131s\u0131n\u0131 almaq m\u0259qs\u0259dil\u0259 bel\u0259 add\u0131m ata bil\u0259rl\u0259r:<\/p>\n\n\n<div class=\"wp-block-image\">\n<figure class=\"aligncenter size-full\"><img decoding=\"async\" width=\"1200\" height=\"695\" data-src=\"https:\/\/www.meydan.tv\/wp-content\/uploads\/shutterstock_2128751153.jpg\" alt=\"\" class=\"wp-image-253279 lazyload\" src=\"data:image\/svg+xml;base64,PHN2ZyB3aWR0aD0iMSIgaGVpZ2h0PSIxIiB4bWxucz0iaHR0cDovL3d3dy53My5vcmcvMjAwMC9zdmciPjwvc3ZnPg==\" style=\"--smush-placeholder-width: 1200px; --smush-placeholder-aspect-ratio: 1200\/695;\" \/><figcaption class=\"wp-element-caption\">Qafqaz turizmi. M\u0259nb\u0259: Sotnikov Misha\/shutterstock<\/figcaption><\/figure>\n<\/div>\n\n\n<p><em>\u201c\u0130st\u0259yirl\u0259r ki, \u00f6lk\u0259d\u0259n \u00e7\u0131xmas\u0131 ehtimal olunan v\u0259saitin \u00e7ox hiss\u0259si daxild\u0259 qals\u0131n. 2019-cu ilin statistikas\u0131na baxsaq, h\u0259min ilin yanvar-avqust ay\u0131nda bir milyon insan Az\u0259rbaycandan G\u00fcrc\u00fcstana gedib. Bu, kifay\u0259t q\u0259d\u0259r ciddi r\u0259q\u0259mdir. H\u0259l\u0259 bu, 8 ay\u0131n n\u0259tic\u0259sidir, yerd\u0259 qalan 4 ayda da az\u0131 300-350 min insan G\u00fcrc\u00fcstana s\u0259f\u0259r edib. Bu da b\u00f6y\u00fck maliyy\u0259 ax\u0131n\u0131 dem\u0259kdir. T\u0259bii m\u00fc\u0259yy\u0259n q\u0259d\u0259r n\u0259zar\u0259tsiz maliyy\u0259 ax\u0131n\u0131d\u0131r. \u00d6lk\u0259d\u0259n \u00e7oxlu pul \u00e7\u0131x\u0131r. Ya o pul \u00f6lk\u0259y\u0259 mal kimi qay\u0131d\u0131r. M\u0259s\u0259l\u0259n, s\u0259rh\u0259d rayonlar\u0131nda ya\u015fayan insanlar\u0131n al\u0131b g\u0259tirdiyi g\u00fcnd\u0259lik mallar kimi, ya da \u00f6lk\u0259y\u0259 \u00fcmumiyy\u0259tl\u0259 qay\u0131tm\u0131r. G\u00f6r\u00fcn\u00fcr, bunun olmas\u0131n\u0131n qar\u015f\u0131s\u0131n\u0131 alma\u011fa \u00e7al\u0131\u015f\u0131rlar\u201d.<\/em><\/p>\n\n\n\n<p><strong>\u201c\u0130nsanlar<\/strong> <strong>ya istirah\u0259ti t\u0259xir\u0259 sal\u0131r, ya da art\u0131q pul \u00f6d\u0259yir\u201d<\/strong><\/p>\n\n\n\n<p>Az\u0259r \u0130smay\u0131l bildirir ki, s\u0259rh\u0259dl\u0259rin ba\u011fl\u0131 qalmas\u0131 G\u00fcrc\u00fcstana s\u0259yah\u0259t ed\u0259n insanlar\u0131n b\u00fcdc\u0259sin\u0259 z\u0259rb\u0259dir. \u0130stirah\u0259t bir ehtiyacd\u0131r. \u0130nsanlar ilboyu i\u015fl\u0259yir, bayramlarda, t\u0259till\u0259rd\u0259 d\u0259 ist\u0259yir ki, bir ne\u00e7\u0259 g\u00fcnl\u00fck dinc\u0259lsin:<\/p>\n\n\n<div class=\"wp-block-image\">\n<figure class=\"alignright size-full is-resized\"><img decoding=\"async\" width=\"726\" height=\"574\" data-src=\"https:\/\/www.meydan.tv\/wp-content\/uploads\/647953_07.jpg\" alt=\"Az\u0259r \u0130smay\u0131l\" class=\"wp-image-161391 lazyload\" style=\"--smush-placeholder-width: 726px; --smush-placeholder-aspect-ratio: 726\/574;width:391px;height:auto\" src=\"data:image\/svg+xml;base64,PHN2ZyB3aWR0aD0iMSIgaGVpZ2h0PSIxIiB4bWxucz0iaHR0cDovL3d3dy53My5vcmcvMjAwMC9zdmciPjwvc3ZnPg==\" \/><figcaption class=\"wp-element-caption\">Foto: Az\u0259r \u0130smay\u0131l\u0131n \u015f\u0259xsi arxivind\u0259n<\/figcaption><\/figure>\n<\/div>\n\n\n<p>\u201c<em>S\u0259rh\u0259dl\u0259rin ba\u011fl\u0131 olmas\u0131 G\u00fcrc\u00fcstanda istirah\u0259t planlayan insanlar\u0131n x\u0259rcl\u0259rini ya art\u0131r\u0131r, ya da istirah\u0259tl\u0259rinin qar\u015f\u0131s\u0131n\u0131 al\u0131r. D\u00f6rd n\u0259f\u0259rlik ail\u0259nin G\u00fcrc\u00fcstana t\u0259yyar\u0259 il\u0259 gedib-g\u0259lm\u0259yi il\u0259 ma\u015f\u0131nla gedib-g\u0259lm\u0259k aras\u0131nda ciddi f\u0259rq var. \u0130nsanlar ma\u015f\u0131nla 150-200 manata gedib g\u0259l\u0259 bilirs\u0259, t\u0259yyar\u0259y\u0259 \u0259n yax\u015f\u0131 halda 1000-1200 manat ver\u0259c\u0259kl\u0259r. Ona g\u00f6r\u0259 d\u0259 bu insanlar ya istirah\u0259t\u0259 getmirl\u0259r, ya da \u00f6lk\u0259 daxilind\u0259 istirah\u0259ti se\u00e7irl\u0259r. \u00d6lk\u0259<br>daxilind\u0259 istirah\u0259t ed\u0259nd\u0259 d\u0259 x\u0259rcl\u0259dikl\u0259ri pul d\u00f6vriyy\u0259y\u0259 girir, \u00f6lk\u0259d\u0259n \u00e7\u0131xm\u0131r, b\u00fcdc\u0259y\u0259 vergi \u015f\u0259klind\u0259 qay\u0131d\u0131r\u201d.<\/em><\/p>\n\n\n\n<p><strong>\u00d6lk\u0259d\u0259n<\/strong> <strong>\u00e7\u0131xanlar\u0131n say\u0131nda azalma var<\/strong><\/p>\n\n\n\n<p>D\u00f6vl\u0259t S\u0259rh\u0259d Xidm\u0259tinin m\u0259lumat\u0131na <a href=\"https:\/\/www.stat.gov.az\/news\/index.php?lang=az&amp;id=5700\">\u0259sas\u0259n<\/a> bu ilin 10 ay\u0131nda 1545,2 min n\u0259f\u0259r xaric\u0259 s\u0259f\u0259r edib. H\u0259min insanlar\u0131n 68,2 faizi hava, 29,3 faizi d\u0259mir yolu v\u0259 avtomobil, 2,5 faizi is\u0259 d\u0259niz n\u0259qliyyat\u0131ndan istifad\u0259 edib.<\/p>\n\n\n\n<p><strong>S\u0259rh\u0259dl\u0259rin<\/strong> <strong>ba\u011fl\u0131 qalmas\u0131n\u0131n d\u00f6rd ili g\u0259lir<\/strong><\/p>\n\n\n\n<p>Az\u0259rbaycanda koronavirus pandemiyas\u0131 il\u0259 ba\u011fl\u0131 2020-ci ilin mart\u0131ndan karantin rejimidir.<\/p>\n\n\n\n<p>Yoluxma say\u0131ndan as\u0131l\u0131 olaraq rejim arada s\u0259rtl\u0259\u015fdirils\u0259 d\u0259, sonra yen\u0259 yum\u015fald\u0131l\u0131b. Onun m\u00fcdd\u0259ti d\u0259f\u0259l\u0259rl\u0259 uzad\u0131l\u0131b.<\/p>\n\n\n\n<p>D\u00fcnya S\u0259hiyy\u0259 T\u0259\u015fkilat\u0131 (\u00dcST) d\u00fcnyada COVID 19 pandemiyas\u0131n\u0131n bitdiyini elan ets\u0259 d\u0259, b\u00fct\u00fcn d\u00fcnya \u00f6lk\u0259l\u0259ri karantin rejimind\u0259n \u00e7\u0131xsa da, Az\u0259rbaycanda bel\u0259 pandemiya il\u0259 ba\u011fl\u0131 b\u00fct\u00fcn m\u0259hdudiyy\u0259tl\u0259r aradan qald\u0131r\u0131lsa da, x\u00fcsusi karantin rejimi uzad\u0131l\u0131r.<\/p>\n","protected":false},"excerpt":{"rendered":"<p>Ekspertl\u0259r hesab edir ki, s\u0259rh\u0259dl\u0259rin ba\u011fl\u0131 qalmas\u0131na s\u0259b\u0259b pandemiya deyil &#8230; <\/p>\n<p class=\"read-more-container\"><a title=\"Az\u0259rbaycanda \u00f6lk\u0259 \u0259halisinin t\u0259xmin\u0259n 5 faizi s\u0259rh\u0259dl\u0259rin ba\u011fl\u0131 qald\u0131\u011f\u0131 d\u00f6vrd\u0259 d\u00fcnyaya g\u0259lib\" class=\"read-more button\" href=\"https:\/\/www.meydan.tv\/az\/article\/azerbaycanda-olke-ehalisinin-texminen-5-faizi-serhedlerin-bagli-qaldigi-dovrde-dunyaya-gelib\/#more-292649\" aria-label=\"Read more about Az\u0259rbaycanda \u00f6lk\u0259 \u0259halisinin t\u0259xmin\u0259n 5 faizi s\u0259rh\u0259dl\u0259rin ba\u011fl\u0131 qald\u0131\u011f\u0131 d\u00f6vrd\u0259 d\u00fcnyaya g\u0259lib\">Davam\u0131<\/a><\/p>\n","protected":false},"author":8,"featured_media":121493,"comment_status":"closed","ping_status":"closed","sticky":false,"template":"","format":"standard","meta":{"_acf_changed":false,"_sitemap_exclude":false,"_sitemap_priority":"","_sitemap_frequency":"","footnotes":""},"categories":[62,79,56],"tags":[],"class_list":["post-292649","post","type-post","status-publish","format-standard","has-post-thumbnail","hentry","category-sosial","category-featured","category-xeberler","infinite-scroll-item","generate-columns","tablet-grid-50","mobile-grid-100","grid-parent","grid-33","no-featured-image-padding"],"acf":[],"yoast_head":"<!-- This site is optimized with the Yoast SEO plugin v27.5 - https:\/\/yoast.com\/product\/yoast-seo-wordpress\/ -->\n<title>Az\u0259rbaycanda \u00f6lk\u0259 \u0259halisinin t\u0259xmin\u0259n 5 faizi s\u0259rh\u0259dl\u0259rin ba\u011fl\u0131 qald\u0131\u011f\u0131 d\u00f6vrd\u0259 d\u00fcnyaya g\u0259lib - MEYDAN.TV<\/title>\n<meta name=\"robots\" content=\"index, follow, max-snippet:-1, max-image-preview:large, max-video-preview:-1\" \/>\n<link rel=\"canonical\" href=\"https:\/\/www.meydan.tv\/az\/article\/azerbaycanda-olke-ehalisinin-texminen-5-faizi-serhedlerin-bagli-qaldigi-dovrde-dunyaya-gelib\/\" \/>\n<meta property=\"og:locale\" content=\"az_AZ\" \/>\n<meta property=\"og:type\" content=\"article\" \/>\n<meta property=\"og:title\" content=\"Az\u0259rbaycanda \u00f6lk\u0259 \u0259halisinin t\u0259xmin\u0259n 5 faizi s\u0259rh\u0259dl\u0259rin ba\u011fl\u0131 qald\u0131\u011f\u0131 d\u00f6vrd\u0259 d\u00fcnyaya g\u0259lib - MEYDAN.TV\" \/>\n<meta property=\"og:description\" content=\"Ekspertl\u0259r hesab edir ki, s\u0259rh\u0259dl\u0259rin ba\u011fl\u0131 qalmas\u0131na s\u0259b\u0259b pandemiya deyil ... Davam\u0131\" \/>\n<meta property=\"og:url\" content=\"https:\/\/www.meydan.tv\/az\/article\/azerbaycanda-olke-ehalisinin-texminen-5-faizi-serhedlerin-bagli-qaldigi-dovrde-dunyaya-gelib\/\" \/>\n<meta property=\"og:site_name\" content=\"MEYDAN.TV\" \/>\n<meta property=\"article:published_time\" content=\"2023-12-12T08:35:59+00:00\" \/>\n<meta property=\"article:modified_time\" content=\"2023-12-12T09:17:07+00:00\" \/>\n<meta property=\"og:image\" content=\"https:\/\/www.meydan.tv\/wp-content\/uploads\/10mln.jpg\" \/>\n\t<meta property=\"og:image:width\" content=\"1000\" \/>\n\t<meta property=\"og:image:height\" content=\"666\" \/>\n\t<meta property=\"og:image:type\" content=\"image\/jpeg\" \/>\n<meta name=\"author\" content=\"elli\" \/>\n<meta name=\"twitter:card\" content=\"summary_large_image\" \/>\n<meta name=\"twitter:creator\" content=\"@elli\" \/>\n<script type=\"application\/ld+json\" class=\"yoast-schema-graph\">{\"@context\":\"https:\\\/\\\/schema.org\",\"@graph\":[{\"@type\":\"Article\",\"@id\":\"https:\\\/\\\/www.meydan.tv\\\/az\\\/article\\\/azerbaycanda-olke-ehalisinin-texminen-5-faizi-serhedlerin-bagli-qaldigi-dovrde-dunyaya-gelib\\\/#article\",\"isPartOf\":{\"@id\":\"https:\\\/\\\/www.meydan.tv\\\/az\\\/article\\\/azerbaycanda-olke-ehalisinin-texminen-5-faizi-serhedlerin-bagli-qaldigi-dovrde-dunyaya-gelib\\\/\"},\"author\":{\"name\":\"elli\",\"@id\":\"https:\\\/\\\/www.meydan.tv\\\/az\\\/#\\\/schema\\\/person\\\/9cdbecf90d17180ce1dfbd95b08dcf47\"},\"headline\":\"Az\u0259rbaycanda \u00f6lk\u0259 \u0259halisinin t\u0259xmin\u0259n 5 faizi s\u0259rh\u0259dl\u0259rin ba\u011fl\u0131 qald\u0131\u011f\u0131 d\u00f6vrd\u0259 d\u00fcnyaya g\u0259lib\",\"datePublished\":\"2023-12-12T08:35:59+00:00\",\"dateModified\":\"2023-12-12T09:17:07+00:00\",\"mainEntityOfPage\":{\"@id\":\"https:\\\/\\\/www.meydan.tv\\\/az\\\/article\\\/azerbaycanda-olke-ehalisinin-texminen-5-faizi-serhedlerin-bagli-qaldigi-dovrde-dunyaya-gelib\\\/\"},\"wordCount\":1319,\"publisher\":{\"@id\":\"https:\\\/\\\/www.meydan.tv\\\/az\\\/#organization\"},\"image\":{\"@id\":\"https:\\\/\\\/www.meydan.tv\\\/az\\\/article\\\/azerbaycanda-olke-ehalisinin-texminen-5-faizi-serhedlerin-bagli-qaldigi-dovrde-dunyaya-gelib\\\/#primaryimage\"},\"thumbnailUrl\":\"https:\\\/\\\/www.meydan.tv\\\/wp-content\\\/uploads\\\/10mln.jpg\",\"articleSection\":[\"Sosial\",\"T\u00f6vsiy\u0259\",\"X\u0259b\u0259rl\u0259r\"],\"inLanguage\":\"az\"},{\"@type\":\"WebPage\",\"@id\":\"https:\\\/\\\/www.meydan.tv\\\/az\\\/article\\\/azerbaycanda-olke-ehalisinin-texminen-5-faizi-serhedlerin-bagli-qaldigi-dovrde-dunyaya-gelib\\\/\",\"url\":\"https:\\\/\\\/www.meydan.tv\\\/az\\\/article\\\/azerbaycanda-olke-ehalisinin-texminen-5-faizi-serhedlerin-bagli-qaldigi-dovrde-dunyaya-gelib\\\/\",\"name\":\"Az\u0259rbaycanda \u00f6lk\u0259 \u0259halisinin t\u0259xmin\u0259n 5 faizi s\u0259rh\u0259dl\u0259rin ba\u011fl\u0131 qald\u0131\u011f\u0131 d\u00f6vrd\u0259 d\u00fcnyaya g\u0259lib - MEYDAN.TV\",\"isPartOf\":{\"@id\":\"https:\\\/\\\/www.meydan.tv\\\/az\\\/#website\"},\"primaryImageOfPage\":{\"@id\":\"https:\\\/\\\/www.meydan.tv\\\/az\\\/article\\\/azerbaycanda-olke-ehalisinin-texminen-5-faizi-serhedlerin-bagli-qaldigi-dovrde-dunyaya-gelib\\\/#primaryimage\"},\"image\":{\"@id\":\"https:\\\/\\\/www.meydan.tv\\\/az\\\/article\\\/azerbaycanda-olke-ehalisinin-texminen-5-faizi-serhedlerin-bagli-qaldigi-dovrde-dunyaya-gelib\\\/#primaryimage\"},\"thumbnailUrl\":\"https:\\\/\\\/www.meydan.tv\\\/wp-content\\\/uploads\\\/10mln.jpg\",\"datePublished\":\"2023-12-12T08:35:59+00:00\",\"dateModified\":\"2023-12-12T09:17:07+00:00\",\"breadcrumb\":{\"@id\":\"https:\\\/\\\/www.meydan.tv\\\/az\\\/article\\\/azerbaycanda-olke-ehalisinin-texminen-5-faizi-serhedlerin-bagli-qaldigi-dovrde-dunyaya-gelib\\\/#breadcrumb\"},\"inLanguage\":\"az\",\"potentialAction\":[{\"@type\":\"ReadAction\",\"target\":[\"https:\\\/\\\/www.meydan.tv\\\/az\\\/article\\\/azerbaycanda-olke-ehalisinin-texminen-5-faizi-serhedlerin-bagli-qaldigi-dovrde-dunyaya-gelib\\\/\"]}]},{\"@type\":\"ImageObject\",\"inLanguage\":\"az\",\"@id\":\"https:\\\/\\\/www.meydan.tv\\\/az\\\/article\\\/azerbaycanda-olke-ehalisinin-texminen-5-faizi-serhedlerin-bagli-qaldigi-dovrde-dunyaya-gelib\\\/#primaryimage\",\"url\":\"https:\\\/\\\/www.meydan.tv\\\/wp-content\\\/uploads\\\/10mln.jpg\",\"contentUrl\":\"https:\\\/\\\/www.meydan.tv\\\/wp-content\\\/uploads\\\/10mln.jpg\",\"width\":1000,\"height\":666,\"caption\":\"Foto: Az\u0259rtac\"},{\"@type\":\"BreadcrumbList\",\"@id\":\"https:\\\/\\\/www.meydan.tv\\\/az\\\/article\\\/azerbaycanda-olke-ehalisinin-texminen-5-faizi-serhedlerin-bagli-qaldigi-dovrde-dunyaya-gelib\\\/#breadcrumb\",\"itemListElement\":[{\"@type\":\"ListItem\",\"position\":1,\"name\":\"Ana s\u0259hif\u0259\",\"item\":\"https:\\\/\\\/www.meydan.tv\\\/az\\\/\"},{\"@type\":\"ListItem\",\"position\":2,\"name\":\"Sosial\",\"item\":\"https:\\\/\\\/www.meydan.tv\\\/az\\\/section\\\/sosial\\\/\"},{\"@type\":\"ListItem\",\"position\":3,\"name\":\"Az\u0259rbaycanda \u00f6lk\u0259 \u0259halisinin t\u0259xmin\u0259n 5 faizi s\u0259rh\u0259dl\u0259rin ba\u011fl\u0131 qald\u0131\u011f\u0131 d\u00f6vrd\u0259 d\u00fcnyaya g\u0259lib\"}]},{\"@type\":\"WebSite\",\"@id\":\"https:\\\/\\\/www.meydan.tv\\\/az\\\/#website\",\"url\":\"https:\\\/\\\/www.meydan.tv\\\/az\\\/\",\"name\":\"MEYDAN.TV\",\"description\":\"Meydan TV Az\u0259rbaycan\u0131n media m\u0259kan\u0131ndak\u0131 alternativ s\u0259sidir\",\"publisher\":{\"@id\":\"https:\\\/\\\/www.meydan.tv\\\/az\\\/#organization\"},\"potentialAction\":[{\"@type\":\"SearchAction\",\"target\":{\"@type\":\"EntryPoint\",\"urlTemplate\":\"https:\\\/\\\/www.meydan.tv\\\/az\\\/?s={search_term_string}\"},\"query-input\":{\"@type\":\"PropertyValueSpecification\",\"valueRequired\":true,\"valueName\":\"search_term_string\"}}],\"inLanguage\":\"az\"},{\"@type\":\"Organization\",\"@id\":\"https:\\\/\\\/www.meydan.tv\\\/az\\\/#organization\",\"name\":\"Meydan TV\",\"url\":\"https:\\\/\\\/www.meydan.tv\\\/az\\\/\",\"logo\":{\"@type\":\"ImageObject\",\"inLanguage\":\"az\",\"@id\":\"https:\\\/\\\/www.meydan.tv\\\/az\\\/#\\\/schema\\\/logo\\\/image\\\/\",\"url\":\"https:\\\/\\\/www.meydan.tv\\\/wp-content\\\/uploads\\\/2021\\\/07\\\/meydan-logo.svg\",\"contentUrl\":\"https:\\\/\\\/www.meydan.tv\\\/wp-content\\\/uploads\\\/2021\\\/07\\\/meydan-logo.svg\",\"width\":195,\"height\":46,\"caption\":\"Meydan TV\"},\"image\":{\"@id\":\"https:\\\/\\\/www.meydan.tv\\\/az\\\/#\\\/schema\\\/logo\\\/image\\\/\"}},{\"@type\":\"Person\",\"@id\":\"https:\\\/\\\/www.meydan.tv\\\/az\\\/#\\\/schema\\\/person\\\/9cdbecf90d17180ce1dfbd95b08dcf47\",\"name\":\"elli\",\"sameAs\":[\"https:\\\/\\\/x.com\\\/elli\"]}]}<\/script>\n<!-- \/ Yoast SEO plugin. -->","yoast_head_json":{"title":"Az\u0259rbaycanda \u00f6lk\u0259 \u0259halisinin t\u0259xmin\u0259n 5 faizi s\u0259rh\u0259dl\u0259rin ba\u011fl\u0131 qald\u0131\u011f\u0131 d\u00f6vrd\u0259 d\u00fcnyaya g\u0259lib - MEYDAN.TV","robots":{"index":"index","follow":"follow","max-snippet":"max-snippet:-1","max-image-preview":"max-image-preview:large","max-video-preview":"max-video-preview:-1"},"canonical":"https:\/\/www.meydan.tv\/az\/article\/azerbaycanda-olke-ehalisinin-texminen-5-faizi-serhedlerin-bagli-qaldigi-dovrde-dunyaya-gelib\/","og_locale":"az_AZ","og_type":"article","og_title":"Az\u0259rbaycanda \u00f6lk\u0259 \u0259halisinin t\u0259xmin\u0259n 5 faizi s\u0259rh\u0259dl\u0259rin ba\u011fl\u0131 qald\u0131\u011f\u0131 d\u00f6vrd\u0259 d\u00fcnyaya g\u0259lib - MEYDAN.TV","og_description":"Ekspertl\u0259r hesab edir ki, s\u0259rh\u0259dl\u0259rin ba\u011fl\u0131 qalmas\u0131na s\u0259b\u0259b pandemiya deyil ... Davam\u0131","og_url":"https:\/\/www.meydan.tv\/az\/article\/azerbaycanda-olke-ehalisinin-texminen-5-faizi-serhedlerin-bagli-qaldigi-dovrde-dunyaya-gelib\/","og_site_name":"MEYDAN.TV","article_published_time":"2023-12-12T08:35:59+00:00","article_modified_time":"2023-12-12T09:17:07+00:00","og_image":[{"width":1000,"height":666,"url":"https:\/\/www.meydan.tv\/wp-content\/uploads\/10mln.jpg","type":"image\/jpeg"}],"author":"elli","twitter_card":"summary_large_image","twitter_creator":"@elli","schema":{"@context":"https:\/\/schema.org","@graph":[{"@type":"Article","@id":"https:\/\/www.meydan.tv\/az\/article\/azerbaycanda-olke-ehalisinin-texminen-5-faizi-serhedlerin-bagli-qaldigi-dovrde-dunyaya-gelib\/#article","isPartOf":{"@id":"https:\/\/www.meydan.tv\/az\/article\/azerbaycanda-olke-ehalisinin-texminen-5-faizi-serhedlerin-bagli-qaldigi-dovrde-dunyaya-gelib\/"},"author":{"name":"elli","@id":"https:\/\/www.meydan.tv\/az\/#\/schema\/person\/9cdbecf90d17180ce1dfbd95b08dcf47"},"headline":"Az\u0259rbaycanda \u00f6lk\u0259 \u0259halisinin t\u0259xmin\u0259n 5 faizi s\u0259rh\u0259dl\u0259rin ba\u011fl\u0131 qald\u0131\u011f\u0131 d\u00f6vrd\u0259 d\u00fcnyaya g\u0259lib","datePublished":"2023-12-12T08:35:59+00:00","dateModified":"2023-12-12T09:17:07+00:00","mainEntityOfPage":{"@id":"https:\/\/www.meydan.tv\/az\/article\/azerbaycanda-olke-ehalisinin-texminen-5-faizi-serhedlerin-bagli-qaldigi-dovrde-dunyaya-gelib\/"},"wordCount":1319,"publisher":{"@id":"https:\/\/www.meydan.tv\/az\/#organization"},"image":{"@id":"https:\/\/www.meydan.tv\/az\/article\/azerbaycanda-olke-ehalisinin-texminen-5-faizi-serhedlerin-bagli-qaldigi-dovrde-dunyaya-gelib\/#primaryimage"},"thumbnailUrl":"https:\/\/www.meydan.tv\/wp-content\/uploads\/10mln.jpg","articleSection":["Sosial","T\u00f6vsiy\u0259","X\u0259b\u0259rl\u0259r"],"inLanguage":"az"},{"@type":"WebPage","@id":"https:\/\/www.meydan.tv\/az\/article\/azerbaycanda-olke-ehalisinin-texminen-5-faizi-serhedlerin-bagli-qaldigi-dovrde-dunyaya-gelib\/","url":"https:\/\/www.meydan.tv\/az\/article\/azerbaycanda-olke-ehalisinin-texminen-5-faizi-serhedlerin-bagli-qaldigi-dovrde-dunyaya-gelib\/","name":"Az\u0259rbaycanda \u00f6lk\u0259 \u0259halisinin t\u0259xmin\u0259n 5 faizi s\u0259rh\u0259dl\u0259rin ba\u011fl\u0131 qald\u0131\u011f\u0131 d\u00f6vrd\u0259 d\u00fcnyaya g\u0259lib - MEYDAN.TV","isPartOf":{"@id":"https:\/\/www.meydan.tv\/az\/#website"},"primaryImageOfPage":{"@id":"https:\/\/www.meydan.tv\/az\/article\/azerbaycanda-olke-ehalisinin-texminen-5-faizi-serhedlerin-bagli-qaldigi-dovrde-dunyaya-gelib\/#primaryimage"},"image":{"@id":"https:\/\/www.meydan.tv\/az\/article\/azerbaycanda-olke-ehalisinin-texminen-5-faizi-serhedlerin-bagli-qaldigi-dovrde-dunyaya-gelib\/#primaryimage"},"thumbnailUrl":"https:\/\/www.meydan.tv\/wp-content\/uploads\/10mln.jpg","datePublished":"2023-12-12T08:35:59+00:00","dateModified":"2023-12-12T09:17:07+00:00","breadcrumb":{"@id":"https:\/\/www.meydan.tv\/az\/article\/azerbaycanda-olke-ehalisinin-texminen-5-faizi-serhedlerin-bagli-qaldigi-dovrde-dunyaya-gelib\/#breadcrumb"},"inLanguage":"az","potentialAction":[{"@type":"ReadAction","target":["https:\/\/www.meydan.tv\/az\/article\/azerbaycanda-olke-ehalisinin-texminen-5-faizi-serhedlerin-bagli-qaldigi-dovrde-dunyaya-gelib\/"]}]},{"@type":"ImageObject","inLanguage":"az","@id":"https:\/\/www.meydan.tv\/az\/article\/azerbaycanda-olke-ehalisinin-texminen-5-faizi-serhedlerin-bagli-qaldigi-dovrde-dunyaya-gelib\/#primaryimage","url":"https:\/\/www.meydan.tv\/wp-content\/uploads\/10mln.jpg","contentUrl":"https:\/\/www.meydan.tv\/wp-content\/uploads\/10mln.jpg","width":1000,"height":666,"caption":"Foto: Az\u0259rtac"},{"@type":"BreadcrumbList","@id":"https:\/\/www.meydan.tv\/az\/article\/azerbaycanda-olke-ehalisinin-texminen-5-faizi-serhedlerin-bagli-qaldigi-dovrde-dunyaya-gelib\/#breadcrumb","itemListElement":[{"@type":"ListItem","position":1,"name":"Ana s\u0259hif\u0259","item":"https:\/\/www.meydan.tv\/az\/"},{"@type":"ListItem","position":2,"name":"Sosial","item":"https:\/\/www.meydan.tv\/az\/section\/sosial\/"},{"@type":"ListItem","position":3,"name":"Az\u0259rbaycanda \u00f6lk\u0259 \u0259halisinin t\u0259xmin\u0259n 5 faizi s\u0259rh\u0259dl\u0259rin ba\u011fl\u0131 qald\u0131\u011f\u0131 d\u00f6vrd\u0259 d\u00fcnyaya g\u0259lib"}]},{"@type":"WebSite","@id":"https:\/\/www.meydan.tv\/az\/#website","url":"https:\/\/www.meydan.tv\/az\/","name":"MEYDAN.TV","description":"Meydan TV Az\u0259rbaycan\u0131n media m\u0259kan\u0131ndak\u0131 alternativ s\u0259sidir","publisher":{"@id":"https:\/\/www.meydan.tv\/az\/#organization"},"potentialAction":[{"@type":"SearchAction","target":{"@type":"EntryPoint","urlTemplate":"https:\/\/www.meydan.tv\/az\/?s={search_term_string}"},"query-input":{"@type":"PropertyValueSpecification","valueRequired":true,"valueName":"search_term_string"}}],"inLanguage":"az"},{"@type":"Organization","@id":"https:\/\/www.meydan.tv\/az\/#organization","name":"Meydan TV","url":"https:\/\/www.meydan.tv\/az\/","logo":{"@type":"ImageObject","inLanguage":"az","@id":"https:\/\/www.meydan.tv\/az\/#\/schema\/logo\/image\/","url":"https:\/\/www.meydan.tv\/wp-content\/uploads\/2021\/07\/meydan-logo.svg","contentUrl":"https:\/\/www.meydan.tv\/wp-content\/uploads\/2021\/07\/meydan-logo.svg","width":195,"height":46,"caption":"Meydan TV"},"image":{"@id":"https:\/\/www.meydan.tv\/az\/#\/schema\/logo\/image\/"}},{"@type":"Person","@id":"https:\/\/www.meydan.tv\/az\/#\/schema\/person\/9cdbecf90d17180ce1dfbd95b08dcf47","name":"elli","sameAs":["https:\/\/x.com\/elli"]}]}},"_links":{"self":[{"href":"https:\/\/www.meydan.tv\/az\/wp-json\/wp\/v2\/posts\/292649","targetHints":{"allow":["GET"]}}],"collection":[{"href":"https:\/\/www.meydan.tv\/az\/wp-json\/wp\/v2\/posts"}],"about":[{"href":"https:\/\/www.meydan.tv\/az\/wp-json\/wp\/v2\/types\/post"}],"author":[{"embeddable":true,"href":"https:\/\/www.meydan.tv\/az\/wp-json\/wp\/v2\/users\/8"}],"replies":[{"embeddable":true,"href":"https:\/\/www.meydan.tv\/az\/wp-json\/wp\/v2\/comments?post=292649"}],"version-history":[{"count":7,"href":"https:\/\/www.meydan.tv\/az\/wp-json\/wp\/v2\/posts\/292649\/revisions"}],"predecessor-version":[{"id":292657,"href":"https:\/\/www.meydan.tv\/az\/wp-json\/wp\/v2\/posts\/292649\/revisions\/292657"}],"wp:featuredmedia":[{"embeddable":true,"href":"https:\/\/www.meydan.tv\/az\/wp-json\/wp\/v2\/media\/121493"}],"wp:attachment":[{"href":"https:\/\/www.meydan.tv\/az\/wp-json\/wp\/v2\/media?parent=292649"}],"wp:term":[{"taxonomy":"category","embeddable":true,"href":"https:\/\/www.meydan.tv\/az\/wp-json\/wp\/v2\/categories?post=292649"},{"taxonomy":"post_tag","embeddable":true,"href":"https:\/\/www.meydan.tv\/az\/wp-json\/wp\/v2\/tags?post=292649"}],"curies":[{"name":"wp","href":"https:\/\/api.w.org\/{rel}","templated":true}]}}