{"id":292630,"date":"2023-12-11T23:32:54","date_gmt":"2023-12-11T19:32:54","guid":{"rendered":"https:\/\/www.meydan.tv\/?p=292630"},"modified":"2023-12-12T10:54:35","modified_gmt":"2023-12-12T06:54:35","slug":"azerbaycan-niye-insan-haqlarindan-1-alir","status":"publish","type":"post","link":"https:\/\/www.meydan.tv\/az\/article\/azerbaycan-niye-insan-haqlarindan-1-alir\/","title":{"rendered":"Az\u0259rbaycan niy\u0259 insan haqlar\u0131ndan 1 al\u0131r?"},"content":{"rendered":"\n<figure class=\"wp-block-embed is-type-video is-provider-youtube wp-block-embed-youtube wp-embed-aspect-16-9 wp-has-aspect-ratio\"><div class=\"wp-block-embed__wrapper\">\n<iframe title=\"Az\u0259rbaycan niy\u0259 insan haqlar\u0131ndan 1 al\u0131r?\" width=\"1200\" height=\"675\" data-src=\"https:\/\/www.youtube.com\/embed\/7IaqztX1InQ?feature=oembed\" frameborder=\"0\" allow=\"accelerometer; autoplay; clipboard-write; encrypted-media; gyroscope; picture-in-picture; web-share\" allowfullscreen src=\"data:image\/svg+xml;base64,PHN2ZyB3aWR0aD0iMSIgaGVpZ2h0PSIxIiB4bWxucz0iaHR0cDovL3d3dy53My5vcmcvMjAwMC9zdmciPjwvc3ZnPg==\" class=\"lazyload\" data-load-mode=\"1\"><\/iframe>\n<\/div><\/figure>\n\n\n\n<p>\u201cFreedom House\u201d G\u00fcrc\u00fcstan v\u0259 Erm\u0259nistandak\u0131 siyasi idar\u0259\u00e7iliyi \u201chibrid rejim\u201d kimi t\u0259svir etdiyi halda, Az\u0259rbaycan \u00fc\u00e7\u00fcn \u201ckonsolidasiya edilmi\u015f avtoritar rejim\u201d ifad\u0259sini uy\u011fun say\u0131b. Az\u0259rbaycandak\u0131 demokratiyan\u0131n d\u0259y\u0259ri is\u0259 1 xalla \u00f6l\u00e7\u00fcl\u00fcr &#8211; 100 m\u00fcmk\u00fcn xaldan. T\u0259\u015fkilat G\u00fcrc\u00fcstan v\u0259 Erm\u0259nistan\u0131 \u201cqism\u0259n-azad\u201d, Az\u0259rbaycan\u0131 is\u0259 \u201cqeyri-azad\u201d \u00f6lk\u0259 kimi sinifl\u0259ndirib.<\/p>\n\n\n\n<p>\u0130ndi \u00f6t\u0259n il ba\u015f ver\u0259n b\u0259zi hadis\u0259l\u0259r\u0259 n\u0259z\u0259r salmaqla 99 xal\u0131n hara qeyb oldu\u011funu ayd\u0131nla\u015fd\u0131rma\u011fa \u00e7al\u0131\u015faq.<\/p>\n\n\n\n<p>Az\u0259rbaycan dindarlar\u0131n k\u00fctl\u0259vi h\u0259bsi il\u0259 m\u00fc\u015fahid\u0259 edil\u0259n Nardaran v\u0259 G\u0259nc\u0259 i\u015fl\u0259rin\u0259 bu il \u0130ran i\u015fini d\u0259 \u0259lav\u0259 etdi. \u0130ranla siyasi m\u00fcst\u0259vid\u0259 g\u0259rginl\u0259\u015f\u0259n m\u00fcnasib\u0259tl\u0259ri y\u00fczl\u0259rl\u0259 dindar\u0131n h\u0259bsi izl\u0259di. Onlar narkotik v\u0259 dig\u0259r b\u0259nz\u0259r h\u0259bsl\u0259r \u00fc\u00e7\u00fcn xarakterik ittihamlarla saxland\u0131lar, h\u00f6kum\u0259t medias\u0131nda &#8220;casus&#8221; dey\u0259 g\u00f6st\u0259rildil\u0259r. Bu proses aylarla \u00e7\u0259kdi v\u0259 \u0259n az\u0131 500 n\u0259f\u0259rin h\u0259bs edildiyi bildirilir.<\/p>\n\n\n\n<p>\u0130yunun 20-d\u0259 G\u0259d\u0259b\u0259y rayonunun S\u00f6y\u00fcdl\u00fc k\u0259ndinin \u0259razisind\u0259 q\u0131z\u0131l yata\u011f\u0131n\u0131n sular\u0131ndan s\u00fcni g\u00f6l\u00fcn yarad\u0131lmas\u0131na etiraz aksiyas\u0131 il\u0259 ba\u015flayan S\u00f6y\u00fcdl\u00fc hadis\u0259l\u0259ri 2023-\u00fcn \u0259n qalmaqall\u0131 olaylar\u0131ndan biri kimi xarakteriz\u0259 edilir. X\u00fcsusil\u0259 \u0130lham \u018fliyevin uzunm\u00fcdd\u0259tli susqunluqdan sonra hadis\u0259ni \u201cl\u0259yaq\u0259tli polis davran\u0131\u015f\u0131\u201d kimi \u015f\u0259rh etm\u0259sind\u0259n sonra. K\u0259nd sakinl\u0259rinin etiraz\u0131 \u0259vv\u0259lc\u0259 polisin qeyri-adekvat g\u00fcc t\u0259tbiqi il\u0259 da\u011f\u0131d\u0131ld\u0131, ard\u0131nca k\u0259nd \u00f6lk\u0259d\u0259n t\u0259crid edildi, m\u00fcst\u0259qil media jurnalistl\u0259ri S\u00f6y\u00fcdl\u00fcd\u0259 t\u0259zyiq\u0259 m\u0259ruz qald\u0131.<\/p>\n\n\n\n<p>23 iyul Az\u0259rbaycanda tan\u0131nm\u0131\u015f iqtisad\u00e7\u0131 v\u0259 siyas\u0259t\u00e7i Qubad \u0130bado\u011flunun h\u0259bsi il\u0259 yadda qald\u0131. Qubad \u0130bado\u011flu bar\u0259sind\u0259 Cinay\u0259t M\u0259c\u0259ll\u0259sinin 204.3.1 (saxta pul v\u0259 ya qiym\u0259tli ka\u011f\u0131zlar haz\u0131rlama, \u0259ld\u0259 etm\u0259 v\u0259 ya satma m\u00fct\u0259\u015f\u0259kkil d\u0259st\u0259 t\u0259r\u0259find\u0259n t\u00f6r\u0259dildikd\u0259) madd\u0259si il\u0259 ittiham verildi v\u0259 o, t\u0259qsirl\u0259ndiril\u0259n \u015f\u0259xs qismind\u0259 i\u015f\u0259 c\u0259lb edildi.<\/p>\n\n\n\n<p>Daxili \u0130\u015fl\u0259r Nazirliyi onun T\u00fcrkiy\u0259 Respublikas\u0131n\u0131n Daxili \u0130\u015fl\u0259r Nazirliyind\u0259n daxil olan m\u0259lumat \u0259sas\u0131nda FET\u00d6 il\u0259 \u0259laq\u0259li olan \u015f\u0259xsl\u0259r\u0259 qar\u015f\u0131 \u0259m\u0259liyyat t\u0259dbirl\u0259ri \u0259sas\u0131nda saxland\u0131\u011f\u0131n\u0131 dedi. \u201cHuman Rights Watch\u201d bu h\u0259bsi h\u00f6kum\u0259ti t\u0259nqid ed\u0259nl\u0259r\u0259 qar\u015f\u0131 uzun m\u00fcdd\u0259tdir \u015f\u00fcbh\u0259li ittihamlar\u0131n ir\u0259li s\u00fcr\u00fclm\u0259sinin dair n\u00fcmun\u0259l\u0259rd\u0259n biri kimi \u015f\u0259rh etdi.<\/p>\n\n\n\n<p>19 sentyabr 2023-c\u00fc ild\u0259, s\u0259h\u0259r saatlar\u0131nda ba\u015flayan Qaraba\u011fda Az\u0259rbaycan M\u00fcdafi\u0259 Nazirliyinin anti-terror \u0259m\u0259liyyatlar\u0131 adland\u0131rd\u0131\u011f\u0131 h\u0259rbi toqqu\u015fma zaman\u0131 bir ne\u00e7\u0259 az\u0259rbaycanl\u0131 f\u0259al s\u00fclh \u00e7a\u011f\u0131r\u0131\u015flar\u0131 ed\u0259r\u0259k, m\u00fcharib\u0259ni pisl\u0259di. Bu is\u0259 onlar\u0131n b\u0259zil\u0259rinin saxlanmas\u0131 il\u0259 n\u0259tic\u0259l\u0259ndi.<\/p>\n\n\n\n<p>\u0130lboyu ictimai f\u0259al Afi\u0259ddin M\u0259mm\u0259dovun saxlanma x\u0259b\u0259rl\u0259ri d\u0259 g\u00fcnd\u0259md\u0259n d\u00fc\u015fm\u0259di. \u0130\u015f\u00e7i Masas\u0131 H\u0259mkarlar \u0130ttifaqlar\u0131 Konfederasiyas\u0131 s\u0259drinin son h\u0259bs x\u0259b\u0259ri 21 sentyabrda g\u0259ldi. O, ya\u015fad\u0131\u011f\u0131 evin qar\u015f\u0131s\u0131nda bir n\u0259f\u0259ri b\u0131\u00e7aqlamaqda ittiham olunur. Afi\u0259ddin h\u0259min \u015f\u0259xsin ona h\u00fccum etdiyini bildirir, h\u0259bsini i\u015f\u00e7i h\u00fcquqlar\u0131 il\u0259 ba\u011fl\u0131 f\u0259aliyy\u0259ti il\u0259 \u0259laq\u0259l\u0259ndirir. Konfederasiyan\u0131n bir ne\u00e7\u0259 \u00fczv\u00fc d\u0259 il boyu h\u0259bs edildi, onlara qar\u015f\u0131 narkotik ittiham\u0131 ir\u0259li s\u00fcr\u00fcld\u00fc.<\/p>\n\n\n\n<p>\u201cAbzasMedia\u201dda d\u0259rc edil\u0259n \u201cpolisin x\u00fcsusil\u0259 siyasi fiqurlar\u0131 narkotikl\u0259 \u015f\u0259rl\u0259m\u0259sind\u0259n\u201d dan\u0131\u015f\u0131lan ara\u015fd\u0131rmada anonim m\u00fcsahib\u0259 vermi\u015f h\u00fcquq m\u00fcdafi\u0259\u00e7isi v\u0259 ke\u00e7mi\u015f polis i\u015f\u00e7isi \u0130lhamiz Quliyev 5 oktyabrda saxland\u0131. Dekabr\u0131n 4-\u00fc o, bu d\u0259f\u0259 m\u00fclki geyimlil\u0259r t\u0259r\u0259find\u0259n apar\u0131ld\u0131 v\u0259 sonradan narkoticar\u0259td\u0259 ittiham edilib, bu d\u0259f\u0259 4 ayl\u0131q c\u0259za ald\u0131.<\/p>\n\n\n\n<p>Demokratik m\u00fchitin s\u00fctunlar\u0131ndan say\u0131lan media da bu ilin h\u0259bs dal\u011falar\u0131ndan n\u0259sibini ald\u0131. 20 noyabrdan etibar\u0259n Az\u0259rbaycan g\u00fcnd\u0259mind\u0259 \u201cAbzas i\u015fi\u201d dan\u0131\u015f\u0131lma\u011fa ba\u015flan\u0131ld\u0131. \u018fvv\u0259lc\u0259 \u201cAbzasMedia\u201dn\u0131n direktoru \u00dclvi H\u0259s\u0259nli saxland\u0131, ard\u0131nca ba\u015f redaktor Sevinc Vaqifq\u0131z\u0131. \u00dc\u00e7 g\u00fcn x\u0259b\u0259r al\u0131na bilm\u0259y\u0259n M\u0259h\u0259mm\u0259d Kekalovun da eyni i\u015fd\u0259 &#8211; qa\u00e7aqmal\u00e7\u0131l\u0131qda ittiham olundu\u011fu D\u0130N s\u00f6z\u00e7\u00fcs\u00fcn\u00fcn \u201cFacebook\u201d \u015f\u0259rhi il\u0259 ortaya \u00e7\u0131xd\u0131. H\u00f6kum\u0259t medias\u0131 onlar\u0131 &#8220;xarici agent&#8221; elan etdi.<\/p>\n\n\n\n<p>Kanal\u0131n dig\u0259r \u0259m\u0259kda\u015f\u0131 N\u0259rgiz Absalamova bar\u0259sind\u0259 d\u0259 dekabr\u0131n 1-d\u0259 3 ayl\u0131q h\u0259bs q\u0259timkan t\u0259dbiri se\u00e7ildi. H\u0259r biri bu ittiham\u0131 r\u0259dd edib, h\u0259bsini pe\u015f\u0259 f\u0259aliyy\u0259til\u0259 \u0259laq\u0259l\u0259ndirdi. <\/p>\n\n\n\n<p>Beyn\u0259lxalq insan haqlar\u0131 v\u0259 media t\u0259\u015fkilatlar\u0131 da h\u0259bsi \u201cAbzasMedia\u201dn\u0131n i\u015fi il\u0259 \u0259laq\u0259l\u0259ndirib, pisl\u0259di.<\/p>\n\n\n\n<p>Bu h\u0259bs dal\u011fas\u0131 da Az\u0259rbaycan v\u0259 AB\u015e aras\u0131ndak\u0131 g\u0259rginliyin yaranmas\u0131 v\u0259 h\u00f6kum\u0259t medias\u0131nda USAID-in Az\u0259rbaycandak\u0131 f\u0259aliyy\u0259tinin t\u0259nqid olunmas\u0131 il\u0259 eyni d\u00f6vr\u0259 d\u00fc\u015fd\u00fc.<\/p>\n\n\n\n<p>\u201cKanal 13\u201d internet televiziyas\u0131n\u0131n r\u0259hb\u0259ri \u018fziz Orucov 27 noyabrda saxland\u0131. O, qanunsuz tikintiy\u0259 g\u00f6r\u0259 ittiham olunur. V\u0259kili is\u0259 deyir ki, bu h\u0259bs onun media f\u0259aliyy\u0259tin\u0259 g\u00f6r\u0259 m\u0259ruz qald\u0131\u011f\u0131 t\u0259zyiqdir.<\/p>\n\n\n\n<p>\u0130nternet televiziyan\u0131n apar\u0131c\u0131s\u0131 R\u00fcf\u0259t Muradl\u0131 is\u0259 dekabr\u0131n 2-d\u0259 X\u0259tai Rayon M\u0259hk\u0259m\u0259sinin q\u0259rar\u0131 il\u0259 polisin qanuni t\u0259l\u0259bin\u0259 q\u0259sd\u0259n tabe olmamaqda ittiham edildi v\u0259 bar\u0259sind\u0259 30 sutkal\u0131q h\u0259bs q\u0259timkan t\u0259dbiri q\u0259rar\u0131 \u00e7\u0131xar\u0131ld\u0131.<\/p>\n\n\n\n<p>Bak\u0131n\u0131n X\u0259tai Rayon M\u0259hk\u0259m\u0259si &#8220;AbzasMedia&#8221;ya qar\u015f\u0131 cinay\u0259t i\u015find\u0259 ad\u0131 ke\u00e7\u0259n \u015f\u0259xsl\u0259r\u0259 v\u0259 onlar\u0131n bir \u00e7oxunun ail\u0259 \u00fczvl\u0259rin\u0259 m\u0259xsus bank hesablar\u0131na h\u0259bs qoyulmas\u0131, vergi od\u0259ni\u015fl\u0259ri v\u0259 h\u00fcquqi \u015f\u0259xsl\u0259rin pay sahibliyi bar\u0259d\u0259 m\u0259lumatlar\u0131n Bak\u0131 \u015e\u0259h\u0259r Ba\u015f Polis \u0130dar\u0259sin\u0259 t\u0259qdim olunmas\u0131 haqda q\u0259rar \u00e7\u0131xard\u0131. \u201cAbzasMedia\u201d i\u015find\u0259 \u015fahid kimi dindirilmi\u015f ara\u015fd\u0131rma\u00e7\u0131-jurnalist Hafiz Babal\u0131 v\u0259 iqtisadi t\u0259hlil\u00e7i To\u011frul V\u0259liyevin d\u0259 bank hesablar\u0131na h\u0259bs qoyuldu.<\/p>\n\n\n\n<p>\u0130lboyu insan haqlar\u0131 pozuntular\u0131ndan t\u0259kc\u0259 siyasi fiqurlar, media v\u0259 QHT sektoru yox, s\u0131ravi insanlar, azya\u015fl\u0131lar da n\u0259sibini ald\u0131.<\/p>\n\n\n\n<p>Dekabr\u0131n 2-d\u0259 Q\u0259b\u0259l\u0259 rayonunun V\u0259ndam q\u0259s\u0259b\u0259sind\u0259 \u00e7\u0259kildiyi deyil\u0259n g\u00f6r\u00fcnt\u00fcl\u0259rd\u0259n sonra polisin i\u015fd\u0259n azad edildiyi deyils\u0259 d\u0259, D\u0130N t\u0259f\u0259rr\u00fcatlar\u0131 b\u00f6l\u00fc\u015fm\u0259k z\u0259rur\u0259ti hiss etm\u0259yib.<\/p>\n\n\n\n<p>10 dekabr D\u00fcnya \u0130nsan H\u00fcquqlar\u0131 G\u00fcn\u00fc kimi qeyd edilir. Az\u0259rbaycan \u00fc\u00e7\u00fcn insan haqlar\u0131 m\u00f6vzusunda xronikan\u0131 \u00fcmidverici notlarda bitirm\u0259k \u00e7\u0259tindir. X\u00fcsusil\u0259 n\u00f6vb\u0259d\u0259nk\u0259nar se\u00e7kil\u0259rin elan edildiyi, h\u0259bsl\u0259rin davam etdiyi bir ictimai t\u0259\u015fvi\u015f \u015f\u0259raitind\u0259\u2026<\/p>\n","protected":false},"excerpt":{"rendered":"<p>\u201cFreedom House\u201d G\u00fcrc\u00fcstan v\u0259 Erm\u0259nistandak\u0131 siyasi idar\u0259\u00e7iliyi \u201chibrid rejim\u201d kimi &#8230; <\/p>\n<p class=\"read-more-container\"><a title=\"Az\u0259rbaycan niy\u0259 insan haqlar\u0131ndan 1 al\u0131r?\" class=\"read-more button\" href=\"https:\/\/www.meydan.tv\/az\/article\/azerbaycan-niye-insan-haqlarindan-1-alir\/#more-292630\" aria-label=\"Read more about Az\u0259rbaycan niy\u0259 insan haqlar\u0131ndan 1 al\u0131r?\">Davam\u0131<\/a><\/p>\n","protected":false},"author":12,"featured_media":292631,"comment_status":"closed","ping_status":"closed","sticky":false,"template":"","format":"standard","meta":{"_acf_changed":false,"_sitemap_exclude":false,"_sitemap_priority":"","_sitemap_frequency":"","footnotes":""},"categories":[59,63],"tags":[],"class_list":["post-292630","post","type-post","status-publish","format-standard","has-post-thumbnail","hentry","category-siyaset","category-video-2","infinite-scroll-item","generate-columns","tablet-grid-50","mobile-grid-100","grid-parent","grid-33","no-featured-image-padding"],"acf":[],"yoast_head":"<!-- This site is optimized with the Yoast SEO plugin v27.4 - https:\/\/yoast.com\/product\/yoast-seo-wordpress\/ -->\n<title>Az\u0259rbaycan niy\u0259 insan haqlar\u0131ndan 1 al\u0131r? - MEYDAN.TV<\/title>\n<meta name=\"robots\" content=\"index, follow, max-snippet:-1, max-image-preview:large, max-video-preview:-1\" \/>\n<link rel=\"canonical\" href=\"https:\/\/www.meydan.tv\/az\/article\/azerbaycan-niye-insan-haqlarindan-1-alir\/\" \/>\n<meta property=\"og:locale\" content=\"az_AZ\" \/>\n<meta property=\"og:type\" content=\"article\" \/>\n<meta property=\"og:title\" content=\"Az\u0259rbaycan niy\u0259 insan haqlar\u0131ndan 1 al\u0131r? - MEYDAN.TV\" \/>\n<meta property=\"og:description\" content=\"\u201cFreedom House\u201d G\u00fcrc\u00fcstan v\u0259 Erm\u0259nistandak\u0131 siyasi idar\u0259\u00e7iliyi \u201chibrid rejim\u201d kimi ... Davam\u0131\" \/>\n<meta property=\"og:url\" content=\"https:\/\/www.meydan.tv\/az\/article\/azerbaycan-niye-insan-haqlarindan-1-alir\/\" \/>\n<meta property=\"og:site_name\" content=\"MEYDAN.TV\" \/>\n<meta property=\"article:published_time\" content=\"2023-12-11T19:32:54+00:00\" \/>\n<meta property=\"article:modified_time\" content=\"2023-12-12T06:54:35+00:00\" \/>\n<meta property=\"og:image\" content=\"https:\/\/www.meydan.tv\/wp-content\/uploads\/reportaj-cover-3-3.png\" \/>\n\t<meta property=\"og:image:width\" content=\"1280\" \/>\n\t<meta property=\"og:image:height\" content=\"720\" \/>\n\t<meta property=\"og:image:type\" content=\"image\/png\" \/>\n<meta name=\"author\" content=\"aleks\" \/>\n<meta name=\"twitter:card\" content=\"summary_large_image\" \/>\n<script type=\"application\/ld+json\" class=\"yoast-schema-graph\">{\"@context\":\"https:\\\/\\\/schema.org\",\"@graph\":[{\"@type\":\"Article\",\"@id\":\"https:\\\/\\\/www.meydan.tv\\\/az\\\/article\\\/azerbaycan-niye-insan-haqlarindan-1-alir\\\/#article\",\"isPartOf\":{\"@id\":\"https:\\\/\\\/www.meydan.tv\\\/az\\\/article\\\/azerbaycan-niye-insan-haqlarindan-1-alir\\\/\"},\"author\":{\"name\":\"aleks\",\"@id\":\"https:\\\/\\\/www.meydan.tv\\\/az\\\/#\\\/schema\\\/person\\\/476e9360e593fa131d5d71d51866f8da\"},\"headline\":\"Az\u0259rbaycan niy\u0259 insan haqlar\u0131ndan 1 al\u0131r?\",\"datePublished\":\"2023-12-11T19:32:54+00:00\",\"dateModified\":\"2023-12-12T06:54:35+00:00\",\"mainEntityOfPage\":{\"@id\":\"https:\\\/\\\/www.meydan.tv\\\/az\\\/article\\\/azerbaycan-niye-insan-haqlarindan-1-alir\\\/\"},\"wordCount\":1201,\"publisher\":{\"@id\":\"https:\\\/\\\/www.meydan.tv\\\/az\\\/#organization\"},\"image\":{\"@id\":\"https:\\\/\\\/www.meydan.tv\\\/az\\\/article\\\/azerbaycan-niye-insan-haqlarindan-1-alir\\\/#primaryimage\"},\"thumbnailUrl\":\"https:\\\/\\\/www.meydan.tv\\\/wp-content\\\/uploads\\\/reportaj-cover-3-3.png\",\"articleSection\":[\"Siyas\u0259t\",\"Video\"],\"inLanguage\":\"az\"},{\"@type\":\"WebPage\",\"@id\":\"https:\\\/\\\/www.meydan.tv\\\/az\\\/article\\\/azerbaycan-niye-insan-haqlarindan-1-alir\\\/\",\"url\":\"https:\\\/\\\/www.meydan.tv\\\/az\\\/article\\\/azerbaycan-niye-insan-haqlarindan-1-alir\\\/\",\"name\":\"Az\u0259rbaycan niy\u0259 insan haqlar\u0131ndan 1 al\u0131r? - MEYDAN.TV\",\"isPartOf\":{\"@id\":\"https:\\\/\\\/www.meydan.tv\\\/az\\\/#website\"},\"primaryImageOfPage\":{\"@id\":\"https:\\\/\\\/www.meydan.tv\\\/az\\\/article\\\/azerbaycan-niye-insan-haqlarindan-1-alir\\\/#primaryimage\"},\"image\":{\"@id\":\"https:\\\/\\\/www.meydan.tv\\\/az\\\/article\\\/azerbaycan-niye-insan-haqlarindan-1-alir\\\/#primaryimage\"},\"thumbnailUrl\":\"https:\\\/\\\/www.meydan.tv\\\/wp-content\\\/uploads\\\/reportaj-cover-3-3.png\",\"datePublished\":\"2023-12-11T19:32:54+00:00\",\"dateModified\":\"2023-12-12T06:54:35+00:00\",\"breadcrumb\":{\"@id\":\"https:\\\/\\\/www.meydan.tv\\\/az\\\/article\\\/azerbaycan-niye-insan-haqlarindan-1-alir\\\/#breadcrumb\"},\"inLanguage\":\"az\",\"potentialAction\":[{\"@type\":\"ReadAction\",\"target\":[\"https:\\\/\\\/www.meydan.tv\\\/az\\\/article\\\/azerbaycan-niye-insan-haqlarindan-1-alir\\\/\"]}]},{\"@type\":\"ImageObject\",\"inLanguage\":\"az\",\"@id\":\"https:\\\/\\\/www.meydan.tv\\\/az\\\/article\\\/azerbaycan-niye-insan-haqlarindan-1-alir\\\/#primaryimage\",\"url\":\"https:\\\/\\\/www.meydan.tv\\\/wp-content\\\/uploads\\\/reportaj-cover-3-3.png\",\"contentUrl\":\"https:\\\/\\\/www.meydan.tv\\\/wp-content\\\/uploads\\\/reportaj-cover-3-3.png\",\"width\":1280,\"height\":720},{\"@type\":\"BreadcrumbList\",\"@id\":\"https:\\\/\\\/www.meydan.tv\\\/az\\\/article\\\/azerbaycan-niye-insan-haqlarindan-1-alir\\\/#breadcrumb\",\"itemListElement\":[{\"@type\":\"ListItem\",\"position\":1,\"name\":\"Ana s\u0259hif\u0259\",\"item\":\"https:\\\/\\\/www.meydan.tv\\\/az\\\/\"},{\"@type\":\"ListItem\",\"position\":2,\"name\":\"Video\",\"item\":\"https:\\\/\\\/www.meydan.tv\\\/az\\\/section\\\/video-2\\\/\"},{\"@type\":\"ListItem\",\"position\":3,\"name\":\"Az\u0259rbaycan niy\u0259 insan haqlar\u0131ndan 1 al\u0131r?\"}]},{\"@type\":\"WebSite\",\"@id\":\"https:\\\/\\\/www.meydan.tv\\\/az\\\/#website\",\"url\":\"https:\\\/\\\/www.meydan.tv\\\/az\\\/\",\"name\":\"MEYDAN.TV\",\"description\":\"Meydan TV Az\u0259rbaycan\u0131n media m\u0259kan\u0131ndak\u0131 alternativ s\u0259sidir\",\"publisher\":{\"@id\":\"https:\\\/\\\/www.meydan.tv\\\/az\\\/#organization\"},\"potentialAction\":[{\"@type\":\"SearchAction\",\"target\":{\"@type\":\"EntryPoint\",\"urlTemplate\":\"https:\\\/\\\/www.meydan.tv\\\/az\\\/?s={search_term_string}\"},\"query-input\":{\"@type\":\"PropertyValueSpecification\",\"valueRequired\":true,\"valueName\":\"search_term_string\"}}],\"inLanguage\":\"az\"},{\"@type\":\"Organization\",\"@id\":\"https:\\\/\\\/www.meydan.tv\\\/az\\\/#organization\",\"name\":\"Meydan TV\",\"url\":\"https:\\\/\\\/www.meydan.tv\\\/az\\\/\",\"logo\":{\"@type\":\"ImageObject\",\"inLanguage\":\"az\",\"@id\":\"https:\\\/\\\/www.meydan.tv\\\/az\\\/#\\\/schema\\\/logo\\\/image\\\/\",\"url\":\"https:\\\/\\\/www.meydan.tv\\\/wp-content\\\/uploads\\\/2021\\\/07\\\/meydan-logo.svg\",\"contentUrl\":\"https:\\\/\\\/www.meydan.tv\\\/wp-content\\\/uploads\\\/2021\\\/07\\\/meydan-logo.svg\",\"width\":195,\"height\":46,\"caption\":\"Meydan TV\"},\"image\":{\"@id\":\"https:\\\/\\\/www.meydan.tv\\\/az\\\/#\\\/schema\\\/logo\\\/image\\\/\"}},{\"@type\":\"Person\",\"@id\":\"https:\\\/\\\/www.meydan.tv\\\/az\\\/#\\\/schema\\\/person\\\/476e9360e593fa131d5d71d51866f8da\",\"name\":\"aleks\"}]}<\/script>\n<!-- \/ Yoast SEO plugin. -->","yoast_head_json":{"title":"Az\u0259rbaycan niy\u0259 insan haqlar\u0131ndan 1 al\u0131r? - MEYDAN.TV","robots":{"index":"index","follow":"follow","max-snippet":"max-snippet:-1","max-image-preview":"max-image-preview:large","max-video-preview":"max-video-preview:-1"},"canonical":"https:\/\/www.meydan.tv\/az\/article\/azerbaycan-niye-insan-haqlarindan-1-alir\/","og_locale":"az_AZ","og_type":"article","og_title":"Az\u0259rbaycan niy\u0259 insan haqlar\u0131ndan 1 al\u0131r? - MEYDAN.TV","og_description":"\u201cFreedom House\u201d G\u00fcrc\u00fcstan v\u0259 Erm\u0259nistandak\u0131 siyasi idar\u0259\u00e7iliyi \u201chibrid rejim\u201d kimi ... Davam\u0131","og_url":"https:\/\/www.meydan.tv\/az\/article\/azerbaycan-niye-insan-haqlarindan-1-alir\/","og_site_name":"MEYDAN.TV","article_published_time":"2023-12-11T19:32:54+00:00","article_modified_time":"2023-12-12T06:54:35+00:00","og_image":[{"width":1280,"height":720,"url":"https:\/\/www.meydan.tv\/wp-content\/uploads\/reportaj-cover-3-3.png","type":"image\/png"}],"author":"aleks","twitter_card":"summary_large_image","schema":{"@context":"https:\/\/schema.org","@graph":[{"@type":"Article","@id":"https:\/\/www.meydan.tv\/az\/article\/azerbaycan-niye-insan-haqlarindan-1-alir\/#article","isPartOf":{"@id":"https:\/\/www.meydan.tv\/az\/article\/azerbaycan-niye-insan-haqlarindan-1-alir\/"},"author":{"name":"aleks","@id":"https:\/\/www.meydan.tv\/az\/#\/schema\/person\/476e9360e593fa131d5d71d51866f8da"},"headline":"Az\u0259rbaycan niy\u0259 insan haqlar\u0131ndan 1 al\u0131r?","datePublished":"2023-12-11T19:32:54+00:00","dateModified":"2023-12-12T06:54:35+00:00","mainEntityOfPage":{"@id":"https:\/\/www.meydan.tv\/az\/article\/azerbaycan-niye-insan-haqlarindan-1-alir\/"},"wordCount":1201,"publisher":{"@id":"https:\/\/www.meydan.tv\/az\/#organization"},"image":{"@id":"https:\/\/www.meydan.tv\/az\/article\/azerbaycan-niye-insan-haqlarindan-1-alir\/#primaryimage"},"thumbnailUrl":"https:\/\/www.meydan.tv\/wp-content\/uploads\/reportaj-cover-3-3.png","articleSection":["Siyas\u0259t","Video"],"inLanguage":"az"},{"@type":"WebPage","@id":"https:\/\/www.meydan.tv\/az\/article\/azerbaycan-niye-insan-haqlarindan-1-alir\/","url":"https:\/\/www.meydan.tv\/az\/article\/azerbaycan-niye-insan-haqlarindan-1-alir\/","name":"Az\u0259rbaycan niy\u0259 insan haqlar\u0131ndan 1 al\u0131r? - MEYDAN.TV","isPartOf":{"@id":"https:\/\/www.meydan.tv\/az\/#website"},"primaryImageOfPage":{"@id":"https:\/\/www.meydan.tv\/az\/article\/azerbaycan-niye-insan-haqlarindan-1-alir\/#primaryimage"},"image":{"@id":"https:\/\/www.meydan.tv\/az\/article\/azerbaycan-niye-insan-haqlarindan-1-alir\/#primaryimage"},"thumbnailUrl":"https:\/\/www.meydan.tv\/wp-content\/uploads\/reportaj-cover-3-3.png","datePublished":"2023-12-11T19:32:54+00:00","dateModified":"2023-12-12T06:54:35+00:00","breadcrumb":{"@id":"https:\/\/www.meydan.tv\/az\/article\/azerbaycan-niye-insan-haqlarindan-1-alir\/#breadcrumb"},"inLanguage":"az","potentialAction":[{"@type":"ReadAction","target":["https:\/\/www.meydan.tv\/az\/article\/azerbaycan-niye-insan-haqlarindan-1-alir\/"]}]},{"@type":"ImageObject","inLanguage":"az","@id":"https:\/\/www.meydan.tv\/az\/article\/azerbaycan-niye-insan-haqlarindan-1-alir\/#primaryimage","url":"https:\/\/www.meydan.tv\/wp-content\/uploads\/reportaj-cover-3-3.png","contentUrl":"https:\/\/www.meydan.tv\/wp-content\/uploads\/reportaj-cover-3-3.png","width":1280,"height":720},{"@type":"BreadcrumbList","@id":"https:\/\/www.meydan.tv\/az\/article\/azerbaycan-niye-insan-haqlarindan-1-alir\/#breadcrumb","itemListElement":[{"@type":"ListItem","position":1,"name":"Ana s\u0259hif\u0259","item":"https:\/\/www.meydan.tv\/az\/"},{"@type":"ListItem","position":2,"name":"Video","item":"https:\/\/www.meydan.tv\/az\/section\/video-2\/"},{"@type":"ListItem","position":3,"name":"Az\u0259rbaycan niy\u0259 insan haqlar\u0131ndan 1 al\u0131r?"}]},{"@type":"WebSite","@id":"https:\/\/www.meydan.tv\/az\/#website","url":"https:\/\/www.meydan.tv\/az\/","name":"MEYDAN.TV","description":"Meydan TV Az\u0259rbaycan\u0131n media m\u0259kan\u0131ndak\u0131 alternativ s\u0259sidir","publisher":{"@id":"https:\/\/www.meydan.tv\/az\/#organization"},"potentialAction":[{"@type":"SearchAction","target":{"@type":"EntryPoint","urlTemplate":"https:\/\/www.meydan.tv\/az\/?s={search_term_string}"},"query-input":{"@type":"PropertyValueSpecification","valueRequired":true,"valueName":"search_term_string"}}],"inLanguage":"az"},{"@type":"Organization","@id":"https:\/\/www.meydan.tv\/az\/#organization","name":"Meydan TV","url":"https:\/\/www.meydan.tv\/az\/","logo":{"@type":"ImageObject","inLanguage":"az","@id":"https:\/\/www.meydan.tv\/az\/#\/schema\/logo\/image\/","url":"https:\/\/www.meydan.tv\/wp-content\/uploads\/2021\/07\/meydan-logo.svg","contentUrl":"https:\/\/www.meydan.tv\/wp-content\/uploads\/2021\/07\/meydan-logo.svg","width":195,"height":46,"caption":"Meydan TV"},"image":{"@id":"https:\/\/www.meydan.tv\/az\/#\/schema\/logo\/image\/"}},{"@type":"Person","@id":"https:\/\/www.meydan.tv\/az\/#\/schema\/person\/476e9360e593fa131d5d71d51866f8da","name":"aleks"}]}},"_links":{"self":[{"href":"https:\/\/www.meydan.tv\/az\/wp-json\/wp\/v2\/posts\/292630","targetHints":{"allow":["GET"]}}],"collection":[{"href":"https:\/\/www.meydan.tv\/az\/wp-json\/wp\/v2\/posts"}],"about":[{"href":"https:\/\/www.meydan.tv\/az\/wp-json\/wp\/v2\/types\/post"}],"author":[{"embeddable":true,"href":"https:\/\/www.meydan.tv\/az\/wp-json\/wp\/v2\/users\/12"}],"replies":[{"embeddable":true,"href":"https:\/\/www.meydan.tv\/az\/wp-json\/wp\/v2\/comments?post=292630"}],"version-history":[{"count":4,"href":"https:\/\/www.meydan.tv\/az\/wp-json\/wp\/v2\/posts\/292630\/revisions"}],"predecessor-version":[{"id":292644,"href":"https:\/\/www.meydan.tv\/az\/wp-json\/wp\/v2\/posts\/292630\/revisions\/292644"}],"wp:featuredmedia":[{"embeddable":true,"href":"https:\/\/www.meydan.tv\/az\/wp-json\/wp\/v2\/media\/292631"}],"wp:attachment":[{"href":"https:\/\/www.meydan.tv\/az\/wp-json\/wp\/v2\/media?parent=292630"}],"wp:term":[{"taxonomy":"category","embeddable":true,"href":"https:\/\/www.meydan.tv\/az\/wp-json\/wp\/v2\/categories?post=292630"},{"taxonomy":"post_tag","embeddable":true,"href":"https:\/\/www.meydan.tv\/az\/wp-json\/wp\/v2\/tags?post=292630"}],"curies":[{"name":"wp","href":"https:\/\/api.w.org\/{rel}","templated":true}]}}