{"id":292509,"date":"2023-12-09T15:06:34","date_gmt":"2023-12-09T11:06:34","guid":{"rendered":"https:\/\/www.meydan.tv\/?p=292509"},"modified":"2023-12-09T23:36:38","modified_gmt":"2023-12-09T19:36:38","slug":"muharibe-veterani-pensiyami-kesib-meni-kucede-qoydular","status":"publish","type":"post","link":"https:\/\/www.meydan.tv\/az\/article\/muharibe-veterani-pensiyami-kesib-meni-kucede-qoydular\/","title":{"rendered":"M\u00fcharib\u0259 veteran\u0131: &#8220;Pensiyam\u0131 k\u0259sib m\u0259ni k\u00fc\u00e7\u0259d\u0259 qoydular&#8221;"},"content":{"rendered":"\n<p><\/p>\n\n\n\n<p><strong><em>Ekspertl\u0259r deyir ki, m\u0259qs\u0259d \u0259halinin sosial v\u0259ziyy\u0259tini yax\u015f\u0131la\u015fd\u0131rmaq yox, q\u0259na\u0259t etm\u0259kdir<\/em><\/strong><\/p>\n\n\n\n<p>&#8220;<em>14 ildir ki, qanuni II qrup \u0259lillik pensiyas\u0131 alm\u0131\u015fam. H\u0259r il tibbi komissiyadan ke\u00e7irdim. Deyirdil\u0259r ki, get m\u00fcharib\u0259 \u0259lilliyi al. Amma m\u0259n ist\u0259mirdim ki, o addan istifad\u0259 edim, \u00e7\u00fcnki v\u0259t\u0259n \u00fc\u00e7\u00fcn vuru\u015fmu\u015fuq. Ax\u0131rda can\u0131mdan da, sa\u011flam psixi durumumdan m\u0259hrum oldum: \u0259lillik pensiyam\u0131 k\u0259sib m\u0259ni k\u00fc\u00e7\u0259d\u0259 qoydular&#8221;.<\/em><\/p>\n\n\n\n<p><strong><em>&#8220;<\/em>D\u0259lixanada r\u00fc\u015fv\u0259tl\u0259 saxta \u0259lillik verirdil\u0259r&#8221;<\/strong><\/p>\n\n\n\n<p>58 ya\u015fl\u0131 Ming\u0259\u00e7evir sakini \u0130lqar Mustafa o\u011flu M\u0259mm\u0259dov ona edil\u0259n haqs\u0131zl\u0131qdan \u015fikay\u0259tl\u0259nir.<\/p>\n\n\n\n<p>O, Meydan TV-y\u0259 deyir ki, I Qaraba\u011f m\u00fcharib\u0259sind\u0259 k\u00f6n\u00fcll\u00fc i\u015ftirak ed\u0259nd\u0259n sonra 1993-c\u00fc ilin iyun ay\u0131nda h\u0259rbi \u00e7a\u011f\u0131r\u0131\u015fla m\u00fcharib\u0259y\u0259 gedib.<\/p>\n\n\n\n<p>A\u011fd\u0259r\u0259, T\u0259rt\u0259r, Suqovu\u015fan istiqam\u0259tind\u0259 a\u011f\u0131r d\u00f6y\u00fc\u015fl\u0259rd\u0259 i\u015ftirak edib, pe\u015f\u0259kar k\u0259\u015ffiyyat\u00e7\u0131 olub.<\/p>\n\n\n\n<p>1994-c\u00fc ilin 6 yanvar tarixind\u0259 \u0259n yax\u0131n d\u00f6y\u00fc\u015f dostlar\u0131n\u0131 itir\u0259n d\u00f6y\u00fc\u015f\u00e7\u00fc \u00f6z\u00fc d\u0259 minamyot m\u0259rmisi partlamas\u0131 n\u0259tic\u0259sind\u0259 g\u00fccl\u00fc k\u0259ll\u0259-beyin travmas\u0131 al\u0131r. H\u0259tta x\u0259st\u0259xanaya gec \u00e7atd\u0131r\u0131ld\u0131\u011f\u0131ndan don vuran b\u0259d\u0259nini son anda h\u0259kiml\u0259r h\u0259yata qaytar\u0131r:<\/p>\n\n\n\n<p>&#8220;<em>Gec\u0259-g\u00fcnd\u00fcz A\u011fd\u0259r\u0259, T\u0259rt\u0259r b\u00f6lg\u0259sind\u0259 k\u0259\u015ffiyyatda olmu\u015fam, dekabr ay\u0131nda m\u00fcharib\u0259 ba\u015flayan kimi bizi Suqovu\u015fana sald\u0131lar. Dar c\u0131\u011f\u0131rla h\u0259r\u0259k\u0259t edib a\u011f\u0131r d\u00f6y\u00fc\u015fl\u0259rd\u0259n ke\u00e7dik, y\u00fcks\u0259kliyi bel\u0259 ald\u0131q, ancaq yan\u0131m\u0131za d\u00fc\u015f\u0259n minamyot m\u0259rmisi n\u0259tic\u0259sind\u0259 a\u011fda\u015fl\u0131 d\u00f6y\u00fc\u015f yolda\u015f\u0131m\u0131n, ba\u015f\u0131, \u0259li, aya\u011f\u0131 havadaca qopdu. Komandirimiz \u018ffqan Qarayevin \u0259mri il\u0259 \u00fcst\u00fcm\u00fcz\u0259 g\u0259l\u0259n tanklar\u0131 vurark\u0259n biz\u0259 at\u0131lan ikinci minamyot el\u0259 yan\u0131mdaca partlad\u0131. Dal\u011fa m\u0259ni nec\u0259 yer\u0259 \u00e7\u0131rpd\u0131sa, \u00f6z\u00fcm\u00fc itirdim. Solaxay oldu\u011fum \u00fc\u00e7\u00fcn avtomat\u0131n qunda\u011f\u0131 da sif\u0259tim\u0259 \u00e7\u0131rp\u0131ld\u0131. Ay\u0131landa he\u00e7 n\u0259 e\u015fitmirdim, ancaq g\u00f6r\u00fcrd\u00fcm. Oradan m\u0259ni T\u0259rt\u0259r x\u0259st\u0259xanas\u0131na, sonra ma\u015f\u0131nla Bak\u0131dak\u0131 1 say\u0131 Tibbi Kliniki x\u0259st\u0259xanaya apar\u0131blar. Yolda soyuqdan donmu\u015fdum, \u015f\u0259kli d\u0259 var. Burnumdan, g\u00f6z\u00fcmd\u0259n qan g\u0259l\u0259nd\u0259n sonra h\u0259kiml\u0259r m\u0259ni h\u0259yata qaytar\u0131b&#8221;.<\/em><\/p>\n\n\n<div class=\"wp-block-image\">\n<figure class=\"aligncenter size-large\"><img decoding=\"async\" width=\"1091\" height=\"821\" data-src=\"https:\/\/www.meydan.tv\/wp-content\/uploads\/img-20231127-wa0017-1091x821.jpg\" alt=\"\" class=\"wp-image-292500 lazyload\" src=\"data:image\/svg+xml;base64,PHN2ZyB3aWR0aD0iMSIgaGVpZ2h0PSIxIiB4bWxucz0iaHR0cDovL3d3dy53My5vcmcvMjAwMC9zdmciPjwvc3ZnPg==\" style=\"--smush-placeholder-width: 1091px; --smush-placeholder-aspect-ratio: 1091\/821;\" \/><\/figure>\n<\/div>\n\n\n<p>&#8220;<em>D\u0259f\u0259l\u0259rl\u0259 s\u0259hh\u0259timl\u0259 ba\u011fl\u0131 Bak\u0131, G\u0259nc\u0259 x\u0259st\u0259xanas\u0131nda yatm\u0131\u015fam. D\u0259f\u0259l\u0259rl\u0259 &#8220;d\u0259li&#8221; ad\u0131 il\u0259 x\u0259st\u0259xanaya g\u00f6nd\u0259rdil\u0259r, 7-8 d\u0259f\u0259 iyn\u0259 vurdular. \u0130sk\u0259nd\u0259rov soyadl\u0131 bir h\u0259kim \u0259limi, aya\u011f\u0131m\u0131 ba\u011flad\u0131, iliyimi \u00e7\u0259kib \u0259lillik yazmaq ist\u0259di, qarda\u015f\u0131m is\u0259 buna etiraz etdi. Ax\u0131rda Fuad adl\u0131 h\u0259kim yoxlayandan sonra dedi ki, bu a\u011f\u0131r k\u0259ll\u0259-beyin travmas\u0131 al\u0131b, d\u0259li deyil. D\u0259lixanada r\u00fc\u015fv\u0259tl\u0259 saxta \u0259lillik verirdil\u0259r, \u00f6zba\u015fnal\u0131q idi. M\u0259n\u0259 deyirdil\u0259r ki, n\u0259 q\u0259d\u0259r pul vermis\u0259n? Deyirdim, d\u00f6y\u00fc\u015fd\u0259n g\u0259lmi\u015f\u0259m, yaralanm\u0131\u015fam, n\u0259 r\u00fc\u015fv\u0259t?&#8221;<\/em> &#8211; \u0130lqar M\u0259mm\u0259dov qeyd edib.<\/p>\n\n\n\n<p><strong>&#8220;Dedi ki, \u00e7\u0259kin d\u00fcz g\u0259lmir dey\u0259 s\u0259n\u0259 pensiya d\u00fc\u015fm\u00fcr&#8221;<\/strong><\/p>\n\n\n\n<p>M\u00fcharib\u0259 i\u015ftirak\u00e7\u0131s\u0131 deyir ki, uzun m\u00fcdd\u0259t x\u0259st\u0259xanalarda yatsa da, ald\u0131\u011f\u0131 m\u00fcalic\u0259 n\u0259 onu sa\u011fald\u0131r, n\u0259 d\u0259 \u0259lillik almas\u0131na k\u00f6m\u0259k edir. \u018fksin\u0259 2002-ci ild\u0259 yo\u011fun ba\u011f\u0131rsaq partlamas\u0131ndan, 2006-c\u0131 ild\u0259 is\u0259 m\u0259d\u0259sind\u0259n a\u011f\u0131r \u0259m\u0259liyyat ke\u00e7irir. Bir il sonra qanuni II qrup \u0259lillik d\u0259r\u0259c\u0259si ala bilir.<\/p>\n\n\n\n<p>H\u0259r il tibbi komissiyan\u0131n yoxlan\u0131\u015f\u0131ndan ke\u00e7s\u0259 d\u0259, 2021-ci ilin mart ay\u0131nda \u0259lillik pensiyas\u0131 q\u0259fl\u0259t\u0259n k\u0259silir. S\u0259b\u0259bini is\u0259 a\u011f\u0131r \u0259m\u0259liyyatlara r\u0259\u011fm\u0259n \u00e7\u0259kisinin art\u0131q olmas\u0131 il\u0259 \u0259laq\u0259l\u0259ndirirl\u0259r.<\/p>\n\n\n<div class=\"wp-block-image\">\n<figure class=\"aligncenter size-large\"><img decoding=\"async\" width=\"1091\" height=\"821\" data-src=\"https:\/\/www.meydan.tv\/wp-content\/uploads\/sened-4-1091x821.jpg\" alt=\"\" class=\"wp-image-292510 lazyload\" src=\"data:image\/svg+xml;base64,PHN2ZyB3aWR0aD0iMSIgaGVpZ2h0PSIxIiB4bWxucz0iaHR0cDovL3d3dy53My5vcmcvMjAwMC9zdmciPjwvc3ZnPg==\" style=\"--smush-placeholder-width: 1091px; --smush-placeholder-aspect-ratio: 1091\/821;\" \/><\/figure>\n<\/div>\n\n\n<p>Ail\u0259sinin t\u0259rk etdiyi, t\u0259nha qalan Qaraba\u011f qazisi haz\u0131rda \u00e7\u0131x\u0131lmaz v\u0259 k\u00f6m\u0259ksiz v\u0259ziyy\u0259td\u0259dir. Deyir ki, n\u0259inki dolanma\u011fa imkan\u0131, qalma\u011fa yeri bel\u0259 yoxdur.<\/p>\n\n\n\n<p>S\u0259hh\u0259ti d\u0259 d\u0259rmanlardan as\u0131l\u0131d\u0131r. Sol g\u00f6z\u00fc g\u00f6rm\u0259 qabiliyy\u0259tini itirib. Sa\u011f g\u00f6z\u00fcnd\u0259 is\u0259 l\u0259k\u0259 oldu\u011fundan ciddi m\u00fcalic\u0259y\u0259, h\u0259tta \u0259m\u0259liyyata ehtiyac var:<\/p>\n\n\n\n<p>&#8220;<em>Bu vicdans\u0131zl\u0131qd\u0131r, bu q\u0259d\u0259r \u0259m\u0259liyyat, yar\u0131mcanl\u0131q, beyin travmas\u0131, m\u0259d\u0259nin \u00fc\u00e7d\u0259 iki hiss\u0259sinin k\u0259silib g\u00f6t\u00fcr\u00fclm\u0259si, ba\u011f\u0131rsaq partlamas\u0131, g\u00f6z nurunun itm\u0259si &#8211;\u00a0 b\u00fct\u00fcn x\u0259st\u0259likl\u0259rim, \u0259m\u0259liyyatlar\u0131m\u0131n da tibbi ka\u011f\u0131zlar\u0131 ciddi s\u00fcbutdur. 11 ay yol pulu tap\u0131b ged\u0259 bilm\u0259dim, \u018flilliyin B\u0259rpa M\u0259rk\u0259zin\u0259 gedib t\u0259krar yoxlan\u0131\u015fdan ke\u00e7\u0259nd\u0259 Sevinc adl\u0131 h\u0259kim dedi ki, \u00e7\u0259kin d\u00fcz g\u0259lmir dey\u0259 s\u0259n\u0259 pensiya d\u00fc\u015fm\u00fcr. 60 kq \u00e7\u0259kim vard\u0131&#8221;.<\/em><\/p>\n\n\n<div class=\"wp-block-image\">\n<figure class=\"aligncenter size-full\"><img decoding=\"async\" width=\"1200\" height=\"675\" data-src=\"https:\/\/www.meydan.tv\/wp-content\/uploads\/mn-3.jpg\" alt=\"\" class=\"wp-image-292526 lazyload\" src=\"data:image\/svg+xml;base64,PHN2ZyB3aWR0aD0iMSIgaGVpZ2h0PSIxIiB4bWxucz0iaHR0cDovL3d3dy53My5vcmcvMjAwMC9zdmciPjwvc3ZnPg==\" style=\"--smush-placeholder-width: 1200px; --smush-placeholder-aspect-ratio: 1200\/675;\" \/><\/figure>\n<\/div>\n\n\n<p>&#8220;<em>\u0130ll\u0259rl\u0259 yar\u0131mcan kiray\u0259d\u0259 s\u00fcr\u00fcn, evsiz qal, s\u0259n\u0259 \u0259lillik pensiyan\u0131 da \u00e7ox g\u00f6rs\u00fcnl\u0259r. M\u0259n d\u0259rmanlarla, m\u00fcharib\u0259 travmas\u0131, x\u0259st\u0259likl\u0259rl\u0259, kas\u0131bl\u0131q zill\u0259ti il\u0259 ya\u015fayan adamam. \u0130ki ayd\u0131r ki, \u00f6lk\u0259 Prezidentin\u0259 yazm\u0131\u015fam, cavab yoxdur. H\u00fcquqlar\u0131m pozulub. Pensiyan\u0131 k\u0259s\u0259nl\u0259r\u0259 dedim ki, sizd\u0259n \u015fikay\u0259t ed\u0259c\u0259y\u0259m. Dedil\u0259r ki, get \u015fikay\u0259t et. Kim\u0259 m\u00fcraci\u0259t edim, bezmi\u015f\u0259m. V\u0259t\u0259nda\u015f d\u00f6vl\u0259tind\u0259n k\u00f6m\u0259k umar, o da bel\u0259. Banklara borclara g\u00f6r\u0259 ail\u0259m d\u0259 uzaq d\u00fc\u015f\u00fcb. O\u011flumu, q\u0131z\u0131m\u0131 evl\u0259ndirib evi onlara verib \u00e7\u0131xm\u0131\u015fam. Ya\u015fad\u0131\u011f\u0131m \u00e7\u0259tinlikl\u0259r\u0259 g\u00f6r\u0259 t\u0259rk etdil\u0259r m\u0259ni. H\u0259kim g\u00f6z\u00fcm\u00fc yoxlay\u0131b deyir ki, get \u0259m\u0259liyyat ol, ona da pulum yox. Gec-tez o biri g\u00f6z\u00fcmd\u0259n d\u0259 olaca\u011fam. R\u00fc\u015fv\u0259txorluq, haqs\u0131zl\u0131qlara g\u00f6r\u0259 diri-diri \u00f6l\u00fcr\u00fck&#8221;, &#8211;<\/em> dey\u0259 \u0130lqar M\u0259mm\u0259dov bildirib.<\/p>\n\n\n\n<p>M\u00fcdafi\u0259 Nazirliyi M\u0259rk\u0259zi H\u0259kim Komissiyas\u0131n\u0131n \u00f6t\u0259n ilin 19 aprelind\u0259 \u00e7\u0131xard\u0131\u011f\u0131 q\u0259rarda da bildirilir ki, \u0130lqar M\u0259mm\u0259dovun ald\u0131\u011f\u0131 qapal\u0131 k\u0259ll\u0259-beyin travmas\u0131, ba\u015f-beyin kontuziyas\u0131 h\u0259rbi travmad\u0131r.<\/p>\n\n\n\n<p>Dig\u0259r tibbi s\u0259n\u0259dl\u0259rd\u0259 d\u0259 bir ne\u00e7\u0259 x\u0259st\u0259likl\u0259ri il\u0259 yana\u015f\u0131, anemiya, ishal, sol g\u00f6z\u00fcn\u00fcn a\u011f\u0131rla\u015fm\u0131\u015f kataraktas\u0131, sa\u011f g\u00f6z\u00fcnd\u0259 hipermetropiya, m\u0259d\u0259nin hiss\u0259vi rezeksiyas\u0131 da qeyd olunub.<\/p>\n\n\n\n<p><strong>&#8220;\u0130\u015fsiz\u0259m, evsiz\u0259m, nec\u0259 edim bilmir\u0259m?&#8221;<\/strong><\/p>\n\n\n\n<p>\u0130lqar M\u0259mm\u0259dov haz\u0131rda 80 manatl\u0131q veteran t\u0259qa\u00fcd\u00fc il\u0259 dolan\u0131r. Hans\u0131 ki, onu da 26 illik s\u00fcr\u00fcnd\u00fcrm\u0259\u00e7ilikd\u0259n sonra &#8211; 2020-ci ilin noyabr\u0131nda al\u0131b. Bir m\u00fcdd\u0259t yax\u0131nlar\u0131n\u0131n himay\u0259sind\u0259 ya\u015fasa da, haz\u0131rda evsiz v\u0259 i\u015fsizdir. \u0130ll\u0259rdir ki, i\u015fsiz kimi qeydiyyata al\u0131nd\u0131\u011f\u0131 D\u00f6vl\u0259t M\u0259\u015f\u011fulluq Agentliyin\u0259 etdiyi m\u00fcraci\u0259tl\u0259r\u0259 d\u0259: <em>&#8220;H\u0259l\u0259 n\u00f6vb\u0259n \u00e7atmay\u0131b&#8221;<\/em>, &#8211; dey\u0259 cavab verilir.<\/p>\n\n\n<div class=\"wp-block-image\">\n<figure class=\"aligncenter size-large\"><img decoding=\"async\" width=\"1091\" height=\"821\" data-src=\"https:\/\/www.meydan.tv\/wp-content\/uploads\/img-20231127-wa00381-1091x821.jpg\" alt=\"\" class=\"wp-image-292506 lazyload\" src=\"data:image\/svg+xml;base64,PHN2ZyB3aWR0aD0iMSIgaGVpZ2h0PSIxIiB4bWxucz0iaHR0cDovL3d3dy53My5vcmcvMjAwMC9zdmciPjwvc3ZnPg==\" style=\"--smush-placeholder-width: 1091px; --smush-placeholder-aspect-ratio: 1091\/821;\" \/><\/figure>\n<\/div>\n\n\n<p>O, d\u00f6vl\u0259td\u0259n, aidiyy\u0259ti qurumlardan k\u00f6m\u0259k ist\u0259yir, m\u00fcraci\u0259tinin \u015f\u0259ffaf ara\u015fd\u0131r\u0131lmas\u0131n\u0131 t\u0259l\u0259b edir:<\/p>\n\n\n\n<p>&#8220;<em>He\u00e7 olmasa pensiya kiray\u0259min, d\u0259rman\u0131m\u0131n x\u0259rcini \u00f6d\u0259yirdi. 2600 manat borcum var. 80 manatl\u0131q veteran t\u0259qa\u00fcd\u00fcn\u00fcn 25 manat\u0131n\u0131 bank tutur. O t\u0259qa\u00fcd\u00fc n\u0259 b\u00fcrokratik \u0259ng\u0259ll\u0259r hesab\u0131na ald\u0131m. C\u0259mi 4 ay geri \u00f6d\u0259dil\u0259r, 26 il batd\u0131. \u0130\u015fsiz\u0259m, evsiz\u0259m, nec\u0259 edim bilmir\u0259m. F\u0259hl\u0259 i\u015fl\u0259yir\u0259m sanc\u0131 tutur, y\u00fck qald\u0131ra bilmir\u0259m. \u00dc\u00e7 ildir ki, M\u0259\u015f\u011fulluq Agentliyinin Ming\u0259\u00e7evir filial\u0131nda qeydiyyatdayam. Ba\u015f\u0131ma oyun a\u00e7\u0131rlar. Guya vakansiya olmal\u0131d\u0131r. 420-cis\u0259n s\u0131rada indi guya 350-ci yerd\u0259y\u0259m. M\u0259nd\u0259n sonra m\u00fcraci\u0259t ed\u0259nl\u0259r i\u015f\u0259 q\u0259bul olunub, amma m\u0259n h\u0259l\u0259 n\u00f6vb\u0259d\u0259y\u0259m. Yanvardan ya\u015f\u0131lla\u015fd\u0131rma i\u015fin\u0259 girm\u0259liydim, h\u0259l\u0259 d\u0259 i\u015f yoxdur. \u0130cra hakimiyy\u0259tin\u0259 gedir\u0259m, deyirl\u0259r ki, bizlik deyil. D\u00f6vl\u0259t ya pensiyam\u0131 b\u0259rpa etsin, ya g\u00f6z\u00fcm\u00fc \u0259m\u0259liyyat edib sa\u011falts\u0131n, ya da i\u015fl\u0259 t\u0259min etsin&#8221;.<\/em><\/p>\n\n\n\n<p><strong>Aidiyy\u0259ti qurumlar n\u0259 deyir?<\/strong><\/p>\n\n\n\n<p>Tibbi Sosial Ekspertiza v\u0259 Reabilitasiya Agentliyinin s\u00f6z\u00e7\u00fcs\u00fc Tural Qurbanov Meydan TV-y\u0259 deyib ki, m\u00fcharib\u0259 i\u015ftirak\u00e7\u0131s\u0131n\u0131n m\u00fcraci\u0259ti \u018flillik alt sistemin\u0259 daxil edilm\u0259yib:<\/p>\n\n\n<div class=\"wp-block-image\">\n<figure class=\"alignleft size-large is-resized\"><img decoding=\"async\" width=\"1200\" height=\"675\" data-src=\"https:\/\/www.meydan.tv\/wp-content\/uploads\/1-4-1-1200x675.jpg\" alt=\"\" class=\"wp-image-292519 lazyload\" style=\"--smush-placeholder-width: 1200px; --smush-placeholder-aspect-ratio: 1200\/675;width:404px;height:auto\" src=\"data:image\/svg+xml;base64,PHN2ZyB3aWR0aD0iMSIgaGVpZ2h0PSIxIiB4bWxucz0iaHR0cDovL3d3dy53My5vcmcvMjAwMC9zdmciPjwvc3ZnPg==\" \/><figcaption class=\"wp-element-caption\">Tural Qurbanov. Foto: Tibbi Sosial Ekspertiza v\u0259 Reabilitasiya Agentliyi. <\/figcaption><\/figure>\n<\/div>\n\n\n<p>&#8220;<em>Son bir ild\u0259 Ming\u0259\u00e7evir \u015f\u0259h\u0259r sakini \u0130lqar Mustafa o\u011flu M\u0259mm\u0259dovla ba\u011fl\u0131 he\u00e7 bir &#8220;Forma-88&#8243; s\u0259n\u0259di \u018flillik altsistemin\u0259 daxil edilm\u0259yib. Bel\u0259 olan halda qiym\u0259tl\u0259ndirilm\u0259 m\u00fcmk\u00fcn olmur. Bunun \u00fc\u00e7\u00fcn v\u0259t\u0259nda\u015f qeydiyyat \u00fczr\u0259 tibb m\u00fc\u0259ssis\u0259sin\u0259 yax\u0131nla\u015fmal\u0131d\u0131r. Tibb m\u00fc\u0259ssis\u0259si t\u0259r\u0259find\u0259n \u015f\u0259xsl\u0259 ba\u011fl\u0131 yeni g\u00f6nd\u0259ri\u015f r\u0259smil\u0259\u015fdiril\u0259r\u0259k \u018flillik altsistemin\u0259 daxil edildikd\u0259n sonra onun \u0259lilliyi qanunvericiliy\u0259 uy\u011fun olaraq qiym\u0259tl\u0259ndiril\u0259c\u0259k&#8221;<\/em>.<\/p>\n\n\n\n<p>D\u00f6vl\u0259t M\u0259\u015f\u011fulluq Agentliyinin Ming\u0259\u00e7evir filial\u0131n\u0131n \u0259m\u0259kda\u015f\u0131 Elgiz Yusifov is\u0259 bildirib ki, v\u0259t\u0259nda\u015f\u0131n qeydiyyata al\u0131nd\u0131\u011f\u0131 ya\u015f\u0131lla\u015fd\u0131rma i\u015fl\u0259ri il\u0259 ba\u011fl\u0131 vakansiya yoxdur:<\/p>\n\n\n\n<p><em>&#8220;V\u0259t\u0259nda\u015f \u015f\u0259xsiyy\u0259t v\u0259siq\u0259si il\u0259 \u00f6z\u00fc yax\u0131nla\u015fs\u0131n, vakansiyalara baxaq. Ya\u015f\u0131lla\u015fd\u0131rma il\u0259 ba\u011fl\u0131 vakansiyam\u0131z yoxdur. \u0130st\u0259s\u0259 d\u0259, o i\u015fl\u0259 t\u0259minat m\u00fcmk\u00fcn deyil. Dig\u0259r vakansiyalar varsa, bax\u0131b dey\u0259rik&#8221;.<\/em><\/p>\n\n\n<div class=\"wp-block-image\">\n<figure class=\"alignright size-full is-resized\"><img decoding=\"async\" width=\"1200\" height=\"471\" data-src=\"https:\/\/www.meydan.tv\/wp-content\/uploads\/dovlet_mesgulluq_agentliyi_logo.png\" alt=\"\" class=\"wp-image-272597 lazyload\" style=\"--smush-placeholder-width: 1200px; --smush-placeholder-aspect-ratio: 1200\/471;width:436px;height:auto\" src=\"data:image\/svg+xml;base64,PHN2ZyB3aWR0aD0iMSIgaGVpZ2h0PSIxIiB4bWxucz0iaHR0cDovL3d3dy53My5vcmcvMjAwMC9zdmciPjwvc3ZnPg==\" \/><figcaption class=\"wp-element-caption\">D\u00f6vl\u0259t M\u0259\u015f\u011fulluq Xidm\u0259ti<\/figcaption><\/figure>\n<\/div>\n\n\n<p>D\u00f6vl\u0259t M\u0259\u015f\u011fulluq Agentliyinin s\u00f6z\u00e7\u00fcs\u00fc \u018fsm\u0259r N\u0259cm\u0259ddinq\u0131z\u0131 is\u0259 deyir ki, v\u0259t\u0259nda\u015f\u0131n \u015fikay\u0259ti ara\u015fd\u0131r\u0131l\u0131b:<\/p>\n\n\n\n<p>&#8220;<em>M\u0259mm\u0259dov \u0130lqar Mustafa o\u011flunun m\u00fcraci\u0259ti ara\u015fd\u0131r\u0131l\u0131b. V\u0259t\u0259nda\u015f m\u0259\u015f\u011fulluq sistemind\u0259 qeydiyyatdad\u0131r v\u0259 ist\u0259yi yaln\u0131z ictimai i\u015fl\u0259rd\u0259 \u00e7al\u0131\u015fmaqd\u0131r. Onun ad\u0131 n\u00f6vb\u0259lilik reyestrin\u0259 daxil edilib v\u0259 prosedurlar bar\u0259d\u0259 \u0259trafl\u0131 m\u0259lumat verilib. Dig\u0259r vakansiyalar bar\u0259d\u0259 m\u0259lumat \u0259ld\u0259 etm\u0259k ist\u0259y\u0259rs\u0259, filiala yax\u0131nla\u015fa bil\u0259r&#8221;.<\/em><\/p>\n\n\n\n<p><strong><em>&#8220;<\/em>D\u00f6vl\u0259t icmal b\u00fcdc\u0259si \u00f6t\u0259n il\u0259d\u0259k 862 milyon manata q\u0259na\u0259t edib&#8221;<\/strong><\/p>\n\n\n\n<p>\u0130qtisad\u00e7\u0131 F\u0259rid Mehral\u0131zad\u0259 deyir ki, d\u00f6vl\u0259tin sosial siyas\u0259td\u0259 \u0259sas m\u0259qs\u0259di \u0259halinin v\u0259ziyy\u0259tini yax\u015f\u0131la\u015fd\u0131rmaq yox, q\u0259na\u0259t \u0259ld\u0259 etm\u0259kdir:<\/p>\n\n\n<div class=\"wp-block-image\">\n<figure class=\"alignleft size-large is-resized\"><img decoding=\"async\" data-src=\"https:\/\/www.meydan.tv\/wp-content\/uploads\/118784119_3295526013835916_6092828104091613031_n-e1640001508110-1059x821.jpg\" alt=\"\" class=\"wp-image-229778 lazyload\" style=\"--smush-placeholder-width: 1059px; --smush-placeholder-aspect-ratio: 1059\/821;width:366px;height:auto\" src=\"data:image\/svg+xml;base64,PHN2ZyB3aWR0aD0iMSIgaGVpZ2h0PSIxIiB4bWxucz0iaHR0cDovL3d3dy53My5vcmcvMjAwMC9zdmciPjwvc3ZnPg==\" \/><figcaption class=\"wp-element-caption\">F\u0259rid Mehral\u0131zad\u0259nin \u015f\u0259xsi arxivind\u0259n<\/figcaption><\/figure>\n<\/div>\n\n\n<p>&#8220;<em>Haz\u0131rda d\u00f6vl\u0259tin sosial siyas\u0259tind\u0259 \u0259sas m\u0259qs\u0259d b\u00fcdc\u0259 v\u0259 DSMF-y\u0259 q\u0259na\u0259t etm\u0259kdir. \u018flilliyi olan \u015f\u0259xsl\u0259rin say\u0131 2020-ci ilin yanvar\u0131n 1-n\u0259 633,4 min n\u0259f\u0259r oldu\u011fu halda, 2023-ci ilin yanvar\u0131n 1-n\u0259 is\u0259 art\u0131q \u0259lillik il\u0259 ba\u011fl\u0131 \u00f6d\u0259ni\u015fl\u0259ri alan \u015f\u0259xsl\u0259rin say\u0131 488.7 min n\u0259f\u0259r\u0259 kimi azal\u0131b. Bu is\u0259 art\u0131q \u00f6lk\u0259 \u0259halisinin 5%-dir. M\u00fcxt\u0259lif t\u0259dbirl\u0259r hesab\u0131na d\u00f6vl\u0259t icmal b\u00fcdc\u0259si \u00f6t\u0259n il\u0259d\u0259k 862 milyon manata q\u0259na\u0259t edib. Sosial siyas\u0259td\u0259 \u0259sas m\u0259qs\u0259d \u0259halinin sosial v\u0259ziyy\u0259tini yax\u015f\u0131la\u015fd\u0131rmaq yox, m\u0259hz q\u0259na\u0259t etm\u0259kdir&#8221;.<\/em><\/p>\n\n\n\n<p><strong>\u018flillik t\u0259yinat\u0131 nec\u0259 azald\u0131l\u0131r?<\/strong><\/p>\n\n\n\n<p>H\u00fcquq\u015f\u00fcnas Az\u0259r Quliyev Meydan TV-y\u0259 bildirib ki, \u00f6lk\u0259d\u0259 orqanizmin funksiyalar\u0131n\u0131n 30 faiz\u0259d\u0259k pozulmas\u0131 hallar\u0131nda \u0259lillik m\u00fc\u0259yy\u0259n edilmir:<\/p>\n\n\n\n<p>&#8220;<em>30 faizd\u0259n art\u0131q pozulmas\u0131 hallar\u0131nda is\u0259 31-60 faiz\u0259d\u0259k, 61-80 faiz\u0259d\u0259k v\u0259 81-100 faiz\u0259d\u0259k qiym\u0259tl\u0259ndirilm\u0259kl\u0259 \u0259lillik m\u00fc\u0259yy\u0259n edilir&#8221;.<\/em><\/p>\n\n\n\n<p>Onun s\u00f6zl\u0259rin\u0259 g\u00f6r\u0259, \u00f6lk\u0259d\u0259 \u0259lilliyin t\u0259yin edilm\u0259si v\u0259 ya orqanizmin funksiyalar\u0131n\u0131n pozulmas\u0131 \u0259sas\u0259n iki s\u0259b\u0259bd\u0259n azal\u0131b:<\/p>\n\n\n<div class=\"wp-block-image\">\n<figure class=\"alignright size-large is-resized\"><img decoding=\"async\" width=\"1200\" height=\"675\" data-src=\"https:\/\/www.meydan.tv\/wp-content\/uploads\/3--1200x675.jpg\" alt=\"\" class=\"wp-image-292513 lazyload\" style=\"--smush-placeholder-width: 1200px; --smush-placeholder-aspect-ratio: 1200\/675;width:362px;height:auto\" src=\"data:image\/svg+xml;base64,PHN2ZyB3aWR0aD0iMSIgaGVpZ2h0PSIxIiB4bWxucz0iaHR0cDovL3d3dy53My5vcmcvMjAwMC9zdmciPjwvc3ZnPg==\" \/><figcaption class=\"wp-element-caption\">Az\u0259r Quliyev <\/figcaption><\/figure>\n<\/div>\n\n\n<p>&#8220;<em>Birincisi, \u0259vv\u0259ll\u0259r bir \u00e7ox \u015f\u0259xsl\u0259r h\u00fcququ olmad\u0131\u011f\u0131 halda m\u00fc\u0259yy\u0259n qeyri-qanuni yollarla \u0259lillik d\u0259r\u0259c\u0259l\u0259ri al\u0131rd\u0131lar. \u0130ndi is\u0259 bunun qar\u015f\u0131s\u0131 al\u0131n\u0131r v\u0259 n\u0259zar\u0259t var.\u00a0 \u0130kincisi is\u0259 \u0259lilliyi t\u0259yin ed\u0259n Tibbi-sosial ekspert komissiyalar\u0131n\u0131n \u00f6z i\u015fini layiqinc\u0259 v\u0259 qanuni yerin\u0259 yetirm\u0259m\u0259sidir. B\u0259zi hallarda is\u0259 orqanizmin pozulma hal\u0131n\u0131 d\u00fczg\u00fcn t\u0259tbiq etm\u0259m\u0259si, h\u0259tta yataq x\u0259st\u0259l\u0259rin\u0259 bel\u0259 a\u015fa\u011f\u0131 d\u0259r\u0259c\u0259d\u0259 orqanizmin funksiyalar\u0131n\u0131n pozulmas\u0131 hallar\u0131n\u0131 t\u0259yin etm\u0259l\u0259ridir&#8221;.<\/em><\/p>\n\n\n\n<p>O deyir ki, h\u00fcquqi pozulan v\u0259t\u0259nda\u015f son \u00e7\u0131x\u0131\u015f yolu kimi m\u0259hk\u0259m\u0259y\u0259 m\u00fcraci\u0259t ed\u0259 bil\u0259r:<\/p>\n\n\n\n<p>&#8220;<em>\u018fg\u0259r \u015f\u0259xs orqanizmin pozulmas\u0131 bar\u0259d\u0259 t\u0259yin edil\u0259n faizd\u0259n raz\u0131 olmazsa, bu halda tibbi-sosial ekspert komissiyas\u0131n\u0131n tabe oldu\u011fu yuxar\u0131 orqan olan D\u00f6vl\u0259t Tibbi Sosial ekspert v\u0259 reabilitasiyas\u0131 agentliyin\u0259 m\u00fcraci\u0259t ed\u0259 bil\u0259r. Bu qurumlara etdiyi m\u00fcraci\u0259tl\u0259r\u0259 cavab onu q\u0259bul etm\u0259s\u0259, h\u0259min qurumlar\u0131n imtina m\u0259ktubunu ald\u0131qdan sonra 1 ay m\u00fcdd\u0259tind\u0259 \u0130nzibati M\u0259hk\u0259m\u0259y\u0259 iddia \u0259riz\u0259si il\u0259 m\u00fcraci\u0259t ed\u0259 bil\u0259r&#8221;.<\/em><\/p>\n\n\n\n<p><strong><em>&#8220;<\/em>Onlar x\u0131rda s\u0259b\u0259b axtar\u0131rlar ki, k\u0259ssinl\u0259r&#8221;<\/strong><\/p>\n\n\n\n<p>Qaraba\u011f \u018flill\u0259ri v\u0259 Veteranlar\u0131 C\u0259miyy\u0259tinin \u00fczv\u00fc, sosioloq \u018fhm\u0259d R\u0259hmanov \u0259lilliyi k\u0259silmi\u015f \u015f\u0259xsl\u0259rin \u00e7ox oldu\u011funu deyir.<\/p>\n\n\n\n<p>Onun fikrinc\u0259, \u0259lilliyi olan b\u0259zi \u015f\u0259xsl\u0259rin m\u00fct\u0259madi yoxlan\u0131\u015fdan ke\u00e7m\u0259m\u0259si \u00f6zl\u0259rin\u0259 problem, aidiyy\u0259ti quruma s\u0259b\u0259b yarad\u0131r. Dig\u0259r t\u0259r\u0259fd\u0259n is\u0259 aidiyy\u0259ti qurum x\u00fcsusi g\u00f6st\u0259ri\u015fl\u0259 \u0259lilliyi olan \u015f\u0259xsl\u0259rin say\u0131n\u0131 m\u0259qs\u0259dli \u015f\u0259kild\u0259 azald\u0131r:<\/p>\n\n\n<div class=\"wp-block-image\">\n<figure class=\"alignleft size-large is-resized\"><img decoding=\"async\" width=\"1200\" height=\"675\" data-src=\"https:\/\/www.meydan.tv\/wp-content\/uploads\/4-4-1200x675.jpg\" alt=\"\" class=\"wp-image-292516 lazyload\" style=\"--smush-placeholder-width: 1200px; --smush-placeholder-aspect-ratio: 1200\/675;width:385px;height:auto\" src=\"data:image\/svg+xml;base64,PHN2ZyB3aWR0aD0iMSIgaGVpZ2h0PSIxIiB4bWxucz0iaHR0cDovL3d3dy53My5vcmcvMjAwMC9zdmciPjwvc3ZnPg==\" \/><figcaption class=\"wp-element-caption\">\u018fhm\u0259d R\u0259hmanov<\/figcaption><\/figure>\n<\/div>\n\n\n<p>&#8220;<em>\u018fm\u0259k v\u0259 \u018fhalinin Sosial M\u00fcdafi\u0259si Fondu \u00f6z tabeliyind\u0259 olan qurumlara, \u0259m\u0259kda\u015flara \u0259mr verib ki, \u0259lil \u015f\u0259xsl\u0259rin say\u0131n\u0131 azalts\u0131nlar. Onlar x\u0131rda s\u0259b\u0259b axtar\u0131rlar ki, k\u0259ssinl\u0259r. Yoxlan\u0131\u015fdan ke\u00e7m\u0259lidir \u0259lill\u0259r. \u018fsas imtina s\u0259b\u0259bi &#8220;Forma 88&#8221;-in 2016-c\u0131 ilin \u015fablon versiyas\u0131 idi. Orada \u0259lil \u015f\u0259xsin \u0259sas x\u0259st\u0259liyi il\u0259 yana\u015f\u0131 \u0259lav\u0259 x\u0259st\u0259likl\u0259rini yazmaq \u00fc\u00e7\u00fcn qrafa yox idi. H\u0259kim \u0259lav\u0259 etmirdi. \u0130ndi bu yax\u0131nlarda &#8220;Forma 88&#8243; d\u0259yi\u015fdi, indi \u0259lav\u0259 x\u0259st\u0259likl\u0259r \u00fc\u00e7\u00fcn yer ay\u0131r\u0131blar. \u018fslind\u0259 \u00e7oxdan bel\u0259 olmal\u0131 idi ki, travma alm\u0131\u015f \u015f\u0259xsin sonrak\u0131 ill\u0259rd\u0259 g\u00f6zd\u0259, qulaqda v\u0259 dig\u0259r orqanlarda x\u0259st\u0259likl\u0259ri yaran\u0131r, a\u011f\u0131r \u0259m\u0259liyyatlar ke\u00e7ir, onlar da qeyd olunsun. Bunlar t\u0259k beyin travmas\u0131 qeyd edirl\u0259r, dig\u0259r orqanlar\u0131n x\u0259st\u0259likl\u0259ri is\u0259 k\u0259narda qal\u0131r. On il \u00f6nc\u0259 beyin travmas\u0131 bu g\u00fcn g\u00f6z\u00fc kor edibs\u0259, tibbi ekspert komissiyas\u0131 onu n\u0259z\u0259r\u0259 alm\u0131r, h\u0259min travma il\u0259 \u0259laq\u0259li oldu\u011funu qeyd etmir. Ya da g\u00f6z\u00fcn\u00fc yoxlay\u0131b sosial \u0259lillik verirl\u0259r, m\u00fcharib\u0259 \u0259lili oldu\u011funu qeyd etmirl\u0259r. \u00c7oxdur bel\u0259 \u015fikay\u0259tl\u0259r&#8221;.<\/em><\/p>\n\n\n\n<p><strong><em>&#8220;<\/em>V\u0259t\u0259nda\u015flar h\u00fcquqlar\u0131n\u0131 bilmir dey\u0259 \u00e7oxu \u0259lilliyini b\u0259rpa ed\u0259 bilmir&#8221;<\/strong><\/p>\n\n\n\n<p>Sosioloq deyir ki, imtina alan \u0259lill\u0259rin t\u0259k \u00e7\u0131x\u0131\u015f yolu m\u0259hk\u0259m\u0259dir, \u00e7\u00fcnki \u00e7oxu h\u00fcququnu bilm\u0259diyind\u0259n \u0259lilliyini b\u0259rpa ed\u0259 bilmir:<\/p>\n\n\n\n<p><em>&#8220;M\u0259hk\u0259m\u0259 son \u00e7\u0131x\u0131\u015f yoludur. Biz \u015fablon m\u00fcraci\u0259t formas\u0131 haz\u0131rlam\u0131\u015f\u0131q pulsuz h\u0259min \u0259lillik h\u00fcququ pozulmu\u015f \u015f\u0259xsl\u0259r qeydl\u0259rini edib m\u0259hk\u0259m\u0259y\u0259 ver\u0259 bil\u0259r. \u0130ki ild\u0259 be\u015f \u0259lil \u015f\u0259xsin m\u0259hk\u0259m\u0259sini udmu\u015fuq. \u0130ki vacib s\u0259n\u0259d laz\u0131md\u0131r. Tibbi Sosial Ekspert Komissiyas\u0131n\u0131n son q\u0259rar\u0131na v\u0259 x\u0259st\u0259likl\u0259rin\u0259 dair s\u0259n\u0259dl\u0259r qeyd olunur. \u018fg\u0259r komissiya q\u0259rar\u0131 \u0259lind\u0259 yoxdursa, \u0259riz\u0259 yaz\u0131b t\u0259krar komissiyadan ke\u00e7ir. Ald\u0131\u011f\u0131 cavab\u0131 g\u00f6t\u00fcr\u00fcb \u0130qtisad M\u0259hk\u0259m\u0259sin\u0259 \u015fikay\u0259t edir. M\u0259hk\u0259m\u0259d\u0259n t\u0259l\u0259b olunur ki, m\u00fcst\u0259qil komissiya yarats\u0131n v\u0259 v\u0259t\u0259nda\u015f\u0131 eyni qurum deyil, submedekspertiziya yoxlan\u0131\u015fdan ke\u00e7irsin. Ordak\u0131 q\u0259rar\u00a0 nazirliy\u0259 g\u00f6nd\u0259rilir ki, buyur, bu da bir dig\u0259r komissiyan\u0131n yoxlan\u0131\u015f n\u0259tic\u0259si. Pozulan h\u00fcquqlar bel\u0259 m\u0259hk\u0259m\u0259 yolu il\u0259 h\u0259ll olunur&#8221;<\/em>.<\/p>\n\n\n<div class=\"wp-block-image\">\n<figure class=\"aligncenter size-large\"><img decoding=\"async\" width=\"1091\" height=\"821\" data-src=\"https:\/\/www.meydan.tv\/wp-content\/uploads\/img-20231127-wa0036-1091x821.jpg\" alt=\"\" class=\"wp-image-292503 lazyload\" src=\"data:image\/svg+xml;base64,PHN2ZyB3aWR0aD0iMSIgaGVpZ2h0PSIxIiB4bWxucz0iaHR0cDovL3d3dy53My5vcmcvMjAwMC9zdmciPjwvc3ZnPg==\" style=\"--smush-placeholder-width: 1091px; --smush-placeholder-aspect-ratio: 1091\/821;\" \/><\/figure>\n<\/div>\n\n\n<p><strong><em>&#8220;Ayaq d\u00f6ym\u0259k v\u0259 s\u00fcr\u00fcnd\u00fcrm\u0259\u00e7ilikd\u0259n bezmi\u015f\u0259m&#8221;<\/em><\/strong><\/p>\n\n\n\n<p>Ancaq onlarla \u0259lillik d\u0259r\u0259c\u0259si k\u0259sil\u0259n v\u0259 t\u0259yinat\u0131nda \u0259ziyy\u0259t \u00e7\u0259k\u0259n h\u0259ssas t\u0259b\u0259q\u0259 n\u00fcmay\u0259nd\u0259si kimi \u0130lqar M\u0259mm\u0259dov da \u00fcmidsizdir:<\/p>\n\n\n\n<p>&#8220;<em>M\u0259n h\u0259kim yoxlan\u0131\u015f\u0131ndan ke\u00e7m\u0259kd\u0259n, M\u0259\u015f\u011fullu\u011fa ayaq d\u00f6ym\u0259k v\u0259 s\u00fcr\u00fcnd\u00fcrm\u0259\u00e7ilikd\u0259n bezmi\u015f\u0259m. Borc-x\u0259rcl\u0259 d\u0259f\u0259l\u0259rl\u0259 Bak\u0131ya getmi\u015f\u0259m. Yen\u0259 ged\u0259c\u0259y\u0259m, amma t\u0259r\u0259ziy\u0259 \u00e7\u0131xar\u0131b: &#8220;Get \u00e7\u0259kin d\u00fc\u015fm\u00fcr, i\u015f \u00fc\u00e7\u00fcn d\u0259 n\u00f6vb\u0259n \u00e7atanda dey\u0259rik&#8221;, &#8211; deyib imtina ver\u0259c\u0259k, qovacaqlar&#8221;.<\/em><\/p>\n","protected":false},"excerpt":{"rendered":"<p>Ekspertl\u0259r deyir ki, m\u0259qs\u0259d \u0259halinin sosial v\u0259ziyy\u0259tini yax\u015f\u0131la\u015fd\u0131rmaq yox, q\u0259na\u0259t &#8230; <\/p>\n<p class=\"read-more-container\"><a title=\"M\u00fcharib\u0259 veteran\u0131: &#8220;Pensiyam\u0131 k\u0259sib m\u0259ni k\u00fc\u00e7\u0259d\u0259 qoydular&#8221;\" class=\"read-more button\" href=\"https:\/\/www.meydan.tv\/az\/article\/muharibe-veterani-pensiyami-kesib-meni-kucede-qoydular\/#more-292509\" aria-label=\"Read more about M\u00fcharib\u0259 veteran\u0131: &#8220;Pensiyam\u0131 k\u0259sib m\u0259ni k\u00fc\u00e7\u0259d\u0259 qoydular&#8221;\">Davam\u0131<\/a><\/p>\n","protected":false},"author":8,"featured_media":292497,"comment_status":"closed","ping_status":"closed","sticky":false,"template":"","format":"standard","meta":{"_acf_changed":false,"_sitemap_exclude":false,"_sitemap_priority":"","_sitemap_frequency":"","footnotes":""},"categories":[62,79,56],"tags":[],"class_list":["post-292509","post","type-post","status-publish","format-standard","has-post-thumbnail","hentry","category-sosial","category-featured","category-xeberler","infinite-scroll-item","generate-columns","tablet-grid-50","mobile-grid-100","grid-parent","grid-33","no-featured-image-padding"],"acf":[],"yoast_head":"<!-- This site is optimized with the Yoast SEO plugin v27.5 - https:\/\/yoast.com\/product\/yoast-seo-wordpress\/ -->\n<title>M\u00fcharib\u0259 veteran\u0131: &quot;Pensiyam\u0131 k\u0259sib m\u0259ni k\u00fc\u00e7\u0259d\u0259 qoydular&quot; - MEYDAN.TV<\/title>\n<meta name=\"robots\" content=\"index, follow, max-snippet:-1, max-image-preview:large, max-video-preview:-1\" \/>\n<link rel=\"canonical\" href=\"https:\/\/www.meydan.tv\/az\/article\/muharibe-veterani-pensiyami-kesib-meni-kucede-qoydular\/\" \/>\n<meta property=\"og:locale\" content=\"az_AZ\" \/>\n<meta property=\"og:type\" content=\"article\" \/>\n<meta property=\"og:title\" content=\"M\u00fcharib\u0259 veteran\u0131: &quot;Pensiyam\u0131 k\u0259sib m\u0259ni k\u00fc\u00e7\u0259d\u0259 qoydular&quot; - MEYDAN.TV\" \/>\n<meta property=\"og:description\" content=\"Ekspertl\u0259r deyir ki, m\u0259qs\u0259d \u0259halinin sosial v\u0259ziyy\u0259tini yax\u015f\u0131la\u015fd\u0131rmaq yox, q\u0259na\u0259t ... Davam\u0131\" \/>\n<meta property=\"og:url\" content=\"https:\/\/www.meydan.tv\/az\/article\/muharibe-veterani-pensiyami-kesib-meni-kucede-qoydular\/\" \/>\n<meta property=\"og:site_name\" content=\"MEYDAN.TV\" \/>\n<meta property=\"article:published_time\" content=\"2023-12-09T11:06:34+00:00\" \/>\n<meta property=\"article:modified_time\" content=\"2023-12-09T19:36:38+00:00\" \/>\n<meta property=\"og:image\" content=\"https:\/\/www.meydan.tv\/wp-content\/uploads\/12-1.jpg\" \/>\n\t<meta property=\"og:image:width\" content=\"1200\" \/>\n\t<meta property=\"og:image:height\" content=\"675\" \/>\n\t<meta property=\"og:image:type\" content=\"image\/jpeg\" \/>\n<meta name=\"author\" content=\"elli\" \/>\n<meta name=\"twitter:card\" content=\"summary_large_image\" \/>\n<meta name=\"twitter:creator\" content=\"@elli\" \/>\n<script type=\"application\/ld+json\" class=\"yoast-schema-graph\">{\"@context\":\"https:\\\/\\\/schema.org\",\"@graph\":[{\"@type\":\"Article\",\"@id\":\"https:\\\/\\\/www.meydan.tv\\\/az\\\/article\\\/muharibe-veterani-pensiyami-kesib-meni-kucede-qoydular\\\/#article\",\"isPartOf\":{\"@id\":\"https:\\\/\\\/www.meydan.tv\\\/az\\\/article\\\/muharibe-veterani-pensiyami-kesib-meni-kucede-qoydular\\\/\"},\"author\":{\"name\":\"elli\",\"@id\":\"https:\\\/\\\/www.meydan.tv\\\/az\\\/#\\\/schema\\\/person\\\/9cdbecf90d17180ce1dfbd95b08dcf47\"},\"headline\":\"M\u00fcharib\u0259 veteran\u0131: &#8220;Pensiyam\u0131 k\u0259sib m\u0259ni k\u00fc\u00e7\u0259d\u0259 qoydular&#8221;\",\"datePublished\":\"2023-12-09T11:06:34+00:00\",\"dateModified\":\"2023-12-09T19:36:38+00:00\",\"mainEntityOfPage\":{\"@id\":\"https:\\\/\\\/www.meydan.tv\\\/az\\\/article\\\/muharibe-veterani-pensiyami-kesib-meni-kucede-qoydular\\\/\"},\"wordCount\":2841,\"publisher\":{\"@id\":\"https:\\\/\\\/www.meydan.tv\\\/az\\\/#organization\"},\"image\":{\"@id\":\"https:\\\/\\\/www.meydan.tv\\\/az\\\/article\\\/muharibe-veterani-pensiyami-kesib-meni-kucede-qoydular\\\/#primaryimage\"},\"thumbnailUrl\":\"https:\\\/\\\/www.meydan.tv\\\/wp-content\\\/uploads\\\/12-1.jpg\",\"articleSection\":[\"Sosial\",\"T\u00f6vsiy\u0259\",\"X\u0259b\u0259rl\u0259r\"],\"inLanguage\":\"az\"},{\"@type\":\"WebPage\",\"@id\":\"https:\\\/\\\/www.meydan.tv\\\/az\\\/article\\\/muharibe-veterani-pensiyami-kesib-meni-kucede-qoydular\\\/\",\"url\":\"https:\\\/\\\/www.meydan.tv\\\/az\\\/article\\\/muharibe-veterani-pensiyami-kesib-meni-kucede-qoydular\\\/\",\"name\":\"M\u00fcharib\u0259 veteran\u0131: \\\"Pensiyam\u0131 k\u0259sib m\u0259ni k\u00fc\u00e7\u0259d\u0259 qoydular\\\" - MEYDAN.TV\",\"isPartOf\":{\"@id\":\"https:\\\/\\\/www.meydan.tv\\\/az\\\/#website\"},\"primaryImageOfPage\":{\"@id\":\"https:\\\/\\\/www.meydan.tv\\\/az\\\/article\\\/muharibe-veterani-pensiyami-kesib-meni-kucede-qoydular\\\/#primaryimage\"},\"image\":{\"@id\":\"https:\\\/\\\/www.meydan.tv\\\/az\\\/article\\\/muharibe-veterani-pensiyami-kesib-meni-kucede-qoydular\\\/#primaryimage\"},\"thumbnailUrl\":\"https:\\\/\\\/www.meydan.tv\\\/wp-content\\\/uploads\\\/12-1.jpg\",\"datePublished\":\"2023-12-09T11:06:34+00:00\",\"dateModified\":\"2023-12-09T19:36:38+00:00\",\"breadcrumb\":{\"@id\":\"https:\\\/\\\/www.meydan.tv\\\/az\\\/article\\\/muharibe-veterani-pensiyami-kesib-meni-kucede-qoydular\\\/#breadcrumb\"},\"inLanguage\":\"az\",\"potentialAction\":[{\"@type\":\"ReadAction\",\"target\":[\"https:\\\/\\\/www.meydan.tv\\\/az\\\/article\\\/muharibe-veterani-pensiyami-kesib-meni-kucede-qoydular\\\/\"]}]},{\"@type\":\"ImageObject\",\"inLanguage\":\"az\",\"@id\":\"https:\\\/\\\/www.meydan.tv\\\/az\\\/article\\\/muharibe-veterani-pensiyami-kesib-meni-kucede-qoydular\\\/#primaryimage\",\"url\":\"https:\\\/\\\/www.meydan.tv\\\/wp-content\\\/uploads\\\/12-1.jpg\",\"contentUrl\":\"https:\\\/\\\/www.meydan.tv\\\/wp-content\\\/uploads\\\/12-1.jpg\",\"width\":1200,\"height\":675,\"caption\":\"\u0130lqar M\u0259mm\u0259dov. Fotolar: Meydan TV\"},{\"@type\":\"BreadcrumbList\",\"@id\":\"https:\\\/\\\/www.meydan.tv\\\/az\\\/article\\\/muharibe-veterani-pensiyami-kesib-meni-kucede-qoydular\\\/#breadcrumb\",\"itemListElement\":[{\"@type\":\"ListItem\",\"position\":1,\"name\":\"Ana s\u0259hif\u0259\",\"item\":\"https:\\\/\\\/www.meydan.tv\\\/az\\\/\"},{\"@type\":\"ListItem\",\"position\":2,\"name\":\"Sosial\",\"item\":\"https:\\\/\\\/www.meydan.tv\\\/az\\\/section\\\/sosial\\\/\"},{\"@type\":\"ListItem\",\"position\":3,\"name\":\"M\u00fcharib\u0259 veteran\u0131: &#8220;Pensiyam\u0131 k\u0259sib m\u0259ni k\u00fc\u00e7\u0259d\u0259 qoydular&#8221;\"}]},{\"@type\":\"WebSite\",\"@id\":\"https:\\\/\\\/www.meydan.tv\\\/az\\\/#website\",\"url\":\"https:\\\/\\\/www.meydan.tv\\\/az\\\/\",\"name\":\"MEYDAN.TV\",\"description\":\"Meydan TV Az\u0259rbaycan\u0131n media m\u0259kan\u0131ndak\u0131 alternativ s\u0259sidir\",\"publisher\":{\"@id\":\"https:\\\/\\\/www.meydan.tv\\\/az\\\/#organization\"},\"potentialAction\":[{\"@type\":\"SearchAction\",\"target\":{\"@type\":\"EntryPoint\",\"urlTemplate\":\"https:\\\/\\\/www.meydan.tv\\\/az\\\/?s={search_term_string}\"},\"query-input\":{\"@type\":\"PropertyValueSpecification\",\"valueRequired\":true,\"valueName\":\"search_term_string\"}}],\"inLanguage\":\"az\"},{\"@type\":\"Organization\",\"@id\":\"https:\\\/\\\/www.meydan.tv\\\/az\\\/#organization\",\"name\":\"Meydan TV\",\"url\":\"https:\\\/\\\/www.meydan.tv\\\/az\\\/\",\"logo\":{\"@type\":\"ImageObject\",\"inLanguage\":\"az\",\"@id\":\"https:\\\/\\\/www.meydan.tv\\\/az\\\/#\\\/schema\\\/logo\\\/image\\\/\",\"url\":\"https:\\\/\\\/www.meydan.tv\\\/wp-content\\\/uploads\\\/2021\\\/07\\\/meydan-logo.svg\",\"contentUrl\":\"https:\\\/\\\/www.meydan.tv\\\/wp-content\\\/uploads\\\/2021\\\/07\\\/meydan-logo.svg\",\"width\":195,\"height\":46,\"caption\":\"Meydan TV\"},\"image\":{\"@id\":\"https:\\\/\\\/www.meydan.tv\\\/az\\\/#\\\/schema\\\/logo\\\/image\\\/\"}},{\"@type\":\"Person\",\"@id\":\"https:\\\/\\\/www.meydan.tv\\\/az\\\/#\\\/schema\\\/person\\\/9cdbecf90d17180ce1dfbd95b08dcf47\",\"name\":\"elli\",\"sameAs\":[\"https:\\\/\\\/x.com\\\/elli\"]}]}<\/script>\n<!-- \/ Yoast SEO plugin. -->","yoast_head_json":{"title":"M\u00fcharib\u0259 veteran\u0131: \"Pensiyam\u0131 k\u0259sib m\u0259ni k\u00fc\u00e7\u0259d\u0259 qoydular\" - MEYDAN.TV","robots":{"index":"index","follow":"follow","max-snippet":"max-snippet:-1","max-image-preview":"max-image-preview:large","max-video-preview":"max-video-preview:-1"},"canonical":"https:\/\/www.meydan.tv\/az\/article\/muharibe-veterani-pensiyami-kesib-meni-kucede-qoydular\/","og_locale":"az_AZ","og_type":"article","og_title":"M\u00fcharib\u0259 veteran\u0131: \"Pensiyam\u0131 k\u0259sib m\u0259ni k\u00fc\u00e7\u0259d\u0259 qoydular\" - MEYDAN.TV","og_description":"Ekspertl\u0259r deyir ki, m\u0259qs\u0259d \u0259halinin sosial v\u0259ziyy\u0259tini yax\u015f\u0131la\u015fd\u0131rmaq yox, q\u0259na\u0259t ... Davam\u0131","og_url":"https:\/\/www.meydan.tv\/az\/article\/muharibe-veterani-pensiyami-kesib-meni-kucede-qoydular\/","og_site_name":"MEYDAN.TV","article_published_time":"2023-12-09T11:06:34+00:00","article_modified_time":"2023-12-09T19:36:38+00:00","og_image":[{"width":1200,"height":675,"url":"https:\/\/www.meydan.tv\/wp-content\/uploads\/12-1.jpg","type":"image\/jpeg"}],"author":"elli","twitter_card":"summary_large_image","twitter_creator":"@elli","schema":{"@context":"https:\/\/schema.org","@graph":[{"@type":"Article","@id":"https:\/\/www.meydan.tv\/az\/article\/muharibe-veterani-pensiyami-kesib-meni-kucede-qoydular\/#article","isPartOf":{"@id":"https:\/\/www.meydan.tv\/az\/article\/muharibe-veterani-pensiyami-kesib-meni-kucede-qoydular\/"},"author":{"name":"elli","@id":"https:\/\/www.meydan.tv\/az\/#\/schema\/person\/9cdbecf90d17180ce1dfbd95b08dcf47"},"headline":"M\u00fcharib\u0259 veteran\u0131: &#8220;Pensiyam\u0131 k\u0259sib m\u0259ni k\u00fc\u00e7\u0259d\u0259 qoydular&#8221;","datePublished":"2023-12-09T11:06:34+00:00","dateModified":"2023-12-09T19:36:38+00:00","mainEntityOfPage":{"@id":"https:\/\/www.meydan.tv\/az\/article\/muharibe-veterani-pensiyami-kesib-meni-kucede-qoydular\/"},"wordCount":2841,"publisher":{"@id":"https:\/\/www.meydan.tv\/az\/#organization"},"image":{"@id":"https:\/\/www.meydan.tv\/az\/article\/muharibe-veterani-pensiyami-kesib-meni-kucede-qoydular\/#primaryimage"},"thumbnailUrl":"https:\/\/www.meydan.tv\/wp-content\/uploads\/12-1.jpg","articleSection":["Sosial","T\u00f6vsiy\u0259","X\u0259b\u0259rl\u0259r"],"inLanguage":"az"},{"@type":"WebPage","@id":"https:\/\/www.meydan.tv\/az\/article\/muharibe-veterani-pensiyami-kesib-meni-kucede-qoydular\/","url":"https:\/\/www.meydan.tv\/az\/article\/muharibe-veterani-pensiyami-kesib-meni-kucede-qoydular\/","name":"M\u00fcharib\u0259 veteran\u0131: \"Pensiyam\u0131 k\u0259sib m\u0259ni k\u00fc\u00e7\u0259d\u0259 qoydular\" - MEYDAN.TV","isPartOf":{"@id":"https:\/\/www.meydan.tv\/az\/#website"},"primaryImageOfPage":{"@id":"https:\/\/www.meydan.tv\/az\/article\/muharibe-veterani-pensiyami-kesib-meni-kucede-qoydular\/#primaryimage"},"image":{"@id":"https:\/\/www.meydan.tv\/az\/article\/muharibe-veterani-pensiyami-kesib-meni-kucede-qoydular\/#primaryimage"},"thumbnailUrl":"https:\/\/www.meydan.tv\/wp-content\/uploads\/12-1.jpg","datePublished":"2023-12-09T11:06:34+00:00","dateModified":"2023-12-09T19:36:38+00:00","breadcrumb":{"@id":"https:\/\/www.meydan.tv\/az\/article\/muharibe-veterani-pensiyami-kesib-meni-kucede-qoydular\/#breadcrumb"},"inLanguage":"az","potentialAction":[{"@type":"ReadAction","target":["https:\/\/www.meydan.tv\/az\/article\/muharibe-veterani-pensiyami-kesib-meni-kucede-qoydular\/"]}]},{"@type":"ImageObject","inLanguage":"az","@id":"https:\/\/www.meydan.tv\/az\/article\/muharibe-veterani-pensiyami-kesib-meni-kucede-qoydular\/#primaryimage","url":"https:\/\/www.meydan.tv\/wp-content\/uploads\/12-1.jpg","contentUrl":"https:\/\/www.meydan.tv\/wp-content\/uploads\/12-1.jpg","width":1200,"height":675,"caption":"\u0130lqar M\u0259mm\u0259dov. Fotolar: Meydan TV"},{"@type":"BreadcrumbList","@id":"https:\/\/www.meydan.tv\/az\/article\/muharibe-veterani-pensiyami-kesib-meni-kucede-qoydular\/#breadcrumb","itemListElement":[{"@type":"ListItem","position":1,"name":"Ana s\u0259hif\u0259","item":"https:\/\/www.meydan.tv\/az\/"},{"@type":"ListItem","position":2,"name":"Sosial","item":"https:\/\/www.meydan.tv\/az\/section\/sosial\/"},{"@type":"ListItem","position":3,"name":"M\u00fcharib\u0259 veteran\u0131: &#8220;Pensiyam\u0131 k\u0259sib m\u0259ni k\u00fc\u00e7\u0259d\u0259 qoydular&#8221;"}]},{"@type":"WebSite","@id":"https:\/\/www.meydan.tv\/az\/#website","url":"https:\/\/www.meydan.tv\/az\/","name":"MEYDAN.TV","description":"Meydan TV Az\u0259rbaycan\u0131n media m\u0259kan\u0131ndak\u0131 alternativ s\u0259sidir","publisher":{"@id":"https:\/\/www.meydan.tv\/az\/#organization"},"potentialAction":[{"@type":"SearchAction","target":{"@type":"EntryPoint","urlTemplate":"https:\/\/www.meydan.tv\/az\/?s={search_term_string}"},"query-input":{"@type":"PropertyValueSpecification","valueRequired":true,"valueName":"search_term_string"}}],"inLanguage":"az"},{"@type":"Organization","@id":"https:\/\/www.meydan.tv\/az\/#organization","name":"Meydan TV","url":"https:\/\/www.meydan.tv\/az\/","logo":{"@type":"ImageObject","inLanguage":"az","@id":"https:\/\/www.meydan.tv\/az\/#\/schema\/logo\/image\/","url":"https:\/\/www.meydan.tv\/wp-content\/uploads\/2021\/07\/meydan-logo.svg","contentUrl":"https:\/\/www.meydan.tv\/wp-content\/uploads\/2021\/07\/meydan-logo.svg","width":195,"height":46,"caption":"Meydan TV"},"image":{"@id":"https:\/\/www.meydan.tv\/az\/#\/schema\/logo\/image\/"}},{"@type":"Person","@id":"https:\/\/www.meydan.tv\/az\/#\/schema\/person\/9cdbecf90d17180ce1dfbd95b08dcf47","name":"elli","sameAs":["https:\/\/x.com\/elli"]}]}},"_links":{"self":[{"href":"https:\/\/www.meydan.tv\/az\/wp-json\/wp\/v2\/posts\/292509","targetHints":{"allow":["GET"]}}],"collection":[{"href":"https:\/\/www.meydan.tv\/az\/wp-json\/wp\/v2\/posts"}],"about":[{"href":"https:\/\/www.meydan.tv\/az\/wp-json\/wp\/v2\/types\/post"}],"author":[{"embeddable":true,"href":"https:\/\/www.meydan.tv\/az\/wp-json\/wp\/v2\/users\/8"}],"replies":[{"embeddable":true,"href":"https:\/\/www.meydan.tv\/az\/wp-json\/wp\/v2\/comments?post=292509"}],"version-history":[{"count":5,"href":"https:\/\/www.meydan.tv\/az\/wp-json\/wp\/v2\/posts\/292509\/revisions"}],"predecessor-version":[{"id":292553,"href":"https:\/\/www.meydan.tv\/az\/wp-json\/wp\/v2\/posts\/292509\/revisions\/292553"}],"wp:featuredmedia":[{"embeddable":true,"href":"https:\/\/www.meydan.tv\/az\/wp-json\/wp\/v2\/media\/292497"}],"wp:attachment":[{"href":"https:\/\/www.meydan.tv\/az\/wp-json\/wp\/v2\/media?parent=292509"}],"wp:term":[{"taxonomy":"category","embeddable":true,"href":"https:\/\/www.meydan.tv\/az\/wp-json\/wp\/v2\/categories?post=292509"},{"taxonomy":"post_tag","embeddable":true,"href":"https:\/\/www.meydan.tv\/az\/wp-json\/wp\/v2\/tags?post=292509"}],"curies":[{"name":"wp","href":"https:\/\/api.w.org\/{rel}","templated":true}]}}