{"id":292477,"date":"2023-12-08T19:44:14","date_gmt":"2023-12-08T15:44:14","guid":{"rendered":"https:\/\/www.meydan.tv\/?p=292477"},"modified":"2023-12-08T20:59:01","modified_gmt":"2023-12-08T16:59:01","slug":"nazir-sobeni-legv-etdi-cesaret-valehov-issiz-qaldi","status":"publish","type":"post","link":"https:\/\/www.meydan.tv\/az\/article\/nazir-sobeni-legv-etdi-cesaret-valehov-issiz-qaldi\/","title":{"rendered":"Nazir \u015f\u00f6b\u0259ni l\u0259\u011fv etdi, C\u0259sar\u0259t Valehov i\u015fsiz qald\u0131"},"content":{"rendered":"\n<p><\/p>\n\n\n\n<p><strong><em>Yeni \u015f\u00f6b\u0259y\u0259 S\u0259buhi Rzayev m\u00fcdir t\u0259yin olunub<\/em><\/strong><\/p>\n\n\n\n<p>Elm v\u0259 T\u0259hsil Nazirliyind\u0259 yeni t\u0259yinatlar\u0131n oldu\u011fu bildirilir.<\/p>\n\n\n\n<p>D\u0259yi\u015fikliy\u0259 \u0259sas\u0259n, \u0130ctimaiyy\u0259tl\u0259 \u0259laq\u0259l\u0259r sektoru l\u0259\u011fv edilib.<\/p>\n\n\n\n<p>\u018fv\u0259zind\u0259 \u0130ctimaiyy\u0259tl\u0259 \u0259laq\u0259l\u0259r v\u0259 kommunikasiya \u015f\u00f6b\u0259si <a href=\"https:\/\/modern.az\/tehsil\/445313\/elm-ve-tehsil-nazirliyinde-deyishiklik-cesaret-valehovu-o-evezledi\/\">yarad\u0131l\u0131b<\/a>.<\/p>\n\n\n\n<p>\u015e\u00f6b\u0259 l\u0259\u011fv olunandan sonra \u0130ctimaiyy\u0259tl\u0259 \u0259laq\u0259l\u0259r sektorunun m\u00fcdiri C\u0259sar\u0259t Valehovun ad\u0131 Elm v\u0259 T\u0259hsil Nazirliyind\u0259 v\u0259zif\u0259y\u0259 yeni t\u0259yin olunan \u015f\u0259xsl\u0259rin siyah\u0131s\u0131nda yer almay\u0131b.<\/p>\n\n\n\n<p>C\u0259sar\u0259t Valehov yax\u0131n g\u00fcnl\u0259rd\u0259 yeni i\u015f f\u0259aliyy\u0259til\u0259 ba\u011fl\u0131 m\u0259lumat ver\u0259c\u0259yini <a href=\"https:\/\/www.facebook.com\/casarat.valehov\/posts\/pfbid02JGqGAVwEdBVKpyNyzEiwJL79R9QqYWezWURMthDv95GfUu5JasQE91wjMjCZrrMCl\">bildirib<\/a>.<\/p>\n\n\n\n<p>Yeni yarad\u0131lan \u0130ctimaiyy\u0259tl\u0259 \u0259laq\u0259l\u0259r v\u0259 kommunikasiya \u015f\u00f6b\u0259sin\u0259 S\u0259buhi Rzayev m\u00fcdir t\u0259yin olunub.<\/p>\n\n\n\n<p>S\u0259buhi Rzayev bu t\u0259yinatad\u0259k nazirliyin V\u0259t\u0259nda\u015f m\u00fcraci\u0259tl\u0259ri il\u0259 i\u015f v\u0259 kommunikasiya \u015f\u00f6b\u0259sinin m\u00fcdir m\u00fcavini v\u0259zif\u0259sini tuturdu.<\/p>\n\n\n\n<p>1988-ci il t\u0259v\u0259ll\u00fcdl\u00fc S\u0259buhi Rzayev Az\u0259rbaycan Respublikas\u0131n\u0131n Prezidenti yan\u0131nda D\u00f6vl\u0259t \u0130dar\u0259\u00e7ilik Akademiyas\u0131n\u0131n v\u0259 \u0130ngilt\u0259r\u0259nin York Universitetinin m\u0259zunu olub.<\/p>\n\n\n\n<p>Elm v\u0259 T\u0259hsil Nazirliyin\u0259 g\u0259l\u0259n\u0259d\u0259k Az\u0259rbaycan Respublikas\u0131n\u0131n Prezidenti yan\u0131nda D\u00f6vl\u0259t \u0130dar\u0259\u00e7ilik Akademiyas\u0131nda \u00e7al\u0131\u015f\u0131b.<\/p>\n\n\n<div class=\"wp-block-image\">\n<figure class=\"alignright size-full is-resized\"><img decoding=\"async\" width=\"640\" height=\"460\" data-src=\"https:\/\/www.meydan.tv\/wp-content\/uploads\/18626.jpg\" alt=\"C\u0259sar\u0259t Valehov\" class=\"wp-image-49535 lazyload\" style=\"--smush-placeholder-width: 640px; --smush-placeholder-aspect-ratio: 640\/460;width:366px;height:auto\" src=\"data:image\/svg+xml;base64,PHN2ZyB3aWR0aD0iMSIgaGVpZ2h0PSIxIiB4bWxucz0iaHR0cDovL3d3dy53My5vcmcvMjAwMC9zdmciPjwvc3ZnPg==\" \/><figcaption class=\"wp-element-caption\">C\u0259sar\u0259t Valehov. Foto: Facebook<\/figcaption><\/figure>\n<\/div>\n\n\n<p>Nazirliyin Aparat\u0131ndak\u0131 dig\u0259r struktur d\u0259yi\u015fikliyi n\u0259tic\u0259sind\u0259 \u015f\u00f6b\u0259 v\u0259 sektorlar yenid\u0259n adland\u0131r\u0131l\u0131b, yeni \u015f\u00f6b\u0259l\u0259r yarad\u0131l\u0131b.<\/p>\n\n\n\n<p>Yeni struktur b\u00f6lm\u0259l\u0259r M\u0259kt\u0259b\u0259q\u0259d\u0259r v\u0259 \u00fcmumi t\u0259hsil siyas\u0259ti, Elm v\u0259 ali t\u0259hsil siyas\u0259ti, Pe\u015f\u0259 t\u0259hsili siyas\u0259ti, U\u015faq v\u0259 g\u0259ncl\u0259rin inki\u015faf\u0131 siyas\u0259ti, \u0130ctimaiyy\u0259tl\u0259 \u0259laq\u0259l\u0259r v\u0259 kommunikasiya, Strateji planla\u015fd\u0131rma v\u0259 icraya n\u0259zar\u0259t \u015f\u00f6b\u0259l\u0259ri, Sat\u0131nalmalar v\u0259 qrantlar sektorudur.<\/p>\n\n\n\n<p>H\u0259m\u00e7inin nazirliyin aparat\u0131nda m\u00f6vcud olan Beyn\u0259lxalq \u0259m\u0259kda\u015fl\u0131q, Maliyy\u0259, T\u0259hsilin iqtisadiyyat\u0131, V\u0259t\u0259nda\u015flara xidm\u0259t v\u0259 s\u0259n\u0259dl\u0259rl\u0259 i\u015f, H\u00fcquq, \u0130nsan resurslar\u0131, Daxili n\u0259zar\u0259t v\u0259 Audit \u015f\u00f6b\u0259l\u0259ri d\u0259 f\u0259aliyy\u0259tini davam etdir\u0259c\u0259k.<\/p>\n\n\n\n<p>Struktur d\u0259yi\u015fikliyind\u0259n sonra \u00dcmumi v\u0259 m\u0259kt\u0259b\u0259q\u0259d\u0259r t\u0259hsilin t\u0259\u015fkili v\u0259 idar\u0259 olunmas\u0131, M\u0259kt\u0259bd\u0259nk\u0259nar f\u0259aliyy\u0259tin t\u0259\u015fkili v\u0259 T\u0259hsilin inki\u015faf\u0131 proqramlar\u0131 \u015f\u00f6b\u0259l\u0259ri l\u0259\u011fv edilib.<\/p>\n\n\n\n<p>\u018fliyev Elnur Q\u0259z\u0259nf\u0259r o\u011flu nazirin m\u00fc\u015faviri t\u0259yin edilib.<\/p>\n\n\n\n<p>Elnur \u018fliyev eyni zamanda T\u0259hsil \u0130nstitutunun direktoru v\u0259zif\u0259sini icra ed\u0259c\u0259k.<\/p>\n\n\n\n<p>Nazirin m\u00fcvafiq \u0259mri il\u0259 Elvin R\u00fcst\u0259mov Aparat r\u0259hb\u0259rinin m\u00fcavini t\u0259yin olunub.<\/p>\n\n\n\n<p>Apar\u0131lan v\u0259zif\u0259 d\u0259yi\u015fiklikl\u0259rin\u0259 \u0259sas\u0259n, M\u0259kt\u0259b\u0259q\u0259d\u0259r v\u0259 \u00fcmumi t\u0259hsil siyas\u0259ti \u015f\u00f6b\u0259sin\u0259 V\u0259fa Yaqublu, Elm v\u0259 ali t\u0259hsil siyas\u0259ti \u015f\u00f6b\u0259sin\u0259 Turxan S\u00fcleyman, U\u015faq v\u0259 g\u0259ncl\u0259rin inki\u015faf\u0131 siyas\u0259ti \u015f\u00f6b\u0259sin\u0259 Elnur \u018fliyev, Beyn\u0259lxalq \u0259m\u0259kda\u015fl\u0131q \u015f\u00f6b\u0259sin\u0259 Simuz\u0259r Feyzullayeva, \u0130ctimaiyy\u0259tl\u0259 \u0259laq\u0259l\u0259r v\u0259 kommunikasiya \u015f\u00f6b\u0259sin\u0259 is\u0259 S\u0259buhi Rzayev m\u00fcdir t\u0259yin olunublar.<\/p>\n\n\n\n<p>Strateji planla\u015fd\u0131rma v\u0259 icraya n\u0259zar\u0259t \u015f\u00f6b\u0259sinin m\u00fcdir s\u0259lahiyy\u0259tl\u0259rinin icras\u0131 is\u0259 Strateji planla\u015fd\u0131rma v\u0259 koordinasiya sektorunun m\u00fcdiri Leyla X\u0259lilova Rzazad\u0259y\u0259 h\u0259val\u0259 olunub.<\/p>\n\n\n\n<p>Maliyy\u0259 \u015f\u00f6b\u0259sinin m\u00fcdiri Rauf Orucov, T\u0259hsilin iqtisadiyyat\u0131 \u015f\u00f6b\u0259sinin m\u00fcdiri K\u0259nan K\u0259rimzad\u0259, V\u0259t\u0259nda\u015flara xidm\u0259t v\u0259 s\u0259n\u0259dl\u0259rl\u0259 i\u015f \u015f\u00f6b\u0259sinin m\u00fcdiri R\u0259\u015fad Xanlarov, H\u00fcquq \u015f\u00f6b\u0259sinin m\u00fcdiri S\u0259buhi Mahmudov, Daxili n\u0259zar\u0259t \u015f\u00f6b\u0259sinin m\u00fcdiri G\u00fcnd\u00fcz \u018fbd\u00fclov, Audit \u015f\u00f6b\u0259sinin m\u00fcdiri is\u0259 Vaqif M\u0259mm\u0259dovdur.<\/p>\n","protected":false},"excerpt":{"rendered":"<p>Yeni \u015f\u00f6b\u0259y\u0259 S\u0259buhi Rzayev m\u00fcdir t\u0259yin olunub Elm v\u0259 T\u0259hsil &#8230; <\/p>\n<p class=\"read-more-container\"><a title=\"Nazir \u015f\u00f6b\u0259ni l\u0259\u011fv etdi, C\u0259sar\u0259t Valehov i\u015fsiz qald\u0131\" class=\"read-more button\" href=\"https:\/\/www.meydan.tv\/az\/article\/nazir-sobeni-legv-etdi-cesaret-valehov-issiz-qaldi\/#more-292477\" aria-label=\"Read more about Nazir \u015f\u00f6b\u0259ni l\u0259\u011fv etdi, C\u0259sar\u0259t Valehov i\u015fsiz qald\u0131\">Davam\u0131<\/a><\/p>\n","protected":false},"author":21,"featured_media":94388,"comment_status":"closed","ping_status":"closed","sticky":false,"template":"","format":"standard","meta":{"_acf_changed":false,"_sitemap_exclude":false,"_sitemap_priority":"","_sitemap_frequency":"","footnotes":""},"categories":[62,56],"tags":[],"class_list":["post-292477","post","type-post","status-publish","format-standard","has-post-thumbnail","hentry","category-sosial","category-xeberler","infinite-scroll-item","generate-columns","tablet-grid-50","mobile-grid-100","grid-parent","grid-33","no-featured-image-padding"],"acf":[],"yoast_head":"<!-- This site is optimized with the Yoast SEO plugin v27.5 - https:\/\/yoast.com\/product\/yoast-seo-wordpress\/ -->\n<title>Nazir \u015f\u00f6b\u0259ni l\u0259\u011fv etdi, C\u0259sar\u0259t Valehov i\u015fsiz qald\u0131 - MEYDAN.TV<\/title>\n<meta name=\"robots\" content=\"index, follow, max-snippet:-1, max-image-preview:large, max-video-preview:-1\" \/>\n<link rel=\"canonical\" href=\"https:\/\/www.meydan.tv\/az\/article\/nazir-sobeni-legv-etdi-cesaret-valehov-issiz-qaldi\/\" \/>\n<meta property=\"og:locale\" content=\"az_AZ\" \/>\n<meta property=\"og:type\" content=\"article\" \/>\n<meta property=\"og:title\" content=\"Nazir \u015f\u00f6b\u0259ni l\u0259\u011fv etdi, C\u0259sar\u0259t Valehov i\u015fsiz qald\u0131 - MEYDAN.TV\" \/>\n<meta property=\"og:description\" content=\"Yeni \u015f\u00f6b\u0259y\u0259 S\u0259buhi Rzayev m\u00fcdir t\u0259yin olunub Elm v\u0259 T\u0259hsil ... Davam\u0131\" \/>\n<meta property=\"og:url\" content=\"https:\/\/www.meydan.tv\/az\/article\/nazir-sobeni-legv-etdi-cesaret-valehov-issiz-qaldi\/\" \/>\n<meta property=\"og:site_name\" content=\"MEYDAN.TV\" \/>\n<meta property=\"article:published_time\" content=\"2023-12-08T15:44:14+00:00\" \/>\n<meta property=\"article:modified_time\" content=\"2023-12-08T16:59:01+00:00\" \/>\n<meta property=\"og:image\" content=\"https:\/\/www.meydan.tv\/wp-content\/uploads\/37288.jpg\" \/>\n\t<meta property=\"og:image:width\" content=\"2048\" \/>\n\t<meta property=\"og:image:height\" content=\"1360\" \/>\n\t<meta property=\"og:image:type\" content=\"image\/jpeg\" \/>\n<meta name=\"author\" content=\"mahmud\" \/>\n<meta name=\"twitter:card\" content=\"summary_large_image\" \/>\n<script type=\"application\/ld+json\" class=\"yoast-schema-graph\">{\"@context\":\"https:\\\/\\\/schema.org\",\"@graph\":[{\"@type\":\"Article\",\"@id\":\"https:\\\/\\\/www.meydan.tv\\\/az\\\/article\\\/nazir-sobeni-legv-etdi-cesaret-valehov-issiz-qaldi\\\/#article\",\"isPartOf\":{\"@id\":\"https:\\\/\\\/www.meydan.tv\\\/az\\\/article\\\/nazir-sobeni-legv-etdi-cesaret-valehov-issiz-qaldi\\\/\"},\"author\":{\"name\":\"mahmud\",\"@id\":\"https:\\\/\\\/www.meydan.tv\\\/az\\\/#\\\/schema\\\/person\\\/09863e516102a829e72bedcf3f84c6b0\"},\"headline\":\"Nazir \u015f\u00f6b\u0259ni l\u0259\u011fv etdi, C\u0259sar\u0259t Valehov i\u015fsiz qald\u0131\",\"datePublished\":\"2023-12-08T15:44:14+00:00\",\"dateModified\":\"2023-12-08T16:59:01+00:00\",\"mainEntityOfPage\":{\"@id\":\"https:\\\/\\\/www.meydan.tv\\\/az\\\/article\\\/nazir-sobeni-legv-etdi-cesaret-valehov-issiz-qaldi\\\/\"},\"wordCount\":661,\"publisher\":{\"@id\":\"https:\\\/\\\/www.meydan.tv\\\/az\\\/#organization\"},\"image\":{\"@id\":\"https:\\\/\\\/www.meydan.tv\\\/az\\\/article\\\/nazir-sobeni-legv-etdi-cesaret-valehov-issiz-qaldi\\\/#primaryimage\"},\"thumbnailUrl\":\"https:\\\/\\\/www.meydan.tv\\\/wp-content\\\/uploads\\\/37288.jpg\",\"articleSection\":[\"Sosial\",\"X\u0259b\u0259rl\u0259r\"],\"inLanguage\":\"az\"},{\"@type\":\"WebPage\",\"@id\":\"https:\\\/\\\/www.meydan.tv\\\/az\\\/article\\\/nazir-sobeni-legv-etdi-cesaret-valehov-issiz-qaldi\\\/\",\"url\":\"https:\\\/\\\/www.meydan.tv\\\/az\\\/article\\\/nazir-sobeni-legv-etdi-cesaret-valehov-issiz-qaldi\\\/\",\"name\":\"Nazir \u015f\u00f6b\u0259ni l\u0259\u011fv etdi, C\u0259sar\u0259t Valehov i\u015fsiz qald\u0131 - MEYDAN.TV\",\"isPartOf\":{\"@id\":\"https:\\\/\\\/www.meydan.tv\\\/az\\\/#website\"},\"primaryImageOfPage\":{\"@id\":\"https:\\\/\\\/www.meydan.tv\\\/az\\\/article\\\/nazir-sobeni-legv-etdi-cesaret-valehov-issiz-qaldi\\\/#primaryimage\"},\"image\":{\"@id\":\"https:\\\/\\\/www.meydan.tv\\\/az\\\/article\\\/nazir-sobeni-legv-etdi-cesaret-valehov-issiz-qaldi\\\/#primaryimage\"},\"thumbnailUrl\":\"https:\\\/\\\/www.meydan.tv\\\/wp-content\\\/uploads\\\/37288.jpg\",\"datePublished\":\"2023-12-08T15:44:14+00:00\",\"dateModified\":\"2023-12-08T16:59:01+00:00\",\"breadcrumb\":{\"@id\":\"https:\\\/\\\/www.meydan.tv\\\/az\\\/article\\\/nazir-sobeni-legv-etdi-cesaret-valehov-issiz-qaldi\\\/#breadcrumb\"},\"inLanguage\":\"az\",\"potentialAction\":[{\"@type\":\"ReadAction\",\"target\":[\"https:\\\/\\\/www.meydan.tv\\\/az\\\/article\\\/nazir-sobeni-legv-etdi-cesaret-valehov-issiz-qaldi\\\/\"]}]},{\"@type\":\"ImageObject\",\"inLanguage\":\"az\",\"@id\":\"https:\\\/\\\/www.meydan.tv\\\/az\\\/article\\\/nazir-sobeni-legv-etdi-cesaret-valehov-issiz-qaldi\\\/#primaryimage\",\"url\":\"https:\\\/\\\/www.meydan.tv\\\/wp-content\\\/uploads\\\/37288.jpg\",\"contentUrl\":\"https:\\\/\\\/www.meydan.tv\\\/wp-content\\\/uploads\\\/37288.jpg\",\"width\":2048,\"height\":1360,\"caption\":\"Foto: Elm v\u0259 T\u0259hsil Nazirliyi\"},{\"@type\":\"BreadcrumbList\",\"@id\":\"https:\\\/\\\/www.meydan.tv\\\/az\\\/article\\\/nazir-sobeni-legv-etdi-cesaret-valehov-issiz-qaldi\\\/#breadcrumb\",\"itemListElement\":[{\"@type\":\"ListItem\",\"position\":1,\"name\":\"Ana s\u0259hif\u0259\",\"item\":\"https:\\\/\\\/www.meydan.tv\\\/az\\\/\"},{\"@type\":\"ListItem\",\"position\":2,\"name\":\"Sosial\",\"item\":\"https:\\\/\\\/www.meydan.tv\\\/az\\\/section\\\/sosial\\\/\"},{\"@type\":\"ListItem\",\"position\":3,\"name\":\"Nazir \u015f\u00f6b\u0259ni l\u0259\u011fv etdi, C\u0259sar\u0259t Valehov i\u015fsiz qald\u0131\"}]},{\"@type\":\"WebSite\",\"@id\":\"https:\\\/\\\/www.meydan.tv\\\/az\\\/#website\",\"url\":\"https:\\\/\\\/www.meydan.tv\\\/az\\\/\",\"name\":\"MEYDAN.TV\",\"description\":\"Meydan TV Az\u0259rbaycan\u0131n media m\u0259kan\u0131ndak\u0131 alternativ s\u0259sidir\",\"publisher\":{\"@id\":\"https:\\\/\\\/www.meydan.tv\\\/az\\\/#organization\"},\"potentialAction\":[{\"@type\":\"SearchAction\",\"target\":{\"@type\":\"EntryPoint\",\"urlTemplate\":\"https:\\\/\\\/www.meydan.tv\\\/az\\\/?s={search_term_string}\"},\"query-input\":{\"@type\":\"PropertyValueSpecification\",\"valueRequired\":true,\"valueName\":\"search_term_string\"}}],\"inLanguage\":\"az\"},{\"@type\":\"Organization\",\"@id\":\"https:\\\/\\\/www.meydan.tv\\\/az\\\/#organization\",\"name\":\"Meydan TV\",\"url\":\"https:\\\/\\\/www.meydan.tv\\\/az\\\/\",\"logo\":{\"@type\":\"ImageObject\",\"inLanguage\":\"az\",\"@id\":\"https:\\\/\\\/www.meydan.tv\\\/az\\\/#\\\/schema\\\/logo\\\/image\\\/\",\"url\":\"https:\\\/\\\/www.meydan.tv\\\/wp-content\\\/uploads\\\/2021\\\/07\\\/meydan-logo.svg\",\"contentUrl\":\"https:\\\/\\\/www.meydan.tv\\\/wp-content\\\/uploads\\\/2021\\\/07\\\/meydan-logo.svg\",\"width\":195,\"height\":46,\"caption\":\"Meydan TV\"},\"image\":{\"@id\":\"https:\\\/\\\/www.meydan.tv\\\/az\\\/#\\\/schema\\\/logo\\\/image\\\/\"}},{\"@type\":\"Person\",\"@id\":\"https:\\\/\\\/www.meydan.tv\\\/az\\\/#\\\/schema\\\/person\\\/09863e516102a829e72bedcf3f84c6b0\",\"name\":\"mahmud\"}]}<\/script>\n<!-- \/ Yoast SEO plugin. -->","yoast_head_json":{"title":"Nazir \u015f\u00f6b\u0259ni l\u0259\u011fv etdi, C\u0259sar\u0259t Valehov i\u015fsiz qald\u0131 - MEYDAN.TV","robots":{"index":"index","follow":"follow","max-snippet":"max-snippet:-1","max-image-preview":"max-image-preview:large","max-video-preview":"max-video-preview:-1"},"canonical":"https:\/\/www.meydan.tv\/az\/article\/nazir-sobeni-legv-etdi-cesaret-valehov-issiz-qaldi\/","og_locale":"az_AZ","og_type":"article","og_title":"Nazir \u015f\u00f6b\u0259ni l\u0259\u011fv etdi, C\u0259sar\u0259t Valehov i\u015fsiz qald\u0131 - MEYDAN.TV","og_description":"Yeni \u015f\u00f6b\u0259y\u0259 S\u0259buhi Rzayev m\u00fcdir t\u0259yin olunub Elm v\u0259 T\u0259hsil ... Davam\u0131","og_url":"https:\/\/www.meydan.tv\/az\/article\/nazir-sobeni-legv-etdi-cesaret-valehov-issiz-qaldi\/","og_site_name":"MEYDAN.TV","article_published_time":"2023-12-08T15:44:14+00:00","article_modified_time":"2023-12-08T16:59:01+00:00","og_image":[{"width":2048,"height":1360,"url":"https:\/\/www.meydan.tv\/wp-content\/uploads\/37288.jpg","type":"image\/jpeg"}],"author":"mahmud","twitter_card":"summary_large_image","schema":{"@context":"https:\/\/schema.org","@graph":[{"@type":"Article","@id":"https:\/\/www.meydan.tv\/az\/article\/nazir-sobeni-legv-etdi-cesaret-valehov-issiz-qaldi\/#article","isPartOf":{"@id":"https:\/\/www.meydan.tv\/az\/article\/nazir-sobeni-legv-etdi-cesaret-valehov-issiz-qaldi\/"},"author":{"name":"mahmud","@id":"https:\/\/www.meydan.tv\/az\/#\/schema\/person\/09863e516102a829e72bedcf3f84c6b0"},"headline":"Nazir \u015f\u00f6b\u0259ni l\u0259\u011fv etdi, C\u0259sar\u0259t Valehov i\u015fsiz qald\u0131","datePublished":"2023-12-08T15:44:14+00:00","dateModified":"2023-12-08T16:59:01+00:00","mainEntityOfPage":{"@id":"https:\/\/www.meydan.tv\/az\/article\/nazir-sobeni-legv-etdi-cesaret-valehov-issiz-qaldi\/"},"wordCount":661,"publisher":{"@id":"https:\/\/www.meydan.tv\/az\/#organization"},"image":{"@id":"https:\/\/www.meydan.tv\/az\/article\/nazir-sobeni-legv-etdi-cesaret-valehov-issiz-qaldi\/#primaryimage"},"thumbnailUrl":"https:\/\/www.meydan.tv\/wp-content\/uploads\/37288.jpg","articleSection":["Sosial","X\u0259b\u0259rl\u0259r"],"inLanguage":"az"},{"@type":"WebPage","@id":"https:\/\/www.meydan.tv\/az\/article\/nazir-sobeni-legv-etdi-cesaret-valehov-issiz-qaldi\/","url":"https:\/\/www.meydan.tv\/az\/article\/nazir-sobeni-legv-etdi-cesaret-valehov-issiz-qaldi\/","name":"Nazir \u015f\u00f6b\u0259ni l\u0259\u011fv etdi, C\u0259sar\u0259t Valehov i\u015fsiz qald\u0131 - MEYDAN.TV","isPartOf":{"@id":"https:\/\/www.meydan.tv\/az\/#website"},"primaryImageOfPage":{"@id":"https:\/\/www.meydan.tv\/az\/article\/nazir-sobeni-legv-etdi-cesaret-valehov-issiz-qaldi\/#primaryimage"},"image":{"@id":"https:\/\/www.meydan.tv\/az\/article\/nazir-sobeni-legv-etdi-cesaret-valehov-issiz-qaldi\/#primaryimage"},"thumbnailUrl":"https:\/\/www.meydan.tv\/wp-content\/uploads\/37288.jpg","datePublished":"2023-12-08T15:44:14+00:00","dateModified":"2023-12-08T16:59:01+00:00","breadcrumb":{"@id":"https:\/\/www.meydan.tv\/az\/article\/nazir-sobeni-legv-etdi-cesaret-valehov-issiz-qaldi\/#breadcrumb"},"inLanguage":"az","potentialAction":[{"@type":"ReadAction","target":["https:\/\/www.meydan.tv\/az\/article\/nazir-sobeni-legv-etdi-cesaret-valehov-issiz-qaldi\/"]}]},{"@type":"ImageObject","inLanguage":"az","@id":"https:\/\/www.meydan.tv\/az\/article\/nazir-sobeni-legv-etdi-cesaret-valehov-issiz-qaldi\/#primaryimage","url":"https:\/\/www.meydan.tv\/wp-content\/uploads\/37288.jpg","contentUrl":"https:\/\/www.meydan.tv\/wp-content\/uploads\/37288.jpg","width":2048,"height":1360,"caption":"Foto: Elm v\u0259 T\u0259hsil Nazirliyi"},{"@type":"BreadcrumbList","@id":"https:\/\/www.meydan.tv\/az\/article\/nazir-sobeni-legv-etdi-cesaret-valehov-issiz-qaldi\/#breadcrumb","itemListElement":[{"@type":"ListItem","position":1,"name":"Ana s\u0259hif\u0259","item":"https:\/\/www.meydan.tv\/az\/"},{"@type":"ListItem","position":2,"name":"Sosial","item":"https:\/\/www.meydan.tv\/az\/section\/sosial\/"},{"@type":"ListItem","position":3,"name":"Nazir \u015f\u00f6b\u0259ni l\u0259\u011fv etdi, C\u0259sar\u0259t Valehov i\u015fsiz qald\u0131"}]},{"@type":"WebSite","@id":"https:\/\/www.meydan.tv\/az\/#website","url":"https:\/\/www.meydan.tv\/az\/","name":"MEYDAN.TV","description":"Meydan TV Az\u0259rbaycan\u0131n media m\u0259kan\u0131ndak\u0131 alternativ s\u0259sidir","publisher":{"@id":"https:\/\/www.meydan.tv\/az\/#organization"},"potentialAction":[{"@type":"SearchAction","target":{"@type":"EntryPoint","urlTemplate":"https:\/\/www.meydan.tv\/az\/?s={search_term_string}"},"query-input":{"@type":"PropertyValueSpecification","valueRequired":true,"valueName":"search_term_string"}}],"inLanguage":"az"},{"@type":"Organization","@id":"https:\/\/www.meydan.tv\/az\/#organization","name":"Meydan TV","url":"https:\/\/www.meydan.tv\/az\/","logo":{"@type":"ImageObject","inLanguage":"az","@id":"https:\/\/www.meydan.tv\/az\/#\/schema\/logo\/image\/","url":"https:\/\/www.meydan.tv\/wp-content\/uploads\/2021\/07\/meydan-logo.svg","contentUrl":"https:\/\/www.meydan.tv\/wp-content\/uploads\/2021\/07\/meydan-logo.svg","width":195,"height":46,"caption":"Meydan TV"},"image":{"@id":"https:\/\/www.meydan.tv\/az\/#\/schema\/logo\/image\/"}},{"@type":"Person","@id":"https:\/\/www.meydan.tv\/az\/#\/schema\/person\/09863e516102a829e72bedcf3f84c6b0","name":"mahmud"}]}},"_links":{"self":[{"href":"https:\/\/www.meydan.tv\/az\/wp-json\/wp\/v2\/posts\/292477","targetHints":{"allow":["GET"]}}],"collection":[{"href":"https:\/\/www.meydan.tv\/az\/wp-json\/wp\/v2\/posts"}],"about":[{"href":"https:\/\/www.meydan.tv\/az\/wp-json\/wp\/v2\/types\/post"}],"author":[{"embeddable":true,"href":"https:\/\/www.meydan.tv\/az\/wp-json\/wp\/v2\/users\/21"}],"replies":[{"embeddable":true,"href":"https:\/\/www.meydan.tv\/az\/wp-json\/wp\/v2\/comments?post=292477"}],"version-history":[{"count":2,"href":"https:\/\/www.meydan.tv\/az\/wp-json\/wp\/v2\/posts\/292477\/revisions"}],"predecessor-version":[{"id":292481,"href":"https:\/\/www.meydan.tv\/az\/wp-json\/wp\/v2\/posts\/292477\/revisions\/292481"}],"wp:featuredmedia":[{"embeddable":true,"href":"https:\/\/www.meydan.tv\/az\/wp-json\/wp\/v2\/media\/94388"}],"wp:attachment":[{"href":"https:\/\/www.meydan.tv\/az\/wp-json\/wp\/v2\/media?parent=292477"}],"wp:term":[{"taxonomy":"category","embeddable":true,"href":"https:\/\/www.meydan.tv\/az\/wp-json\/wp\/v2\/categories?post=292477"},{"taxonomy":"post_tag","embeddable":true,"href":"https:\/\/www.meydan.tv\/az\/wp-json\/wp\/v2\/tags?post=292477"}],"curies":[{"name":"wp","href":"https:\/\/api.w.org\/{rel}","templated":true}]}}