{"id":292421,"date":"2023-12-08T14:41:10","date_gmt":"2023-12-08T10:41:10","guid":{"rendered":"https:\/\/www.meydan.tv\/?p=292421"},"modified":"2023-12-08T14:41:13","modified_gmt":"2023-12-08T10:41:13","slug":"bakida-sefirliklerin-birge-tedbiri-abs-insan-huquqlarini-qorumaq-ucun-mesuliyyet-dasiyir","status":"publish","type":"post","link":"https:\/\/www.meydan.tv\/az\/article\/bakida-sefirliklerin-birge-tedbiri-abs-insan-huquqlarini-qorumaq-ucun-mesuliyyet-dasiyir\/","title":{"rendered":"Bak\u0131da s\u0259firlikl\u0259rin birg\u0259 t\u0259dbiri: &#8220;AB\u015e insan h\u00fcquqlar\u0131n\u0131 qorumaq \u00fc\u00e7\u00fcn m\u0259suliyy\u0259t da\u015f\u0131y\u0131r&#8221;"},"content":{"rendered":"\n<p><\/p>\n\n\n\n<p><strong><em>Mixalko \u00e7a\u011f\u0131r\u0131\u015f edib, Britaniya dialoqu davam etdirdiyini deyib<\/em><\/strong><\/p>\n\n\n\n<p>Dekabr\u0131n 7-d\u0259 \u00dcmumd\u00fcnya \u0130nsan H\u00fcquqlar\u0131 B\u0259yannam\u0259sinin 75-ci ild\u00f6n\u00fcm\u00fc m\u00fcnasib\u0259ti il\u0259 Bak\u0131da da t\u0259dbir ke\u00e7irilib.<\/p>\n\n\n\n<p>T\u0259dbirin t\u0259\u015fkilat\u00e7\u0131lar\u0131 Avropa \u0130ttifaq\u0131n\u0131n Bak\u0131 n\u00fcmay\u0259nd\u0259liyi, AB\u015e, B\u00f6y\u00fck Britaniya v\u0259 \u0130sve\u00e7r\u0259 s\u0259firlikl\u0259ri olub.<\/p>\n\n\n\n<p>T\u0259dbiri giri\u015f s\u00f6z\u00fc il\u0259 a\u00e7an Avropa \u0130ttifaq\u0131n\u0131n Az\u0259rbaycandak\u0131 s\u0259firi Peter Mixalko deyib ki, bel\u0259 bir g\u00fcn\u00fcn qeyd olunmas\u0131 art\u0131q \u0259n\u0259n\u0259y\u0259 \u00e7evrilib.<\/p>\n\n\n\n<p>O bildirib ki, \u0259vv\u0259lki ill\u0259rd\u0259 bu add\u0131m\u0131 AB\u015e v\u0259 B\u00f6y\u00fck Britaniya at\u0131rd\u0131sa, bu d\u0259f\u0259 \u0130sve\u00e7r\u0259 s\u0259firliyi d\u0259 onlara d\u0259st\u0259k olub.<\/p>\n\n\n\n<p>Mixalko deyib ki, irqind\u0259n, cinsind\u0259n, dinind\u0259n, milliyy\u0259tind\u0259n as\u0131l\u0131 olmayaraq b\u00fct\u00fcn insanlar\u0131n sahib oldu\u011fu \u0259sas h\u00fcquq v\u0259 azadl\u0131qlar \u0130nsan H\u00fcquqlar\u0131 B\u0259yannam\u0259sind\u0259 \u0259ksini tap\u0131b:<\/p>\n\n\n\n<p>&#8220;<em>D\u0259h\u015f\u0259tli m\u00fcnaqi\u015f\u0259 v\u0259 faci\u0259d\u0259n sonra v\u0259 &#8220;insan h\u00fcquqlar\u0131na etinas\u0131zl\u0131q v\u0259 h\u00f6rm\u0259tsizlik&#8221; n\u0259tic\u0259sind\u0259 meydana \u00e7\u0131xan \u00dcmumd\u00fcnya \u0130nsan H\u00fcquqlar\u0131 B\u0259yannam\u0259si b\u00fct\u00fcn d\u00fcnyada insanlar \u00fc\u00e7\u00fcn \u00fcmid i\u015f\u0131\u011f\u0131 oldu v\u0259 bu g\u00fcn d\u0259 rolu davam edir. S\u0259n\u0259d h\u0259r bir insan\u0131n eyni d\u0259y\u0259r\u0259 sahib oldu\u011funu tan\u0131y\u0131r v\u0259 insan h\u00fcquqlar\u0131n\u0131n ist\u0259nil\u0259n yerd\u0259 pozulmas\u0131 hallar\u0131n\u0131n h\u0259r birimizin m\u0259s\u0259l\u0259si oldu\u011funu m\u00fc\u0259yy\u0259n edir&#8221;.<\/em><\/p>\n\n\n\n<p>Diplomat qeyd edib ki, Az\u0259rbaycanda insan h\u00fcquqlar\u0131n\u0131n m\u00fcdafi\u0259si u\u011frunda s\u0259yl\u0259rini \u0259sirg\u0259m\u0259y\u0259n \u00e7oxsayl\u0131 \u015f\u0259xsiyy\u0259tl\u0259r var:<\/p>\n\n\n\n<p>&#8220;<em>Bu insanlara minn\u0259tdar olmal\u0131 v\u0259 onlar\u0131 t\u0259r\u0259nn\u00fcm etm\u0259liyik&#8221;.<\/em><\/p>\n\n\n\n<p>&#8220;<em>Biz bu g\u00fcn\u00fc qeyd etm\u0259k \u00fc\u00e7\u00fcn bir araya g\u0259ldik, lakin h\u0259m d\u0259 t\u0259\u0259ss\u00fcf edirik ki, b\u0259zi t\u0259r\u0259fda\u015f v\u0259 dostlar\u0131m\u0131z bu t\u0259dbir\u0259 qat\u0131la bilmir. M\u0259n x\u00fcsusil\u0259 bir il \u0259vv\u0259l q\u0259bula g\u0259l\u0259rk\u0259n yolda h\u0259bs edil\u0259n B\u0259xtiyar Hac\u0131yevi, Qubad \u0130bado\u011flu, Sevinc Vaqifq\u0131z\u0131, \u00dclvi H\u0259s\u0259nli, M\u0259h\u0259mm\u0259d Kekalov, N\u0259rgiz Absalamova, \u018fziz Orucovu yada salmaq ist\u0259yir\u0259m&#8221;<\/em>, &#8211; dey\u0259 Mixalko \u0259lav\u0259 edib.<\/p>\n\n\n\n<p>B\u00f6y\u00fck Britaniyan\u0131n Az\u0259rbaycandak\u0131 s\u0259firi Fergus Auld \u00f6lk\u0259si \u00fc\u00e7\u00fcn d\u00fcnyan\u0131n b\u00fct\u00fcn n\u00f6qt\u0259l\u0259rind\u0259 insan h\u00fcquqlar\u0131n\u0131n m\u00fcdafi\u0259sinin vacib oldu\u011funu deyib.<\/p>\n\n\n\n<p>O \u0259lav\u0259 edib ki, London az\u0259rbaycanl\u0131 t\u0259r\u0259fda\u015flar\u0131yla insan h\u00fcquqlar\u0131 y\u00f6n\u00fcnd\u0259 dialoqu davam etdirir:<\/p>\n\n\n\n<p><em>&#8220;\u0130nsan h\u00fcquqlar\u0131 g\u00fcnd\u0259liyi bizim ham\u0131m\u0131z\u0131 birl\u0259\u015fdir\u0259n bir m\u00f6vzudur. Biz b\u00fct\u00fcn d\u00fcnyada a\u00e7\u0131q c\u0259miyy\u0259tl\u0259ri v\u0259 insan h\u00fcquqlar\u0131n\u0131n m\u00fcdafi\u0259sini g\u00f6rd\u00fcy\u00fcm\u00fcz i\u015fl\u0259rin m\u0259rk\u0259zin\u0259 qoyuruq. \u00dcmumd\u00fcnya \u0130nsan H\u00fcquqlar\u0131 B\u0259yannam\u0259sinin imzalanmas\u0131ndan 75 il sonra bel\u0259, B\u00f6y\u00fck Britaniya beyn\u0259lxalq nizama, demokratiya v\u0259 azadl\u0131qlar\u0131n inki\u015faf etdiyi d\u00fcnyaya inamla sadiq qal\u0131r&#8221;.<\/em><\/p>\n\n\n\n<p>O, Az\u0259rbaycanda m\u00fcnt\u0259z\u0259m olaraq h\u00f6kum\u0259tl\u0259 m\u00fcxt\u0259lif f\u0259rdi v\u0259 \u00fcmumi insan h\u00fcquqlar\u0131 m\u0259s\u0259l\u0259l\u0259rini m\u00fczakir\u0259 etdiyini bildirib:<\/p>\n\n\n\n<p><em>&#8220;\u0130nsan h\u00fcquqlar\u0131 il\u0259 ba\u011fl\u0131 mesajlar\u0131m\u0131z\u0131 h\u0259m qapal\u0131 g\u00f6r\u00fc\u015fl\u0259r, h\u0259m d\u0259 ictimai \u00e7a\u011f\u0131r\u0131\u015flar vasit\u0259sil\u0259 \u00e7atd\u0131r\u0131r\u0131q. Avropa \u00fczr\u0259 nazirimiz Leo Dokerti iki h\u0259ft\u0259 \u0259vv\u0259l Az\u0259rbaycanda olark\u0259n biz h\u00fcquq m\u00fcdafi\u0259\u00e7il\u0259ri il\u0259 g\u00f6r\u00fc\u015fd\u00fck. London \u0130qtisadiyyat M\u0259kt\u0259binin akademiki, c\u0259nab Qubad \u0130bado\u011flunun saxlanmas\u0131 v\u0259 \u201cAbzasMedia\u201d r\u0259hb\u0259rl\u0259rinin yenic\u0259 ba\u015f ver\u0259n h\u0259bsl\u0259rini m\u00fczakir\u0259 etdik. Noyabr\u0131n \u0259vv\u0259lind\u0259 BMT-nin \u0130nsan H\u00fcquqlar\u0131 \u015euras\u0131nda Az\u0259rbaycan\u0131n Universal D\u00f6vri \u0130cmal\u0131 zaman\u0131 \u00fc\u00e7 t\u00f6vsiy\u0259 verdik&#8221;.<\/em><\/p>\n\n\n\n<p><em>&#8220;Biz Az\u0259rbaycan h\u00f6kum\u0259tini istintaq prosesl\u0259rini t\u0259kmill\u0259\u015fdirm\u0259y\u0259; diffamasiya il\u0259 ba\u011fl\u0131 z\u0259ruri d\u0259yi\u015fiklikl\u0259r etm\u0259y\u0259: m\u0259i\u015f\u0259t zorak\u0131l\u0131\u011f\u0131n\u0131n b\u00fct\u00fcn formalar\u0131n\u0131 kriminalla\u015fd\u0131rmaq \u00fc\u00e7\u00fcn z\u0259ruri add\u0131mlar atma\u011fa \u00e7a\u011f\u0131rd\u0131q. \u00dcmid edirik ki, bu v\u0259 dig\u0259r t\u00f6vsiy\u0259l\u0259r h\u00f6kum\u0259t t\u0259r\u0259find\u0259n q\u0259bul edil\u0259c\u0259k&#8221;, <\/em>&#8211; dey\u0259 o qeyd edib.<\/p>\n\n\n\n<p>S\u0259fir h\u0259m\u00e7inin qad\u0131nlar\u0131n h\u00fcquqlar\u0131n\u0131n m\u00fcdafi\u0259sin\u0259 x\u00fcsusi diqq\u0259t yetirdiyini deyib:<\/p>\n\n\n\n<p>&#8220;<em>H\u0259r k\u0259sin xeyrin\u0259 gender b\u0259rab\u0259rliyinin t\u0259min etm\u0259k, qad\u0131nlar\u0131n iqtisadi imkanlar\u0131n\u0131 geni\u015fl\u0259ndirm\u0259k, qad\u0131nlar\u0131n s\u00fclh v\u0259 t\u0259hl\u00fck\u0259sizliy\u0259 t\u00f6hf\u0259 verm\u0259l\u0259rin\u0259 k\u00f6m\u0259k etm\u0259k \u00fc\u00e7\u00fcn Ail\u0259, Qad\u0131n v\u0259 U\u015faq Probleml\u0259ri \u00fczr\u0259 D\u00f6vl\u0259t Komit\u0259si, yerli hakimiyy\u0259t orqanlar\u0131 v\u0259 apar\u0131c\u0131 qad\u0131n t\u0259\u015fkilatlar\u0131 il\u0259 t\u0259r\u0259fda\u015fl\u0131q edirik&#8221;.<\/em><\/p>\n\n\n\n<p>&#8220;<em>Eyni zamanda, minalarla ba\u011fl\u0131 humanitar f\u0259aliyy\u0259t\u0259 maliyy\u0259 v\u0259 texniki d\u0259st\u0259k veririk \u2013 baxmayaraq ki, bu d\u0259st\u0259yin okeanda bir damla oldu\u011funu q\u0259bul edirik. Biz bu problemi h\u0259ll etm\u0259k v\u0259 uzun m\u00fcdd\u0259t k\u00f6\u00e7k\u00fcn olmu\u015f insanlar\u0131n t\u0259hl\u00fck\u0259siz \u015f\u0259kild\u0259 evl\u0259rin\u0259 qay\u0131tmas\u0131na imkan yaratmaq \u00fc\u00e7\u00fcn yerli t\u0259r\u0259fda\u015flarla i\u015fl\u0259m\u0259y\u0259 davam ed\u0259c\u0259yik&#8221;, &#8211;<\/em> dey\u0259 diplomat \u00e7\u0131x\u0131\u015f\u0131n\u0131 bitirib.<\/p>\n\n\n\n<p>AB\u015e-\u0131n Az\u0259rbaycandak\u0131 s\u0259firliyinin m\u00fcv\u0259qq\u0259ti i\u015fl\u0259r v\u0259kili Huqo Gevara \u00f6lk\u0259sinin h\u0259r il insan h\u00fcquqlar\u0131 il\u0259 ba\u011fl\u0131 yayd\u0131\u011f\u0131 hesabatlar\u0131 yada sal\u0131b.<\/p>\n\n\n\n<p>O bildirib ki, AB\u015e d\u00fcnyada insan h\u00fcquqlar\u0131n\u0131 d\u0259st\u0259kl\u0259m\u0259k v\u0259 qorumaq \u00fc\u00e7\u00fcn x\u00fcsusi m\u0259suliyy\u0259t da\u015f\u0131y\u0131r.<\/p>\n\n\n\n<p>Diplomat qeyd edib ki, Va\u015finqton h\u0259r k\u0259sin h\u00fcquqlar\u0131n\u0131n qorundu\u011fu, onlara h\u00f6rm\u0259tl\u0259 yana\u015f\u0131lan demokratik, pl\u00fcralist v\u0259 inkl\u00fcziv c\u0259miyy\u0259tin inki\u015faf\u0131n\u0131 d\u0259st\u0259kl\u0259m\u0259k \u00fc\u00e7\u00fcn\u00a0h\u00f6kum\u0259t, v\u0259t\u0259nda\u015f c\u0259miyy\u0259ti\u00a0v\u0259 beyn\u0259lxalq t\u0259r\u0259fda\u015flarla s\u0131x \u0259m\u0259kda\u015fl\u0131q edir:<\/p>\n\n\n\n<p><em>&#8220;Biz qanunun\u00a0aliliyini, m\u0259hk\u0259m\u0259 sisteminin m\u00fcst\u0259qilliyini, ifad\u0259 v\u0259 s\u0259rb\u0259st topla\u015fma azadl\u0131\u011f\u0131n\u0131, qad\u0131nlar\u0131n v\u0259 azl\u0131qlar\u0131n i\u015ftirak\u0131n\u0131, d\u00f6vl\u0259t qurumlar\u0131n\u0131n\u00a0hesabatl\u0131l\u0131\u011f\u0131n\u0131 g\u00fccl\u0259ndirm\u0259k\u00a0\u00fc\u00e7\u00fcn \u00e7al\u0131\u015f\u0131r\u0131q&#8221;.<\/em><\/p>\n\n\n\n<p>&#8220;<em>AB\u015e Az\u0259rbaycanda v\u0259t\u0259nda\u015f c\u0259miyy\u0259tinin bir ne\u00e7\u0259 \u00fczv\u00fcn\u00fcn, o c\u00fcml\u0259d\u0259n, Qubad \u0130bado\u011flunun, jurnalistl\u0259r Sevinc Vaqifq\u0131z\u0131n\u0131n, \u00dclvi H\u0259s\u0259nlinin, N\u0259rgiz Absalamovan\u0131n, \u018fziz Orucovun, v\u0259t\u0259nda\u015f c\u0259miyy\u0259ti f\u0259allar\u0131 B\u0259xtiyar Hac\u0131yev v\u0259 M\u0259h\u0259mm\u0259d Kekalovun h\u0259bsi v\u0259 ittiham\u0131ndan d\u0259rin narahatd\u0131r. Biz h\u00f6kum\u0259ti Az\u0259rbaycan Konstitusiyas\u0131na, m\u0259tbuat v\u0259 s\u00f6z azadl\u0131\u011f\u0131na dair beyn\u0259lxalq \u00f6hd\u0259likl\u0259rin\u0259 g\u00f6r\u0259 ad\u0131\u00e7\u0259kil\u0259n \u015f\u0259xsl\u0259rin h\u00fcquqlar\u0131n\u0131 qoruma\u011fa \u00e7a\u011f\u0131r\u0131r\u0131q&#8221;, &#8211;<\/em> dey\u0259 diplomat son h\u0259bs v\u0259 t\u0259zyiql\u0259r\u0259 d\u0259 toxunub.<\/p>\n\n\n\n<p>\u0130sve\u00e7r\u0259nin Az\u0259rbaycandak\u0131 s\u0259firi Tomas \u015et\u0259li \u00f6lk\u0259sinin 25 ildir ki, Az\u0259rbaycanla \u0259m\u0259kda\u015fl\u0131q etdiyini qeyd edib.<\/p>\n\n\n\n<p>O, \u0130sve\u00e7r\u0259nin g\u00fccl\u00fc qanunvericilik bazas\u0131na malik oldu\u011funu vur\u011fulay\u0131b.<\/p>\n\n\n\n<p>Bildirib ki, h\u0259r bir \u00f6lk\u0259nin konstitusiyas\u0131 f\u0259rdl\u0259rin \u0259sas azadl\u0131qlardan v\u0259 m\u00fcdafi\u0259d\u0259n istifad\u0259sini t\u0259min etm\u0259lidir.<\/p>\n","protected":false},"excerpt":{"rendered":"<p>Mixalko \u00e7a\u011f\u0131r\u0131\u015f edib, Britaniya dialoqu davam etdirdiyini deyib Dekabr\u0131n 7-d\u0259 &#8230; <\/p>\n<p class=\"read-more-container\"><a title=\"Bak\u0131da s\u0259firlikl\u0259rin birg\u0259 t\u0259dbiri: &#8220;AB\u015e insan h\u00fcquqlar\u0131n\u0131 qorumaq \u00fc\u00e7\u00fcn m\u0259suliyy\u0259t da\u015f\u0131y\u0131r&#8221;\" class=\"read-more button\" href=\"https:\/\/www.meydan.tv\/az\/article\/bakida-sefirliklerin-birge-tedbiri-abs-insan-huquqlarini-qorumaq-ucun-mesuliyyet-dasiyir\/#more-292421\" aria-label=\"Read more about Bak\u0131da s\u0259firlikl\u0259rin birg\u0259 t\u0259dbiri: &#8220;AB\u015e insan h\u00fcquqlar\u0131n\u0131 qorumaq \u00fc\u00e7\u00fcn m\u0259suliyy\u0259t da\u015f\u0131y\u0131r&#8221;\">Davam\u0131<\/a><\/p>\n","protected":false},"author":8,"featured_media":292415,"comment_status":"closed","ping_status":"closed","sticky":false,"template":"","format":"standard","meta":{"_acf_changed":false,"_sitemap_exclude":false,"_sitemap_priority":"","_sitemap_frequency":"","footnotes":""},"categories":[59,79,56],"tags":[],"class_list":["post-292421","post","type-post","status-publish","format-standard","has-post-thumbnail","hentry","category-siyaset","category-featured","category-xeberler","infinite-scroll-item","generate-columns","tablet-grid-50","mobile-grid-100","grid-parent","grid-33","no-featured-image-padding"],"acf":[],"yoast_head":"<!-- This site is optimized with the Yoast SEO plugin v27.4 - https:\/\/yoast.com\/product\/yoast-seo-wordpress\/ -->\n<title>Bak\u0131da s\u0259firlikl\u0259rin birg\u0259 t\u0259dbiri: &quot;AB\u015e insan h\u00fcquqlar\u0131n\u0131 qorumaq \u00fc\u00e7\u00fcn m\u0259suliyy\u0259t da\u015f\u0131y\u0131r&quot; - MEYDAN.TV<\/title>\n<meta name=\"robots\" content=\"index, follow, max-snippet:-1, max-image-preview:large, max-video-preview:-1\" \/>\n<link rel=\"canonical\" href=\"https:\/\/www.meydan.tv\/az\/article\/bakida-sefirliklerin-birge-tedbiri-abs-insan-huquqlarini-qorumaq-ucun-mesuliyyet-dasiyir\/\" \/>\n<meta property=\"og:locale\" content=\"az_AZ\" \/>\n<meta property=\"og:type\" content=\"article\" \/>\n<meta property=\"og:title\" content=\"Bak\u0131da s\u0259firlikl\u0259rin birg\u0259 t\u0259dbiri: &quot;AB\u015e insan h\u00fcquqlar\u0131n\u0131 qorumaq \u00fc\u00e7\u00fcn m\u0259suliyy\u0259t da\u015f\u0131y\u0131r&quot; - MEYDAN.TV\" \/>\n<meta property=\"og:description\" content=\"Mixalko \u00e7a\u011f\u0131r\u0131\u015f edib, Britaniya dialoqu davam etdirdiyini deyib Dekabr\u0131n 7-d\u0259 ... Davam\u0131\" \/>\n<meta property=\"og:url\" content=\"https:\/\/www.meydan.tv\/az\/article\/bakida-sefirliklerin-birge-tedbiri-abs-insan-huquqlarini-qorumaq-ucun-mesuliyyet-dasiyir\/\" \/>\n<meta property=\"og:site_name\" content=\"MEYDAN.TV\" \/>\n<meta property=\"article:published_time\" content=\"2023-12-08T10:41:10+00:00\" \/>\n<meta property=\"article:modified_time\" content=\"2023-12-08T10:41:13+00:00\" \/>\n<meta property=\"og:image\" content=\"https:\/\/www.meydan.tv\/wp-content\/uploads\/403419888_873738797636702_3557872410143153171_n.jpg\" \/>\n\t<meta property=\"og:image:width\" content=\"1200\" \/>\n\t<meta property=\"og:image:height\" content=\"900\" \/>\n\t<meta property=\"og:image:type\" content=\"image\/jpeg\" \/>\n<meta name=\"author\" content=\"elli\" \/>\n<meta name=\"twitter:card\" content=\"summary_large_image\" \/>\n<meta name=\"twitter:creator\" content=\"@elli\" \/>\n<script type=\"application\/ld+json\" class=\"yoast-schema-graph\">{\"@context\":\"https:\\\/\\\/schema.org\",\"@graph\":[{\"@type\":\"Article\",\"@id\":\"https:\\\/\\\/www.meydan.tv\\\/az\\\/article\\\/bakida-sefirliklerin-birge-tedbiri-abs-insan-huquqlarini-qorumaq-ucun-mesuliyyet-dasiyir\\\/#article\",\"isPartOf\":{\"@id\":\"https:\\\/\\\/www.meydan.tv\\\/az\\\/article\\\/bakida-sefirliklerin-birge-tedbiri-abs-insan-huquqlarini-qorumaq-ucun-mesuliyyet-dasiyir\\\/\"},\"author\":{\"name\":\"elli\",\"@id\":\"https:\\\/\\\/www.meydan.tv\\\/az\\\/#\\\/schema\\\/person\\\/9cdbecf90d17180ce1dfbd95b08dcf47\"},\"headline\":\"Bak\u0131da s\u0259firlikl\u0259rin birg\u0259 t\u0259dbiri: &#8220;AB\u015e insan h\u00fcquqlar\u0131n\u0131 qorumaq \u00fc\u00e7\u00fcn m\u0259suliyy\u0259t da\u015f\u0131y\u0131r&#8221;\",\"datePublished\":\"2023-12-08T10:41:10+00:00\",\"dateModified\":\"2023-12-08T10:41:13+00:00\",\"mainEntityOfPage\":{\"@id\":\"https:\\\/\\\/www.meydan.tv\\\/az\\\/article\\\/bakida-sefirliklerin-birge-tedbiri-abs-insan-huquqlarini-qorumaq-ucun-mesuliyyet-dasiyir\\\/\"},\"wordCount\":1289,\"publisher\":{\"@id\":\"https:\\\/\\\/www.meydan.tv\\\/az\\\/#organization\"},\"image\":{\"@id\":\"https:\\\/\\\/www.meydan.tv\\\/az\\\/article\\\/bakida-sefirliklerin-birge-tedbiri-abs-insan-huquqlarini-qorumaq-ucun-mesuliyyet-dasiyir\\\/#primaryimage\"},\"thumbnailUrl\":\"https:\\\/\\\/www.meydan.tv\\\/wp-content\\\/uploads\\\/403419888_873738797636702_3557872410143153171_n.jpg\",\"articleSection\":[\"Siyas\u0259t\",\"T\u00f6vsiy\u0259\",\"X\u0259b\u0259rl\u0259r\"],\"inLanguage\":\"az\"},{\"@type\":\"WebPage\",\"@id\":\"https:\\\/\\\/www.meydan.tv\\\/az\\\/article\\\/bakida-sefirliklerin-birge-tedbiri-abs-insan-huquqlarini-qorumaq-ucun-mesuliyyet-dasiyir\\\/\",\"url\":\"https:\\\/\\\/www.meydan.tv\\\/az\\\/article\\\/bakida-sefirliklerin-birge-tedbiri-abs-insan-huquqlarini-qorumaq-ucun-mesuliyyet-dasiyir\\\/\",\"name\":\"Bak\u0131da s\u0259firlikl\u0259rin birg\u0259 t\u0259dbiri: \\\"AB\u015e insan h\u00fcquqlar\u0131n\u0131 qorumaq \u00fc\u00e7\u00fcn m\u0259suliyy\u0259t da\u015f\u0131y\u0131r\\\" - MEYDAN.TV\",\"isPartOf\":{\"@id\":\"https:\\\/\\\/www.meydan.tv\\\/az\\\/#website\"},\"primaryImageOfPage\":{\"@id\":\"https:\\\/\\\/www.meydan.tv\\\/az\\\/article\\\/bakida-sefirliklerin-birge-tedbiri-abs-insan-huquqlarini-qorumaq-ucun-mesuliyyet-dasiyir\\\/#primaryimage\"},\"image\":{\"@id\":\"https:\\\/\\\/www.meydan.tv\\\/az\\\/article\\\/bakida-sefirliklerin-birge-tedbiri-abs-insan-huquqlarini-qorumaq-ucun-mesuliyyet-dasiyir\\\/#primaryimage\"},\"thumbnailUrl\":\"https:\\\/\\\/www.meydan.tv\\\/wp-content\\\/uploads\\\/403419888_873738797636702_3557872410143153171_n.jpg\",\"datePublished\":\"2023-12-08T10:41:10+00:00\",\"dateModified\":\"2023-12-08T10:41:13+00:00\",\"breadcrumb\":{\"@id\":\"https:\\\/\\\/www.meydan.tv\\\/az\\\/article\\\/bakida-sefirliklerin-birge-tedbiri-abs-insan-huquqlarini-qorumaq-ucun-mesuliyyet-dasiyir\\\/#breadcrumb\"},\"inLanguage\":\"az\",\"potentialAction\":[{\"@type\":\"ReadAction\",\"target\":[\"https:\\\/\\\/www.meydan.tv\\\/az\\\/article\\\/bakida-sefirliklerin-birge-tedbiri-abs-insan-huquqlarini-qorumaq-ucun-mesuliyyet-dasiyir\\\/\"]}]},{\"@type\":\"ImageObject\",\"inLanguage\":\"az\",\"@id\":\"https:\\\/\\\/www.meydan.tv\\\/az\\\/article\\\/bakida-sefirliklerin-birge-tedbiri-abs-insan-huquqlarini-qorumaq-ucun-mesuliyyet-dasiyir\\\/#primaryimage\",\"url\":\"https:\\\/\\\/www.meydan.tv\\\/wp-content\\\/uploads\\\/403419888_873738797636702_3557872410143153171_n.jpg\",\"contentUrl\":\"https:\\\/\\\/www.meydan.tv\\\/wp-content\\\/uploads\\\/403419888_873738797636702_3557872410143153171_n.jpg\",\"width\":1200,\"height\":900,\"caption\":\"Foto: Meydan TV\"},{\"@type\":\"BreadcrumbList\",\"@id\":\"https:\\\/\\\/www.meydan.tv\\\/az\\\/article\\\/bakida-sefirliklerin-birge-tedbiri-abs-insan-huquqlarini-qorumaq-ucun-mesuliyyet-dasiyir\\\/#breadcrumb\",\"itemListElement\":[{\"@type\":\"ListItem\",\"position\":1,\"name\":\"Ana s\u0259hif\u0259\",\"item\":\"https:\\\/\\\/www.meydan.tv\\\/az\\\/\"},{\"@type\":\"ListItem\",\"position\":2,\"name\":\"Siyas\u0259t\",\"item\":\"https:\\\/\\\/www.meydan.tv\\\/az\\\/section\\\/siyaset\\\/\"},{\"@type\":\"ListItem\",\"position\":3,\"name\":\"Bak\u0131da s\u0259firlikl\u0259rin birg\u0259 t\u0259dbiri: &#8220;AB\u015e insan h\u00fcquqlar\u0131n\u0131 qorumaq \u00fc\u00e7\u00fcn m\u0259suliyy\u0259t da\u015f\u0131y\u0131r&#8221;\"}]},{\"@type\":\"WebSite\",\"@id\":\"https:\\\/\\\/www.meydan.tv\\\/az\\\/#website\",\"url\":\"https:\\\/\\\/www.meydan.tv\\\/az\\\/\",\"name\":\"MEYDAN.TV\",\"description\":\"Meydan TV Az\u0259rbaycan\u0131n media m\u0259kan\u0131ndak\u0131 alternativ s\u0259sidir\",\"publisher\":{\"@id\":\"https:\\\/\\\/www.meydan.tv\\\/az\\\/#organization\"},\"potentialAction\":[{\"@type\":\"SearchAction\",\"target\":{\"@type\":\"EntryPoint\",\"urlTemplate\":\"https:\\\/\\\/www.meydan.tv\\\/az\\\/?s={search_term_string}\"},\"query-input\":{\"@type\":\"PropertyValueSpecification\",\"valueRequired\":true,\"valueName\":\"search_term_string\"}}],\"inLanguage\":\"az\"},{\"@type\":\"Organization\",\"@id\":\"https:\\\/\\\/www.meydan.tv\\\/az\\\/#organization\",\"name\":\"Meydan TV\",\"url\":\"https:\\\/\\\/www.meydan.tv\\\/az\\\/\",\"logo\":{\"@type\":\"ImageObject\",\"inLanguage\":\"az\",\"@id\":\"https:\\\/\\\/www.meydan.tv\\\/az\\\/#\\\/schema\\\/logo\\\/image\\\/\",\"url\":\"https:\\\/\\\/www.meydan.tv\\\/wp-content\\\/uploads\\\/2021\\\/07\\\/meydan-logo.svg\",\"contentUrl\":\"https:\\\/\\\/www.meydan.tv\\\/wp-content\\\/uploads\\\/2021\\\/07\\\/meydan-logo.svg\",\"width\":195,\"height\":46,\"caption\":\"Meydan TV\"},\"image\":{\"@id\":\"https:\\\/\\\/www.meydan.tv\\\/az\\\/#\\\/schema\\\/logo\\\/image\\\/\"}},{\"@type\":\"Person\",\"@id\":\"https:\\\/\\\/www.meydan.tv\\\/az\\\/#\\\/schema\\\/person\\\/9cdbecf90d17180ce1dfbd95b08dcf47\",\"name\":\"elli\",\"sameAs\":[\"https:\\\/\\\/x.com\\\/elli\"]}]}<\/script>\n<!-- \/ Yoast SEO plugin. -->","yoast_head_json":{"title":"Bak\u0131da s\u0259firlikl\u0259rin birg\u0259 t\u0259dbiri: \"AB\u015e insan h\u00fcquqlar\u0131n\u0131 qorumaq \u00fc\u00e7\u00fcn m\u0259suliyy\u0259t da\u015f\u0131y\u0131r\" - MEYDAN.TV","robots":{"index":"index","follow":"follow","max-snippet":"max-snippet:-1","max-image-preview":"max-image-preview:large","max-video-preview":"max-video-preview:-1"},"canonical":"https:\/\/www.meydan.tv\/az\/article\/bakida-sefirliklerin-birge-tedbiri-abs-insan-huquqlarini-qorumaq-ucun-mesuliyyet-dasiyir\/","og_locale":"az_AZ","og_type":"article","og_title":"Bak\u0131da s\u0259firlikl\u0259rin birg\u0259 t\u0259dbiri: \"AB\u015e insan h\u00fcquqlar\u0131n\u0131 qorumaq \u00fc\u00e7\u00fcn m\u0259suliyy\u0259t da\u015f\u0131y\u0131r\" - MEYDAN.TV","og_description":"Mixalko \u00e7a\u011f\u0131r\u0131\u015f edib, Britaniya dialoqu davam etdirdiyini deyib Dekabr\u0131n 7-d\u0259 ... Davam\u0131","og_url":"https:\/\/www.meydan.tv\/az\/article\/bakida-sefirliklerin-birge-tedbiri-abs-insan-huquqlarini-qorumaq-ucun-mesuliyyet-dasiyir\/","og_site_name":"MEYDAN.TV","article_published_time":"2023-12-08T10:41:10+00:00","article_modified_time":"2023-12-08T10:41:13+00:00","og_image":[{"width":1200,"height":900,"url":"https:\/\/www.meydan.tv\/wp-content\/uploads\/403419888_873738797636702_3557872410143153171_n.jpg","type":"image\/jpeg"}],"author":"elli","twitter_card":"summary_large_image","twitter_creator":"@elli","schema":{"@context":"https:\/\/schema.org","@graph":[{"@type":"Article","@id":"https:\/\/www.meydan.tv\/az\/article\/bakida-sefirliklerin-birge-tedbiri-abs-insan-huquqlarini-qorumaq-ucun-mesuliyyet-dasiyir\/#article","isPartOf":{"@id":"https:\/\/www.meydan.tv\/az\/article\/bakida-sefirliklerin-birge-tedbiri-abs-insan-huquqlarini-qorumaq-ucun-mesuliyyet-dasiyir\/"},"author":{"name":"elli","@id":"https:\/\/www.meydan.tv\/az\/#\/schema\/person\/9cdbecf90d17180ce1dfbd95b08dcf47"},"headline":"Bak\u0131da s\u0259firlikl\u0259rin birg\u0259 t\u0259dbiri: &#8220;AB\u015e insan h\u00fcquqlar\u0131n\u0131 qorumaq \u00fc\u00e7\u00fcn m\u0259suliyy\u0259t da\u015f\u0131y\u0131r&#8221;","datePublished":"2023-12-08T10:41:10+00:00","dateModified":"2023-12-08T10:41:13+00:00","mainEntityOfPage":{"@id":"https:\/\/www.meydan.tv\/az\/article\/bakida-sefirliklerin-birge-tedbiri-abs-insan-huquqlarini-qorumaq-ucun-mesuliyyet-dasiyir\/"},"wordCount":1289,"publisher":{"@id":"https:\/\/www.meydan.tv\/az\/#organization"},"image":{"@id":"https:\/\/www.meydan.tv\/az\/article\/bakida-sefirliklerin-birge-tedbiri-abs-insan-huquqlarini-qorumaq-ucun-mesuliyyet-dasiyir\/#primaryimage"},"thumbnailUrl":"https:\/\/www.meydan.tv\/wp-content\/uploads\/403419888_873738797636702_3557872410143153171_n.jpg","articleSection":["Siyas\u0259t","T\u00f6vsiy\u0259","X\u0259b\u0259rl\u0259r"],"inLanguage":"az"},{"@type":"WebPage","@id":"https:\/\/www.meydan.tv\/az\/article\/bakida-sefirliklerin-birge-tedbiri-abs-insan-huquqlarini-qorumaq-ucun-mesuliyyet-dasiyir\/","url":"https:\/\/www.meydan.tv\/az\/article\/bakida-sefirliklerin-birge-tedbiri-abs-insan-huquqlarini-qorumaq-ucun-mesuliyyet-dasiyir\/","name":"Bak\u0131da s\u0259firlikl\u0259rin birg\u0259 t\u0259dbiri: \"AB\u015e insan h\u00fcquqlar\u0131n\u0131 qorumaq \u00fc\u00e7\u00fcn m\u0259suliyy\u0259t da\u015f\u0131y\u0131r\" - MEYDAN.TV","isPartOf":{"@id":"https:\/\/www.meydan.tv\/az\/#website"},"primaryImageOfPage":{"@id":"https:\/\/www.meydan.tv\/az\/article\/bakida-sefirliklerin-birge-tedbiri-abs-insan-huquqlarini-qorumaq-ucun-mesuliyyet-dasiyir\/#primaryimage"},"image":{"@id":"https:\/\/www.meydan.tv\/az\/article\/bakida-sefirliklerin-birge-tedbiri-abs-insan-huquqlarini-qorumaq-ucun-mesuliyyet-dasiyir\/#primaryimage"},"thumbnailUrl":"https:\/\/www.meydan.tv\/wp-content\/uploads\/403419888_873738797636702_3557872410143153171_n.jpg","datePublished":"2023-12-08T10:41:10+00:00","dateModified":"2023-12-08T10:41:13+00:00","breadcrumb":{"@id":"https:\/\/www.meydan.tv\/az\/article\/bakida-sefirliklerin-birge-tedbiri-abs-insan-huquqlarini-qorumaq-ucun-mesuliyyet-dasiyir\/#breadcrumb"},"inLanguage":"az","potentialAction":[{"@type":"ReadAction","target":["https:\/\/www.meydan.tv\/az\/article\/bakida-sefirliklerin-birge-tedbiri-abs-insan-huquqlarini-qorumaq-ucun-mesuliyyet-dasiyir\/"]}]},{"@type":"ImageObject","inLanguage":"az","@id":"https:\/\/www.meydan.tv\/az\/article\/bakida-sefirliklerin-birge-tedbiri-abs-insan-huquqlarini-qorumaq-ucun-mesuliyyet-dasiyir\/#primaryimage","url":"https:\/\/www.meydan.tv\/wp-content\/uploads\/403419888_873738797636702_3557872410143153171_n.jpg","contentUrl":"https:\/\/www.meydan.tv\/wp-content\/uploads\/403419888_873738797636702_3557872410143153171_n.jpg","width":1200,"height":900,"caption":"Foto: Meydan TV"},{"@type":"BreadcrumbList","@id":"https:\/\/www.meydan.tv\/az\/article\/bakida-sefirliklerin-birge-tedbiri-abs-insan-huquqlarini-qorumaq-ucun-mesuliyyet-dasiyir\/#breadcrumb","itemListElement":[{"@type":"ListItem","position":1,"name":"Ana s\u0259hif\u0259","item":"https:\/\/www.meydan.tv\/az\/"},{"@type":"ListItem","position":2,"name":"Siyas\u0259t","item":"https:\/\/www.meydan.tv\/az\/section\/siyaset\/"},{"@type":"ListItem","position":3,"name":"Bak\u0131da s\u0259firlikl\u0259rin birg\u0259 t\u0259dbiri: &#8220;AB\u015e insan h\u00fcquqlar\u0131n\u0131 qorumaq \u00fc\u00e7\u00fcn m\u0259suliyy\u0259t da\u015f\u0131y\u0131r&#8221;"}]},{"@type":"WebSite","@id":"https:\/\/www.meydan.tv\/az\/#website","url":"https:\/\/www.meydan.tv\/az\/","name":"MEYDAN.TV","description":"Meydan TV Az\u0259rbaycan\u0131n media m\u0259kan\u0131ndak\u0131 alternativ s\u0259sidir","publisher":{"@id":"https:\/\/www.meydan.tv\/az\/#organization"},"potentialAction":[{"@type":"SearchAction","target":{"@type":"EntryPoint","urlTemplate":"https:\/\/www.meydan.tv\/az\/?s={search_term_string}"},"query-input":{"@type":"PropertyValueSpecification","valueRequired":true,"valueName":"search_term_string"}}],"inLanguage":"az"},{"@type":"Organization","@id":"https:\/\/www.meydan.tv\/az\/#organization","name":"Meydan TV","url":"https:\/\/www.meydan.tv\/az\/","logo":{"@type":"ImageObject","inLanguage":"az","@id":"https:\/\/www.meydan.tv\/az\/#\/schema\/logo\/image\/","url":"https:\/\/www.meydan.tv\/wp-content\/uploads\/2021\/07\/meydan-logo.svg","contentUrl":"https:\/\/www.meydan.tv\/wp-content\/uploads\/2021\/07\/meydan-logo.svg","width":195,"height":46,"caption":"Meydan TV"},"image":{"@id":"https:\/\/www.meydan.tv\/az\/#\/schema\/logo\/image\/"}},{"@type":"Person","@id":"https:\/\/www.meydan.tv\/az\/#\/schema\/person\/9cdbecf90d17180ce1dfbd95b08dcf47","name":"elli","sameAs":["https:\/\/x.com\/elli"]}]}},"_links":{"self":[{"href":"https:\/\/www.meydan.tv\/az\/wp-json\/wp\/v2\/posts\/292421","targetHints":{"allow":["GET"]}}],"collection":[{"href":"https:\/\/www.meydan.tv\/az\/wp-json\/wp\/v2\/posts"}],"about":[{"href":"https:\/\/www.meydan.tv\/az\/wp-json\/wp\/v2\/types\/post"}],"author":[{"embeddable":true,"href":"https:\/\/www.meydan.tv\/az\/wp-json\/wp\/v2\/users\/8"}],"replies":[{"embeddable":true,"href":"https:\/\/www.meydan.tv\/az\/wp-json\/wp\/v2\/comments?post=292421"}],"version-history":[{"count":3,"href":"https:\/\/www.meydan.tv\/az\/wp-json\/wp\/v2\/posts\/292421\/revisions"}],"predecessor-version":[{"id":292424,"href":"https:\/\/www.meydan.tv\/az\/wp-json\/wp\/v2\/posts\/292421\/revisions\/292424"}],"wp:featuredmedia":[{"embeddable":true,"href":"https:\/\/www.meydan.tv\/az\/wp-json\/wp\/v2\/media\/292415"}],"wp:attachment":[{"href":"https:\/\/www.meydan.tv\/az\/wp-json\/wp\/v2\/media?parent=292421"}],"wp:term":[{"taxonomy":"category","embeddable":true,"href":"https:\/\/www.meydan.tv\/az\/wp-json\/wp\/v2\/categories?post=292421"},{"taxonomy":"post_tag","embeddable":true,"href":"https:\/\/www.meydan.tv\/az\/wp-json\/wp\/v2\/tags?post=292421"}],"curies":[{"name":"wp","href":"https:\/\/api.w.org\/{rel}","templated":true}]}}