{"id":292402,"date":"2023-12-07T23:32:12","date_gmt":"2023-12-07T19:32:12","guid":{"rendered":"https:\/\/www.meydan.tv\/?p=292402"},"modified":"2023-12-08T10:21:37","modified_gmt":"2023-12-08T06:21:37","slug":"azerbaycan-32-ermenistan-2-herbcini-geri-qaytaracaq","status":"publish","type":"post","link":"https:\/\/www.meydan.tv\/az\/article\/azerbaycan-32-ermenistan-2-herbcini-geri-qaytaracaq\/","title":{"rendered":"Az\u0259rbaycan 32, Erm\u0259nistan 2 h\u0259rb\u00e7ini geri qaytaracaq"},"content":{"rendered":"\n<p><\/p>\n\n\n\n<p><strong><em>\u00d6lk\u0259l\u0259r aras\u0131nda raz\u0131l\u0131q \u0259ld\u0259 olundu\u011fu deyilir<\/em><\/strong><\/p>\n\n\n\n<p>Az\u0259rbaycan\u0131n erm\u0259ni\u0259silli 32 \u015f\u0259xsi, Erm\u0259nistan\u0131n is\u0259 2 Az\u0259rbaycan h\u0259rb\u00e7isini azad etm\u0259si bar\u0259d\u0259 raz\u0131l\u0131\u011fa g\u0259ldiyi bildirilir.<\/p>\n\n\n\n<p>Bu bar\u0259d\u0259 dekabr\u0131n 7-d\u0259 Az\u0259rbaycan Prezident Administrasiyas\u0131 v\u0259 Erm\u0259nistan Respublikas\u0131 Ba\u015f nazirinin Aparat\u0131 aras\u0131nda raz\u0131l\u0131q \u0259ld\u0259 olunub.<\/p>\n\n\n\n<p>&#8220;Az\u0259rtac&#8221;\u0131n yazd\u0131\u011f\u0131na g\u00f6r\u0259, Erm\u0259nistana qaytar\u0131lmas\u0131 n\u0259z\u0259rd\u0259 tutulan 32 n\u0259f\u0259r (26 n\u0259f\u0259r 2020-ci ilin dekabr\u0131nda Hadrut istiqam\u0259tind\u0259 ke\u00e7irilmi\u015f anti-terror t\u0259dbirl\u0259ri zaman\u0131 h\u0259bs edilmi\u015f \u015f\u0259xsl\u0259r, qalan 6 n\u0259f\u0259r m\u00fcxt\u0259lif vaxtlarda s\u0259rh\u0259dd\u0259 saxlan\u0131lm\u0131\u015f \u015f\u0259xsl\u0259r) art\u0131q c\u0259zalar\u0131n\u0131n b\u00f6y\u00fck hiss\u0259sini \u00e7\u0259kibl\u0259r:<\/p>\n\n\n\n<p><em>&#8220;32 n\u0259f\u0259rlik siyah\u0131ya Az\u0259rbaycan xalq\u0131na qar\u015f\u0131 m\u00fcharib\u0259 cinay\u0259tl\u0259ri v\u0259 b\u0259\u015f\u0259riyy\u0259t \u0259leyhin\u0259 cinay\u0259tl\u0259r t\u00f6r\u0259tmi\u015f qondarma rejimin r\u0259hb\u0259rl\u0259ri Araik Arutunyan, Bako Saakyan, Arkadi Qukasyan, Ruben Vardanyan, o c\u00fcml\u0259d\u0259n Vaqif Xa\u00e7aturyan, Alyo\u015fa Xosrovyan kimi \u015f\u0259xsl\u0259r daxil deyil v\u0259 ola da bilm\u0259z&#8221;.<\/em><\/p>\n\n\n<div class=\"wp-block-image\">\n<figure class=\"aligncenter size-large\"><img decoding=\"async\" width=\"1200\" height=\"800\" data-src=\"https:\/\/www.meydan.tv\/wp-content\/uploads\/shutterstock_1347345023-1200x800.jpg\" alt=\"\" class=\"wp-image-228483 lazyload\" src=\"data:image\/svg+xml;base64,PHN2ZyB3aWR0aD0iMSIgaGVpZ2h0PSIxIiB4bWxucz0iaHR0cDovL3d3dy53My5vcmcvMjAwMC9zdmciPjwvc3ZnPg==\" style=\"--smush-placeholder-width: 1200px; --smush-placeholder-aspect-ratio: 1200\/800;\" \/><figcaption class=\"wp-element-caption\">Foto: Zef art\/Shutterstock<\/figcaption><\/figure>\n<\/div>\n\n\n<p><em>&#8220;X\u00fcsusil\u0259 vur\u011fulanmal\u0131d\u0131r ki, bu raz\u0131la\u015fma Az\u0259rbaycan Prezidentinin Administrasiyas\u0131 v\u0259 Erm\u0259nistan Ba\u015f nazirinin Aparat\u0131 aras\u0131nda apar\u0131lm\u0131\u015f birba\u015fa dan\u0131\u015f\u0131qlar n\u0259tic\u0259sind\u0259 \u0259ld\u0259 olunub v\u0259 he\u00e7 bir \u00fc\u00e7\u00fcnc\u00fc \u00f6lk\u0259 t\u0259r\u0259find\u0259n vasit\u0259\u00e7ilik edilm\u0259yib. Bu, bir daha g\u00f6st\u0259rir ki, Az\u0259rbaycan v\u0259 Erm\u0259nistan vasit\u0259\u00e7il\u0259r olmadan s\u00fclh prosesini ir\u0259li apara bil\u0259rl\u0259r&#8221;,<\/em>-dey\u0259 m\u0259lumatda qeyd <a href=\"https:\/\/azertag.az\/xeber\/azerbaycan_ile_ermenistan_arasinda_herbchilerin_qarsiliqli_suretde_azad_edilmesi_barede_raziliq_elde_olunub-2844033\">olunub<\/a>.<\/p>\n\n\n\n<p>Erm\u0259nistan medias\u0131 m\u0259lumat\u0131 <a href=\"https:\/\/www.aysor.am\/ru\/news\/2023\/12\/07\/%D0%B5%D1%80%D0%B5%D0%B2%D0%B0%D0%BD-%D0%B1%D0%B0%D0%BA%D1%83\/2195230\">t\u0259sdiql\u0259yib<\/a>.<\/p>\n\n\n\n<p>Avropa \u0130ttifaq\u0131 (A\u0130) \u015euras\u0131n\u0131n Prezidenti \u015earl Mi\u015fel &#8220;X&#8221; hesab\u0131nda (Twitter) Az\u0259rbaycanla Erm\u0259nistan\u0131n birg\u0259 yayd\u0131\u011f\u0131 b\u0259yanat\u0131 alq\u0131\u015flay\u0131b.<\/p>\n\n\n<div class=\"wp-block-image\">\n<figure class=\"aligncenter size-full\"><img decoding=\"async\" width=\"1200\" height=\"711\" data-src=\"https:\/\/www.meydan.tv\/wp-content\/uploads\/16840842544607049249_1000x669-e1684088747508.jpg\" alt=\"\" class=\"wp-image-275006 lazyload\" src=\"data:image\/svg+xml;base64,PHN2ZyB3aWR0aD0iMSIgaGVpZ2h0PSIxIiB4bWxucz0iaHR0cDovL3d3dy53My5vcmcvMjAwMC9zdmciPjwvc3ZnPg==\" style=\"--smush-placeholder-width: 1200px; --smush-placeholder-aspect-ratio: 1200\/711;\" \/><figcaption class=\"wp-element-caption\">\u015earl Mi\u015fel. Foto: A\u0130<\/figcaption><\/figure>\n<\/div>\n\n\n<p><em>\u201cSaxlan\u0131lanlar\u0131n azad edilm\u0259sini v\u0259 siyasi dialoqda g\u00f6r\u00fcnm\u0259mi\u015f ir\u0259lil\u0259yi\u015fi alq\u0131\u015flay\u0131r\u0131q. T\u0259r\u0259fl\u0259r aras\u0131nda ikit\u0259r\u0259fli dialoqun qurulmas\u0131 v\u0259 d\u0259rinl\u0259\u015fdirilm\u0259si Avropa \u0130ttifaq\u0131n\u0131n r\u0259hb\u0259rlik etdiyi &#8220;Br\u00fcssel prosesi&#8221;nin \u0259sas m\u0259qs\u0259di olub. Bug\u00fcnk\u00fc ir\u0259lil\u0259yi\u015f vacib add\u0131md\u0131r&#8221;.<\/em><\/p>\n\n\n\n<p>&#8220;<em>\u0130ndi is\u0259 liderl\u0259ri Erm\u0259nistan-Az\u0259rbaycan s\u00fclh raz\u0131la\u015fmas\u0131n\u0131 tez bir zamanda yekunla\u015fd\u0131rma\u011fa \u00e7a\u011f\u0131r\u0131ram\u201d, \u2013<\/em> dey\u0259 Mi\u015fel \u0259lav\u0259 <a href=\"https:\/\/twitter.com\/CharlesMichel\/status\/1732821162797760513\">edib<\/a>.<\/p>\n\n\n\n<p>El\u0259 bu g\u00fcn Erm\u0259nistan Xarici \u0130\u015fl\u0259r Nazirliyinin (X\u0130N) r\u0259hb\u0259ri Ararat Mirzoyan AB\u015e D\u00f6vl\u0259t katibi Entoni Blinkenin d\u0259v\u0259ti il\u0259 Va\u015finqtonda az\u0259rbaycanl\u0131 h\u0259mkar\u0131 Ceyhun Bayramovla g\u00f6r\u00fc\u015f ke\u00e7irm\u0259y\u0259 haz\u0131r oldu\u011funu bildirib.<\/p>\n\n\n\n<p>M\u0259lumat\u0131 Erm\u0259nistan Xarici \u0130\u015fl\u0259r Nazirliyinin m\u0259tbuat xidm\u0259ti yay\u0131b.<\/p>\n\n\n<div class=\"wp-block-image\">\n<figure class=\"aligncenter size-large\"><img decoding=\"async\" width=\"1200\" height=\"615\" data-src=\"https:\/\/www.meydan.tv\/wp-content\/uploads\/ararat-mirzoyan-e1647340229538-1200x615.png\" alt=\"a\" class=\"wp-image-209378 lazyload\" src=\"data:image\/svg+xml;base64,PHN2ZyB3aWR0aD0iMSIgaGVpZ2h0PSIxIiB4bWxucz0iaHR0cDovL3d3dy53My5vcmcvMjAwMC9zdmciPjwvc3ZnPg==\" style=\"--smush-placeholder-width: 1200px; --smush-placeholder-aspect-ratio: 1200\/615;\" \/><figcaption class=\"wp-element-caption\">M\u0259nb\u0259: Reuters<\/figcaption><\/figure>\n<\/div>\n\n\n<p>Bildirilib ki, Ararat Mirzoyan bununla ba\u011fl\u0131 raz\u0131l\u0131\u011f\u0131n\u0131 AB\u015e D\u00f6vl\u0259t Departamentinin Qafqaz \u00fczr\u0259 m\u00fc\u015faviri Lui Bono il\u0259 g\u00f6r\u00fc\u015f\u00fcnd\u0259 ifad\u0259 edib.<\/p>\n\n\n\n<p>&#8220;<em>T\u0259r\u0259fl\u0259r regional t\u0259hl\u00fck\u0259sizlik v\u0259 sabitlikl\u0259 ba\u011fl\u0131 m\u0259s\u0259l\u0259l\u0259r\u0259 toxunublar. Erm\u0259nistanla Az\u0259rbaycan aras\u0131nda m\u00fcnasib\u0259tl\u0259rin t\u0259nziml\u0259nm\u0259si prosesind\u0259 son hadis\u0259l\u0259r\u0259 v\u0259 s\u00fclh m\u00fcqavil\u0259si layih\u0259sin\u0259 t\u0259r\u0259fl\u0259rin yana\u015fmalar\u0131 m\u00fczakir\u0259 edilib. Erm\u0259nistan t\u0259r\u0259fi Va\u015finqtonda Az\u0259rbaycan\u0131n xarici i\u015fl\u0259r naziri il\u0259 g\u00f6r\u00fc\u015f\u00fcn ke\u00e7irilm\u0259sin\u0259 dair AB\u015e-\u0131n t\u0259klifin\u0259 m\u00fcsb\u0259t cavab verib\u201d, <\/em>&#8211; dey\u0259 m\u0259lumatda qeyd <a href=\"https:\/\/news.am\/rus\/news\/796583.html\">olunur<\/a>.<\/p>\n\n\n\n<p>Az\u0259rbaycan Xarici \u0130\u015fl\u0259r Nazirliyi Va\u015finqtonda g\u00f6r\u00fc\u015f\u00fcn ke\u00e7irilm\u0259si il\u0259 ba\u011fl\u0131 d\u0259v\u0259t\u0259 h\u0259l\u0259 reaksiya verm\u0259yib.<\/p>\n\n\n<div class=\"wp-block-image\">\n<figure class=\"aligncenter size-large\"><img decoding=\"async\" data-src=\"https:\/\/www.meydan.tv\/wp-content\/uploads\/1-28-1200x675.jpg\" alt=\"\" class=\"wp-image-292194 lazyload\" src=\"data:image\/svg+xml;base64,PHN2ZyB3aWR0aD0iMSIgaGVpZ2h0PSIxIiB4bWxucz0iaHR0cDovL3d3dy53My5vcmcvMjAwMC9zdmciPjwvc3ZnPg==\" style=\"--smush-placeholder-width: 1200px; --smush-placeholder-aspect-ratio: 1200\/675;\" \/><figcaption class=\"wp-element-caption\">Ceyms O&#8217;Brayn. Foto: &#8220;Turan&#8221;<\/figcaption><\/figure>\n<\/div>\n\n\n<p>Dekabr\u0131n 7-d\u0259 AB\u015e d\u00f6vl\u0259t katibinin Avropa v\u0259 Avrasiya m\u0259s\u0259l\u0259l\u0259ri \u00fczr\u0259 k\u00f6m\u0259k\u00e7isi Ceyms O\u2019Brayn Bak\u0131da ke\u00e7irdiyi g\u00f6r\u00fc\u015fl\u0259rd\u0259n sonra \u201cX\u201d sosial \u015f\u0259b\u0259k\u0259sind\u0259 (ke\u00e7mi\u015f Twitter) yazm\u0131\u015fd\u0131 ki, Entoni Blinken Va\u015finqtonda Az\u0259rbaycan v\u0259 Erm\u0259nistan xarici i\u015fl\u0259r nazirl\u0259rini dan\u0131\u015f\u0131qlar \u00fc\u00e7\u00fcn <a href=\"https:\/\/storage.googleapis.com\/qurium\/www.meydan.tv\/az-article-ceyms-obrayn-blinken-bayramovla-mirzoyani-vasinqtonda-gozleyir.html\">g\u00f6zl\u0259yir<\/a>.<\/p>\n\n\n\n<p>Erm\u0259nistan parlamentinin spikeri Alen Simonyan dekabr\u0131n 7-d\u0259 yerli mediaya deyib ki, Az\u0259rbaycanla s\u00fclh m\u00fcqavil\u0259si 10 v\u0259 ya 5 g\u00fcn \u0259rzind\u0259 imzalana bil\u0259r:<\/p>\n\n\n\n<p>&#8220;<em>T\u0259klifl\u0259rimizi g\u00f6nd\u0259rmi\u015fik, bu, art\u0131q 6-c\u0131 m\u00fcbadil\u0259dir. Az\u0259rbaycan he\u00e7 n\u0259yi d\u0259yi\u015fm\u0259s\u0259, yeni t\u0259klifl\u0259r ir\u0259li s\u00fcrm\u0259y\u0259c\u0259k\u2024\u2024\u2024 bunu bir ne\u00e7\u0259 g\u00fcn \u0259rzind\u0259 ed\u0259 <a href=\"https:\/\/armenianreport.com\/ru\/pubs\/371626\/\">bil\u0259rsiniz\u201d<\/a>.<\/em><\/p>\n\n\n\n<p><strong>Tarix\u00e7\u0259<\/strong><\/p>\n\n\n\n<p>2020-ci ilin sentyabr\u0131nda Az\u0259rbaycan v\u0259 Erm\u0259nistan silahl\u0131 q\u00fcvv\u0259l\u0259ri aras\u0131nda 44 g\u00fcnl\u00fck \u0130kinci Qaraba\u011f m\u00fcharib\u0259si ba\u015f verib.<\/p>\n\n\n\n<p>Az\u0259rbaycan Qaraba\u011f\u0131n bir hiss\u0259sin\u0259 v\u0259 \u0259traf 7 rayona n\u0259zar\u0259ti b\u0259rpa edib.<br>2023-c\u00fc ilin sentyabr\u0131n 19-da Az\u0259rbaycan Qaraba\u011fda lokal h\u0259rbi \u0259m\u0259liyyat ke\u00e7irib.<\/p>\n\n\n\n<p>Sentyabr\u0131n 28-d\u0259 separat\u00e7\u0131 \u201cDa\u011fl\u0131q Qaraba\u011f\u0131n (Artsax) Prezidenti\u201d Samvel \u015eahramanyan \u201crespublika\u201dn\u0131n burax\u0131lmas\u0131 bar\u0259d\u0259 f\u0259rman imzalay\u0131b.<\/p>\n\n\n\n<p>O, f\u0259rman\u0131 19 sentyabr 2023-c\u00fc ild\u0259n sonra yaranm\u0131\u015f v\u0259ziyy\u0259tl\u0259 \u0259laq\u0259l\u0259ndirib.<\/p>\n\n\n\n<p>Oktyabr\u0131n 15-d\u0259 is\u0259 Prezident \u0130lham \u018fliyev Xank\u0259ndi \u015f\u0259h\u0259rin\u0259 s\u0259f\u0259r edib.<br>Prezident Xank\u0259ndid\u0259 Az\u0259rbaycan bayra\u011f\u0131n\u0131 qald\u0131r\u0131b v\u0259 \u00e7\u0131x\u0131\u015f edib.<br>\u00c7\u0131x\u0131\u015f\u0131nda Az\u0259rbaycan\u0131n \u00f6z suverenliyini tam b\u0259rpa etdiyini, Qaraba\u011f probleminin bitdiyini, m\u00fcnaqi\u015f\u0259nin sona \u00e7atd\u0131\u011f\u0131n\u0131 deyib.<\/p>\n","protected":false},"excerpt":{"rendered":"<p>\u00d6lk\u0259l\u0259r aras\u0131nda raz\u0131l\u0131q \u0259ld\u0259 olundu\u011fu deyilir Az\u0259rbaycan\u0131n erm\u0259ni\u0259silli 32 \u015f\u0259xsi, &#8230; <\/p>\n<p class=\"read-more-container\"><a title=\"Az\u0259rbaycan 32, Erm\u0259nistan 2 h\u0259rb\u00e7ini geri qaytaracaq\" class=\"read-more button\" href=\"https:\/\/www.meydan.tv\/az\/article\/azerbaycan-32-ermenistan-2-herbcini-geri-qaytaracaq\/#more-292402\" aria-label=\"Read more about Az\u0259rbaycan 32, Erm\u0259nistan 2 h\u0259rb\u00e7ini geri qaytaracaq\">Davam\u0131<\/a><\/p>\n","protected":false},"author":8,"featured_media":259111,"comment_status":"closed","ping_status":"closed","sticky":false,"template":"","format":"standard","meta":{"_acf_changed":false,"_sitemap_exclude":false,"_sitemap_priority":"","_sitemap_frequency":"","footnotes":""},"categories":[59,79,56],"tags":[],"class_list":["post-292402","post","type-post","status-publish","format-standard","has-post-thumbnail","hentry","category-siyaset","category-featured","category-xeberler","infinite-scroll-item","generate-columns","tablet-grid-50","mobile-grid-100","grid-parent","grid-33","no-featured-image-padding"],"acf":[],"yoast_head":"<!-- This site is optimized with the Yoast SEO plugin v27.4 - https:\/\/yoast.com\/product\/yoast-seo-wordpress\/ -->\n<title>Az\u0259rbaycan 32, Erm\u0259nistan 2 h\u0259rb\u00e7ini geri qaytaracaq - MEYDAN.TV<\/title>\n<meta name=\"robots\" content=\"index, follow, max-snippet:-1, max-image-preview:large, max-video-preview:-1\" \/>\n<link rel=\"canonical\" href=\"https:\/\/www.meydan.tv\/az\/article\/azerbaycan-32-ermenistan-2-herbcini-geri-qaytaracaq\/\" \/>\n<meta property=\"og:locale\" content=\"az_AZ\" \/>\n<meta property=\"og:type\" content=\"article\" \/>\n<meta property=\"og:title\" content=\"Az\u0259rbaycan 32, Erm\u0259nistan 2 h\u0259rb\u00e7ini geri qaytaracaq - MEYDAN.TV\" \/>\n<meta property=\"og:description\" content=\"\u00d6lk\u0259l\u0259r aras\u0131nda raz\u0131l\u0131q \u0259ld\u0259 olundu\u011fu deyilir Az\u0259rbaycan\u0131n erm\u0259ni\u0259silli 32 \u015f\u0259xsi, ... Davam\u0131\" \/>\n<meta property=\"og:url\" content=\"https:\/\/www.meydan.tv\/az\/article\/azerbaycan-32-ermenistan-2-herbcini-geri-qaytaracaq\/\" \/>\n<meta property=\"og:site_name\" content=\"MEYDAN.TV\" \/>\n<meta property=\"article:published_time\" content=\"2023-12-07T19:32:12+00:00\" \/>\n<meta property=\"article:modified_time\" content=\"2023-12-08T06:21:37+00:00\" \/>\n<meta property=\"og:image\" content=\"https:\/\/www.meydan.tv\/wp-content\/uploads\/shutterstock_1824689228.jpg\" \/>\n\t<meta property=\"og:image:width\" content=\"1200\" \/>\n\t<meta property=\"og:image:height\" content=\"462\" \/>\n\t<meta property=\"og:image:type\" content=\"image\/jpeg\" \/>\n<meta name=\"author\" content=\"elli\" \/>\n<meta name=\"twitter:card\" content=\"summary_large_image\" \/>\n<meta name=\"twitter:creator\" content=\"@elli\" \/>\n<script type=\"application\/ld+json\" class=\"yoast-schema-graph\">{\"@context\":\"https:\\\/\\\/schema.org\",\"@graph\":[{\"@type\":\"Article\",\"@id\":\"https:\\\/\\\/www.meydan.tv\\\/az\\\/article\\\/azerbaycan-32-ermenistan-2-herbcini-geri-qaytaracaq\\\/#article\",\"isPartOf\":{\"@id\":\"https:\\\/\\\/www.meydan.tv\\\/az\\\/article\\\/azerbaycan-32-ermenistan-2-herbcini-geri-qaytaracaq\\\/\"},\"author\":{\"name\":\"elli\",\"@id\":\"https:\\\/\\\/www.meydan.tv\\\/az\\\/#\\\/schema\\\/person\\\/9cdbecf90d17180ce1dfbd95b08dcf47\"},\"headline\":\"Az\u0259rbaycan 32, Erm\u0259nistan 2 h\u0259rb\u00e7ini geri qaytaracaq\",\"datePublished\":\"2023-12-07T19:32:12+00:00\",\"dateModified\":\"2023-12-08T06:21:37+00:00\",\"mainEntityOfPage\":{\"@id\":\"https:\\\/\\\/www.meydan.tv\\\/az\\\/article\\\/azerbaycan-32-ermenistan-2-herbcini-geri-qaytaracaq\\\/\"},\"wordCount\":910,\"publisher\":{\"@id\":\"https:\\\/\\\/www.meydan.tv\\\/az\\\/#organization\"},\"image\":{\"@id\":\"https:\\\/\\\/www.meydan.tv\\\/az\\\/article\\\/azerbaycan-32-ermenistan-2-herbcini-geri-qaytaracaq\\\/#primaryimage\"},\"thumbnailUrl\":\"https:\\\/\\\/www.meydan.tv\\\/wp-content\\\/uploads\\\/shutterstock_1824689228.jpg\",\"articleSection\":[\"Siyas\u0259t\",\"T\u00f6vsiy\u0259\",\"X\u0259b\u0259rl\u0259r\"],\"inLanguage\":\"az\"},{\"@type\":\"WebPage\",\"@id\":\"https:\\\/\\\/www.meydan.tv\\\/az\\\/article\\\/azerbaycan-32-ermenistan-2-herbcini-geri-qaytaracaq\\\/\",\"url\":\"https:\\\/\\\/www.meydan.tv\\\/az\\\/article\\\/azerbaycan-32-ermenistan-2-herbcini-geri-qaytaracaq\\\/\",\"name\":\"Az\u0259rbaycan 32, Erm\u0259nistan 2 h\u0259rb\u00e7ini geri qaytaracaq - MEYDAN.TV\",\"isPartOf\":{\"@id\":\"https:\\\/\\\/www.meydan.tv\\\/az\\\/#website\"},\"primaryImageOfPage\":{\"@id\":\"https:\\\/\\\/www.meydan.tv\\\/az\\\/article\\\/azerbaycan-32-ermenistan-2-herbcini-geri-qaytaracaq\\\/#primaryimage\"},\"image\":{\"@id\":\"https:\\\/\\\/www.meydan.tv\\\/az\\\/article\\\/azerbaycan-32-ermenistan-2-herbcini-geri-qaytaracaq\\\/#primaryimage\"},\"thumbnailUrl\":\"https:\\\/\\\/www.meydan.tv\\\/wp-content\\\/uploads\\\/shutterstock_1824689228.jpg\",\"datePublished\":\"2023-12-07T19:32:12+00:00\",\"dateModified\":\"2023-12-08T06:21:37+00:00\",\"breadcrumb\":{\"@id\":\"https:\\\/\\\/www.meydan.tv\\\/az\\\/article\\\/azerbaycan-32-ermenistan-2-herbcini-geri-qaytaracaq\\\/#breadcrumb\"},\"inLanguage\":\"az\",\"potentialAction\":[{\"@type\":\"ReadAction\",\"target\":[\"https:\\\/\\\/www.meydan.tv\\\/az\\\/article\\\/azerbaycan-32-ermenistan-2-herbcini-geri-qaytaracaq\\\/\"]}]},{\"@type\":\"ImageObject\",\"inLanguage\":\"az\",\"@id\":\"https:\\\/\\\/www.meydan.tv\\\/az\\\/article\\\/azerbaycan-32-ermenistan-2-herbcini-geri-qaytaracaq\\\/#primaryimage\",\"url\":\"https:\\\/\\\/www.meydan.tv\\\/wp-content\\\/uploads\\\/shutterstock_1824689228.jpg\",\"contentUrl\":\"https:\\\/\\\/www.meydan.tv\\\/wp-content\\\/uploads\\\/shutterstock_1824689228.jpg\",\"width\":1200,\"height\":462,\"caption\":\"Az\u0259rbaycan-Erm\u0259nistan. M\u0259nb\u0259: rawf8\\\/shutterstock\"},{\"@type\":\"BreadcrumbList\",\"@id\":\"https:\\\/\\\/www.meydan.tv\\\/az\\\/article\\\/azerbaycan-32-ermenistan-2-herbcini-geri-qaytaracaq\\\/#breadcrumb\",\"itemListElement\":[{\"@type\":\"ListItem\",\"position\":1,\"name\":\"Ana s\u0259hif\u0259\",\"item\":\"https:\\\/\\\/www.meydan.tv\\\/az\\\/\"},{\"@type\":\"ListItem\",\"position\":2,\"name\":\"Siyas\u0259t\",\"item\":\"https:\\\/\\\/www.meydan.tv\\\/az\\\/section\\\/siyaset\\\/\"},{\"@type\":\"ListItem\",\"position\":3,\"name\":\"Az\u0259rbaycan 32, Erm\u0259nistan 2 h\u0259rb\u00e7ini geri qaytaracaq\"}]},{\"@type\":\"WebSite\",\"@id\":\"https:\\\/\\\/www.meydan.tv\\\/az\\\/#website\",\"url\":\"https:\\\/\\\/www.meydan.tv\\\/az\\\/\",\"name\":\"MEYDAN.TV\",\"description\":\"Meydan TV Az\u0259rbaycan\u0131n media m\u0259kan\u0131ndak\u0131 alternativ s\u0259sidir\",\"publisher\":{\"@id\":\"https:\\\/\\\/www.meydan.tv\\\/az\\\/#organization\"},\"potentialAction\":[{\"@type\":\"SearchAction\",\"target\":{\"@type\":\"EntryPoint\",\"urlTemplate\":\"https:\\\/\\\/www.meydan.tv\\\/az\\\/?s={search_term_string}\"},\"query-input\":{\"@type\":\"PropertyValueSpecification\",\"valueRequired\":true,\"valueName\":\"search_term_string\"}}],\"inLanguage\":\"az\"},{\"@type\":\"Organization\",\"@id\":\"https:\\\/\\\/www.meydan.tv\\\/az\\\/#organization\",\"name\":\"Meydan TV\",\"url\":\"https:\\\/\\\/www.meydan.tv\\\/az\\\/\",\"logo\":{\"@type\":\"ImageObject\",\"inLanguage\":\"az\",\"@id\":\"https:\\\/\\\/www.meydan.tv\\\/az\\\/#\\\/schema\\\/logo\\\/image\\\/\",\"url\":\"https:\\\/\\\/www.meydan.tv\\\/wp-content\\\/uploads\\\/2021\\\/07\\\/meydan-logo.svg\",\"contentUrl\":\"https:\\\/\\\/www.meydan.tv\\\/wp-content\\\/uploads\\\/2021\\\/07\\\/meydan-logo.svg\",\"width\":195,\"height\":46,\"caption\":\"Meydan TV\"},\"image\":{\"@id\":\"https:\\\/\\\/www.meydan.tv\\\/az\\\/#\\\/schema\\\/logo\\\/image\\\/\"}},{\"@type\":\"Person\",\"@id\":\"https:\\\/\\\/www.meydan.tv\\\/az\\\/#\\\/schema\\\/person\\\/9cdbecf90d17180ce1dfbd95b08dcf47\",\"name\":\"elli\",\"sameAs\":[\"https:\\\/\\\/x.com\\\/elli\"]}]}<\/script>\n<!-- \/ Yoast SEO plugin. -->","yoast_head_json":{"title":"Az\u0259rbaycan 32, Erm\u0259nistan 2 h\u0259rb\u00e7ini geri qaytaracaq - MEYDAN.TV","robots":{"index":"index","follow":"follow","max-snippet":"max-snippet:-1","max-image-preview":"max-image-preview:large","max-video-preview":"max-video-preview:-1"},"canonical":"https:\/\/www.meydan.tv\/az\/article\/azerbaycan-32-ermenistan-2-herbcini-geri-qaytaracaq\/","og_locale":"az_AZ","og_type":"article","og_title":"Az\u0259rbaycan 32, Erm\u0259nistan 2 h\u0259rb\u00e7ini geri qaytaracaq - MEYDAN.TV","og_description":"\u00d6lk\u0259l\u0259r aras\u0131nda raz\u0131l\u0131q \u0259ld\u0259 olundu\u011fu deyilir Az\u0259rbaycan\u0131n erm\u0259ni\u0259silli 32 \u015f\u0259xsi, ... Davam\u0131","og_url":"https:\/\/www.meydan.tv\/az\/article\/azerbaycan-32-ermenistan-2-herbcini-geri-qaytaracaq\/","og_site_name":"MEYDAN.TV","article_published_time":"2023-12-07T19:32:12+00:00","article_modified_time":"2023-12-08T06:21:37+00:00","og_image":[{"width":1200,"height":462,"url":"https:\/\/www.meydan.tv\/wp-content\/uploads\/shutterstock_1824689228.jpg","type":"image\/jpeg"}],"author":"elli","twitter_card":"summary_large_image","twitter_creator":"@elli","schema":{"@context":"https:\/\/schema.org","@graph":[{"@type":"Article","@id":"https:\/\/www.meydan.tv\/az\/article\/azerbaycan-32-ermenistan-2-herbcini-geri-qaytaracaq\/#article","isPartOf":{"@id":"https:\/\/www.meydan.tv\/az\/article\/azerbaycan-32-ermenistan-2-herbcini-geri-qaytaracaq\/"},"author":{"name":"elli","@id":"https:\/\/www.meydan.tv\/az\/#\/schema\/person\/9cdbecf90d17180ce1dfbd95b08dcf47"},"headline":"Az\u0259rbaycan 32, Erm\u0259nistan 2 h\u0259rb\u00e7ini geri qaytaracaq","datePublished":"2023-12-07T19:32:12+00:00","dateModified":"2023-12-08T06:21:37+00:00","mainEntityOfPage":{"@id":"https:\/\/www.meydan.tv\/az\/article\/azerbaycan-32-ermenistan-2-herbcini-geri-qaytaracaq\/"},"wordCount":910,"publisher":{"@id":"https:\/\/www.meydan.tv\/az\/#organization"},"image":{"@id":"https:\/\/www.meydan.tv\/az\/article\/azerbaycan-32-ermenistan-2-herbcini-geri-qaytaracaq\/#primaryimage"},"thumbnailUrl":"https:\/\/www.meydan.tv\/wp-content\/uploads\/shutterstock_1824689228.jpg","articleSection":["Siyas\u0259t","T\u00f6vsiy\u0259","X\u0259b\u0259rl\u0259r"],"inLanguage":"az"},{"@type":"WebPage","@id":"https:\/\/www.meydan.tv\/az\/article\/azerbaycan-32-ermenistan-2-herbcini-geri-qaytaracaq\/","url":"https:\/\/www.meydan.tv\/az\/article\/azerbaycan-32-ermenistan-2-herbcini-geri-qaytaracaq\/","name":"Az\u0259rbaycan 32, Erm\u0259nistan 2 h\u0259rb\u00e7ini geri qaytaracaq - MEYDAN.TV","isPartOf":{"@id":"https:\/\/www.meydan.tv\/az\/#website"},"primaryImageOfPage":{"@id":"https:\/\/www.meydan.tv\/az\/article\/azerbaycan-32-ermenistan-2-herbcini-geri-qaytaracaq\/#primaryimage"},"image":{"@id":"https:\/\/www.meydan.tv\/az\/article\/azerbaycan-32-ermenistan-2-herbcini-geri-qaytaracaq\/#primaryimage"},"thumbnailUrl":"https:\/\/www.meydan.tv\/wp-content\/uploads\/shutterstock_1824689228.jpg","datePublished":"2023-12-07T19:32:12+00:00","dateModified":"2023-12-08T06:21:37+00:00","breadcrumb":{"@id":"https:\/\/www.meydan.tv\/az\/article\/azerbaycan-32-ermenistan-2-herbcini-geri-qaytaracaq\/#breadcrumb"},"inLanguage":"az","potentialAction":[{"@type":"ReadAction","target":["https:\/\/www.meydan.tv\/az\/article\/azerbaycan-32-ermenistan-2-herbcini-geri-qaytaracaq\/"]}]},{"@type":"ImageObject","inLanguage":"az","@id":"https:\/\/www.meydan.tv\/az\/article\/azerbaycan-32-ermenistan-2-herbcini-geri-qaytaracaq\/#primaryimage","url":"https:\/\/www.meydan.tv\/wp-content\/uploads\/shutterstock_1824689228.jpg","contentUrl":"https:\/\/www.meydan.tv\/wp-content\/uploads\/shutterstock_1824689228.jpg","width":1200,"height":462,"caption":"Az\u0259rbaycan-Erm\u0259nistan. M\u0259nb\u0259: rawf8\/shutterstock"},{"@type":"BreadcrumbList","@id":"https:\/\/www.meydan.tv\/az\/article\/azerbaycan-32-ermenistan-2-herbcini-geri-qaytaracaq\/#breadcrumb","itemListElement":[{"@type":"ListItem","position":1,"name":"Ana s\u0259hif\u0259","item":"https:\/\/www.meydan.tv\/az\/"},{"@type":"ListItem","position":2,"name":"Siyas\u0259t","item":"https:\/\/www.meydan.tv\/az\/section\/siyaset\/"},{"@type":"ListItem","position":3,"name":"Az\u0259rbaycan 32, Erm\u0259nistan 2 h\u0259rb\u00e7ini geri qaytaracaq"}]},{"@type":"WebSite","@id":"https:\/\/www.meydan.tv\/az\/#website","url":"https:\/\/www.meydan.tv\/az\/","name":"MEYDAN.TV","description":"Meydan TV Az\u0259rbaycan\u0131n media m\u0259kan\u0131ndak\u0131 alternativ s\u0259sidir","publisher":{"@id":"https:\/\/www.meydan.tv\/az\/#organization"},"potentialAction":[{"@type":"SearchAction","target":{"@type":"EntryPoint","urlTemplate":"https:\/\/www.meydan.tv\/az\/?s={search_term_string}"},"query-input":{"@type":"PropertyValueSpecification","valueRequired":true,"valueName":"search_term_string"}}],"inLanguage":"az"},{"@type":"Organization","@id":"https:\/\/www.meydan.tv\/az\/#organization","name":"Meydan TV","url":"https:\/\/www.meydan.tv\/az\/","logo":{"@type":"ImageObject","inLanguage":"az","@id":"https:\/\/www.meydan.tv\/az\/#\/schema\/logo\/image\/","url":"https:\/\/www.meydan.tv\/wp-content\/uploads\/2021\/07\/meydan-logo.svg","contentUrl":"https:\/\/www.meydan.tv\/wp-content\/uploads\/2021\/07\/meydan-logo.svg","width":195,"height":46,"caption":"Meydan TV"},"image":{"@id":"https:\/\/www.meydan.tv\/az\/#\/schema\/logo\/image\/"}},{"@type":"Person","@id":"https:\/\/www.meydan.tv\/az\/#\/schema\/person\/9cdbecf90d17180ce1dfbd95b08dcf47","name":"elli","sameAs":["https:\/\/x.com\/elli"]}]}},"_links":{"self":[{"href":"https:\/\/www.meydan.tv\/az\/wp-json\/wp\/v2\/posts\/292402","targetHints":{"allow":["GET"]}}],"collection":[{"href":"https:\/\/www.meydan.tv\/az\/wp-json\/wp\/v2\/posts"}],"about":[{"href":"https:\/\/www.meydan.tv\/az\/wp-json\/wp\/v2\/types\/post"}],"author":[{"embeddable":true,"href":"https:\/\/www.meydan.tv\/az\/wp-json\/wp\/v2\/users\/8"}],"replies":[{"embeddable":true,"href":"https:\/\/www.meydan.tv\/az\/wp-json\/wp\/v2\/comments?post=292402"}],"version-history":[{"count":3,"href":"https:\/\/www.meydan.tv\/az\/wp-json\/wp\/v2\/posts\/292402\/revisions"}],"predecessor-version":[{"id":292406,"href":"https:\/\/www.meydan.tv\/az\/wp-json\/wp\/v2\/posts\/292402\/revisions\/292406"}],"wp:featuredmedia":[{"embeddable":true,"href":"https:\/\/www.meydan.tv\/az\/wp-json\/wp\/v2\/media\/259111"}],"wp:attachment":[{"href":"https:\/\/www.meydan.tv\/az\/wp-json\/wp\/v2\/media?parent=292402"}],"wp:term":[{"taxonomy":"category","embeddable":true,"href":"https:\/\/www.meydan.tv\/az\/wp-json\/wp\/v2\/categories?post=292402"},{"taxonomy":"post_tag","embeddable":true,"href":"https:\/\/www.meydan.tv\/az\/wp-json\/wp\/v2\/tags?post=292402"}],"curies":[{"name":"wp","href":"https:\/\/api.w.org\/{rel}","templated":true}]}}