{"id":292323,"date":"2023-12-07T13:49:11","date_gmt":"2023-12-07T09:49:11","guid":{"rendered":"https:\/\/www.meydan.tv\/?p=292323"},"modified":"2023-12-07T13:49:16","modified_gmt":"2023-12-07T09:49:16","slug":"pensiyalar-neye-catir","status":"publish","type":"post","link":"https:\/\/www.meydan.tv\/az\/article\/pensiyalar-neye-catir\/","title":{"rendered":"Pensiyalar n\u0259y\u0259 \u00e7at\u0131r?"},"content":{"rendered":"\n<p><\/p>\n\n\n\n<p><strong><em>\u201cN\u0259 q\u0259d\u0259r q\u0259na\u0259tl\u0259 x\u0259rcl\u0259s\u0259n d\u0259, \u00e7atd\u0131rmaq olmur\u201d<\/em><\/strong><\/p>\n\n\n\n<p>\u0130mi\u015flid\u0259 ya\u015fayan, d\u00f6rd n\u0259f\u0259rd\u0259n ibar\u0259t H\u0259s\u0259novlar ail\u0259sind\u0259n iki n\u0259f\u0259r ya\u015fl\u0131l\u0131\u011fa g\u00f6r\u0259 pensiya al\u0131r.<\/p>\n\n\n\n<p>B\u0259s d\u00f6vl\u0259td\u0259n ald\u0131qlar\u0131 pulu aidiyyat\u0131 \u00fczr\u0259 x\u0259rcl\u0259y\u0259 bilirl\u0259rmi?<\/p>\n\n\n\n<p><em>\u201c\u0130ki aya n\u0259v\u0259miz olacaq. Yolda\u015f\u0131m 290, m\u0259n 240 manat pensiya al\u0131ram. O\u011flum marketd\u0259 i\u015fl\u0259yir, maa\u015f\u0131 350 manatd\u0131r, g\u0259linim is\u0259 ingilis dili m\u00fc\u0259llimliyini bitirib, h\u0259l\u0259 imtahan ver\u0259 bilm\u0259yib, hamil\u0259dir\u201d<\/em>, &#8211; G\u00fclt\u0259kin H\u0259s\u0259nova deyir.<\/p>\n\n\n\n<p>Bildirir ki, yolda\u015f\u0131 il\u0259 ikisinin pensiyas\u0131 birg\u0259 he\u00e7 alt\u0131 y\u00fcz manata \u00e7atm\u0131r. \u00dcst\u0259lik, ald\u0131qlar\u0131 pulla h\u0259kim\u0259 ged\u0259, d\u0259rman ala bilmirl\u0259r. \u0130ld\u0259 bir-iki g\u00fcnl\u00fck dinc\u0259lm\u0259k is\u0259 \u00fcmumiyy\u0259tl\u0259, onlar \u00fc\u00e7\u00fcn \u0259l\u00e7atmazd\u0131r:<\/p>\n\n\n\n<p><em>\u201cPensiyaya \u00e7\u0131xmadan \u00f6nc\u0259 v\u0259ziyy\u0259t daha pis idi. Yolda\u015f\u0131m i\u015fl\u0259yirdi, 300 manat al\u0131rd\u0131, h\u0259min vaxt u\u015faq da i\u015fl\u0259mirdi. H\u0259mi\u015f\u0259 d\u00fc\u015f\u00fcn\u00fcrd\u00fcm ki, evimiz\u0259 600-700 manat girs\u0259, yax\u015f\u0131 dolanar\u0131q. \u0130ndi ayl\u0131q pulumuz arzulad\u0131\u011f\u0131m m\u0259bl\u0259\u011fd\u0259n \u00e7oxdur. G\u0259lin d\u0259 evd\u0259 qon\u015fu u\u015faqlar\u0131n d\u0259rsl\u0259rin\u0259 k\u00f6m\u0259k edir, ayda 200 manatad\u0259k d\u0259 o al\u0131r. Amma di g\u0259l ki, he\u00e7 n\u0259yimiz\u0259 \u00e7atm\u0131r\u201d.<\/em><\/p>\n\n\n\n<p>G\u00fclt\u0259kin H\u0259s\u0259nova deyir ki, q\u0131\u015fda qaz\u0131 limitd\u0259n art\u0131q i\u015fl\u0259dirl\u0259r, aya 50-60 manat tutur. Elektrik\u0259 d\u0259 h\u0259r ay hardasa 35-40 manat verirl\u0259r. Su is\u0259 yayda 5-6 manat, indi 2-3 manata ba\u015fa g\u0259lir.<\/p>\n\n\n\n<p><em>\u201cBir bax\u0131n, mal \u0259tinin qiym\u0259ti 14, qoyun \u0259ti 17-19 manat civar\u0131ndad\u0131r. N\u0259 q\u0259d\u0259r q\u0259na\u0259tl\u0259 x\u0259rcl\u0259s\u0259n d\u0259, \u00e7atd\u0131rmaq olmur, iki aya k\u00f6rp\u0259 d\u0259 g\u0259lir, onun bezi, ehtiyaclar\u0131 da \u00fcst\u00fcn\u0259 g\u0259l\u0259c\u0259k. Bir s\u00f6zl\u0259, bizim pensiyam\u0131z evin x\u0259rcl\u0259rin\u0259, n\u0259 bilim, \u0259rza\u011fa, kommunala gedir, \u00f6z\u00fcm\u00fcz\u0259 bir q\u0259pik qalm\u0131r. \u018fvv\u0259l 500 manata bir ail\u0259 dolan\u0131rd\u0131, indi artan qiym\u0259tl\u0259rl\u0259 m\u00fcmk\u00fcn deyil\u201d.<\/em><\/p>\n\n\n\n<p>Bu yax\u0131nlarda Milli M\u0259clisin \u018fm\u0259k v\u0259 sosial siyas\u0259t komit\u0259sinin iclas\u0131nda \u018fm\u0259k v\u0259 \u0259halinin sosial m\u00fcdafi\u0259si naziri Sahil Babayev a\u00e7\u0131qlad\u0131 ki, Az\u0259rbaycanda median pensiya 360 manata \u00e7at\u0131b.<\/p>\n\n\n\n<p>\u0130qtisad\u00e7\u0131 R\u00f6v\u015f\u0259n A\u011fayev deyir ki, bu, o dem\u0259kdir ki, haz\u0131rda pensiya alan 1,1 milyon n\u0259f\u0259r insan\u0131n tam yar\u0131s\u0131, t\u0259xmin\u0259n 550 min n\u0259f\u0259rinin ayl\u0131q pensiyas\u0131 360 manat\u0131n a\u015fa\u011f\u0131s\u0131nda, yerd\u0259 qalan yar\u0131s\u0131n\u0131n da ald\u0131\u011f\u0131 m\u0259bl\u0259\u011f bu r\u0259q\u0259min \u00fcz\u0259rind\u0259dir.<\/p>\n\n\n<div class=\"wp-block-image\">\n<figure class=\"alignleft size-large is-resized\"><img decoding=\"async\" width=\"1200\" height=\"800\" data-src=\"https:\/\/www.meydan.tv\/wp-content\/uploads\/image_from_ios_177-1200x800.jpg\" alt=\"R\u00f6v\u015f\u0259n A\u011fayev\" class=\"wp-image-210010 lazyload\" style=\"--smush-placeholder-width: 1200px; --smush-placeholder-aspect-ratio: 1200\/800;width:402px;height:auto\" src=\"data:image\/svg+xml;base64,PHN2ZyB3aWR0aD0iMSIgaGVpZ2h0PSIxIiB4bWxucz0iaHR0cDovL3d3dy53My5vcmcvMjAwMC9zdmciPjwvc3ZnPg==\" \/><figcaption class=\"wp-element-caption\">M\u0259nb\u0259: Meydan TV<\/figcaption><\/figure>\n<\/div>\n\n\n<p>\u201cBaku Research \u0130nstitute\u201dnun <a href=\"https:\/\/bakuresearchinstitute.org\/regionlarda-orta-ayliq-pensiya-median-pensiyadan-ne-qeder-asagidir\/\">ara\u015fd\u0131rmas\u0131na <\/a>g\u00f6r\u0259, Az\u0259rbaycanda orta pensiya m\u0259bl\u0259\u011fi 372.13 manatd\u0131r.<br>Lakin Az\u0259rbaycan\u0131n dem\u0259k olar, b\u00fct\u00fcn b\u00f6lg\u0259l\u0259rind\u0259 pensiya m\u0259bl\u0259\u011fi median pensiyadan a\u015fa\u011f\u0131d\u0131r.<\/p>\n\n\n\n<p>Orta ayl\u0131q pensiyan\u0131n median pensiyaya baxanda y\u00fcks\u0259k oldu\u011fu yegan\u0259 inzibati \u015f\u0259h\u0259r Bak\u0131d\u0131r &#8211; 139.55 manat \u00e7oxdur.<\/p>\n\n\n\n<p>M\u0259s\u0259l\u0259n, orta ayl\u0131q pensiyan\u0131n median pensiyadan \u0259n a\u015fa\u011f\u0131 olan inzibati rayon Sabirabadd\u0131r. Y\u0259ni burada insanlar 372.13 manatdan 97.84 manat daha a\u015fa\u011f\u0131 pensiya al\u0131rlar.<\/p>\n\n\n\n<p>\u0130mi\u015fli t\u0259qa\u00fcd\u00e7\u00fcl\u0259rinin ald\u0131\u011f\u0131 m\u0259bl\u0259\u011f orta ayl\u0131q pensiya m\u0259bl\u0259\u011find\u0259n 63.04, F\u00fczulid\u0259 46.29, C\u0259bray\u0131lda 55.16, Salyanda 58.20, X\u0131z\u0131da 58.44, \u015eabranda 50.76, Zaqatalada 60.46, Astarada 60.27, L\u0259nk\u0259randa 55.52, Qazaxda 55.85 manat a\u015fa\u011f\u0131d\u0131r.<\/p>\n\n\n\n<p>H\u0259r yeni ilin \u0259vv\u0259lind\u0259 Az\u0259rbaycanda pensiyalar \u00f6t\u0259n il \u0259rzind\u0259 \u00f6lk\u0259d\u0259 orta ayl\u0131q \u0259m\u0259khaqq\u0131 m\u0259bl\u0259\u011find\u0259ki art\u0131m m\u0259bl\u0259\u011find\u0259 indeksl\u0259\u015fdirilir. Y\u0259ni \u00f6nc\u0259ki il \u00f6lk\u0259d\u0259 orta ayl\u0131q maa\u015f ne\u00e7\u0259 faiz art\u0131bsa, pensiyalar da o q\u0259d\u0259r art\u0131r\u0131l\u0131r.<\/p>\n\n\n\n<p>Az\u0259rbaycanda orta pensiya m\u00fcdd\u0259ti 12 il olaraq g\u00f6t\u00fcr\u00fcl\u00fcr. Y\u0259ni h\u00f6kum\u0259t d\u00fc\u015f\u00fcn\u00fcr ki, bir pensiya\u00e7\u0131 ortalama 12 il m\u00fcavin\u0259t alacaq.<\/p>\n","protected":false},"excerpt":{"rendered":"<p>\u201cN\u0259 q\u0259d\u0259r q\u0259na\u0259tl\u0259 x\u0259rcl\u0259s\u0259n d\u0259, \u00e7atd\u0131rmaq olmur\u201d \u0130mi\u015flid\u0259 ya\u015fayan, d\u00f6rd &#8230; <\/p>\n<p class=\"read-more-container\"><a title=\"Pensiyalar n\u0259y\u0259 \u00e7at\u0131r?\" class=\"read-more button\" href=\"https:\/\/www.meydan.tv\/az\/article\/pensiyalar-neye-catir\/#more-292323\" aria-label=\"Read more about Pensiyalar n\u0259y\u0259 \u00e7at\u0131r?\">Davam\u0131<\/a><\/p>\n","protected":false},"author":8,"featured_media":225868,"comment_status":"closed","ping_status":"closed","sticky":false,"template":"","format":"standard","meta":{"_acf_changed":false,"_sitemap_exclude":false,"_sitemap_priority":"","_sitemap_frequency":"","footnotes":""},"categories":[62,79,56],"tags":[],"class_list":["post-292323","post","type-post","status-publish","format-standard","has-post-thumbnail","hentry","category-sosial","category-featured","category-xeberler","infinite-scroll-item","generate-columns","tablet-grid-50","mobile-grid-100","grid-parent","grid-33","no-featured-image-padding"],"acf":[],"yoast_head":"<!-- This site is optimized with the Yoast SEO plugin v27.5 - https:\/\/yoast.com\/product\/yoast-seo-wordpress\/ -->\n<title>Pensiyalar n\u0259y\u0259 \u00e7at\u0131r? - MEYDAN.TV<\/title>\n<meta name=\"robots\" content=\"index, follow, max-snippet:-1, max-image-preview:large, max-video-preview:-1\" \/>\n<link rel=\"canonical\" href=\"https:\/\/www.meydan.tv\/az\/article\/pensiyalar-neye-catir\/\" \/>\n<meta property=\"og:locale\" content=\"az_AZ\" \/>\n<meta property=\"og:type\" content=\"article\" \/>\n<meta property=\"og:title\" content=\"Pensiyalar n\u0259y\u0259 \u00e7at\u0131r? - MEYDAN.TV\" \/>\n<meta property=\"og:description\" content=\"\u201cN\u0259 q\u0259d\u0259r q\u0259na\u0259tl\u0259 x\u0259rcl\u0259s\u0259n d\u0259, \u00e7atd\u0131rmaq olmur\u201d \u0130mi\u015flid\u0259 ya\u015fayan, d\u00f6rd ... Davam\u0131\" \/>\n<meta property=\"og:url\" content=\"https:\/\/www.meydan.tv\/az\/article\/pensiyalar-neye-catir\/\" \/>\n<meta property=\"og:site_name\" content=\"MEYDAN.TV\" \/>\n<meta property=\"article:published_time\" content=\"2023-12-07T09:49:11+00:00\" \/>\n<meta property=\"article:modified_time\" content=\"2023-12-07T09:49:16+00:00\" \/>\n<meta property=\"og:image\" content=\"https:\/\/www.meydan.tv\/wp-content\/uploads\/untitled-design-1-1.png\" \/>\n\t<meta property=\"og:image:width\" content=\"1200\" \/>\n\t<meta property=\"og:image:height\" content=\"800\" \/>\n\t<meta property=\"og:image:type\" content=\"image\/png\" \/>\n<meta name=\"author\" content=\"elli\" \/>\n<meta name=\"twitter:card\" content=\"summary_large_image\" \/>\n<meta name=\"twitter:creator\" content=\"@elli\" \/>\n<script type=\"application\/ld+json\" class=\"yoast-schema-graph\">{\"@context\":\"https:\\\/\\\/schema.org\",\"@graph\":[{\"@type\":\"Article\",\"@id\":\"https:\\\/\\\/www.meydan.tv\\\/az\\\/article\\\/pensiyalar-neye-catir\\\/#article\",\"isPartOf\":{\"@id\":\"https:\\\/\\\/www.meydan.tv\\\/az\\\/article\\\/pensiyalar-neye-catir\\\/\"},\"author\":{\"name\":\"elli\",\"@id\":\"https:\\\/\\\/www.meydan.tv\\\/az\\\/#\\\/schema\\\/person\\\/9cdbecf90d17180ce1dfbd95b08dcf47\"},\"headline\":\"Pensiyalar n\u0259y\u0259 \u00e7at\u0131r?\",\"datePublished\":\"2023-12-07T09:49:11+00:00\",\"dateModified\":\"2023-12-07T09:49:16+00:00\",\"mainEntityOfPage\":{\"@id\":\"https:\\\/\\\/www.meydan.tv\\\/az\\\/article\\\/pensiyalar-neye-catir\\\/\"},\"wordCount\":695,\"publisher\":{\"@id\":\"https:\\\/\\\/www.meydan.tv\\\/az\\\/#organization\"},\"image\":{\"@id\":\"https:\\\/\\\/www.meydan.tv\\\/az\\\/article\\\/pensiyalar-neye-catir\\\/#primaryimage\"},\"thumbnailUrl\":\"https:\\\/\\\/www.meydan.tv\\\/wp-content\\\/uploads\\\/untitled-design-1-1.png\",\"articleSection\":[\"Sosial\",\"T\u00f6vsiy\u0259\",\"X\u0259b\u0259rl\u0259r\"],\"inLanguage\":\"az\"},{\"@type\":\"WebPage\",\"@id\":\"https:\\\/\\\/www.meydan.tv\\\/az\\\/article\\\/pensiyalar-neye-catir\\\/\",\"url\":\"https:\\\/\\\/www.meydan.tv\\\/az\\\/article\\\/pensiyalar-neye-catir\\\/\",\"name\":\"Pensiyalar n\u0259y\u0259 \u00e7at\u0131r? - MEYDAN.TV\",\"isPartOf\":{\"@id\":\"https:\\\/\\\/www.meydan.tv\\\/az\\\/#website\"},\"primaryImageOfPage\":{\"@id\":\"https:\\\/\\\/www.meydan.tv\\\/az\\\/article\\\/pensiyalar-neye-catir\\\/#primaryimage\"},\"image\":{\"@id\":\"https:\\\/\\\/www.meydan.tv\\\/az\\\/article\\\/pensiyalar-neye-catir\\\/#primaryimage\"},\"thumbnailUrl\":\"https:\\\/\\\/www.meydan.tv\\\/wp-content\\\/uploads\\\/untitled-design-1-1.png\",\"datePublished\":\"2023-12-07T09:49:11+00:00\",\"dateModified\":\"2023-12-07T09:49:16+00:00\",\"breadcrumb\":{\"@id\":\"https:\\\/\\\/www.meydan.tv\\\/az\\\/article\\\/pensiyalar-neye-catir\\\/#breadcrumb\"},\"inLanguage\":\"az\",\"potentialAction\":[{\"@type\":\"ReadAction\",\"target\":[\"https:\\\/\\\/www.meydan.tv\\\/az\\\/article\\\/pensiyalar-neye-catir\\\/\"]}]},{\"@type\":\"ImageObject\",\"inLanguage\":\"az\",\"@id\":\"https:\\\/\\\/www.meydan.tv\\\/az\\\/article\\\/pensiyalar-neye-catir\\\/#primaryimage\",\"url\":\"https:\\\/\\\/www.meydan.tv\\\/wp-content\\\/uploads\\\/untitled-design-1-1.png\",\"contentUrl\":\"https:\\\/\\\/www.meydan.tv\\\/wp-content\\\/uploads\\\/untitled-design-1-1.png\",\"width\":1200,\"height\":800,\"caption\":\"Foto: By Matej Kastelic\\\/Shutterstock\"},{\"@type\":\"BreadcrumbList\",\"@id\":\"https:\\\/\\\/www.meydan.tv\\\/az\\\/article\\\/pensiyalar-neye-catir\\\/#breadcrumb\",\"itemListElement\":[{\"@type\":\"ListItem\",\"position\":1,\"name\":\"Ana s\u0259hif\u0259\",\"item\":\"https:\\\/\\\/www.meydan.tv\\\/az\\\/\"},{\"@type\":\"ListItem\",\"position\":2,\"name\":\"Sosial\",\"item\":\"https:\\\/\\\/www.meydan.tv\\\/az\\\/section\\\/sosial\\\/\"},{\"@type\":\"ListItem\",\"position\":3,\"name\":\"Pensiyalar n\u0259y\u0259 \u00e7at\u0131r?\"}]},{\"@type\":\"WebSite\",\"@id\":\"https:\\\/\\\/www.meydan.tv\\\/az\\\/#website\",\"url\":\"https:\\\/\\\/www.meydan.tv\\\/az\\\/\",\"name\":\"MEYDAN.TV\",\"description\":\"Meydan TV Az\u0259rbaycan\u0131n media m\u0259kan\u0131ndak\u0131 alternativ s\u0259sidir\",\"publisher\":{\"@id\":\"https:\\\/\\\/www.meydan.tv\\\/az\\\/#organization\"},\"potentialAction\":[{\"@type\":\"SearchAction\",\"target\":{\"@type\":\"EntryPoint\",\"urlTemplate\":\"https:\\\/\\\/www.meydan.tv\\\/az\\\/?s={search_term_string}\"},\"query-input\":{\"@type\":\"PropertyValueSpecification\",\"valueRequired\":true,\"valueName\":\"search_term_string\"}}],\"inLanguage\":\"az\"},{\"@type\":\"Organization\",\"@id\":\"https:\\\/\\\/www.meydan.tv\\\/az\\\/#organization\",\"name\":\"Meydan TV\",\"url\":\"https:\\\/\\\/www.meydan.tv\\\/az\\\/\",\"logo\":{\"@type\":\"ImageObject\",\"inLanguage\":\"az\",\"@id\":\"https:\\\/\\\/www.meydan.tv\\\/az\\\/#\\\/schema\\\/logo\\\/image\\\/\",\"url\":\"https:\\\/\\\/www.meydan.tv\\\/wp-content\\\/uploads\\\/2021\\\/07\\\/meydan-logo.svg\",\"contentUrl\":\"https:\\\/\\\/www.meydan.tv\\\/wp-content\\\/uploads\\\/2021\\\/07\\\/meydan-logo.svg\",\"width\":195,\"height\":46,\"caption\":\"Meydan TV\"},\"image\":{\"@id\":\"https:\\\/\\\/www.meydan.tv\\\/az\\\/#\\\/schema\\\/logo\\\/image\\\/\"}},{\"@type\":\"Person\",\"@id\":\"https:\\\/\\\/www.meydan.tv\\\/az\\\/#\\\/schema\\\/person\\\/9cdbecf90d17180ce1dfbd95b08dcf47\",\"name\":\"elli\",\"sameAs\":[\"https:\\\/\\\/x.com\\\/elli\"]}]}<\/script>\n<!-- \/ Yoast SEO plugin. -->","yoast_head_json":{"title":"Pensiyalar n\u0259y\u0259 \u00e7at\u0131r? - MEYDAN.TV","robots":{"index":"index","follow":"follow","max-snippet":"max-snippet:-1","max-image-preview":"max-image-preview:large","max-video-preview":"max-video-preview:-1"},"canonical":"https:\/\/www.meydan.tv\/az\/article\/pensiyalar-neye-catir\/","og_locale":"az_AZ","og_type":"article","og_title":"Pensiyalar n\u0259y\u0259 \u00e7at\u0131r? - MEYDAN.TV","og_description":"\u201cN\u0259 q\u0259d\u0259r q\u0259na\u0259tl\u0259 x\u0259rcl\u0259s\u0259n d\u0259, \u00e7atd\u0131rmaq olmur\u201d \u0130mi\u015flid\u0259 ya\u015fayan, d\u00f6rd ... Davam\u0131","og_url":"https:\/\/www.meydan.tv\/az\/article\/pensiyalar-neye-catir\/","og_site_name":"MEYDAN.TV","article_published_time":"2023-12-07T09:49:11+00:00","article_modified_time":"2023-12-07T09:49:16+00:00","og_image":[{"width":1200,"height":800,"url":"https:\/\/www.meydan.tv\/wp-content\/uploads\/untitled-design-1-1.png","type":"image\/png"}],"author":"elli","twitter_card":"summary_large_image","twitter_creator":"@elli","schema":{"@context":"https:\/\/schema.org","@graph":[{"@type":"Article","@id":"https:\/\/www.meydan.tv\/az\/article\/pensiyalar-neye-catir\/#article","isPartOf":{"@id":"https:\/\/www.meydan.tv\/az\/article\/pensiyalar-neye-catir\/"},"author":{"name":"elli","@id":"https:\/\/www.meydan.tv\/az\/#\/schema\/person\/9cdbecf90d17180ce1dfbd95b08dcf47"},"headline":"Pensiyalar n\u0259y\u0259 \u00e7at\u0131r?","datePublished":"2023-12-07T09:49:11+00:00","dateModified":"2023-12-07T09:49:16+00:00","mainEntityOfPage":{"@id":"https:\/\/www.meydan.tv\/az\/article\/pensiyalar-neye-catir\/"},"wordCount":695,"publisher":{"@id":"https:\/\/www.meydan.tv\/az\/#organization"},"image":{"@id":"https:\/\/www.meydan.tv\/az\/article\/pensiyalar-neye-catir\/#primaryimage"},"thumbnailUrl":"https:\/\/www.meydan.tv\/wp-content\/uploads\/untitled-design-1-1.png","articleSection":["Sosial","T\u00f6vsiy\u0259","X\u0259b\u0259rl\u0259r"],"inLanguage":"az"},{"@type":"WebPage","@id":"https:\/\/www.meydan.tv\/az\/article\/pensiyalar-neye-catir\/","url":"https:\/\/www.meydan.tv\/az\/article\/pensiyalar-neye-catir\/","name":"Pensiyalar n\u0259y\u0259 \u00e7at\u0131r? - MEYDAN.TV","isPartOf":{"@id":"https:\/\/www.meydan.tv\/az\/#website"},"primaryImageOfPage":{"@id":"https:\/\/www.meydan.tv\/az\/article\/pensiyalar-neye-catir\/#primaryimage"},"image":{"@id":"https:\/\/www.meydan.tv\/az\/article\/pensiyalar-neye-catir\/#primaryimage"},"thumbnailUrl":"https:\/\/www.meydan.tv\/wp-content\/uploads\/untitled-design-1-1.png","datePublished":"2023-12-07T09:49:11+00:00","dateModified":"2023-12-07T09:49:16+00:00","breadcrumb":{"@id":"https:\/\/www.meydan.tv\/az\/article\/pensiyalar-neye-catir\/#breadcrumb"},"inLanguage":"az","potentialAction":[{"@type":"ReadAction","target":["https:\/\/www.meydan.tv\/az\/article\/pensiyalar-neye-catir\/"]}]},{"@type":"ImageObject","inLanguage":"az","@id":"https:\/\/www.meydan.tv\/az\/article\/pensiyalar-neye-catir\/#primaryimage","url":"https:\/\/www.meydan.tv\/wp-content\/uploads\/untitled-design-1-1.png","contentUrl":"https:\/\/www.meydan.tv\/wp-content\/uploads\/untitled-design-1-1.png","width":1200,"height":800,"caption":"Foto: By Matej Kastelic\/Shutterstock"},{"@type":"BreadcrumbList","@id":"https:\/\/www.meydan.tv\/az\/article\/pensiyalar-neye-catir\/#breadcrumb","itemListElement":[{"@type":"ListItem","position":1,"name":"Ana s\u0259hif\u0259","item":"https:\/\/www.meydan.tv\/az\/"},{"@type":"ListItem","position":2,"name":"Sosial","item":"https:\/\/www.meydan.tv\/az\/section\/sosial\/"},{"@type":"ListItem","position":3,"name":"Pensiyalar n\u0259y\u0259 \u00e7at\u0131r?"}]},{"@type":"WebSite","@id":"https:\/\/www.meydan.tv\/az\/#website","url":"https:\/\/www.meydan.tv\/az\/","name":"MEYDAN.TV","description":"Meydan TV Az\u0259rbaycan\u0131n media m\u0259kan\u0131ndak\u0131 alternativ s\u0259sidir","publisher":{"@id":"https:\/\/www.meydan.tv\/az\/#organization"},"potentialAction":[{"@type":"SearchAction","target":{"@type":"EntryPoint","urlTemplate":"https:\/\/www.meydan.tv\/az\/?s={search_term_string}"},"query-input":{"@type":"PropertyValueSpecification","valueRequired":true,"valueName":"search_term_string"}}],"inLanguage":"az"},{"@type":"Organization","@id":"https:\/\/www.meydan.tv\/az\/#organization","name":"Meydan TV","url":"https:\/\/www.meydan.tv\/az\/","logo":{"@type":"ImageObject","inLanguage":"az","@id":"https:\/\/www.meydan.tv\/az\/#\/schema\/logo\/image\/","url":"https:\/\/www.meydan.tv\/wp-content\/uploads\/2021\/07\/meydan-logo.svg","contentUrl":"https:\/\/www.meydan.tv\/wp-content\/uploads\/2021\/07\/meydan-logo.svg","width":195,"height":46,"caption":"Meydan TV"},"image":{"@id":"https:\/\/www.meydan.tv\/az\/#\/schema\/logo\/image\/"}},{"@type":"Person","@id":"https:\/\/www.meydan.tv\/az\/#\/schema\/person\/9cdbecf90d17180ce1dfbd95b08dcf47","name":"elli","sameAs":["https:\/\/x.com\/elli"]}]}},"_links":{"self":[{"href":"https:\/\/www.meydan.tv\/az\/wp-json\/wp\/v2\/posts\/292323","targetHints":{"allow":["GET"]}}],"collection":[{"href":"https:\/\/www.meydan.tv\/az\/wp-json\/wp\/v2\/posts"}],"about":[{"href":"https:\/\/www.meydan.tv\/az\/wp-json\/wp\/v2\/types\/post"}],"author":[{"embeddable":true,"href":"https:\/\/www.meydan.tv\/az\/wp-json\/wp\/v2\/users\/8"}],"replies":[{"embeddable":true,"href":"https:\/\/www.meydan.tv\/az\/wp-json\/wp\/v2\/comments?post=292323"}],"version-history":[{"count":3,"href":"https:\/\/www.meydan.tv\/az\/wp-json\/wp\/v2\/posts\/292323\/revisions"}],"predecessor-version":[{"id":292327,"href":"https:\/\/www.meydan.tv\/az\/wp-json\/wp\/v2\/posts\/292323\/revisions\/292327"}],"wp:featuredmedia":[{"embeddable":true,"href":"https:\/\/www.meydan.tv\/az\/wp-json\/wp\/v2\/media\/225868"}],"wp:attachment":[{"href":"https:\/\/www.meydan.tv\/az\/wp-json\/wp\/v2\/media?parent=292323"}],"wp:term":[{"taxonomy":"category","embeddable":true,"href":"https:\/\/www.meydan.tv\/az\/wp-json\/wp\/v2\/categories?post=292323"},{"taxonomy":"post_tag","embeddable":true,"href":"https:\/\/www.meydan.tv\/az\/wp-json\/wp\/v2\/tags?post=292323"}],"curies":[{"name":"wp","href":"https:\/\/api.w.org\/{rel}","templated":true}]}}